{"id":9605,"date":"2023-12-23T19:21:12","date_gmt":"2023-12-23T18:21:12","guid":{"rendered":"http:\/\/blog.inmontanis.info\/?p=9605"},"modified":"2023-12-24T19:46:51","modified_gmt":"2023-12-24T18:46:51","slug":"lofsdalen-22-23-12-2023-keycard-theater","status":"publish","type":"post","link":"http:\/\/blog.inmontanis.info\/?p=9605","title":{"rendered":"Lofsdalen, 22.+23.12.2023 \/ Keycard-Theater"},"content":{"rendered":"<p><strong>Fr, 22.12.2023<\/strong><\/p>\n<p>Leider an der falschen Tankstelle gehalten, aber es war vielleicht die letzte: Einer vor mir, der 4 Kanister mit Benzin gef\u00fcllt hat, was recht lang dauerte. An der zweiten Zapfs\u00e4ule (falsche Seite) stand ein Schneemobil und die anderen beiden Zapfs\u00e4ulen hatten nur Diesel. Trotz Zahlung an der Zapfs\u00e4ule bin ich danach noch in den Shop und hab mir ein Hotdog gekauft, dabei hab ich dann die Zapfs\u00e4ule etwas l\u00e4nger blockiert, weil vor mir Rubbellose verkauft und Gewinne abgegeben wurden oder so. Und der Kassierer wohl sich auch noch nicht so ganz ausgekannt hatte. <\/p>\n<p><a href='http:\/\/extra.inmontanis.info\/d\/102134-2\/DSC09566.jpg'><img src=http:\/\/extra.inmontanis.info\/d\/102133-3\/DSC09566.jpg \/><\/a><br \/>\n^ Stra\u00dfe nach Lofsdalen<\/p>\n<p>Um 13:10 Uhr kam ich am Parkplatz in Lofsdalen an, es war sonniger als erwartet.<\/p>\n<p>&#128681; Gespeicherte Geolocation &#8211; Karte anzeigen: <a href='https:\/\/www.google.com\/maps\/@?api=1&#038;map_action=map&#038;center=62.1135367,13.29491&#038;zoom=12&#038;basemap=terrain' target=_blank> GoogleMaps<\/a> &#128681; <a href='https:\/\/www.openstreetmap.org\/?&#038;mlat=62.1135367&#038;mlon=13.29491#map=10\/62.1135367\/13.29491&#038;layers=P' target=_blank> OSM &#128681;<\/a><\/p>\n<p>Im Gegensatz zu den letzten Tagen muss ich hier nun wieder Sessellift fahren, und zwar zwei Sektionen 6KSB. Die erste k\u00f6nnte man sich ja oftmals sparen, wenn der Skogslift in Betrieb w\u00e4re, was er aber nicht war.<\/p>\n<p>Beide 6KSB geh\u00f6ren zwar nicht zur generellen Nerv-Fraktion, die obere hat immerhin eine Haube, die untere aber nicht und ist sehr lang und flach. Aber nach so vielen Tagen SL find ich die Sessel trotzdem nervend und heute umsomehr, als dass die Sessel mal wieder nicht sauber, sondern vereist waren. Und es ist halt auch windiger, weil sie schneller und weiter oben fahren.<\/p>\n<p>Mein russisches Sitzpolster deckt zwar einen Teil des Sitzes dann ab, aber auch nicht alles. Um nicht einen nassen R\u00fccken zu bekommen, hab ich mich nicht angelehnt, was zudem recht anstrengend sein kann auf so einem Sessellift. <\/p>\n<p>Ich bin gleich mal zum SL Bergslift rechts r\u00fcber gefahren und leider etwas zu lang geblieben, denn nach meiner R\u00fcckkehr am Gipfel um 14:50 Uhr waren die unbeleuchteten Abfahrten leider schon gesperrt (obwohl der SL, ebenfalls ohne Beleuchtung, bis 15 Uhr fahren w\u00fcrde und auch obwohl die unbeleuchteten Abfahrten an der unteren Sektion auch nicht gesperrt waren).<\/p>\n<p><a href='http:\/\/ski.inmontanis.info\/d\/283374-3\/DSC02880.jpg'><img src=http:\/\/ski.inmontanis.info\/d\/283373-4\/DSC02880.jpg \/><\/a><br \/>\n^ Pistenplan (Foto von 2021)<\/p>\n<p><a href='http:\/\/ski.inmontanis.info\/d\/323966-2\/DSC09569.jpg'><img src=http:\/\/ski.inmontanis.info\/d\/323965-3\/DSC09569.jpg \/><\/a><br \/>\n^ Ankunft in Lofsdalen am Parkplatz, mit neuem, gro\u00dfem G\u00e4stecenter<\/p>\n<p><a href='http:\/\/ski.inmontanis.info\/d\/323970-2\/DSC09571.jpg'><img src=http:\/\/ski.inmontanis.info\/d\/323969-3\/DSC09571.jpg \/><\/a><br \/>\n^ G\u00e4stecenter, Rolltreppen zu den Toiletten (und Schlie\u00dff\u00e4chern)<\/p>\n<p><a href='http:\/\/ski.inmontanis.info\/d\/323974-2\/DSC09572.jpg'><img src=http:\/\/ski.inmontanis.info\/d\/323973-3\/DSC09572.jpg \/><\/a><br \/>\n^ KSSL Toppen 2 und SL Tv\u00e4ren wie leider \u00fcblich bei meinen Besuchen au\u00dfer Betrieb, aber leider auch der Skogsliften :(<\/p>\n<p><a href='http:\/\/ski.inmontanis.info\/d\/323978-2\/DSC09574.jpg'><img src=http:\/\/ski.inmontanis.info\/d\/323977-3\/DSC09574.jpg \/><\/a><br \/>\n^ Vereiste Sitze an der 6KSB Sektion 1<\/p>\n<p><a href='http:\/\/ski.inmontanis.info\/d\/323982-2\/DSC09575.jpg'><img src=http:\/\/ski.inmontanis.info\/d\/323981-3\/DSC09575.jpg \/><\/a><br \/>\n^ .. auch auch an der 2. Sektion schauen die Sitze trotz Bubble so aus.<\/p>\n<p><a href='http:\/\/ski.inmontanis.info\/d\/323986-2\/DSC09579.jpg'><img src=http:\/\/ski.inmontanis.info\/d\/323985-3\/DSC09579.jpg \/><\/a><br \/>\n^ Abfahrt am SL Bergslift oder eine Verbindungsabfahrt vom Gipfel dorthin, dazu Sonne anstatt Schneefall<\/p>\n<p>Nat\u00fcrlich bin ich heut nicht alles gefahren, aber sonderlich gro\u00dfe Lust hatte ich keine, morgen nochmals hier zu bleiben, wenn ich denn einen Plan h\u00e4tte. Oder heut Abend noch einen zusammenstellen k\u00f6nnte.<\/p>\n<p>Der Campingplatz im Ort ist mit 300,- SEK auf der g\u00fcnstigeren Seite, daher dort einquartiert. Wenn man aber dirket an die Rezeption geht und nicht vorbucht, bekommt man wohl automatisch den teureren Platz am See um 320,-. Naja,  egal. Unsch\u00f6n allerdings, dass der Stromanschluss am anderen Ende des nebenliegenden Platzes war und mein Kabel daher etwas kurz war, so dass ich nicht meine \u00fcbliche Sicherheitsschlinge um die Skibindungen legen konnte.  <\/p>\n<p>Und falls da noch einer kommen sollte heute, w\u00fcrde er \u00fcber mein Kabel fahren m\u00fcssen und mein Kabel dann unter dessen Fahrzeug verlaufen. Zwischen den beiden Pl\u00e4tzen gibts noch einen Fu\u00dfweg runter zum See, der vielleicht auch hin und wieder von Schneemobilen verwendet wird, die dann \u00fcber das Kabel fahren k\u00f6nnten &#8211; gar nicht gut.<\/p>\n<p>Abends also mal die \u00d6ffnungszeiten der gerne im S\u00fcden Norwegens zu besuchenden Skigebiete in eine Tabelle eingetragen und einige sind doch schon ab Anfang Februar \u00f6fters offen, d.h. ich k\u00f6nnte die Norwegentour doch auch in den ersten zwei Februarwochen machen. Da w\u00e4ren sicherlich mehr Lifte+Abfahrten offen als jetzt. Ob das Wetter dann besser ist, kann man sowieso nie wissen. Aktuell w\u00e4re n\u00e4chste Woche wieder recht trocken und evtl. sogar mal Sonne gemeldet. Also f\u00fcr Norwegen recht gut.<\/p>\n<p>Jetzt zu Weihnachten ist ja noch das zus\u00e4tzliche Problem, dass viele kleine Skigebiete am 24. und\/oder am 25.12. nicht offen haben, oder wenn sie offen haben, dann k\u00fcrzer, ebenso am 31.12. und 1.1. kann es k\u00fcrzere \u00d6ffnungszeiten geben. Und eben, vor dem 26. hab ich bei vielen Skigebieten gar keine Ahnung, was \u00fcberhaupt \u00f6ffnen wird.<\/p>\n<p>Falls ich dann Anfang\/Mitte Februar in S\u00fcdnorwegen w\u00e4re, hie\u00dfe das wohl auch, dass ich nur noch einmal nach Norden fahre, also wohl nicht nochmals im M\u00e4rz oder April hier runter in den Bereich \u00d6stersund fahren w\u00fcrde. Vielleicht fahr ich dann also im Januar oder jetzt zur Ferienwoche (in Schweden anscheinend 2 Wochen gem\u00e4\u00df Skigebiets\u00f6ffnungen) mal ein bisschen rauf, um das eine oder andere Saisonkartenskigebiet und ein paar andere auf dem Weg mitzunehmen. Nat\u00fcrlich nicht bis Finnland.<\/p>\n<p>Leider scheint noch eins meiner Lieblingsskigebiete in Schweden heuer auszufallen, nach Nalovardo (wg. neuer Keycard) und T\u00e4nn\u00e4skr\u00f6ket (wg. DSB-Stilllegung, wobei ich es wg. Saisonkarte trotzdem besuchen werde) wohl auch noch Eds\u00e5sdalen, zumindest geht deren Skipass-Webshop-Link wie Nalovardo auf dieses neue Outby-System.  Naja, zum Gl\u00fcck gibt&#8217;s genug Alternativen. Mehr Zeit f\u00fcr andere Skigebiete. Ich werd mir auch wegen 2 Tagen nicht diese neue Keycard kaufen. Da muss es dann schon noch viel mehr geben und der Leidensdruck wesentlich h\u00f6her sein.<\/p>\n<p>Jedenfalls, wenn ich also jetzt nicht weiter s\u00fcdlich fahre, muss ich morgen nochmals hier in Lofsdalen bleiben, sonst w\u00e4r ich ja sinnlos so weit runter gefahren f\u00fcr den heutigen kurzen Tag.<\/p>\n<p>Um 22:50 Uhr hab ich mit dem &#8220;Pl\u00e4nemachen&#8221; aufgeh\u00f6rt.<\/p>\n<p><strong>Sa, 23.12.2023<\/strong><\/p>\n<p>Ich fuhr also heut nochmals in Lofsdalen, wollte dann aber morgen T\u00e4nn\u00e4s fahren &#8211; 1 oder 2 Tage, je nachdem, wahrscheinlich ja eher nur einer ohne die DSB und weil Wetter wieder schlechter wird, aber der Campingplatz w\u00e4r ja dort direkt am Lift (wobei das dann an Arbeitstagen praktischer w\u00e4re, auch was die Gr\u00f6\u00dfe des Skigebiets anbelangt).<\/p>\n<p>Leider wurde es heute nicht so sonnig wie teils gemeldet und da ich bereits bessere Bilder von hier hab, hab ich kaum etwas fotografiert. Gestern war Schnee gemldet, heute Sonne, aber gestern hatte ich mehr Sekunden Sonne als heute ..<\/p>\n<p>Nervig war heut aber die Skipassthematik, meine Saisonkarte wurde geladen, funktionierte an der 1. Sektion 6KSB, aber nicht an der 2. Sektion 6KSB. Der Tellerlift an der unteren Sektion sagte &#8220;Karte ung\u00fcltig&#8221;. Also ins G\u00e4stecenter und gefragt, ob sie mir vielleicht nur einen Einzelfahrt gebucht hatte. Sie hat im System gecheckt, nein Tageskarte, sie k\u00e4me mit zum Lift bzw. zum Ausgang und schaut mir dann zu. <\/p>\n<p>An der 1. Sektion 6KSB funktionierte die Karte auch, aber an der 2. wieder nicht mehr. Alle Leser durchprobiert, M\u00e4del am Lift sagte, das System meldet, Karte ung\u00fcltig, irgendwas stimme mit der Karte nicht.<\/p>\n<p>Auf dem Weg ins G\u00e4stecenter fuhr ich noch den untersten Tellerlift im Kinderbereich, dort funktionierte die Karte. Im G\u00e4stecenter nun  wesentlich mehr los und etliche Minuten warten m\u00fcssen. Die Mitarbeiterin rief dann das o.g. Liftm\u00e4del an, wurde aber auch nicht schlauer, vereinbarte aber mit ihr, dass ich dann halt durch den Kindereingang soll. Sie lud mir den Skipass dann auf eine andere Keycard, d.h. der selbe Skipass auf einer anderen Keycard. <\/p>\n<p>Auf meine Frage, ob sie vielleicht einen Anf\u00e4ngerskipass aufgebucht hat, der nur an den 2 unteren Liften g\u00fcltig ist, meinte sie, dass alle Skip\u00e4sse hier an allen Liften gingen.<\/p>\n<p>Es kam, wie es kommen musste, an der 1. Sektion funktionierte die andere Keycard, an der 2. nicht, ich fuhr ein paar mal die 2. Sektion und kroch immer durch den Kindereingang hindurch und wechselte dann mal noch zu den SL auf der rechten Seite, d.h. Mellan- und Bergs-SL. An beiden funktionierte die Karte auch nicht. Bzw. lag es ja nicht an der Karte, sondern am Skipass, wie wir jetzt quasi gemerkt haben.<\/p>\n<p>Also nochmals ins G\u00e4stecenter, dort eine andere Mitarbeiterin erwischt (wg. Mittagspause, kam dann aber gleich) und nach einiger Diskussion bekam ich eine Lofsdalen-Keycard mit neuem Skipass \/ Gratisticket. Die ging dann logischerweise und ich gab die Keycard sp\u00e4ter bei Abreise wieder ab.<\/p>\n<p><a href='http:\/\/ski.inmontanis.info\/d\/323990-2\/DSC09591.jpg'><img src=http:\/\/ski.inmontanis.info\/d\/323989-3\/DSC09591.jpg \/><\/a><br \/>\n^ 6KSB Sektion 2<\/p>\n<p><a href='http:\/\/ski.inmontanis.info\/d\/323994-2\/DSC09593.jpg'><img src=http:\/\/ski.inmontanis.info\/d\/323993-3\/DSC09593.jpg \/><\/a><br \/>\n^ Gipfelpano<\/p>\n<p><a href='http:\/\/ski.inmontanis.info\/d\/323998-2\/DSC09596.jpg'><img src=http:\/\/ski.inmontanis.info\/d\/323997-3\/DSC09596.jpg \/><\/a><br \/>\n^ Immerhin wird am KSSL Toppen 2 gearbeitet, Spur ist auch pr\u00e4pariert, d.h. er k\u00f6nnte mal in Betrieb gehen, wenn die 6KSB bei Wind nicht f\u00e4hrt. War bei meinem letzten Besuch ja leider trotzdem nicht der Fall.<\/p>\n<p><a href='http:\/\/ski.inmontanis.info\/d\/324002-2\/DSC09597.jpg'><img src=http:\/\/ski.inmontanis.info\/d\/324001-3\/DSC09597.jpg \/><\/a><br \/>\n^ Die beiden linken Abfahrten an der 6KSB hatte ich bisher noch nicht offen erlebt, hier die erste, sch\u00f6n schmal<\/p>\n<p><a href='http:\/\/ski.inmontanis.info\/d\/324006-2\/DSC09598.jpg'><img src=http:\/\/ski.inmontanis.info\/d\/324005-3\/DSC09598.jpg \/><\/a><br \/>\n^ 6KSB Sektion 2 von der ganz linken Abfahrt<\/p>\n<p><a href='http:\/\/ski.inmontanis.info\/d\/324010-2\/DSC09600.jpg'><img src=http:\/\/ski.inmontanis.info\/d\/324009-3\/DSC09600.jpg \/><\/a><br \/>\n^ 6KSB Sektion 2,  ganz linke Abfahrt. Hier musste man aufpassen wegen Schneeverwehungen in der Piste<\/p>\n<p>Um 14:30 aufgeh\u00f6rt, war mir zu kalt heut mit dem dauernden Gegenwind, rechter Schuh wurde auf Stufe 3 auch nicht mehr warm und ich m\u00fcsste in die V\u00e4rmestuga und die untere 6KSB konnte ich nicht mehr fahren, das bl\u00f6de Mistding ging mir zu sehr auf den Keks und der Skogs-SL war ja leider auch heute nicht in Betrieb &#8211; mit dem k\u00f6nnte man bei den sch\u00f6nen Au\u00dfenrumabfahrten der oberen 6KSB ja wieder zu ihr retour, ohne die untere 6KSB fahren zu m\u00fcssen. <\/p>\n<p>Ich wei\u00df eh, es wird immer schlimmer, aber es ist halt so.  Je mehr SL ich in den letzten Jahren gefahren bin, desto mehr nerven mich 6er Sessel. Es war schon fast regelrechter Ekel, als m\u00fcsste ich Spinat essen, das mich davon abhielt, nachmittags nochmal mit dem Lift zu fahren ;) Und dabei hatte die untere 6KSB ja weder Zwangsverriegelung noch die weichen und eisigkalten Polstersitze.  Ich hoffe inst\u00e4ndig, dass wenigstens der Skogs-SL bei meinem n\u00e4chsten Besuch hier offen sein wird. Glaub aber nicht, dass ich alle 5 Tage von der Saisonkarte noch ausn\u00fctzen werde hier. Da bleib ich lieber in Bydalen.<\/p>\n<p><a href='http:\/\/ski.inmontanis.info\/d\/324014-2\/ge20231222-23.jpg'><img src=http:\/\/ski.inmontanis.info\/d\/324013-3\/ge20231222-23.jpg \/><\/a><br \/>\n^ GPS-Track, in Orange gut sichtbar der noch geschlossene Skogs-SL, der einen wieder hinauf zur 6KSB Sektion 2 bringt, ohne dass man die noch l\u00e4ngere 6KSB Sektion 1 fahren m\u00fcsste.<br \/>\nGelb: 16.1.2021, Orange: 23.1.2022 (beide Male war weniger Schnee als heuer: Blau &#038; T\u00fcrkis)<br \/>\nMagenta die momentan noch geschlossenen SL\/KSSL, die aber bei Bedarf wohl aufgehen k\u00f6nnen (die ich aber leider noch nie fahren konnte); ganz rechts die Lift- und Abfahrtsschneise ist wohl  leider schon lange stillgelegt.<\/p>\n<p>DIe \u00fcbliche Nachmittagsfrage&#8230;.  nochmals auf diesem Campingplatz \u00fcbernachten, auf dem Weg nach T\u00e4nn\u00e4s freistehen (k\u00f6nnte aber wieder eine kalte Nacht werden mit -15\u00b0 oder k\u00e4lter) oder in T\u00e4nnaskr\u00f6ket \u00fcbernachten (dort Campingplatz etwas teurer).<\/p>\n<p>Derweil schrieb ich noch eine EMail nach \u00c5sarna, weil ich da ja nicht gefragt hatte gestern, wie das \u00fcber Weihnachten liefe, denn man k\u00f6nnte online eine Nacht buchen, aber eigentlich haben sie laut Website die 3 Tage geschlossen. <\/p>\n<p>Hab auch nochmals T\u00e4nn\u00e4skr\u00f6ket gecheckt (seit heute nun beide SL offen), die schreiben zwar,  dass man am Campingplatz von 15-21h einchecken soll, aber Skigebiet, Restaurant usw. scheint ja auch eher nur bis ca. 16:00 offen zu sein; d.h. ich k\u00f6nnte ggf. nicht spontan heut Abend reinschneien, wenn ich unterwegs nichts finde. <\/p>\n<p>Oder ich bleib nochmals hier in Lofsdalen. Einkaufen wollte ich auch noch ein wenig. Laut Website kann man an diesem Campingplatz auch nicht f\u00fcr den aktuellen Tag online buchen, also muss ich eh wieder am Caf\u00e9 vorbei, das aber gegen\u00fcber vom Supermarkt ist.<\/p>\n<p>Im ICA-Supermarkt traf ich zuf\u00e4llig auch schon Bianka+Uwe von biauwe.de &#8211; einerseits kennt man sich vom Alpinforum von vor einigen Jahren, aber auch vom legend\u00e4ren Scootertransport-Skifahren im Bl\u00e5sj\u00f6n im Mai damals und wir waren auch zuletzt in Kontakt, auch sie haben sich heuer den Scandinavian-Skipass gekauft und ich wusste, dass sie heute in Lofsdalen ankommen w\u00fcrden.<\/p>\n<p>Wie ich deren Bericht vom n\u00e4chsten Tag entnehmen konnte, ging ihr Skipass auch an der 2. Sektion nicht. Warum dann meine aber am ersten Tag problemlos funktioniert hatte &#8230; Und das war jetzt erst mein 3. Skigbiet von dieser Saisonkarte. Was uns da wohl noch alles erwarten wird?<\/p>\n<p>Interessant war ja auch, dass der Name auf einen Zettel aufgeschrieben wird. Klar, die brauchen ja was zur Verrechnung. Aber wie die dann im Laufe der Saison checken wollen, ob jemand schon seine 5 Tage ausgen\u00fctzt hat? Ggf. zig Seiten durchbl\u00e4ttern und Namen vergleichen? Und wenn mehrere Personen den selben Namen haben? <\/p>\n<p>Die alternativen freien und lt. Rezeption halbwegs ger\u00e4umten Pl\u00e4tze am Campingplatz waren dann tats\u00e4chlich noch schlechter als mein gestriger, entweder unger\u00e4umte 10+cm Schnee, durch die man immer gehen m\u00fcsste, oder ein ger\u00e4umter Platz, dessen Stromanschluss am Servicegeb\u00e4ude ist, wo ein breiter Streifen (1-2m? Keine Ahnung) hoher Schnee liegt &#8211; je nachdem wie fest der ist, w\u00fcrde man also vielleicht bis zum Hintern im Schnee einsinken &#8211; dann also doch den selben Platz wie gestern genommen, wo mir die beiden oben genannten schon ein Verl\u00e4ngerungskabel angeboten hatten, damit ich mein Kabel nicht unter ihrem Fahrzeug verlegen muss ;) Denn die haben den Nachbarsplatz.<\/p>\n<p>&#8211;<\/p>\n<p>Die Antwort, die sp\u00e4ter von Asarna kam, war, dass sie den Schl\u00fcssel zwar in eine Schl\u00fcsselbox tun k\u00f6nnen, ich aber heute bis 19 Uhr buchen m\u00fcsste. Boah ist das schwer, d.h. ich m\u00fcsste mich heute festlegen, ob ich 1 oder 2 Tage in T\u00e4nn\u00e4s bleibe (3 w\u00e4ren doch eher unwahrscheinlich).  Und eben die Frage, wie es dann weiter geht, denn falls ich gleich nochmals etwas n\u00f6rdlicher fahren m\u00f6chte, sollte ich erst am 26. eins der kleinen Gebiete unterwegs besuchen, dann also doch 2 Tage T\u00e4nn\u00e4s. Und ich muss mir im Klaren werden, dass ich eben in Schweden bleibe und nicht stattdessen ein paar der kleinen Gebiete direkt hier hinter der Grenze zu Norwegen besuchen will. Wettervorhersage f\u00fcr SE aktuell besser als dort f\u00fcr NO, also nein. Und so ne wirkliche Alternative f\u00fcr den 25. l\u00e4ge ja auch nicht zeitlich passend auf dem Weg, falls ich wieder richtung Norden+Meer fahren m\u00f6chte f\u00fcr die n\u00e4chsten 1-2 Wochen.<\/p>\n<p>Bis ich mich dann entschieden hatte (18:55) , waren die Tage vom 24. auf 25.\/26.\/27. allerdings online nicht mehr buchbar. Aber wenn ich Nordost fahr, fahr ich ja eh wieder jeden Tag lang genug und hab dann eh auch wieder andere Campingpl\u00e4tze. \u00c5sarna Campingplatz w\u00e4re ja nur dann wichtig gewesen, wenn ich wieder 3-4 Tage nach Bydalen h\u00e4tte fahren wollen. Da soll es aber eh wieder st\u00fcrmisch werden und\/oder leicht schneien die n\u00e4chste Woche.<\/p>\n<p>Nach R\u00fcckfrage per EMail hat man mir nochmals kurz ein Buchungsfenster aufgemacht und ich hab halt doch noch die Buchung f\u00fcr 25. gemacht und bezahlt. Dann hoff ich mal, dass sie mir den Schl\u00fcssel in die Schl\u00fcsselbox gibt und ich die find und sich die \u00f6ffnen l\u00e4sst usw. ;) Ansonsten werd ich wohl trotzdem auf den Platz fahren k\u00f6nnen und den Strom ziehen k\u00f6nnen, aber das WC nicht ben\u00fctzen k\u00f6nnen, au\u00dfer es w\u00e4r gerade ein anderer da, der die T\u00fcr aufsperrt. <\/p>\n<p>Noch was, was ich noch nicht erw\u00e4hnt hab: eine lokale Zeitung hat mich um ein Interview gebeten, hat wohl der Skipassbetreiber zu verantworten, aber ich hab derweil mal abgelehnt &#8211; keine Zeit, keine Lust und ich seh keinen Vorteil f\u00fcr mich darin. Vielleicht dann im Sommer auf der Heimfahrt, da h\u00e4tte ich zumindest Zeit. <\/p>\n<p>Nach 2 Tagen PC bis 22\/23 Uhr wollte ich heut endlich mal wieder in den Couch-Modus und Film schauen .. und der Dresdner Mandelweihnachtsstollen, den ich in DE gekauft hatte, ist nun die n\u00e4chsten Tage auch mal daran, verspeist zu werden, somit wieder etwas mehr Platz im &#8220;Keller&#8221;.<\/p>\n<p><a href='http:\/\/ski.inmontanis.info\/d\/324018-2\/DSC09602.jpg'><img src=http:\/\/ski.inmontanis.info\/d\/324017-3\/DSC09602.jpg \/><\/a><br \/>\n^ Am n\u00e4chsten Morgen am Campingplatz (8:56)<\/p>\n<p><a href='http:\/\/ski.inmontanis.info\/d\/324022-2\/DSC09604.jpg'><img src=http:\/\/ski.inmontanis.info\/d\/324021-3\/DSC09604.jpg \/><\/a><br \/>\n^ Blick hinauf ins Skigebiet vom Campingplatz<\/p>\n<p>&#8212;<\/p>\n<p>&#8220;Brown University: Die Kriege der USA haben seit 2001 bis zu 4,7 Millionen Menschen get\u00f6tet&#8221;<br \/>\n&#8220;Der westlichen \u00d6ffentlichkeit werden die Kriege der USA immer als Kriege f\u00fcr Demokratie, Freiheit und so weiter verkauft, dabei ist das Gegenteil der Fall. Die Brown University schreibt:    \u201eDie Kriege gingen mit einer Aush\u00f6hlung der b\u00fcrgerlichen Freiheiten und der Menschenrechte im In- und Ausland einher.\u201c &#8221;<br \/>\n<a href='https:\/\/www.anti-spiegel.ru\/2023\/brown-university-die-kriege-der-usa-haben-seit-2001-bis-zu-47-millionen-menschen-getoetet\/'>https:\/\/www.anti-spiegel.ru\/2023\/brown-university-die-kriege-der-usa-haben-seit-2001-bis-zu-47-millionen-menschen-getoetet\/<\/a><\/p>\n","protected":false},"excerpt":{"rendered":"<p>Fr, 22.12.2023<\/p>\n<p>Leider an der falschen Tankstelle gehalten, aber es war vielleicht die letzte: Einer vor mir, der 4 Kanister mit Benzin gef\u00fcllt hat, was recht lang dauerte. An der zweiten Zapfs\u00e4ule (falsche Seite) stand ein Schneemobil und die anderen beiden Zapfs\u00e4ulen hatten nur Diesel. Trotz Zahlung an der Zapfs\u00e4ule bin ich danach noch in <a href=\"http:\/\/blog.inmontanis.info\/?p=9605\">[&#8230;]<\/a><\/p>\n","protected":false},"author":1,"featured_media":9608,"comment_status":"closed","ping_status":"closed","sticky":false,"template":"","format":"standard","meta":{"footnotes":""},"categories":[912,645,19,27],"tags":[56,45,47],"class_list":["post-9605","post","type-post","status-publish","format-standard","has-post-thumbnail","hentry","category-2023-09-2024-xx-skandinavien","category-lofsdalen","category-schwedensweden","category-skifahren-winterskiing-winter","tag-6sb","tag-see","tag-sl","odd"],"_links":{"self":[{"href":"http:\/\/blog.inmontanis.info\/index.php?rest_route=\/wp\/v2\/posts\/9605","targetHints":{"allow":["GET"]}}],"collection":[{"href":"http:\/\/blog.inmontanis.info\/index.php?rest_route=\/wp\/v2\/posts"}],"about":[{"href":"http:\/\/blog.inmontanis.info\/index.php?rest_route=\/wp\/v2\/types\/post"}],"author":[{"embeddable":true,"href":"http:\/\/blog.inmontanis.info\/index.php?rest_route=\/wp\/v2\/users\/1"}],"replies":[{"embeddable":true,"href":"http:\/\/blog.inmontanis.info\/index.php?rest_route=%2Fwp%2Fv2%2Fcomments&post=9605"}],"version-history":[{"count":3,"href":"http:\/\/blog.inmontanis.info\/index.php?rest_route=\/wp\/v2\/posts\/9605\/revisions"}],"predecessor-version":[{"id":9609,"href":"http:\/\/blog.inmontanis.info\/index.php?rest_route=\/wp\/v2\/posts\/9605\/revisions\/9609"}],"wp:featuredmedia":[{"embeddable":true,"href":"http:\/\/blog.inmontanis.info\/index.php?rest_route=\/wp\/v2\/media\/9608"}],"wp:attachment":[{"href":"http:\/\/blog.inmontanis.info\/index.php?rest_route=%2Fwp%2Fv2%2Fmedia&parent=9605"}],"wp:term":[{"taxonomy":"category","embeddable":true,"href":"http:\/\/blog.inmontanis.info\/index.php?rest_route=%2Fwp%2Fv2%2Fcategories&post=9605"},{"taxonomy":"post_tag","embeddable":true,"href":"http:\/\/blog.inmontanis.info\/index.php?rest_route=%2Fwp%2Fv2%2Ftags&post=9605"}],"curies":[{"name":"wp","href":"https:\/\/api.w.org\/{rel}","templated":true}]}}