{"id":9600,"date":"2023-12-21T18:22:21","date_gmt":"2023-12-21T17:22:21","guid":{"rendered":"http:\/\/blog.inmontanis.info\/?p=9600"},"modified":"2023-12-22T18:52:13","modified_gmt":"2023-12-22T17:52:13","slug":"bydalen-19-21-12-2023-endlich-sonne","status":"publish","type":"post","link":"http:\/\/blog.inmontanis.info\/?p=9600","title":{"rendered":"Bydalen, 19.-21.12.2023 \/ Endlich Sonne"},"content":{"rendered":"<p><strong>Di, 19.12.2023<\/strong><\/p>\n<p>Vielleicht h\u00e4tte ich mir wegen Wetter und Schnupfen gleich f\u00fcr 2 N\u00e4chte einen Campingplatz suchen und auf&#8217;s Skifahren verzichten sollen .. was war das heute wieder f\u00fcr ein Geniese und Geschneuze.<\/p>\n<p>Nunja, wenigstens soll es morgen brauchbares Wetter geben. F\u00fcr DO und FR verdichten sich aber die Vorhersagen, dass es starken Schneefall geben soll. Wenigstens soll es heute eher Schnee als Regen geben. Letzte Nacht dagegen gab es auch Regen.<\/p>\n<p>Ich hatte ja mal in einem Beitrag \u00fcber die Unklarheit von &#8220;bis&#8221; gesprochen, da mir nicht immer klar ist, ob der bis-Zeitraum inkludiert ist oder nicht und hatte dann gesagt, dass ich mir hier die schwedische Angabe &#8220;t.o.m.&#8221; (till och med), was ich als &#8220;bis und mit&#8221; \u00fcbersetzen w\u00fcrde, lobe.  Heuer dagegen les ich vermehrt nur noch &#8220;fram till&#8221;, wo anscheinend der bis-Tag dann nicht mehr inkludiert ist&#8230;?!<\/p>\n<p>Bydalen hat diese Saison schon um die 1,5m Schnee abbekommen und kann selten so fr\u00fch so viel \u00f6ffnen wie heuer, insb. auch den oberen Bereich, wobei ich nicht wei\u00df, wieviel da bisher offen w\u00e4re oder h\u00e4tte offen sein k\u00f6nnen. Die oberen Lifte sind wegen Wind heute (seit mindestens gestern) ja geschlossen. Und DO+FR k\u00f6nnte wieder wg. Wind geschlossen sein.<\/p>\n<p>&#128681; Gespeicherte Geolocation &#8211; Karte anzeigen: <a href='https:\/\/www.google.com\/maps\/@?api=1&#038;map_action=map&#038;center=63.10251663790171,13.8008451461792&#038;zoom=12&#038;basemap=terrain' target=_blank> GoogleMaps<\/a> &#128681; <a href='https:\/\/www.openstreetmap.org\/?&#038;mlat=63.10251663790171&#038;mlon=13.8008451461792#map=10\/63.10251663790171\/13.8008451461792&#038;layers=P' target=_blank> OSM &#128681;<\/a><\/p>\n<p>Die Lifte hier sind momentan haupts\u00e4chlich nur bis 15:00 in Betrieb mit Ausnahme des gegen\u00fcberliegenden Drom-SL bis 17h, daf\u00fcr m\u00fcsste man dann entsprechend dort hinten parken. Heute stand ich am vorderen Parkplatz, der bis Mittag nicht ger\u00e4umt war und einige Schneeverwehungen hatte. Aber ich bin eh zu Fu\u00df zum Lift rauf (und dann nachmittags auf Skiern wieder runter bis zum Auto).<\/p>\n<p>Durch die flachen Verbindungsbfahrten (im unteren Bereich, wenn der obere zu ist) und dem &#8220;vielen&#8221; Neuschnee auf den Pisten musste man \u00f6fter schieben. Von und zum morD- \u00e4h- Dromlift muss man eh immer etwas schieben und bergauf gehen. Dort aber schwierigerer Schnee duch die Verwehungen.<\/p>\n<p>1x hin und retour, ohne alle Abfahrten zu fahren, dauerte ca. 3h. Wenn man hier in Bydalen Ski f\u00e4hrt, fragt man sich unweigerlich, wieviel gr\u00f6\u00dfere Nur-Skilift-Skigebiete (ohne Sessel- und Gondelbahnen) es wohl noch geben mag?<\/p>\n<p><a href='http:\/\/ski.inmontanis.info\/d\/263535-3\/DSC05349.jpg'><img src=http:\/\/ski.inmontanis.info\/d\/263534-4\/DSC05349.jpg \/><\/a><br \/>\n^ Pistenplan (Foto von 2019)<\/p>\n<p><a href='http:\/\/ski.inmontanis.info\/d\/323850-2\/DSC09502.jpg'><img src=http:\/\/ski.inmontanis.info\/d\/323849-3\/DSC09502.jpg \/><\/a><br \/>\n^ Man beachte die Schneedecke am Hausdach<\/p>\n<p><a href='http:\/\/ski.inmontanis.info\/d\/323854-2\/DSC09504.jpg'><img src=http:\/\/ski.inmontanis.info\/d\/323853-3\/DSC09504.jpg \/><\/a><br \/>\n^ Doppel-SL Tr\u00e4dgr\u00e4ns<\/p>\n<p><a href='http:\/\/ski.inmontanis.info\/d\/323858-2\/DSC09506.jpg'><img src=http:\/\/ski.inmontanis.info\/d\/323857-3\/DSC09506.jpg \/><\/a><br \/>\n^ SL F\u00e4bo<\/p>\n<p><a href='http:\/\/ski.inmontanis.info\/d\/323862-2\/DSC09507.jpg'><img src=http:\/\/ski.inmontanis.info\/d\/323861-3\/DSC09507.jpg \/><\/a><br \/>\n^ Abfahrten mit Pulverschnee heute<\/p>\n<p><a href='http:\/\/ski.inmontanis.info\/d\/323866-2\/DSC09510.jpg'><img src=http:\/\/ski.inmontanis.info\/d\/323865-3\/DSC09510.jpg \/><\/a><br \/>\n^ SSL Transporten \u00fcber den gefrorenen Fluss<\/p>\n<p><a href='http:\/\/ski.inmontanis.info\/d\/323870-2\/DSC09512.jpg'><img src=http:\/\/ski.inmontanis.info\/d\/323869-3\/DSC09512.jpg \/><\/a><br \/>\n^ SL Drom und SSL Drom-Jonte<\/p>\n<p><a href='http:\/\/ski.inmontanis.info\/d\/323874-2\/DSC09514.jpg'><img src=http:\/\/ski.inmontanis.info\/d\/323873-3\/DSC09514.jpg \/><\/a><br \/>\n^ Blick von der Abfahrt am Dromlift r\u00fcber ins Hauptskigebiet (linker Teil) mit SL Hovde und SL F\u00e4bo<\/p>\n<p><a href='http:\/\/ski.inmontanis.info\/d\/323878-2\/DSC09516.jpg'><img src=http:\/\/ski.inmontanis.info\/d\/323877-3\/DSC09516.jpg \/><\/a><br \/>\n^ SL F\u00e4bo, vielleicht kam der gebraucht aus den Alpen?<\/p>\n<p>Wenn ich wetterbedingt morgen Abend wieder abfahr (m\u00fcsste eh was einkaufen), k\u00e4me ich auf dem Weg an einem g\u00fcnstigen Campingplatz vorbei, somit w\u00e4re also kein Strom sparen n\u00f6tig. Wie es aber dann mit DO und FR bei den Wettervorhersagen. Hatte ich mich zuletzt noch auf den vielen Neuschnee in Norwegen mit der anschlie\u00dfenden trockenen Vorhersage f\u00fcr die Silvesterwoche gefreut, geht nun die Vorhersage munter weiter mit den Schneef\u00e4llen.<\/p>\n<p><strong>Mi, 20.12.2023<\/strong><\/p>\n<p>Vmtl. h\u00e4tte ich doch bis morgen hier bleiben k\u00f6nnen, da der Schneefall jetzt erst ab morgen Nachmittag gemeldet wird &#8211; aber daf\u00fcr reicht mir ggf. die Batterie nun nicht mehr, zumindest wenn ich \u00fcber 25% bleiben sollte, falls sie dann wieder zusammenbricht. Und einkaufen muss ich ja auch was. Wobei ich auch 20km zum Supermarkt und dann retour fahren k\u00f6nnte. Andererseits soll es hier im Ort auch einen kleinen Supermarkt geben. Wobei &#8220;Ort&#8221; \u00fcbertrieben ist. Wird halt teurer sein und ich bekomm die Batterie nicht so gut geladen (oder m\u00fcsste im Stand laden, falls n\u00f6tig).<\/p>\n<p>Immerhin sollen heute glatt 3 von den 4 oberen Liften in Betrieb sein.<\/p>\n<p>Allerdings war zu Mittag doch nur 1 der oberen SL in Betrieb, die linken beiden nicht. Obwohl sie den Spuren nach heut schon mal gelaufen sind und das Personal noch an der Talstation war. Vielleicht wegen des Lawinenabgangs, falls der von heute war und eine Spur reinf\u00fchrt?<\/p>\n<p>Nach einer Mittagspause in der V\u00e4rmestuga waren die beiden Gipfellifte jedenfalls offen. Yeah. Und die n\u00e4chsten wieder im Steilhang offpiste unterwegs&#8230;<\/p>\n<p><a href='http:\/\/ski.inmontanis.info\/d\/323882-2\/DSC09518.jpg'><img src=http:\/\/ski.inmontanis.info\/d\/323881-3\/DSC09518.jpg \/><\/a><br \/>\n^ Doppel-SL Tr\u00e4dgr\u00e4ns; der SL H\u00f6gfj\u00e4ll dar\u00fcber blieb als einziger geschlossen<\/p>\n<p><a href='http:\/\/ski.inmontanis.info\/d\/323886-2\/DSC09521.jpg'><img src=http:\/\/ski.inmontanis.info\/d\/323885-3\/DSC09521.jpg \/><\/a><br \/>\n^ SL L\u00e5ngravin<\/p>\n<p><a href='http:\/\/ski.inmontanis.info\/d\/323890-2\/DSC09527.jpg'><img src=http:\/\/ski.inmontanis.info\/d\/323889-3\/DSC09527.jpg \/><\/a><br \/>\n^ SL L\u00e5ngravin und Flachlandpano<\/p>\n<p><a href='http:\/\/ski.inmontanis.info\/d\/323894-2\/DSC09530.jpg'><img src=http:\/\/ski.inmontanis.info\/d\/323893-3\/DSC09530.jpg \/><\/a><br \/>\n^ Abfahrt L\u00e5ngravin<\/p>\n<p><a href='http:\/\/ski.inmontanis.info\/d\/323898-2\/DSC09531.jpg'><img src=http:\/\/ski.inmontanis.info\/d\/323897-3\/DSC09531.jpg \/><\/a><br \/>\n^ L\u00e5ngravin-Hovde<\/p>\n<p><a href='http:\/\/ski.inmontanis.info\/d\/323902-2\/DSC09533.jpg'><img src=http:\/\/ski.inmontanis.info\/d\/323901-3\/DSC09533.jpg \/><\/a><br \/>\n^ Die Lawine k\u00f6nnte heute ausgel\u00f6st worden sein, kurz unterhalb gehen Spuren rein und evtl. der Grund f\u00fcr die momentane Schlie\u00dfung der beiden SL hier<\/p>\n<p><a href='http:\/\/ski.inmontanis.info\/d\/323906-2\/DSC09534.jpg'><img src=http:\/\/ski.inmontanis.info\/d\/323905-3\/DSC09534.jpg \/><\/a><br \/>\n^ SL Hovde, Niederhalter und Bergstation tragen die Handschrift Graffers<\/p>\n<p><a href='http:\/\/ski.inmontanis.info\/d\/323910-2\/DSC09536.jpg'><img src=http:\/\/ski.inmontanis.info\/d\/323909-3\/DSC09536.jpg \/><\/a><br \/>\n^ SL Topp mit den beiden \u00fcblich ge\u00f6ffneten Abfahrten<\/p>\n<p><a href='http:\/\/ski.inmontanis.info\/d\/323914-2\/DSC09538.jpg'><img src=http:\/\/ski.inmontanis.info\/d\/323913-3\/DSC09538.jpg \/><\/a><br \/>\n^ SL Parad und ein Polzeihubschrauber dreht seine Runden, evtl. wegen der Lawine &#8211; aber es waren ja schon l\u00e4ngst wieder andere offpiste unterwegs.<\/p>\n<p><a href='http:\/\/ski.inmontanis.info\/d\/323918-2\/DSC09541.jpg'><img src=http:\/\/ski.inmontanis.info\/d\/323917-3\/DSC09541.jpg \/><\/a><br \/>\n^ SL Topp<\/p>\n<p><a href='http:\/\/ski.inmontanis.info\/d\/323922-2\/DSC09543.jpg'><img src=http:\/\/ski.inmontanis.info\/d\/323921-3\/DSC09543.jpg \/><\/a><br \/>\n^ Pano linksseitig vom SL Topp<\/p>\n<p><a href='http:\/\/ski.inmontanis.info\/d\/323926-3\/DSC09544.jpg'><img src=http:\/\/ski.inmontanis.info\/d\/323925-4\/DSC09544.jpg \/><\/a><br \/>\n^ Linke Abfahrt am SL Topp<\/p>\n<p><a href='http:\/\/ski.inmontanis.info\/d\/323930-3\/DSC09545.jpg'><img src=http:\/\/ski.inmontanis.info\/d\/323929-4\/DSC09545.jpg \/><\/a><br \/>\n^ SL Topp gen Flachland mit Halbmond<\/p>\n<p><a href='http:\/\/ski.inmontanis.info\/d\/323934-3\/DSC09549.jpg'><img src=http:\/\/ski.inmontanis.info\/d\/323933-4\/DSC09549.jpg \/><\/a><br \/>\n^ Abfahrt am SL Parad<\/p>\n<p><a href='http:\/\/ski.inmontanis.info\/d\/323938-3\/DSC09552.jpg'><img src=http:\/\/ski.inmontanis.info\/d\/323937-4\/DSC09552.jpg \/><\/a><br \/>\n^ Gegen\u00fcber links ist der SL Drom, rechts der vmtl. geschlossene SL Falkf\u00e5ngar, schade dass der nicht mit einem weiteren Lift dazwischen ans Skigebiet angebunden wurde<\/p>\n<p><a href='http:\/\/ski.inmontanis.info\/d\/323942-3\/DSC09553.jpg'><img src=http:\/\/ski.inmontanis.info\/d\/323941-4\/DSC09553.jpg \/><\/a><br \/>\n^ Pano linksseitig vom SL Topp<\/p>\n<p><a href='http:\/\/ski.inmontanis.info\/d\/323946-3\/DSC09554.jpg'><img src=http:\/\/ski.inmontanis.info\/d\/323945-4\/DSC09554.jpg \/><\/a><br \/>\n^ SL Topp<\/p>\n<p><a href='http:\/\/ski.inmontanis.info\/d\/323950-3\/DSC09555.jpg'><img src=http:\/\/ski.inmontanis.info\/d\/323949-4\/DSC09555.jpg \/><\/a><br \/>\n^ SL Parad<\/p>\n<p><a href='http:\/\/ski.inmontanis.info\/d\/323954-3\/DSC09558.jpg'><img src=http:\/\/ski.inmontanis.info\/d\/323953-4\/DSC09558.jpg \/><\/a><br \/>\n^ Gipfelplateau<\/p>\n<p><a href='http:\/\/ski.inmontanis.info\/d\/323958-3\/DSC09560.jpg'><img src=http:\/\/ski.inmontanis.info\/d\/323957-3\/DSC09560.jpg \/><\/a><br \/>\n^ Blick von der Bergstation SL L\u00e5ngravin r\u00fcber zu den SL Topp und Parad am Gipfel rechts hinterm Windrad<\/p>\n<p>Nachmittags die Wetterberichte verglichen und mich doch f\u00fcr noch einen Tag hier entschieden. wird ja viellleicht reichen, die Batterie. Also dann mal zum lokalen Mini-Supermarkt gefahren, da was f\u00fcr die Mikrowelle kaufen. Nahm eine Panpizza und einen Gorbys Pirog, beide mit 19,- zwar auch teurer als anderswo, aber ja eh recht g\u00fcnstig und g\u00fcnstiger als eine ganze Pizza oder eine Quiche. Und in der nahen V\u00e4rmestuga gegessen (und etwas drin aufgehalten), die lt. Aushang mit automatischem Schloss von 8-18h offen sein soll. Da h\u00e4tte man also morgen fr\u00fch gleich ein WC, wenn man hier am Parkplatz stehen bleiben k\u00f6nnte und nicht weggescheucht werden sollte. <\/p>\n<p>Direkt daneben der Wohnmobilstellplatz, der aber nur Saisong\u00e4ste hat. Leider, wenn hier ein Stellplatz mit Ski-In-Out w\u00e4re um bezahlbares Geld, w\u00fcrd ich hier gerne eine Woche bleiben.<\/p>\n<p>Aber schon schlimm, was man alles gratis bekommt hier, also was die V\u00e4rmestuga in Schweden mit Mikrowelle usw. angeht :) Und mehr wie 1,5-2 Tageskarteneinnahmen k\u00f6nnen sie von meiner Saisonkarte ja eigentlich kaum bekommen? Bei ca. 500 \u20ac und 8 vollen und 8 beschr\u00e4nkten Skigebieten,  was soll da pro Skigebiet schon viel \u00fcbrigbleiben?  Vielleicht sollte ich dann doch wenigstens hin und wieder mal wenigstens ein Restaurant besuchen.  Aber wenn man bis 11 Uhr arbeitet und die Hauptlifte derzeit nur bis 15 Uhr offen sind, bleibt auch nicht viel Zeit f\u00fcr den (g\u00fcnstigen) Dagens-Lunch bis 14 Uhr f\u00fcr 125-155,- SEK, wenn ich das heut richtig im Netz gelesen hab, je nachdem welches der Restaurants&#8230;   <\/p>\n<p>Beide PCs blieben dann vorsichtshalber ausgeschaltet, Skischuhheizungsakkus auch nicht aufgeladen, da sie noch nicht ganz leer waren (vmtl. aber schon relativ), aber die beiden Ersatzakkus m\u00fcssten noch halbwegs gehen und mehr wie 2-3h w\u00fcrd ich morgen  ja auch wieder nicht fahren.<\/p>\n<p>Schon geladen wurden die beiden Handys und der iPod und etwas Strom f\u00fcr die Heizmatte unterhalb der Batterie, da ich die ja ggf. morgen Vormittag nachladen muss, wenn sie leer werden sollte, und dann darf sie nicht zu kalt sein. Mit ca. 40Ah bis zum Status vom letzten Ausfall sollte ich ja eigentlich noch genug Saft haben. <\/p>\n<p>Wollte mir mal die LycaMobile-App runterladen, ob ich da die schwedische Kontaktadresse \u00e4ndern k\u00f6nnte, denn auf der Website geht das nicht. Im Google Play Store ist die App &#8211; obwohl \u00fcber schwedische IP online &#8211; nicht f\u00fcr &#8220;Mein Land&#8221; verf\u00fcgbar, also eben von einer anderen APK-Plattform runtergeladen, da kommt dann interessanterweise nach dem Starten auf Deutsch die Meldung (obwohl ich vorher auf &#8220;Superuserrechte?&#8221; &#8220;verweigern&#8221; gegangen bin!), &#8220;funktioniert nicht auf gerootetem Android-Ger\u00e4t, bitte verwenden sie ein echtes Android-Ger\u00e4t.&#8221; &#8211; \u00e4h ja, das IST ein echtes Android-Ger\u00e4t ihr Volltrottel, vielleicht sogar echter=purer.  <\/p>\n<p>Da am n\u00e4chsten Tag das Handy wg. zu wenig und zu kalter Batterie nachmittags ausgeschaltet hatte, hab ich mal im ungerootetem Android gebootet, aber weiter als zum Login-Schirm kam ich auch nicht. Warum erkennt er meine Nummer nicht automatisch? Mal &#8220;login as guest user&#8221; angeklickt, danach kommt eine Info, dass man die neueste App runterladen soll mit Link zum Playstore. Hallo, Zirkelbezug!! App wieder gel\u00f6scht, das \u00fcbliche Gelumpe halt.<\/p>\n<p><strong>Do, 21.12.2023<\/strong><\/p>\n<p>Nachts kam wieder der laute und schaukelige Sturm&#8230;<\/p>\n<p>Aufgrund der mir doch recht gering vorkommenden Zellspannungen ignorierte ich die hohe Angabe von &#8220;32%&#8221; und blieb morgens nochmals etwas sparsamer, d.h. Standheizung k\u00fcrzer einschalten, stattdessen heizbare Socken anziehen, Handy nicht voll laden, aber den Werten um 9 Uhr nach sollte ich vielleicht gar keine Standheizung mehr einschalten &#8230; also nahm ich mir eben ab 9:30 Uhr frei.<\/p>\n<p>Ich fuhr doch zum vorderen Parkplatz vor (bissl Heizung), um 10 Uhr war das mit dem sch\u00f6neren Wetter wieder vorbei. Der Wind kam heut vom Tal rauf, was bei den leichten Abfahrten am Doppel-SL Schussfahrt bedeutete. <\/p>\n<p>Wie nicht anders zu erwarten..<br \/>\n.. waren die oberen Lifte wg. Sturm geschlossen<br \/>\n.. hielten meine Heizakkus nicht mehr lange und ich muste die Ersatzakkus verwenden.<br \/>\n.. und auch davon hielt einer nicht lang, so dass ich um  13 Uhr aufh\u00f6rte.<\/p>\n<p>Leider war auch der Ersatz-Kameraakku gleich leer, so dass ich heute keine weiteren Bilder machen konnte. War jedenfalls nicht so schlecht, der Skitag heute, erst ab Mittag etwas geschneit. In Summe steht und f\u00e4llt Bydalen zwar mit den oberen Liften, aber auch ohne hat man f\u00fcr einen halben Tag genug M\u00f6glichkeiten, wenn auch etwas skiweg- und schiebelastig, aber daf\u00fcr ist das Skigebiet eben gr\u00f6\u00dfer. <\/p>\n<p>Ich fuhr heut auch noch die beiden anderen SL, die noch liefen und die ich die Tage noch nicht gefahren bin, der SSL neben dem Dromlift und den Tellerlift rechts vom Doppel-SL im oberen Flachst\u00fcck mit den blauen, verrorsten Portalst\u00fczen. Allerdings war der Gegenwind beim Abfahren hier am schlimmsten.<\/p>\n<p><a href='http:\/\/ski.inmontanis.info\/d\/323962-3\/ge20231219-21.jpg'><img src=http:\/\/ski.inmontanis.info\/d\/323961-4\/ge20231219-21.jpg \/><\/a><br \/>\n^ GPS-Track vorherige Besuche in Gelb und die 3 aktuellen Tage in Rosa-T\u00fcrkis-Blau. Laut Pistenplan fehlen mir noch einige Abfahrten.<\/p>\n<p>Im Dunkeln nach dem Einkaufen um 15:45 am \u00c5sarna Skisenter angekommen, stand ich vor einer Baustelle, wo fr\u00fcher das gro\u00dfe Restaurant war und ein g\u00fcnstiger Stellplatz daneben. Dass sie irgendwas neubauen wollen, las ich ja auf der Webseite, aber man konnte trotzdem Stellpl\u00e4tze online um 220,- SEK buchen, also nochmals die Website ge\u00f6ffnet und dort gelesen, dass die Rezeption nun weiter n\u00f6rdlich sei &#8211; nach der Tankstelle, wo fr\u00fcher das Big Moose Hotel war, in dem ich auch schon mal gen\u00e4chtigt hatte (Wenn ich mich recht erinnere, zu faul zum nachsehen, sehr leer, vielleicht dadurch etwas spooky, Essen hatte mir geschmeckt, Zimmer roch stark nach Abfluss, aber die Zimmer waren in unterschiedlichen Stilen m\u00f6bliert und es gab einen Infotext dazu, was ich recht interessant fand..)<\/p>\n<p>An der Rezeption erfahren, dass das alte Geb\u00e4ude vom Skisenter abgbrannt ist und das Hotel passenderweise zuvor in Konkurs ging, daher sind die jetzt hier. Campingplatz existiert aber nach wie vor.<\/p>\n<p>Die Stellpl\u00e4tze schienen mir aber nun etwas schwieriger anzufahren und kamen mir auch etwas anders als gewohnt vor.<\/p>\n<p>&#128681; Gespeicherte Geolocation &#8211; Karte anzeigen: <a href='https:\/\/www.google.com\/maps\/@?api=1&#038;map_action=map&#038;center=62.639105715432414,14.371415376663208&#038;zoom=12&#038;basemap=terrain' target=_blank> GoogleMaps<\/a> &#128681; <a href='https:\/\/www.openstreetmap.org\/?&#038;mlat=62.639105715432414&#038;mlon=14.371415376663208#map=10\/62.639105715432414\/14.371415376663208&#038;layers=P' target=_blank> OSM &#128681;<\/a><\/p>\n<p>Das Buffet-Essen zur Mittagszeit kostet 125,- und nachmittags 145,-, was ja beides recht g\u00fcnstig w\u00e4re, aber wenn man schon mal Strom hat, entschied ich mich f\u00fcr Kochen (zuvor in Svenstavik eingekauft), wird wohl 3x Abendessen werden. <\/p>\n<p><a href='http:\/\/extra.inmontanis.info\/d\/102126-3\/DSC09563.jpg'><img src=http:\/\/extra.inmontanis.info\/d\/102125-4\/DSC09563.jpg \/><\/a><\/p>\n<p>Da ich ja von einem baldigen Batterieausschalten ausging, wollte ich meine PCs nicht komplett hochfahren, also suchte ich anderweitig ca. 10A Abnehmmer zusammen und wartete noch ein wenig. Hatte vielleicht ein bisschen l\u00e4nger gedauert, als erwartet, aber viel PC+Standheizung h\u00e4tte ich heut fr\u00fch nicht mehr verwenden k\u00f6nnen. Dem neuen Batteriemonitor nach h\u00e4tte ich nur 113 Ah entnommen, dem eingebauten nach 118. Von Liontron h\u00e4tte ich auch mittlerweile eine Antwort bekommen, dass sie die Batterie reparieren w\u00fcrden, vmtl. in Garantie &#8211; aber ich kann ja jetzt nicht drauf verzichten .. allerdings scheint deren Firmenstandort n\u00e4he der niederl\u00e4ndischen Grenze zu liegen, d.h. ich k\u00f6nnte n\u00e4chsten Fr\u00fchsommer auf dem Weg ins UK dort vorbei fahren ..<\/p>\n<p><a href='http:\/\/extra.inmontanis.info\/d\/102130-3\/DSC09564.jpg'><img src=http:\/\/extra.inmontanis.info\/d\/102129-4\/DSC09564.jpg \/><\/a><br \/>\n^ Essen, fast etwas viel heute. Was fehlt da noch? Rosmarin, genau, hab ich danach noch rein! (Morgen dann vielleicht Ketchup o.\u00e4.)<\/p>\n<p>Bleibt ja &#8220;nur noch&#8221; die Frage, ob ich morgen einen Tag ohne Ski einlege und hier am Campingplatz bleib oder nicht. T\u00e4nn\u00e4skr\u00f6ket und Lofsdalen w\u00e4ren jeweils um die 2h entfernt, was bei einer Abfahrt um 11:30 dann schon fast ein Ankommen kurz vor der Dunkelheit ist &#8211; und schneien soll&#8217;s ja auch. N\u00e4her w\u00e4re nat\u00fcrlich Vemdalen, insb. Kl\u00f6vsj\u00f6, was ja der Grund bei der Skistar-Saisonkarte von vor 2 Jahren war, dass ich ab und zu hier in Asarna \u00fcbernachtete. Aber Tageskarten sind mir da jetzt viel zu teuer. Auch wenn heuer sogar schon alle Abfahrten in allen 3 Gebieten offen sind, bis auf eine. Vor 2 Jahren waren in Bj\u00f6rnrike ja die ganze Saison lang einige H\u00e4nge nicht ge\u00f6ffnet.<\/p>\n<p>Das kleine Extra-Skigebiet oben am Vemdalsskalet, Vargen, k\u00f6nnte heuer wieder in Betrieb sein, zumindest hei\u00dft es &#8220;bald ge\u00f6ffnet&#8221; &#8211; dann w\u00fcrde ich im Laufe der Saison nat\u00fcrlich dort mal halten. Auf der Restaurantspeisekarte stehen &#8220;Leberk\u00e4se Semmel&#8221; und &#8220;Wolfgangswurst mit Sauerkraut&#8221; (auf Deutsch) ;) Was auch immer das f\u00fcr eine Wurst sein mag &#8230;<\/p>\n<p>Jedenfalls sind die Wettervorhersagen f\u00fcr morgen nun nicht mehr so schneereich und auch der viele Schnee n\u00e4chste Woche in S\u00fcd-Norwegen wurde abgesagt. Die Frage w\u00e4re dann auch, was will ich wo auf dem Weg alles mitnehmen, falls ich nun nach NO fahren sollte? Bis Norefjell sinds schon 450km und die anderen Gebiete, die ich besuchen m\u00f6chte, liegen ja nochmal bis zu ca. 450km weiter im S\u00fcdwesten &#8211; und ob da halbwegs alles offen sein wird, ist ja noch mehr als fraglich .. teilweise fielen aber die gemeldeten 50-70cm Schnee in den letzten Tagen, also von dem her s\u00e4he es ja mal recht gut aus &#8211; au\u00dfer gewisse Lifte w\u00e4ren z.B. generell erst ab Februar offen.<\/p>\n<p>Aber die Winterferien sind teils erst Ende Februar, so lang will ich nicht hier in der Gegend  warten. Konnte nicht einschlafen, weil ich das nochmals durchgespielt hab im Kopf, hier bis Mitte Feb. bleiben und dann S\u00fcdnorwegen Mitte\/Ende Feb und erst dann in den Norden, wird vielleicht zu sp\u00e4t f\u00fcr die oberen Gebiete (bzw. zu wenig Zeit dann f\u00fcr alles); oder wie mal angedacht bis Anfang Februar hier, dann in den Norden, um M\u00e4rz runter und erst Ende M\u00e4rz zu den Osterferien nach S\u00fcdnorwegen, aber bis ich dann Mitte\/Ende April wieder in den Norden k\u00e4me, auch fast wieder etwas sp\u00e4t.<\/p>\n<p>&#8212;<\/p>\n<p>&#8220;Laut Umfrage f\u00fchlt sich nur noch eine historisch kleine Minderheit frei, ihre Meinung zu \u00e4u\u00dfern \u2013 darunter selbstverst\u00e4ndlich viele Gr\u00fcne.&#8221;<br \/>\n<a href='https:\/\/www.nachdenkseiten.de\/?p=108614'>https:\/\/www.nachdenkseiten.de\/?p=108614<\/a><br \/>\n.. dazu auch passend:<br \/>\n&#8220;\u201eMedienfreiheitsgesetz\u201c \u2013 Ursula von der Leyen sichert sich Oberaufsicht \u00fcber alle Medien in der EU&#8221;<br \/>\n<a href='https:\/\/www.nachdenkseiten.de\/?p=108537'>https:\/\/www.nachdenkseiten.de\/?p=108537<\/a><\/p>\n","protected":false},"excerpt":{"rendered":"<p>Di, 19.12.2023<\/p>\n<p>Vielleicht h\u00e4tte ich mir wegen Wetter und Schnupfen gleich f\u00fcr 2 N\u00e4chte einen Campingplatz suchen und auf&#8217;s Skifahren verzichten sollen .. was war das heute wieder f\u00fcr ein Geniese und Geschneuze.<\/p>\n<p>Nunja, wenigstens soll es morgen brauchbares Wetter geben. F\u00fcr DO und FR verdichten sich aber die Vorhersagen, dass es starken Schneefall geben <a href=\"http:\/\/blog.inmontanis.info\/?p=9600\">[&#8230;]<\/a><\/p>\n","protected":false},"author":1,"featured_media":9603,"comment_status":"closed","ping_status":"closed","sticky":false,"template":"","format":"standard","meta":{"footnotes":""},"categories":[912,683,19,27],"tags":[47],"class_list":["post-9600","post","type-post","status-publish","format-standard","has-post-thumbnail","hentry","category-2023-09-2024-xx-skandinavien","category-bydalen","category-schwedensweden","category-skifahren-winterskiing-winter","tag-sl","odd"],"_links":{"self":[{"href":"http:\/\/blog.inmontanis.info\/index.php?rest_route=\/wp\/v2\/posts\/9600","targetHints":{"allow":["GET"]}}],"collection":[{"href":"http:\/\/blog.inmontanis.info\/index.php?rest_route=\/wp\/v2\/posts"}],"about":[{"href":"http:\/\/blog.inmontanis.info\/index.php?rest_route=\/wp\/v2\/types\/post"}],"author":[{"embeddable":true,"href":"http:\/\/blog.inmontanis.info\/index.php?rest_route=\/wp\/v2\/users\/1"}],"replies":[{"embeddable":true,"href":"http:\/\/blog.inmontanis.info\/index.php?rest_route=%2Fwp%2Fv2%2Fcomments&post=9600"}],"version-history":[{"count":3,"href":"http:\/\/blog.inmontanis.info\/index.php?rest_route=\/wp\/v2\/posts\/9600\/revisions"}],"predecessor-version":[{"id":9604,"href":"http:\/\/blog.inmontanis.info\/index.php?rest_route=\/wp\/v2\/posts\/9600\/revisions\/9604"}],"wp:featuredmedia":[{"embeddable":true,"href":"http:\/\/blog.inmontanis.info\/index.php?rest_route=\/wp\/v2\/media\/9603"}],"wp:attachment":[{"href":"http:\/\/blog.inmontanis.info\/index.php?rest_route=%2Fwp%2Fv2%2Fmedia&parent=9600"}],"wp:term":[{"taxonomy":"category","embeddable":true,"href":"http:\/\/blog.inmontanis.info\/index.php?rest_route=%2Fwp%2Fv2%2Fcategories&post=9600"},{"taxonomy":"post_tag","embeddable":true,"href":"http:\/\/blog.inmontanis.info\/index.php?rest_route=%2Fwp%2Fv2%2Ftags&post=9600"}],"curies":[{"name":"wp","href":"https:\/\/api.w.org\/{rel}","templated":true}]}}