{"id":9595,"date":"2023-12-18T18:21:32","date_gmt":"2023-12-18T17:21:32","guid":{"rendered":"http:\/\/blog.inmontanis.info\/?p=9595"},"modified":"2023-12-19T18:31:26","modified_gmt":"2023-12-19T17:31:26","slug":"trillevallen-17-18-12-2023","status":"publish","type":"post","link":"http:\/\/blog.inmontanis.info\/?p=9595","title":{"rendered":"Trillevallen, 17.+18.12.2023"},"content":{"rendered":"<p><strong>So, 17.12.2023<\/strong><\/p>\n<p>Heute um 17,94 getankt, wow. Nur ca. 1,60 \u20ac. Aber in \u00d6sterreich liegen die Preise momentan auch bei teilweise um die 1,40-1,50 \u20ac.  Sp\u00e4ter sogar noch etwas g\u00fcnstiger gesehen, aber meist ein bisschen teurer. Diesel \u00fcbrigens \u00fcber 30 Eurocent teurer.<\/p>\n<p><a href='http:\/\/extra.inmontanis.info\/d\/102114-3\/DSC09445.jpg'><img src=http:\/\/extra.inmontanis.info\/d\/102113-4\/DSC09445.jpg \/><\/a><br \/>\n^ Unterwegs<\/p>\n<p><a href='http:\/\/extra.inmontanis.info\/d\/102118-3\/DSC09449.jpg'><img src=http:\/\/extra.inmontanis.info\/d\/102117-4\/DSC09449.jpg \/><\/a><br \/>\n^ Unterwegs<\/p>\n<p>Da ich ja gestern weiter als gew\u00fcnscht gefahren bin, war ich heut schon um 12 Uhr am Parkplatz in Trillevallen. Im Gegensatz zum letzten Besuch ist nicht die 4SB in Betrieb, sondern zwei von den drei langen SL In beiden F\u00e4llen auch der halblange SL links.<\/p>\n<p>Schnee war aber leider sehr schlecht im Vergleich zu den letzten Wochen mit Ausnahme von 1-2 Abfahrten  im Wald, sonst  knollig und von der Rekordschneemenge zu der Jahreszeit teilweise nur wenig zu sehen, weil windverblasen und der Regen gestern wird auch nicht geholfen haben. <\/p>\n<p>Hab also die Scandinavian-Saisonkarte abgeholt (und denjenigen, der dahinter steckt, getroffen). Ist ja schon mit Abstand die komplizierteste Saisonkarte, die ich je hatte, da man selbst in den Skigebieten, die man unbegrenzt fahren kann, nur eine gewisse Anzahl an Tagen aufbuchen kann, max. w\u00e4re hier in Trillevallen 8 Tage, ich entschied mich mal f\u00fcr 3. <\/p>\n<p>Ich erfuhr etwas zur Verrechnungsmethode des Skipasses, die Skigebiete, die man unbegrenzt fahren kann, bekommen gleich zu Beginn einen gewissen Prozentsatz von den verkauften Karten, d.h. es ist komplett egal, wer wie oft wo f\u00e4hrt. Hat vielleicht maximal Auswirkung auf die n\u00e4chste Saision, falls der Verteilungsschl\u00fcssel hin und wieder angepasst werden sollte. <\/p>\n<p>Ganz anders ist es mit den 5-Tage-Skigebieten, die fordern dann wohl einen vorher bestimmten Betrag pro Tag ein. Nochmal betont: Betrag, nicht Prozentsatz. D.h. je weniger von diesen 5 Tagen aufgebraucht werden, umso mehr bleibt dem Saisonkartenbetreiber. Je mehr ich davon ausn\u00fctze, desto mehr kann es sein,  dass der Saisonkartenbetreiber von meiner Karte aus einen Verlust hat, der mit anderen Skifahrern kompensiert werden muss, die dann weniger in den 5-Tages-Gebieten fahren, insb. in den, die recht teuer sind. Es gibt auch eines, das gar nichts verlangt,  erhofft sich also rein durch die zus\u00e4tzlichen Besucher einen zus\u00e4tzlichen Umsatz z.B. mit Restaurant oder Campingplatz.<\/p>\n<p>Zur\u00fcck zum Skifahren in Trillevallen, Schnee war schlecht, wie gesagt, aber das Hauptproblem war eigentlich, dass man nicht wirklich erkennen konnte, welche Abfahrten nun offen sind und welche nicht. 2-3 Pistenraupen breite Spuren, Stecken am Rand oder nicht, beides traf auf offene und geschlossene Abfahrten zu, nur dass die geschlossenen dann ggf. irgendwann nur noch grundpr\u00e4priert waren (nervig zu fahren) oder die Spur noch schm\u00e4ler wurde oder Windverwehungen hatte und daneben eben leicht bruchharschiger Tiefschnee ist.<\/p>\n<p>Sonnenauf-\/-untergang derzeit ca. 9:45-14:20, \u00e4ndert sich bis 21. auch nicht mehr gro\u00dfartig, und weil die D\u00e4mmerung wieder deutlich schneller reinkommt als weiter oben im Norden, haben die Lifte links+rechs, weil keine Beleuichtung, nur bis 15 Uhr offen. Erf\u00e4hrt man aber auch nicht zuvor, weil nirgends angeschrieben. Nur der mittlere SL hat eineinhalb beleuchtete Abfahrten bis 16 Uhr. <\/p>\n<p>&#128681; Gespeicherte Geolocation &#8211; Karte anzeigen: <a href='https:\/\/www.google.com\/maps\/@?api=1&#038;map_action=map&#038;center=63.2658667,13.1614417&#038;zoom=12&#038;basemap=terrain' target=_blank> GoogleMaps<\/a> &#128681; <a href='https:\/\/www.openstreetmap.org\/?&#038;mlat=63.2658667&#038;mlon=13.1614417#map=10\/63.2658667\/13.1614417&#038;layers=P' target=_blank> OSM &#128681;<\/a><\/p>\n<p><a href='http:\/\/ski.inmontanis.info\/d\/284270-3\/DSC03357.jpg'><img src=http:\/\/ski.inmontanis.info\/d\/284269-4\/DSC03357.jpg \/><\/a><br \/>\n^ Pistenplan, den ich 2021 fotografiert hatte<\/p>\n<p><a href='http:\/\/ski.inmontanis.info\/d\/323810-2\/DSC09458.jpg'><img src=http:\/\/ski.inmontanis.info\/d\/323809-3\/DSC09458.jpg \/><\/a><br \/>\n^ Mittlerer SL; rechts die 4SB ist noch nicht in Betrieb, aber der SL ist ja eh besser, weil er weiter rauf geht<\/p>\n<p><a href='http:\/\/ski.inmontanis.info\/d\/323814-2\/DSC09461.jpg'><img src=http:\/\/ski.inmontanis.info\/d\/323813-3\/DSC09461.jpg \/><\/a><br \/>\n^ Vom mittleren SL an der 4SB vorbei zum rechten SL, erst dort sind die Abfahrten offen<\/p>\n<p><a href='http:\/\/ski.inmontanis.info\/d\/323818-2\/DSC09465.jpg'><img src=http:\/\/ski.inmontanis.info\/d\/323817-3\/DSC09465.jpg \/><\/a><br \/>\n^ Rechter SL<\/p>\n<p><a href='http:\/\/ski.inmontanis.info\/d\/323822-2\/DSC09470.jpg'><img src=http:\/\/ski.inmontanis.info\/d\/323821-3\/DSC09470.jpg \/><\/a><br \/>\n^ Der alte Seillift mit der kuriosen Talstation wurde mit einem F\u00f6rderband ersetzt<\/p>\n<p><a href='http:\/\/ski.inmontanis.info\/d\/284326-3\/DSC03388.jpg'><img src=http:\/\/ski.inmontanis.info\/d\/284325-4\/DSC03388.jpg \/><\/a><br \/>\n^ Bild vom 25.1.2021<\/p>\n<p><a href='http:\/\/ski.inmontanis.info\/d\/323826-2\/DSC09480.jpg'><img src=http:\/\/ski.inmontanis.info\/d\/323825-3\/DSC09480.jpg \/><\/a><br \/>\n^ Pano mit mittlerer SL<\/p>\n<p><a href='http:\/\/ski.inmontanis.info\/d\/323830-2\/DSC09482.jpg'><img src=http:\/\/ski.inmontanis.info\/d\/323829-3\/DSC09482.jpg \/><\/a><br \/>\n^ Mittlerer SL, die offenen Abfahrten musste man suchen, man konnte sich weder auf die Pr\u00e4parierung, noch auf die Stecken am Rand so wirklich verlassen. Jetzt bei Beleuchtung ist&#8217;s nat\u00fcrlich einfacher<\/p>\n<p>Durch die Gr\u00f6\u00dfe des Skigebiets hat man f\u00fcr einen halben Tag aber genug zu tun, so dass ich trotz des etwas problematischeren Schnees problemlos noch ein paar Tage bleiben k\u00f6nnte. Allerdings soll am Dienstag wieder mehr Schneefall kommen, morgen vielleicht sogar Regen und \u00fcber Nacht dann vielleicht 10cm Schnee, was dann etwas ungem\u00fctlicher auf meinem Nachtplatz werden k\u00f6nnte.<\/p>\n<p>Was \u00e4u\u00dferst eigenartig ist: Gestern hat der norwegische Wetterbericht f\u00fcr morgen hier bedeckt und leichten Schneefall gemeldet, der schwedische Wetterbericht sehr sonnig. Heute f\u00fcr morgen sind die beiden genau umgedreht. Anscheinend ist man hier mal wieder am Ausl\u00e4ufer einer Schlechtwetterfront \u00fcber Norwegen (wie halt meistens), denn in Storlien (spricht man: Sturliien) an der Grenze werden f\u00fcr morgen und \u00fcbermorgen bis zu 40mm Niederschlag (Schneefall\/Schneeregen) gemeldet. Leider keine Sonne dort diese Woche, was bei dem S\u00fcdhangskigebiet sehr nett w\u00e4re. Ob ich dann die 60 oder 70 km Umweg (einfach) mach f\u00fcr ggf. nur 1-3 Skitage, ist somit fraglich.<\/p>\n<p>Lang hat&#8217;s gedauert, aber anscheinend geht der rauhe Hals ab heute Abend doch noch in die Nase.<\/p>\n<p>Hinsichtlich Pl\u00e4ne Weihnachten\/Neujahr kam ich auch nicht weiter, da dieses WE in Norwegen viele Skigebiete geschlossen waren mit dem Hinweis, dass man wegen Wind, W\u00e4rme und Regen die Schneegrundlage nicht gef\u00e4hrden will. Hatte gehofft schon mal zu lesen, was dieses WE alles offen w\u00e4re.<\/p>\n<p>Die Alternative w\u00e4re ja, und um mir die zus\u00e4tzliche S\u00fcd-Nord-Fahrt einzusparen, jetzt bis ca. Mitte Februar (bis die Skigebiete in Norwegen dann t\u00e4glich offen haben) hier in der Gegend zu bleiben, dann erst weiter in den S\u00fcden \u00fcber Norwegen an der K\u00fcste rauf mit Abstechern zu den hier n\u00f6rdlicheren Saisonkartenskigebieten, um dann erst im April wieder in den finnischen Saisonkartenskigebieten zu sein und dann eben nicht nochmals hier in den S\u00fcden zu fahren.<\/p>\n<p>Einerseits, andererseits, wie \u00fcblich. Man w\u00fcrde sich die 2&#215;1.000km Fahrt sparen. Aber es ist halt auch immer sch\u00f6ner, mehrmals in der Saison in seinen Saisonkartenskigebieten zu sein und die s\u00fcdlichen Gebiete hier in der Gegend wirken dann im April ja auch wieder anders als jetzt, haben mehr Schnee usw.. Und ich m\u00f6chte auch ungern in den 6 Skigebieten hier in der Gegend nun ganze 2 Monate verbringen, zumal ich ja schon 2020\/21 + 2021\/22 relativ h\u00e4ufig und intensiv in diesem Bereich Schwedens war und es hier kaum was gibt, das ich abseits der Saisonkarte heuer unbedingt nochmals besuchen m\u00f6chte. (Vielleicht Eds\u00e5sdalen, was aber im Fr\u00fchjahr auch sch\u00f6ner ist, wenn der obere SL l\u00e4uft. Aber die ganzen Skistar-Skigebiete ja wohl nicht (au\u00dfer vielleicht \u00c5re im Fr\u00fchjahr), auch die Fun\u00e4sfj\u00e4llen- und Idrefj\u00f6llen-Gebiete nicht. )<\/p>\n<p>Den Schneeh\u00f6hen nach sollte ich Norwegen zu Weihnachten eher streichen, 30-50cm .. da wird nicht viel \u00f6ffnen. Andererseits werden teilweise diese Woche auch noch 50mm NIederschlag bei Temperaturen knapp unter 0\u00b0 gemeldet .. tja .. trotzdem Norefjell fahren und den Rest ggf. wieder einmal ignorieren oder die S\u00fcdnorwegentour auf etwas sp\u00e4ter in der Saison verschieben (als ob ich da noch so viel Zeit h\u00e4tte mit den ganzen anderen Zielen ..)<\/p>\n<p><strong>Mo, 18.12.2023<\/strong><\/p>\n<p>Der Schlaf war kurz, als der Pistenraupendienst in den fr\u00fchen Morgenstunden da war, konnte ich wegen Sturm und laufender Nase lange nicht wieder einschlafen, wie \u00fcblich aber kurz bevor der Wecker dann klingelt. N\u00e4chste Nacht w\u00e4re noch mehr Sturm plus Schneefall gemeldet&#8230; ne, ich fahr lieber weg. Vielleicht hat Bydalen weniger Probleme mit ihren unteren Liften, sind halt auch \u00fcber 80km. <\/p>\n<p>Der Kurzb\u00fcgler rechts fuhr dann aber doch schon vor 10 Uhr und blieb ge\u00f6ffnet. Ich fuhr allerdings nicht immer bis zum obersten Ausstieg.<\/p>\n<p><a href='http:\/\/ski.inmontanis.info\/d\/323834-2\/DSC09488.jpg'><img src=http:\/\/ski.inmontanis.info\/d\/323833-3\/DSC09488.jpg \/><\/a><br \/>\n^ Etwas Sonne heute? Blick vom Parkplatz ins Skigebiet, der linke SL hat noch keine Geh\u00e4nge montiert<\/p>\n<p>Kurz nach dem Sonnenbild klatschte eine Ladung Nieselregen an mein Fenster. Danach lange Zeit trocken, aber als ich dann im Skigebiet war, nieselte es weiterhin zwischendurch, zudem der starke Wind, recht ungem\u00fctlich also. B\u00fcgel waren entweder nass oder sp\u00e4ter dann vereist.<\/p>\n<p><a href='http:\/\/ski.inmontanis.info\/d\/323838-2\/DSC09490.jpg'><img src=http:\/\/ski.inmontanis.info\/d\/323837-3\/DSC09490.jpg \/><\/a><br \/>\n^ F\u00f6rderband, hier kein Regen und kein Wind, praktisch<\/p>\n<p><a href='http:\/\/ski.inmontanis.info\/d\/323842-2\/DSC09491.jpg'><img src=http:\/\/ski.inmontanis.info\/d\/323841-3\/DSC09491.jpg \/><\/a><br \/>\n^ Hin und wieder spitzte die Sonne etwas durch<\/p>\n<p><a href='http:\/\/ski.inmontanis.info\/d\/323846-2\/ge20231217-18.jpg'><img src=http:\/\/ski.inmontanis.info\/d\/323845-3\/ge20231217-18.jpg \/><\/a><br \/>\n^ GPS-Track vorheriger Besuch in Gelb und aktuelle Besuche in Blau+T\u00fcrkis<\/p>\n<p>Ab morgen oder \u00fcbermorgen soll es wieder um die -10\u00b0 werden und je nach Wetterberichte soll es am Freitag  mehr schneien und \u00fcberhaupt die n\u00e4chsten 10 Tage eher bew\u00f6lkt und mit Schneefall weitergehen. <\/p>\n<p>Zus\u00e4tzlich ja mein Schnupfen jetzt und weil ich dann doch noch wo andershin f\u00fcr die Nacht fahren wollte, war das heut ein sehr kurzer Skitag. Leider ja nur sehr wenig passende Parkpl\u00e4tze in der Gegend und auf dem Weg und vmtl. kaum einer winterm\u00e4\u00dfig anfahrbar.<\/p>\n<p><a href='http:\/\/extra.inmontanis.info\/d\/102122-3\/DSC09494.jpg'><img src=http:\/\/extra.inmontanis.info\/d\/102121-4\/DSC09494.jpg \/><\/a><br \/>\n^ Der Fluss hier ist noch nicht komplett zugefroren<\/p>\n<p>Mangels besserer Alternativen bin ich noch bis Bydalen gefahren, wo ich (nach kurzem Einkaufen) um 16:45 ankam, es war schon lange dunkel und die Fahrt hierher war abenteuerlicher, als ich es in Erinnerung hatte. <\/p>\n<p>&#8212;<br \/>\n&#8220;Die meisten, der vom Spiegel angesprochenen Aussagen Putins, hat der Spiegel best\u00e4tigt, aber dann versucht, sie so einzuordnen, dass der deutsche Leser sie als unwahre Aussagen ansehen muss. Bei anderen Aussagen Putins musste der Spiegel selbst l\u00fcgen, um Putin eine L\u00fcge zu unterstellen.&#8221;<\/p>\n<p><a href='https:\/\/www.anti-spiegel.ru\/2023\/wenn-der-spiegel-einen-faktencheck-ueber-putins-aussagen-macht\/'>https:\/\/www.anti-spiegel.ru\/2023\/wenn-der-spiegel-einen-faktencheck-ueber-putins-aussagen-macht\/<\/a><\/p>\n","protected":false},"excerpt":{"rendered":"<p>So, 17.12.2023<\/p>\n<p>Heute um 17,94 getankt, wow. Nur ca. 1,60 \u20ac. Aber in \u00d6sterreich liegen die Preise momentan auch bei teilweise um die 1,40-1,50 \u20ac. Sp\u00e4ter sogar noch etwas g\u00fcnstiger gesehen, aber meist ein bisschen teurer. Diesel \u00fcbrigens \u00fcber 30 Eurocent teurer.<\/p>\n<p> ^ Unterwegs<\/p>\n<p> ^ Unterwegs<\/p>\n<p>Da ich ja gestern weiter als gew\u00fcnscht <a href=\"http:\/\/blog.inmontanis.info\/?p=9595\">[&#8230;]<\/a><\/p>\n","protected":false},"author":1,"featured_media":9598,"comment_status":"closed","ping_status":"closed","sticky":false,"template":"","format":"standard","meta":{"footnotes":""},"categories":[912,19,27,624],"tags":[47],"class_list":["post-9595","post","type-post","status-publish","format-standard","has-post-thumbnail","hentry","category-2023-09-2024-xx-skandinavien","category-schwedensweden","category-skifahren-winterskiing-winter","category-trillevallen","tag-sl","odd"],"_links":{"self":[{"href":"http:\/\/blog.inmontanis.info\/index.php?rest_route=\/wp\/v2\/posts\/9595","targetHints":{"allow":["GET"]}}],"collection":[{"href":"http:\/\/blog.inmontanis.info\/index.php?rest_route=\/wp\/v2\/posts"}],"about":[{"href":"http:\/\/blog.inmontanis.info\/index.php?rest_route=\/wp\/v2\/types\/post"}],"author":[{"embeddable":true,"href":"http:\/\/blog.inmontanis.info\/index.php?rest_route=\/wp\/v2\/users\/1"}],"replies":[{"embeddable":true,"href":"http:\/\/blog.inmontanis.info\/index.php?rest_route=%2Fwp%2Fv2%2Fcomments&post=9595"}],"version-history":[{"count":3,"href":"http:\/\/blog.inmontanis.info\/index.php?rest_route=\/wp\/v2\/posts\/9595\/revisions"}],"predecessor-version":[{"id":9599,"href":"http:\/\/blog.inmontanis.info\/index.php?rest_route=\/wp\/v2\/posts\/9595\/revisions\/9599"}],"wp:featuredmedia":[{"embeddable":true,"href":"http:\/\/blog.inmontanis.info\/index.php?rest_route=\/wp\/v2\/media\/9598"}],"wp:attachment":[{"href":"http:\/\/blog.inmontanis.info\/index.php?rest_route=%2Fwp%2Fv2%2Fmedia&parent=9595"}],"wp:term":[{"taxonomy":"category","embeddable":true,"href":"http:\/\/blog.inmontanis.info\/index.php?rest_route=%2Fwp%2Fv2%2Fcategories&post=9595"},{"taxonomy":"post_tag","embeddable":true,"href":"http:\/\/blog.inmontanis.info\/index.php?rest_route=%2Fwp%2Fv2%2Ftags&post=9595"}],"curies":[{"name":"wp","href":"https:\/\/api.w.org\/{rel}","templated":true}]}}