{"id":9586,"date":"2023-12-15T17:23:27","date_gmt":"2023-12-15T16:23:27","guid":{"rendered":"http:\/\/blog.inmontanis.info\/?p=9586"},"modified":"2023-12-17T17:35:56","modified_gmt":"2023-12-17T16:35:56","slug":"kanis-15-12-2023","status":"publish","type":"post","link":"http:\/\/blog.inmontanis.info\/?p=9586","title":{"rendered":"Kanis, 15.12.2023"},"content":{"rendered":"<p><strong>Fr, 15.12.2023<\/strong><\/p>\n<p>Um 8:00 Uhr fuhr ich los, um nach 40 Minuten um 7:40 Uhr an dem gew\u00fcnschen Rastplatz  anzukommen ;) Endlich kann ich bei einigen Ger\u00e4ten die Sommerzeit deaktivieren, die ja mit meinem Wechsel zur Zeitzone in Finnland fast zeitgleich zu Ende ging, aber jetzt in Schweden herrscht wieder die mitteleurop\u00e4ische Zeit. <\/p>\n<p>Hatte mir \u00fcberlegt, mal wieder eine Unterhose zu waschen, also das Fl\u00e4schchen mit dem Waschmittel vorgeholt. Befindet sich zwischen Autoau\u00dfenwand und Bettgestell, am hintern Gurt. War komplett gefroren.  Bis Mittag ist es nat\u00fcrlich aufgetaut.<\/p>\n<p>Fr\u00fcher hatte ich das ja in einer Plastikt\u00fcte oder freistehend, aber ich wollte wg. Feuchtigkeit m\u00f6glichst kein loses Plastik mehr haben, also in eine alte Socke gesteckt. Diese f\u00fchlte sich unten mal feucht an, will ja gar nicht wissen, wie es da unten wieder zugeht. <\/p>\n<p>2 gegen\u00fcberliegende Tankstellen in Finnland kurz vor der Grenze zu Schweden, die eine verlangte f\u00fcr Benzin 1,73, die andere 1,96 &#8230;<\/p>\n<p>Komplett chaotisch sp\u00e4ter die riesige Einkaufsstadt in Lule\u00e5, wenn&#8217;s um 14:30 schon fast-stockdunkel ist und mein Navi diverse Gesch\u00e4fte falsch drin hat, daher nur noch Maxi-ICA (Supermarkt) und Biltema (Caf\u00e9) besuchen wollen..<\/p>\n<p>Schwedische E-Sim-Karte auch gekauft, entschied mich f\u00fcr Lyca. Boah, das Registrieren, das neuerdings in Schweden n\u00f6tig ist, ist auch umst\u00e4ndlich, wenn es mit dem einen Browser dann nicht funkioniert. Schlussendlich hat das System den deutschen Pass problemlos eingelesen und erkannt und die Daten davon \u00fcbernommen. Danach musste man noch ein &#8220;Selfie&#8221; machen. Nervig danach, dass man eine schwedische Kontaktadresse eintragen musste&#8230; also man da das Land nicht \u00e4ndern konnte, naja vielleicht geht das dann im Nachhinein noch. Bei der Rechnungsadresse konnte man jedenfalls \u00d6sterreich ausw\u00e4hlen.<\/p>\n<p>Schlussendlich schien alles geklappt zu haben, aber es blieb viele Stunden lang bei einem schwachen 3G-Empfang und keinem Internet. Die APN-Settings muss man dann von irgendeiner anderen, internationalen Website erfragen, weil das nicht auf lycamobile.se zu finden ist, es kam zwar eine SMS irgendwas von wegen DATA und dass man da was abspeichern soll, aber da war nix dabei.<\/p>\n<p>N\u00e4chstes Generve: ICA Maxi. Pfandautomat im Hypermarkt akzeptiert nur Glasflaschen, man habe wohl einen neuen Automaten, der sich am Parkplatz oder so befindet, wenn ich das recht interpretiert hab. Tja, nicht gefunden, also hier nicht einkauft. Arschlochpfandflaschenzeug, geb ich mein Geld halt anderswo aus.<\/p>\n<p>Im Willys wurde dann die Lidl-Pfandflasche nicht akzeptiert, boah ich hasse diese scheiss Pfandsysteme. Aber ich hab die jetzt nicht \u00fcber 1 Monat mitgeschleppt, um sie doch noch wegzuschmei\u00dfen, oder? Also fahr ich sie halt weiter durch die Gegend, bis ich irgendwann mal bei einem Lidl vorbeikomme. Kauf mir nie wieder Getr\u00e4nkeflaschen in einem skandinavischen Lidl. Wenigstens ja wieder bekommen, nicht einfach trotzdem geschluckt, wie in Finnland.<\/p>\n<p>Im Willys gab es gek\u00fchlte Salsiccia &#8220;Original&#8221; (also die nicht-scharfen) um unter 4 \u20ac, musste ich mitnehmen, wird dann halt morgen gegessen..   <\/p>\n<p>Essen tat ich nat\u00fcrlich aus Preisgr\u00fcnden bei Biltema, das kleine Hotdog (5,- SEK) gab&#8217;s gleich, f\u00fcr Pommes (20,-) und Pfannkuchen mit Erdbeermarmelade und Sahne (25,-) musste ich etwas warten, dazu das gratis Wasser und in Summe mit 50,- also unter 4,50 \u20ac. Wenn ich doch nur mal wieder was einkaufen m\u00fcsste hier.<\/p>\n<p>Um 17:35 war ich am Kanisbacken, wo von 17:30-20:30 Skibetrieb ist. Den Doppelkurven-SL hab ich ja bereits schon an 2 Skitagen fotografiert.<\/p>\n<p>&#128681; Gespeicherte Geolocation &#8211; Karte anzeigen: <a href='https:\/\/www.google.com\/maps\/@?api=1&#038;map_action=map&#038;center=65.6692395,20.9530544&#038;zoom=12&#038;basemap=terrain' target=_blank> GoogleMaps<\/a> &#128681; <a href='https:\/\/www.openstreetmap.org\/?&#038;mlat=65.6692395&#038;mlon=20.9530544#map=10\/65.6692395\/20.9530544&#038;layers=P' target=_blank> OSM &#128681;<\/a><\/p>\n<p>Abendkarte kostet 130,-, also 11-12 \u20ac. Der Kauf verz\u00f6gerte sich etwas, weil 2 Erwachsene eine Saisonkarte kauften, viel mit der Kasiererin quatschten und dann auch noch eine handgeschriebene Quittung bekamen. Ernsthaft jetzt? Man darf hier wie in vielen anderen Skigebieten nicht mehr mit Bargeld zahlen, viele zahlen mit Handy, und dann eine <em>handgeschriebene<\/em> Quittung vom Durchschreibeblock??<\/p>\n<p>Skifahren war aber ganz nett. Dank des vielen Naturschnees waren schon alle Abfahrten ge\u00f6ffnet und f\u00fcr 2-2,5h ausreichend Abwechslung.<\/p>\n<p><a href='http:\/\/ski.inmontanis.info\/d\/323684-2\/DSC09352.jpg'><img src=http:\/\/ski.inmontanis.info\/d\/323683-3\/DSC09352.jpg \/><\/a><br \/>\n^ Unterer Teil vom Skigebiet<\/p>\n<p><a href='http:\/\/ski.inmontanis.info\/d\/323688-2\/DSC09354.jpg'><img src=http:\/\/ski.inmontanis.info\/d\/323687-3\/DSC09354.jpg \/><\/a><br \/>\n^ Linke Abfahrt von oben<\/p>\n<p><a href='http:\/\/ski.inmontanis.info\/d\/323692-2\/DSC09356.jpg'><img src=http:\/\/ski.inmontanis.info\/d\/323691-3\/DSC09356.jpg \/><\/a><br \/>\n^ Linke Abfahrt, unterer Bereich<\/p>\n<p><a href='http:\/\/ski.inmontanis.info\/d\/323696-2\/DSC09358.jpg'><img src=http:\/\/ski.inmontanis.info\/d\/323695-3\/DSC09358.jpg \/><\/a><br \/>\n^ Rechte Abfahrt von oben, am Ausstieg fehlte die Beleuchtung<\/p>\n<p><a href='http:\/\/ski.inmontanis.info\/d\/323700-2\/DSC09362.jpg'><img src=http:\/\/ski.inmontanis.info\/d\/323699-3\/DSC09362.jpg \/><\/a><br \/>\n^ SL-Strecke zwischen den beiden Kurven<\/p>\n<p><a href='http:\/\/ski.inmontanis.info\/d\/323704-2\/DSC09367.jpg'><img src=http:\/\/ski.inmontanis.info\/d\/323703-3\/DSC09367.jpg \/><\/a><br \/>\n^ SL-Strecke oben<\/p>\n<p><a href='http:\/\/ski.inmontanis.info\/d\/323708-2\/DSC09373.jpg'><img src=http:\/\/ski.inmontanis.info\/d\/323707-3\/DSC09373.jpg \/><\/a><br \/>\n^ Pano nach rechts<\/p>\n<p><a href='http:\/\/ski.inmontanis.info\/d\/323712-2\/DSC09374.jpg'><img src=http:\/\/ski.inmontanis.info\/d\/323711-3\/DSC09374.jpg \/><\/a><br \/>\n^ Mittlere Abfahrt und Funpark<\/p>\n<p><a href='http:\/\/ski.inmontanis.info\/d\/323716-2\/DSC09377.jpg'><img src=http:\/\/ski.inmontanis.info\/d\/323715-3\/DSC09377.jpg \/><\/a><br \/>\n^ Der SL stand einige Zeit, was mir hier zwischen den beiden Kurven die Gelegenheit f\u00fcr ein paar Fotos mit l\u00e4ngerer Belichtung gab<\/p>\n<p><a href='http:\/\/ski.inmontanis.info\/d\/323720-2\/DSC09383.jpg'><img src=http:\/\/ski.inmontanis.info\/d\/323719-3\/DSC09383.jpg \/><\/a><br \/>\n^ .. irgendwann hab ich doch abgeb\u00fcgelt und fuhr den Tellerlift einmal, dann ging auch der B\u00fcgellift wieder<\/p>\n<p><a href='http:\/\/ski.inmontanis.info\/d\/323724-2\/DSC09385.jpg'><img src=http:\/\/ski.inmontanis.info\/d\/323723-3\/DSC09385.jpg \/><\/a><br \/>\n^ <\/p>\n<p><a href='http:\/\/ski.inmontanis.info\/d\/323728-2\/DSC09386.jpg'><img src=http:\/\/ski.inmontanis.info\/d\/323727-3\/DSC09386.jpg \/><\/a><br \/>\n^ Pano nach \u00c4lvsbyn<\/p>\n<p><a href='http:\/\/ski.inmontanis.info\/d\/323732-2\/DSC09387.jpg'><img src=http:\/\/ski.inmontanis.info\/d\/323731-3\/DSC09387.jpg \/><\/a><br \/>\n^ Einer der Antennenmasten am Gipfel<\/p>\n<p><a href='http:\/\/ski.inmontanis.info\/d\/323736-2\/DSC09391.jpg'><img src=http:\/\/ski.inmontanis.info\/d\/323735-3\/DSC09391.jpg \/><\/a><br \/>\n^ Als ich am Parkplatz die Ski in den Dachtr\u00e4ger tat, bemerkte ich etwas, was nach Nordlicht aussah, mit der Cam gab es dann die Best\u00e4tigung<\/p>\n<p><a href='http:\/\/ski.inmontanis.info\/d\/323740-2\/DSC09392.jpg'><img src=http:\/\/ski.inmontanis.info\/d\/323739-3\/DSC09392.jpg \/><\/a><br \/>\n^ .. da h\u00e4tte ich doch um 20.25 nochmals rauffahren sollen. Falls es mir dann aufgefallen w\u00e4re&#8230;<\/p>\n<p><a href='http:\/\/ski.inmontanis.info\/d\/323744-2\/DSC09402.jpg'><img src=http:\/\/ski.inmontanis.info\/d\/323743-3\/DSC09402.jpg \/><\/a><br \/>\n^ Wenig sp\u00e4ter war das Skigebiet auch schon dunkel<\/p>\n<p><a href='http:\/\/ski.inmontanis.info\/d\/323748-2\/ge20231215.jpg'><img src=http:\/\/ski.inmontanis.info\/d\/323747-3\/ge20231215.jpg \/><\/a><br \/>\n^ GPS-Track vorherige Besuche in Gelb (1x Skitour, 1x Tag) und heutiger Abend-Besuch in T\u00fcrkis<\/p>\n<p>Vielleicht h\u00e4tte ich doch noch in Finnland heute bleiben sollen, denn den Wettervorhersagen heute Abend nach w\u00fcrde es am Sonntag auf dem Weg in einigen Gebieten recht sonnig werden. Allerdings auch in Trillevallen nicht mehr soviel Schnee gemeldet, jedenfalls weniger als morgen auf dem Weg irgendwo.<\/p>\n<p>Andererseits w\u00e4re das Sonnengebiet f\u00fcr Sonntag ein nord- und nordostseitiges Skigebiet, womit man von der Sonne momentan ja auch nichts h\u00e4tte, also spar ich mir die 130km Umweg und werd doch am Sonntag in Trillevallen sein.<\/p>\n<p>Heute Nacht soll&#8217;s allerdings nochmals sehr kalt mit -17\u00b0 werden.<\/p>\n","protected":false},"excerpt":{"rendered":"<p>Fr, 15.12.2023<\/p>\n<p>Um 8:00 Uhr fuhr ich los, um nach 40 Minuten um 7:40 Uhr an dem gew\u00fcnschen Rastplatz anzukommen ;) Endlich kann ich bei einigen Ger\u00e4ten die Sommerzeit deaktivieren, die ja mit meinem Wechsel zur Zeitzone in Finnland fast zeitgleich zu Ende ging, aber jetzt in Schweden herrscht wieder die mitteleurop\u00e4ische Zeit. <\/p>\n<p>Hatte <a href=\"http:\/\/blog.inmontanis.info\/?p=9586\">[&#8230;]<\/a><\/p>\n","protected":false},"author":1,"featured_media":9588,"comment_status":"closed","ping_status":"closed","sticky":false,"template":"","format":"standard","meta":{"footnotes":""},"categories":[912,658,19,27],"tags":[65,96,47],"class_list":["post-9586","post","type-post","status-publish","format-standard","has-post-thumbnail","hentry","category-2023-09-2024-xx-skandinavien","category-kanis","category-schwedensweden","category-skifahren-winterskiing-winter","tag-nachtski","tag-polarlicht","tag-sl","odd"],"_links":{"self":[{"href":"http:\/\/blog.inmontanis.info\/index.php?rest_route=\/wp\/v2\/posts\/9586","targetHints":{"allow":["GET"]}}],"collection":[{"href":"http:\/\/blog.inmontanis.info\/index.php?rest_route=\/wp\/v2\/posts"}],"about":[{"href":"http:\/\/blog.inmontanis.info\/index.php?rest_route=\/wp\/v2\/types\/post"}],"author":[{"embeddable":true,"href":"http:\/\/blog.inmontanis.info\/index.php?rest_route=\/wp\/v2\/users\/1"}],"replies":[{"embeddable":true,"href":"http:\/\/blog.inmontanis.info\/index.php?rest_route=%2Fwp%2Fv2%2Fcomments&post=9586"}],"version-history":[{"count":3,"href":"http:\/\/blog.inmontanis.info\/index.php?rest_route=\/wp\/v2\/posts\/9586\/revisions"}],"predecessor-version":[{"id":9590,"href":"http:\/\/blog.inmontanis.info\/index.php?rest_route=\/wp\/v2\/posts\/9586\/revisions\/9590"}],"wp:featuredmedia":[{"embeddable":true,"href":"http:\/\/blog.inmontanis.info\/index.php?rest_route=\/wp\/v2\/media\/9588"}],"wp:attachment":[{"href":"http:\/\/blog.inmontanis.info\/index.php?rest_route=%2Fwp%2Fv2%2Fmedia&parent=9586"}],"wp:term":[{"taxonomy":"category","embeddable":true,"href":"http:\/\/blog.inmontanis.info\/index.php?rest_route=%2Fwp%2Fv2%2Fcategories&post=9586"},{"taxonomy":"post_tag","embeddable":true,"href":"http:\/\/blog.inmontanis.info\/index.php?rest_route=%2Fwp%2Fv2%2Ftags&post=9586"}],"curies":[{"name":"wp","href":"https:\/\/api.w.org\/{rel}","templated":true}]}}