{"id":9574,"date":"2023-12-09T18:56:44","date_gmt":"2023-12-09T17:56:44","guid":{"rendered":"http:\/\/blog.inmontanis.info\/?p=9574"},"modified":"2023-12-09T18:56:44","modified_gmt":"2023-12-09T17:56:44","slug":"olosluosto-4-9-12-2023-nur-kalt-und-bedeckt","status":"publish","type":"post","link":"http:\/\/blog.inmontanis.info\/?p=9574","title":{"rendered":"Olos+Luosto, 4.-9.12.2023 \/ nur kalt und bedeckt"},"content":{"rendered":"<p><strong>Mo, 4.12.2023<\/strong><\/p>\n<p>Hab also nach der Arbeit den Kalender gemacht, kurz vor 15 Uhr fing es etwas st\u00e4rker zum &#8220;Niesel-Schneien&#8221; an, aber auch f\u00fcr morgen wird nicht besser gemeldet und f\u00fcr MIttwoch leider auch nicht. Allerdings will ich morgen eh auch einkaufen. Heute k\u00f6nnte ich einfach hier stehenbleiben ohne das Kabel aufr\u00e4umen zu m\u00fcssen. Ins Skigebiet zu fahren und mich zum Skifahren umzuziehen&#8230;. naja, bissl Bewegung tut mir heut eh noch gut.<\/p>\n<p>Um 15:35 angekommen am Skigebiet, gab es noch etwas D\u00e4mmerungshelligkeit. Es standen wieder 2 LKWs aus Hannover am Parkplatz. Die Skih\u00e4nge kamen mir die letzen beiden Tage ja recht schlecht beleuchtet vor, insofern war ich gespannt, ob sie da bei kompletter Dunkelheit entweder noch mehr Licht einschalten k\u00f6nnen oder es von selbst heller wirkt &#8211; es war wohl letzteres.<\/p>\n<p>Obwohl der Schnee ganz gut war, aber einmal rauf und runter sind ca. 5min, weil auch der Kurzb\u00fcgel-SL so schnell f\u00e4hrt, und nur mit einer Abfahrt im Dunkeln wird&#8217;s doch bald langweililg.<\/p>\n<p>Knapp 2 Stunden reichten, es gab keine positive Vorhersage fur klareren Himmel, leider momentan auch nichts in Sicht die n\u00e4chsten Tage und die Fernsicht wurde durch den Beschneiungsnebel zus\u00e4tzlich beeintr\u00e4chtigt.<\/p>\n<p><a href='http:\/\/ski.inmontanis.info\/d\/323508-2\/DSC09242.jpg'><img src=http:\/\/ski.inmontanis.info\/d\/323507-3\/DSC09242.jpg \/><\/a><br \/>\n^ Oberer Teil der Abfahrt vom Zwischenausstieg bzw. momentanen Endausstieg des mittleren SL rechts im Bild<\/p>\n<p><a href='http:\/\/ski.inmontanis.info\/d\/323512-2\/DSC09252.jpg'><img src=http:\/\/ski.inmontanis.info\/d\/323511-3\/DSC09252.jpg \/><\/a><br \/>\n^ Blick ins beleuchtete Muonio<\/p>\n<p><a href='http:\/\/ski.inmontanis.info\/d\/323516-2\/DSC09254.jpg'><img src=http:\/\/ski.inmontanis.info\/d\/323515-3\/DSC09254.jpg \/><\/a><br \/>\n^ Die einzige beleuchtete Abfahrt (abgesehen vom Funpark)<\/p>\n<p><a href='http:\/\/ski.inmontanis.info\/d\/323520-2\/DSC09258.jpg'><img src=http:\/\/ski.inmontanis.info\/d\/323519-3\/DSC09258.jpg \/><\/a><br \/>\n^ Gipfelpano, leider wird die Sicht durch den bl\u00f6den Beschneiungsnebel vermiest<\/p>\n<p><a href='http:\/\/ski.inmontanis.info\/d\/323524-2\/DSC09262.jpg'><img src=http:\/\/ski.inmontanis.info\/d\/323523-3\/DSC09262.jpg \/><\/a><br \/>\n^ Gipfelpano<\/p>\n<p><a href='http:\/\/ski.inmontanis.info\/d\/323528-2\/DSC09269.jpg'><img src=http:\/\/ski.inmontanis.info\/d\/323527-3\/DSC09269.jpg \/><\/a><br \/>\n^ Bergstation des Kurzb\u00fcgel-SL<\/p>\n<p><a href='http:\/\/ski.inmontanis.info\/d\/323532-2\/DSC09270.jpg'><img src=http:\/\/ski.inmontanis.info\/d\/323531-3\/DSC09270.jpg \/><\/a><br \/>\n^ Hier die bl\u00f6de Beschneiung, die die Aussicht auch am Gipfel verschlechtert<\/p>\n<p><a href='http:\/\/ski.inmontanis.info\/d\/323536-2\/DSC09274.jpg'><img src=http:\/\/ski.inmontanis.info\/d\/323535-3\/DSC09274.jpg \/><\/a><br \/>\n^ Nachtpano mit Muonio<\/p>\n<p><a href='http:\/\/ski.inmontanis.info\/d\/323540-2\/DSC09277.jpg'><img src=http:\/\/ski.inmontanis.info\/d\/323539-3\/DSC09277.jpg \/><\/a><br \/>\n^ Gipfel mit den Windr\u00e4dern<\/p>\n<p><a href='http:\/\/ski.inmontanis.info\/d\/323544-2\/DSC09279.jpg'><img src=http:\/\/ski.inmontanis.info\/d\/323543-3\/DSC09279.jpg \/><\/a><br \/>\n^ Kaum h\u00f6rt man auf und sitzt im Auto, sieht man pl\u00f6tzlich doch einen klaren Himmel. Aber oben war eben noch weniger zu sehen als bei den Fotos zuvor. Vielleicht doch noch l\u00e4nger bleiben sollen.. Am n\u00e4chsten Tag abends keine Beschneiung, aber st\u00e4rkerer Schneefall und somit auch bedeckt.<\/p>\n<p>Als ich gegen 18:30 wieder am Stellplatz war, war ich diesmal der einzige. Damit w\u00fcrde sich ja die Gelegenheit ergeben, zu duschen und die Handt\u00fccher im Servicegeb\u00e4ude h\u00e4ngen zu lassen. Andererseits .. w\u00fcrd ich auch gern was essen und es mir bequem machen.<\/p>\n<p>Unbedingt m\u00fcsste ich morgen ja nicht einkaufen, also ich k\u00f6nnte auch den Tag am Stellplatz verbringen. Aber falls es abends dann doch zuf\u00e4lllig etwas klaren Himmel mit Nordlchtern geben sollte &#8230;<\/p>\n<p>Andererseits bin ich nat\u00fcrlich froh, dass ich nicht diese starken Schneef\u00e4lle wie in DE\/AT hatte.<\/p>\n<p><strong>Di, 5.12.2023<\/strong><\/p>\n<p>So, es n\u00fctzt nichts, ich muss nun den anderen Saisonskipass kaufen und mich entschieden, wo er hingeschickt werden soll. Ich werd wohl doch beim urspr\u00fcnglichen Plan, Trillevallen, bleiben. Das auf dem Weg dorthin befindliche Storklinta wird erst zu Weihnachten \u00f6ffnen und so lang m\u00f6chte ich nun doch nicht mehr hier oben bleiben. <\/p>\n<p>Borgafj\u00e4ll l\u00e4ge zwar etwas in der Mitte, aber doch in Summe ca. 170km Umweg und da ich nicht wei\u00df, was offen haben wird (hat jetzt vor 17 Stunden entschieden, dass sie wegen zu wenig Schnee n\u00e4chstes WE nur den Kinderlift \u00f6ffnen, sind aber wieder etliche Schneef\u00e4lle angek\u00fcndigt), zudem nur am WE offen ist und falls ich dann \u00fcbern\u00e4chstes WE aufgrund sehr kaltem oder schneereichem Wetter dort nicht vorbei fahren m\u00f6chte .. ist und bleibt wohl Trillevallen der sinnvollste Failback, da es zumindest ab 16.12. t\u00e4glich offen haben wird und aktuell schon mehr als genug Schnee hat. H\u00e4tte ich mich gleich daf\u00fcr entschieden und bei g\u00fcnstigerem Umrechnungskurs bis zu 20 Euro sparen k\u00f6nnen. Kurs 11,60, .. 11,80 .. zuletzt lange um die 11,40 .. diese Woche 11,30! Oder wart ich noch auf morgen?<\/p>\n<p>Auf dem Weg zum Supermarkt hielt ich am Rolls-Fastfood an der Tankstelle und kaufte den Papa-Burger um 8,80, mit, wie ich dachte, Bacon und R\u00f6sti, was bei der Gr\u00f6\u00dfe preislich ja noch OK w\u00e4re. Allerdings hat sich die auf dem Bild nach R\u00f6sti aussehende Scheibe dann als Ananasscheibe rausgestellt. Mal was komplett anderes, bin ja kein Fan von Ananas. Mit Ananas statt R\u00f6sti war&#8217;s dann auch weniger s\u00e4ttigend und ich hab den Burger komplett aufgegessen.<\/p>\n<p><a href='http:\/\/extra.inmontanis.info\/d\/102074-3\/DSC09280.jpg'><img src=http:\/\/extra.inmontanis.info\/d\/102073-4\/DSC09280.jpg \/><\/a><br \/>\n^ Papa-Burger von Rolls. Sollte ich nicht mehr essen, ist mit einer gro\u00dfen Ananasscheibe<\/p>\n<p>Nach dem Einkaufen ins Skigebiet, um noch etwas Bewegung zu haben.<\/p>\n<p>P\u00fcnktlich zum Betriebsbeginn um 16 Uhr setzte leider wieder st\u00e4rkerer &#8220;Nieselschneefall&#8221; ein (vor der Abfahrt am Stellplatz gab es zwischen den Wolken sogar ein paar L\u00fccken), somit noch weniger Fernsicht heute und kein Foto gemacht. Und auch keine Lust gehabt, oben war&#8217;s zudem sehr windig und die Abfahrt bin ich gestern oft genug gefahren, daher nach unter 1h wieder aufgeh\u00f6rt. <\/p>\n<p><strong>Mi, 6.12.2023<\/strong><\/p>\n<p>Am Skigebiet angekommen, dank des finnischen Feiertags heute ja auch schon zu Mittag offen, schneite es kaum noch, die Fernsicht blieb aber kurz. Die linken Abfahrten gingen dank des Neuschnees nun besser als am Sonntag und durch den Pulverschnee und die nat\u00fcrliche mulden-h\u00fcgelige Struktur eindeutig die sch\u00f6nste Abfahrt der bisherigen Saison.<\/p>\n<p><a href='http:\/\/ski.inmontanis.info\/d\/323548-2\/DSC09281.jpg'><img src=http:\/\/ski.inmontanis.info\/d\/323547-3\/DSC09281.jpg \/><\/a><br \/>\n^ Die linken Abfahrten gingen heute noch besser als am WE, dank des Neuschnees, und sind die sch\u00f6nsten der bisherigen Saison, da auch sehr h\u00fcgelig und nat\u00fcrlich (hier im Bild gerade nicht sonderlich)<\/p>\n<p><a href='http:\/\/ski.inmontanis.info\/d\/323552-2\/ge20231204-06.jpg'><img src=http:\/\/ski.inmontanis.info\/d\/323551-3\/ge20231204-06.jpg \/><\/a><br \/>\n^ GPS-Track 4.-6.12.2023 in 3 Blaut\u00f6nen und vorherige Besuche in Gelb<\/p>\n<p>Nachmittags fuhr ich noch in Levi vorbei, wo derzeit ca. 4 von den ca. 6-7 Seiten plus Verbindungen und ein paar Zusatzliften bis ca. 18\/19 Uhr ge\u00f6ffnet sind. K\u00f6nnte bei Dunkelheit doch mal interessant sein,  so ein gro\u00dfes, beleuchtetes Gebiet zu besuchen. Ob dann nachts die verschiedenen Seiten allerdings so wirklich differenzierbar sind au\u00dfer an der Steilheit, wenn man sonst nix sieht &#8230; <\/p>\n<p><a href='http:\/\/ski.inmontanis.info\/d\/323556-2\/DSC09284.jpg'><img src=http:\/\/ski.inmontanis.info\/d\/323555-3\/DSC09284.jpg \/><\/a><br \/>\n^ Levi, Nordseite<\/p>\n<p><a href='http:\/\/ski.inmontanis.info\/d\/323560-2\/DSC09287.jpg'><img src=http:\/\/ski.inmontanis.info\/d\/323559-3\/DSC09287.jpg \/><\/a><br \/>\n^ Levi, Westseite und Verbindungen zur Nordseite<\/p>\n<p><a href='http:\/\/ski.inmontanis.info\/d\/323564-2\/DSC09289.jpg'><img src=http:\/\/ski.inmontanis.info\/d\/323563-3\/DSC09289.jpg \/><\/a><br \/>\n^ Levi, Westseite und Verbindungen<\/p>\n<p><a href='http:\/\/ski.inmontanis.info\/d\/323568-2\/DSC09293.jpg'><img src=http:\/\/ski.inmontanis.info\/d\/323567-3\/DSC09293.jpg \/><\/a><br \/>\n^ Levi, S\u00fcdseite<\/p>\n<p>Morgen fr\u00fch m\u00f6chte ich noch 1,5h bis Sodankyl\u00e4 fahren und am Supermarktparkplatz den Vormittag verbringen. Mittag dann einkaufen und noch ca. 1h nach Luosto, dann sollte ich hoffentlich mit voller Batterie ankommen &#8211; falls ich die n\u00e4chsten 3 N\u00e4chte in Luosto ohne Campingplatz stehen m\u00f6chte und mir das reichen sollte. Da diesmal FR\/SA\/SO vormittags kein Arbeiten n\u00f6tig ist, werd ich von dem her weniger PC- und Standheizung ben\u00f6tigen, aber ich m\u00fcsste dann auch l\u00e4nger skifahren und das Auto wird dann ja  auch k\u00e4lter, also muss man wieder l\u00e4nger Heizen, wenn man zur\u00fcck ist  &#8230; <\/p>\n<p>Geplant w\u00e4ren also 4 Tage in Luosto und 3 oder 4 in Ounasvaara und dann wieder nach Schweden, dort noch 1-2 Skigebietchen auf dem Weg kurz mitnehmen. Falls mir die Batterie doch nur 2 Tage reicht, fahr ich halt fr\u00fcher nach Rovaniemi. Bevor ich hier nochmals 42 \u20ac zahl &#8230; dann lieber die 25 \u20ac in R. K\u00f6nnte auch schon 1 Tag fr\u00fcher nach Schweden, allerdings gibt&#8217;s von MI-FR auf dem Weg in den S\u00fcden nur Nachtbetrieb in den wenigen schon ge\u00f6ffneten Skigebieten.  <\/p>\n<p><strong>Do, 7.12.2023<\/strong> <\/p>\n<p>Leider war um  5 Uhr in der Gegend ein Schneer\u00e4umer unterwegs, danach konnte ich nicht mehr wirklich einschlafen. Aber da ich ja schon um 6:30 aufstehen wollte, lief ab 6:10 die Standheizung.<\/p>\n<p>So langsam ist nicht mehr das Hauptproblem mit den kalten N\u00e4chten, dass es mir zu kalt wird (mit der Schaumtoffmatte zwischen den Decken und den angezogenen Str\u00fcmpfen nicht mal die Heizmatten ben\u00f6tigt, aber wieder -6\u00b0 Innenminimum gehabt bei -15\u00b0 drau\u00dfen laut Skigebietsinfotafel), sondern dass mir gewisse Flascheninhalte gefrieren, weil am Boden und\/oder Rand stehend &#8230;. wer weiss, ob ich \u00fcberhaupt noch aufs Klo gehen k\u00f6nnte oder da auch oben oder unten das Wasser (mehr ist noch nicht drin) mittlerweile gefroren ist&#8230;. <\/p>\n<p>Mal wieder etwas l\u00e4nger gebraucht zum Einkaufen (welches Brot, welches Abendessen, schwierige Entscheidungen), etwas nach 13:30 war ich am SL in Luosto bei nach wie vor unfotogenem Wetter: leichter Nebel und st\u00e4rkerer Wind im oberen Bereich.  <\/p>\n<p>Kalt, dunkel, leichter Schneefall &#8211; hab nach ca. 1,5h wieder aufgeh\u00f6rt. Vielleicht sollte ich doch noch ein neues Skigebiet anfahren. Bei den selben 43,- \u20ac f\u00fcr die 3h-Karte in Levi und Pyh\u00e4 h\u00e4tte ich dann aber lieber heute in Levi fahren sollen &#8230; <\/p>\n<p>Leider soll das Wetter auch die n\u00e4chsten Tage so bleiben, windig, kalt (-11 bis -16\u00b0 je nach Tag bzw. Nacht) und wolkig mit ggf. leichtem Schneefall. Also dass ich hier oben so Pech mit der Sonne haben w\u00fcrde zur jetzigen Jahreszeit, h\u00e4tte ich nicht gedacht. Wenigstens hatte ich keine starken Schneef\u00e4lle, die mag ich gar ncht, wenn ich im Auto schlafe.<\/p>\n<p>Bin abends nochmals die Skigebiete durchgegangen, Suomu h\u00e4tte nun auch offen und w\u00e4re zwischen Pyh\u00e4 und Ruka mit nicht so extremen Umweg, aber ob das so viel anders ist als die von meiner Saisonkarte, darf dann auch bezweifelt werden.<\/p>\n<p>In Schweden schaut&#8217;s nicht viel besser aus, es kamen zwar noch ein paar Skigebiete dazu, die offen haben, aber entweder nur am Wochenende oder teilweise maximal noch abends unter der Woche an einigen Tagen. Auch K\u00e5bdalis hat unter der Woche (tags\u00fcber) kaum was offen. \u00c5re hat ein paar Lifte offen, aber bei einem Tageskartenpreis von ca. 58 \u20ac kann ich gerne drauf verzichten. Ich werd mich also noch eine Woche in Geduld \u00fcben m\u00fcssen und mich mit dem begn\u00fcgen, was mir die hiesige Saisonkarte zu bieten hat. Dann im Vergleich doch gar nicht so \u00fcbel.<\/p>\n<p>Das von mir heuer schon 2x besuchte Iso-Sy\u00f6te h\u00e4tte mittlerweile sogar den anderen SL und ein paar weitere Abfahrten offen, liegt aber auch \u00fcberhaupt nicht auf dem Weg. <\/p>\n<p>Nach einer kurzen, winzigen Erholung des Wechselkurses gestern ist die Krone heute nun noch teurer als vorgestern. Vmtl. werd ich also morgen beim teuersten Preis die Saisonkarte kaufen m\u00fcssen, aber noch l\u00e4nger kann ich nun auch nicht mehr warten&#8230;.<\/p>\n<p><strong>Fr, 8.12.2023<\/strong> Saison-Skitag#30 \/ Reisetag#76<\/p>\n<p>Heute Nacht war&#8217;s mir etwas k\u00e4lter, obwohl oder trotzdem ich ein gr\u00f6\u00dferes St\u00fcck Schaumstoffmatte verwendete. Vielleicht lag es  aber auch daran, dass ich heute l\u00e4nger schlafen wollte als gestern. Innenminimum mit -4,8\u00b0 eigentlich w\u00e4rmer als die Nacht zuvor..<\/p>\n<p>Neblig, windig und ggf. der \u00fcbliche leichte Schneefall &#8211; was n\u00fctzt mir der l\u00e4ngere Lift hier, wenn ich wg. Wind eh lieber nur bis zum Zwischenausstieg fahre&#8230;<\/p>\n<p>Nach 3 Fahrten bis zum Zwischenausstieg (der Wind setzte schon unterhalb zu stark ein) und 1x Tellerlift ging ich wieder ins Auto, aufw\u00e4rmen. Das WC  hier ist leider auch nicht sonderlich warm und au\u00dferdem wollte ich mir noch die Regenjacke drunter anziehen wg. des Windes vielleicht noch einen Tick w\u00e4rmer dann.  Sonntag werd ich wohl doch nicht mehr hier bleiben, wird ja nicht besser, das Wetter.<\/p>\n<p>Mir blieb es kalt und ich blieb beim Zwischenausstieg. immerhin blieb der Schneefall heute aus.<\/p>\n<p><a href='http:\/\/ski.inmontanis.info\/d\/323572-2\/DSC09294.jpg'><img src=http:\/\/ski.inmontanis.info\/d\/323571-3\/DSC09294.jpg \/><\/a><br \/>\n^ Viele Rodelbesucher am F\u00f6rderband<\/p>\n<p><a href='http:\/\/ski.inmontanis.info\/d\/323576-2\/DSC09295.jpg'><img src=http:\/\/ski.inmontanis.info\/d\/323575-3\/DSC09295.jpg \/><\/a><br \/>\n^ 6 Busse standen einige Zeit lang am Parkplatz &#8211; so viel Leute sind aber doch nicht hier&#8230;<\/p>\n<p><a href='http:\/\/ski.inmontanis.info\/d\/323580-2\/DSC09297.jpg'><img src=http:\/\/ski.inmontanis.info\/d\/323579-3\/DSC09297.jpg \/><\/a><br \/>\n^ Trasse des Ex-SL, leider schon arg verwachsen<\/p>\n<p><a href='http:\/\/ski.inmontanis.info\/d\/323584-2\/DSC09299.jpg'><img src=http:\/\/ski.inmontanis.info\/d\/323583-3\/DSC09299.jpg \/><\/a><br \/>\n^ Trasse des Ex-SL in einem der seltenen etwas freieren Bereiche, wobei dieser Bereich hier samt des Waldes daneben ja eigentlich als Tree-Ski-Area im Plan ausgewiesen ist. Dazu ist sie viel zu zugewachsen und eigentlich auch zu flach.<\/p>\n<p>Da ich wenigstens einmal in dem kleinen SB-Restaurant esen wollte, was heute sinnvoller w\u00e4re als morgen, falls ich morgen Nachmittag noch nach Rovaniemi fahren w\u00fcrde, a\u00df ich eben heute um 14 Uhr &#8230; was? W\u00fcrstel mit Pommes oder Chicken Nuggets mit Pommes um jeweils 10,50 \u20ac? Wasser gibt&#8217;s gratis. Nahm die Nuggets. Hauptsache mal wieder Pommes ;) Ketchup ist dabei, Zusatzdips w\u00fcrden 2,20 (!) kosten. Schinken-K\u00e4se-Toast g\u00e4b&#8217;s um 6,50, den k\u00f6nnte man noch mit den Beilagen-Pommes um 2,80 erweitern.<\/p>\n<p>Sp\u00e4ter gesehen, an der Kasse stand noch ein Schild, demnach es zwei verschiedene Flammkichen in klein  um 5,-  oder gro\u00df um 13,- \u20ac geben w\u00fcrde. \u00dcbrigens 0,33er Bier zwischen 4,80 und 8 \u20ac und als Korrektur, die 0,4er Limo als Beilage dann nur 2,50 statt wie zuvor mal geschrieben 4 \u20ac (evtl. ist das der Einzelpreis).<\/p>\n<p>Die Portion war f\u00fcr meine momentanen Portionen sehr gro\u00df, somit sehr satt geworden. Die Pommes d\u00fcrften aber der Rest der Packung gewesen sein, unter den wenigen l\u00e4ngeren Pommes waren sehr viele sehr winzige St\u00fcckchen und die dazu sehr ferttig.<\/p>\n<p><a href='http:\/\/ski.inmontanis.info\/d\/323588-3\/DSC09300.jpg'><img src=http:\/\/ski.inmontanis.info\/d\/323587-4\/DSC09300.jpg \/><\/a><br \/>\n^ Chicken Nuggets (eher Mini-Schnitzel) mit Pommes um 10,50, Kechtup inklusive, Wasser generell gratis. Wie auch in Norwgen ist auch in Finnland nicht alles so viel teurer, manches ist auch g\u00fcnstig. In der Schweiz hatte ich das Gef\u00fchl ja noch nie ;)<\/p>\n<p>Die Busse k\u00f6nnten Briten gewesen sein, zumindest h\u00f6rte ich da welche im Restaurant und die hatten auch alle die gleichen Anz\u00fcge an&#8230;  <\/p>\n<p>Ich blieb noch einige Zeit am Tisch, es war zwar im Raum auch nicht so warm, aber an den \u00e4u\u00dferen Tischen sind Heizk\u00f6rper..<\/p>\n<p>Nach dem Essen war es ja schon relativ dunkel und ich fuhr nicht nochmals mit dem Lift hinauf. Bis ca. 13 Uhr hab ich au\u00dfer mir maximal mal 2 andere fahren sehen, danach war mal kurz eine Gruppe von ca. 5 am Lift, au\u00dferdem 2-4 am Tellerlift. Die meisten blieben am F\u00f6rderband mit ihren &#8220;Luftreifen-Donuts&#8221; ;) (Snowtubing)<\/p>\n<p>Momentan gef\u00e4llts mir hier oben ja gar nicht mehr, was einfach an der Kombination liegt. Die kurzen Tage w\u00fcrden mich weniger st\u00f6ren, wenns nicht so kalt w\u00e4re. Die kalten Temperaturen w\u00fcrden mich weniger st\u00f6ren, wenn \u00f6fters mal die Sonne schiene. Und der fehlende Sonnenschein w\u00fcrde mich weniger st\u00f6ren, wenn es nicht so kalt w\u00e4re. So ungef\u00e4hr jedenfalls. Aber die Kombination jeden Tag plus h\u00e4ufig leichtem Schneefall und dann ggf. auch noch Wind ..  da w\u00fcrde man am liebsten mal ne Woche lang in einem 25\u00b0 warmen Zimmmer bleiben.   <\/p>\n<p>N\u00e4chstes  Wochenende k\u00f6nnte ich sogar leichte Plusgrade bekommen, zumindest wird das f\u00fcr die mittlere K\u00fcste Schwedens und auch noch im Bereich \u00d6stersund so gemeldet.  Gerne, solang es nicht regnet und solang die Stra\u00dfen nicht eisig glatt werden&#8230;<\/p>\n<p>Blick auf den EUR-SEK-Kurs, war ja klar,  weiterer Kursverlust des Euro. Im Gegensatz zum NOK &#8211; Kurs, der zeigt eher in die umgekehrte Richtung. Beinahe linear ist der Anstieg der SEK im Vergleich zur NOK in den letzten 90 Tagen, von ca, 0,95 auf ca. 1,05 .. aber glaub seit einigen Jahren pendeln die schon um die 1:1 &#8211; Marke.<\/p>\n<p>Aber da es wohl langsam zu risikoreich wird, noch l\u00e4nger mit der Bestellung zu warten, auch wenn ich sie mir vielleicht noch kurzfristiger n\u00e4chste Woche h\u00e4tte kaufen k\u00f6nnen &#8230;  zumal mir der &#8220;Firmen-Inhaber&#8221; oder &#8220;Skipass-Gr\u00fcnder&#8221; nach der Bestellung geschrieben hat, dass er am besagten Samstag wohl auch in Trillevallen sein wird .. <\/p>\n<p>.. also dann f\u00fcr 5.695,- SEK, was also ca. 515,- \u20ac werden, gekauft. Der Bestellnummer nach gab es vor mir schon \u00fcber 1100 Bestellungen &#8211; falls die nicht jedes Jahr neu anfangen, h\u00e4tten sie aber noch nicht viele verkauft &#8230; Dann wollen wir mal hoffen, dass die Skigebiete alle dabei bleiben w\u00e4hrend der Saison. Laut FAQ auf der Homepage muss man den Skipass in jedem Skigebiet neu freischalten lassen. <\/p>\n<p>2 von den 16 Skigebieten fallen f\u00fcr mich ja aus, Limone Piemonte ist nun wirklich nicht auf dem Weg ;) Und das eine kleine Gebiet bei Stockholm werd ich mir voraussichtlich auch sparen, weil zu abseits. In 8 von den 16 Gebieten gilt eine jeweilige 5-Tages-Restriktion, ohne die 2 genannten Gebiete dann in 7 von 14, zu den 7 wiederum z\u00e4hlen die 3 in Norwegen. Wobei ich die 5 Tage wohl nicht in jedem der 7 Skigebiete ausn\u00fctzen werde, haupts\u00e4chlich wohl deshalb, weil einige dabei sind, die teilweise nur an den Wochenenden offen sind und dabei auch nicht unbedingt \u00f6fters auf dem Weg liegen werden. <\/p>\n<p><strong>Oh nein oh nein oh nein, der beste Lift im besten Skigebiet der Saisonkarte wurde nun stillgelegt<\/strong>: die alte M\u00fcller-DSB (BJ 1965) in T\u00e4nn\u00e4skr\u00f6ket :( Dadurch fallen dort die besten Abfahrten weg, der sch\u00f6nste Lift und die sch\u00f6nste Abfahrt Schwedens, auf beides ich mich so gefreut hatte :( Das wird ganz klein in den Neuheiten verbreitet. Von Priorit\u00e4t 1 &#8220;immer gerne&#8221; auf 4 &#8220;nur wenn n\u00f6tig&#8221; abgerutscht, von Highlight zu Lowlight, mit diesen 5 Worten: &#8220;Sittliften har g\u00e5tt i pension.&#8221; <\/p>\n<p>Hoffentlich hat dann wenigstens wieder die Gratabfahrt ganz oben am rechten SL offen (d.h. genug Schnee), der Rest ist f\u00fcr mich jedenfalls kein Besuchsgrund mehr :( <\/p>\n<p>Kann zwar sein, dass das im Spam-Filter h\u00e4ngen bleibt, aber diesmal hab ich dorthin eine E-Mail hingeschrieben, dass ich sehr entt\u00e4uscht bin, dass der Sessellift stillgelegt wurde.<\/p>\n<p>(Soweit ich mich an Berichte im Netz erinnere, war die DSB ja schon mal einige Jahre lang geschlossen, bevor sie dann wieder reaktiviert wurde, aber diesmal wird&#8217;s aufgrund des Alters wohl endg\u00fcltig sein.)<\/p>\n<p><strong>Sa, 9.12.2023<\/strong><\/p>\n<p>Batteriem\u00e4\u00dfig w\u00e4re ich jetzt bei 50%, also sollte ich ja noch eine Nacht freistehen k\u00f6nnen, wenn das stimmt. Sollte das wohl mal kontrolliert testen &#8230; aber vielleicht nicht unbedingt bei diesen kalten Temperaturen. Es soll n\u00e4chste Nacht nochmals 2-3 Grad k\u00e4lter werden (heute ca. -14\/-15\u00b0).<\/p>\n<p>Leider kann ich die Standheizung nur maximal 1h laufen lassen (mehr l\u00e4sst sich nicht an der Zeitschaltuhr einschalten) und 1h reicht morgens bei den momentanen Temperaturen nicht wirklich, also hab ich sie ein zweites Mal einschalten m\u00fcssen.<\/p>\n<p>\u00dcbrigens, laut ski.fi sind mittlerweile 48 Skigebiete in Finnland offen.<\/p>\n<p>Hier blieb es leider bei Wind und leichtem Nebel oben. Eine heutige Runde war: 1x ganz rauf, 3x Zwischneausstieg, jeweils abwechselnd linke und rechte Abfahrt; danach 10-20min Aufw\u00e4rmpause, das ganze 3x bis ca. 13:20 Uhr.<\/p>\n<p><a href='http:\/\/ski.inmontanis.info\/d\/323592-3\/DSC09301.jpg'><img src=http:\/\/ski.inmontanis.info\/d\/323591-4\/DSC09301.jpg \/><\/a><br \/>\n^ Der Funpark ist nun in ganzer L\u00e4nge ge\u00f6ffnet, hier unten gibts noch eine kleine Variante, die ich noch gar nicht gesehen hatte<\/p>\n<p><a href='http:\/\/ski.inmontanis.info\/d\/323596-3\/ge20231207-09.jpg'><img src=http:\/\/ski.inmontanis.info\/d\/323595-4\/ge20231207-09.jpg \/><\/a><br \/>\n^ GPS-Track 7.-9.12.2023 in 3 Blaut\u00f6nen und vorherige Besuche in Gelb<\/p>\n<p>Am Auto konnte ich die Fahrert\u00fcr nicht mehr \u00f6ffnen! Zum Gl\u00fcck ging die dahinter auf, so h\u00e4tte ich \u00fcber den Sitz klettern k\u00f6nnen. Aber zuerst mit einem Schraubenzieher probiert, das Eis vom T\u00fcrspalt rauszukratzen. Das hatte funktioniert und ich konnte die Fahrert\u00fcr \u00f6ffnen.  Puh. Wenn einem das \u00fcber Nacht passiert und gar keine der beiden T\u00fcren mehr zu \u00f6ffnen ginge, w\u00e4re das echt ein Problem, da ich ja von innen nicht das Eis au\u00dfen abkratzen kann&#8230;.<\/p>\n<p>Da die n\u00e4chsten N\u00e4chte gleich kalt bzw. noch k\u00e4lter bis zu -21\u00b0 gemeldet werden, hab ich mich mal f\u00fcr 3 N\u00e4chte am bekannten Stellplatz gegen\u00fcber dem Weihnachtsmanndorf einquartiert, d.h. bis Dienstag. Ob ich Mittwoch nochmals in Ounasvaara oder stattdessen 3x statt 2x Nachtski in Schweden machen m\u00f6chte, kommt drauf an, wie es mir hier gef\u00e4llt. Es hat zwar noch nicht der linke SL offen, leider, aber der Skiweg und vielleicht gibts da ja die eine oder andere lichtere Variante durch den Wald, die man bei den aktuellen Schneeh\u00f6hen fahren k\u00f6nnte.<\/p>\n<p>Ich dachte ja, die Stromanschl\u00fcsse w\u00e4ren immer f\u00fcr 2 Pl\u00e4tze, aber da hab ich mich get\u00e4uscht, der auf meinem heutigen Platz (in der Mitte zum rechten Platz) ist f\u00fcr 3, das h\u00e4tte mit dem Kabel knapp werden k\u00f6nnen, wenn ich mich f\u00fcr den Platz links von mir entschieden h\u00e4tte.<\/p>\n<p>Meine Batterie lud ich mal noch nicht auf, da ich testen wollte, wieviel ich noch entnehmen kann, ob ich mich auf die Anzeige nun verlassen kann und am Campingplatz ist das eine kontrolliertere Umgebung, das zu tun. Auch wenn es nat\u00fcrlich unsch\u00f6n ist, wenn die Batterie genau dann leer w\u00e4re, wenn der PC eingschaltet ist. Ggf. sollte es also morgen noch locker f\u00fcr den Standheizungsbetrieb und dem abendlichen Kochen reichen. Aktuell ca. 45Ah bzw. ca. 30%, 12.48V.<\/p>\n<p>&#8212;<\/p>\n<blockquote><p>\nzumal die USA nicht nur Weltpolizist sein wollen, sondern auch gleich noch Weltstaatsanwalt, Weltrichter und vor allem Weltgesetzgeber, um selbst die Regeln aufzustellen und jederzeit zu \u00e4ndern, nach denen die Welt im Interesse der USA leben soll.<br \/>\n(&#8230;)<br \/>\nDie Wurzeln aller Krisen sind in Washington<br \/>\n(&#8230;)<br \/>\nDabei ist es so einfach: Die USA k\u00e4mpfen darum, die einzige Weltmacht zu bleiben, damit ihre Konzerne die Welt weiterhin ungestraft und ungehindert ausbeuten k\u00f6nnen. Wenn sich L\u00e4nder dagegen zur Wehr setzen, werden sie zu Feinden (also \u201eDiktaturen\u201c oder \u201eAutokratien\u201c) erkl\u00e4rt und bek\u00e4mpft.<\/p><\/blockquote>\n<p><a href='https:\/\/www.anti-spiegel.ru\/2023\/wie-westliche-medien-ihre-leser-mit-infantilen-maerchen-dumm-halten\/'>https:\/\/www.anti-spiegel.ru\/2023\/wie-westliche-medien-ihre-leser-mit-infantilen-maerchen-dumm-halten\/<\/a><\/p>\n<blockquote><p>Offenbar sind die russischen Argumente so gut und \u00fcberzeugend, dass deutsche Medien sie verschweigen m\u00fcssen, damit ihre Leser weiterhin das glauben, was die deutschen Medien ihnen berichten.<\/p><\/blockquote>\n<p><a href='https:\/\/www.anti-spiegel.ru\/2023\/wenn-der-spiegel-ueber-eine-rede-des-russischen-aussenministers-lawrow-berichtet\/'>https:\/\/www.anti-spiegel.ru\/2023\/wenn-der-spiegel-ueber-eine-rede-des-russischen-aussenministers-lawrow-berichtet\/<\/a><\/p>\n","protected":false},"excerpt":{"rendered":"<p>Mo, 4.12.2023<\/p>\n<p>Hab also nach der Arbeit den Kalender gemacht, kurz vor 15 Uhr fing es etwas st\u00e4rker zum &#8220;Niesel-Schneien&#8221; an, aber auch f\u00fcr morgen wird nicht besser gemeldet und f\u00fcr MIttwoch leider auch nicht. Allerdings will ich morgen eh auch einkaufen. Heute k\u00f6nnte ich einfach hier stehenbleiben ohne das Kabel aufr\u00e4umen zu m\u00fcssen. Ins <a href=\"http:\/\/blog.inmontanis.info\/?p=9574\">[&#8230;]<\/a><\/p>\n","protected":false},"author":1,"featured_media":9577,"comment_status":"closed","ping_status":"closed","sticky":false,"template":"","format":"standard","meta":{"footnotes":""},"categories":[912,20,282,917,918,27],"tags":[65,47],"class_list":["post-9574","post","type-post","status-publish","format-standard","has-post-thumbnail","hentry","category-2023-09-2024-xx-skandinavien","category-finnlandfinland","category-levi","category-luosto","category-olos","category-skifahren-winterskiing-winter","tag-nachtski","tag-sl","odd"],"_links":{"self":[{"href":"http:\/\/blog.inmontanis.info\/index.php?rest_route=\/wp\/v2\/posts\/9574","targetHints":{"allow":["GET"]}}],"collection":[{"href":"http:\/\/blog.inmontanis.info\/index.php?rest_route=\/wp\/v2\/posts"}],"about":[{"href":"http:\/\/blog.inmontanis.info\/index.php?rest_route=\/wp\/v2\/types\/post"}],"author":[{"embeddable":true,"href":"http:\/\/blog.inmontanis.info\/index.php?rest_route=\/wp\/v2\/users\/1"}],"replies":[{"embeddable":true,"href":"http:\/\/blog.inmontanis.info\/index.php?rest_route=%2Fwp%2Fv2%2Fcomments&post=9574"}],"version-history":[{"count":3,"href":"http:\/\/blog.inmontanis.info\/index.php?rest_route=\/wp\/v2\/posts\/9574\/revisions"}],"predecessor-version":[{"id":9578,"href":"http:\/\/blog.inmontanis.info\/index.php?rest_route=\/wp\/v2\/posts\/9574\/revisions\/9578"}],"wp:featuredmedia":[{"embeddable":true,"href":"http:\/\/blog.inmontanis.info\/index.php?rest_route=\/wp\/v2\/media\/9577"}],"wp:attachment":[{"href":"http:\/\/blog.inmontanis.info\/index.php?rest_route=%2Fwp%2Fv2%2Fmedia&parent=9574"}],"wp:term":[{"taxonomy":"category","embeddable":true,"href":"http:\/\/blog.inmontanis.info\/index.php?rest_route=%2Fwp%2Fv2%2Fcategories&post=9574"},{"taxonomy":"post_tag","embeddable":true,"href":"http:\/\/blog.inmontanis.info\/index.php?rest_route=%2Fwp%2Fv2%2Ftags&post=9574"}],"curies":[{"name":"wp","href":"https:\/\/api.w.org\/{rel}","templated":true}]}}