{"id":9566,"date":"2023-12-05T11:44:12","date_gmt":"2023-12-05T10:44:12","guid":{"rendered":"http:\/\/blog.inmontanis.info\/?p=9566"},"modified":"2023-12-05T11:44:12","modified_gmt":"2023-12-05T10:44:12","slug":"kalender-2024","status":"publish","type":"post","link":"http:\/\/blog.inmontanis.info\/?p=9566","title":{"rendered":"Kalender 2024"},"content":{"rendered":"<p>Wie schon in den Vorjahren stell ich auch heuer wieder meinen Kalender kostenlos zum Drucken (aber nicht zum Weiterverkaufen) zur Verf\u00fcgung. Ich hatte den Winter \u00fcber ja meine Zweifel, ob ich heuer \u00fcberhaupt einen machen will, weil es selten wirklich gute Bilder gab. Somit war die Auswahl teilweise zwar schwierig (welches der vielen sch\u00f6nen Gro\u00dfglockner-Bilder aus Heiligenblut?), aber doch schnell erledigt.<\/p>\n<p>Letztes Jahr schrieb ich:<\/p>\n<blockquote><p>\nWie \u00fcblich sind alle Bilder in den letzten 12 Monaten entstanden. Mindestens 2 Bilder k\u00f6nnten aber eventuell (hoffentlich) im n\u00e4chsten Kalender 2024 dabei sein, denn f\u00fcr die hatte ich diesmal leider keinen Platz mehr, obwohl sie es m.E. auch sehr verdient h\u00e4tten, mehr als das Titelbild ;-) Aber da ich ja eventuell n\u00e4chsten Sommer keine weite Reise unternehme ..\n<\/p><\/blockquote>\n<p>Nun, es sind sogar 3 Bilder vom letztj\u00e4hrigen Zeitraum geworden, allerdings doch nur 1 vom Sommer, somit diesmal fast nur Schnee-Bilder und mehr als die H\u00e4lfte ausnahmsweise aus \u00d6sterreich. Kommt so schnell nicht wieder vor, versprochen ;)<\/p>\n<p>Von den aktuellen Herbstbildern hab ich nur 1 verwendet, die anderen kommen also in den Kalender 2025. Bei einigen Bildern hab ich diesmal das Kalendarium verschoben, weil es m.E. an anderer Stelle weniger st\u00f6rend ist, oben sollte aber noch genug Platz f\u00fcr eine eventuelle Spirale sein.<\/p>\n<p>L\u00e4nderaufteilung diesmal:<\/p>\n<p>\u00d6sterreich: 7<br \/>\nItalien: 2<br \/>\nSchweden: 1<br \/>\nNorwegen: 2 (vorheriger Kalenderzeitraum)<br \/>\nEngland: 1 (vorheriger Kalenderzeitraum)<\/p>\n<p>PDF, in A3 angelegt mit Anschnitt und Schnittmarken, 92 MB:<br \/>\n<a href='http:\/\/ski.inmontanis.info\/images\/kalender2024.pdf'>http:\/\/ski.inmontanis.info\/images\/kalender2024.pdf<\/a><\/p>\n<p>Und hier die einzelnen Monate:<\/p>\n<p><img src=http:\/\/ski.inmontanis.info\/images\/kalender2024-1.jpg \/><br \/>\n^ Klassiches Titelbild ;)<\/p>\n<p><img src=http:\/\/ski.inmontanis.info\/images\/kalender2024-2.jpg \/><br \/>\n^ Gondeln 14 + 41 .. war Zufall<\/p>\n<p><img src=http:\/\/ski.inmontanis.info\/images\/kalender2024-3.jpg \/><\/p>\n<p><img src=http:\/\/ski.inmontanis.info\/images\/kalender2024-4.jpg \/><br \/>\n^ Heim-Skigebiet<\/p>\n<p><img src=http:\/\/ski.inmontanis.info\/images\/kalender2024-5.jpg \/><br \/>\n^ Ja, das Skigebiet gefiel mir nicht, aber das Pano schon. Kalendarium nach oben, weil es unten die H\u00e4user verdeckt h\u00e4tte.<\/p>\n<p><img src=http:\/\/ski.inmontanis.info\/images\/kalender2024-6.jpg \/><\/p>\n<p><img src=http:\/\/ski.inmontanis.info\/images\/kalender2024-7.jpg \/><\/p>\n<p><img src=http:\/\/ski.inmontanis.info\/images\/kalender2024-8.jpg \/><\/p>\n<p><img src=http:\/\/ski.inmontanis.info\/images\/kalender2024-9.jpg \/><br \/>\n^ Hier h\u00e4tte das Kalendarium unten die Stra\u00dfe verdeckt, daher oben<\/p>\n<p><img src=http:\/\/ski.inmontanis.info\/images\/kalender2024-10.jpg \/><\/p>\n<p><img src=http:\/\/ski.inmontanis.info\/images\/kalender2024-11.jpg \/><\/p>\n<p><img src=http:\/\/ski.inmontanis.info\/images\/kalender2024-12.jpg \/><\/p>\n<p><img src=http:\/\/ski.inmontanis.info\/images\/kalender2024-13.jpg \/><\/p>\n<p>&#8211;<br \/>\nFalls wem Fehler auffallen, bitte melden.<\/p>\n","protected":false},"excerpt":{"rendered":"<p>Wie schon in den Vorjahren stell ich auch heuer wieder meinen Kalender kostenlos zum Drucken (aber nicht zum Weiterverkaufen) zur Verf\u00fcgung. Ich hatte den Winter \u00fcber ja meine Zweifel, ob ich heuer \u00fcberhaupt einen machen will, weil es selten wirklich gute Bilder gab. Somit war die Auswahl teilweise zwar schwierig (welches der vielen sch\u00f6nen Gro\u00dfglockner-Bilder <a href=\"http:\/\/blog.inmontanis.info\/?p=9566\">[&#8230;]<\/a><\/p>\n","protected":false},"author":1,"featured_media":9568,"comment_status":"closed","ping_status":"closed","sticky":false,"template":"","format":"standard","meta":{"footnotes":""},"categories":[911],"tags":[],"class_list":["post-9566","post","type-post","status-publish","format-standard","has-post-thumbnail","hentry","category-kalender","odd"],"_links":{"self":[{"href":"http:\/\/blog.inmontanis.info\/index.php?rest_route=\/wp\/v2\/posts\/9566","targetHints":{"allow":["GET"]}}],"collection":[{"href":"http:\/\/blog.inmontanis.info\/index.php?rest_route=\/wp\/v2\/posts"}],"about":[{"href":"http:\/\/blog.inmontanis.info\/index.php?rest_route=\/wp\/v2\/types\/post"}],"author":[{"embeddable":true,"href":"http:\/\/blog.inmontanis.info\/index.php?rest_route=\/wp\/v2\/users\/1"}],"replies":[{"embeddable":true,"href":"http:\/\/blog.inmontanis.info\/index.php?rest_route=%2Fwp%2Fv2%2Fcomments&post=9566"}],"version-history":[{"count":6,"href":"http:\/\/blog.inmontanis.info\/index.php?rest_route=\/wp\/v2\/posts\/9566\/revisions"}],"predecessor-version":[{"id":9573,"href":"http:\/\/blog.inmontanis.info\/index.php?rest_route=\/wp\/v2\/posts\/9566\/revisions\/9573"}],"wp:featuredmedia":[{"embeddable":true,"href":"http:\/\/blog.inmontanis.info\/index.php?rest_route=\/wp\/v2\/media\/9568"}],"wp:attachment":[{"href":"http:\/\/blog.inmontanis.info\/index.php?rest_route=%2Fwp%2Fv2%2Fmedia&parent=9566"}],"wp:term":[{"taxonomy":"category","embeddable":true,"href":"http:\/\/blog.inmontanis.info\/index.php?rest_route=%2Fwp%2Fv2%2Fcategories&post=9566"},{"taxonomy":"post_tag","embeddable":true,"href":"http:\/\/blog.inmontanis.info\/index.php?rest_route=%2Fwp%2Fv2%2Ftags&post=9566"}],"curies":[{"name":"wp","href":"https:\/\/api.w.org\/{rel}","templated":true}]}}