{"id":9559,"date":"2023-12-03T18:18:27","date_gmt":"2023-12-03T17:18:27","guid":{"rendered":"http:\/\/blog.inmontanis.info\/?p=9559"},"modified":"2023-12-03T18:23:05","modified_gmt":"2023-12-03T17:23:05","slug":"luosto-olos-30-11-3-12-2023","status":"publish","type":"post","link":"http:\/\/blog.inmontanis.info\/?p=9559","title":{"rendered":"Luosto &#038; Olos, 30.11.-3.12.2023 \/ -28,9\u00b0"},"content":{"rendered":"<p><strong>Do, 30.11.2023<\/strong><\/p>\n<p>Der Schneer\u00e4umer hier am Platz weckte mich schon um 7 Uhr (mit 2 lauten Durchfahrten), wo ich doch wegen der Zeitverschiebung in Finnland eigentlich bis 8 Uhr schlafen kann. Oder anders gesagt: Es hat abends\/nachts diesmal ein paar cm mehr geschneit, vieleicht auch etwas \u00fcber 10cm, aber da k\u00f6nnte noch etwas Altschnee auf der Motorhaube gewesen sein.<\/p>\n<p>Bis Mittag sah es  wieder besser aus, aber im Skigbiet hielt sich hartn\u00e4ckig der Nebel.  Daf\u00fcr ist nun die linke Abfahrt 5 zumindest ab Zwischenausstieg offiziell offen. H\u00e4tte ich nicht erwartet vor dem WE. Bester Schnee heute von den bisherigen Tagen in Luosto.<\/p>\n<p><a href='http:\/\/ski.inmontanis.info\/d\/323414-2\/DSC09187.jpg'><img src=http:\/\/ski.inmontanis.info\/d\/323413-3\/DSC09187.jpg \/><\/a><br \/>\n^ Kurzzeitig war man mal \u00fcber dem Nebelmeer, aber leider nur f\u00fcr eine Abfahrt.<\/p>\n<p>Heute und auch in den  n\u00e4chsten Tagen wird eine hohe Nordlichtaktivit\u00e4t vorhergesagt, aber das Problem ist hier ja, dass man momentan selten einen klaren Himmel hat und dann braucht man auch noch passende Sicht ..<\/p>\n<p>Geplant w\u00e4re ja nach Olos nochmals ein paar Tage hier in Luosto und auch wieder in Ounasvaara zu fahren, denn hinsichtlich Schweden-Saisonkarte sollte ich erst ab 16.12. in den dortigen Gebieten sein. Hatte ja auch \u00fcberlegt, Pyh\u00e4 zu fahren, aber die haben ab morgen den teureren Normalsaisontarif (3h 43,- und TK 51,- bei Online, sonst 1,- mehr) &#8211; bekanntlich ja die selben Tarife wie Ruka und der Skipass gilt auch in beiden, was entfernungsm\u00e4\u00dfig aber bei einer Tageskarte nicht sehr lohnenswert ist).<\/p>\n<p>Jedenfalls macht Pyh\u00e4 die zweite Skigebietsseite erst ab 6.12. auf, was ich zumindest abwarten wollte, bevor ich da mal hin fahre. Und eigentlich w\u00e4re es im Fr\u00fchjahr nat\u00fcrlich sch\u00f6ner, weil dann mehr Abfahrten offen sind.  <\/p>\n<p>Aber, ich wei\u00df ich nicht, ob ich \u00fcberhaupt will? Jetzt mit den haupts\u00e4chlich modellierten ge\u00f6ffneten Abfahrten samt 6KSB und das Pano ist nicht wirklich viel anders zu Luosto hier. Im Fr\u00fchjahr ist auch in Luosto und den anderen Saisonkartenskigebieten mehr offen, dass ich schon gleich gar nicht irgendwo fremdgehen muss, wenn es nicht einen guten Grund daf\u00fcr gibt.<\/p>\n<p>Hier der Pistenplan mit den aktuellen \u00d6ffnungsstatus von Pyh\u00e4. Die 4KSB auf der Nordseite soll die alte aus Ladurns sein: <a href='https:\/\/www.pyha.fi\/en\/skiresort\/slopes'>https:\/\/www.pyha.fi\/en\/skiresort\/slopes<\/a><\/p>\n<p>F\u00fcr 20,- oder 30,- \u20ac Skipasspreis w\u00e4r das nat\u00fcrlich keine Frage, aber bei 43 bis 52,- \u20ac seh ich halt nicht wirklich den Mehrwert, nur um 1 Skigebiet mehr auf meiner Liste zu haben?! Da w\u00fcrd ich mir noch lieber die Tageskarte im bekannten Levi um 51,50 kaufen (oder die 3h um 43,-) &#8211; ich f\u00fcrchte, da werden nicht mehr viel neue Skigebiete dazu kommen in Finnland, bei diesen Preisen, da \u00fcberleg ich selbst, ob ich Saariselk\u00e4 im Fr\u00fchjahr \u00fcberhaupt anfahren m\u00f6chte oder auch Salla jetzt oder im Fr\u00fchjahr. Da kauf ich mir wohl lieber in Norwegen ein paar mehr Skip\u00e4sse ;) <\/p>\n<p>Wobei ich die erste Norwegentour ja schon im Januar machen wollte, um die beiden s\u00fcdlicheren Skigebiete der Saisonkarte zu besuchen. Gerade mal bissl rumgesucht, nat\u00fcrlich sind die Skigebiete, die mich da sonst noch interessieren w\u00fcrden, im Januar unter der Woche geschlossen und nur an den WE offen. Da werd ich also wohl leider nicht viele besuchen k\u00f6nnen.<\/p>\n<p>Oder ich fahr schon zu Weihnachten, falls in den Gebieten ausnahmsweise zu der Zeit schon lohnenswert genug offen sein sollte. Allerdings w\u00e4r ich ja auch gern erst ein paar Wochen auf der anderen Saisonkarte gefahren, aber \u00fcber Weihnachten mehr unterwegs zu sein, h\u00e4tte auch weitere Vorteile (weniger Campingpl\u00e4tze n\u00f6tig, die dann voller und teuerer sind; l\u00e4ngere Skitage durch Feiertage; mehr Skigebiete t\u00e4glich offen, aber nat\u00fcrlich auch mehr Leute in den Gebieten. Und die Ferienzeit geht hier halt nur bis 1.1. oder 2.1., also nur 1 Woche, zudem manchmal zu Weihnachten und Silvester verk\u00fcrzte Betriebszeiten)<\/p>\n<p>\u00dcbrigens, nicht nur in \u00d6sterreich gibts das Problem mit den Mitarbeitern. Auch in Skandinavien liest man gef\u00fchlt auf  jeder zweiten Website oder Facebookseite im Herbst, dass Mitarbeiter gesucht werden.<\/p>\n<p><strong>Fr, 1.12.2023<\/strong><\/p>\n<p>Zuf\u00e4llig beim Suchen nach Parkpl\u00e4tzen entdeckt, es gibt hier in der N\u00e4he noch einen einzelnen SL. K\u00f6nnte aber auch au\u00dfer Betrieb sein. D\u00fcrfte das Skigebiet hier gewesen sein:<br \/>\n<a href='https:\/\/www.facebook.com\/p\/Perhe-Luosto-100045575306108\/'>https:\/\/www.facebook.com\/p\/Perhe-Luosto-100045575306108\/<\/a><br \/>\n<a href='https:\/\/www.freeride.fi\/laskettelukeskukset\/perhe-luosto\/'>https:\/\/www.freeride.fi\/laskettelukeskukset\/perhe-luosto\/<\/a><\/p>\n<p>Nachdem die hintere T\u00fcre vorgestern bei der Ankunft noch aufgegangen ist, tat sich heute Morgen mal wieder kein Mucks, bl\u00f6d ist das. Nachmittags bemerkt, warum: diesmal von au\u00dfen alles vereist. Pfff. Das, wenn einem auch vorne passieren w\u00fcrde, k\u00e4me man ja gar nicht mehr raus!<\/p>\n<p><a href='http:\/\/extra.inmontanis.info\/d\/102062-2\/DSC09188.jpg'><img src=http:\/\/extra.inmontanis.info\/d\/102061-3\/DSC09188.jpg \/><\/a><br \/>\n^ T\u00fcre von au\u00dfen vereist, wobei auch der T\u00fcrspalt voller Eis ist<\/p>\n<p>Beim Starten des Motors hat es auch laut geklappert hinten am Auspuff, hoffentlich nur Eiszapfen, die waren jedenfalls zahlreich um das Auto herum. Kommt wohl, wenn man das Auto innen zu sehr aufw\u00e4rmt, dann taut der Schnee, den es schneit, oben ab, gefriert aber weiter unten &#8230; <\/p>\n<p>Vormittags laufend leichter Schneefall. Wenn das so weitergeht, wird die Nacht eh nicht so kalt werden. Am Lift-Parkplatz heut mehr als doppelt so viel Autos. Also, ca. 10. Am F\u00f6rderband waren einige Luftreifenrutscher, am SL auch nicht mehr als ca. 4-5.<\/p>\n<p>Seit heute ist nun die linke Abfahrt 5 in ganzer L\u00e4nge ge\u00f6ffnet, also auch der obere (flache) Teil.<\/p>\n<p>Was in Finnland sehr st\u00f6rend  ist, wie es auch glaub ich in Schweden recht h\u00e4ufig war, dass die Pisten ein- und manchmal beidseitig am Rand schon morgens mit einer Schneemobilspur zerst\u00f6rt sind, heute am Skiweg 8b  der Steilhangumfahrung 2 Spuren nebeneinander in der MItte, oft auch an dem Weg und der Kurve zum SL, so dasss man insb. beim Geradeausfahren extrem aufpassen muss, dass man da nicht in so einer &#8220;Schiene&#8221; von den Kufen h\u00e4ngen bleibt.<\/p>\n<p>Grund ist, dass die MItarbeiter vom Pistendienst nicht, wie meist in den Alpen, Ski fahren, sondern eben mit dem Schneemobil, wenn sie zB. Schilder aufstellen oder die Begrenzungsstecken kontrollieren. Den Gestank hat man dann zus\u00e4tzlich, wenn so ein Schneemobil gerade vorbei f\u00e4hrt.<\/p>\n<p><a href='http:\/\/ski.inmontanis.info\/d\/323418-2\/ge20231125-1201.jpg'><img src=http:\/\/ski.inmontanis.info\/d\/323417-3\/ge20231125-1201.jpg \/><\/a><br \/>\n^ GPS-Track von dieser Woche<\/p>\n<p>Heute Nacht soll leider mit -17\u00b0 wieder eine der k\u00e4ltesten der letzten und n\u00e4chsten Tage werden, ausgerechnet, wenn ich freistehen m\u00f6chte.. Um Sodankyl\u00e4 auch -20\u00b0. Davor k\u00f6nnte evtl ein Nachtplatz sein, wenn ger\u00e4umt. Heute Nachmittag noch dort hin fahren, damit mein Auto w\u00e4rmer w\u00fcrde, aber auf die Gefahr, dass nicht erreichbar im Winter oder bleib ich hier in der N\u00e4he, ggf. wieder an dem Parkplatz weiter oben, zwar 3-4 km in der Gegenrichtung, daf\u00fcr nicht ganz unten im Tal, was oftmals weniger kalt ist? <\/p>\n<p>Entschied mich also f\u00fcr letzteres. Somit musste ich noch im kleinen Supermarkt vor Ort bissl was einkaufen. Leider heute keine Croissants gegeben, sondern nur kleine Schoko-gef\u00fcllte Dinger, also da zwei mitgenommen. Leider war auch ausgerechnet der Kebab-Kartoffelauflauf heute um -30% verg\u00fcnstigt (heute Ablaufdatum) und sie hatten noch 7 St\u00fcck, also musste ich da halt eins mitnehmen, war ja nicht so schlecht gestern, aber eigentlich etwas scharf.  Die Vollmilch war mit 1,65 dann allerdings die teuerste Milchvariante, aber die Leichtmilch nur um 0,05 g\u00fcnstiger, sp\u00fcrbar g\u00fcnstiger eine ganz fettfreie Milch (nach was die noch schmeckt?) und um ca. 0,50 g\u00fcnstiger die Michpackungen ohne Verschluss, aber den Fehler wollte ich heut nicht schon wieder machen.<\/p>\n<p>\u00c4rgerlich, dass die Schwedische Krone weiterhin teurer geworden ist, das sind schon bald 5%, was ich mir am Saisonpass eingespart  h\u00e4tte, wenn ich ihn Anfang November gekauft h\u00e4tte. Und ich bin mir immer noch nicht im Klaren, wohin ich die Karte nun schicken lassen soll. Aber jetzt werd ich mich dann bald entscheiden m\u00fcssen.<\/p>\n<p>Daf\u00fcr sperrt Bydalen z.B. jetzt schon 2 Wochen fr\u00fcher auf &#8211; aber nur WE, daher n\u00fctzt es noch nichts, dort hin zu fahren &#8211; und meldet vielleicht f\u00fcr Anfanz Dezember sogar rekordhafte 120cm Schnee. (Und die starken Schneef\u00e4lle in den deutschen und \u00f6sterreichischen Alpen samt Schneechaos in M\u00fcnchen mit \u00fcber 40cm deuten dort heuer auf einen Nord-Winter hin, vmtl. liegt teils schon mehr Schnee als es  den ganzen letzten Winter nicht gegeben hat..)<\/p>\n<p>Oha, \u00e4u\u00dferst unsch\u00f6ne Entwicklungen in Schweden. Zumindest zwei meiner Lieblingsskigebiete, Klimpfj\u00e4ll und Nalovardo (von denen trage ich das Halstuch) haben auf Keycards umgestellt, im ersteren Fall ohne Info, welches System, aber bei Nalovardo samt Onlineshop ein mir unbekanntes System und die verlangen 70,- SEK f\u00fcr die Keycard. Schon mal ein Skigebiet weniger, das ich diese Saison besuchen werde. Schade. Fangen die Schweden jetzt auch mit dem Schei\u00df an und m\u00fcssen mehr und mehr andere Keycard-Systeme verwenden :( Dann werd ich auch ein alternatives Tuch suchen m\u00fcssen, da ich das Gratistuch vom Hintertuxer auch nicht mitnehmen wollte. (Oder hab ichs doch dabei?!)<\/p>\n<p><strong>Sa, 2.12.2023<\/strong><\/p>\n<p>Innenminimum die Nacht war -6,4\u00b0 laut dem \u00fcblichen Thermometer, was wohl ein neuer Rekord sein k\u00f6nnte. Dank des, wenn auch etwas zu kleinen, Ex-Fenster-Schaumstoffmatte zwischen den Decken aber ja nun w\u00e4rmer. \u00dcberraschend auch, dass die F\u00fc\u00dfe mit Str\u00fcmpfe warm genug waren und eigentlich keine Heizung ben\u00f6tigten &#8211; auch wenn ich sie irgendwann eher f\u00fcr den Hintern-Bereich eingeschaltet hatte. Sogar mein Frischwasser, das am hinteren Gurt in ca. Kopfh\u00f6he, aber eben neben der Au\u00dfenwand, h\u00e4ngt, war teilweise gefroren. <\/p>\n<p>Auto meldete drau\u00dfen aber nur -13\u00b0, was wie \u00fcblich nach ein paar Metern Fahrt noch um 2\u00b0 gesunken ist. Im Tal dann die gemeldeten -16\/-17\u00b0 und bald danach, noch weit vor Sodankyl\u00e4, schon -20. Auf dem Weg nach Kittil\u00e4 einmal kurz -25\u00b0, in Kittil\u00e4 -19\u00b0, an Levi vorbei -16\u00b0 und in Olos am Skigebiet angekommen -20\u00b0.<\/p>\n<p>Benzinpreise zwischen 1,92 (Sodankyl\u00e4) und 2,12 (Levi), ich tankte 10 Liter \u00e0 2,- \u20ac in Kittil\u00e4.<\/p>\n<p>&#128681; Gespeicherte Geolocation &#8211; Karte anzeigen: <a href='https:\/\/www.google.com\/maps\/@?api=1&#038;map_action=map&#038;center=67.9318921,23.8143805&#038;zoom=12&#038;basemap=terrain' target=_blank> GoogleMaps<\/a> &#128681; <a href='https:\/\/www.openstreetmap.org\/?&#038;mlat=67.9318921&#038;mlon=23.8143805#map=10\/67.9318921\/23.8143805&#038;layers=P' target=_blank> OSM &#128681;<\/a><\/p>\n<p>Wie bef\u00fcrchtet, war nur einer der drei Hauptlifte offen, zudem w\u00fcrde der daneben  noch etwas weiter hinauf gehen (so k\u00e4me man leichter zum Gipfel f\u00fcr Fotos). F\u00fcr die eisige Temperatur war&#8217;s mir aber ziemlich warm, was wohl am anstrengenden, steilen Kurzb\u00fcgel-SL lag und auch an den noch nicht sauber pr\u00e4parierten linken Abfahrten. Sperrschilder waren aber auch nirgends aufgestellt. Der Vintertec?-Graffer-Tellerlift daneben im unteren Teil war aber sehr lahm.<\/p>\n<p>Leider wohl keine offiziell eigenen Toiletten, entweder im Hotel oder im Restaurant; am unteren Restaurant g\u00e4b&#8217;s zwar laut Schild normalerweise einen eigenen Eingang zu den WCs, war aber noch geschlossen.<\/p>\n<p>Die Abfahrt war zwar ganz OK durch den Steilhang oben, aber interessanter waren die zwei noch nicht so ganz offenen, schm\u00e4leren Waldabfahrten links vom SL.<\/p>\n<p>Bin nicht bis zur kompletten Dunkelheit geblieben, um 14:30 aufgeh\u00f6rt, nachdem der B\u00fcgel-SL zweimal l\u00e4nger gestanden ist.<\/p>\n<p><a href='http:\/\/ski.inmontanis.info\/d\/323424-2\/DSC09196.jpg'><img src=http:\/\/ski.inmontanis.info\/d\/323422-3\/DSC09196.jpg \/><\/a><br \/>\n^ Talstationsbereich von 3 der 4 SL<\/p>\n<p><a href='http:\/\/ski.inmontanis.info\/d\/323428-2\/DSC09197.jpg'><img src=http:\/\/ski.inmontanis.info\/d\/323427-3\/DSC09197.jpg \/><\/a><br \/>\n^ Dieser Langb\u00fcgel-SL (Vintertec\/Graffer\/R\u00f6hrs) f\u00fchrt weiter hinauf ..<\/p>\n<p><a href='http:\/\/ski.inmontanis.info\/d\/323432-2\/DSC09198.jpg'><img src=http:\/\/ski.inmontanis.info\/d\/323431-3\/DSC09198.jpg \/><\/a><br \/>\n^ .. als der Kurzb\u00fcgler daneben<\/p>\n<p><a href='http:\/\/ski.inmontanis.info\/d\/323436-2\/DSC09199.jpg'><img src=http:\/\/ski.inmontanis.info\/d\/323435-3\/DSC09199.jpg \/><\/a><br \/>\n^ Pistenplan; es gibt dann noch einen SL weiter rechts, der noch ein St\u00fcck weiter hinauf f\u00fchrt. Das P steht \u00fcbrigens nicht f\u00fcr Parkplatz und das mit den WCs hatte auch nicht so ganz gestimmt. Abfahrten 1-4 konnte man fahren, wobei 3 der Funpark ist<\/p>\n<p><a href='http:\/\/ski.inmontanis.info\/d\/323440-2\/DSC09201.jpg'><img src=http:\/\/ski.inmontanis.info\/d\/323439-3\/DSC09201.jpg \/><\/a><br \/>\n^ Bergstation Kurzb\u00fcgel-SL (12:05 Uhr)<\/p>\n<p><a href='http:\/\/ski.inmontanis.info\/d\/323444-2\/DSC09203.jpg'><img src=http:\/\/ski.inmontanis.info\/d\/323443-3\/DSC09203.jpg \/><\/a><br \/>\n^ Abfahrt 4 zwischen den beiden SL, man erzeugt mit der Beschneiung wieder mehr Nebel als Schnee<\/p>\n<p><a href='http:\/\/ski.inmontanis.info\/d\/323448-2\/DSC09204.jpg'><img src=http:\/\/ski.inmontanis.info\/d\/323447-3\/DSC09204.jpg \/><\/a><br \/>\n^ Abfahrt 1 vom oberen Zwischenausstieg<\/p>\n<p><a href='http:\/\/ski.inmontanis.info\/d\/323452-2\/DSC09205.jpg'><img src=http:\/\/ski.inmontanis.info\/d\/323451-3\/DSC09205.jpg \/><\/a><br \/>\n^ Der Tellerlift f\u00e4hrt sehr langsam, die St\u00fctzen erinnern an Toplift Schweden; Rollen, Wippen, Geh\u00e4nge usw. ist eher Graffer.<\/p>\n<p><a href='http:\/\/ski.inmontanis.info\/d\/323456-2\/DSC09208.jpg'><img src=http:\/\/ski.inmontanis.info\/d\/323455-3\/DSC09208.jpg \/><\/a><br \/>\n^ Abfahrt 2, hatte etwas unsch\u00f6nere  (h\u00e4rtere) Pistenraupenspuren als Abfahrt 1<\/p>\n<p><a href='http:\/\/ski.inmontanis.info\/d\/323460-2\/DSC09211.jpg'><img src=http:\/\/ski.inmontanis.info\/d\/323459-3\/DSC09211.jpg \/><\/a><br \/>\n^ Funpark (Abfahrt 3)<\/p>\n<p><a href='http:\/\/ski.inmontanis.info\/d\/323464-2\/DSC09212.jpg'><img src=http:\/\/ski.inmontanis.info\/d\/323463-3\/DSC09212.jpg \/><\/a><br \/>\n^ Hotel usw<\/p>\n<p><a href='http:\/\/ski.inmontanis.info\/d\/323468-2\/DSC09214.jpg'><img src=http:\/\/ski.inmontanis.info\/d\/323467-3\/DSC09214.jpg \/><\/a><br \/>\n^ Blick ins etwas beleuchtete Muonio, dahinter der Grenzfluss zwischen Finnland und Schweden<\/p>\n<p><a href='http:\/\/ski.inmontanis.info\/d\/323472-2\/DSC09216.jpg'><img src=http:\/\/ski.inmontanis.info\/d\/323471-3\/DSC09216.jpg \/><\/a><br \/>\n^ Blick ins Pallas-Gebirge, wo ja das 4. Skigebiet der Saisonkarte ist und das einzige der 4, das ich schon kannte. (13:41 Uhr)<\/p>\n<p><a href='http:\/\/ski.inmontanis.info\/d\/323476-2\/DSC09217.jpg'><img src=http:\/\/ski.inmontanis.info\/d\/323475-3\/DSC09217.jpg \/><\/a><br \/>\n^ Ungef\u00e4hr in diese Richtung k\u00f6nnte irgendwann Levi sein<\/p>\n<p><a href='http:\/\/ski.inmontanis.info\/d\/323480-2\/DSC09219.jpg'><img src=http:\/\/ski.inmontanis.info\/d\/323479-3\/DSC09219.jpg \/><\/a><br \/>\n^ .. und ungef\u00e4hr in diese Richtung k\u00f6nnte dann Yll\u00e4s sein.<\/p>\n<p><a href='http:\/\/ski.inmontanis.info\/d\/323484-2\/DSC09224.jpg'><img src=http:\/\/ski.inmontanis.info\/d\/323483-3\/DSC09224.jpg \/><\/a><br \/>\n^ Bin etwas aufgestiegen zu den beiden noch geschlossenen  SL (14:18 Uhr), aber f\u00fcr eine Offpiste-Befahrung der Abfahrten weiter au\u00dfen war&#8217;s mir schon zu dunkel<\/p>\n<p><a href='http:\/\/ski.inmontanis.info\/d\/323488-2\/DSC09225.jpg'><img src=http:\/\/ski.inmontanis.info\/d\/323487-3\/DSC09225.jpg \/><\/a><br \/>\n^ Gipfel, da wollte ich auch nicht mehr weiter rauf<\/p>\n<p><a href='http:\/\/ski.inmontanis.info\/d\/323492-2\/DSC09226.jpg'><img src=http:\/\/ski.inmontanis.info\/d\/323491-3\/DSC09226.jpg \/><\/a><br \/>\n^ Dass Vintertec Graffer-Wippen verbaut hat, find ich ja schon cool.<\/p>\n<p>Im wenige km entfernten Muonio waren es dann etwas ungemeldeterweise -25\u00b0. Ich buchte online f\u00fcr 4 Tage den Platz am Wohnmobilstellplatz, dann bekommt man einen 6-stelligen Code f\u00fcr die Einfahrt und die T\u00fcren.<\/p>\n<p>Es gibt 1x WC\/M, 1x WC\/W,  1x Dusche\/M, 1x Dusche\/W, einen Absp\u00fclbereich dazwischen und eine extra WC-Entleerung, f\u00fcr 14 Stellpl\u00e4tze (oder 12; heute mit mir 6 belegt, vielleicht wegen WE so voll) und die Nacht kostet 28,- \u20ac, Strom ist mit 16A abgesichert. Was m.E.  bescheuert ist, dass es zu den WCs hinauf nur eine steile Metall-Rost-Rampe gibt. K\u00f6nnte wohl manchmal oder je nach Schuhe rutschig sein&#8230;. Ansonsten ist das Servicegeb\u00e4ude insofern nett gemacht, da es handgeschriebene Tagesspr\u00fcche und Anweisungen an den W\u00e4nden gibt, Duschgel und Sp\u00fclmittel g\u00e4be es z.B. auch.<\/p>\n<p>Wie schon gesagt, 4 N\u00e4chte, also bis zum finnischen Feiertag am Mittwoch (Unabh\u00e4ngigkeitstag, zuvor geh\u00f6rte Finnland zum  russischen Kaiserreich, noch fr\u00fcher zu Schweden), weil da ja das Skigebiet, wie am WE, ab 11 Uhr offen ist und nicht erst ab 16 Uhr wie MO+DI+DO+FR. Sp\u00e4testens am \u00f6sterreichischen Feiertag am Freitag, 8.12., w\u00e4re mir die 16-Uhr-\u00d6ffnung hier sehr unpassend. F\u00fcr Montag hab ich aber schon eine Idee, um die Zeit nach 12 Uhr tot zu schlagen: Endlich den Kalender 2024 machen.<\/p>\n<p>Leider waren die Wohnmobile bereits recht verteilt gestellt, so dass ich mich irgendwo dazwischen stellen musste. Ich schreckte hin und wieder auf, wenn abends T\u00fcren zugeschlagen wurden.<\/p>\n<p>Vom 8.-25.1. ist das Skigebiet Olos \u00fcbrigens komplett geschlossen, nicht mal am WE offen. Pallas macht ab 17.2. auf, hat daf\u00fcr bis 5.5. offen.<\/p>\n<p>Eine Tageskarte in Levi werd ich mir diese Woche wohl auch nicht um 51,50 \u20ac kaufen wollen und die 3h um 43,- \u20ac, naja, m\u00fcssen eigentlich auch nicht unbedingt sein. Vielleicht fahr ich am Mittwoch Nachmittag dann wieder nach Luosto retour (oder \u00fcbernachte unterwegs auf einem Rastplatz, wobei die alle nah an der Stra\u00dfe sind), dann vielleicht von DO-SO nochmals 4 Tage in Luosto mit ggf. Fahrt am SO nach Ounasvaara, um dort nochmals 3-5 Tage zu bleiben und dann gehts wieder nach Schweden.<\/p>\n<p>Ich werd mich nun damit arrangieren m\u00fcssen, dass ich entweder nicht mehr jeden Tag Ski fahren kann, oder bei Dunkelheit Autofahren muss. Wobei die Schneefahrbahnen bei Dunkelheit angenehmer sind als in der D\u00e4mmerungszeit, da dann die Scheinwerfer f\u00fcr mehr Kontrast auf der Fahrbahn sorgen. Bei D\u00e4mmerung oder tags\u00fcber bei Nebel\/Bew\u00f6lkung tut man sich teilweise so schwer, den Stra\u00dfenrand zu erkennen, wenn Stra\u00dfe und Rand beides gleichfarbig wei\u00df ist.<\/p>\n<p>Die Sonnenauf-\/-untergangszeiten hier in Muonio derzeit, in Klammer die Zeiten mit D\u00e4mmerung Civil \/ Nautical:<br \/>\n2.12. 11:03-13:24 (9:10-15:18 \/ 7:47-16:40)<br \/>\n6.12. 11:30-13:01 (9:20-15:11 \/ 7:55-16:35)<br \/>\n9.12. 11:58-12:36 (9:26-15:07 \/ 8:00-16:33)<br \/>\n10.12. &#8211;\/&#8211; (9:28-15:06 \/ 8:02-16:32)<br \/>\n21.12. &#8211;\/&#8211; (9:43-15:02 \/ 8:14-16:31)<br \/>\n3.1. 12:16-12:42 (9:40-15:19 \/ 8:13-16:45)<br \/>\nQuelle:  <a href='https:\/\/www.timeanddate.com\/sun\/finland\/muonio'>https:\/\/www.timeanddate.com\/sun\/finland\/muonio<\/a><\/p>\n<p>Wie man sehen kann, ist die D\u00e4mmerungszeit in der sonnenaufgangslosen Zeit vergleichsweise nicht so viel k\u00fcrzer.<\/p>\n<p>Und obwohl z.B. Luosto n\u00f6rdlich des Polarkreises ist und im Sommer die Sonne \u00fcber 1 Monat durchgehend scheint (sofern nicht durch H\u00fcgel oder B\u00e4ume verdeckt) gibt es im Dezember keine ganzt\u00e4gige Nicht-Sonnenscheinzeit (k\u00fcrzester Tag am 22.12. mit \u00fcber 1 Stunde) laut <a href='https:\/\/www.timeanddate.com\/sun\/@8394411?month=12&#038;year=2023'>https:\/\/www.timeanddate.com\/sun\/@8394411?month=12&#038;year=2023<\/a><\/p>\n<p>Aber im Grunde ist das ja eh egal, ob jetzt die Sonne offiziell aufgeht oder nicht, macht bei den vielen Tagen mit tiefer Wolken-\/Nebeldecke auch keinen Unterschied.<\/p>\n<p>(Nordkapp: bereits seit 20.11. kein Sonnenaufgang mehr, D\u00e4mmerungszeiten am 21.12. 9:41-12:47 \/ 7:33-14:55)<\/p>\n<p>Heute mal wieder ein langes Baguette gekauft, hatte letztes Jahr ja auch funktioniert, auch wenn es nat\u00fcrlich mehr br\u00f6seln kann. Mit 1,05 \u20ac f\u00fcr die L\u00e4nge durchaus g\u00fcnstig, aber wesentlich heller und luftiger und weicher als die Baguettes bei uns oder in Frankreich. Bissl dunkler k\u00f6nnt&#8217;s schon sein, wobei mir die franz\u00f6sischen ja manchmal schon zu hart sind.<\/p>\n<p>Zum Abendessen? Endlich mal den in N\u00fcrnberg so g\u00fcnstig gekauften Rostbratwurst-Bruch aufmachen und welche anbraten. Plus eben Baguette.<\/p>\n<p><a href='http:\/\/extra.inmontanis.info\/d\/102066-2\/DSC09227.jpg'><img src=http:\/\/extra.inmontanis.info\/d\/102065-3\/DSC09227.jpg \/><\/a><br \/>\n^ 2&#215;4 N\u00fcnberger und ein St\u00fcck Baguette; hab sp\u00e4ter die W\u00fcrste auf eine Seite gelegt und den Grilltoaster geschlossen<\/p>\n<p><a href='http:\/\/extra.inmontanis.info\/d\/102070-2\/DSC09230.jpg'><img src=http:\/\/extra.inmontanis.info\/d\/102069-3\/DSC09230.jpg \/><\/a><br \/>\n^ So, halbwegs fertig. Aber das Fett am Ger\u00e4t war nicht so einfach zu entfernen.<\/p>\n<p>Im K\u00fchlschrank bemerkte ich dann auch 1. eine kleine Sauerei (konnte es geruchsm\u00e4\u00dfig aber nicht zuordnen und es schien nichts von dem zu sein, was momentan drin ist) und einen kleinen Schimmelansatz (anderswo), somit also eine kleine Reinigung f\u00e4llig gewesen. Das Reinigen des Grilltoasters war dagegen recht aufw\u00e4ndig, solche Sachen, die Fett abgeben, sollte ich vielleicht besser im Kochtopf machen. Der schaltet dann zwar immer wieder sehr lang ab, aber l\u00e4sst sich viel leichter reinigen.<\/p>\n<p>Bei den -25\u00b0 heute Abend (oder viellleicht auch -27 laut Wettervorhersagenseite mittlerweile oder <strong>-28,9<\/strong> laut einer anderen Wetterstation um 22:40 Uhr an der Kirche oder so?! ) hab ich tats\u00e4chlich fast den ganzen Abend mit 2 Heizern und insg. ca. 1.300 Watt geheizt. Morgen tags\u00fcber sind nur noch -15 gemeldet. Heute Nacht wohl so ziemlich der k\u00e4lteste Ort in ganz Finnland. <\/p>\n<p>Damit ich morgen fr\u00fch keinen Eisblock statt Milch hab, hab ich vorsichtshalber die warme Wasserspr\u00fchflasche und die durch die Heizer gew\u00e4rmte Colaflasche in den K\u00fchlschrank. Und der Schuhheizer blieb bei fast-h\u00f6chster Stufe zus\u00e4tzlich die Nacht \u00fcber an. (Somit ca. 800W zusammen.)<\/p>\n<p>Fast schon den ganzen Tag l\u00e4uft auch die Heizmatte unter der Batterie auf Stufe 1, das Thermometer zeigt dort +10\u00b0 an und werd ich somit auch diese Nacht laufen lassen. <\/p>\n<p><strong>So, 3.12.2023<\/strong><\/p>\n<p>Um 9 Uhr meldete die Wetterstation nur noch -12,7\u00b0.  Vor der Abfahrt taute ich mittels Heizl\u00fcfter noch das Eis auf, das die hintere T\u00fcr versperrte.<\/p>\n<p>Ich fuhr noch kurz einkaufen, der S-Market in Muonio ist etwas kleiner als die bisherigen, und nahm Brot (schwedisch- &#038; semmel\u00e4hnlich), Cola light und (TK-) Kartoffelspalten mit. M\u00f6chte die restlichen Bratw\u00fcrste heut Abend im Topf anbraten und dann die H\u00e4lfte jeweils heute und morgen mit der H\u00e4lfte der Kartoffelspalten essen.<\/p>\n<p>Erst  nach Mittag  fiel mir ein, dass ich ja morgen erst ab 16 Uhr Ski fahren kann und somit nicht um 17  Uhr abendessen k\u00f6nnte und es auch davor umst\u00e4ndlich w\u00e4re, somit sich ja angeboten h\u00e4tte, vor dem Skifahren mal einen Burger bei Rolls zu kaufen. Vielleicht dann Dienstag? <\/p>\n<p>Um 10:30 war ich im Skigebiet, das ja erst um 11 Uhr aufmacht, -11\u00b0, leichter Schneefall und etwas Nebel im oberen Bereich.<\/p>\n<p>Der Kurzb\u00fcrgler ging erst um 11:20 in Betrieb, weil mind. 1 B\u00fcgel repariert werden musste. Es gibt ja ca. oder mindestens 4 verschiedene, sehr kurze R\u00f6hrs  (meist sehr rutschig), l\u00e4ngere R\u00f6hrs und Doppelmayr mit zwei verschiedenen B\u00fcgelformen (weniger rutschig).<\/p>\n<p>Daf\u00fcr heute auch in Betireb: Der Vintertec-Graffer-R\u00f6hrs-SL, allerdings nur bis zum Zwischenausstieg auf H\u00f6he Tellerift. Und die Kids fuhren trotzdem meist lieber den Kurzb\u00fcgler, auch wen sie nur bis zum gleich hohen Zwischenausstieg gefahren sind und sich teilweise schwer taten, den B\u00fcgel zu holen. Denn die meiste Zeit herrschte hier Selbsstbedienung.  Was bisher in Finnland eher umgekehrt war, die meiste Zeit war Bedienung. Jedenfalls somit manchmal kurze Wartezeiten am Kurzb\u00fcgler, am sehr langsamen Tellerlift dagegen fuhr gar keiner.<\/p>\n<p>Ich denke, ich weiss jetzt, warum hier die geschlossenen Abfahrten nicht mit einem Sperrschild versehen sind &#8211; es w\u00e4re vergebens, weil sich die ganzen Kids (wie auch ich) nicht daran halten w\u00fcrden. Die haben hier einfach aufgegeben. Ein Border fuhr am Grafferlift weiter hinauf und ignorierte den offiziellen Ausstieg, zwei Kinder fuhren den selben Lift ohne Ski nur mit Skischuhen hinauf bis zum Austieg und die Piste auf Skischuhen ab &#8230; hier ist wohl so ziemlich alles &#8220;erlaubt&#8221; ;)<\/p>\n<p><a href='http:\/\/ski.inmontanis.info\/d\/323496-2\/DSC09234.jpg'><img src=http:\/\/ski.inmontanis.info\/d\/323495-3\/DSC09234.jpg \/><\/a><br \/>\n^ Der Vintertec-Graffer-SL in der Mitte war heute offen ..<\/p>\n<p><a href='http:\/\/ski.inmontanis.info\/d\/323500-2\/DSC09235.jpg'><img src=http:\/\/ski.inmontanis.info\/d\/323499-3\/DSC09235.jpg \/><\/a><br \/>\n^ .. aber leider nur bis hierhin. Wobei mindestens einer auch weiter hinauf gefahren ist<\/p>\n<p>Bei meiner Mittagessenspause im Auto standen hier am Hotel sogar 2 Fahrzeuge aus Deutschland (IN+BS). K\u00f6nnte mir aber vorstellen, dass die eher zum Langlaufen hier sind. Auf den Pisten sind ja quasi nur Kinder und Jugendliche unterwegs und hier und da mal ein Elternteil.<\/p>\n<p><a href='http:\/\/ski.inmontanis.info\/d\/323504-2\/ge20231201-02b.jpg'><img src=http:\/\/ski.inmontanis.info\/d\/323503-3\/ge20231201-02b.jpg \/><\/a><br \/>\n^ GPS-Track 1.+2.12.2023<\/p>\n<p>Jedenfalls gefielen mir auch heute wieder die beiden linken Abfahrten, die in den n\u00e4chsten zwei Tagen wegen fehlender Beleuchtung ja ausfallen. Somit ist auch dieses Skigebiet hier ganz nett und ich bin nach wie vor zufrieden, dass ich diese g\u00fcnstige Saisonkarte gekauft hab und freu mich, wenn ich die 4 Skigebiete dann im Februar oder M\u00e4rz noch kompletter fahren kann, wobei die Zeit dann wohl nur f\u00fcr jeweils 2-4 Tage, nicht f\u00fcr eine ganze Woche reichen wird. K\u00f6nnte mir durchaus vorstellen, diese Karte, solllte sie weiterhin um 50% im Vorverkauf so g\u00fcnstig sein, wieder einmal zu kaufen.<\/p>\n<p>Wobei die mir zur Verf\u00fcgung stehende Zeit dann auch davon abh\u00e4ngig ist, ob ich die Skigebiete an der nordnorwegische K\u00fcste besuchen werde oder nicht, was haupts\u00e4chlich schnee- und wetterabh\u00e4ngig sein wird. Angedacht w\u00e4ren ja ggf. die Lifte am Nordkapp, in Troms\u00f8, in Ankenes bei Narvik, auf den Lofoten, am Glomfjord, &#8230;<\/p>\n<p>Die n\u00e4chsten beiden Tage werden allerdings hart werden, ob ich mich nach 15 Uhr in der Dunkelheit noch aufraffen kann, ins Skigebiet zu fahren? Wenn es klaren Himmel g\u00e4be und man mal Nordlichter sehen k\u00f6nnte&#8230;<\/p>\n<p>Nach 18 Uhr zumindest ca. 1 Stunde lang elendslangsames Internet, mit beiden Handys und egal in welchem Roaming-Netz. N\u00e4chster Bericht: Kalender 2024.<\/p>\n<p>&#8212;<br \/>\nIn \u00d6sterreich wird wohl bald wieder eine Maskenpflicht eingef\u00fchrt, schon die zweite Meldung in dieser Causa, die ich in den letzten Tagen gesehen hab:<br \/>\n<a href='https:\/\/orf.at\/#\/stories\/3341620\/'>https:\/\/orf.at\/#\/stories\/3341620\/<\/a><\/p>\n<p>&#8220;Die Bild-Zeitung hat gemeldet, dass sie einen Chefreporter gefeuert hat, weil er als Mitautor eines Buches genannt wird, in dem Russland &#8211; nicht die russische Politik &#8211; positiv dargestellt wird. &#8221;<br \/>\n<a href='https:\/\/www.anti-spiegel.ru\/2023\/bild-zeitung-feuert-chefreporter-wegen-mitarbeit-an-russland-freundlichem-buch\/'>https:\/\/www.anti-spiegel.ru\/2023\/bild-zeitung-feuert-chefreporter-wegen-mitarbeit-an-russland-freundlichem-buch\/<\/a><\/p>\n<p>Weiteres Beispiel zu &#8220;Freie Meinung vs. Cancel Culture&#8221; in Deutschland:<br \/>\n<a href='https:\/\/reitschuster.de\/post\/milch-milliardaer-nimmt-afd-in-schutz-rot-gruen-rotiert\/'>https:\/\/reitschuster.de\/post\/milch-milliardaer-nimmt-afd-in-schutz-rot-gruen-rotiert\/<\/a><\/p>\n","protected":false},"excerpt":{"rendered":"<p>Do, 30.11.2023<\/p>\n<p>Der Schneer\u00e4umer hier am Platz weckte mich schon um 7 Uhr (mit 2 lauten Durchfahrten), wo ich doch wegen der Zeitverschiebung in Finnland eigentlich bis 8 Uhr schlafen kann. Oder anders gesagt: Es hat abends\/nachts diesmal ein paar cm mehr geschneit, vieleicht auch etwas \u00fcber 10cm, aber da k\u00f6nnte noch etwas Altschnee auf <a href=\"http:\/\/blog.inmontanis.info\/?p=9559\">[&#8230;]<\/a><\/p>\n","protected":false},"author":1,"featured_media":9562,"comment_status":"closed","ping_status":"closed","sticky":false,"template":"","format":"standard","meta":{"footnotes":""},"categories":[912,20,917,918,27],"tags":[91,47],"class_list":["post-9559","post","type-post","status-publish","format-standard","has-post-thumbnail","hentry","category-2023-09-2024-xx-skandinavien","category-finnlandfinland","category-luosto","category-olos","category-skifahren-winterskiing-winter","tag-graffer","tag-sl","odd"],"_links":{"self":[{"href":"http:\/\/blog.inmontanis.info\/index.php?rest_route=\/wp\/v2\/posts\/9559","targetHints":{"allow":["GET"]}}],"collection":[{"href":"http:\/\/blog.inmontanis.info\/index.php?rest_route=\/wp\/v2\/posts"}],"about":[{"href":"http:\/\/blog.inmontanis.info\/index.php?rest_route=\/wp\/v2\/types\/post"}],"author":[{"embeddable":true,"href":"http:\/\/blog.inmontanis.info\/index.php?rest_route=\/wp\/v2\/users\/1"}],"replies":[{"embeddable":true,"href":"http:\/\/blog.inmontanis.info\/index.php?rest_route=%2Fwp%2Fv2%2Fcomments&post=9559"}],"version-history":[{"count":5,"href":"http:\/\/blog.inmontanis.info\/index.php?rest_route=\/wp\/v2\/posts\/9559\/revisions"}],"predecessor-version":[{"id":9565,"href":"http:\/\/blog.inmontanis.info\/index.php?rest_route=\/wp\/v2\/posts\/9559\/revisions\/9565"}],"wp:featuredmedia":[{"embeddable":true,"href":"http:\/\/blog.inmontanis.info\/index.php?rest_route=\/wp\/v2\/media\/9562"}],"wp:attachment":[{"href":"http:\/\/blog.inmontanis.info\/index.php?rest_route=%2Fwp%2Fv2%2Fmedia&parent=9559"}],"wp:term":[{"taxonomy":"category","embeddable":true,"href":"http:\/\/blog.inmontanis.info\/index.php?rest_route=%2Fwp%2Fv2%2Fcategories&post=9559"},{"taxonomy":"post_tag","embeddable":true,"href":"http:\/\/blog.inmontanis.info\/index.php?rest_route=%2Fwp%2Fv2%2Ftags&post=9559"}],"curies":[{"name":"wp","href":"https:\/\/api.w.org\/{rel}","templated":true}]}}