{"id":9543,"date":"2023-11-29T18:42:33","date_gmt":"2023-11-29T17:42:33","guid":{"rendered":"http:\/\/blog.inmontanis.info\/?p=9543"},"modified":"2023-11-30T08:01:38","modified_gmt":"2023-11-30T07:01:38","slug":"luosto-28-29-11-2023-mein-statement-zu-alpinfans-com-co","status":"publish","type":"post","link":"http:\/\/blog.inmontanis.info\/?p=9543","title":{"rendered":"Luosto, 28.-29.11.2023 \/ + mein Statement zu alpinfans.com &#038; Co"},"content":{"rendered":"<p><em>(Dieser Zwischenbericht aus Luosto ist nicht wegen zu vieler sch\u00f6ner Bilder f\u00e4llig &#8211; die hatte ich ja im vorherigen Bericht alle drin, aber aus aktuellem Anlass und weil ich den giftigen Nachsatz ganz unten in diesem Bericht nicht als eigenen Beitrag im Blog stehen haben wollte&#8230;)<\/em><\/p>\n<p><strong>Di, 28.11.2023<\/strong><\/p>\n<p>Die extra Fahrerei runter zum Hotel f\u00fcr&#8217;n Campingplatz-Checkout ist schon etwas umst\u00e4ndlich, aber so schlecht war der Platz hier gar nicht, h\u00e4tt ich auch die ganze Woche stehen k\u00f6nnen, zumal f\u00fcr morgen tags\u00fcber und nachts etwas mehr Schneefall gemeldet wird. Die mittlerweile gemeldeten 7mm Niederschlag k\u00f6nnen  auch 20cm Schnee werden, wenn man Pech hat.<\/p>\n<p>Trotz einiger starker Windb\u00f6en und ebensowenig Autos wie gestern liefen um 12 Uhr nach wie vor beide  SL, heute sogar schon mit eingeschalteter Beleuchtung, die wurde gestern relativ sp\u00e4t erst eingeschaltet.<\/p>\n<p>Das oberste, ja recht flache, St\u00fcck machte aufgrund des Windes gar keinen Sinn, aber auch unten war der Gegenwind so stark, dass man viel Schuss fahren musste, um nicht stehen zu bleiben. Die geschlossene linke Abfahrt 5 war nun gut pr\u00e4pariert ab Zwischenausstieg, so dass ich sie 2x gefahren bin, aber nach 1,5h hab ich aufgeh\u00f6rt, weil man bei dem starken Gegenwind nicht richtig in Fahrt kam. Au\u00dferdem wollt ich noch vor der Dunkelheit die m\u00f6glichen Parkpl\u00e4tze f\u00fcr die Nacht in der N\u00e4he abklappern  und einkaufen musste ich auch noch bissl was.<\/p>\n<p>Im kleinen Supermarkt im Ort mitgenommen, die Sachen, die ich f\u00fcr nicht teuer halte: 1x Kebabauflauf 300g um 2,99, 1x geschnittenes, weiches Brot (mit K\u00f6rner, ohne hatten die hier nichts brauchbares), 2x Croissants (je 0,50, zum Fruhst\u00fcck dann mit Marmelade) und weil es heute wegen Ablaufdatum um 30% g\u00fcnstiger war: 200g kleine, panierte H\u00fchnchenb\u00e4llchen. Ess ich dann halt mit Brot, weil ja die ganze Packung weg muss, sonst h\u00e4tte man die halbieren und in die Nudeln geben k\u00f6nnen, wobei ich da eh nur noch f\u00fcr 1 Portion jetzt da hab. F\u00fcr irgendein Getr\u00e4nk f\u00fcr \u00fcber 2 \u20ac inkl. Pfand konnte ich mich nicht entscheiden, hab noch eine Flasche Cola Light und ich h\u00e4tte noch eine Flasche \u00f6sterreichische Himbeerlimonade, die ich ja auch noch 50\/50 mit Wasser verd\u00fcnnt dann aufbrauchen wollte, d.h. 3 Flaschen, 3 Tage. Mehr wie 1,5l trink ich momentan eh nicht, eher weniger.<\/p>\n<p>Danach fuhr ich noch zum Parkplatz hinauf, wo auch der Weg zur Amethystminie abgeht und wo ich heute \u00fcbernachten wollte. Stra\u00dfen und der Rastplatz und Parkplatz war mittlerweile alles wieder sch\u00f6n ger\u00e4umt bzw. befestigt. <\/p>\n<p>Mein n\u00e4chstes Skigebiet Olos ist zwar ca. 3h Fahrzeit entfernt, aber das sind ja auch nur 60Ah, was ich dann nachladen kann, macht am Samstag ja erst um 11 Uhr auf, auf dem Weg gibts wohl auch kaum sinnvolle Nachtpl\u00e4tze,  jedenfalls sind&#8217;s ja bis Samstag noch 4 N\u00e4chte bzw. 3 bis Freitag, was batteriem\u00e4\u00dfig etwas eng werden k\u00f6nnte momemtan, d.h. vielleicht stell ich mich morgen nochmals auf den Campingplatz hier in Luosto f\u00fcr 1 oder 2 Tage.<\/p>\n<p>K\u00e4ltetechnisch werd ich aber auch n\u00e4chste Woche wieder vermehrt Strompl\u00e4tze anfahren m\u00fcssen, in der Stadt Muonio n\u00e4he Olos soll es einen kleinen Stellplatz an einer Tankstelle geben, wo es 28 \u20ac kostet, so das ich nicht mit voller Batterie ankommen m\u00fcsste. Im Skigebiet ist dort nichts, das Skigebiet geh\u00f6rt zur selben Hotelkette, nur dass dort das Hotel direkt am Skigebiet ist und es vielleicht auch nur den einen Parkplatz gibt.<\/p>\n<p>Heute beim kurzen Autofahren gemerkt, dass mal wieder die Hauptlautsprecher in den vorderen Turen ausgefallen sind, jetzt schon! Obwohl ich fahrerseitig ja den ganzen Vormittag Heizl\u00fcfter da unten wg. F\u00fc\u00dfe laufen hab lassen. Funktionieren tun evtl. noch ein oder beide hinteren, sowie die Hocht\u00f6ner vorne, die ja neben dem Fenster sind. Klingt aber selbst f\u00fcr&#8217;s H\u00f6rbuch bl\u00f6d.<\/p>\n<p><strong>Mi, 29.11.2023<\/strong><\/p>\n<p>Ich blieb vormittags noch am gleichen Parkplatz und fuhr dann Mittag gleich am Hotel vorbei und erledigte den Check-In f\u00fcr den Campingplatz und stellte mich auch gleich dort hin, um nicht wieder zig mal mein Auto starten zu m\u00fcssen. Hab mich doch f\u00fcr 2 Tage entschieden, weil man hier halt direkt am Skigebiet steht. Bei einem Campingplatz, wo ich eh jeden Tag abbauen m\u00fcsste, w\u00e4r ich wohl nur einen Tag geblieben. Und naja, weil Hotel, Campingplatz und Skigebiet ja zu einem Unternehmen geh\u00f6ren und ich die g\u00fcnstige Saisonkarte im Prinzip ja eh schon reingefahren hab und bei den wenigen Skifahrern am Tag, Privatskigebiet und so, hat man ja etwas Mitleid. Jedenfalls geb ich lieber hier Geld aus als in einem Skigebiet wie Ruka, sollte klar sein.<\/p>\n<p>Wetter hatte noch einige Zeit gehalten, bis es dann schneien anfing. Heute sogar mal 5 Leute gleichzeitig auf der Piste bzw. am Lift gewesen, doch nicht so privat heute ;) Und nach wie vor international, nach den Niederl\u00e4ndern am Wochenende und dem franz\u00f6sischen Auto von gestern oder so (Savoyarde-Kennzeichen). Dem Englisch nach war das heutige alte Paar, das schon bei relativer Dunkelheit am SL stand, wohl aus den USA und er meinte, sie h\u00e4tten nur Sessellifte, keine solchen Lifte, als Begr\u00fcndung, warum sie sich beide mit den H\u00e4nden (!) am B\u00fcgel festhielten (so wie es Kinder manchmal machen) und der Liftler ihnen erkl\u00e4rte, dass der B\u00fcgel nach hinten k\u00e4me :) <\/p>\n<p>Sie wollten sich beim Start dann zwar fast hinsetzen, hielten aber Stand, schafften sogar den Steilhang und schaften es sogar, ganz oben abzub\u00fcgeln. Das war mein zweites Mal, dass ich heute bis zur Bergstation gefahren bin, ansonsten blieb ich aufgrund des wieder starken Gegenwindes im unteren Bereich. Ist wie \u00fcblich praktisch, dass es ein SL und keine KSB ist.<\/p>\n<p>Die schwarze 5 links vom SL wurde mittlerweile beleuchtet, machte aber von der Pr\u00e4parierung her noch nicht einen 100%-ig offenen Eindruck, auch wenn das Sperrschild am Zwischenausstieg heute nicht aufgestellt war (und gestern vom Wind verweht am Boden lag). Jedenfalls somit heute \u00f6fters gefahren.<\/p>\n<p><a href='http:\/\/ski.inmontanis.info\/d\/323378-2\/DSC09162.jpg'><img src=http:\/\/ski.inmontanis.info\/d\/323377-3\/DSC09162.jpg \/><\/a><br \/>\n^ Auch hier gibt&#8217;s mittlerweile ein Schneedepot im Sommer<\/p>\n<p><a href='http:\/\/ski.inmontanis.info\/d\/323382-2\/DSC09168.jpg'><img src=http:\/\/ski.inmontanis.info\/d\/323381-3\/DSC09168.jpg \/><\/a><br \/>\n^ Tellerlift, St\u00fctze 4. Diese ausgeschnittenen Nummerierungsschilder scheinen typisch f\u00fcr Vintertec zu sein<\/p>\n<p><a href='http:\/\/ski.inmontanis.info\/d\/323386-2\/DSC09169.jpg'><img src=http:\/\/ski.inmontanis.info\/d\/323385-3\/DSC09169.jpg \/><\/a><br \/>\n^ Abfahrt 5 links vom Haupt-SL mittlerweile ca. ab Zwischenausstieg pr\u00e4pariert und sogar beleuchtet, aber vmtl. offiziell noch geschlossen<\/p>\n<p><a href='http:\/\/ski.inmontanis.info\/d\/323390-2\/DSC09172.jpg'><img src=http:\/\/ski.inmontanis.info\/d\/323389-3\/DSC09172.jpg \/><\/a><br \/>\n^ Abfahrt 5<\/p>\n<p><a href='http:\/\/ski.inmontanis.info\/d\/323394-2\/DSC09173.jpg'><img src=http:\/\/ski.inmontanis.info\/d\/323393-3\/DSC09173.jpg \/><\/a><br \/>\n^ Haupt-SL um 15:16 Uhr am zweiten Zwischenausstieg<\/p>\n<p><a href='http:\/\/ski.inmontanis.info\/d\/323398-2\/DSC09174.jpg'><img src=http:\/\/ski.inmontanis.info\/d\/323397-3\/DSC09174.jpg \/><\/a><br \/>\n^ Eigenartiges Baum-Schneegebilde. Wieder nur im Lampenschein sieht man den feinen Schneefall<\/p>\n<p><a href='http:\/\/ski.inmontanis.info\/d\/323402-2\/DSC09177.jpg'><img src=http:\/\/ski.inmontanis.info\/d\/323401-3\/DSC09177.jpg \/><\/a><br \/>\n^ Von den 5 Leuten heute Nachmittag fuhr keiner das F\u00f6rderband, aber sp\u00e4ter kamen noch zwei f\u00fcr die donutf\u00f6rmigen Luftreifenschlittenfahrt<\/p>\n<p><a href='http:\/\/ski.inmontanis.info\/d\/323406-2\/DSC09179.jpg'><img src=http:\/\/ski.inmontanis.info\/d\/323405-3\/DSC09179.jpg \/><\/a><br \/>\n^ Die Schlangenlinien-Abfahrt 6 am Tellerlift<\/p>\n<p><a href='http:\/\/ski.inmontanis.info\/d\/323410-2\/DSC09182.jpg'><img src=http:\/\/ski.inmontanis.info\/d\/323409-3\/DSC09182.jpg \/><\/a><br \/>\n^ Ein geschlossener Selbstversorgerraum w\u00e4r mir ja lieber als diese Grill- und sonstigen H\u00fctten, wenn auch sch\u00f6n gemacht und sogar beleuchtet<\/p>\n<p>&#8212;<br \/>\n<strong>An die User vom neuen alpinfans.com &#8211; Forum:<\/strong> (und alle meine &#8220;Hater&#8221;)<\/p>\n<p>Ihr k\u00f6nnt aufh\u00f6ren zu diskutieren, ob ihr mich in &#8220;eurem elit\u00e4ren Forum&#8221; aufnehmen wollt oder nicht. Mein Verlassen des Alpinforums und des Sommerschiforums war ja  nicht aufgrund der Mods (jedenfalls nicht beim letzten Mal), sondern wegen des Verhaltens (bzw. Mobbings) mehrerer User, die mich insbesondere seit Corona und mittlerweile wohl hinsichtlich meines Standpunkts zum Ukraine-Konflikt oder auch zum Klima\/CO2-Thema, mit ihren &#8220;Mainstream-FakeNews&#8221; und Mainstream-Propagandal\u00fcgen(*) im besten Fall bekehren woll(t)en oder mich wegen meiner abweichenden Meinung am liebsten in Umerziehungslager oder zum Psychiater schicken wollten &#8211; und teils nach wie vor wollen. Wart ihr schon mal in Russland? Ich schon. Habt ihr irgendwelche Beweise f\u00fcr die Wahrheit eurer Medien? Nein, genausowenig wie ich f\u00fcr meine, aber im Zweifelsfall glaub ich jemand vor Ort mehr als bezahlte Politiker oder von Politik oder NGO oder sonstigen Personen bezahlte Medien. Wer hatte hinsichtlich Corona nun mehr recht, wir, die Gegner\/Ungl\u00e4ubigen\/Kritiker, oder ihr, die der von Politik installierten Angst samt Ma\u00dfnahmen gefolgt seid? Na wohl wir, in jeder Hinsicht!<\/p>\n<p>Und von diesen, damaligen Usern sind ja auch einige mit ins neue Forum umgezogen und wie man anhand der Diskussion samt L\u00fcgen und Unterstellungen sieht, w\u00fcrde es genauso weiter gehen, denn es gab wohl keinen sonderlichen Reife- oder Erkenntnisgewinn bei einigen. Als Freigeist (synonymhaft: Querdenker) kann und will ich mir nicht vorschreiben lassen, was ich schreiben darf und was nicht, will mich nicht kritisieren lassen und laufend rechtfertigen m\u00fcssen, wie ich lebe, was ich esse, welche Skigebiete oder Lifte ich mag oder was mir auf die Nerven geht. Was geht das euch an, was gibt euch das Recht?<\/p>\n<p>Etwas, was mich an vielen Menschen am meisten nervt ist, wenn man sich \u00fcber andere Menschen aufregt. Klingt zugebenerma\u00dfen etwas paradox, aber wenn einfach jeder jeden meiden oder ignorieren w\u00fcrde, der ihn st\u00f6rt, anstatt sich bewusst mit dem anderen zu besch\u00e4ftigen (lesen, TV\/YT ansehen, zuh\u00f6ren,  etc.), w\u00e4re das f\u00fcr beide Seiten eine Win-Win-Situation. Und daher kann ich mich nur wiederholen, was ich beim Verlassen der Foren geschrieben hab, und zwar an all diejenigen gerichtet, die mich ver\u00e4ndern wollen oder die sich \u00fcber mich aufregen:  Fickt euch doch selbst ins Knie und lasst mich in Ruhe. Setzt ihr weiterhin eure Masken auf, lebt weiterhin mit den von euren Medien in euren K\u00f6pfen gepflanzten \u00c4ngsten und L\u00fcgen \u00fcber Corona, Russland, CO2 usw., ohne auch nur jeweils ein bisschen was zu hinterfragen..<\/p>\n<p>Diese B\u00fcchse der Pandora hab nicht ich ge\u00f6ffnet und w\u00e4ren gewisse Themen im Alpinforum damals nie diskutiert worden, w\u00e4re das Forum on-topic geblieben, w\u00e4re sicherlich alles ganz anders verlaufen. Allerdings konnte das Corona-Thema logischerweise als Elefant im Raum nicht ausgeblendet werden.<\/p>\n<p>Ich habe mein Verlassen in den besagten Foren bis heute nicht bedauert, ich hatte kein Bed\u00fcrfnis, dort weiter zu lesen (au\u00dfer ganz vereinzelt, was ich an 2 H\u00e4nden abz\u00e4hlen kann), schon gar nicht, etwas zu schreiben und empfand es als Befreiung und Zeitgewinn.<\/p>\n<p>Bei mittlerweile 150-180 Skitagen pro Jahr plus weiterer Reiseberichte, bei 6-11 Monaten &#8220;Vanlife&#8221; pro Jahr, hab ich aber auch schlicht keine Zeit, um in Foren regelm\u00e4\u00dfig zu lesen und zu schreiben. Auch w\u00fcrde das h\u00f6here Kosten verursachen, da ich dann ein h\u00f6heres Datenvolumen br\u00e4uchte.   Ich hatte mir letztes Jahr im Zuge meiner K\u00e4rnten-Saisonkarte \u00fcberlegt, meine Beitr\u00e4ge auf bergfex zu verlinken, aber nicht mal daf\u00fcr hatte ich dann Lust und Zeit.<\/p>\n<p>Jeder, der meine Berichte lesen will, kann das ja weiterhin auf meinem Blog tun, wer nur Bilder anschauen will, weil er sich sonst \u00fcber meine Haltungen und Vorlieben aufregen w\u00fcrde, kann sich meine Texte ja z.B. mit Google Translate in eine unbekannte Sprache \u00fcbersetzen lassen, da brauch ich keine Crossposts in irgendwelchen Foren zu t\u00e4tigen, nur um mir dann wieder anh\u00f6ren zu m\u00fcssen, wie dumm und schei\u00dfe ich bin. Ich seh da absolut keinen Mehrwert f\u00fcr mich, nur sinnlosen Zeitaufwand.<\/p>\n<p>Ich zahl derzeit 11,52 \u20ac pro Monat f\u00fcr meinen Webserver, also \u00fcber 130,- \u20ac im Jahr, es gibt keinerlei Werbung, weil ich auch \u00fcberall einen Werbeblocker verwende, daher w\u00fcrde mir das auch nie einfallen, dass ich in der Hinsicht was machen m\u00f6chte oder Geld verdienen m\u00f6chte. Keine Ahnung, wie lang ich das noch zahlen will und ich mach es sicher nicht nur f\u00fcr die meist 200-500 Aufrufe pro Bericht.<\/p>\n<p>Mit meinen \u00fcber 700 besuchten Skigebieten hab ich vielleicht auch eine gewisse Verantwortung, dar\u00fcber \u00f6ffentlich zu schreiben. Die wenigen hundert Leute, die meinen Blog mehr oder weniger regelm\u00e4\u00dfig lesen, k\u00f6nnen sich somit ebenso ein wenig elit\u00e4r f\u00fchlen, wissen und lesen sie doch etwas, was sonst kaum einer zu Gesicht bekommt. Seht es als meinen Beitrag f\u00fcr das kostenlose Internet an, da ich ja auch genug kostenloses Zeug aus dem Netz konsumiere und als Unterst\u00fctzung f\u00fcr die vielen unbekannten, kleinen Gebiete, ohne die ich vermutlich die Lust am Skifahren schon l\u00e4ngst verloren h\u00e4tte.<\/p>\n<p>*)<br \/>\n<a href='https:\/\/www.nachdenkseiten.de\/?cat=11'>https:\/\/www.nachdenkseiten.de\/?cat=11<\/a><br \/>\n<a href='https:\/\/www.anti-spiegel.ru\/category\/den-spiegel-vorgehalten\/'>https:\/\/www.anti-spiegel.ru\/category\/den-spiegel-vorgehalten\/<\/a><\/p>\n","protected":false},"excerpt":{"rendered":"<p>(Dieser Zwischenbericht aus Luosto ist nicht wegen zu vieler sch\u00f6ner Bilder f\u00e4llig &#8211; die hatte ich ja im vorherigen Bericht alle drin, aber aus aktuellem Anlass und weil ich den giftigen Nachsatz ganz unten in diesem Bericht nicht als eigenen Beitrag im Blog stehen haben wollte&#8230;)<\/p>\n<p>Di, 28.11.2023<\/p>\n<p>Die extra Fahrerei runter zum Hotel f\u00fcr&#8217;n <a href=\"http:\/\/blog.inmontanis.info\/?p=9543\">[&#8230;]<\/a><\/p>\n","protected":false},"author":1,"featured_media":9553,"comment_status":"closed","ping_status":"closed","sticky":false,"template":"","format":"standard","meta":{"footnotes":""},"categories":[912,20,917,8,27],"tags":[47],"class_list":["post-9543","post","type-post","status-publish","format-standard","has-post-thumbnail","hentry","category-2023-09-2024-xx-skandinavien","category-finnlandfinland","category-luosto","category-private","category-skifahren-winterskiing-winter","tag-sl","odd"],"_links":{"self":[{"href":"http:\/\/blog.inmontanis.info\/index.php?rest_route=\/wp\/v2\/posts\/9543","targetHints":{"allow":["GET"]}}],"collection":[{"href":"http:\/\/blog.inmontanis.info\/index.php?rest_route=\/wp\/v2\/posts"}],"about":[{"href":"http:\/\/blog.inmontanis.info\/index.php?rest_route=\/wp\/v2\/types\/post"}],"author":[{"embeddable":true,"href":"http:\/\/blog.inmontanis.info\/index.php?rest_route=\/wp\/v2\/users\/1"}],"replies":[{"embeddable":true,"href":"http:\/\/blog.inmontanis.info\/index.php?rest_route=%2Fwp%2Fv2%2Fcomments&post=9543"}],"version-history":[{"count":13,"href":"http:\/\/blog.inmontanis.info\/index.php?rest_route=\/wp\/v2\/posts\/9543\/revisions"}],"predecessor-version":[{"id":9557,"href":"http:\/\/blog.inmontanis.info\/index.php?rest_route=\/wp\/v2\/posts\/9543\/revisions\/9557"}],"wp:featuredmedia":[{"embeddable":true,"href":"http:\/\/blog.inmontanis.info\/index.php?rest_route=\/wp\/v2\/media\/9553"}],"wp:attachment":[{"href":"http:\/\/blog.inmontanis.info\/index.php?rest_route=%2Fwp%2Fv2%2Fmedia&parent=9543"}],"wp:term":[{"taxonomy":"category","embeddable":true,"href":"http:\/\/blog.inmontanis.info\/index.php?rest_route=%2Fwp%2Fv2%2Fcategories&post=9543"},{"taxonomy":"post_tag","embeddable":true,"href":"http:\/\/blog.inmontanis.info\/index.php?rest_route=%2Fwp%2Fv2%2Ftags&post=9543"}],"curies":[{"name":"wp","href":"https:\/\/api.w.org\/{rel}","templated":true}]}}