{"id":9539,"date":"2023-11-27T17:53:55","date_gmt":"2023-11-27T16:53:55","guid":{"rendered":"http:\/\/blog.inmontanis.info\/?p=9539"},"modified":"2023-11-28T18:16:24","modified_gmt":"2023-11-28T17:16:24","slug":"luosto-25-27-11-2023-fotogen-aber-kalt","status":"publish","type":"post","link":"http:\/\/blog.inmontanis.info\/?p=9539","title":{"rendered":"Luosto, 25.-27.11.2023 &#8211; fotogen, aber kalt"},"content":{"rendered":"<p><strong>Sa, 25.11.2023<\/strong><\/p>\n<p>Gut funktioniert hat das heute Nacht mit der d\u00fcnnen, biegsamen Schaumstoffmatte zwischen d\u00fcnner und dickerer Decke, hielt R\u00fccken- und Oberseite sch\u00f6n warm, k\u00f6nnte aber etwas breiter sein, damit es eben R\u00fccken und Oberseite gleichzeitig besser sch\u00fctzt. (H\u00e4tte als SItzunterlage aber auch noch ein breiteres St\u00fcck dabei, das ich ggf. zuschneiden k\u00f6nnte.)<\/p>\n<p>Mist, Mist, Mist. Gestern beim Kauf der Milch nicht aufgepasst, dass sie wiederverschlie\u00dfbar sein muss und das ist sie nicht :(  Jetzt muss ich sie entweder in die alte Packung umsch\u00fctten oder in eine alte Limo\/Colaflasche, in der Hoffnung, dass ich die in den K\u00fchlschrank bekomme. Entschied mich f\u00fcr die Colaflasche und sch\u00fcttete einiges von der Schokosauce rein, hatte soweit allles funktioniert.<\/p>\n<p>Die aktuellen Wettervorhersagen w\u00fcrden nun f\u00fcr hier in Rovaniemi weniger Schneefall heute melden als f\u00fcr mein Zielgebiet Luosto. Naja, viel soll&#8217;s da ja auch nicht geben. Daf\u00fcr soll die sonnige Phase auch am Montag bleiben. Die morgendliche Fahrt bei noch l\u00e4ngerer Dunkelheit, Schneefall und dem Neuschnee und so weiter war anstrengend und die Ankunft in Luosto war tief winterlich, dicke Schneeflocken,  Parkpl\u00e4tze heute noch nicht ger\u00e4umt und es soll auch in der Nacht noch leicht weiterschneien.<\/p>\n<p><a href='http:\/\/extra.inmontanis.info\/d\/102054-3\/DSC08985.jpg'><img src=http:\/\/extra.inmontanis.info\/d\/102053-4\/DSC08985.jpg \/><\/a><br \/>\n^ 8:50 Uhr, E75 zwischen Rovaniemi und Sodankyl\u00e4<\/p>\n<p>Der Haupt-SL war dann bei meiner Ankunft auch nicht in Betrieb, geschlossen laut Website. Und daf\u00fcr bin ich jetzt so fr\u00fch um 10 Uhr hier :(   <\/p>\n<p>&#128681; Gespeicherte Geolocation &#8211; Karte anzeigen: <a href='https:\/\/www.google.com\/maps\/@?api=1&#038;map_action=map&#038;center=67.1559938,26.9054964&#038;zoom=12&#038;basemap=terrain' target=_blank> GoogleMaps<\/a> &#128681; <a href='https:\/\/www.openstreetmap.org\/?&#038;mlat=67.1559938&#038;mlon=26.9054964#map=10\/67.1559938\/26.9054964&#038;layers=P' target=_blank> OSM &#128681;<\/a><\/p>\n<p>Noch etwas im Auto gewartet, auf&#8217;s Klo gegangen, dann schneite es kaum noch. 2x den Tellerlift gefahren und der Hauptlift war nun auch offen. Oberhalb der Baumgrenze aber 1. Nebel und 2. Gegenwind auf der flachen Piste.<\/p>\n<p>Schnee am Tellerlift war super, Neuschnee auf gut pr\u00e4parierter Unterlage. Am langen SL dagegen oben hart pr\u00e4pariert, weiter unten unter dem Neuschnee eisig-knollig. Bleibt zu hoffen, dass das, wie in Ounasvaaara, von Tag zu Tag, mit jeder Pr\u00e4parierung, besser wird.<\/p>\n<p>Als ich nach 12 Uhr nochmals auf&#8217;s WC ging, diesmal durchs Restaurant durch, war anscheinend eine ganze Busladung (NIederl\u00e4nder? Zumindest auch) am Verleih nebendran. Burger 10-12 \u20ac ohne Beilagenpommes, die ca. 2,80; gro\u00dfe Pommes 5,50, W\u00fcrstel-Pommes um die 10,50 und noch ein paar andere Gerichte, 0,4er Limo 4 \u20ac.<\/p>\n<p>Eine &#8220;Runde&#8221; hatte ich dann wie folgt definiert: B\u00fcgel-SL bis rauf, Abfahrt via Skiweg-Steilhangumfahrung, B\u00fcgel-SL bis 2. Zwischenausstieg, Abfahrt via Steilhang und Querung zum Tellerlift, Tellerlift rauf, Schlangenlinienabfahrt runter, Tellerlift rauf, normale Abfahrt, Telllerlift rauf und Querung zur Hauptabfahrt. Diese Runde dauerte heute ca. eine dreiviertel Stunde. Die SL fahren aber auch recht langsam.<\/p>\n<p><a href='http:\/\/ski.inmontanis.info\/d\/323118-2\/DSC08995.jpg'><img src=http:\/\/ski.inmontanis.info\/d\/323117-3\/DSC08995.jpg \/><\/a><br \/>\n^ Pistenplan, ge\u00f6ffnet derzeit Lift A mit Abfahrt 8, 8b, Funpark 9, sowie Lift B mit Abfahrten 6 und 7<\/p>\n<p><a href='http:\/\/ski.inmontanis.info\/d\/323122-2\/DSC08993.jpg'><img src=http:\/\/ski.inmontanis.info\/d\/323121-3\/DSC08993.jpg \/><\/a><br \/>\n^ Parkplatz, links Restaurant\/Verleih\/WC (auch f\u00fcr Campingplatz) und hinten am Ende vom Parkplatz am Haus f\u00e4ngt der Campingplatz an (und geht weiter hinter)<\/p>\n<p><a href='http:\/\/ski.inmontanis.info\/d\/323126-2\/DSC09000.jpg'><img src=http:\/\/ski.inmontanis.info\/d\/323125-3\/DSC09000.jpg \/><\/a><br \/>\n^ Abfahrt 7 am Tellerlift mit sch\u00f6ner Pulverschneeauflage<\/p>\n<p><a href='http:\/\/ski.inmontanis.info\/d\/323130-2\/DSC09002.jpg'><img src=http:\/\/ski.inmontanis.info\/d\/323129-3\/DSC09002.jpg \/><\/a><br \/>\n^ Talstationen der beiden SL<\/p>\n<p><a href='http:\/\/ski.inmontanis.info\/d\/323134-2\/DSC09005.jpg'><img src=http:\/\/ski.inmontanis.info\/d\/323133-3\/DSC09005.jpg \/><\/a><br \/>\n^ B\u00fcgel-SL-St\u00fctze, der finnische Hersteller Vintertec hat ja irgendwann Grafferteile verbaut und vermutlich auch andere Hersteller, aber die alten Lifte scheinen noch eine eigenere Handschrift zu haben oder von wem ist das? Jedenfalls gibts etliche Lifte hier in Nordfinnland, die \u00e4hnlich aussehen, der Tellerlift daneben aber nicht.<\/p>\n<p>Ich h\u00f6rte um 14 Uhr auf, falls ich am Campingplatz \u00fcbernachten wollte, so wollte ich mir zuerst noch ein bisschen die Situation vor Ort anschauen, bevor es dunkel wird.<\/p>\n<p><a href='http:\/\/ski.inmontanis.info\/d\/323138-2\/DSC09013.jpg'><img src=http:\/\/ski.inmontanis.info\/d\/323137-3\/DSC09013.jpg \/><\/a><br \/>\n^ Plan vom Campingplatz, wobei das Ski-Kn\u00f6\u00f6li-Restaurant zumindest mittlerweile nicht mehr so weit rechts ist und zusammen mit den Skitickets ein gemeinsames Haus bildet<\/p>\n<p>Die Betriebszeiten von momentan 10-17 Uhr haben in Finnland eine etwas andere Bedeutung, denn das inkludiert zumindestens die letzte Bergfahrt. An den Talstationen steht dann die genauere letzte Bergfahrt, in Ounasvaara war das z.B. 10min davor, hier in Luosto steht 16:45 an der Tafel.<\/p>\n<p>Wettervohersagen heut Nacht noch etwas Schnee, morgen dann sonnig (Sonnenaufgang und -untergang derzeit ca. 10-14 Uhr), MO morgens -17\u00b0 und nachts drauf -20\u00b0, DI weniger kalt, wieder bedeckt aber danach wieder Schneefall und um die -10\u00b0 nachts &#8230;<\/p>\n<p>Wenn mich nur der Campingplatz etwas mehr \u00fcberzeugen w\u00fcrde bzw. etwas g\u00fcntiger w\u00e4re. Man steht links und rechts wie in Parkbuchten neben den Zufahrtswegen, oft schr\u00e4g in mal dieser, mal einer anderen Richtung, die Stromanschl\u00fcsse teilweise 2m hoch am Berg mit tiefem Schnee davor &#8211; das waren die ersten Pl\u00e4tze, die ich mir angeehen hatte.<\/p>\n<p>DIe -2\u00b0 laden heute ja schon zum Freistehen ein, also blieb ich mal am Rastplatz neben der Stra\u00dfe (mit B\u00e4umen abgeschirmt). Eh kaum Verkehr auf der Stra\u00dfe. Ich k\u00f6nnt h\u00f6chstens dem Schneer\u00e4umer im Weg srin, falls der morgen fr\u00fch fahren sollte. Heute fuhr ja anscheinend keiner.<\/p>\n<p>Um 15 Uhr ist es mittlerweile schon recht d\u00fcster.  Nachmittags mal noch angesehen, was in Levi und Yll\u00e4s mittlerweile offen hat und festgestellt, dass hier jeweils einige Lifte wegen Wind geschlossen waren.<\/p>\n<p><strong>So, 26.11.2023<\/strong><\/p>\n<p>Morgens war es mit -14\u00b0 laut Auto auch schon fr\u00fcher k\u00e4lter als gemeldet. Bis zur Abfahrt auf -16\u00b0 gesunken, am Skigebietsparkplatz -17\u00b0. Das Abfahren vom Platz h\u00f6rte sich interessant an, vielleicht gab es einige Eiszapfen, die beim Abfahren abgebrochen sind..<\/p>\n<p>Jedenfalls, durch die ja lediglich -2\u00b0  gestern Abend war das Auto noch nicht so stark ausgek\u00fchlt, wie es gewesen w\u00e4re, wenn es schon abends -15 gehabt h\u00e4tte.<\/p>\n<p><a href='http:\/\/ski.inmontanis.info\/d\/323142-2\/DSC09014.jpg'><img src=http:\/\/ski.inmontanis.info\/d\/323141-3\/DSC09014.jpg \/><\/a><br \/>\n^ Rastplatz an der Stra\u00dfe. Die Nacht hier verlief auch ruhig.<\/p>\n<p>Der nun zweite Eindruck von Luosto auf der Fahrt zum Parkplatz, wow, schaut eigentlich recht geil aus, das Gebiet hier. Und der linke SL ist ja viel weiter weg, als es der Plan vermuten lie\u00dfe. <\/p>\n<p><a href='http:\/\/ski.inmontanis.info\/d\/323146-2\/DSC09017.jpg'><img src=http:\/\/ski.inmontanis.info\/d\/323145-3\/DSC09017.jpg \/><\/a><br \/>\n^ Zufahrt zum Skigebiet, die Bergflanke schaut doch schon viel besser aus.<\/p>\n<p>Schnee oben offpiste war recht windverweht, also Harschdeckel. Leider wohl auch hier kein Selbstversorgerraum. Da scheint es in Frankreich mehr als in Finnland zu geben&#8230; <\/p>\n<p><a href='http:\/\/ski.inmontanis.info\/d\/323150-2\/DSC09021.jpg'><img src=http:\/\/ski.inmontanis.info\/d\/323149-3\/DSC09021.jpg \/><\/a><br \/>\n^ Um 10:15 Uhr war ich der erste Skifahrer. Der Haupt-SL hat blaue R\u00f6hrs-B\u00fcgel und gr\u00fcne St\u00fctzen<\/p>\n<p><a href='http:\/\/ski.inmontanis.info\/d\/323154-2\/DSC09023.jpg'><img src=http:\/\/ski.inmontanis.info\/d\/323153-3\/DSC09023.jpg \/><\/a><br \/>\n^ Seitenblick zum Skigebiet Pyh\u00e4, das ist links vom Lampenmasten und hat mit dem viel weiter entfernten Ruka einen gemeinsamen Skipass. (10:20 Uhr)<\/p>\n<p><a href='http:\/\/ski.inmontanis.info\/d\/323158-2\/DSC09026.jpg'><img src=http:\/\/ski.inmontanis.info\/d\/323157-3\/DSC09026.jpg \/><\/a><br \/>\n^ Rechts im Bild kann man den linken SL Aurinko sehen<\/p>\n<p><a href='http:\/\/ski.inmontanis.info\/d\/323162-2\/DSC09029.jpg'><img src=http:\/\/ski.inmontanis.info\/d\/323161-3\/DSC09029.jpg \/><\/a><br \/>\n^ Zweiter Zwischenausstieg, der Lift geht aber fast nochmal so lang weiter.<\/p>\n<p><a href='http:\/\/ski.inmontanis.info\/d\/323166-2\/DSC09030.jpg'><img src=http:\/\/ski.inmontanis.info\/d\/323165-3\/DSC09030.jpg \/><\/a><br \/>\n^ Man kann diverse Tiere in den verschneiten B\u00e4umen erkennen, wie sonst bei Wolken.. (10:22)<\/p>\n<p><a href='http:\/\/ski.inmontanis.info\/d\/323170-2\/DSC09032.jpg'><img src=http:\/\/ski.inmontanis.info\/d\/323169-3\/DSC09032.jpg \/><\/a><br \/>\n^ Der Blick nach rechts vom SL ist auch sehr nett (10:23)<\/p>\n<p><a href='http:\/\/ski.inmontanis.info\/d\/323174-2\/DSC09035.jpg'><img src=http:\/\/ski.inmontanis.info\/d\/323173-3\/DSC09035.jpg \/><\/a><br \/>\n^ Bergstation bald erreicht<\/p>\n<p><a href='http:\/\/ski.inmontanis.info\/d\/323178-2\/DSC09038.jpg'><img src=http:\/\/ski.inmontanis.info\/d\/323177-3\/DSC09038.jpg \/><\/a><br \/>\n^ Gipfelplateau (10:28)<\/p>\n<p><a href='http:\/\/ski.inmontanis.info\/d\/323182-2\/DSC09040.jpg'><img src=http:\/\/ski.inmontanis.info\/d\/323181-3\/DSC09040.jpg \/><\/a><br \/>\n^ Gipfelplateau (10:29)<\/p>\n<p><a href='http:\/\/ski.inmontanis.info\/d\/323186-2\/DSC09041.jpg'><img src=http:\/\/ski.inmontanis.info\/d\/323185-3\/DSC09041.jpg \/><\/a><br \/>\n^ Antennenmast und Bergstation SL Kanta<\/p>\n<p><a href='http:\/\/ski.inmontanis.info\/d\/323190-2\/DSC09042.jpg'><img src=http:\/\/ski.inmontanis.info\/d\/323189-3\/DSC09042.jpg \/><\/a><br \/>\n^ Antennenmast (10:30)<\/p>\n<p><a href='http:\/\/ski.inmontanis.info\/d\/323194-2\/DSC09049.jpg'><img src=http:\/\/ski.inmontanis.info\/d\/323193-3\/DSC09049.jpg \/><\/a><br \/>\n^ Abfahrt 8 im mittleren Teil bis zum Zwischenausstieg<\/p>\n<p><a href='http:\/\/ski.inmontanis.info\/d\/323198-2\/DSC09050.jpg'><img src=http:\/\/ski.inmontanis.info\/d\/323197-3\/DSC09050.jpg \/><\/a><br \/>\n^ Quasi einzig sinnvolle, aber sehr kurze Offpistevariante oberhalb des 8b-Weges<\/p>\n<p><a href='http:\/\/ski.inmontanis.info\/d\/323202-2\/DSC09051.jpg'><img src=http:\/\/ski.inmontanis.info\/d\/323201-3\/DSC09051.jpg \/><\/a><br \/>\n^ .. und Blick nach oben (10:39)<\/p>\n<p><a href='http:\/\/ski.inmontanis.info\/d\/323206-2\/DSC09054.jpg'><img src=http:\/\/ski.inmontanis.info\/d\/323205-3\/DSC09054.jpg \/><\/a><br \/>\n^ Im Steilhang teilt sich die Abfahrt 8 und ist Rot eingezeichnet, aber der linke Arm, den ich gerade fuhr, ist noch nicht offen.<\/p>\n<p><a href='http:\/\/ski.inmontanis.info\/d\/323210-2\/DSC09055.jpg'><img src=http:\/\/ski.inmontanis.info\/d\/323209-3\/DSC09055.jpg \/><\/a><br \/>\n^ Um kurz vor 11 Uhr war ich der erste, der heute den Tellerlift gefahren ist, d.h. der fuhr eine Stunde lang ohne Gast :( (Rechts ist nur eine Schneemobilspur)<\/p>\n<p><a href='http:\/\/ski.inmontanis.info\/d\/323214-2\/DSC09057.jpg'><img src=http:\/\/ski.inmontanis.info\/d\/323213-3\/DSC09057.jpg \/><\/a><br \/>\n^ Abfahrt 7 am Tellerlift (11:00)<\/p>\n<p><a href='http:\/\/ski.inmontanis.info\/d\/323218-2\/DSC09060.jpg'><img src=http:\/\/ski.inmontanis.info\/d\/323217-3\/DSC09060.jpg \/><\/a><br \/>\n^ Gipfelpano rechts vom SL Kanta (11:36)<\/p>\n<p><a href='http:\/\/ski.inmontanis.info\/d\/323222-2\/DSC09061.jpg'><img src=http:\/\/ski.inmontanis.info\/d\/323221-3\/DSC09061.jpg \/><\/a><br \/>\n^ Die Sonne hat es nicht mehr geschafft, hier bis zum Boden zu kommen<\/p>\n<p><a href='http:\/\/ski.inmontanis.info\/d\/323226-2\/DSC09062.jpg'><img src=http:\/\/ski.inmontanis.info\/d\/323225-3\/DSC09062.jpg \/><\/a><br \/>\n^ Offpiste im oberen Bereich durch den windgepressten Schnee nicht sonderlich toll, aber m\u00f6glich<\/p>\n<p><a href='http:\/\/ski.inmontanis.info\/d\/323230-2\/DSC09065.jpg'><img src=http:\/\/ski.inmontanis.info\/d\/323229-3\/DSC09065.jpg \/><\/a><br \/>\n^ Steilhang der noch geschlossenen Abfahrt 5 links vom Haupt-SL. Sah ganz gut aus, daher sp\u00e4ter gefahren<\/p>\n<p><a href='http:\/\/ski.inmontanis.info\/d\/323234-2\/DSC09069.jpg'><img src=http:\/\/ski.inmontanis.info\/d\/323233-3\/DSC09069.jpg \/><\/a><br \/>\n^ Blick zum linken SL Aurinko<\/p>\n<p><a href='http:\/\/ski.inmontanis.info\/d\/323238-2\/DSC09072.jpg'><img src=http:\/\/ski.inmontanis.info\/d\/323237-3\/DSC09072.jpg \/><\/a><br \/>\n^ Pano mit Pyh\u00e4 (12:30)<\/p>\n<p><a href='http:\/\/ski.inmontanis.info\/d\/323242-2\/DSC09073.jpg'><img src=http:\/\/ski.inmontanis.info\/d\/323241-3\/DSC09073.jpg \/><\/a><br \/>\n^ Geschlossene Abfahrt 5 Steilhang<\/p>\n<p><a href='http:\/\/ski.inmontanis.info\/d\/323246-2\/DSC09074.jpg'><img src=http:\/\/ski.inmontanis.info\/d\/323245-3\/DSC09074.jpg \/><\/a><br \/>\n^ Gipfelplateau<\/p>\n<p><a href='http:\/\/ski.inmontanis.info\/d\/323250-2\/DSC09078.jpg'><img src=http:\/\/ski.inmontanis.info\/d\/323249-3\/DSC09078.jpg \/><\/a><br \/>\n^ Gipfelplateau mit Bergstation SL Aurinko<\/p>\n<p><a href='http:\/\/ski.inmontanis.info\/d\/323254-2\/DSC09083.jpg'><img src=http:\/\/ski.inmontanis.info\/d\/323253-3\/DSC09083.jpg \/><\/a><br \/>\n^ SL Aurinko, stark verkrustet (13:10)<\/p>\n<p><a href='http:\/\/ski.inmontanis.info\/d\/323258-2\/DSC09084.jpg'><img src=http:\/\/ski.inmontanis.info\/d\/323257-3\/DSC09084.jpg \/><\/a><br \/>\n^ SL Aurinko, stark verkrustet<\/p>\n<p><a href='http:\/\/ski.inmontanis.info\/d\/323262-2\/DSC09087.jpg'><img src=http:\/\/ski.inmontanis.info\/d\/323261-3\/DSC09087.jpg \/><\/a><br \/>\n^ Blick vom SL Aurinko zum SL Kanta<\/p>\n<p><a href='http:\/\/ski.inmontanis.info\/d\/323266-2\/DSC09088.jpg'><img src=http:\/\/ski.inmontanis.info\/d\/323265-3\/DSC09088.jpg \/><\/a><br \/>\n^ SL Aurinko<\/p>\n<p><a href='http:\/\/ski.inmontanis.info\/d\/323270-2\/DSC09089.jpg'><img src=http:\/\/ski.inmontanis.info\/d\/323269-3\/DSC09089.jpg \/><\/a><br \/>\n^ SL Aurinko, stark verkrustet<\/p>\n<p><a href='http:\/\/ski.inmontanis.info\/d\/323274-2\/DSC09090.jpg'><img src=http:\/\/ski.inmontanis.info\/d\/323273-3\/DSC09090.jpg \/><\/a><br \/>\n^ SL Aurinko, stark verkrustet &#8211; Blumenkohlschnee ;)<\/p>\n<p><a href='http:\/\/ski.inmontanis.info\/d\/323278-2\/DSC09091.jpg'><img src=http:\/\/ski.inmontanis.info\/d\/323277-3\/DSC09091.jpg \/><\/a><br \/>\n^ Blick r\u00fcber zum SL Kanta von der Abfahrt 2 aus<\/p>\n<p><a href='http:\/\/ski.inmontanis.info\/d\/323282-2\/DSC09092.jpg'><img src=http:\/\/ski.inmontanis.info\/d\/323281-3\/DSC09092.jpg \/><\/a><br \/>\n^ Abfahrt 2 am SL Aurinko<\/p>\n<p><a href='http:\/\/ski.inmontanis.info\/d\/323286-2\/DSC09093.jpg'><img src=http:\/\/ski.inmontanis.info\/d\/323285-3\/DSC09093.jpg \/><\/a><br \/>\n^ SL Aurinko (13:18)<\/p>\n<p><a href='http:\/\/ski.inmontanis.info\/d\/323290-2\/DSC09094.jpg'><img src=http:\/\/ski.inmontanis.info\/d\/323289-3\/DSC09094.jpg \/><\/a><br \/>\n^ Abfahrt 2 am SL Aurinko mit dessen Talstation<\/p>\n<p><a href='http:\/\/ski.inmontanis.info\/d\/323294-2\/DSC09096.jpg'><img src=http:\/\/ski.inmontanis.info\/d\/323293-3\/DSC09096.jpg \/><\/a><br \/>\n^ Abfahrt 2 am SL Aurinko, Schnee war trotz der Muldenform nicht so gut, aber fahrbar<\/p>\n<p><a href='http:\/\/ski.inmontanis.info\/d\/323298-2\/DSC09097.jpg'><img src=http:\/\/ski.inmontanis.info\/d\/323297-3\/DSC09097.jpg \/><\/a><br \/>\n^ Der Retourweg 13 von der Talstation SL Aurinko aus ist leider etwas steinig und flach und l\u00e4dt nicht zur Wiederholung ein<\/p>\n<p>Im Auto um 14 Uhr nur -9\u00b0, drau\u00dfen dann am Hotel nach dem kurze Einkaufen (nur ne Flasche Sprudelwasser um 1,49+0,40 Pfand gekauft, war mit Abstand das g\u00fcnstigste Getr\u00e4nk hier, au\u00dfer Wasser ohne Kohlens\u00e4ure) -19\u00b0. Das ist nicht angenehm, bei -19\u00b0 dann mit dem Strom am Stellplatz rumzufummeln. Hab 2 Tage genommen, wobei man f\u00fcr den Campingplatz an der Hotelrezeption (einige hundert Meter weiter unten) einchecken muss und bei den 42,- \u20ac \/ Tag w\u00e4r ja auch Sauna+Schwimmbad vom Hotel dabei.<\/p>\n<p>Gefragt wurde man nicht, man bekam einen Platz zugewiesen, ich bekam die Nummer 55, was also mitten im Platz auf der untersten Stra\u00dfe ist, wo dann quasi jeder vorbei fahren w\u00fcrde, der rausfahren m\u00f6chtee. Nur wenige Buchten waren frisch ger\u00e4umt, meine nicht und eher kurz, eher Van-Gr\u00f6\u00dfe, zumindest jetzt im Schnee. Strom ist mit 10A abgesichert, Schuko-Steckdosen. <\/p>\n<p>Kein WLan-Empfang am Platz, au\u00dfer im Pistenrestaurant\/WC. Checkout 12:00  mit R\u00fcckgabe des Stromkasten-Schl\u00fcssels samt Karte am Hotel, bissl umst\u00e4ndlich. Fr\u00fchst\u00fcck w\u00fcrde \u00fcbrigens 18,- \u20ac kosten. Mir w\u00e4ren selbst 10 \u20ac zu teuer f\u00fcr ein Fr\u00fchst\u00fccksbuffet.<\/p>\n<p>Das gekaufte Sprudelwasser wird noch zur H\u00e4lfte mit Leitungswasser &#8220;verd\u00fcnnt&#8221;, bevor dann etwas Sodastream-Sirup reinkommt.<\/p>\n<p>Mehrere Fl\u00fcssigkeiten im Auto hatten schon etwas Eis angesetzt. Bei solchen Temperaturen am WE (also wenn ich l\u00e4nger Ski fahre) muss ich wohl die n\u00e4chste Mittagspause nicht am WC oder im Selbstversorgerraum machen, sondern im Auto, um die Standheizung mal laufen zu lassen &#8230;<\/p>\n<p>Abends gab&#8217;s heute Penne mit Pesto Rosso, verfeinert  mit Tr\u00fcffelsalamisticks und Bergk\u00e4se. Morgen Rohschinken statt Salami.<\/p>\n<p>Leider bescheuert war die Idee, eine der beiden Heizmatten auf die Schaumstoffmatratze aufzukleben. Also die Teile haben ja an den L\u00e4ngsseiten ein doppelseitiges Klebeband. Da die Heizmatten immer verrutschen und ich ja im Fu\u00dfbereich sicher war, dass ich die so am Rand haben m\u00f6chte, hatte ich die im Oktober festgelebt. Leider rutschte sie trotzdem. Und jetzt kann man sie nat\u00fcrlich nicht mehr so einfach mit der Hand richtig hinschieben. Die Wulst in der MItte ist weniger schlimm, viel schlimmer ist, dass sie schon \u00fcber 5cm vom Rand weggewandert ist. Und je weiter oben, desto unpassender logischerweise zum W\u00e4rmen der F\u00fc\u00dfe,  da ja ein bisschen vom Rand auch nicht beheizt wird.<\/p>\n<p>Abends noch aufgefallen .. die Leinwand war nass an einer Stelle. Da ist Eis am T\u00fcrrahmen unten auf der rechten hinteren T\u00fcre.  Die linke ging vorhin auch nicht auf, als ich das Stromkabel verlegen wollte, komplett eingefroren. So lang das Eis nicht (nach innen) taut  wirds vmtl. ok sein.<\/p>\n<p>Warum es getaut ist heute und die Leinwand nass war? Weil ich mal den Schuh-Heizer einige Zeit nach hinten gelegt hab und mit seinen Armen in die  kalten Stellen warme Luft reinblasen hab lassen.  Vielleicht  also doch keine so gute Idee, wie \u00fcblich hat alles seine Vor- und Nachteile&#8230;<\/p>\n<p>Das Service-Geb\u00e4ude am hinteren Ende hat auch gerade mal 2 (Unisex-) WCs und einen gro\u00dfen Duschraum mit 2 Pl\u00e4tzen. Aber klar, die Leut k\u00f6nnen ja auch auf ihre eigenen WCs gehen, gibt auch 2 Entleerstationen. Oder eben den weiten Weg vor zu den Pisten-WCs, f\u00fcr die bekommt man die Schl\u00fcsselkarte, dass man da nachts reinkommt. Hab&#8217;s nicht ausprobiert.<\/p>\n<p><strong>Mo, 27.11.2023<\/strong><\/p>\n<p><a href='http:\/\/ski.inmontanis.info\/d\/323302-2\/DSC09102.jpg'><img src=http:\/\/ski.inmontanis.info\/d\/323301-3\/DSC09102.jpg \/><\/a><br \/>\n^ Stellpl\u00e4tze am Campingplatz<\/p>\n<p><a href='http:\/\/ski.inmontanis.info\/d\/323306-2\/DSC09103.jpg'><img src=http:\/\/ski.inmontanis.info\/d\/323305-3\/DSC09103.jpg \/><\/a><br \/>\n^ Blick vom Campingplatzende \u00fcber den Parkplatz zum Skigebiet<\/p>\n<p>Blieb heut am langen SL, falls wegen weniger Leute oder Wind die n\u00e4chsten Tage mal nur der Tellerlift laufen sollte. War zeitweise allein unterwegs, sp\u00e4ter kamen noch 2&#215;2 vom vielleicht Mittagessen, aber auch sp\u00e4ter war ich nochmals  alleine am Lift.<\/p>\n<p>Vollmond gab&#8217;s heut auch. Und ein Eichh\u00f6rnchen, das neben dem Lift seinen Kopf durch den Schnee steckte. Nat\u00fcrlich keine Chance, da die Cam rauszuholen, sah jedenfalls witzig und putzig aus.<\/p>\n<p>Bei meiner 3. Bergfahrt war allerdings eine Nebeldecke im Gipfelbereich, der laut Plan \u00fcbrigens auf 514m sein soll. Da es aber auch immer wieder freien Himmel gab, blieb ich noch bis es etwas dunkler wurde.<\/p>\n<p><a href='http:\/\/ski.inmontanis.info\/d\/323310-2\/DSC09104.jpg'><img src=http:\/\/ski.inmontanis.info\/d\/323309-3\/DSC09104.jpg \/><\/a><br \/>\n^ Abfahrt 8<\/p>\n<p><a href='http:\/\/ski.inmontanis.info\/d\/323314-2\/DSC09105.jpg'><img src=http:\/\/ski.inmontanis.info\/d\/323313-3\/DSC09105.jpg \/><\/a><br \/>\n^ Abfahrt 5 wurde heute mehrmals mit einer Pistenraupe befahren, daher leider nicht lohnenswert gewesen, den Steilhang von hier aus nochmals zu fahren<\/p>\n<p><a href='http:\/\/ski.inmontanis.info\/d\/323318-2\/DSC09107.jpg'><img src=http:\/\/ski.inmontanis.info\/d\/323317-3\/DSC09107.jpg \/><\/a><br \/>\n^ Vollmond (13:18)<\/p>\n<p><a href='http:\/\/ski.inmontanis.info\/d\/323322-2\/DSC09109.jpg'><img src=http:\/\/ski.inmontanis.info\/d\/323321-3\/DSC09109.jpg \/><\/a><br \/>\n^ Man kann auch unterhalb\/rechts der SL-Bergstation etwas schieben, um ein paar Sonnenstrahlen abzubekommen<\/p>\n<p><a href='http:\/\/ski.inmontanis.info\/d\/323326-2\/DSC09117.jpg'><img src=http:\/\/ski.inmontanis.info\/d\/323325-3\/DSC09117.jpg \/><\/a><br \/>\n^ Die sonnige Seite ist leider ohne Lift<\/p>\n<p><a href='http:\/\/ski.inmontanis.info\/d\/323330-2\/DSC09119.jpg'><img src=http:\/\/ski.inmontanis.info\/d\/323329-3\/DSC09119.jpg \/><\/a><br \/>\n^ Monte Rosa ;-)<\/p>\n<p><a href='http:\/\/ski.inmontanis.info\/d\/323334-2\/DSC09120.jpg'><img src=http:\/\/ski.inmontanis.info\/d\/323333-3\/DSC09120.jpg \/><\/a><br \/>\n^ R\u00fcckseitenpano (13:22)<\/p>\n<p><a href='http:\/\/ski.inmontanis.info\/d\/323338-2\/DSC09121.jpg'><img src=http:\/\/ski.inmontanis.info\/d\/323337-3\/DSC09121.jpg \/><\/a><br \/>\n^ Blick in die Gegenrichtung mit Vollmond (13:25)<\/p>\n<p><a href='http:\/\/ski.inmontanis.info\/d\/323342-2\/DSC09123.jpg'><img src=http:\/\/ski.inmontanis.info\/d\/323341-3\/DSC09123.jpg \/><\/a><br \/>\n^ B\u00e4ume und Vollmond<\/p>\n<p><a href='http:\/\/ski.inmontanis.info\/d\/323346-2\/DSC09124.jpg'><img src=http:\/\/ski.inmontanis.info\/d\/323345-3\/DSC09124.jpg \/><\/a><br \/>\n^ Oberer Teil der SL-Abfahrt, 13:30 Uhr und es gibt noch keine 10 Spuren auf der Piste :-( Ein bisschen mehr G\u00e4ste w\u00fcrde ich dem Skigebiet schon g\u00f6nnen. Hier heute jedenfalls der beste Schnee<\/p>\n<p><a href='http:\/\/ski.inmontanis.info\/d\/323350-2\/DSC09125.jpg'><img src=http:\/\/ski.inmontanis.info\/d\/323349-3\/DSC09125.jpg \/><\/a><br \/>\n^ Abfahrt 8b mit Blick nach Pyh\u00e4<\/p>\n<p><a href='http:\/\/ski.inmontanis.info\/d\/323354-2\/DSC09130.jpg'><img src=http:\/\/ski.inmontanis.info\/d\/323353-3\/DSC09130.jpg \/><\/a><br \/>\n^ SL Kanta ins Tal (14:38)<\/p>\n<p><a href='http:\/\/ski.inmontanis.info\/d\/323358-2\/DSC09132.jpg'><img src=http:\/\/ski.inmontanis.info\/d\/323357-3\/DSC09132.jpg \/><\/a><br \/>\n^ SL Kanta (14:44)<\/p>\n<p><a href='http:\/\/ski.inmontanis.info\/d\/323362-2\/DSC09136.jpg'><img src=http:\/\/ski.inmontanis.info\/d\/323361-3\/DSC09136.jpg \/><\/a><br \/>\n^ In Verl\u00e4ngerung des roten Steckens sieht man die Pistenbeleuchtung in Pyh\u00e4<\/p>\n<p><a href='http:\/\/ski.inmontanis.info\/d\/323366-3\/DSC09142.jpg'><img src=http:\/\/ski.inmontanis.info\/d\/323365-4\/DSC09142.jpg \/><\/a><br \/>\n^ Auch um 15:20 Uhr ist die Piste noch wie frisch gemacht, aber der nun folgende Steilhang ist nach wie vor sehr knollig<\/p>\n<p><a href='http:\/\/ski.inmontanis.info\/d\/323370-3\/DSC09143.jpg'><img src=http:\/\/ski.inmontanis.info\/d\/323369-4\/DSC09143.jpg \/><\/a><br \/>\n^ SL Kanta (15:54)<\/p>\n<p><a href='http:\/\/ski.inmontanis.info\/d\/323374-3\/ge20231125-27b.jpg'><img src=http:\/\/ski.inmontanis.info\/d\/323373-4\/ge20231125-27b.jpg \/><\/a><br \/>\n^ GPS-Track 25.-27.11.2023; der noch geschlossene SL Aurinko in Magenta, dazwischen gibts zumindest unten auch noch eine ehemalige Lifttrasse; lt. Topo-Karte im Hotel am n\u00e4chsten Tag ging der Lift ebenfalls bis ganz rauf, endete also nahe neben dem derzeitigen Haupt-SL.<\/p>\n<p>Bei laut Anzeige an der Talstation -18\u00b0 (auf dem Berg ist es in Skandinavien im Winter ja gern mal w\u00e4rmer) hab ich heut auch mal die Heizung der neuen Brille brauchen konnen. Stufe 1 hat aber locker gereicht, um das bisschen Beschlagen von Innen abzuwehren. <\/p>\n<p>Heutige Problemstellen? Naja, das Tuch vor Nase und Mund, das nach 2-3 Fahrten sehr nass wird und irgendwann vereist. Kann man am WC aber ja etwas trocknen. Und auch die F\u00fc\u00dfe weren trotz Heizung nat\u00fcrlich etwas kalt, aber ich hab auch nicht laufend auf Stufe 3 geheizt. <\/p>\n<p>In der Hauptstadt dieses Bezirks, Sodankyl\u00e4, standen heute Nachmittag -26\u00b0 auf der Wettervorhersagenseite und auch die n\u00e4chsten N\u00e4chte mit -13\u00b0 bis -15\u00b0 um ca. 5\u00b0 k\u00e4lter als f\u00fcr Luosto gemeldet. H\u00e4tte eventuell vorgehabt, in den n\u00e4chsten Tagen mal etwas in die Richtung zu fahren, Einkaufen und evtl. wg. eines anderen Nachtplatzes.<\/p>\n<p><a href='http:\/\/extra.inmontanis.info\/d\/102058-3\/DSC09152.jpg'><img src=http:\/\/extra.inmontanis.info\/d\/102057-4\/DSC09152.jpg \/><\/a><br \/>\n^ Kochen im Auto am gro\u00dfen Tisch, Penne, Pesto Rosso, Bergk\u00e4se (eher s\u00e4uerlich wie ein Cheddar), Rohschinken<\/p>\n<p>Das n\u00e4chste, dritte und bis zum Fr\u00fchjahr vorerst letzte Skigebiet dieser Saisonkarte ist ja Olos, das n\u00e4chstes WE aufsperren wird. Allerdings wird es wohl weniger sch\u00f6n werden wie hier, weil evtl. nur eine beleuchtete Abfahrt, die parallel zum Lift verl\u00e4uft und somit wohl sonst noch nichts offen haben wird; aber auch wegen der \u00d6ffnungszeiten, Sa+So erst ab 11 Uhr (statt 10 Uhr wie sonst bisher \u00fcblich) und unter der Woche nur abends ab 16 Uhr offen. Am 6.12. w\u00e4re allerdings Feiertag in Finnland, wo somit auch ab 11 Uhr offen w\u00e4re. Nicht so weit weg w\u00e4re ja Yll\u00e4s bzw. noch n\u00e4her Levi, aber ob ich mir dort den teuren Skipass kaufen m\u00f6chte, wei\u00df ich noch nicht, Yll\u00e4s hat ja, wie gesagt, noch sehr wenig offen. W\u00e4re der Feiertag nicht, h\u00e4tte ich mir wohl eher einen 5-Tagespass in Levi unter der Woche gekauft.<\/p>\n<p>&#8212;<\/p>\n<p>&#8220;Der Grund, warum Israel das nun tut, sind offenbar keine israelischen Sicherheitsinteressen oder blinder Hass auf die Pal\u00e4stinenser, sondern ganz banal die \u00d6l- und Gasvorkommen vor der K\u00fcste von Gaza.&#8221;<br \/>\n<a href='https:\/\/www.anti-spiegel.ru\/2023\/die-wahren-gruende-fuer-den-krieg-in-gaza\/'>https:\/\/www.anti-spiegel.ru\/2023\/die-wahren-gruende-fuer-den-krieg-in-gaza\/<\/a><br \/>\n.. oder doch nicht?<br \/>\n<a href='https:\/\/www.nachdenkseiten.de\/?p=106807'>https:\/\/www.nachdenkseiten.de\/?p=106807<\/a><br \/>\n.. man wei\u00df es nicht.<\/p>\n<p>Was die Gr\u00fcnen mit der Stasi gemeinsam haben:<br \/>\n<a href='https:\/\/www.anti-spiegel.ru\/2023\/ich-liebe-doch-alle-menschen-und-politik-aus-liebe-zu-den-menschen\/'>https:\/\/www.anti-spiegel.ru\/2023\/ich-liebe-doch-alle-menschen-und-politik-aus-liebe-zu-den-menschen\/<\/a><\/p>\n","protected":false},"excerpt":{"rendered":"<p>Sa, 25.11.2023<\/p>\n<p>Gut funktioniert hat das heute Nacht mit der d\u00fcnnen, biegsamen Schaumstoffmatte zwischen d\u00fcnner und dickerer Decke, hielt R\u00fccken- und Oberseite sch\u00f6n warm, k\u00f6nnte aber etwas breiter sein, damit es eben R\u00fccken und Oberseite gleichzeitig besser sch\u00fctzt. (H\u00e4tte als SItzunterlage aber auch noch ein breiteres St\u00fcck dabei, das ich ggf. zuschneiden k\u00f6nnte.)<\/p>\n<p>Mist, Mist, <a href=\"http:\/\/blog.inmontanis.info\/?p=9539\">[&#8230;]<\/a><\/p>\n","protected":false},"author":1,"featured_media":9541,"comment_status":"closed","ping_status":"closed","sticky":false,"template":"","format":"standard","meta":{"footnotes":""},"categories":[912,20,917,27],"tags":[47],"class_list":["post-9539","post","type-post","status-publish","format-standard","has-post-thumbnail","hentry","category-2023-09-2024-xx-skandinavien","category-finnlandfinland","category-luosto","category-skifahren-winterskiing-winter","tag-sl","odd"],"_links":{"self":[{"href":"http:\/\/blog.inmontanis.info\/index.php?rest_route=\/wp\/v2\/posts\/9539","targetHints":{"allow":["GET"]}}],"collection":[{"href":"http:\/\/blog.inmontanis.info\/index.php?rest_route=\/wp\/v2\/posts"}],"about":[{"href":"http:\/\/blog.inmontanis.info\/index.php?rest_route=\/wp\/v2\/types\/post"}],"author":[{"embeddable":true,"href":"http:\/\/blog.inmontanis.info\/index.php?rest_route=\/wp\/v2\/users\/1"}],"replies":[{"embeddable":true,"href":"http:\/\/blog.inmontanis.info\/index.php?rest_route=%2Fwp%2Fv2%2Fcomments&post=9539"}],"version-history":[{"count":2,"href":"http:\/\/blog.inmontanis.info\/index.php?rest_route=\/wp\/v2\/posts\/9539\/revisions"}],"predecessor-version":[{"id":9542,"href":"http:\/\/blog.inmontanis.info\/index.php?rest_route=\/wp\/v2\/posts\/9539\/revisions\/9542"}],"wp:featuredmedia":[{"embeddable":true,"href":"http:\/\/blog.inmontanis.info\/index.php?rest_route=\/wp\/v2\/media\/9541"}],"wp:attachment":[{"href":"http:\/\/blog.inmontanis.info\/index.php?rest_route=%2Fwp%2Fv2%2Fmedia&parent=9539"}],"wp:term":[{"taxonomy":"category","embeddable":true,"href":"http:\/\/blog.inmontanis.info\/index.php?rest_route=%2Fwp%2Fv2%2Fcategories&post=9539"},{"taxonomy":"post_tag","embeddable":true,"href":"http:\/\/blog.inmontanis.info\/index.php?rest_route=%2Fwp%2Fv2%2Ftags&post=9539"}],"curies":[{"name":"wp","href":"https:\/\/api.w.org\/{rel}","templated":true}]}}