{"id":9533,"date":"2023-11-24T18:18:28","date_gmt":"2023-11-24T17:18:28","guid":{"rendered":"http:\/\/blog.inmontanis.info\/?p=9533"},"modified":"2023-11-27T09:23:25","modified_gmt":"2023-11-27T08:23:25","slug":"ounasvaara-rovaniemi-santa-24-11-2023","status":"publish","type":"post","link":"http:\/\/blog.inmontanis.info\/?p=9533","title":{"rendered":"Ounasvaara (Rovaniemi) &#038; Santa-*, 24.11.2023"},"content":{"rendered":"<p><strong>Fr, 24.11.2023<\/strong><\/p>\n<p>Die K\u00e4lte, die ich hier vor ein paar Tagen hatte, soll wohl jetzt \u00fcber die Alpen ziehen und dort f\u00fcr kr\u00e4ftig Schneefall auf den Bergen (50-100cm) und bis ins Tal sorgen. Da stand dann auch, dass das f\u00fcr Nord-Skandinavien heuer ungew\u00f6hnlich kalt und hier generell heuer ein fr\u00fcher Wintereinbruch war. Ausgerechnet, wenn ich mal hier bin &#8230;<\/p>\n<p>.. aber wirklich beschweren sollte ich mich nicht, auch in Schweden und meinen anderen geplanten Saisonkartenskigebieten liegt schon ordentlich Schnee, einige sperren fr\u00fcher auf.<\/p>\n<p>Mit -10\u00b0 heute Mittag wieder etwas k\u00fchler. DSB f\u00e4hrt unter der Woche wohl normalerweise ab ca. 14 Uhr, die letzten 2 Tage auch, bin aber erst heute wieder mit ihr gefahren.<\/p>\n<p>Heute sogar noch etwss Highlight-Tag, da ich 1. den Weg an den Schanzen vorbei gefahren bin und 2., als die DSB dann in Betrieb war, oben noch den Gipfelgrat entlang geschoben hab. Den auf Google-Fotos sichtbaren Holz-Aussichtsturm gibt&#8217;s zumindest hier nicht (mehr), zur Stadt runter konnte man leider auch nicht schauen, aber mit dem S\u00fcdblick und Sonnenuntergang  war&#8217;s trotzdem sch\u00f6n. Bzw. kurz nach Sonnenuntergang, da es schon 14:30 Uhr war, da die DSB versp\u00e4tet startete.<\/p>\n<p><a href='http:\/\/ski.inmontanis.info\/d\/323038-2\/DSC08928.jpg'><img src=http:\/\/ski.inmontanis.info\/d\/323037-3\/DSC08928.jpg \/><\/a><br \/>\n^ Na hoffentlich ist da kein Strom drauf, wenn einer \u00fcber den Pistenrand kommen sollte und hier hinf\u00e4llt ;)<\/p>\n<p><a href='http:\/\/ski.inmontanis.info\/d\/323042-2\/DSC08929.jpg'><img src=http:\/\/ski.inmontanis.info\/d\/323041-3\/DSC08929.jpg \/><\/a><br \/>\n^ Sprungschanze<\/p>\n<p><a href='http:\/\/ski.inmontanis.info\/d\/323046-2\/DSC08930.jpg'><img src=http:\/\/ski.inmontanis.info\/d\/323045-3\/DSC08930.jpg \/><\/a><br \/>\n^ Sprungschanze<\/p>\n<p><a href='http:\/\/ski.inmontanis.info\/d\/323050-2\/DSC08932.jpg'><img src=http:\/\/ski.inmontanis.info\/d\/323049-3\/DSC08932.jpg \/><\/a><br \/>\n^ Schanzenlift<\/p>\n<p><a href='http:\/\/ski.inmontanis.info\/d\/323054-2\/DSC08933.jpg'><img src=http:\/\/ski.inmontanis.info\/d\/323053-3\/DSC08933.jpg \/><\/a><br \/>\n^ Schanzenlift, vermutlich ein finnischer Vintertec-Graffer<\/p>\n<p><a href='http:\/\/ski.inmontanis.info\/d\/323058-2\/DSC08934.jpg'><img src=http:\/\/ski.inmontanis.info\/d\/323057-3\/DSC08934.jpg \/><\/a><br \/>\n^ Schanzenlift<\/p>\n<p><a href='http:\/\/ski.inmontanis.info\/d\/323062-2\/DSC08935.jpg'><img src=http:\/\/ski.inmontanis.info\/d\/323061-3\/DSC08935.jpg \/><\/a><br \/>\n^ Sprungschanzen<\/p>\n<p><a href='http:\/\/ski.inmontanis.info\/d\/323066-2\/DSC08938.jpg'><img src=http:\/\/ski.inmontanis.info\/d\/323065-3\/DSC08938.jpg \/><\/a><br \/>\n^ Wanderung am Gipfelgrat<\/p>\n<p><a href='http:\/\/ski.inmontanis.info\/d\/323070-2\/DSC08944.jpg'><img src=http:\/\/ski.inmontanis.info\/d\/323069-3\/DSC08944.jpg \/><\/a><br \/>\n^ Evtl. vom WK2<\/p>\n<p><a href='http:\/\/ski.inmontanis.info\/d\/323074-2\/DSC08946.jpg'><img src=http:\/\/ski.inmontanis.info\/d\/323073-3\/DSC08946.jpg \/><\/a><br \/>\n^ R\u00fcckseiten-\/S\u00fcdpano<\/p>\n<p><a href='http:\/\/ski.inmontanis.info\/d\/323078-2\/DSC08949.jpg'><img src=http:\/\/ski.inmontanis.info\/d\/323077-3\/DSC08949.jpg \/><\/a><br \/>\n^ Ski-Wanderung am Gipfelgrat, R\u00fcckblick<\/p>\n<p><a href='http:\/\/ski.inmontanis.info\/d\/323082-2\/DSC08950.jpg'><img src=http:\/\/ski.inmontanis.info\/d\/323081-3\/DSC08950.jpg \/><\/a><br \/>\n^ R\u00fcckseiten-\/S\u00fcdpano<\/p>\n<p><a href='http:\/\/ski.inmontanis.info\/d\/323086-2\/DSC08951.jpg'><img src=http:\/\/ski.inmontanis.info\/d\/323085-3\/DSC08951.jpg \/><\/a><br \/>\n^ Sendemast<\/p>\n<p><a href='http:\/\/ski.inmontanis.info\/d\/323090-2\/DSC08952.jpg'><img src=http:\/\/ski.inmontanis.info\/d\/323089-3\/DSC08952.jpg \/><\/a><br \/>\n^ Hier querfeldein sollte es mich hoffentlich zu einem Weg bringen, der mich entweder an die geschlossene Piste oder zu den Schanzen bringt<\/p>\n<p><a href='http:\/\/ski.inmontanis.info\/d\/323094-2\/DSC08954.jpg'><img src=http:\/\/ski.inmontanis.info\/d\/323093-3\/DSC08954.jpg \/><\/a><br \/>\n^ Ich kam an der geschlossenen Abfahrt raus<\/p>\n<p><a href='http:\/\/ski.inmontanis.info\/d\/323098-2\/DSC08956.jpg'><img src=http:\/\/ski.inmontanis.info\/d\/323097-3\/DSC08956.jpg \/><\/a><br \/>\n^ Abfahrt 10<\/p>\n<p><a href='http:\/\/ski.inmontanis.info\/d\/323102-2\/DSC08957.jpg'><img src=http:\/\/ski.inmontanis.info\/d\/323101-3\/DSC08957.jpg \/><\/a><br \/>\n^ DSB und Abfahrt<\/p>\n<p><a href='http:\/\/ski.inmontanis.info\/d\/323106-2\/ge20231124a.jpg'><img src=http:\/\/ski.inmontanis.info\/d\/323105-3\/ge20231124a.jpg \/><\/a><br \/>\n^ GPS-Track 24.11.2023 in T\u00fcrkis, Schanzenlift in Magenta und die vorherigen Tage in Orange<\/p>\n<p>Ich fuhr noch am Lidl vorbei, um die bl\u00f6de Lidl-Pfandflasche abzugeben und kaufte noch ein paar Nicht-Getr\u00e4nke ein. Heute gabs Brezen, dazu 3x Semmel, 1x Zimtschnecke-finnisch (schaut etwas anders aus als die schwedische, ziemlich dick, fand ich auch nicht so lecker) und 1x Pitasemmel f\u00fcr das restliche Kebab. H-Milch kostet 1,75 bzw. 1,95, in laktosefrei um 1,69 und gek\u00fchlte Milch ab 0,79 &#8230;  Laktosefrei und Glutenfrei scheint in Finnland ein gro\u00dfes Thema zu sein, da gef\u00fchlt jedes 2. Produkt &#8220;laktosefrei&#8221; stehen hat, und zwar nicht nur offensichtliche Milchlprodukte, sondern auch auf vielen Fertiggerichten steht das drauf. <\/p>\n<p>Die heutige Nacht wird mit -10\u00b0 leider wieder etwas k\u00e4lter gemeldet, wenn ich schon mal wieder freistehen willl..<\/p>\n<p>Ich fuhr also noch an den beiden &#8220;santanischen&#8221; Parks vorbei, wobei ich ja am SantaPark eh nur au\u00dfen ein paar Fotos gemacht hab. Und die Santa-Claus-Village, naja, nix f\u00fcr mich an sich. Viele Gesch\u00e4fte, klein und gro\u00df. Aber wollte ja schon allein platzm\u00e4\u00dfig nichts kaufen. Und teuerer wirds hier auch sein.<\/p>\n<p>Oder einen K\u00fchlschrankmagnet? Da gab&#8217;s einen  sch\u00f6nen silbernen in Rentierform und einen noch sch\u00f6neren runden, der aber Husky und keine Rentiere hatte. H\u00e4tte lieber ein Rentier gehabt. Dann aber doch nichts gekauft. Viellleicht mal anderswo. Husky k\u00f6nnten mich heut Nacht mit ihrem Geheule nerven. <\/p>\n<p>Ich denke, als N\u00fcrnberger sagen zu k\u00f6nnen, auch wenn ich seit meiner Kindheit nicht mehr dort war: Da ist der Christkindlesmarkt schon romantischer oder uriger &#8230; wobei ich ja nicht wei\u00df, ob man da mittlerweile auch bei jedem zweiten Stand auf Asiaten und Made-in-China-Produkte trifft ;)<\/p>\n<p><a href='http:\/\/extra.inmontanis.info\/d\/101994-2\/DSC08959.jpg'><img src=http:\/\/extra.inmontanis.info\/d\/101993-3\/DSC08959.jpg \/><\/a><br \/>\n^ Santapark<\/p>\n<p><a href='http:\/\/extra.inmontanis.info\/d\/101998-2\/DSC08962.jpg'><img src=http:\/\/extra.inmontanis.info\/d\/101997-3\/DSC08962.jpg \/><\/a><br \/>\n^ Santapark<\/p>\n<p><a href='http:\/\/extra.inmontanis.info\/d\/102002-2\/DSC08964.jpg'><img src=http:\/\/extra.inmontanis.info\/d\/102001-3\/DSC08964.jpg \/><\/a><br \/>\n^ Santapark<\/p>\n<p><a href='http:\/\/extra.inmontanis.info\/d\/102006-2\/DSC08966.jpg'><img src=http:\/\/extra.inmontanis.info\/d\/102005-3\/DSC08966.jpg \/><\/a><br \/>\n^ Santapark<\/p>\n<p><a href='http:\/\/extra.inmontanis.info\/d\/102010-2\/DSC08967.jpg'><img src=http:\/\/extra.inmontanis.info\/d\/102009-3\/DSC08967.jpg \/><\/a><br \/>\n^ Santa Claus Village<\/p>\n<p><a href='http:\/\/extra.inmontanis.info\/d\/102014-2\/DSC08968.jpg'><img src=http:\/\/extra.inmontanis.info\/d\/102013-3\/DSC08968.jpg \/><\/a><br \/>\n^ Santa Claus Village<\/p>\n<p><a href='http:\/\/extra.inmontanis.info\/d\/102018-2\/DSC08971.jpg'><img src=http:\/\/extra.inmontanis.info\/d\/102017-3\/DSC08971.jpg \/><\/a><br \/>\n^ Santa Claus Village<\/p>\n<p><a href='http:\/\/extra.inmontanis.info\/d\/102022-2\/DSC08972.jpg'><img src=http:\/\/extra.inmontanis.info\/d\/102021-3\/DSC08972.jpg \/><\/a><br \/>\n^ Von 8-22 Uhr kann man hier Santa Claus besuchen und ein Foto machen lassen, dass dann 40 \u20ac oder mehr kostet oder so ;)<\/p>\n<p><a href='http:\/\/extra.inmontanis.info\/d\/102026-2\/DSC08975.jpg'><img src=http:\/\/extra.inmontanis.info\/d\/102025-3\/DSC08975.jpg \/><\/a><br \/>\n^ <\/p>\n<p><a href='http:\/\/extra.inmontanis.info\/d\/102030-2\/DSC08976.jpg'><img src=http:\/\/extra.inmontanis.info\/d\/102029-3\/DSC08976.jpg \/><\/a><br \/>\n^ Santa Rentierpark<\/p>\n<p><a href='http:\/\/extra.inmontanis.info\/d\/102034-2\/DSC08978.jpg'><img src=http:\/\/extra.inmontanis.info\/d\/102033-3\/DSC08978.jpg \/><\/a><br \/>\n^ Hauptplatz mit Polarkreis<\/p>\n<p><a href='http:\/\/extra.inmontanis.info\/d\/102038-2\/DSC08980.jpg'><img src=http:\/\/extra.inmontanis.info\/d\/102037-3\/DSC08980.jpg \/><\/a><br \/>\n^ Es gibt eine Vielzahl an Gesch\u00e4ften und Restaurants<\/p>\n<p><a href='http:\/\/extra.inmontanis.info\/d\/102042-2\/DSC08981.jpg'><img src=http:\/\/extra.inmontanis.info\/d\/102041-3\/DSC08981.jpg \/><\/a><br \/>\n^ <\/p>\n<p><a href='http:\/\/extra.inmontanis.info\/d\/102046-2\/DSC08982.jpg'><img src=http:\/\/extra.inmontanis.info\/d\/102045-3\/DSC08982.jpg \/><\/a><br \/>\n^ In diesem Haus gibt es eine Vielzahl kleinerer Gesch\u00e4fte<\/p>\n<p><a href='http:\/\/extra.inmontanis.info\/d\/102050-2\/DSC08983.jpg'><img src=http:\/\/extra.inmontanis.info\/d\/102049-3\/DSC08983.jpg \/><\/a><br \/>\n^ Unter all den gro\u00dfen St\u00e4dten der Welt ist f\u00fcr \u00d6sterreich &#8220;St. Johan in Tirol&#8221; mit 2.448km gelistet<\/p>\n<p>Wetterbericht meldet mittlerweile f\u00fcr  Luosto morgen ganztags leichten Schneefall.  Hier zwar auch, aber vielleicht etwas weniger. Ist aber wohl im Millimeterbereich. Daf\u00fcr am Sonntag sonnig und dadurch -13\u00b0. Montag Abend -16. So langsam wird doch noch die ganze Woche am Campinplatz \u00fcberlegenswert werden &#8230;<\/p>\n<p>In Luosto sollte Abfahrtskilometerm\u00e4\u00dfig ja mehr offen sein als in Ounasvaara, daf\u00fcr aber nur eine Abfahrt am Hauptlift, lt. Pistenplan die Abfahrt ca. 1400m 225hm. Plus der \u00dcbungslift unten mit einer Abfahrt, der l\u00e4ngenm\u00e4\u00dfig wieder \u00e4hnlich wie hier ist, aber halt wesentlich flacher. Iso-Sy\u00f6te zuletzt gab 1200m und 192hm an, d.h. es w\u00e4r prinzipiell damit vergleichbar. Da fand ich die 2-3 Abfahrten in Ounasvaara schon etwas abwechslungsreicher. Aber vielleicht kann man in Luosto ja auch schon ein paar der noch geschlossenen Abfahrten freeridem\u00e4\u00dfig befahren.<\/p>\n<p>Die Hunde heulten abends ca. alle Stunde f\u00fcr ca. 10-25 Minuten&#8230;. und auch nachts ging das wohl zimlich so weiter, hat mich einige Male geweckt. Huskys nerven.<\/p>\n<p>Noch ein kleiner Vorgeschmack auf den n\u00e4chsten Bericht aus Luosto, geil, geil..:<\/p>\n<p><a href='http:\/\/ski.inmontanis.info\/d\/323110-2\/DSC09025.jpg'><img src=http:\/\/ski.inmontanis.info\/d\/323109-3\/DSC09025.jpg \/><\/a><br \/>\n^ Seitenblick vom Haupt-SL richtung Pyh\u00e4 (10:20 Uhr)<\/p>\n<p><a href='http:\/\/ski.inmontanis.info\/d\/323114-2\/DSC09048.jpg'><img src=http:\/\/ski.inmontanis.info\/d\/323113-3\/DSC09048.jpg \/><\/a><br \/>\n^ ca. eine halbe Stunde nach Sonnenaufgang am Gipfel, hier gibt es schon viele Verkrustungen (10:33 Uhr)<\/p>\n","protected":false},"excerpt":{"rendered":"<p>Fr, 24.11.2023<\/p>\n<p>Die K\u00e4lte, die ich hier vor ein paar Tagen hatte, soll wohl jetzt \u00fcber die Alpen ziehen und dort f\u00fcr kr\u00e4ftig Schneefall auf den Bergen (50-100cm) und bis ins Tal sorgen. Da stand dann auch, dass das f\u00fcr Nord-Skandinavien heuer ungew\u00f6hnlich kalt und hier generell heuer ein fr\u00fcher Wintereinbruch war. Ausgerechnet, wenn ich <a href=\"http:\/\/blog.inmontanis.info\/?p=9533\">[&#8230;]<\/a><\/p>\n","protected":false},"author":1,"featured_media":9535,"comment_status":"closed","ping_status":"closed","sticky":false,"template":"","format":"standard","meta":{"footnotes":""},"categories":[912,20,916,27],"tags":[51,38,91,47],"class_list":["post-9533","post","type-post","status-publish","format-standard","has-post-thumbnail","hentry","category-2023-09-2024-xx-skandinavien","category-finnlandfinland","category-rovaniemi","category-skifahren-winterskiing-winter","tag-architektur","tag-dsb","tag-graffer","tag-sl","odd"],"_links":{"self":[{"href":"http:\/\/blog.inmontanis.info\/index.php?rest_route=\/wp\/v2\/posts\/9533","targetHints":{"allow":["GET"]}}],"collection":[{"href":"http:\/\/blog.inmontanis.info\/index.php?rest_route=\/wp\/v2\/posts"}],"about":[{"href":"http:\/\/blog.inmontanis.info\/index.php?rest_route=\/wp\/v2\/types\/post"}],"author":[{"embeddable":true,"href":"http:\/\/blog.inmontanis.info\/index.php?rest_route=\/wp\/v2\/users\/1"}],"replies":[{"embeddable":true,"href":"http:\/\/blog.inmontanis.info\/index.php?rest_route=%2Fwp%2Fv2%2Fcomments&post=9533"}],"version-history":[{"count":4,"href":"http:\/\/blog.inmontanis.info\/index.php?rest_route=\/wp\/v2\/posts\/9533\/revisions"}],"predecessor-version":[{"id":9538,"href":"http:\/\/blog.inmontanis.info\/index.php?rest_route=\/wp\/v2\/posts\/9533\/revisions\/9538"}],"wp:featuredmedia":[{"embeddable":true,"href":"http:\/\/blog.inmontanis.info\/index.php?rest_route=\/wp\/v2\/media\/9535"}],"wp:attachment":[{"href":"http:\/\/blog.inmontanis.info\/index.php?rest_route=%2Fwp%2Fv2%2Fmedia&parent=9533"}],"wp:term":[{"taxonomy":"category","embeddable":true,"href":"http:\/\/blog.inmontanis.info\/index.php?rest_route=%2Fwp%2Fv2%2Fcategories&post=9533"},{"taxonomy":"post_tag","embeddable":true,"href":"http:\/\/blog.inmontanis.info\/index.php?rest_route=%2Fwp%2Fv2%2Ftags&post=9533"}],"curies":[{"name":"wp","href":"https:\/\/api.w.org\/{rel}","templated":true}]}}