{"id":953,"date":"2009-08-30T23:00:44","date_gmt":"2009-08-30T21:00:44","guid":{"rendered":"http:\/\/blog.inmontanis.info\/?p=953"},"modified":"2023-08-05T21:21:38","modified_gmt":"2023-08-05T19:21:38","slug":"seefeld-konigstour-30-8-2009","status":"publish","type":"post","link":"http:\/\/blog.inmontanis.info\/?p=953","title":{"rendered":"Seefeld K\u00f6nigstour, 30.8.2009"},"content":{"rendered":"<p>Am 30.8.2009 ging&#8217;s nach Seefeld auf die Rossh\u00fctte zur K\u00f6nigstour. SSB + Jochbahn-PB hinauf, r\u00fcber zur Seefelder und Reither Spitze, runter zur H\u00e4rmelekopfbahn und mit PB und SSB wieder hinab.<!--more--><\/p>\n<p>Der Auf- und Abstieg an der Reither Spitze war unerwarteterweise sogar mit kurzen und einfachen Kletterst\u00fcckchen bzw. Leitern versehen. Ist halt nicht umsonst schwarz ausgeschildert.<\/p>\n<p>Abgesehen dass dort nat\u00fcrlich ziemlich viel los ist, ist der Weg empfehlenswert und bietet etliche nette Ausblicke zum Zugspitzplatt. Dazu noch ein paar Zoom-Fotos zum Hintertuxer und einigen anderen Gebieten.<\/p>\n<p>Sortierung der Bilder:<\/p>\n<p>1. Seefeld\/Rossh\u00fctte\/K\u00f6nigstour<br \/>\n2. Alle Zoom-Fotos w\u00e4hrend der Tour nach au\u00dferhalb Seefeld<\/p>\n<p><em>[_de]Bilder anklicken zum Vergr\u00f6\u00dfern[\/_de]\u2028[_en]Click photos to enlarge[\/_en]<\/em><\/p>\n<p><a href='http:\/\/ski.inmontanis.info\/d\/104961-2\/ge_rosshu__tte20090830.jpg'><img src=http:\/\/ski.inmontanis.info\/d\/104959-3\/ge_rosshu__tte20090830.jpg \/><\/a><br \/>\n^ GPS-Track K\u00f6nigstour<\/p>\n<p><a href='http:\/\/ski.inmontanis.info\/d\/104277-2\/P1430022.JPG'><img src=http:\/\/ski.inmontanis.info\/d\/104275-3\/P1430022.JPG \/><\/a><br \/>\n^ PB Jochbahn<\/p>\n<p><a href='http:\/\/ski.inmontanis.info\/d\/104281-3\/P1430032.JPG'><img src=http:\/\/ski.inmontanis.info\/d\/104279-3\/P1430032.JPG \/><\/a><br \/>\n^ Inntal-Pano (West)<\/p>\n<p><a href='http:\/\/ski.inmontanis.info\/d\/104285-2\/P1430037.JPG'><img src=http:\/\/ski.inmontanis.info\/d\/104283-3\/P1430037.JPG \/><\/a><br \/>\n^ Zoom Rossh\u00fctte und Beschneiungsteich<\/p>\n<p><a href='http:\/\/ski.inmontanis.info\/d\/104289-3\/P1430040.JPG'><img src=http:\/\/ski.inmontanis.info\/d\/104287-4\/P1430040.JPG \/><\/a><br \/>\n^ PB H\u00e4rmelekopf<\/p>\n<p><a href='http:\/\/ski.inmontanis.info\/d\/104293-2\/P1430059.JPG'><img src=http:\/\/ski.inmontanis.info\/d\/104291-3\/P1430059.JPG \/><\/a><br \/>\n^ Aufstieg zur Seefelder Spitze<\/p>\n<p><img src=http:\/\/ski.inmontanis.info\/d\/104297-2\/P1430061.JPG \/><br \/>\n^ Pano richtung Bayern mit Bergstation und Kabine der PB Jochbahn<\/p>\n<p><a href='http:\/\/ski.inmontanis.info\/d\/104301-2\/P1430062.JPG'><img src=http:\/\/ski.inmontanis.info\/d\/104299-3\/P1430062.JPG \/><\/a><br \/>\n^ R\u00fcckseitenpano. Mittig-Links schimmert leicht der Hintertuxer Gletscher durch.<\/p>\n<p><a href='http:\/\/ski.inmontanis.info\/d\/104305-3\/P1430074.JPG'><img src=http:\/\/ski.inmontanis.info\/d\/104303-4\/P1430074.JPG \/><\/a><br \/>\n^ Weg von der Seefelder Spitze zur Reither Spitze<\/p>\n<p><a href='http:\/\/ski.inmontanis.info\/d\/104309-2\/P1430086.JPG'><img src=http:\/\/ski.inmontanis.info\/d\/104307-3\/P1430086.JPG \/><\/a><br \/>\n^ PB H\u00e4rmelekopf, im Hintergrund der Gschwandtkopf<\/p>\n<p><a href='http:\/\/ski.inmontanis.info\/d\/104313-2\/P1430100.JPG'><img src=http:\/\/ski.inmontanis.info\/d\/104311-3\/P1430100.JPG \/><\/a><br \/>\n^ Seefelder Spitze<\/p>\n<p><a href='http:\/\/ski.inmontanis.info\/d\/104317-2\/P1430107.JPG'><img src=http:\/\/ski.inmontanis.info\/d\/104315-3\/P1430107.JPG \/><\/a><br \/>\n^ Bergstationen am Gschwandtkopf im Zoom<\/p>\n<p><a href='http:\/\/ski.inmontanis.info\/d\/104321-2\/P1430111.JPG'><img src=http:\/\/ski.inmontanis.info\/d\/104319-3\/P1430111.JPG \/><\/a><br \/>\n^ Auf beiden Wegen zur Reither Spitze sind Leitern und kurze Kletterst\u00fccke zu durchschreiten.<\/p>\n<p><a href='http:\/\/ski.inmontanis.info\/d\/104325-2\/P1430112.JPG'><img src=http:\/\/ski.inmontanis.info\/d\/104323-3\/P1430112.JPG \/><\/a><br \/>\n^ Die Leiter nach unten gesehen. Unten die Wegkreuzung an der Reither Scharte<\/p>\n<p><a href='http:\/\/ski.inmontanis.info\/d\/104329-2\/P1430132.JPG'><img src=http:\/\/ski.inmontanis.info\/d\/104327-3\/P1430132.JPG \/><\/a><br \/>\n^ Gschwandtkopf im Zoom<\/p>\n<p><a href='http:\/\/ski.inmontanis.info\/d\/104333-2\/P1430138.JPG'><img src=http:\/\/ski.inmontanis.info\/d\/104331-3\/P1430138.JPG \/><\/a><br \/>\n^ Pano Seefeld, Hohe Munde und Wetterstein \/ Zugspitze<\/p>\n<p><a href='http:\/\/ski.inmontanis.info\/d\/104337-3\/P1430140.JPG'><img src=http:\/\/ski.inmontanis.info\/d\/104335-4\/P1430140.JPG \/><\/a><br \/>\n^ Zoom Seefelder Spitze und Mittenwald. Irgendwie sind rote D\u00e4cher in Deutschland beliebter als anderswo, scheint mir. (Leider)<\/p>\n<p><a href='http:\/\/ski.inmontanis.info\/d\/104341-3\/P1430173.JPG'><img src=http:\/\/ski.inmontanis.info\/d\/104339-4\/P1430173.JPG \/><\/a><br \/>\n^ R\u00fcckseiten Pano. Find ich jetzt etwas langweilig &#8211; eint\u00f6nig.<\/p>\n<p><a href='http:\/\/ski.inmontanis.info\/d\/104345-3\/P1430177.JPG'><img src=http:\/\/ski.inmontanis.info\/d\/104343-4\/P1430177.JPG \/><\/a><br \/>\n^ S\u00fcd-Ost-Pano<\/p>\n<p><a href='http:\/\/ski.inmontanis.info\/d\/104350-3\/P1430183.JPG'><img src=http:\/\/ski.inmontanis.info\/d\/104348-4\/P1430183.JPG \/><\/a><br \/>\n^ Gipfel-Jause nicht nur f\u00fcr die Menschen :-)<\/p>\n<p><a href='http:\/\/ski.inmontanis.info\/d\/104354-3\/P1430184.JPG'><img src=http:\/\/ski.inmontanis.info\/d\/104352-4\/P1430184.JPG \/><\/a><br \/>\n^ Gipfelkreuz Reither Spitze gen Zugspitze<\/p>\n<p><img src=http:\/\/ski.inmontanis.info\/d\/104358-3\/P1430199.JPG \/><br \/>\n^ Zoom zum blauen Beschneiungsteich<\/p>\n<p><a href='http:\/\/ski.inmontanis.info\/d\/104362-3\/P1430202.JPG'><img src=http:\/\/ski.inmontanis.info\/d\/104360-4\/P1430202.JPG \/><\/a><br \/>\n^ Zoom nach Telfs<\/p>\n<p><img src=http:\/\/ski.inmontanis.info\/d\/104366-3\/P1430218.JPG \/><br \/>\n^ Fels-Blick zum Inn <\/p>\n<p><a href='http:\/\/ski.inmontanis.info\/d\/104370-3\/P1430224.JPG'><img src=http:\/\/ski.inmontanis.info\/d\/104368-4\/P1430224.JPG \/><\/a><br \/>\n^ Materialseilbahn N\u00f6rdlinger H\u00fctte<\/p>\n<p><a href='http:\/\/ski.inmontanis.info\/d\/104375-3\/P1430225.JPG'><img src=http:\/\/ski.inmontanis.info\/d\/104373-4\/P1430225.JPG \/><\/a><br \/>\n^ Pano mit N\u00f6rdlinger H\u00fctte, Wipptal und Skigebiet G\u00f6tzens-Axams. Links das Hintertuxer Gletscherskigebiet<\/p>\n<p><a href='http:\/\/ski.inmontanis.info\/d\/104379-3\/P1430232.JPG'><img src=http:\/\/ski.inmontanis.info\/d\/104377-4\/P1430232.JPG \/><\/a><br \/>\n^ Reither Spitze und N\u00f6rdlinger H\u00fctte<\/p>\n<p><a href='http:\/\/ski.inmontanis.info\/d\/104383-3\/P1430235.JPG'><img src=http:\/\/ski.inmontanis.info\/d\/104381-4\/P1430235.JPG \/><\/a><br \/>\n^ Materialseilbahn zur N\u00f6rdlinger H\u00fctte<\/p>\n<p><a href='http:\/\/ski.inmontanis.info\/d\/104387-3\/P1430244.JPG'><img src=http:\/\/ski.inmontanis.info\/d\/104385-4\/P1430244.JPG \/><\/a><br \/>\n^ Faszinierend wie gleichm\u00e4\u00dfig die Schr\u00e4ge dieses Hangs hier ist&#8230;<\/p>\n<p><a href='http:\/\/ski.inmontanis.info\/d\/104391-3\/P1430256.JPG'><img src=http:\/\/ski.inmontanis.info\/d\/104389-4\/P1430256.JPG \/><\/a><br \/>\n^ PB H\u00e4rmelekopf<\/p>\n<p><a href='http:\/\/ski.inmontanis.info\/d\/104395-3\/P1430263.JPG'><img src=http:\/\/ski.inmontanis.info\/d\/104393-4\/P1430263.JPG \/><\/a><br \/>\n^ Zoom PB Jochbahn<\/p>\n<p><a href='http:\/\/ski.inmontanis.info\/d\/104399-3\/P1430266.JPG'><img src=http:\/\/ski.inmontanis.info\/d\/104397-4\/P1430266.JPG \/><\/a><br \/>\n^ Stationskomplex Rossh\u00fctte mit SSB-Bergstation und Talstation beider PB<\/p>\n<p><strong>&#8212;<\/strong><\/p>\n<p><a href='http:\/\/ski.inmontanis.info\/d\/104273-3\/P1430160.JPG'><img src=http:\/\/ski.inmontanis.info\/d\/104272-4\/P1430160.JPG \/><\/a><br \/>\n^ Zoom G\u00f6tzner Bahn und Abfahrt (links) und Axamer Lizum (mit Talabfahrt Axams rechts) von der Reither Spitze<\/p>\n<p><a href='http:\/\/ski.inmontanis.info\/d\/104269-3\/P1430118.JPG'><img src=http:\/\/ski.inmontanis.info\/d\/104267-4\/P1430118.JPG \/><\/a><br \/>\n^ Ehemaliges Skigebiet an der hohen Munde (ESL, SL) im Zoom von der Reither Spitze<\/p>\n<p><img src=http:\/\/ski.inmontanis.info\/d\/101959-3\/P1430167.JPG \/><br \/>\n^ Zoom Hintertux von der Reither Spitze (oberhalb Seefeld-Zirl)<\/p>\n<p><img src=http:\/\/ski.inmontanis.info\/d\/104265-3\/P1430216.JPG \/><br \/>\n^ Zoom Gefrorene Wand (Spitze) von der Reither Spitze<\/p>\n<p><img src=http:\/\/ski.inmontanis.info\/d\/104249-2\/P1430146.JPG \/><br \/>\n^ Zoom Skigebietsr\u00fcckseite Ehrwalder Alm und Zugspitzplatt<\/p>\n<p><img src=http:\/\/ski.inmontanis.info\/d\/104253-3\/P1430119.JPG \/><br \/>\n^ Zoom Zugspitz-Platt von Seefelder\/Reither Spitze<\/p>\n<p><img src=http:\/\/ski.inmontanis.info\/d\/104261-3\/P1430149.JPG \/><br \/>\n^ Zoom Schneeferner Haus und Gipfel von Seefelder\/Reither Spitze<\/p>\n<p><img src=http:\/\/ski.inmontanis.info\/d\/104257-3\/P1430194.JPG \/><br \/>\n^ Zoom Zugspitz-Platt von Seefelder\/Reither Spitze<\/p>\n","protected":false},"excerpt":{"rendered":"<p>Am 30.8.2009 ging&#8217;s nach Seefeld auf die Rossh\u00fctte zur K\u00f6nigstour. SSB + Jochbahn-PB hinauf, r\u00fcber zur Seefelder und Reither Spitze, runter zur H\u00e4rmelekopfbahn und mit PB und SSB wieder hinab.<\/p>\n<p> <a href=\"http:\/\/blog.inmontanis.info\/?p=953\">[&#8230;]<\/a><\/p>\n","protected":false},"author":1,"featured_media":0,"comment_status":"open","ping_status":"closed","sticky":false,"template":"","format":"standard","meta":{"footnotes":""},"categories":[24,13,843,30],"tags":[52,45,47],"class_list":["post-953","post","type-post","status-publish","format-standard","hentry","category-tagestour","category-austria","category-seefeld","category-wandern","tag-pb","tag-see","tag-sl","odd"],"_links":{"self":[{"href":"http:\/\/blog.inmontanis.info\/index.php?rest_route=\/wp\/v2\/posts\/953","targetHints":{"allow":["GET"]}}],"collection":[{"href":"http:\/\/blog.inmontanis.info\/index.php?rest_route=\/wp\/v2\/posts"}],"about":[{"href":"http:\/\/blog.inmontanis.info\/index.php?rest_route=\/wp\/v2\/types\/post"}],"author":[{"embeddable":true,"href":"http:\/\/blog.inmontanis.info\/index.php?rest_route=\/wp\/v2\/users\/1"}],"replies":[{"embeddable":true,"href":"http:\/\/blog.inmontanis.info\/index.php?rest_route=%2Fwp%2Fv2%2Fcomments&post=953"}],"version-history":[{"count":3,"href":"http:\/\/blog.inmontanis.info\/index.php?rest_route=\/wp\/v2\/posts\/953\/revisions"}],"predecessor-version":[{"id":956,"href":"http:\/\/blog.inmontanis.info\/index.php?rest_route=\/wp\/v2\/posts\/953\/revisions\/956"}],"wp:attachment":[{"href":"http:\/\/blog.inmontanis.info\/index.php?rest_route=%2Fwp%2Fv2%2Fmedia&parent=953"}],"wp:term":[{"taxonomy":"category","embeddable":true,"href":"http:\/\/blog.inmontanis.info\/index.php?rest_route=%2Fwp%2Fv2%2Fcategories&post=953"},{"taxonomy":"post_tag","embeddable":true,"href":"http:\/\/blog.inmontanis.info\/index.php?rest_route=%2Fwp%2Fv2%2Ftags&post=953"}],"curies":[{"name":"wp","href":"https:\/\/api.w.org\/{rel}","templated":true}]}}