{"id":9527,"date":"2023-11-23T20:10:40","date_gmt":"2023-11-23T19:10:40","guid":{"rendered":"http:\/\/blog.inmontanis.info\/?p=9527"},"modified":"2023-11-23T20:12:07","modified_gmt":"2023-11-23T19:12:07","slug":"ounasvaara-rovaniemi-18-23-11-2023-kaputte-teile-und-teure-einkaufe","status":"publish","type":"post","link":"http:\/\/blog.inmontanis.info\/?p=9527","title":{"rendered":"Ounasvaara (Rovaniemi), 18.-23.11.2023 &#8211; Kaputte Teile und neue Sachen"},"content":{"rendered":"<p><strong>Sa, 18.11.2023<\/strong><\/p>\n<p>Bis ca. zur H\u00e4lfte des Weges nach Rovaniemi gab es eine Hochnebeldecke, die f\u00fcr angenehme ca. -6\u00b0 sorgte. Kaum war der Himmel danach klar, sank die Temperatur auf -15\u00b0, sp\u00e4ter stellenweise auch auf -18\u00b0 und -20\u00b0.<\/p>\n<p><a href='http:\/\/extra.inmontanis.info\/d\/101904-2\/DSC08789.jpg'><img src=http:\/\/extra.inmontanis.info\/d\/101903-3\/DSC08789.jpg \/><\/a><br \/>\n^ Wie in \u00d6sterreich, kommt auch in Finnland manchmal die alte gelbe Fahrbahnmarkierung zum Vorschein. Musste in AT glaub wg. EU-Beitritt ge\u00e4ndert werden. Die gelben statt wei\u00dfen Verkehrszeichen in Schweden+Finnland durften aber bleiben ..<\/p>\n<p><a href='http:\/\/extra.inmontanis.info\/d\/101908-2\/DSC08795.jpg'><img src=http:\/\/extra.inmontanis.info\/d\/101907-3\/DSC08795.jpg \/><\/a><br \/>\n^ Halber Fluss noch nicht gefroren<\/p>\n<p><a href='http:\/\/extra.inmontanis.info\/d\/101912-2\/DSC08800.jpg'><img src=http:\/\/extra.inmontanis.info\/d\/101911-3\/DSC08800.jpg \/><\/a><br \/>\n^ Rentiere (10:45 Uhr)<\/p>\n<p><a href='http:\/\/extra.inmontanis.info\/d\/101916-2\/DSC08803.jpg'><img src=http:\/\/extra.inmontanis.info\/d\/101915-3\/DSC08803.jpg \/><\/a><br \/>\n^ -20\u00b0 und Reisestrecke<\/p>\n<p>G\u00fcnstigste Tanktelle hatte heute Super 95 um 1,90, hab aber erst stp\u00e4ter in Rovaniemi um 1,926 getankt.<\/p>\n<p>Ging in den Lidl, der liegt auch halbwegs zwichen Skigebiet und Wohnmobilstellplatz, \u00fcberzeugte aber nicht mit den Semmel um 0,39, keine Brezen und das Cola light \u00fcber 1,70 mit Pfand (daher nur Flasche Wasser um 1 \u20ac inkl. Pfand genommen), das ist im Prisma beides g\u00fcnstiger. Leider ist der Prisma am anderen Ende der Stadt.  <\/p>\n<p>(Am n\u00e4chsten Tag gesehen, dass auf der Wasserflasche  auf schwedisch tats\u00e4chlich steht, dass es die 0,40 \u20ac Pfand nur bei Lidl zur\u00fcck gibt&#8230; was f\u00fcr ein bescheuertes System hier in Finnland. Da werd ich kaum noch zum Lidl gehen in Finnland. Da lob ich mir die noch vielen L\u00e4nder ohne Pfand, AT (nicht mehr lange), IT, FR, UK usw.)<\/p>\n<p>Um 12 Uhr kam ich am Parkplatz des  rechten SL an, bzw. war neben des SL auch die DSB in Betrieb. Yeah, Lattenrostsessel bei -16\u00b0. Allerdings ist die DSB etwas l\u00e4nger als der SL. Und dank russischem Sitzpolster waren ja die Sitze sch\u00f6n warm &#8211; und das mit der Lehne ohne R\u00fcckenwind auch nicht so tragisch.<\/p>\n<p>&#128681; Gespeicherte Geolocation &#8211; Karte anzeigen: <a href='https:\/\/www.google.com\/maps\/@?api=1&#038;map_action=map&#038;center=66.50729931268144,25.789182186126713&#038;zoom=12&#038;basemap=terrain' target=_blank> GoogleMaps<\/a> &#128681; <a href='https:\/\/www.openstreetmap.org\/?&#038;mlat=66.50729931268144&#038;mlon=25.789182186126713#map=10\/66.50729931268144\/25.789182186126713&#038;layers=P' target=_blank> OSM &#128681;<\/a><\/p>\n<p><a href='http:\/\/ski.inmontanis.info\/d\/322894-2\/DSC08804.jpg'><img src=http:\/\/ski.inmontanis.info\/d\/322892-3\/DSC08804.jpg \/><\/a><br \/>\n^ Blick ins Skigebiet Ounasvaara bzw. in den rechten Teil von der Br\u00fccke aus<\/p>\n<p><a href='http:\/\/ski.inmontanis.info\/d\/322898-2\/DSC08808.jpg'><img src=http:\/\/ski.inmontanis.info\/d\/322897-3\/DSC08808.jpg \/><\/a><br \/>\n^ Das gro\u00dfe Mattendepot der Matten vom Schneedepot<\/p>\n<p><a href='http:\/\/ski.inmontanis.info\/d\/322902-2\/DSC08810.jpg'><img src=http:\/\/ski.inmontanis.info\/d\/322901-3\/DSC08810.jpg \/><\/a><br \/>\n^ Linke Abfahrt 8 und Funparks<\/p>\n<p><a href='http:\/\/ski.inmontanis.info\/d\/322906-2\/DSC08811.jpg'><img src=http:\/\/ski.inmontanis.info\/d\/322905-3\/DSC08811.jpg \/><\/a><br \/>\n^ Talstation DSB und SL<\/p>\n<p><a href='http:\/\/ski.inmontanis.info\/d\/322910-2\/DSC08812.jpg'><img src=http:\/\/ski.inmontanis.info\/d\/322909-3\/DSC08812.jpg \/><\/a><br \/>\n^ Pistenplan, in Betrieb momentan der rechte Bereich; der SL links macht normalerweise erst im Dezember auf<\/p>\n<p><a href='http:\/\/ski.inmontanis.info\/d\/322914-2\/DSC08813.jpg'><img src=http:\/\/ski.inmontanis.info\/d\/322913-3\/DSC08813.jpg \/><\/a><br \/>\n^ Rechte Abfahrt 9 und weiter rechts die 10, die als alte Abfahrt bezeichnet wird<\/p>\n<p><a href='http:\/\/ski.inmontanis.info\/d\/322918-2\/DSC08815.jpg'><img src=http:\/\/ski.inmontanis.info\/d\/322917-3\/DSC08815.jpg \/><\/a><br \/>\n^ SL-St\u00fctze aus der DSB<\/p>\n<p><a href='http:\/\/ski.inmontanis.info\/d\/322922-2\/DSC08816.jpg'><img src=http:\/\/ski.inmontanis.info\/d\/322921-3\/DSC08816.jpg \/><\/a><br \/>\n^ SL-St\u00fctze aus der DSB<\/p>\n<p><a href='http:\/\/ski.inmontanis.info\/d\/322926-2\/DSC08822.jpg'><img src=http:\/\/ski.inmontanis.info\/d\/322925-3\/DSC08822.jpg \/><\/a><br \/>\n^ DSB vor Bergstation<\/p>\n<p><a href='http:\/\/ski.inmontanis.info\/d\/322930-2\/DSC08823.jpg'><img src=http:\/\/ski.inmontanis.info\/d\/322929-3\/DSC08823.jpg \/><\/a><br \/>\n^ DSB Bergstation (12:46 Uhr)<\/p>\n<p><a href='http:\/\/ski.inmontanis.info\/d\/322934-2\/DSC08824.jpg'><img src=http:\/\/ski.inmontanis.info\/d\/322933-3\/DSC08824.jpg \/><\/a><br \/>\n^ Gipfelhotel, wobei auf der S\u00fcdseite mehr H\u00e4user sind<\/p>\n<p><a href='http:\/\/ski.inmontanis.info\/d\/322938-2\/DSC08825.jpg'><img src=http:\/\/ski.inmontanis.info\/d\/322937-3\/DSC08825.jpg \/><\/a><br \/>\n^ Start der Abfahrten<\/p>\n<p><a href='http:\/\/ski.inmontanis.info\/d\/322942-2\/DSC08827.jpg'><img src=http:\/\/ski.inmontanis.info\/d\/322941-3\/DSC08827.jpg \/><\/a><br \/>\n^ Abfahrt 9 und der Fluss, der noch nicht ganz gefroren ist<\/p>\n<p>Nach der ersten Abfahrt, die gratis war, weil der Leser am Zugang zur DSB nicht funktionierte (auch bei denen vor mir nicht), riss das Band vom einen Stecken ab. Da ich die Schraube nicht ohne Zange \u00f6ffnen konnte, verknotete ich das nur notd\u00fcrftig und wollte heute Abend die Zange rausholen. <\/p>\n<p><a href='http:\/\/ski.inmontanis.info\/d\/322946-2\/DSC08829.jpg'><img src=http:\/\/ski.inmontanis.info\/d\/322945-3\/DSC08829.jpg \/><\/a><br \/>\n^ Abgerissen<\/p>\n<p>Wartezeiten am SL meist l\u00e4nger (man ist ja auch schneller oben), daher bevorzugte ich die DSB, da konnte man sich (au\u00dfer am R\u00fccken) auch besser aufw\u00e4rmen. Aber auch der R\u00fccken war weniger kalt als an den Polster-Sesseln in Ruka zuletzt. Schnee war eher hart und knollig und richtung Stadtzentrum kann man von hier aus leider nicht sehen, das liegt ca. 90\u00b0 versetzt zum Bergr\u00fccken.<\/p>\n<p>Tageskarte w\u00fcrde hier \u00fcbrigens 43,50 (online 41,33) kosten. Wie schon einmal gesagt, das Verh\u00e4ltnis der Tageskartenpreise zwischen gro\u00dfen und kleinen Skigebieten in Finnland passt einfach nicht, wenn Yll\u00e4s und Levi um die 50 \u20ac verlangen.  Die Saisonkarten um die 50% Vorverkauf sind hier dagegen g\u00fcnstig, daher ja auch um 269,- \u20ac die f\u00fcr die 4 Skigebiete Ounasvaara, Luosto, Olos und Pallas gekauft. Auch wenn mein hochgeladenes Foto momentan sinnlos sein d\u00fcrfte, so vermummt wie ich bin ;)<\/p>\n<p>Was mir leider erst sp\u00e4ter eingefallen ist, als ich hier den L\u00e4rm wegen des Openings h\u00f6rte, ich h\u00e4tte ja vielleicht doch dieses WE nach Luosto fahren k\u00f6nnen und nur von MO-FR hier bleiben k\u00f6nnen. Naja, jetzt egal.<\/p>\n<p><a href='http:\/\/ski.inmontanis.info\/d\/322950-2\/DSC08831.jpg'><img src=http:\/\/ski.inmontanis.info\/d\/322949-3\/DSC08831.jpg \/><\/a><br \/>\n^ Abfahrt 8 und Fluss (13:15)<\/p>\n<p><a href='http:\/\/ski.inmontanis.info\/d\/322954-2\/DSC08832.jpg'><img src=http:\/\/ski.inmontanis.info\/d\/322953-3\/DSC08832.jpg \/><\/a><br \/>\n^ DSB-St\u00fctze<\/p>\n<p><a href='http:\/\/ski.inmontanis.info\/d\/322958-2\/DSC08833.jpg'><img src=http:\/\/ski.inmontanis.info\/d\/322957-3\/DSC08833.jpg \/><\/a><br \/>\n^ Sprungschanzen vom \u00dcbungsbereich aus, hier gibts 1 F\u00f6rderband und 1 Seillift. Rechts vom Turm verl\u00e4uft der Schanzen-SL, da f\u00e4hrt auch gerade einer rauf<\/p>\n<p><a href='http:\/\/ski.inmontanis.info\/d\/322962-2\/DSC08835.jpg'><img src=http:\/\/ski.inmontanis.info\/d\/322961-3\/DSC08835.jpg \/><\/a><br \/>\n^ Der erste Zwischenausstieg am SL ist direkt vor der St\u00fctze, daher die rechte Seite<\/p>\n<p><a href='http:\/\/ski.inmontanis.info\/d\/322966-2\/DSC08837.jpg'><img src=http:\/\/ski.inmontanis.info\/d\/322965-3\/DSC08837.jpg \/><\/a><br \/>\n^ \u00dcbungsbereich<\/p>\n<p><a href='http:\/\/ski.inmontanis.info\/d\/322970-2\/DSC08839.jpg'><img src=http:\/\/ski.inmontanis.info\/d\/322969-3\/DSC08839.jpg \/><\/a><br \/>\n^ DSB Bergstation (14:23)<\/p>\n<p><a href='http:\/\/ski.inmontanis.info\/d\/322974-2\/DSC08843.jpg'><img src=http:\/\/ski.inmontanis.info\/d\/322973-3\/DSC08843.jpg \/><\/a><br \/>\n^ Abfahrt 8 (14:52)<\/p>\n<p>Nachmittags stellte sich die Frage, hier f\u00fcr die Nacht bleiben oder zum anderen SL fahren oder zum Wohnmobilplatz fahren, wo ich aber eh ab morgen einige Tage stehen m\u00f6chte, weil auch noch k\u00e4lter gemeldet wird, heut Nacht soll es nur -15\u00b0 geben (Auto zeigte -11 drau\u00dfen). Also bleib ich heute Nacht hier.<\/p>\n<p>Quasi neben dem schon genannten Wohnmobilstellplatz um 25 \u20ac am Weihnachtsmanndorf soll es  auch eine Shell-Tankstelle geben, die Stellpl\u00e4tze f\u00fcr die Nacht mit Strom um 15 \u20ac vermietet. D\u00fcrfte dort aber noch lauter sien, weil es da auch einen LKW-Parkplatz gibt. An dem anderen ja nur eine LKW-Tankstelle. Andererseits ist der Au\u00dfenl\u00e4rm mit laufenden Heizl\u00fcftern innen ja eh weniger schlimm.<\/p>\n<p>Die Antwort aus Luosto wegen der verschiedenen \u00d6ffnungsangabe auf deren Websites n\u00e4chste Woche kam: Doch erst ab 25. t\u00e4glich offen. Nix mit 24. oder 22. Also werd ich doch bis inkl. Freitag hier in Ounasvaara bleiben.<\/p>\n<p>Hab mir die Campingplatzsituation fur Luosto angeschaut, auch schwierig, der Platz an der Talstation soll wohl 42\/Nacht kosten, die g\u00fcnstigeren in der Gegend sind nur im Sommer offen, einer, der offen h\u00e4tte, verlangt gleich 52,- und ein anderer g\u00fcnstiger in der N\u00e4he, da ist der Status unbekannt, ob die im Winter offen haben. Aber vielleicht wirds n\u00e4chste Woche ja wieder etwas w\u00e4rmer.<\/p>\n<p><strong>So, 19.11.2023<\/strong><\/p>\n<p>Decke \u00fcber Schlafsack war heute Nacht nicht \u00fcberzeugend. Heizmatten liefen auf Stufe 2 ab irgendwann nachts, war dann sch\u00f6n warm auf der einen Seite, aber die andere Seite blieb k\u00e4lter.  Leider erst nachts eingefallen, dass ich mal probieren k\u00f6nnte, die eine d\u00fcnne Schaumstoffmatte, die am Fenster war (die geschrumpfte) untern Schlafsack zu tun, k\u00f6nnte morgens was bringen, wenn sie halbwegs im Bereich Hintern\/Oberschenkel liegen bliebe. Wird was f\u00fcr die n\u00e4chste Freisteh-Nacht unter -10\u00b0.<\/p>\n<p>Wenigstens war das Innenminimum vorne mit -5,8\u00b0 mal so kalt wie erwartet. N\u00e4chste Nacht w\u00e4re etwas weniger kalt gemeldet, werd aber trotzdem den Wohnmobilstellplatz anfahren.  Eine Vorbuchung am Morgen wollte ich nicht durchf\u00fchren, da man den gew\u00fcnschten Platz ausw\u00e4hlen muss, auf dem Plan aber nicht eingezeichnet ist, wo genau sich die Stra\u00dfen und die Tankstelle befindet, also muss ich mir das vor Ort erst anschauen und dann buchen.<\/p>\n<p>Es soll im Laufe der Woche auch mal etwas weniger kalt werden, was aber mit Schneefall kombiniert sein soll. Heute Vormittag trotz des bedeckten Himmels kalt.<\/p>\n<p>Diesmal also zum Betriebsbeginn um 10 Uhr im Skigebiet gewesen und entsprechend gegen Mittag aufgeh\u00f6rt. Mein momentanes Ziel sind hier ca. 2 Stunden t\u00e4glich. Ich w\u00fcrd&#8217;s zwar auch l\u00e4nger aushalten, vom Nichtlangweiligwerden her, aber wenn ich eh schon noch die n\u00e4chsen 5 Tage hier bleiben soll,  reicht das.<\/p>\n<p>Hab heut die Allmountains angezogen und bin den Weg r\u00fcber zur laut Plan  &#8220;alten Abfahrt&#8221; gefahren, wo man relativ weit unten erst rauskommt. Viellecht gab&#8217;s da mal  einen anderen Lift. Die leichte Pulverschneeauflage im unteren Bereich ging gar nicht so \u00fcbel, daher wiederholt.<\/p>\n<p><a href='http:\/\/ski.inmontanis.info\/d\/322978-2\/DSC08851.jpg'><img src=http:\/\/ski.inmontanis.info\/d\/322977-3\/DSC08851.jpg \/><\/a><br \/>\n^ Abfahrt 10, \u00fcber den Ziehweg links kommt man wohl zum Start oben, ich blieb aber rechts<\/p>\n<p><a href='http:\/\/ski.inmontanis.info\/d\/322982-2\/DSC08852.jpg'><img src=http:\/\/ski.inmontanis.info\/d\/322981-3\/DSC08852.jpg \/><\/a><br \/>\n^ Abfahrt 10 und Sprungschanze<\/p>\n<p><a href='http:\/\/ski.inmontanis.info\/d\/322986-2\/DSC08853.jpg'><img src=http:\/\/ski.inmontanis.info\/d\/322985-3\/DSC08853.jpg \/><\/a><br \/>\n^ Abfahrt 10 oberer Teil braucht wohl mehr Schnee, aber ab hier runterw\u00e4rts gings besser.<\/p>\n<p><a href='http:\/\/ski.inmontanis.info\/d\/322990-2\/DSC08855.jpg'><img src=http:\/\/ski.inmontanis.info\/d\/322989-3\/DSC08855.jpg \/><\/a><br \/>\n^ Abfahrt 10<\/p>\n<p><a href='http:\/\/ski.inmontanis.info\/d\/322994-2\/DSC08856.jpg'><img src=http:\/\/ski.inmontanis.info\/d\/322993-3\/DSC08856.jpg \/><\/a><br \/>\n^ Einer der DSB-Sessel ist in Gelb<\/p>\n<p><a href='http:\/\/ski.inmontanis.info\/d\/322998-2\/DSC08857.jpg'><img src=http:\/\/ski.inmontanis.info\/d\/322997-3\/DSC08857.jpg \/><\/a><br \/>\n^ Das gro\u00dfe Schneedepot, das den Sommer \u00fcber hielt<\/p>\n<p>Heutiges Hauptk\u00e4lteproblem: H\u00e4nde.  Ich werd wohl nochmals wegen heizbarer Handschuhe schauen m\u00fcssen, auf dass sie etwas l\u00e4nger halten bzw. von Haus aus (unbeheizt) nicht gar so kalt sind wie die hier. <\/p>\n<p>Bin noch zum Prisma Super-\/Hypermarkt gefahren, aber die Strecke bis dort hin (andere Stadtseite) auf den teils rutschigen Stra\u00dfen werd ich mir nicht nochmals antun, dann lieber ein S-Markt, der zwischen Skigebiet und Wohnmobilstellplatz ist.   <\/p>\n<p>(Hab kurz vor dem Supermarkt neben einem Auto an einer Ampel gestanden, dessen R\u00e4der etwas durchgedreht sind beim Anfahren. Und ich bin trotz sehr vorsichtiger Fahrweise auch die letzten Tage einmal an einem Kreisverkehr und einmal an einer Supermarkteinfahrt in der Kurve etwas von der Spur abgekommen.)<\/p>\n<p>Keine 50m im Supermarkt gewesen, war mal wieder so&#8217;n Maskenzombie, insg. wohl mind. 10 gesehen, diesmal nicht nur alte Leute.  Und was&#8217;n Schei\u00df, extra zum Prisma und dann gibts das g\u00fcnstige Cola Light nicht, ausverkauft :( Und was f\u00fcr ein bescheuerter Supermarkt, die Gang-Belegung kommt mir teils extrem unlogisch vor. <\/p>\n<p>Meine 2. und letzte Packung Oatly Kakao ist auch aufgebraucht und ich werd mir die hier in Finnland sicher nicht zum ca. doppelt so teuren Preis wie in Schweden kaufen. Milch-Kakao, nur MIlch, Trinkjoghurt, wie sind hier die Preise?  Teuer, klar.  2,69 f\u00fcr den 1 l Milchkakao :(   Trinkjoghurt h\u00e4tte unter 2,- gekostet (warum g\u00fcnstiger?), dann halt nur die g\u00fcnstigste (gek\u00fchlte) Vollmilch um 1,39 \u20ac genommen. Leider keinen Schoko-Sirup gesehen und Kakao gab&#8217;s nur in Pulverform, nicht als Granulat. <\/p>\n<p>Zum Abendesssen nahm ich mir diesmal Toastbrot und  Lachsb\u00e4llchen mit. Toast, n\u00e4chster Spa\u00df. Von einem Hersteller gabs 5 oder 6 verschiedene Toastsorten, \u1e83ohl verschiedenes Mehl und keine Ahnung was da der Unterschied sein soll. Vom g\u00fcnstigsten Toastbrot gab&#8217;s zum Gl\u00fcck zur eine Sorte.<\/p>\n<p><a href='http:\/\/extra.inmontanis.info\/d\/101920-2\/DSC08858.jpg'><img src=http:\/\/extra.inmontanis.info\/d\/101919-3\/DSC08858.jpg \/><\/a><br \/>\n^ Lachsb\u00e4llchen und Toast<\/p>\n<p>Am Stellplatz die Pl\u00e4tze und Stromanschl\u00fcsse abgecheckt und mich f\u00fcr Platz 8 entschieden. 7 soll zwar besetzt sein, aber auf dem freien 6er steht einer, wird wohl falsch stehen. Gratis WLAN gibt&#8217;s auch, hinten am 8er aber schwach und abends selbst bei sowenigen G\u00e4sten wie momentan zu vergessen und die Stromanschl\u00fcsse scheinen laut Sicherung mit 6A abegsichert, was etwas mehr als 1 kW ist (also 1,3 oder 1,4), somit kein Problem. <\/p>\n<p>Im Servicecontainer am Eingang gibt&#8217;s &#8211; mit Pin-Code-Zugang &#8211; 1 WC\/M, 1 WC\/W, 1 Dusche\/W, 1 Dusche\/M, wobei WC+Dusche bei den M\u00e4nnern sehr eng ist, bei den Frauen dagegen jeweils wesentlich mehr Platz.  Mit eigenem Eingang  gibt&#8217;s noch eine Sauna (brauch ich ja nicht) und Toilettenkassettenausleerung (brauch ich auch noch nicht).  <\/p>\n<p>Wenn ich das recht gesehen hab (mit verschneiten Kennzeichen etwas schwierig) stehen 2 Hannoveraner und 1 Leipziger hier. Am n\u00e4chsten Tag hab ich gesehen, dass auch noch ein Luzerner da ist. <\/p>\n<p>Bl\u00f6derweise vergessen, dass ich ja mir heute das letzte CZ-Fertiggericht machen wollte, damit wieder etwas mehr Platz im K\u00fchlschrank ist, also Toast auf morgen verschoben. <\/p>\n<p>Als ich das CZ-Fertiggericht (Nockerl, vmtl.  Geselchtes, Kraut) sah, f\u00fcgte ich spontan ordentlich K\u00fcmmel rein. F\u00fcr meinen Geschmack aber leider etwas zu viel zu bitteres Sauerkraut. Da sind mir die \u00f6sterreichischen Krautfleckerl lieber (weil nicht-saueres Kraut).<\/p>\n<p>Eine zweite EMail nach Luosto war noch f\u00e4llig wegen des dortigen Campingplatzes an der Talstation. Ist zwar nicht ganz Ski-In-Ski-Out (mit etwas Fu\u00dfweg\/Schieben\/Waldfahren vielleicht schon) und das WC ist wohl am Pistenrestaurant, was zumindest laut Google-Sat-Bild dann ein etwas l\u00e4ngerer Fu\u00dfweg \u00fcber den normalen Parkplatz ist. <\/p>\n<p>Jedenfalls wurde auf der englischsprachigen Seite 39,- \/ Tag genannt, auf der finnischsprachigen 42,-. Hab also nachgefragt, welcher Preis korrekt ist und ob es f\u00fcr 5-6-7-Tage einen Rabatt gibt. Geantwortet wurde, dass die 42,- stimmen und dass bei 7 N\u00e4chte die 7. gratis ist, was dann also 36,- pro Tag entspr\u00e4che.  Allerdings k\u00f6nnte ich ggf. von  Freitag auf Samstag ja auch mal wieder die halbe Strecke zum n\u00e4chsten Ziel fahren und irgendwo unterwegs einen Parkplatz nehmen .. schlussendlich kommts auf die Temperaturen an. 36,- \u20ac siegt vs. -15\u00b0. Bei -5\u00b0 kann ich auch recht problemlos 1-2 Tage frei stehen.  36,- \u20ac mit Ski-In\/Out w\u00e4r aber schon auch nett. Allerdings m\u00fcsste man auch mal einkaufen &#8211; das w\u00e4r dann ein l\u00e4ngerer und k\u00e4lterer Fu\u00dfweg zu einem vermutlich teuren und kleinen Supermarkt.<\/p>\n<p>Abends schneite es noch etwas, daf\u00fcr wird jetzt pl\u00f6tzlich f\u00fcr morgen und \u00fcbermorgen sonnig gemeldet, am MI+DO solls wieder etwas schneien. Da wunder ich mich noch, was da f\u00fcr ein Geschlage ist &#8211; hat sich der Leipziger nebendran neben seinem Auto ein offenes Feuer gemacht. <\/p>\n<p>Auf der Suche nach heizbaren Handschuhen bin ich im Internet auch \u00fcber einen H\u00e4ndler gestolpert, der hier in Rovaniemi eine Filiale hat, der sie aktuell sogar Blackweekm\u00e4\u00dfig runtergesetzt hat (von 220,- auf 150,-) &#8211; und es sollen Schneemobilhandschuhe sein. D.h. die sollten hoffentlich mehr taugen als die 40,- \u20ac &#8211; Dinger, die man auf Amazon bekommt. (Nein, meine jetzigen waren ja auch etwas teurer, von einem norwegischen Hersteller\/Distributor in Norwegen gekauft.) <\/p>\n<p>Winddicht, wasserdicht, Ziegenleder in der Handfl\u00e4che (vmtl. dann eher f\u00fcr Schneemobil als f\u00fcr Skifahrer optimiert) &#8211; werd mir die Teile morgen mal anschauen. Nicht, dass ich damals vor 2 Jahren nicht auch schon auf die Idee gekommen w\u00e4re, da mal in einem Schneemobil-Gesch\u00e4ft zu sehen .. <\/p>\n<p>Sch\u00f6n w\u00e4re, wenn die via USB zu laden w\u00e4ren. Meine aktuellen haben ein sehr langsames Netzteil, das gut 2-4 Stunden am Strom h\u00e4ngen muss &#8211; was dann bl\u00f6d ist, wenn ich keinen Landstrom hab, weil ja der Wechselrichter allein (Standby) mehr Strom braucht als das, was das Ladeger\u00e4t dann nimmt oder gar in den Akku pumpt.<\/p>\n<p><strong>Mo, 20.11.2023<\/strong><\/p>\n<p>F\u00fcr morgen werden nun ganztags unter -20\u00b0   gemeldet, brrrr&#8230;   da k\u00f6nnte man doch gleich mal den Stellplatz hier bis Freitag verl\u00e4ngern. Strommm\u00e4\u00dfig hatte alles geklappt und der LKW-L\u00e4rm von der Tankstelle wurde durch den Heizl\u00fcfter genug ged\u00e4mmt. Erledigt.<\/p>\n<p>Da muss man auch erst mal drauf kommen. Gegen\u00fcber vom Stellplatz ist ja die Santa Claus Village, Weihnachtsmanndorf, haupts\u00e4chlich wohl Gesch\u00e4fte und Restaurants, im Wald wohl auch einen Zoo und nat\u00fcrlich Rentierschlittenfahrten und Schneemobilfahrten und Schlittenhundfahrten usw. Aber ein St\u00fcck entfernt gibts noch was, n\u00e4mlich den Santa-Park, der mit 39,- \u20ac Eintritt aber auch recht teuer ist. Im Dezember allerdings 42 bzw. 45,- \u20ac.<\/p>\n<p>Laut meines Fahrzeugs hatten wir schon um 12 Uhr -20\u00b0. Welch Freude&#8230; Die DSB lief heut nicht, war ja kaum was los, je k\u00e4lter, desto weniger kommen wohl auch hier im Norden. Wobei es nachmittags noch etwas voller wurde, als ich wieder ging. Vmtl. wirds richtung Abend unter der Woche am vollsten werden, Betriebszeiten unter der Woche ja momentan 11-20 Uhr. Jedenfalls um 13\/14 Uhr noch fast frisch pr\u00e4parierte Pisten und Schnee besser als gestern. (Und sollte die n\u00e4chsten Tage noch besser werden.)<\/p>\n<p><a href='http:\/\/ski.inmontanis.info\/d\/323002-2\/DSC08868.jpg'><img src=http:\/\/ski.inmontanis.info\/d\/323001-3\/DSC08868.jpg \/><\/a><br \/>\n^ SL mit Baumkontakt<\/p>\n<p>Auch immer eine Freude, wenn man dann aufs warme WC kommt (ganz hinten verlaufen die wamen Heizungsrohre nach oben) und dort merkt, dass man eigentlich eiskalte F\u00fc\u00dfe hat, weil sich die Heizung mal wieder ausgeschaltet hatte. Und das, wo eine meiner Zehen gestern Nacht etwas schmerzten, als h\u00e4tten sie eine Erfrierung hinter sich &#8230; oder doch nur irgendwo zu eng im Schuh  gewesen?<\/p>\n<p>Es blieb heut bei dem Hochnebel, nix mit dem wolkenlos gemeldeten Wetter.<\/p>\n<p>In dem &#8220;Schneemobilgeschaft&#8221; gab es auch &#8220;Skibrillen&#8221; mit Nasenschutz in den verschiedensten Glasfarben (und nat\u00fcrlich nicht zum Skifahren gedacht), ab 50 \u20ac aufw\u00e4rts. Gut zu wissen. Und nat\u00fcrlich noch andere Ausr\u00fcstungs-, Bekleidungsteile usw. Bekam an der Kasse den Blackweekpreis und nahm um 150 \u20ac (statt 230,-) die Handschuhe in Gr\u00f6\u00dfe L. F\u00fchlen sich sehr dick an, sollten also warm sein. Durch die Dicke nat\u00fcrlich anstrengender, die Finger zu bewegen. Und leider doch mit 230v-Ladeger\u00e4t, nicht USB.<\/p>\n<p><a href='http:\/\/extra.inmontanis.info\/d\/101958-2\/DSC08862.jpg'><img src=http:\/\/extra.inmontanis.info\/d\/101956-3\/DSC08862.jpg \/><\/a><br \/>\n^ Santa Village<\/p>\n<p><a href='http:\/\/extra.inmontanis.info\/d\/101962-2\/DSC08865.jpg'><img src=http:\/\/extra.inmontanis.info\/d\/101961-3\/DSC08865.jpg \/><\/a><br \/>\n^ E75 Rovaniemi<\/p>\n<p><a href='http:\/\/extra.inmontanis.info\/d\/101966-2\/DSC08871.jpg'><img src=http:\/\/extra.inmontanis.info\/d\/101965-3\/DSC08871.jpg \/><\/a><br \/>\n^ Santa Park<\/p>\n<p><a href='http:\/\/extra.inmontanis.info\/d\/101970-2\/DSC08872.jpg'><img src=http:\/\/extra.inmontanis.info\/d\/101969-3\/DSC08872.jpg \/><\/a><br \/>\n^ Santa Village, dort am Parkplatz darf man wohl auch (kostenfrei, stromlos) \u00fcbernachten<\/p>\n<p><a href='http:\/\/extra.inmontanis.info\/d\/101974-2\/DSC08875.jpg'><img src=http:\/\/extra.inmontanis.info\/d\/101973-3\/DSC08875.jpg \/><\/a><br \/>\n^ Santa Village<\/p>\n<p><a href='http:\/\/extra.inmontanis.info\/d\/101978-2\/DSC08878.jpg'><img src=http:\/\/extra.inmontanis.info\/d\/101977-3\/DSC08878.jpg \/><\/a><br \/>\n^ Kostenpflichtiger Wohnmobil\/Caravan-Stellplatz und Blick zum Santa Village<\/p>\n<p><a href='http:\/\/extra.inmontanis.info\/d\/101982-2\/DSC08893.jpg'><img src=http:\/\/extra.inmontanis.info\/d\/101981-3\/DSC08893.jpg \/><\/a><br \/>\n^ Blick zum Santa Village vom Nachtplatz aus (23:30)<\/p>\n<p>Benzin w\u00e4r heut g\u00fcnstig gewesen, an einigen tankstelen unter 1,90. Was einige Tankstellen in Finnland haben, entweder ein Fastfood- oder ein SB-Restaurant im Geb\u00e4ude. Da kommt man sich schon etwas komisch vor, wenn man am Salatbuffet vorbei muss, um seine Tankrechnung zu bezahlen ;) Preislich m\u00fcsst ich mal schaun, was da wieviel  kostet, aber das ist halt das Problem in FInnland, dass ich mit Speisekarten auf Finnisch nichts anfangen kann. <\/p>\n<p>\u00dcberraschenderweise verwenden die neuen Heizhandschuhe die gleichen Akkus wie meine alten samt gleichem Stecker. Das ist einerseits positiv, falls mal ein Ladeger\u00e4t kaputt wird oder ich tags\u00fcber 2 Akkus verwenden m\u00f6chte, andererseits aber auch nachteilig, weil sie genauso langsam laden und die neuen Handschuhe ja Platz f\u00fcr wesentich gr\u00f6\u00dfere Akkus h\u00e4tten. Da gibts g\u00fcnstigere Heizhandschuhe auf Amazon mit gr\u00f6\u00dferem Akku. Aber die sind halt von Haus aus nicht so warm wie die hier und nicht so hochqualitativ verarbeitet.<\/p>\n<p><a href='http:\/\/extra.inmontanis.info\/d\/101924-2\/DSC08880.jpg'><img src=http:\/\/extra.inmontanis.info\/d\/101923-3\/DSC08880.jpg \/><\/a><br \/>\n^ Links die neuen Heiz-Handschuhe (509 Backcountry Ignite), rechts im Vergleich die von vor 2 Jahr gekauften. Akku ist bis auf die unterschiedliche Position des Anschlusses quasi ident.<\/p>\n<p>Hab mir abends noch bissl den Onlineshop angesehen &#8211; da gibts sogar eine &#8220;Skibrille&#8221; (also nat\u00fcrlich nicht zum Skifahren, sondern f\u00fcr Schneemobil) mit Heizung. Auch cool. Nat\u00fcrlich nicht zum K\u00f6rperw\u00e4rmen gedacht, sondern wohl gegen Vereisung bei Nebel oder  gegen Beschlagung, d.h. auch beim Skifahren k\u00f6nnte das hin und wieder praktisch sein. Kostet aber 200,- \u20ac aufw\u00e4rts. Suchtipp auf Finnisch: &#8220;L\u00e4mmitett\u00e4v\u00e4t Ajolasit&#8221;<\/p>\n<p>K\u00f6nnte mir vorstellen, dass auch die Kleidung \/ Overalls f\u00fcr Schneemobilfahrer w\u00e4rmer sind als Skijacken\/Skihosen. Vielleicht sollten erfrorene Skifahrer wie ich gleich ihre Skiausr\u00fcstung in Schneemobilgesch\u00e4ften kaufen ;) Sind eh fast g\u00fcnstiger als Skiausr\u00fcstungen, also wenn ich mir die Brillen da um 50-70 \u20ac anschau mit den Features, da zahlst bei Skibrillen eher mehr. Die Preise f\u00fcr Jacken, Hosen und Overalls beginnen auch mit einer 1 und 2 vorneweg, teils aber auch wg. 50% Blackweek-Nachlass.<\/p>\n<p>Teilweise bekommt man diese Sachen ja  gar nicht in Mitteleuropa, eher in Skandinavien oder Nordamerika&#8230;<\/p>\n<p>Ganztags ca. -20\u00b0 drau\u00dfen sind einfach eine Herausforderung zum Campen. Aber bei einem Wohnmobil kanns auch passieren, dass einem die Wasserleitungen einfrieren.<\/p>\n<p><a href='http:\/\/extra.inmontanis.info\/d\/101928-2\/DSC08884.jpg'><img src=http:\/\/extra.inmontanis.info\/d\/101927-3\/DSC08884.jpg \/><\/a><br \/>\n^ K\u00fchlbox muss etwas offen bleiben, da laut Anzeige -4\u00b0 ist und die Milch schon anfriert<\/p>\n<p>Apropos Milch, ich bin ja kein sonderlicher Milch-Pur-Fan, also hab ich mal ein kleines bisschen Sodastream-Redberry-Sirup rein, der momentan auch ins Mineralwasser kommt, wenn ich keine g\u00fcnstige Cola Light bekomm. Durchaus lecker.<\/p>\n<p>Der Rauchmelder ging beim Toastmachen heut auch mal an, das erste Mal, dass mir das im Auto passiert. So dicht war der Rauch gar nicht, eigentlich gar nix gemerkt.<\/p>\n<p>Den ersten Laxbulle-Toast machte ich mit BBQ-Sauce, beim zweite probierte ich mal Tomatenmark und Rosmarin. Dritter nochmals mit BBQ-Sauce. Br\u00f6selm\u00e4\u00dfig ja leider etwas bl\u00f6d, weil \u00fcberall verstreut. Und naja, so geil war das jetzt nicht. Morgen dann lieber Nudeln oder Kartoffeln und die restlichen Toasts tags\u00fcber verwenden.<\/p>\n<p>Auch praktisch: Ich kann ja mein 12V-Batterieladeger\u00e4t auf zwei Stufen stellen (via App), 4A oder 15A. Wenn die Batterie recht voll ist oder ich nicht schnell laden muss am Campinplatz, stell ich das auf 4A, dadurch ist es recht kontinuierlich an, weil LEDs, Schuhheizung und PC ja 1-4,5A ziehen, d.h. es ist dann teils ein bisschen Entladen aus der Batterie und teils ein bisschen Aufladen der Batterie, dadurch bleibt das Ladeger\u00e4t laufend an und sorgt quasi f\u00fcr die Stromversorgung im 12V-Netz.<\/p>\n<p>Der Schuhtrockner wollte heute bei Gebl\u00e4se 4 + Heizstufe 3 keine 400W abgeben, der Heizl\u00fcfter auf Stufe 2 auch gerade mal 600W  &#8211; da h\u00e4tte ich den anderen Heizl\u00fcfter hervorkramen m\u00fcssen. Der sollte ja miner Erinnerung nach mit 700+1200W ausgeschildert gewesen sein. Aber der jetzige sollte eigentlich auch mehr als 400+500W haben. Beim Einschalten Stufe 2 zieht er ja mehr, stinkt kurz und schaltet schnell zur\u00fcck. Vielleicht zuviel Staub&#8230;<\/p>\n<p>Gebraucht h\u00e4tte ich heut eher 1000-1200W, mit Heizl\u00fcfter Stufe 1 und Schuhtrockner auf voller Stufe w\u00e4r ich auf ca. 1200W gekommen, aber evtl. bissl knapp dann an der Sicherung, falls doch mal eins davon etwas mehr zieht, daher hab ich diese Kombination nur dann gemacht, wenn ich am Fahrersitz sa\u00df (die ersten Minuten nachmittags bzw. dann morgens beim Arbeiten). <\/p>\n<p>Daher abends auch die Standheizung 2x f\u00fcr eine halbe Stunde  eingeschaltet.  <\/p>\n<p><strong>Di, 21.11.2023<\/strong><\/p>\n<p>Morgens war es kurz wolkenlos, bevor sich wieder Nebel bildete. H\u00e4tte Mittag am anderen SL vorbeifahren wollen f\u00fcr ein paar Fotos, aber so auch sinnlos. <\/p>\n<p>Als ich mittags vom Platz losgefahren bin, kletterte gerade ein Wohnmobilfahrer \u00fcber die Windschutzscheibe auf sein Dach. Keine Ahnung, was er da so dringend reparieren muste, jedenfall stand er pl\u00f6tzlich oben auf dem Dach, bevor ihn seine vielleicht Frau an der Windschutzscheibe hoch half&#8230;.. Abends dann gesehen, dass da eine Satellittensch\u00fcssel am Dach ist, vielleicht musste er deshalb raufsteigen. Naja, muss jeder selbst wissen, ob es das wert ist, sich deshalb ein paar Knochen zu brechen, wenn man bei Schnee und Eis vom Dach rutscht.<\/p>\n<p><a href='http:\/\/extra.inmontanis.info\/d\/101986-2\/DSC08896.jpg'><img src=http:\/\/extra.inmontanis.info\/d\/101985-3\/DSC08896.jpg \/><\/a><br \/>\n^ Santa Village<\/p>\n<p><a href='http:\/\/extra.inmontanis.info\/d\/101990-2\/DSC08899.jpg'><img src=http:\/\/extra.inmontanis.info\/d\/101989-3\/DSC08899.jpg \/><\/a><br \/>\n^ Rovaniemi oder ein Vorort<\/p>\n<p>-22\u00b0 heute Mittag laut Auto, -20 am Skigebiet laut deren Anzeige, sp\u00e4ter -21\u00b0. Da die n\u00e4chsten Tage keine -20\u00b0 (au\u00dfer evtl. morgen Vormittag) mehr gemeldet werden, hab ich nicht extra noch mein anderes Sweatshirt rausgeholt, sondern lediglich die d\u00fcnne Regenjacke noch extra drunter angezogen, d.h. am Oberk\u00f6rper h\u00e4tte es gern etwas w\u00e4rmer sein k\u00f6nnen. Die Handschuhe waren auch in der mittleren Heizstufe gewinnbringend, wenn man beim Liftfahren zus\u00e4tzliche Aktionen setzte (also Finger zur Faust und Handschuh unter Achseln). <\/p>\n<p>Laut Beschreibung werden bei dem Handschuh auch Finger und Daumen gew\u00e4rmt, was ebenfalls eine Verbesserung zu meinen alten ist.  Hauptk\u00e4lteproblem heute die Nase, weil ich momentan die nasenschutzlose Skibrile mit den gelben Gl\u00e4sern aufhab, weil die dunklere momentan zu dunkel ist, wodurch das Halstuch auf der Nase zu d\u00fcnn ist. Zweites Problem die Brille, die dadurch schnell anlief. Das Antifog-Spray gestern hatte nicht (gut genug) geholfen. <\/p>\n<p>Abhilfe f\u00fcr ersteres war, das Tuch doppelt umzulegen im Nasenbereich. Die 3 Schichten halfen.<\/p>\n<p>Im weniger gro\u00dfen Supermarkt heut Pommes mitgenommen (f\u00fcr den rest Lachsb\u00e4llchen und morgen dann zur Meica Currrywurst, die ich in DE gekauft hab). Ebenfalls gesehen: Schokosauce\/Sirup (will ich f\u00fcr die Milch probieren) und: eine Kebabsauce. Musste ich auch mal mitnehmen, laut Zutatenverzeichnis (Schwedisch) aus Ketchup und Senf pus Paprika und Zwiebel usw. &#8211; mal nix von wegen scharf oder Chilli gelesen. Ob das jetzt zu den Lachsb\u00e4llchen passt, weiss ich zwar auch nicht, aber testen kann mans ja mal. <\/p>\n<p><a href='http:\/\/extra.inmontanis.info\/d\/101932-2\/DSC08902.jpg'><img src=http:\/\/extra.inmontanis.info\/d\/101931-3\/DSC08902.jpg \/><\/a><br \/>\n^ TK-Pommes, Kebabsauce (hier: Ketchup-Senf-Mischung) und Schokosauce\/sirup<\/p>\n<p>Leider am n\u00e4chsten Tag noch gesehen, dass auf der Schokosaucepackung steht, dass man sie ge\u00f6ffnet im K\u00fchlschrank tun soll und innerhalb 5 Tage aufbrauchen soll. Also doch nicht Sirupm\u00e4\u00dfig wie gewohnt. D.h. ich tu in die aktuelle Milch mal nix rein und nehm dann bei der n\u00f6chsten mind. 1\/3 der Packung und teste, ob das 1-2 Wochen h\u00e4lt.<\/p>\n<p>Hab den anderen Heizl\u00fcfter rausgekramt und getestet. Der Zog &#8211; nach anf\u00e4nglich fast voller Leistung &#8211; auf Stufe 1 dann zwar auch nur noch ca. 550W statt den beschriebenen 700W, aber auf Stufe 2 hat er sich auf ca. 1050 eingependelt (statt 1200), was mir f\u00fcr die heutige Nacht lieber war. <\/p>\n<p>Die -23 nachmittags am Campingplatz f\u00fchlten sich fast noch unangenehmer an als die -22\u00b0 zu Mittag ;)<\/p>\n<p>War die Milch im K\u00fchlschrank heut fr\u00fch schon etwas angefroren, f\u00fchlte sie sich heut Abend noch etwas mehr gefroren an, als ich sie sch\u00fcttelte.  Daher einige (nicht k\u00fchlenswerte) Sachen raus auf die Heizung und sp\u00e4ter wieder w\u00e4rmer in den K\u00fchlschrank retour.<\/p>\n<p>Hab mir mal den anderen Heizl\u00fcfter angeshen. Also von vorne sah man keinen Schmutz, aber von hinten, also r\u00fcckseitig am Heizelement. Erkl\u00e4rt den geringen Durchsatz und vmtl den geringen Wattverbrauch. Die komischen Y-Schrauben hatte ich zwar zuletzt mit Kreuzschrauben ersetzt (jedenfalls 2, die 2 anderen weggelassen), aber die sind so tief, dass ich da jetzt doch nix dabei hab, um so tief aufschrauben zu k\u00f6nnen. Hab nur kurze Bits dabei und keinen langen Schraubenzieher. Vielleicht mal an einem Skigebiet schauen, wo Werkzeug rumh\u00e4ngt. Reinpusten am n\u00e4chsten Tag hat keine Staubwolke erzeugt.<\/p>\n<p>Das mit der Skibrille l\u00e4sst mich ja auch nicht ganz in Ruhe. Einerseits andererseits. Wann brauch ich schonmal gelbes Glas? Seltenst au\u00dferhalb Skandinaviens, aber heuer vielleicht noch 2 Monate. Wann st\u00f6rt mich anlaufendes Brillenglas, wie oft hat man gefrierenden Nebel, alles doch viel zu selten, um da jetzt 200 oder 220 \u20ac f\u00fcr so eine Brille auszugeben&#8230; Aber es gibt Skibrillen, die sind so teuer und haben weder Nasenschutz noch beheizte Scheiben, von dem her sind die 200 \u20ac auch nicht so exorbitant teuer.<\/p>\n<p><strong>Mi, 22.11.2023<\/strong><\/p>\n<p>Die 1000W vom Heizer Stufe 2 waren mir heute Nacht wirklich zu warm, troz der -20\u00b0 drau\u00dfen. Morgens h\u00e4tte ich ohne Decke liegen k\u00f6nnen, aber wegen L\u00e4rm drau\u00dfen (heute viel T\u00fcrgeschlage am Platz und die LKW-Tankstelle) lie\u00df ich den L\u00fcfter durchgehend laufen.<\/p>\n<p>Au\u00dferdem haben mich wieder diese zwei Zehen genervt, besonders bei W\u00e4rme oder auch bei K\u00e4lte schmerzen die momentan.<\/p>\n<p>Beim Versuch, mittags die Scheibenwischer mal frei vom Eis zu bekommen, hab ich den einen vom Eis gel\u00f6st bekommen, aber das Eis an der Scheibe frei zu machen, da ging mein Eiskratzer bei kaputt und das Eis blieb an der Scheibe, wie auch der andere Wischer.<\/p>\n<p>Es dauerte einige Zeit, eigentlich viel zu lang, bis sich auf der Fahrt zum Lift mein Au\u00dfenthermometer von -23\u00b0 langsam auf -15\u00b0 erw\u00e4rmte.  W\u00e4re das Benzin gestern um g\u00fcnstige 1,82 zu haben gewesen, kostete es heute wieder viel mehr: 1,98.<\/p>\n<p>Ich fuhr erst zum anderen SL (mein Navi hat mich erst falsch geleitet):<\/p>\n<p><a href='http:\/\/ski.inmontanis.info\/d\/323006-2\/DSC08904.jpg'><img src=http:\/\/ski.inmontanis.info\/d\/323005-3\/DSC08904.jpg \/><\/a><br \/>\n^ Die Abfahrt 3 rechts vom linken SL wird schon vorbereitet, macht also vielleicht bald auf<\/p>\n<p><a href='http:\/\/ski.inmontanis.info\/d\/323010-2\/DSC08905.jpg'><img src=http:\/\/ski.inmontanis.info\/d\/323009-3\/DSC08905.jpg \/><\/a><br \/>\n^ Talstation linker SL<\/p>\n<p><a href='http:\/\/ski.inmontanis.info\/d\/323014-3\/DSC08906.jpg'><img src=http:\/\/ski.inmontanis.info\/d\/323013-4\/DSC08906.jpg \/><\/a><br \/>\n^ .. macht vielleicht doch nicht so schnell auf, an der Talstation fehlt ein bisschen was ;)<\/p>\n<p>Bevor ich die 200\u20ac-Brille im Gesch\u00e4ft anschau, wollte ich heute mit meinen Brillen noch was testen,<br \/>\n1. wie stark l\u00e4uft die dunkle an (wegen Nasenschoner evtl. weniger?)<br \/>\n2. nochmals die Situation mit dem AntiFog-Spray verbessern<br \/>\n3. wenn ich die gelbe etwas schr\u00e4ger aufsetze und den Sitz fester mach, kommt vielleicht weniger feuchte Luft von unten rein?  <\/p>\n<p>Die &#8211; ich mus es so sagen &#8211; warmen -9\u00b0 heute waren allerdings kein Vergleich mit den -21\u00b0 gestern. So warm kamen mir -9\u00b0 seltenst vor. Zu 1: erst bei der 3. Abfahrt lief sie etwas an, aber ich musste wg. Temperatur auch das Tuch nicht die ganze Zeit \u00fcber der Nase haben, weil heut etwas w\u00e4rmer war, aber ja auch wg Nasenschutz z.B. beim Liftfahren nicht so durchgehend n\u00f6tig.<\/p>\n<p>Zu 2+3: Anlaufen war heut auch kein wirkliches Problem, es lief wenig an und gefror nicht. Aber was ich doch sehr vermisst hab, war der fehlende Nasenschutz. 3 Lagen von dem d\u00fcnne Tuch sind wesentlich schlechter, erst recht, wenn das Tuch mal feucht ist und der (Fahrt-) Wind weht. D.h. ich brauch jedenfalls eine gelbe Brille mit Nasenschutz. Da eine um 50 \u20ac kaufen oder gleich die heizbare um 200,- oder die andere heizbare um 220,- jeweils blackweek-rabattiert und im Geschaft erh\u00e4ltlich, wo ich die Handschuhe gekauft hab. <\/p>\n<p>Mein heutiges K\u00e4lteproblem war allerdings der rechte Schuh, denn die rechte Heizung funktionierte nicht mehr, auch nicht mit einem anderen Akku, denn: der Stecker war halb abgerissen. Das ist auf der anderen Seite auch schon mal passiert, daher hatte ich dann einen anderes St\u00fcck Kabel drangemacht. Aber so ein halbkaputtes Teil hab ich nat\u00fcrlich nicht dabei, also muss ich eine der Ersatzheizsohlen zuschneiden. Abends.<\/p>\n<p><a href='http:\/\/extra.inmontanis.info\/d\/101936-2\/DSC08907.jpg'><img src=http:\/\/extra.inmontanis.info\/d\/101935-3\/DSC08907.jpg \/><\/a><br \/>\n^ Schon wieder was abgerissen, diesmal das Kabel an den Schuh-Heizeinlagen<\/p>\n<p><a href='http:\/\/ski.inmontanis.info\/d\/323018-3\/DSC08910.jpg'><img src=http:\/\/ski.inmontanis.info\/d\/323017-4\/DSC08910.jpg \/><\/a><br \/>\n^ DSB-Bergstation (14:48)<\/p>\n<p>Im Gesch\u00e4ft also mal die beiden beheizten Brillen angeschaut. Die (von Firma) 509 h\u00e4tte das hellere gelbe Glas, die (von Firma) Jethwear dagegen eher orange, daf\u00fcr andere Vorteile, zB. gr\u00f6\u00dferer Akku, verschiedene Heizstufen und einen tiefer gehenden Nasenschutz.<\/p>\n<p>Vom Sitz her sind beide vergleichbar, beide haben eine verbreiterte Schaumstoffauflage und sind durch den Akku entsprechend schwerer. wobei bei der 509 das Kabel von der Brille unten wegh\u00e4ngt, die Jethwear dagegen eine Buchse hat, also ohne Akkubetrieb kein st\u00f6rendes Kabel rumh\u00e4gen hat, wenn man das Kabel nicht ansteckt. Und: Man kann es so nat\u00fcrlich verlieren, wenn man es auf beiden Seiten raustun kann. <\/p>\n<p>Es g\u00e4be sonst auch eine Scott mit zus\u00e4tzlichem ca. Mund- oder zumindest Oberlippenschutz statt nur Nasenschutz, aber ohne Heizung und um die 80 \u20ac.<\/p>\n<p>Hatte mir die Entscheidung nicht leicht gemacht, ich wusste auch nicht, ob es mich st\u00f6ren w\u00fcrde, dass es sich so anf\u00fchlte, als w\u00e4re der Nasenschutz so weit unten, dass ein Teil der Luft nach oben str\u00f6mt (und sie dadurch aber zus\u00e4tzlich erw\u00e4rmt werden w\u00fcrde). Die Jethwear passte auch etwas besser und abgesehen vom etwas dunkleren Glas hatte die mehr Vorteile f\u00fcr mich, also kaufte ich sie. Oweh, wohin mit dem gro\u00dfen Karton und der Verpackung &#8230;  <\/p>\n<p>Somit hab ich insg. 350 \u20ac in dem Gesch\u00e4ft ausgeeben. Daf\u00fcr war ich aber ja auch in Ruka sparsam mit \u00dcbernachtungskosten und Skipassk\u00e4ufen. <\/p>\n<p><a href='http:\/\/extra.inmontanis.info\/d\/101940-2\/DSC08919.jpg'><img src=http:\/\/extra.inmontanis.info\/d\/101939-3\/DSC08919.jpg \/><\/a><br \/>\n^ Vorne die dunkle Billigbrille mit Nasenschutz, rechts die gelbe Billigbrille leider ohne Nasenschutz und links nun die teure Jethwear mit Heizung<\/p>\n<p>Laut Anleitung wird die innere Scheibe beheizt und es ist schon als Antifog-Beschlagung f\u00fcr Innen gedacht, obwohl die Brille beim Anhauchen eh so eine gute Antifog-Beschichtung hat, dass sie nicht anl\u00e4uft. Ob das also \u00fcberhaupt f\u00fcr gefrierenden Nebel von au\u00dfen auch hilft, wird sich zeigen, ob die innere Scheibe genug Heizkraft hat, um auch die \u00e4u\u00dfere mitzuw\u00e4rmen? Oder man l\u00e4sst die \u00e4u\u00dfere Scheibe dann weg, weil das eigentlich auch magnetische Wechselscheiben w\u00e4ren. Aber man will ja die Innenscheibe ungern den Elementen aussetzen &#8230;<\/p>\n<p>Nat\u00fcrlich sp\u00e4ter noch getestet, wie das mit den Scheiben ist, also weggehen tuen am einfachsten beide Scheiben zusammen. Die beiden Scheiben zu trennen ist schon etwas schwieriger, die innere Scheibe ist &#8211; logischerweise irgendwie &#8211; ungef\u00e4rbt und unget\u00f6nt. Bei aktivierter Heizung auf voller Stufe merkt man im Augenbereich durchaus eine W\u00e4rmeentwicklung, die ohne K\u00e4lte und ohne Fahrtwind unangenehm werden k\u00f6nnte. Eine rote LED zeigt auch innen im Sichtfeld an, dass sie eingeschaltet ist. Ein Anhauchen der inneren Scheibe macht dann keinen Beschlag mehr, ein Anhauchen der \u00e4u\u00dferen Scheibe l\u00e4sst diese aber sehr wohl beschlagen.<\/p>\n<p><a href='http:\/\/extra.inmontanis.info\/d\/101944-2\/DSC08920.jpg'><img src=http:\/\/extra.inmontanis.info\/d\/101943-3\/DSC08920.jpg \/><\/a><br \/>\n^ Das Doppelglas h\u00e4lt mit Magneten am Geh\u00e4use, hier auch zu sehen die Heizelektronik<\/p>\n<p><a href='http:\/\/extra.inmontanis.info\/d\/101948-2\/DSC08921.jpg'><img src=http:\/\/extra.inmontanis.info\/d\/101947-3\/DSC08921.jpg \/><\/a><br \/>\n^ Die LED am Rand des Glases sieht man auch bei aufgesetzter Brille (und k\u00f6nnte vielleicht etwas zu hell sein)<\/p>\n<p>Aufgeladen wird der Akku mittels USB-C-Kabel, das h\u00e4tte ich mir bei den Handschuhen auch gew\u00fcnscht, denn die muss ich \u00f6fters laden. Eine Akkuladung der Brille soll je nach Heizst\u00e4rke 7-24 Stunden halten. Die orangenen Gl\u00e4ser sind sp\u00fcrbar dunkler als die gelben von meiner derzeitigen Brille, aber der fehlende Nasenschutz bei der alten ist halt bl\u00f6d und das Anlaufen verringert die Sicht ja auch. Den &#8220;wer hat das Licht ausgemacht&#8221; &#8211; Effekt der gelben Brille beim Ausziehen wird&#8217;s bei der orangenen wohl nicht (so) geben.<\/p>\n<p>Ich wollte die Woche ja wirklich mal da r\u00fcber in dieses Weihnachtsmanndorf gehen und paar abendliche bunte Fotos zumindest machen, aber erst war&#8217;s so kalt und heut und morgen schneit&#8217;s und \u00fcbermorgen Freitag m\u00f6chte ich ein St\u00fcck fahren und einen Parkplatz richtung Luosto suchen oder nicht?!  Supermarktm\u00e4\u00dfig m\u00fcste ich eigentlich am Freitag entschieden haben, ob ich in Luosto die 1 Woche am Campingplatz stehen will, denn dann solte ich besser f\u00fcr eine ganze Woche einkaufen &#8230;<\/p>\n<p>Finnland hat nun alle Grenz\u00fcberg\u00e4nge (bis auf einen) nach Russland geschlossen, so dass es mir momentan unm\u00f6glich w\u00e4re, nach Russland einzureisen (der mit dem E-Visum ist auch dabei) &#8211; kann sich bis zum Fr\u00fchjahr zwar noch \u00e4ndern, aber ich hatte ja eh schon gesagt, dass ich mir den Grenzstress vmtl. nicht antun werde.<\/p>\n<p>Vor 34 Jahren war man im Westen gl\u00fccklich, dass der Osten die Grenzen \u00f6ffnet, jetzt schlie\u00dft sie der Westen wieder. Tolle Leistung, schei\u00df EU der 2010&#038;2020er Jahre.<\/p>\n<p><strong>Do, 23.11.2023<\/strong><\/p>\n<p>Morgens lagen 5-10cm Neuschnee am Platz und der Schnee zum WC schien recht nass zu ein, klebte sehr an den Schuhen.<\/p>\n<p>Bei den warmen -3\u00b0 heut h\u00e4tt ich die beiden neuen Sachen jedenfalls nicht ben\u00f6tigt&#8230;<\/p>\n<p>Nun, also zur Brille&#8230;<br \/>\n.. die Heizung hab ich heut nicht gebrucht. Ich konnte rauf zur Nase pusten, so viel ich wollte, sie lief nicht an. Ich geh davon aus, dass das nicht nur an der guten Anti-Fog-Beschichtung liegt, nicht nur auch der Nasenschutz einen positiven Einfluss hat, sondern auch die verbreiterte Schaumstoffauflage am Gesicht, die dadurch weniger durchlassen wird?<br \/>\n.. der Nasenschutz allein ist maximal beim Liftfahren (+ggf. Handschuh drunter) ausreichend, beim Abfahren auch bei -3\u00b0 nehm ich lieber zus\u00e4tzlich das Tuch \u00fcber die Nase<br \/>\n.. das gelbe Glas w\u00e4r mir momentan lieber, ein bisschen &#8220;Lichtausknippseffekt&#8221; ist aber noch da, wenn man sie auszieht. Aber auf der Herstellerwebsite wird sogar &#8220;photocromatic&#8221; geschrieben, vielleicht verdunkelt sie sich also sogar bei Sonnenschein<br \/>\n.. beim ersten WC-Besuch hatte ich die Magnetscheibe in der Hand, als ich die Brille abnehmen wollte (\u00fcber den Kopf raufziehen wollte)<br \/>\n.. schlimmer sind die Spiegelungen, was vmtl. an der Doppelscheibe liegt? Meine Billigbrillen in letzter Zeit waren ja nur einscheibig. Nah neben der Lichtquelle dieselbe in Gr\u00fcn, viel weiter weg und je nach Position und Kopfdrehung noch weiter weg (und somit zappelnd) ist die Lampe erst in Orignalfarbe und dann daneben wieder in Gr\u00fcn zu sehen. Noch weiter weg das gleiche nochmal,  aber stark abgeschw\u00e4cht, das st\u00f6rt nicht. Am linken Auge links, am rechten Auge rechts, also macht eine Lampe 4 sichtbare Nebenlampen.<br \/>\n.. ob sich der Kauf jetzt so wirklich gelohnt hat, da werd ich zumindest mal noch die n\u00e4chste K\u00e4ltewelle abwarten m\u00fcssen oder das Ende des Winters<\/p>\n<p>Jedenfalls sollte ich f\u00fcr die n\u00e4chsten -20\u00b0 Skitage ger\u00fcstet sein. \u00dcbrigens, der Unterschied zwischen -10\u00b0 und -20\u00b0 ist nicht vergleichbar mit den 10 Grad Unterschied bei -10 und 0 oder 0 und 10 oder 10 und 20 oder 20 und 30 Grad. Und nat\u00fcrlich kommt auch noch der eventuelle Wind dazu, windstille -15\u00b0 sind angenehmer als windige -5\u00b0.<\/p>\n<p><a href='http:\/\/ski.inmontanis.info\/d\/323022-3\/DSC08922.jpg'><img src=http:\/\/ski.inmontanis.info\/d\/323021-4\/DSC08922.jpg \/><\/a><br \/>\n^ Abfahrt 9 und der nach wie vor nicht gefrorene Fluss<\/p>\n<p><a href='http:\/\/ski.inmontanis.info\/d\/323026-3\/DSC08924.jpg'><img src=http:\/\/ski.inmontanis.info\/d\/323025-4\/DSC08924.jpg \/><\/a><br \/>\n^ Abfahrt 9 und der nach wie vor nicht gefrorene Fluss (14:53)<\/p>\n<p><a href='http:\/\/ski.inmontanis.info\/d\/323030-3\/DSC08925.jpg'><img src=http:\/\/ski.inmontanis.info\/d\/323029-4\/DSC08925.jpg \/><\/a><br \/>\n^ Abfahrt 8 (15:04)<\/p>\n<p><a href='http:\/\/ski.inmontanis.info\/d\/323034-3\/ge20231118-23a.jpg'><img src=http:\/\/ski.inmontanis.info\/d\/323033-4\/ge20231118-23a.jpg \/><\/a><br \/>\n^ GPS-Track 18.-23.11.2023, lt. dem Satbild gab es 2 Schneedepots. Ich hoffe, den linken SL Mitte Dezember fahren zu k\u00f6nnen, ansonsten werd ich ca. Feb\/M\u00e4rz wieder hier oben sein<\/p>\n<p>In den ca. 2 Stunden, wo ich im Skigbiet war, hatte es anfangs gar nicht geschneit, aber gegen 15 Uhr hin wurde der &#8220;Niesel-Schneefall&#8221; wieder intensiver.  Der Schneefall war puderzuckerfein, so dass man ihn nur direkt gegen eine Lichtquelle gesehen hat. Beim Bergfahren mit dem Lift sah es \u00fcberhaupt nicht nach Schneefall aus, aber an der Bergstation angekommen hatte man etwas wei\u00dfes Pulver auf den Handschuhen.<\/p>\n<p>Abends gibt&#8217;s nochmals Toast, die restlichen Scheiben, plus Kebab-Fleisch. Und weil es geschnittenen Bergk\u00e4se zu kaufen gab, nahm ich den auch mal mit &#8211; den h\u00e4tte ich dann auf die Toasts, wenn es auch schwarzw\u00e4lder Schinken gegeben h\u00e4tte, aber gab&#8217;s hier nicht, war wohl beim Prisma letztens. 200g Kebabfleisch, fast etwas viel f\u00fcr 2-3 Toasts, aber die H\u00e4lfte ist auch zu wenig..<\/p>\n<p><a href='http:\/\/extra.inmontanis.info\/d\/101952-2\/DSC08926.jpg'><img src=http:\/\/extra.inmontanis.info\/d\/101951-3\/DSC08926.jpg \/><\/a><br \/>\n^ Gek\u00fchltes (fertiges) Kebab und Bergk\u00e4se &#8211; endlich mal zwei Worte, die ich verstehe ;)<\/p>\n<p>(Vielleicht werd ich morgen doch mal noch zu dem Weihnachtsmanndorf r\u00fcberschauen, auch wenn das heute die letzte Nacht auf diesem Stellplatz sein wird. N\u00e4chster Bericht in ca. 3-6 Tagen. Kalender in ca. 1-2 Wochen.)<\/p>\n<p>&#8212;<\/p>\n<p>&#8220;Deutsche Propaganda: Wie &#8220;Die Zeit&#8221; ihre Leser in den Dritten Weltkrieg f\u00fchrt&#8221;:<br \/>\n<a href='https:\/\/freedert.online\/meinung\/187593-deutsche-propaganda-wie-zeit-ihre\/'>https:\/\/freedert.online\/meinung\/187593-deutsche-propaganda-wie-zeit-ihre\/<\/a><\/p>\n","protected":false},"excerpt":{"rendered":"<p>Sa, 18.11.2023<\/p>\n<p>Bis ca. zur H\u00e4lfte des Weges nach Rovaniemi gab es eine Hochnebeldecke, die f\u00fcr angenehme ca. -6\u00b0 sorgte. Kaum war der Himmel danach klar, sank die Temperatur auf -15\u00b0, sp\u00e4ter stellenweise auch auf -18\u00b0 und -20\u00b0.<\/p>\n<p> ^ Wie in \u00d6sterreich, kommt auch in Finnland manchmal die alte gelbe Fahrbahnmarkierung zum Vorschein. Musste <a href=\"http:\/\/blog.inmontanis.info\/?p=9527\">[&#8230;]<\/a><\/p>\n","protected":false},"author":1,"featured_media":9530,"comment_status":"closed","ping_status":"closed","sticky":false,"template":"","format":"standard","meta":{"footnotes":""},"categories":[912,20,916,27],"tags":[38,47],"class_list":["post-9527","post","type-post","status-publish","format-standard","has-post-thumbnail","hentry","category-2023-09-2024-xx-skandinavien","category-finnlandfinland","category-rovaniemi","category-skifahren-winterskiing-winter","tag-dsb","tag-sl","odd"],"_links":{"self":[{"href":"http:\/\/blog.inmontanis.info\/index.php?rest_route=\/wp\/v2\/posts\/9527","targetHints":{"allow":["GET"]}}],"collection":[{"href":"http:\/\/blog.inmontanis.info\/index.php?rest_route=\/wp\/v2\/posts"}],"about":[{"href":"http:\/\/blog.inmontanis.info\/index.php?rest_route=\/wp\/v2\/types\/post"}],"author":[{"embeddable":true,"href":"http:\/\/blog.inmontanis.info\/index.php?rest_route=\/wp\/v2\/users\/1"}],"replies":[{"embeddable":true,"href":"http:\/\/blog.inmontanis.info\/index.php?rest_route=%2Fwp%2Fv2%2Fcomments&post=9527"}],"version-history":[{"count":4,"href":"http:\/\/blog.inmontanis.info\/index.php?rest_route=\/wp\/v2\/posts\/9527\/revisions"}],"predecessor-version":[{"id":9532,"href":"http:\/\/blog.inmontanis.info\/index.php?rest_route=\/wp\/v2\/posts\/9527\/revisions\/9532"}],"wp:featuredmedia":[{"embeddable":true,"href":"http:\/\/blog.inmontanis.info\/index.php?rest_route=\/wp\/v2\/media\/9530"}],"wp:attachment":[{"href":"http:\/\/blog.inmontanis.info\/index.php?rest_route=%2Fwp%2Fv2%2Fmedia&parent=9527"}],"wp:term":[{"taxonomy":"category","embeddable":true,"href":"http:\/\/blog.inmontanis.info\/index.php?rest_route=%2Fwp%2Fv2%2Fcategories&post=9527"},{"taxonomy":"post_tag","embeddable":true,"href":"http:\/\/blog.inmontanis.info\/index.php?rest_route=%2Fwp%2Fv2%2Ftags&post=9527"}],"curies":[{"name":"wp","href":"https:\/\/api.w.org\/{rel}","templated":true}]}}