{"id":9522,"date":"2023-11-17T17:38:56","date_gmt":"2023-11-17T16:38:56","guid":{"rendered":"http:\/\/blog.inmontanis.info\/?p=9522"},"modified":"2023-11-17T17:38:56","modified_gmt":"2023-11-17T16:38:56","slug":"ruka-kiririnteet-himmerki-12-17-11-2023","status":"publish","type":"post","link":"http:\/\/blog.inmontanis.info\/?p=9522","title":{"rendered":"Ruka, Kiririnteet, Himmerki, 12.-17.11.2023"},"content":{"rendered":"<p><strong>So, 12.11.2023<\/strong> &#8211; Fortsetzung<\/p>\n<p>Nachdem am DI f\u00fcr Ruka sonnig gemeldet wird, sollte ich also nur 2 N\u00e4chte am Campingplatz stehen, was dann also 2&#215;25=50 \u20ac hier kostet. Die Pl\u00e4tze sind im Wald und dementsprechend nicht unbedingt eben.  Strom mit Schuko-Stecker ist fur 2 Parzellen ggf. mit einer alten 16A &#8211; Dreh-Sicherung abgesichert. Vor dem WC steht ein Schild, dass man bitte die Schlappen anziehen m\u00f6ge, die neben der T\u00fcr stehen. Genau, ich zieh mir -10\u00b0 kalte, vereiste Schlappen an ;) WIe schon letztes Jahr in Osttirol angemerkt: im Sommer aufgrund des Matsches ja noch etwas nachvollziehbar, aber im Winter bei Schnee hinterl\u00e4sst man nur Wasser und keinen Dreck mit den Stra\u00dfenschuhen. Hab nicht mal Wassertropfen hinerlassen&#8230;.  (Im Laufe der Woche waren die Schlappen dann auch weg.)<\/p>\n<p>&#128681; Gespeicherte Geolocation &#8211; Karte anzeigen: <a href='https:\/\/www.google.com\/maps\/@?api=1&#038;map_action=map&#038;center=66.0800963,28.2834436&#038;zoom=12&#038;basemap=terrain' target=_blank> GoogleMaps<\/a> &#128681; <a href='https:\/\/www.openstreetmap.org\/?&#038;mlat=66.0800963&#038;mlon=28.2834436#map=10\/66.0800963\/28.2834436&#038;layers=P' target=_blank> OSM &#128681;<\/a><\/p>\n<p><a href='http:\/\/extra.inmontanis.info\/d\/101828-2\/DSC08695.jpg'><img src=http:\/\/extra.inmontanis.info\/d\/101827-3\/DSC08695.jpg \/><\/a><br \/>\n^ Campingplatz, man steht zwischen den B\u00e4umen<\/p>\n<p><a href='http:\/\/extra.inmontanis.info\/d\/101832-2\/DSC08696.jpg'><img src=http:\/\/extra.inmontanis.info\/d\/101831-3\/DSC08696.jpg \/><\/a><br \/>\n^ Campingplatz, nat\u00fcrlich gibts auch Holzh\u00fctten bzw. ganze H\u00e4user zu mieten<\/p>\n<p><a href='http:\/\/extra.inmontanis.info\/d\/101836-2\/DSC08697.jpg'><img src=http:\/\/extra.inmontanis.info\/d\/101835-3\/DSC08697.jpg \/><\/a><br \/>\n^ Direkt am See<\/p>\n<p><a href='http:\/\/extra.inmontanis.info\/d\/101840-2\/DSC08700.jpg'><img src=http:\/\/extra.inmontanis.info\/d\/101839-3\/DSC08700.jpg \/><\/a><br \/>\n^ Campingplatz, man steht zwischen den B\u00e4umen<\/p>\n<p>Im Auto dann wieder einmal &#8220;T\u00fcrme von Hanoi&#8221; spielen, denn diverse Campingplatz-Utensilien waren ja die letzten Wochen sch\u00f6n verstaut, z.B die Heizl\u00fcfter unter dem Beifahrersitz, wo ich also einen hervorkramen musste, d.h. Skischuhe in den Fahrersitzbereich, Stra\u00dfenschuhe weg, Schuh-Spikes weg, Auto-Ketten anders hin, Erstehilfe\/Warndreieck-Set weg. Das Verl\u00e4ngerungskabel liegt besser: unterm Fahrersitz. Und der Stromz\u00e4hler &#8230; auch, sch\u00f6n.<\/p>\n<p>F\u00fcr heute zu Essen gekauft: 3 von den kleinen 0,69\u20ac-Hamburgern (plus Gouda) und RIcotta-Champignon-Tortellini (dann vielleicht f\u00fcr morgen). Ob ich nun 2 oder 3 Hamburger brauch zum satt werden, wird sich zeigen. Naja, 2 + irgendwas s\u00fc\u00dfes w\u00e4r ausreichend. Geschmacklich recht fad, Hamburger, Br\u00f6tchen und K\u00e4se, nur die BBQ-Sauce rettet hier etwas.  Da ist ein Schinken-K\u00e4se-Toast glaub ich leckerer.<\/p>\n<p>Ich hab da ja eigenltlich paar Bilder gemacht, von den Hamburgern samt der Tortellini-Packung und vom Kochen, aber es sind keine vorhanden. Vielleicht hatte ich die SD-Karte noch im PC statt in der Cam. Wobei mir ja dann die offene Klappe h\u00e4tte auffallen m\u00fcssen.<\/p>\n<p>Der Nachteil an dem Grilltoaster ist sein hohes Gewicht, das auf der linken Tischh\u00e4lfte stark lastet, da ja nur der Schlafsack drunter als St\u00fctze liegt. Und die Kombination mit dem \u00d6senband am Fahrersitz mit der neuen r\u00fcckseitigen Tasche. Durch diese ist der Tisch etwas weiter weg und meine \u00d6sen passen nicht mehr so richtig, so dass der Tisch auf der rechten Seite etwas zu hoch ist. Da m\u00fcsste ich mal noch eine \u00d6se reinmachen .. das Werkzeug h\u00e4tte ich dabei, man br\u00e4uchte halt eine Unterlage, wo man H\u00e4mmern kann.<\/p>\n<p><strong>Mo, 13.11.2023<\/strong><\/p>\n<p>Ein garstiger Wind hier am Campingplatz, aber in Ruka sind lt. Website mal alle Lifte offen. Leider ist die zweite Abfahrt an der Vuosseli-6KSB, die meiner Erinnerung nach am Freitag oder Samstag h\u00e4tte aufgehen sollen, nach wie vor geschlossen. Ist nun auf 17.11. verschoben. Obwohl sie unten schon vor einer Woche gut pr\u00e4pariert war und oben ja auch genug Schnee lag und laufend beschneit wurde. Schade, mit der h\u00e4tte ich egtl. morgen gerechnet. Aber wegen des sonnigen, wenn auch eisig, gemeldeten Wetters, werd ichs wohl trotzdem probieren, werd mir aber keinen Skipass vorweg kaufen, falls wegen Sturm oder sonstwas wieder etliche Lifte geschlossen sein sollten.<\/p>\n<p>Im Duschbereich bzw. der K\u00fcche haben schon welche ihre Handt\u00fccher zum Trocknen aufgeh\u00e4ngt, also kann ich mich da auch mal duschen heute. <\/p>\n<p><a href='http:\/\/extra.inmontanis.info\/d\/101844-2\/DSC08702.jpg'><img src=http:\/\/extra.inmontanis.info\/d\/101843-3\/DSC08702.jpg \/><\/a><br \/>\n^ Canneloni <\/p>\n<p>Autsch. Wie soll ich denn diese riesigen, gro\u00dfl\u00f6chrigen Canneloni-Nudeln kochen? Geschweige denn essen? Und wieviel brauch ich davon \u00fcberhaupt? Brechen lie\u00dfen sie sich auch nicht. Pffff&#8230; Fehlkauf. War -30% beim Lidl&#8230;<br \/>\nHab dann sp\u00e4ter nochmals 3 rein, weil einige schon  weich wurden, sich zusammendr\u00fccken lie\u00dfen und noch so viel Wasser da war.. (Kann ja das Wasser nicht einfach aussch\u00fctten.) War dann doch recht viel.<\/p>\n<p>Mensch lernt ja bekanntlich dazu und die letzten \u00c4nderungen in meinem Ausbau find ich fast jeden Tag geil. Die neue Lichterkette, da hab ich heute eine Variante gemacht, wo nur die LEDs (sch\u00f6n bunt nat\u00fcrlich) an sind, die sich am PC abends nicht im Bildschirm spiegeln. Die Tasche hinterm Fahrersitz, die diverse Netzteile und Kabel aufnimmt, was bisher im Schrank oben oder in den Netzten gehangen ist. Der praktische Standplatz des Kochtopfs unterm Bett. Der Index, wo ich was find. Die Belegung und verwendeten Kartons im Schrank. Die Leinwand und deren neue Winkel-Befestigung am Schrank und der neue Platz vom Projektor. Der Rucksack anstelle der gr\u00fcnen Tasche f\u00fcr die Naschsachen. Usw.<\/p>\n<p>Jedenfalls hab ich heut mein Objektiv getauscht, an der normalen Cam ist jetzt nicht mehr das alte 18-55-autofocus-Objektiv mehr drauf, sondern das wesentlich lichtst\u00e4rkere (aber schwerere) 20mm -Teil, was bei den momentan vielen D\u00e4mmerungs- und Nachtfotos sinnvoller ist. Das war auf der A7 bei f\/1.8 bis 2.x oder 3.x ja nicht scharf zu bekommen, jetzt auf der APS-C-A6000 scheint der Unendlichkeitspunkt sogar etwas vor dem Anschlag zu sein. Zoomen kann ich momentan daf\u00fcr also nicht mehr und ich muss wieder aufpassen, Blende und Fokus manuell einzustellen.<\/p>\n<p><strong>Di, 14.11.2023<\/strong><\/p>\n<p>Woran man merkt, dass die Schaumstoffe etc. an den Fenstern wirken: wenn der Heizl\u00fcfter morgens trotz Stufe 2 nicht den Raum so warm bekommt wie nachts auf Stufe 1. Und es waren noch 3 Seitenfenster bedeckt!<\/p>\n<p><a href='http:\/\/extra.inmontanis.info\/d\/101848-2\/DSC08705.jpg'><img src=http:\/\/extra.inmontanis.info\/d\/101847-3\/DSC08705.jpg \/><\/a><br \/>\n^ Eisblumen am Fenster (innen, versteht sich)<\/p>\n<p>Bei sonnigen -13\u00b0 (auf der Strecke gab es mal -16\u00b0) kam ich um kurz nach 12 Uhr wieder am GUB-Parkplatz in Ruka an, das hintere rechte Seitenfenter trotz einer guten Stunde  Fahrt samt durchgehender, starker Heizung noch komplett vereist. Aber auch an der Windschutzscheibe gab es noch einige vereiste Wassertropfen.<\/p>\n<p>Im Gegensatz zum letzten Mal, wo ich um 12:41 durchs Drehkreuz ging, ging ich heute um 12:48 durch &#8211; und der Skipass galt wie zuletzt nur bis 15:50 Uhr. D.h. um das meiste vom 3h-Pass zu bekommen, sollte man besser um x:x1 durchs Drehkreuz. Oder vielleicht geht auch x:x0. <\/p>\n<p><a href='http:\/\/ski.inmontanis.info\/d\/322786-2\/DSC08707.jpg'><img src=http:\/\/ski.inmontanis.info\/d\/322785-3\/DSC08707.jpg \/><\/a><br \/>\n^ Ankunft kurz nach 12 Uhr auf der R\u00fcckseite von Ruka &#8211; hier s\u00e4he es noch sch\u00f6n aus, lediglich die Beschneiung verschlechtert die Sicht<\/p>\n<p><a href='http:\/\/ski.inmontanis.info\/d\/322790-2\/DSC08709.jpg'><img src=http:\/\/ski.inmontanis.info\/d\/322789-3\/DSC08709.jpg \/><\/a><br \/>\n^ \u00dcbungsbereich und GUB<\/p>\n<p>Gleich bei der ersten Auffahrt hab ich mich ge\u00e4rgert, den Skipass heute gekauft zu haben: Pl\u00f6tzlich gab es eine Wolkendecke vom S\u00fcden, die die Sonne verdeckte. H\u00e4tte mir das nicht fr\u00fcher auffallen k\u00f6nnen? H\u00e4tte die nicht 15min fr\u00fcher kommen k\u00f6nnnen?<\/p>\n<p>Dazu Nebel im Skigebiet durch die weit verwehte Beschneiung oder was das sollte, die Pisten waren etwas eisiger\/h\u00e4rter als zuletzt, die hier ja schon erw\u00e4hnte Pistenrandzerst\u00f6rung durch die Bediensteten mit ihren Schneemobilen, die letzte Woche versprochene und nicht durchgef\u00fchrte Abfahrts\u00f6ffnung, die teils nervigen Sessellifte &#8211; echt keine Lust mehr, hier in den n\u00e4chsten Tagen nochmals Geld auszugeben. Und es soll ja noch k\u00e4lter wreden. Das WE am SL in Iso-sy\u00f6te gefiel mir viel besser. <\/p>\n<p>Leider scheinen die beheizten Handschuhe im unbeheizten Zustand auch wesentlich k\u00e4lter (und\/oder winddurchl\u00e4ssiger) zu sein als meine anderen. Heizstufe 1  erzeugte heute trotz Liftfahrten nur eisigkalte Finger nach wenigen Minuten. Ok, vielleicht sind die Liftfahrten einfach zu kurz zum Aufw\u00e4rmen.<\/p>\n<p><a href='http:\/\/ski.inmontanis.info\/d\/322794-2\/DSC08710.jpg'><img src=http:\/\/ski.inmontanis.info\/d\/322793-3\/DSC08710.jpg \/><\/a><br \/>\n^ 4KSB von der GUB-Bergstation<\/p>\n<p><a href='http:\/\/ski.inmontanis.info\/d\/322798-2\/DSC08711.jpg'><img src=http:\/\/ski.inmontanis.info\/d\/322797-3\/DSC08711.jpg \/><\/a><br \/>\n^ GUB<\/p>\n<p><a href='http:\/\/ski.inmontanis.info\/d\/322802-2\/DSC08712.jpg'><img src=http:\/\/ski.inmontanis.info\/d\/322801-3\/DSC08712.jpg \/><\/a><br \/>\n^ GUB richtung Dorf<\/p>\n<p><a href='http:\/\/ski.inmontanis.info\/d\/322806-2\/DSC08713.jpg'><img src=http:\/\/ski.inmontanis.info\/d\/322805-3\/DSC08713.jpg \/><\/a><br \/>\n^ Jaja, so viel zur wolkenlosen Wettervorhersage<\/p>\n<p><a href='http:\/\/ski.inmontanis.info\/d\/322810-2\/DSC08714.jpg'><img src=http:\/\/ski.inmontanis.info\/d\/322809-3\/DSC08714.jpg \/><\/a><br \/>\n^ .. und wenn es mal keinen nat\u00fcrlichen Nebel gibt, dann macht man sich ihn halt selbst. Grrr<\/p>\n<p><a href='http:\/\/ski.inmontanis.info\/d\/322814-2\/DSC08715.jpg'><img src=http:\/\/ski.inmontanis.info\/d\/322813-3\/DSC08715.jpg \/><\/a><br \/>\n^ Soll der Nebel wirklich rein von der Beschneiung sein? Was bringt dann die Beschneiung?!<\/p>\n<p><a href='http:\/\/ski.inmontanis.info\/d\/322818-2\/DSC08717.jpg'><img src=http:\/\/ski.inmontanis.info\/d\/322817-3\/DSC08717.jpg \/><\/a><br \/>\n^ Aufw\u00e4rmen im Selbstversorgerraum an der Talstation 4KSB\/3SB<\/p>\n<p><a href='http:\/\/ski.inmontanis.info\/d\/322822-2\/DSC08718.jpg'><img src=http:\/\/ski.inmontanis.info\/d\/322821-3\/DSC08718.jpg \/><\/a><br \/>\n^ Schilder zur Video\u00fcberwachung sieht man in Finnland sehr h\u00e4ufig<\/p>\n<p><a href='http:\/\/ski.inmontanis.info\/d\/322826-2\/DSC08720.jpg'><img src=http:\/\/ski.inmontanis.info\/d\/322825-3\/DSC08720.jpg \/><\/a><br \/>\n^ Rechts der 3SB scheint die Quelle f\u00fcr diesen Nebel zu sein. Zur Beschneiung taugte das eher nichts<\/p>\n<p><a href='http:\/\/ski.inmontanis.info\/d\/322830-2\/DSC08721.jpg'><img src=http:\/\/ski.inmontanis.info\/d\/322829-3\/DSC08721.jpg \/><\/a><br \/>\n^ Bergstation 4KSB und GUB, der SL an der 4KSB hat nun B\u00fcgel bekommen, schade, dass er noch nicht l\u00e4uft<\/p>\n<p><a href='http:\/\/ski.inmontanis.info\/d\/322834-2\/DSC08724.jpg'><img src=http:\/\/ski.inmontanis.info\/d\/322833-3\/DSC08724.jpg \/><\/a><br \/>\n^ GUB und Blick zu den 6KSB-Bergstationen samt aktiver Beschneiung<\/p>\n<p><a href='http:\/\/ski.inmontanis.info\/d\/322838-2\/DSC08725.jpg'><img src=http:\/\/ski.inmontanis.info\/d\/322837-3\/DSC08725.jpg \/><\/a><br \/>\n^ Kurze 6KSB und Sonne (14:15 Uhr) &#8211; ich bin nicht der einzige, der bei der kurzen KSB die schwerg\u00e4ngige Haube schlie\u00dft ;)<br \/>\n(Cooles Bild, aber diese KSB nervte mich hier zu sehr, als dass ich das Bild als Kalenderbild verwenden m\u00f6chte.)<\/p>\n<p><a href='http:\/\/ski.inmontanis.info\/d\/322842-2\/DSC08726.jpg'><img src=http:\/\/ski.inmontanis.info\/d\/322841-3\/DSC08726.jpg \/><\/a><br \/>\n^ Nochmals Blick von der GUB-Bergstation zum Gipfel, wo die beiden 6KSB enden (14:55 Uhr)<\/p>\n<p>Hab l\u00e4ngere Pausen gemacht und fr\u00fcher aufgeh\u00f6rt, die K\u00e4lte hatte mich heut zwar auch gest\u00f6rt, aber nicht so sehr wie die anderen genannten Punkte. Glaub nicht, dass ich Ruka nochmal besuchen werde, weder diese Saison, noch ein ander Mal zu der Jahreszeit.<\/p>\n<p>Nun, was machen, die n\u00e4chsten Tage? Sp\u00e4testens morgen Abend wieder Campingplatz ist klar. 3 Tage ohne Ski oder Freitag doch Pyh\u00e4 probieren? Hat halt auch nur eine 6KSB (wohl wie die Vuosseli-KSB mit den w\u00e4rmeren Sitzen plus Haube) und SL nebendran im unteren Bereich offen bei gleichen Preisen wie hier.<\/p>\n<p>Blieb die Frage: hinten an der 4KSB \u00fcbernachten (wo es manchmal noch k\u00e4lter ist, heute aber gleich kalt war an den Liftanzeigen  und zudem war es um 16h etwas w\u00e4rmer als zu Mittag), wo man morgen Vormittag aber WC h\u00e4tte und ich morgen Mittag noch gern die Stra\u00dfe zum Gipfel rauf fahren w\u00fcrde, was von hier aus ja n\u00e4her w\u00e4re? Ja, war sinnvoller.<\/p>\n<p><a href='http:\/\/ski.inmontanis.info\/d\/322846-2\/DSC08729.jpg'><img src=http:\/\/ski.inmontanis.info\/d\/322845-3\/DSC08729.jpg \/><\/a><br \/>\n^ 23:35 am Parkplatz<\/p>\n<p><a href='http:\/\/ski.inmontanis.info\/d\/322850-2\/DSC08730.jpg'><img src=http:\/\/ski.inmontanis.info\/d\/322849-3\/DSC08730.jpg \/><\/a><br \/>\n^ 23:35 am Parkplatz (4KSB \/ Funpark)<\/p>\n<p><a href='http:\/\/ski.inmontanis.info\/d\/322854-2\/DSC08732.jpg'><img src=http:\/\/ski.inmontanis.info\/d\/322853-3\/DSC08732.jpg \/><\/a><br \/>\n^ 23:35 am Parkplatz Saarua (3SB)<\/p>\n<p>Auf der finnischsprachigen Website von Luosto wurde verk\u00fcndet, dass am vergangenen WE bereits offen gewesen w\u00e4re. DIe zuletzt genannte Anzeige betraf also nicht die geplante \u00d6ffnung ab 24. oder 25.11, sondern das, was bereits offen war. Allerdings momentan wohl auch nur am WE offen. N\u00e4chstes WE nochmals und dann bereits ab 22.11. t\u00e4glich.  Fein, falls mir Ounasvaara nicht gut genug f\u00fcr eine ganze Woche gefallen sollte. Wobei das mit dem 22. nur auf einer Unterseite steht, auf anderen Seiten steht, dass ab 24., auf anderen ab 25. t\u00f6glich offen ist. Tja, welcher der 3 Tage mag da nun stimmen .. mal eine EMail geschrieben. <\/p>\n<p>In der heutigen kalten Nacht also zu testen gewesen: Ist es mit der Steppdecke au\u00dfen statt innen im Schlafsack vielleicht w\u00e4rmer? Nat\u00fcrlich wie zuletzt mit zus\u00e4tzlich kurzer Schlafanzughose, Str\u00fcmpfen und Heizmatten auf Abruf. Da ich den Schlafsackrei\u00dfverschluss bis \u00fcbern HIntern zuziehen wollte, war es etwas schwierig mit der Decke dar\u00fcber (und diese seitlich zu fixieren).<\/p>\n<p><strong>Mi, 15.11.2023<\/strong><\/p>\n<p>Jedenfalls fand ich das abends vorm Einschlafen so w\u00e4rmer, schaltete im Laufe der Nacht aber trotzdem mal die Fu\u00dfheizung ein und sp\u00e4ter auch noch die Arschheizung, die aber ja unten liegt und seitlich liegend auf der oberen=\u00e4u\u00dferen Seite war&#8217;s doch wieder etwas k\u00fchl. Wobei ja nur die Decke sich etwas k\u00fchl anf\u00fchlt, was das Problem ist. H\u00e4tte man da einen &#8220;Abstandshalter&#8221; und die Decken w\u00fcrde nicht auf Hintern\/Beine liegen, w\u00e4re es nicht k\u00fchl.<\/p>\n<p>Mit -2,2\u00b0 Innenminimum war es diese Nacht aber auch nicht soo kalt.<\/p>\n<p>Wetter war heut auch nicht so sonnig, wie vorgestern&#038;gestern noch gemeldet gewesen w\u00e4re. Stattdessen wieder eine kompakte, tiefe  Wolkendecke knapp \u00fcbern Gipfel. Zum Gl\u00fcck wollte ich ja heut eh nicht mehr hier fahren.<\/p>\n<p><a href='http:\/\/ski.inmontanis.info\/d\/322858-2\/DSC08733.jpg'><img src=http:\/\/ski.inmontanis.info\/d\/322857-3\/DSC08733.jpg \/><\/a><br \/>\n^ Stra\u00dfe hinauf zum Gipfel, &#8230;<\/p>\n<p><a href='http:\/\/ski.inmontanis.info\/d\/322862-2\/DSC08737.jpg'><img src=http:\/\/ski.inmontanis.info\/d\/322861-3\/DSC08737.jpg \/><\/a><br \/>\n^ .. wo die neue 8KSB und die beiden SL enden (Masto)<\/p>\n<p><a href='http:\/\/ski.inmontanis.info\/d\/322866-2\/DSC08738.jpg'><img src=http:\/\/ski.inmontanis.info\/d\/322865-3\/DSC08738.jpg \/><\/a><br \/>\n^ .. Stra\u00dfe wieder vorsichtig runter .. wird ja nur gesandet hier.<\/p>\n<p>Ich fuhr also wieder zur\u00fcck zum gestrigen Campingplatz und dort noch am kleinen Skigebiet Kiririnteet vorbei, dass sich in der N\u00e4he des Campingplatzes befindet (diese kleinen Gebiete hatte ich nicht extra erw\u00e4hnt auf der Map im letzten Bericht), aber der Schnee f\u00fchlte sich nicht sonderlich gut an f\u00fcr eine Skitour morgen oder \u00fcbermorgen, zudem ich ja versehentlich eh erst mit dem Auto am Gipfel war, ein Fu\u00dfweg hinauf also unn\u00f6tiger war.<\/p>\n<p><a href='http:\/\/extra.inmontanis.info\/d\/101852-2\/DSC08740.jpg'><img src=http:\/\/extra.inmontanis.info\/d\/101851-3\/DSC08740.jpg \/><\/a><br \/>\n^ Ruka\/Kuusamo-Posio<\/p>\n<p><a href='http:\/\/extra.inmontanis.info\/d\/101856-2\/DSC08742.jpg'><img src=http:\/\/extra.inmontanis.info\/d\/101855-3\/DSC08742.jpg \/><\/a><br \/>\n^ See<\/p>\n<p><a href='http:\/\/extra.inmontanis.info\/d\/101860-2\/DSC08743.jpg'><img src=http:\/\/extra.inmontanis.info\/d\/101859-3\/DSC08743.jpg \/><\/a><br \/>\n^ An vielen Rastpl\u00e4tzen darf man wohl explizit \u00fcbernachten, teils aber auf 12 oder 24 Stunden beschr\u00e4nkt. Man beachte auch das Boot mitten im Wald, wobei der Platz hier auch direkt an einem See ist.<\/p>\n<p><a href='http:\/\/ski.inmontanis.info\/d\/322872-2\/DSC08745.jpg'><img src=http:\/\/ski.inmontanis.info\/d\/322870-3\/DSC08745.jpg \/><\/a><br \/>\n^ Bergstation SL Skigebiet Kiririnteet<\/p>\n<p><a href='http:\/\/ski.inmontanis.info\/d\/322876-2\/DSC08747.jpg'><img src=http:\/\/ski.inmontanis.info\/d\/322875-3\/DSC08747.jpg \/><\/a><br \/>\n^ Stra\u00dfe hinauf zum Gipfel wieder hinab<\/p>\n<p><a href='http:\/\/ski.inmontanis.info\/d\/322880-2\/DSC08748.jpg'><img src=http:\/\/ski.inmontanis.info\/d\/322879-3\/DSC08748.jpg \/><\/a><br \/>\n^ Parkplatz unten<\/p>\n<p><a href='http:\/\/ski.inmontanis.info\/d\/322884-2\/DSC08750.jpg'><img src=http:\/\/ski.inmontanis.info\/d\/322883-3\/DSC08750.jpg \/><\/a><br \/>\n^ Talstation<\/p>\n<p><a href='http:\/\/ski.inmontanis.info\/d\/322888-2\/DSC08751.jpg'><img src=http:\/\/ski.inmontanis.info\/d\/322887-3\/DSC08751.jpg \/><\/a><br \/>\n^ Talstation<\/p>\n<p>Hatte mir noch \u00fcberlegt, ob ich nur bis Freitag am Campingplatz bleib und dann die ca. 2h bis Rovaniemi fahr (oder dazwischen nochmals frei stehend \u00fcbernachte), aber die Nacht von Freitag auf Samtag soll sehr kalt werden und was sollte ich am Samstag zu fr\u00fch am Skigebiet? Und Campingpl\u00e4tzte um 25 \u20ac werden dieen Winter selten bleiben, also quartierte ich mich f\u00fcr 3 N\u00e4chte ein und wollte die n\u00e4chsten beiden Tage quasi im Auto verbringen, maximal bissl hier rumgehen. <\/p>\n<p>Wobei es in Rovaniemi auch einen (automatischen, unbesetzten) Stellplatz um 24,90  \u20ac (bis 19.12., dann teurer) gibt, dh. da werd ich noch etwas g\u00fcnstiger stehen, allerdings ist der direkt an einer Tankstelle an einer Stra\u00dfe gegen\u00fcber der Weihnachtsmann-Stadt und zudem nur 1kW Stromanschluss. Also hier mal wesentlich ruhiger und sch\u00f6ner.<\/p>\n<p>Schade schade: hatte mir nicht gemerkt, ob die beiden K\u00fcchenzeilen am Campinplatz auch einen Backofen hatten. Mikrowellenofen und Kochplatten wusste ich, aber wenn ich mir mit dem Backofen sicher gewesen w\u00e4re, h\u00e4tte ich mir heut im Supermarkt eine TK-Pizza mitgenommen. Daher keine gekauft. H\u00e4tte hier aber auch Backofen gegeben.<\/p>\n<p><a href='http:\/\/extra.inmontanis.info\/d\/101864-2\/DSC08753.jpg'><img src=http:\/\/extra.inmontanis.info\/d\/101863-3\/DSC08753.jpg \/><\/a><br \/>\n^ Rechts der Regenbogenlachsforellenauflauf ist mit 300g nat\u00fcrlich wenig, links die K\u00f6ttbullar-Kartoffelpfanne mit 500g f\u00fcr 2 Portionen (wie geschrieben) auch zu wenig, f\u00fcr 1 aber fast etwas viel.<\/p>\n<p>Der Regenbogenlachsauflauf kostete 2,45 \u20ac, die K\u00f6ttbullar-Kartoffelpfanne 2,85 &#8211; eine ebenfalls 500g-Packung eines anderen Herstellers h\u00e4tte \u00fcber 4 \u20ac gekostet. Da fragt man sich immer, ist das teure qualitativ oder geschmacklich wirklich so viel besser?<\/p>\n<p>Ich sollte nun endlich mal die Saisonkarte f\u00fcr Schweden kaufen, aber weil ich mir die ja irgendwo hinschicken lassen muss bzw. an einem Skigebiet hinterlegen muss, sollte das gut \u00fcberlegt sein, wo ich die n\u00e4chsten Wochen sein will. Nicht so einfach, wenn man zumindest auf dem Weg noch was besuchen m\u00f6chte, also nicht 1-2 Tage durchfahren wollte. Da haben viele noch keine aktuellen Saisondaten, 1-2 Saisonkartenskigebiete g\u00e4be es, das eine ja evtl. schon ab Mitte Dez. \u00f6ffnend; ein anderes Skigebiet auf dem Weg will Ende Nov. \u00f6ffnen, dann l\u00e4nge das Saisonkartengebiet aber nicht mehr auf dem Weg und dazu fraglich, was da jeweils Mitte Dezember \u00f6ffnen w\u00fcrde.<\/p>\n<p>Ein weiteres Saisonkartengebiet w\u00fcrde erst zu Weihnachten \u00f6ffnen, dann m\u00fcsste ich bis dahin in Finnland bleiben &#8211; keine Ahnung ob sich das mit der Vorsaison\u00f6ffnung hier sonderlich lohnen w\u00fcrde und was, wenn es Mitte Dez. eine Extremk\u00e4ltewelle mit -30\u00b0 oder -40\u00b0 geben sollte? Dann m\u00f6cht ich ja auch nicht hier oben bleiben.<\/p>\n<p>Da ich die letzten beiden Tage am Campingplaz nur den schw\u00e4cheren Heizl\u00fcfter (und auch nicht den Schuhtrockner) anhatte, wurde es ja nicht sehr warm im Auto, auf Stufe 2 sollte der eigentlich 1000W bringen, bei Stufe 1  500 Watt. Naja, eher 400 und 600W lt. Anzeige. Da werde ich also den Schuhtrockner ab morgen Abend wieder aktivieren, auch, um an mehreren Stellen heizen zu k\u00f6nnen. <\/p>\n<p><strong>Do, 16.11.2023<\/strong><\/p>\n<p>Gestern Abend also den Hedgehog-Schuhheizer rausgekramt und heut fr\u00fch mal wieder getestet. Hatte ich mir ja damals im November 2021 in Norwegen gekauft, hatte aber nie wie versprochen geheizt. Dann war er mal kaputt. Danach bekam ich einen Garantieaustausch, der das Problem mit der fehlenden Heizleistung doch eigentlich h\u00e4tte beheben sollen? Dachte, das h\u00e4tten wir, wie wir bei ihm waren, extra ausprobiert? Hatte er mir doch wieder ein altes Modell gegeben? <\/p>\n<p>Jedenfalls mit dem Strommessger\u00e4t getestet und bemerkt, dass der Watt-Verbrauch bei den Einstellung 37\/45\/60\u00b0 minimal ist, zumindest in den niedrigen Gebl\u00e4sestufen, je nach Gebl\u00e4sestufe um die 150-300W. Lediglich bei 60\u00b0 und gleichzeitig voller Gebl\u00e4sestufe 5 kommt gleich f\u00f6hnm\u00e4\u00dfig warme Luft raus.<\/p>\n<p>Abends blie\u00df es dann doch recht warm bei niedrigerer Gebl\u00e4sestufe und ich hab das sp\u00e4ter noch genauer getestet:<br \/>\nGebl\u00e4sestufe 3, Heizstufe 3: 240W<br \/>\nGebl\u00e4sestufe 4, Heizstufe 2: 200W<br \/>\nGebl\u00e4sestufe 4, Heizstufe 3: 400W &#8211; baut sich sehr langsam auf und braucht einige Zeit, bis es dort ist =  passt dann schon.<br \/>\nGebl\u00e4sestufe 5, Heizstufe 0: 35W<br \/>\nGebl\u00e4sestufe 5, Heizstufe 1: 195W<br \/>\nGebl\u00e4sestufe 5, Heizstufe 2: 230W<br \/>\nGebl\u00e4sestufe 5, Heizstufe 3: 750W<\/p>\n<p>.. naja, etwas feinere Einstellung h\u00e4tte ich mir da schon gew\u00fcnscht, der Unteschied zwischen Heizstufe 1 und 2 ist recht witzlos und auch etwas mehr Heizkraft bei Gebl\u00e4sestufen 1-3 w\u00e4r sch\u00f6n, nicht erst bei 4+5 .. aber vmtl. ist es jetzt besser als mit dem 1. Modell. Hoffentlich h\u00e4lt dieses hier nun auch l\u00e4nger. Wird aber wohl doch wieder meistens mit Gebl\u00e4sestufe 5 + Heizstufe 3 laufen (was recht laut ist).<\/p>\n<p>Vorteil an dem Ger\u00e4t im Vgl. zu den Standl\u00fcftern im Fu\u00dfbodenbereich sind nat\u00fcrlich die 4 Schl\u00e4uche, die man noch verl\u00e4ngern kann und somit verschiedene Bereiche aufheizen kann.<\/p>\n<p>Heute Vormittag \u00fcberraschend sonnig gewesen &#8211; da h\u00e4tte ich vielleicht heut statt am DI in Ruka Ski fahren sollen. Au\u00dfer sie erzeugen heut auch wieder selbst ihren Nebel.<\/p>\n<p>Schei\u00dfe kalt heut, aber f\u00fcr Samstag im dortigen Skigebiet werden sonnige  -19\u00b0 vormittags gemeldet.  Mal gespannt, ob da auch wieder nur eine Abfahrt plus Funpark offen haben wird oder ob sie schon mehr \u00f6ffnen wollen und k\u00f6nnen &#8230; Depotschnee hatten sie wohl auch, aber es w\u00e4re die letzten Wochen ja kalt genug zum intensiven Beschneien gewesen. Letztes Jahr wurde der 2. SL wohl erst zu Weihnachten ge\u00f6ffnet, vorletztes Jahr am 11.12. Aber heuer kam die K\u00e4lte und ein bisschen Schnee ja etwas fr\u00fcher hier im Norden. Was nicht hei\u00dft, dass es nicht nochmals ein Tauwetter geben kann.<\/p>\n<p>Das wird dann also wohl doch eher auf eine laut Plan 600m kurze Abfahrt hinauslaufen n\u00e4chste Woche, evtl. mit einer zweiten auf der anderen Seite des SL, so die eine Seite nicht alles Funpark ist. Derzeit angegebene \u00d6ffnungszeit: am WE 10-17h und unter der Woche 11-20h. Noja, dass es die Wochen im Herbst eher langweilig und beschr\u00e4nkt werden wird, hab ich ja eh erwartet. Trotzdem werd ich mir die Saisonkarte kaufen, weil ich ja im Fr\u00fchjahr auch nochmals her will und da k\u00f6nnten mir die Gebiete besser gefallen, insb. Pallas wird das hoffentlich. <\/p>\n<p>Und besser wie nix oder anderswo teuer kaufen ist das die n\u00e4chsten 3 Wochen so und so. Also hab ich mir nun endlich die Saisonkarte f\u00fcr die 4 kleinen Gebiete gekauft, die ja derzeit um 50% reduziert f\u00fcr 269,- \u20ac zu bekommen ist.<\/p>\n<p>Am 12.2. hatte ich geschrieben:<\/p>\n<blockquote><p>Mondole (Frabosa\/Artesina) verwendet skiperformance.com f\u00fcr ihre dynamischen Online-Skipassk\u00e4ufe, was insofern praktisch ist, da ich dort durch diverse K\u00e4ufe in Schweden und Norwegen schon einen Account hab, eine Skidata-Keycard hinterlegt hab und man somit nichts weiter anlegen muss.<\/p><\/blockquote>\n<p>.. das gilt wohl auch f\u00fcr viele Skigebiete in Finnland, wie z.B. in diesem Fall. Allerdings diesmal nicht so simpel, denn 1. musste ich ein Foto von mir uploaden und 2. wollte ich weder die gespeicherte Bran\u00e4s-Karte (vielleicht brauch ich die in einem der Partner-Skigebiete in Schweden, bevor die mir wieder eine vorhandene Karte austauschen und ich dann zwei von der Sorte hab) noch die alte TSC nehmen (das ist wohl die einzige Skidata-Karte mit 30-xx, die ich dabei hab, die meisten anderen Skidata haben 01-, also vielleicht brauch ich die 30er noch anderswo mal) &#8211; also hab ich f\u00fcr den Finnland-Saisonpass die GoPass-Keycard verwendet, zuletzt am M\u00f6lltaler im Mai verwendet. <\/p>\n<p>Schlechter Zeitpunkt allerdings f\u00fcr den Kauf der schwedischen Saisonkarte: Die SEK ist mal eben nach oben gezischt &#8211; oder der Euro in den Keller gesackt, so schlecht stand der Kurs schon seit Monaten nicht mehr. Also werd ich mal hoffen, dass ich den auch noch in 2 Wochen bestellen kann, vielleicht wei\u00df ich dann auch mehr ob des &#8220;wo abholen&#8221; &#8230;<\/p>\n<p>Heut und hier hatte ich gar keine Lust auf mehr Fu\u00dfweg als zwischen Auto und WC, laut Wetterbericht mittags -11\u00b0, wollte es nicht \u00fcberpr\u00fcfen. Morgen solls etwas w\u00e4rmer werden. Dann werd ich halt erst morgen die Allmountainski mal vom Auto raus, Bindung draufmontieren und rauf aufs Dach r\u00e4umen. <\/p>\n<p>Bin nachmittags zum Sonnenuntergang doch noch bissl an den See gegangen und hab Fotos gemacht, aber das Campingplatzgel\u00e4nde nicht verlassen bzw. nur bis zur Br\u00fccke vor dem Eingang vor &#8211; bis ich dann wieder am Auto war, waren meine Zehen Eiszapfen und auch die Beine usw. eiskalt &#8211; da h\u00e4tt ich die Skihose anziehen sollen und Heizeinlagen in die Winterstiefelchen ..<\/p>\n<p><a href='http:\/\/extra.inmontanis.info\/d\/101868-2\/DSC08770.jpg'><img src=http:\/\/extra.inmontanis.info\/d\/101867-3\/DSC08770.jpg \/><\/a><br \/>\n^ Himmerkinlahti, der See am Campingplatz (14:40)<\/p>\n<p><a href='http:\/\/extra.inmontanis.info\/d\/101872-2\/DSC08772.jpg'><img src=http:\/\/extra.inmontanis.info\/d\/101871-3\/DSC08772.jpg \/><\/a><br \/>\n^ Himmerkinlahti<\/p>\n<p><a href='http:\/\/extra.inmontanis.info\/d\/101876-2\/DSC08776.jpg'><img src=http:\/\/extra.inmontanis.info\/d\/101875-3\/DSC08776.jpg \/><\/a><br \/>\n^ Himmerkinlahti (14:50 Uhr)<\/p>\n<p><a href='http:\/\/extra.inmontanis.info\/d\/101880-2\/DSC08778.jpg'><img src=http:\/\/extra.inmontanis.info\/d\/101879-3\/DSC08778.jpg \/><\/a><br \/>\n^ Himmerkinlahti<\/p>\n<p><a href='http:\/\/extra.inmontanis.info\/d\/101884-2\/DSC08781.jpg'><img src=http:\/\/extra.inmontanis.info\/d\/101883-3\/DSC08781.jpg \/><\/a><br \/>\n^ Himmerkinlahti<\/p>\n<p><a href='http:\/\/extra.inmontanis.info\/d\/101888-2\/DSC08783.jpg'><img src=http:\/\/extra.inmontanis.info\/d\/101887-3\/DSC08783.jpg \/><\/a><br \/>\n^ Manch schmaler Fluss bzw. Bach ist noch nicht gefroren<\/p>\n<p><a href='http:\/\/extra.inmontanis.info\/d\/101892-2\/DSC08784.jpg'><img src=http:\/\/extra.inmontanis.info\/d\/101891-3\/DSC08784.jpg \/><\/a><br \/>\n^ Auf der anderen Seite gibts auch noch einen kleinen See<\/p>\n<p>Kalender muss ich auch langsam machen .. mangels Sommerreise etwas wenig Bilder f\u00fcr die Sommermonate &#8211; au\u00dfer Hintertux ;) Evtl. werd ich paar Bilder vom letzten Jahr nehmen, da hatte ich f\u00fcr Sommer und Herbst ein paar auf &#8220;evtl. 2024&#8221; gelegt. <\/p>\n<p><strong>Fr, 17.11.2023<\/strong><\/p>\n<p>In Ounasvaara soll morgen die Abfahrt links und rechts vom SL \u00f6ffnen samt Funpark, immerhin. <\/p>\n<p>Sp\u00e4testens seit heute d\u00fcrfte Levi das gr\u00f6\u00dfte Angebot in Finnland derzeit haben, Verbindungspisten (und zus\u00e4tzliche Lifte) scheinen zwischen den einzelnen Teilgebieten nun ge\u00f6ffnet zu sein. Hat aber halt auch den teuersten Skipass, TK 51,50 \u20ac, keine Online-Erm\u00e4\u00dfigung, keine Vorsaison; 3h kosten 43,- und bei 4 Tagen w\u00e4r der Tagespreis 42,875. Ob ich mir bei den Kosten Anfang Dezember einen Abstecher leisten will, wenn ich wegen Olos in der N\u00e4he bin, Zweifel&#8230;<\/p>\n<p>Heute also die Allmountains zusamengebaut und aufs Dach man\u00f6vriert.Was gar nicht so leicht war, also das schon, aber dann die Tourenski weider reinzubekommen, denn die konnten ohne die beiden anderen paar Ski ja nun tiefer liegen, was wegen der halbmontierten Bindung aber nicht so einfach passt. Dazu noch der eine Lautsprecher, der selbst und sein Kabel im Weg war&#8230; naja, irgendwann ging die T\u00fcr zu, ein weiterer Kratzer am Dach und die Skier liegen halt jetzt nicht so sch\u00f6n, aber wohl auch egal. <\/p>\n<p>Die beiden rechten T\u00fcren gingen ja recht schwer auf, weil sich im Rahmen Eis gesammelt hat. Da scheint also ein Teil der Feuchtigkeit vom Auto rauszugehen, was auch die leichte Schimelbildung am Metall (bzw. der Staubschicht darauf) dort immer erkl\u00e4rt. Weniger sch\u00f6n, dass ich unter einer der Schaumstoffmatten am Boden etwas Eis am Boden gesehen hab. Da muss man sich dann auch nicht wundern, wenn das nach dem Auftauen bzw. an w\u00e4rmeren Tagen wieder schimmelt. Hallo Katzenstreu? Funktioniert das bei den Temperaturen \u00fcberhaupt? Schaumstoff wieder drauf oder weg? Oder ist das Katzenstreu da unten schon voll und w\u00e4re auszuwechseln? Ist ja nicht so einfach zu erkennen ..<\/p>\n<p>Auch etwas verst\u00f6rend: ich hab da unten nur 1 Rei\u00dfnagel gesehen. Und es sind ja ca. 3-5 vom Leinwandrahmen rausgegangen. Wo die wohl liegen&#8230;  <\/p>\n<p><a href='http:\/\/extra.inmontanis.info\/d\/101896-2\/DSC08785.jpg'><img src=http:\/\/extra.inmontanis.info\/d\/101895-3\/DSC08785.jpg \/><\/a><br \/>\n^ Heizschl\u00e4uche<\/p>\n<p><a href='http:\/\/extra.inmontanis.info\/d\/101900-2\/DSC08787.jpg'><img src=http:\/\/extra.inmontanis.info\/d\/101899-3\/DSC08787.jpg \/><\/a><br \/>\n^ Heizrohr nach hinten (das wei\u00dfe Teil unten)<\/p>\n<p>Dadurch, dass das lange, wei\u00dfe Rohr da unten sehr dick ist, l\u00e4uft es zwar keine Gefahr, zerdr\u00fcckt zu werden, gibt aber selbst auch sehr wenig W\u00e4rme ab. Hatte vor 2 Jahren mal die Idee, L\u00f6cher reinzubohren &#8211; aber es wohl doch vergessen. Es kommt jetzt &#8211; in h\u00f6chster Stufe &#8211; durchaus lauwarme Luft hinten raus. Die dort in dieser Menge auch nur bedingt sinnvoll ist, da es quasi den Kofferraumdeckel aufw\u00e4rmt (und mein Lebkuchenlager). <\/p>\n<p>Jedenfalls w\u00fcrde es nicht schaden, wenn weiter vorne auch hier und da was rauskommen w\u00fcrde. K\u00f6nnte noch einen 90\u00b0-Winkel in irgendeine Richtung anst\u00f6pseln, aber nach rechts richtung K\u00fchlschrank passt er nicht mehr zwischen Kofferraumdeckel und Holzgestell..<\/p>\n","protected":false},"excerpt":{"rendered":"<p>So, 12.11.2023 &#8211; Fortsetzung<\/p>\n<p>Nachdem am DI f\u00fcr Ruka sonnig gemeldet wird, sollte ich also nur 2 N\u00e4chte am Campingplatz stehen, was dann also 2&#215;25=50 \u20ac hier kostet. Die Pl\u00e4tze sind im Wald und dementsprechend nicht unbedingt eben. Strom mit Schuko-Stecker ist fur 2 Parzellen ggf. mit einer alten 16A &#8211; Dreh-Sicherung abgesichert. Vor dem <a href=\"http:\/\/blog.inmontanis.info\/?p=9522\">[&#8230;]<\/a><\/p>\n","protected":false},"author":1,"featured_media":9525,"comment_status":"closed","ping_status":"closed","sticky":false,"template":"","format":"standard","meta":{"footnotes":""},"categories":[912,20,914,27],"tags":[56,53,83,45,47],"class_list":["post-9522","post","type-post","status-publish","format-standard","has-post-thumbnail","hentry","category-2023-09-2024-xx-skandinavien","category-finnlandfinland","category-ruka","category-skifahren-winterskiing-winter","tag-6sb","tag-8eub","tag-gub","tag-see","tag-sl","odd"],"_links":{"self":[{"href":"http:\/\/blog.inmontanis.info\/index.php?rest_route=\/wp\/v2\/posts\/9522","targetHints":{"allow":["GET"]}}],"collection":[{"href":"http:\/\/blog.inmontanis.info\/index.php?rest_route=\/wp\/v2\/posts"}],"about":[{"href":"http:\/\/blog.inmontanis.info\/index.php?rest_route=\/wp\/v2\/types\/post"}],"author":[{"embeddable":true,"href":"http:\/\/blog.inmontanis.info\/index.php?rest_route=\/wp\/v2\/users\/1"}],"replies":[{"embeddable":true,"href":"http:\/\/blog.inmontanis.info\/index.php?rest_route=%2Fwp%2Fv2%2Fcomments&post=9522"}],"version-history":[{"count":3,"href":"http:\/\/blog.inmontanis.info\/index.php?rest_route=\/wp\/v2\/posts\/9522\/revisions"}],"predecessor-version":[{"id":9526,"href":"http:\/\/blog.inmontanis.info\/index.php?rest_route=\/wp\/v2\/posts\/9522\/revisions\/9526"}],"wp:featuredmedia":[{"embeddable":true,"href":"http:\/\/blog.inmontanis.info\/index.php?rest_route=\/wp\/v2\/media\/9525"}],"wp:attachment":[{"href":"http:\/\/blog.inmontanis.info\/index.php?rest_route=%2Fwp%2Fv2%2Fmedia&parent=9522"}],"wp:term":[{"taxonomy":"category","embeddable":true,"href":"http:\/\/blog.inmontanis.info\/index.php?rest_route=%2Fwp%2Fv2%2Fcategories&post=9522"},{"taxonomy":"post_tag","embeddable":true,"href":"http:\/\/blog.inmontanis.info\/index.php?rest_route=%2Fwp%2Fv2%2Ftags&post=9522"}],"curies":[{"name":"wp","href":"https:\/\/api.w.org\/{rel}","templated":true}]}}