{"id":9518,"date":"2023-11-12T18:08:16","date_gmt":"2023-11-12T17:08:16","guid":{"rendered":"http:\/\/blog.inmontanis.info\/?p=9518"},"modified":"2023-12-11T20:33:56","modified_gmt":"2023-12-11T19:33:56","slug":"ruka-iso-syote-6-12-11-2023-skigebiete-nord-finnland-plane-nachste-saison","status":"publish","type":"post","link":"http:\/\/blog.inmontanis.info\/?p=9518","title":{"rendered":"Ruka &#038; Iso-Sy\u00f6te, 6.-12.11.2023 + Skigebiete Nord-Finnland + Pl\u00e4ne n\u00e4chste Saison"},"content":{"rendered":"<p><strong>Mo, 6.11.2023<\/strong><\/p>\n<p>Auto meldete +2\u00b0 fr\u00fch drau\u00dfen und der Schnee f\u00fchlte sich pappig-nass an. Vormittags am Skigebiet stehend, gab es sogar wenige Regentropfen.<\/p>\n<p>Nebel hin, Pappschnee her, nat\u00fcrlich wollte ich die weniger kalte Temperatur heute ausn\u00fctzen, also dann mal ab Mittag das 26\u20ac-Anf\u00e4ngertagesticket gekauft, mit dem man auch an beiden Seiten der Gondel fahren kann. (Und an den F\u00f6rderb\u00e4ndern, aber da gehen ja auch noch nicht alle.) &#8211; Interessanter als vorgestern der kurze Tellerlift in Iso-Sy\u00f6te ist das allemal.<\/p>\n<p>Getestet: rechter Skischuh mit dicker Socke, aber einer EInlage weniger. Dr\u00fcckt dann zwar nicht, weil nicht zu eng, aber eher viel Platz, au\u00dferdem am Schienbein ein St\u00fcck niedriger. War dann aber doch kein Problem. W\u00e4rmetechnisch aber bringen die warmen Socken auch nix, bin trotzdem im rechten Fu\u00df k\u00e4lter, wenn ich die Heizung nicht einschalt. Also links trotz d\u00fcnerer Socke halbwegs warm, rechts trotz dickerer Socke eiskalt. (Brauch rechts eh immer mehr Heizung als links.)<\/p>\n<p>Beim Schuhumziehen die Sohle unten der Winterstiefelchen angesehen: die Klebestelle hat leider nicht gehalten. Da die Sohle ja trotdem wasserdicht war, ist das noch kein gr\u00f6\u00dferes Problem, werd mich aber wohl doch besser bald nach einem g\u00fcnstigen Ersatz umsehen m\u00fcssen. Bl\u00f6derweise hab ich sowohl das Profil wie auch den Rei\u00dfverschluss zum Einstieg sehr lieb gewonnen.<\/p>\n<p>Die am Verleih\/Skipasskasse meinten, dass es sehr leer w\u00e4re heuer. Aber nicht wissend warum. Vielleich doch nur weil Vorsaison.<\/p>\n<p>Schnee war sch\u00f6n nass, ohne pappig zu sein. Nachteilig in Kombinatin mit Gondel aber: Nasse Ski und damit nasse Handschuhe.. Laut Anzeige waren es +3\u00b0 im Tal.<\/p>\n<p>Auffahrt Gondel und Abfahrt und \u00fcbern\u00e4chste GUB+Gruppe dauerte ca. 10min, entsprechend dauerte eine komplette Runde (die ich mit 2x Tal-GUB, 1x Dorf-GUB definiert hab, weil die erstere Abfahrt ja interessanter ist) ca. 30min.<\/p>\n<p>Heutiges Highlight war die Waldvariante zwischen Gondel (Tal-Seitig) und Abfahrt, sch\u00f6n eingefahren, nicht so pappig wie sonst heute offpiste und wenn man etwas aufpasste auch ohne Stein und Holzber\u00fchrung. Wald-Offpiste Anfang November ist auch nichts, was ich jedes Jahr machen kann&#8230;<\/p>\n<p>Am Funpark und somit der 4KSB waren einige Leute unterwegs, aber sonst nochmals leerer als letzte Woche.<\/p>\n<p>DIe Nummerierung der Gondelgruppen ist \u00fcbrigens nicht der Reihe nach. Wenn ich das recht gesehen hab: 8 &#8211; 3 &#8211; 5 &#8211; 4 &#8211; 6 &#8211; 1 &#8211; 7 &#8211; 2  &#8230;  ziemlich unlogisch &#8230; au\u00dfer die Bahn hatte einst nur 4 Gruppen und wurde sp\u00e4ter zwischendrin um weitere 4 erweitert:<\/p>\n<p>&#8211; &#8211; 1 &#8211; &#8211;  Talstation Tal<br \/>\n&#8211; 7 &#8211; 6 &#8211;<br \/>\n&#8211; 2 &#8211; 4 &#8211; Bergstation<br \/>\n&#8211; 8 &#8211; 5 &#8211;<br \/>\n&#8211; &#8211; 3 &#8211; &#8211; Talstation Dorf<\/p>\n<p>Ich hatte sp\u00e4ter die gelbe (nasenschutzlose) Skibrille an, die ich vmtl. noch nie anhatte. Hatte ich bei Amazon mit Nasen-Mundschutz bestellt (mehrere verschiedene), evtl. f\u00fcr Paintball gedacht, aber den (gro\u00dfen Plastik-) Mundschutz kann man beim Skifahren nicht wirklich brauchen, weil man die Brille dadurch nicht leicht mal eben auf den Kopf raufziehen kann, aber immer unten getragen l\u00e4uft sie beim Stehen schnell an. Zudem ein Tuch w\u00e4rmer ist.   <\/p>\n<p>Jedenfalls hat man bei der Brille das Gef\u00fchl, dass es mit aufgesetzter (!) Brille heller ist als ohne. Sehr praktisch also bei Nebel und Flutlicht.<\/p>\n<p><a href='http:\/\/ski.inmontanis.info\/d\/322614-2\/DSC08582.jpg'><img src=http:\/\/ski.inmontanis.info\/d\/322613-3\/DSC08582.jpg \/><\/a><br \/>\n^ Daten der GUB<\/p>\n<p><a href='http:\/\/ski.inmontanis.info\/d\/322618-2\/DSC08583.jpg'><img src=http:\/\/ski.inmontanis.info\/d\/322617-3\/DSC08583.jpg \/><\/a><br \/>\n^ GUB-Taltation (Tal\/Valley)<\/p>\n<p><a href='http:\/\/ski.inmontanis.info\/d\/322622-2\/DSC08585.jpg'><img src=http:\/\/ski.inmontanis.info\/d\/322621-3\/DSC08585.jpg \/><\/a><br \/>\n^ Offpiste im Wald<\/p>\n<p><a href='http:\/\/ski.inmontanis.info\/d\/322626-2\/DSC08587.jpg'><img src=http:\/\/ski.inmontanis.info\/d\/322625-3\/DSC08587.jpg \/><\/a><br \/>\n^ GUB-Taltation (Tal\/Valley)<\/p>\n<p>An den M\u00fcllinseln im Skigebiet gibts eine Kategorie &#8220;energy waste&#8221; &#8211; Energiem\u00fcll?  K\u00f6nnte vielleicht Restm\u00fcll sein, der verbrennt wird. W\u00e4re vielleicht etwas logischer als extra eine Sammlung von leeren Batterien? Plastik wird aber extra gesammelt, was ja dann auch verbrannt werden k\u00f6nnte.<\/p>\n<p>Bei eisigeren temperaturen w\u00e4r das gondelticket etwas passender als heute, morgen also eher 3h-Ticket, kann ich mir dann gleich heut Abend online kaufen und 1 \u20ac sparen zum Vorortkauf morgen fr\u00fch. \u00dcbernachtet wird eh gleich an der 4KSB, wo es keinen Skipassverkauf gibt. Heut fuhr ich sogar etwas l\u00e4nger als 3h und brauchte weniger Pausen. \u00dcbermorgen dann wieder ein Pausentag, dann vmtl. nochmals 3h und dann ist eh das Event-WE.<\/p>\n<p>Die 3-4 \u20ac teure Kartoffel-Wurst-Pfanne hab ich noch etwas mit Rosmarin verfeinert und den restlichen geriebenen Emmentaler mit rein, den ich noch hatte. Mein kleiner Kochtopf war mit der 500g-Packung quasi voll. F\u00fcr meinen Geschmack leider zu viele nicht lang genug gekochte Zwiebeln.<\/p>\n<p><a href='http:\/\/extra.inmontanis.info\/d\/101772-2\/DSC08589.jpg'><img src=http:\/\/extra.inmontanis.info\/d\/101771-3\/DSC08589.jpg \/><\/a><br \/>\n^ Wurstkartoffelpfanne &#8211; der Topf ist voll<\/p>\n<p>Der Parkplatz erwies sich heute Nacht leider als bescheuert, die piepsende Pistenraupe fuhr die halbe Nacht lang hier in der Gegend, ggf. im Funpark wg. Event.<\/p>\n<p>Mit der laufend starken Bew\u00f6lkung momentan sieht man auch keine Polarlichter, obwohl es momentan so stark sein soll, dass getern selbst in den Alpen mal wieder welche zu sehen waren.<\/p>\n<p><strong>Di, 7.11.2023<\/strong><\/p>\n<p>Morgens schneite es st\u00e4rker als zuletzt &#8211; war ja eigentlich mal wieder nicht gemeldet.  Schneefall h\u00f6rte nach 1-2 Stunden wieder auf, aber ich \u00e4rgerte mich trotzdem, heut den 3h-Pass gekauft zu haben, denn: neben der 3SB, die heute geschlossen bleibt und der GUB, die schon um 19 Uhr schlie\u00dft, was also beides nicht so tragisch ist, ist aber leider auch die lange 6KSB Vuosseli heute geschlossen, also der einzige Sessel hier momentan mit vern\u00fcnftigen Sitzen nicht in Betrieb :(<\/p>\n<p>Somit kann man also nur die halbe Vuosseli-Abfahrt fahren und muss dann entweder zur GUB oder 4KSB r\u00fcber und die langweilige GUB-Abfahrt dorfseitigerweise nehmen, somit auch die nervigere und k\u00fcrzere der beiden 6KSBen \u00f6fters fahren &#8230; <\/p>\n<p>Das war&#8217;s dann also f\u00fcr mich hier mit dem Kauf einer Skipasskarte im Vorhinein. Da zahl ich dann lieber 1,- \u20ac mehr vor Ort und h\u00e4tte mir das heute komplett gespart und stattdessen morgen gekauft, falls wieder offen :(<\/p>\n<p>Somit werd ich mir wohl auch ab Sonntag keine Mehrtageskarte kaufen, wenn man wieder mit so einer Schlie\u00dfung unter der Woche rechnen muss.<\/p>\n<p>Eine heutige Runde dauerte somit ca 22min, 4KSB rauf, 4KSB-Abfahrt, 4KSB rauf, Gondelabfahrt Dorf, 6KSB rauf, 6KSB-Abfahrt#1, 6KSB rauf, 6KSB-Abfahrt#2, 6KSB rauf, geschlossene-6-KSB-Abfahrt zur 4KSB. Die Gondel lie\u00df ich nat\u00fcrlich aus, da gestern oft genug gefahren.<\/p>\n<p><a href='http:\/\/ski.inmontanis.info\/d\/322630-2\/DSC08590.jpg'><img src=http:\/\/ski.inmontanis.info\/d\/322629-3\/DSC08590.jpg \/><\/a><br \/>\n^ Links und rechts teilweise 2 Spuren von den bl\u00f6den Schneemobilfahrern samt Schlitten, quasi die halbe Piste zerst\u00f6rt.<\/p>\n<p>Wenigstens gibt&#8217;s (wie ja auch in Schweden) keine nervigen Lichtschranken an den KSB-Einstiegen, aber die Hauben an der kurzen KSB gehen so schwer runter und eisig kalt, weil weich, sind ja die Sesselsitze an dieser 6KSB und der 4KSB.<\/p>\n<p>Bin mal im Kopf die Skigebiete meiner geplanten 2 Saisonkarten durchgegangen im Hinblick auf nervige Sessellifte&#8230; Die kleine in FInnland mit den 4 Gebieten  hat wohl nur einen Sessel, den Bildern nach eine DM-Lattenrost-DSB. Eher eisig. Die alte DSB in T\u00e4nn\u00e4s ist nat\u00fcrlich sch\u00f6n. DSB+3SB in Riksgr\u00e4nsen gehen auch. Trillevallen m\u00fcsste eine 4SB gehabt haben und bei den 5-Tage-Gebieten sollten Lofsdalen, Stranda und Norefjell KSBen haben, sonst zum Gl\u00fcck nur SL. Sogar 4 KSSL w\u00e4ren dabei, aber den in Lofsdalen hatte ich noch nie in Betrieb erlebt und die beiden in RIksgr\u00e4nsen sind auch manchmal wochenlang oder gar nicht in Betrieb.<\/p>\n<p>Den &#8220;Kondomsessel&#8221; hab ich heut zwar nicht fahren m\u00fcssen, aber ich hab trotzdem etwas aufgepasst und war tats\u00e4chlich immer in etwa bei den selben Sesselnummern, auch nach Vollendung der restlichen Runde. <\/p>\n<p>Der Nebel wurde erst um 15:40 besser, als ich dann aufh\u00f6ren musste. Da ich anderswo schlafen wollte, ging ich noch einen nahen Supermarkt besuchen. Es gab dort viele Fertiggerichte, die um 30% runtergesetzt waren, weil heute letzter MHD-Tag. Entschied mich f\u00fcr eins, das Fisch sein sollte. Da das wieder nur klein mit 300g war, nahm ich noch eine Schoko-Wasauchimmer-Creme mit, die ebenfalls wg. Haltbarkeit um 30% reduziert war. In Summe dann 3,20 \u20ac. Insofern sogar sinnvoll, \u00f6fters hier einzukaufen (auch gro\u00dfe Auswahl ) und die Fahrt nach Kuusamo lohnt sich einkaufsm\u00e4\u00dfig dann nicht wirklich, au\u00dfer eben in Kombination mit Batteerienachladen. Getr\u00e4nke sind hier teurer.<\/p>\n<p><a href='http:\/\/extra.inmontanis.info\/d\/101776-2\/DSC08595.jpg'><img src=http:\/\/extra.inmontanis.info\/d\/101775-3\/DSC08595.jpg \/><\/a><br \/>\n^ Abendessen, irgendein Fisch-Auflauf und eine Schokocreme danach<\/p>\n<p>Lecker war der Fisch ja, aber satt wurde ich dann erst durch die Schokocreme danach. Wenn man nur nicht immer so viel M\u00fcll h\u00e4tte, insb. bei den Plastikschalen. Die TK-Fertiggerichte in Schweden haben ja nur Papierschalen, die lassen sich auch einfach zusammenfalten .<\/p>\n<p>Unsch\u00f6ne \u00dcberraschungen an den anderen Parkpl\u00e4tzen, an dem am See stand eine Loipenraupe und eine halbvollendete Loipe, k\u00f6nnte also sein, dass der heut Nacht da rumf\u00e4hrt. Also rauf zur Sprungschanze gefahren, wo das gro\u00dfe Schneedepot auf Laster verladen wurde, also f\u00fcr die Langlaufloipe etwas unterhalb verwendet wird. H\u00f6rten zum Gl\u00fcck um 17 Uhr auf mit ihrem L\u00e4rm.<\/p>\n<p><a href='http:\/\/ski.inmontanis.info\/d\/322634-2\/DSC08593.jpg'><img src=http:\/\/ski.inmontanis.info\/d\/322633-3\/DSC08593.jpg \/><\/a><br \/>\n^ Aufl\u00f6sung Schneedepot an der Sprungschanze &#8211; f\u00fcr die Langlaufloipen<\/p>\n<p><strong>Mi, 8.11.2023<\/strong><\/p>\n<p>Leider fing der L\u00e4rm bereits ab 6:20 an, ab 7 Uhr unertr\u00e4glich, so dass ich also fr\u00fcher aufstand und zum Arbieten anderswo hinfuhr. <\/p>\n<p>Was man auch nicht machen sollte: Semmeln in einer Plastikt\u00fcet auf Str\u00fcmpfe liegen, die auf einem Duftb\u00e4umchen liegen &#8212; die Semmelh\u00e4lfte schmeckte heute nach dem Wunderbaum.<\/p>\n<p>Tja., h\u00e4tt ich heute statt gestern skifahren sollten, heute wieder alles offen. Wetter w\u00e4r heut auch besser gewesen. Da bin ich dann mal auf morgen gespannt.. Nein, ich kauf mir den Skipas nicht heute Abend, nur um den 1 \u20ac zu sparen.<\/p>\n<p>Im andern Supermarkt (K Citymarket) in Kuusamo am Eingang ist ein Hesburger: kleiner Hamburger 2,40, Cheeseburger 2,80, Pommes 3,-. N\u00f6, keinesfalls. WLAN gibt&#8217;s im Supermarkt wohl auch nicht, dann n\u00e4chstes mal wieder zum Prisma.<\/p>\n<p>Anscheinend kann man in Finnland nicht in den Supermakrt, ohne irgendeinen alten Mann mit Maske sehen zu m\u00fcssen. Hier aber sogar zus\u00e4tzlich eine alte Frau und nochmals ein altes Paar. Hilfe, ich komm mir vor wie in der Zombieapokalypse. Ich hasse Finnland.<\/p>\n<p>Apropos, also die Getr\u00e4nkepreise .. Mineralwassser mit Geschmack und Pfand schon rausgerechnet (!) teils \u00fcber 2,- \u20ac, Limonaden knapp 4,- \u20ac (f\u00fcr jeweils 1,5l) &#8211; au\u00dfer ein paar wenigen, g\u00fcnstigeren Sachen und dann das Discontpreis-Mineralwasser um ca. 0,40-0,50 \u20ac.<\/p>\n<p>Ein durch und durch unsympathischer Supermarkt. Keine offenen Semmeln, die anderen Sachen der Geb\u00e4ckabteilung h\u00e4tte man auch an der Waage selbst auszeichnen m\u00fcssen, aber keine in der N\u00e4he gesehen, sondern vielleicht erst beim Gem\u00fcse. Bescheurt. Ich ging lieber nochmals zum Lidl, aber dort ohne Getr\u00e4nke zu kaufen wg. der Pfandproblematik.<\/p>\n<p>Zuvor nochmals in den Tokmanni, was ich noch schauen wollte, ob es was w\u00e4rmendes nachts f\u00fcrn Hintern geben k\u00f6nnte. Keine Ahnung was. Sowas wie eine Shorts aus Fleece? H\u00e4tte es sogar gegeben, teils runteresetzt auf 7,- \u20ac, XXL und 3XL und versteckt noch eine f\u00fcr M, aber schon relativ lang, ging bis \u00fcber die Knie. Momemnt, ich h\u00e4tte ja zumindest einen kurzen Sommerschlafanzug dabei &#8211; wie w\u00e4r&#8217;s mit der Hose?! Austesten,<\/p>\n<p>Keine 10 Leute im Lidl aber wieder 2 Maskenzombies. In der Geb\u00e4ckabteilung gab&#8217;s &#8211; nat\u00fcrlich und leider nicht warm &#8211; neben den \u00fcblichen Sachen wie kleine Pizzen und Reistaschen auch W\u00fcrstl im Croissant, Hotdog (das sollte man dann wohl im Mikrowellenofen aufw\u00e4rmen?!) auch Fleisch-Pirog, die durchaus mit denen in Russland vergleichbar sind, Teig eher krapfenteigig, aber schon ganz gut. <\/p>\n<p><a href='http:\/\/extra.inmontanis.info\/d\/101784-2\/IMG_20231108_143052.jpg'><img src=http:\/\/extra.inmontanis.info\/d\/101783-3\/IMG_20231108_143052.jpg \/><\/a><br \/>\n^ Lidl in Finnland<\/p>\n<p><a href='http:\/\/extra.inmontanis.info\/d\/101780-2\/DSC08596.jpg'><img src=http:\/\/extra.inmontanis.info\/d\/101779-3\/DSC08596.jpg \/><\/a><br \/>\n^ Wieder am See bei Kuusamo<\/p>\n<p>Als ich in Finnland das letzte Mal am Meer stand, wo es am Hafen ja bereits gefroren war, dachte ich, der L\u00e4rm kam von den Gezeiten in Kombination mit dem Meer. Aber heute steh ich ja nur am See, keine Gezeiten, und das Eis macht heut trotzdem L\u00e4rm, zumindest vermutete ich, dass es das Eis sei. Dumpfe, dunkle, unheimliche Ger\u00e4usche sind das.<\/p>\n<p><strong>Do, 9.11.2023<\/strong><\/p>\n<p>Die kurze Schlafanzughose + den w\u00e4rmeren langen Schlafanzug angehabt. Trotzdem morgens Hintern etwas kalt gewesen. Wobei ich mir ja nicht sicher bin, ob die Steppdecke fr\u00fchre ohne \u00dcberzug nicht w\u00e4rmer war, denn die f\u00fchlt sich durch den \u00dcberzug kalt an, da reicht also die K\u00f6rperw\u00e4rme nicht, um \u00dcberzug plus Steppdecke zu w\u00e4rmen. Vieleicht hatte das fr\u00fcher gereicht, die Steppdecke zu w\u00e4rmen? <\/p>\n<p>Mit -5\u00b0 drau\u00dfen morgens wieder etwas k\u00fchler, daf\u00fcr vormittags im Skigebiet etwas Sonnenschein. Heute wieder &#8220;alle&#8221; Lifte in Betrieb, Wetter passte auch halbwegs, wobei ab Mitag die Sonne wieder weg war und das halbe Skigebiet im Nebel war. 3h oder Gondel? <\/p>\n<p>Iso-Sy\u00f6te hat mittlerweile den langen SL in Betrieb f\u00fcr&#8217;s WE angek\u00fcndigt, also werd ich wohl nochmals dort hin fahren, also kann ich mir hier heut die 3h-Karte kaufen (sonst h\u00e4tte ich das am Samstag gemacht und heut nur die Gondel). <\/p>\n<p>Durch Nebel und Wind f\u00fchlten sich die -6\/-5\u00b0 allerdings wesentlich k\u00e4lter an, mein Schwerpunkt war heute logischerweise die lange 6KSB mit den w\u00e4rmeren Sitzen.<\/p>\n<p><a href='http:\/\/ski.inmontanis.info\/d\/322642-2\/ge_20231106-09.jpg'><img src=http:\/\/ski.inmontanis.info\/d\/322641-3\/ge_20231106-09.jpg \/><\/a><br \/>\n^ GPS-Tracks Ruka, T\u00fcrkis\/Magenta\/Orange die letzten 3 Tage<\/p>\n<p>Jetzt hat die neue Saison noch gar nicht richtig begonnen, macht man sich schon Gedanken \u00fcber die n\u00e4chsten. Ich glaub, ich werd mir das Skifahren im Winter in den n\u00e4chsten Jahren abgew\u00f6hnen bzw. nur noch  bei Plusgraden oder sonnigen  und windstillen, kleinen Minusgraden fahren. Au\u00dfer vielleicht 1-2 Stunden, wenn man eh die Saisonkarte hat und im Skigebiet ist.<\/p>\n<p>Also, falls Koralpe n\u00e4chsten Winter noch Skibetrieb hat, vielleicht die Saisonkarte nur f\u00fcr dort kaufen und einfach mal von Dez-Feb daheim bleiben, jeden Nicht-Schneefall-Tag 1-2h auf der Koralpe fahren und im Februar dann die S\u00fcdosteuropatour machen. Und dann im Mai 2025, sofern M\u00f6lltaler offen, die 2025\/26er Gopass-Saisonkarte im Vorverkauf kaufen. Winter 2025\/26 dann viellleicht etwas CZ\/SK wg. Gopass und\/oder f\u00fcr 2 Monate Spanien und\/oder ab M\u00e4rz endlich mal Schottland. Oder doch wieder Schweden, was ab Februar auch mal sinnvoll sein k\u00f6nte, weil man dann ein paar der kleinen Gebietchen weiter s\u00fcdlich abgrasen k\u00f6nnte.<\/p>\n<p>Wenn ich den momentanen 1 Tag Skifahren \/ 1 Tag frei &#8211; Wechsel beibehalte, hei\u00dft das also morgen nix, SA Iso-Sy\u00f6te, SO nix, MO Ruka, DI nix, MI Ruka, DO nix, FR Pyh\u00e4, SA&#038;SO Ounasvaara, wenn die letzten beiden wie geplant aufsperren.<\/p>\n<p>Wie&#8217;s danach weitergeht, kommt drauf an, ob und zu welcher Uhrziet Ounasvaara unter der Woche offen haben wird und was als Alternative Yll\u00e4s alles aufmachen w\u00fcrde.. Das WE drauf sollte dann das zweite Gebiet der kleinen Saisonkarte aufsperren, Luosto, was neben Pyh\u00e4 l\u00e4ge. <\/p>\n<p><strong>Fr, 10.11.2023<\/strong><\/p>\n<p>Vergangene Nacht mal getestet: Schlafsack bis zum Hintern geschlossen lassen. Scheint auch funktioniert zu haben (in Kombination mit der kurzen Schlafanzughose), am Hintern wars mir heut weniger kalt, daf\u00fcr hab ich die Fu\u00dfheizung gebraucht. <\/p>\n<p>Wirklich warm wurd&#8217;s mir an den F\u00fc\u00dfen jedoch nicht. H\u00e4tte ja noch auf eine h\u00f6here Stufe stellen k\u00f6nnen. Innenminimum? Nur -0.1\u00b0, da h\u00e4tte ich weniger erwartet. Vielleicht doch gleich eine l\u00e4ngere fleecem\u00e4\u00dfige Hose? Muss ich dann halt auch n\u00e4chsten Sommer mit rum schleppen. Oder eine warme Strumpfhose? Aber ob man das in der Herrenabteilung bekommt ;) Zudem will ich das ungern  unter dem Schlafanzug tragen.  Str\u00fcmpfe w\u00e4ren sonst nachts nat\u00fcrlich noch eine Option f\u00fcr kalte N\u00e4chte, aber man ist ja immer recht froh, wenn man mal keine Str\u00fcmpfe anhat. <\/p>\n<p>Die Lifte in Iso-Sy\u00f6te sollen morgen von 10-17h offen sein. Heut noch hinfahren und morgen fr\u00fch so lang warten? Oder doch heut anderswo \u00fcbernachten und dann morgen fr\u00fch fahren? Au\u00dfer dem Hafenparkplatz einige km von Kuusamo in die andere Richtung entfernt gibt&#8217;s aber auch nichts wirklich brauchbares und unterwegs soll auch nix sein. Au\u00dfer einem kostenpflichtigen Wohnmobilplatz am Skigebiet bei Taivalkoski, w\u00fcrde nur 14 \u20ac kosten mit Strom, WC, Dusche usw. &#8211; w\u00e4r ja echt g\u00fcnsitg. Und obwohl es unterschiedliche Preise da an den Novembertagen gibt,  kann man doch keinen ausw\u00e4hlen. Also wohl doch geschlossen.<\/p>\n<p><a href='http:\/\/ski.inmontanis.info\/d\/322638-2\/DSC08603.jpg'><img src=http:\/\/ski.inmontanis.info\/d\/322637-3\/DSC08603.jpg \/><\/a><br \/>\n^ Auch heut wieder unlohnenswertes Wetter (links GUB, rechts 4KSB)<\/p>\n<p><a href='http:\/\/extra.inmontanis.info\/d\/101788-2\/DSC08602.jpg'><img src=http:\/\/extra.inmontanis.info\/d\/101787-3\/DSC08602.jpg \/><\/a><br \/>\n^ N\u00e4chste Woche wird&#8217;s k\u00e4lter<\/p>\n<p>Keine 10 Sekunden im Prisma-Supermarkt in Kuusamo gewesen, ging schon wieder so ein Msakenzombie auf mich zur. Fl\u00fcchtete seitlich durch die Ausgangst\u00fcr.<\/p>\n<p>Und der scheiss Pfandautomat hat mir schon wieder bei einer Flasche kein Pfand bezahlt, diesmal war es aber keine Lidl-Flasche, sondern eine von einem anderen Supermarkt. Also diese Abzocke hier in Finnland geht mir aber tierisch auf den Keks, noch dazu wo es 40 Cent sind pro Flasche!! Wieviel Klopapier m\u00fcsste man wohl am WC mitnehmen, um die 0,40 \u20ac auszugleichen? Wohl zu viel. Schade, dass es hier kein Handpapier gibt.<\/p>\n<p>Tiefgek\u00fchlte Pelmeni w\u00fcrde es geben und im K\u00fchlregal  auch Smetana .. allerdings m\u00fcsste man die Pelmeni gleich alle kochen und die Packung Smetana ist ja auch wieder zu viel. Hab mir heut folgende 2 gek\u00fchlte Fertiggerichte (f\u00fcr heute bzw. morgen) gekauft: irgendein Auflauf mit ger\u00e4uchertem Lachs (300g, 3,59 \u20ac, heut gegessen, lecker gewesen) und Lindstr\u00f6min-K\u00f6ttbullar mit Kartoffel&#8221;muus&#8221;, das sind wohl mit Rote Bete vermischte Fleischkl\u00f6pse (300g um 2,45 \u20ac, beides \u00fcbrigens keine Diskontprodukte eines Supermarktes, die gibts in verschiedenen Superm\u00e4rkten, also wohl Markenprodukt).<\/p>\n<p><a href='http:\/\/extra.inmontanis.info\/d\/101800-2\/DSC08606.jpg'><img src=http:\/\/extra.inmontanis.info\/d\/101799-3\/DSC08606.jpg \/><\/a><br \/>\n^ Links ein Nudelauflauf mit ger\u00e4uchertem Lachs, rechts sechs (sehr weiche) Semmel, daf\u00fcr g\u00fcnstig, nur ca. 0,23 \u20ac pro St\u00fcck. <\/p>\n<p>Am und nahe des Skigebiet Taivalvaara (bei Taivalkoski) waren einige Parkpl\u00e4tze und bis Iso-Sy\u00f6te sind&#8217;s ca. 40-60min. Der Wohnmobilstellplatz schien tats\u00e4chlich geschlossen, sah niemanden. Also parkte ich eben am normalen Parkplatz.<\/p>\n<p><a href='http:\/\/extra.inmontanis.info\/d\/101792-2\/DSC08605.jpg'><img src=http:\/\/extra.inmontanis.info\/d\/101791-3\/DSC08605.jpg \/><\/a><br \/>\n^ Skigebiet Taivalvaara<\/p>\n<p><a href='http:\/\/extra.inmontanis.info\/d\/101796-2\/DSC08604.jpg'><img src=http:\/\/extra.inmontanis.info\/d\/101795-3\/DSC08604.jpg \/><\/a><br \/>\n^ Taivalvaara \/ Sprungschanzen<\/p>\n<p>&#128681; Gespeicherte Geolocation &#8211; Karte anzeigen: <a href='https:\/\/www.google.com\/maps\/@?api=1&#038;map_action=map&#038;center=65.56896,28.1951999&#038;zoom=12&#038;basemap=terrain' target=_blank> GoogleMaps<\/a> &#128681; <a href='https:\/\/www.openstreetmap.org\/?&#038;mlat=65.56896&#038;mlon=28.1951999#map=10\/65.56896\/28.1951999&#038;layers=P' target=_blank> OSM &#128681;<\/a><br \/>\n^ nicht ganz passend.<\/p>\n<p>Morgen also die Wahl zwischen einer 3h-Karte oder Nachmittagskarte um jeweils 33,- \u20ac oder eine Tageskarte um 37,- \u20ac. Oder 2 Tage w\u00e4ren 65,- \u20ac, also 32,50\/Tag, somit g\u00fcnstiger als 2x eine 3h-Karte. Aber keine Ahnung ob ich hier 2 Tage fahren m\u00f6chte an der einen Abfahrt&#8230; Andererseits w\u00e4r der Aufpreis f\u00fcr den 2. Tag im Vgl. zur Tageskarte ja nur 28,- \u20ac&#8230;. in dem Fall w\u00fcrde ich also Montag+Mittwoch aussetzen, DI+DO in Ruka fahren und statt Pyh\u00e4 am Freitag eben nochmals aussetzen und stattdessen Pyh\u00e4 mal von Luosto anfahren. Pyh\u00e4 liegt von Ruka nach Ounasvaara (Rovaniemi) eh etwas umwegig.<\/p>\n<p><strong>Sa, 11.11.2023<\/strong><\/p>\n<p>Hielt in Taivalkoski noch an einem Supermarkt. Meist gibt es 2 in Ortschaften: einen K-Market und einen S-Market. Warum die beide so komisch hei\u00dfen m\u00fcssen? Dem Logo nach geh\u00f6rt Prisma auch zu den S-M\u00e4rkten, der hier hatte auch ein WC.<\/p>\n<p><a href='http:\/\/extra.inmontanis.info\/d\/101804-2\/DSC08615.jpg'><img src=http:\/\/extra.inmontanis.info\/d\/101803-3\/DSC08615.jpg \/><\/a><br \/>\n^ Richtung Iso-Sy\u00f6te bei kalten -13\u00b0<\/p>\n<p><a href='http:\/\/ski.inmontanis.info\/d\/322646-2\/DSC08618.jpg'><img src=http:\/\/ski.inmontanis.info\/d\/322645-3\/DSC08618.jpg \/><\/a><br \/>\n^ Skigebiet Iso-Sy\u00f6te, rechter Teil<\/p>\n<p><a href='http:\/\/ski.inmontanis.info\/d\/322650-2\/DSC08621.jpg'><img src=http:\/\/ski.inmontanis.info\/d\/322649-3\/DSC08621.jpg \/><\/a><br \/>\n^ Skigebiet Iso-Sy\u00f6te, linker Teil<\/p>\n<p>Um 9:55, also kurz vor Betriebsbeginn, kam ich bei sonnigen -12\u00b0 am Skigebiet Iso-Sy\u00f6te an. Den Str\u00e4uchern am Parkplatz nach gab es etwas Wind. <\/p>\n<p> &#128681; Gespeicherte Geolocation &#8211; Karte anzeigen: <a href='https:\/\/www.google.com\/maps\/@?api=1&#038;map_action=map&#038;center=65.6254086,27.6287913&#038;zoom=12&#038;basemap=terrain' target=_blank> GoogleMaps<\/a> &#128681; <a href='https:\/\/www.openstreetmap.org\/?&#038;mlat=65.6254086&#038;mlon=27.6287913#map=10\/65.6254086\/27.6287913&#038;layers=P' target=_blank> OSM &#128681;<\/a><\/p>\n<p>Die Abfahrt schien in ganzer l\u00e4nge pr\u00e4pariert, aber nicht sehr breit zu sein und es gab wohl leider auch wieder ein paar Park-Elemente, die die Abfahrt zus\u00e4tzlich verkleinerten. Reicht das wirklich f\u00fcr 2 Tage? Immerhin w\u00fcrde morgen auch etwas sonnig gemeldet werden. Also gut, 2 Tage. Au\u00dfer mit war um 10:00 noch keiner da, daher wurde auch der Lift erst etwas sp\u00e4ter eingeschaltet.<\/p>\n<p>Ich zog heut auch rechts wieder die d\u00fcnneren Skistr\u00fcmpfe an, da ich damit eher w\u00e4rmer bin, weil ich die Heizung besser sp\u00fcre. Also mal wieder probiert, rechts die Einlage reinzutun &#8211; aber die Schuhe blieben zu eng, daher eine andere Einlage rein. Komisch, dass ich damit in Hintertux kein Problem hatte&#8230;<\/p>\n<p>F\u00fcr 3x B\u00fcgel-SL und 1x Teller-SL ben\u00f6tigte ich ca. eine halbe Stunde und leider wurden alle Funparkelemente vom Tellerlift zur SL-Abfahrt verlegt. <\/p>\n<p>Die K\u00e4lte sp\u00fcrte ich relativ schnell (zus\u00e4tzlich zu Finger und Nase) auch an den Beinen und dem Oberk\u00f6rper. D.h. Thermohose und Skihose reichen bei -10\u00b0 nicht aus. Im Hosenbereich kann ich noch eine lange Unterhose erg\u00e4nzen. Lang\u00e4rmliges T-Shirt und Pullover und Skijacke reichen also auch nicht. <\/p>\n<p>Leider hab ich auch nichts von einem Selbstversorgerraum hier gesehen oder gelesen. Alternativ zum teuren Restaurant kann man sich also entweder an der einen offenen Feuerstelle oder am WC aufw\u00e4rmen. Ich entschied mich ca. alle 30-45min f\u00fcrs WC und vor 13 Uhr f\u00fcr einen 20min-Durchlauf der Standheizung im Auto, dann wird das auch wieder etwas w\u00e4rmer. <\/p>\n<p>Wie soll ich nur n\u00e4chste Woche in Ruka durchstehen bei den t\u00e4glich eisigen Temperaturen um bis zu -14\u00b0? Da wird die Batterie schnell leer werden.<\/p>\n<p><a href='http:\/\/ski.inmontanis.info\/d\/322654-2\/DSC08625.jpg'><img src=http:\/\/ski.inmontanis.info\/d\/322653-3\/DSC08625.jpg \/><\/a><br \/>\n^ In der ersten Stunde blieb es leer, danach wurde es etwas voller. Aber keine Wartezeiten. Der Lift samt dieser Abfahrt sind also seit gestern Abend offen, aber nur am WE<\/p>\n<p><a href='http:\/\/ski.inmontanis.info\/d\/322658-2\/DSC08629.jpg'><img src=http:\/\/ski.inmontanis.info\/d\/322657-3\/DSC08629.jpg \/><\/a><br \/>\n^ Gipfel-Hotel<\/p>\n<p><a href='http:\/\/ski.inmontanis.info\/d\/322662-2\/DSC08630.jpg'><img src=http:\/\/ski.inmontanis.info\/d\/322661-3\/DSC08630.jpg \/><\/a><br \/>\n^ Abfahrt<\/p>\n<p><a href='http:\/\/ski.inmontanis.info\/d\/322666-2\/DSC08631.jpg'><img src=http:\/\/ski.inmontanis.info\/d\/322665-3\/DSC08631.jpg \/><\/a><br \/>\n^ Abfahrt und Skigebiet Pikku-Sy\u00f6te gegen\u00fcber<\/p>\n<p><a href='http:\/\/ski.inmontanis.info\/d\/322670-2\/DSC08633.jpg'><img src=http:\/\/ski.inmontanis.info\/d\/322669-3\/DSC08633.jpg \/><\/a><br \/>\n^ Pano<\/p>\n<p><a href='http:\/\/ski.inmontanis.info\/d\/322674-2\/DSC08635.jpg'><img src=http:\/\/ski.inmontanis.info\/d\/322673-3\/DSC08635.jpg \/><\/a><br \/>\n^ Oberer Teil<\/p>\n<p><a href='http:\/\/ski.inmontanis.info\/d\/322678-2\/DSC08636.jpg'><img src=http:\/\/ski.inmontanis.info\/d\/322677-3\/DSC08636.jpg \/><\/a><br \/>\n^ Pano<\/p>\n<p><a href='http:\/\/ski.inmontanis.info\/d\/322682-2\/DSC08637.jpg'><img src=http:\/\/ski.inmontanis.info\/d\/322681-3\/DSC08637.jpg \/><\/a><br \/>\n^ mittlerer\/unterer Teil der Abfahrt<\/p>\n<p><a href='http:\/\/ski.inmontanis.info\/d\/322686-2\/DSC08640.jpg'><img src=http:\/\/ski.inmontanis.info\/d\/322685-3\/DSC08640.jpg \/><\/a><br \/>\n^ Abfahrten links von den linken SL<\/p>\n<p>DIrekt nach der Mittagspause war es leider neblig im oberen Bereich, somit sich ein Fu\u00dfweg zm Gipfel leider nicht  mehr gelohnt hatte.<\/p>\n<p>Was ich bei der Gelegenheit im Auto noch gemacht hab: mir eine f\u00fcnfte Kleidungsschicht \u00fcbergezogen, d.h. unter die Skijacke noch zus\u00e4tzlich die Regenjacke angezogen. D\u00fcnne Schicht Plastik hilft nat\u00fcrlich nich gegen K\u00e4lte, sollte aber brauchbare Windstoppereigenschaften haben bzw. die K\u00f6rprew\u00e4rme weniger rauslassen. So die Hoffnung. Bissl was hatte es schon gebracht.<\/p>\n<p>Da es morgen \u00e4hnlich kalt werden soll, k\u00f6nnte ich mal alles gleich lassen wie heute, aber die andere Skihose und die andere Skijacke probieren. Nicht dass eins von beiden w\u00e4rmer ist&#8230;<\/p>\n<p><a href='http:\/\/ski.inmontanis.info\/d\/322690-2\/DSC08642.jpg'><img src=http:\/\/ski.inmontanis.info\/d\/322689-3\/DSC08642.jpg \/><\/a><br \/>\n^ Nebelig<\/p>\n<p>Ich h\u00f6rte um 15:30 auf und \u00fcberlegte noch ein wenig, dass ich die Batterie bis Ruka am DI nicht vollbekommen w\u00fcrde und wohl nicht bis n\u00e4chsten Freitag ohne Campingplatz auskommen w\u00fcrde bei den gemeldeten Temperaturen, es wird mittlerweile noch etwas k\u00e4lter gemeldet. Oder soll ich bei den Temperaturen gleich einen g\u00fcnstigen Campingplatz nehmen die ganze Woche und mir die Skip\u00e4sse in Ruka sparen? Aber auch etwas langweilig dann. Oder zumindest mal ab morgen Abend f\u00fcr 1-2 N\u00e4chte? Liegt dann aber in die andere Richtung morgen Nachmittg, nach Posio, statt Taivalkoski+Kuusamo. Umweg nach Ruka w\u00e4re wenig.<\/p>\n<p>Gr\u00f6\u00dfter Nachteil: Posio ist ca. doppelt so weit weg von hier als Taivalkoski, mein Tank ist unter der H\u00e4lfte und nur diese 2,60\u20ac-Tankstelle auf dem Weg. Bei einer gesperrten Stra\u00dfe kurz vor Posio k\u00e4me ich ggf. nicht mehr zur\u00fcck bis nach Taivalkoski. <\/p>\n<p>Yll\u00e4s hat mittlerweile auf seiner Website stehen, was sie am 18.11. aufsperren wollen bzw. welche Lifte wann \u00f6ffnen sollen. Demnach sollen die besten Bereiche samt Verbindung erst ab 23.12. \u00f6ffnen, aufmachen wird die EUB mit 1 Abfahrt, die neue KSB im unteren Bereich mit 2-3 Abfahrten und auf der R\u00fcckseite zus\u00f6tzlich zu wenigen \u00dcbungsliften nur der eine Hauptlift mit einer Abfahrt. Da lohnt sich der Umweg nicht. Da w\u00fcrd ich wohl lieber Levi fahren. Allerdings ists dort dann teurer..<\/p>\n<p>Beim Rausholen von den andern Skiklamotten von hinterm Schrank ganz unten hab ich noch was anders rausgeholt: mein Ersatzhandy. Denn das sollte ja auch nicht unbedingt wochenlang tiefgek\u00fchlt werden. Dabei aufgefallen, dass der eine Karton an der Seite festeklebt schien &#8211; besser gesagt: festgefroren. War also mal wieder feucht dort und eine kleine Eisschicht an der Au\u00dfenseite. des Bereichs.<\/p>\n<p>D.h. 1. besser keine Kartons da hinten unten (aber wohin sonst, plasstikverpackte Lebkuchen bringt ja auch nicht weniger Wasser), 2.  wenn, dann wohl zumindet nicht unbedingt an der Au\u00dfenwand, sondern ggf. mittiger und die Kleidung am Rand und 3. w\u00e4ren die Katzenstreusocken evtl. sinnvoller au\u00dfeneitig? <\/p>\n<p><strong>So, 12.11.2023<\/strong> <\/p>\n<p>Die angezogenen Str\u00fcmpfe hatten sich heut Nacht zwar bew\u00e4hrt, aber morgens wars mir trotzdem an einigen anderen Stellen kalt. Vielleicht sollte ich mal noch probieren, ob es w\u00e4rmer w\u00e4re, wenn ich den Schlafsack als 2. Decke nehm und die Steppdecke au\u00dfendr\u00fcber. Ob die da au\u00dfen was bringt ist zwar auch zweifelhaft. Schlafsack n\u00e4her am K\u00f6rper sollte dagegen  ja w\u00e4rmer sein, nur f\u00fchlt sich der Stoff auf der Innenseite immer schnell kalt an &#8211; aber vielleicht reicht daf\u00fcr ja die d\u00fcnne Fleecedecke.<\/p>\n<p>Innenminimum heute -3,9\u00b0 vorne, drau\u00dfen eigentlich nur -8\u00b0. Das ist dann vielleicht der Unterschied, wenn man abends nicht noch 1-2 Stunden fahren kann (und so das Auto w\u00e4rmer bekommt&#8230;) Und ja, ich schlaf momentan lang, 8-9 Stunden vergehen zwischen der letzten Standheizung am Abend und der ersten morgens. Weil ich ja durch die Osteuropa-Zeit erst um 9 Uhr arbeiten muss bzw. heute hier ja erst um 10 Uhr der Skibetrieb startet. Die letzte ca. 1 Stunde lieg ich halt eher schlaflos und etwas kalt im Bett und manchmal m\u00fcsste ich dann auch pinkeln (nach 8-9 Stunden, eh logisch), aber bei den Temperaturen will ich nicht aus der Bettdecke raus.<\/p>\n<p>Skifahren wollte ich heute nur bis max. 14:30, da ich noch tanken und einkaufen m\u00fcsste und der Campingplatz (bzw. die Rezeption) lt. Website bis 17h offen hat sonntags und ich noch 1-1,5h fahren muss.<\/p>\n<p>Mit den Strolz Skischuhen w\u00e4r es undenkbar, dass ich im Skigebiet bei -10\u00b0 \u00fcbernachte und dann in die Skischuhe schl\u00fcpfen k\u00f6nnte ;)  Angenehmer w\u00e4rs aber nat\u00fcrlich trotzdem, wenn die Schuhe warm w\u00e4ren morgens, aber ich hatte die W\u00e4rme der Standheizung heute Morgen im Raum gebraucht anstatt im vorderen Fu\u00dfbodenbereich.<\/p>\n<p>Das finale Aufw\u00e4rmen samt n\u00f6tigem Klogang erfolgte dann vor 10 Uhr am WC im Skigebiet. Bisher hatte ich ja mein WC auf dieser Reise noch nicht ben\u00f6tigt, weil ich stattdessen auch bei -5\u00b0 lieber ein \u00f6ffentliches Plumpsklo verwendet hab. Per se unangenehmer, insb. weil man ja sein Camperklo in Schweden an vielen Rastpl\u00e4tzen gratis leeren kannn, aber hat halt auch seine Vorteile. <\/p>\n<p>Heut also die andere Kleidung an. Es war morgens vielleicht 1-3\u00b0 w\u00e4rmer als gestern um 10 Uhr und es war heut talfahrend st\u00e4rkerer Gegenwind, d.h. beim Bergfahren im SL kein Fahrtwind und somit konnte man sich dabei besser aufw\u00e4rmen.<\/p>\n<p>Jednfallfs trotz des st\u00e4rkeren Fahrtwindes beim Abfahrten war die Hose und die Jacke wesentlich winddichter (und somit auch w\u00e4rmer) als die gestrige Kleidung. Die Regenjacke zus\u00e4tzlich hatte ich heut nicht getestet.<\/p>\n<p>Etwas schade, da ich mir diese Skijacke  ja eher f\u00fcr w\u00e4rmere Temperaturen rausgesucht hatte im Sinne von Nassschneefall\/Regen, weil die etwas l\u00e4nger trocken bleibt als die anderen Jacken. Aber so werd ich sie wohl doch auch eher bei K\u00e4lte tragen m\u00fcssen.<\/p>\n<p>Die erste Betriebsstunde blieb etwas leerer als gestern und  es blieb auch sp\u00e4ter leerer. Nach der 2. Abfahrt ging ich zum Gipfel rauf, es blieb aber heut sonnig und nebelfrei.<\/p>\n<p><a href='http:\/\/ski.inmontanis.info\/d\/322694-2\/DSC08646.jpg'><img src=http:\/\/ski.inmontanis.info\/d\/322693-3\/DSC08646.jpg \/><\/a><br \/>\n^ War heut der erste Skifahrer um kurz nach 10 Uhr (Betriebsbeginn, derzeit von 10-17 Uhr offen)<\/p>\n<p><a href='http:\/\/ski.inmontanis.info\/d\/322698-2\/DSC08650.jpg'><img src=http:\/\/ski.inmontanis.info\/d\/322697-3\/DSC08650.jpg \/><\/a><br \/>\n^ Abfahrt und Pano<\/p>\n<p><a href='http:\/\/ski.inmontanis.info\/d\/322702-2\/DSC08652.jpg'><img src=http:\/\/ski.inmontanis.info\/d\/322701-3\/DSC08652.jpg \/><\/a><br \/>\n^ Die linken SL enden am tiefsten, die rechten SL am h\u00f6chsten<\/p>\n<p><a href='http:\/\/ski.inmontanis.info\/d\/322706-2\/DSC08654.jpg'><img src=http:\/\/ski.inmontanis.info\/d\/322705-3\/DSC08654.jpg \/><\/a><br \/>\n^ Linke SL<\/p>\n<p><a href='http:\/\/ski.inmontanis.info\/d\/322710-2\/DSC08655.jpg'><img src=http:\/\/ski.inmontanis.info\/d\/322709-3\/DSC08655.jpg \/><\/a><br \/>\n^ Mittlerer SL, der im Plan keine Nummer hat<\/p>\n<p><a href='http:\/\/ski.inmontanis.info\/d\/322714-2\/DSC08656.jpg'><img src=http:\/\/ski.inmontanis.info\/d\/322713-3\/DSC08656.jpg \/><\/a><br \/>\n^ Mittlerer SL, der im Plan keine Nummer hat<\/p>\n<p><a href='http:\/\/ski.inmontanis.info\/d\/322718-2\/DSC08657.jpg'><img src=http:\/\/ski.inmontanis.info\/d\/322717-3\/DSC08657.jpg \/><\/a><br \/>\n^ Rechte SL<\/p>\n<p><a href='http:\/\/ski.inmontanis.info\/d\/322722-2\/DSC08658.jpg'><img src=http:\/\/ski.inmontanis.info\/d\/322721-3\/DSC08658.jpg \/><\/a><br \/>\n^ Rechte SL<\/p>\n<p><a href='http:\/\/ski.inmontanis.info\/d\/322726-2\/DSC08659.jpg'><img src=http:\/\/ski.inmontanis.info\/d\/322725-3\/DSC08659.jpg \/><\/a><br \/>\n^ Rechte Abfahrten an den rechten SL<\/p>\n<p><a href='http:\/\/ski.inmontanis.info\/d\/322730-2\/DSC08660.jpg'><img src=http:\/\/ski.inmontanis.info\/d\/322729-3\/DSC08660.jpg \/><\/a><br \/>\n^ Rechte SL<\/p>\n<p><a href='http:\/\/ski.inmontanis.info\/d\/322734-2\/DSC08661.jpg'><img src=http:\/\/ski.inmontanis.info\/d\/322733-3\/DSC08661.jpg \/><\/a><br \/>\n^ Gipfelinfotafel, nur 430m hoch ist man hier.<\/p>\n<p><a href='http:\/\/ski.inmontanis.info\/d\/322738-2\/DSC08662.jpg'><img src=http:\/\/ski.inmontanis.info\/d\/322737-3\/DSC08662.jpg \/><\/a><br \/>\n^ R\u00fcckseitenpano. Wegen solcher Panoramen bin ich ja in Skandinavien.<\/p>\n<p><a href='http:\/\/ski.inmontanis.info\/d\/322742-2\/DSC08663.jpg'><img src=http:\/\/ski.inmontanis.info\/d\/322741-3\/DSC08663.jpg \/><\/a><br \/>\n^ R\u00fcckseitenpano<\/p>\n<p><a href='http:\/\/ski.inmontanis.info\/d\/322746-2\/DSC08665.jpg'><img src=http:\/\/ski.inmontanis.info\/d\/322745-3\/DSC08665.jpg \/><\/a><br \/>\n^ Hotelpano<\/p>\n<p><a href='http:\/\/ski.inmontanis.info\/d\/322750-2\/DSC08668.jpg'><img src=http:\/\/ski.inmontanis.info\/d\/322749-3\/DSC08668.jpg \/><\/a><br \/>\n^ Leichte Verkrustungen hier \u00fcberall<\/p>\n<p><a href='http:\/\/ski.inmontanis.info\/d\/322754-2\/DSC08669.jpg'><img src=http:\/\/ski.inmontanis.info\/d\/322753-3\/DSC08669.jpg \/><\/a><br \/>\n^ Rechte SL<\/p>\n<p><a href='http:\/\/ski.inmontanis.info\/d\/322758-2\/DSC08670.jpg'><img src=http:\/\/ski.inmontanis.info\/d\/322757-3\/DSC08670.jpg \/><\/a><br \/>\n^ Antennenmast<\/p>\n<p><a href='http:\/\/ski.inmontanis.info\/d\/322762-2\/DSC08671.jpg'><img src=http:\/\/ski.inmontanis.info\/d\/322761-3\/DSC08671.jpg \/><\/a><br \/>\n^ Rechte SL<\/p>\n<p><a href='http:\/\/ski.inmontanis.info\/d\/322766-2\/DSC08672.jpg'><img src=http:\/\/ski.inmontanis.info\/d\/322765-3\/DSC08672.jpg \/><\/a><br \/>\n^ Linke SL und Hotel<\/p>\n<p><a href='http:\/\/ski.inmontanis.info\/d\/322770-2\/DSC08676.jpg'><img src=http:\/\/ski.inmontanis.info\/d\/322769-3\/DSC08676.jpg \/><\/a><br \/>\n^ Tellerlift-Abfahrt, heute leer und ohne Funparkinstallation, die sind jetzt am anderen SL<\/p>\n<p><a href='http:\/\/ski.inmontanis.info\/d\/322774-2\/DSC08677.jpg'><img src=http:\/\/ski.inmontanis.info\/d\/322773-3\/DSC08677.jpg \/><\/a><br \/>\n^ F\u00f6rderband heute in Rot beleuchtet. War bei meinen 3 Besuchen immer anders.<\/p>\n<p><a href='http:\/\/ski.inmontanis.info\/d\/322778-2\/DSC08678.jpg'><img src=http:\/\/ski.inmontanis.info\/d\/322777-3\/DSC08678.jpg \/><\/a><br \/>\n^ Schon vor 13:30 Uhr wurde die Beleuchtung eingeschaltet<\/p>\n<p>Es gab ja zuletzt auch in den Alpen viel Schnee, nicht nur die Gletscher haben mittlerweile gut was offen, auch die ersten Nicht-Gletschergebiete konnten \u00f6ffnen. H\u00f6rt sich per se ja nach besserem Schnee an, aber auch nur, solang kein Kuntschnee reingeschneit wurde, und das ist ja doch recht h\u00e4ufig der Fall jetzt im Herbst. Bisher waren die Kundstscneeabfarten in FInnland ja besser als das, was ich zu der Jahreszeit in den Alpen kenn, allerdings ja auch weniger los. Und: -13\u00b0 heut am M\u00f6lltaler w\u00e4ren auch nicht angenehmer, da war&#8217;s hier heute w\u00e4rmer ;) <\/p>\n<p>Hab dann um 13:45 aufgeh\u00f6rt.<\/p>\n<p><a href='http:\/\/ski.inmontanis.info\/d\/322782-2\/ge_20231111-12b.jpg'><img src=http:\/\/ski.inmontanis.info\/d\/322781-3\/ge_20231111-12b.jpg \/><\/a><br \/>\n^ GPS-Tracks T\u00fcrkis gestern, Rosa heute und Gelb letztes WE<\/p>\n<p><a href='http:\/\/extra.inmontanis.info\/d\/101808-2\/DSC08687.jpg'><img src=http:\/\/extra.inmontanis.info\/d\/101807-3\/DSC08687.jpg \/><\/a><br \/>\n^ Einer der vielen Seen s\u00fcdlich von Posio (15:17 Uhr)<\/p>\n<p><a href='http:\/\/extra.inmontanis.info\/d\/101812-2\/DSC08689.jpg'><img src=http:\/\/extra.inmontanis.info\/d\/101811-3\/DSC08689.jpg \/><\/a><br \/>\n^ Einer der vielen Seen s\u00fcdlich von Posio (15:17 Uhr)<\/p>\n<p><a href='http:\/\/extra.inmontanis.info\/d\/101816-2\/DSC08691.jpg'><img src=http:\/\/extra.inmontanis.info\/d\/101815-3\/DSC08691.jpg \/><\/a><br \/>\n^ Einer der vielen Seen s\u00fcdlich von Posio (15:17 Uhr)<\/p>\n<p>Die g\u00fcnstigste Tankstelle in Posio von den 3en verlangte dann 2,074 \u20ac f\u00fcr Super 95, die teuerste 2,12. Also musste ich heute f\u00fcr teure 2,074 \u20ac tanken. Boah. Aber Diesel ist noch teurer. Freu mich, wenn ich wieder im g\u00fcnstigen Schweden bin ;)<\/p>\n<p><em>Fortsetzung vom 12.11. mit Campingplatz folgt im n\u00e4chsten Bericht, weil ich am n\u00e4chsten Tag paar Fotos gemacht hab.<\/em><\/p>\n<p>Ounasvaara hat mittlerweile die \u00d6ffnung f\u00fcr n\u00e4chstes WE best\u00e4tigt und laut \u00d6ffnungszeiten der Vorsaison waren sie auch in der ersten Woche schon t\u00e4glich offen (nur nachmittags\/abends). Luosto hat wohl auch schon im Pistenplan drin, was ab 25.11. offen sein soll, demnach nur 2\/3 vom Haupt-SL mit einer Abfahrt.<\/p>\n<p>Hier mal ein \u00dcberblick \u00fcber die finnischen Gebiete hier im Norden:<\/p>\n<p><a href='http:\/\/extra.inmontanis.info\/d\/101820-2\/ge_fin3.jpg'><img src=http:\/\/extra.inmontanis.info\/d\/101819-3\/ge_fin3.jpg \/><\/a><br \/>\n^ Bereich Finnlands, wo ich heuer unterwegs bin (die helle Stelle)<\/p>\n<p>Zur geographischen Einordnung:<br \/>\n1) Lofoten (Norwegen)<br \/>\n2) Nordkapp (Norwegen)<br \/>\n3) Murmansk (Russland)<br \/>\n4) Narvik-Riksgr\u00e4nsen (Norwegen\/Schweden)<br \/>\n5) \u00c5re (Schweden)<br \/>\nGr\u00fcne Sterne: Skigebiete der Scandinavian-Saisonkarte<br \/>\nRosa Linien: Bisher in den vorherigen Skandinavienreisen befahrene Stra\u00dfen, d.h. momentan bin ich in Bereichen, wo ich noch nie war.<\/p>\n<p><a href='http:\/\/extra.inmontanis.info\/d\/101824-2\/ge_fin5.jpg'><img src=http:\/\/extra.inmontanis.info\/d\/101823-3\/ge_fin5.jpg \/><\/a><\/p>\n<p>A) Ruka, 6.10.-7.5.<br \/>\n.. hat einen Skipassverbund (Tages, Mehrtages, Saisonkarten) mit Pyh\u00e4<br \/>\nB) Pyh\u00e4, 17.11.-1.5. (2 Seiten mit 1x 6KSB bzw. 1x 4KSB und paar SL dazu); hab ich mal im Herbst 2013 besucht und konnte damals noch die alte DSB fahren, die mittlerweile geschlossen sein d\u00fcrfte: <a href='http:\/\/blog.inmontanis.info\/?p=2506'>http:\/\/blog.inmontanis.info\/?p=2506<\/a><br \/>\nFolgende 4 Skigebiete haben einen Saisonkartenverbund (50% im Vorverkauf = 269,- \u20ac, w\u00fcrde sich daher selbst f\u00fcr ein paar Tage im Fr\u00fchjahr lohnen):<br \/>\nC) Ounasvaara, leider Nordh\u00e4nge, 18.11.-? (2 SL mit Skiwegen verbunden + 1 Plastiklattenrost-DSB)<br \/>\n<a href='https:\/\/www.panoraama.com\/ounasvaara\/rinnekartta\/index_frame.php?lev=1922&#038;lang=eng&#038;list=1'>https:\/\/www.panoraama.com\/ounasvaara\/rinnekartta\/index_frame.php?lev=1922&#038;lang=eng&#038;list=1<\/a><br \/>\nD) Luosto, wohl auch selten sonnige Nordosth\u00e4nge, 24. oder 25.11. -20.4., 2 Haupt-SL nebeneinander<br \/>\n<a href='https:\/\/panoraama.com\/luosto\/rinnekartta\/rinnekartta.phtml?lev=1355&#038;lang=fin&#038;list=1&#038;ser='>https:\/\/panoraama.com\/luosto\/rinnekartta\/rinnekartta.phtml?lev=1355&#038;lang=fin&#038;list=1&#038;ser=<\/a><br \/>\nE) Olos, leider Nordh\u00e4nge, 1.12.-21.4. , ca. 3 SL nebeneinander<br \/>\n<a href='https:\/\/www.laplandhotels.com\/EN\/ski-resorts\/ski-resort-olos'>https:\/\/www.laplandhotels.com\/EN\/ski-resorts\/ski-resort-olos<\/a><br \/>\nF) Pallas, S\u00fcd+Osth\u00e4nge, 17.2.-5.5. , \u00e4hnlich Kaimaktsalan in Griechenland, aber mit 2x SL statt DSB+SL, hatte ich 2011 besucht: <a href='http:\/\/blog.inmontanis.info\/?cat=283'>http:\/\/blog.inmontanis.info\/?cat=283<\/a><\/p>\n<p>Weitere wichtige\/gr\u00f6\u00dfere Skigebiete im Norden Finnlands:<br \/>\nG) Saariselk\u00e4, 24.11.-5.5., Skitour zur Mitternachtssonne Ende Mai 2017: <a href='http:\/\/blog.inmontanis.info\/?cat=284'>http:\/\/blog.inmontanis.info\/?cat=284<\/a><br \/>\nH) Levi, 6.10.-5.5.,  hatte ich 2011 besucht: <a href='http:\/\/blog.inmontanis.info\/?cat=282'>http:\/\/blog.inmontanis.info\/?cat=282<\/a><br \/>\nI) Yll\u00e4s, 18.11.-1.5., hatte ich 2019 besucht: <a href='http:\/\/blog.inmontanis.info\/?cat=285'>http:\/\/blog.inmontanis.info\/?cat=285<\/a><br \/>\nLevi &#038; Yll\u00e4s sind die beiden gr\u00f6\u00dften Gebiete in Finnland<br \/>\nJ) Salla, 25.11.-28.4. <a href='https:\/\/ski.salla.fi\/en\/ski-slope-map\/'>https:\/\/ski.salla.fi\/en\/ski-slope-map\/<\/a><br \/>\nK) Iso-Sy\u00f6te seit 3.11. (WE-Betrieb), dieser Bericht<\/p>\n<p>Es gibt noch einen Lapland-Super-Skipass-Verbund und zwar Yll\u00e4s, Levi, Olos und Pallas, allerdings gibts nur einen 3von4- bzw. 6von7-Tage-Skipass und die Preise auf der Website sind noch von letzter Saison. Wenn es von dem eine Saisonkarte gegeben h\u00e4tte, h\u00e4tte ich sie mir vermutlich gekauft. Je nach Preis.<\/p>\n<p>Was alle finnischen Skigebiete wohl vereint, dass viele Abfahrten (und somit auch einige Lifte) erst ab ca. Februar \u00f6ffnen, weil z.B. nicht beschneit oder nicht beleuchtet.<\/p>\n<p>Einige weitere schon besuchte Gebiete hier im Norden:<br \/>\nL) Kirovsk BigWood &#038; Kukisvumchorr (Russland): <a href='http:\/\/blog.inmontanis.info\/?p=3714'>http:\/\/blog.inmontanis.info\/?p=3714<\/a><br \/>\n4) Riksgr\u00e4nsen &#038; Bj\u00f6rkliden &#038; Abisko (Schweden) und Narvik (Norwegen)<br \/>\n<a href='http:\/\/blog.inmontanis.info\/?cat=636'>http:\/\/blog.inmontanis.info\/?cat=636<\/a><br \/>\n<a href='http:\/\/blog.inmontanis.info\/?cat=689'>http:\/\/blog.inmontanis.info\/?cat=689<\/a><br \/>\n<a href='http:\/\/blog.inmontanis.info\/?cat=695'>http:\/\/blog.inmontanis.info\/?cat=695<\/a><br \/>\n<a href='http:\/\/blog.inmontanis.info\/?cat=582'>http:\/\/blog.inmontanis.info\/?cat=582<\/a><br \/>\nM) Kiruna <a href='http:\/\/blog.inmontanis.info\/?cat=656'>http:\/\/blog.inmontanis.info\/?cat=656<\/a><br \/>\nN) Dundret (G\u00e4llivare) <a href='http:\/\/blog.inmontanis.info\/?cat=682'>http:\/\/blog.inmontanis.info\/?cat=682<\/a><br \/>\nO) Svanstein Pullinki <a href='http:\/\/blog.inmontanis.info\/?cat=629'>http:\/\/blog.inmontanis.info\/?cat=629<\/a><br \/>\nP) K\u00e5bdalis (Seit Ende Okt. offen) <a href='http:\/\/blog.inmontanis.info\/?cat=659'>http:\/\/blog.inmontanis.info\/?cat=659<\/a><br \/>\nQ) Galtis <a href='http:\/\/blog.inmontanis.info\/?cat=675'>http:\/\/blog.inmontanis.info\/?cat=675<\/a><br \/>\nR) Hemvan &#038; T\u00e4rnaby <a href='http:\/\/blog.inmontanis.info\/?cat=625'>http:\/\/blog.inmontanis.info\/?cat=625<\/a><\/p>\n<p>(+ noch ein paar andere, z.B. Alta, Sollifjellet, Nalovardo, Arvidsjaur, &#8230;)<\/p>\n<p>&#8212;<br \/>\nLesenwerte Links zum aktuellen Zeitgeschehen:<\/p>\n<p>&#8220;Statistics Norway ver\u00f6ffentlicht kritische Studie zur Klima-Hysterie &#8211; Staatliche Zweifel an CO2-Narrativ?&#8221;<br \/>\n<a href='https:\/\/reitschuster.de\/post\/statistics-norway-veroeffentlicht-kritische-studie-zur-klima-hysterie\/'>https:\/\/reitschuster.de\/post\/statistics-norway-veroeffentlicht-kritische-studie-zur-klima-hysterie\/<\/a><\/p>\n<p>&#8220;Der hergeholte Vorwurf \u201eDesinformation\u201c gen\u00fcgt inzwischen, um Zensur zu rechtfertigen. Mit automatischer, vieltausendfacher Nachahmung und Anwendung, in den Beh\u00f6rden, in der Wirtschaft, im Kulturbereich, in den Laufstallmedien \u2013 eine \u201eVerhaltensweise ganz nah an den Nazis\u201c. &#8221;<br \/>\n&#8220;Das Schlagwort \u201eHassbek\u00e4mpfung\u201c diente demnach nur der Tarnung anderer Ziele: der Perfektionierung des \u00dcberwachungsstaats, der Durchsetzung von Zensur, der Unterwerfung unter die Deutungshoheit der Regierung und der Unangreifbarkeit der \u201eherrschenden Meinung\u201c. &#8221;<br \/>\n<a href='https:\/\/www.nachdenkseiten.de\/?p=106628'>https:\/\/www.nachdenkseiten.de\/?p=106628<\/a><\/p>\n<p>&#8220;Israel t\u00f6tet in einem Monat mehr Zivilisten, als in anderthalb Jahren Ukraine-Konflikt gestorben sind&#8221;<br \/>\n<a href='https:\/\/www.anti-spiegel.ru\/2023\/israel-toetet-in-einem-monat-mehr-zivilisten-als-in-anderthalb-jahren-ukraine-konflikt-gestorben-sind\/'>https:\/\/www.anti-spiegel.ru\/2023\/israel-toetet-in-einem-monat-mehr-zivilisten-als-in-anderthalb-jahren-ukraine-konflikt-gestorben-sind\/<\/a><br \/>\n.. ebenso:<br \/>\n&#8220;Seit dem Einmarsch der russischen Armee am 24. Februar 2022, also im Verlauf der letzten 20 Monate, wurden laut den Vereinten Nationen 9.900 Zivilisten, darunter 560 Kinder get\u00f6tet.&#8221; &#8211; &#8220;Innerhalb eines Zwanzigstels dieser Zeit wurden laut UN-Angaben \u00fcber 10.000 Menschen durch israelische Bombenteppiche im Gazastreifen get\u00f6tet, darunter bis zum 9. November allein 4.412 Kinder.&#8221; &#8211; &#8220;wieso die Bundesregierung angesichts dieser Zahlen nicht auch von einem \u201eisraelischen Vernichtungskrieg\u201c spricht&#8221;<br \/>\n<a href='https:\/\/www.nachdenkseiten.de\/?p=106529'>https:\/\/www.nachdenkseiten.de\/?p=106529<\/a><\/p>\n<p>&#8220;\u00fcber die hohe Sterblichkeit von Jugendlichen nach Covid-19-Impfung&#8221;<br \/>\n<a href='https:\/\/www.nachdenkseiten.de\/?p=106357'>https:\/\/www.nachdenkseiten.de\/?p=106357<\/a><\/p>\n<p>Stichwort Finnland\/Russland\/Tourismus:<br \/>\n&#8220;Die Kaufkraft des riesigen Stroms russischer Touristen ist der finnischen Wirtschaft verloren gegangen, seit die finnische Regierung ihren anti-russischen Kurs eingeschlagen und Russen inzwischen die Einreise praktisch komplett verboten hat.&#8221;<br \/>\n&#8220;Es ist noch gar nicht so lange her, da lebten die russischen und die finnischen Grenzst\u00e4dte ausschlie\u00dflich vom gegenseitigen Touristenverkehr. Aber jetzt sind Gesch\u00e4fte, Tankstellen und Immobilien \u2013 die gesamte Infrastruktur, die f\u00fcr die Touristen geschaffen wurde \u2013 ver\u00f6det.&#8221;<br \/>\n<a href='https:\/\/www.anti-spiegel.ru\/2023\/wie-finnland-unter-der-russland-sanktionen-leidet\/'>https:\/\/www.anti-spiegel.ru\/2023\/wie-finnland-unter-der-russland-sanktionen-leidet\/<\/a><\/p>\n<p>Auch lesenswert:<br \/>\n<a href='https:\/\/www.nachdenkseiten.de\/?p=106362'>https:\/\/www.nachdenkseiten.de\/?p=106362<\/a><\/p>\n","protected":false},"excerpt":{"rendered":"<p>Mo, 6.11.2023<\/p>\n<p>Auto meldete +2\u00b0 fr\u00fch drau\u00dfen und der Schnee f\u00fchlte sich pappig-nass an. Vormittags am Skigebiet stehend, gab es sogar wenige Regentropfen.<\/p>\n<p>Nebel hin, Pappschnee her, nat\u00fcrlich wollte ich die weniger kalte Temperatur heute ausn\u00fctzen, also dann mal ab Mittag das 26\u20ac-Anf\u00e4ngertagesticket gekauft, mit dem man auch an beiden Seiten der Gondel fahren kann. <a href=\"http:\/\/blog.inmontanis.info\/?p=9518\">[&#8230;]<\/a><\/p>\n","protected":false},"author":1,"featured_media":9521,"comment_status":"closed","ping_status":"closed","sticky":false,"template":"","format":"standard","meta":{"footnotes":""},"categories":[912,20,914,27,915],"tags":[53,45,47],"class_list":["post-9518","post","type-post","status-publish","format-standard","has-post-thumbnail","hentry","category-2023-09-2024-xx-skandinavien","category-finnlandfinland","category-ruka","category-skifahren-winterskiing-winter","category-syote","tag-8eub","tag-see","tag-sl","odd"],"_links":{"self":[{"href":"http:\/\/blog.inmontanis.info\/index.php?rest_route=\/wp\/v2\/posts\/9518","targetHints":{"allow":["GET"]}}],"collection":[{"href":"http:\/\/blog.inmontanis.info\/index.php?rest_route=\/wp\/v2\/posts"}],"about":[{"href":"http:\/\/blog.inmontanis.info\/index.php?rest_route=\/wp\/v2\/types\/post"}],"author":[{"embeddable":true,"href":"http:\/\/blog.inmontanis.info\/index.php?rest_route=\/wp\/v2\/users\/1"}],"replies":[{"embeddable":true,"href":"http:\/\/blog.inmontanis.info\/index.php?rest_route=%2Fwp%2Fv2%2Fcomments&post=9518"}],"version-history":[{"count":5,"href":"http:\/\/blog.inmontanis.info\/index.php?rest_route=\/wp\/v2\/posts\/9518\/revisions"}],"predecessor-version":[{"id":9581,"href":"http:\/\/blog.inmontanis.info\/index.php?rest_route=\/wp\/v2\/posts\/9518\/revisions\/9581"}],"wp:featuredmedia":[{"embeddable":true,"href":"http:\/\/blog.inmontanis.info\/index.php?rest_route=\/wp\/v2\/media\/9521"}],"wp:attachment":[{"href":"http:\/\/blog.inmontanis.info\/index.php?rest_route=%2Fwp%2Fv2%2Fmedia&parent=9518"}],"wp:term":[{"taxonomy":"category","embeddable":true,"href":"http:\/\/blog.inmontanis.info\/index.php?rest_route=%2Fwp%2Fv2%2Fcategories&post=9518"},{"taxonomy":"post_tag","embeddable":true,"href":"http:\/\/blog.inmontanis.info\/index.php?rest_route=%2Fwp%2Fv2%2Ftags&post=9518"}],"curies":[{"name":"wp","href":"https:\/\/api.w.org\/{rel}","templated":true}]}}