{"id":9514,"date":"2023-11-05T16:43:59","date_gmt":"2023-11-05T15:43:59","guid":{"rendered":"http:\/\/blog.inmontanis.info\/?p=9514"},"modified":"2023-11-05T16:43:59","modified_gmt":"2023-11-05T15:43:59","slug":"iso-syote-4-5-11-2023","status":"publish","type":"post","link":"http:\/\/blog.inmontanis.info\/?p=9514","title":{"rendered":"Iso-Sy\u00f6te, 4.-5.11.2023"},"content":{"rendered":"<p><strong>Sa, 4.11.2023<\/strong> &#8211; Fortsetzung<\/p>\n<p>Auf dem Weg zur Gondel (r\u00fcckseitig) sind mir ein paar unsch\u00f6ne Windb\u00f6en aufgefallen. Wenn die GUB wegen Wind nicht fahren sollte, blieben bei dem 26\u20ac-Skipass momentan ja nur 2 F\u00f6rderb\u00e4nder \u00fcbrig, was ja recht witzlos w\u00e4re.<\/p>\n<p>Tja, ein Blick auf die Website am Parkplatz um 9:30 offenbarte genau das: GUB wg starker Winde derzeit gesperrt. Was jetzt? Auf weniger Wind warten? Den 3h-Pass kaufen? Bei -6\u00b0 und starkem WInd macht Skifahren ja eh keinen sonderlichen Spa\u00df?  (Irgendwann im Laufe des Tages wurde auch die Vuosseli-6KSB wg. Wind eingestellt.)<\/p>\n<p>F\u00fcr eine Fahrt zum Campinplatz w\u00e4re es noch zu fr\u00fch. Oder doch die 120km nach Iso-Sy\u00f6te? Ist der Tellerlift dort mit seinen ca. 300-400m vielleicht nicht mal in ganzer L\u00e4nge offen?  Laut gestrigem Abendbild wohl schon, aber unten recht flach aussehend.<\/p>\n<p>2h Fahrt und 17 \u20ac Skipass gingen ja in Ordnung, Batterie w\u00fcrde auch relativ voll wieder werden hin und retour, aber ob sich das sonst  lohnt? Eher schon, wenn man w\u00fcsste, dass der g\u00fcnstige Campingplatz hier doch nicht offen h\u00e4tte, weil dessen Alternative ja 63 \u20ac f\u00fcr eine Nacht in Ruka bedeutet (um die Batterie nachzuladen) &#8211; dann kann ich auch die 120km nach Iso-Sy\u00f6te und wieder retour fahren und mir dort mit 17 \u20ac den 3h\/Nachmittagspass kaufen.<\/p>\n<p>Die Wettervorhersage meldet heute eher mehr Sturm im Tagesverlauf, also fuhr ich los.<\/p>\n<p><a href='http:\/\/extra.inmontanis.info\/d\/101732-2\/DSC08538.jpg'><img src=http:\/\/extra.inmontanis.info\/d\/101731-3\/DSC08538.jpg \/><\/a><br \/>\n^ Kuusamo-Oulu, musste ich ein St\u00fcck fahren, bevor es nach Sy\u00f6te rechts abzweigt.<\/p>\n<p><a href='http:\/\/ski.inmontanis.info\/d\/322570-2\/DSC08547.jpg'><img src=http:\/\/ski.inmontanis.info\/d\/322568-3\/DSC08547.jpg \/><\/a><br \/>\n^ Skigebiet Iso-Sy\u00f6te, ein St\u00fcck gr\u00f6\u00dfer und interessanter, als erwartet<\/p>\n<p>Um 12:30 kam ich an und k\u00f6nnte mir nun eine 3h-Karte oder Nachmittagskarte von 13-17h kaufen, was momentan gleich 17,- \u20ac  kostet. Negativ \u00fcberrascht war ich allerdings, wie voll es war und dass am SL eine lange Schlange war.<\/p>\n<p>&#128681; Gespeicherte Geolocation &#8211; Karte anzeigen: <a href='https:\/\/www.google.com\/maps\/@?api=1&#038;map_action=map&#038;center=65.6268267,27.62835&#038;zoom=12&#038;basemap=terrain' target=_blank> GoogleMaps<\/a> &#128681; <a href='https:\/\/www.openstreetmap.org\/?&#038;mlat=65.6268267&#038;mlon=27.62835#map=10\/65.6268267\/27.62835&#038;layers=P' target=_blank> OSM &#128681;<\/a><\/p>\n<p><a href='http:\/\/ski.inmontanis.info\/d\/322574-2\/DSC08549.jpg'><img src=http:\/\/ski.inmontanis.info\/d\/322573-3\/DSC08549.jpg \/><\/a><br \/>\n^ Der heute ge\u00f6ffnete \u00dcbungslift\/-hang<\/p>\n<p>Ansonsten sah das Skigebiet aber \u00fcberraschenderweise gr\u00f6\u00dfer aus als erwartet. Und auch hier gab es einige heftige Sturmb\u00f6en. Ich nahm also den 13h-Pass, auch wenn ich wohl eher nicht mal 3h fahren w\u00fcrde, aber falls es noch voller werden sollte, wer wei\u00df, dann Pause und sp\u00e4ter nochmals? Anziehen, Klobesuch und dann wars ja eh nach 13h.<\/p>\n<p>Der Wind blie\u00df den Berg hinauf und wurde nachmittags st\u00e4rker, so dass man an der flachen Abfahrt vom F\u00f6rderband nur noch Schuss fahren konnte.<\/p>\n<p><a href='http:\/\/ski.inmontanis.info\/d\/322578-2\/DSC08551.jpg'><img src=http:\/\/ski.inmontanis.info\/d\/322577-3\/DSC08551.jpg \/><\/a><br \/>\n^ Tellerlift (oder lt. Google Translate: &#8220;Suppe&#8221;)<\/p>\n<p><a href='http:\/\/ski.inmontanis.info\/d\/322582-2\/DSC08552.jpg'><img src=http:\/\/ski.inmontanis.info\/d\/322581-3\/DSC08552.jpg \/><\/a><br \/>\n^ Abfahrt<\/p>\n<p><a href='http:\/\/ski.inmontanis.info\/d\/322586-2\/DSC08557.jpg'><img src=http:\/\/ski.inmontanis.info\/d\/322585-3\/DSC08557.jpg \/><\/a><br \/>\n^ Gegn\u00fcber ein Teil des Skigebiets Pikku-Sy\u00f6te. Hat links vom Berghang auch nochmals einen Lift. Wie gut die Verbindung dazwischen ist, ist fraglich<\/p>\n<p><a href='http:\/\/ski.inmontanis.info\/d\/322590-2\/DSC08558.jpg'><img src=http:\/\/ski.inmontanis.info\/d\/322589-3\/DSC08558.jpg \/><\/a><br \/>\n^ F\u00f6rderband. Immerhin kein Wind hier ;)<\/p>\n<p><a href='http:\/\/ski.inmontanis.info\/d\/322594-2\/DSC08559.jpg'><img src=http:\/\/ski.inmontanis.info\/d\/322593-3\/DSC08559.jpg \/><\/a><br \/>\n^ Pistenplan; der mittlere Strich wird nicht mehr mit einer Liftnummer gef\u00fchrt. Evtl. also stilgelegt (oder vermutlich hier unwahrscheinlich: eigener Skipass)<\/p>\n<p><a href='http:\/\/ski.inmontanis.info\/d\/322598-2\/DSC08560.jpg'><img src=http:\/\/ski.inmontanis.info\/d\/322597-3\/DSC08560.jpg \/><\/a><br \/>\n^ Die gr\u00f6\u00dften Wartezeiten waren nach 14 Uhr<\/p>\n<p><a href='http:\/\/ski.inmontanis.info\/d\/322602-2\/DSC08561.jpg'><img src=http:\/\/ski.inmontanis.info\/d\/322601-3\/DSC08561.jpg \/><\/a><br \/>\n^ Der linke Doppel-SL, hier werden wohl gerade die beschneiten Haufen verteilt. Vielleicht sperrt der Lift schon n\u00e4chstes WE auf?<\/p>\n<p><a href='http:\/\/ski.inmontanis.info\/d\/322606-2\/DSC08562.jpg'><img src=http:\/\/ski.inmontanis.info\/d\/322605-3\/DSC08562.jpg \/><\/a><br \/>\n^ Talstation linke SL und Restaurant<\/p>\n<p><a href='http:\/\/ski.inmontanis.info\/d\/322610-2\/ge20231104a.jpg'><img src=http:\/\/ski.inmontanis.info\/d\/322609-3\/ge20231104a.jpg \/><\/a><br \/>\n^ Heutiger GPS-Track in T\u00fcrkis und die sonstigen Lifte in Magenta<\/p>\n<p>Zur\u00fcckfahren und Einkaufen wollt ich dann morgen, da ja den ganzen Tag Zeit. Ein bisschen Schneien \u00fcber Nacht und morgen tags\u00fcber soll es hier wie dort, wobei immer weniger vorhergesagt wurde. <\/p>\n<p>Sollte der lange SL mit wenigstens einer ganzen Abfahrt \u00f6ffnen, komm ich vielleicht n\u00e4chstes WE nochmals her, falls ich mir in Ruka nicht doch eine Mehrtageskarte kauf und zumindest den Samtag wg. des Events dort gro\u00dfr\u00e4umig meiden wollen sollte. <\/p>\n<p>Die gr\u00f6\u00dfte \u00dcberraschung wartete aber im Auto: An der Leinwand fehlte mittlerweile nicht nur 1 Rei\u00dfzwecke (schon l\u00e4nger), sondern ca. 4 St\u00fcck und die Doppelklebeband-Ecke hat sich gel\u00f6st. Unglaublich, dass diese alte Rollup-Plane jetzt nach ca. 1 Monat immer noch so eine Roll-Spannung hat :( Da die Rei\u00dfn\u00e4gel hoffentlich und &#8220;zum Gl\u00fcck&#8221; wohl nicht im Bett gelandet sind, musste ich andere als Ersatz derweil reinmachen &#8211; ohne sonderlich noch auf eine m\u00f6glichst geradfl\u00e4chige Verarbeitung zu achten. <\/p>\n<p><a href='http:\/\/extra.inmontanis.info\/d\/101736-2\/DSC08567.jpg'><img src=http:\/\/extra.inmontanis.info\/d\/101735-3\/DSC08567.jpg \/><\/a><br \/>\n^ Na nerv, die Leinwand l\u00f6st sich vom Rahmen!<\/p>\n<p>Schade, denn mit der Aufh\u00e4ngung am Schrank war ich zuletzt sehr zufrieden. Vielleicht muss ich doch mal in einem Baumarkt nach einer schmalen Plastikplatte schauen, die man sich auf Wunsch zurechtschneiden lassen kann. Durch die Aufh\u00e4ngung am Schrank mit Winkel statt H\u00e4ngern am Dachhimmel w\u00e4re jetzt auch das Gewicht nicht mehr tragisch!<\/p>\n<p><a href='http:\/\/extra.inmontanis.info\/d\/101740-2\/DSC08571.jpg'><img src=http:\/\/extra.inmontanis.info\/d\/101739-3\/DSC08571.jpg \/><\/a><br \/>\n^ Winkel mit Auflage (Erh\u00f6hung) als Halter f\u00fcr die Leinwand am Schrank<\/p>\n<p><a href='http:\/\/extra.inmontanis.info\/d\/101744-2\/DSC08572.jpg'><img src=http:\/\/extra.inmontanis.info\/d\/101743-3\/DSC08572.jpg \/><\/a><br \/>\n^ Leinwand am Schrank h\u00e4ngend; sie h\u00e4ngt deshalb nicht schief und h\u00e4lt mit dem einen Winkel abseits der Mitte, weil rechts die Ecke an der Decke (Dachhimmel) oben anliegt<\/p>\n<p>Es blieb abends am Parkplatz noch recht st\u00fcrmisch und ich kochte mir den Rest von den Nudeln, Rest (etwas viel) von dem Hafer-Sahneersatz, Rest vom Champignonglas samt Saft, etwas Tomatenmark, geriebener Emmentaler, Rest Hackfleischb\u00e4llchen und weil mir der Geschmack dieser Sahne-Tomaten-Sauce nicht wirklich zusagte (diese vegane Sahne brauch ich kein zweites Mal, dann lieber keine, wenns keine normale zum Wiederverschlie\u00dfen gibt), noch etwas Rosmarin und Pizzabakeren-Pulver rein, somit wars besser. H\u00e4tte ich auch fotografiert gehabt, aber Cam hat das Bild nicht gespeichert.<\/p>\n<p>K\u00e5bdalis meldet nun 5 offene Abfahrten (wobei der \u00dcbungslift ja  nicht mit der 3SB verbunden ist, solang nicht auch der lange SL l\u00e4uft). Ge\u00f6ffnet sollen dieses WE nun auch einige Skigebiete im S\u00fcden Norwegens haben &#8211; das ging sich vor 2 Jahren ja leider nicht aus. (Oder max. die einzig offene Abfahrt nur f\u00fcr Renntrainings reserviert war.)<\/p>\n<p>Sp\u00e4tabendliche L\u00e4rmquellen: Windb\u00f6en, k\u00f6rniger Schneefall (Graupel?) und ein Stromaggregat, dass ein Wohnmobilist, zuvor noch nicht hier in der N\u00e4he stehend, eingeschaltete haben d\u00fcfrfte. Irgendwann nach 22 Uhr dann aus.<\/p>\n<p><strong>So, 5.11.2023<\/strong><\/p>\n<p>Die Stra\u00dfenverh\u00e4ltnisse zumindet bis zum n\u00e4chsten gr\u00f6\u00dferen Ort waren etwas schwierig, teilweise schien es bei -2\u00b0 zu regnen, es gab kleinere Schneeverwehungen und war auch etwas st\u00fcrmisch, womit man teils nicht wusste, ob man nun wegen des Sturms oder wegen rutschiger Stellen nicht ganz exakt wie gewollt fuhr.<\/p>\n<p><a href='http:\/\/extra.inmontanis.info\/d\/101748-2\/DSC08574.jpg'><img src=http:\/\/extra.inmontanis.info\/d\/101747-3\/DSC08574.jpg \/><\/a><br \/>\n^ Super95 2,60 \u20ac, Super98 2,80 \u20ac und Diesel 2,65\u20ac, da wird wohl auch nur das Minimum getankt, wenn man es nicht mehr bis zum n\u00e4chsten Ort schafft. Dort 2,00 \u20ac. Hab erst nachmittags in Kuusamo f\u00fcr 1,978 getankt.<\/p>\n<p>Leider scheinen die Rast-Parkpl\u00e4tze hier in FInnland generell nicht mal M\u00fclleimer zu haben udn die M\u00fcllinsel am Parkplatz in Iso-Sy\u00f6te schien nur Metall, Papier, Glas zu haben, kein Plastik, kein Restm\u00fcll. Ich fuhr heute mit 40-50 auf der Nebenstra\u00dfe und 60 auf der gr\u00f6\u00dferen Stra\u00dfe, weil ich noch einiges an Zeit ben\u00f6tigte, um die Batterie aufzuladen.<\/p>\n<p><a href='http:\/\/extra.inmontanis.info\/d\/101752-2\/DSC08575.jpg'><img src=http:\/\/extra.inmontanis.info\/d\/101751-3\/DSC08575.jpg \/><\/a><br \/>\n^ Etwas Neuschnee auf den Stra\u00dfen, mit Wind auch manchmal einige Schneeverwehungen, aber zum Gl\u00fcck keine gro\u00dfen<\/p>\n<p><a href='http:\/\/extra.inmontanis.info\/d\/101756-2\/DSC08578.jpg'><img src=http:\/\/extra.inmontanis.info\/d\/101755-3\/DSC08578.jpg \/><\/a><br \/>\n^ So Inkognito m\u00f6cht ich vorne wie hinten auch sein, wenn ich in Norwegen durch Videomautstellen fahr ;)<\/p>\n<p>Einkaufsm\u00e4\u00dfig besuchen wollte ich heute den schon genannten, gro\u00dfen Prisma-Hypermarkt, aber auch einen &#8220;Tokmanni&#8221;, das vielleicht die finnische Version von Dollarstore\/Action sein soll. Allerdings kam er mir etwas gr\u00f6\u00dfer vor, hatte auch mehr Lebensmittel, aber sonst auch alles von Haushalt\/K\u00fcche\/Baumarkt\/Drogerie bis zu Kleidung und Sportartikeln. Von meiner Einkaufsliste hinsichtlich Spezialf\u00e4lle hab ich aber nix  gesehen, komische Ski allerdings, daher leider nicht viel eingekauft, nur 3 Nachsachen. <\/p>\n<p><a href='http:\/\/extra.inmontanis.info\/d\/101764-2\/IMG_20231105_123453_1.jpg'><img src=http:\/\/extra.inmontanis.info\/d\/101763-3\/IMG_20231105_123453_1.jpg \/><\/a><br \/>\n^ Diese &#8220;Liukulumikeng\u00e4t&#8221; bezeichneten Dinger werden in Finnland wohl als Mischung zwischen Schneeschuhe, Tourenski und Langlaufski verkauft und dienen wohl eher zum Vorankommen in der Ebene, nicht zum Aufsteigen und Abfahren. Sie sind mittig und vorne recht breit, aber hinten schmal und laut Bildern im Netz haben sie nur im mittigen Bereich unten Felle o.\u00e4., wobei ich nicht wei\u00df, ob die fix oder entfernbar w\u00e4ren.<\/p>\n<p><a href='http:\/\/extra.inmontanis.info\/d\/101760-2\/DSC08579.jpg'><img src=http:\/\/extra.inmontanis.info\/d\/101759-3\/DSC08579.jpg \/><\/a><br \/>\n^ Die Shell-Tankstelle mit Rolls-Fastfoodrestaurant gegen\u00fcber hatte oben gro\u00df stehen &#8220;Avoinna -20&#8221;. <\/p>\n<p>Das finnische Word kenn ich nat\u00fcrlich mittlerweile, da man es auf Skigebietsseiten h\u00e4ufig braucht: &#8220;ge\u00f6ffnet&#8221;. -20 liest man in unseren Breiten eher in Kombination mit Winterdiesel, passt f\u00fcr hier oben nat\u00fcrlich nicht. In schwedischen Skigebieten liest man -20 gerne in Kombination, dass nur bis -20\u00b0 ge\u00f6ffnet ist.  Hat die Tankstelle nur bis -20\u00b0 ge\u00f6ffnet? Erst noch ein bischen  sp\u00e4ter bin ich drauf gekommen, dass ja da gar kein \u00b0 dahinter ist, also hei\u00dft es wohl, bis 20:00 <em>Uhr<\/em> ge\u00f6ffnet, was so f\u00fcr uns eine sehr ungewohnte Art der Uhrzeitangabe ist. Wenn stehen w\u00fcrde z.B. &#8220;8-20&#8221; w\u00e4re es nicht nur eindeutiger, sondern auch informativer.<\/p>\n<p>Der Arschlochpfandautomat im Prisma schluckt zwar die Lidl-Pfandflaschen, gibt aber kein Pfand daf\u00fcr raus. Das bedeutet also das finnsiche Schild daneben, wo ich lediglich &#8220;Lidl&#8221; verstanden hab! Aber anstatt die Flasche einfach nicht zu akzeptieren und rauszuschmei\u00dfen, wie es ein Automat in allen mir anderen bekannten L\u00e4ndern machen w\u00fcrde, sagt dieser Automat halt einfach, dass es keine Pfandflasche sei, entsorgt sie aber trotzdem :(<\/p>\n<p>D.h. es macht gar keinen Sinn, Lidl-Getr\u00e4nke in Finnland zu kaufen, wenn man nicht sicher ist, dass man zum Abgeben wieder an einem Lidl vorbeikommt. Und sonderlich dicht sind die hier in FI ja wirklich nicht gestreut. In einem anderen Markt werd ich jedenfalls nicht nochmals probieren, Lidi-Flaschen im Pfandautomat reinzustecken..<\/p>\n<p>Das Angebot an gek\u00fchlten Fertiggerichten machte mich sehr unentschlossen, da ich 1. ja gar nicht verstand, aus was das Flesich (oder Fisch?) jeweils gemacht ist, 2. es eine riesige Auswahl gab und 3. weil die g\u00fcnstigen Portionen (ca. 2-3\u20ac) mit 300g   zu klein und die anderen mir zu teuer waren. Hin und wieder stand was auf schwedisch drauf, mit dem ich was anfangen konnte. Schlussendlich mal das g\u00fcnstigste gekauft, 300g K\u00f6ttbular mit Kartoffelbrei und So\u00dfe um 1,95 \u20ac. Dazu (bzw. jetzt gleich davor) halt was herzhaftes aus der Brotabteilung (Salamibl\u00e4tterteigstange und Fleischreispastetenbl\u00e4tterteigtasche).<\/p>\n<p>(Im Lidl im K\u00fchlregal gabs letztens viele verscheidene, verpackte Sch\u00fcsseln, die vielleicht Fertigggerichte sein k\u00f6nnten, aber auf de Kartonverpackung drumrum lediglich immer ca. 3 Zutaten als Bild sichtbar waren (und kein fertiges Gericht, wie heute im Prisma), also z.B. Kartoffelecken (so es keine \u00c4pfel waren) und r\u00f6tliche W\u00fcrfel, die vielleicht Schinkenw\u00fcrfel symbolisieren sollten usw &#8211; ob das aber nun ein kommplettes Fertiggericht mit diesen Zutaten ist oder ob man diese Zutaten noch hinzuf\u00fcgen m\u00fcsste und das nur eine Basis w\u00e4re oder vielleicht eine Suppe, war nicht erkennbar, daher damals nichts gekauft.)<\/p>\n<p>Der breite,  langezogene, eckigere Krapfen in Fast-Flunderform um 0,89 war sogar mit Marmelade gef\u00fcllt. Das 1,5l Cola Light hatte mit den 0,40 Pfand sogar nur 0,95 gekostet, also ohne Pfand nur 0,55 \u20ac.<\/p>\n<p>Also, es ist nicht alles und \u00fcberall teuer in Finnland. Die 0,37\u20ac-Semmeln sind aber arg winzig.<\/p>\n<p>Umst\u00e4ndlich ist, dass man die Geb\u00e4cksachen teilweise (hier ja, Lidl letztens nicht) an einer Waage selbst auszeichnen muss, auch wenn es per St\u00fcck berechnet ist. Und die Kassiererin zu bl\u00f6d ist, bei 2 Aufklebern, weil 2 verschiedene Sachen in einer Packung, die jeweils korrekt einzuscannen. Hat mir dann den teuren Pizzasnack um 1,40 zweimal gescannt statt nur 1x und daf\u00fcr die g\u00fcnstigere Fleischbl\u00e4tterteigtasche, die glaub nur 0,89 oder so gekostet h\u00e4tte.  Also schlussendlich hat mich der Supermarkt hier heute um 0,40 Pfand und ca. 0,50 bei den Backwaren betrogen. Da werd ich n\u00e4chstes Mal den von au\u00dfen ebenfalls recht gro\u00dfen K-Citymarket gegen\u00fcber besuchen und schaun was der hat und was es da kostet.   <\/p>\n<p>Immerhin gab es auch gratis WLAN und Amazon lie\u00df mich ein paar Videos downloaden.<\/p>\n<p><a href='http:\/\/extra.inmontanis.info\/d\/101768-2\/IMG_20231105_130519_3.jpg'><img src=http:\/\/extra.inmontanis.info\/d\/101767-3\/IMG_20231105_130519_3.jpg \/><\/a><br \/>\n^ Die auf manchen WCs in Finnland auffindbare &#8220;Popo-Dusche&#8221; (links die kleine Brause) eignet sich nat\u00fcrich auch f\u00fcr andere Reinigungszwecke, wie z.B. gestern Haare waschen oder heute F\u00fc\u00dfe waschen ;)<\/p>\n<p>Um 15 Uhr kam ich an meinem Nachtplatz an und zuf\u00e4llig genau wenige hundert Meter davor zeigte meine Batterie wieder 100% an und p\u00fcnktlichst zu dem Zeitpunkt h\u00f6rte auch das Ladeger\u00e4t auf. D.h. der interne Batteriecomputer hat diesmal auch genau gepasst. Obwohl ich ja jetzt etliche Tage zwischen Laden und Stromentnahme gewechselt hatte. Da war vorletztes Jahr ja irgendwan bei ca. 50% schon die Batterie leer und auch sonst hatte ich bei l\u00e4ngerem Nicht-Vollladen schon gemerkt, dass nach 100% noch viel weitergeladen werden musste, bis sie voll war. Sprich, wie gestern mit der DIfferenz zum neuen Batteriemonitor, auch heute nicht das, was ich erwartet h\u00e4tte.<\/p>\n<p>DIe n\u00e4chsten beiden Tage soll es nur knapp unter 0\u00b0 werden, aber es wird auch Nebel gemeldet. Danach soll es wieder bedeckt und k\u00e4lter (bis zu -9\u00b0) werden. Ich dachte eigentlich, dass das Wetter in FInnland hier oben generell weniger wolkig sein m\u00fcsste &#8230; aber vielleicht ist das erst im Winter bei wesentlich k\u00e4lteren Temperaturen so?  Also: Ist es dann deshalb -20 oder -30\u00b0 kalt, weil es keine Wolken hat, oder sind keine Wolken da, weil es so kalt ist? <\/p>\n<p>Ich kann mich da schwer entscheiden, was mir lieber w\u00e4re, sonnig bei -20\u00b0 oder wolkig bei -8\u00b0.  Jedenfalls lieber wolkig und -10\u00b0 als sonnig und -30\u00b0&#8230;.<\/p>\n","protected":false},"excerpt":{"rendered":"<p>Sa, 4.11.2023 &#8211; Fortsetzung<\/p>\n<p>Auf dem Weg zur Gondel (r\u00fcckseitig) sind mir ein paar unsch\u00f6ne Windb\u00f6en aufgefallen. Wenn die GUB wegen Wind nicht fahren sollte, blieben bei dem 26\u20ac-Skipass momentan ja nur 2 F\u00f6rderb\u00e4nder \u00fcbrig, was ja recht witzlos w\u00e4re.<\/p>\n<p>Tja, ein Blick auf die Website am Parkplatz um 9:30 offenbarte genau das: GUB wg <a href=\"http:\/\/blog.inmontanis.info\/?p=9514\">[&#8230;]<\/a><\/p>\n","protected":false},"author":1,"featured_media":9516,"comment_status":"closed","ping_status":"closed","sticky":false,"template":"","format":"standard","meta":{"footnotes":""},"categories":[912,20,27,915],"tags":[47],"class_list":["post-9514","post","type-post","status-publish","format-standard","has-post-thumbnail","hentry","category-2023-09-2024-xx-skandinavien","category-finnlandfinland","category-skifahren-winterskiing-winter","category-syote","tag-sl","odd"],"_links":{"self":[{"href":"http:\/\/blog.inmontanis.info\/index.php?rest_route=\/wp\/v2\/posts\/9514","targetHints":{"allow":["GET"]}}],"collection":[{"href":"http:\/\/blog.inmontanis.info\/index.php?rest_route=\/wp\/v2\/posts"}],"about":[{"href":"http:\/\/blog.inmontanis.info\/index.php?rest_route=\/wp\/v2\/types\/post"}],"author":[{"embeddable":true,"href":"http:\/\/blog.inmontanis.info\/index.php?rest_route=\/wp\/v2\/users\/1"}],"replies":[{"embeddable":true,"href":"http:\/\/blog.inmontanis.info\/index.php?rest_route=%2Fwp%2Fv2%2Fcomments&post=9514"}],"version-history":[{"count":2,"href":"http:\/\/blog.inmontanis.info\/index.php?rest_route=\/wp\/v2\/posts\/9514\/revisions"}],"predecessor-version":[{"id":9517,"href":"http:\/\/blog.inmontanis.info\/index.php?rest_route=\/wp\/v2\/posts\/9514\/revisions\/9517"}],"wp:featuredmedia":[{"embeddable":true,"href":"http:\/\/blog.inmontanis.info\/index.php?rest_route=\/wp\/v2\/media\/9516"}],"wp:attachment":[{"href":"http:\/\/blog.inmontanis.info\/index.php?rest_route=%2Fwp%2Fv2%2Fmedia&parent=9514"}],"wp:term":[{"taxonomy":"category","embeddable":true,"href":"http:\/\/blog.inmontanis.info\/index.php?rest_route=%2Fwp%2Fv2%2Fcategories&post=9514"},{"taxonomy":"post_tag","embeddable":true,"href":"http:\/\/blog.inmontanis.info\/index.php?rest_route=%2Fwp%2Fv2%2Ftags&post=9514"}],"curies":[{"name":"wp","href":"https:\/\/api.w.org\/{rel}","templated":true}]}}