{"id":9510,"date":"2023-11-04T12:24:02","date_gmt":"2023-11-04T11:24:02","guid":{"rendered":"http:\/\/blog.inmontanis.info\/?p=9510"},"modified":"2023-11-04T18:40:46","modified_gmt":"2023-11-04T17:40:46","slug":"ruka-2-4-11-2023-jetzt-mit-fernsicht","status":"publish","type":"post","link":"http:\/\/blog.inmontanis.info\/?p=9510","title":{"rendered":"Ruka, 2.-4.11.2023 &#8211; jetzt mit Fernsicht"},"content":{"rendered":"<p><strong>Do, 2.11.2023<\/strong><\/p>\n<p>Bin gestern Abend nochmals kurz die Campingplatzm\u00f6glichkeiten durchgegangen und .. entweder der eine g\u00fcnstige hat offen oder sonst gibts wohl nur den 63-\u20ac-Platz hier im Skigebiet, denn auch im etwas gr\u00f6\u00dferen Radius scheint alles nur im Sommer offen zu sein :(<\/p>\n<p>D.h. also ich will zwar nicht frieren, aber etwas sparsam sollt ich doch bleiben. Mit den Verbr\u00e4uchen der letzten Tage m\u00fcsste ich sonst jeden Tag 1,5-2 Stunden  den Motor laufen lassen (oder rumfahren)  &#8230;. oder morgens und abends ein St\u00fcndchen zu einem anderen Schlafplatz fahren, dann w\u00fcrde auch das Auto warm werden. Und morgens h\u00e4tte ich ja eh Zeit, da ich durch die Osteuropa-Zeitzone in Finnland ja nun von 9-12 Uhr arbeite.  Also doch heute Abend nach Kuusamo auch zum Einkaufen statt erst am FR oder SA?<\/p>\n<p>Obwohl es mir gestern recht kalt vorkam und ich \u00f6fters die Standheizung eingeschaltet hatte, morgens sogar mal meine Bett-Heizmatte eingeschaltet hatte, waren es doch nur +2,1\u00b0 Minimumtemperatur laut vorderem Thermometer. <\/p>\n<p>Heutiger Plan w\u00e4re ja gewesen, das g\u00fcnstige Gondelbahntagestickert zu kaufen und 2h zu fahren, dann einzukaufen und dort einen Nachtplatz suchen. Andererseits, wenn man ja eh bis 12 Uhr arbeitet, die Tage so kurz sind und ich mir morgen die 3h-Karte wg. des sonnigen Wetters kaufen m\u00f6chte und ja gestern skigefahren bin .. k\u00f6nnt ich mir die 26 \u20ac heut auch ganz sparen, oder? Bin ja ggf. eh 2 Wochen lang hier, dann kann ich auch nur jeden 2. Tag fahren, solang ich mir nicht eine Mehrtageskarte kaufen m\u00f6chte.<\/p>\n<p><a href='http:\/\/extra.inmontanis.info\/d\/101716-3\/DSC08465.jpg'><img src=http:\/\/extra.inmontanis.info\/d\/101715-3\/DSC08465.jpg \/><\/a><br \/>\n^ Ruka-Bergmassif-R\u00fcckseite<\/p>\n<p>Die E63 zwischen Ruka und Kuusamo war allerdings relativ gut befahren, so dass ich \u00f6fters \u00fcberholt werden musste, wenn ich nur 50-60 km\/h fahren wollte, um mehr Batterie nachzuladen.<\/p>\n<p>G\u00fcnstigstes Benzin heute gesehen um 2,041  und getankt, teuerstes 2,09 :( Nach dem Einkaufen w\u00e4re es mit 2,033 etwas g\u00fcnsitger gewesen und sp\u00e4ter sah ich, weiter von der Hauptstra\u00dfe weg, noch den Preis von 1,998 \u20ac. <\/p>\n<p>In Kuusamo gibt&#8217;s einen Lidl, also mal schaun, was es da so gibt und wieviel es kostet. Die Preise waren etwas weniger abgehoben. G\u00fcnstig zB Hamburger im Br\u00f6tchen im K\u00fchlregal um 0,63 \u20ac. \u00c4hnlicher Preis f\u00fcr die Laugenbreze. <\/p>\n<p>Ich nahm ein paar Sachen f\u00fcr Nudeln mit (Tomatenmark, Sahne, Champignons, Hackfleischb\u00e4llchen). Leider stellte ich irgendwann fest, dass meine Handyh\u00fclle nicht mehr in der Hosentasche war, weil ich heut ausnahmsweise das ohne Tastatur einstecken hatte, weil ich schauen wollte, ob es gratis WLAN g\u00e4be und ich somit Amazon-Videos h\u00e4tte downloaden k\u00f6nnen. (Nein, kein WLAN))<\/p>\n<p>Bis ich gemerkt hab, dass die alte Minidiscplayer-Fleece-H\u00fclle fehlt, hab ich aber nirgends mehr am Boden wo was liegen sehen.  Hat sie also vielleicht irgendein Mitarbeiter schon gesehen und weggeschmissen?! Da ich mir ja auch nicht sicher war, ob ich sie wirklich eingesteckt hatte, hab ich danach noch im Auto gesucht, aber nope, weg. Pech gehabt. Ist mir ja schon \u00f6fters passiert. Handy steckt in H\u00fclle in Hosentasche, ich zieh Handy raus (H\u00fclle bleibt in Hosentasche), aber H\u00fclle geht manchmal unbemerkt mit raus und f\u00e4llt dann auf den Boden. Bin schon mindestens einmal in einem Supermarkt ein St\u00fcck zur\u00fcck gelaufen, um das wiedereinzusammeln. <\/p>\n<p>Wenigstens ist der Autoschl\u00fcssel nicht mit rausgefallen. Die alternativen T\u00e4schchen, die ich dabei hab, sind ja leider nicht ganz so passend. Oder einen Strumpf oder Wollhandschuh nehmen?<\/p>\n<p>2 alte M\u00e4nner kauften im Lidl mit angezogener Maske rum. N\u00e4he Lidl war ein Prisma, ma gucken was das sein mag, entpuppte sich als ein Hypermarkt, bisher noch nie so gro\u00dfe Superm\u00e4rkte in Finnland gesehen. Bin aber nicht in den Verkaufsbereich rein, weil ich ja nichts mehr brauchte. Vielleicht n\u00e4chstes Mal. Ahja, und wieder ein alter Mann mit Maske&#8230;*<\/p>\n<p>Um 15.15 hab ich mein NachtzIel, einen Bootshafen an einem gr\u00f6\u00dferen See, erreicht. Zum vollen Aufladen der Batterie hat das nat\u00fcrlich nicht gereicht.<\/p>\n<p><a href='http:\/\/extra.inmontanis.info\/d\/101720-3\/DSC08467.jpg'><img src=http:\/\/extra.inmontanis.info\/d\/101719-3\/DSC08467.jpg \/><\/a><br \/>\n^ Gr\u00f6\u00dferer See nahe Kuusamo<\/p>\n<p><a href='http:\/\/extra.inmontanis.info\/d\/101724-3\/DSC08468.jpg'><img src=http:\/\/extra.inmontanis.info\/d\/101723-3\/DSC08468.jpg \/><\/a><br \/>\n^ Gr\u00f6\u00dferer See nahe Kuusamo (15:17 Uhr)<\/p>\n<p>&#128681; Gespeicherte Geolocation &#8211; Karte anzeigen: <a href='https:\/\/www.google.com\/maps\/@?api=1&#038;map_action=map&#038;center=65.93929,29.2587133&#038;zoom=12&#038;basemap=terrain' target=_blank> GoogleMaps<\/a> &#128681; <a href='https:\/\/www.openstreetmap.org\/?&#038;mlat=65.93929&#038;mlon=29.2587133#map=10\/65.93929\/29.2587133&#038;layers=P' target=_blank> OSM &#128681;<\/a><\/p>\n<p>Beim Kochen merkte ich: Versehentlich eine vegane Sahne erwischt &#8211; war aber auch die einzige, die verschlie\u00dfbar war. Also ausgerechnet das vegane Produkt verwendet den Plastikverschluss :) Ich glaub auch nicht, dass es daran lag, aber irgendwas fehlte heute (Nudeln-K\u00f6ttbullar-Champignons-geriebenerK\u00e4se-Ersatzsahne). Morgen vielleicht mal etwas Tomatenmark dazu. (Ja, war besser.)<\/p>\n<p>Nudeln kochen braucht allerdings schon sp\u00fcrbar mehr Strom als ein Fertiggericht aufzuw\u00e4rmen. Unpassend also, wenn man etwas Strom sparen m\u00f6chte. Daf\u00fcr ist der K\u00fchlschrank jetzt vom Strom getrennt, da er ganztags nur im Standby laufen w\u00fcrde (nachts tw. bis 1\u00b0 runter) und daf\u00fcr wohl \u00fcber 2Ah pro Tag ziehen w\u00fcrde.<\/p>\n<p>Recht deutlich zu sp\u00fcren bei den momentanen so kalten N\u00e4chten, dass der neue, dichte, harte 2cm-Schaumstoff am Fenster wesentlich w\u00e4rmer ist als die anderen, insbesondere als die \u00e4hnlich dicken, aber weichen, schwarzen Teile. Vielleicht sollte ich mir da in Schweden nochmals 1-2 Matten kaufen (f\u00fcr Fenster und freiliegend Seiten unter Fenster und ggf. noch Boden&#8230;)<\/p>\n<p><strong>Fr, 3.11.2023<\/strong><\/p>\n<p>Nachts wars mir wieder irgendwann zu warm, aber diesmal auch zu beengt im geschlossenen Schlafsack, also selbigen wieder ge\u00f6ffnet. Logischerweise wurde es dann irgendwann zu kalt und nicht mehr wirklich warm. Mit -4,3\u00b0 Innenminimum aber auch wieder deutlich k\u00fchler gewesen. Drau\u00dfen lt. Auto vor dem Abfahren -13\u00b0. Blieb diesmal auf -13\u00b0 und sank nicht wie sonst \u00fcblich noch 2\u00b0 runter.<\/p>\n<p><a href='http:\/\/extra.inmontanis.info\/d\/101728-3\/DSC08473.jpg'><img src=http:\/\/extra.inmontanis.info\/d\/101727-3\/DSC08473.jpg \/><\/a><br \/>\n^ See nahe Kuusamo am Morgen (8:15 Uhr)<\/p>\n<p>Der gemeldete wolkenlose Himmel war auch wieder weiter \u00f6stlich, in Ruka blieb es vormittags bedeckt. Leider weiterhin keine Wetterbesserung in Sicht. Sonntag soll&#8217;s jetzt etwas schneien, danach bedeckt weitergehen. Ab morgen f\u00fcr ein paar Tage immerhin etwas weniger kalt gemeldet.<\/p>\n<p>Heute 3-Stunden-Karte kaufen? Oder heute Gondeltageskarte und morgen 3h-Karte? Ab Montag ggf. eine Wochenkarte? <\/p>\n<p>3 Abfahrten sind jetzt neu offen, somit eine Verdoppelung des Angebots, zwei weitere an diesen Liften sollen am 10.11. folgen, wobei eine davon schwarz ist, also vielleicht f\u00fcr Renntraining oder sonstwas sein wird.<\/p>\n<p>In Levi ist mittlerweile auch eine zus\u00e4tzliche Sesselbahn offen, aber lt. Pistenplan ohne Verbindung zu den anfangs ge\u00f6ffneten Liften. Am 13. und 17. sollen dort 2 weitere Bahnen folgen, dann k\u00f6nnte ein Besuch dort auch mal interessant sein. Wobei lt. Pistenplan die Verbindung wohl erst ab 17.11. m\u00f6glich sein soll. Ab 17. soll ja auch Pyh\u00e4 hier in der Gegend \u00f6ffnen und ab 18. dann ja auch ein Gebiet der kleinen Saisonkarte, die ich kaufen m\u00f6chte..<\/p>\n<p>Kurz vor 12 Uhr wurde es hier doch etwas augelockerter, also nahm ich die 3h-Karte.<\/p>\n<p>Eigenartigerweise dr\u00fcckte mir mein rechter Schuh vorgestern. Hab doch nix ge\u00e4ndert seit Hintertux im September? Selbe Einlage drin!? Aber es war vorgestern doch etwas anders, n\u00e4mlich hatte ich wesentlich dickere Skistr\u00fcmpfe an. Heut daher die d\u00fcnneren vom September genommen; evtl. muss ich eine der Einlagen rechts rausnehmen.<\/p>\n<p>Die neuen Abfahrten waren stellenweise leider etwas knollig, aber durch die neuen M\u00f6glichkeiten und die bessere Sicht und das weite Pano gefiel mir das heute schon wesentlich besser als vorgestern. Ich konzentrierte mich auf die beiden 6KSBen, wobei die kurze mit den nervigen Sitzabtrennern und den nervigen weichen+kalten Sitzen ist. Dass die sehr kurz ist, ist schon m\u00fchsam, weil so schnell oben und dann das ganze Rucksack aus\/anziehen, B\u00fcgel+Haube runter\/rauf.. da w\u00e4r ein SL schon viel angenehmer.<\/p>\n<p>Nach 1h musste ich mich aufw\u00e4rmen, obwohl nur -5\/-6\u00b0 lt. Anzeige. Von meinen Skischuhheizakkus funktionierte dann auch nur noch einer, obwohl ich doch alle geladen hatte?! Wobei einer ja das Problem hat, dass er, wenn er voll ist, nur einschaltbar ist, solang er am Strom h\u00e4ngt. Bissl leerer dann kann man ihn problemlos direkt einschalten.<\/p>\n<p><a href='http:\/\/ski.inmontanis.info\/d\/322416-2\/DSC08479.jpg'><img src=http:\/\/ski.inmontanis.info\/d\/322415-3\/DSC08479.jpg \/><\/a><br \/>\n^ Masto-Bereich mit neuer 8KSB<\/p>\n<p><a href='http:\/\/ski.inmontanis.info\/d\/322420-2\/DSC08481.jpg'><img src=http:\/\/ski.inmontanis.info\/d\/322419-3\/DSC08481.jpg \/><\/a><br \/>\n^ SL zwischen Masto und Vuosseli<\/p>\n<p><a href='http:\/\/ski.inmontanis.info\/d\/322424-2\/DSC08483.jpg'><img src=http:\/\/ski.inmontanis.info\/d\/322423-3\/DSC08483.jpg \/><\/a><br \/>\n^ Links au\u00dferhalb des Bildes w\u00e4re die Talstation 6KSB Vuosseli, Bildmitte ist die GUB<\/p>\n<p><a href='http:\/\/ski.inmontanis.info\/d\/322428-2\/DSC08484.jpg'><img src=http:\/\/ski.inmontanis.info\/d\/322427-3\/DSC08484.jpg \/><\/a><br \/>\n^ 6KSB Vuosseli um 12:15 Uhr; ein identes Bild 4 Stunden sp\u00e4ter folgt weiter unten.<\/p>\n<p><a href='http:\/\/ski.inmontanis.info\/d\/322432-2\/DSC08486.jpg'><img src=http:\/\/ski.inmontanis.info\/d\/322431-3\/DSC08486.jpg \/><\/a><br \/>\n^ Talstation GUB (Valley)<\/p>\n<p><a href='http:\/\/ski.inmontanis.info\/d\/322436-2\/DSC08488.jpg'><img src=http:\/\/ski.inmontanis.info\/d\/322435-3\/DSC08488.jpg \/><\/a><br \/>\n^ GUB nahe Bergstation in Richtung Dorf<\/p>\n<p><a href='http:\/\/ski.inmontanis.info\/d\/322440-2\/DSC08489.jpg'><img src=http:\/\/ski.inmontanis.info\/d\/322439-3\/DSC08489.jpg \/><\/a><br \/>\n^ GUB-Abfahrt (Valley) mit Weitblick, so gef\u00e4llt mir das ja schon wesentlich besser hier<\/p>\n<p><a href='http:\/\/ski.inmontanis.info\/d\/322444-2\/DSC08492.jpg'><img src=http:\/\/ski.inmontanis.info\/d\/322443-3\/DSC08492.jpg \/><\/a><br \/>\n^ 6KSB Vuosseli<\/p>\n<p><a href='http:\/\/ski.inmontanis.info\/d\/322448-2\/DSC08493.jpg'><img src=http:\/\/ski.inmontanis.info\/d\/322447-3\/DSC08493.jpg \/><\/a><br \/>\n^ 6KSB Vuosseli mit 2 SL, links der parallel zur 6KSB befindliche Kurven-SL und von der andern Seite erschlie\u00dft der SL Kelo noch einen ganz eigenen Bereich (samt Parkplatz)<\/p>\n<p><a href='http:\/\/ski.inmontanis.info\/d\/322452-2\/DSC08494.jpg'><img src=http:\/\/ski.inmontanis.info\/d\/322451-3\/DSC08494.jpg \/><\/a><br \/>\n^ Blick von der 6KSB Vuosseli zum Bereich Masto<\/p>\n<p><a href='http:\/\/ski.inmontanis.info\/d\/322456-2\/DSC08497.jpg'><img src=http:\/\/ski.inmontanis.info\/d\/322455-3\/DSC08497.jpg \/><\/a><br \/>\n^ Kurven-SL und SL Kelo<\/p>\n<p><a href='http:\/\/ski.inmontanis.info\/d\/322460-2\/DSC08498.jpg'><img src=http:\/\/ski.inmontanis.info\/d\/322459-3\/DSC08498.jpg \/><\/a><br \/>\n^ 6KSB Vuosseli mit Pano<\/p>\n<p><a href='http:\/\/ski.inmontanis.info\/d\/322464-2\/DSC08499.jpg'><img src=http:\/\/ski.inmontanis.info\/d\/322463-3\/DSC08499.jpg \/><\/a><br \/>\n^ .. und in die andere Richtung zur Bergstation der GUB und 4KSB<\/p>\n<p><a href='http:\/\/ski.inmontanis.info\/d\/322468-2\/DSC08500.jpg'><img src=http:\/\/ski.inmontanis.info\/d\/322467-3\/DSC08500.jpg \/><\/a><br \/>\n^ Nochmals die Bergstation des Kurven-SL (Vuosseli) und Flachlandpano<\/p>\n<p><a href='http:\/\/ski.inmontanis.info\/d\/322472-2\/DSC08501.jpg'><img src=http:\/\/ski.inmontanis.info\/d\/322471-3\/DSC08501.jpg \/><\/a><br \/>\n^ An der 6KSB Village Express sind 2 steilere Abfahrten offen<\/p>\n<p><a href='http:\/\/ski.inmontanis.info\/d\/322476-2\/DSC08503.jpg'><img src=http:\/\/ski.inmontanis.info\/d\/322475-3\/DSC08503.jpg \/><\/a><br \/>\n^ Unterer Teil Abfahrt 2 zur 6KSB Village Express und GUB<\/p>\n<p><a href='http:\/\/ski.inmontanis.info\/d\/322480-2\/DSC08505.jpg'><img src=http:\/\/ski.inmontanis.info\/d\/322479-3\/DSC08505.jpg \/><\/a><br \/>\n^ 6KSB Village Express mit nervigen Sitztrennern, nervigen kalten Polstersitzen, Minifu\u00dfraster (nicht ganz so nervig) und zum Gl\u00fcck ohne Zwangsverriegelung<\/p>\n<p><a href='http:\/\/ski.inmontanis.info\/d\/322484-2\/DSC08506.jpg'><img src=http:\/\/ski.inmontanis.info\/d\/322483-3\/DSC08506.jpg \/><\/a><br \/>\n^ Pano mit Sprungschanze<\/p>\n<p><a href='http:\/\/ski.inmontanis.info\/d\/322488-2\/DSC08507.jpg'><img src=http:\/\/ski.inmontanis.info\/d\/322487-3\/DSC08507.jpg \/><\/a><br \/>\n^ Links Finnisch und Russisch, rechts Schwedisch und Englisch. Lieder l\u00e4sst die EU ja momentan keine Russen mehr rein und wenn, k\u00f6nnen ihnen ihre Habseligkeiten beschlagnahmt werden. D\u00fcrfte also auch heuer leerer bleiben in finnischen Skigebieten als Vor-Corona.<\/p>\n<p><a href='http:\/\/ski.inmontanis.info\/d\/322492-2\/DSC08509.jpg'><img src=http:\/\/ski.inmontanis.info\/d\/322491-3\/DSC08509.jpg \/><\/a><br \/>\n^ 3SB Saarua und rechts SL Pessari, der auch noch einen eigenen Bereich erschlie\u00dft<\/p>\n<p><a href='http:\/\/ski.inmontanis.info\/d\/322496-2\/DSC08510.jpg'><img src=http:\/\/ski.inmontanis.info\/d\/322495-3\/DSC08510.jpg \/><\/a><br \/>\n^ Pano rechts der 3SB (14:31 Uhr)<\/p>\n<p><a href='http:\/\/ski.inmontanis.info\/d\/322500-2\/DSC08512.jpg'><img src=http:\/\/ski.inmontanis.info\/d\/322499-3\/DSC08512.jpg \/><\/a><br \/>\n^ Blick von der 3SB zum Gipfel mit den  beiden 6KSB<\/p>\n<p><a href='http:\/\/ski.inmontanis.info\/d\/322504-2\/DSC08513.jpg'><img src=http:\/\/ski.inmontanis.info\/d\/322503-3\/DSC08513.jpg \/><\/a><br \/>\n^ Sprungschanze<\/p>\n<p><a href='http:\/\/ski.inmontanis.info\/d\/322508-2\/DSC08514.jpg'><img src=http:\/\/ski.inmontanis.info\/d\/322507-3\/DSC08514.jpg \/><\/a><br \/>\n^ GUB-Abfahrt (Dorf-seitig)<\/p>\n<p><a href='http:\/\/ski.inmontanis.info\/d\/322512-2\/DSC08516.jpg'><img src=http:\/\/ski.inmontanis.info\/d\/322511-3\/DSC08516.jpg \/><\/a><br \/>\n^ Sprungschanze (14:41 Uhr)<\/p>\n<p><a href='http:\/\/ski.inmontanis.info\/d\/322516-2\/DSC08519.jpg'><img src=http:\/\/ski.inmontanis.info\/d\/322515-3\/DSC08519.jpg \/><\/a><br \/>\n^ Hier baumelt ein Kondom am Sessel. Da der Lift so kurz ist, kam das hier wohl nicht zum Einsatz ;)<\/p>\n<p>Ich wei\u00df nicht, ob es mehrere Kondomsessel gab oder ich einach nur das Pech hatte, genau 3x hintereinander den selben Sessel erwischt zu haben (zwischendrin 1x die andere 6KSB gefahren!) &#8230;<\/p>\n<p><a href='http:\/\/ski.inmontanis.info\/d\/322520-2\/DSC08520.jpg'><img src=http:\/\/ski.inmontanis.info\/d\/322519-3\/DSC08520.jpg \/><\/a><br \/>\n^ 6KSB Village Express (15:30 Uhr)<\/p>\n<p><a href='http:\/\/ski.inmontanis.info\/d\/322524-2\/DSC08521.jpg'><img src=http:\/\/ski.inmontanis.info\/d\/322523-3\/DSC08521.jpg \/><\/a><br \/>\n^ .. und die GUB links daneben<\/p>\n<p><a href='http:\/\/ski.inmontanis.info\/d\/322528-2\/DSC08522.jpg'><img src=http:\/\/ski.inmontanis.info\/d\/322527-3\/DSC08522.jpg \/><\/a><br \/>\n^ 6KSB Village Express (15:44 Uhr)<\/p>\n<p><a href='http:\/\/ski.inmontanis.info\/d\/322532-2\/DSC08523.jpg'><img src=http:\/\/ski.inmontanis.info\/d\/322531-3\/DSC08523.jpg \/><\/a><br \/>\n^ 6KSB Village Express (15:48 Uhr)<\/p>\n<p><a href='http:\/\/ski.inmontanis.info\/d\/322536-2\/DSC08524.jpg'><img src=http:\/\/ski.inmontanis.info\/d\/322535-3\/DSC08524.jpg \/><\/a><br \/>\n^ Abfahrt 1+2 6KSB Village Express (15:49 Uhr)<\/p>\n<p><a href='http:\/\/ski.inmontanis.info\/d\/322540-2\/DSC08525.jpg'><img src=http:\/\/ski.inmontanis.info\/d\/322539-3\/DSC08525.jpg \/><\/a><br \/>\n^ Blick zur 6KSB Vuosseli um 16:15 Uhr vom Parkplatz an der GUB<\/p>\n<p><a href='http:\/\/ski.inmontanis.info\/d\/322544-2\/ge20231101-03b.jpg'><img src=http:\/\/ski.inmontanis.info\/d\/322543-3\/ge20231101-03b.jpg \/><\/a><br \/>\n^ GPS-Track 1. und 3.11.2023<\/p>\n<p>Da es mir im Tal hinten (wo Parkpl\u00e4tze und wo vorgestern \u00fcbernachtet) k\u00e4lter vorkam als vorne im Dorf, fuhr ich mal zum Parkplatz an der Sprungschanze. Immerhih nur noch -7\u00b0 statt -10\u00b0 und durch die 15-20min (verlangsamte) Fahrzeit wurde auch das Auto noch etwas w\u00e4rmer. <\/p>\n<p><a href='http:\/\/ski.inmontanis.info\/d\/322548-2\/DSC08526.jpg'><img src=http:\/\/ski.inmontanis.info\/d\/322547-3\/DSC08526.jpg \/><\/a><br \/>\n^ Sprungschanze<\/p>\n<p>Grundlegend aber schon zufrieden mit dem Ergebnis der letzten Tage, dass ich auch bei -10\u00b0 und etwas darunter 2-3 Tage problemlos freistehen kann zwischen Campingpl\u00e4tzen.<\/p>\n<p>In den Alpen sind die Tage 1m Neuschnee prognostiziert worden. Ob sie diesmal kommen? Jedenfalls will der M\u00f6lltaler am Sonntag (5.11.) aufsperren. Nochmals bin ich froh, dass ich mir Anfang Mai nicht den Gopass-Saisonpass gekauft hatte, denn dann h\u00e4tte ich im Herbst lang warten m\u00fcssen&#8230;<\/p>\n<p>Vom 9.-11.11. ist hier in Ruka eins der j\u00e4hrlichen Hauptevents angek\u00fcndigt, gro\u00dfes Funpark-Musik-Festival, oh weia! Da wird&#8217;s also nicht nur voll werden, sondern auch laut. Wobei mich die Lautst\u00e4rke auf der anderen Bergseite abends ja vmtl. nicht st\u00f6ren w\u00fcrde, je nachdem wo es ist. Die Frage ist eher, ob ich dann hier unbedingt Skifahren will -> also mir n\u00e4chste Woche die Wochenkarte kaufen soll oder nicht ..<\/p>\n<p>Mal ein paar Kalkulationen angestellt. Angenommen, ich w\u00fcrde mir morgen das Gondelticket kaufen, n\u00e4chste Woche unter der Woche 3x das 3h-Ticket und ab Sonntag eine 6-Tageskarte, w\u00fcrde das (Online-Preise) 345,50 \u20ac kosten. Ein 14-Tagesticket ab morgen w\u00fcrde 351,- kosten; ein 12-Tagesticket ab Montag 315,- ; mit dem ggf. Gondelticket morgen dann 341,- &#8212; d.h. 6-Tageskarte und n\u00e4chste Woche nur vereinzelt fahren, lohnt sich eigentlich nicht. Da d\u00fcrfte ich mir dann nur 2x 3h-Tickets kaufen, dass es sich preislich mehr lohnen w\u00fcrde,<\/p>\n<p>Das einzige, was ich aber dadurch gewinnen w\u00fcrde, w\u00e4re die  Option, \u00fcbern\u00e4chste Woche mir doch kein 6-Tagesticket hier zu kaufen, sondern wo anders hin zu fahren, falls noch was aufsperren sollte.<\/p>\n<p>Eine Suche ergab, dass von heute bis Sonntag tats\u00e4chlich ein Skigebiet ge\u00f6ffnet hat, Iso-Sy\u00f6te, hier nicht weit weg (in nordskandinavischen Ma\u00dfst\u00e4ben gleich ums Eck: 120km). 2 Abfahrten, aber bei den Liften steht &#8220;ein neuer Zauberteppich und eine Suppe&#8221; sei offen :) Also Zauberteppich ist ja dann doch recht uninteressant. Suppe ist vmtl. die \u00dcbersetzung f\u00fcr (Suppen-) Tellerlift. K\u00f6nnt nat\u00fcrlich sein, dass die n\u00e4chstes WE dann mehr aufmachen. Mit 300-400m \/ 70hm ist der SL mit seiner einzig ge\u00f6ffneten blauen Abfahrten schon arg kurz. Tageskarte w\u00fcrde 19,- kosten dieses WE, n\u00e4chstes WE ist im Shop schon Fast-Vollpreis um 37,- drin. 3h\/Nachmittagskarte kostet 17,-. Von dem her w\u00e4rs ja nicht so schlecht.<\/p>\n<p>Die Entscheidung w\u00fcrde mir wesentlich leichter fallen, wenn die Wettervorhersagen besser w\u00e4ren. Bei jedem Tag recht sonnigem Wetter w\u00fcrd ich mir gerne die 12- oder 14-Tageskarte kaufen. Aber wenn das bedeckt wieder manchmal so neblig ist wie vorgestern .. oder wieder kalt und st\u00fcrmisch wird oder gar intensiver schneien &#8230;  zudem der gestrige Nicht-Ski-Tag ja auch kein Problem w\u00e4re, das \u00f6fters zu wiederholen, also ca. 1h Fahrzeit  in die ca. 30km entfernte Stadt mit Einkaufen und noch das St\u00fcck weiter zum Hafen und so &#8230; <\/p>\n<p><strong>Sa, 4.11.2023<\/strong><\/p>\n<p>Die Nacht verlief offiziell mit -0,9\u00b0 innen etwas w\u00e4rmer. Batteriemonitore zeigten morgens ca. 50% an, was etwas eigenartig war. Der neue checkt ja eigentlich auch die kleineren Str\u00f6me, die dem internen verborgen bleiben, trotzdem zeigt der neue jetzt sogar ca. 1 Ah mehr an. Und die angezeigten ca. 12,9V sollten laut einer groben LiFePo4-\u00dcbersicht eher maximal 1\/3 statt 1\/2 Ladung bedeuten. Wobei der Wert je nach Belastung zwischen 12,88 und 12,99 schwankte&#8230;<\/p>\n<p>Die Sprungschanze hier hat einen ESL&#8230; und sind das nicht Graffersessel?? Da musste ich gleich mal hingehen und ja, es sind Graffer-Einersessel!<\/p>\n<p><a href='http:\/\/ski.inmontanis.info\/d\/322552-2\/DSC08529.jpg'><img src=http:\/\/ski.inmontanis.info\/d\/322551-3\/DSC08529.jpg \/><\/a><br \/>\n^ Schneedepot an der Sprungschanze, links der Schanze gibts einen ESL; weiter links gibts nochmals eine Sprungschanze mit Sessellift<\/p>\n<p><a href='http:\/\/ski.inmontanis.info\/d\/322556-2\/DSC08532.jpg'><img src=http:\/\/ski.inmontanis.info\/d\/322555-3\/DSC08532.jpg \/><\/a><br \/>\n^ ESL mit meinen Lieblings-Graffer-Sesseln und seitlicher Skiablage. Solche Graffer-ESL gibts mittlerweile ja leider nur noch vereinzelt an ein paar Sprungschanzen :(<\/p>\n<p><a href='http:\/\/ski.inmontanis.info\/d\/322560-2\/DSC08533.jpg'><img src=http:\/\/ski.inmontanis.info\/d\/322559-3\/DSC08533.jpg \/><\/a><br \/>\n^ Die FIS-Abfahrt links endet anscheinend ohne Liftanschluss hier im Sprungbereich; rechts der SL hat lt. Plan eine eigene Abfahrt<\/p>\n<p><a href='http:\/\/ski.inmontanis.info\/d\/322564-2\/DSC08534.jpg'><img src=http:\/\/ski.inmontanis.info\/d\/322563-3\/DSC08534.jpg \/><\/a><br \/>\n^ SL Talvij\u00e4rvi<\/p>\n<p>(Fortsetzung vom 4.11. folgt in einem eigenen Bericht.)<\/p>\n<p>&#8212;<\/p>\n<p>*) Apropos Masken:<br \/>\n&#8220;33 Millionen Euro: NRW verbrennt \u00fcberfl\u00fcssige Corona-\u201eSchutzausr\u00fcstung\u201c Steuergeld-Verheizung im Namen der &#8220;Pandemie&#8221;&#8221;<br \/>\n&#8220;Danach plante der Bund, mindestens 660 Millionen zertifizierte OP-Masken und rund 95 Millionen zertifizierte FFP2-Masken zu verbrennen.&#8221;<br \/>\n<a href='https:\/\/reitschuster.de\/post\/33-millionen-euro-nrw-verbrennt-ueberfluessige-corona-schutzausruestung\/'>https:\/\/reitschuster.de\/post\/33-millionen-euro-nrw-verbrennt-ueberfluessige-corona-schutzausruestung\/<\/a><\/p>\n","protected":false},"excerpt":{"rendered":"<p>Do, 2.11.2023<\/p>\n<p>Bin gestern Abend nochmals kurz die Campingplatzm\u00f6glichkeiten durchgegangen und .. entweder der eine g\u00fcnstige hat offen oder sonst gibts wohl nur den 63-\u20ac-Platz hier im Skigebiet, denn auch im etwas gr\u00f6\u00dferen Radius scheint alles nur im Sommer offen zu sein :(<\/p>\n<p>D.h. also ich will zwar nicht frieren, aber etwas sparsam sollt ich <a href=\"http:\/\/blog.inmontanis.info\/?p=9510\">[&#8230;]<\/a><\/p>\n","protected":false},"author":1,"featured_media":9513,"comment_status":"closed","ping_status":"closed","sticky":false,"template":"","format":"standard","meta":{"footnotes":""},"categories":[912,20,914,27],"tags":[55,56,53,35,91,83,45,47],"class_list":["post-9510","post","type-post","status-publish","format-standard","has-post-thumbnail","hentry","category-2023-09-2024-xx-skandinavien","category-finnlandfinland","category-ruka","category-skifahren-winterskiing-winter","tag-3sb","tag-6sb","tag-8eub","tag-esl","tag-graffer","tag-gub","tag-see","tag-sl","odd"],"_links":{"self":[{"href":"http:\/\/blog.inmontanis.info\/index.php?rest_route=\/wp\/v2\/posts\/9510","targetHints":{"allow":["GET"]}}],"collection":[{"href":"http:\/\/blog.inmontanis.info\/index.php?rest_route=\/wp\/v2\/posts"}],"about":[{"href":"http:\/\/blog.inmontanis.info\/index.php?rest_route=\/wp\/v2\/types\/post"}],"author":[{"embeddable":true,"href":"http:\/\/blog.inmontanis.info\/index.php?rest_route=\/wp\/v2\/users\/1"}],"replies":[{"embeddable":true,"href":"http:\/\/blog.inmontanis.info\/index.php?rest_route=%2Fwp%2Fv2%2Fcomments&post=9510"}],"version-history":[{"count":2,"href":"http:\/\/blog.inmontanis.info\/index.php?rest_route=\/wp\/v2\/posts\/9510\/revisions"}],"predecessor-version":[{"id":9512,"href":"http:\/\/blog.inmontanis.info\/index.php?rest_route=\/wp\/v2\/posts\/9510\/revisions\/9512"}],"wp:featuredmedia":[{"embeddable":true,"href":"http:\/\/blog.inmontanis.info\/index.php?rest_route=\/wp\/v2\/media\/9513"}],"wp:attachment":[{"href":"http:\/\/blog.inmontanis.info\/index.php?rest_route=%2Fwp%2Fv2%2Fmedia&parent=9510"}],"wp:term":[{"taxonomy":"category","embeddable":true,"href":"http:\/\/blog.inmontanis.info\/index.php?rest_route=%2Fwp%2Fv2%2Fcategories&post=9510"},{"taxonomy":"post_tag","embeddable":true,"href":"http:\/\/blog.inmontanis.info\/index.php?rest_route=%2Fwp%2Fv2%2Ftags&post=9510"}],"curies":[{"name":"wp","href":"https:\/\/api.w.org\/{rel}","templated":true}]}}