{"id":9502,"date":"2023-10-31T19:20:45","date_gmt":"2023-10-31T18:20:45","guid":{"rendered":"http:\/\/blog.inmontanis.info\/?p=9502"},"modified":"2023-11-01T18:12:36","modified_gmt":"2023-11-01T17:12:36","slug":"seen-meer-schnee-und-dammerstimmerung-30-31-10-2023","status":"publish","type":"post","link":"http:\/\/blog.inmontanis.info\/?p=9502","title":{"rendered":"Seen, Meer, Schnee und &#8220;D\u00e4mmerstimmerung&#8221;, 30.+31.10.2023"},"content":{"rendered":"<p><strong>Mo, 30.10.2023<\/strong><\/p>\n<p>Gestern f\u00fcr die Nacht gemeldet waren -2\u00b0, heut fr\u00fch lt. Auto -5\u00b0 (also dann vmtl. eher -7\u00b0), innen Minimum +1,9\u00b0. Paar Millimeter Schnee lagen morgens am Parkplatz auch.<\/p>\n<p>Meine bisherige Deckenkonfiguration, also insb. vor 2 Jahren, war ja so:<br \/>\n&#8211; d\u00fcnne, gr\u00fcne Sommersteppdecke<br \/>\n&#8211; d\u00fcnne, blaue, kurze Fleecedecke (2020 oder 2021 in Schweden noch zu Hostelzeiten gekauft)<\/p>\n<p>Je nach Temperatur, entweder nur die Steppdecke oder mit der Steppdecke oder mit beiden Decken im<\/p>\n<p>&#8211; Schlafsack, nur bis ca. Waden geschlossen, Rest offen als Decke, aber nat\u00fcrlich an den Seiten reingesteckt\/leicht draufgelegt<\/p>\n<p>Die Sommersteppdecke hab ich ja nun in eine Flanell\/Biber-Bettw\u00e4sche gesteckt, was ja somit eigentlich gleich warm wie die fr\u00fchere Kombi Steppdecke+Fleecedecke sein m\u00fcsste?! Hatte ich die letzten Tage aber nicht unbedingt das Gef\u00fchl.<\/p>\n<p>Die blaue Fleecedecke hab ich mit einer vielleicht sogar etwas d\u00fcnneren, aber daf\u00fcr l\u00e4ngeren, ebenfalls fleece\/flanellm\u00e4\u00dfigen Decke ersetzt und diese nun vergangene Nacht ausprobiert, also erst in die neue d\u00fcnne Decke gewickelt, dann die Steppdecke und den Schlafsack dr\u00fcber.<\/p>\n<p>An den F\u00fc\u00dfen war es heute Nacht durchaus w\u00e4rmer als gestern. Ansonsten, tja, also f\u00fcr unter -10\u00b0 wirds wohl trotzdem nicht reichen. Allerdings hab ich ja noch 2 Optionen, 1. den Schlafsack mal zu schlie\u00dfen und 2. die Heizmatte f\u00fcr F\u00fc\u00dfe und Hintern einzuschalten.<\/p>\n<p>Wieviel Tage kann man Semmeln und Brezen in relativ luftdicht verschlossenen Plastikt\u00fcten aufbewahren? Ich hab ja immer noch welche aus Deutschland, also vor 1 Woche gekauft, heute die letzte Semmel und die vorletzte halbe Brezel. Da h\u00e4tt ich mir zwischenzeitlich auch welche im Lidl in Schweden kaufen k\u00f6nnen, wenn auch etwas teurer. Z\u00e4h oder so sind beide nicht, aber schon etwas trocken. <\/p>\n<p><a href='http:\/\/extra.inmontanis.info\/d\/101592-2\/DSC08306.jpg'><img src=http:\/\/extra.inmontanis.info\/d\/101591-3\/DSC08306.jpg \/><\/a><br \/>\n^ Sandstrand (mit etwas Schnee) und Meer<\/p>\n<p><a href='http:\/\/extra.inmontanis.info\/d\/101596-2\/DSC08310.jpg'><img src=http:\/\/extra.inmontanis.info\/d\/101595-3\/DSC08310.jpg \/><\/a><br \/>\n^ Sandstrand (mit etwas Schnee) und dem am Rand vereisten Meer<\/p>\n<p>Vermutlich sollte ich am 1.11. in Ruka sein, erstens wegen Feiertag und zweitens weil da vormittags noch etwas Sonne gemeldet wird &#8211; danach nicht nur bedeckt, sondern n\u00e4chstes Wochenende Schneefall gemeldet &#8230; daf\u00fcr wieder etwas w\u00e4rmer, statt -6\/-10\u00b0 nur noch -1\/-4\u00b0.<\/p>\n<p>1.11. Ruka sollte machbar sein, hei\u00dft ja auch nicht, dass ich in der Nacht zuvor schon dort schlafen will &#8211; eher im Gegenteil, lieber dann morgens nochmals 2h fahren, um die Batterie voll zu bekommen.<\/p>\n<p>Im S\u00fcden Finnlands gibts mittleweile wohl auch 2 Skigebiete, die offen haben sollen. Das erg\u00e4be dann Finnland 4, Schweden 3 und Norwegen?? Wobei vmtl. nicht nur die in Schweden von Trainingsgruppen ziemlich stark besiedelt sein werden; teilweise gibts ja auch Skigebiete in SE+NO, die im Oktober\/November nur f\u00fcr Trainingsgruppen offen haben.<\/p>\n<p>Um 11.30 war ich an dem gestern genannten, g\u00fcnstigen Restaurant an der E4, aber deren 3 Tagesgerichte heute waren leider nichts f\u00fcr mich. Dann eben nochmals Biltema? Den angedachten Umweg zu einem Skigebiet lie\u00df ich heute aus.<\/p>\n<p>Das Biltema-Caf\u00e9 in Ume\u00e5 leider entt\u00e4uschend, gar keine Pfannkuchen, weder s\u00fc\u00df noch herzhaft, nichtmal K\u00f6ttbullar standen auf der Preisliste, lediglich die diversen Hotdogvariationen. Hab mir dann die Radkappen nochmals angesehen, naja, die einen fand ich dann in Live doch nicht so toll, also vertagt. <\/p>\n<p><a href='http:\/\/extra.inmontanis.info\/d\/101600-2\/DSC08315.jpg'><img src=http:\/\/extra.inmontanis.info\/d\/101599-3\/DSC08315.jpg \/><\/a><br \/>\n^ Bereits vereister See an einem Rastplatz an der E4<\/p>\n<p>N\u00e4chste(r) Biltema in Skellefte\u00e5  um ca. 15h, das w\u00e4r dann schon ein kombiniertes Abendessen dann &#8230; aber leider selbe Situation, daher French Hot Dog um 27,- mit K\u00e4se-Speck-Wurst und noch zu einem MAX geschaut,  da ich da letztens las, Hamburger 15,- &#8230;. <\/p>\n<p>Wollt schon wieder gehen, weil ich den Hamburger am Bestellterminal nicht fand, dann sah ich bei einem der Men\u00fcpunkte am Schluss einen Pfeil zum Aufklappen f\u00fcr weitere Produkte, scrollte nochmals hoch zu den &#8220;Classics&#8221; und nahm den Pfeil zum Aufklappen und nun fand ich sie. Cheeseburger 19,-, n\u00f6, dann Hamburger, aber Pommes klein um 20,- noch ja. Aber beides schon seeehr klein. Gef\u00fchlt die H\u00e4lfte der Gerichte waren Spicy, Chilli, Jalapenos, nix f\u00fcr mich &#8230; <\/p>\n<p><a href='http:\/\/extra.inmontanis.info\/d\/101604-2\/DSC08319.jpg'><img src=http:\/\/extra.inmontanis.info\/d\/101603-3\/DSC08319.jpg \/><\/a><br \/>\n^ MAX-Hamburger um 15,- und kleine Pommes um 20,-, also zusammen ca. 3 \u20ac.<\/p>\n<p><a href='http:\/\/extra.inmontanis.info\/d\/101608-2\/DSC08320.jpg'><img src=http:\/\/extra.inmontanis.info\/d\/101607-3\/DSC08320.jpg \/><\/a><br \/>\n^ Verschneite Stra\u00dfe zu meinem Nachtplatz<\/p>\n<p>Momentan seit Zeitumstellung ist es hier sinnvoller, morgens ein St\u00fcndchen zu fahren, erstens weil heller und zweitens wird das Auto sch\u00f6n warm vor der Arbeit, daher um 16:15 am Hafen am Meer gewesen bei -11\u00b0, wird vielleicht die k\u00e4lteste Nacht f\u00fcr die n\u00e4chste Zeit, dann morgen 50-60 Minuten zu einem Rastplatz.<\/p>\n<p>Km bis Ruka von hier ca. 530.<\/p>\n<p>Mit richtiger Kleidung (endlich die Thermohose und seit nachmittags auch die Winterstiefel an!) sind die windstillen -11\u00b0 hier am Meer angenehmer als die windigen 2\u00b0 zuletzt.<\/p>\n<p>Im Auto dagegen ist es interessant anzusehen, wie die Temperatur der K\u00fchltruhe von den gesetzten +6\u00b0 abends auf +5\u00b0 und +4\u00b0 sinkt, obwohl Tisch aufgebaut und Standheizung immer wieder eingeschaltet war.<\/p>\n<p>&#128681; Gespeicherte Geolocation &#8211; Karte anzeigen: <a href='https:\/\/www.google.com\/maps\/@?api=1&#038;map_action=map&#038;center=64.9577017,21.2997267&#038;zoom=12&#038;basemap=terrain' target=_blank> GoogleMaps<\/a> &#128681; <a href='https:\/\/www.openstreetmap.org\/?&#038;mlat=64.9577017&#038;mlon=21.2997267#map=10\/64.9577017\/21.2997267&#038;layers=P' target=_blank> OSM &#128681;<\/a><\/p>\n<p><a href='http:\/\/extra.inmontanis.info\/d\/101612-2\/DSC08328.jpg'><img src=http:\/\/extra.inmontanis.info\/d\/101611-3\/DSC08328.jpg \/><\/a><br \/>\n^ Meer, verschneite K\u00fcste, Abendd\u00e4mmerung bei -11\u00b0<\/p>\n<p><a href='http:\/\/extra.inmontanis.info\/d\/101616-2\/DSC08330.jpg'><img src=http:\/\/extra.inmontanis.info\/d\/101615-3\/DSC08330.jpg \/><\/a><br \/>\n^ Parkplatz am Meer (16:20 Uhr)<\/p>\n<p><a href='http:\/\/extra.inmontanis.info\/d\/101620-2\/DSC08335.jpg'><img src=http:\/\/extra.inmontanis.info\/d\/101619-3\/DSC08335.jpg \/><\/a><br \/>\n^ Schwache Nordlichter<\/p>\n<p><a href='http:\/\/extra.inmontanis.info\/d\/101624-2\/DSC08340.jpg'><img src=http:\/\/extra.inmontanis.info\/d\/101623-3\/DSC08340.jpg \/><\/a><br \/>\n^ Meer und verschneite K\u00fcste im n\u00e4chtlichen Mondlicht<\/p>\n<p><a href='http:\/\/extra.inmontanis.info\/d\/101628-2\/DSC08343.jpg'><img src=http:\/\/extra.inmontanis.info\/d\/101627-3\/DSC08343.jpg \/><\/a><br \/>\n^ Meer und Schnee im n\u00e4chtlichen Mondlicht, handgehalten 1,6s durchs Fenster, das immer wieder anlief oder teils angefroren war<\/p>\n<p>Mit T\u00e4rnaby hat seit Samstag noch ein Skigebiet in Schweden offen, aber ja nur der SL am Trainingshang und samt einer Abfahrt, was ja auch nicht sonderlich lohnenswert ist.<\/p>\n<p>Aktuelles Bild aus K\u00e5bdalis:<br \/>\n<a href='https:\/\/www.facebook.com\/photo.php?fbid=921717079505863&#038;set=a.613657270311847&#038;type=3&#038;ref=embed_page'>https:\/\/www.facebook.com\/photo.php?fbid=921717079505863&#038;set=a.613657270311847&#038;type=3&#038;ref=embed_page<\/a><\/p>\n<p>Heut Nacht also zu testen: Bekomm ich den Rei\u00dfverschluss vom Schlafsack zu mit meinen ganzen Decken innendrin? Oder muss ich dann eine der Decken au\u00dfen dr\u00fcber verwenden? Und wohin mit den Armen? <\/p>\n<p>Jo, ging beides. Vorteil des geschlossenen Schlafsacks ist ja auch, dass ich auf der anderen Seite lieg. Vorteil deshalb, weil mir rechts immer die Schulter weh tut. Sofern es nicht zu kalt ist, gehen nat\u00fcrlich beide Richtungen mit Schlafsack, aber wenn wegen K\u00e4lte die Kapuze richtig \u00fcber den Kopf gezogen werden soll, entscheidet das \u00fcber die Liegerichtung.<\/p>\n<p><strong>Di, 31.10.2023<\/strong><\/p>\n<p>Nachts sogar mal aufgewacht, weil es mir zu warm war, dachte schon, die Heizmatten w\u00e4ren versehentlich aktiv, war aber nicht der Fall.<\/p>\n<p>Beim n\u00e4chsten Aufwachen war es mir dagegen etwas zu kalt an der Au\u00dfenseite, also oben, quasi der rechten K\u00f6rperh\u00e4lfte. Es w\u00e4re nun also sinnvoll, die kalte Seite nach unten auf die Matratze zu bringen, damit sie wieder warm wird, und die warme Seite von unten nach oben zu bringen. Mit 2 Decken im Schlafsack ist das Umdrehen im Schlafsack aber schon schwierig, noch dazu, wie eigentlich?<\/p>\n<p>Nur den K\u00f6rper drehen oder K\u00f6rper und Schlafsack drehen oder K\u00f6rper und Innendecke drehen oder alles drei? Auf den Decken muss ich ja nicht drauf liegen, die sollen oben bleiben, der Schlafsack w\u00e4re k\u00e4lte\/w\u00e4rmetechnisch sinnvoll zu drehen und die Kapuze muss nat\u00fcrlich auch passen. Und ein etwas offener Bereich zum Atmen muss auch vorhanden sein. <\/p>\n<p>Keine Ahnung mehr, was ich gemacht hab, glaub nur den K\u00f6rper gedreht; einschlafen konnte ich nicht mehr, aber wenig sp\u00e4ter startete eh die Standheizung. Heut ja nur ca. 7h geschlafen, weil ich ja fr\u00fcher abfahren wollte. Das Drehthema mit geschlossenem Schlafsack muss ich also an den n\u00e4chsten Eisn\u00e4chten nochmals vor dem Einschlafen checken und mich ggf. anders einwickeln. Wenn das n\u00e4mlich funktionieren w\u00fcrde, k\u00f6nnte ich mich mit mehrfachem Drehen nachts ja immer wieder warm machen.<\/p>\n<p>Die Innenminimumtemperatur laut vorderem Thermomenter in mittlerer H\u00f6he war nachts -4,8\u00b0 , der Sensor unter der Batterie zeigte nach dem Aufstehen -1,6\u00b0, der Pinkelkanister war nicht gegfroren, das seitlich an der T\u00fcr befindliche Kleiderspray auch nicht, aber: die relativ leere Flasche mit dem Zahnputzausspuckwasser war gefroren.<\/p>\n<p>Au\u00dfentemp. lt. Auto -11\u00b0, was also dann nach etwas Fahrt wie \u00fcblich noch um 2\u00b0 absank. Auf dem Weg zum Rastplatz noch -15 und -16\u00b0 gehabt, am Rastplatz -15\u00b0. <\/p>\n<p>Das war heute also knapp nicht meine k\u00e4lteste Nacht freistehend (bei -13\u00b0 abends drau\u00dfen hatte ich damals morgens innen -5\u00b0, wenn das die k\u00e4lteste Nacht war), wobei ich vorletztes Jahr bei Temperaturen unter -10\u00b0 schon eher nach 5 Stunden wegen K\u00e4lte wach war und die Standheizung etwas eingeschaltet hatte. An solchen N\u00e4chten w\u00e4re eine Fernbedienung praktisch. Jedenfalls war es mir heute Nacht mit der \u00c4nderung der Deckensituation und dem geschlossenen Schlafsack doch wesentlich w\u00e4rmer als damals. <\/p>\n<p><a href='http:\/\/extra.inmontanis.info\/d\/101632-2\/DSC08349.jpg'><img src=http:\/\/extra.inmontanis.info\/d\/101631-3\/DSC08349.jpg \/><\/a><br \/>\n^ Parkplatz in der Morgend\u00e4mmerung (6:45 Uhr)<\/p>\n<p><a href='http:\/\/extra.inmontanis.info\/d\/101636-2\/DSC08352.jpg'><img src=http:\/\/extra.inmontanis.info\/d\/101635-3\/DSC08352.jpg \/><\/a><br \/>\n^ Morgend\u00e4mmerung um 7:05 wieder auf der E4<\/p>\n<p><a href='http:\/\/extra.inmontanis.info\/d\/101640-2\/DSC08359.jpg'><img src=http:\/\/extra.inmontanis.info\/d\/101639-3\/DSC08359.jpg \/><\/a><br \/>\n^ Morgend\u00e4mmerung um 7:10, Seitenblick auf der E4<\/p>\n<p><a href='http:\/\/extra.inmontanis.info\/d\/101692-2\/DSC08351.jpg'><img src=http:\/\/extra.inmontanis.info\/d\/101691-3\/DSC08351.jpg \/><\/a><br \/>\n^ Durch die eisigen Temperaturen ist wohl der Luftdruck in den Reifen so stark abgesunken, dass das TPMS schreit?! (Mitte September in \u00d6sterreich hatte ich ca. 240-250 vorne und 220-240 hinten.)<\/p>\n<p>Sch\u00f6n gew\u00e4rmt am Parkplatz ging es einige Zeit mit wenig Standheizung, aber nach 2 Stunden Fahrzeugstillstand war es nach 20-min\u00fctiger Standheizung relativ schnell wieder kalt. D.h. wenn ich an einem Skigebiet \u00fcbernachte und dort weder fr\u00fch noch nachmittags fahren muss, wird die Standheizungsnutzung bei -15\u00b0 oder k\u00e4lter schon sehr intensiv werden.<\/p>\n<p>Nochmals bei Biltema vorbeigefahren (in Lule\u00e5) .. hier gabs wieder K\u00f6ttbular, aber die Pfannkuchen nur als s\u00fc\u00dfe Variante laut Aushang, nicht Raggmunk, wobei die ja auch lecker waren. Pommes standen auch noch auf der Liste, um 20,-. Getr\u00e4nke w\u00fcrden \u00fcbrigens 10,- kosten, Wasser g\u00e4be es &#8211; wie so h\u00e4ufig in Schweden &#8211; gratis. Somit k\u00f6nnte ich mit Wasser ja auch hier drin bleiben, aber ich nahm es mit ins Auto.<\/p>\n<p><a href='http:\/\/extra.inmontanis.info\/d\/101644-2\/DSC08362.jpg'><img src=http:\/\/extra.inmontanis.info\/d\/101643-3\/DSC08362.jpg \/><\/a><br \/>\n^ Pfannkuchen mit Erdbeermarmelade und Sahne um g\u00fcnstige 25,- vom Biltema-Caf\u00e9. Plus das kleine Hotdog um 5,- macht 30,- bzw. etwas \u00fcber 2,50 \u20ac in Summe.<\/p>\n<p>Nicht gratis ist, soweit ich mich erinnere, Luft an den Tankstellen f\u00fcr die Autoreifen, daher an einem Rastplatz sp\u00e4ter mein Ger\u00e4t rausgeholt und aufgepumpt, aber wie \u00fcblich nicht genug f\u00fcr das TPMS, das weiterhin schreit. Bei 245 aber schon bescheuert, wenn der Sollwert bei 250 vorne ist. Zudem ich das Gef\u00fchl hatte, dass die Winterreifen eh oben etwas abgefahrener waren (also mal zu viel Luft hatten) und im Winter bei Schnee soll etwas weniger Luft ja auch nicht von Nachteil sein, meine ich mal gelesen zu haben.<\/p>\n<p><a href='http:\/\/extra.inmontanis.info\/d\/101648-2\/DSC08364.jpg'><img src=http:\/\/extra.inmontanis.info\/d\/101647-3\/DSC08364.jpg \/><\/a><br \/>\n^ Verschneiter See neben der E4<\/p>\n<p><a href='http:\/\/extra.inmontanis.info\/d\/101652-2\/DSC08370.jpg'><img src=http:\/\/extra.inmontanis.info\/d\/101651-3\/DSC08370.jpg \/><\/a><br \/>\n^ Verschneiter See oder Fluss neben der E4, um 14:05 Uhr  schon wieder sch\u00f6n-rosanes  Licht<\/p>\n<p><a href='http:\/\/extra.inmontanis.info\/d\/101656-2\/DSC08375.jpg'><img src=http:\/\/extra.inmontanis.info\/d\/101655-3\/DSC08375.jpg \/><\/a><br \/>\n^ 14:07 Uhr mit Sonne<\/p>\n<p><a href='http:\/\/extra.inmontanis.info\/d\/101660-2\/DSC08378.jpg'><img src=http:\/\/extra.inmontanis.info\/d\/101659-3\/DSC08378.jpg \/><\/a><br \/>\n^ 14:40 Uhr<\/p>\n<p><a href='http:\/\/extra.inmontanis.info\/d\/101664-2\/DSC08381.jpg'><img src=http:\/\/extra.inmontanis.info\/d\/101663-3\/DSC08381.jpg \/><\/a><br \/>\n^ 14:43 Uhr vor Haparanda an der Grenze zu Finnland<\/p>\n<p>Im letzten Ort Schwedens im Supermarkt noch 4 Pfandflaschen zu Geld gemacht. Nun wieder in Finnland die richtige Zeit an manchen Uhren. Diesel und Benzin knapp \u00fcber 2 \u20ac, d.h. Diesel (je nach Tankstelle) paar Cent g\u00fcnstiger als in SE, aber Benzin 25 Cent teurer in Finnland :(<\/p>\n<p>H\u00e4tte ja noch etwas weiter fahren wollen, aber falls die n\u00e4chsten beiden M\u00f6glichkeiten wegen Schnee nicht gehen sollten oder kein 4G-Empfang w\u00e4re, m\u00fcsste ich noch 2h bis zu einem Parkplatz in einer Ortschaft fahren. Also doch vor der Abzweigung ins Landesinnere noch am Meer geblieben. Mittlerweile 17:00 und schon recht d\u00fcster gewesen. Allerdings muss ich somit morgen 4h bis Ruka fahren.  Und leider nur noch bis  10\/11 Uhr etwas Sonne gemeldet. Von Freitag bis Dienstag wird immer wieder etwas Schneefall gemeldet, allerdings nur noch um die 0\u00b0, d.h. evtl in den unteren Bereichen hier und da sogar Regen.  <\/p>\n<p>Hier am Meer dagegen heute Abend wieder -9\u00b0, wird also nochmals eine kalte Nacht werden.<\/p>\n<p><a href='http:\/\/extra.inmontanis.info\/d\/101668-2\/DSC08383.jpg'><img src=http:\/\/extra.inmontanis.info\/d\/101667-3\/DSC08383.jpg \/><\/a><br \/>\n^ in Finnland, Zeitumstellung +1h und ein Einkauf sp\u00e4ter: 16:21 Uhr mit Mond<\/p>\n<p><a href='http:\/\/extra.inmontanis.info\/d\/101672-2\/DSC08386.jpg'><img src=http:\/\/extra.inmontanis.info\/d\/101671-3\/DSC08386.jpg \/><\/a><br \/>\n^ Abendd\u00e4mmerung am Meer um 16:40 Uhr<\/p>\n<p><a href='http:\/\/extra.inmontanis.info\/d\/101676-2\/DSC08387.jpg'><img src=http:\/\/extra.inmontanis.info\/d\/101675-3\/DSC08387.jpg \/><\/a><br \/>\n^ Abendd\u00e4mmerung am Meer um 16:45 Uhr<\/p>\n<p><a href='http:\/\/extra.inmontanis.info\/d\/101680-2\/DSC08389.jpg'><img src=http:\/\/extra.inmontanis.info\/d\/101679-3\/DSC08389.jpg \/><\/a><br \/>\n^ Abendd\u00e4mmerung am Meer \/ heutiger Nachtplatz um 17:10 Uhr<\/p>\n<p><a href='http:\/\/extra.inmontanis.info\/d\/101684-2\/DSC08390.jpg'><img src=http:\/\/extra.inmontanis.info\/d\/101683-3\/DSC08390.jpg \/><\/a><br \/>\n^ Abendd\u00e4mmerung am Meer um 17:15 Uhr<\/p>\n<p><a href='http:\/\/extra.inmontanis.info\/d\/101688-2\/DSC08391.jpg'><img src=http:\/\/extra.inmontanis.info\/d\/101687-3\/DSC08391.jpg \/><\/a><br \/>\n^ Abendd\u00e4mmerung am Meer um 17:15 Uhr<\/p>\n<p>Wenn man f\u00fcr Ruka den Skipass am Vortag online kauft, spart man sich 1 \u20ac. Soll ich nun f\u00fcr morgen einen Tagespass um 46,- oder einen 3h-Pass um 38,50 \u20ac kaufen? Bei den Betriebszeiten bis 18\/19 Uhr k\u00f6nnte man ja auch mal zwischendrin 2h Pause machen und sich aufw\u00e4rmen bei der Tageskarte.. <\/p>\n<p>Aber bei 4h Fahrt plus Umkleiden plus Ski rauspuhlen und mit Bindung zusammenbauen .. und dann noch der Stress, bis 10 Uhr dort zu sein, damit ich ein paar Sonnenstrahlen erhasche, sofern sich der Wetterbericht nicht t\u00e4uscht? Ne, zu stressig. Und wer wei\u00df, ob ich \u00fcberhaupt ankomm. Unfall, Fahrzeugproblem? Wegen 1 \u20ac Ersparnis das Risiko eingehen? Dann lieber doch erst vor Ort nur einen 3h &#8211; Pass ab 11 oder 12 Uhr kaufen. Reicht ja auch.<\/p>\n","protected":false},"excerpt":{"rendered":"<p>Mo, 30.10.2023<\/p>\n<p>Gestern f\u00fcr die Nacht gemeldet waren -2\u00b0, heut fr\u00fch lt. Auto -5\u00b0 (also dann vmtl. eher -7\u00b0), innen Minimum +1,9\u00b0. Paar Millimeter Schnee lagen morgens am Parkplatz auch.<\/p>\n<p>Meine bisherige Deckenkonfiguration, also insb. vor 2 Jahren, war ja so: &#8211; d\u00fcnne, gr\u00fcne Sommersteppdecke &#8211; d\u00fcnne, blaue, kurze Fleecedecke (2020 oder 2021 in Schweden <a href=\"http:\/\/blog.inmontanis.info\/?p=9502\">[&#8230;]<\/a><\/p>\n","protected":false},"author":1,"featured_media":9504,"comment_status":"closed","ping_status":"closed","sticky":false,"template":"","format":"standard","meta":{"footnotes":""},"categories":[912,20,19],"tags":[100,37,45],"class_list":["post-9502","post","type-post","status-publish","format-standard","has-post-thumbnail","hentry","category-2023-09-2024-xx-skandinavien","category-finnlandfinland","category-schwedensweden","tag-langzeitbelichtung","tag-meer","tag-see","odd"],"_links":{"self":[{"href":"http:\/\/blog.inmontanis.info\/index.php?rest_route=\/wp\/v2\/posts\/9502","targetHints":{"allow":["GET"]}}],"collection":[{"href":"http:\/\/blog.inmontanis.info\/index.php?rest_route=\/wp\/v2\/posts"}],"about":[{"href":"http:\/\/blog.inmontanis.info\/index.php?rest_route=\/wp\/v2\/types\/post"}],"author":[{"embeddable":true,"href":"http:\/\/blog.inmontanis.info\/index.php?rest_route=\/wp\/v2\/users\/1"}],"replies":[{"embeddable":true,"href":"http:\/\/blog.inmontanis.info\/index.php?rest_route=%2Fwp%2Fv2%2Fcomments&post=9502"}],"version-history":[{"count":2,"href":"http:\/\/blog.inmontanis.info\/index.php?rest_route=\/wp\/v2\/posts\/9502\/revisions"}],"predecessor-version":[{"id":9505,"href":"http:\/\/blog.inmontanis.info\/index.php?rest_route=\/wp\/v2\/posts\/9502\/revisions\/9505"}],"wp:featuredmedia":[{"embeddable":true,"href":"http:\/\/blog.inmontanis.info\/index.php?rest_route=\/wp\/v2\/media\/9504"}],"wp:attachment":[{"href":"http:\/\/blog.inmontanis.info\/index.php?rest_route=%2Fwp%2Fv2%2Fmedia&parent=9502"}],"wp:term":[{"taxonomy":"category","embeddable":true,"href":"http:\/\/blog.inmontanis.info\/index.php?rest_route=%2Fwp%2Fv2%2Fcategories&post=9502"},{"taxonomy":"post_tag","embeddable":true,"href":"http:\/\/blog.inmontanis.info\/index.php?rest_route=%2Fwp%2Fv2%2Ftags&post=9502"}],"curies":[{"name":"wp","href":"https:\/\/api.w.org\/{rel}","templated":true}]}}