{"id":9497,"date":"2023-10-29T19:06:21","date_gmt":"2023-10-29T18:06:21","guid":{"rendered":"http:\/\/blog.inmontanis.info\/?p=9497"},"modified":"2023-10-31T07:55:36","modified_gmt":"2023-10-31T06:55:36","slug":"galtstrom-sundsvall-28-29-10-2023","status":"publish","type":"post","link":"http:\/\/blog.inmontanis.info\/?p=9497","title":{"rendered":"Galtstr\u00f6m &#038; Sundsvall, 28.+29.10.2023"},"content":{"rendered":"<p><strong>Sa, 28.10.2023<\/strong><\/p>\n<p>Da ich wegen des Nachtplatzes heut nicht so weit fahren wollte, hab ich noch auf Karten usw. gecheckt, ob was auf dem Weg l\u00e4ge, was mich interessieren k\u00f6nnte &#8211; aber nichts gefunden. Die Skigebiete hatte ich auch schon mal fotografiert, einkaufen oder Essen gehen wollte ich heut eigentlich auch nicht, zus\u00e4tzlich zu den zwei Pizzast\u00fccken tasg\u00fcber sollte ich abends noch das zweite CZ-Fertiggericht essen, da heute letzter MHD-Tag.<\/p>\n<p>Gestern \u00fcbrigens der letzte Tag, wo ich einen KFC h\u00e4tte besuchen k\u00f6nnen, denn ab hier n\u00f6rdlicher gibt&#8217;s nun keinen mehr, weder in Schweden, schon gleich gar nicht in Norwegen, nur einen noch in Finnland auf der anderen Seite des Meeres und dann erst wieder ganz oben im Norden, aber auf russischer Seite, in Murmansk.<\/p>\n<p><a href='http:\/\/extra.inmontanis.info\/d\/101524-2\/DSC08137.jpg'><img src=http:\/\/extra.inmontanis.info\/d\/101523-3\/DSC08137.jpg \/><\/a><br \/>\n^ Ich wollte ja erst weiter n\u00f6rdlich sein um den urspr\u00fcnglich f\u00fcr Freitag\/Samstag gemeldeten Schneef\u00e4llen zu entkommen, jetzt war ich noch s\u00fcdlich davon<\/p>\n<p><a href='http:\/\/extra.inmontanis.info\/d\/101528-2\/DSC08139.jpg'><img src=http:\/\/extra.inmontanis.info\/d\/101527-3\/DSC08139.jpg \/><\/a><br \/>\n^ See aus dem fahrenden Auto raus fotografiert<\/p>\n<p>Ich hielt dann doch noch etwas zum shoppen, Dollarstore zum ersten und Jula (kleiner Baumarkt) zum zweiten.<\/p>\n<p>Es war dann keine gute Idee, die Einkaufst\u00fcte, wie ich es h\u00e4ufig mache, an der Kasse umgedreht auszusch\u00fctten, wenn darin ein Pappbecher mit gerade voll gemachten L\u00f6sgodis, also S\u00fc\u00dfigkeiten (unverpackte Schoko- und Gummib\u00e4rchenteile etc.) ist, denn dann verteilt sich das alles auf dem Kassenband.  Schnell also wieder alles in den Becher reingesteckt (3-Sekunden-Regel und so), dann ging der Verschluss vom Becher nicht mehr drauf, weil nicht mehr so sch\u00f6n eingeschlichtet und die Kassiererin griff zum Klebeband, immerhin hatte sie mir nicht was zus\u00e4tzlich verrechnet ;) <\/p>\n<p>Einen 4er Pack Trocadero Zero Limo gabs gerade um g\u00fcnstige 40,- SEK, also den noch mitgenommen. Ist zwar nicht mein Lieblingsgetr\u00e4nk, aber Zwischendurch mal ganz nett und f\u00fcr den Preis bekommt man manchmal nicht mal Mineralwasser. Allerdings ja vergessen, dass ich das bis Finnland wohl  gar nicht mehr alles trinken w\u00fcrde (weil auch noch 2l Cola Zero vom Lidl da) und dann die Pfandflaschen wochenlang in Finnland mit rumschleppen werde m\u00fcssen :(<\/p>\n<p>Im zweiten Einkaufsbereich gab es Jula, Rusta, Elgiganten und Biltema, also halt nochmals ein gunstiges Hotdog? Oder doch die K\u00f6ttbullar? Hier h\u00e4tte es auch Raggmunk gegeben (wie die K\u00f6ttbullar halt in der Mikrowelle erw\u00e4rmt), aber das sah<br \/>\nso viel aus, dass ich doch lieber die K\u00f6ttbullar um 39,- nahm. Also unter 3,50 \u20ac.<\/p>\n<p>Aber warum man da neuerdings diese Bostongurka drauftut&#8230;. zudem sowohl Preiselbeeren wie auch Gurkenrelish viel zu viel war f\u00fcr die 8 K\u00f6ttbullar mit &#8220;Kartoffelmus&#8221;.<\/p>\n<p><a href='http:\/\/extra.inmontanis.info\/d\/101532-2\/DSC08140.jpg'><img src=http:\/\/extra.inmontanis.info\/d\/101531-3\/DSC08140.jpg \/><\/a><br \/>\n^ K\u00f6ttbullar von Biltema um g\u00fcnstige 39,- mit etwas arg viel Preiselbeeren und Bostongurka<\/p>\n<p>Bei Rusta gab&#8217;s zuf\u00e4llig die coolen britischen Schoko-Orangen, musste ich nat\u00fcrlich eine mitnehmen. Wenn ich das gewusst h\u00e4tte, dann h\u00e4tte ich die Schoko-Orange, die ich letztes Jahr im UK mitgenommen hatte, nicht erst heuer im September gegessen (weil sie so lang haltbar war) &#8211; also werd ich mir die hier vielleicht mal 2-3 Monate aufheben. Je nachdem.<\/p>\n<p>Was ich nirgends bekam: einen zweiten, kleinen Pinkelkanister. Meiner m\u00fcsste ja 2 oder 2,5l haben, was manchmal f\u00fcr 2 Tage schon grenzwertig sein kann. Also h\u00e4tte ich mir mal noch einen zweiten mit 2-3l kaufen wollen. Zu gro\u00df ist ja auch nix, schwer und gro\u00df und in der T\u00fcte schwer zu schleppen. Aber eben, nur 5l oder gr\u00f6\u00dfer geshen bisher. Meinen jetzigen m\u00fcsste ich in einem ICA-Supermarkt\/Kaufhaus am Inlandsv\u00e4gen gekauft haben, meine ich.<\/p>\n<p>DIe Sonne hielt sich heut auch noch zur\u00fcck, morgen soll&#8217;s dann sonnig werden, vielleicht sogar ein Sonnenaufgang am Meer? Wegen der Zeitumstellung dan leider schon kurz nach 7 statt nach 8 Uhr wie es heute gewesen w\u00e4re.<\/p>\n<p>Vor dem Nachtplatz kam ich wieder an der stillgelegte Eisenh\u00fctte von Galtstr\u00f6m vorbei, wo ich am 7.4.2021 bereits war, weshalb ich diesmal nicht so viel fotografiert hab bzw. andere Teile des Gel\u00e4ndes:<br \/>\n<a href='http:\/\/blog.inmontanis.info\/?p=6698'>http:\/\/blog.inmontanis.info\/?p=6698<\/a><br \/>\n(^ das an dem Tag besuchte Skigebiet Nolbybacken hab ich diesmal nicht besucht, da ja schon 2x im Winter Ski gefahren.)<\/p>\n<p>&#128681; Gespeicherte Geolocation &#8211; Karte anzeigen: <a href='https:\/\/www.google.com\/maps\/@?api=1&#038;map_action=map&#038;center=62.1623578,17.50133&#038;zoom=12&#038;basemap=terrain' target=_blank> GoogleMaps<\/a> &#128681; <a href='https:\/\/www.openstreetmap.org\/?&#038;mlat=62.1623578&#038;mlon=17.50133#map=10\/62.1623578\/17.50133&#038;layers=P' target=_blank> OSM &#128681;<\/a><\/p>\n<p><a href='http:\/\/extra.inmontanis.info\/d\/101392-2\/DSC08147.jpg'><img src=http:\/\/extra.inmontanis.info\/d\/101391-3\/DSC08147.jpg \/><\/a><br \/>\n^ Die neuen Personenw\u00e4gen in Galtstr\u00f6m m\u00fcssen wohl drau\u00dfen \u00fcberwintern<\/p>\n<p><a href='http:\/\/extra.inmontanis.info\/d\/101396-2\/DSC08149.jpg'><img src=http:\/\/extra.inmontanis.info\/d\/101395-3\/DSC08149.jpg \/><\/a><br \/>\n^ Die neuen Personenwaggons<\/p>\n<p><a href='http:\/\/extra.inmontanis.info\/d\/101400-2\/DSC08151.jpg'><img src=http:\/\/extra.inmontanis.info\/d\/101399-3\/DSC08151.jpg \/><\/a><br \/>\n^ .. schauen jedenfalls besser und aufw\u00e4ndiger aus als eine gewisse letztes Jahr in Irland besuchte Bahn &#8230;<\/p>\n<p><a href='http:\/\/extra.inmontanis.info\/d\/101404-2\/DSC08152.jpg'><img src=http:\/\/extra.inmontanis.info\/d\/101403-3\/DSC08152.jpg \/><\/a><br \/>\n^ Der dritte Waggon<\/p>\n<p><a href='http:\/\/extra.inmontanis.info\/d\/101408-2\/DSC08155.jpg'><img src=http:\/\/extra.inmontanis.info\/d\/101407-3\/DSC08155.jpg \/><\/a><br \/>\n^ Sch\u00f6n gemacht, wie eine alte Tram.<\/p>\n<p><a href='http:\/\/extra.inmontanis.info\/d\/101412-2\/DSC08156.jpg'><img src=http:\/\/extra.inmontanis.info\/d\/101411-3\/DSC08156.jpg \/><\/a><br \/>\n^ Infotafel<\/p>\n<p><a href='http:\/\/extra.inmontanis.info\/d\/101416-2\/DSC08157.jpg'><img src=http:\/\/extra.inmontanis.info\/d\/101415-3\/DSC08157.jpg \/><\/a><br \/>\n^ Infotafel<\/p>\n<p><a href='http:\/\/extra.inmontanis.info\/d\/101420-2\/DSC08158.jpg'><img src=http:\/\/extra.inmontanis.info\/d\/101419-3\/DSC08158.jpg \/><\/a><br \/>\n^ Die Bauernh\u00e4user, die ebenfalls zu dem Museum geh\u00f6ren<\/p>\n<p><a href='http:\/\/extra.inmontanis.info\/d\/101424-2\/DSC08164.jpg'><img src=http:\/\/extra.inmontanis.info\/d\/101423-3\/DSC08164.jpg \/><\/a><br \/>\n^ Irgendein Antrieb f\u00fcr irgendwas<\/p>\n<p><a href='http:\/\/extra.inmontanis.info\/d\/101428-2\/DSC08165.jpg'><img src=http:\/\/extra.inmontanis.info\/d\/101427-3\/DSC08165.jpg \/><\/a><br \/>\n^ Noch ein Wagen<\/p>\n<p><a href='http:\/\/extra.inmontanis.info\/d\/101432-2\/DSC08167.jpg'><img src=http:\/\/extra.inmontanis.info\/d\/101431-3\/DSC08167.jpg \/><\/a><br \/>\n^ Kutsche<\/p>\n<p><a href='http:\/\/extra.inmontanis.info\/d\/101436-2\/DSC08168.jpg'><img src=http:\/\/extra.inmontanis.info\/d\/101435-3\/DSC08168.jpg \/><\/a><br \/>\n^ Gestauter Fluss mit Waschhaus und B\u00e4ckerei<\/p>\n<p><a href='http:\/\/extra.inmontanis.info\/d\/101440-2\/DSC08169.jpg'><img src=http:\/\/extra.inmontanis.info\/d\/101439-3\/DSC08169.jpg \/><\/a><br \/>\n^ Zugbr\u00fccke bzw. besser Zugsbr\u00fccke<\/p>\n<p><a href='http:\/\/extra.inmontanis.info\/d\/101444-2\/DSC08171.jpg'><img src=http:\/\/extra.inmontanis.info\/d\/101443-3\/DSC08171.jpg \/><\/a><br \/>\n^ Schlitten<\/p>\n<p><a href='http:\/\/extra.inmontanis.info\/d\/101448-2\/DSC08172.jpg'><img src=http:\/\/extra.inmontanis.info\/d\/101447-3\/DSC08172.jpg \/><\/a><br \/>\n^ Infotafel dazu<\/p>\n<p><a href='http:\/\/extra.inmontanis.info\/d\/101452-2\/DSC08173.jpg'><img src=http:\/\/extra.inmontanis.info\/d\/101451-3\/DSC08173.jpg \/><\/a><br \/>\n^ Waschhaus und B\u00e4ckerei<\/p>\n<p><a href='http:\/\/extra.inmontanis.info\/d\/101456-2\/DSC08174.jpg'><img src=http:\/\/extra.inmontanis.info\/d\/101455-3\/DSC08174.jpg \/><\/a><br \/>\n^ Zugstrecke<\/p>\n<p><a href='http:\/\/extra.inmontanis.info\/d\/101460-2\/DSC08176.jpg'><img src=http:\/\/extra.inmontanis.info\/d\/101459-3\/DSC08176.jpg \/><\/a><br \/>\n^ Zugstrecke richtung Eisenh\u00fctte<\/p>\n<p><a href='http:\/\/extra.inmontanis.info\/d\/101464-2\/DSC08177.jpg'><img src=http:\/\/extra.inmontanis.info\/d\/101463-3\/DSC08177.jpg \/><\/a><br \/>\n^ <\/p>\n<p><a href='http:\/\/extra.inmontanis.info\/d\/101468-2\/DSC08178.jpg'><img src=http:\/\/extra.inmontanis.info\/d\/101467-3\/DSC08178.jpg \/><\/a><br \/>\n^ Dammvorrichtung<\/p>\n<p><a href='http:\/\/extra.inmontanis.info\/d\/101472-2\/DSC08179.jpg'><img src=http:\/\/extra.inmontanis.info\/d\/101471-3\/DSC08179.jpg \/><\/a><br \/>\n^ <\/p>\n<p><a href='http:\/\/extra.inmontanis.info\/d\/101476-2\/DSC08182.jpg'><img src=http:\/\/extra.inmontanis.info\/d\/101475-3\/DSC08182.jpg \/><\/a><br \/>\n^ Interessant auch die gr\u00fcnen gl\u00e4sernen Steine<\/p>\n<p><a href='http:\/\/extra.inmontanis.info\/d\/101480-2\/DSC08181.jpg'><img src=http:\/\/extra.inmontanis.info\/d\/101479-3\/DSC08181.jpg \/><\/a><br \/>\n^ Gr\u00fcne Glas-Steine; vieleicht wurden die hier produziert oder waren ein Abfallprodukt?<\/p>\n<p><a href='http:\/\/extra.inmontanis.info\/d\/101484-2\/DSC08184.jpg'><img src=http:\/\/extra.inmontanis.info\/d\/101483-3\/DSC08184.jpg \/><\/a><br \/>\n^ Hochofen<\/p>\n<p><a href='http:\/\/extra.inmontanis.info\/d\/101488-2\/DSC08186.jpg'><img src=http:\/\/extra.inmontanis.info\/d\/101487-3\/DSC08186.jpg \/><\/a><br \/>\n^ (Bissl Schnee links)<\/p>\n<p>Das Fotografieren hier k\u00fchlte mich nat\u00fcrlich aus und am nahen Hafen standen bereits 2 Wohnmobile und 1 Wohnwagen. Bin noch kurz etwas an der K\u00fcste entlang und hab dann geh\u00f6rt, dass der mittlere Wohnwagen ein Stromaggregat laufen hatte, das sie ein St\u00fcckchen weg im Wald hingestellt haben, aber nat\u00fcrlich trotzdem deutlich h\u00f6rbar w\u00e4re in meinem Auto. Dann stell ich mich wohl lieber ein paar Meter weg auf den Parkplatz zuvor im Wald neben der Stra\u00dfe ohne Blick aufs Meer. K\u00f6nnte zwar sein, dass die das Aggregat nachts ausschalten, aber ist ein Risiko. Erst recht falls es sich immer wieder aus- und einschalten sollte. Allerdings h\u00e4tte ich ansonsten noch Vollmondbilder am Meer machen k\u00f6nnen. Aber wer denkt da denn dran.<\/p>\n<p><a href='http:\/\/extra.inmontanis.info\/d\/101492-2\/DSC08189.jpg'><img src=http:\/\/extra.inmontanis.info\/d\/101491-3\/DSC08189.jpg \/><\/a><br \/>\n^ Meerblick am Hafen n\u00e4he der Eisenh\u00fctte, wo im Sommer der Zug hinf\u00e4hrt<\/p>\n<p><a href='http:\/\/extra.inmontanis.info\/d\/101496-2\/DSC08193.jpg'><img src=http:\/\/extra.inmontanis.info\/d\/101495-3\/DSC08193.jpg \/><\/a><br \/>\n^ Hafen<\/p>\n<p><a href='http:\/\/extra.inmontanis.info\/d\/101500-2\/DSC08195.jpg'><img src=http:\/\/extra.inmontanis.info\/d\/101499-3\/DSC08195.jpg \/><\/a><br \/>\n^ Meer<\/p>\n<p><a href='http:\/\/extra.inmontanis.info\/d\/101504-2\/DSC08203.jpg'><img src=http:\/\/extra.inmontanis.info\/d\/101503-3\/DSC08203.jpg \/><\/a><br \/>\n^ Meer, Abendd\u00e4mmerung und Blick richtung S\u00fcdost<\/p>\n<p><a href='http:\/\/extra.inmontanis.info\/d\/101536-2\/DSC08141.jpg'><img src=http:\/\/extra.inmontanis.info\/d\/101535-3\/DSC08141.jpg \/><\/a><br \/>\n^ Die Chips links hatten mir vor 2 Jahren ganz gut geschmeckt, die Schoko-Orange (aus Orangen-Schoko!ade) fand ich letztes Jahr in UK genial und das Trocadero-Limo, wenn&#8217;s g\u00fcnstig ist, passt auch.<\/p>\n<p><a href='http:\/\/extra.inmontanis.info\/d\/101540-2\/DSC08213.jpg'><img src=http:\/\/extra.inmontanis.info\/d\/101539-3\/DSC08213.jpg \/><\/a><br \/>\n^ Rindfleisch mit b\u00f6hmischen Kn\u00f6deln; das Fleisch war zwar gro\u00df, aber etwas z\u00e4h, mit dem L\u00f6ffel nicht zerteilbar, musste ich also entnehmen und mit dem Messer zerschneiden.<\/p>\n<p>Sv\u00ed\u010dkov\u00e1 na smetan\u011b s knedl\u00edky. Dem Bild auf der Verpackung nach h\u00e4tte man da Preiselbeeren dazu essen k\u00f6nnen &#8211; h\u00e4tt ich den Rest vom MIttagessen doch aufheben sollen.<\/p>\n<p>Hatte ca. vorgestern noch ein St\u00fcck Schaumstoff an das schrumpfende Fensterschaumstoffst\u00fcck geklebt, also mit Gewebeband, was dann 2 N\u00e4chte gehalten hat: Heut Abend rutschte der Schaumstoff wieder raus. <\/p>\n<p>Bei Jula h\u00e4tte ich eine dickere &#8220;Isomatte&#8221; gesehen, also 2cm dick, dann werd ich wohl mal die kaufen m\u00fcssen und darauf hoffen, dass die besser h\u00e4lt. Die d\u00fcnneren sind ja alle zu labberig. Bis auf die, die ich am Beifahrerfenster und an der Heckscheibe hab, die ist wirklich sch\u00f6n hart obwohl auch nur ca. 1cm dick. So schade, dass es die diesen Sommer nicht mehr bei Amazon gab. <\/p>\n<p>Was ich dann mit dem Rest der 2m-Rolle mach? Vielleicht hier und da als D\u00e4mmmatte nehmen. Sp\u00e4testens wenn die Skier auf dem Dach sind, kann der Rest ja an der Seite ausgerollt bleiben.  Oder ich nehm ein Teil f\u00fcr den Boden und tu mal die dortige d\u00fcnne Matte weg. Oder als Sitzfl\u00e4che anstelle der d\u00fcnnen vom Sommer. Namaste ..\u00e4h.. Na ma sehn.<\/p>\n<p><strong>So, 29.10.2023<\/strong><\/p>\n<p>Meine Armbanduhr und die im Auto stellte ich nicht auf Winterzeit, weil ich die Zeit ja gleich f\u00fcr Finnland so lassen kann, Handys stellten sich ja selbst um, Standheizung+Navi hab ich umgestellt, weil es mir sonst doch ewas zu kompliziert wird.<\/p>\n<p>Morgens wieder am Hafen angekommen, war der Himmel nicht mehr so sch\u00f6n rot wie ein paar Minuten zuvor und: Wolken \u00fcber dem Meer am Horizont, also kein sch\u00f6ner Sonnenaufang zu erwarten :(<\/p>\n<p><a href='http:\/\/extra.inmontanis.info\/d\/101508-2\/DSC08215.jpg'><img src=http:\/\/extra.inmontanis.info\/d\/101507-3\/DSC08215.jpg \/><\/a><br \/>\n^ Morgend\u00e4mmerung am Hafen<\/p>\n<p><a href='http:\/\/extra.inmontanis.info\/d\/101512-2\/DSC08217.jpg'><img src=http:\/\/extra.inmontanis.info\/d\/101511-3\/DSC08217.jpg \/><\/a><br \/>\n^ Morgend\u00e4mmerung am Meer<\/p>\n<p><a href='http:\/\/extra.inmontanis.info\/d\/101516-2\/DSC08220.jpg'><img src=http:\/\/extra.inmontanis.info\/d\/101515-3\/DSC08220.jpg \/><\/a><br \/>\n^ Leider eine dicke Wolkendecke am Horizont, somit kein sch\u00f6ner Sonnenaufgang zu erwarten<\/p>\n<p><a href='http:\/\/extra.inmontanis.info\/d\/101520-2\/DSC08223.jpg'><img src=http:\/\/extra.inmontanis.info\/d\/101519-3\/DSC08223.jpg \/><\/a><br \/>\n^ Kurz vor Sonnenaufgang<\/p>\n<p><a href='http:\/\/extra.inmontanis.info\/d\/101544-2\/DSC08225.jpg'><img src=http:\/\/extra.inmontanis.info\/d\/101543-3\/DSC08225.jpg \/><\/a><br \/>\n^ Vollmond<\/p>\n<p><a href='http:\/\/extra.inmontanis.info\/d\/101548-2\/DSC08230.jpg'><img src=http:\/\/extra.inmontanis.info\/d\/101547-3\/DSC08230.jpg \/><\/a><br \/>\n^ Meerblick von der E4 aus n\u00e4he Sundsvall<\/p>\n<p>Im nahen Sundsvall hab ich dann die beiden Skigebiete abgegrast, besser gesagt das erste etwas mehr, beim zweiten wegen Schatten und K\u00e4lte bin ich gar nicht ausgestiegen. -5\u00b0 hatte es heute Morgen die ganze Zeit schon.<\/p>\n<p>&#128681; Gespeicherte Geolocation &#8211; Karte anzeigen: <a href='https:\/\/www.google.com\/maps\/@?api=1&#038;map_action=map&#038;center=62.3692606,17.3195442&#038;zoom=12&#038;basemap=terrain' target=_blank> GoogleMaps<\/a> &#128681; <a href='https:\/\/www.openstreetmap.org\/?&#038;mlat=62.3692606&#038;mlon=17.3195442#map=10\/62.3692606\/17.3195442&#038;layers=P' target=_blank> OSM &#128681;<\/a><\/p>\n<p><a href='http:\/\/ski.inmontanis.info\/d\/322234-2\/DSC08231.jpg'><img src=http:\/\/ski.inmontanis.info\/d\/322232-3\/DSC08231.jpg \/><\/a><br \/>\n^ Skigebiet Sundsvall S\u00f6dra Berget, relativ steil und kurz, aber von oben &#8230;.<\/p>\n<p><a href='http:\/\/ski.inmontanis.info\/d\/322238-2\/DSC08234.jpg'><img src=http:\/\/ski.inmontanis.info\/d\/322237-3\/DSC08234.jpg \/><\/a><br \/>\n^ Talstation, schaut nach Alimak aus<\/p>\n<p><a href='http:\/\/ski.inmontanis.info\/d\/322242-2\/DSC08243.jpg'><img src=http:\/\/ski.inmontanis.info\/d\/322241-3\/DSC08243.jpg \/><\/a><br \/>\n^ Bergstation SL<\/p>\n<p><a href='http:\/\/ski.inmontanis.info\/d\/322246-2\/DSC08244.jpg'><img src=http:\/\/ski.inmontanis.info\/d\/322245-3\/DSC08244.jpg \/><\/a><br \/>\n^ SL mit Blick aufs Meer (oder vielleicht noch nicht ganz?) und Sundsvall<\/p>\n<p><a href='http:\/\/ski.inmontanis.info\/d\/322250-2\/DSC08245.jpg'><img src=http:\/\/ski.inmontanis.info\/d\/322249-3\/DSC08245.jpg \/><\/a><br \/>\n^ Seitlich kann man auch aufs offene Meer schauen<\/p>\n<p><a href='http:\/\/ski.inmontanis.info\/d\/322254-2\/DSC08246.jpg'><img src=http:\/\/ski.inmontanis.info\/d\/322253-3\/DSC08246.jpg \/><\/a><br \/>\n^ SL+Sundsvall<\/p>\n<p><a href='http:\/\/ski.inmontanis.info\/d\/322258-2\/DSC08249.jpg'><img src=http:\/\/ski.inmontanis.info\/d\/322257-3\/DSC08249.jpg \/><\/a><br \/>\n^ SL+Sundsvall<\/p>\n<p><a href='http:\/\/ski.inmontanis.info\/d\/322262-2\/DSC08251.jpg'><img src=http:\/\/ski.inmontanis.info\/d\/322261-3\/DSC08251.jpg \/><\/a><br \/>\n^ Abfahrt<\/p>\n<p><a href='http:\/\/ski.inmontanis.info\/d\/322266-2\/DSC08253.jpg'><img src=http:\/\/ski.inmontanis.info\/d\/322265-3\/DSC08253.jpg \/><\/a><br \/>\n^ <\/p>\n<p><a href='http:\/\/ski.inmontanis.info\/d\/322270-2\/DSC08254.jpg'><img src=http:\/\/ski.inmontanis.info\/d\/322269-3\/DSC08254.jpg \/><\/a><br \/>\n^ Abfahrt mit Meerblick. Schade, dass ich hier im Winter noch nicht da war, aber glaub die hatten eine k\u00fcrzere Saison als das nahe Nolbybacken-Skigebiet<\/p>\n<p><a href='http:\/\/ski.inmontanis.info\/d\/322274-2\/DSC08255.jpg'><img src=http:\/\/ski.inmontanis.info\/d\/322273-3\/DSC08255.jpg \/><\/a><br \/>\n^ Blick auch zum Parkplatz, wo ich zuvor war<\/p>\n<p><a href='http:\/\/ski.inmontanis.info\/d\/322278-2\/DSC08257.jpg'><img src=http:\/\/ski.inmontanis.info\/d\/322277-3\/DSC08257.jpg \/><\/a><br \/>\n^ Mit Br\u00fccke<\/p>\n<p><a href='http:\/\/ski.inmontanis.info\/d\/322282-2\/DSC08258.jpg'><img src=http:\/\/ski.inmontanis.info\/d\/322281-3\/DSC08258.jpg \/><\/a><br \/>\n^ E4-Mautbr\u00fccke und noch eine weitere Br\u00fccke<\/p>\n<p><a href='http:\/\/ski.inmontanis.info\/d\/322286-2\/DSC08260.jpg'><img src=http:\/\/ski.inmontanis.info\/d\/322285-3\/DSC08260.jpg \/><\/a><br \/>\n^ Meerblick und Sonne, da m\u00fcssten ein paar B\u00e4ume weg f\u00fcr&#8217;s Pano<\/p>\n<p><a href='http:\/\/ski.inmontanis.info\/d\/322290-2\/DSC08261.jpg'><img src=http:\/\/ski.inmontanis.info\/d\/322289-3\/DSC08261.jpg \/><\/a><br \/>\n^ Bergstation k\u00f6nnte idyllischer sein<\/p>\n<p><a href='http:\/\/ski.inmontanis.info\/d\/322294-2\/DSC08266.jpg'><img src=http:\/\/ski.inmontanis.info\/d\/322293-3\/DSC08266.jpg \/><\/a><br \/>\n^ Skigebiet Sundsvall Sidsj\u00f6backen<\/p>\n<p><a href='http:\/\/ski.inmontanis.info\/d\/322298-2\/DSC08268.jpg'><img src=http:\/\/ski.inmontanis.info\/d\/322297-3\/DSC08268.jpg \/><\/a><br \/>\n^ Sidsj\u00f6backen Pistenplan<\/p>\n<p><a href='http:\/\/ski.inmontanis.info\/d\/322302-2\/DSC08269.jpg'><img src=http:\/\/ski.inmontanis.info\/d\/322301-3\/DSC08269.jpg \/><\/a><br \/>\n^ Sidsj\u00f6backen<\/p>\n<p><a href='http:\/\/ski.inmontanis.info\/d\/322306-2\/DSC08271.jpg'><img src=http:\/\/ski.inmontanis.info\/d\/322305-3\/DSC08271.jpg \/><\/a><br \/>\n^ Sidsj\u00f6backen am namensgebenden See<\/p>\n<p>In der riesigen Einkaufsstadt Birsta gings zu einem McD, schauen, was das Fr\u00fchst\u00fcck kostet.  Ein McMuffin Bacon Egg mit 35,- (etwas \u00fcber 3,- \u20ac) auch nicht gerade g\u00fcnstig. Ich nahm dann den Saussage-Bacon-Egg-Cheese-Muffin um 45,-, w\u00e4hlte aber das Ketchup ab. G\u00fcnstiger als in DE\/AT sind \u00fcbrigens auch Hamburger (15,-) und Cheeseburger (18,-).<\/p>\n<p><a href='http:\/\/extra.inmontanis.info\/d\/101552-2\/DSC08272.jpg'><img src=http:\/\/extra.inmontanis.info\/d\/101551-3\/DSC08272.jpg \/><\/a><br \/>\n^ McMuffin Bacon Saussage Cheese Egg<\/p>\n<p>Falls ich in den letzten Tagen etwas &#8220;verfressen&#8221; wirke &#8211; ich nutz das momentan nur aus, weil es diese (g\u00fcnstigen) M\u00f6glichkeiten sp\u00e4ter in den l\u00e4ndlicheren Gebieten nicht oder kaum mehr gibt.<\/p>\n<p>Die Wettervorhersage w\u00fcrde nun f\u00fcr K\u00e5bdalis die n\u00e4chsten 3 Tage Sonnenschein melden. W\u00e4r ja dann schon etwa reizend, trotz des Umwegs, der Minustemperaturen und des teuren Skipasses nur f\u00fcr die eine Depotschneeabfahrt an der alten Poma-3SB. Allerdings steht auf der Website, dass nur am WE und den Feiertagen eine \u00d6ffnung einer halben Piste garantiert werden kann, unter der Woche normalerweise alles f\u00fcr Training gesperrt. Pff, dann halt nicht.  Andererseits schreiben sie schon von 2 offenen Abfahrten und am DI\/MI sollen sogr weitere Abfahrten und Lifte(!!) \u00f6ffnen.<\/p>\n<p>T\u00e4nndalen hat auch schon offen mit einem SL <\/p>\n<p>Ruka wohl morgen auch sonnig, dann aber wieder wolkiger gemeldet. Ne, heut fahr ich nicht mehr so weit. Temperaturen? -10\u00b0 in K. und kaum w\u00e4rmer in R. <\/p>\n<p>Nach dem McD gings noch zu Maxi-ICA und Jula. Oatly Haferkakao mit 17,95 ungek\u00fchlt g\u00fcnstiger als Milch-Kakao (aus dem K\u00fchlregal), also 2 mitgenommen (wohin??) .. und nat\u00fcrlich wurde die T\u00fcte wieder zu voll. Getestet: Pistazienvanillecreme- statt Zimtschnecke. So gern ich Pistazien mag, aber in dem Fall bevorzuge ich Zimt.<\/p>\n<p>Die 2cm dicke gr\u00fcne Matte hatte dann 229,- SEK (also unter 20 \u20ac) gekostet und die gr\u00fcne Sonnenbrille 39,-, da sich meine norwegische von vor ca. 2 Jahren ja schon langsam aufl\u00f6st &#8211; und bevor ich dann anderswo mehr zahlen muss, kommt die jetzt halt als Ersatz ins Handschuhfach.<\/p>\n<p><a href='http:\/\/extra.inmontanis.info\/d\/101556-2\/DSC08273.jpg'><img src=http:\/\/extra.inmontanis.info\/d\/101555-3\/DSC08273.jpg \/><\/a><br \/>\n^ Neue Matte und Brille<\/p>\n<p>G\u00fcnstige, feste, wasserdichte Wintertiefel (h\u00f6her als meine und wesentlich stabiler) um 249,- SEK h\u00e4tt es auch gegeben, da Jula auch eine schwerpunktm\u00e4sige Arbeitsbekleidungsabteilung hat, aber mal nicht gekauft. Aber gut zu wissen, falls meine Sohle sp\u00e4ter doch wieder rei\u00dft.<\/p>\n<p>Heut kam ich auch an Skuleberget vorbei &#8211; da bin ich ja vor fast exakt 2 Jahren, am 29.10.2021 (ohne Schnee und bei +9\u00b0), raufgewandert, das Bild ist zuf\u00e4llig diesen Monat Oktober auf meinem Kalender 2023.<br \/>\n<a href='http:\/\/blog.inmontanis.info\/?p=7229'>http:\/\/blog.inmontanis.info\/?p=7229<\/a><\/p>\n<p><a href='http:\/\/extra.inmontanis.info\/d\/101560-2\/DSC08275.jpg'><img src=http:\/\/extra.inmontanis.info\/d\/101559-3\/DSC08275.jpg \/><\/a><br \/>\n^ See (oder Meer) und Schnee an der E4 n\u00e4he H\u00e4rn\u00f6sand<\/p>\n<p><a href='http:\/\/ski.inmontanis.info\/d\/322310-2\/DSC08281.jpg'><img src=http:\/\/ski.inmontanis.info\/d\/322309-3\/DSC08281.jpg \/><\/a><br \/>\n^ Skigebiet V\u00e5rdkasen von der E4, wo ich auf dem kuriosen Aussichtsturm am 31.10.2021 war &#8211; leider kaum Sicht gehabt, aber heut wollt ich auch nicht rauffahren. Liegt schon sch\u00f6n Schnee dort, der aber auch wieder schmelzen k\u00f6nnte<\/p>\n<p><a href='http:\/\/ski.inmontanis.info\/d\/322314-2\/DSC08282.jpg'><img src=http:\/\/ski.inmontanis.info\/d\/322313-3\/DSC08282.jpg \/><\/a><br \/>\n^ Skigebiet V\u00e5rdkasen von der E4<\/p>\n<p><a href='http:\/\/extra.inmontanis.info\/d\/101564-2\/DSC08285.jpg'><img src=http:\/\/extra.inmontanis.info\/d\/101563-3\/DSC08285.jpg \/><\/a><br \/>\n^ Meerblick von E4<\/p>\n<p><a href='http:\/\/extra.inmontanis.info\/d\/101568-2\/DSC08286.jpg'><img src=http:\/\/extra.inmontanis.info\/d\/101567-3\/DSC08286.jpg \/><\/a><br \/>\n^ Skigebiet bei \u00d6rnsk\u00f6ldsvik, hatte gedacht, die Stra\u00dfe w\u00fcrde mich zur Bergstation f\u00fchren ..<\/p>\n<p><a href='http:\/\/extra.inmontanis.info\/d\/101572-2\/DSC08287.jpg'><img src=http:\/\/extra.inmontanis.info\/d\/101571-3\/DSC08287.jpg \/><\/a><br \/>\n^ .. ende aber bei den Sprungschanzen und weil kalt und Schneefall, hab ich nicht weiter nach dem SL gesucht. Rechts au\u00dferhalb des Bildes endet aber die DSB vom Tal neben der Sprungschanze her<\/p>\n<p><a href='http:\/\/extra.inmontanis.info\/d\/101576-2\/DSC08290.jpg'><img src=http:\/\/extra.inmontanis.info\/d\/101575-3\/DSC08290.jpg \/><\/a><br \/>\n^ .. wobei diese Sprungschanze vom Tal her weiter unten endet, also wird die DSB da wohl noch einen Zwischenausstieg haben<\/p>\n<p><a href='http:\/\/extra.inmontanis.info\/d\/101580-2\/DSC08295.jpg'><img src=http:\/\/extra.inmontanis.info\/d\/101579-3\/DSC08295.jpg \/><\/a><br \/>\n^ \u00d6rnsk\u00f6ldsvik Sprungschanze samt DSB<\/p>\n<p><a href='http:\/\/extra.inmontanis.info\/d\/101584-2\/DSC08300.jpg'><img src=http:\/\/extra.inmontanis.info\/d\/101583-3\/DSC08300.jpg \/><\/a><br \/>\n^ Auch gr\u00f6\u00dfere Seen sind bereits vereist und mit einer Schneedecke versehen<\/p>\n<p>Um 14:30 wurde es bereits d\u00fcster, dass man das Abblendlicht einschalten sollte. Somit schien der Beusch des n\u00e4chsten Skigebiets nicht mehr sinnvoll zu sein. Man k\u00f6nnte noch ein Restaurant auf dem Weg besuchen, da soll&#8217;s das Tagesmen\u00fc (samt Salatbuffet, Getr\u00e4nk, Kaffee..) um nur 95,- SEK geben. Oder ich schau, dass ich morgen ein Lunchbuffet wo bekomm?<\/p>\n<p>\u00dcbernachtet wird kurioserweise wohl genau an dem Parkplatz, wo ich bisher das einzigste Mal sp\u00e4t abends von derPolizei Besuch bekam (weil die damals von einer Passantin oder so informiert wurde, wobei es kein Problem war, dass ich dann hier \u00fcbernachtet hatte &#8211; war am 26.10.2021).<\/p>\n<p>&#128681; Gespeicherte Geolocation &#8211; Karte anzeigen: <a href='https:\/\/www.google.com\/maps\/@?api=1&#038;map_action=map&#038;center=63.6229133,19.9410633&#038;zoom=12&#038;basemap=terrain' target=_blank> GoogleMaps<\/a> &#128681; <a href='https:\/\/www.openstreetmap.org\/?&#038;mlat=63.6229133&#038;mlon=19.9410633#map=10\/63.6229133\/19.9410633&#038;layers=P' target=_blank> OSM &#128681;<\/a><\/p>\n<p>Heut abendliche Arbeiten einerseits das Zurechtschneiden der neuen Schaumstoffmatte f\u00fcrs Fenster, aber auch endlich das Verr\u00e4umen von den kurz\u00e4rmeligen Shirts und der Sommerjacke. Und eigentlich auch das Verr\u00e4umen der Eink\u00e4ufe, aber da schauts jetzt wirklich, wirklich problematisch aus.<\/p>\n<p>Abendessen? Tja, das heut fr\u00fch gekaufte TK-Fertiggericht ist im K\u00fchlschrank nat\u00fcrlich noch nicht aufgetaut (weil eigentlich f\u00fcr morgen gedacht), alternativ das letzte aus CZ (sowas wie Nockerl mit Geselchtem oder Schinken und Kraut?! &#8211; aber noch 1 Monat haltbar) oder ein ungek\u00fchltes, das ich vor einiger Zeit mal im Action mitnahm. Da gab es zwei verschiedene zur Auswahl, eins hatte ich schon, eins muss ich noch. Da das etwas als Backup dienen soll, nahm ich halt doch das noch halb gefrorene. Muss ja momentan keinen Strom sparen, da ich problemlos die Batterie jeden Tag w\u00e4hrend der Fahrt nachladen kann.<\/p>\n<p>Da der Kochtopf ja leider keine verschiedenen Stufen hat, muss ich alle paar Sekunden ein- und ausschalten, damit nix anbrennt.<\/p>\n<p><a href='http:\/\/extra.inmontanis.info\/d\/101588-2\/DSC08305.jpg'><img src=http:\/\/extra.inmontanis.info\/d\/101587-3\/DSC08305.jpg \/><\/a><br \/>\n^ Heutiges TK-Fertiggericht um unter 2,50 \u20ac, paniertes Schnitzel mit Champignonsauce und Kartoffelspalten und Erbsen. Vom Preis-Leistungsverh\u00e4ltnis, der Auswahl, dem Geschmack usw. ist Schweden klar mein Favorit, was TK-Fertiggerichte angeht.<\/p>\n<p>Ich hatte ja die E4 an der K\u00fcste entlang autobahnm\u00e4\u00dfiger in Erinnerung, aber die wirklich autobahnm\u00e4\u00dfig ausgebauten St\u00fccke (2+2) sind sehr selten, h\u00e4ufiger sind 2+1 und 1+2 im Wechsel, teilweise sogar normale Landstra\u00dfe (1+1) und Stadtdurchfahrten. Hin und wieder sieht man das Meer und fast durchgehend hab ich den Tempomat an; dort wo 90 oder 110 erlaubt ist, aber nur mit 85 km\/h. Erstens weil Zeit, zweitens weil spritsparender und irgendwann k\u00f6nnen die hinter mir schon wieder \u00fcberholen. <\/p>\n<p>(Anders gesagt: so nervig langweilig ist die E4 an der K\u00fcste gar nicht. Aber der Inlandsv\u00e4gen ist, weil leerer, mir trotzdem lieber.)<\/p>\n<p>&#8212;<\/p>\n<p>Warnung vor der WHO, erneuterweise&#8230;<br \/>\n<a href='https:\/\/www.anti-spiegel.ru\/2023\/die-who-soll-die-klimakrise-als-gesundheitsnotstand-anerkennen\/'>https:\/\/www.anti-spiegel.ru\/2023\/die-who-soll-die-klimakrise-als-gesundheitsnotstand-anerkennen\/<\/a><\/p>\n","protected":false},"excerpt":{"rendered":"<p>Sa, 28.10.2023<\/p>\n<p>Da ich wegen des Nachtplatzes heut nicht so weit fahren wollte, hab ich noch auf Karten usw. gecheckt, ob was auf dem Weg l\u00e4ge, was mich interessieren k\u00f6nnte &#8211; aber nichts gefunden. Die Skigebiete hatte ich auch schon mal fotografiert, einkaufen oder Essen gehen wollte ich heut eigentlich auch nicht, zus\u00e4tzlich zu den <a href=\"http:\/\/blog.inmontanis.info\/?p=9497\">[&#8230;]<\/a><\/p>\n","protected":false},"author":1,"featured_media":9499,"comment_status":"closed","ping_status":"closed","sticky":false,"template":"","format":"standard","meta":{"footnotes":""},"categories":[912,19,32],"tags":[37,45,47],"class_list":["post-9497","post","type-post","status-publish","format-standard","has-post-thumbnail","hentry","category-2023-09-2024-xx-skandinavien","category-schwedensweden","category-lostplaces","tag-meer","tag-see","tag-sl","odd"],"_links":{"self":[{"href":"http:\/\/blog.inmontanis.info\/index.php?rest_route=\/wp\/v2\/posts\/9497","targetHints":{"allow":["GET"]}}],"collection":[{"href":"http:\/\/blog.inmontanis.info\/index.php?rest_route=\/wp\/v2\/posts"}],"about":[{"href":"http:\/\/blog.inmontanis.info\/index.php?rest_route=\/wp\/v2\/types\/post"}],"author":[{"embeddable":true,"href":"http:\/\/blog.inmontanis.info\/index.php?rest_route=\/wp\/v2\/users\/1"}],"replies":[{"embeddable":true,"href":"http:\/\/blog.inmontanis.info\/index.php?rest_route=%2Fwp%2Fv2%2Fcomments&post=9497"}],"version-history":[{"count":3,"href":"http:\/\/blog.inmontanis.info\/index.php?rest_route=\/wp\/v2\/posts\/9497\/revisions"}],"predecessor-version":[{"id":9501,"href":"http:\/\/blog.inmontanis.info\/index.php?rest_route=\/wp\/v2\/posts\/9497\/revisions\/9501"}],"wp:featuredmedia":[{"embeddable":true,"href":"http:\/\/blog.inmontanis.info\/index.php?rest_route=\/wp\/v2\/media\/9499"}],"wp:attachment":[{"href":"http:\/\/blog.inmontanis.info\/index.php?rest_route=%2Fwp%2Fv2%2Fmedia&parent=9497"}],"wp:term":[{"taxonomy":"category","embeddable":true,"href":"http:\/\/blog.inmontanis.info\/index.php?rest_route=%2Fwp%2Fv2%2Fcategories&post=9497"},{"taxonomy":"post_tag","embeddable":true,"href":"http:\/\/blog.inmontanis.info\/index.php?rest_route=%2Fwp%2Fv2%2Ftags&post=9497"}],"curies":[{"name":"wp","href":"https:\/\/api.w.org\/{rel}","templated":true}]}}