{"id":9493,"date":"2023-10-27T18:02:11","date_gmt":"2023-10-27T16:02:11","guid":{"rendered":"http:\/\/blog.inmontanis.info\/?p=9493"},"modified":"2023-10-29T18:48:55","modified_gmt":"2023-10-29T17:48:55","slug":"fahre-dackestupet-spokbacken-23-27-10-2023","status":"publish","type":"post","link":"http:\/\/blog.inmontanis.info\/?p=9493","title":{"rendered":"F\u00e4hre, Dackestupet, Sp\u00f6kbacken, &#8230;, 23.-27.10.2023"},"content":{"rendered":"<p><strong>Mo, 23.10.2023<\/strong><\/p>\n<p>Ich hab&#8217;s ja erst im Juni bei 4,99 gesagt, aber jetzt wirds wohl wirklich mein letzter McRib gewesen sein, kostet er nun doch 5,29 \u20ac. Hamburger \u00fcbrigens 1,79, Cheesburger 1,99, Pommes 2,59 oder so, Apfeltasche 1,99. Portion Ketchup 0,50 .. gibts in manch anderen L\u00e4ndern umsonst &#8230;<\/p>\n<p>Ebenfalls eine Nennung n\u00f6tig, weil in den letzten Wochen nervend aufgefallen: Waschbecken. Wie sch\u00f6n waren die alten Zeiten, wo man wusste, wie man das Wasser aufzudrehen hatte &#8211; und wenn kein Hebel oder Schraubgriff zu sehen war, dann war es eben sensorgesteuert. Oder in Italien: Mit einem Fu\u00dfpedal. Wobei ja auch Hebel mittlerweile die verschiedensten Varianten bieten. So kann links\/rechts nicht kalt\/warm sein, sondern ein\/aus bedeuten.<\/p>\n<p>Heutzutage muss ein fehlender Hebel \/ Griff auch nicht gleichbedeutend mit Sensor sein. K\u00f6nnte auch eine Drucktaste irgendwo sein. Heute hatte ich ein Waschbecken, wo man in der Mitte nach unten dr\u00fccken musste. Und die sensorgesteuerten funktionieren ja auch h\u00e4ufig nicht richtig, der Sensor reagiert auch oft an bescheuerten Stellen. Oder gar nicht. Man steht also heutzutage unn\u00f6tig lang am Waschbecken, um zu versuchen, den Wasserfluss zu aktivieren. <\/p>\n<p>Kurz gesagt: Wieder etwas, was fr\u00fcher einfach besser war. (Noch nerviger sind nat\u00fcrlich eckige Klobrillen, weil unbequem, aber zum Gl\u00fcck nur sehr selten anzutreffen.)<\/p>\n<p>Heute also etwas diagonal mit wenig Autobahn bis Berlin\/Potsdam fahren und auf dem Weg einige Shoppingstops \u00e4h Einkaufshalte machen, Auto w\u00e4r ja eigenltich voll, aber&#8230;. Dann an Berlin vorbei auf der Autobahn und noch etwas in Richtung Rostock und ca. 1h davor einen Schlafplatz finden, das war der heutige Plan.<\/p>\n<p>Die F\u00e4hre geht morgen um 15:10, Check-In bis 60min, also  14:10, d.h. 1h Fahrzeit plus 2h Puffer sollte hoffentlich reichen.<\/p>\n<p>Im Edeka wurde meine Einkaufst\u00fcte voll, wollt ja gar nicht so viel, aber \u00fcber einen rosinenlosen Mandelstollen gestolpert und in den letzten Jahren ja immer mal wieder aufgepasst, aber nirgends (Schweden, \u00d6sterreich) einen Stollen ohne Rosinen gesehen. Also dann halt dieses etwas gr\u00f6\u00dfere Exemplar mitgenommen. <\/p>\n<p>Ich \u00fcberlegte noch, was ich wohl in Schweden nicht bekommen w\u00fcrde und da fiel mir f\u00fcr die \u00c4lplermaccaroni Apfelmus und vorgekochte Kartoffeln ein, irgendwas hatte ich entweder in Schweden oder Norwegen doch nicht bekommen? Daher erst das Glas Kartoffeln in der Hand gehabt und sp\u00e4ter stattdessen das Glas Apfelmus. Ein paar Tage sp\u00e4ter in Schweden: Es g\u00e4be hier beides. Muss dann wohl Norwegen gewesen sein. <\/p>\n<p>Beim Becker am Eingang probierte ich noch die Streuselschnecke (hab ja noch 1 Granatsplitter im K\u00fchlschrank, hier keinen gesehen) .. jaja, was diese Sachen angeht, hat zwar AT auch nicht ganz wenig zu bieten (z.B. im Vergleich zu Skandinavien oder UK, wo es jeweils sehr viel eint\u00f6niger ist), aber DE hat da schon wesentlich mehr, wenn auch bei manchen B\u00e4ckern immer etwas unterschiedlich, also man bekommt nicht \u00fcberall alles.<\/p>\n<p>Musste auch noch 2x wegen Stra\u00dfensperren eine Umleitung fahren, was die k\u00fcrzere Diagonalstrecke dann vermutlich wieder l\u00e4nger machte. Die Stra\u00dfen hier &#8220;im Osten&#8221; abseits der Hauptstra\u00dfen, auch in Ortschaften, sind teilweise eeecht mies.<\/p>\n<p>Einen Action wegen des fehlenden Rauchmelders besucht, auch komisch: bei dem um unter 5 \u20ac mit 9V-Batterie war bei &#8220;Wohnmobil&#8221; ein &#8220;X&#8221; anstelle eines Hakens &#8211; bei dem um unter 10 \u20ac mit 10-Jahres-LiIon-Batterie war dagegen ein &#8220;Haken&#8221;?! Also hab ich halt mal den teureren gekauft, was und warum auch immer da f\u00fcr ein Unterschied sein soll &#8230;. <\/p>\n<p>Somit war ich leider erst um 16:30 an einem russischen Imbisswagen und bekam keine Pelmeni oder Piroschki mehr, nur noch  Bockwurst h\u00e4tte es gegeben, n\u00f6 danke. <\/p>\n<p>Ein deutscher Imbiss mit Currywurst war auch nicht mehr am Weg, ein D\u00f6ner in der kleinen Stadt hier im Osten h\u00e4tte 6,50 gekostet, bitte was? Dann halt nicht. Kochen wollt ich auch nicht mehr, also im Supermarkt in der Brotabteilung noch Pizzast\u00fcck, Bureck und Breze gekauft. Obwohl  mich die tiefgek\u00fchlten Pelmeni ja schon angelacht h\u00e4tten, aber erstens halt viel mit 500g und zweitens h\u00e4tt ich noch Wasser zum Kochen kaufen m\u00fcssen, was ich schon pfandm\u00e4\u00dfig nicht wollte.<\/p>\n<p>Erst um 20:30 Uhr war ich dann endlich an meinem Nachtplatz. H\u00e4tte ich die F\u00e4hre doch ein paar Tage sp\u00e4ter gebucht&#8230;  <\/p>\n<p>Damit ich die heutigen Eink\u00e4ufe auch verr\u00e4umen kann, muss ich zumindest mal die Skibekleidung vom Keller raus bringen, also die warmen Winter-Skisachen von unterm Schrank raus und auf den Beifahrersitz, die etwas weniger warmen Sachen f\u00fcrs Fr\u00fchjahr vom Keller r\u00fcber und dann die Eink\u00e4ufe unterm Keller verstauen&#8230; <\/p>\n<p>&#8230; aber nicht mehr heute, vielleicht morgen beim Warten auf die F\u00e4hre oder dann \u00fcbermorgen, denn morgen Abend nach der F\u00e4hre hab ich auch keine Zeit daf\u00fcr, denn Ankunft in Trelleborg soll um 21:10 Uhr sein und dann muss ich ja noch ein St\u00fcck fahren bis zu einem Nachtplatz.<\/p>\n<p>Der eine Fensterschaumstoff ist schon wieder geschrumpft! Jedenfalls h\u00e4lt er nun auch mit den angeklebten Erweiterungen kaum noch. Albern.<\/p>\n<p><strong>Di, 24.10.2023<\/strong> &#8211; Reisetag Nr. 31<\/p>\n<p>Ich verbrachte den Vormittag am n\u00e4chsten Autobahnrastplatz. Im S\u00fcden Schwedens gibts ja mittlerweile auch etliche KFCs, aber wenn schon einer auf dem Weg vor Rostock liegt &#8230; aber weil ein Einkaufszentrum gegen\u00fcber ist, erst mal da rein schauen. <\/p>\n<p>Das Bild vom H\u00fchnerfleisch-mit-Erdnusssauce beim Asia-Imbiss \u00fcberzeugte mich nicht, die Sauce sah w\u00e4ssrig aus, das Fleisch wei\u00df und viel Gem\u00fcse. Erdnusssauce mag ich ja am liebsten 1. nat\u00fcrlich nicht scharf und 2. zu H\u00fchnerspie\u00dfen.<\/p>\n<p>Der D\u00f6nerstand daneben verkaufte den normalen D\u00f6ner um &#8211; festhalten &#8211; 7 \u20ac. War das jetzt der teuerste in DE+AT, den ich bisher gesehen hab? Mit K\u00e4se w\u00e4ren es glaub ich sogar 8,- gewesen. Trotzdem viele Leute hier.<\/p>\n<p>G\u00fcnstig dagegen das SB-Restaurant: Currywurst mit Pommes um glaub 5,50 \u20ac, Schnitzel mit Pommes 7,50 oder 7,90. H\u00e4tte man halt noch ein kleines Glas Getr\u00e4nk um 2,- \u20ac dazu nehmen m\u00fcssen. S\u00fclze mit Bratkartoffel h\u00e4tte es auch gegeben. Dazwischen ein W\u00fcrstlstand mit Currywurst samt Br\u00f6tchen um auch noch g\u00fcnstige 4,50 \u20ac, daher also doch noch zu einer norddeutschen CW gekommen.<\/p>\n<p><a href='http:\/\/extra.inmontanis.info\/d\/101280-2\/DSC08027.jpg'><img src=http:\/\/extra.inmontanis.info\/d\/101278-3\/DSC08027.jpg \/><\/a><br \/>\n^ Currywurst mit Br\u00f6tchen um 4,50 \u20ac; eine Pappsch\u00fcssel h\u00e4tte es auch getan.<\/p>\n<p>Am Eingang zu den Toiletten stand allerdings eine Putzfrau mit Geldsammelpult und auch wenn kein Preisschild sichtbar war, hab ich nicht weiter gefragt oder es ben\u00fctzt. <\/p>\n<p>Laut KFC-Bestell-Homepage soll es wohl keine Snackboxen mehr geben, aber die kleinen Burger wie zB, den BBQ-Crunch um 1,99, der mir aber doch letztens nicht sonderlich geschmeckt hatte, meine ich mich zu erinnern. Das n\u00e4chste w\u00e4ren entweder 3 Hotwings oder 3 Chicken Bites um 3,29 ohne Beilage. bzw 1 H\u00e4hnchenteil um 3,49 bzw. 2 Bites und 1 Crispy um 2,50. Pommes klein \u00fcbrigens 2,69.<\/p>\n<p>Dienstags war ja sonst immer Hot-Wings-Tag, wo es die g\u00fcnstig gab, glaub 2,99 f\u00fcr 6 St\u00fcck, als ich das zuletzt mal sah? Davon sah ich heut jedenfalls nichts.<\/p>\n<p>Ich nahm also das 1 Crispy + 2 Bites um 2,50 \u20ac ohne Beilage, viel mehr Hunger hab ich jetzt eh nicht mehr. Ich bekam sogar 3 Bites, aber vielleicht weil sie etwas klein waren. Au\u00dferdem etwas salziger+sch\u00e4rfer als eigentlich \u00fcblich.<\/p>\n<p>Eingefallen und nachgeschaut, die Wienerwaldsituation in DE: Es sollen wohl demn\u00e4chst wieder die ersten 3 Restaurants  aufmachen!<\/p>\n<p>Danach zur F\u00e4hre, diesmal ja mit Stenaline, weil zur Abwechslung g\u00fcnstiger als TT-line. Wobei TT-Line jetzt die sch\u00f6neren Schiffe hat. Und endlich fahren die nicht mehr zur gleichen Zeit los, was ja zu Stau bei der Ausfahrt gef\u00fchrt hatte, TT fuhr heute ca. 1 Stunde fr\u00fcher. <\/p>\n<p>&#128681; Gespeicherte Geolocation &#8211; Karte anzeigen: <a href='https:\/\/www.google.com\/maps\/@?api=1&#038;map_action=map&#038;center=54.1445217,12.0981567&#038;zoom=12&#038;basemap=terrain' target=_blank> GoogleMaps<\/a> &#128681; <a href='https:\/\/www.openstreetmap.org\/?&#038;mlat=54.1445217&#038;mlon=12.0981567#map=10\/54.1445217\/12.0981567&#038;layers=P' target=_blank> OSM &#128681;<\/a><\/p>\n<p>2 Navi-Einstellungen, die man f\u00fcr Skandinavien getrost wieder zulassen sollte: F\u00e4hren und unbefestigte Stra\u00dfen. Ahja, in den letzten Tagen in DE hab ich ca. 2 Leute (noch? wieder?) mit Maske rumlaufen sehen. So ganz sind die also noch nicht geheilt.<\/p>\n<p>Je nach Fahrstrecke w\u00e4ren es nun ca. 1900-2000km bis nach Ruka von Trelleborg aus. YR sagt auf meiner Route nirgendwo in den n\u00e4chsten Tagen Sonne voraus, am WE in den mittleren K\u00fcstenbereichen Schwedens sogar Regen um den Gefrierpunkt &#8211; das brauch ich ja mal gar nicht ohne Spikes. Aber oft ist es ja dann doch etwas sonniger, als YR meldet.<\/p>\n<p>Grundlegend werd ich diesmal an der K\u00fcste entlang rauffahren, obwohl ich ja lieber den Inlandsv\u00e4gen mag, aber da ich richtung finnisch-russische Grenze muss, w\u00e4re das umwegig. Wie lang ich mir f\u00fcr die Rauffahrt Zeit lassen soll, ob ich auf dem Weg noch Skigebiete ankucken oder wandern soll, keine Ahnung. Eine Woche bis Ruka w\u00e4r wohl an sich schon OK.<\/p>\n<p>Recht viel LKWs auf der F\u00e4hre, aber kaum PKWs. Internet ist gratis (&#8220;Websurfen + Messaging&#8221;, wer mehr will, muss zahlen).<\/p>\n<p><a href='http:\/\/extra.inmontanis.info\/d\/101284-2\/DSC08029.jpg'><img src=http:\/\/extra.inmontanis.info\/d\/101283-3\/DSC08029.jpg \/><\/a><br \/>\n^ Der grinsende Totenkopf irritiert mich.<\/p>\n<p><a href='http:\/\/extra.inmontanis.info\/d\/101288-2\/DSC08031.jpg'><img src=http:\/\/extra.inmontanis.info\/d\/101287-3\/DSC08031.jpg \/><\/a><br \/>\n^ Eigenartig vor den LKWs parken m\u00fcssen<\/p>\n<p><a href='http:\/\/extra.inmontanis.info\/d\/101292-2\/DSC08034.jpg'><img src=http:\/\/extra.inmontanis.info\/d\/101291-3\/DSC08034.jpg \/><\/a><br \/>\n^ F\u00e4hre Rostock-Trelleborg<\/p>\n<p><a href='http:\/\/extra.inmontanis.info\/d\/101296-2\/DSC08036.jpg'><img src=http:\/\/extra.inmontanis.info\/d\/101295-3\/DSC08036.jpg \/><\/a><br \/>\n^ Was, die wollen alle noch rein??<\/p>\n<p><a href='http:\/\/extra.inmontanis.info\/d\/101300-2\/DSC08037.jpg'><img src=http:\/\/extra.inmontanis.info\/d\/101299-3\/DSC08037.jpg \/><\/a><br \/>\n^ Schiffsbau<\/p>\n<p><a href='http:\/\/extra.inmontanis.info\/d\/101304-2\/DSC08038.jpg'><img src=http:\/\/extra.inmontanis.info\/d\/101303-3\/DSC08038.jpg \/><\/a><br \/>\n^ TT-Line-F\u00e4hre<\/p>\n<p><a href='http:\/\/extra.inmontanis.info\/d\/101308-2\/DSC08041.jpg'><img src=http:\/\/extra.inmontanis.info\/d\/101307-3\/DSC08041.jpg \/><\/a><br \/>\n^ Aida-Kreuzfahrtschiff<\/p>\n<p><a href='http:\/\/extra.inmontanis.info\/d\/101312-2\/DSC08042.jpg'><img src=http:\/\/extra.inmontanis.info\/d\/101311-3\/DSC08042.jpg \/><\/a><br \/>\n^ Aida-Kreuzfahrtschiff<\/p>\n<p><a href='http:\/\/extra.inmontanis.info\/d\/101316-2\/DSC08043.jpg'><img src=http:\/\/extra.inmontanis.info\/d\/101315-3\/DSC08043.jpg \/><\/a><br \/>\n^ Rostock, wieder belebter als zu Corona-Zeiten<\/p>\n<p><a href='http:\/\/extra.inmontanis.info\/d\/101320-2\/DSC08046.jpg'><img src=http:\/\/extra.inmontanis.info\/d\/101319-3\/DSC08046.jpg \/><\/a><br \/>\n^ Rostock-Trelleborg<\/p>\n<p><a href='http:\/\/extra.inmontanis.info\/d\/101324-2\/DSC08050.jpg'><img src=http:\/\/extra.inmontanis.info\/d\/101323-3\/DSC08050.jpg \/><\/a><br \/>\n^ Die Bohrinsel wird abgeschleppt .. und nach dem Googeln des Namens nach ist das doch keine Bohrinsel ..<\/p>\n<p><a href='http:\/\/extra.inmontanis.info\/d\/101328-2\/DSC08051.jpg'><img src=http:\/\/extra.inmontanis.info\/d\/101327-3\/DSC08051.jpg \/><\/a><br \/>\n^ &#8230; sondern ein sogenannter Schwimmkran<\/p>\n<p>Nat\u00fcrlich hatte ich um 17h noch keinen Hunger, aber bevor es kein Garnelenpolarbr\u00f6d mehr gibt oder das Restaurant schliesst, kaufte ich den momentan vorletzten um 110,- SEK, also wohl ca. 10 \u20ac.<\/p>\n<p><a href='http:\/\/extra.inmontanis.info\/d\/101332-2\/DSC08053.jpg'><img src=http:\/\/extra.inmontanis.info\/d\/101331-3\/DSC08053.jpg \/><\/a><br \/>\n^ Garnelensandwich (bzw. mit so nem Polarbr\u00f6d)<\/p>\n<p>Die \u00dcberfahrt durch die Ostsee war heute nicht so ruhig wie \u00fcblich, sondern recht schaukelig. Um 20h mal etwas vor die T\u00fcr gegangen oben am Sundeck, aber wegen des leichten Regens und des starken Sturms nicht lang geblieben, nicht mal die Runde ums Sundeck gemacht, da es mich schon weit vor dem Schiffsende fast umgeweht h\u00e4tte ;)<\/p>\n<p>Eine F\u00e4hre bei Dunkelheit ist nur bei sch\u00f6nem Wetter sch\u00f6n. Bei den 6h w\u00fcrde sich dann vielleicht auch eine g\u00fcnstige Innenkabine lohnen, weil man sich bequemer auf&#8217;s Bett fl\u00e4zen k\u00f6nnte.<\/p>\n<p>Das Schiff kam in etwa p\u00fcnktlich an, aber weil wohl etwas unpassend (und ganz oben) gestanden, dauerte es \u00fcber 20 Minuten, bis wir endlich fahren durften.<\/p>\n<p>Nachdem die SEK (Schwedische Krone) im Oktober etwas teurer geworden ist, nicht mehr so g\u00fcnstig wie im Sommer\/August, ist sie jetzt wieder etwas schw\u00e4cher und steht &#8211; ohne Wechselspesen etc. &#8211; bei ca. 11,60 f\u00fcr 1 Euro. Bisschen Zocken, wann der Skipass am g\u00fcnstigsten zu kaufen ist ;) Im Sommer waren es ca. 11,90, vor 1 Jahr 11,00 und vor 2 Jahren 9,98; im Mai 2022 ca. 10,50. <\/p>\n<p>D.h. wenn die Preise in SE ca. 10 % teurer geworden w\u00e4ren seit meiner letzten Reise, w\u00e4re es in Euro umgerechnet noch ca. gleich wie damals.<\/p>\n<p><a href='http:\/\/extra.inmontanis.info\/d\/101336-2\/DSC08054.jpg'><img src=http:\/\/extra.inmontanis.info\/d\/101335-3\/DSC08054.jpg \/><\/a><br \/>\n^ Mir noch gar nicht aufgefallen, dass LKWs solche Spiegel haben. Oder wurden die erst wegen der Klimakleber Pflicht :)<\/p>\n<p>Am Zoll fiel mir ein, dass mir ja was einfallen sollte auf die \u00fcbliche Frage, wohin ich fahren w\u00fcrde. Ich antwortete dann, dass ich den ganzen Winter in Skandinavien bleiben wollte und im Auto schlafe. Das war ihm dann doch genug und er frug nicht weiter nach dem Wohin, aber hatte noch ein, zwei Fragen hinsichtlich wie lang (&#8220;momentan plane ich bis Juni&#8221;), wegen Arbeit (&#8220;keine Arbeit?&#8221; &#8211; &#8220;doch, 3h morgens &#8221; &#8211; &#8220;und danach Skifahren &#8221; &#8211; &#8220;genau&#8221;) usw.  Trotz \u00dcberdachung waren die beiden Z\u00f6llner allerdings pitschnass, da Sturm und Regen.<\/p>\n<p>Mein Platz war etwas im Landesinnere und mitten im Wald, so dass Sturm und Regen etwas nachlie\u00dfen.<\/p>\n<p>An den ersten Tankstellen mehrere \u00dcberraschungen: Benzin kostet nun auch (bzw. noch) hier im S\u00fcden \u00fcber 20 SEK, Diesel \u00fcber 24 SEK und zus\u00e4tzlich zu dem etwas g\u00fcnstigeren E85 gibts noch eine weitere Sorte neuerdings auf den Preistafeln um 33 SEK. Wer tankt denn so teures Zeug und warum? (Sah ich sp\u00e4ter weiter n\u00f6rdlich nicht mehr.)<\/p>\n<p>Aber eben, 20,39 w\u00e4ren nach aktuellem Kurs und ohne Wechselgeb\u00fchren betrachtend nur ca. 1,75 \u20ac und somit g\u00fcnstiger als zuletzt in DE, mit Wechselspesen vermutlich ca. gleich.  Am Parkplatz kam ich gegen 22:20 an.<\/p>\n<p>F\u00fcr morgen vorgenommen: die DE-Eink\u00e4ufe von zuletzt im Keller verstauen. Alternativ dazu einen Teil neben dem WC lagern, wo jetzt die Kochger\u00e4te liegen; zumindest den Kochtopf w\u00fcrd ich lieber unters Bett bringen, weil er dann weniger verstauben w\u00fcrde.  Aktuell ist er ohne Deckel liegend zwischen WC und Bett und ein Teil des Grilltoasters reicht in den Topf. Manchmal ist eine meiner T\u00fcten dr\u00fcber, damit der Staub weniger in den Topf geht.<\/p>\n<p>Au\u00dferdem zu probieren: ob einer von den diversen Winkeln passen w\u00fcrde wegen Leinwand.<\/p>\n<p>Ui, in \u00c5re ist vor ein paar Tagen die erste Lawine dieses Winters abgegangen &#8211; da lagen fast 2m Schnee verwehterweise:<br \/>\n<a href='https:\/\/www.freeride.se\/vinterns-forsta-lavin-i-are-stor-nog-att-dra-med-sig-och-begrava-en-manniska\/'>https:\/\/www.freeride.se\/vinterns-forsta-lavin-i-are-stor-nog-att-dra-med-sig-och-begrava-en-manniska\/<\/a><\/p>\n<p>Und noch bevor die finnischen Skigebiete im Norden aufgesperrt haben, hat Kl\u00e4ppen in Schweden viel weiter s\u00fcdlich auf Depotschnee einen Funpark seit 5.10. ge\u00f6ffnet:<br \/>\n<a href='https:\/\/www.freeride.se\/idag-oppnar-sveriges-forsta-skidort\/'>https:\/\/www.freeride.se\/idag-oppnar-sveriges-forsta-skidort\/<\/a><\/p>\n<p>In Vemdalen gab es auch schon die ersten Skitourengeher. Scheint so, als ob es heuer wieder etwas p\u00fcnktlicher losgeht mit den Skigebieten hier oben? Andererseits hei\u00dft in den Alpen ein fr\u00fcher Novemberstart ja auch oftmals wenig Schnee im Dezember und vor 2 Jahren hatte ich ja auch schon Schnee im Oktober auf den Lofoten und im November dann hier und da und trotzdem ging bis Anfang Dezember au\u00dfer f\u00fcr Trainings fast nix.<\/p>\n<p><a href='http:\/\/extra.inmontanis.info\/d\/101340-2\/DSC08056.jpg'><img src=http:\/\/extra.inmontanis.info\/d\/101339-3\/DSC08056.jpg \/><\/a><br \/>\n^ So, mein letzter Granatsplitter wird nun angeknabbert<\/p>\n<p><strong>Mi, 25.10.2023<\/strong><\/p>\n<p>Leider etwas Pech gehabt mit meinem Platz heute Vormittag, da trotz des zeitweisen Regens eine ganze Schulklasse am Parkplatz f\u00fcr irgendwas ankam &#8230; und sogar noch ein 2. Bus wenig sp\u00e4ter.<\/p>\n<p>Um 10.40 waren sie dann mit ihrer Schnitzeljagd oder so fertig und warteten anscheinend wieder auf den Bus. Um 11:30 kam der n\u00e4chste, der noch mehr Sch\u00fcler ausspuckte (bevor er welche mitnahm).<\/p>\n<p>Ich machte mir noch eine Fahrstrecke zumindest mal bis G\u00e4vle zurecht, weiter \u00f6stlich bin ich ja anscheinend hier noch nie gefahren und daher noch ein paar Skigebiete auf dem Weg zum Besuch markiert. Morgen Feiertag in AT, d.h. keine Arbeit, d.h. ich k\u00f6nnte auch eine l\u00e4ngere Strecke fahren, wenn ich wollte..<\/p>\n<p><a href='http:\/\/extra.inmontanis.info\/d\/101344-2\/DSC08059.jpg'><img src=http:\/\/extra.inmontanis.info\/d\/101343-3\/DSC08059.jpg \/><\/a><br \/>\n^ Osby Klinten. Von einem Skilift ist hier mal nichts mehr zu sehen<\/p>\n<p><a href='http:\/\/extra.inmontanis.info\/d\/101348-2\/DSC08060.jpg'><img src=http:\/\/extra.inmontanis.info\/d\/101347-3\/DSC08060.jpg \/><\/a><br \/>\n^ Osby Klinten<\/p>\n<p>Nach wie vor g\u00fcnstiger als g\u00fcnstig: Die Caf\u00e9s im Biltema, Hotdog um 5,- SEK, das sind also momentan weniger als 0,45 \u20ac.  Oder doch die K\u00f6ttbullar um 39,- SEK? Ja auch sehr g\u00fcnstig. Moment, Raggmunk gibts neuerdings auch laut Homepage, um 59,-? <\/p>\n<p>Bl\u00f6derweise musste ich ja auch noch bissl was einkaufen, also in einem Supermarkt, und in Summe werd ich dann fast zu sp\u00e4t fertig f\u00fcr heute noch bis V\u00e4xj\u00f6 und Biltema.  Also einen nahen Parkpatz angefahren, weil sonst auch nix besseres dazwischen lag. Dann halt morgen etwas l\u00e4nger fahren.<\/p>\n<p>Fast vergessen, was es alles geiles in SE zu esssen kaufen gibt ;) Die g\u00fcnstigen TK-Fertiggerichte gibt&#8217;s noch um unter 30 SEK, die teuren um unter 40,-, die Pfannenpizzen und Pirogs noch unter 20,- (teils 15,-) &#8211; zumindest in den gr\u00f6\u00dferen Superm\u00e4rkten. Also eins meiner Lieblings-TK-Fertiggerichte um 26,- mitgenommen, aber weil eh schon recht sp\u00e4t und es so schnell nicht auftauen w\u00fcrde, das f\u00fcr morgen aufgehoben und heut das Gulasch-mit-b\u00f6hmischen-Serviettenkn\u00f6del aus CZ gemacht.<\/p>\n<p>Somit um 15h schon am Nachtplatz und noch recht weit im S\u00fcden gewesen&#8230; <\/p>\n<p>&#128681; Gespeicherte Geolocation &#8211; Karte anzeigen: <a href='https:\/\/www.google.com\/maps\/@?api=1&#038;map_action=map&#038;center=56.3899233,14.07062&#038;zoom=12&#038;basemap=terrain' target=_blank> GoogleMaps<\/a> &#128681; <a href='https:\/\/www.openstreetmap.org\/?&#038;mlat=56.3899233&#038;mlon=14.07062#map=10\/56.3899233\/14.07062&#038;layers=P' target=_blank> OSM &#128681;<\/a><\/p>\n<p>Die Schweden haben aber schon auch etwas einen Knall manchmal?! Gerade zuf\u00e4llig eine Website entdeckt, da kann man sich anscheinend &#8211; gegen geringes Entgelt &#8211; von jedem in Schweden lebenden Menschen sein Gehalt anzeigen lassen! Gratis gibts Wohnadresse und Geburtstdatum, Heiratsstatus und angemeldete Autos &#8230; und das Ganze auch noch in Google auffindbar.  Immerhin und andererseits &#8211; so hat jeder was vom modernen, &#8220;gl\u00e4sernen&#8221; Menschen.<\/p>\n<p><a href='http:\/\/extra.inmontanis.info\/d\/101352-2\/DSC08063.jpg'><img src=http:\/\/extra.inmontanis.info\/d\/101351-3\/DSC08063.jpg \/><\/a><br \/>\n^ Die letzten Eink\u00e4ufe in DE &#8230;. rosinenloser Mandelstollen, daneben belgische Schokowaffeln, die ich sonst nur aus Frankreich kenn, Kakao, Sp\u00e4tzle (meinte mich zu erinnern, die in Skandinavien auch nicht bekommen zu haben), darunter vom Lidl Baumkuchenecken mit Rum (h\u00f6rt sich interessant an), die N\u00fcsse nahm ich deshalb mit, weil ich die gr\u00fcne Variante schon \u00f6fters bei Amazon bestellte und die einfach geil schmeckt, aber BBQ war immer zu teuer oder nicht erh\u00e4ltlich), Currywurst, weil die mir in AT mittlerweile zu teuer ist, Sauerbraten f\u00fcr irgendwann mal, Rauchmelder, 12V-USB-Adapter und ein Microfasertuch, weil ich ja mit dem Schwamm zuletzt auch nicht gl\u00fccklich wurde.<\/p>\n<p><strong>Do, 26.10.2023<\/strong><\/p>\n<p>Heut fr\u00fch also das Microfasertuch getestet, es saugt schon wesentlich besser das Wasser von den Scheiben auf als der Schwamm, aber ca. 1\/4 oder 1\/5 oder 1\/6 der Gr\u00f6\u00dfe leicht locker, sonst saugt es alles Wasser auf und kann nicht ausgewrungen werden. Ich hab heut mal nur eine Ecke verwendet, da konnte ich 2x bissl auswringen. Fraglich halt, wenn man es zerschneidet, ob es dann nicht schnell ausfranst.<\/p>\n<p>Ich nutzte die Gunst des nahen Rastplatzes mit in Schweden \u00fcblichen einzelnen WC-Kabinen, um Haare, Unterw\u00e4sche und Str\u00fcmpfe zu waschen, die dann bei der Fahrt in einer Stunde fast trocken wurden, da an den Heizungsausl\u00e4ssen positioniert. <\/p>\n<p>Da sonst heute wohl kein Biltema mehr auf dem Weg, hielt ich halt doch schon an dem in V\u00e4xj\u00f6, auch wenn es noch vor 10 Uhr war. Aber man kann ja mal schauen, ob man was zum Kaufen findet. Vielleicht eine stabilere (falls g\u00fcntige) Isomatte f\u00fcrs Fenster? Die zuletzt k\u00fcrzer gewordene (heut fiel sie trotz der Verbreiterungen nachts raus) war ja von Anfang an recht labberig. Und falls ich um die Uhrzeit noch kein Raggmunk bekommen sollte, nehm ich halt 2 Hotdogs. F\u00fcr K\u00f6ttbullar ists mir doch zu fr\u00fch. Aber Kartoffeleierpfannkuchen mit gebratenem Speck und Preiselbeeren (=Raggmunk) h\u00e4tte ja einen gewissen Fr\u00fchst\u00fcckscharakter. Leider stand es nicht auf der hiesigen Speisekarte, evtl. gibts das nicht in jedem Biltema-Cafe.<\/p>\n<p>Isomatten gab&#8217;s zwar logischerweise, aber die sahen auch eher d\u00fcnn aus. Alternativ g\u00e4bs noch \u00e4hnlich Puzzlest\u00fccke in 60x60cm, 4x um 199,- SEK, die w\u00e4ren durch die Nicht-Biegung vielleicht stabiler, aber halt nicht in einem St\u00fcck und 60cm k\u00f6nnte zu schmal sein. Auch interssant: D\u00e4mmplatten,  sahen fast etws dick und schwer aus und auch nicht unbedingt sonderlich passend in der Gr\u00f6\u00dfe&#8230;. und zudem mit Selbstklebeband hinten versehen.<\/p>\n<p>Fast mitgenommen h\u00e4tt ich den flauschigen \u00dcberzug f\u00fcrs Lenkrad um ca. 5 \u20ac (nat\u00fcrlich Schwarz, nicht Rosa), erst sp\u00e4ter fiel mir ein, dass das mit meinem Lenkradtisch vermutlich unpassend w\u00e4re &#8211; und auch von der Sicht aufs Armaturenbrett st\u00f6rt es wohl zu sehr.  Also werd ich mir das wohl nicht kaufen.<\/p>\n<p>Radzierkappen k\u00f6nnt ich egtl auch brauchen, gibts (4 St\u00fcck) ab ca. 15 \u20ac bis ca. 25 \u20ac f\u00fcr 15&#8243;. aber die g\u00fcnstigen gefielen mir nicht und die, die mir auf der Homepage dann vielleicht am besten gefallen h\u00e4tten, gabs hier nicht in 15&#8243;. Andererseits, Zusatzgewicht und Zustatzzeug, das beim R\u00e4derwechsel wieder verstaut werden muss und meine Schneeketten k\u00f6nnt ich auch nicht montieren, da die an die Radschrauben\/muttern festgehalten werden . Naja, kann ich mir ja noch \u00fcberlegen, gibt ja noch viele Biltema unterwegs.<\/p>\n<p>Klettkabelbinder gab&#8217;s hier leider auch keine, obwohl ich meine, die zuletzt bei Biltema gekauft zu haben, aber vielleicht t\u00e4usch ich mich da auch. Es gibt zwar welche, aber lt. Website nur noch in ca. 17 Filialen und nicht hier und wohl auch nicht auf dem Weg in den Norden.<\/p>\n<p>Ich nahm dann also das g\u00fcnstige 5,- Hotdog mit und nahm noch die Pfannkuchen dazu, die es zumindet mit (etwas arg viel) Erdbeermarmelade und Sahne um 29,- gab. Zusammen also ca. 3 \u20ac. Kann man auch nicht meckern ;) Ich bild mir zwar ein, ein Bild davon gemacht zu haben, aber nix da.<\/p>\n<p>Ansonsten auch heute wieder ein eher nieselregnerischer Tag bei mageren, aber immerhin noch &#8220;plussigen&#8221; 5\u00b0. <\/p>\n<p><a href='http:\/\/extra.inmontanis.info\/d\/101356-2\/DSC08064.jpg'><img src=http:\/\/extra.inmontanis.info\/d\/101355-3\/DSC08064.jpg \/><\/a><br \/>\n^ Nahe Skigebiet Dackestupet<\/p>\n<p>Der Parkplatz ist netterweise am Gipfel plus Seeblick SL-seitig, aber mit Wind gleich noch unangenhmer. Bei Sonne h\u00e4tten das wohl sch\u00f6ne Bilder werden k\u00f6nnen mit dem See und den bunten B\u00e4umen. <\/p>\n<p>&#128681; Gespeicherte Geolocation &#8211; Karte anzeigen: <a href='https:\/\/www.google.com\/maps\/@?api=1&#038;map_action=map&#038;center=57.3031867,15.5669933&#038;zoom=12&#038;basemap=terrain' target=_blank> GoogleMaps<\/a> &#128681; <a href='https:\/\/www.openstreetmap.org\/?&#038;mlat=57.3031867&#038;mlon=15.5669933#map=10\/57.3031867\/15.5669933&#038;layers=P' target=_blank> OSM &#128681;<\/a><\/p>\n<p><a href='http:\/\/ski.inmontanis.info\/d\/322122-2\/DSC08070.jpg'><img src=http:\/\/ski.inmontanis.info\/d\/322120-3\/DSC08070.jpg \/><\/a><br \/>\n^ Parkplatz Dackestupet<\/p>\n<p><a href='http:\/\/ski.inmontanis.info\/d\/322126-2\/DSC08072.jpg'><img src=http:\/\/ski.inmontanis.info\/d\/322125-3\/DSC08072.jpg \/><\/a><br \/>\n^ Pistenplan<\/p>\n<p><a href='http:\/\/ski.inmontanis.info\/d\/322130-2\/DSC08073.jpg'><img src=http:\/\/ski.inmontanis.info\/d\/322129-3\/DSC08073.jpg \/><\/a><br \/>\n^ Haupt-SL<\/p>\n<p><a href='http:\/\/ski.inmontanis.info\/d\/322134-2\/DSC08074.jpg'><img src=http:\/\/ski.inmontanis.info\/d\/322133-3\/DSC08074.jpg \/><\/a><br \/>\n^ Und die beiden \u00dcbungslifte<\/p>\n<p><a href='http:\/\/ski.inmontanis.info\/d\/322138-2\/DSC08078.jpg'><img src=http:\/\/ski.inmontanis.info\/d\/322137-3\/DSC08078.jpg \/><\/a><br \/>\n^ SL-Abfahrt und Seeblick<\/p>\n<p><a href='http:\/\/ski.inmontanis.info\/d\/322142-2\/DSC08077.jpg'><img src=http:\/\/ski.inmontanis.info\/d\/322141-3\/DSC08077.jpg \/><\/a><br \/>\n^ Seeblick<\/p>\n<p><a href='http:\/\/ski.inmontanis.info\/d\/322146-2\/DSC08079.jpg'><img src=http:\/\/ski.inmontanis.info\/d\/322145-3\/DSC08079.jpg \/><\/a><br \/>\n^ SL-St\u00fctze und Seeblick<\/p>\n<p><a href='http:\/\/ski.inmontanis.info\/d\/322150-2\/DSC08081.jpg'><img src=http:\/\/ski.inmontanis.info\/d\/322149-3\/DSC08081.jpg \/><\/a><br \/>\n^ SL-Bergstation<\/p>\n<p><a href='http:\/\/ski.inmontanis.info\/d\/322154-2\/DSC08082.jpg'><img src=http:\/\/ski.inmontanis.info\/d\/322153-3\/DSC08082.jpg \/><\/a><br \/>\n^ SL-St\u00fctze und Seeblick. Mit Sonne w\u00e4r das sch\u00f6ner gewesen heute<\/p>\n<p><a href='http:\/\/ski.inmontanis.info\/d\/322158-2\/DSC08083.jpg'><img src=http:\/\/ski.inmontanis.info\/d\/322157-3\/DSC08083.jpg \/><\/a><br \/>\n^ Mountainbike-Strecke<\/p>\n<p>Benzin  kostete nicht nur an meiner Tankstelle heute 19,84 .. ob das irgendeine symbolhafte Bedeutung hat? ;)<\/p>\n<p><a href='http:\/\/ski.inmontanis.info\/d\/322164-2\/DSC08086.jpg'><img src=http:\/\/ski.inmontanis.info\/d\/322162-3\/DSC08086.jpg \/><\/a><br \/>\n^ Tolvmannabacken<\/p>\n<p><a href='http:\/\/ski.inmontanis.info\/d\/322168-2\/DSC08088.jpg'><img src=http:\/\/ski.inmontanis.info\/d\/322167-3\/DSC08088.jpg \/><\/a><br \/>\n^ Tolvmannabacken, na schau an, da gibts sogar einen KSSL. Noch einer mehr in Schweden.<\/p>\n<p>&#8211;<\/p>\n<p><a href='http:\/\/ski.inmontanis.info\/d\/322174-2\/DSC08092.jpg'><img src=http:\/\/ski.inmontanis.info\/d\/322172-3\/DSC08092.jpg \/><\/a><br \/>\n^ Yxbacken<\/p>\n<p><a href='http:\/\/ski.inmontanis.info\/d\/322178-2\/DSC08094.jpg'><img src=http:\/\/ski.inmontanis.info\/d\/322177-3\/DSC08094.jpg \/><\/a><br \/>\n^ Yxbacken<\/p>\n<p><a href='http:\/\/ski.inmontanis.info\/d\/322182-2\/DSC08096.jpg'><img src=http:\/\/ski.inmontanis.info\/d\/322181-3\/DSC08096.jpg \/><\/a><br \/>\n^ Der rechte Alimak-SL scheint stillgelegt<\/p>\n<p>&#128681; Gespeicherte Geolocation &#8211; Karte anzeigen: <a href='https:\/\/www.google.com\/maps\/@?api=1&#038;map_action=map&#038;center=58.6710943,16.1361931&#038;zoom=12&#038;basemap=terrain' target=_blank> GoogleMaps<\/a> &#128681; <a href='https:\/\/www.openstreetmap.org\/?&#038;mlat=58.6710943&#038;mlon=16.1361931#map=10\/58.6710943\/16.1361931&#038;layers=P' target=_blank> OSM &#128681;<\/a><\/p>\n<p>Um 16h kam ich am geplanten Nachtplatz an, km bis Ruka noch fast 1.500 (so eilig hab ich&#8217;s jetzt doch nicht, in die eisige K\u00e4lte zu kommen), checkte das \u00f6rtliche Plumpsklo und ging noch zum See vor, wo ich zuf\u00e4llig irgendwelche eigenartige Betonfundamente fand &#8211; was das hier wohl mal war??<\/p>\n<p><a href='http:\/\/extra.inmontanis.info\/d\/101360-2\/DSC08099.jpg'><img src=http:\/\/extra.inmontanis.info\/d\/101359-3\/DSC08099.jpg \/><\/a><br \/>\n^ Weg zum See<\/p>\n<p><a href='http:\/\/extra.inmontanis.info\/d\/101364-2\/DSC08104.jpg'><img src=http:\/\/extra.inmontanis.info\/d\/101363-3\/DSC08104.jpg \/><\/a><br \/>\n^ \u00c5gelsj\u00f6n<\/p>\n<p><a href='http:\/\/extra.inmontanis.info\/d\/101368-2\/DSC08106.jpg'><img src=http:\/\/extra.inmontanis.info\/d\/101367-3\/DSC08106.jpg \/><\/a><br \/>\n^ \u00c5gelsj\u00f6n<\/p>\n<p><a href='http:\/\/extra.inmontanis.info\/d\/101372-2\/DSC08105.jpg'><img src=http:\/\/extra.inmontanis.info\/d\/101371-3\/DSC08105.jpg \/><\/a><br \/>\n^ Direkt am See gibt&#8217;s diese Ruine<\/p>\n<p><a href='http:\/\/extra.inmontanis.info\/d\/101376-2\/DSC08110.jpg'><img src=http:\/\/extra.inmontanis.info\/d\/101375-3\/DSC08110.jpg \/><\/a><br \/>\n^ .. eine sehr eigenartige Ruine mit vielen Betonpfeilern<\/p>\n<p><a href='http:\/\/extra.inmontanis.info\/d\/101380-2\/DSC08111.jpg'><img src=http:\/\/extra.inmontanis.info\/d\/101379-3\/DSC08111.jpg \/><\/a><br \/>\n^ .. die ja teilweise schon etwas an eine Seilbahnstation erinnern ;)<\/p>\n<p>Abends kam kein Ton mehr am Lautsprecher &#8220;vorne links&#8221; raus. Scheint irgendein Wackelkontakt nahe Anschluss Radio zu sein, aber da komm ich vmtl. bei offenem Kofferraumdeckel besser hin. Spa\u00dfig wird das wohl trotzdem nicht.<\/p>\n<p>Zus\u00e4tzlich den LED-Strip etwas anders verlegt, da ich da beim Hin- und Wegtun des R\u00fcckfenster-Schaumtoffes fast t\u00e4glich hinkomm und das Kabel von der Decke wegschieb und es dann in den Schrank h\u00e4ngt.<\/p>\n<p>Am nervigsten war aber der Projektor, der sich w\u00e4hrend des Ladens mehrmals eingeschaltet hatte. Das hatte der schon manchmal  gemacht und ich stand dann vor einem leeren Akku, als ich ihn einschalten wollte. Bisher dachte ich, es w\u00e4re an einer unpassenden Lage der Fernbedienung gelegen oder es h\u00e4tte was an den Einschaltnknopf gedr\u00fcckt.<\/p>\n<p>Aber die Fernbedineung ist momentan ohne Funktion, da die Batterien vor ein paar Wochen ausgelaufen sind, das muss ich erst noch reinigen. Knopfdr\u00fccken konnte ich ebenfalls ausschlie\u00dfen, da der Projektor frei stand. Bleibt also entweder eine generelle Fehlfunktion irgendwo am Ger\u00e4t oder irgendein Licht, das in dem Bereich genau die Einschaltsequenz von der IR-Fernbedienung  immitiert h\u00e4tte oder irgendein Impuls durch das Ladeger\u00e4t &#8230; alles auch eher unglaubw\u00fcrdig.<\/p>\n<p>Jedenfalls will man nicht, dass das passiert, wenn das Ger\u00e4t in einer Tasche steckt oder im Schrank fest drin ist und keine W\u00e4rme abgeleitet werden kann, was dann ggf. zum Tod durch \u00dcberhitzung f\u00fchren k\u00f6nnte. Aber was soll man dagegen machen k\u00f6nnen?!<\/p>\n<p>Ich meine mich zu erinnern, dass ich da letzten oder vorletzten Winter sogar schon mal aufgewacht bin, als sich das Teil mitten in der Nacht, weil am Campingplatzstrom zum Laden angeh\u00e4ngt, eingeschaltet hatte und es pl\u00f6tzlich hell wurde..<\/p>\n<p><strong>Fr, 27.10.2023<\/strong><\/p>\n<p>Heute Nacht irgendeinen M\u00fcll getr\u00e4umt, keine Ahnung mehr was, aber das wurde so ekelhaft, dass ich mir dabei gedacht hatte: Stopp, das ist ein Traum, nicht weiter tr\u00e4umen, die Konsequenz wird zu grausig. Ist mir auch noch nie passiert.<\/p>\n<p>Heute Vormittag schneite es leicht. Nunja, dann durfte es mir am unbeheizten Plumpsklo zuvor berechtigt etwas kalt sein.<\/p>\n<p>Ich nahm einen kurzen Abstecher \u00fcber ein Skigebiet, wobei das letzte St\u00fcck der Zufahrt gesperrt war, also bissl Fu\u00dfweg. Ich zog mir zwar die Winterskijacke an, aber bei 2\u00b0 und etwas Wind oben wars trotzdem unangenehm.<\/p>\n<p>Thema Skijacken, da wusste ich ja auch nicht, welche mitnehmen, welche ist die w\u00e4rmste? Bei eingien war ich zwar schon der Meinung, sie w\u00e4ren viellelicht etwas w\u00e4rmer, aber beim Anziehen daheim hatten alle ihre Vor- und Nachateile, auch die warm markierten f\u00fchlten sich nach d\u00fcnnem Stoff an, hatten teils breiteren Hals oder gingen nicht so weit hinauf oder waren an den \u00c4rmeln nickht so sch\u00f6n  &#8230; schlussendlich entschied ich mich f\u00fcr folgende 2 Jacken, eine, die ich urspr\u00fcnglich bei Lidl gekauft hatte, zwischenzeitlich aber von meinem Vater der Au\u00dfenstoff gro\u00dfteils eretzt wurde und per se wohl nicht zu meinen w\u00e4rmsten geh\u00f6rt, daf\u00fcr an den \u00c4rmeln und am Hals besser schien. Zur not also 2 Pullis drunter oder die Sommerjacke drunter?<\/p>\n<p>Die andere Skijacke, auch von meinem Vater bearbeitet, hatte ich mal mit &#8220;bleibt innen etwas l\u00e4nger trocken bei nassem Wetter&#8221; notiert und hab ich somit eher f\u00fcr nassere Schneef\u00e4lle oder Regen dabei, wobei ich an solchen Tagen ja eh m\u00f6glichst gar nicht fahren m\u00f6chte, um nicht zu viel Feuchtigkeit ins Auto zu bekommen.<\/p>\n<p>Zur\u00fcck zum Skigebiet Sp\u00f6kbacken, kurz, aber steil und zumindest au\u00dferhalb des Winters mit Wasserblick. Eiskalt und bisschen windig und schon hab ich mir \u00fcberlegt &#8220;ich k\u00f6nnte auch noch umdrehen und irgendwo in den S\u00fcden fahren, wo es w\u00e4rmer ist, was will ich denn hier oben in dieser bescheuerten K\u00e4lte&#8221; &#8230;<\/p>\n<p><a href='http:\/\/ski.inmontanis.info\/d\/322188-2\/DSC08113.jpg'><img src=http:\/\/ski.inmontanis.info\/d\/322186-3\/DSC08113.jpg \/><\/a><br \/>\n^ Weg zum Skigebiet Sp\u00f6kbacken<\/p>\n<p>&#128681; Gespeicherte Geolocation &#8211; Karte anzeigen: <a href='https:\/\/www.google.com\/maps\/@?api=1&#038;map_action=map&#038;center=58.9489551,16.2694612&#038;zoom=12&#038;basemap=terrain' target=_blank> GoogleMaps<\/a> &#128681; <a href='https:\/\/www.openstreetmap.org\/?&#038;mlat=58.9489551&#038;mlon=16.2694612#map=10\/58.9489551\/16.2694612&#038;layers=P' target=_blank> OSM &#128681;<\/a><\/p>\n<p><a href='http:\/\/ski.inmontanis.info\/d\/322192-2\/DSC08114.jpg'><img src=http:\/\/ski.inmontanis.info\/d\/322191-3\/DSC08114.jpg \/><\/a><br \/>\n^ Sch\u00f6n alte SL-Bergstation<\/p>\n<p><a href='http:\/\/ski.inmontanis.info\/d\/322196-2\/DSC08115.jpg'><img src=http:\/\/ski.inmontanis.info\/d\/322195-3\/DSC08115.jpg \/><\/a><br \/>\n^ Auch wieder mit Blick zu einem See<\/p>\n<p><a href='http:\/\/ski.inmontanis.info\/d\/322200-2\/DSC08117.jpg'><img src=http:\/\/ski.inmontanis.info\/d\/322199-3\/DSC08117.jpg \/><\/a><br \/>\n^ Nochmals die Bergstation<\/p>\n<p><a href='http:\/\/ski.inmontanis.info\/d\/322204-2\/DSC08118.jpg'><img src=http:\/\/ski.inmontanis.info\/d\/322203-3\/DSC08118.jpg \/><\/a><br \/>\n^ Abfahrten beidseitig des SL<\/p>\n<p><a href='http:\/\/ski.inmontanis.info\/d\/322208-2\/DSC08119.jpg'><img src=http:\/\/ski.inmontanis.info\/d\/322207-3\/DSC08119.jpg \/><\/a><br \/>\n^ <\/p>\n<p><a href='http:\/\/ski.inmontanis.info\/d\/322212-2\/DSC08120.jpg'><img src=http:\/\/ski.inmontanis.info\/d\/322211-3\/DSC08120.jpg \/><\/a><br \/>\n^ SL-St\u00fctze und See<\/p>\n<p><a href='http:\/\/ski.inmontanis.info\/d\/322216-3\/DSC08121.jpg'><img src=http:\/\/ski.inmontanis.info\/d\/322215-4\/DSC08121.jpg \/><\/a><br \/>\n^ Talstation am See<\/p>\n<p><a href='http:\/\/ski.inmontanis.info\/d\/322220-3\/DSC08122.jpg'><img src=http:\/\/ski.inmontanis.info\/d\/322219-4\/DSC08122.jpg \/><\/a><br \/>\n^ \u00dcbungslift<\/p>\n<p><a href='http:\/\/ski.inmontanis.info\/d\/322224-3\/DSC08123.jpg'><img src=http:\/\/ski.inmontanis.info\/d\/322223-4\/DSC08123.jpg \/><\/a><br \/>\n^ Die Abfahrt ist kurz, aber steil<\/p>\n<p><a href='http:\/\/ski.inmontanis.info\/d\/322228-3\/DSC08124.jpg'><img src=http:\/\/ski.inmontanis.info\/d\/322227-4\/DSC08124.jpg \/><\/a><br \/>\n^ Pistenplan, eigenartigerweise von oben nach unten betrachtet<\/p>\n<p>Danach gings zu einem Pizzabakeren, die es in Schweden ja noch recht selten gibt. DIe hatten in Norwegen ja die g\u00fcnstigen MIttagsmen\u00fcs mit der kleinen Pizza und Getr\u00e4nk. Oder alternativ nahm ich dann 2 kleine Pizzen, weil ca. gleich teuer wie 1 gr\u00f6\u00dfere. Hier in SE sind die Preisunterschiede klein\/mittel nicht so stark und anstelle des Mittagsmen\u00fcs Pizza+Getr\u00e4nk gibts das Lunchbuffet um 99,- .. aber da kann ich ja dann nicht die H\u00e4lfte f\u00fcr abends mitnehmen. Au\u00dferdem um die Uhrzeit nicht mehr lohnenswert.<\/p>\n<p><a href='http:\/\/extra.inmontanis.info\/d\/101384-2\/DSC08128.jpg'><img src=http:\/\/extra.inmontanis.info\/d\/101383-3\/DSC08128.jpg \/><\/a><br \/>\n^ Pizzabakeren-Pizza mit mariniertem Fleisch und Speck und viel Knoblauch<\/p>\n<p>Kostete dann 140,- SEK (also ca. 12,- \u20ac) und mit dem dicken Boden ja recht schwer. Pizzen mit d\u00fcnnem Boden (weniger Auswahl) g\u00e4b&#8217;s um 99,-.  Ob der  dann so d\u00fcnn wie in IT\/AT ist oder eher so dick wie in DE, wei\u00df ich nicht. Standarddicke bei PB ist ansonsnten eher richtung amerikanisch, oder halb so dick.<\/p>\n<p>Hier in der Einkaufsstadt gabs nat\u00fcrlich auch s\u00e4mtliche andre Einkaufsl\u00e4den und Superm\u00e4rkte inklusive Lidl und Maxi-ICA. Da ich eigentlich nur was zum trinken br\u00e4uchte, tat es der Lidl auch.<\/p>\n<p><a href='http:\/\/extra.inmontanis.info\/d\/101388-2\/DSC08129.jpg'><img src=http:\/\/extra.inmontanis.info\/d\/101387-3\/DSC08129.jpg \/><\/a><br \/>\n^ See an meinem heutigem Schlafplatz<\/p>\n<p>Mein heutiger Nachtplatz um kurz vor 17 Uhr war nach wie vor ca. 1250km vor Ruka und nur sporadisch leichter 4G-Empfang. Morgen sollte ich wetter- und platzm\u00e4\u00dfig ebenfalls nur ca. 280km fahren, an einem Platz direkt am Meer, wo ich letztes Mal schon einmal war und weil es im Bereich Sundsvall morgen und\/oder \u00fcbermorgen recht sonnig werden soll.<\/p>\n<p>Hier dagegen gerade etwas Nieselregen und leider vergessen, dass ich ja im Kofferraum bei offenem Fahrzeug was h\u00e4tte machen wollen. Kurioserweise ging der eine Lautsprecher wieder, hat sich der Wackelkontakt also wieder &#8220;eingewackelt&#8221;.<\/p>\n<p>Der sich selbt einschaltende Projektor beim Laden .. tja, tat das wieder. Ich nahm ihn dann unter die Bettdecke, damit er ja keine verquerten Impulse \u00fcber den IR-Sensor bekommen w\u00fcrde .. und er schaltete sich trotzdem wieder ein. Also das kann schon mal ausgeschlossen werden. Da er sich im Schrank tags\u00fcber nicht eingeschaltet hatte, kann ja eigentlich auch ein Problem mit dem Einschaltknopf und den sonstigen Schnittstellen\/Buchsen ausgeschlossen werden und es bleibt nur irgendein Impuls vom Ladeger\u00e4t als \u00dcbelt\u00e4ter \u00fcbrig ?!?!<\/p>\n<p>2 Pizzast\u00fccke gingen in den K\u00fchlschrank f\u00fcr morgen, hatte abends kaum noch Hunger bzw. wollte ich lieber den letzten Rest vom Granatsplitter essen.<\/p>\n<p><em>Im n\u00e4chsten Bericht gibts dann auch die ersten Bilder mit Schnee.<\/em><\/p>\n<p>&#8212;<\/p>\n<p>Zur neuen Partei in DE:<br \/>\n<a href='https:\/\/www.nachdenkseiten.de\/?p=105724'>https:\/\/www.nachdenkseiten.de\/?p=105724<\/a><br \/>\n<a href='https:\/\/www.nachdenkseiten.de\/?p=105712'>https:\/\/www.nachdenkseiten.de\/?p=105712<\/a><br \/>\n.. und warum das eh alles nix bringt:<br \/>\n<a href='https:\/\/www.anti-spiegel.ru\/2023\/wie-sehr-veraendert-die-wagenknecht-partei-die-politische-landschaft\/'>https:\/\/www.anti-spiegel.ru\/2023\/wie-sehr-veraendert-die-wagenknecht-partei-die-politische-landschaft\/<\/a><\/p>\n","protected":false},"excerpt":{"rendered":"<p>Mo, 23.10.2023<\/p>\n<p>Ich hab&#8217;s ja erst im Juni bei 4,99 gesagt, aber jetzt wirds wohl wirklich mein letzter McRib gewesen sein, kostet er nun doch 5,29 \u20ac. Hamburger \u00fcbrigens 1,79, Cheesburger 1,99, Pommes 2,59 oder so, Apfeltasche 1,99. Portion Ketchup 0,50 .. gibts in manch anderen L\u00e4ndern umsonst &#8230;<\/p>\n<p>Ebenfalls eine Nennung n\u00f6tig, weil in <a href=\"http:\/\/blog.inmontanis.info\/?p=9493\">[&#8230;]<\/a><\/p>\n","protected":false},"author":1,"featured_media":9495,"comment_status":"closed","ping_status":"closed","sticky":false,"template":"","format":"standard","meta":{"footnotes":""},"categories":[912,12,19],"tags":[37,45,47],"class_list":["post-9493","post","type-post","status-publish","format-standard","has-post-thumbnail","hentry","category-2023-09-2024-xx-skandinavien","category-germany","category-schwedensweden","tag-meer","tag-see","tag-sl","odd"],"_links":{"self":[{"href":"http:\/\/blog.inmontanis.info\/index.php?rest_route=\/wp\/v2\/posts\/9493","targetHints":{"allow":["GET"]}}],"collection":[{"href":"http:\/\/blog.inmontanis.info\/index.php?rest_route=\/wp\/v2\/posts"}],"about":[{"href":"http:\/\/blog.inmontanis.info\/index.php?rest_route=\/wp\/v2\/types\/post"}],"author":[{"embeddable":true,"href":"http:\/\/blog.inmontanis.info\/index.php?rest_route=\/wp\/v2\/users\/1"}],"replies":[{"embeddable":true,"href":"http:\/\/blog.inmontanis.info\/index.php?rest_route=%2Fwp%2Fv2%2Fcomments&post=9493"}],"version-history":[{"count":2,"href":"http:\/\/blog.inmontanis.info\/index.php?rest_route=\/wp\/v2\/posts\/9493\/revisions"}],"predecessor-version":[{"id":9496,"href":"http:\/\/blog.inmontanis.info\/index.php?rest_route=\/wp\/v2\/posts\/9493\/revisions\/9496"}],"wp:featuredmedia":[{"embeddable":true,"href":"http:\/\/blog.inmontanis.info\/index.php?rest_route=\/wp\/v2\/media\/9495"}],"wp:attachment":[{"href":"http:\/\/blog.inmontanis.info\/index.php?rest_route=%2Fwp%2Fv2%2Fmedia&parent=9493"}],"wp:term":[{"taxonomy":"category","embeddable":true,"href":"http:\/\/blog.inmontanis.info\/index.php?rest_route=%2Fwp%2Fv2%2Fcategories&post=9493"},{"taxonomy":"post_tag","embeddable":true,"href":"http:\/\/blog.inmontanis.info\/index.php?rest_route=%2Fwp%2Fv2%2Ftags&post=9493"}],"curies":[{"name":"wp","href":"https:\/\/api.w.org\/{rel}","templated":true}]}}