{"id":949,"date":"2009-09-19T23:00:32","date_gmt":"2009-09-19T21:00:32","guid":{"rendered":"http:\/\/blog.inmontanis.info\/?p=949"},"modified":"2023-08-06T09:14:21","modified_gmt":"2023-08-06T07:14:21","slug":"galtur-wanderung-kopssee-19-9-2009","status":"publish","type":"post","link":"http:\/\/blog.inmontanis.info\/?p=949","title":{"rendered":"Galt\u00fcr, Wanderung Kopssee, 19.9.2009"},"content":{"rendered":"<p>Am 19.9. ging&#8217;s mit der 4KSB hinauf, r\u00fcber zum Kopssee und wieder hinunter. Letzteres haupts\u00e4chlich auf Fahr-Wegen bzw. Stra\u00dfen war ewig lang und langweilig.<!--more--><\/p>\n<p><em>[_de]Bilder anklicken zum Vergr\u00f6\u00dfern[\/_de]\u2028[_en]Click photos to enlarge[\/_en]<\/em><\/p>\n<p><a href='http:\/\/ski.inmontanis.info\/d\/104969-2\/ge_galtu__r_20090919.jpg'><img src=http:\/\/ski.inmontanis.info\/d\/104968-3\/ge_galtu__r_20090919.jpg \/><\/a><br \/>\n^ GPS-Track der Wanderung<\/p>\n<p><a href='http:\/\/ski.inmontanis.info\/d\/104684-2\/P1430693.JPG'><img src=http:\/\/ski.inmontanis.info\/d\/104683-3\/P1430693.JPG \/><\/a><br \/>\n^ Birkhahnbahn<\/p>\n<p><a href='http:\/\/ski.inmontanis.info\/d\/104688-2\/P1430697.JPG'><img src=http:\/\/ski.inmontanis.info\/d\/104687-3\/P1430697.JPG \/><\/a><br \/>\n^ Zoom Ballunspitze<\/p>\n<p><a href='http:\/\/ski.inmontanis.info\/d\/104692-3\/P1430699.JPG'><img src=http:\/\/ski.inmontanis.info\/d\/104691-3\/P1430699.JPG \/><\/a><br \/>\n^ Blick r\u00fcber zur 8EUB Alpkogel<\/p>\n<p><a href='http:\/\/ski.inmontanis.info\/d\/104696-2\/P1430702.JPG'><img src=http:\/\/ski.inmontanis.info\/d\/104695-3\/P1430702.JPG \/><\/a><br \/>\n^ Talblick Paznauntal<\/p>\n<p><a href='http:\/\/ski.inmontanis.info\/d\/104700-2\/P1430704.JPG'><img src=http:\/\/ski.inmontanis.info\/d\/104699-3\/P1430704.JPG \/><\/a><br \/>\n^ Pistenbegradigungsarbeiten im Bereich SL Kopssee-8EUB<\/p>\n<p><a href='http:\/\/ski.inmontanis.info\/d\/104704-2\/P1430711.JPG'><img src=http:\/\/ski.inmontanis.info\/d\/104703-3\/P1430711.JPG \/><\/a><br \/>\n^ SL R\u00fcckbringer<\/p>\n<p><a href='http:\/\/ski.inmontanis.info\/d\/104708-2\/P1430719.JPG'><img src=http:\/\/ski.inmontanis.info\/d\/104707-3\/P1430719.JPG \/><\/a><br \/>\n^ DSB Breitspitz und Kopssee<\/p>\n<p><a href='http:\/\/ski.inmontanis.info\/d\/104713-2\/P1430735.JPG'><img src=http:\/\/ski.inmontanis.info\/d\/104712-3\/P1430735.JPG \/><\/a><br \/>\n^ Talblick richtung Montafon<\/p>\n<p><a href='http:\/\/ski.inmontanis.info\/d\/104717-2\/P1430741.JPG'><img src=http:\/\/ski.inmontanis.info\/d\/104716-3\/P1430741.JPG \/><\/a><br \/>\n^ Staumauer Kopssee<\/p>\n<p><a href='http:\/\/ski.inmontanis.info\/d\/104721-2\/P1430742.JPG'><img src=http:\/\/ski.inmontanis.info\/d\/104720-3\/P1430742.JPG \/><\/a><br \/>\n^ Zoom DSB Breitspitz<\/p>\n<p><a href='http:\/\/ski.inmontanis.info\/d\/104725-2\/P1430744.JPG'><img src=http:\/\/ski.inmontanis.info\/d\/104724-3\/P1430744.JPG \/><\/a><br \/>\n^ Kopssee und SL<\/p>\n<p><a href='http:\/\/ski.inmontanis.info\/d\/104729-2\/P1430745.JPG'><img src=http:\/\/ski.inmontanis.info\/d\/104728-3\/P1430745.JPG \/><\/a><br \/>\n^ SL Kopssee mit seinen teils recht begradigten Abfahrten &#8230;<\/p>\n<p><a href='http:\/\/ski.inmontanis.info\/d\/104734-2\/P1430752.JPG'><img src=http:\/\/ski.inmontanis.info\/d\/104733-3\/P1430752.JPG \/><\/a><br \/>\n^ Kaum zu glauben, dass das links und rechts die gleiche Pflanze ist! <\/p>\n<p><a href='http:\/\/ski.inmontanis.info\/d\/104738-2\/P1430756.JPG'><img src=http:\/\/ski.inmontanis.info\/d\/104737-3\/P1430756.JPG \/><\/a><br \/>\n^ GH Zeinisjoch mit See<\/p>\n<p><img src=http:\/\/ski.inmontanis.info\/d\/104742-2\/P1430759.JPG \/><br \/>\n^ See mit GH Zeinisjoch<\/p>\n<p><a href='http:\/\/ski.inmontanis.info\/d\/104746-2\/P1430763.JPG'><img src=http:\/\/ski.inmontanis.info\/d\/104745-3\/P1430763.JPG \/><\/a><br \/>\n^ Zeinisjoch<\/p>\n<p><a href='http:\/\/ski.inmontanis.info\/d\/104750-2\/P1430765.JPG'><img src=http:\/\/ski.inmontanis.info\/d\/104749-3\/P1430765.JPG \/><\/a><br \/>\n^ Der Bach hier liegt genau an der Wasserscheide Rhein-Donau und teilt sich tats\u00e4chlich auf!<\/p>\n<p><a href='http:\/\/ski.inmontanis.info\/d\/104754-2\/P1430775.JPG'><img src=http:\/\/ski.inmontanis.info\/d\/104753-3\/P1430775.JPG \/><\/a><br \/>\n^ Irgendwo auf eine der Abfahrten in Galt\u00fcr flie\u00dft eine Quelle mit schimmernden Farben und sp\u00fclt wohl irgendwelche Metalle aus dem Gestein aus?<\/p>\n","protected":false},"excerpt":{"rendered":"<p>Am 19.9. ging&#8217;s mit der 4KSB hinauf, r\u00fcber zum Kopssee und wieder hinunter. Letzteres haupts\u00e4chlich auf Fahr-Wegen bzw. Stra\u00dfen war ewig lang und langweilig.<\/p>\n<p> <a href=\"http:\/\/blog.inmontanis.info\/?p=949\">[&#8230;]<\/a><\/p>\n","protected":false},"author":1,"featured_media":0,"comment_status":"open","ping_status":"closed","sticky":false,"template":"","format":"standard","meta":{"footnotes":""},"categories":[877,25,13,30],"tags":[49,45,47],"class_list":["post-949","post","type-post","status-publish","format-standard","hentry","category-galtur","category-noreport","category-austria","category-wandern","tag-4sb","tag-see","tag-sl","odd"],"_links":{"self":[{"href":"http:\/\/blog.inmontanis.info\/index.php?rest_route=\/wp\/v2\/posts\/949","targetHints":{"allow":["GET"]}}],"collection":[{"href":"http:\/\/blog.inmontanis.info\/index.php?rest_route=\/wp\/v2\/posts"}],"about":[{"href":"http:\/\/blog.inmontanis.info\/index.php?rest_route=\/wp\/v2\/types\/post"}],"author":[{"embeddable":true,"href":"http:\/\/blog.inmontanis.info\/index.php?rest_route=\/wp\/v2\/users\/1"}],"replies":[{"embeddable":true,"href":"http:\/\/blog.inmontanis.info\/index.php?rest_route=%2Fwp%2Fv2%2Fcomments&post=949"}],"version-history":[{"count":2,"href":"http:\/\/blog.inmontanis.info\/index.php?rest_route=\/wp\/v2\/posts\/949\/revisions"}],"predecessor-version":[{"id":951,"href":"http:\/\/blog.inmontanis.info\/index.php?rest_route=\/wp\/v2\/posts\/949\/revisions\/951"}],"wp:attachment":[{"href":"http:\/\/blog.inmontanis.info\/index.php?rest_route=%2Fwp%2Fv2%2Fmedia&parent=949"}],"wp:term":[{"taxonomy":"category","embeddable":true,"href":"http:\/\/blog.inmontanis.info\/index.php?rest_route=%2Fwp%2Fv2%2Fcategories&post=949"},{"taxonomy":"post_tag","embeddable":true,"href":"http:\/\/blog.inmontanis.info\/index.php?rest_route=%2Fwp%2Fv2%2Ftags&post=949"}],"curies":[{"name":"wp","href":"https:\/\/api.w.org\/{rel}","templated":true}]}}