{"id":9486,"date":"2023-10-22T18:38:36","date_gmt":"2023-10-22T16:38:36","guid":{"rendered":"http:\/\/blog.inmontanis.info\/?p=9486"},"modified":"2023-10-27T19:12:15","modified_gmt":"2023-10-27T17:12:15","slug":"bj-1952-kdsb-krupka-muckenberg-muckenturmchen-22-10-2023","status":"publish","type":"post","link":"http:\/\/blog.inmontanis.info\/?p=9486","title":{"rendered":"BJ 1952: KDSB Krupka-M\u00fcckenberg\/M\u00fcckent\u00fcrmchen, 22.10.2023"},"content":{"rendered":"<p><strong>So, 22.10.2023<\/strong><\/p>\n<p>Die Fahrt heute nach Krupka verlief problemlos und wieder durch sehr sch\u00f6ne Landschaften.  <\/p>\n<p>Normalerweise kostet das Benzin derzeit um die 1,60 \u20ac hier in CZ, heute zuf\u00e4llig an einer g\u00fcnstigeren vorbeigekommen, wo ich eh tanken musste und nur ca. 1,50 \u20ac zahlen musste.<\/p>\n<p><a href='http:\/\/extra.inmontanis.info\/d\/101218-2\/DSC07855.jpg'><img src=http:\/\/extra.inmontanis.info\/d\/101217-3\/DSC07855.jpg \/><\/a><br \/>\n^ Waldig ..<\/p>\n<p><a href='http:\/\/extra.inmontanis.info\/d\/101222-2\/DSC07864.jpg'><img src=http:\/\/extra.inmontanis.info\/d\/101221-3\/DSC07864.jpg \/><\/a><br \/>\n^ .. schluchtig ..<\/p>\n<p><a href='http:\/\/extra.inmontanis.info\/d\/101226-2\/DSC07865.jpg'><img src=http:\/\/extra.inmontanis.info\/d\/101225-3\/DSC07865.jpg \/><\/a><br \/>\n^ .. burgig ..<\/p>\n<p><a href='http:\/\/extra.inmontanis.info\/d\/101230-2\/DSC07867.jpg'><img src=http:\/\/extra.inmontanis.info\/d\/101229-3\/DSC07867.jpg \/><\/a><br \/>\n^ .. pflastersteinig ..<\/p>\n<p><a href='http:\/\/extra.inmontanis.info\/d\/101234-2\/DSC07869.jpg'><img src=http:\/\/extra.inmontanis.info\/d\/101233-3\/DSC07869.jpg \/><\/a><br \/>\n^ .. fernsichtig ..<\/p>\n<p><a href='http:\/\/extra.inmontanis.info\/d\/101238-2\/DSC07871.jpg'><img src=http:\/\/extra.inmontanis.info\/d\/101237-3\/DSC07871.jpg \/><\/a><br \/>\n^ .. bergig ..<\/p>\n<p><a href='http:\/\/extra.inmontanis.info\/d\/101242-2\/DSC07874.jpg'><img src=http:\/\/extra.inmontanis.info\/d\/101241-3\/DSC07874.jpg \/><\/a><br \/>\n^ .. geradlinig ..<\/p>\n<p><a href='http:\/\/extra.inmontanis.info\/d\/101246-2\/DSC07876.jpg'><img src=http:\/\/extra.inmontanis.info\/d\/101245-3\/DSC07876.jpg \/><\/a><br \/>\n^ .. h\u00fcgelig .. also die komischen H\u00fcgel da waren ja das beste heute.<\/p>\n<p><a href='http:\/\/extra.inmontanis.info\/d\/101250-2\/DSC07878.jpg'><img src=http:\/\/extra.inmontanis.info\/d\/101249-3\/DSC07878.jpg \/><\/a><br \/>\n^ \u00dcberlandstra\u00dfen sind Blau, Autobahnen Gr\u00fcn und besonders sch\u00f6n auch immer der Geradeaus-Pfeil, der wie ein schneebedeckter Berg ausschaut ;)<\/p>\n<p>Da die Superm\u00e4rkte \u00fcblicherweise auch sonntags offen haben (wenn auch nicht alle bis abends), besuchte ich nochmals einen und entschied mich mal f\u00fcr ein Kaufland (wo es auch ein WC gab).<\/p>\n<p>War glaub ich erst der zweite Kaufland in meinem Leben &#8211; bin kein Fan davon. Ich find die neuen gr\u00f6\u00dferen Spar in \u00d6sterreich zwar genauso \u00fcbertrieben hochpreisig\/luxuri\u00f6s aussehend wie auch viele Edeka in Deutschland, aber Kaufland erinnert mich in seiner Schmuddeligkeit und Produktpr\u00e4sentation an altitalienische Diskonter, wie sie mir selbst in Italien schon lang nicht mehr untergekommen sind. Am n\u00e4chsten Tag war ich auch in Deutschland noch in einem Kaufland und ja, er ist schon g\u00fcnstiger als die anderen, hat mehr Markenprodukte als ein Lidl oder Aldi\/Hofer, aber selbst die wirken luxuri\u00f6s im Vergleich.<\/p>\n<p>Krass auch in CZ insb. im Kaufland: ca. die H\u00e4lfte (!!) der Produkte hat eine deutsche Bezeichnung, die Hersteller halten es nicht mal f\u00fcr n\u00f6tig, da eine tschechische oder tschechisch+slowakische (gemeinschaftliche) Verpackung zu verwenden. <\/p>\n<p>Haltbaren Kakao mit Drehverschluss gab&#8217;s auch hier keinen mit Ausnahme der Milch-Alternativen. Oatly hier immerhin noch mit dem alten Drehverschluss, allerdings viel zu teuer &#8211; den bekomm ich dann in seinem Heimatland Schweden wohl g\u00fcnstiger. Oder ich muss Kakao in Flaschen aus dem K\u00fchlregal nehmen, die gabs in Schweden auch. Oder ich nehm mal Trinkjoghurt.<\/p>\n<p>Gek\u00fchlte Fertiggerichte h\u00e4tte es mehr Auswahl gegeben als im Tesco gestern, aber meine K\u00fchlbox ist eh schon recht voll, ich kaufte also fast nix. Der B\u00e4cker am Eingang schien auch Granatsplitter zu haben, zumindest von der Form her sahen sie so aus. Der hatte sowieso viel Auswahl, aber bevor ich mich da sprachlich durchk\u00e4mpfe, was was ist und ich ja eh noch so viel im K\u00fchlschrank noch hab, kaufte ich eben nichts.<\/p>\n<p>Um 11:45 kam ich am (gratis) Parkplatz der Seitw\u00e4rts-KDSB in Krupka an, die ja nur alle Stunde jeweils um :30 fahren soll, also hatte ich noch etwas Zeit f\u00fcr Planungen. Wo \u00fcbernachten, noch in CZ oder in DE? Wo morgen essen? Russisch in Dresden oder sonstwo? SInd anscheinend leider zumeist sehr stadtzentral (auch wenn es lt. Gmaps viele russische Restaurants im Osten gibt), was mir dann auch wieder zu bl\u00f6d ist Morgen doch noch in den Harz oder lieber etwas weniger stressig richtung Rostock? \u00dcber 6h noch von hier aus zum F\u00e4hrterminal, ich k\u00f6nnte zwar auch am DI noch ein St\u00fcndchen fahren, aber relativ gef\u00e4hrlich dann alles wg. Staus usw. <\/p>\n<p>Die KDSB hier ist mittlerweile die letzte VR101-Seitw\u00e4rts-KDSB vmtl. weltweit? Bei meinem vorherigen Besuch 2011 gabs ja auch zumindestens noch die zwei Sektionen auf die Schneekoppe. Ja, in der Schweiz gibts noch zwei neuere Seitw\u00e4rts-KDSBen als Nachbauten, aber die hier ist Original von 1952. <\/p>\n<p>&#128681; Gespeicherte Geolocation &#8211; Karte anzeigen: <a href='https:\/\/www.google.com\/maps\/@?api=1&#038;map_action=map&#038;center=50.6873571,13.8727134&#038;zoom=12&#038;basemap=terrain' target=_blank> GoogleMaps<\/a> &#128681; <a href='https:\/\/www.openstreetmap.org\/?&#038;mlat=50.6873571&#038;mlon=13.8727134#map=10\/50.6873571\/13.8727134&#038;layers=P' target=_blank> OSM &#128681;<\/a><\/p>\n<p>Zeitm\u00e4\u00dfig h\u00e4tt ich nat\u00fcrlich noch etwas oben bleiben k\u00f6nnen, aber naja, es war kalt und sehr windig, also fuhr ich mit der n\u00e4chsten Gelegenheit wieder runter.<\/p>\n<p><a href='http:\/\/extra.inmontanis.info\/d\/100970-2\/DSC07883.jpg'><img src=http:\/\/extra.inmontanis.info\/d\/100969-3\/DSC07883.jpg \/><\/a><br \/>\n^ Talstation<\/p>\n<p><a href='http:\/\/extra.inmontanis.info\/d\/100974-2\/DSC07884.jpg'><img src=http:\/\/extra.inmontanis.info\/d\/100973-3\/DSC07884.jpg \/><\/a><br \/>\n^ Talstation<\/p>\n<p><a href='http:\/\/extra.inmontanis.info\/d\/100978-2\/DSC07885.jpg'><img src=http:\/\/extra.inmontanis.info\/d\/100977-3\/DSC07885.jpg \/><\/a><br \/>\n^ Alte Bilder<\/p>\n<p><a href='http:\/\/extra.inmontanis.info\/d\/100982-2\/DSC07891.jpg'><img src=http:\/\/extra.inmontanis.info\/d\/100981-3\/DSC07891.jpg \/><\/a><br \/>\n^ Souvenirs, die beiden B\u00fccher gab es zum 60. bzw. 70. Jubil\u00e4um. W\u00e4r ich jetzt heimw\u00e4rts unterwegs, h\u00e4tt ich mir ja eins gekauft, aber momentan hab ich keinerlei Platz<\/p>\n<p><a href='http:\/\/extra.inmontanis.info\/d\/100986-2\/DSC07892.jpg'><img src=http:\/\/extra.inmontanis.info\/d\/100985-3\/DSC07892.jpg \/><\/a><br \/>\n^ Talstation<\/p>\n<p><a href='http:\/\/extra.inmontanis.info\/d\/100990-2\/DSC07895.jpg'><img src=http:\/\/extra.inmontanis.info\/d\/100989-3\/DSC07895.jpg \/><\/a><br \/>\n^ Talstation, schaut aus wie neu, nicht wie 71 Jahre alt ;)<\/p>\n<p><a href='http:\/\/extra.inmontanis.info\/d\/100994-2\/DSC07898.jpg'><img src=http:\/\/extra.inmontanis.info\/d\/100993-3\/DSC07898.jpg \/><\/a><br \/>\n^ So eihe goldige Souvenirm\u00fcnze m\u00fcsste ich haben<\/p>\n<p><a href='http:\/\/extra.inmontanis.info\/d\/100998-2\/DSC07899.jpg'><img src=http:\/\/extra.inmontanis.info\/d\/100997-3\/DSC07899.jpg \/><\/a><br \/>\n^ <\/p>\n<p><a href='http:\/\/extra.inmontanis.info\/d\/101002-2\/DSC07900.jpg'><img src=http:\/\/extra.inmontanis.info\/d\/101001-3\/DSC07900.jpg \/><\/a><br \/>\n^ VR101-Klemme<\/p>\n<p><a href='http:\/\/extra.inmontanis.info\/d\/101006-2\/DSC07901.jpg'><img src=http:\/\/extra.inmontanis.info\/d\/101005-3\/DSC07901.jpg \/><\/a><br \/>\n^ Kasse, Fahrplan (st\u00fcndlich um :30) und Fahrpreise, wobei die Europreise etwas h\u00f6her sind als der momentane CZK-Kurs<\/p>\n<p><a href='http:\/\/extra.inmontanis.info\/d\/101010-2\/DSC07902.jpg'><img src=http:\/\/extra.inmontanis.info\/d\/101009-3\/DSC07902.jpg \/><\/a><br \/>\n^ Als Ticket fungiert eine (erweiterte) Postkarte<\/p>\n<p><a href='http:\/\/extra.inmontanis.info\/d\/101014-2\/DSC07903.jpg'><img src=http:\/\/extra.inmontanis.info\/d\/101013-3\/DSC07903.jpg \/><\/a><br \/>\n^ Ticket bzw. Postkarte<\/p>\n<p><a href='http:\/\/extra.inmontanis.info\/d\/101018-2\/DSC07906.jpg'><img src=http:\/\/extra.inmontanis.info\/d\/101017-3\/DSC07906.jpg \/><\/a><br \/>\n^ Strecke ab St\u00fctze 5<\/p>\n<p><a href='http:\/\/extra.inmontanis.info\/d\/101022-2\/DSC07912.jpg'><img src=http:\/\/extra.inmontanis.info\/d\/101021-3\/DSC07912.jpg \/><\/a><br \/>\n^ Strecke bis St\u00fctze 5<\/p>\n<p><a href='http:\/\/extra.inmontanis.info\/d\/101026-2\/DSC07917.jpg'><img src=http:\/\/extra.inmontanis.info\/d\/101025-3\/DSC07917.jpg \/><\/a><br \/>\n^ Strecke<\/p>\n<p><a href='http:\/\/extra.inmontanis.info\/d\/101030-2\/DSC07921.jpg'><img src=http:\/\/extra.inmontanis.info\/d\/101029-3\/DSC07921.jpg \/><\/a><br \/>\n^ Strecke mit St\u00fctze 11, also ca. die Mitte, weil die Sessel aus der Gegenrichtung vorbeifahren (nicht ganz korrekt ausgedr\u00fcckt, ich wei\u00df)<\/p>\n<p><a href='http:\/\/extra.inmontanis.info\/d\/101034-2\/DSC07923.jpg'><img src=http:\/\/extra.inmontanis.info\/d\/101033-3\/DSC07923.jpg \/><\/a><br \/>\n^ St\u00fctze 12<\/p>\n<p><a href='http:\/\/extra.inmontanis.info\/d\/101038-2\/DSC07927.jpg'><img src=http:\/\/extra.inmontanis.info\/d\/101037-3\/DSC07927.jpg \/><\/a><br \/>\n^ St\u00fctze 14a und oberer Teil<\/p>\n<p><a href='http:\/\/extra.inmontanis.info\/d\/101042-2\/DSC07928.jpg'><img src=http:\/\/extra.inmontanis.info\/d\/101041-3\/DSC07928.jpg \/><\/a><br \/>\n^ Gipfel und oberer Teil<\/p>\n<p><a href='http:\/\/extra.inmontanis.info\/d\/101046-2\/DSC07929.jpg'><img src=http:\/\/extra.inmontanis.info\/d\/101045-3\/DSC07929.jpg \/><\/a><br \/>\n^ Klemme auf Fahrt<\/p>\n<p><a href='http:\/\/extra.inmontanis.info\/d\/101050-2\/DSC07934.jpg'><img src=http:\/\/extra.inmontanis.info\/d\/101049-3\/DSC07934.jpg \/><\/a><br \/>\n^ St\u00fctze 20<\/p>\n<p><a href='http:\/\/extra.inmontanis.info\/d\/101054-2\/DSC07939.jpg'><img src=http:\/\/extra.inmontanis.info\/d\/101053-3\/DSC07939.jpg \/><\/a><br \/>\n^ St\u00fctze 22+ und Bergstation<\/p>\n<p><a href='http:\/\/extra.inmontanis.info\/d\/101058-2\/DSC07941.jpg'><img src=http:\/\/extra.inmontanis.info\/d\/101057-3\/DSC07941.jpg \/><\/a><br \/>\n^ Sesselgarage, da stehen etliche drin<\/p>\n<p><a href='http:\/\/extra.inmontanis.info\/d\/101062-2\/DSC07946.jpg'><img src=http:\/\/extra.inmontanis.info\/d\/101061-3\/DSC07946.jpg \/><\/a><br \/>\n^ Bergstation; rechts gibt es auch seeeehr sch\u00f6n warm beheizte Toiletten<\/p>\n<p><a href='http:\/\/extra.inmontanis.info\/d\/101066-2\/DSC07947.jpg'><img src=http:\/\/extra.inmontanis.info\/d\/101065-3\/DSC07947.jpg \/><\/a><br \/>\n^ Infotafel. Mit BJ 1952 d\u00fcrfte es auch eine der \u00e4ltesten noch in Betrieb befindlichen kuppelbaren Umlaufseilbahnen weltweit sein, erst recht im Originalzustand.<\/p>\n<p><a href='http:\/\/extra.inmontanis.info\/d\/101070-2\/DSC07948.jpg'><img src=http:\/\/extra.inmontanis.info\/d\/101069-3\/DSC07948.jpg \/><\/a><br \/>\n^ Technische Daten<\/p>\n<p><a href='http:\/\/extra.inmontanis.info\/d\/101074-2\/DSC07949.jpg'><img src=http:\/\/extra.inmontanis.info\/d\/101073-3\/DSC07949.jpg \/><\/a><br \/>\n^ Hochplateau mit Wegweiser zu den Skiliften in 800m, die ich auch heute wieder nicht besuchte<\/p>\n<p><a href='http:\/\/extra.inmontanis.info\/d\/101078-2\/DSC07951.jpg'><img src=http:\/\/extra.inmontanis.info\/d\/101077-3\/DSC07951.jpg \/><\/a><br \/>\n^ Sessel an der Bergstation<\/p>\n<p><a href='http:\/\/extra.inmontanis.info\/d\/101082-2\/DSC07952.jpg'><img src=http:\/\/extra.inmontanis.info\/d\/101081-3\/DSC07952.jpg \/><\/a><br \/>\n^ Hochplateau und Pano ca. Ost<\/p>\n<p><a href='http:\/\/extra.inmontanis.info\/d\/101086-2\/DSC07956.jpg'><img src=http:\/\/extra.inmontanis.info\/d\/101085-3\/DSC07956.jpg \/><\/a><br \/>\n^ St\u00fctze 23<\/p>\n<p><a href='http:\/\/extra.inmontanis.info\/d\/101090-2\/DSC07957.jpg'><img src=http:\/\/extra.inmontanis.info\/d\/101089-3\/DSC07957.jpg \/><\/a><br \/>\n^ Hochplateau und Pano ca. Nord<\/p>\n<p><a href='http:\/\/extra.inmontanis.info\/d\/101094-2\/DSC07958.jpg'><img src=http:\/\/extra.inmontanis.info\/d\/101093-3\/DSC07958.jpg \/><\/a><br \/>\n^ Hochplateau und Pano ca. Nord (Deutschland, Bereich Dresden)<\/p>\n<p><a href='http:\/\/extra.inmontanis.info\/d\/101098-2\/DSC07960.jpg'><img src=http:\/\/extra.inmontanis.info\/d\/101097-3\/DSC07960.jpg \/><\/a><br \/>\n^ Talblick (ca. S\u00fcd)<\/p>\n<p><a href='http:\/\/extra.inmontanis.info\/d\/101102-2\/DSC07961.jpg'><img src=http:\/\/extra.inmontanis.info\/d\/101101-3\/DSC07961.jpg \/><\/a><br \/>\n^ Bergstation<\/p>\n<p><a href='http:\/\/extra.inmontanis.info\/d\/101106-2\/DSC07962.jpg'><img src=http:\/\/extra.inmontanis.info\/d\/101105-3\/DSC07962.jpg \/><\/a><br \/>\n^ Letzte St\u00fctze<\/p>\n<p><a href='http:\/\/extra.inmontanis.info\/d\/101110-2\/DSC07963.jpg'><img src=http:\/\/extra.inmontanis.info\/d\/101109-3\/DSC07963.jpg \/><\/a><br \/>\n^ Talpano ca. West oder S\u00fcd-West<\/p>\n<p><a href='http:\/\/extra.inmontanis.info\/d\/101114-2\/DSC07965.jpg'><img src=http:\/\/extra.inmontanis.info\/d\/101113-3\/DSC07965.jpg \/><\/a><br \/>\n^ Gipfelrestaurant, gab auch einen Imbiss, wo sich trotz starkem und k\u00fchlem Wind etliche Leute z.B. eine Leberk\u00e4ssemmel gekauft haben. Sp\u00e4ter hab ich geh\u00f6rt, wie einer meinte, dass im Restaurant ca. 1h Wartezeit sein soll und sie deshalb nicht geblieben w\u00e4ren ..<\/p>\n<p><a href='http:\/\/extra.inmontanis.info\/d\/101118-2\/DSC07966.jpg'><img src=http:\/\/extra.inmontanis.info\/d\/101117-3\/DSC07966.jpg \/><\/a><br \/>\n^ Bergstation. Sch\u00f6n, dass die alte Dame noch st\u00fcndliche ihre Runden drehen darf, aber bei 71 Jahren muss man sich doch fragen, wie lang das wohl noch m\u00f6glich sein wird ..<\/p>\n<p><a href='http:\/\/extra.inmontanis.info\/d\/101122-2\/DSC07967.jpg'><img src=http:\/\/extra.inmontanis.info\/d\/101121-3\/DSC07967.jpg \/><\/a><br \/>\n^ Bergstation, hier wird mittels manuellem Seilzug der Sessel auf die Rampe zum Einkuppeln geschickt<\/p>\n<p><a href='http:\/\/extra.inmontanis.info\/d\/101126-2\/DSC07969.jpg'><img src=http:\/\/extra.inmontanis.info\/d\/101125-3\/DSC07969.jpg \/><\/a><br \/>\n^ Rampe und Kuppelstelle<\/p>\n<p><a href='http:\/\/extra.inmontanis.info\/d\/101130-2\/DSC07971.jpg'><img src=http:\/\/extra.inmontanis.info\/d\/101129-3\/DSC07971.jpg \/><\/a><br \/>\n^ Schild<\/p>\n<p><a href='http:\/\/extra.inmontanis.info\/d\/101134-2\/DSC07972.jpg'><img src=http:\/\/extra.inmontanis.info\/d\/101133-3\/DSC07972.jpg \/><\/a><br \/>\n^ Ausfahrtseite<\/p>\n<p><a href='http:\/\/extra.inmontanis.info\/d\/101138-2\/DSC07973.jpg'><img src=http:\/\/extra.inmontanis.info\/d\/101137-3\/DSC07973.jpg \/><\/a><br \/>\n^ Kuppelstelle<\/p>\n<p><a href='http:\/\/extra.inmontanis.info\/d\/101142-2\/DSC07974.jpg'><img src=http:\/\/extra.inmontanis.info\/d\/101141-3\/DSC07974.jpg \/><\/a><br \/>\n^ Ausfahrt<\/p>\n<p><a href='http:\/\/extra.inmontanis.info\/d\/101146-2\/DSC07976.jpg'><img src=http:\/\/extra.inmontanis.info\/d\/101145-3\/DSC07976.jpg \/><\/a><br \/>\n^ Kuppelstelle<\/p>\n<p><a href='http:\/\/extra.inmontanis.info\/d\/101150-2\/DSC07977.jpg'><img src=http:\/\/extra.inmontanis.info\/d\/101149-3\/DSC07977.jpg \/><\/a><br \/>\n^ Haltestelle<\/p>\n<p><a href='http:\/\/extra.inmontanis.info\/d\/101154-2\/DSC07978.jpg'><img src=http:\/\/extra.inmontanis.info\/d\/101153-3\/DSC07978.jpg \/><\/a><br \/>\n^ Bergstation Ein\/Ausgang<\/p>\n<p><a href='http:\/\/extra.inmontanis.info\/d\/101158-2\/DSC07979.jpg'><img src=http:\/\/extra.inmontanis.info\/d\/101157-3\/DSC07979.jpg \/><\/a><br \/>\n^ Ampel<\/p>\n<p><a href='http:\/\/extra.inmontanis.info\/d\/101162-2\/DSC07980.jpg'><img src=http:\/\/extra.inmontanis.info\/d\/101161-3\/DSC07980.jpg \/><\/a><br \/>\n^ Bergstation Antrieb \/ Schleife<\/p>\n<p><a href='http:\/\/extra.inmontanis.info\/d\/101166-2\/DSC07981.jpg'><img src=http:\/\/extra.inmontanis.info\/d\/101165-3\/DSC07981.jpg \/><\/a><br \/>\n^ Altes Telefon<\/p>\n<p><a href='http:\/\/extra.inmontanis.info\/d\/101170-2\/DSC07982.jpg'><img src=http:\/\/extra.inmontanis.info\/d\/101169-3\/DSC07982.jpg \/><\/a><br \/>\n^ Bergstation<\/p>\n<p><a href='http:\/\/extra.inmontanis.info\/d\/101174-2\/DSC07983.jpg'><img src=http:\/\/extra.inmontanis.info\/d\/101173-3\/DSC07983.jpg \/><\/a><br \/>\n^ Strecke talw\u00e4rts<\/p>\n<p><a href='http:\/\/extra.inmontanis.info\/d\/101178-2\/DSC07988.jpg'><img src=http:\/\/extra.inmontanis.info\/d\/101177-3\/DSC07988.jpg \/><\/a><br \/>\n^ Seitw\u00e4rts-Sessel<\/p>\n<p><a href='http:\/\/extra.inmontanis.info\/d\/101182-2\/DSC07993.jpg'><img src=http:\/\/extra.inmontanis.info\/d\/101181-3\/DSC07993.jpg \/><\/a><br \/>\n^ Gegenverkehr an St\u00fctze 13<\/p>\n<p><a href='http:\/\/extra.inmontanis.info\/d\/101186-2\/DSC07994.jpg'><img src=http:\/\/extra.inmontanis.info\/d\/101185-3\/DSC07994.jpg \/><\/a><br \/>\n^ Gegenverkehr an St\u00fctze 12<\/p>\n<p><a href='http:\/\/extra.inmontanis.info\/d\/101190-2\/DSC07999.jpg'><img src=http:\/\/extra.inmontanis.info\/d\/101189-3\/DSC07999.jpg \/><\/a><br \/>\n^ Da die Seilrollen keine Gummis haben, rasselt es immer so sch\u00f6n ;)<\/p>\n<p><a href='http:\/\/extra.inmontanis.info\/d\/101194-2\/DSC08001.jpg'><img src=http:\/\/extra.inmontanis.info\/d\/101193-3\/DSC08001.jpg \/><\/a><br \/>\n^ Stadtblick<\/p>\n<p><a href='http:\/\/extra.inmontanis.info\/d\/101198-2\/DSC08003.jpg'><img src=http:\/\/extra.inmontanis.info\/d\/101197-3\/DSC08003.jpg \/><\/a><br \/>\n^ Talstation<\/p>\n<p><a href='http:\/\/extra.inmontanis.info\/d\/101202-2\/DSC08005.jpg'><img src=http:\/\/extra.inmontanis.info\/d\/101201-3\/DSC08005.jpg \/><\/a><br \/>\n^ Talstation Umlauf<\/p>\n<p><a href='http:\/\/extra.inmontanis.info\/d\/101206-3\/DSC08007.jpg'><img src=http:\/\/extra.inmontanis.info\/d\/101205-4\/DSC08007.jpg \/><\/a><br \/>\n^ Talstation Einfahrt leerer Sessel vom Berg<\/p>\n<p><a href='http:\/\/extra.inmontanis.info\/d\/101210-3\/DSC08008.jpg'><img src=http:\/\/extra.inmontanis.info\/d\/101209-4\/DSC08008.jpg \/><\/a><br \/>\n^ St\u00fctzen nahe Talstation<\/p>\n<p><a href='http:\/\/extra.inmontanis.info\/d\/101214-3\/DSC08010.jpg'><img src=http:\/\/extra.inmontanis.info\/d\/101213-4\/DSC08010.jpg \/><\/a><br \/>\n^ Dachte erst, das w\u00e4r ein Schlitten, was da rumliegt :) Nope, Teile einer St\u00fctze<\/p>\n<p>(Auch heut hab ich wieder viele 3D-Filmchen gemacht, aber keine Ahnung, wann ich die schneide und online stelle.)<\/p>\n<p>Tja .. hat so ein bisschen was von Isle of Man.. man baut fr\u00fchzeitig eine topmoderne Bahn (Seilbahn hier bzw. Tram dort), die Jahre vergehen, es werden andernorts viele Bahnen gebaut, die mittlerweile ersetzt oder wieder geschlossen sind und ehe man sich versieht, weil kein Geld oder keine Notwendigkeit da war zur Sanierung, aber doch genug vorhanden war, den Betrieb durchzuhalten, hat man pl\u00f6tzlich die \u00e4lteste Bahn ringsherum. <\/p>\n<p>Zum Thema Verg\u00e4nglichkeit oder wie schnell das Leben verfliegt, fiel mir dazu die letzte Strophe eines Gedichts ein, das, wie die Seilbahn hier, sogar von einem Schweizer stammt. Da ichs online nicht find zum verlinken, muss ichs wohl abtipppen, wobei das Abtippen aufgrund eines fehlerhaft digitalisiert-eingescannten Textes im Netz nicht so einfach wird, kann sein, dass das eine oder andere Wort falsch ist, da ich es auch nicht mehr auswendig kann:<\/p>\n<blockquote><p>\n<em>Wir w\u00fcnschen und wir sorgen viel<br \/>\nund leben hin in halbem Traum;<br \/>\nwir nehmen schwer des Lebens Spiel<br \/>\ndas Gl\u00fcck der Stunde seh&#8217;n wir kaum.<\/p>\n<p>Wir hoffen auf ein gutes Jahr<br \/>\nund bauen Schl\u00f6sser stolz und hoch.<br \/>\nDas Jahr ist da, den Kranz im Haar &#8211;<br \/>\nwir steh&#8217;n und warten immer noch.<\/p>\n<p>Erst sp\u00f6t, wenn der Erinn&#8217;rung Schein<br \/>\ndie l\u00e4ngst verlassenen Pfade k\u00fcsst,<br \/>\ndann sehen wir mit Wehmut ein,<br \/>\nwie oft das Gl\u00fcck uns stumm gegr\u00fc\u00dft.<br \/>\n<\/em><br \/>\n(Alfred Huggenberger)\n<\/p><\/blockquote>\n<p>Schon gleich 2 seilbahntechnische Highlights zu Beginn der Reise&#8230; Da ich somit um 14:00 fertig war, k\u00f6nnte ich doch noch via Harz fahren? 190-220km Umweg und heute 4-6h Autofahrt und morgen \u00e4hnlich .. ne, zu stressig. H\u00e4tt ich mal besser f\u00fcr Mittwoch die F\u00e4hre gebucht &#8230;  <\/p>\n<p>H\u00e4tte schon noch Lust gehabt auf was B\u00f6hmisches, zB Braten oder Gulasch mit Serviettenkn\u00f6del. Zwischen &#8220;Naja, das Restaurant dann doch nicht &#8221; und &#8220;Nachmittagspause&#8221; und &#8220;zu voll&#8221; war ich auch schon an der Grenze und wusste nicht, ob es dort \u00fcberhaupt was gibt. Aber die vermutlchen K\u00fcchenzeiten an der Eingangst\u00fcr sagten leider auch -15\/17- Uhr. Schade, dass man selbst an der Grenze keine durchgehende warme K\u00fcche anbietet.<\/p>\n<p>Ich hab dann an den beiden Grenzshops wenigstens noch den gr\u00f6\u00dften Teil meiner CZ-Kronen ausgegeben, die ich schon jahrelang hatte.<\/p>\n<p>Auf deutscher Seite in Altenberg ging ich in ein Restaurant, sah sehr sch\u00f6n aus (andere w\u00fcrden wohl &#8220;kitschig&#8221; sagen). Da h\u00e4tte mich nicht nur ebenfalls ein Gulasch mit vermutlich b\u00f6hmischen Kn\u00f6deln angelacht, sondern noch etwas: S\u00fclze mit Remoulade und Bratkartoffeln, was ich ja noch seltener irgendwo mal angeboten sehe. Da stand zwar extra noch Zwiebeln angef\u00fchrt, die ich dann lieber nicht h\u00e4tte, aber &#8220;ohne Zwiebel&#8221; wollt ich auch nicht sagen, weil in den Bratkartoffeln h\u00e4tt ich ja schon gerne Zwiebeln.<\/p>\n<p>Interessanterweise war es dann sowieso ohne den erwarteten Zwiebelberg und stattdessen mit kleinen Paprikastreifen, was mir lieber ist.  Jedenfalls eine riesige Portion, sowohl S\u00fclze wie auch Bratkartoffel waren einwandfrei.  Im Gegensatz zum Karpfen k\u00f6nnt ich das morgen nicht nochmals essen. Remoulade (oder Sauce Tartar) mag ich auch nur zu S\u00fclze mit Bratkartoffeln, nicht zu Fisch.   <\/p>\n<p>Kostete 12,99 f\u00fcr das Essen und 2,29 f\u00fcr das kleine Sprudelwasser, in Summe 15,28 oder eben 17,- aufgerundet.<\/p>\n<p>Ein R\u00e4ucherm\u00e4nnlein mit Wald-R\u00e4ucherzapfen hab ich \u00fcbrigens auch daheim (allerdings etwas besch\u00e4digt), das kommt noch aus DDR-Zeiten und war eins der wenigsten Sachen, die &#8220;Made in GDR&#8221; waren. Aber wohl nicht deshalb gehabt, sondern weil ich den Duft mochte.<\/p>\n<p><a href='http:\/\/extra.inmontanis.info\/d\/101254-2\/IMG_20231022_161801_2.jpg'><img src=http:\/\/extra.inmontanis.info\/d\/101253-3\/IMG_20231022_161801_2.jpg \/><\/a><br \/>\n^ Sch\u00f6nes Restaurant<\/p>\n<p><a href='http:\/\/extra.inmontanis.info\/d\/101258-2\/IMG_20231022_161825_5.jpg'><img src=http:\/\/extra.inmontanis.info\/d\/101257-3\/IMG_20231022_161825_5.jpg \/><\/a><br \/>\n^ Sch\u00f6nes Restaurant<\/p>\n<p><a href='http:\/\/extra.inmontanis.info\/d\/101262-2\/IMG_20231022_163153_6.jpg'><img src=http:\/\/extra.inmontanis.info\/d\/101261-3\/IMG_20231022_163153_6.jpg \/><\/a><br \/>\n^ Sch\u00f6nes Restaurant, eingerichtet mit Nussknackern und R\u00e4ucherm\u00e4nnchen und dunkelbraunen M\u00f6beln<\/p>\n<p><a href='http:\/\/extra.inmontanis.info\/d\/101266-3\/IMG_20231022_163626_9.jpg'><img src=http:\/\/extra.inmontanis.info\/d\/101265-4\/IMG_20231022_163626_9.jpg \/><\/a><br \/>\n^ S\u00fclze mit Bratkartoffeln, zwei dicke Scheiben, hui, viel.<\/p>\n<p><a href='http:\/\/extra.inmontanis.info\/d\/101270-3\/DSC08016.jpg'><img src=http:\/\/extra.inmontanis.info\/d\/101269-4\/DSC08016.jpg \/><\/a><br \/>\n^ Auch au\u00dfen ist das Restaurant sch\u00f6n und besonders, nicht langweiliger Einheitsbrei.<\/p>\n<p>\u00dcbernachtet wird in der N\u00e4he, wobei ich morgen wohl keinen Parkplatz mit \u00f6ffentlichem WC haben werde, also gleich hier stehen bleiben werde.<\/p>\n<p><a href='http:\/\/extra.inmontanis.info\/d\/101274-3\/DSC08023.jpg'><img src=http:\/\/extra.inmontanis.info\/d\/101273-4\/DSC08023.jpg \/><\/a><br \/>\n^ Eink\u00e4ufe in CZ, hinten die 3 gek\u00fchlten Fertiggerichte. Trotz Zur\u00fcckhaltung (1. nicht jeder Riegel und 2. von den meisten Riegeln nur 1 St\u00fcck, statt fr\u00fcher f\u00fcr daheim jeweils 2-3) kaum fotografierbar im Auto, so viel war es. Die Oblaten waren die schwerste Wahl, denn es gab am Grenzshop so massig viel verschiedene Sorten von dieser Marke mit den verschiedensten F\u00fcllungen. Ich nahm, wie zu sehen, die mit Pistazien.<\/p>\n<p>Passte aber alles in meine Nascht\u00fcte, mit Ausnahme der gro\u00dfen Oblatenpackung.<\/p>\n<p>Oh schade, noch was vergessen: den Feuermelder\/Rauchwarner, den ich mir im Zuge meiner 230V-Campingplatz-Heizl\u00fcfter-Installation damals in Norwegen gekauft hatte. Der lag normalerweise im &#8220;Dachnetz&#8221; \u00fcber dem Beifahrersitz. Dass ich ihn raus hatte, k\u00f6nnte mehrere Gr\u00fcnde gehabt haben, Hauptgrund evtl. weil ich im Fr\u00fchjahr\/Sommer keinen Campingplatz besuchen wollte, keine Heizger\u00e4te im Auto hatte und daher etwas weniger schweres Zeug in dem Netz haben wollte. Scheint mir wohl daheim nicht aufgefallen zu sein, dass der eigentlich im Auto liegen m\u00fcsste.<\/p>\n<p>Da er weder im Netz, noch im Inhaltsverzeichnis ist, wird er aber wohl eher in der Wohnung liegen als doch irgendwo im Auto rumfliegen. Vermutlich dann sinnvoll, wieder einen zu kaufen &#8230; kostet  ja nur ca. 5-10 \u20ac.<\/p>\n<p>Die Wettervorhersagen melden f\u00fcr den Abend meiner F\u00e4hrfahrt leider regnerisch, also kein sch\u00f6ner Sonnenuntergang. Generell keinerlei Sonne auf dem Weg in Schweden und Finnland in den Norden gemeldet und weiter im Norden schon ganztags Minustemperaturen.<\/p>\n<p>K\u00e5bdalis in Schweden konnte ebenfalls wie geplant gestern \u00f6ffnen, dank ihrer riesigen Schneedepots. Melden sogar schon 15cm Schnee abseits der Piste.<br \/>\nIn Ruka (FI) soll in ein paar Tagen die Abfahrt an der Gondel \u00f6ffnen, am 3.11. sollen dann weitere 5 Abfahrten folgen und auch 2 weitere 6?KSBen in Betrieb gehen. <\/p>\n<p>Ich f\u00fcrchte, in einer Woche werd ich pl\u00f6tzlich im tiefsten Winter sein.<\/p>\n","protected":false},"excerpt":{"rendered":"<p>So, 22.10.2023<\/p>\n<p>Die Fahrt heute nach Krupka verlief problemlos und wieder durch sehr sch\u00f6ne Landschaften. <\/p>\n<p>Normalerweise kostet das Benzin derzeit um die 1,60 \u20ac hier in CZ, heute zuf\u00e4llig an einer g\u00fcnstigeren vorbeigekommen, wo ich eh tanken musste und nur ca. 1,50 \u20ac zahlen musste.<\/p>\n<p> ^ Waldig ..<\/p>\n<p> ^ .. schluchtig ..<\/p>\n<p> <a href=\"http:\/\/blog.inmontanis.info\/?p=9486\">[&#8230;]<\/a><\/p>\n","protected":false},"author":1,"featured_media":9491,"comment_status":"closed","ping_status":"closed","sticky":false,"template":"","format":"standard","meta":{"footnotes":""},"categories":[912,826,59,105],"tags":[],"class_list":["post-9486","post","type-post","status-publish","format-standard","has-post-thumbnail","hentry","category-2023-09-2024-xx-skandinavien","category-krupka","category-nostalgie","category-tschechien","odd"],"_links":{"self":[{"href":"http:\/\/blog.inmontanis.info\/index.php?rest_route=\/wp\/v2\/posts\/9486","targetHints":{"allow":["GET"]}}],"collection":[{"href":"http:\/\/blog.inmontanis.info\/index.php?rest_route=\/wp\/v2\/posts"}],"about":[{"href":"http:\/\/blog.inmontanis.info\/index.php?rest_route=\/wp\/v2\/types\/post"}],"author":[{"embeddable":true,"href":"http:\/\/blog.inmontanis.info\/index.php?rest_route=\/wp\/v2\/users\/1"}],"replies":[{"embeddable":true,"href":"http:\/\/blog.inmontanis.info\/index.php?rest_route=%2Fwp%2Fv2%2Fcomments&post=9486"}],"version-history":[{"count":5,"href":"http:\/\/blog.inmontanis.info\/index.php?rest_route=\/wp\/v2\/posts\/9486\/revisions"}],"predecessor-version":[{"id":9492,"href":"http:\/\/blog.inmontanis.info\/index.php?rest_route=\/wp\/v2\/posts\/9486\/revisions\/9492"}],"wp:featuredmedia":[{"embeddable":true,"href":"http:\/\/blog.inmontanis.info\/index.php?rest_route=\/wp\/v2\/media\/9491"}],"wp:attachment":[{"href":"http:\/\/blog.inmontanis.info\/index.php?rest_route=%2Fwp%2Fv2%2Fmedia&parent=9486"}],"wp:term":[{"taxonomy":"category","embeddable":true,"href":"http:\/\/blog.inmontanis.info\/index.php?rest_route=%2Fwp%2Fv2%2Fcategories&post=9486"},{"taxonomy":"post_tag","embeddable":true,"href":"http:\/\/blog.inmontanis.info\/index.php?rest_route=%2Fwp%2Fv2%2Ftags&post=9486"}],"curies":[{"name":"wp","href":"https:\/\/api.w.org\/{rel}","templated":true}]}}