{"id":9482,"date":"2023-10-21T18:40:06","date_gmt":"2023-10-21T16:40:06","guid":{"rendered":"http:\/\/blog.inmontanis.info\/?p=9482"},"modified":"2023-10-27T18:43:34","modified_gmt":"2023-10-27T16:43:34","slug":"zelezna-ruda-esl-spicak-pancir-21-10-2023","status":"publish","type":"post","link":"http:\/\/blog.inmontanis.info\/?p=9482","title":{"rendered":"Zelezna Ruda \/ ESL Spicak-Pancir, 21.10.2023"},"content":{"rendered":"<p><strong>Sa, 21.10.2023<\/strong><\/p>\n<p>Also am gratis Parkplatz geparkt und zum ESL runtergegangen. Berg- und Talfahrt f\u00fcr beide Sektionen kostet 200,- CZK, ca. 8 \u20ac, Kartenzahlung wird akzeptiert. <\/p>\n<p>Die Fernsicht oben war sehr gut, man sah die Alpen. <\/p>\n<p>&#128681; Gespeicherte Geolocation &#8211; Karte anzeigen: <a href='https:\/\/www.google.com\/maps\/@?api=1&#038;map_action=map&#038;center=49.177957,13.2538304&#038;zoom=12&#038;basemap=terrain' target=_blank> GoogleMaps<\/a> &#128681; <a href='https:\/\/www.openstreetmap.org\/?&#038;mlat=49.177957&#038;mlon=13.2538304#map=10\/49.177957\/13.2538304&#038;layers=P' target=_blank> OSM &#128681;<\/a><\/p>\n<p>2011 war ich das erste und bisher einzigste Mal hier, seitdem w\u00e4r ich ja gern mal im Winter zum Skifahren her, aber es hat sich leider nicht ergeben. Oben an der Bergstation nachgefragt,  ob der SL im Winter noch in Betrieb sei, worauf er meinte, schon einige Jahre nicht mehr, aber vielleicht ja heuer. Ob zu wenig Schnee w\u00e4re? Nein, zu wenig Leute&#8230; :(<\/p>\n<p>Ich bin den SL etwas runter gegangen, das war abfahrtstechnisch wohl der interessanteste und steilste Bereich dieses Skigebiets, jedenfalls relativ lang und die Abfahrt sah mir auch interessant aus.<\/p>\n<p><a href='http:\/\/ski.inmontanis.info\/d\/321864-2\/DSC07651.jpg'><img src=http:\/\/ski.inmontanis.info\/d\/321863-3\/DSC07651.jpg \/><\/a><br \/>\n^ Talstation ESL<\/p>\n<p><a href='http:\/\/ski.inmontanis.info\/d\/321868-2\/DSC07652.jpg'><img src=http:\/\/ski.inmontanis.info\/d\/321867-3\/DSC07652.jpg \/><\/a><br \/>\n^ Talstation ESL<\/p>\n<p><a href='http:\/\/ski.inmontanis.info\/d\/321872-2\/DSC07653.jpg'><img src=http:\/\/ski.inmontanis.info\/d\/321871-3\/DSC07653.jpg \/><\/a><br \/>\n^ Talstation ESL<\/p>\n<p><a href='http:\/\/ski.inmontanis.info\/d\/321876-2\/DSC07654.jpg'><img src=http:\/\/ski.inmontanis.info\/d\/321875-3\/DSC07654.jpg \/><\/a><br \/>\n^ Talstation ESL<\/p>\n<p><a href='http:\/\/ski.inmontanis.info\/d\/321880-2\/DSC07655.jpg'><img src=http:\/\/ski.inmontanis.info\/d\/321879-3\/DSC07655.jpg \/><\/a><br \/>\n^ ESL Sektion 1<\/p>\n<p><a href='http:\/\/ski.inmontanis.info\/d\/321884-2\/DSC07665.jpg'><img src=http:\/\/ski.inmontanis.info\/d\/321883-3\/DSC07665.jpg \/><\/a><br \/>\n^ ESL Sektion 1 Fundament<\/p>\n<p><a href='http:\/\/ski.inmontanis.info\/d\/321888-2\/DSC07674.jpg'><img src=http:\/\/ski.inmontanis.info\/d\/321887-3\/DSC07674.jpg \/><\/a><br \/>\n^ ESL Sektion 2, teilweise k\u00f6nnte man den Strom- oder Telefon-Masten in der Mitte wohl mit der Hand ber\u00fchren ;)<\/p>\n<p><a href='http:\/\/ski.inmontanis.info\/d\/321892-2\/DSC07676.jpg'><img src=http:\/\/ski.inmontanis.info\/d\/321891-3\/DSC07676.jpg \/><\/a><br \/>\n^ ESL Sektion 2<\/p>\n<p><a href='http:\/\/ski.inmontanis.info\/d\/321896-2\/DSC07677.jpg'><img src=http:\/\/ski.inmontanis.info\/d\/321895-3\/DSC07677.jpg \/><\/a><br \/>\n^ Pano vom ESL Sektion 2<\/p>\n<p><a href='http:\/\/ski.inmontanis.info\/d\/321900-2\/DSC07685.jpg'><img src=http:\/\/ski.inmontanis.info\/d\/321899-3\/DSC07685.jpg \/><\/a><br \/>\n^ Bergstation ESL Sektion 2<\/p>\n<p><a href='http:\/\/ski.inmontanis.info\/d\/321904-2\/DSC07692.jpg'><img src=http:\/\/ski.inmontanis.info\/d\/321903-3\/DSC07692.jpg \/><\/a><br \/>\n^ SL, der 90\u00b0 links von der ESL-Bergstation ist<\/p>\n<p><a href='http:\/\/ski.inmontanis.info\/d\/321908-2\/DSC07694.jpg'><img src=http:\/\/ski.inmontanis.info\/d\/321907-3\/DSC07694.jpg \/><\/a><br \/>\n^ Zoom-Pano SL-Seitig<\/p>\n<p><a href='http:\/\/ski.inmontanis.info\/d\/321912-2\/DSC07696.jpg'><img src=http:\/\/ski.inmontanis.info\/d\/321911-3\/DSC07696.jpg \/><\/a><br \/>\n^ SL Bergstation<\/p>\n<p><a href='http:\/\/ski.inmontanis.info\/d\/321916-2\/DSC07699.jpg'><img src=http:\/\/ski.inmontanis.info\/d\/321915-3\/DSC07699.jpg \/><\/a><br \/>\n^ SL St\u00fctze (Rundrohr)<\/p>\n<p><a href='http:\/\/ski.inmontanis.info\/d\/321920-2\/DSC07700.jpg'><img src=http:\/\/ski.inmontanis.info\/d\/321919-3\/DSC07700.jpg \/><\/a><br \/>\n^ Gipfel<\/p>\n<p><a href='http:\/\/ski.inmontanis.info\/d\/321924-2\/DSC07701.jpg'><img src=http:\/\/ski.inmontanis.info\/d\/321923-3\/DSC07701.jpg \/><\/a><br \/>\n^ SL St\u00fctze, wow, Nummer 8? L\u00e4nger als erwartet<\/p>\n<p><a href='http:\/\/ski.inmontanis.info\/d\/321928-2\/DSC07706.jpg'><img src=http:\/\/ski.inmontanis.info\/d\/321927-3\/DSC07706.jpg \/><\/a><br \/>\n^ Blick zum mittleren oder vielleicht auch unteren SL-Bereich<\/p>\n<p><a href='http:\/\/ski.inmontanis.info\/d\/321932-2\/DSC07707.jpg'><img src=http:\/\/ski.inmontanis.info\/d\/321931-3\/DSC07707.jpg \/><\/a><br \/>\n^ Oberer Bereich Sl-Trasse<\/p>\n<p><a href='http:\/\/ski.inmontanis.info\/d\/321936-2\/DSC07709.jpg'><img src=http:\/\/ski.inmontanis.info\/d\/321935-3\/DSC07709.jpg \/><\/a><br \/>\n^ SL-Abfahrt<\/p>\n<p><a href='http:\/\/ski.inmontanis.info\/d\/321940-2\/DSC07717.jpg'><img src=http:\/\/ski.inmontanis.info\/d\/321939-3\/DSC07717.jpg \/><\/a><br \/>\n^ Gipfel<\/p>\n<p><a href='http:\/\/ski.inmontanis.info\/d\/321944-2\/DSC07718.jpg'><img src=http:\/\/ski.inmontanis.info\/d\/321943-3\/DSC07718.jpg \/><\/a><br \/>\n^ Gipfel und Blick in die Alpen<\/p>\n<p><a href='http:\/\/ski.inmontanis.info\/d\/321948-2\/DSC07720.jpg'><img src=http:\/\/ski.inmontanis.info\/d\/321947-3\/DSC07720.jpg \/><\/a><br \/>\n^ Zoom in die Alpen<\/p>\n<p><a href='http:\/\/ski.inmontanis.info\/d\/321952-2\/DSC07721.jpg'><img src=http:\/\/ski.inmontanis.info\/d\/321951-3\/DSC07721.jpg \/><\/a><br \/>\n^ Pano SL-seitig<\/p>\n<p><a href='http:\/\/ski.inmontanis.info\/d\/321956-2\/DSC07722.jpg'><img src=http:\/\/ski.inmontanis.info\/d\/321955-3\/DSC07722.jpg \/><\/a><br \/>\n^ ESL Sektion 2 Bergstation<\/p>\n<p><a href='http:\/\/ski.inmontanis.info\/d\/321960-2\/DSC07729.jpg'><img src=http:\/\/ski.inmontanis.info\/d\/321959-3\/DSC07729.jpg \/><\/a><br \/>\n^ ESL Sektion 2 Bergstation<\/p>\n<p><a href='http:\/\/ski.inmontanis.info\/d\/321964-2\/DSC07730.jpg'><img src=http:\/\/ski.inmontanis.info\/d\/321963-3\/DSC07730.jpg \/><\/a><br \/>\n^ ESL Daten<\/p>\n<p><a href='http:\/\/ski.inmontanis.info\/d\/321968-2\/DSC07731.jpg'><img src=http:\/\/ski.inmontanis.info\/d\/321967-3\/DSC07731.jpg \/><\/a><br \/>\n^ ESL Sektion 2 Bergstation<\/p>\n<p><a href='http:\/\/ski.inmontanis.info\/d\/321972-2\/DSC07732.jpg'><img src=http:\/\/ski.inmontanis.info\/d\/321971-3\/DSC07732.jpg \/><\/a><br \/>\n^ ESL Sektion 2 Bergstation; die ESL-Sitze sind meist blau, aber manchmal auch andersfarbig, hier ein gr\u00fcner und ein blauer im Bild<\/p>\n<p><a href='http:\/\/ski.inmontanis.info\/d\/321976-2\/DSC07734.jpg'><img src=http:\/\/ski.inmontanis.info\/d\/321975-3\/DSC07734.jpg \/><\/a><br \/>\n^ Pano in die andere Richtung; durch die B\u00e4ume gibt es nur wenig Stellen, wo man was sehen kann<\/p>\n<p><a href='http:\/\/ski.inmontanis.info\/d\/321980-2\/DSC07735.jpg'><img src=http:\/\/ski.inmontanis.info\/d\/321979-3\/DSC07735.jpg \/><\/a><br \/>\n^ Auf dieser Seite ist der Berg auch recht steil; rechts im Bild die ESL-Bergstation<\/p>\n<p><a href='http:\/\/ski.inmontanis.info\/d\/321984-2\/DSC07738.jpg'><img src=http:\/\/ski.inmontanis.info\/d\/321983-3\/DSC07738.jpg \/><\/a><br \/>\n^ Zoom-Pano SL-seitig<\/p>\n<p><a href='http:\/\/ski.inmontanis.info\/d\/321988-2\/DSC07742.jpg'><img src=http:\/\/ski.inmontanis.info\/d\/321987-3\/DSC07742.jpg \/><\/a><br \/>\n^ Zoom-Pano Alpen kontrastverst\u00e4rkt. Da h\u00e4tte sich meine IR-Cam gelohnt<\/p>\n<p><a href='http:\/\/ski.inmontanis.info\/d\/321992-2\/DSC07746.jpg'><img src=http:\/\/ski.inmontanis.info\/d\/321991-3\/DSC07746.jpg \/><\/a><br \/>\n^ Bergstation SL<\/p>\n<p><a href='http:\/\/ski.inmontanis.info\/d\/321996-2\/DSC07747.jpg'><img src=http:\/\/ski.inmontanis.info\/d\/321995-3\/DSC07747.jpg \/><\/a><br \/>\n^ Fahrkarte<\/p>\n<p><a href='http:\/\/ski.inmontanis.info\/d\/322000-2\/DSC07748.jpg'><img src=http:\/\/ski.inmontanis.info\/d\/321999-3\/DSC07748.jpg \/><\/a><br \/>\n^ ESL Sektion 2 Bergstation<\/p>\n<p><a href='http:\/\/ski.inmontanis.info\/d\/322004-2\/DSC07749.jpg'><img src=http:\/\/ski.inmontanis.info\/d\/322003-3\/DSC07749.jpg \/><\/a><br \/>\n^ ESL Sektion 2<\/p>\n<p><a href='http:\/\/ski.inmontanis.info\/d\/322008-2\/DSC07751.jpg'><img src=http:\/\/ski.inmontanis.info\/d\/322007-3\/DSC07751.jpg \/><\/a><br \/>\n^ ESL Sektion 2 Bergstation<\/p>\n<p><a href='http:\/\/ski.inmontanis.info\/d\/322012-2\/DSC07756.jpg'><img src=http:\/\/ski.inmontanis.info\/d\/322011-3\/DSC07756.jpg \/><\/a><br \/>\n^ ESL Sektion 2<\/p>\n<p><a href='http:\/\/ski.inmontanis.info\/d\/322016-2\/DSC07759.jpg'><img src=http:\/\/ski.inmontanis.info\/d\/322015-3\/DSC07759.jpg \/><\/a><br \/>\n^ ESL Sektion 2 Talstation<\/p>\n<p><a href='http:\/\/ski.inmontanis.info\/d\/322020-2\/DSC07760.jpg'><img src=http:\/\/ski.inmontanis.info\/d\/322019-3\/DSC07760.jpg \/><\/a><br \/>\n^ Mittelstation<\/p>\n<p><a href='http:\/\/ski.inmontanis.info\/d\/322024-2\/DSC07764.jpg'><img src=http:\/\/ski.inmontanis.info\/d\/322023-3\/DSC07764.jpg \/><\/a><br \/>\n^ ESL Sektion 2 Talstation<\/p>\n<p><a href='http:\/\/ski.inmontanis.info\/d\/322028-2\/DSC07768.jpg'><img src=http:\/\/ski.inmontanis.info\/d\/322027-3\/DSC07768.jpg \/><\/a><br \/>\n^ Mittelstation<\/p>\n<p><a href='http:\/\/ski.inmontanis.info\/d\/322032-2\/DSC07771.jpg'><img src=http:\/\/ski.inmontanis.info\/d\/322031-3\/DSC07771.jpg \/><\/a><br \/>\n^ ESL Sektion 1 Bergstation<\/p>\n<p><a href='http:\/\/ski.inmontanis.info\/d\/322036-2\/DSC07778.jpg'><img src=http:\/\/ski.inmontanis.info\/d\/322035-3\/DSC07778.jpg \/><\/a><br \/>\n^ ESL Sektion 1 Bergstation<\/p>\n<p><a href='http:\/\/ski.inmontanis.info\/d\/322040-2\/DSC07786.jpg'><img src=http:\/\/ski.inmontanis.info\/d\/322039-3\/DSC07786.jpg \/><\/a><br \/>\n^ ESL Sektion 1 Bergstation<\/p>\n<p><a href='http:\/\/ski.inmontanis.info\/d\/322044-2\/DSC07788.jpg'><img src=http:\/\/ski.inmontanis.info\/d\/322043-3\/DSC07788.jpg \/><\/a><br \/>\n^ ESL Sektion 1<\/p>\n<p><a href='http:\/\/ski.inmontanis.info\/d\/322048-2\/DSC07792.jpg'><img src=http:\/\/ski.inmontanis.info\/d\/322047-3\/DSC07792.jpg \/><\/a><br \/>\n^ ESL Sektion 2<\/p>\n<p><a href='http:\/\/ski.inmontanis.info\/d\/322052-2\/DSC07797.jpg'><img src=http:\/\/ski.inmontanis.info\/d\/322051-3\/DSC07797.jpg \/><\/a><br \/>\n^ ESL Sektion 1 und Blick zum Skigebiet am Arber<\/p>\n<p><a href='http:\/\/ski.inmontanis.info\/d\/322056-2\/DSC07799.jpg'><img src=http:\/\/ski.inmontanis.info\/d\/322055-3\/DSC07799.jpg \/><\/a><br \/>\n^ ESL Sektion 1<\/p>\n<p><a href='http:\/\/ski.inmontanis.info\/d\/322060-2\/DSC07803.jpg'><img src=http:\/\/ski.inmontanis.info\/d\/322059-3\/DSC07803.jpg \/><\/a><br \/>\n^ ESL Sektion 1<\/p>\n<p><a href='http:\/\/ski.inmontanis.info\/d\/322064-2\/DSC07804.jpg'><img src=http:\/\/ski.inmontanis.info\/d\/322063-3\/DSC07804.jpg \/><\/a><br \/>\n^ ESL Sektion 1 Talstation<\/p>\n<p><a href='http:\/\/ski.inmontanis.info\/d\/322068-2\/DSC07809.jpg'><img src=http:\/\/ski.inmontanis.info\/d\/322067-3\/DSC07809.jpg \/><\/a><br \/>\n^ Infotafel<\/p>\n<p><a href='http:\/\/ski.inmontanis.info\/d\/322072-3\/DSC07810.jpg'><img src=http:\/\/ski.inmontanis.info\/d\/322071-4\/DSC07810.jpg \/><\/a><br \/>\n^ <\/p>\n<p><a href='http:\/\/ski.inmontanis.info\/d\/322076-3\/DSC07811.jpg'><img src=http:\/\/ski.inmontanis.info\/d\/322075-4\/DSC07811.jpg \/><\/a><br \/>\n^ Der KSSL unten neben der Sektion 1 wurde wohl abgebaut<\/p>\n<p><a href='http:\/\/ski.inmontanis.info\/d\/322080-3\/ge20231021b.jpg'><img src=http:\/\/ski.inmontanis.info\/d\/322079-4\/ge20231021b.jpg \/><\/a><br \/>\n^ T\u00fcrkis: ESL Sektion 1+2 und Wanderung am Berg; Lila der SL oben am Gipfel und ebenfalls zu sehen das Skigebiet mit der 4SB<\/p>\n<p><a href='http:\/\/ski.inmontanis.info\/d\/322084-3\/DSC07813.jpg'><img src=http:\/\/ski.inmontanis.info\/d\/322083-4\/DSC07813.jpg \/><\/a><br \/>\n^ Winterplan<\/p>\n<p>Hinweis: Ich hab vom ESL auch wieder einige (3D-) Filmchen gemacht, aber keine Ahnung, wann ich daf\u00fcr Zeit haben werde, die zu bearbeiten und online zu stellen.<\/p>\n<p>Erst beim Weggehen gesehen, dass der Parkautomat auch Karten akzeptiert h\u00e4tte. Naja, auch egal, so bin ich jetzt noch \u00fcber den Bahnhof und der 4SB zum Parkplatz retour gegangen. In ein Restaurant bin ich aber leider doch nicht rein.<\/p>\n<p><a href='http:\/\/ski.inmontanis.info\/d\/322088-3\/DSC07814.jpg'><img src=http:\/\/ski.inmontanis.info\/d\/322087-4\/DSC07814.jpg \/><\/a><br \/>\n^ Bahnhof Spicak<\/p>\n<p><a href='http:\/\/ski.inmontanis.info\/d\/322092-3\/DSC07815.jpg'><img src=http:\/\/ski.inmontanis.info\/d\/322091-4\/DSC07815.jpg \/><\/a><br \/>\n^ .. kommt wohl noch aus deutschen Zeiten<\/p>\n<p><a href='http:\/\/ski.inmontanis.info\/d\/322096-3\/DSC07818.jpg'><img src=http:\/\/ski.inmontanis.info\/d\/322095-4\/DSC07818.jpg \/><\/a><br \/>\n^ Zwischen Bahnhof und 4SB liegen ein paar \u00dcbungslifte<\/p>\n<p><a href='http:\/\/ski.inmontanis.info\/d\/322100-3\/DSC07820.jpg'><img src=http:\/\/ski.inmontanis.info\/d\/322099-4\/DSC07820.jpg \/><\/a><br \/>\n^ 4SB<\/p>\n<p><a href='http:\/\/ski.inmontanis.info\/d\/322104-3\/DSC07822.jpg'><img src=http:\/\/ski.inmontanis.info\/d\/322103-4\/DSC07822.jpg \/><\/a><br \/>\n^ 4SB<\/p>\n<p><a href='http:\/\/ski.inmontanis.info\/d\/322108-3\/DSC07824.jpg'><img src=http:\/\/ski.inmontanis.info\/d\/322107-4\/DSC07824.jpg \/><\/a><br \/>\n^ 4SB-Skigebiet<\/p>\n<p><a href='http:\/\/ski.inmontanis.info\/d\/322112-2\/DSC07825.jpg'><img src=http:\/\/ski.inmontanis.info\/d\/322111-3\/DSC07825.jpg \/><\/a><br \/>\n^ Zwischen 4SB und Parkplatz gibt es zwar einen wohl SSL, der aber nicht ganz bis zum Parkplatz rauff\u00fchrt<\/p>\n<p><a href='http:\/\/ski.inmontanis.info\/d\/322116-2\/DSC07826.jpg'><img src=http:\/\/ski.inmontanis.info\/d\/322115-3\/DSC07826.jpg \/><\/a><br \/>\n^ .. und an dem dieses Tatrapoma-Schild montiert ist. Allerdings kleiner als mein Graffer-Schild. Sonst ja recht \u00e4hnlich produziert.<\/p>\n<p>Der norwegische Wetterbericht meldet f\u00fcr morgen f\u00fcr Krupka nachts Regen, ab 8\/9 Uhr dann trockener und sp\u00e4ter sonnig. D.h. ich k\u00f6nnte morgen Vormittag auch noch 2h fahren und m\u00fcsste heute nicht mehr so weit.<\/p>\n<p>Zeitlich h\u00e4tte ich nachmittags noch die Poma-GUB in Marianske Lazne fahren k\u00f6nnen, aber eigentlich ja doch zu viel Stress&#8230; und statt durch Pilsen m\u00fcsste ich dann durch Marienbad und Karlsbad durch, wohl auch nicht bequemer.<\/p>\n<p>Ich checkte \u00dcbernachtungspl\u00e4tze, mehrere k\u00e4men in Frage, ich checkte Tesco-Superm\u00e4rkte und entschied mich erst f\u00fcr einen gr\u00f6\u00dferen in Pilsen, dann aber doch zuvor eingekauft.  Der Tesco selbst war dann auch nicht sooo gro\u00df. Nat\u00fcrlich hielt ich mich naschm\u00e4\u00dfig etwas zur\u00fcck, schliesslich gibts in SE ja auch die vielen gute Godis. Etliche kleine Coop-Superm\u00e4rkte in kleinen Orten auf dem Weg sahen mir leerstehend aus.<\/p>\n<p>Am KFC hielt ich auch noch, kaufte mir 2 H\u00e4hnchenteile, Pommes und den Quritto oder so, was in Summe ca. 11 \u20ac dann ausmachte. Leider war der nicht so s\u00fc\u00df wie der Meltz (?)  damals in DE, sondern entweder war die BBQ-Sauce recht scharf oder das Fleisch. Auch die Pommes waren anderswo schon besser.  Allerdings ca. doppelt so viel Auswahl wie \u00fcblich in den mir bekannten KFC, sogar Fr\u00fchst\u00fcck gibt&#8217;s hier. <\/p>\n<p>Ich fuhr dann einen anderen Nachtplatz nahe Pilsen an, die Stadt nun \u00f6stlich umfahrend, und h\u00e4tte dann morgen noch 3h Fahrt.<\/p>\n<p>Leider wohl f\u00fcr die falsche Seite von Pilsen entschieden, eine nicht vorher ausgeschilderte Stra\u00dfensperre zwang mich zum Umkehren, an der Umfahrung noch eine Stra\u00dfensperre, die alternative Navi-Strecke h\u00e4tte mich auf eine vermeindliche Mautstra\u00dfe gef\u00fcht, obwohl ich doch Mautstra\u00dfen im Navi gar nicht aktiviert hatte und lt. Mautstra\u00dfen\u00fcberblick ich gar keine auf dem Weg haben sollte.  Die Umfahrung h\u00e4tte mich dann ebenfalls auf eine Mautstra\u00dfe gebracht, die n\u00e4chste Umfahrung ebenso, danach konnte ich die Mautstra\u00dfe queren. <\/p>\n<p>So kam ich erst um 19:10 Uhr, also nach 2 statt 1 Stunde am Nachtplatz an.  Danach nochmals im Internet gesucht wegen den Mautstra\u00dfen und iiirgendwo dann endlich gefunden, dass das gelbe M alleine ohne Vignettensymbol nicht f\u00fcr PKW-Mautstra\u00dfen steht, sondern nur f\u00fcr LKW-Mautstra\u00dfen. Oh Mann. Sinnlos durch die Gegend gefahren also.<\/p>\n<p><a href='http:\/\/extra.inmontanis.info\/d\/100942-3\/DSC07827.jpg'><img src=http:\/\/extra.inmontanis.info\/d\/100941-3\/DSC07827.jpg \/><\/a><br \/>\n^ Sch\u00f6ne Landschaften in CZ<\/p>\n<p><a href='http:\/\/extra.inmontanis.info\/d\/100946-3\/DSC07829.jpg'><img src=http:\/\/extra.inmontanis.info\/d\/100945-3\/DSC07829.jpg \/><\/a><br \/>\n^ KFC<\/p>\n<p><a href='http:\/\/extra.inmontanis.info\/d\/100950-3\/DSC07839.jpg'><img src=http:\/\/extra.inmontanis.info\/d\/100949-3\/DSC07839.jpg \/><\/a><br \/>\n^ Sch\u00f6ne Landschaften in CZ<\/p>\n<p><a href='http:\/\/extra.inmontanis.info\/d\/100954-3\/DSC07844.jpg'><img src=http:\/\/extra.inmontanis.info\/d\/100953-3\/DSC07844.jpg \/><\/a><br \/>\n^ Das M steht dann doch nicht f\u00fcr Mautvignettenpflicht, sondern nur f\u00fcr LKW-Maut. Ulkiger Ortsname, Nepomuk.<\/p>\n<p><a href='http:\/\/extra.inmontanis.info\/d\/100958-2\/DSC07848.jpg'><img src=http:\/\/extra.inmontanis.info\/d\/100957-3\/DSC07848.jpg \/><\/a><br \/>\n^ Sch\u00f6ne Landschaften in CZ<\/p>\n<p>&#128681; Gespeicherte Geolocation &#8211; Karte anzeigen: <a href='https:\/\/www.google.com\/maps\/@?api=1&#038;map_action=map&#038;center=49.7191467,13.7669267&#038;zoom=12&#038;basemap=terrain' target=_blank> GoogleMaps<\/a> &#128681; <a href='https:\/\/www.openstreetmap.org\/?&#038;mlat=49.7191467&#038;mlon=13.7669267#map=10\/49.7191467\/13.7669267&#038;layers=P' target=_blank> OSM &#128681;<\/a> <\/p>\n<p>Tisch und PC wurden nat\u00fcrlich nicht mehr aufgebaut, Einkaufsfoto auf morgen verschoben. Den Stress mit dem Umweg in den Harz zur alten PHB-4EUB oder Naumburg zur Stra\u00dfenbahn werd ich mir wohl auch sparen, wenn ich jetzt erst am Sonntag Nachmittag in Krupka bin und am Dientag ja die F\u00e4hre geht. <\/p>\n<p>Leider untauglich traf auf die Befestigung der Leinwand mit Haken am Dachhimmel zu. Heute und an einem der Vortage nun insgesamt 2 Haken verloren. Warum?<\/p>\n<p>Der Faden zur Befestigung gibt etwas nach und spannt sich, h\u00e4ngt also unter Spannung an den Haken. DIe Haken selbst sind ja auch nicht so starr im Dachhimmel und der flache Haken gibt beim (vorsichtigen) Aufh\u00e4ngen nach, die Leinwand f\u00e4llt an einer Seite runter, der gespannte Faden schnellt und schie\u00dft dabei den Haken auf der anderen Seite ins Nirwana. Also beidesmal keine Ahnung wo der jeweils gelandet ist.<\/p>\n<p>Weiter weg und somit am Schrank aufh\u00e4ngen w\u00e4re eine Option, da die Leinwand ja etwas gr\u00f6\u00dfer ist, da m\u00fcsste sie dann wohl an zwei l\u00e4ngeren Schrauben im rechten Teil h\u00e4ngen und irgendwie verhindert werden, dass sie auf der anderen Seite schief h\u00e4ngt oder auf meinen F\u00fc\u00dfen aufliegt.<\/p>\n<p>Die  schraube rechts in einem vorhandenen, alten Hakenloch war zuweit rechts, somit heute mal testweise nur auf einer Schraube aufgeh\u00e4ngt und unten einen Karton drunter.<\/p>\n<p><a href='http:\/\/extra.inmontanis.info\/d\/100962-2\/DSC07853.jpg'><img src=http:\/\/extra.inmontanis.info\/d\/100961-3\/DSC07853.jpg \/><\/a><br \/>\n^ Die Leinwand h\u00e4ngt jetzt am Schrank, aber noch nicht perfekt.<\/p>\n<p><a href='http:\/\/extra.inmontanis.info\/d\/100966-2\/DSC07854.jpg'><img src=http:\/\/extra.inmontanis.info\/d\/100965-3\/DSC07854.jpg \/><\/a><br \/>\n^ Der Projektor steht daf\u00fcr gut auf dem Isle-of-Man-Kissen<\/p>\n<p>Da werd ich wohl mal die Kartons von unterm Schrank raufholen m\u00fcssen und schauen, was ich da noch dabei hab, evtl. k\u00f6nnt ich ja Winkel oben am Schrank montieren, sinnvoll w\u00e4r jedenfalls, wenn die Leinwand etwas h\u00f6her hinge, dann k\u00f6nnte sie vielleicht vom rechten Deckenbereich daran gehindert werden, links schief runter zu h\u00e4ngen.<\/p>\n<p>Die Positionierung des Projektors am kleinen, dicken, festen IoM-Kissen war jedenfalls gut, da man die Lage dadurch gut  anpassen kann, viel besser als der vorherige Standpunkt. <\/p>\n","protected":false},"excerpt":{"rendered":"<p>Sa, 21.10.2023<\/p>\n<p>Also am gratis Parkplatz geparkt und zum ESL runtergegangen. Berg- und Talfahrt f\u00fcr beide Sektionen kostet 200,- CZK, ca. 8 \u20ac, Kartenzahlung wird akzeptiert. <\/p>\n<p>Die Fernsicht oben war sehr gut, man sah die Alpen. <\/p>\n<p>&#128681; Gespeicherte Geolocation &#8211; Karte anzeigen: GoogleMaps &#128681; OSM &#128681;<\/p>\n<p>2011 war ich das erste und bisher <a href=\"http:\/\/blog.inmontanis.info\/?p=9482\">[&#8230;]<\/a><\/p>\n","protected":false},"author":1,"featured_media":9484,"comment_status":"closed","ping_status":"closed","sticky":false,"template":"","format":"standard","meta":{"footnotes":""},"categories":[912,59,105,30,823],"tags":[51,35,47],"class_list":["post-9482","post","type-post","status-publish","format-standard","has-post-thumbnail","hentry","category-2023-09-2024-xx-skandinavien","category-nostalgie","category-tschechien","category-wandern","category-zelezna-ruda-spicak","tag-architektur","tag-esl","tag-sl","odd"],"_links":{"self":[{"href":"http:\/\/blog.inmontanis.info\/index.php?rest_route=\/wp\/v2\/posts\/9482","targetHints":{"allow":["GET"]}}],"collection":[{"href":"http:\/\/blog.inmontanis.info\/index.php?rest_route=\/wp\/v2\/posts"}],"about":[{"href":"http:\/\/blog.inmontanis.info\/index.php?rest_route=\/wp\/v2\/types\/post"}],"author":[{"embeddable":true,"href":"http:\/\/blog.inmontanis.info\/index.php?rest_route=\/wp\/v2\/users\/1"}],"replies":[{"embeddable":true,"href":"http:\/\/blog.inmontanis.info\/index.php?rest_route=%2Fwp%2Fv2%2Fcomments&post=9482"}],"version-history":[{"count":2,"href":"http:\/\/blog.inmontanis.info\/index.php?rest_route=\/wp\/v2\/posts\/9482\/revisions"}],"predecessor-version":[{"id":9485,"href":"http:\/\/blog.inmontanis.info\/index.php?rest_route=\/wp\/v2\/posts\/9482\/revisions\/9485"}],"wp:featuredmedia":[{"embeddable":true,"href":"http:\/\/blog.inmontanis.info\/index.php?rest_route=\/wp\/v2\/media\/9484"}],"wp:attachment":[{"href":"http:\/\/blog.inmontanis.info\/index.php?rest_route=%2Fwp%2Fv2%2Fmedia&parent=9482"}],"wp:term":[{"taxonomy":"category","embeddable":true,"href":"http:\/\/blog.inmontanis.info\/index.php?rest_route=%2Fwp%2Fv2%2Fcategories&post=9482"},{"taxonomy":"post_tag","embeddable":true,"href":"http:\/\/blog.inmontanis.info\/index.php?rest_route=%2Fwp%2Fv2%2Ftags&post=9482"}],"curies":[{"name":"wp","href":"https:\/\/api.w.org\/{rel}","templated":true}]}}