{"id":9477,"date":"2023-10-20T19:48:00","date_gmt":"2023-10-20T17:48:00","guid":{"rendered":"http:\/\/blog.inmontanis.info\/?p=9477"},"modified":"2023-10-22T20:11:20","modified_gmt":"2023-10-22T18:11:20","slug":"nurnberg-18-19-10-gustavsthal-20-10-2023","status":"publish","type":"post","link":"http:\/\/blog.inmontanis.info\/?p=9477","title":{"rendered":"N\u00fcrnberg, 18.-19.10. &#038; Gustavsthal, 20.10.2023"},"content":{"rendered":"<p><strong>Mi, 18.10.2023<\/strong><\/p>\n<p>Die ca. 50min Fahrrerei morgens in der Dunkelheit waren gar nicht angenehm.  W\u00e4r ich lieber doch gestern Abend noch ein St\u00fcck weiter gefahren.<\/p>\n<p>Morgens dann \u00fcber weite Strecken -1\u00b0 gewesen. Das find ich ja schon arg kalt, insb. dann in der unbeheizten Zeit. Und da will ich bis zu  -20\u00b0 frei stehen? Da wird die Standheizung wohl fast dauernd laufend m\u00fcssen&#8230;<\/p>\n<p>(WC nicht ben\u00f6tigt, also umsonst hier her gefahren)<\/p>\n<p>Ich fuhr also zu Tante (Schwester meiner Mutter) &#038; Onkel  und wir zusammen in eine fr\u00e4nkische Wirtschaft ein bisschen im Umland, die seit unserem Besuch im letzte Winter (oder Herbst) aber mittlerweile um einiges teurer geworden ist. Da mein mittlerer Karpfen damals schon \u00fcber 20 \u20ac kostete und die 100g jetzt 2,80 \u20ac kosteten, was wesentlich mehr sein d\u00fcrfte als zuletzt, ich mit dem Kopf und den Gr\u00e4ten ja eh nix anfangen kann .. bestellte ich diesmal das Karpfenfilet, was um die 18,- \u20ac + irgendwas gekostet hatte. <\/p>\n<p>Es war ja nicht ganz das Filet, das ich erwartet h\u00e4tte (und anderswo schon mal a\u00df):<\/p>\n<p><a href='http:\/\/extra.inmontanis.info\/d\/100938-2\/IMG_20231018_131420_5.jpg'><img src=http:\/\/extra.inmontanis.info\/d\/100937-3\/IMG_20231018_131420_5.jpg \/><\/a><br \/>\n^ Karpfenfilet mit Schwanz<\/p>\n<p>Somit waren die einzelnen &#8220;Scheiben&#8221; sehr knusprig, allerdings auch weniger fleischig und etwas trockener. Den typischen Karpfengeschmack schmeckte man aber trotzdem. Gut m\u00f6glich, dass ich mich n\u00e4chstes Mal wieder daf\u00fcr entscheiden w\u00fcrde, da das ganze Gretenthema wegf\u00e4llt.<\/p>\n<p>\u00dcbernachtung heute n\u00e4he Sportplatz in Vach. Nachts leichter Regen, der den anderen L\u00e4rm etwas d\u00e4mpfte. Mit 10\u00b0 ab jetzt wieder wesentlich w\u00e4rmer als die letzten beiden N\u00e4chte.<\/p>\n<p><strong>Do, 19.10.2023<\/strong> <\/p>\n<p>Ich fuhr morgens noch zu einem P+R-Platz an der Stra\u00dfenbahn nahe Flughafen, dortiges WC n\u00fctzen und dann zum Marktkauf (dort vmtl auch WC). Parkplatz am Marktkauf allerdings nur 3h parken erlaubt, also in der Seitenstra\u00dfe geparkt,  wo es aber schon sehr voll war und nur etwas weiter weg ging. Da h\u00e4tt ich wohl doch am P+R-Platz bleiben k\u00f6nnen.<\/p>\n<p>Heute also Einkaufstag in N\u00fcrnberg. Lebkuchen, Lebkuchen, nochmals Lebkuchen, Gelbwurst wollt ich noch kaufen, falls das au\u00dferhalb Bayerns auch schwierig sein sollte (im Eurospar zumindest in Tirol gibts manchmal die &#8220;Wei\u00dfwurst&#8221; von Tann an der Frischwursttheke, die recht vergleichbar ist und ebenfalls eine gelbe Haut drumrum hat).<\/p>\n<p>Schaschlick wollt ich auch essen, Bratwurstsemmel dann wohl eher keins oder maximal kalt zum Mitnehmen (weil ja gestern eine, wenn auch dicker) &#8230;<\/p>\n<p>Es w\u00e4ren auch wieder die Fischtage in der Altstadt am Wei\u00dfen Turm, wo ich auch letztes Jahr zuf\u00e4lig war. Von den mir bekanten kostenlosen Parkpl\u00e4tzen aber weeeit zu gehen, falls ich \u00fcberhaupt was bekommen w\u00fcrde. Wegen Schaschlick, wie letztes Jahr, w\u00e4r das nicht n\u00f6tig, aber damals gab&#8217;s ja an einem Stand die kleinen Karpfenst\u00fcckchen, die ich letztes Jahr wegen Schaschlick dann nicht mehr probierte. Zudem w\u00fcrd ich meine Lebkuchen bekommen, wenn es, wie letztes Mal, die St\u00e4nde an der Lorenzkirche wieder gibt. <\/p>\n<p>Aber nach der Arbeit zuerst in den Marktkauf hier. Leider keinen 1l-Kakao bekommen, der Oatley Hafer-Kakao, bisher in DE eher g\u00fcnstiger als in SE,  hat ausgerechnet bei der Kakao-Sorte nicht mehr den Dreh-Verschluss, sondern einen Klappverschluss &#8211; ne ne, das kommt mir nicht in den K\u00fchlschrank, das wird wohl nicht geschlossen bleiben bei mir. Dann drink ich ggf. halt keinen Kakao mehr zum Fr\u00fchst\u00fcck.<br \/>\nDas 100g? Barilla Pesto Genovese h\u00e4tte 3,59 \u20ac gekostet &#8211; mal gespannt, ob das in SE wieder g\u00fcnstiger ist, wie es mir vor 2 Jahren auch vorkam. Granatsplitter gab&#8217;s beim B\u00e4cker am Eingang heute leider nicht &#8220;Morgen wieder, heute Bananensplit.&#8221; N\u00f6, nich ma geschenkt. Pardon, Netamolgschenkt.<\/p>\n<p>Also in den Osten gefahren, wo es am Prinzregentenufer noch gratis Parkpl\u00e4tze gibt. Diesmal leider keinen so sch\u00f6nen bekommen, somit noch mehr Fu\u00dfweg. Und meine f\u00fc\u00dfe taten noch von Wei\u00dfenburg weh. Daf\u00fcr war der n\u00e4chste Beck nah, also erst dort hin. Lebkuchen gabs, aber keine Granatsplitter.<br \/>\n &#128681; Gespeicherte Geolocation &#8211; Karte anzeigen: <a href='https:\/\/www.google.com\/maps\/@?api=1&#038;map_action=map&#038;center=49.4515818,11.0942806&#038;zoom=12&#038;basemap=terrain' target=_blank> GoogleMaps<\/a> &#128681; <a href='https:\/\/www.openstreetmap.org\/?&#038;mlat=49.4515818&#038;mlon=11.0942806#map=10\/49.4515818\/11.0942806&#038;layers=P' target=_blank> OSM &#128681;<\/a><\/p>\n<p>WIeder am Auto hab ich mir eine zweite Einlage reingelegt, damit das Gehen etwas angenehmer ist, allerdings schwitz ich dann mehr, weil weniger Platz. Eigentlich haben die Schuhe gar nicht so eine harte Sohle.<\/p>\n<p>Zum Wei\u00dfen Turm \/ Fischtage lt. Routenplaner von  hier aus 2,2km und 30min Fu\u00dfweg und dann wieder retour, puh. <\/p>\n<p><a href='http:\/\/extra.inmontanis.info\/d\/100720-3\/IMG_20231019_125845.jpg'><img src=http:\/\/extra.inmontanis.info\/d\/100719-3\/IMG_20231019_125845.jpg \/><\/a><br \/>\n^ Litfa\u00dfs\u00e4ule oder was anderes? Weil da so viele T\u00fcren sind &#8230;<\/p>\n<p><a href='http:\/\/extra.inmontanis.info\/d\/100724-3\/IMG_20231019_143305.jpg'><img src=http:\/\/extra.inmontanis.info\/d\/100723-3\/IMG_20231019_143305.jpg \/><\/a><br \/>\n^ .. oben wie unten kann man die Panele seitlich aufklappen&#8230; ?? Aber sch\u00f6n verrostet.<\/p>\n<p><a href='http:\/\/extra.inmontanis.info\/d\/100728-3\/IMG_20231019_130114.jpg'><img src=http:\/\/extra.inmontanis.info\/d\/100727-3\/IMG_20231019_130114.jpg \/><\/a><br \/>\n^ W\u00f6hrder Wiese<\/p>\n<p>2 Granatsplitter bekam ich dann beim Becker Feihl auf dem Weg, aber die Lebkuchenst\u00e4nde gab es noch nicht an der Lorenkizrche (wohl erst irgendwann in ca. einer Woche), d.h. ich muss entweder nochmals auf die andere Stadtseite (Fabriksverkauf Fraunholz) oder ich latsch zur Burg hinauf, wo sie ein kleines Gesch\u00e4ft haben. Seufz. Dann halt letzteres.<\/p>\n<p>Immerhin bekam ich das Karpfengeschnetzelte, kostete 6,50 \u20ac; ein Filet im Br\u00f6tchen 7,50 ohne, 8,50 mit Schwanz. Hab mir noch ein zweites Geschnetzeltes gekauft und wollte es in den K\u00fchlschrank tun und morgen Abend essen.<\/p>\n<p><a href='http:\/\/extra.inmontanis.info\/d\/100732-3\/IMG_20231019_133042.jpg'><img src=http:\/\/extra.inmontanis.info\/d\/100731-3\/IMG_20231019_133042.jpg \/><\/a><br \/>\n^ Karpfenspezialit\u00e4ten, &#8230;<\/p>\n<p><a href='http:\/\/extra.inmontanis.info\/d\/100736-3\/IMG_20231019_133038.jpg'><img src=http:\/\/extra.inmontanis.info\/d\/100735-3\/IMG_20231019_133038.jpg \/><\/a><br \/>\n^ .. z.B. Karpfengeschnetzeltes<\/p>\n<p><a href='http:\/\/extra.inmontanis.info\/d\/100740-3\/IMG_20231019_134512.jpg'><img src=http:\/\/extra.inmontanis.info\/d\/100739-3\/IMG_20231019_134512.jpg \/><\/a><br \/>\n^ Die roten Sandsteingeb\u00e4ude in N\u00fcrnberg kommen nicht von Ungef\u00e4hr &#8211; auch unter der Stra\u00dfe ist roter Sand<\/p>\n<p><a href='http:\/\/extra.inmontanis.info\/d\/100744-3\/IMG_20231019_134913.jpg'><img src=http:\/\/extra.inmontanis.info\/d\/100743-3\/IMG_20231019_134913.jpg \/><\/a><br \/>\n^ Pegnitz und Kettensteg<\/p>\n<p>Granatsplitter lief mir keiner mehr \u00fcber den Weg, beim Fraunholz diesmal nur 3x Schoko gekauft (und sonst keine Sorte, Schoko ist einfach besser) und auf dem Retourweg am Hauptmarkt noch eine kleine Packung beim Schmidt mitgenommen. Es g\u00e4b ja noch viele weitere Marken und Sorten, aber Fraunholz+Beck sind einfach meine Lieblingssorten. Fraunholz seitdem ich da in den 90ern in der Gegend gewohnt hatte und die zum ersten Mal sah, Beck weil sie relativ neutral schmecken. Woitinek und Pfann\/Witte haben z.B. so eine Geschmacksnote, die mir nicht (mehr) so zusagt. Vielleicht waren die Pfann-Lebkuchen fr\u00fcher auch anders bevor es alles Witte wurde? <\/p>\n<p><a href='http:\/\/extra.inmontanis.info\/d\/100748-3\/IMG_20231019_135251.jpg'><img src=http:\/\/extra.inmontanis.info\/d\/100747-3\/IMG_20231019_135251.jpg \/><\/a><br \/>\n^ Stadtrundfahrt<\/p>\n<p>Im Wicklein-Shop hab ich eine Packung Mini-Lebkuchen gesehen, wie sie der Lidl hat &#8211; dann kommen die Lidl-Lebkuchen also von Wicklein. Vielleicht kauf ich da die n\u00e4chsten Tage noch so eine Packung in einem Lidl, vielleicht etwas g\u00fcnstiger?! Die gabs vor 2 Jahren ja sogar in Schweden.<\/p>\n<p>Beim Woitinek in der Saarbr\u00fcckener Stra\u00dfe fuhr ich trotzdem noch vorbei, aber auch der hatte keine Granatsplitter. <\/p>\n<p>Zum Schluss noch zum HoWe am Hafen wg. Schaschlick und einer Bratwurstsemmel (die ich morgen Mittag essen wollte) und naja, auch wenn man N\u00fcrnberger Rostbratw\u00fcrste ja auch in Schweden hier und da im Supermarkt bekommt, bei dem Preis hier f\u00fcr den &#8220;Rostbratwurst-Bruch&#8221; nahm ich mir halt doch diese Packung um 0,86 \u20ac mit ;) (Bis Dezember haltbar und eigentlich ja schon etwas gro\u00df.) Jetzt hab ich dann eeecht genu eingekauft in N\u00fcrnberg.<\/p>\n<p>&#128681; Gespeicherte Geolocation &#8211; Karte anzeigen: <a href='https:\/\/www.google.com\/maps\/@?api=1&#038;map_action=map&#038;center=49.4083568,11.0661666&#038;zoom=12&#038;basemap=terrain' target=_blank> GoogleMaps<\/a> &#128681; <a href='https:\/\/www.openstreetmap.org\/?&#038;mlat=49.4083568&#038;mlon=11.0661666#map=10\/49.4083568\/11.0661666&#038;layers=P' target=_blank> OSM &#128681;<\/a><\/p>\n<p>Ein bissschen von dem Schaschlick hob ich mir f\u00fcr morgen auf, auf dass es zusammen mit dem Karpfengeschnetzeltem abends reichen m\u00f6ge. <\/p>\n<p><a href='http:\/\/extra.inmontanis.info\/d\/100752-3\/DSC07569.jpg'><img src=http:\/\/extra.inmontanis.info\/d\/100751-3\/DSC07569.jpg \/><\/a><br \/>\n^ Schaschlick mit Pommes<\/p>\n<p>Planungen wegen morgen &#038; WE&#8230; Morgen Marianske Lazne, SA Spicak\/Pancir und SO Krupka? Oder Marianske gar nicht oder mit am SO oder erst am MO? Wetter: Pancir morgen bedeckt, SA sonnig; Krupka und Marianske \u00e4hnlich.<br \/>\nDIe Poma-GUB in M.L. ist halt mit Abstand die k\u00fcrzeste dieser Seilbahnen und damit auch irgendwie die Uninteressanteste.   Ich glaub die 90-100km Umweg spar ich mir nun doch.<\/p>\n<p>Bratwurstsemmel mit 4 Stk hier um ca. 2 \u20ac, statt in der Stadt mit nur 3 St\u00fcck um 4,- \u20ac, Schaschlick+Pommes 7,50 oder so. <\/p>\n<p>Bl\u00f6derweise reicht mir der Sprit nicht mehr bis CZ, also musste ich noch eine Tankstelle suchen f\u00fcr ein paar Liter. Die an der Metro war dann mit 1,749 die g\u00fcnstigste der letzten Tage &#8211; sogar g\u00fcnstiger als einige in Tirol, also gleich vollgetankt. Tendenziell kostete das Super E10 die letzten Tage um die 1,80-1,85 \u20ac in DE.<\/p>\n<p>\u00dcbernachtet wird noch vor Amberg (Ankunft 17:50) , so kann ich morgen Vormittag an einem Autobahnrastplatz stehen, wo es auch ein WC geben sollte (falls ben\u00f6tigt). Von dort dann bis zum ESL in CZ ca. 2h Fahrt.<\/p>\n<p><a href='http:\/\/extra.inmontanis.info\/d\/100756-3\/DSC07571.jpg'><img src=http:\/\/extra.inmontanis.info\/d\/100755-3\/DSC07571.jpg \/><\/a><br \/>\n^ Eink\u00e4ufe in N\u00fcrnberg: Gelbwurst, Granatsplitter, Karpfengeschnetzeltes, Rostbratwustbruch (um 0,86 \u20ac f\u00fcr 344g) und Bratwurstweckla<\/p>\n<p><a href='http:\/\/extra.inmontanis.info\/d\/100760-3\/DSC07574.jpg'><img src=http:\/\/extra.inmontanis.info\/d\/100759-3\/DSC07574.jpg \/><\/a><br \/>\n^ Eink\u00e4ufe in N\u00fcrnberg: Elisenlebkuchen von Haeberlein \/ Metzger, Schmidt, 3x Fraunholz, Beck, Gourmetirgendwas (geschenkt bekommen), normale Lebkuchen 2x von Wicklein (f\u00fcr eine gro\u00dfe T\u00fcte Lebkuchenbruch hatte ich doch keinen Platz), Stadtwurst\/Bratwurstdosen und Hela Schaschlick Sauce &#8211; eine meiner Lieblingsketchupsorten. In \u00d6sterreich bekommt man da immerhin die Curry-Variante, die ja recht \u00e4hnlich und auch gut ist.<\/p>\n<p>(So ein Pack Schoko-Elisen kostet mittlerweile zwischen 8 und \u00fcber 10 \u20ac. Auch nicht mehr lustig.)<\/p>\n<p><a href='http:\/\/extra.inmontanis.info\/d\/100764-3\/DSC07577.jpg'><img src=http:\/\/extra.inmontanis.info\/d\/100763-3\/DSC07577.jpg \/><\/a><br \/>\n^ .. passte erstaunlicherweise zum Gl\u00fcck doch noch alles in den Keller.<\/p>\n<p>Auch schon wieder komisch und vorgestern bemerkt: einer meiner beiden 12V-USB-Adapter steckt nicht mehr in der 12V-Dose. DIesen zweiten hatte ich f\u00fcr die heizbaren Hausschuhe verwendet. Absichtlich raus? Wohin dann gelegt? Rausgerutscht, wo ist es dann? Ersatz lt. Inhaltsliste keinen dabei, obwohl ich dachte, ich h\u00e4tte den einen alten Belkin sonst dabei gehabt, auch im Handschuhfach nix, dann werd ich wohl was kaufen m\u00fcssen.<\/p>\n<p>Jedenfalls heute Abend nach Onlinestellen des Wei\u00dfenburg-Berichts nach 20 Uhr mal wieder klasisch Zeit gehabt f\u00fcr ein St\u00fcndchen Filmschauen auf der (neuen) Leinwand und bissl Handyspielen und Musik h\u00f6ren. Mit der Surroundanlage und ihrem Klang bin ich mittlerweile zufrieden, die hinteren Lautsprecher liegen ja am Boden neben den Sitzen oder auf den Skiern, aber mittlerweile weniger zugedeckt und teilweise hinter den ohren (noch weiter wird schwierig), der vordere linke  Lautsprecher liegt klangm\u00e4\u00dfig nicht mehr unterm Bett, daf\u00fcr muss ich ihn vor dem Einsatz halt von rechts nach links legen. Rechts vorne, also hinterm Schrank, liegen die beiden LS dann tags\u00fcber unter Handtuch+Schlafanzug. <\/p>\n<p>Geht halt nicht besser, au\u00dfer ich verleg schm\u00e4lere LS zB in die Decke, aber das wird mir wohl zu viel Arbeit sein. Besser und handlicher als meine L\u00f6sung der letzten beiden Winter ist das jetzt auf alle F\u00e4lle.<\/p>\n<p>Sound-st\u00f6rend ist allerdings, wenn sich der K\u00fchlschrank einschaltet, besonders z.B. bei so einem Lied:<\/p>\n<p><object style=\"height: 500px; width: 900px\"><param name=\"movie\" value=\"http:\/\/www.youtube.com\/v\/nkUOACGtGfA\"><\/param><param name=\"wmode\" value=\"transparent\"><\/param><embed src=\"http:\/\/www.youtube.com\/v\/nkUOACGtGfA\" type=\"application\/x-shockwave-flash\" wmode=\"transparent\"  width=\"900\" height=\"480\"><\/embed><\/object><\/p>\n<p><strong>Fr, 20.10.2023<\/strong><\/p>\n<p>Nach 4 Uhr wurde ich von Tieren geweckt, die ruml\u00e4rmten. Das eine h\u00f6rte sich an wie eine Mischung aus Vogel und Katzensex, in meinem Kopf bildete sich aber ein eher comichaftes Tier auf Stelzen. Das andere Ger\u00e4usch zu der Zeit, das sich etwas entfernter anh\u00f6rte, war eher eulenartig.<\/p>\n<p>Morgens wieder Regen, etwas st\u00e4rker als gestern und auch noch am Rastplatz diesmal. Wetterbericht meldet aber nach wie vor trocken und bedeckt f\u00fcr mein heutiges Ziel in CZ.<\/p>\n<p>So fr\u00fch autofahren mag ich ja eigentlich gar nicht, ich bin noch m\u00fcde durch die Nacht und es ist noch dunkel..<\/p>\n<p>Richtung Schwandorf und Cham gings weiter. Auf dem Weg an einem Supermarkt mit B\u00e4cker vorbeigekommen, die hatten nicht nur noch einen Granatsplitter, sondern auch ein paar andere Dinge, die ich nicht kannte, einen Napolenhut, ein Teeblatt und wohl noch das eine oder andere; probierte mal das Teeblatt. (Und nahm nat\u00fcrlich den Granatsplitter mit, diesmal wieder mit dunkler Schokolade. Bevor es sowas weiter n\u00f6rdlich nicht mehr gibt. In Schweden und Norwegen bekommt man ja quasi nur Zimtschnecken. Die schmecken aber teilweise auch so geil, dass man eh nichts anderes haben m\u00f6chte.).<\/p>\n<p>Am ESL angekommen leider Parkgeb\u00fchren,  1h 25 CZK (=1 \u20ac), ganztag 100 CZK und nur 2 Autos da, fahren die \u00fcberhaupt? Weiter oben im Ort nahe 4SB-Skigebiet ein gratis Parkplatz, aber zuviel Lauferei heute. (Dass der Automat auch Karten akzeptieren w\u00fcrde, sah ich nicht; ich bef\u00fcrchtete, hier nun 50 CZK einzuwerfen und dann mir evtl. keine Fahrkarte mehr kaufen zu k\u00f6nnen, weil ich aus Ur-Altbest\u00e4nden nur noch etwas \u00fcber 200 CZK in M\u00fcnzen hatte.<\/p>\n<p>Zudem war es bereits 13:30, mit etwas Rum\u00fcberlegen am oberen Parkplatz 13:55 und der ESL f\u00e4hrt immer :15 und :45, wenn er \u00fcberhaupt f\u00e4hrt, so wenig wie los ist. (In DE zuvor auch recht st\u00fcrmisch gewesen.) Wg. Fu\u00dfweg w\u00fcrd ich also wohl erst den um 14:45 wieder schaffen und m\u00fcsste um 15:30 gleich wieder runter&#8230; <\/p>\n<p>&#8230;  dann lieber doch erst morgen, da soll&#8217;s wenigstens sonniger werden.<\/p>\n<p>Ich fuhr noch ein paar km zu einem m\u00f6glichen \u00dcbernachtungsplatz, wo es als Bonus zudem noch einen Lost Place geben soll. Allerdings mikriger Internetempfang, entweder Edge oder minimalstes 4G je nach Lage des Handys.<\/p>\n<p>Sonderlich geil ist der Parkplatz ja nicht, quasi nur eine gr\u00f6\u00dfere Bucht an einer sehr selten befahrenen Stra\u00dfe. Die meisten schlafen wohl unten an der Wasserturbine (?), aber solche versteckten Sackgassen mag ich ja gar nicht, man kann leicht festgesetzt werden (zB absichtlich=R\u00e4uber oder unabsichtlich=Stra\u00dfen\/Waldarbeiter, Schneer\u00e4umer im Winter etc.)<\/p>\n<p>Es wurde sogar eine Seibahn erw\u00e4hnt, die die Fabrik gehabt haben soll. Ob das nun das war, was ich gefunden hab? Weiter oben f\u00fchrt aktuell der Zug vorbei, vielleicht war das ja der Grund f\u00fcr die Standseilbahn der Fabrik, falls es den damals schon gab&#8230;<\/p>\n<p>&#128681; Gespeicherte Geolocation &#8211; Karte anzeigen: <a href='https:\/\/www.google.com\/maps\/@?api=1&#038;map_action=map&#038;center=49.2119251,13.169923&#038;zoom=12&#038;basemap=terrain' target=_blank> GoogleMaps<\/a> &#128681; <a href='https:\/\/www.openstreetmap.org\/?&#038;mlat=49.2119251&#038;mlon=13.169923#map=10\/49.2119251\/13.169923&#038;layers=P' target=_blank> OSM &#128681;<\/a><br \/>\n^ nicht exakt<\/p>\n<p><a href='http:\/\/extra.inmontanis.info\/d\/100770-2\/DSC07583.jpg'><img src=http:\/\/extra.inmontanis.info\/d\/100768-3\/DSC07583.jpg \/><\/a><br \/>\n^ Parkplatz<\/p>\n<p><a href='http:\/\/extra.inmontanis.info\/d\/100774-2\/DSC07584.jpg'><img src=http:\/\/extra.inmontanis.info\/d\/100773-3\/DSC07584.jpg \/><\/a><br \/>\n^ .. viele schlafen wohl auch am Ende dieses Weges an der Wasserturbine oder wasauchimmer.<\/p>\n<p><a href='http:\/\/extra.inmontanis.info\/d\/100778-2\/DSC07585.jpg'><img src=http:\/\/extra.inmontanis.info\/d\/100777-3\/DSC07585.jpg \/><\/a><br \/>\n^ Ex-Fabrik Gustavsthal<\/p>\n<p><a href='http:\/\/extra.inmontanis.info\/d\/100782-2\/DSC07586.jpg'><img src=http:\/\/extra.inmontanis.info\/d\/100781-3\/DSC07586.jpg \/><\/a><br \/>\n^ Ex-Fabrik Gustavsthal<\/p>\n<p><a href='http:\/\/extra.inmontanis.info\/d\/100786-2\/DSC07587.jpg'><img src=http:\/\/extra.inmontanis.info\/d\/100785-3\/DSC07587.jpg \/><\/a><br \/>\n^ Ex-Fabrik Gustavsthal<\/p>\n<p><a href='http:\/\/extra.inmontanis.info\/d\/100790-2\/DSC07588.jpg'><img src=http:\/\/extra.inmontanis.info\/d\/100789-3\/DSC07588.jpg \/><\/a><br \/>\n^ Ex-Fabrik Gustavsthal<\/p>\n<p><a href='http:\/\/extra.inmontanis.info\/d\/100794-2\/DSC07589.jpg'><img src=http:\/\/extra.inmontanis.info\/d\/100793-3\/DSC07589.jpg \/><\/a><br \/>\n^ .. das will man nicht auf dem Kopf bekommen, wenn man solche alten H\u00e4user anschaut &#8230; aber vmtl. ist die Warscheinlich nicht viel h\u00f6her, als in den Bergen einen Felssturz abzubekommen.<\/p>\n<p><a href='http:\/\/extra.inmontanis.info\/d\/100798-2\/DSC07591.jpg'><img src=http:\/\/extra.inmontanis.info\/d\/100797-3\/DSC07591.jpg \/><\/a><br \/>\n^ <\/p>\n<p><a href='http:\/\/extra.inmontanis.info\/d\/100802-2\/DSC07592.jpg'><img src=http:\/\/extra.inmontanis.info\/d\/100801-3\/DSC07592.jpg \/><\/a><br \/>\n^ Der hintere Teil des aufgelassenen Geb\u00e4udes schaut noch aufgelassener aus, evtl. wurde der vordere Teil mal saniert, der hintere aber dem Verfall \u00fcberlassen, denn &#8230;<\/p>\n<p><a href='http:\/\/extra.inmontanis.info\/d\/100806-2\/DSC07594.jpg'><img src=http:\/\/extra.inmontanis.info\/d\/100805-3\/DSC07594.jpg \/><\/a><br \/>\n^ .. jetzt stehe ich im Geb\u00e4ude. Und links von mir ist nochmals so ein Geb\u00e4ude, dazwischen eine au\u00dfenmauerm\u00e4\u00dfige Wand<\/p>\n<p><a href='http:\/\/extra.inmontanis.info\/d\/100810-2\/DSC07595.jpg'><img src=http:\/\/extra.inmontanis.info\/d\/100809-3\/DSC07595.jpg \/><\/a><br \/>\n^ <\/p>\n<p><a href='http:\/\/extra.inmontanis.info\/d\/100814-2\/DSC07596.jpg'><img src=http:\/\/extra.inmontanis.info\/d\/100813-3\/DSC07596.jpg \/><\/a><br \/>\n^ Vermutlich wurde dieser Geb\u00e4udeteil, wo ich jetzt bin, auch schon mal angebaut? Weil das andere ja auch nach Au\u00dfenmauer ausschaut..<\/p>\n<p><a href='http:\/\/extra.inmontanis.info\/d\/100818-2\/DSC07597.jpg'><img src=http:\/\/extra.inmontanis.info\/d\/100817-3\/DSC07597.jpg \/><\/a><br \/>\n^ Hier gibts wenigstens noch Reste einer Decke<\/p>\n<p><a href='http:\/\/extra.inmontanis.info\/d\/100822-2\/DSC07599.jpg'><img src=http:\/\/extra.inmontanis.info\/d\/100821-3\/DSC07599.jpg \/><\/a><br \/>\n^ .. aber wirklich nur noch Reste der Decke. Es tut gut, erst die Decke von unten gesehen zu haben, bevor man im Stock dar\u00fcber einfach draufgeht &#8230;<\/p>\n<p><a href='http:\/\/extra.inmontanis.info\/d\/100826-2\/DSC07600.jpg'><img src=http:\/\/extra.inmontanis.info\/d\/100825-3\/DSC07600.jpg \/><\/a><br \/>\n^ <\/p>\n<p><a href='http:\/\/extra.inmontanis.info\/d\/100830-2\/DSC07601.jpg'><img src=http:\/\/extra.inmontanis.info\/d\/100829-3\/DSC07601.jpg \/><\/a><br \/>\n^ Irgendwelche Betonfundamente. Es soll ja eine Seilbahn gegeben haben &#8230;<\/p>\n<p><a href='http:\/\/extra.inmontanis.info\/d\/100834-2\/DSC07603.jpg'><img src=http:\/\/extra.inmontanis.info\/d\/100833-3\/DSC07603.jpg \/><\/a><br \/>\n^ Reste vom Dach<\/p>\n<p><a href='http:\/\/extra.inmontanis.info\/d\/100838-2\/DSC07606.jpg'><img src=http:\/\/extra.inmontanis.info\/d\/100837-3\/DSC07606.jpg \/><\/a><br \/>\n^ Dort an der Ecke ist nun das Ende es Geb\u00e4udes erreicht<\/p>\n<p><a href='http:\/\/extra.inmontanis.info\/d\/100842-2\/DSC07607.jpg'><img src=http:\/\/extra.inmontanis.info\/d\/100841-3\/DSC07607.jpg \/><\/a><br \/>\n^ .. sogar mit Schild<\/p>\n<p><a href='http:\/\/extra.inmontanis.info\/d\/100846-2\/DSC07608.jpg'><img src=http:\/\/extra.inmontanis.info\/d\/100845-3\/DSC07608.jpg \/><\/a><br \/>\n^ Eingang<\/p>\n<p><a href='http:\/\/extra.inmontanis.info\/d\/100850-2\/DSC07609.jpg'><img src=http:\/\/extra.inmontanis.info\/d\/100849-3\/DSC07609.jpg \/><\/a><br \/>\n^ Ecke und Eingang von vorhin ..<\/p>\n<p><a href='http:\/\/extra.inmontanis.info\/d\/100854-2\/DSC07611.jpg'><img src=http:\/\/extra.inmontanis.info\/d\/100853-3\/DSC07611.jpg \/><\/a><br \/>\n^ &#8230; und in die andere Richtung. Das ist jetzt beides zusammen die Breite des Geb\u00e4udes an der Schmalseite!<\/p>\n<p><a href='http:\/\/extra.inmontanis.info\/d\/100858-2\/DSC07615.jpg'><img src=http:\/\/extra.inmontanis.info\/d\/100857-3\/DSC07615.jpg \/><\/a><br \/>\n^ Noch etwas dahinter befinden sich diese Reste von Irgendwas<\/p>\n<p><a href='http:\/\/extra.inmontanis.info\/d\/100862-2\/DSC07617.jpg'><img src=http:\/\/extra.inmontanis.info\/d\/100861-3\/DSC07617.jpg \/><\/a><br \/>\n^ Von der Stra\u00dfe; der vordere Teil sah ja etwas besser in Schuss aus<\/p>\n<p><a href='http:\/\/extra.inmontanis.info\/d\/100866-2\/DSC07619.jpg'><img src=http:\/\/extra.inmontanis.info\/d\/100865-3\/DSC07619.jpg \/><\/a><br \/>\n^ Vorder Teil<\/p>\n<p><a href='http:\/\/extra.inmontanis.info\/d\/100870-2\/DSC07621.jpg'><img src=http:\/\/extra.inmontanis.info\/d\/100869-3\/DSC07621.jpg \/><\/a><br \/>\n^ Infotafel<\/p>\n<p><a href='http:\/\/extra.inmontanis.info\/d\/100874-2\/DSC07622.jpg'><img src=http:\/\/extra.inmontanis.info\/d\/100873-3\/DSC07622.jpg \/><\/a><br \/>\n^ Infotafel mit deutscher Karte<\/p>\n<p><a href='http:\/\/extra.inmontanis.info\/d\/100878-2\/DSC07622-2.jpg'><img src=http:\/\/extra.inmontanis.info\/d\/100877-3\/DSC07622-2.jpg \/><\/a><br \/>\n^ Ausschnitt mit eingezeichnet Gleis-Seilbahn<\/p>\n<p><a href='http:\/\/extra.inmontanis.info\/d\/100882-2\/DSC07624.jpg'><img src=http:\/\/extra.inmontanis.info\/d\/100881-3\/DSC07624.jpg \/><\/a><br \/>\n^ Der Haupteingang, mit Schienen<\/p>\n<p><a href='http:\/\/extra.inmontanis.info\/d\/100886-2\/DSC07625.jpg'><img src=http:\/\/extra.inmontanis.info\/d\/100885-3\/DSC07625.jpg \/><\/a><br \/>\n^ In einer Grube befinden sich diese Reste &#8211; dann wird das wohl diese Gleis-Seilbahn, also Standseilbahn(?), gewesen sein=!<\/p>\n<p><a href='http:\/\/extra.inmontanis.info\/d\/100890-2\/DSC07626.jpg'><img src=http:\/\/extra.inmontanis.info\/d\/100889-3\/DSC07626.jpg \/><\/a><br \/>\n^ Grube mit den Seilbahnresten und Ausfahrt, wie auch immer &#8230;<\/p>\n<p><a href='http:\/\/extra.inmontanis.info\/d\/100894-2\/DSC07627.jpg'><img src=http:\/\/extra.inmontanis.info\/d\/100893-3\/DSC07627.jpg \/><\/a><br \/>\n^ War das dann die Ausfahrt der Seilbahn?<\/p>\n<p><a href='http:\/\/extra.inmontanis.info\/d\/100898-2\/DSC07629.jpg'><img src=http:\/\/extra.inmontanis.info\/d\/100897-3\/DSC07629.jpg \/><\/a><br \/>\n^ Nochmals die Grube in der anderen Richtung<\/p>\n<p><a href='http:\/\/extra.inmontanis.info\/d\/100902-2\/DSC07634.jpg'><img src=http:\/\/extra.inmontanis.info\/d\/100901-3\/DSC07634.jpg \/><\/a><br \/>\n^ Eine zweite Schiene endet hier apprupt im Mauerwerk. Vielleicht war die Schiene also auch von der vorherigen Nutzung<\/p>\n<p><a href='http:\/\/extra.inmontanis.info\/d\/100906-2\/DSC07635.jpg'><img src=http:\/\/extra.inmontanis.info\/d\/100905-3\/DSC07635.jpg \/><\/a><br \/>\n^ Das hier ist der obere Teil der zuvor gezeigten l\u00f6chrigen Decke. Ich sag ja, wenn man nicht zuf\u00e4llig zuvor unten war, geht man hier vielleicht unbedarft raus &#8230;<\/p>\n<p><a href='http:\/\/extra.inmontanis.info\/d\/100910-2\/DSC07637.jpg'><img src=http:\/\/extra.inmontanis.info\/d\/100909-3\/DSC07637.jpg \/><\/a><br \/>\n^ <\/p>\n<p><a href='http:\/\/extra.inmontanis.info\/d\/100914-2\/DSC07638.jpg'><img src=http:\/\/extra.inmontanis.info\/d\/100913-3\/DSC07638.jpg \/><\/a><br \/>\n^ <\/p>\n<p><a href='http:\/\/extra.inmontanis.info\/d\/100918-2\/DSC07639.jpg'><img src=http:\/\/extra.inmontanis.info\/d\/100917-3\/DSC07639.jpg \/><\/a><br \/>\n^ <\/p>\n<p><a href='http:\/\/extra.inmontanis.info\/d\/100922-2\/DSC07640.jpg'><img src=http:\/\/extra.inmontanis.info\/d\/100921-3\/DSC07640.jpg \/><\/a><br \/>\n^ <\/p>\n<p><a href='http:\/\/extra.inmontanis.info\/d\/100926-2\/DSC07642.jpg'><img src=http:\/\/extra.inmontanis.info\/d\/100925-3\/DSC07642.jpg \/><\/a><br \/>\n^ <\/p>\n<p><a href='http:\/\/extra.inmontanis.info\/d\/100930-2\/DSC07644.jpg'><img src=http:\/\/extra.inmontanis.info\/d\/100929-3\/DSC07644.jpg \/><\/a><br \/>\n^ Da hab ich schon \u00f6ffentliche, offene WCs gesehen, die verschissener waren ;)<\/p>\n<p><a href='http:\/\/extra.inmontanis.info\/d\/100934-2\/DSC07646.jpg'><img src=http:\/\/extra.inmontanis.info\/d\/100933-3\/DSC07646.jpg \/><\/a><br \/>\n^ Hier dann nochmasl die vermutliche Strecke der Standseilbahn?!<\/p>\n<p>Abends machte ich mir noch den kleinen rest Schaschlick warm und das Karpfengeschnetzelte danach. N\u00f6chster Karpfen dann also voraussichtlich erst wieder im September 2024.<\/p>\n<p>&#8212;<br \/>\nLesenswerte Link-Tipps:<\/p>\n<p>&#8220;Mit anderen Worten: Die USA verwenden den wohlklingenden Begriff \u201eregelbasierte Ordnung\u201c um ihre Ziele gewaltsam durchzusetzen.&#8221;<br \/>\n<a href='https:\/\/www.anti-spiegel.ru\/2023\/die-usa-wollen-dass-die-regelbasierte-ordnung-das-voelkerrecht-ersetzt\/'>https:\/\/www.anti-spiegel.ru\/2023\/die-usa-wollen-dass-die-regelbasierte-ordnung-das-voelkerrecht-ersetzt\/<\/a><\/p>\n<p>&#8220;In der seit Jahrzehnten durch Propaganda und Lu\u0308gen vergifteten deutschen \u00d6ffentlichkeit ist es schwer, zu vermitteln, dass Russland unser natu\u0308rlicher Partner ist, weil wir das gemeinsame Interesse haben, wirtschaftlich zusammenzuarbeiten, w\u00e4hrend die USA aus geostrategischen Gru\u0308nden verhindern wollen, dass wir wirtschaftlich immer st\u00e4rker werden&#8221;<br \/>\n&#8220;Der ehemalige US-Pr\u00e4sident Jimmy Carter bezeichnete die Vereinigten Staaten zu Recht als die kriegerischste Nation in der Geschichte der Welt. Der renommierte amerikanische Intellektuelle Noam Chomsky nennt die USA den fu\u0308hrenden terroristischen Staat, der in vielen L\u00e4ndern fu\u0308r Instabilit\u00e4t verantwortlich sei. &#8221;<br \/>\n(Oskar Lafontaine, <a href='https:\/\/www.nachdenkseiten.de\/?p=105382'>https:\/\/www.nachdenkseiten.de\/?p=105382<\/a> )<\/p>\n","protected":false},"excerpt":{"rendered":"<p>Mi, 18.10.2023<\/p>\n<p>Die ca. 50min Fahrrerei morgens in der Dunkelheit waren gar nicht angenehm. W\u00e4r ich lieber doch gestern Abend noch ein St\u00fcck weiter gefahren.<\/p>\n<p>Morgens dann \u00fcber weite Strecken -1\u00b0 gewesen. Das find ich ja schon arg kalt, insb. dann in der unbeheizten Zeit. Und da will ich bis zu -20\u00b0 frei stehen? Da <a href=\"http:\/\/blog.inmontanis.info\/?p=9477\">[&#8230;]<\/a><\/p>\n","protected":false},"author":1,"featured_media":9479,"comment_status":"closed","ping_status":"closed","sticky":false,"template":"","format":"standard","meta":{"footnotes":""},"categories":[912,12,105,32,30],"tags":[51],"class_list":["post-9477","post","type-post","status-publish","format-standard","has-post-thumbnail","hentry","category-2023-09-2024-xx-skandinavien","category-germany","category-tschechien","category-lostplaces","category-wandern","tag-architektur","odd"],"_links":{"self":[{"href":"http:\/\/blog.inmontanis.info\/index.php?rest_route=\/wp\/v2\/posts\/9477","targetHints":{"allow":["GET"]}}],"collection":[{"href":"http:\/\/blog.inmontanis.info\/index.php?rest_route=\/wp\/v2\/posts"}],"about":[{"href":"http:\/\/blog.inmontanis.info\/index.php?rest_route=\/wp\/v2\/types\/post"}],"author":[{"embeddable":true,"href":"http:\/\/blog.inmontanis.info\/index.php?rest_route=\/wp\/v2\/users\/1"}],"replies":[{"embeddable":true,"href":"http:\/\/blog.inmontanis.info\/index.php?rest_route=%2Fwp%2Fv2%2Fcomments&post=9477"}],"version-history":[{"count":3,"href":"http:\/\/blog.inmontanis.info\/index.php?rest_route=\/wp\/v2\/posts\/9477\/revisions"}],"predecessor-version":[{"id":9481,"href":"http:\/\/blog.inmontanis.info\/index.php?rest_route=\/wp\/v2\/posts\/9477\/revisions\/9481"}],"wp:featuredmedia":[{"embeddable":true,"href":"http:\/\/blog.inmontanis.info\/index.php?rest_route=\/wp\/v2\/media\/9479"}],"wp:attachment":[{"href":"http:\/\/blog.inmontanis.info\/index.php?rest_route=%2Fwp%2Fv2%2Fmedia&parent=9477"}],"wp:term":[{"taxonomy":"category","embeddable":true,"href":"http:\/\/blog.inmontanis.info\/index.php?rest_route=%2Fwp%2Fv2%2Fcategories&post=9477"},{"taxonomy":"post_tag","embeddable":true,"href":"http:\/\/blog.inmontanis.info\/index.php?rest_route=%2Fwp%2Fv2%2Ftags&post=9477"}],"curies":[{"name":"wp","href":"https:\/\/api.w.org\/{rel}","templated":true}]}}