{"id":9473,"date":"2023-10-17T19:34:31","date_gmt":"2023-10-17T17:34:31","guid":{"rendered":"http:\/\/blog.inmontanis.info\/?p=9473"},"modified":"2023-10-19T19:48:27","modified_gmt":"2023-10-19T17:48:27","slug":"weisenburg-romermuseum-co-17-10-2023-2-16-10-reiseplanungen","status":"publish","type":"post","link":"http:\/\/blog.inmontanis.info\/?p=9473","title":{"rendered":"Wei\u00dfenburg: R\u00f6mermuseum &#038; Co, 17.10.2023 (+ 2.-16.10. Reiseplanungen)"},"content":{"rendered":"<p><strong>Do, 5.10.2023<\/strong><\/p>\n<p>W\u00e4hrend Pitztaler dank Gletscher+Depotschnee ja schon offen hat, wollen&#8217;s am Kaunertaler dank Depotschnee (ohne Gletscher) am WE starten; in S\u00f6lden auch (hat sp\u00e4ter aber verschoben). Stubai? Hat mal wieder verpennt und die \u00d6ffnung auf &#8220;vorerst&#8221; 20.10. verschoben ;)<\/p>\n<p>Jedenfalls nochmals froh dar\u00fcber, nicht den Go-Pass gekauft zu haben &#8211; am M\u00f6lltaler ja momentan auch null Sicht auf \u00d6ffnung. Dem nicht genug ist jetzt auch der letzte Teil der Gletscherabfahrt in zwei Teile zerfallen.. Den k\u00f6nnens bald in M\u00f6lltaler Nichtmehrgletscher umbenennen. <\/p>\n<p>Levi und Ruka k\u00f6nnen jedenfalls morgen wie geplant (dank Depotschnee) \u00f6ffnen. <\/p>\n<p><strong>Fr, 6.10.2023<\/strong><\/p>\n<p>Heute gekauft: eine d\u00fcnne, aber l\u00e4ngere Fleecedecke bei Ikea (knapp \u00fcber 3 \u20ac) und ein w\u00e4rmerer Flanell\/Biber-Bett\u00fcberzug bei Action (knapp unter 12 \u20ac).<\/p>\n<p>Ob ich mit dem Bettbezug aber so gl\u00fccklich werde, ist etwas zweifelhaft, jedenfalls bef\u00fcrchte ich, dass die d\u00fcnne Steppdecke innen drin nur kurz halbwegs in den Ecken und Seiten halten wird. Druckkn\u00f6pfe einbauen? Ggf. kalte Au\u00dfenseite wo man auch mit Haaren h\u00e4ngenbleiben kann. Klettband? K\u00f6nnte durch die gr\u00f6\u00dfere, verh\u00e4rtete Fl\u00e4che auch manchmal unangenehm sein, merk ich auch am Schlafsack.<\/p>\n<p>Alternativ k\u00f6nnt ich den \u00dcberzug sonst auch als zus\u00e4tzliche Decke verwenden.<\/p>\n<p>Im Netz findet man noch Vorschl\u00e4ge wie Kn\u00f6pfe mit Schlingen oder verknotete  B\u00e4ndchen ann\u00e4hen oder nach jedem Waschen die Ecken vern\u00e4hen oder Sicherhgeitsnadeln&#8230;<\/p>\n<p>B\u00e4ndchen, Knoten, Kn\u00f6pfe, das k\u00f6nnte st\u00f6ren, wenn man drauf liegt.<br \/>\nDie dicken Plastik-Clips zum Kaufen wohl ebenso. Sicherheitsnadeln h\u00e4tt ich bedenken wegen aufgehen.<\/p>\n<p><strong>Sa, 7.10.2023<\/strong><\/p>\n<p>Meine Tourenski hatte ich ja nicht nur f\u00fcr Touren, sondern auch f\u00fcr Offpiste-Tage verwendet, allerdings gabs da die letzten beiden Jahre ja auch keine sinnvolle Gelegenheit dazu. Mit RIksr\u00e4nsen, Bj\u00f6rkliden und Kittelfj\u00e4ll n\u00e4chsten Winter evtl mehr. Also doch mitnehmen?<\/p>\n<p>Da zudem die Bindung eh noch nicht auf die neuen Schuhe einestellt war, wollte ich mal schaun, ob ich wenigstens die hinteren Bindungsbacken entfernen k\u00f6nnte, um die Skier doch einfacher verstauen zu k\u00f6nnen.<\/p>\n<p>Einige Schrauben (Torx!) gel\u00f6st verstand ich den Mechanismus und hab den hinteren Teil von der Schiene entfernt. Vorne, Schiene und hinterer Schienenhalter bleiben logischerweise montiert. Braucht also mehr Platz als meine anderen Ski, aber so hoffentlich weniger als vorher, falls ich die Bindungsteile und Skier getrennt besser verstauen k\u00f6nnte.<\/p>\n<p>Jawoll, passt ja mal wieder geilstens, also an der rechten Seite, wo auch die anderen Skier liegen. Somit nur noch die  hinteren Bindungsteile im Keller (und der Heizer, der zuvor an der Seite lag, sowie das Fotostativ, was mich da an der Seite eh schon in den Vorjahren immer gest\u00f6rt hatte).<\/p>\n<p><a href='http:\/\/extra.inmontanis.info\/d\/100672-2\/IMG_20231007_110007_4.jpg'><img src=http:\/\/extra.inmontanis.info\/d\/100671-3\/IMG_20231007_110007_4.jpg \/><\/a><br \/>\n^ Ohne die hinteren Skibindungsbacken passen die Tourenski nun auch auf die Seite, wo jetzt also 3 Paar Ski liegen.<\/p>\n<p><a href='http:\/\/extra.inmontanis.info\/d\/100676-2\/IMG_20231007_110243_2.jpg'><img src=http:\/\/extra.inmontanis.info\/d\/100675-3\/IMG_20231007_110243_2.jpg \/><\/a><br \/>\n^ .. hier mit Sitz (vorne) und Tisch\/Bettplatte<\/p>\n<p>.. damit ist der Keller aber doch wieder voll. Ein bisschen stapeln ginge aber vielleicht noch. Die Heizungsrohre k\u00f6nnt ich evtl. auch zwischen die Ski legen. Und zur Not schick ich n\u00e4chstes Fr\u00fchjahr halt ein Paket mit der Skibekleidung ab, wenn ich f\u00fcr Sommer mehr Platz haben m\u00f6chte.<\/p>\n<p>Also: die Tourenski kommen mit und werden hoffentlich diesmal auch wieder als Offpisteski in entsprechenden Gebieten \/ an passenden Tagen verwendet.<\/p>\n<p>Passend zum Saisonopening hat&#8217;s in Ruka auch noch bis runter geschneit lt. Webcam. Da h\u00e4tte man ja direkt Lust, gleich rauf zu d\u00fcsen oder zumindest fr\u00fcher zu fahren. Aber wenn ich noch in CZ vorbei will, muss ich das an einem WE machen, da die tw. dzt. nur am WE offen haben.<\/p>\n<p>Ge\u00f6ffnet in Ruka sind zwei kurze Pisten mit 540 bzw. 600m (lt. Website) und eine Funpark-Abfahrt, von 1x 4KSB und 1x 3SB erschlossen, t\u00e4glich von z.T. 9:30-19 Uhr. Dazu eine Tal-Berg-Tal-Gruppen-Gondel von 9:30-23:00, da ist wohl noch keine Abfahrt offen. TK bis 30.11. 46,- \u20ac (online), 3h 38,50, Einzelfahrt 9,-<\/p>\n<p>In Levi offen sind wohl 2 6KSBs und ein F\u00f6rderband und lt. Website  eine ganze Abfahrt (870m lt. Website), eine Teilabfahrt  (750m oder weniger) und ein Funpark, auch von 9:30-19 Uhr. Wobei es sein k\u00f6nnte, dass die KSBs jeweils links und rechts von nur einer einzigen, breiten Abfahrt sind, Funpark dazwischen, nicht so eindeutig erkennbar. Au\u00dferdem ist die l\u00e4ngere 6KSB neu und k\u00f6nnte somit nervige Restriktions-Eigenschaften haben.  TK (Saison-Einheitspreis) 51,50, 3h 43,-.<\/p>\n<p>Also wohl  uninteressanter als die beiden etwas kurvigen, schm\u00e4leren, aber auch k\u00fcrzeren, Waldabfahrten in Ruka. Dazu teurer und die beiden 6KSBs &#8211; da kann ich auf alles gerne verzichten und werde Levi wohl eher nicht besuchen. <\/p>\n<p>Beide Skigebiete haben auf ihrer \u00d6ffnungsseite auch geschrieben, wann bestimmte  Pisten voraussichtlich \u00f6ffnen werden, November, Dezember oder erst im Februar. Auch da schaut Ruka f\u00fcr November interessanter aus. Gesamtbetrachtet hat Levi aber einen h\u00f6heren Anteil an SL (und ist ja auch generell gr\u00f6\u00dfer, aber teils halt auch ultraflach). Und auch in Ruka d\u00fcrfte es ein oder zwei neue nervige Restriktions-KSBs geben. Im Winter\/Fr\u00fchjahr w\u00e4re dann Levi nat\u00fcrlich wesentlich interessanter.<\/p>\n<p><strong>So, 8.10.2023<\/strong><\/p>\n<p>Tja, Rahmen, Rollupfolie &#8230; also mit den Rei\u00dfzwecken hab ichs nicht geschafft. Die Rollupfolie war nicht plan zu bekommen, einerseits weil sie sich immer wieder rollte (auch nach 2 Tage verkehrtherum gerollt gelagert), andererseits auch am Rahmen gespannt, sobald man den Rei\u00dfnagel drin hatte und loslie\u00df, gab es wieder Falten. Zugegeben ist der Rahmen ja auch nicht so stabil und gibt nach.<\/p>\n<p>Nach mehrmaligem erfolglosen probieren  hab ich dann die Ecken mit doppelseitigem Klebeband fixiert. Damit sind nun wesentlich weniger Falten\/W\u00f6lbungen im Bild; jedenfalls auch mal wesentlich besser als die alte Leinwand. <\/p>\n<p>Durch die Rei\u00dfzwecken an den R\u00e4ndern geht nat\u00fcrlich etwas Bildgr\u00f6\u00dfe verloren, aber daf\u00fcr ist es ja generell etwas gr\u00f6\u00dfer als der vorherige Rahmen.<\/p>\n<p>Schlussendlich werd ich das im Auto dann eben mal so testen. Ein erster Test tags\u00fcber zeigte interessanterweise, dass, obwohl die mittelgraue Folie sehr matt wirkt, die Projektion bei hellen Fl\u00e4chen sehr bunt (irrisierend) gespiegelt wird. Das ist mir an der wei\u00dfen Klebefolie auf meinem 3D-gedruckten Hintergrund ja nicht (so) aufgefallen.<\/p>\n<p><a href='http:\/\/extra.inmontanis.info\/d\/100680-3\/DSC07378.jpg'><img src=http:\/\/extra.inmontanis.info\/d\/100679-4\/DSC07378.jpg \/><\/a><br \/>\n^ Der mit der alten Rollupplane bespannte Rahmen, das soll ja jetzt als Leinwand f\u00fcr meinen kleinen Videoprojektor dienen<\/p>\n<p><a href='http:\/\/extra.inmontanis.info\/d\/100684-3\/DSC07380.jpg'><img src=http:\/\/extra.inmontanis.info\/d\/100683-4\/DSC07380.jpg \/><\/a><br \/>\n^ Leinwandr\u00fcckseite mit Rahmen; zum Aufh\u00e4ngen dient der an den Schrauben befestigte wei\u00dfe Faden oben<\/p>\n<p>Hinsichtlich Bettdecke\/Bett\u00fcberzug hab ich mich f\u00fcr&#8217;s Festn\u00e4hen entschieden, zumindest an den 4 Ecken und oben mittig etwas. Wird ja bis zum Fr\u00fchjahr dann drauf bleiben. Kissenbezug liegt (weil zu gro\u00df und ich da nicht unbedingt was warmes brauch) derzeit \u00fcber dem WC, da wollte ich sowieso mal was dr\u00fcber tun.<\/p>\n<p>\u00dcbrigens, auch lecker: Eis aus Erdbeermarmelade und Veilchensirup (+ wie \u00fcblich Milch, Spr\u00fchsahne und Zucker). <\/p>\n<p><strong>Mo, 9.10.2023<\/strong><\/p>\n<p>Ich h\u00e4tte ja bekanntlich gern mal die Museumstram Sch\u00f6nberger Strand besucht, n\u00e4he Kiel\/Flensburg. Da ich zudem wohl nach CZ noch die alte PHB-4EUB im Harz besuchen m\u00f6chte, l\u00e4ge das ja gar nicht soooo abwegig, insb. falls ich die F\u00e4hre von Travem\u00fcnde oder Grenaa nehmen w\u00fcrde. Und die Tram w\u00e4re \u00fcbern\u00e4chste Woche MI+DO ge\u00f6ffnet, was ebenfalls passend w\u00e4re.<\/p>\n<p>Aber man m\u00fcsste (insb. vom Harz aus) an Hannover und Hamburg vorbei. Ersteres b\u00f6te ja auch ein besuchenswertes Stra\u00dfenmuseum, das aber nur sonntags offen ist &#8211; das passt mir jetzt raufw\u00e4rts gar nicht. Und verkehrstechnisch m\u00f6cht ich mir H&#038;HH ja generell lieber sparen. Insb. falls ich da retour n\u00e4chsten Sommer vorbei m\u00fcsste. Wobei ich da vielleicht auch lieber gleich nach NL richtung UK fahre. <\/p>\n<p>Bocksberg ist umwegm\u00e4\u00dfig zwar auch nicht ohne, wenn ich dann von CZ \/ Bereich Dresden eigentlich zur F\u00e4hre nach Rostock m\u00f6chte, relativiert sich aber etwas, falls ich stattdessen alternativ eine der anderen PHB-4EUBs in den Alpen besuchen w\u00fcrde. Die zudem fahrpreistechnisch teurer sind.<\/p>\n<p>StenaLine hat aktuell superg\u00fcnstige F\u00e4hren von Rostock nach Trelleborg f\u00fcr \u00fcbern\u00e4chste Woche unter der Woche um 41,- \u20ac und damit (f\u00fcr mich: seltenerweise) viel g\u00fcnstiger als TT-Line. Dazu noch 5,40 \u20ac Abzug durchs Bonussammelprogramm von der letzten NL-UK-F\u00e4hre, so sind&#8217;s nur noch 35,60. Na, gleich gebucht f\u00fcr morgen in einer Woche ;)<\/p>\n<p><strong>Di, 10.10.2023<\/strong><\/p>\n<p>Da ich ja keinen Facebook-Account hab, aber wg. Skigebieten \u00f6fters mal dort was schauen muss, haben mich in den letzten Monaten wieder die nicht blockierbaren Login-Popups genervt &#8211; anscheinend gibts da kaum noch Abhilfe, wobei ein Plugin f\u00fcr die neue Firefox-Generation anscheinend funktioniert.<\/p>\n<p>Was mich ja auch immer genervt hat, ist einerseits die ewig lahme Geschwindigkeit, bis die Seite geladen ist und unterwegs bei geringerem Datenvolumen hatte mich noch genervt, wenn ich \u00f6fters nachschau, dass dann immer wieder alte Posts geladen werden, die mich nicht (mehr) interessieren.<\/p>\n<p>Abhilfen hab ich dann aber doch einige gefunden:<br \/>\na) im Firefox\/Palemoon unter View -> Page Style auf &#8220;No Style&#8221; stellen. Dadurch f\u00e4llt das CSS-Zeux weg, der Login-Poup besteht nur aus einem kleinen Feld in den oberen Zeilen und das Laden und Scrollen geht wesentlich schneller<br \/>\nb) alternativ dazu: das Laden der CSS-Files z.B. via ublock origin verhindern und einen Eintrag &#8220;fbcdn.net\/*.css*&#8221; erg\u00e4nzen<br \/>\nc) einen RSS-Feed-Converter verwenden wie z.B. http:\/\/fetchrss.com\/facebook oder https:\/\/rss.app\/de\/rss-feed\/create-facebook-rss-feed<\/p>\n<p>a+b haben den Nachteil oder auch Vorteil (Stichwort: unterwegs), dass nur der neueste Post angezeigt wird<br \/>\na+b+c haben wohl den Nachteil, dass die Kommentare nicht angezeigt werden &#8211; und gerade da finden sich auch h\u00e4ufig Infos+Antworten der Betreiber auf Nachfragen, wann das Skigebiet oder wann welche Lifte aufgehen.<\/p>\n<p>.. aber f\u00fcr&#8217;s schnelle Nachschauen (die Fotos sind ja jeweils vorhanden) k\u00f6nnte dies oder jenes diesen Winter durchaus vorteilhaft sein.<\/p>\n<p><strong>Do, 12.10.2023<\/strong><\/p>\n<p>Bin heut nochmals die Skigebiete durchgegangen, wann sie aufmachen, was sie kosten, was Campingpl\u00e4tze in der N\u00e4he kosten ..<br \/>\n.. den Vogel abschie\u00dfen tut bisher Ruka mit seinem hauseigenem Wohnmobilstellplatz: 1 Nacht kostet dort schon 63,- \u20ac !!! Immerhin w\u00e4re die Woche dann g\u00fcnstiger mit 360,-. In Levi zahlt man 46,- pro Tag ohne dass die Woche g\u00fcnstiger wird. <\/p>\n<p>Also mal abwarten, was ich da evtl. g\u00fcnstigeres in der Gegend finde. Wie gesagt, ich hoffe, dass ich zumindest bis -15\u00b0  1-3 Tage frei stehen kann, um dann nur alle 2-4 N\u00e4chte an einem Camping\/Stellplatz die Batterie nachladen zu m\u00fcssen ..<\/p>\n<p>Falls es da z.B. in Ruka+Pyh\u00e4 g\u00fcnstige M\u00f6glichkeiten gegeben h\u00e4tte, h\u00e4tte ich mir vielleicht doch noch die Saisonkarte gekauft. Den Nachlass gibts ja nur bis 15.10., also h\u00e4tte ich die jetzt kaufen m\u00fcssen. Levi hat keinen Vorverkauf, da kann ich mir also Zeit lassen, falls ich doch was kaufen wollen sollte. Wobei Yll\u00e4s ja dann g\u00fcnstiger w\u00e4re. Falls die Mitte November aufsperren k\u00f6nnen sollten. Aber eben Yll\u00e4s ja erst Mitte November,<\/p>\n<p>Anderseits m\u00f6chte ich mir ja die eine g\u00fcnstige Karte f\u00fcr die 4 kleinen Gebiete kaufen, eins will wie Yll\u00e4s am 18.11. aufsperren, ein anderes am 25.11.  Der ersten Schnee fiel mittlerweile in allen nordfinnischen Skigebieten, die f\u00fcr November in Frage kommen.<\/p>\n<p>Da die schwedischen Skigebiete auf der Sancdinavian-Karte ja im Dezember meiner Erinnerung nach auch noch nicht sonderlich lohnenswert sind, k\u00f6nnte ich in FI auch den ganzen Dezember bleiben; in dem Fall w\u00e4r vielleicht eine Saisonkarte f\u00fcr die gr\u00f6\u00dferen Gebiete (Yll\u00e4s, Levi oder Ruka\/Pyh\u00e4) auch nicht sooo \u00fcbel. Naja, im Falle von Yll\u00e4s + den kleinen kann ich mir auf jeden Fall bis Mitte November Zeit lassen. Und bis dahin muss ich halt die teureren Tages- oder Wochenkarten in Ruka oder Levi kaufen. Oder mal paar Tage zwischendrin aussetzen. Interessanter als Ruka+Pyh\u00e4 wird Levi im Fr\u00fchjahr schon sein. Auch wenn ich es teilweise seeehr flach in Erinnerung hab. Und es seit meinem Besuch ja leider einige neue KSBs gibt, aber trotzdem noch mehr SL als in Ruka\/Pyh\u00e4.<\/p>\n<p>Die Tagekartenpreise kann man in FI selbst f\u00fcr Mini-Skigebiete ziemlich vergessen, weil meist \u00fcber 40 \u20ac. Da stimmt das Verh\u00e4ltnis zu den gr\u00f6\u00dferen Gebieten in keinster Weise.<\/p>\n<p>Andererseits k\u00f6nnte ich bis 18.11. ja durchaus 20 Skitage machen &#8211; aber evtl. halt nur in Ruka oder Levi, wenn sonst noch nix offen hat. Doch mehr Zeit lassen zum Rauffahren? Doch eine der beiden Saisonkarten kaufen?<\/p>\n<p>In Ruka g\u00e4b&#8217;s sonst noch eine 12 \u20ac Tageskarte f\u00fcr den Anf\u00e4nger-Bereich (keine Ahnung ob nur F\u00f6rderb\u00e4nder oder wenigstens auch ein Tellerlift dabei, der aber wohl erst ab Dez. \u00f6ffnet) bzw. 26 \u20ac f\u00fcr Anf\u00e4nger-Bereich plus Gondel. Wenn man damit beide Seiten (ist eine Tal-Berg-Tal-Gondel) fahren k\u00f6nnte und die Abfahrten beide offen sein sollten, w\u00e4re das ja f\u00fcr 2 St\u00fcndchen am Tag durchaus eine Option. Aber ob das vor Mitte November schon m\u00f6glich sein wird?<\/p>\n<p>Und die Abfahrten sind ja eh nur 500m kurz. 20 Tage auf 2-5 so kurzen Abfahrten wird eh grenzwertig, mehr wie 2-3 Stunden w\u00fcrd ich da pro Tag eh nicht fahren wollen. Erst recht nicht, wenn ich jeden Tag zahlen muss. <\/p>\n<p>Somit echt fraglich, ob ich so fr\u00fch rauf fahren soll. Andererseits w\u00fcrds mich nat\u00fcrlich schon reizen, da oben mal Ende Oktober gefahren zu sein. Erst recht, falls weiter s\u00fcdlich in SE oder NO doch schon mehrere Gebiete mal wieder Mitte \/ Ende November aufsperren k\u00f6nnen sollten, dann w\u00fcrde sich ja sonst die weite Fahrt bis Finnland Anfang November gar nicht mehr lohnen.<\/p>\n<p>Andererseits muss ich so halt ggf. (mind.) 2 Wochen im Norden tot schlagen, wenn mir die Skip\u00e4sse f\u00fcr das bisschen \u00d6ffnung zu teuer sind.<\/p>\n<p>Und eigentlich will ich den gro\u00dfen Gebieten wie insb. Ruka und Levi wegen ihrer zuletzt installierten 6+8 KSBen gar nicht so viel Geld in den Rachen werfen.<\/p>\n<p><strong>Fr, 13.10.2023<\/strong><br \/>\nZum Gl\u00fcck war ich letztes Jahr in Heiligenblut. War ja mal wieder klar, dass eins meiner Lieblingsgebiete entweder schlie\u00dft oder die besten Lifte ersetzt werden oder so. Klar, die Tunnelbahn l\u00e4uft noch, aber alle 3 sch\u00f6nen SL sollen n\u00e4chsten Winter in Heiligenblut still stehen. Da h\u00e4tte ich mir dann keine Saisonkarte mehr f\u00fcr Heiligenblut &#038; Co gekauft.<\/p>\n<p><a href='https:\/\/kaernten.orf.at\/stories\/3228119\/'>https:\/\/kaernten.orf.at\/stories\/3228119\/<\/a><br \/>\n&#8220;um den Hochflei\u00dflift, den Tauernberglift und den Viehb\u00fcchellift.&#8221;<\/p>\n<p>Ich habs zwar noch nicht probiert, aber evtl. kann ich am Handy direkte Geolocations in meine Notitzen einbauen, jedenfalls hab ich heut dann eine passende Umwandlung geschrieben, damit derartige Geo-Koordinaten in meinem Blog zu passenden Links zu Google Maps und OSM dargestellt werden. <\/p>\n<p>Da die URL nicht im Code steht, kann ich somit \u00c4nderungen in den URL-Parametern bei OSM\/GMaps einfach durchf\u00fchren, z.B. falls ich generell einen anderen Zoomfaktor oder einen anderen Kartenhintergrund haben m\u00f6chte oder OSM\/GMaps was an den Parametern \u00e4ndern. Wenn das mit der Eingabe am Handy einfach funktioniert und ich dran denk, werd ich das ab dieser Reise \u00f6fters in meine Berichte einbauen.<\/p>\n<p><strong>Sa, 14.10.2023<\/strong><\/p>\n<p>Saariselk\u00e4, das n\u00f6rdlichste Skigebiet Finnlands, hat auch so bescheuerte Preise wie fast alle in Finnland, zumindest oben im Norden: 3h 46,50; TK 49,50; Vor- und Nachsaisonerm\u00e4\u00dfigungen gibts erst ab 2 Tagen; Saisonkarte im Vorverkauf (bis 14.12.) gibts daf\u00fcr um g\u00fcnstige 285,-. Aber so viel Saisonkarten kann und will ich mir ja gar nicht kaufen (und kann sie ja dann zeitlich auch nicht reinfahren). <\/p>\n<p>Bei den Preisen f\u00fcr 3h + Tageskarten wird mir das &#8220;Fremdgehen&#8221; in Finnland aber sehr schwer fallen. Zudem eben die kleinen Gebiete in Finnland fast gleich teuer sind wie die gr\u00f6\u00dften.<\/p>\n<p>Mal zum Vergleich die 3 gro\u00dfen Skigebiete in Nordfinnland, Tageskartenpreise in \u20ac:<br \/>\nYll\u00e4s (das gr\u00f6\u00dfte), 52,50 Hauptsaison, 48,50 Nebensaison<br \/>\nLevi 51,50<br \/>\nRuka Hauptsaison 51,-, Nebensaison 46,- (ggf. ist bei dem Preis auch Pyh\u00e4 inklusive, aber das ist ja doch ein paar km weg)<\/p>\n<p>Die Entscheidung wg. Saisonkarte zum Saisonbeginn w\u00e4r leichter, wenn z.B. der Saisonpass in Levi g\u00fcnstiger w\u00e4re und nicht so viel teurer wie in Ruka und Yll\u00e4s. Oder wenn eben Yll\u00e4s diejenigen w\u00e4ren, die am 6.10. starten w\u00fcrden, anstatt Levi. <\/p>\n<p>Nachdem ich auch heute nochmals stundenlang alle Optionen durchgegangen bin .. werd ich wohl eher bei einem Mix aus 3h-Karten und tageweisem Aussetzen in Ruka bleiben und darauf hoffen, ab 18.11. mit der g\u00fcnstigen Saisonkarte f\u00fcr die 4 kleinen Skigebiete fahren zu k\u00f6nnen (also 1 Gebiet davon will am 18.11. \u00f6ffnen, keine Ahnung allerdings ob t\u00e4glich; das n\u00e4chste dann am 25.11.). <\/p>\n<p>Wenn ich diese Karte nicht gefunden h\u00e4tte und kaufen und einbeziehen w\u00fcrde, dann s\u00e4he es mit einer Saisonkarte f\u00fcr Ruka\/Pyh\u00e4 oder Levi ein bisschen interessanter aus, da ich ja sonst bis Mitte Dezember statt Mitte November zahlen m\u00fcsste. Wobei die wiederum Anfang Dezember sicherlich auch mehr zu bieten h\u00e4tten als die kleinen Gebiete bzw. als sie selbst Anfang November.<\/p>\n<p>Au\u00dfer Norwegen, insb. Solheisen und Norefjell k\u00f6nnten heuer tats\u00e4chlich Mitte November \u00f6ffnen, dann k\u00f6nnte ich ja dort mit dem Scandinavian-Skipass zumindest jeweils 5 Tage fahren; in dem Fall k\u00f6nnt ich mir den Ausflug nach Finnland im November komplett sparen. Aber falls der Saisonstart so weit s\u00fcdlich wieder so schneearm wird wie vor 2 Jahren &#8211; und ich glaub letztes Jahr sah es ja auch nicht so viel besser aus &#8211; dann lieber doch gleich Anfang Nov. nach Finnland. <\/p>\n<p>Wie schnell ich dann rauffahren werde bzw. in wieviel Tagen ich Schweden von S\u00fcd nach Nord durchqueren will, kommt dann auch aufs Wetter in Finnland an oder was dort mittlerweile offen w\u00e4re. Mit etwas Umweg k\u00f6nnte ich auch noch in K\u00e5bdalis vorbeifahren, die aber ja wieder in der Vorsaison nur Tageskarte und sonst nix verkaufen und die auch noch teurer als in der Restsaison (heuer: 470,- SEK; dank g\u00fcnstigem Kurs dzt. etwas \u00fcber 40 \u20ac).<\/p>\n<p><strong>So, 15.10.2023<\/strong><\/p>\n<p>Ratet mal &#8211; auch heute wieder Reiseplanungen. Eigentlich werd ich ja sowieso je nach Schneeh\u00f6hen, Wettermeldung und Temperaturen fahren, aber andererseits w\u00e4re es auch sinnvoll, gewisse Gebiete zu gewissen Zeiten anzufahren, da dann die Wahrscheinlichkeit h\u00f6her ist, alle Pisten ge\u00f6ffnet zu erleben. <\/p>\n<p>Zudem w\u00e4re es fahrstreckenm\u00e4\u00dfig vmtl. sinnvoll, die norwegischen Skigebiete der Saisonkarte mit den jeweils max. 5 Skitagen (Stranda, Solheisen, Norefjell) auf einer Rundfahrt zu machen. <\/p>\n<p>Wenn ich dann noch zu einer passenden Zeit in Nordnorwegen sein m\u00f6chte f\u00fcr z.B. das Skigebiet auf den Lofoten, am Glomfjord oder unterm Nordkapp, die ich ja schon auch endlich mal gerne besuchen m\u00f6chte, zudem noch ein paar Firnschneetage im April in den s\u00fcdlicheren Saisonkartengebieten usw. usf., dann wirds schon schwieriger. (Und f\u00fcr Russland h\u00e4tte ich da wohl eh auch keine Zeit mehr, so wie das ausschaut).<\/p>\n<p>Eine der k\u00fcrzesten Saisonen letzten Winter (und in dem Fall wohl kaum zuf\u00e4llig schaffbar) hatte das Skigebiet in Henningsvag kurz vorm Nordkapp: 28.3.-10.4.2023. Vorletzten Winter, 2022, konnten sie einen Monat vorher schon \u00f6ffnen &#8211; das w\u00fcrde mir diesen Winter dann passen. Ich werd mal grundlegend einplanen, dass ich Mitte\/Ende M\u00e4rz in dem Bereich sein k\u00f6nnte, wenn ich mir diesen weiten Umweg kostenm\u00e4\u00dfig wirklich antun m\u00f6chte.<\/p>\n<p>.. jedenfalls lohnt sich da keine dritte Saisonkarte, d.h. also keine zweite f\u00fcr Finnland, die um die 500 \u20ac kostet, das hab ich nun auch nochmals gemerkt. Da besuch ich lieber ein paar Fjord-\/Meerblickskigebiete in Norwegen ;)<\/p>\n<p>Der grundlegende Plan w\u00e4re jetzt also:<br \/>\n&#8211; bis ca. Mitte\/Ende Dez. Finnland<br \/>\n&#8211; je nach Schneeverh\u00e4ltnissen im S\u00fcden und je nach Temperaturen im Norden dann fr\u00fcher oder sp\u00e4ter im Dezember in die s\u00fcdlicheren Saisonkartengebiete bis ca. Mitte Feb.,<br \/>\n&#8211; dann Mitte\/Ende Feb. nochmals in den Norden<br \/>\n&#8211; Anf\/Mitte\/Ende M\u00e4rz via Norwegen K\u00fcste runter,<br \/>\n&#8211; um ca. ab Ende April bis Ende Mai wieder im Norden zu sein.<\/p>\n<p>H\u00f6rt sich nicht viel anders an, als eh schon geplant,  aber jetzt bin ich die Skigebiete, die ich besuchen will, durchgegangen, noch 2 andere M\u00f6glichkeiten durchgegangen, aber es n\u00fctzt nix, es m\u00fcssen 3 Besuche im Norden sein, wenn ich m\u00f6glichst alles m\u00f6glichst sinnvoll besuchen will. Einzige Problemstelle k\u00f6nnte mein Lieblingsskigebiet im s\u00fcdlicheren Bereich sein, also T\u00e4nn\u00e4skr\u00f6ket, zumindest dann, wenn wieder so wenig Schnee liegt, dass auch dort die Zeit, wo die sch\u00f6ne DSB-Abfahrt in Betrieb ist, kurz ist und ich evtl. gerade dann im Norden bin. Aber vielleicht hab ich ja Gl\u00fcck und es passt entweder schon im Februar oder noch im April. <\/p>\n<p>Wieviel Extra-Skigebiete ich im s\u00fcdlicheren Norwegen mitnehme (wenn ich wg. der Saisonkarte nach Norefjell komm), wird nat\u00fcrlich vom Wetter + den \u00d6ffnungen abh\u00e4ngen.<\/p>\n<p>Der Top-Skipass in K\u00e4rnten kostet diesen Winter \u00fcbrigens  724,- im Vorverkauf. Im Vorverkauf f\u00fcr Kelag-Kunden 692,- \u20ac.  Der normale Vorverkaufspreis (den auch ich bezahlt hatte) letztes Jahr war 665,- d.h. eine Steigerung von fast 9%. <\/p>\n<p>Ich werd f\u00fcr die beiden geplanten Karten in NO\/SE\/FI oder vielleicht treffender SE\/FI\/NO ca. 780,- \u20ac zahlen. Die Skistar-Saisonkarte kostet heuer im Vorverkauf ca. 687,- \u20ac bzw. Regul\u00e4r 808,- \u20ac. Ich hab 2021\/22 wohl 795,- bezahlt.<\/p>\n<p><strong>Mo, 16.10.2023<\/strong> &#8211; Tag 23<\/p>\n<p>Die Annehmlichkeiten einer Wohnung sind nun f\u00fcr die n\u00e4chsten Monate wieder vorbei, ab sofort hei\u00dft es wieder mehr oder weniger t\u00e4glich einen N\u00e4chtigungsplatz zu suchen und gratis \u00f6ffentliche Toilettenm\u00f6glichkeiten zu finden (sofern ich die im Auto nicht all zu h\u00f6ufig verwenden will) ;)<\/p>\n<p>Aber daf\u00fcr ist man halt unterwegs. Der Preis des g\u00fcnstigen Reisens.<\/p>\n<p><a href='http:\/\/extra.inmontanis.info\/d\/100688-3\/DSC07390.jpg'><img src=http:\/\/extra.inmontanis.info\/d\/100687-4\/DSC07390.jpg \/><\/a><br \/>\n^ In Seefeld heut um 10 Uhr mickrige 2\u00b0<\/p>\n<p>Vater besucht, dann \u00fcber Augsburg (Halt am KFC).<\/p>\n<p><a href='http:\/\/extra.inmontanis.info\/d\/100692-3\/DSC07392.jpg'><img src=http:\/\/extra.inmontanis.info\/d\/100691-4\/DSC07392.jpg \/><\/a><br \/>\n^ Abendd\u00e4mmerung, im Tempomt auf 85 km\/h und lauter Musik (zur Abwechslung zu den sonstigen H\u00f6rbuchern), so mag ich Autofahren am liebsten, man sieht noch was, hat eine sch\u00f6ne Lichtstimmung, die bunten Beleuchtungen usw. <\/p>\n<p>&#8230; aber nur solang&#8217;s nicht ganz dunkel ist, dann sieht man zu wenig und die Nachtplatzsuche ist schwierig. <\/p>\n<p>Lange D\u00e4mmerungszeiten werd ich jetzt in Skandinavien wieder genug haben.<\/p>\n<p>\u00dcbernachtung an einem Baggersee, morgen ca. 10min bis zu einem Rastplatz an der B2 bei Donauw\u00f6rth, wo es ein WC geben soll (und ich dann vormittags arbeite). H\u00f6rt sich doch super an.<\/p>\n<p>&#128681; Gespeicherte Geolocation &#8211; Karte anzeigen: <a href='https:\/\/www.google.com\/maps\/@?api=1&#038;map_action=map&#038;center=48.6885467,10.8328833&#038;zoom=12&#038;basemap=terrain' target=_blank> GoogleMaps<\/a> &#128681; <a href='https:\/\/www.openstreetmap.org\/?&#038;mlat=48.6885467&#038;mlon=10.8328833#map=10\/48.6885467\/10.8328833&#038;layers=P' target=_blank> OSM &#128681;<\/a><\/p>\n<p>^ boah is das geil wie einfach und zackig und gut  das funktioniert ;)<\/p>\n<p>Weniger super aber,  dass ich ja noch &#8220;hunderte&#8221; Sachen verr\u00e4umen muss, PC anschliessen usw.  &#8211; und das sah dann ziemlich schei\u00dfig alles aus. Wo ist denn der Platz &#8220;im Keller&#8221; hin, der durch die Wegnahme der Tourenski frei wurde??? Wo sollen die Lebkuchen aus N\u00fcrnberg, die Naschsachen aus CZ hin??<\/p>\n<p>Das dagegen ist ja komplett eingenartig: mein zuletzt zurecht geschnittener Fensterschaumstoff ist in den letzten 2 Wochen geschrumpft. In Hintertux hielt er noch toll am hinteren Fenster, jetzt fehlen 2-4cm an der kurzen und langen Seite, insb. an der langen, wo es zuvor ja etwas gebogen war und reinegstopft werden konnte, jetzt ist es plan und trotzdem k\u00fcrzer. H\u00e4???? Nerv!!!<\/p>\n<p>Aber im August in HIntertux h\u00e4tt ich nicht mehr Stoff dran lassen k\u00f6nnen, so gebogen war es und es musste recht eng abgeschnitten werden, damit ich das reinstopfen konnte, damit es h\u00e4lt. <\/p>\n<p>Schlussendlich hab ich dann andere Schaumstoffreste in Streifen geschnitten und 2-3 Striefen \u00fcbereinander an die Seite geklebt. So ein Schmarrn.<\/p>\n<p><strong>Di, 17.10.2023<\/strong><\/p>\n<p>Die erste Nacht f\u00fchlte sich auch k\u00e4lter an, als sie lt. Thermometer mit min. +6,8\u00b0 eigentlich war.<\/p>\n<p>Der neue Bettdecken\u00fcberzug f\u00fchlt sich zwar w\u00e4rmer an, aber die Decke bleibt trotzdem recht d\u00fcnn und im Fussberich, wenn zu viel Platz, wirds kalt. Da muss man ggf. den Schlafsack umschlagen. Obwohl ja der Fu\u00dfbereich eh der einzige Bereich ist, wo ich den Rei\u00dfverschluss geschlossen hab.<\/p>\n<p>Das WC am See war erwartungsgem\u00e4\u00df (zeit- oder saisonm\u00e4\u00dfig) geschlossen, aber weil gerade die kurze sch\u00f6ne Morgend\u00e4mmerung war, hab ich ein paar Fotos gemacht und bin noch auf den Aussichtsh\u00fcgel rauf. Dort gab es sogar etwas Frost auf dem Gras.<\/p>\n<p><a href='http:\/\/extra.inmontanis.info\/d\/100696-3\/DSC07399.jpg'><img src=http:\/\/extra.inmontanis.info\/d\/100695-4\/DSC07399.jpg \/><\/a><br \/>\n^ See bei Morgend\u00e4mmerung<\/p>\n<p><a href='http:\/\/extra.inmontanis.info\/d\/100700-3\/DSC07402.jpg'><img src=http:\/\/extra.inmontanis.info\/d\/100699-4\/DSC07402.jpg \/><\/a><br \/>\n^ See bei Morgend\u00e4mmerung<\/p>\n<p><a href='http:\/\/extra.inmontanis.info\/d\/100704-3\/DSC07404.jpg'><img src=http:\/\/extra.inmontanis.info\/d\/100703-4\/DSC07404.jpg \/><\/a><br \/>\n^ Aussichtsh\u00fcgel<\/p>\n<p><a href='http:\/\/extra.inmontanis.info\/d\/100708-3\/DSC07405.jpg'><img src=http:\/\/extra.inmontanis.info\/d\/100707-4\/DSC07405.jpg \/><\/a><br \/>\n^ Aussichtsh\u00fcgel<\/p>\n<p><a href='http:\/\/extra.inmontanis.info\/d\/100712-3\/DSC07407.jpg'><img src=http:\/\/extra.inmontanis.info\/d\/100711-4\/DSC07407.jpg \/><\/a><br \/>\n^ Aussichtsh\u00fcgel<\/p>\n<p>Dann also doch zum B2-DixiWC-Rastplatz Donauw\u00f6rth und sp\u00e4ter nach Wei\u00dfenburg und da ins kostenlose (!) Altstadt-Parkhaus.<br \/>\n&#128681; Gespeicherte Geolocation &#8211; Karte anzeigen: <a href='https:\/\/www.google.com\/maps\/@?api=1&#038;map_action=map&#038;center=49.0304851,10.971006&#038;zoom=12&#038;basemap=terrain' target=_blank> GoogleMaps<\/a> &#128681; <a href='https:\/\/www.openstreetmap.org\/?&#038;mlat=49.0304851&#038;mlon=10.971006#map=10\/49.0304851\/10.971006&#038;layers=P' target=_blank> OSM &#128681;<\/a><\/p>\n<p>Karpfen h\u00e4tts hier zwar wohl gegeben, aber schon arg teuer  (zumindest teils \u00fcber 20 \u20ac). Da ich nicht wusste, ob das Regelpreise, teure oder g\u00fcnstige sind, eine Wirtschaft sowieso zu hatte, hab ich nur beim Metzger eine Bratwurstsemmel um 2,50 im Vorbeigehen gekauft. War allerdings nur eine einzige Bratwurst, daf\u00fcr etwas dicker.<\/p>\n<p>Das R\u00f6mermuseum kostete 6,-  und ist kleiner, aber doch eine interessante Erg\u00e4nzung zu Vindolanda letztes Jahr in England:<br \/>\n<a href='http:\/\/blog.inmontanis.info\/?p=7860'>http:\/\/blog.inmontanis.info\/?p=7860<\/a><\/p>\n<p><a href='http:\/\/extra.inmontanis.info\/d\/100428-2\/DSC07410.jpg'><img src=http:\/\/extra.inmontanis.info\/d\/100426-3\/DSC07410.jpg \/><\/a><br \/>\n^ Wei\u00dfenburg Ellinger Tor<\/p>\n<p><a href='http:\/\/extra.inmontanis.info\/d\/100432-2\/DSC07413.jpg'><img src=http:\/\/extra.inmontanis.info\/d\/100431-3\/DSC07413.jpg \/><\/a><br \/>\n^ Altstadt<\/p>\n<p><a href='http:\/\/extra.inmontanis.info\/d\/100436-2\/DSC07414.jpg'><img src=http:\/\/extra.inmontanis.info\/d\/100435-3\/DSC07414.jpg \/><\/a><br \/>\n^ Altstadt<\/p>\n<p><a href='http:\/\/extra.inmontanis.info\/d\/100440-2\/DSC07423.jpg'><img src=http:\/\/extra.inmontanis.info\/d\/100439-3\/DSC07423.jpg \/><\/a><br \/>\n^ R\u00f6mermuseum \/ B\u00fcrgerrechtsurkunde aus Bronze<\/p>\n<p><a href='http:\/\/extra.inmontanis.info\/d\/100444-2\/DSC07424.jpg'><img src=http:\/\/extra.inmontanis.info\/d\/100443-3\/DSC07424.jpg \/><\/a><br \/>\n^ Infos zum damaligen Reiseverkehr<\/p>\n<p><a href='http:\/\/extra.inmontanis.info\/d\/100448-2\/DSC07426.jpg'><img src=http:\/\/extra.inmontanis.info\/d\/100447-3\/DSC07426.jpg \/><\/a><br \/>\n^ Die riesigen Ausdehnungen des damaligen r\u00f6mischen Reiches und die Handelswege<\/p>\n<p><a href='http:\/\/extra.inmontanis.info\/d\/100452-2\/DSC07427.jpg'><img src=http:\/\/extra.inmontanis.info\/d\/100451-3\/DSC07427.jpg \/><\/a><br \/>\n^ Fundst\u00fccke<\/p>\n<p><a href='http:\/\/extra.inmontanis.info\/d\/100456-2\/DSC07429.jpg'><img src=http:\/\/extra.inmontanis.info\/d\/100455-3\/DSC07429.jpg \/><\/a><br \/>\n^ Klappma\u00dfstab<\/p>\n<p><a href='http:\/\/extra.inmontanis.info\/d\/100460-2\/DSC07430.jpg'><img src=http:\/\/extra.inmontanis.info\/d\/100459-3\/DSC07430.jpg \/><\/a><br \/>\n^ L\u00f6ffel<\/p>\n<p><a href='http:\/\/extra.inmontanis.info\/d\/100464-2\/DSC07432.jpg'><img src=http:\/\/extra.inmontanis.info\/d\/100463-3\/DSC07432.jpg \/><\/a><br \/>\n^ Ger\u00e4tegriffe ais Knochen<\/p>\n<p><a href='http:\/\/extra.inmontanis.info\/d\/100468-2\/DSC07435.jpg'><img src=http:\/\/extra.inmontanis.info\/d\/100467-3\/DSC07435.jpg \/><\/a><br \/>\n^ M\u00fcnzen und Oberarmgeldb\u00f6rse<\/p>\n<p><a href='http:\/\/extra.inmontanis.info\/d\/100472-2\/DSC07438.jpg'><img src=http:\/\/extra.inmontanis.info\/d\/100471-3\/DSC07438.jpg \/><\/a><br \/>\n^ Schmuckst\u00fccke<\/p>\n<p><a href='http:\/\/extra.inmontanis.info\/d\/100476-2\/DSC07442.jpg'><img src=http:\/\/extra.inmontanis.info\/d\/100475-3\/DSC07442.jpg \/><\/a><br \/>\n^ Abfluss-Funde<\/p>\n<p><a href='http:\/\/extra.inmontanis.info\/d\/100480-2\/DSC07444.jpg'><img src=http:\/\/extra.inmontanis.info\/d\/100479-3\/DSC07444.jpg \/><\/a><br \/>\n^ Das Kastell (Kaserne) bei Wei\u00dfenburg<\/p>\n<p><a href='http:\/\/extra.inmontanis.info\/d\/100484-2\/DSC07447.jpg'><img src=http:\/\/extra.inmontanis.info\/d\/100483-3\/DSC07447.jpg \/><\/a><br \/>\n^ Fensterglas<\/p>\n<p><a href='http:\/\/extra.inmontanis.info\/d\/100488-2\/DSC07448.jpg'><img src=http:\/\/extra.inmontanis.info\/d\/100487-3\/DSC07448.jpg \/><\/a><br \/>\n^ Abflusssieb<\/p>\n<p><a href='http:\/\/extra.inmontanis.info\/d\/100492-2\/DSC07449.jpg'><img src=http:\/\/extra.inmontanis.info\/d\/100491-3\/DSC07449.jpg \/><\/a><br \/>\n^ Bei den Inschriften wurden die W\u00f6rter immer stark abgek\u00fcrzt<\/p>\n<p><a href='http:\/\/extra.inmontanis.info\/d\/100496-2\/DSC07453.jpg'><img src=http:\/\/extra.inmontanis.info\/d\/100495-3\/DSC07453.jpg \/><\/a><br \/>\n^ Wachstafelgriffel und Schutzkapseln f\u00fcr Wachssiegel aus dem 2.\/3. Jhdt., wie die anderen Sachen auch<\/p>\n<p><a href='http:\/\/extra.inmontanis.info\/d\/100500-2\/DSC07454.jpg'><img src=http:\/\/extra.inmontanis.info\/d\/100499-3\/DSC07454.jpg \/><\/a><br \/>\n^ Nadeldruck ;)<\/p>\n<p><a href='http:\/\/extra.inmontanis.info\/d\/100504-2\/DSC07457.jpg'><img src=http:\/\/extra.inmontanis.info\/d\/100503-3\/DSC07457.jpg \/><\/a><br \/>\n^ Viel Krieg gabs hier nicht<\/p>\n<p><a href='http:\/\/extra.inmontanis.info\/d\/100508-2\/DSC07458.jpg'><img src=http:\/\/extra.inmontanis.info\/d\/100507-3\/DSC07458.jpg \/><\/a><br \/>\n^ <\/p>\n<p><a href='http:\/\/extra.inmontanis.info\/d\/100512-2\/DSC07461.jpg'><img src=http:\/\/extra.inmontanis.info\/d\/100511-3\/DSC07461.jpg \/><\/a><br \/>\n^ Schl\u00fcssel<\/p>\n<p><a href='http:\/\/extra.inmontanis.info\/d\/100516-2\/DSC07463.jpg'><img src=http:\/\/extra.inmontanis.info\/d\/100515-3\/DSC07463.jpg \/><\/a><br \/>\n^ Die unkultivierten Germanen ..<\/p>\n<p><a href='http:\/\/extra.inmontanis.info\/d\/100520-2\/DSC07464.jpg'><img src=http:\/\/extra.inmontanis.info\/d\/100519-3\/DSC07464.jpg \/><\/a><br \/>\n^ .. und die kultivierten R\u00f6mer.<\/p>\n<p><a href='http:\/\/extra.inmontanis.info\/d\/100524-2\/DSC07471.jpg'><img src=http:\/\/extra.inmontanis.info\/d\/100523-3\/DSC07471.jpg \/><\/a><br \/>\n^ Die Germanen hatten einen Einfall. Vielleicht waren sie neidisch auf die kultivierten R\u00f6mer? Da hat wohl jemand seinen Garten nicht genug vom Dschungel drumherum gesch\u00fctzt.<\/p>\n<p><a href='http:\/\/extra.inmontanis.info\/d\/100528-2\/DSC07477.jpg'><img src=http:\/\/extra.inmontanis.info\/d\/100527-3\/DSC07477.jpg \/><\/a><br \/>\n^ Ein Klappstuhl aus Eisen und Bronze. Was es nicht alles schon gab, damals. Eigentlich ein Wunder, dass die R\u00f6mer damals nicht auch noch Dampfmaschine und Strom erfanden..<\/p>\n<p><a href='http:\/\/extra.inmontanis.info\/d\/100532-2\/DSC07480.jpg'><img src=http:\/\/extra.inmontanis.info\/d\/100531-3\/DSC07480.jpg \/><\/a><br \/>\n^ Weinamphoren<\/p>\n<p><a href='http:\/\/extra.inmontanis.info\/d\/100536-2\/DSC07484.jpg'><img src=http:\/\/extra.inmontanis.info\/d\/100535-3\/DSC07484.jpg \/><\/a><br \/>\n^ Kleine Statuen<\/p>\n<p><a href='http:\/\/extra.inmontanis.info\/d\/100540-2\/DSC07485.jpg'><img src=http:\/\/extra.inmontanis.info\/d\/100539-3\/DSC07485.jpg \/><\/a><br \/>\n^ Kleine Statuen<\/p>\n<p><a href='http:\/\/extra.inmontanis.info\/d\/100544-2\/DSC07487.jpg'><img src=http:\/\/extra.inmontanis.info\/d\/100543-3\/DSC07487.jpg \/><\/a><br \/>\n^ Noch mehr Kleine Statuen<\/p>\n<p><a href='http:\/\/extra.inmontanis.info\/d\/100548-2\/DSC07489.jpg'><img src=http:\/\/extra.inmontanis.info\/d\/100547-3\/DSC07489.jpg \/><\/a><br \/>\n^ .. die M\u00e4nner sind fast alle nackt. Und wie das restliche Zeug soll das ja auch alles vom 2.\/3. Jahrhundert oder so sein.<\/p>\n<p><a href='http:\/\/extra.inmontanis.info\/d\/100552-2\/DSC07494.jpg'><img src=http:\/\/extra.inmontanis.info\/d\/100551-3\/DSC07494.jpg \/><\/a><br \/>\n^ Info dazu<\/p>\n<p><a href='http:\/\/extra.inmontanis.info\/d\/100556-2\/DSC07495.jpg'><img src=http:\/\/extra.inmontanis.info\/d\/100555-3\/DSC07495.jpg \/><\/a><br \/>\n^ Kleine Statuen<\/p>\n<p>F\u00fcr die Therme um 4,- (anderer Standort, Fu\u00dfweg) hatte ich nicht mehr viel Zeit, aber das hatte locker gereicht. Allerdings war ich fussm\u00e4\u00dfig nun schon arg kaputt.<\/p>\n<p><a href='http:\/\/extra.inmontanis.info\/d\/100560-2\/DSC07496.jpg'><img src=http:\/\/extra.inmontanis.info\/d\/100559-3\/DSC07496.jpg \/><\/a><br \/>\n^ Infotafel zum Kastell<\/p>\n<p><a href='http:\/\/extra.inmontanis.info\/d\/100564-2\/DSC07497.jpg'><img src=http:\/\/extra.inmontanis.info\/d\/100563-3\/DSC07497.jpg \/><\/a><br \/>\n^ Kastell<\/p>\n<p><a href='http:\/\/extra.inmontanis.info\/d\/100568-2\/DSC07498.jpg'><img src=http:\/\/extra.inmontanis.info\/d\/100567-3\/DSC07498.jpg \/><\/a><br \/>\n^ Kastell<\/p>\n<p><a href='http:\/\/extra.inmontanis.info\/d\/100572-2\/DSC07499.jpg'><img src=http:\/\/extra.inmontanis.info\/d\/100571-3\/DSC07499.jpg \/><\/a><br \/>\n^ Kastell; die digitale Rekonstruktionen links schauen ja aus wie moderne Geb\u00e4ude. Kaum vorstellbar..<\/p>\n<p><a href='http:\/\/extra.inmontanis.info\/d\/100576-2\/DSC07508.jpg'><img src=http:\/\/extra.inmontanis.info\/d\/100575-3\/DSC07508.jpg \/><\/a><br \/>\n^ Therme, Modell<\/p>\n<p><a href='http:\/\/extra.inmontanis.info\/d\/100580-2\/DSC07509.jpg'><img src=http:\/\/extra.inmontanis.info\/d\/100579-3\/DSC07509.jpg \/><\/a><br \/>\n^ Therme, Fundst\u00fccke<\/p>\n<p><a href='http:\/\/extra.inmontanis.info\/d\/100584-2\/DSC07512.jpg'><img src=http:\/\/extra.inmontanis.info\/d\/100583-3\/DSC07512.jpg \/><\/a><br \/>\n^ Erhitzung Wasser usw.<\/p>\n<p><a href='http:\/\/extra.inmontanis.info\/d\/100588-2\/DSC07514.jpg'><img src=http:\/\/extra.inmontanis.info\/d\/100587-3\/DSC07514.jpg \/><\/a><br \/>\n^ <\/p>\n<p><a href='http:\/\/extra.inmontanis.info\/d\/100592-2\/DSC07516.jpg'><img src=http:\/\/extra.inmontanis.info\/d\/100591-3\/DSC07516.jpg \/><\/a><br \/>\n^ <\/p>\n<p><a href='http:\/\/extra.inmontanis.info\/d\/100596-2\/DSC07518.jpg'><img src=http:\/\/extra.inmontanis.info\/d\/100595-3\/DSC07518.jpg \/><\/a><br \/>\n^ <\/p>\n<p><a href='http:\/\/extra.inmontanis.info\/d\/100600-2\/DSC07520.jpg'><img src=http:\/\/extra.inmontanis.info\/d\/100599-3\/DSC07520.jpg \/><\/a><br \/>\n^ <\/p>\n<p><a href='http:\/\/extra.inmontanis.info\/d\/100604-2\/DSC07521.jpg'><img src=http:\/\/extra.inmontanis.info\/d\/100603-3\/DSC07521.jpg \/><\/a><br \/>\n^ <\/p>\n<p><a href='http:\/\/extra.inmontanis.info\/d\/100608-2\/DSC07524.jpg'><img src=http:\/\/extra.inmontanis.info\/d\/100607-3\/DSC07524.jpg \/><\/a><br \/>\n^ Darstellung der Fu\u00dfboden \/ Hypokaustheizung<\/p>\n<p><a href='http:\/\/extra.inmontanis.info\/d\/100612-2\/DSC07526.jpg'><img src=http:\/\/extra.inmontanis.info\/d\/100611-3\/DSC07526.jpg \/><\/a><br \/>\n^ <\/p>\n<p><a href='http:\/\/extra.inmontanis.info\/d\/100616-2\/DSC07528.jpg'><img src=http:\/\/extra.inmontanis.info\/d\/100615-3\/DSC07528.jpg \/><\/a><br \/>\n^ So soll das ausgesehen haben? Schaut ja ganz modern aus?! Kaum vorstellbar&#8230;<\/p>\n<p><a href='http:\/\/extra.inmontanis.info\/d\/100620-2\/DSC07529.jpg'><img src=http:\/\/extra.inmontanis.info\/d\/100619-3\/DSC07529.jpg \/><\/a><br \/>\n^ Boden<\/p>\n<p><a href='http:\/\/extra.inmontanis.info\/d\/100624-2\/DSC07531.jpg'><img src=http:\/\/extra.inmontanis.info\/d\/100623-3\/DSC07531.jpg \/><\/a><br \/>\n^ <\/p>\n<p><a href='http:\/\/extra.inmontanis.info\/d\/100628-2\/DSC07534.jpg'><img src=http:\/\/extra.inmontanis.info\/d\/100627-3\/DSC07534.jpg \/><\/a><br \/>\n^ <\/p>\n<p><a href='http:\/\/extra.inmontanis.info\/d\/100632-3\/DSC07536.jpg'><img src=http:\/\/extra.inmontanis.info\/d\/100631-4\/DSC07536.jpg \/><\/a><br \/>\n^ Schei\u00dfhaus ;)<\/p>\n<p><a href='http:\/\/extra.inmontanis.info\/d\/100636-3\/DSC07538.jpg'><img src=http:\/\/extra.inmontanis.info\/d\/100635-4\/DSC07538.jpg \/><\/a><br \/>\n^ Abwasserkan\u00e4le<\/p>\n<p><a href='http:\/\/extra.inmontanis.info\/d\/100640-3\/DSC07542.jpg'><img src=http:\/\/extra.inmontanis.info\/d\/100639-4\/DSC07542.jpg \/><\/a><br \/>\n^ <\/p>\n<p><a href='http:\/\/extra.inmontanis.info\/d\/100644-3\/DSC07545.jpg'><img src=http:\/\/extra.inmontanis.info\/d\/100643-4\/DSC07545.jpg \/><\/a><br \/>\n^ <\/p>\n<p><a href='http:\/\/extra.inmontanis.info\/d\/100648-3\/DSC07548.jpg'><img src=http:\/\/extra.inmontanis.info\/d\/100647-4\/DSC07548.jpg \/><\/a><br \/>\n^ <\/p>\n<p><a href='http:\/\/extra.inmontanis.info\/d\/100652-3\/DSC07549.jpg'><img src=http:\/\/extra.inmontanis.info\/d\/100651-4\/DSC07549.jpg \/><\/a><br \/>\n^ Wieder 2 Bilder, wo man sich kaum vorstellen kann, dass das vor ca. 1800 Jahren tats\u00e4chlich so ausgesehen haben soll, weil es viel zu modern wirkt..<\/p>\n<p><a href='http:\/\/extra.inmontanis.info\/d\/100656-3\/DSC07554.jpg'><img src=http:\/\/extra.inmontanis.info\/d\/100655-4\/DSC07554.jpg \/><\/a><br \/>\n^ <\/p>\n<p><a href='http:\/\/extra.inmontanis.info\/d\/100660-3\/DSC07556.jpg'><img src=http:\/\/extra.inmontanis.info\/d\/100659-4\/DSC07556.jpg \/><\/a><br \/>\n^ Kastell<\/p>\n<p><a href='http:\/\/extra.inmontanis.info\/d\/100664-3\/DSC07559.jpg'><img src=http:\/\/extra.inmontanis.info\/d\/100663-4\/DSC07559.jpg \/><\/a><br \/>\n^ Kastell; leider sa\u00dfen rechts zwei; man sieht den bemalten Putz, wie er gewesen sein soll, kaum.<\/p>\n<p><a href='http:\/\/extra.inmontanis.info\/d\/100668-3\/DSC07560.jpg'><img src=http:\/\/extra.inmontanis.info\/d\/100667-4\/DSC07560.jpg \/><\/a><br \/>\n^ Kastell<\/p>\n<p>Abends h\u00e4tt ich noch an ein paar Restaurants halten wollen, um die Speisekarte au\u00dfen anzusehen, ob Karpfen und wie teuer, aber die deutschen Restaurants auf dem Weg waren alle heute oder generell geschlossen.<\/p>\n<p><a href='http:\/\/extra.inmontanis.info\/d\/100716-3\/DSC07564.jpg'><img src=http:\/\/extra.inmontanis.info\/d\/100715-4\/DSC07564.jpg \/><\/a><br \/>\n^ Auch Deutschland ist mehr und mehr von einem Verfall gekennzeichnet. Schlecker gibts ja auch schon laaang nicht mehr<\/p>\n<p>Somit hatte ich heute die Wahl zwischen eineinhalb Semmeln von gestern plus Wurstdose oder schon die Packung kartoffelsalat (wollt ich mir noch etwas aufheben) oder eins von zwei Fertiggerichten, die ich noch hatte, oder einer Portion Nudeln ohne Sauce au\u00dfer BBQ-Ketchup (und\/oder ein Glas Brechbohnen) &#8230;<br \/>\n&#8230; oder einem anderen N\u00e4chtigungsplatz. Sonderlich geil ist der hier ja nicht, sehr schr\u00e4g. Und 50min morgen fr\u00fch zu einem Friedhof, wo ein WC sein soll, falls man es br\u00e4uchte und wo man sonst auch n\u00e4chtigen k\u00f6nnen sollte.<\/p>\n<p>Ich a\u00df das Fertiggericht. Wieder mal Satay (aus Frankreich) leider ohne Erdn\u00fcsse.<\/p>\n<p>&#8211; &#8211;<br \/>\nAngestaute Links der letzten Wochen:<\/p>\n<blockquote><p>\n&#8220;Wir wollen in einer offenen, vernetzten Welt leben, in der niemand jemals versuchen wird, k\u00fcnstliche Barrieren f\u00fcr die Kommunikation, die kreative Verwirklichung und den Wohlstand der Menschen zu errichten.&#8221;<br \/>\n&#8220;Es muss verboten sein, irgendeinem Land oder Volk vorzuschreiben, wie es zu leben und zu f\u00fchlen hat.&#8221;<br \/>\n&#8220;Niemand hat das Recht, niemand darf die Welt f\u00fcr andere oder im Namen anderer regieren.&#8221;<br \/>\n&#8220;Wir sind f\u00fcr universelle Sicherheit und dauerhaften Frieden, der auf der Achtung der Interessen aller beruht&#8221;<br \/>\n&#8220;Wir sind f\u00fcr Gerechtigkeit f\u00fcr alle. Die \u00c4ra der Ausbeutung von wem auch immer, ich habe das schon zweimal gesagt, ist vorbei. &#8221;<br \/>\n&#8220;Wir sind f\u00fcr Gleichheit, f\u00fcr die unterschiedlichen Potenziale der verschiedenen L\u00e4nder&#8221;\n<\/p><\/blockquote>\n<p>^ das war die Grundsatzrede von Putin:<br \/>\n<a href='https:\/\/www.anti-spiegel.ru\/2023\/putins-grundsatzrede-ueber-eine-neue-weltordnung\/'>https:\/\/www.anti-spiegel.ru\/2023\/putins-grundsatzrede-ueber-eine-neue-weltordnung\/<\/a><\/p>\n<p>Alternative \u00dcbersetzung:<br \/>\n<a href='https:\/\/www.nachdenkseiten.de\/?p=104806'>https:\/\/www.nachdenkseiten.de\/?p=104806<\/a><\/p>\n<p>.. und \u00fcber Atomwaffen sagte er:<br \/>\n<a href='https:\/\/www.anti-spiegel.ru\/2023\/putin-im-o-ton-ueber-atomwaffen-und-die-eskalation-des-westens\/'>https:\/\/www.anti-spiegel.ru\/2023\/putin-im-o-ton-ueber-atomwaffen-und-die-eskalation-des-westens\/<\/a><br \/>\n.. und zu einem EU-Beitritt der Ukraine:<br \/>\n<a href='https:\/\/www.anti-spiegel.ru\/2023\/putin-im-o-ton-ueber-einen-moeglichen-eu-beitritt-der-ukraine\/'>https:\/\/www.anti-spiegel.ru\/2023\/putin-im-o-ton-ueber-einen-moeglichen-eu-beitritt-der-ukraine\/<\/a><br \/>\n&#8220;Sind die europ\u00e4ischen L\u00e4nder bereit, so eine Wirtschaft aufzunehmen? Sollen sie doch. Wir waren nie dagegen, auch nicht vor der Eskalation der Krise, und wir sind auch jetzt nicht dagegen.&#8221;<\/p>\n<p>Eigentlich m\u00fcsste das ein Augen-\u00d6ffner sein f\u00fcr alle Mainstream-verseuchten Gehirne, wo man sich entweder denken sollte: &#8220;Also irgendwer l\u00fcgt da. Entweder die Mainstream-Medien und -Politiker mit dem erzeugten Bild von Putin oder Putin selbst. Wenn letzteres, wieso sollte ich dann anderen (westlichen) Politikeraussagen mehr bzw. \u00fcberhaupt noch glauben?  Und wenn ersteres, wieso sollte ich dann \u00fcberhaupt noch glauben, was Mainstream-Medien und -Politiker von sich geben, wenn sie mir bei Putin so ein anderes Bild in den Kopf gepflanzt haben?&#8221; &#8230;<\/p>\n<p>Naja, deutsche Politiker .. die l\u00fcgen ja auch das Gelbe und Blaue vom Himmel&#8230;<br \/>\n<a href='https:\/\/www.anti-spiegel.ru\/2023\/die-kriegsluegen-deutscher-politiker-am-beispiel-von-strack-zimmermann\/'>https:\/\/www.anti-spiegel.ru\/2023\/die-kriegsluegen-deutscher-politiker-am-beispiel-von-strack-zimmermann\/<\/a><\/p>\n<p>Betreffend Klima-L\u00fcge:<br \/>\n<a href='https:\/\/www.anti-spiegel.ru\/2023\/die-nackten-zahlen-zeigen-dass-die-klimadebatte-volksverdummung-ist\/'>https:\/\/www.anti-spiegel.ru\/2023\/die-nackten-zahlen-zeigen-dass-die-klimadebatte-volksverdummung-ist\/<\/a><br \/>\n.. und wer daran verdient:<br \/>\n<a href='https:\/\/www.anti-spiegel.ru\/2023\/journalisten-sollen-klima-panik-schueren\/'>https:\/\/www.anti-spiegel.ru\/2023\/journalisten-sollen-klima-panik-schueren\/<\/a><\/p>\n<p>Auch sch\u00f6n geschrieben:<br \/>\n&#8220;Sind die Gr\u00fcnen so bl\u00f6d, dass sie nicht verstehen, wie sehr sie sich selbst widersprechen, wenn sie Waffen und die Abkehr vom russischen Gas fordern, was den CO2-Aussto\u00df nur erh\u00f6ht? Oder glauben die Gr\u00fcnen ihre eigene CO2-Saga selbst nicht?&#8221;<br \/>\n<a href='https:\/\/www.anti-spiegel.ru\/2023\/warum-die-bundesregierung-offenbar-selbst-nicht-an-den-co2-gemachten-klimawandel-glaubt\/'>https:\/\/www.anti-spiegel.ru\/2023\/warum-die-bundesregierung-offenbar-selbst-nicht-an-den-co2-gemachten-klimawandel-glaubt\/<\/a><\/p>\n<p>Und wer noch immer Spiegel liest:<br \/>\n&#8220;Diese Beispiele zeigen, wie unterschiedlich der Spiegel \u00fcber die Bombardierung von Zivilisten berichtet: Wenn es um die Ukraine geht, sind die \u00dcberschriften emotional und der angebliche T\u00e4ter Russland wird bei jeder Gelegenheit genannt, auch, wenn sich herausstellt, dass Kiew seine eigenen Zivilisten bombardiert hat, um die Bitten um westliche Unterst\u00fctzung zu untermauern. Wenn Israel hingegen Zivilisten in Gaza abschlachtet, vermeidet es der Spiegel tunlichst, Israel \u00fcberhaupt zu erw\u00e4hnen.&#8221;<br \/>\n<a href='https:\/\/www.anti-spiegel.ru\/2023\/wie-der-spiegel-seinen-lesern-in-zeiten-des-krieges-die-welt-erklaert\/'>https:\/\/www.anti-spiegel.ru\/2023\/wie-der-spiegel-seinen-lesern-in-zeiten-des-krieges-die-welt-erklaert\/<\/a><\/p>\n<p>Ende.<\/p>\n","protected":false},"excerpt":{"rendered":"<p>Do, 5.10.2023<\/p>\n<p>W\u00e4hrend Pitztaler dank Gletscher+Depotschnee ja schon offen hat, wollen&#8217;s am Kaunertaler dank Depotschnee (ohne Gletscher) am WE starten; in S\u00f6lden auch (hat sp\u00e4ter aber verschoben). Stubai? Hat mal wieder verpennt und die \u00d6ffnung auf &#8220;vorerst&#8221; 20.10. verschoben ;)<\/p>\n<p>Jedenfalls nochmals froh dar\u00fcber, nicht den Go-Pass gekauft zu haben &#8211; am M\u00f6lltaler ja momentan <a href=\"http:\/\/blog.inmontanis.info\/?p=9473\">[&#8230;]<\/a><\/p>\n","protected":false},"author":1,"featured_media":9475,"comment_status":"closed","ping_status":"closed","sticky":false,"template":"","format":"standard","meta":{"footnotes":""},"categories":[912,12,59,32],"tags":[51,36,45],"class_list":["post-9473","post","type-post","status-publish","format-standard","has-post-thumbnail","hentry","category-2023-09-2024-xx-skandinavien","category-germany","category-nostalgie","category-lostplaces","tag-architektur","tag-castle","tag-see","odd"],"_links":{"self":[{"href":"http:\/\/blog.inmontanis.info\/index.php?rest_route=\/wp\/v2\/posts\/9473","targetHints":{"allow":["GET"]}}],"collection":[{"href":"http:\/\/blog.inmontanis.info\/index.php?rest_route=\/wp\/v2\/posts"}],"about":[{"href":"http:\/\/blog.inmontanis.info\/index.php?rest_route=\/wp\/v2\/types\/post"}],"author":[{"embeddable":true,"href":"http:\/\/blog.inmontanis.info\/index.php?rest_route=\/wp\/v2\/users\/1"}],"replies":[{"embeddable":true,"href":"http:\/\/blog.inmontanis.info\/index.php?rest_route=%2Fwp%2Fv2%2Fcomments&post=9473"}],"version-history":[{"count":2,"href":"http:\/\/blog.inmontanis.info\/index.php?rest_route=\/wp\/v2\/posts\/9473\/revisions"}],"predecessor-version":[{"id":9476,"href":"http:\/\/blog.inmontanis.info\/index.php?rest_route=\/wp\/v2\/posts\/9473\/revisions\/9476"}],"wp:featuredmedia":[{"embeddable":true,"href":"http:\/\/blog.inmontanis.info\/index.php?rest_route=\/wp\/v2\/media\/9475"}],"wp:attachment":[{"href":"http:\/\/blog.inmontanis.info\/index.php?rest_route=%2Fwp%2Fv2%2Fmedia&parent=9473"}],"wp:term":[{"taxonomy":"category","embeddable":true,"href":"http:\/\/blog.inmontanis.info\/index.php?rest_route=%2Fwp%2Fv2%2Fcategories&post=9473"},{"taxonomy":"post_tag","embeddable":true,"href":"http:\/\/blog.inmontanis.info\/index.php?rest_route=%2Fwp%2Fv2%2Ftags&post=9473"}],"curies":[{"name":"wp","href":"https:\/\/api.w.org\/{rel}","templated":true}]}}