{"id":9452,"date":"2023-09-30T18:27:45","date_gmt":"2023-09-30T16:27:45","guid":{"rendered":"http:\/\/blog.inmontanis.info\/?p=9452"},"modified":"2023-10-05T14:40:21","modified_gmt":"2023-10-05T12:40:21","slug":"saisonruckblick-2022-2023","status":"publish","type":"post","link":"http:\/\/blog.inmontanis.info\/?p=9452","title":{"rendered":"Saisonr\u00fcckblick 2022\/2023"},"content":{"rendered":"<p><em>(Da sich meine Saisonz\u00e4hlweise historisch bedingt nach den Saisonkartenzeitr\u00e4umen in Tirol richtet, hab ich die alte Saison wieder mit Ende September abgeschlossen&#8230;)<\/em><\/p>\n<p><strong>Saisonzeitraum: 1.10.2022 &#8211; 30.9.2023<\/strong> (&#8220;Erstes Nach-Coronama\u00dfnahmen-Jahr&#8221;)<\/p>\n<p><strong>Anzahl Skitage: 179<\/strong> (Inkl. ggf. Nachtskitage und Skitouren, diesmal weder noch)<br \/>\n(+33 Tage im Vgl. zum <a href='http:\/\/blog.inmontanis.info\/?p=7925'>Vorjahr<\/a>; Vorjahre: siehe Statistik auf <a href='http:\/\/blog.inmontanis.info\/?p=8342#st2'>http:\/\/blog.inmontanis.info\/?p=8342#st2<\/a>)<\/p>\n<p><strong>Anzahl Stunden: 761<\/strong>  (Vorjahre: 598 | 481 | 516 | 581 | 564 | 611 | 559 | 647 | 556 | 591 | 485)<br \/>\n<strong>Anzahl Skigebiete: ca. 67<\/strong> (Vorjahre: siehe Statistik auf <a href='http:\/\/blog.inmontanis.info\/?p=8342#st2'>http:\/\/blog.inmontanis.info\/?p=8342#st2<\/a>)<br \/>\n(F\u00fcr mich) &#8211;  <strong>neue Skigebiete: ca. 23 <\/strong> (Vorjahre: siehe Statistik auf <a href='http:\/\/blog.inmontanis.info\/?p=8342#st2'>http:\/\/blog.inmontanis.info\/?p=8342#st2<\/a>)<br \/>\n(Somit aktueller Stand jemals besuchter Skigebiete &#8211; je nach Z\u00e4hlweise &#8211; <strong>ca. 713<\/strong>)<br \/>\n<strong>Gefahrene Distanz (Ski): ca. 4.900 km, ca. 850.000 hm<\/strong><br \/>\n<strong>Anzahl L\u00e4nder:  4<\/strong> (\u00d6sterreich, Italien, Frankreich, Schweiz) (Vorjahre: siehe Statistik auf <a href='http:\/\/blog.inmontanis.info\/?p=8342#st2'>http:\/\/blog.inmontanis.info\/?p=8342#st2<\/a>)<\/p>\n<p><strong>Skipasskosten gesamt (inkl. Saisonkarten): \u20ac 2.228,- (+144,- im Vgl. zum Vorjahr) -> pro Tag \u20ac 12,45<\/strong> (vorherige Saisonen: 14,27 | 30,27 | 20,30 \/ 22,25 \/ 20,41 | 18,74 | 17,87), am meisten f\u00fcr Skip\u00e4sse ausgegeben in \u00d6sterreich, \u20ac 1.213,- <\/p>\n<p><strong>Monatsaufteilung:<\/strong><br \/>\nsiehe Statistik auf <a href='http:\/\/blog.inmontanis.info\/?p=8342#st4'>http:\/\/blog.inmontanis.info\/?p=8342#st4<\/a><\/p>\n<p><strong>Positiv \/ Negativ:<\/strong><\/p>\n<p>+ der Winter verlief in den 4 besuchten L\u00e4ndern wieder ohne Coronama\u00dfnahmen<\/p>\n<p>+ neuer pers\u00f6nlicher Rekord mit 179 Skitagen<\/p>\n<p>+ durch Campingpl\u00e4tze und Freistehen heuer noch g\u00fcnstiger \u00fcbernachtet als zuletzt in Schweden, da wg. geringerer K\u00e4lte auch seltener Campingpl\u00e4tze ben\u00f6tigt<\/p>\n<p>+ mit dem Kauf der (f\u00fcr \u00d6sterreich recht g\u00fcnstigen, sowie auch gro\u00dfen) Topski-K\u00e4rnten-Saisonkarte etliche neue Skigebiete in meiner neuen Heimat erkundet und auch etliche sch\u00f6ne Skigebiete gefunden<\/p>\n<p>+- Zwar immer noch genug Schlepplifte, aber schon mehr st\u00f6rende moderne Lifte als die letzten 2 Winter in Schweden<\/p>\n<p>&#8211; Sonniger Januar, aber Fr\u00fchjahr dann leider sehr durchwachsen, leider wieder arg wenig (gute) Firnschneetage<\/p>\n<p>&#8211; Viele kalte Tage im Winter, wo ich mir gedacht hatte &#8220;na so viel k\u00e4lter war&#8217;s letztes Jahr in Schweden aber auch nicht&#8221;. Fast durchgehend Skibrille mit Nasenschutz (statt Sonnenbrille; au\u00dfer im Sommer) und w\u00e4rmendes Mund\/Nasentuch getragen<br \/>\n&#8211; Nach 2 Corona-Saisonen erstmals wieder in Italien und Frankreich gewesen. Meinte ich fr\u00fcher &#8220;Eine Saison ohne Italien ist verloren, eine Saison nur Italien denkbar&#8221;, hat sich das mittlerweile ziemlich ge\u00e4ndert. Ja, ich hatte mehrere sch\u00f6ne Skitage in IT und FR, aber leider gibts mehr und mehr Nerviges von dort.<\/p>\n<p>&#8211; mehr und mehr nervige Liftler in Frankreich, die wegen den Skistecken bei den KSSL den Adolf spielen<\/p>\n<p>&#8211; mehr und mehr Skigebiete in FR und IT, die auf Keycards bzw. auf eigene Kauf-Keycards umstellen, die man ohne Kaution kaufen m\u00fcsste -> Boykott dieser Abzocke meinerseits, ich hab genug Keycards<\/p>\n<p>&#8211; die \u00fcblichen Skigebietsprobleme in Italien &#8220;Lift revisioniert, kein Betreiber gefunden, Stillstand&#8221;, &#8220;Lift muss revisioniert werden, Stillstand&#8221;, &#8220;sch\u00f6ner alter Lift X wird mit modernem Y ersetzt&#8221; etc. wurde erg\u00e4nzt mit &#8220;Stromkosten zu hoch heuer, Stillstand&#8221; und &#8220;Was, es hat 20\u00b0? Dann machen wir das Skigebiet nachmittags zu&#8221;, &#8220;Parkplatzgeb\u00fchren eingef\u00fchrt, dazu nur mit Handy-App&#8221; &#8211; es wird immer schlimmer in IT<\/p>\n<p>&#8211; mir fehlte Schweden heuer trotz der beiden letzten Jahre in mehrfacher Hinsicht, insb. die leeren Stra\u00dfen und Landschaften im Norden und das leichte Anfahren der Skigebiete, da sie meist vom Tal aus starten, w\u00e4hrend man in den Alpen und Appennin h\u00e4ufig ewig den Berg hochfahren muss. Das Fahren in und durch die dichtbesiedelte Po-Ebene, den vielen St\u00e4dten und nahen Ortschaften ist mir seit den letzten 2 Jahren in Schweden nun noch verhasster.<\/p>\n<p>&#8211; momentan gar keine Lust, in den n\u00e4chsten Jahren nochmals nach IT&#038;FR zu fahren, also wenn ich andere Ziele hab, werd ich das die n\u00e4chsten Jahre wohl nicht vermissen<\/p>\n<p>-+ hier und da fehlte diese Saison der Schnee, insb. in einigen Gebieten IT\/FR, die ich gerne wieder besucht h\u00e4tte. Ansonsten war K\u00e4rnten schneem\u00e4\u00dfig ja bis auf wenige Ausnahme-Ecken recht gut betucht diese Saison. &#8220;Sonnige Alpens\u00fcdseite&#8221;, davon hab ich nicht wirklich was gemerkt. Sch\u00f6n, dass ich heuer auf der Koralpe zu Vollbetrieb war. Mit Ausnahme der 4KSB, die ja ggf. eh nicht mehr \u00f6ffnen soll. Wer wei\u00df, ob es das Skigebiet noch gibt, wenn ich mal wieder im Winter daheim bin.<\/p>\n<p>&#8211; leider wieder keinen ESL fahren k\u00f6nnen. Monte Moro in Frabosa war bei meinen Besuchen wg. (angebl.) Schneemangel noch geschlossen, Kampenwand hatte ja z.B. auch nie oder fast nie Schnee und in Bielmonte war mir auch zu wenig offen.<\/p>\n<p>&#8211; wegen den montierten Spikereifen leider nicht nach Slowenien fahren d\u00fcrfen<\/p>\n<p>+ sonnige Sommerskisaison am Hintertuxer, aber<\/p>\n<p>&#8211; im August+September ungew\u00f6hnlich wenig Schnee + schlechte Zust\u00e4nde in Hintertux samt teils nicht n\u00f6tiger Lift- und Betriebseinstellungen. Nur noch DSB offen, nur noch bis 12:30 Uhr offe&#8230;.<\/p>\n<p>+ mal h\u00e4ufiger im &#8220;neuen daheim&#8221; gewesen und etliches machen k\u00f6nnen, sowie den Sommer dort oben k\u00fchl verbracht, sofern ich nicht auf dem Weg von\/nach Hintertux war<\/p>\n<p>+ daher Zeit gehabt, die Statistikseite auf dem Blog zu erstellen und zu erweitern<\/p>\n<p>&#8211; leider keine Zeit mehr gehabt, die alten Berichte online zu stellen<\/p>\n<p>&#8211; keine &#8220;gro\u00dfe&#8221; Reise gemacht in den letzten 12 Monaten; die paar Wochen durch IT und FR haben sich nach den 2 langen Reisen in Skandinavien nicht (mehr) wie eine &#8220;Tour&#8221; angef\u00fchlt.<\/p>\n<p>&#8211; trotz der vielen Skitage ging die Winter-Hauptsaison wieder zu schnell vorbei.<\/p>\n<p>&#8211; w\u00e4hrend ich letzten Sommer in UK das Skifahren in Hintertux nicht vermisst hatte, ging es mir diesen Sommer umgekehrt, d.h. trotz Skifahren in Hintertux w\u00e4re ich teils lieber in UK gewesen. (Wobei das prinzipiell auch gut war, dass ich letztes Jahr und nicht heuer war, weil einige alte Trams heuer nicht fuhren, hoffentlich dann n\u00e4chstes Jahr wieder.)<\/p>\n<p>&#8211; die generellen Preiserh\u00f6hungen (Inflation) gingen munter weiter, immerhin ist der Benzinpreis in \u00d6sterreich g\u00fcnstiger als in DE\/IT\/FR  und viele Skip\u00e4sse in IT+FR nach wie vor recht g\u00fcnstig<\/p>\n<p>&#8211; mit jetzt \u00fcber 700 befahrenen Skigebieten bin ich gem\u00e4\u00df <a href='http:\/\/grandeboucle.blogspot.com\/2023\/08\/august-2023-news-from-statistics-news.html'>dieser Liste<\/a> derzeit in den Top 5 weltweit: Da werden sicherlich noch einige fehlen&#8230; Zudem ging es mir ja nie darum, in m\u00f6glichst vielen verschiedenen Skigebieten gewesen zu sein &#8211; sonst h\u00e4tte ich ja schon viel mehr gemacht. Eher m\u00f6glichst viele besucht zu haben, bevor sie schlie\u00dfen oder uninteressant werden.<\/p>\n<p><strong>Die vergangene Saison im Detail<\/strong> (ohne Links auf dem Datum zu den Berichten, da das auf meiner Blog-Seite anhand des Kalenders links ja leicht auffindbar ist:<br \/>\n<em>(In dieser Liste sind nur Skitage und Skiberichte aufgelistet, keine Sommerberichte, keine zus\u00e4tzlichen Reiseberichte!)<\/em><\/p>\n<p><strong>\u00d6sterreich:<\/strong> (138 Tage)<\/p>\n<p><strong>Hintertux &#8211; Sommersaisonkarte:<\/strong> (29 Tage)<br \/>\nHintertuxer Gletscher, 29x (112h) : 08.06.2023 + 09.06.2023 + 10.06.2023 + 11.06.2023 + 12.06.2023 + 13.06.2023 + 14.06.2023 + 15.06.2023 + 17.06.2023 + 18.06.2023 + 07.07.2023 + 08.07.2023 + 09.07.2023 + 10.07.2023 + 11.07.2023 + 13.07.2023 + 14.07.2023 + 15.07.2023 + 16.07.2023 + 12.08.2023 + 13.08.2023 + 14.08.2023 + 15.08.2023 + 25.09.2023 + 26.09.2023 + 27.09.2023 + 28.09.2023 + 29.09.2023 <\/p>\n<p><strong>Topski K\u00e4rnten-Osttirol &#8211; Saisonkarte:<\/strong> (104 Tage) (+ 5 Tage M\u00f6lltal Extra)<br \/>\nAnkogel, 2x (12h) : 21.03.2023 + 22.03.2023<br \/>\nBad Kleinkirchheim, 8x (43h) : 12.12.2022 + 08.01.2023 + 14.03.2023 + 15.03.2023 + 16.03.2023 + 19.03.2023 + 09.04.2023 + 10.04.2023<br \/>\nBodental, 1x (2h) : 11.03.2023<br \/>\nDreil\u00e4ndereck, 1x (2h) : 22.12.2022<br \/>\nEmberger Alm, 1x (5h) : 24.12.2022<br \/>\nFalkert HeidiAlm, 6x (25h) : 20.12.2022 + 17.03.2023 + 18.03.2023 + 11.04.2023 + 12.04.2023 + 15.04.2023<br \/>\nFlattnitz, 3x (7h) : 28.12.2022 + 03.03.2023 + 12.03.2023<br \/>\nGerlitzen, 5x (17h) : 08.12.2022 + 09.12.2022 + 23.12.2022 + 09.01.2023 + 24.03.2023<br \/>\nGoldeck, 1x (4h) : 23.03.2023<br \/>\nHeiligenblut, 14x (69h) : 16.12.2022 + 17.12.2022 + 12.01.2023 + 13.01.2023 + 14.01.2023 + 30.03.2023 + 31.03.2023 + 01.04.2023 + 02.04.2023 + 04.04.2023 + 05.04.2023 + 06.04.2023 + 07.04.2023 + 08.04.2023<br \/>\nHochrindl, 4x (13h) : 19.12.2022 + 07.01.2023 + 03.03.2023 + 12.03.2023<br \/>\nKals-Matrei, 1x (4h) : 29.03.2023<br \/>\nKartitsch, 1x (1h) : 01.03.2023<br \/>\nKatschberg, 6x (26h) : 04.12.2022 + 05.12.2022 + 10.12.2022 + 11.12.2022 + 26.12.2022 + 20.03.2023<br \/>\nKlippitzt\u00f6rl, 2x (7h) : 29.12.2022 + 10.03.2023<br \/>\nKoralpe, 12x (30h) : 03.12.2022 + 30.12.2022 + 31.12.2022 + 02.01.2023 + 03.01.2023 + 04.01.2023 + 05.01.2023 + 04.03.2023 + 05.03.2023 + 06.03.2023 + 07.03.2023 + 08.03.2023<br \/>\nK\u00f6tschach-Vorhegg, 2x (5h) : 25.12.2022 + 02.03.2023<br \/>\nLienz-Hochstein, 1x (1h) : 28.02.2023<br \/>\nLienz-Zettersfeld, 1x (3h) : 28.02.2023<br \/>\nM\u00f6lltaler Gletscher, 18x (87h) : 12.11.2022 + 27.11.2022 + 28.11.2022 + 15.12.2022 + 18.04.2023 + 19.04.2023 + 21.04.2023 + 22.04.2023 + 03.05.2023 + 04.05.2023 + 05.05.2023 + 06.05.2023 + 07.05.2023 + Zusatztage, erm\u00e4\u00dfigter Tarif nach abgelaufener Saisonkarte: 08.05.2023 + 22.05.2023 + 27.05.2023 + 28.05.2023 + 29.05.2023<br \/>\nNassfeld, 5x (19h) : 13.12.2022 + 10.01.2023 + 27.02.2023 + 25.03.2023 + 26.03.2023<br \/>\nObertilliach, 5x (17h) : 18.12.2022 + 11.01.2023 + 01.03.2023 + 27.03.2023 + 03.04.2023<br \/>\nPetzen, 2x (6h) : 06.01.2023 + 11.03.2023<br \/>\nSillian, 2x (7h) : 14.12.2022 + 15.01.2023<br \/>\nSimonh\u00f6he, 1x (2h) : 27.12.2022<br \/>\nSt. Jakob Defereggen, 1x (5h) : 28.03.2023<br \/>\nTurracher H\u00f6he, 6x (25h) : 06.12.2022 + 07.12.2022 + 21.12.2022 + 13.03.2023 + 16.04.2023 + 17.04.2023<br \/>\nWeinebene, 2x (6h) : 01.01.2023 + 09.03.2023<br \/>\nWeissbriach, 2x (3h) : 27.02.2023 + 02.03.2023<\/p>\n<p><strong>Italien:<\/strong> (23 Tage)<br \/>\nAbetone, 2x (8h) : 21.02.2023 + 22.02.2023<br \/>\nDoganaccia, 1x (5h) : 23.02.2023<br \/>\nFrabosa&#038;Mondol\u00e9, 3x (12h) : 14.02.2023 + 16.02.2023 + 17.02.2023<br \/>\nGaressio, 1x (7h) : 19.02.2023<br \/>\nLivigno, 2x (12h) : 30.04.2023 + 01.05.2023<br \/>\nLurisia, 1x (7h) : 18.02.2023<br \/>\nMonte Piselli, 1x (3h) : 25.02.2023<br \/>\nOga-Isolaccia, 1x (5h) : 21.01.2023<br \/>\nPescegallo, 1x (4h) : 23.01.2023<br \/>\nPian Mune, 1x (6h) : 11.02.2023<br \/>\nPian Vigezzo, 2x (11h) : 24.01.2023 + 25.01.2023<br \/>\nPrali, 1x (4h) : 10.02.2023<br \/>\nSaint Gree Viola, 1x (4h) : 20.02.2023<br \/>\nSampeyre, 1x (6h) : 12.02.2023<br \/>\nSan Giacomo Roburent, 2x (8h) : 15.02.2023 + 16.02.2023<br \/>\nSappada, 1x (3h) : 26.02.2023<br \/>\nTeglio, 1x (5h) : 22.01.2023<br \/>\nUsseglio, 1x (2h) : 09.02.2023<\/p>\n<p><strong>Frankreich:<\/strong> (17 Tage)<br \/>\n3 Vall\u00e9es, 1x (6h) : 28.04.2023<br \/>\nAbondance, 1x (7h) : 28.01.2023<br \/>\nAlbiez, 1x (5h) : 01.02.2023<br \/>\nBonneval-sur-Arc, 2x (6h) : 26.04.2023 + 27.04.2023<br \/>\nChazelet, 1x (3h) : 07.02.2023<br \/>\nCol d&#8217;Ornon, 1x (2h) : 06.02.2023<br \/>\nCol de Rousset, 1x (1h) : 06.02.2023<br \/>\nCordon, 1x (4h) : 30.01.2023<br \/>\nFont d&#8217;Urle, 1x (6h) : 05.02.2023<br \/>\nLa Clusaz, 2x (12h) : 24.04.2023 + 25.04.2023<br \/>\nLa Sambuy, 1x (4h) : 31.01.2023<br \/>\nLans-en-Vercors, 1x (4h) : 04.02.2023<br \/>\nLes Karellis, 1x (6h) : 02.02.2023<br \/>\nSt-Jean d&#8217;Aulps, 1x (6h) : 27.01.2023<br \/>\nSt.-Pierre Chartreuse, 1x (5h) : 03.02.2023<br \/>\nThollon, 1x (7h) : 29.01.2023<\/p>\n<p><strong>Schweiz:<\/strong> (1 Tag)<br \/>\nChampex, 1x (1h) : 26.01.2023<br \/>\nLa Fouly, 1x (1h) : 26.01.2023<br \/>\nLiddes-Vicheres, 1x (2h) : 26.01.2023<\/p>\n<p><strong>Vorgenommen f\u00fcr n\u00e4chste Saison 2023\/2024:<\/strong><br \/>\n&#8211; Von Anfang November bis Ende Mai oder Mitte Juni in Skandinavien sein, Saisonkarten f\u00fcr Finnland und Schweden\/Norwegen kaufen, etliche Skigebiete dort wieder-besuchen und vmtl. nur wenig neue Skigebiete entdecken. Es ist daher zu erwarten, dass diese Skisaison k\u00e4lter wird als die letzte in Schweden, da ich diesmal wieder n\u00f6rdlicher unterwegs sein w\u00fcrde. Mind. 150 Skitage, eigentlich sollten 180 locker m\u00f6glich sein von Anfang November bis Ende Mai.<\/p>\n<p>&#8211; Ob ich w\u00e4hrend der Zeit einen Abstecher f\u00fcr eine Woche nach Russland (Kirovsk) mache, ist ungewiss. Insbesondere die R\u00fcckreise in die EU wird vmtl. grenztechnisch unsch\u00f6n, wobei generell beide Grenzseiten mit meinem vollen (Camping-) Auto unsch\u00f6n werden w\u00fcrden und vielleicht r\u00e4chen sich die Russen auch irgendwann an den Europ\u00e4ern f\u00fcr die momentanen Einreiserestriktionen der EU gegen\u00fcber Russen.<\/p>\n<p>&#8211; Auf dem R\u00fcckweg n\u00e4chsten Sommer w\u00fcrd ich dann gern noch 3 Monate nach UK\/IoM, da es halbwegs am Weg l\u00e4ge und die Winterr\u00e4der evtl. eh nur noch diesen Winter reichen werden &#8211; k\u00f6nnen somit im Sommer abgefahren werden. Somit w\u00e4re ich dann ca. 12 Monate auf Reise, was nochmals l\u00e4nger w\u00e4re als die ca. 9-monatige Skandinavienreise in der vorherigen Saison.<\/p>\n<p>&#8211; Zuk\u00fcnftige Winterreisegedanken 2024\/25 oder sp\u00e4ter: Mal wieder S\u00fcdosteuropa, mit oder ohne paar Monate in AT, mit oder ohne Iran? Oder AT mit 1-2 Monate Spanien? Mal den Go-Pass und paar Wochen in SK\/CZ\/PL? Endlich mal wieder RU+KZ+KG? Und dazwischen auch wieder mal einen Winter nach Skandinavien? Und wann mal S\u00fcdamerika im Sommer? Wie auch immer: Wenn die Preise weiter so steigen, werd ich tendenziell wohl h\u00e4ufiger im Osten unterwegs sein bzw. mich mehr und mehr auf Saisonkarten beschr\u00e4nken und noch seltener Tageskarten kaufen&#8230;<\/p>\n","protected":false},"excerpt":{"rendered":"<p>(Da sich meine Saisonz\u00e4hlweise historisch bedingt nach den Saisonkartenzeitr\u00e4umen in Tirol richtet, hab ich die alte Saison wieder mit Ende September abgeschlossen&#8230;)<\/p>\n<p>Saisonzeitraum: 1.10.2022 &#8211; 30.9.2023 (&#8220;Erstes Nach-Coronama\u00dfnahmen-Jahr&#8221;)<\/p>\n<p>Anzahl Skitage: 179 (Inkl. ggf. Nachtskitage und Skitouren, diesmal weder noch) (+33 Tage im Vgl. zum Vorjahr; Vorjahre: siehe Statistik auf http:\/\/blog.inmontanis.info\/?p=8342#st2)<\/p>\n<p>Anzahl Stunden: 761 (Vorjahre: 598 <a href=\"http:\/\/blog.inmontanis.info\/?p=9452\">[&#8230;]<\/a><\/p>\n","protected":false},"author":1,"featured_media":0,"comment_status":"closed","ping_status":"closed","sticky":false,"template":"","format":"standard","meta":{"footnotes":""},"categories":[212],"tags":[],"class_list":["post-9452","post","type-post","status-publish","format-standard","hentry","category-statistik","odd"],"_links":{"self":[{"href":"http:\/\/blog.inmontanis.info\/index.php?rest_route=\/wp\/v2\/posts\/9452","targetHints":{"allow":["GET"]}}],"collection":[{"href":"http:\/\/blog.inmontanis.info\/index.php?rest_route=\/wp\/v2\/posts"}],"about":[{"href":"http:\/\/blog.inmontanis.info\/index.php?rest_route=\/wp\/v2\/types\/post"}],"author":[{"embeddable":true,"href":"http:\/\/blog.inmontanis.info\/index.php?rest_route=\/wp\/v2\/users\/1"}],"replies":[{"embeddable":true,"href":"http:\/\/blog.inmontanis.info\/index.php?rest_route=%2Fwp%2Fv2%2Fcomments&post=9452"}],"version-history":[{"count":7,"href":"http:\/\/blog.inmontanis.info\/index.php?rest_route=\/wp\/v2\/posts\/9452\/revisions"}],"predecessor-version":[{"id":9461,"href":"http:\/\/blog.inmontanis.info\/index.php?rest_route=\/wp\/v2\/posts\/9452\/revisions\/9461"}],"wp:attachment":[{"href":"http:\/\/blog.inmontanis.info\/index.php?rest_route=%2Fwp%2Fv2%2Fmedia&parent=9452"}],"wp:term":[{"taxonomy":"category","embeddable":true,"href":"http:\/\/blog.inmontanis.info\/index.php?rest_route=%2Fwp%2Fv2%2Fcategories&post=9452"},{"taxonomy":"post_tag","embeddable":true,"href":"http:\/\/blog.inmontanis.info\/index.php?rest_route=%2Fwp%2Fv2%2Ftags&post=9452"}],"curies":[{"name":"wp","href":"https:\/\/api.w.org\/{rel}","templated":true}]}}