{"id":9436,"date":"2023-09-25T17:50:53","date_gmt":"2023-09-25T15:50:53","guid":{"rendered":"http:\/\/blog.inmontanis.info\/?p=9436"},"modified":"2023-09-25T17:50:53","modified_gmt":"2023-09-25T15:50:53","slug":"restliche-vorbereitungen-und-hintertuxer-gletscher-11-25-9-2023","status":"publish","type":"post","link":"http:\/\/blog.inmontanis.info\/?p=9436","title":{"rendered":"Restliche Vorbereitungen und Hintertuxer Gletscher, 11.-25.9.2023"},"content":{"rendered":"<p><strong>Mo, 11.9.2023<\/strong><\/p>\n<p>Ab 6:50 von st\u00e4dtischem Baul\u00e4rm aufgeweckt worden (Fenster war \u00fcber Nacht offen) und so ging es vormittgs weiter, laufend diese LKW-R\u00fcckw\u00e4rts-Fahr-Getute, was f\u00fcr ein L\u00e4rm.<\/p>\n<p>Gestern eine DVD gesehen, wie vor 100 Jahren in Blackpool die Promenade vergr\u00f6\u00dfert wurde, da haben halt hunderte M\u00e4nner mit Schaufeln die Erde richtung Meer runtergesch\u00fcttet\/gegraben und Pferdefuhrwerke brachten Naschub. Letzteres sorgte zwar f\u00fcr eine Geruchtsbel\u00e4stigung, aber vom L\u00e4rmpegel und optischen Aussehen her sicherlich sch\u00f6ner als heutzutage.<\/p>\n<p>Die g\u00fcnstig (20 \u20ac) vor 2 Jahren in Norwegen gekauften  Winterstiefelchen mit der tollen Grip-Sohle sind leider mittlerweile auch kaputt geworden &#8211; also die Sohle hat schon Risse . Kleben? Kommt bereits Wasser durch? Aber wenn die Stellen hier mal geklebt sind, werden sehr wahrscheinlich andere Stellen anfangen aufzurei\u00dfen. Oder lieber gleich alte mitnehmen (die mir vielleicht mein Vater mal gegeben hatte), bei denen ich momentan nicht mehr wei\u00df, ob die noch dicht sind und wie rutschfest die waren. (Letztes Mal Skandinavien hatte ich andere dabei, bevor ich mir die hier kaufte.)<\/p>\n<p><a href='http:\/\/extra.inmontanis.info\/d\/100362-3\/DSC07049.jpg'><img src=http:\/\/extra.inmontanis.info\/d\/100361-4\/DSC07049.jpg \/><\/a><br \/>\n^ Ich hab dieses Profil der g\u00fcnstigen Winterstiefelchen die letzten beiden Winter geliebt, noch nie so rutschfeste Schuhe im WInter gehabt. Leider reisst der Gummi nun bereits ein.<\/p>\n<p>Heute aber R\u00e4derumstecken. Gleich beim ersten Rad hinten rechts gab&#8217;s ein Problem: Es l\u00f6ste sich nicht. Kurz in der Werkstatt angerufen, ich solle mal fest mit dem Fu\u00df an den Rand treten, aber nicht so, dass das Auto vom Wagenheber h\u00fcpft.<\/p>\n<p>Hat aber nix gen\u00fctzt. Also mal bissl WD40 hingespr\u00fcht, vielleicht n\u00fctzt das zur Abwechslung ja mal was und derweil die anderen 3 R\u00e4der gemacht, die gingen problemlos. Danach im Internet gesucht, hier gab es noch zwei zus\u00e4tzliche Tipps zu finden: Radmuttern etwas anl\u00f6sen und ein St\u00fcck hin und her fahren und\/oder Gummihammer. Also fuhr ihr mal ein paar Meter langsam hin und her, ein paar Schlagl\u00f6cher ausgen\u00fctzt, die sicher auch praktisch sein k\u00f6nnten, Radseite wieder aufgebockt, tat sich aber noch nix. <\/p>\n<p>Daher noch mit dem Gummihammer gar nicht mal so extrem auf den linken, rechten, oberen und unteren Rand paar Mal geklopft und gemerkt, dass sich das Rad nun l\u00f6st. <\/p>\n<p><a href='http:\/\/extra.inmontanis.info\/d\/100366-3\/IMG_20230911_152126.jpg'><img src=http:\/\/extra.inmontanis.info\/d\/100365-4\/IMG_20230911_152126.jpg \/><\/a><br \/>\n^ Winterr\u00e4der umstecken, gleich beim ersten Rad heut aber ein Problem ..<\/p>\n<p><a href='http:\/\/extra.inmontanis.info\/d\/100370-3\/IMG_20230911_142051.jpg'><img src=http:\/\/extra.inmontanis.info\/d\/100369-4\/IMG_20230911_142051.jpg \/><\/a><br \/>\n^ .. das eine Hinterrad scheint angerostet zu sein und war nicht zu l\u00f6sen.<\/p>\n<p>Profil der Winterr\u00e4der? Schwer zu sagen, egal wo man misst, ist immer etws anders. Und wenn das nicht Absicht bei den Reifen ist, scheinen die innen\/au\u00dfen auch ungleich abgefahren zu sein. Naja, das Profil ist zumindest abschnittsweise noch \u00fcber 5mm, damit komm ich hoffentlich noch durch den Winter. In Skandinavien m\u00fcssen die Profile teils eh nur 3mm sein bei Winterreifen. F\u00fcr n\u00e4chsten Winter reichen sie dann wohl eh nicht mehr und k\u00f6nnen somit problemlos ggf. noch im Sommer \u00fcber in UK drauf bleiben. <\/p>\n<p>In Summe, mit ein paar anderen kurzen Arbeiten, gingen \u00fcber 5 Stunden drauf.  z.B. hab ich das Ersatzrad oben am Dach mal wieder runter, aber nicht um das Dach sauberzumachen (wird ja eh weider dreckig), sondern um die Schutzh\u00fclle auszutauschen, da bei der jetzigen schon 2 Risse zu finden waren.<\/p>\n<p>Der Verzurrgurt war komplett verrostet und ging in den M\u00fcll, da hatte ich damals ja einen 4er Pack gekauft, also kein Problem, wobei vielleicht einen schon mal entsorgt. Das lange Stahlkabel mit dem Schloss dagegen war diesmal unproblematisch, d.h. der Schl\u00fcssel sperrte problemlos auf. Nicht so wie beim vorherigen, das beim \u00d6AMTC abgeflext werden musste.<\/p>\n<p>Das DPD-Paket ist heut auch endlich gekommen. (Siehe letzter Bericht.)<\/p>\n<p>Heizger\u00e4te sind nun auch verstaut, unter dem Beifahrersitz war erstaunlicherweise noch so viel Platz, dass die beiden Bodenheizer problemlos drunter passten. Dann d\u00fcrfte der restliche Platz f\u00fcr Kleidung, Schuhe (die brauchen immer mehr Platz), Katzenstreustr\u00fcmpfe (oder -hosenbeine) und sp\u00e4ter Lebensmittel da sein und es schaut eigentlich noch ganz gut aus, wenn mir nicht noch ein paar Sachen einfallen. <\/p>\n<p>Folie von alten Rollups in der Arbeit k\u00f6nnte ich wohl haben f\u00fcr meine Leinwand, d.h. ich sollte ggf. noch den Rahmen bauen oder zumindest vorbereiten, da ich ja ggf. das Zeug auch Rollen k\u00f6nnte und nur eine Leiste f\u00fcr die Beschwerung unten br\u00e4uchte?. <\/p>\n<p>Der SD-Kartenslot meines PCs bringt mich seit ein paar Tagen auch zur Verzweiflung, eine Micro-SD-Karte wurde irgendwie zerst\u00f6rt beim Kopieren von Filmdateien, auch formatieren n\u00fctzte nix mehr.  Andere Karten werden seitdem auch nur noch sporadisch gelesen oder vielleicht gleich mit zerst\u00f6rt und k\u00f6nnen auch nicht mehr richtig gelesen werden.<\/p>\n<p>Mal wieder komplett eigenartiges Verhalten. Im internen Slot werden z.B. von der Cam-Karte in einem Tagesverzeichnis 2 Dateien sofort kopiert, die Dritte Datei dagegen kann auch nach 20 Minuten nicht gelesen werden, der Explorer h\u00e4ngt einfach beim R\u00fcberkopieren und bringt auch keine Fehlermeldung. Im externen SD-Karten-Slot werden die Dateien alle ratzfatz kopiert und ein chkdsk bringt keine Fehler auf der Karte.<\/p>\n<p>Externe SD-Karten-Leser waren nach meiner Erfahrung nach eher ein Gl\u00fccksspiel. Auch in der Arbeit musste ich immer mal wieder nachbestellen, weil die Teile h\u00e4ufiger kaputt gingen als SD-Karten oder gleich von Anfang an nicht richtig funktionierten und die SD-Karten gleich zerst\u00f6rten. Mit fix eingebauten SD-Kartenlesern in Kameras, Notebooks oder auch den beiden NUC-PCs hatte ich bisher bessere Erlebnisse&#8230;<\/p>\n<p>Da mein Backup-Konzept unterwegs auf SD-Karten basiert, ist ein funktionierender Kartenleser, der die SD-Karten nicht zerst\u00f6rt, allerdings sehr wichtig.<\/p>\n<p><strong>Di, 12.9.2023<\/strong><\/p>\n<p>Das gr\u00fcndliche Formatieren der &#8220;defekten&#8221; Karte hatte heut im anderen Kartenleser anscheinend funktioniert. Damit ist wohl eindeutig, dass der eingebaute Kartenleser defekt ist.. wobei ich die Daten von der Karte ja mit dem eingebauten Leser noch runterladen konnte.  Also gleich mal mit Klebeband den Slot verkleben.<\/p>\n<p>Den Dichtheitstest im Wasserbad haben beide Paar Schuhe sohlenm\u00e4\u00dfig einige Zeit \u00fcberstanden, aber mit Wasser von oben im Zehenbereich wurden sie nun doch innen etwas feucht, die alten allerdings wesentlich mehr &#8212; evtl. weil die so eine Nahtschicht oberhalb der Sohle haben und daher nicht komplett verklebt sind?<\/p>\n<p>Sonst heute: Die Leisten halbiert f\u00fcr den eventuellen Rahmen + Eckwinkel gedruckt. Montage erfolgt dann bei Bedarf (noch nicht entschieden, ob rollen oder Rahmen).<\/p>\n<p><a href='http:\/\/extra.inmontanis.info\/d\/100374-2\/DSC07052.jpg'><img src=http:\/\/extra.inmontanis.info\/d\/100373-3\/DSC07052.jpg \/><\/a><br \/>\n^ Holz f\u00fcr eventuellen Leinwandrahmen zerteilt und Winkel zum Anschrauben ausgedruckt. Die Nabenkappe rechts f\u00fcrs Auto funktionierte aber nicht &#8211; nicht so viel Platz zwischen Felge und Nabe als dass da so ein Plastikhalter dazwischen passen w\u00fcrde<\/p>\n<p>Gestern + heute ebenfalls gemacht: Bericht bis -10.9. fertig geschrieben und online gestellt.<\/p>\n<p><strong>Mi, 13.9.2023<\/strong><\/p>\n<p>Mal getestet, ob ich die Spikes aus den Spikereifen bekomm, dass ich die evtl. n\u00e4chstes Jahr als normale Winterreifen fahren k\u00f6nnte. Zange: Fehlgeschlagen. Schraubenzieher an der Seite etwas eingef\u00fchrt und versucht rauszupuhlen: Auch nicht, evtl. m\u00fcsste man tiefer gehen. Oder doch ein passenderes Werkzeug verwenden, vielleicht bekomm ich in Schweden was. Seifenwasser soll auch helfen. <\/p>\n<p><a href='http:\/\/extra.inmontanis.info\/d\/100386-2\/DSC07056.jpg'><img src=http:\/\/extra.inmontanis.info\/d\/100385-3\/DSC07056.jpg \/><\/a><br \/>\n^ Spikereifen<\/p>\n<p>Ich h\u00e4tte sogar was gefunden, was wie so ein &#8220;Stud-Removal-Tool&#8221; ausschaut, aber vielleicht eine etwas zu scharfe Kante hat, wobei es da oben im Gummi ja vmtl. egal sein wird. Jedenfalls vom Prinzip her funktionert das so und ich wei\u00df jetzt, wie meine Spikes aussehen und welchen Durchmesser die haben und zur Not verwend ich halt das hier, so lang es nicht abknickt.<\/p>\n<p><a href='http:\/\/extra.inmontanis.info\/d\/100390-2\/DSC07057.jpg'><img src=http:\/\/extra.inmontanis.info\/d\/100389-3\/DSC07057.jpg \/><\/a><br \/>\n^ Das rechte Teil hat zuf\u00e4llig genau gepasst (vielleicht mal eine Antenne gewesen, keine Ahnung) und ich k\u00f6nnte damit die Spikes entfernen<\/p>\n<p>Au\u00dfer ich bleib \u00fcbern\u00e4chsten Winter eh wieder in \u00d6sterreich\/Italien\/Schweiz\/Frankreich, aber ich glaub nicht, dass ich darauf nochmals Lust hab. Also zumindest dann gegen Feb\/M\u00e4rz hin, m\u00f6cht ich wohl schon zumindest mal richtung Slowenien oder gleich weiter Balkan, T\u00fcrkei, Iran? Naja, erst kommt dieser Winter samt langer Reise. <\/p>\n<p><a href='http:\/\/extra.inmontanis.info\/d\/100378-2\/DSC07053.jpg'><img src=http:\/\/extra.inmontanis.info\/d\/100377-3\/DSC07053.jpg \/><\/a><br \/>\n^ Hier mal die Balkont\u00fcre von Au\u00dfen, schon krass, wie die gar nicht so kleine Mauerwespe zwischen T\u00fcr und Rahmen ihre 10 Ton\/Lehmtopfnester gebaut hat&#8230;<\/p>\n<p><a href='http:\/\/extra.inmontanis.info\/d\/100382-2\/DSC07054.jpg'><img src=http:\/\/extra.inmontanis.info\/d\/100381-3\/DSC07054.jpg \/><\/a><br \/>\n^ Sie hat genau 10 Nester\/T\u00f6pfe gemacht.<\/p>\n<p>Und jedenfalls wollte ich die Spiker\u00e4der nicht noch eine Saison auf dem Balkon in der Sonne liegen haben &#8211; das haben die jetzt schon 6 Jahre hinter sich, erst in Innsbruck, dann in Telfs und heuer hier oben.  Wenn die in den Keller sollen, dann muss ich aber 1. das Regal umbauen oder auf Holzkl\u00f6tze stellen und 2. die ausgebauten R\u00fccksitze vom Ignis raufholen.<\/p>\n<p>Was ich zumindest mit einem R\u00fccksitz in der Wohnung probieren wollte, war mir klar: Endlich den Homecinema-Sessel erh\u00f6hen. Also mal auf den Sessel draufgestellt = passte aber von der Breite her nicht zwischen die Armlehnen des Sessels.<\/p>\n<p>Alternativ probiert: Drunter zu stellen und zwar gleich mal beide, dann ist zwar einer meiner beiden Durchg\u00e4nge etwas versperrt, aber ich hab ja eben noch den anderen. Die Rollen vom Sessel entfernt und zuf\u00e4lligerweise passen die Zapfen genau in die L\u00f6cher der Schienen vom R\u00fccksitz, zumindest mal hinten hab ich beide somit eingerastet, dass der Sessel nicht verschieben kann. Vorne wars mir dann egal. Somit sitz ich jetzt endlich h\u00f6her und die Beine k\u00f6nnen etwas tiefer vom Sessel aus aufs Bett gelegt werden.<\/p>\n<p><a href='http:\/\/extra.inmontanis.info\/d\/100394-2\/DSC07058.jpg'><img src=http:\/\/extra.inmontanis.info\/d\/100393-3\/DSC07058.jpg \/><\/a><br \/>\n^ Die ausgebauten R\u00fccksitze vom Ignis liegen nun nicht mehr im Keller, sondern in der Wohnung ..<\/p>\n<p><a href='http:\/\/extra.inmontanis.info\/d\/100398-2\/DSC07059.jpg'><img src=http:\/\/extra.inmontanis.info\/d\/100397-3\/DSC07059.jpg \/><\/a><br \/>\n^ .. und dienen als Unterlage, als Erh\u00f6hung f\u00fcr den alten Sessel im Home-Cinema<\/p>\n<p>Kraftm\u00e4\u00dfig (R\u00e4der, Regal aus- und wieder einr\u00e4umen mit R\u00e4der, Sitze, Sessel, treppauf, treppab) allerdings anstregende 3-4 Stunden vergangen.<\/p>\n<p>Mein Bett wird ja in der hochgehobenen Version von einer Art G\u00fcrtel vorne und einem Spanner hinten gehalten. Letzterer ist an einer Schraube (plus 2 Beilagscheiben) im Dachhimmel angehakt (wo ich damals ein Gewinde extra reingepresst hatte). Die Schraube lockert sich immer wieder w\u00e4hrend der Fahrt und ich muss sie dann wieder raufdrehen oder sie f\u00e4llt irgendwann runter. Eine bessere L\u00f6sung hab ich da nie gefunden und auch keine einfacher reindrehbare Schraube.<\/p>\n<p>Zuf\u00e4llig hab ich bei den 3D-Druck-Dateien (gratis, \u00fcbrigens) etwas gesehen, was passen k\u00f6nnte und im Anschluss nach solchen Dingern genauer gesucht, zuf\u00e4llig hatte ich auch eine passende Schraube und somit heute mal 3 verschiedene von den Drehkn\u00f6pfen gedruckt. Sind ja sch\u00f6n klein und nehm ich dann alle mit, schaun, was besser h\u00e4lt\/passt und falls was brechen sollte (durch den schr\u00e4gen Spanner wird auch die Schraube verbogen), hab ich Ersatz dabei.<\/p>\n<p>Somit hatte das (vmtl. sinnlose) 3D-Drucken der Hexagonpl\u00e4ttchen doch noch einen Vorteil &#8211; sonst w\u00e4r ich nicht auf die Eckwinkel und dann zu diesen Drehkn\u00f6pfen gekommen&#8230;<\/p>\n<p><a href='http:\/\/extra.inmontanis.info\/d\/100402-2\/DSC07061.jpg'><img src=http:\/\/extra.inmontanis.info\/d\/100401-3\/DSC07061.jpg \/><\/a><br \/>\n^ Weitere 3D-Ausdrucke<\/p>\n<p><a href='http:\/\/extra.inmontanis.info\/d\/100406-2\/DSC07062.jpg'><img src=http:\/\/extra.inmontanis.info\/d\/100405-3\/DSC07062.jpg \/><\/a><br \/>\n^ Nudeln, Champignon-K\u00e4se-Sahnesauce und H\u00fchnerschnitzel<\/p>\n<p><strong>Do, 14.9.2023<\/strong><\/p>\n<p>Heut zur Abwechslung nicht von piepsenden LKWs geweckt worden, sondern von einem Feuermelder hier im Haus, der piepste von 6:50 bis 7:05 und genau dann fingen die LKW-Piepserein von der Baustelle wieder an ..<\/p>\n<p>.. macht mich noch wahnsinnig dieser L\u00e4rm hier momentan jeden Morgen ..<\/p>\n<p>(Warum der Feuermelder dann ausgegangen ist, keine Ahnung. In einer bewohnten Wohnung braucht es doch keine 15min, falls man den Fehlalarm stoppt?!))<\/p>\n<p>Wollte nochmals mein Kleinwerkzeug usw. f\u00fcrs Auto durchgehen und ggf. einteilen, was wahrscheinlicher nicht ben\u00f6tigt wird, damit das nicht im Schrank ist, wo das sein sollte, was ich h\u00e4ufiger brauch.<\/p>\n<p><strong>Fr, 15.9.2023<\/strong><\/p>\n<p>F\u00fcr&#8217;s WE stehen folgende wichtige Aufgabe an:<br \/>\n.. PC-Backups machen, sowohl f\u00fcr daheim, wie f\u00fcr unterwegs<br \/>\n.. den Umschalter zwischen den PCs testen und testen, ob ich von beiden die gleiche (bzw. z.T. hin und wieder kopierte) Linuxinstallation starten kann<br \/>\n.. Entscheiden, welche und wieviel Kleidung ich mitnehmen will.<\/p>\n<p>Grundlegend kann man da ja so gut wie alles unterwegs nachkaufen, wenn was kaputt werden sollte. Allerdings hat man halt zig Zeug daheim.<\/p>\n<p>Mittlerweile kann ich ja auf die Erfahrung der letzten beiden Jahre zur\u00fcckgreifen, z.B. kam ich mit 3 Set Unterw\u00e4sche+Str\u00fcmpfe problemlos aus, und da ist bereits 1 Set &#8220;Ersatz&#8221;; dabei hatte ich glaub vorletzten Winter 5, letzten 4. Also wieder 4-5, wobei bei den Str\u00fcmpfen dickenm\u00e4\u00dfig gemischt wird. Skistr\u00fcmpfe dito. Lange Unterhose hatte ich fast nie an, seitdem ich die Thermohosen wieder anziehe (weil wieder passen), da reicht wohl 1.<\/p>\n<p>Beim Raussuchen gehts aber nicht nur um Fragen wie Temperatur\/Jahreszeit, sondern auch um Tragekomfort und Zustand, denn das jeweilige St\u00fcck soll ja ggf. monatelang tragbar sein. Str\u00fcmpfe mit Anzeichen von L\u00f6chern oder ausgeleierte B\u00fcndchen bleiben also jedenfalls daheim.<\/p>\n<p>Hosen werd ich 3 mitnehem, was ganz logisch ist: die Thermohose f\u00fcr den Winter, eine d\u00fcnnere f\u00fcr den Sommer und eine ganzj\u00e4hrig verwendbare Jeans. <\/p>\n<p>Skihosen 2, jeweils mit Seitenzipper, da hab ich bisher noch in jedem Winter irgendeine kaputt gemacht und musste repariert werden, leider. Plus eine der Regenhosen, die im sp\u00e4ten Fr\u00fchjahr reichen.<\/p>\n<p>Skijacken wird schwieriger, da alle, die ich hab, Vor- und Nachteile haben. Da werden es wohl auch 2 werden, eine w\u00e4rmere und ggf. eine weniger w\u00e4rmere, daf\u00fcr regenm\u00e4\u00dfig dichtere. Je nach Platz w\u00fcrd ich das auf 1 reduzieren.<\/p>\n<p>Die Jacken zieh ich dann auch zum Nicht-Skifahren an, da brauch ich im Winter also nichts weiteres.<\/p>\n<p>F\u00fcr Fr\u00fchjahr\/Sommer werden es wohl auch 2 Jacken, die reine Regenjacke, dazu eine der universelleren Sommerskij\u00e4ckchen, die auch im Alltag tragbar sind.<\/p>\n<p>Schlafanz\u00fcge mindestens 1 langen und 1 kurzen (f\u00fcr Sommer), wobei ich eher wieder 2 lange mitnehmen werde, wenn mir der Platz reicht.<\/p>\n<p>Kurze T- und Poloshirts\/Hemden vermutlich 3 St\u00fcck, da wechsle ich im Sommer gerne mal so: ein Stinkendes zum Wandern, eines f\u00fcr normale Tage und eines f\u00fcr Tage &#8220;wo man unter vielen Menschen ist und etwas weniger stinken sollte&#8221;  ;) Evtl. auch noch ein 4. Shirt, das sauber bleibt bis zum Tag der R\u00fcckfahrt.<\/p>\n<p>Dazu ein lang\u00e4rmeliges f\u00fcr Fr\u00fchjahr\/Herbst, ein mittelwarmes Sweatshirt und ein dickes Sweatshirt\/Pullover.<\/p>\n<p>Skischuhe nat\u00fcrlich rein platzm\u00e4\u00dfig nur 1 Paar, also die neuen Heckeinsteiger. Falls ich jetzt 2 Wochen Hintertux gefahren w\u00e4re, h\u00e4tte ich noch die alten Strolz f\u00fcr den Herbst mitgenommen und dann im Keller bei Mutter eingelagert.<\/p>\n<p>Stra\u00dfenschuhe wird schwieriger, weil die eh alle nicht mehr so viel taugen, also einmal die Winterstiefelchen (mit der jetzt geklebten Sohle) und zumindest ein Paar f\u00fcr Nicht-Winter, evtl. zwei (je nach Bequemlichkeit\/Zustand und Sohlengripp hinsichtlich eventueller Wanderungen).<\/p>\n<p>(Die bei der Abreise getragenen St\u00fccke sind in der Anzahl inkludiert.)<\/p>\n<p>Dazu kommt noch Skim\u00fctze, evtl. Stirnband, Kopftuch und W\u00e4rmetuch f\u00fcr Mund\/Nase, die heizbaren Str\u00fcmpfe, 2 Sonnenbrillen (Normal+Ski), 2 Skibrillen (hell+dunkel), 2 Paar Skihandschuhe, d\u00fcnne Handschuhe f\u00fcr ansonsten&#8230;.<\/p>\n<p>.. das m\u00fcsste dann  auch f\u00fcr 12 Monte ausreichend sein ;-)<\/p>\n<p>Ich brauch nat\u00fcrlich auch Platz f\u00fcr etliche Packungen Lebkuchen, die ich in N\u00fcrnberg kaufen m\u00f6chte, sowie Platz f\u00fcr Naschsachen aus CZ &#8230;<\/p>\n<p>Das Schoko-Veilchensirup-Eis, das ich mir nochmals nach dem Slowenien-Einkaufstag gemacht hatte, ging heut auch drauf und die Spr\u00fchsahne ist nun auch leer.<\/p>\n<p><strong>Sa, 16.9.2023<\/strong><\/p>\n<p>Backups auf Netzlaufwerke und externe Festplatten k\u00f6nnen zumindest unter Linux (und ggf. wenn man parallel was laufen l\u00e4sst) immer extrem nervt\u00f6tend sein, weil es immer mal wieder irgendwelche Abst\u00fcrze oder Nichtmehrfunktionieren gibt, wobei letzteres insbesondere eine externe NVMe-SSD angeht, die schon immer das Problem hatte, auch als sie damals intern eingebaut war, wollte sie partout nicht stabil laufen. Daher hatte ich dann ein externes Geh\u00e4use gekauft und spinnte trotzdem. Daher damals unterwegs in Schweden ja noch eine andere (wenn auch kleinere) externe NVMe-SSD gekauft. <\/p>\n<p>Irgendwann konnte ich das Problem mal lokalisieren auf den zeitgleichen WLAN-Einsatz. Den hab ich heut ausgeschaltet. Ein 100 GB-Festplattenimage wurde so rasendschnell kopiert, dass es mir sehr eigenartig vorkam, aber es sah nirgends nach Fehler aus. Ein noch etwas gr\u00f6\u00dferes virtuelle Festplattenimagedatei dagegen musste ich mehrmals neu probieren, weil sich entweder die SSD oder der Sync-Prozess aufgeh\u00e4ngt hatte.<\/p>\n<p>Morgens ca. 20-50 Paar Str\u00fcmpfe und Skistr\u00fcmpfe durchprobiert usw. danach mich noch f\u00fcr Skijacken entscheiden m\u00fcssen .. <\/p>\n<p>.. wieder einer der Nervtage, auf die man gerne verzichten m\u00f6chte ..<\/p>\n<p><a href='http:\/\/extra.inmontanis.info\/d\/100410-2\/DSC07064.jpg'><img src=http:\/\/extra.inmontanis.info\/d\/100409-3\/DSC07064.jpg \/><\/a><br \/>\n^ Dose Schaschlick und Bratkartoffel; viel zu viel Sauce, aber daf\u00fcr weniger Kartoffel<\/p>\n<p><strong>So, 17.9.2023<\/strong><\/p>\n<p>Heute quasi den ganzen Tag damit verbracht, den alten NUC vorzubereiten, also meine Root-Partition vom neuen f\u00fcr den alten zu klonen, irgendwie vom alten zu booten und gemeinsam das Home-Verzeichnis von der externen SSD verwenden. Die erste Idee schlug fehl, danach hatte ich Bootprobleme am alten Nuc, musste mich intensivst mit Grub auseinandersetzen, entdeckte ein Problem an neuen Nuc und so weiter &#8211; aber schlussendlich funktionierte es.<\/p>\n<p><strong>Mo, 18.9.2023<\/strong><\/p>\n<p>Wenigstens mal konsequent: auch unter Windows funktioniert das Kopieren gro\u00dfer Dateien auf die besagte externe SSD anscheinend nicht (mehr?). <\/p>\n<p>Was also mal zu testen bleibt: die \u00dcbertragungsgeschwindigkeit zu drosseln. Obwohl das ja sogar ein Metalgeh\u00e4use ist, wo die W\u00e4rme also besser ableiten k\u00f6nnen sollte &#8230; Versuch 2 lief dann immerhin bis 74% statt 28% bei der 176 GB gro\u00dfen Festplattenimagedatei.<\/p>\n<p>Da wollt ich doch den einen Karton f\u00fcr den Schrank im Auto aufteilen und die Sachen, die ich evtl. nicht oder seltener brauchen werde, in einen anderen Karton stecken. Nach der Umr\u00e4umung und Einr\u00e4umung noch vergessener Sachen hab ich nun den alten Karton voll UND zus\u00e4tzlich einen gr\u00f6\u00dferen. <\/p>\n<p>Und das soll dann auch noch mit 2 Skijacken und 2 Skihosen und den anderen Kleidungsst\u00fccken au\u00dferhalb des Schrankes verstaut werden? Noooo way. <\/p>\n<p>Ob ein 100% n\u00e4ssesicherer Skisack helfen w\u00fcrde gegen die rostenden Kanten am Dach? Glaub fast nicht, weil luftdicht w\u00fcrde das wohl trotzdem nicht sein (k\u00f6nnen) und Luftfeuchtigkeit, W\u00e4rme, K\u00e4lte, Sonneneinstrahlung, wird in Kombination wohl trotzdem f\u00fcr Schwitzwasser und damit Kantenrost sorgen. Eher sollte ich wohl bei jedem Regen die Kanten von den Skiern am Dach trocken machen&#8230; <\/p>\n<p>K\u00f6nnte mir vorstellen, dass die schr\u00e4gen Skitr\u00e4ger in der Hinsicht vorteilhafter sind, weil dann das Wasser besser ablaufen kann.<\/p>\n<p>Hab mir auch noch einen kleinen Batteriemonitor gekauft, nicht das g\u00fcnstigste, aber im g\u00fcnstigen Bereich noch unter 50 \u20ac, nicht die teuren \u00fcber 100 \u20ac. Wird hoffentlich die kleinen Str\u00f6me besser messen als der in der Batterie eingebaute Monitor. Wurde heute geliefert. Allerdings war in den Bildern hinten kein Kabel zu sehen, also ging ich davon aus, dass das seitlich wegf\u00fchrt, dann \u00e4tte ich es auf die Fliesenschrankseite kleben k\u00f6nnen. Jetzt geht Kabel hinten weg = geplanter Montageort nicht m\u00f6glich :(<\/p>\n<p>Bevor ich nachmittags zum Auto ging, gab es Hase &#8211; Lapin chasseur (kleines Fertiggericht aus FR).<\/p>\n<p><a href='http:\/\/extra.inmontanis.info\/d\/100422-2\/DSC07246.jpg'><img src=http:\/\/extra.inmontanis.info\/d\/100421-3\/DSC07246.jpg \/><\/a><br \/>\n^ Batteriemonitor in die Ecke montiert<\/p>\n<p>Jo, schaut gut aus &#8211; misst 0,06A, wenn das Display der Standheizung sich einschaltet (nach Wiederherstellung der Stromversorgung) oder auch wenn die LED-Lichterkette in der dunkelsten Einstellung offen ist (inkl Netzteil 12-5V und USB-Hub als Verteiler) &#8211; beides Str\u00f6me, die die Batterie als 0A ignoriert (das soll erst ab 0,5A oder so messen). <\/p>\n<p>K\u00fchlschrank auch 0,1 A im Standby,<br \/>\n0,02A dien alte Heizmattenverkabelung im Standby,<br \/>\n0,07A das PC-Netzteil ohne PC (normalerweise ausgeschaltet, wenn PC auch aus)<br \/>\n0,75A der Wechselrichter ohne Last (Normalerweise auch ausgeschaltet),<\/p>\n<p>Am Freitag k\u00f6nnte es  Neuschnee am Hintertuxer geben, allerdings derweil lt. Bergfex nur 12cm gemeldet und danach wieder sommerlich warm. Das wird den status quo wohl nicht \u00e4ndern. Und da hatte ich grundlegend f\u00fcr das letzte WE noch mit \u00d6ffnung der 6KSB gehofft, was ja auch schon Ende September mal ging. Wenn die DSB wenigstens mal wieder bis 13.30 ginge, damit sich das f\u00fcr mich unter der Woche mehr lohnen w\u00fcrde..<\/p>\n<p>Naja, vmtl. werd ich trotzdem ca. n\u00e4chstes WE losfahren, wenn ich mit allem fertig sein sollte. <\/p>\n<p><strong>Di, 19.9.2023<\/strong><\/p>\n<p>Ein frischer, etws langsamer eingestellter Versuch, endete heute bei 54%. Man wei\u00df ja nicht, ob&#8217;s an der NVMe-SSD selbst oder am USB-Geh\u00e4use liegt &#8230; w\u00fcrde zeitlich aber zu knapp werden, jetzt noch was zu bestellen.<\/p>\n<p>Der n\u00e4chste Versuch, noch etwas langsamer, stoppte bei 47,4%.<\/p>\n<p>N\u00e4chster Vesuch, noch langsamer und mit offenem Geh\u00e4use &#8211; evtl. luftiger dann? Die SSD hat ja einen K\u00fchlk\u00f6rper drauf, der das Geh\u00e4use aber nicht ber\u00fchrt. Und fraglich, ob da in einem der beiden Teile ein Temperatursensor fehlt oder defekt ist, der die Geschwindigkeit drosseln sollte, wenns zu warm wird. So lang es funktionierte, hatte der K\u00fchlk\u00f6rper der SSD bis zu 77\u00b0 lt. IR-Thermometer. Sollten wohl eigentlich besser unter 70\u00b0 bleiben .. kann auch sein, dass sich die Billig-SSD auf das Geh\u00e4use verl\u00e4sst, was Temperaturmanagement angeht und das Billig-Geh\u00e4use sich auf die SSD-Elektronik verl\u00e4sst und somit in dem Fall beide zueinander nicht ganz kompatibel sind &#8230;<\/p>\n<p>Yeah, es hat funktioniert. Also wohl ziemlich sicher ein Temperaturproblem. Wobei es ja irgendein Exit-Temperaturszenario geben muss, sonst w\u00fcrde eins von beiden ja durchbrennen und nicht abschalten ..<\/p>\n<p><a href='http:\/\/extra.inmontanis.info\/d\/100414-2\/DSC07066.jpg'><img src=http:\/\/extra.inmontanis.info\/d\/100413-3\/DSC07066.jpg \/><\/a><br \/>\n^ Zu d\u00fcnner K\u00fchlk\u00f6rper im M.2-SSD-Geh\u00e4use<\/p>\n<p>Anderswo (im Nuc-Karton) sogar noch so ein dickeres Teil gefunden, das ich nicht verbaut hatte, weil evtl. nicht ben\u00f6tigt  -> das hab ich nun draufgeklebt, auf dass es nun die W\u00e4rme besser ableitet.<\/p>\n<p>Endlich etwas Licht am Ende des Tunnels. Die Kartons mit &#8220;dem diversen Zeug&#8221; sind verladen und haben passenden Platz gefunden. Was mir heut aufgefallen ist: Ich hab 2 Feuerl\u00f6scher im Auto?! Also einen normalen Autofeuerl\u00f6scher und noch ein Feuerl\u00f6schspray. Lt. altem Bericht hatte ich mir das im Zuge der 230V-Camping- und Heizer-K\u00e4ufe im November 2021 gekauft. Anscheinend hatte ich da vergessen, dass ich ja den Feuerl\u00f6scher auch drin hab, den man in einigen europ\u00e4ischen L\u00e4ndern mitf\u00fchren soll. Gepr\u00fcft hat mich dahingehend ja noch nie jemand.<\/p>\n<p>Somit kann einer von den beiden raus und ich hab wieder etwas mehr Platz im Auto :)<\/p>\n<p>Durch die komplette Indizierung der einzelnen Kartons und anderen Unterbringungsarten, kann ich diesmal, wenn ich was suche, schneller finden. Und es kann somit auch nicht mehr vorkommen &#8220;ach, wenn ich gewusst h\u00e4tte, dass ich das ja auch dabei hab&#8221; &#8230;.<\/p>\n<p>Ich hatte mir ja 2 kleine Modelleisenbahnen gekauft, die T-Spur, f\u00fcr die ich mit dem 3D-Drucker Trams bauen wollte, und eine komplette &#8220;Landschaft&#8221; f\u00fcr diese TeenyTrack Bahn (die Holzbox ist ca 19x14cm) wollte ich auch drucken. K\u00f6nnte man ja auch wunderbar mitnehmen (etwas sinnlose Platzverschwendung in meinem kleinen Auto, zugegebenerma\u00dfen). Hat nur leider den Nachteil, dass  lediglich ein 115\/230V-Adapter dabei war mit eigenem Anschluss, kein USB-Adapter. Sonst h\u00e4tte man noch etwas weniger Zeug mitschleppen m\u00fcssen.<\/p>\n<p><a href='http:\/\/extra.inmontanis.info\/d\/100418-2\/DSC07068.jpg'><img src=http:\/\/extra.inmontanis.info\/d\/100417-3\/DSC07068.jpg \/><\/a><br \/>\n^ Die kleine Box mit der Miniatureisenbahn<\/p>\n<p>Und leider gibts wohl nach wie vor keine fertige Landschaft zum downloaden und drucken.<\/p>\n<p>Hier hat das einer gemacht, Mischung aus 3D-Druck und vmtl. \u00fcblicher Modellbahnbau:<br \/>\n<a href='https:\/\/imgur.com\/a\/1M4cL'>https:\/\/imgur.com\/a\/1M4cL<\/a><\/p>\n<p>Mit anderem Track und selbst gedruckten Fahrzeugen:<br \/>\n<a href='https:\/\/www.modeltrainforum.com\/threads\/monbulk-creek-1-350-scale-australian-narrow-gauge.180432\/'>https:\/\/www.modeltrainforum.com\/threads\/monbulk-creek-1-350-scale-australian-narrow-gauge.180432\/<\/a><\/p>\n<p>Da der Antrieb \u00fcber Magnet geht (jeder Waggon f\u00e4hrt einzeln), braucht man nur Magnete in seine gedruckten Fahrzeuge mit rein zu kleben. K\u00f6nnte man sich also auch eine kleine britische Doppelstocktram drucken ;) Schad, dass mir das nicht fr\u00fcher eingefallen ist. Nicht, dass ich zuletzt sonderlich Zeit daf\u00fcr gehabt h\u00e4tte&#8230;<\/p>\n<p>.. vmtl. sollte ich mich mit 3D-Programmen besch\u00e4ftigen und dann ggf. einzelne downloadbare Modelle kombinieren und ggf. anpassen..<\/p>\n<p>Vielleicht hab ich n\u00e4chsten Herbst Zeit daf\u00fcr.<\/p>\n<p>Mittlerweile meldet Bergfex 29cm f\u00fcr FR+SA in Hi&#8217;Tux. Das w\u00fcrde vielleicht reichen f\u00fcr die beiden SL und\/oder TFH-Abfahrt &#8230;<\/p>\n<p>Noch ein paar Beladungstests im Schrank gemacht, die blaue Kabeltasche w\u00fcrde nun auch reingehen, das neue kleine Pendisplay aber nur ohne (leider zu gro\u00dfer und etwas unpassend gekaufter) Schutzh\u00fclle. Werd die H\u00fclle aber trotzdem mal mitnehmen .. oder daheim lassen? Zur\u00fcckschicken?<\/p>\n<p>Platz f\u00fcr neue Teller h\u00e4tt ich dann keine ;) Aber ich hab ja jetzt genug, warum sollte ich mir da noch was kaufen. Interessanter w\u00e4r eher z.B. ein ein- oder zweiarmiger Kerzenleuchter f\u00fcr die gr\u00fcne Wand. Der br\u00e4uchte eh zu viel Platz vermutlich &#8211; sofern ich die Tourenski drin lasse. Ggf. m\u00fcsste ich solche gr\u00f6\u00dferen Eink\u00e4ufe halt mit der Post nach Tirol schicken. Zumindest von innerhalb der EU aus. Aus NO und UK m\u00fcsste ich mich erst erkundigen, falls das n\u00f6tig sein sollte.<\/p>\n<p>Und naja, Platz f\u00fcr die Nascht\u00fcte ist wie erwartet also auch keiner im Schrank. Irgendeine Tasche oder Rucksack wird also auch weiterhin hinterm Fahrersitz stehen und t\u00e4glich beim Platzwechsel nach vorne gewechselt werden m\u00fcssen. Ohne der blauen Kabeltasche aber wenigstens leichter bzw. k\u00f6nnte auch etwas kleiner sein &#8211; aber da diese Tasche auch verwendet wird, wenn ich &#8220;ausw\u00e4rts&#8221; \u00fcbernachte (also Hostel, Hotel oder Mutter) und entsprechend PC-Ausstattung usw. beinhaltet, muss sie wohl entsprechend gro\u00df sein. <\/p>\n<p>Wobei die jetzige schon an mehreren Stellen aufgerissen ist, aber die war ja eh gratis bei einer anderen Lieferung dabei. Alternative dazu w\u00e4re ein Rucksack, der f\u00fcr Skiwanderungen verwendet werden k\u00f6nnte, d.h. einer, wo ich die Ski auch am Rucksack befestigen k\u00f6nnte. Da h\u00e4tte ich ja ggf. 2, der alte B\u00fcrorucksack und der Einradrucksack, aber der hat mit der zus\u00e4tzlichen Schlie\u00dfklappe vorne so viel Zeug und B\u00e4nder, dass er deshalb auch unn\u00f6tig dick und umst\u00e4ndlich wirkt.<\/p>\n<p>Deckentechnisch h\u00e4tte ich ja ausprobieren wollen, eine dickere statt der d\u00fcnnen Fleecedecke mitzunehmen. Aber es wird ja nicht k\u00e4lter, dass ich das mal testen k\u00f6nnte :) Gemeinsam haben aber alle meine Wolldecken, dass sie zu breit sein werden und in Summe zu dick, was den Platzbedarf anbelangt. Vielleicht schau ich unterwegs nach einer nicht zu breiten, etwas l\u00e4ngeren und dickeren Fleecedecke? <\/p>\n<p>Eine andere, dickere meiner Steppdecken anstelle der d\u00fcnnen sommerlichen kommt eher auch nicht in Frage, weil die ebenfalls allesamt viel breiter sind, aber nat\u00fcrlich nicht breit genug, um sich dann zweimal rumzuwickeln, bevor man in den Schlafsack steigt.<\/p>\n<p>Schlechte Nachrichten aus K\u00e4rnten, in Heiligenblut sollen n\u00e4chsten Winter 2 der besten Lifte geschlossen bleiben :(<br \/>\n<a href='https:\/\/www.krone.at\/3114109'>https:\/\/www.krone.at\/3114109<\/a><\/p>\n<p><strong>Mi, 20.9.2023<\/strong><\/p>\n<p>Die aktuellen Wettervorhersagen melden mehr Regen f\u00fcr die Koralpe als (Schnee) f\u00fcr&#8217;n Hintertuxer am WE. D.h. sollte ich am SA\/SO abfahren wollen, sollte ich die Beladung des Fahrzeugs bis morgen oder FR fertig bekommen, zumindest was Kleidung+Bett+Co angeht.<\/p>\n<p>D.h. heute also restliche Kleideranprobe und sich f\u00fcr Hosen, Shirts &#038; Co zu entscheiden ..<\/p>\n<p><strong>Do, 21.9.2023<\/strong><\/p>\n<p>Die Bettmatratze war ja jetzt lang in der Wohnung, im Auto reingelegt merk ich sofort, wie sie jetzt nach altem Rauch stinkt. Alllerdings werd ich den \u00dcberzug mal bei meiner Mutter waschen (ev. erstes Mal seitdem ich das Bett im Ignis hab? Wobei ichs einmal gewendet hatte).<\/p>\n<p>Ich testete noch die f\u00fcrs eine Fenster gekaufte restliche Isomatte, sowie eine der alten, dicken Ausziehcouchmatratzen als Alternative f\u00fcr meine Sitzfl\u00e4che, wo ich bisher einen in Schweden zu hart gekauften Schaumstoff hatte plus eine Lage weichen, aber auch nicht dicken  Schaumstoff  (anfangs: 2 Lagen davon, hat sich aber durchgesessen, kommt von den Sonnenliege-Auflagen noch aus Schlafzeiten vom Fusion), was in Summe fast etwas zu hoch zum Sitzen war, weil man nicht so tief reingesunken ist, wie erhofft.<\/p>\n<p>Mit der Isomatte unter dem gelben w\u00e4re alles etwas d\u00fcnner und doch etwas weicher, solang man sich nicht beides durchsetzen w\u00fcrde und am Holz-Metallger\u00fcst landet. Vorteil w\u00e4r jedenfalls = aufrechter hinsetzen k\u00f6nnen. Der erste l\u00e4ngere Test einige Tage sp\u00e4ter: Auch das wird auf Dauer zu hart. Aber mehr wie 2-3 Stunden hab ich abends normalerweise weder Zeit noch Lust, vorm PC am Tisch zu sitzen.<\/p>\n<p>Nach 3x zum Auto gehen ist das Auto nun wieder bewohnbar und ich freu mich auf die vielen kleinen Verbesserungen der letzten Wochen, wie z.B. die LED-Lichterkette, die Surroundsoundanlage mit dem alten Autoradio, die neue Sitzfl\u00e4che, die neue Schrankbelegung, nat\u00fcrlich auch \u00fcber das neue Design von Schrank und Tisch, den Test zur Wiederbelebung der Fahrersitzr\u00fcckseitentasche, die (ggf. noch zu erstellende) neue Leinwand, den Batteriemonitor, die neue Bettheizungssteuerung, die anderen Kochutensilien zur Abwechslung, den schriftlichen \u00dcberblick, was ich dabei hab und wo es zu finden ist &#8230;<\/p>\n<p>Weniger erfreulich, dass schon fast der komplette &#8220;Keller&#8221; voll ist und kaum noch Platz ist f\u00fcr Lebensmittel oder Naschsachen. Die Tourenski sind jetzt jedenfalls mal noch drin. Meine alte Lichtmaschine werd ich aber wohl im Keller meiner Mutter deponieren &#8211; falls ich die dann doch unterwegs brauchen sollte, k\u00f6nnte man dann immer noch einen postalischen Transport organisieren. Damit bekomm ich wenigstens noch ein bisschen Platz frei.<\/p>\n<p>Weniger sch\u00f6n ist ja auch, dass ich in Tirol nochmals vieles wieder ausladen muss, weil die Sto\u00dfd\u00e4mpfer hinten gewechselt werden sollen und dazu wird ein Zugang vom hinteren Innenbereich ben\u00f6tigt.<\/p>\n<p>Tiefk\u00fchltruhe ist nun auch wieder leer und wird abgetaut, auch ein paar Lebensmittel neigen sich dem Ende, von dem her war es schon auch sinnvoll, diese Woche noch zu bleiben. Voraussichtlich werd ich am Sonntag abfahren und hoffen, dass am Montag wieder l\u00e4nger Skibetrieb ist &#8211; oder mir unter der Woche ein paar &#8220;halbe&#8221; Urlaubstage nehmen.<\/p>\n<p>Mitgenommen werden jedenfalls noch die &#8220;Sommerski&#8221; auf dem Dach, die bleiben dann halt im Keller meiner Mutter. Das sind aber ja diejenigen Ski, die am Stubaier gratis serviciert werden w\u00fcrden und vielleicht komm ich ja doch noch dort rauf, z.B. falls es weiterhin wenig Schnee haben sollte, sie aber sehr eingeschr\u00e4nkt, aber zu g\u00fcnstigeren Preisen \u00f6ffnen w\u00fcrden.<\/p>\n<p>Die Wettervorhersagen haben sich auch schon wieder ge\u00e4ndert, nun am SO besser und daf\u00fcr schon morgen Regen\/Schnee (und auch in HiTux wieder mehr als auf der Koralpe).<\/p>\n<p>Heute musste ich auch noch eine leere CD-RW rauskramen. Die einzige, die ich noch hatte und sogar noch original verpackt. Warum? Weil ich mir damals, 2007, in iTunes einige Lieder (35 Stk.) gekauft hatte, die gesch\u00fctzt sind und nur unter iTunes bzw. am iPod oder iPhone abspielbar sind. Da ich im Auto auch gerne mal vom Android-Handy, wo ich die 5- und einige 4-sterne Songs drauf hab, h\u00f6re, das zwangsl\u00e4ufig mit diesen gesch\u00fctzten Dateien nichts anfangen kann, muss man, schwachsinniger- und umst\u00e4ndlicherweise, von iTunes aus eine Audio-CD brennen (MP3 l\u00e4sst er da auch nicht zu) und diese Audio-CD dann wieder einlesen und zu MP3 konvertieren (interessanterweise merkt sich iTunes die Tags und werden beim Re-Import \u00fcbernommen) &#8230; und weil f\u00fcr die 35 Lieder 2 Audio-CDs gebraucht werden w\u00fcrden, entschied ich mich f\u00fcr die CD-RW, auf dass ich sie wieder l\u00f6schen kann.<\/p>\n<p>(Aus dem Grund hab ich dann auch irgendwann nur noch bei Amazon die MP3s gekauft oder gleich wieder CDs, insb. wenn g\u00fcnstiger. Bei nur 10 Liedern h\u00e4tte ich sie mir in Youtube gesucht + downgeloadet, w\u00e4r schneller gegangen.)<\/p>\n<p>Bei der Gelegenheit auch einen unge\u00f6ffneten 10er Pack DVD-Rs gefunden. Tja, wohl auch sinnloserweise gekauft damals. Gilt aber auch f\u00fcr einen Pack 5,25&#8243; Disketten. Falls ich den nicht beim letzten Umzug weggeschmissen hatte..<\/p>\n<p><strong>Fr, 22.9.2023<\/strong><\/p>\n<p>Heut fr\u00fch meldete Bergfex nun \u00fcber 40cm Schnee f\u00fcr heute+morgen f\u00fcr HiTux. Das w\u00fcrde dann f\u00fcr eine SL-\u00d6ffnung sicherlich reichen.<\/p>\n<p>Bin mir ja auch noch unsicher, was ich mit der Heizung daheim machen soll. Das Thermostat in der Wohnungsmitte schaltet ja, wie er\u00e4whnt, komplett falsch (z.B. bei Einstellung 15\u00b0, wenns 22\u00b0 hat oder vor einigen Monaten h\u00e4tte es bei Einstellung 3-5\u00b0 geschaltet, obwohl es 15\u00b0 in der Wohnung war). Niedrigste Einstellung am Anschlag also unbekannt. Der Heizkonvektor soll lt. Anleitung bei &#8220;Stern&#8221; 6\u00b0 machen. Wie genau er das dann misst, ob das z.B. dann nur f\u00fcr den Bereich &#8220;hinterm Konvektor nahe der kalten Wand&#8221; gilt und wie warm es dadurch in der Wohnung w\u00fcrde, ist also unbekannt.<\/p>\n<p>Heute jedenfalls mal testweise und enstaubungshalber den Heizkonvektor auf Max einige Zeit lang laufen lassen, stank anfangs ziemlich verbrannt. Feuermelder ging nicht an.<\/p>\n<p>Die Alternative w\u00e4re alles aus, was irgendwann eh schon mal der Fall war (ev. 2020\/21?), weil ich da irgendeinen Schalter oder Sicherung falsch gelegt hatte, sofern ich mich recht erinnere. Also ich h\u00e4tte kein Problem, wenn die Wohnung auf 0\u00b0 oder so abk\u00fchlen w\u00fcrde (w\u00e4r mir lieber, als sinnloserweise auf z.B. 10\u00b0 zu heizen); das nicht entleerbare Wasser in den Rohren sollte dagegen vielleicht besser nicht gefrieren; andererseits gibts ja auch noch andere Wohnungen, die beheizt werden und das Bad ist nahe Hausflur, der auch etwas beheizt wird.<\/p>\n<p>In dem Fall (komplette Abschaltung) h\u00e4tte ich aber auch die Strom-Verl\u00e4ngerung im Zuge der Teuerung (und mit 1-Jahresbindungs-Verg\u00fcnstigung) nicht machen sollen und stattdessen w\u00e4hrend der Abwesenheit gleich den Strom k\u00fcndigen sollen, dann h\u00e4tte ich mir auch die monatlichen Grundgeb\u00fchren gespart. Also werd ich die Heizung wohl anlassen, weil ich mich sonst \u00e4rgern w\u00fcrde, dass ich da ein Jahr lang sinnlos die Grundgeb\u00fchr zahl .. ;)<\/p>\n<p><strong>Sa, 23.9.2023<\/strong><\/p>\n<p>Heute noch die finalen Sachen wg. Google Notes\/Keep &#8211; Umstellung auf Obsidian &#038; Syncthing erledigt!! Dies ist der erste Absatz, den ich nun nicht mehr auf diesem vermaledeiten Google-Notes schreib. Hat aber auch lang gedauert, bis ich mein Theme in Obsidian und die n\u00f6tigen Plugins, um auch die dortigen Nervsachen abzustellen, erledigt hab. Wobei ich ein paar Sachen noch \u00e4ndern muss, auch das Theme ist noch nicht fertig und auf dem Handy gibts auch noch bissl was zu verbessern, aber das kann ich dann ja unterwegs machen. Was aktuell nervt, dass beim Einf\u00fcgen von (plain) Text, selbst innerhalb des Programms, ab der 2. Zeile pl\u00f6tzlich alle Abs\u00e4tze 3 Leerzeichen vorneweg bekommen.<\/p>\n<p>Ich peile nach wie vor Abfahrt morgen an, die finalen Sachen sollte ich fertig schaffen. Ob ich auf dem Weg morgen noch alte Seilbahnen besuch, ggf. auch ein paar Tage, noch nicht entschieden. Aber vmtl. doch eher gleich Hintertux, so viel Tage sinds ja jetzt nicht mehr bis zum Ende meiner Saisonkarte. Und wie schon &#8220;bef\u00fcrchtet&#8221;: die 180 Tage schaff ich jetzt diese Saison nicht mehr. <\/p>\n<p>Der Hinweis, dass nur bis 12.30 Skibetrieb ist, ist auf der Hintertuxer-Homepage bei den Liften auch verschwunden.  Bzw. in der oberen Titelzeile schon noch vorhanden, aber bei den einzelnen Liften nicht mehr. Na dann mal gespannt, wie&#8217;s am Montag ausschaut und ob\/wann die SL aufmachen. Aktuell hat man am Pitztaler mehr M\u00f6glichkeiten, da die Wildspitz-EUB dank Depotschnee offen sein soll, was zwar auch nur eine Abfahrt ist, aber eben l\u00e4nger und mehr hm als die DSB am Hintertuxer. <\/p>\n<p>Sonst heute? Finale Auswahl, was mit soll. Handschuhe, M\u00fctzen, T\u00fccher &#8230; kaum \u00c4nderungen zu den Vorjahren.<\/p>\n<p>Ungel\u00f6st blieb das Deckenthema. Eine w\u00e4rmere Steppdecke in der Gr\u00f6\u00dfe der Gr\u00fcnen (also anstelle der gr\u00fcnen Decke) hab ich nicht (alle ca. 2m breit statt 1,3) &#8211; was irgendwie sinnlos ist f\u00fcrn Schlafsack, alternativ eine Wolldecke, die aber verglichen mit der kleinen, d\u00fcnnen, blauen Fleecedecke wesentlich mehr Platz braucht und in der Vergangenheit (daheim) auch nicht den Anschein machte, sonderlich viel mehr an W\u00e4rme zu spenden. <\/p>\n<p>Einen warmen \u00dcberzug f\u00fcr die gr\u00fcne Decke hab ich auch nicht (der ist ebenfalls ca. 2m breit).<\/p>\n<p>D.h. ich werd doch wieder die gr\u00fcne+blaue mitnehmen, allerdings entweder<br \/>\n&#8211; die blaue Fleecedecke mit einer etwas dickeren und l\u00e4ngeren ersetzen (und dann die alte halt unterwegs entsorgen)<br \/>\n&#8211; und\/oder einen warmen \u00dcberzug (Bettw\u00e4sche) in 1,3x2m f\u00fcr die gr\u00fcne Decke kaufen und diese im Winter damit \u00fcberziehen -> etwas mehr W\u00e4rme im Winter, aber im Sommer entfernbar<br \/>\n&#8211; oder die gr\u00fcne anstelle der blauen Decke verwenden und eine w\u00e4rmere anstelle der gr\u00fcnen kaufen<\/p>\n<p>Einen Abstecher nach Russland werd ich wohl auch nicht machen, da mir die Grenze vmtl.  zu stressig werden wird und zudem die Krankenversicherung von der DSV-Versicherung nur f\u00fcr Reisen bis 40 Tage oder so gilt, was nat\u00fcrlich von der Abreise vom Wohnort gez\u00e4hlt wird &#8211; d.h. die bringt mir gar nix. (F\u00fcr die anderen Versicherungsbausteine gilt das wohl nicht.)<\/p>\n<p>Zu den Arbeiten am Vortag vor Abreise geh\u00f6rt auch, mit allem abzuschlie\u00dfen, was Feuchtigkeit hinterlassen k\u00f6nnte (au\u00dfer Klo&#038;Co und auch au\u00dfer Einspr\u00fchen diverser Sachen mit Kleiderspray u.\u00e4.): Sp\u00fcle reinigen, Flaschen reinigen, nachf\u00fcllen, K\u00fchlschrank abschalten etc.<\/p>\n<p>Der elektrische Luftentfeuchter l\u00e4uft dann auch nochmals st\u00e4rker. Den Rest \u00fcbernehmen dann die Luftentfeuchter-Gelbeutel, wo ich mir vor einiger Zeit einen gro\u00dfen Pack bestellt hatte, jetzt sind sie aufgebraucht.<\/p>\n<p>Da ich es morgen aber ja nicht so eilig hab, wenn ich nicht auf dem Weg irgendwo halten sollte, wird das finale Zusammenpacken morgen sein.<\/p>\n<p>Sch\u00f6ne Nachrichten auch von der Skandinavischen Saisonkarte: J\u00e4ckvik soll auch dabei sein. Zumindest f\u00fcr 5 Tage (einige Skigebiete haben das 5-Tages-Limit, was aber bei derzeit 15 Skigebiete, minus 1 in Italien\/Limone und 1 n\u00e4he Stockholm, also f\u00fcr mich 13 relevante, ja kein Problem ist). Wobei der SL in J\u00e4ckvik ja weit oben im Norden ist und abseits der Wochenenden nur selten offen hat. Wird also vmtl. eher auf ein WE dort rauslaufen, vielleicht auf dem Weg zu\/von Norwegen. Die Skipass-Shop-Website wurde auch auf &#8220;23\/24&#8221; umgestellt und der Preis betr\u00e4gt moderat erh\u00f6hte 5.745,- SEK (von 5.495,-). <\/p>\n<p>Wobei man zumindest bisher in jedem Skigebiet zum Ticket office musste, um den Skipasas aufzuladen. Ob man dann jeweils nur eine Tageskarte geladen bekommt (und jeden Tag hin muss) oder mehr draufgeladen wird, steht nicht n\u00e4her beschrieben. Eine \u00c4nderung ist zwar geplant, aber ob das heuer was wird?<\/p>\n<p><strong>So, 24.9.2023<\/strong> &#8212; Skandinavientour 2023\/24 Tag 1<\/p>\n<p>Was ich heute erstmals noch in der Wohnung verteilte: Duftb\u00e4umchen. Keine Ahnung, wie die am l\u00e4ngsten und sinnvollsten haltbar w\u00e4ren &#8211; komplett aufgemacht verfliegt der Duft vmtl. schnell, aber danach verstr\u00f6mt das Teil vielleicht l\u00e4nger Duft, als wenn man nur L\u00f6cher oder Ecken freimachen w\u00fcrde? Andererseits w\u00fcrde es in letzterem Fall l\u00e4nger dauern, bis der ganze Duft drau\u00dfen ist?<\/p>\n<p>Oh Mann. Mit den letzten Sachen von heute bin ich nun wieder viel zu voll im Auto. Ob ich das heut Abend noch alles werde verr\u00e4umen k\u00f6nnen? Ein Teil bleibt ja dann bei Mutter, aber trotzdem ist das mal wieder heftigst zu viel. Vmtl. h\u00e4tte ich die Tourenski doch daheim lassen sollen&#8230; wobei ich mir ja noch \u00fcberlegen kann, die im Keller meiner Mutter zu lagern. F\u00fcr die vielleicht wieder 3-6 Skitouren ist das schon viel Platz, was da f\u00fcr eine eventuell 12-monatige Reise draufgeht. <\/p>\n<p>Abfahrt war um 11.30, bei ca. 249.785km, Ankunft in Hitux um 19h bei mageren +6\u00b0.<br \/>\nLaut Website sollte nun wenigstens noch der GW-SL  offen sein, allerdings wietrehin ohne TFH-Abfahrt. <\/p>\n<p>Nach einer guten Stunde war dann alles angschlossen und verr\u00e4umt, mit Ausnahme des restlichen Katzenstreus und den Sachen, die in Tirol und Franken noch rauskommen werden. Nach wie vor nicht klar, ob ich nicht doch die Tourenski noch in Tirol lassen werde. Die sind eh noch gar nicht auf die neuen Skischuhe eingestellt, vielleicht passt das gar nicht.<\/p>\n<p>Bei den Temperaturen heute jedenfalls mal wieder die Standheizung eingeschaltet.<\/p>\n<p><strong>Mo, 25.9.2023<\/strong><\/p>\n<p>Heut fr\u00fch ist mir leider eingefallen, wof\u00fcr die eine Antirutsch-Matte war, die in der Wohnung lag: f\u00fcr den Bildschirm morgens beim Arbeiten, dass der am Lenkrad(halter) h\u00e4lt :( Eine andere Antirutschmatte hatte ich unterm Sitz, die mit der anderen Sitzauflage auch nicht mehr n\u00f6tig war, ebenfalls nicht dabei diesmal. Einzig \u00fcber der Batterie hab ich noch ein sehr kurzes St\u00fcck deponiert (quasi als Schutz f\u00fcr die Anschl\u00fcsse, nicht  als Antirutschmatte in Verwendung) &#8211; dann werd ich  das mal testen m\u00fcssen &#8230;<\/p>\n<p>Naja, ging mit dem kleinen St\u00fcck und alternativ der Vorhang w\u00fcrde sonst auch passen als rutschfeste Unterlage.<\/p>\n<p>Testweise heut fr\u00fch auch mal mit einem Schwamm die Fenster abgewischt. Allerdings nahm der nicht alles Wasser auf und beim auswringen vor dem Auto ging trotzdem kaum ein Tropfen raus. So bringt das wohl auch nix.<\/p>\n<p>Leider stand heut fr\u00fch auf der Website vom Hintertuxer wieder die 12:30 Uhr &#8211; Beschr\u00e4nkung bei den Liften :( Obwohl ja sogar die GW-SL wieder fahren. Schwache Leistung heuer.  Soll lt. Nachfrage wegen des warmen Wetters wohl auch diese Woche noch so bleiben :(<\/p>\n<p>Also dann ab 9:30 Uhr frei genommen und fr\u00fcher rauf. Bei den heutigen fast-winterlichen Temperaturen mit Sommerskibekleidung oder puhl ich noch die Winterjacke raus? Ja, lieber mal.<\/p>\n<p>Da man dank des Neuschnees bis Talstation GB3 fahren konnte und mir der Status an der DSB zwecks &#8220;Ski an oder tragen&#8221; unbekannt war, fuhr ich gleich mal mit dem GB3 rauf.<\/p>\n<p>TFH-Abfahrt nach wie vor ebenfalls nicht ge\u00f6ffnet, aber teils pr\u00e4pariert, einen hab ich aber schon bei der Rauffahrt runterfahren sehen und sp\u00e4ter noch mehr, also fuhr ich auch. <\/p>\n<p>Olperer-Pr\u00e4parierung hinterlie\u00df mehr Hoffnung auf baldige \u00d6ffnung. Liftbedienster meinte eher nicht und tippte auf n\u00e4chste Woche. Anscheinend entscheidet das schlussendlich der Chef auch mal spontan, kann sich also auch noch \u00e4ndern. Da am Sonntag der 1.10. ist, vielleicht ja doch noch am Sa, 30.9. Aber wenns da regnen sollte, werd ich am 30. gar nicht mehr fahren.<\/p>\n<p>Die DSB-Zufahrt (ja, angeschnallte Bergfahrt)  ist schmal und teils steinig, k\u00f6nnte sich im Laufe der Woche also noch verschlechtern. Die DSB-Abfahrt auch etwas eisig hart, an den GW-SL-Abfahrten dagegen war&#8217;s pulvrig-griffig sch\u00f6n zu fahren.<\/p>\n<p><a href='http:\/\/ski.inmontanis.info\/d\/321504-2\/DSC07160.jpg'><img src=http:\/\/ski.inmontanis.info\/d\/321503-3\/DSC07160.jpg \/><\/a><br \/>\n^ Zoom Kaserer von Sektion 1<\/p>\n<p><a href='http:\/\/ski.inmontanis.info\/d\/321508-2\/DSC07164.jpg'><img src=http:\/\/ski.inmontanis.info\/d\/321507-3\/DSC07164.jpg \/><\/a><br \/>\n^ Zoom TFH-Hang von GB2<\/p>\n<p><a href='http:\/\/ski.inmontanis.info\/d\/321512-2\/DSC07165.jpg'><img src=http:\/\/ski.inmontanis.info\/d\/321511-3\/DSC07165.jpg \/><\/a><br \/>\n^ TFH-Hang<\/p>\n<p><a href='http:\/\/ski.inmontanis.info\/d\/321516-2\/DSC07167.jpg'><img src=http:\/\/ski.inmontanis.info\/d\/321515-3\/DSC07167.jpg \/><\/a><br \/>\n^ TFH-Abfahrt. Vmtl. wollens die wegen dem schmalen \u00dcbergang noch nicht \u00f6ffnen? Oder den Schnee aufheben bis Oktober?<\/p>\n<p><a href='http:\/\/ski.inmontanis.info\/d\/321520-2\/DSC07171.jpg'><img src=http:\/\/ski.inmontanis.info\/d\/321519-3\/DSC07171.jpg \/><\/a><br \/>\n^ Auf dem Weg liegt jedenfalls Schnee<\/p>\n<p><a href='http:\/\/ski.inmontanis.info\/d\/321524-2\/DSC07172.jpg'><img src=http:\/\/ski.inmontanis.info\/d\/321523-3\/DSC07172.jpg \/><\/a><br \/>\n^ GB3, man konnte mit den Skiern bis zur Talstation fahren<\/p>\n<p><a href='http:\/\/ski.inmontanis.info\/d\/321528-2\/DSC07175.jpg'><img src=http:\/\/ski.inmontanis.info\/d\/321527-3\/DSC07175.jpg \/><\/a><br \/>\n^ Zoom zum flachen Bereich der 6KSBs<\/p>\n<p><a href='http:\/\/ski.inmontanis.info\/d\/321532-2\/DSC07178.jpg'><img src=http:\/\/ski.inmontanis.info\/d\/321531-3\/DSC07178.jpg \/><\/a><br \/>\n^ Status Bergstation GB3<\/p>\n<p><a href='http:\/\/ski.inmontanis.info\/d\/321536-2\/DSC07181.jpg'><img src=http:\/\/ski.inmontanis.info\/d\/321535-3\/DSC07181.jpg \/><\/a><br \/>\n^ GW-SL\/DSB<\/p>\n<p><a href='http:\/\/ski.inmontanis.info\/d\/321540-2\/DSC07183.jpg'><img src=http:\/\/ski.inmontanis.info\/d\/321539-3\/DSC07183.jpg \/><\/a><br \/>\n^ Die beiden linken Abfahrten am Olperer-SL sind pr\u00e4pariert, vielleicht geht er ja bald auf? Aktuell arbeitet man wohl im Funpark<\/p>\n<p><a href='http:\/\/ski.inmontanis.info\/d\/321544-2\/DSC07185.jpg'><img src=http:\/\/ski.inmontanis.info\/d\/321543-3\/DSC07185.jpg \/><\/a><br \/>\n^ Der GW-SL ist seit heute oder gestern wieder offen<\/p>\n<p><a href='http:\/\/ski.inmontanis.info\/d\/321548-2\/DSC07186.jpg'><img src=http:\/\/ski.inmontanis.info\/d\/321547-3\/DSC07186.jpg \/><\/a><br \/>\n^ Gegen\u00fcber liegt nun bald kein Gletscher mehr vom Kasererbereich aus runter<\/p>\n<p><a href='http:\/\/ski.inmontanis.info\/d\/321552-2\/DSC07189.jpg'><img src=http:\/\/ski.inmontanis.info\/d\/321551-3\/DSC07189.jpg \/><\/a><br \/>\n^ Der Felsriegel (seit letztem Sommer) links vom GW-SL nun ohne Matten<\/p>\n<p><a href='http:\/\/ski.inmontanis.info\/d\/321556-2\/DSC07190.jpg'><img src=http:\/\/ski.inmontanis.info\/d\/321555-3\/DSC07190.jpg \/><\/a><br \/>\n^ Besagter Felsriegel links im Bild ist wohl eine Verl\u00e4ngerung von den Felsen rechts<\/p>\n<p><a href='http:\/\/ski.inmontanis.info\/d\/321560-2\/DSC07192.jpg'><img src=http:\/\/ski.inmontanis.info\/d\/321559-3\/DSC07192.jpg \/><\/a><br \/>\n^ Felsriegel links vom GW-SL<\/p>\n<p><a href='http:\/\/ski.inmontanis.info\/d\/321564-2\/DSC07194.jpg'><img src=http:\/\/ski.inmontanis.info\/d\/321563-3\/DSC07194.jpg \/><\/a><br \/>\n^ DSB-Abfahrt<\/p>\n<p><a href='http:\/\/ski.inmontanis.info\/d\/321568-2\/DSC07196.jpg'><img src=http:\/\/ski.inmontanis.info\/d\/321567-3\/DSC07196.jpg \/><\/a><br \/>\n^ Bei dem vermatteten Bereich kann man aber nicht wirklich erkennen, wo da seit letztem jahr Fels ausapern soll.<\/p>\n<p><a href='http:\/\/ski.inmontanis.info\/d\/321572-2\/DSC07198.jpg'><img src=http:\/\/ski.inmontanis.info\/d\/321571-3\/DSC07198.jpg \/><\/a><br \/>\n^ Mittlerer Kaserer-Weg, da wird gebaggert und vmtl. h\u00e4tte man sich die Vermattung sparen k\u00f6nnen?!<\/p>\n<p><a href='http:\/\/ski.inmontanis.info\/d\/321576-2\/DSC07202.jpg'><img src=http:\/\/ski.inmontanis.info\/d\/321575-3\/DSC07202.jpg \/><\/a><br \/>\n^ DSB-Zufahrt teils schmal und teils steinig<\/p>\n<p><a href='http:\/\/ski.inmontanis.info\/d\/321580-2\/DSC07204.jpg'><img src=http:\/\/ski.inmontanis.info\/d\/321579-3\/DSC07204.jpg \/><\/a><br \/>\n^ Im oberen Bereich der DSB-Abfahrt stehen nun Schneekanonen, weil wohl die Lanzen zu weit vom Gletscher entfernt sind<\/p>\n<p><a href='http:\/\/ski.inmontanis.info\/d\/321584-2\/DSC07205.jpg'><img src=http:\/\/ski.inmontanis.info\/d\/321583-3\/DSC07205.jpg \/><\/a><br \/>\n^ Spaltenfeld richtung TFH<\/p>\n<p><a href='http:\/\/ski.inmontanis.info\/d\/321588-2\/DSC07206.jpg'><img src=http:\/\/ski.inmontanis.info\/d\/321587-3\/DSC07206.jpg \/><\/a><br \/>\n^ GW-SL und S\u00fcdpano<\/p>\n<p><a href='http:\/\/ski.inmontanis.info\/d\/321592-2\/DSC07214.jpg'><img src=http:\/\/ski.inmontanis.info\/d\/321591-3\/DSC07214.jpg \/><\/a><br \/>\n^ Olperer von GW<\/p>\n<p><a href='http:\/\/ski.inmontanis.info\/d\/321596-2\/DSC07216.jpg'><img src=http:\/\/ski.inmontanis.info\/d\/321595-3\/DSC07216.jpg \/><\/a><br \/>\n^ Der Felsriegel an der s\u00fcdlichen GW-Abfahrt. Wie lang man den noch vermatten will, so hoch wie der jetzt ist?<\/p>\n<p><a href='http:\/\/ski.inmontanis.info\/d\/321600-2\/DSC07219.jpg'><img src=http:\/\/ski.inmontanis.info\/d\/321599-3\/DSC07219.jpg \/><\/a><br \/>\n^ DSB-Bergstation<\/p>\n<p><a href='http:\/\/ski.inmontanis.info\/d\/321604-2\/DSC07220.jpg'><img src=http:\/\/ski.inmontanis.info\/d\/321603-3\/DSC07220.jpg \/><\/a><br \/>\n^ GB3-Bergstation<\/p>\n<p><a href='http:\/\/ski.inmontanis.info\/d\/321608-2\/DSC07221.jpg'><img src=http:\/\/ski.inmontanis.info\/d\/321607-3\/DSC07221.jpg \/><\/a><br \/>\n^ Die Zufahrt zu meiner \u00fcblichen Pinkelstelle ist momentan nicht mehr m\u00f6glich<\/p>\n<p><a href='http:\/\/ski.inmontanis.info\/d\/321612-2\/DSC07222.jpg'><img src=http:\/\/ski.inmontanis.info\/d\/321611-3\/DSC07222.jpg \/><\/a><br \/>\n^ Am rechten GW-SL sind mittlerweile Felsen in der Lifttrasse<\/p>\n<p><a href='http:\/\/ski.inmontanis.info\/d\/321616-2\/DSC07223.jpg'><img src=http:\/\/ski.inmontanis.info\/d\/321615-3\/DSC07223.jpg \/><\/a><br \/>\n^ Felsen in der Lifttrasse des rechten GW-SL und zwischen beiden SL<\/p>\n<p><a href='http:\/\/ski.inmontanis.info\/d\/321620-2\/DSC07224.jpg'><img src=http:\/\/ski.inmontanis.info\/d\/321619-3\/DSC07224.jpg \/><\/a><br \/>\n^ Auch unterhalb der St\u00fctze liegen Felsen nicht nur in der SL-Trasse vom rechten GW-SL und zwischen den SL, sondern der vorne ..<\/p>\n<p><a href='http:\/\/ski.inmontanis.info\/d\/321624-2\/DSC07225.jpg'><img src=http:\/\/ski.inmontanis.info\/d\/321623-3\/DSC07225.jpg \/><\/a><br \/>\n^ .. reicht sogar schon etwas in die SL-Trasse vom linken SL :(<\/p>\n<p><a href='http:\/\/ski.inmontanis.info\/d\/321628-2\/DSC07227.jpg'><img src=http:\/\/ski.inmontanis.info\/d\/321627-3\/DSC07227.jpg \/><\/a><br \/>\n^ Im Spaltenfeld &#8230;<\/p>\n<p><a href='http:\/\/ski.inmontanis.info\/d\/321632-2\/DSC07228.jpg'><img src=http:\/\/ski.inmontanis.info\/d\/321631-3\/DSC07228.jpg \/><\/a><br \/>\n^ .. ist mal wieder Altmetall ausgeapert<\/p>\n<p><a href='http:\/\/ski.inmontanis.info\/d\/321636-2\/DSC07229.jpg'><img src=http:\/\/ski.inmontanis.info\/d\/321635-3\/DSC07229.jpg \/><\/a><br \/>\n^ GW-Hang von TFH-Abfahrt<\/p>\n<p><a href='http:\/\/ski.inmontanis.info\/d\/321640-2\/DSC07232.jpg'><img src=http:\/\/ski.inmontanis.info\/d\/321639-3\/DSC07232.jpg \/><\/a><br \/>\n^ Von der DSB-Abfahrt aus verhindert  momentan noch eine Spaltenzone die Verbindung zur  TFH-Abfahrt, aber &#8230;<\/p>\n<p><a href='http:\/\/ski.inmontanis.info\/d\/321644-2\/DSC07233.jpg'><img src=http:\/\/ski.inmontanis.info\/d\/321643-3\/DSC07233.jpg \/><\/a><br \/>\n^ .. 2 habens trotzdem probiert und hier ihr Gl\u00fcck gefunden<\/p>\n<p><a href='http:\/\/ski.inmontanis.info\/d\/321648-2\/DSC07235.jpg'><img src=http:\/\/ski.inmontanis.info\/d\/321647-3\/DSC07235.jpg \/><\/a><br \/>\n^ Die geschlossene TFH-Abfahrt hier oben toll zu fahren<\/p>\n<p><a href='http:\/\/ski.inmontanis.info\/d\/321652-2\/DSC07236.jpg'><img src=http:\/\/ski.inmontanis.info\/d\/321651-3\/DSC07236.jpg \/><\/a><br \/>\n^ Der TFH-Haupthang wird wohl nicht so schnell aufgehen, oben Spalten und unten Felsen..<\/p>\n<p><a href='http:\/\/ski.inmontanis.info\/d\/321656-2\/DSC07237.jpg'><img src=http:\/\/ski.inmontanis.info\/d\/321655-3\/DSC07237.jpg \/><\/a><br \/>\n^ TFH-Abfahrt<\/p>\n<p><a href='http:\/\/ski.inmontanis.info\/d\/321660-2\/DSC07238.jpg'><img src=http:\/\/ski.inmontanis.info\/d\/321659-3\/DSC07238.jpg \/><\/a><br \/>\n^ ZwiDeGo-Bereich<\/p>\n<p><a href='http:\/\/ski.inmontanis.info\/d\/321664-2\/DSC07240.jpg'><img src=http:\/\/ski.inmontanis.info\/d\/321663-3\/DSC07240.jpg \/><\/a><br \/>\n^ TFH-Abfahrt<\/p>\n<p><a href='http:\/\/ski.inmontanis.info\/d\/321668-2\/DSC07242.jpg'><img src=http:\/\/ski.inmontanis.info\/d\/321667-3\/DSC07242.jpg \/><\/a><br \/>\n^ TFH-Abfahrt<\/p>\n<p><a href='http:\/\/ski.inmontanis.info\/d\/321672-2\/DSC07243.jpg'><img src=http:\/\/ski.inmontanis.info\/d\/321671-3\/DSC07243.jpg \/><\/a><br \/>\n^ Sieht man auch eher selten, den Wasserfall, weil die Mulde ja normalerweise voller Schnee ist<\/p>\n<p>Die n\u00e4chste falsche Entscheidung: wegen der kalten Nacht einen sonnigen Parkplatz nehmen. Um 13:20 waren&#8217;s 35\u00b0 innen am Thermometer, zudem hatte ich auch auf die Matte an der Windschutzscheibe verzichtet und mich in Richtung S\u00fcden gestellt. Alles 3 war also zuviel und ich stellte mich wieder um in den Schatten, wo es aber auch bald wieder k\u00fchl wurde. Und lang ist die Sonne hier eh nicht mehr.<\/p>\n<p>Gut, dass ich die Winterjacke heut fr\u00fch vom &#8220;Keller&#8221; hinten rausger\u00e4umt hatte, denn beim Einr\u00e4umen nachmittags stellte ich fest, dass Tourenski und danebenliegende Lautsprecherbox komplett nass waren. Gleich mal einen der Katzenstreustr\u00fcmpfe dort hinten verbaut (hatte ich gestern nicht, weil alles so sch\u00f6n und sehr eng eingepackt war) bzw liegt ja jetzt wieder die Jacke unten, die ein bisschn Feuchtigkeit aufnhemenn kann. Jedenfalls h\u00e4tt ich nicht damit gerechnet, dass ich schon heute so ein Wasserproblem bekommen w\u00fcrde und sehe nun die 4 neuen Lautsprecher als m\u00f6gliche Feuchtigkeitsproblemstellen &#8230; bei den Skiern hatte ich ja sowie schon Bedenken. <\/p>\n<p>Aber auch die Skier am Dach und der Dachtr\u00e4ger waren heute Morgen pitschnass als h\u00e4tte es geregnet.<\/p>\n<p>Was ich daheim auch vergessen hab zu testen: den USB-K(nichtV)M-Switch in Kombination mit der Tastatur. Hab ja nur die extene SSD getestet und das funktionierte mit beiden PCs. Aber mit angeschlossener Tastatur und noch einem SD-Kartenleser geht entweder SSD oder Tastatur. Eine Meldung la\u00df sich so, dass die Tastatur evtl das komplette Teil  auf USB 1 oder 2 runtersetzen w\u00fcrde.  Dahim h\u00e4tte ich das noch mit einem USB1 oder 2-Hub  dazwischen testen k\u00f6nnen. So kann ich maximal noch testen, ob es zu wenig Strom hat und das zus\u00e4tzliche USB-Stromkabel verbinden. Ob ich dann noch eine sonderliche Stromersparnis h\u00e4tte, den alten PC zu verwenden &#8230;.<\/p>\n<p>Zus\u00e4tzlicher Strom verbesserte die Sache etwas, aber da man nur 1 Kabel daf\u00fcr anstecken kann, h\u00e4ngt das jetzt am USB-Hub von den Lichterketten statt an beiden PCs. Der ja egtl. per Schalter ausgeschaltet ist, wenn kein Licht ben\u00f6tigt wird. Also auch keine optimale L\u00f6sung und schon gleich gar nicht stromsparend..<\/p>\n<p><em>N\u00e4chster Bericht in ca. 1 Woche<\/em><\/p>\n<p>&#8212;<br \/>\nPolitik?<\/p>\n<p><a href='https:\/\/www.orf.at\/#\/stories\/3331743\/'>https:\/\/www.orf.at\/#\/stories\/3331743\/<\/a><\/p>\n<p>^ Nun, sch\u00f6n dass das mal &#8220;vom Chef&#8221; erkannt wird, dass es ohne Reformen (der westlich dominierten Weltinstitutionen) nicht so weiter geht. Interessant find ich aber tats\u00e4chlich auch die im Artikel jeweils genannten Reihenfolgen, die nicht dem \u00fcblichen westlichen Mainstream-Framing entspricht:<\/p>\n<p>&#8220;Die Vereinten Nationen sind aufgrund der Konfrontation zwischen dem Westen und Russland, der Rivalit\u00e4t zwischen den USA und China&#8230;&#8221;<\/p>\n<p>.. ganz genau, der Westen ist auf Konfrontation mit Russland, nicht umgekehrt. USA sind auf Konfrontation mit China, nicht umgekehrt.<\/p>\n<p>&#8211;<\/p>\n<p><a href='https:\/\/www.anti-spiegel.ru\/2023\/mein-bericht-von-der-wahlbeobachtung-im-gebiet-saporoschje\/?doing_wp_cron=1694583253.8013279438018798828125'>https:\/\/www.anti-spiegel.ru\/2023\/mein-bericht-von-der-wahlbeobachtung-im-gebiet-saporoschje\/?doing_wp_cron=1694583253.8013279438018798828125<\/a><\/p>\n","protected":false},"excerpt":{"rendered":"<p>Mo, 11.9.2023<\/p>\n<p>Ab 6:50 von st\u00e4dtischem Baul\u00e4rm aufgeweckt worden (Fenster war \u00fcber Nacht offen) und so ging es vormittgs weiter, laufend diese LKW-R\u00fcckw\u00e4rts-Fahr-Getute, was f\u00fcr ein L\u00e4rm.<\/p>\n<p>Gestern eine DVD gesehen, wie vor 100 Jahren in Blackpool die Promenade vergr\u00f6\u00dfert wurde, da haben halt hunderte M\u00e4nner mit Schaufeln die Erde richtung Meer runtergesch\u00fcttet\/gegraben und Pferdefuhrwerke <a href=\"http:\/\/blog.inmontanis.info\/?p=9436\">[&#8230;]<\/a><\/p>\n","protected":false},"author":1,"featured_media":9440,"comment_status":"closed","ping_status":"closed","sticky":false,"template":"","format":"standard","meta":{"footnotes":""},"categories":[912,246,13,28],"tags":[38,47],"class_list":["post-9436","post","type-post","status-publish","format-standard","has-post-thumbnail","hentry","category-2023-09-2024-xx-skandinavien","category-hintertux","category-austria","category-skifahren-sommer","tag-dsb","tag-sl","odd"],"_links":{"self":[{"href":"http:\/\/blog.inmontanis.info\/index.php?rest_route=\/wp\/v2\/posts\/9436","targetHints":{"allow":["GET"]}}],"collection":[{"href":"http:\/\/blog.inmontanis.info\/index.php?rest_route=\/wp\/v2\/posts"}],"about":[{"href":"http:\/\/blog.inmontanis.info\/index.php?rest_route=\/wp\/v2\/types\/post"}],"author":[{"embeddable":true,"href":"http:\/\/blog.inmontanis.info\/index.php?rest_route=\/wp\/v2\/users\/1"}],"replies":[{"embeddable":true,"href":"http:\/\/blog.inmontanis.info\/index.php?rest_route=%2Fwp%2Fv2%2Fcomments&post=9436"}],"version-history":[{"count":4,"href":"http:\/\/blog.inmontanis.info\/index.php?rest_route=\/wp\/v2\/posts\/9436\/revisions"}],"predecessor-version":[{"id":9441,"href":"http:\/\/blog.inmontanis.info\/index.php?rest_route=\/wp\/v2\/posts\/9436\/revisions\/9441"}],"wp:featuredmedia":[{"embeddable":true,"href":"http:\/\/blog.inmontanis.info\/index.php?rest_route=\/wp\/v2\/media\/9440"}],"wp:attachment":[{"href":"http:\/\/blog.inmontanis.info\/index.php?rest_route=%2Fwp%2Fv2%2Fmedia&parent=9436"}],"wp:term":[{"taxonomy":"category","embeddable":true,"href":"http:\/\/blog.inmontanis.info\/index.php?rest_route=%2Fwp%2Fv2%2Fcategories&post=9436"},{"taxonomy":"post_tag","embeddable":true,"href":"http:\/\/blog.inmontanis.info\/index.php?rest_route=%2Fwp%2Fv2%2Ftags&post=9436"}],"curies":[{"name":"wp","href":"https:\/\/api.w.org\/{rel}","templated":true}]}}