{"id":9429,"date":"2023-09-10T18:58:59","date_gmt":"2023-09-10T16:58:59","guid":{"rendered":"http:\/\/blog.inmontanis.info\/?p=9429"},"modified":"2023-09-12T19:11:38","modified_gmt":"2023-09-12T17:11:38","slug":"auto-schrank-tisch-licht-3d-druck-pc-musik-28-8-10-9-2023","status":"publish","type":"post","link":"http:\/\/blog.inmontanis.info\/?p=9429","title":{"rendered":"Auto, Schrank, Tisch, Licht, 3D-Druck, PC, Musik, &#8230; 28.8.-10.9.2023"},"content":{"rendered":"<p>Ha! F\u00fcr meine Fugen f\u00fcr die Fliesenlook-Aktion im Holz ist mir erst eine, dann noch eine andere Idee gekommen.<\/p>\n<p>1) mit einem L\u00f6tkolben bzw. L\u00f6tpistole eine Vertiefung einbrennen. Wieder einmal ein Relikt von meinem Gro\u00dfvater und aufgrund der Gr\u00f6\u00dfe hatte ich das nie verwendet (verwende feinere L\u00f6tkolben), aber f\u00fcr den Zweck wohl geeignet. Mit einem Holz als F\u00fchrung, um die Linie gerader zu machen. Selbst im ausgeschalteten Zustand bekommt man da schon eine Furche rein, im warmen Zustand besser. Das Ergebnis \u00fcberzeugte mich bereits.<\/p>\n<p><a href='http:\/\/extra.inmontanis.info\/d\/100154-2\/DSC06940.jpg'><img src=http:\/\/extra.inmontanis.info\/d\/100153-3\/DSC06940.jpg \/><\/a><br \/>\n^ Mit der L\u00f6tpistole testweise Vertiefungen als Fliesenlook ins Holz naja, weniger gebrannt, als eher gedr\u00fcckt.<\/p>\n<p>2) Auf der Suche nach einem wei\u00dfen Edding\/Lackstift o.\u00e4. nicht f\u00fcndig geworden, aber mal mit anderen Farben probiert, ja, damit k\u00f6nnte man die danach entstandene Fuge sch\u00f6n geradlinig lackieren. <\/p>\n<p>3) Moment .. ich hab ja in einer der alten Schul-Stiftmappen noch so ein Schnitzwerkzeug, das wir mal f\u00fcr einen Linoleumschnitt im Kunstunterricht anschaffen mussten und nat\u00fcrlich danach nie wieder ben\u00f6tigt hatten.<br \/>\nJedenfalls hat das Teil U-f\u00f6rmige Messer in verschiedenen Breiten und nat\u00fcrlich passt eins davon, um die Furche des L\u00f6tkolbens danach einerseits zu gl\u00e4tten, etwas zu verbreitern und f\u00fchrt dadurch auch dazu, dass die vorherige Farbe bzw. die leichte Einbrennung verschwindet und das hellbraune Pappelsperrholz zum Vorschein kommt. Das ist dann ja eigentlich eh so hell, dass ich es gar nicht mehr wei\u00df lackieren m\u00fcsste. <\/p>\n<p><a href='http:\/\/extra.inmontanis.info\/d\/100158-2\/DSC06942.jpg'><img src=http:\/\/extra.inmontanis.info\/d\/100157-3\/DSC06942.jpg \/><\/a><br \/>\n^ Mit diesem Schnitzwerkzeug konnte ich die Fugen-Optik verbessern<\/p>\n<p>A und O ist dann eine m\u00f6glichst geradlinige F\u00fchrung der L\u00f6tpistole entlang einer ggf. zumindest an einer Seite festgespannten Holzleiste als Schiene. <\/p>\n<p>D.h. jedenfalls, erst gr\u00fcn lackieren, dann die Fuge. Nur was mach ich mit dem Tischbrett? Das ist derzeit ja auch nur teilweise blau lackiert (noch von fr\u00fcher, aus dem Qubo, mit einer freien Stelle, wo mal ein Winkel angeschraubt war) .. -> neu durchgehend blau oder durchgehend gr\u00fcn oder auch Fliesenlook? <\/p>\n<p>Wettervorsagen waren f\u00fcr heute noch trocken hier oben, d.h. ich sollte heute die Nassreinigung im Auto durchf\u00fchren, K\u00fchlschrank wieder ausbauen und schauen, ob sich dort unten wieder Schimmel gebildet hat usw.<\/p>\n<p>H\u00e4tte ja evtl. Ende der Woche zum Einkaufen runterfahren wollen. H\u00e4tte aber auch an einem der WE daheim, m\u00f6glichst nach den aktuellsten Umbauten im Auto und nicht bei zu hei\u00dfem Wetter eine Rundfahrt machen wollen, z.B. SA Einkauf zur Abwechslung mal in Slowenien, SO in Graz mit den alten Trams fahren und MO dann ein oder zwei Gebrauchtwaren\/Antik\/Flohmarkthallen besuchen. Oder umgekehrte Richtung. Jedenfalls k\u00f6nnte ich durchaus paar Lebennsmittel brauchen f\u00fcr n\u00e4chste Woche, z.B. Milch und Semmel. Allerdings werd ich ja kaum fertig werden diese Woche mit allen Arbeiten im und f\u00fcr&#8217;s Auto, insb. was die ganze Verkabelung auch mit den Heizmatten\u00e4nderungen angeht. Andererseits w\u00e4re Tram&#038;Museum in Graz nur n\u00e4chsten SO offen, nicht die beiden SO darauf.<\/p>\n<p><a href='http:\/\/extra.inmontanis.info\/d\/100162-2\/IMG_20230828_100535.jpg'><img src=http:\/\/extra.inmontanis.info\/d\/100161-3\/IMG_20230828_100535.jpg \/><\/a><br \/>\n^ So gut wie kein Schimmel am Holz im K\u00fchlschrankbereich, aber daf\u00fcr drunter diesmal. Aber nicht so wild wie letztes Jahr.<\/p>\n<p><a href='http:\/\/extra.inmontanis.info\/d\/100166-2\/IMG_20230828_100954.jpg'><img src=http:\/\/extra.inmontanis.info\/d\/100165-3\/IMG_20230828_100954.jpg \/><\/a><br \/>\n^ Anti-Schimmelspray und gut is&#8217;.<\/p>\n<p><a href='http:\/\/extra.inmontanis.info\/d\/100170-2\/IMG_20230828_103455.jpg'><img src=http:\/\/extra.inmontanis.info\/d\/100169-3\/IMG_20230828_103455.jpg \/><\/a><br \/>\n^ Weniger gut! Wo dieser tiefe, gro\u00dfe Kratzer da unterm T\u00fcrgriff auf der Beifahrerseite herkommt??<\/p>\n<p>Zus\u00e4tzlich zum Reinigen hab ich noch die L\u00f6cher zur Batterie vergr\u00f6\u00dfert, damit ich mich mit dem eventuellen Einbau eines Batteriemonitors\/Shunts leichter tu und anschlie\u00dfend einige noch nicht lackierte Holzteile im Bodenbereich lackiert, damit sie dort weniger schimmelanf\u00e4llig sind.<\/p>\n<p>Mit dem Streichen der Autoteile ging&#8217;s dann auch in der Wohnung weiter, alles, was noch nicht lackiert war, wurde Blau (etwas anderer Farbton als zuletzt) bzw. den Schrank-Innenbereich hab ich mit einer Gr\u00fcnmischung lackiert (dazu die beiden im Bauhaus im Winter gekauften gr\u00fcnen Testfarben Jungle + Simply 21 einfach 1:1 zusammengesch\u00fcttet,  um einen Mischfarbton (und mehr Farbe) zu bekommen.<\/p>\n<p><a href='http:\/\/extra.inmontanis.info\/d\/100174-2\/DSC06944.jpg'><img src=http:\/\/extra.inmontanis.info\/d\/100173-3\/DSC06944.jpg \/><\/a><br \/>\n^ Diverse Holzteile aus dem Auto, rechts das Teil auf das das WC steht und links der Schrank, den ich nun Innen etwas gr\u00fcn lackiert hab, aber wichtiger ist ja dann die \u00e4u\u00dfere Lackierung, die zum gr\u00fcnen Fliesenlook werden soll<\/p>\n<p>Dann kann ich morgen mit meiner zuletzt verwendeten Moosgr\u00fcn-Farbmischung die zwei Seiten lackieren, die ich dann im Fliesenlook haben m\u00f6chte und \u00fcbermorgen die Fugen &#8220;fr\u00e4sen&#8221;.<\/p>\n<p>Die Tischplatte bekommt dann vielleicht eine Mischung aus dem Blau und dem heutigen Gr\u00fcn zu einem T\u00fcrkis? <\/p>\n<p><strong>Di, 29.8.2023<\/strong><\/p>\n<p>F\u00fcr den Fliesenlook misch ich wieder den matten Hybridlack mit dem h\u00e4rterlosen Hochglanz-Fliesenlack, damit das Ergebnis hoffentlich etwas gl\u00e4nzender wird.<\/p>\n<p>Bevor ich aber anfing, \u00fcberlegte ich mir noch ein Design f\u00fcr das Tischbrett, denn vielleicht m\u00f6chte ich den ja teils oder ganz in der selben Farbe lackieren? <\/p>\n<p>Nachdem ich ganzfl\u00e4chige Varianten mit Gr\u00fcn, T\u00fcrkis, Streifenvarianten mit verschiedenen Gr\u00fcn-T\u00fcrkis-Blau-Varianten, Fliesenlook und Goldkanten durchprobiert hatte .. warf ich alles in einen Topf und das Ergebnis gefiel mir.<\/p>\n<p>Somit einen Streifen heute im selben Gr\u00fcnton gestrichen, der Rest folgt. Sobald der heutige Anstrich trocken ist, also morgen wohl. Wie mittlerweile ja gewohnt, ist das Ergebnis am Schrank mit der Mischung aus den beiden Moosgr\u00fcn-Lacken weeesentlich heller als die moosgr\u00fcne Wandfarbe. Aber im Auto hab ichs ja auch oft dunkler und mit den bunten LED-Lichtern wird das ja sowieso gleich wieder ganz anders ausschauen, also wurscht.<\/p>\n<p>Bis zum WE werd ich aber nie und nimmer fertig mit den ganzen \u00c4nderungen f\u00fcr&#8217;s und im Auto. D.h. entweder ich fahr am FR oder SA trotzdem einkaufen oder ich verschiebs um eine Woche &#8211; mit oder ohne einer Probenacht mit den \u00c4nderungen..<\/p>\n<p>Das neue 10,1er Pen-Display ist heute gekommen. Am alten NUC mal ausprobiert, braucht es satte 2W weniger Strom (im Idle-Betrieb unter Linux statt ca 8,8W mit dem alten 13,3er Display nur ca. 6,8W. Naja, zwar sch\u00f6n klarerweise, aber sooo viel Strom spar ich mir dadurch dann auch nicht ein).<\/p>\n<p>Die 1920&#215;1080 auf der Gr\u00f6\u00dfe w\u00e4ren wohl auch grad noch so ohne Vergr\u00f6\u00dferung zu bedienen, wenns sein muss.<\/p>\n<p>Allerdings wurde das Display nicht als Digitizer-Tablet, sondern als Touchscreen eingebunden, d.h. es reagiert nur bei Mausklicks und man kann nicht den Mauszeiger bewegen, wenn man mit dem Stift \u00fcber dem Display schwebt. Da muss also der offizelle XP-Pen Treiber laufen.<\/p>\n<p>Mit dem neuen Treiber f\u00fcrs kleine Tablett w\u00fcrde aber das gro\u00dfe 21,5er Display daheim nicht mehr laufen, musste ich also wieder deinstallen. <\/p>\n<p>Der Stift ist &#8220;nat\u00fcrlich&#8221; inkompatibel zum 13,3er und zum 21,5er (die untereinander auch inkompatibel), das selbe gilt f\u00fcrs Kabel, wobei hier das Problem der Stecker auf Displayseite ist (obwohl es nach USB-C ausschaut) und hierbei genauer gesagt die Plastik-Ummantelung bzw. L\u00e4nge, dass keines der beiden Kabel ins jeweilige andere Produkt passt.<\/p>\n<p>Alternativ kann man das neue Display auch mit einem einzelnen USB-C-C-Kabel anschlie\u00dfen (sogar \u00fcber eine eigene Buchse), was mit dem NUC auch funktionieren w\u00fcrde (offizieller Weg, um einen zweiten Monitor anzuschlie\u00dfen), ABER, doch \u00fcberraschenderweise, zieht der PC dann mit dem kleinen Display sogar mehr Strom als mit dem alten Display \u00fcber die normale HDMI-Verbindung, und zwar 9,1W im getesteten Idle-Betrieb. Somit ist also die USB-C-C-Verbindung f\u00fcr mich untauglich &#8211; maximal als schneller Workaround, wenn das andere Kabel kaputt sein sollte. Wobei mein funktionierendes USB-C-C-Kabel viel k\u00fcrzer ist und mein l\u00e4ngstes nicht funktioniert hatte. Mehr Kabel aber nicht getestet.<\/p>\n<p>Dass die neuen Kabel einen abgewinkelten Stecker am Display haben, statt einfach gerade rauszugehen, wie das alte, find ich auch bl\u00f6d, zumindest beim 10,1er, da man bis zur n\u00e4chsten Biegung schon am Ende vom Display ist. Daf\u00fcr ist es immerhin gleich lang, nicht so kurz wie am Foto abgebildet. <\/p>\n<p><a href='http:\/\/extra.inmontanis.info\/d\/100178-2\/DSC06946.jpg'><img src=http:\/\/extra.inmontanis.info\/d\/100177-3\/DSC06946.jpg \/><\/a><br \/>\n^ Alter Nuc, der angeblich direkt mit 12V betrieben werden kann, daher aus alten Teilen einen Stecker gebastelt ;) Der Stecker selbst kam von einem Universalnetzteil, die runden Dinger waren einst in der Verkabelung der Modelleisenbahn aus meiner Kinderzeit im Einsatz<\/p>\n<p><strong>Mi, 30.8.2023<\/strong><\/p>\n<p>Ich fing zu Mittag mit weiteren Streifen auf meinem Tischbrett an, heute waren die helleren Farbt\u00f6ne dran, morgen dann die dunkleren. Es soll ja noch einen braunen Rahmen drumrum geben, \u00fcber dessen Dicke ich aber noch unentschlossen bin. Links wegen den nicht rechtwinkligen Ecken br\u00e4uchte ich einen dickeren Rand, der mir \u00fcberall aber zu dick w\u00e4re. <\/p>\n<p><a href='http:\/\/extra.inmontanis.info\/d\/100182-2\/DSC06949.jpg'><img src=http:\/\/extra.inmontanis.info\/d\/100181-3\/DSC06949.jpg \/><\/a><br \/>\n^ Das Tischbrett (bzw. Unterbettbrett) war auch eher unsch\u00f6n und unkomplett blau lackiert noch aus Qubo-Zeit, als das anderweitig in Verwendung war &#8211; da hab ich mir ein neues Design einfallen lassen und mal einen Strich Gr\u00fcn, einen Blau und 3 in verschiedenen bl\u00e4ulichen T\u00fcrkist\u00f6nen lackiert. Die anderen Striche sollten gr\u00fcnlicheres t\u00fcrkis werden<\/p>\n<p>Mit dem Rest der letzten Farbmischung (weil sch\u00f6nes altmodisches Hellt\u00fcrkis und auch noch Glitter drin war) lackierte ich halt noch die halbe Zweierbank. <\/p>\n<p><a href='http:\/\/extra.inmontanis.info\/d\/100218-2\/DSC06964.jpg'><img src=http:\/\/extra.inmontanis.info\/d\/100217-3\/DSC06964.jpg \/><\/a><br \/>\n^ Da noch Farbe vom Tisch \u00fcbrig war, hab ich halt die halbe Doppelbank lackiert. Schaut hier nach einem sch\u00f6nen altmodischen T\u00fcrkis aus<\/p>\n<p>Im Auto heute nichts gemacht, da Nieselwetter.<\/p>\n<p>Das 15,6er Tablet ist heut gekommen. Ganz sch\u00f6n schwer (1390g, dopelt so viel wie das 10er) und hat seine eigenen, zus\u00e4tzlichen Nachteile. Wieder abgewinkelte Kabel wie beim 10er, das zudem an der linken oberen ecke eingesteckt wird, was also entweder den Ein\/Ausschaltknopf \u00fcberdeckt oder nach oben weggeht. F\u00fcr&#8217;s Auto bruch ich den Anschluss aber auf der rechten Seite (sonst Kabel vmtl. zu kurz), also m\u00fcsste ich das Display um 180\u00b0 drehen.<\/p>\n<p>Au\u00dferdem will so ein gro\u00dfes Teil auch verstaut werden. Da braucht&#8217;s eine passende Tasche. Stift ist interessanterweise kompatibel mit dem 13,3er, also nicht mit dem 10,1er und bl\u00f6d, falls ich Kombi 15+10 nehmen m\u00f6chte. Daf\u00fcr wird&#8217;s ohne Treiber als Digitizer und nicht als Touchscreen erkannt. <\/p>\n<p><a href='http:\/\/extra.inmontanis.info\/d\/100186-2\/DSC06951.jpg'><img src=http:\/\/extra.inmontanis.info\/d\/100185-3\/DSC06951.jpg \/><\/a><br \/>\n^ Die 3 Pen-Displays, zu oberst das 10,1er, in der Mitte mein bisheriges 13,1er und unten das 15,6er<\/p>\n<p><a href='http:\/\/extra.inmontanis.info\/d\/100190-2\/DSC06952.jpg'><img src=http:\/\/extra.inmontanis.info\/d\/100189-3\/DSC06952.jpg \/><\/a><br \/>\n^ Der Anschluss am 15,6er mit dem abgewinkelten Stecker, der entweder die Kn\u00f6pfe verdeckt oder nach oben (oder unten) zu weit rausschaut ist auch etwas bescheuert<\/p>\n<p>Noch nerviger beim 15er: Wackelkontakt beim Bewegen des Displays, das zu einem Flackern und dann Ausschalten f\u00fchrt, wobei es nicht am Kabel oder Stecker liegt, somit wohl irgendwo innenliegend. Also defekt, somit geht das mal definitiv zur\u00fcck. <\/p>\n<p>Es g\u00e4be in der Gr\u00f6\u00dfe auch noch ein anderes Modell (so aussehend wie das 10,1er, also vielleicht dann stiftm\u00e4\u00dfig damit kompatibel und derzeit im Angebot noch etwas g\u00fcnstiger; Kabel-Eingang wohl wie beim 10er mit 2 Ports und auf der rechten Seite. Designm\u00e4\u00dfig w\u00e4r das heute erhaltene ja schon sch\u00f6ner gewesen, aber die Kabelsteckerposition ist schon etwas bescheuert.). <\/p>\n<p>Jedenfalls, Stromverbrauchstest alter NUC-PC mit den 3 XP-Pen-Tablets am 230V-Netzteil und ausgeschalteter Tastaturbeleuchtung und Screen auf dunkelster Helligkeit und idelnd unter Linux mit xfce:<br \/>\n&#8211; mein altes 13,3er .. meist um die 8,7 W<br \/>\n&#8211; 10,1er .. meist um die 6,8 W au\u00dfer via USB-C-Verbindung statt HDMI, dann 9,2W<br \/>\n&#8211; 15,6er .. meist um die 9,3 W<br \/>\n&#8211; .. ganz ohne Display zieht der PC \u00fcbrigens gerade einmal ca. 3,2W. <\/p>\n<p>.. also alles relativ nah beieinander und nicht so viel, dass man da sonderlich leicht einen Tag weiter Freistehen rausholen k\u00f6nnte. Gr\u00fcnde w\u00e4ren dann eher<br \/>\n&#8211; f\u00fcr das 15,6er, dass das Bild etwas gr\u00f6\u00dfer ist, angenehmer f\u00fcr die Augen<br \/>\n&#8211; f\u00fcr das 10,1er, dass es leicht und leicht verstaubar ist, insb. wenn ich in Couchposition bin<br \/>\n&#8211; f\u00fcr das 13,3er, dass ich es eh schon hab und noch funktioniert<br \/>\n&#8211; f\u00fcr zwei dabei, dass ich dann einen Ersatz h\u00e4tte bei einem Defekt. Sonst m\u00fcsste ich kurzfristig auf Projektor und Maus umsteigen oder Urlaub nehmen bis ich Ersatz bek\u00e4me.<\/p>\n<p>Noch was ist mir heute bewusst egworden: Wenn ich wirklich 1 Jahr lang auf Reise sein m\u00f6chte, w\u00fcrd ich auch 1 Jahr lang mein sch\u00f6nes Goldgeschirr nicht verwenden k\u00f6nnen. Vielleicht nehm ich wenigstens einen der kleinen Teller mit, vielleicht kann ich mal was brauchen? Ansonsten hab ich ja mittlerweile daheim festgestellt, dass ich von den kleinen Tellern nur den gr\u00f6\u00dferen nehm (den leider nur wei\u00dfen mit dem Goldrand), weil die anderen schon etwas klein sind f\u00fcr gr\u00f6\u00dfere Toastscheiben und auch eine Semmel passt durchgeschnitten in zwei H\u00e4lften dort besser hin. <\/p>\n<p>Schwierig war auch, mich f\u00fcr eine &#8220;Fliesengr\u00f6\u00dfe&#8221; beim Schrank zu entscheiden, da egal wie, die &#8220;Fugen&#8221; nie alle dort sind, wo ich sie gerne h\u00e4tte und eine Gemeinsamkeit, die auf beiden Seiten und allen befestigten Dinge passen w\u00fcrde, war schwierig. Unter 9cm wollte ich auch nicht gehen und schlussendlich f\u00fcr ein 14er Raster entschieden.<\/p>\n<p><a href='http:\/\/extra.inmontanis.info\/d\/100194-2\/DSC06955.jpg'><img src=http:\/\/extra.inmontanis.info\/d\/100193-3\/DSC06955.jpg \/><\/a><br \/>\n^ Testweise mit Klebeb\u00e4ndern die Fugen gestetet, war gar nicht so einfach, sich f\u00fcr eine Fliesenbreite zu entscheiden und wo ich dann ansetzen will, damit man noch \u00fcberall genug Fugen sieht und der Fliesenlook sch\u00f6n r\u00fcberkommt<\/p>\n<p><a href='http:\/\/extra.inmontanis.info\/d\/100198-2\/DSC06959.jpg'><img src=http:\/\/extra.inmontanis.info\/d\/100197-3\/DSC06959.jpg \/><\/a><br \/>\n^ Schlussendlich also daf\u00fcr entschieden und mit der L\u00f6tpistole wieder die Fugen eingezogen<\/p>\n<p>Das &#8220;Ausritzen der Fugen&#8221; funktionierte leider auch nicht so gut und problemlos wie am Testbrett vor ein paar Tagen. Vielleicht h\u00e4tte ich mit dem L\u00f6tkolben l\u00e4nger=langsamer=tiefer arbeiten sollen. Breitere und tiefere Fugen lie\u00dfen sich etwas problemloser auskratzen. Angefangen hatte ich unten, quasi &#8220;hinterm WC&#8221;, wo es ja nicht sichtbar ist. Aber vielleicht kauf ich doch noch einen wei\u00dfen Lackstift. Mit dem kommt man, sofern die richtige Gr\u00f6\u00dfe, eigentlich sch\u00f6n geradlinig durch, zumindest mit dem Gold-Stift am Testbrett. <\/p>\n<p><a href='http:\/\/extra.inmontanis.info\/d\/100202-2\/DSC06960.jpg'><img src=http:\/\/extra.inmontanis.info\/d\/100201-3\/DSC06960.jpg \/><\/a><br \/>\n^ .. allerdings im Gegensatz zum Testholz funktionierte das Auskratzen mit dem Werkzeug leider gar nicht gut<\/p>\n<p>Danach noch das 10er Tablett unter Linux am neuen NUC getestet und den offiziellen Treiber installiert = danach verwendbar und nicht mehr im &#8220;Touch&#8221;-Modus. Wei\u00df nicht, ob&#8217;s daran liegt, weil es im Vergleich so klein ist, aber mir kommt mein 21er (und vmtl. auch das 13er) genauer vor. Kalibrierungsm\u00f6glichkeit gibts aber anscheinend keine im Treibertool. Aber eben, durch die geringere Gr\u00f6\u00dfe ist die Stift-Spitze im Verh\u00e4ltnis viel breiter und das Schr\u00e4ghalten des Stifts hat somit eben allein durch die Displaygr\u00f6\u00dfe eine andere Wirkung.<\/p>\n<p>Tjo wadd nu .. (nur) das 10er behalten oder doch nochmals das andere 15,6er bestellen? Derzeit im Angebot um 267,22 statt 372,10. Der gr\u00f6\u00dfere Bildschirm beim Testen vorhin fiel mir schon positiv auf&#8230; andererseits, vielleicht gibts was gr\u00f6\u00dferes (und mit etwas weniger dickem Rand au\u00dfenrum) und stromsparenderes bis mein 13,3er irgendwann kaputt wird? <\/p>\n<p>Wenn ich das 10er behalte und f\u00fcr stromsparendes Couchsurfen am alten Nuc verwende, h\u00e4tte ich nun eben das zur Not, falls das 13er (oder das Kabel oder der Stift) mal streiken sollte. Vmtl. w\u00e4r aber die Kombination 15,6 am neuen und altes 13,3er am alten PC ja schon sinnvoller gewesen, wenn ich mein altes weiterverwenden will &#8230;<\/p>\n<p><strong>Do, 31.8.2023<\/strong><\/p>\n<p>Der Einbau der Heizmatte plus Temperaturf\u00fchler unter der Batterie ging einfacher als erwartet. Das schwierigste war das Rausheben der schweren Batterie. Ob die Heizmatte das \u00fcberlebt auf Dauer durch die Abwinkelung, bleibt fraglich. <\/p>\n<p><a href='http:\/\/extra.inmontanis.info\/d\/100206-2\/IMG_20230831_110635.jpg'><img src=http:\/\/extra.inmontanis.info\/d\/100205-3\/IMG_20230831_110635.jpg \/><\/a><br \/>\n^ Batteriebox im Auto bekam nun eine Heizmatte samt Temperaturf\u00fchler eingelegt. Hoffe die schwere Batterie dr\u00fcckt die Heizmatte nicht zu sehr ab, so dass die Heizdr\u00e4hte abbrechen.<\/p>\n<p>Bzgl. alternativer Verkabelung der anderen Heizmatten hab ich auch geschaut und die Kabell\u00e4nge passte soweit, dass ich St\u00e4rkendrehregler und 1-2 Schalter in Halbschlafreichweite positionieren kann.  <\/p>\n<p><a href='http:\/\/extra.inmontanis.info\/d\/100214-2\/DSC06963.jpg'><img src=http:\/\/extra.inmontanis.info\/d\/100213-3\/DSC06963.jpg \/><\/a><br \/>\n^ Bei diesem Brett hab ich nun den Filzstoff draufgeklebt, dass es evtl. weniger schimmelt. Sowie die Heizmattensteuerung f\u00fcr die Bettheizung montiert, damit ich diese nun im Bett liegend \/ im Halbschlaf bedienen kann<\/p>\n<p>Schrankeinbau fehlt noch, aber wenn ich erst noch einen wei\u00dfen Lackstift (Permanentmarker) kaufen will, bevor ich den einbau, muss ich wohl am Samstag eine reine Einkaufstour machen.<\/p>\n<p><a href='http:\/\/extra.inmontanis.info\/d\/100210-2\/DSC06962.jpg'><img src=http:\/\/extra.inmontanis.info\/d\/100209-3\/DSC06962.jpg \/><\/a><br \/>\n^ Die Baumspitzen werden entfernt, damit sie nicht mehr so leicht umknicken bei Wind<\/p>\n<p>Tischbrettstreichen hat auch noch ewig gedauert, weil immer zu viel Farbe und nie der Farbton rausgekommen ist, den ich eigentlich haben wollte, also wohl in der Mischung und auf dem Pinsel aber auf dem Holz sind alle so farblos geworden und nicht wirklich kr\u00e4ftig. <\/p>\n<p><a href='http:\/\/extra.inmontanis.info\/d\/100222-2\/DSC06967.jpg'><img src=http:\/\/extra.inmontanis.info\/d\/100221-3\/DSC06967.jpg \/><\/a><br \/>\n^ .. und weil sp\u00e4ter noch weiteres T\u00fcrkis \u00fcbrig war, hab ich nicht nur den Rest der Bank, sondern auch noch den Stuhl lackiert.<\/p>\n<p>Wieder einaml fasziniernd extrme Farbunterschiede zwischen Stuhl und Tischbrett beim Lackieren mit derselben Mischung &#8230; und dass die heutigen 4 Streifen fast alle gleich aussehen, sehr eigenartig, so viel gemischt immer wieder. Blau rein, verschiedene Blaulacke, verschiedene gr\u00fcne &#8230; <\/p>\n<p>.. und sowohl gestern wie heute waren die Farben weniger gr\u00fcn als eigentlich gew\u00fcnscht.<\/p>\n<p><a href='http:\/\/extra.inmontanis.info\/d\/100226-2\/DSC06971.jpg'><img src=http:\/\/extra.inmontanis.info\/d\/100225-3\/DSC06971.jpg \/><\/a><br \/>\n^ Tja, fertig lackiert, aber es gelang mir nicht, ein bl\u00e4uliches Gr\u00fcn zu mischen, das nicht zu blau ist. Der dickste Strich oben war \u00fcbrigens die Wandfarbe &#8230;. die ja genauso Moosgr\u00fcn sein soll wie der breite Querstrich &#8230;.<\/p>\n<p>Die Glitter in den helleren Farben von gestern sind durchaus manchmal, also je nach Lichteinfall, recht gut erkennbar. Heute keine verwende.<\/p>\n<p><a href='http:\/\/extra.inmontanis.info\/d\/100230-2\/DSC06974.jpg'><img src=http:\/\/extra.inmontanis.info\/d\/100229-3\/DSC06974.jpg \/><\/a><br \/>\n^ &#8230; daf\u00fcr kommt der Glittereffekt gut. Wird sich auf den wei\u00dfen Fliesen oder der wei\u00dfen Wand im Bad sicher auch gut machen und nach Glitzerschnee aussehen<\/p>\n<p><strong>Fr, 1.9.2023<\/strong><\/p>\n<p><a href='http:\/\/extra.inmontanis.info\/d\/100234-2\/DSC06977.jpg'><img src=http:\/\/extra.inmontanis.info\/d\/100233-3\/DSC06977.jpg \/><\/a><br \/>\n^ Momentane Mittags-Snacks: Wrap mit Grillpaprika, BBQ-Sauce, Spam und K\u00e4se. Kommt nun kurz in die Mikrowelle und wird dann zusammengerollt.<\/p>\n<p>So ganz hat mir mein Tischbrett keine Ruhe gelassen, schaut mir einfach etwas zu blau, zu gr\u00fcnlos aus. Eigentlich wollte ich ja schon mehr gr\u00fcnlichere Farbt\u00f6ne haben. Oder ein Dunkelt\u00fcrkis. Aber vielleicht ist da nicht viel Spielraum vom Moosgr\u00fcn als Basis, das ja auch schon etwas Blau drin hat, es also zwischen &#8220;nicht zu \u00e4hnlich&#8221; und &#8220;zu blau&#8221; vielleicht gar nichts gibt&#8230; Aufgehellt ist es nat\u00fcrlich leichter, da merkt man eher Farbunterschiede als bei dunklen Farbt\u00f6nen. <\/p>\n<p>Also hab ich noch ein paar Mischungen auf einem Testholz probiert. Kam aber zu keinem besseren Ergebnis, also gab ich&#8217;s auf und widmete mich dem restlichen Plan.<\/p>\n<p>Dass ich mir die Dickes des Randes besser vorher \u00fcberlegt h\u00e4tte bevor ich die Streifen in Angriff nahm, war mir nat\u00fcrlich sp\u00e4testens dann klar, als ich den ersten gemacht hatte &#8211; das Problem, das blieb, war aber eher deshalb, weil ich einige Streifen so oft \u00fcberstrichen hatte, dass sie eine andere Dicke hatten &#8211; dieser Dickenunterschied bleibt nun im Rahmen etwas sichtbar.<\/p>\n<p>Ein bisschen zu viel Glitter hab ich vielleicht auch erwischt, aber daf\u00fcr ist der Effekt st\u00e4rker.<\/p>\n<p><a href='http:\/\/extra.inmontanis.info\/d\/100238-2\/DSC06980.jpg'><img src=http:\/\/extra.inmontanis.info\/d\/100237-3\/DSC06980.jpg \/><\/a><br \/>\n^ Nun noch den braunen Rahmen erg\u00e4nzt.<\/p>\n<p><a href='http:\/\/extra.inmontanis.info\/d\/100242-2\/DSC06981.jpg'><img src=http:\/\/extra.inmontanis.info\/d\/100241-3\/DSC06981.jpg \/><\/a><br \/>\n^ Auch im braunen Rahmen wieder Glittereffekt<\/p>\n<p>Als n\u00e4chstes kommt wieder die L\u00f6tpistole zum Einsatz, danach der Lackstift und zum Schluss will ich die R\u00e4nder wieder mit Geweband etwas sch\u00fctzen, sowie evtl. die komplette R\u00fcckseite bekleben, auf dass es etwas weniger kalt ist. Unterm Holz ist ja so eine Alu-Dibond-Platte, die ich damals als M\u00fcll von der Arbeit \u00fcbrig hatte und die den beiden Holzh\u00e4lften die n\u00f6tige Stabilit\u00e4t verschafft.<\/p>\n<p><a href='http:\/\/extra.inmontanis.info\/d\/100246-2\/DSC06983.jpg'><img src=http:\/\/extra.inmontanis.info\/d\/100245-3\/DSC06983.jpg \/><\/a><br \/>\n^ Mit der L\u00f6tpistole wieder Vertiefungen zwischen den einzelnen Farbschichten gezogen<\/p>\n<p><a href='http:\/\/extra.inmontanis.info\/d\/100250-2\/DSC06989.jpg'><img src=http:\/\/extra.inmontanis.info\/d\/100249-3\/DSC06989.jpg \/><\/a><br \/>\n^ .. fertig mit den Furchen, allerdings h\u00e4tte ich mich besser vorher f\u00fcr die Dicke des Randes entschieden anstatt die Felder bis da raus zu lackieren &#8211; die bleiben jetzt sichtbar. Man beachte auch den unterschiedlich wirkenden Gr\u00fcnton des gro\u00dfen oberen Streifens<\/p>\n<p><a href='http:\/\/extra.inmontanis.info\/d\/100254-2\/DSC06990.jpg'><img src=http:\/\/extra.inmontanis.info\/d\/100253-3\/DSC06990.jpg \/><\/a><br \/>\n^ Ein Lackstift, der nicht funktioniert und dann auch noch tropft, ist allerdings kein Gold wert.<\/p>\n<p>Lebensmittelm\u00e4\u00dfig h\u00e4tte ich ja noch so viel daheim, dass ich locker ca. 3-4 Wochen auskommen k\u00f6nnte. Aber wenn ich morgen einkauf, werd ich wohl auch was mitnehmen. Naja, ein paar Sachen kann ich ja mitnehmen f\u00fcr unterwegs. Und einige Dosen sind ja noch \u00fcber 1 Jahr haltbar. Der Einkausf&#8221;zettel&#8221; wurde jedenfalls lang. Und egtl. m\u00f6cht ich ja in ca. 15-20 Tagen abreisen. Also wieder viel gestrichen.<\/p>\n<p>.. allerdings muss es wohl erst nochmals schneien, denn die gemeldeten 70+cm sind in Hintertux mal nicht gefallen &#8211; auf der Webcam sieht man schon wieder dreckige Stellen und es ist auch nach wie vor nur die DSB-Abfahrt offen. Und soweit die Vorhersage reicht nur Sonne und wieder w\u00e4rmere Temperaturen. D.h. ggf. erst Mitte September die n\u00e4chste Kaltfront mit Schnee und ggf. fahr ich auch erst ein paar Tage sp\u00e4ter.<\/p>\n<p>Die Alternative zu Ausfr\u00e4sen oder Lackstift w\u00e4r nat\u00fcrlich auch Seiten abdecken und mit dem Pinsel die Farbe in die Fugen malen. Bei der \u00fcberschaubaren Anzahl an Fugen in dem Fall eine Option (nicht bei einer Wand).<\/p>\n<p><a href='http:\/\/extra.inmontanis.info\/d\/100258-2\/DSC06991.jpg'><img src=http:\/\/extra.inmontanis.info\/d\/100257-3\/DSC06991.jpg \/><\/a><br \/>\n^ Daher abends noch schnell am Tisch mit der Goldfarbe getestet. Naja, Lackstift geht wohl schneller. Sauberer wirds auch nicht, wenn das Klebeband an einigen Stellen nicht gut genug klebt und die Farbe drunterl\u00e4uft. In dem Fall h\u00e4tte ich mir am Tisch das Einkerben auch sparen k\u00f6nnen.<\/p>\n<p><strong>Sa, 2.9.2023<\/strong><\/p>\n<p>Von der gro\u00dfen geplanten Wochenendtour blieb heute also nur noch ein Supermarktbesuch in Slowenien \u00fcbrig. Sind ja nur ca. 50km. Manche Sachen sind g\u00fcnstiger, manche wohl weniger. Benzin war mit 1,55 ca. 13 Cent g\u00fcnstiger als in meiner Ecke K\u00e4rntens. Ich war aber nicht in einem Discounter, sondern in einem Einkaufszentrum mit gro\u00dfem Mercator-Supermarkt, sp\u00e4ter noch in einem Baumarkt (wo es aber nur einen recht teuren wei\u00dfen Marker\/Lackstift gegeben h\u00e4tte) und somit noch beim Obi in Wolfsberg (und im Eurospar). K\u00f6nnte nun wohl auch 3 Wochen aushalten. <\/p>\n<p>Die g\u00fcnstigsten Semmeln dort im Mercator w\u00e4ren mit 33 Cent\/Stk allerdings um 0,10  \u20ac teurer gewesen als die Budget-Semmel von Spar und anstatt Toastbroat+Semmeln zu kaufen (und einzufrieren) nahm ich dort einen geschnittenen 1kg Laib Wei\u00dfbrot mit (um 1,69 \u20ac oder so). <\/p>\n<p>Warmes Essen wollt ich mir im Supermarkt aber nicht  mitnehmen &#8211; bis man dann immer am Auto ist bei so gro\u00dfen M\u00e4rkten, ist das eh schon lauwarme Essen dann noch weniger warm. Sonst gab&#8217;s aber kein Fastfood auf dem Weg, also &#8220;kochte&#8221; ich heut Abend daheim britisch: Fish&#8217;n&#8217;Chips mit Malt-Vinegar (Malzessig) und Mushy Peas (Teilp\u00fcrierte Erbsen aus der Dose). <\/p>\n<p><a href='http:\/\/extra.inmontanis.info\/d\/100266-2\/DSC06999.jpg'><img src=http:\/\/extra.inmontanis.info\/d\/100265-3\/DSC06999.jpg \/><\/a><br \/>\n^ Fish&#8217;n&#8217;chips, malt vinegar, mushy peas<\/p>\n<p>Nebenbei hab ich mein Tischbrett fertig &#8220;vergoldet&#8221;. Schaut schon recht cool aus, auch wenn es ein weiteres, gr\u00fcneres Feld schon noch h\u00e4tte geben d\u00fcrfen. Aber der Schrank ist ja nun auch gr\u00fcn.<\/p>\n<p><a href='http:\/\/extra.inmontanis.info\/d\/100262-2\/DSC06998.jpg'><img src=http:\/\/extra.inmontanis.info\/d\/100261-3\/DSC06998.jpg \/><\/a><br \/>\n^ .. fertig mit den Goldkanten<\/p>\n<p>Danach kamen die wei\u00dfen &#8220;Fliesenfugen&#8221; am Schrank dran. Wow, der mit Abstand schlechteste Edding, den ich je hatte. Man dr\u00fcckt kurz die Stiftspitze aufs Blatt und es bildet sich sofort eine d\u00fcnnfl\u00fcssige Lackschicht AUF DEM PAPIER. Die Stiftspitze selbst bleibt relativ trocken und man kann einen Strich von vielleicht 5-10cm sinnvoll machen, dann ist die Spitze wieder trocken. So ein M\u00fcll. Dazu die Spitze etwas zu dick. <\/p>\n<p>Paar Minuten liegen gelassen und er funktionierte  besser. Jetzt muss ich nur noch die zwei wegen dem Radioeinbau abgebauten &#8220;Taschen&#8221; wieder (an anderer Position) anschrauben und dann kann der Schrank wieder im Auto eingebaut werden. Juhuu..<\/p>\n<p><a href='http:\/\/extra.inmontanis.info\/d\/100270-2\/DSC07007.jpg'><img src=http:\/\/extra.inmontanis.info\/d\/100269-3\/DSC07007.jpg \/><\/a><br \/>\n^ Nun die Fugen mit wei\u00dfem Lackstift nachgezogen. Im Gegensatz zur Wand ist die Gr\u00fcnfl\u00e4che hier ja wesentlich eint\u00f6niger gestrichen, so dass die Kacheln nicht ganz so sch\u00f6n wirken wie an der Wand. Praktisch auch das Brett am Boden.<\/p>\n<p><a href='http:\/\/extra.inmontanis.info\/d\/100274-2\/DSC07009.jpg'><img src=http:\/\/extra.inmontanis.info\/d\/100273-3\/DSC07009.jpg \/><\/a><br \/>\n^ .. und die Taschen sind nun auch montiert.<\/p>\n<p>Leider fallen mir immer wieder Sachen ein, die ich noch machen m\u00f6chte, die ToDo-Liste wird also eher gr\u00f6\u00dfer denn kleiner.<\/p>\n<p><strong>So, 3.9.2023<\/strong><\/p>\n<p>Da hat man sich endlich mal f\u00fcr eine Sync-L\u00f6sung entschieden (Syncthing), installiert diese &#8211; und was ist? Unter Android kann man damit nicht auf SD-Karten schreiben. Oder nur in speziellen Verzeichnissen. Boah ich hasse Google.<\/p>\n<p>Ansonsten verlief der Test aber mal positiv, d.h. am Handy den \u00fcblichen Internet-Hotspot aktiviert, PC verbunden und der Datentransfer verlief nicht \u00fcbers Mobilfunknetz sondern blieb intern. Das ist mal die wichtigste Aufgabe.<\/p>\n<p>Jetzt muss ich mich nur endlich mal f\u00fcr einen brauchbaren Text-Editor unter Android entscheiden, dann kann ich das schei\u00df Google Keep\/Notes endlich auf Nimmerwiedersehen l\u00f6schen. Leider gibts f\u00fcr Schei\u00dfdroid wohl nicht&#8217;s ad\u00e4quates zu Notepad++ (Windows) oder Kate (Linux).<\/p>\n<p>Nach ca. 7 Stunden rumsuchen und einige Apps ausprobieren hab ichs vorerst aufgegeben. <\/p>\n<p>Bzgl. &#8220;Tastatur am alten (Zweit-) PC&#8221; hab ich mich nun auch gegen einen Neukauf entschieden, sondern werde die vorhandene im Auto verwenden &#8211; anstatt aber jedesmal umzustecken, einen USB3-KVM-Switch kaufen, gibts um\/unter 20 \u20ac. Mit etwas Gl\u00fcck funktioniert da auch meine kleine externe M2-SSD und ich k\u00f6nnte dann gewisse Daten von beiden PCs verwenden (sind ja nie gleichzeitig eingschaltet).<\/p>\n<p>Interessant. Gab&#8217;s letztes Jahr schon ungefragt (und ohne Steuererkl\u00e4rung zu machen) 658 \u20ac vom Finanzamt, sind es f\u00fcr 2022 nun sogar 1.150 \u20ac. Au\u00dfer die haben einen Fehler gemacht und es wird nochmals korrigiert.<\/p>\n<p>Grundlegend scheint das wohl auch daran zu liegen, dass ich jetzt so wenig verdiene. Wo man ja eh schon weniger Steuern zahlt. Gef\u00e4llt mir. Oder wollen die mich bestechen, wieder ein braverer und loyalerer B\u00fcrger zu werden? ;) Zum Gl\u00fcck wurde ja die Covid-Impfpflicht wieder abgeschafft, sonst h\u00e4tte ich da ja immer wieder Strafe zahlen m\u00fcssen.<\/p>\n<p>Heute also Schrankausbau und -wiedereinbau beenden. Davor noch ein Test, ob alle Radiokabel noch funktionieren und welche Aux-\/Klinken- und Cinchkabel am besten funktionieren und am wenigsten Kratzger\u00e4usche verursachen. Daheim hab ich ja mit optischen Kabeln (TOS) verkabelt, keine Brummger\u00e4usche mehr usw. &#8211; warum sich das nie richtig durchgesetzt hat, schade.<\/p>\n<p>Danach gings zum Auto, Schrank eingebaut und nat\u00fcrlich h\u00e4tte ich ein paar Sachen besser vorher gemacht (z.B. Halter f\u00fcr die Kabel reinh\u00e4mmern, das ging n\u00e4mlich im Auto an diesen Positionen dann nicht mehr, also doch wieder Gewebeband nehmen m\u00fcssen, das ja auch nie auf Dauer h\u00e4lt) &#8230;<\/p>\n<p>Und nat\u00fcrlich die 4 Lautsprecher verlegt (derweil wo sie sinnvoll schienen, wird dann bei Beladung und unterwegs wohl noch adaptiert werden m\u00fcssen) und das Stromkabel vom Radio zur Batterie und die Aux-Kabel f\u00fcr die PCs und einen Lautsprecher verl\u00e4ngern m\u00fcssen und die Kabel durch vorhandene L\u00f6cher gef\u00fchrt, ein paar Kabel mit den Kabelhaltern ans Holz geh\u00e4mmert, was teilweise gar nicht oder nur sehr schlecht ging (und das wollen N\u00e4gel sein), nat\u00fcrlich ging das auch nicht ohne Blutvergie\u00dfen.<\/p>\n<p><a href='http:\/\/extra.inmontanis.info\/d\/100278-2\/IMG_20230904_154403.jpg'><img src=http:\/\/extra.inmontanis.info\/d\/100277-3\/IMG_20230904_154403.jpg \/><\/a><br \/>\n^ Teilweise sind nun einige Kabel im Auto ans Holz genagelt statt geklebt<\/p>\n<p><a href='http:\/\/extra.inmontanis.info\/d\/100282-2\/IMG_20230904_160420.jpg'><img src=http:\/\/extra.inmontanis.info\/d\/100281-3\/IMG_20230904_160420.jpg \/><\/a><br \/>\n^ Das vorhin schon gezeigte Brett mit montierter Heizungssteuerung &#8211; die ist halt jetzt im Kellerbereich und da muss ich bei der Beladung in Zukunft also etwas aufpassen<\/p>\n<p><a href='http:\/\/extra.inmontanis.info\/d\/100286-2\/IMG_20230904_170657.jpg'><img src=http:\/\/extra.inmontanis.info\/d\/100285-3\/IMG_20230904_170657.jpg \/><\/a><br \/>\n^ Der Schrank steht auch wieder auf seinem Platz. Davor ist ja das WC. Links unter der T\u00fcr h\u00e4tte ich auch noch wenigstens gr\u00fcn streichen k\u00f6nnen; normalerweise liegt da ja das Bett drauf, au\u00dfer der Tisch ist aufgebaut und das Bett hintergeklappt.<\/p>\n<p>Zum Schluss noch \u00fcberlegt, wie ich die Lichterkette verlegen will &#8211; und wie ich das mit der Fernbedienung mach, dass nicht neue Lichterkette und alter LED-Strip gleichzeitig immer reagieren. Schlussendlich schien die erstbeste Verlegung der 10m-Lichterkette l\u00e4ngenm\u00e4\u00dfig genau passen, als ich das mit dem Ma\u00dfband vermessen hab, also dann noch provisorisch verlegt, bevor ich es bis morgen zur etwas &#8220;professorischeren&#8221; Verlegung\/Befestigung vergesse. <\/p>\n<p>Damit war der Tag schon wieder vorbei und Abendessenszeit.<\/p>\n<p><strong>Mo, 4.9.2023<\/strong><\/p>\n<p>Bevor ich mit dem Sync- und Textedit-\/Notes-Zeug weiterschau, sollte ich erst die Sachen angehen, die ich noch vor Abfahrt machen muss\/sollte und nicht unterwegs machen kann. D.h. z.B. als n\u00e4chstes: 3D-Druck der Puzzleteile f\u00fcr die Leinwand ausprobieren. Sofern mein 3D-Drucker den lange Stillstand \u00fcberlebt hat. Und damit er endlich mal n\u00fctzlich ist. <\/p>\n<p>Rausgesucht h\u00e4tte ich mir ja vor einiger Zeit schon ein paar Teile auf den diversen Websites, die passend sein k\u00f6nnten, also die man zusammenstecken kann und womit man so&#8217;was basteln k\u00f6nnte. Und welches davon probier ich aus? Und wo ist die Anleitung wie der Drucker \u00fcberhaupt funktioniert ..<\/p>\n<p>.. bei den Dateien gemerkt: Ein paar n\u00fctzliche Sachen hatte ich da doch schon gedruckt, auch wenn diese nicht mehr in Verwendung sind.<\/p>\n<p>Wie gesagt, hatte ich damals ja Unmengen an Filament gekauft, schwarz, wei\u00df und transparent in mehreren gro\u00dfen Rollen; dazu kleine Packung mit allerlei Farben und ebenfalls ein paar kleine Packungen mit Silber, Kupfer, Bronze und Holz&#8230;.<\/p>\n<p>.. da die aber alle noch so sch\u00f6n luftdicht verpackt sind, blieb ich mal beim schwarzen, das im Ger\u00e4t drin war.<\/p>\n<p>Hm, eine Fliese \/ Puzzlest\u00fcck (11,25cm Seitenl\u00e4nge, 4mm H\u00f6he  soll lt. Programm 1,5h zum Drucken brauchen und 11 Meter verbrauchen. Und ich br\u00e4uchte davon 7&#215;4 = 28 Stk.<\/p>\n<p>Keine Ahnung welche Dicke da sinnvoll w\u00e4re, innen ist es ja luftiger gef\u00fcllt als oben und unten, gewisse Stabilit\u00e4t soll die Endplatte ja dann schon haben, ob das \u00fcberhaupt der Fall sein wird und wie gut die einzelnen Platten halten und wie gerade das dann am Ende wird..<\/p>\n<p>.. wie gesagt, wenn ich nicht eh so viel Filament da h\u00e4tte und momentan keinerlei anderen Projekte daf\u00fcr, dann w\u00fcrd ich das wohl nicht so machen.<\/p>\n<p><a href='http:\/\/extra.inmontanis.info\/d\/100290-2\/DSC07015.jpg'><img src=http:\/\/extra.inmontanis.info\/d\/100289-3\/DSC07015.jpg \/><\/a><br \/>\n^ 3D-Druck von Kacheln, die man ineinanderstecken k\u00f6nnen soll..<\/p>\n<p><a href='http:\/\/extra.inmontanis.info\/d\/100294-2\/DSC07024.jpg'><img src=http:\/\/extra.inmontanis.info\/d\/100293-3\/DSC07024.jpg \/><\/a><br \/>\n^ Zwischen Boden und Decke wird nicht vollfl\u00e4chig gedruckt, sondern solche luftigen Waben. Leider hielten die 2 Testplatten beim Zusammenstecken nicht, die Zapfen waren zu schmal oder die L\u00f6cher zu breit<\/p>\n<p>Vmtl. k\u00f6nnt ich mir die obere vollfl\u00e4chige Deckplatte ja auch sparen und einfach gezielt den Druck zuvor abbrechen..?! Spart Zeit, Material und Gewicht.. 26g laut Waage. naja, bei 28 Stk w\u00e4ren es 728g. Plus Klebefolie. Das ist mehr als mein alter Rahmen (wenn auch etwas gr\u00f6\u00dfer), also eigentlich tats\u00e4chlich etwas zu schwer..<\/p>\n<p>Stabil wird das wohl auch genug sein, eher wird es ja an den Verbindungsecken abbiegen.. wobei ich die ja r\u00fcckseitig mit Hei\u00dfkleber verbinden k\u00f6nnte.<\/p>\n<p>Man k\u00f6nnte w\u00e4hrend des Druckens auch einen Hohlraum lassen und da geheime oder wertvolle Dinge w\u00e4hrend des Drucks verstecken, ohne dass man merkt, dass da was drin ist ;) <\/p>\n<p>Problematisch ist bei so einer gro\u00dfen Grundfl\u00e4che, das fertig gedruckte Teil von der Platte zu l\u00f6sen&#8230;<\/p>\n<p>Das Drucken l\u00e4uft dann nat\u00fcrlich nebenher und der PC muss da auch nicht f\u00fcr laufen, da der Drucker von USB-Stick \/ internem Speicher drucken kann.<\/p>\n<p>Nachdem die zweite Platte dann fertig war .. also ineinander rein passen sie, aber halten tun die von selbst aus gar nicht. Was dann der Vorteil sein soll von diesem Steck-System an der Seite im Vergleich zu einer planen Seite?!<\/p>\n<p>Die zweite Platte w\u00e4r mit 18g &#8211;> x28 = 504g gewichtstechnisch immerhin sinnvoller, aber auch sp\u00fcrbar weniger steif durch die fehlende Deckschicht.<\/p>\n<p>Was zudem ist: beide Platten liegen nicht plan auf dem Tisch, sondern sind etwas gew\u00f6lbt.<\/p>\n<p><strong>Di, 5.9.2023<\/strong><\/p>\n<p>Die Langzeitwetterprognosen zeigen erst in einer Woche wieder etwas Regen f\u00fcr Hintertux &#8211; derzeit aber zu wenig und zu warm. Werde also sehr wahrscheinlich noch mehr Zeit daheim haben und nicht die letzten 2 Wochen in Hintertux verbringen. <\/p>\n<p>Heute am Auto erledigt: Lichterkette befestigt (teils mit den geh\u00e4mmerten Kabelschellen, teils mit Gewebeband), den alten PC als Zweit-PC eingebaut, die immer rutschendere Antirutschmatte am Armaturenbrett, wo das Navi draufsteht, mit doppelseitigem Klebeband befestigt und diverse Stoffe\/Teppiche\/\u00dcberz\u00fcge mit dem Kleiderspray bespr\u00fcht.<\/p>\n<p><a href='http:\/\/extra.inmontanis.info\/d\/100298-2\/IMG_20230905_141142.jpg'><img src=http:\/\/extra.inmontanis.info\/d\/100297-3\/IMG_20230905_141142.jpg \/><\/a><br \/>\n^ Lichterkette im Auto ist nun auch montiert, mit 10m konnte ich gerade so alle Bereiche abfahren, die ich erleuchten wollte<\/p>\n<p><a href='http:\/\/extra.inmontanis.info\/d\/100302-2\/IMG_20230905_141213.jpg'><img src=http:\/\/extra.inmontanis.info\/d\/100301-3\/IMG_20230905_141213.jpg \/><\/a><br \/>\n^ Lichterkette<\/p>\n<p><a href='http:\/\/extra.inmontanis.info\/d\/100306-2\/IMG_20230905_141325.jpg'><img src=http:\/\/extra.inmontanis.info\/d\/100305-3\/IMG_20230905_141325.jpg \/><\/a><br \/>\n^ Lichterkette<\/p>\n<p><a href='http:\/\/extra.inmontanis.info\/d\/100310-2\/IMG_20230905_141352.jpg'><img src=http:\/\/extra.inmontanis.info\/d\/100309-3\/IMG_20230905_141352.jpg \/><\/a><br \/>\n^ Lichterkette. Die Verstautaschen an der Decke werden teils auch nicht mehr lang halten und m\u00fcssten dann versetzt werden, da der Stoff im Dachhimmel ausgeleiert ist. Daher mal wieder testweise die Tasche hinterm Fahrersitz montiert, ob das mit dem Platz und dem Tischaufbau dann funktioniert.<\/p>\n<p><a href='http:\/\/extra.inmontanis.info\/d\/100314-2\/DSC07030.jpg'><img src=http:\/\/extra.inmontanis.info\/d\/100313-3\/DSC07030.jpg \/><\/a><br \/>\n^ Diese Hexagon-Pl\u00e4ttchen halten besser zusammen, sind aber auch nicht ganz plan.<\/p>\n<p>H\u00e4tte wohl auch mal den Stromverbrauch messen sollen, was der Druck der Leinwandplatte an Strom kosten w\u00fcrde, ob sich das dann noch lohnt ..<\/p>\n<p>Ich blieb also bei den kleinen Hexagon-Platten, machte nur eine Deckschicht und die Wand etwas kleiner, ein St\u00fcck ist dann in ca. 12min fertig. <\/p>\n<p>Als Text\/Notes-Ersatz hab ich mich ja eigentlich schon seit einigen Tagen f\u00fcr Obsidian entschieden &#8211; gibts f\u00fcr Windows, Linux und Android, kann viel und man kann es mittels Themes und eigenem CSS entsprechend anpassen, z.B. dass mir auch die Scrollbars gefallen bzw. das Design generell.. Kostet nat\u00fcrlich auch wieder Zeit, aber da ich sonst einen Hass bekomm. Allerdings gelten die Design-Einstellungen anscheinend nicht global, sondern nur f\u00fcr das jeweilige Verzeichnis. Man t\u00e4te also gut daran, m\u00f6glichst alles zusammen zu legen. (Unterordnet sind ja kein Problem.)<\/p>\n<p>Alternativ k\u00f6nnte ich am PC zum Bearbeiten nat\u00fcrlich auch genauso gut einen Texteditor wie Notepad++ verwenden, aber der integrierte Filebrowser bei Obsidian an der Seitenleiste ist auch praktisch. <\/p>\n<p>Unter Android m\u00fcsste man leider die &#8220;DPI&#8221; auf ca. 630 raufschrauben, damit die dumme App endlich im Tablet-Modus l\u00e4uft und die Tabs anzeigt, ansonsten hat man im Phone-Mode leider nur einen offenen Tab, was ja komplett m\u00fcllig ist. Paar Tage sp\u00e4ter h\u00e4tte ich noch eine alternative M\u00f6glichkeit mit Javascript gefunden, aber es schaut noch irgendwie anders aus, da muss ich noch Verfeinerungen durchf\u00fchren.<\/p>\n<p>Die ganze &#8220;Markdown&#8221;-Gechichte brauch ich weder, noch will ich sie, aber zum Gl\u00fcck kann man diese ganzen Automatiken auch abschalten. Wichtig war mir, dass das Programm in Verzeichnissen normale Text-Dateien erstellt und auch lesen kann. <\/p>\n<p>Unsch\u00f6n und komplett unn\u00f6tig ist, dass es einen fixen, nicht einstellbaren Autosave hat, der entweder nach jedem Zeichen oder auf 2 Sekunden steht. D.h. man macht sich die Flashspeicher schneller kaputt als n\u00f6tig, man zerst\u00f6rt sich eine eigene automatische Versionierung (im Syncprogramm oder Filesystem, weil man ja alle paar Sekunden eine \u00c4nderung hat) und man erzeugt unn\u00f6tig Datentraffic, wenn man das Verzeichnis \u00fcbers Internet synchronisiert. Lokaler Sync geht evtl. besser, aber sinnvollerweise stellt man im Sync-Programm im entsprechenden Folder lieber eine zeitliche Sync ein anstelle einer automatischen, damit sich das Syncprogramm durch die allsek\u00fcndliche Synchronisierung nicht irgendwann verhaspelt, Dateien sperrt, gar nicht mehr synct oder eine leere Datei erzeugt&#8230;<\/p>\n<p>Und leider ist das Programm so bescheuert, dass es normale Textdateien (also .txt) nicht im Editor selbst \u00f6ffnet (noch nicht mal im Browser anzeigt!), obwohl die eigenen erstellten &#8220;.md&#8221; &#8211; Dateien ja auch nix anderes sind. Boah was f\u00fcr ein Bl\u00f6dsinn. Man m\u00fcsste also alle .txt &#8211; Dateien als .md umbenennen. Oder man installiert sich ein Plugin. Im Gegensatz dazu werden z.B. JPG-Bilder standardm\u00e4\u00dfig direkt im Programm (klein) ge\u00f6ffnet &#8230; braucht man das?!<\/p>\n<p><strong>Mi, 6.9.2023<\/strong><\/p>\n<p>Heute weitergedruckt. Schon ziemlich bescheuerte Aktion. Wenn ich ca. 180 von den Hexagonpl\u00e4ttchen brauch und ein Druck ca. 13min dauert, sind das ca. 40 Stunden oder 4 Tage \u00e0 10 Stunden..<\/p>\n<p>Ging heut meine Keycards durch und welche von den mittlerweile 46 Stk. ich mitnehmen m\u00f6chte, paar Axxess, paar Skidata (lieber jeweils etwas mehr, falls welche defekt werden oder bereits sind), wenig Alfi (eher seltenst in Skandinavien) und noch ein paar sonstige\/russische .. somit w\u00fcrd ich dann mitnehmen:<\/p>\n<p>2 Alfi alt<br \/>\n2 Alfi neu<br \/>\n4 Axxess (mehr hab ich gar nicht + h\u00e4ufiger in Skandinavien)<br \/>\n1 Skidata 30-1614 (einzige 30er, die ich habe, die Ex-TSC)<br \/>\n1 Skidata 25-1614 (sehr selten gebraucht)<br \/>\n3 sonstige Skidata<br \/>\n6 Skidata 01-1614 (da hab ich \u00fcber 10, die meisten folgend 2029, einige 7133, weniger 7159, jeweils 2 Stk.; die m\u00fcssten eigentlich austauschbar sein)<br \/>\n6 sonstige<br \/>\n.. macht also 25 Stk bzw. 133g, die ich t\u00e4glich im Rucksack mit mir rumschleppen werde :(<\/p>\n<p>Ein Paket der letzten Amazonbestellungen wurde heute mit der Post gebracht, das andere mit 3 Teilen sollte mit DPD kommen. Das hatte bisher auch immer funktioniert (die Fahrer haben gar nicht gewartet, bis ich runter kam, sondern einfach vor die T\u00fcr gestellt), aber das Autosymbol vom Live-Tracker auf der DPD-Website ist heute auf halbem Weg den Berg hinauf irgendwann verschwunden, wurde auf der Karte nicht mehr angezeigt und als ich die Seite sp\u00e4ter mal neu geladen hab, hie\u00df es &#8220;Zustellproblem&#8221;. Unfall? Auto kaputt? Feierabend? Paket verschwunden?<\/p>\n<p>Boah, ich bin dann mal so langsam urlaubsreif. Nicht wegen den 3h Arbeit vormittags, f\u00fcr die ich bezahlt werde, sondern von dem danach ;)<\/p>\n<p><a href='http:\/\/extra.inmontanis.info\/d\/100318-2\/DSC07031.jpg'><img src=http:\/\/extra.inmontanis.info\/d\/100317-3\/DSC07031.jpg \/><\/a><br \/>\n^ Die Unterseite des Tischbretts (Alu-Dibond-Platte) mit Gewebeband verklebt, auf dass es weniger kalt ist<\/p>\n<p><a href='http:\/\/extra.inmontanis.info\/d\/100322-2\/DSC07034.jpg'><img src=http:\/\/extra.inmontanis.info\/d\/100321-3\/DSC07034.jpg \/><\/a><br \/>\n^ .. und auf der Vorderseite noch einen Kantenschutz rumgeklebt. Unsch\u00f6n, aber was solls.<\/p>\n<p><strong>Do, 7.9.2023<\/strong><\/p>\n<p>Skiservice heut bei 4 Paar Skiern angefangen, 2 hatten sogar keine L\u00f6cher im Belag. Die restlichen gro\u00dfen L\u00f6cher (an den Kantenr\u00e4ndern) hab ich wieder mit dem 2k-Kleber gestopft. Den soll man 24h zum aush\u00e4rten trocknen lassen, also geht&#8217;s morgen weiter.<\/p>\n<p>Nach wie vor in Hintertux Skibetrieb nur an der DSB .. und die ist sogar nur noch bis 12:30 Uhr offen. Das w\u00fcrde sich f\u00fcr mich dann unter der Woche schon gleich gar nicht mehr lohnen. <\/p>\n<p>Der 3D-Drucker macht beim Bewegen manchmal Ger\u00e4usche und Musik fast wie ein C=1541 Floppylaufwerk ;)<\/p>\n<p><a href='http:\/\/extra.inmontanis.info\/d\/100326-2\/DSC07039.jpg'><img src=http:\/\/extra.inmontanis.info\/d\/100325-3\/DSC07039.jpg \/><\/a><br \/>\n^ Mal testweise eine Rasterbrille gedruckt, ob mir das was taugen w\u00fcrde, bevor ich da eine kauf &#8211; ne, eher nicht. Druckzeit war \u00fcber 7 Stunden und jetzt m\u00fcssen die Kanten noch ges\u00e4ubert und die Halterungen abgebrochen werden<\/p>\n<p><strong>Fr, 8.9.2023<\/strong><\/p>\n<p>Filament im 3D-Drucker ging heut aus, also andere Rolle rein. Die wurde aber partout nicht geladen. Hatte bei der vorherigen ja schon 2x das Problem (beim urspr\u00fcnglichen Laden und dann, als es mal gerissen ist) &#8211; aber heute wollte es gar nicht funktionieren :(<\/p>\n<p>.. also mit dem mitgelieferten Werkzeug den Druckkopf zerlegen m\u00fcssen..<\/p>\n<p>.. somit wird ab sofort in Wei\u00df gedruckt.<\/p>\n<p>Nach wie vor bis 16.9. kein nennenswerter Neuschnee in Sicht, d.h. ich werd nun definitiv noch l\u00e4nger da bleiben, vielleicht dann am WE 23\/24. in HiTux sein. <\/p>\n<p>Gut, dass ich noch genug Zeug zum Essen daheim hab. Die 180 Skitage-Messlatte bis Saisonende Ende September wird somit  etwas eng, aber ansonsten halt n\u00e4chste Saison ;)<\/p>\n<p><strong>Sa, 9.9.2023<\/strong><\/p>\n<p>Noch ein paar wenige Teile drucken und dann endlich Klebefolie aufkleben. Das Ergebnis? Etwas entt\u00e4uschend, da die Folie nicht dick genug ist, um die leichten Unebenheiten der Waben zu kaschieren. Je auff\u00e4lliger, desto fester man die Folie dr\u00fcckte, vielleicht h\u00e4tte ich sie also gar nicht so fest dr\u00fccken sollen. Oder vielleicht eine Lackschicht drunter zum Gl\u00e4tten.. Oder gar nicht aufkleben und die r\u00fcckseitige Tr\u00e4gerfolie mit drauflassen..<\/p>\n<p><a href='http:\/\/extra.inmontanis.info\/d\/100330-2\/DSC07043.jpg'><img src=http:\/\/extra.inmontanis.info\/d\/100329-3\/DSC07043.jpg \/><\/a><br \/>\n^ Fertig ist das 3D-gedruckte Brett, endlich.<\/p>\n<p><a href='http:\/\/extra.inmontanis.info\/d\/100334-3\/DSC07044.jpg'><img src=http:\/\/extra.inmontanis.info\/d\/100333-4\/DSC07044.jpg \/><\/a><br \/>\n^ .. leider ist die draufgeklebte Folie zu d\u00fcnn und kaschiert nicht die hexagonalen Formen<\/p>\n<p>Durchmesser w\u00e4re nun \u00fcrigens 91cm.<\/p>\n<p>F\u00fcr die Befestigung hatte ich 2 M\u00f6glichkeiten \u00fcberlegt: eine Schnur an den Ecken oben aufkleben oder eine Kante mit  Hei\u00dfkleber, beides jeweils f\u00fcr Haken am Dachhimmel. Jedenfalls keine \u00d6sen mehr wie bisher, das Einf\u00e4deln war zeitweise umst\u00e4ndlich. <\/p>\n<p>Hab hinten noch etwas Sekundenkleber verteilt, um die Stabilit\u00e4t hoffentlich zu vergr\u00f6\u00dfern (und weil leichter als lauter Hei\u00dfkleberstellen)<\/p>\n<p>Derweil den letzten Rest Skiservice gemacht, gestern noch paar andere L\u00f6cher mit Belagausbesserungsstoff gef\u00fcllt, heute Hei\u00dfwachs und bei den Tourenski noch die Kanten entrostet, bevor ich sie zum testen ins Auto leg (im Sinne von: schaun, ob mir der Platz daf\u00fcr reicht oder ich mir das f\u00fcr die paar Skitourentage sparen werde. Kostet halt schon viel Platz und falls ich bis Ende Mai saisonkartenm\u00e4\u00dfig skifahren kann &#8230;. andererseits hat man in Skandinavien ja den Vortiel, oft in 200hm am Gipfel zu sein, was genau meine Skitourenkragenweite ist ;)<\/p>\n<p>Im Auto noch etwas D\u00e4mmmatten verklebt (an den bisher ausgesparten, k\u00fchlen Seiten), paar Werkzeugt\u00fcten mit weniger Plastik ersetzt (= ggf. weniger Schwitzwasser) und mal testweise die Tourenski reingelegt. Aufs Dach kommen sie mir nicht wieder unn\u00fctz wochenlang, selbst mit Skisack waren die Kanten stark verrostet.<\/p>\n<p><a href='http:\/\/extra.inmontanis.info\/d\/100338-3\/IMG_20230909_130052.jpg'><img src=http:\/\/extra.inmontanis.info\/d\/100337-4\/IMG_20230909_130052.jpg \/><\/a><br \/>\n^ Die Tourenski m\u00fcssen, wenn sie im und nicht auf dem Auto mitwollen, so gelagert werden<\/p>\n<p><a href='http:\/\/extra.inmontanis.info\/d\/100342-3\/IMG_20230909_130110.jpg'><img src=http:\/\/extra.inmontanis.info\/d\/100341-4\/IMG_20230909_130110.jpg \/><\/a><br \/>\n^ .. da man die Bindung nicht einfach abmontieren kann. Damit wird der Kellerplatz nat\u00fcrlich stark eingeschr\u00e4nkt<\/p>\n<p>Fuck, das mit dem Sekundenkleber war auch keine gute idee, das ist teilweie bis zur Folie runter geflossen (dachte, das w\u00e4re auch sinnvoll) und hat diese da komplett angezogen, so dass die Form der Steckverbinder extremst sichtbar geworden ist = kann man so nun wohl komplett vergessen :(<\/p>\n<p><a href='http:\/\/extra.inmontanis.info\/d\/100346-3\/DSC07047.jpg'><img src=http:\/\/extra.inmontanis.info\/d\/100345-4\/DSC07047.jpg \/><\/a><br \/>\n^ Na doppeltschei\u00dfig jetzt &#8211; der hinten aufgebrachte Sekundenkleber ist teils runter zur Folie geflossen und hat diese regelrecht ans Plastik angesaugt, so dass nun einige Verbindungen so extrem sichtbar sind :(<\/p>\n<p>Stabiler auch nicht geworden, es schwankt und wenn man es schwankt, kommen dann wieder Luftbl\u00e4schen in die Folie. Mit ca. 660g auch etwas schwer geworden, aber nicht so viel schwerer wie die alte L\u00f6sung und daf\u00fcr ja etwas gr\u00f6\u00dfer.<\/p>\n<p>Tja, was bleibt mir jetzt noch \u00fcbrig? Ich k\u00f6nnte die Folie wieder runterreisen und die leere, wei\u00dfe R\u00fcckseite eines Posters an den Ecken\/Kanten befestigen. Dann h\u00e4tte ich mir gewichtsm\u00e4\u00dfig einige innenliegende Hexagonst\u00fccke einsparen k\u00f6nnen. Und Poster hab ich auch kein passendes, da die Landkarten teils R\u00fcckseiten haben und Landkarte + Alpenpano ja mit Pins durchl\u00f6chert sind.<\/p>\n<p>Oder was kleineres kaufen, was dann halt wieder kein passendes 16:9 Format hat. Zudem Amazon sinnlose Sucherei, zu dicke Rahmen, zu schwer oder Falschinformationen und falsche Ma\u00dfe &#038;  Gewichte. Oder doch einen Holzrahmen selbst basteln und irgendein passendes Tuch oder Leinwand draufnageln. <\/p>\n<p>Die &#8220;hexagonige&#8221; Folie w\u00fcrd mich bei bewegten Bildern doch gar nicht so sehr st\u00f6ren, solang man keine fl\u00e4chigen, einfarbigen Bilder hat oder zu viel Wei\u00df im Bild ist .. eher st\u00f6rt, dass sie tats\u00e4chlich zu wei\u00df ist f\u00fcr die kurze Entfernung von dem Projektor, d.h. das Schwarz wird zu hell. <\/p>\n<p>Da ich zudem auch die alte Leindwand, die von einem Bild umgedreht hab, nicht vern\u00fcftig glatt auf den Rahmen befestigen konnte, w\u00fcrd ich ja von einem \u00dcberziehen eines Rahmens eher absehen wollen, maximal vielleicht so eine graue Folie, also mit Tr\u00e4gerfolie auf R\u00fcckseite, nicht aufgeklebt. So eine Folie w\u00e4r auch weniger geraut wie eine Malerleinwand.<\/p>\n<p>Das st\u00f6rt weniger bei einer 2m-Leinwand in 2m Entfernung, aber bei vielleicht 70cm Diagonale und 40cm Entfernung hatte mich das schon eher gest\u00f6rt bisher. <\/p>\n<p>Wenn ich das richtig rechne, w\u00fcrde eine 4mm Pappelsperrholzplatte bei 80&#215;40 auch unter 600g wiegen. Ein Rahmen w\u00e4r also dann viel leichter. Ob ich noch ausreichend lange Pappelsperrholz-Latten da hab, die n\u00e4chsten Tage mal geschaut, ja, aber die sind auch schon etwas verzogen und anscheinend 1cm dick, was bei 6cm Breite auch wieder zu schwer ist, m\u00fcsste ich also halbieren.<\/p>\n<p>Werd am Montag mal in der Arbeit nachfragen, ob wir noch alte Rollup (-folien) haben, die ich verwenden k\u00f6nnte. Dann vielleicht eine Holzlatte oben zum befestigen und eine unten zum beschweren und dann zusammengerollt verstauen. Oder auf einem Holzrahmen montieren, statt der Klebefolie.Falls die R\u00fcckseite sinnvoll ist.<\/p>\n<p><strong>So, 10.9.2023<\/strong><\/p>\n<p>Ich will ja schon l\u00e4nger weg von Google als Suche, aber dann doch immer wieder dort geblieben wg. einiger Vorteile &#8211; aber jetzt ist es so weit, weil Google die &#8220;Pagination&#8221; nun \u00fcberall entfernt zu haben scheint &#8211; und ich &#8220;Endlose-Scroll-Seiten&#8221; hasse. Die Frage ist nur was. Yandex (das ich trotz endlosem Scroll bei Bildersuchen schon l\u00e4nger bevorzuge) bringt ab der 2. Text-Seite ein Captcha, was noch nerviger ist. Bing? Nervt mit den Bildern auf der Startseite und anderem Ged\u00f6ns. Yahoo? Besser. Oder eine der unbekannteren Alternativen? Oder Javascript bei Google ausschalten, zeigt aber keine Seitennummern, nur &#8220;Next&#8221; ..<\/p>\n<p>Da ich mittlerweile davon ausgehe, bis \u00fcbern\u00e4chsten Freitag noch hier zu bleiben, hab ich nun einen Essensplan f\u00fcr die 12 Tage erstellt, wie ich  meine Tiefk\u00fchlsachen und die in den n\u00e4chsten Monaten aufzubrauchenden Konserven sinnvoll mische mit ggf. anderen Sachen, die noch da sind. K\u00f6nnte aber nat\u00fcrlich auch noch l\u00e4nger bleiben, wenns sein muss.<\/p>\n<p>Heute im Auto die anderen 2 Paar Skier reingelegt. Diesmal etwas anders gelegt, die kurzen mit den Skispitzen vorne, die anderen mal so, mal so gedreht, dass es sch\u00f6ner verlegt ist und die T\u00fcren problemlos auf- und zugemacht werden k\u00f6nnen und ohne dass die Ski dauernd einer Spannung ausgesetzt sind. Die bleiben bis zum Saisonstart im Auto, damit sie nicht wieder durch Regen verrosten bzw. auf der Fahrt die ganzen Fliegen abbekommen.<\/p>\n<p>Ebenfalls reingelegt: die zwei ersten Silica-Katzenstreu-Str\u00fcmpfe, die kamen unter den K\u00fchlschrank, weil ich da sonst nicht mehr so leicht hinkommen werde. Nicht weiter getestet oder \u00fcberlegt hab ich die Verlegung der Heizungsrohre, weil das mit den Skiern schwierig ist und ich die ja eh erst dann ben\u00f6tige, wenn die 2 Paar Haupt-Ski drau\u00dfen auf dem Dach sind. D.h. einige der Rohre werd ich derweil so mitnehmen und dann sp\u00e4ter mal schauen. <\/p>\n<p>Ein bisschen Verbesserung g\u00e4be es heuer ja insofern, da der norwegische Skischuhheizer vor 2 Jahren nicht mit voller Heizkraft funktioniert hatte und ich dann zum Saisonende einen Austausch bekam, den ich dann nicht mehr ben\u00f6tigte und letzten Winter auch nicht verwenden musste, die Heizungsrohre hatte ich da ja \u00fcberhaupt nicht ben\u00f6tigt, aber in Skandinavien werden sie wohl wieder n\u00f6tig sein. Und mit dem st\u00e4rkeren Schuhheizer k\u00f6nnte nun auch die warme Luft ein bisschen weiter nach hinten blasen.<\/p>\n<p>Bleibt die Frage, welchen der beiden normalen Heizl\u00fcfter ich mitnehmen soll oder doch beide, falls einer defekt wird, bevor ich da noch einen Ersatz kaufen muss? Das werd ich ggf. \u00fcberlegen, wenn ich die restlichen Sachen einr\u00e4ume, wie es mit dem Platz ausschaut. Als n\u00e4chstes m\u00fcsste ich dann Kleidung inkl. Schuhe verr\u00e4umen, aber bevor es im Laufe der Woche mal regnen soll, muss ich morgen oder \u00fcbermorgen die Winterr\u00e4der montieren, dann hab ich nach langer Zeit erstmals trockene und saubere R\u00e4der, die in die Reifens\u00e4cke kommen&#8230;<\/p>\n<p><a href='http:\/\/extra.inmontanis.info\/d\/100350-3\/IMG_20230910_124236.jpg'><img src=http:\/\/extra.inmontanis.info\/d\/100349-4\/IMG_20230910_124236.jpg \/><\/a><br \/>\n^ Die 2 anderen Paar Ski hab ich diesmal besser verstaut. Die kurzen Head liegen mit der Spitze nach vorne und passten so nebeneinander hin, die langen Carpani liegen mit den Spitzen hinten und unterschiedlich, so dass ich mit dem grauen Band vom Fahrersitz aus den Beifahrersitz verstellen kann (damit die Lehne nicht immer vorne ist)<\/p>\n<p><a href='http:\/\/extra.inmontanis.info\/d\/100354-3\/IMG_20230910_124524.jpg'><img src=http:\/\/extra.inmontanis.info\/d\/100353-4\/IMG_20230910_124524.jpg \/><\/a><br \/>\n^ So schaut die Beladung der Skier nun an der hinteren T\u00fcr aus. Viel platzsparender als bisher. Im Winter kommen die nat\u00fcrlich auf den Dachtr\u00e4ger (die Tourenski erst bei Bedarf im Fr\u00fchling). Aber im Herbst und n\u00e4chsten Sommer dann sollen sie hier sein statt dem Regen und Fliegendreck ausgesetzt. Die abmontierten Bindungen sind auch verstaut (hinterm und unterm Sitz)<\/p>\n<p><a href='http:\/\/extra.inmontanis.info\/d\/100358-3\/DSC07048.jpg'><img src=http:\/\/extra.inmontanis.info\/d\/100357-4\/DSC07048.jpg \/><\/a><br \/>\n^ R\u00f6sti (aus der Schweiz) und Bratmakrelen (aus der Dose), die leider in viel essigsaurem Aufguss waren, den h\u00e4tte ich mal besser nicht komplett reingesch\u00fcttet&#8230;<\/p>\n<p>Erledigt, das war auch schon seit 3 Jahren auf der To-Do-Liste: die angesammelten Musikst\u00fccke in Form von diversen Formaten (Filmdateien) mal wieder zu Musikdateien konvertieren, andere, die ich mir mal notiert hatte, downzuloaden, einige zu beschneiden und zu teilen, die Tags (automatisiert) erg\u00e4nzen und dann alle in die Bibliothek (itunes) importieren .. und schon hat man wieder 85 Lieder mehr (Schwerpunkt wohl 1970er, auch 60er und >2000er, einige werden wieder aussortiert) und war den ganzen Nachmittag und Abend besch\u00e4ftigt &#8230; allerdings auch eine sch\u00f6ne Besch\u00e4ftigung, da ich seit Hintertux Mitte August fast keine Musik mehr geh\u00f6rt hab.<\/p>\n<p>Im &#8220;alten&#8221; Leben hab ich ja etliche Jahre lang Internetradios aufgenommen und dann geschaut, was mir gef\u00e4llt und extrahiert. Da h\u00e4tte ich auch noch einige Daten von damals rumliegen, die ich irgendwann mal anh\u00f6ren und schneiden m\u00fcsste. Neue kamen nicht mehr dazu. Da ich auch sonst kein Radio h\u00f6re und ja auch schon jahrelang keine Fernsehsender mehr anschaue und auch sonst nichts in der Richtung, hab ich also null Ahnung, was in den letzten Jahren an neuen Liedern auf den Markt gekommen w\u00e4re. Hatte quasi auch keine Zeit, da gro\u00dfartig nach irgendwelchen Liedern rumzusuchen. Aber ich hab ja eh genug bzw. find dann immer noch welche aus den 60\/70\/80ern, die mir gefallen und die ich noch nicht hab.<\/p>\n<p>Eine kleine Auswahl:<\/p>\n<p>The Windmills of Your Mind \/ Noel Harrison (1968)<br \/>\n<a href='https:\/\/www.youtube.com\/watch?v=WEhS9Y9HYjU'>https:\/\/www.youtube.com\/watch?v=WEhS9Y9HYjU<\/a><\/p>\n<p>Cymbaline \/ Pink Floyd 1969<br \/>\n<a href='https:\/\/www.youtube.com\/watch?v=Z2D47dLYTC8'>https:\/\/www.youtube.com\/watch?v=Z2D47dLYTC8<\/a><\/p>\n<p>Take Me Home, Country Roads \/ John Denver (1971)<br \/>\n<a href='https:\/\/www.youtube.com\/watch?v=1vrEljMfXYo'>https:\/\/www.youtube.com\/watch?v=1vrEljMfXYo<\/a><\/p>\n<p>Riders On The Storm \/ The Doors (1971)<br \/>\n<a href='https:\/\/www.youtube.com\/watch?v=aZT_OxPRmSw'>https:\/\/www.youtube.com\/watch?v=aZT_OxPRmSw<\/a><\/p>\n<p>Soldier of fortune \/ Deep Purple (1974)<br \/>\n<a href='https:\/\/www.youtube.com\/watch?v=cdJHRkVU1P0'>https:\/\/www.youtube.com\/watch?v=cdJHRkVU1P0<\/a><\/p>\n<p>A. I. E. (A Mwana) \/ Black Blood (1975)<br \/>\n<a href='https:\/\/www.youtube.com\/watch?v=ew4T5I4XvMo'>https:\/\/www.youtube.com\/watch?v=ew4T5I4XvMo<\/a><\/p>\n<p>Bella Dentro \/ Paolo Frescura (1975)<br \/>\n<a href='https:\/\/www.youtube.com\/watch?v=EFpduDZ6icQ'>https:\/\/www.youtube.com\/watch?v=EFpduDZ6icQ<\/a><\/p>\n<p>Because the night \/ Bruce Springsteen (1978)<br \/>\n<a href='https:\/\/www.youtube.com\/watch?v=-Evp0MrJ9lk'>https:\/\/www.youtube.com\/watch?v=-Evp0MrJ9lk<\/a><\/p>\n<p>\u043c\u0443\u0437\u044b\u043a\u0430 \u043a \u0444\u0438\u043b\u044c\u043c\u0443 \u0421\u0438\u0431\u0438\u0440\u0438\u0430\u0434\u0430 \/ \u042d\u0434\u0443\u0430\u0440\u0434 \u0410\u0440\u0442\u0435\u043c\u044c\u0435\u0432 (1979)<br \/>\n<a href='https:\/\/www.youtube.com\/watch?v=sJj9y4t9UnU'>https:\/\/www.youtube.com\/watch?v=sJj9y4t9UnU<\/a><\/p>\n<p>Zoo Zoo \/ Bisquit (1981)<br \/>\n<a href='https:\/\/www.youtube.com\/watch?v=OJIGldJzAcU'>https:\/\/www.youtube.com\/watch?v=OJIGldJzAcU<\/a><\/p>\n<p>\u0421\u0432\u0435\u0436\u0438\u0439 \u0432\u0435\u0442\u0435\u0440 \/ \u041e\u043b\u0435\u0433 \u0413\u0430\u0437\u043c\u0430\u043d\u043e\u0432 (1989)<br \/>\n<a href='https:\/\/www.youtube.com\/watch?v=RmKotedkkk0'>https:\/\/www.youtube.com\/watch?v=RmKotedkkk0<\/a><\/p>\n<p>Un amico \u00e8 cosi \/ Laura Pausini (1994)<br \/>\n<a href='https:\/\/www.youtube.com\/watch?v=P6K988yfUPA'>https:\/\/www.youtube.com\/watch?v=P6K988yfUPA<\/a><\/p>\n<p>Mother Love \/ Queen (1991\/95)<br \/>\n<a href='https:\/\/www.youtube.com\/watch?v=HJFYtyEIJ60'>https:\/\/www.youtube.com\/watch?v=HJFYtyEIJ60<\/a><\/p>\n<p>What Else Is There \/ R\u00f6yksopp (2005)<br \/>\n<a href='https:\/\/www.youtube.com\/watch?v=ADBKdSCbmiM'>https:\/\/www.youtube.com\/watch?v=ADBKdSCbmiM<\/a><\/p>\n<p>&#8230; und zum Ausklang:<br \/>\nVincent \/ Don McLean (1971)<br \/>\n<a href='https:\/\/www.youtube.com\/watch?v=oxHnRfhDmrk'>https:\/\/www.youtube.com\/watch?v=oxHnRfhDmrk<\/a><\/p>\n<p><em>Der n\u00e4chste Bericht kommt entweder noch kurz vor Abfahrt oder sp\u00e4testens zusammen mit dem ersten Skitag in Hintertux in der letzten Septemberwoche. Zeit, um alte Berichte online zu stellen, werd ich wohl leider nicht mehr haben.<\/em><\/p>\n<p>&#8212;-<\/p>\n<p>.. und aus der politischen Ecke ..<\/p>\n<p>&#8220;Unter dem Vorwand, den Klimawandel zu bek\u00e4mpfen, wird unter dem Namen C40-Cities ein geradezu dystopisches Programm vorangetrieben.&#8221; &#8220;Die C40, die vom Weltwirtschaftsforum von Klaus Schwab gef\u00f6rdert und unterst\u00fctzt werden, haben sich bis 2030 \u201eehrgeizige Ziele\u201c gesetzt. Dazu geh\u00f6ren die folgenden Ziele, die nur eine Auswahl darstellen, f\u00fcr die Einwohner der St\u00e4dte sollen folgende verbindliche Regeln gelten: Null Kilogramm Fleischkonsum, Null Kilogramm Milchprodukte, maximal drei neue Kleidungsst\u00fccke pro Person und Jahr, Null private Fahrzeuge im Besitz, ein Kurzstreckenflug (weniger als 1500 Kilometer) alle drei Jahre pro Person.&#8221;<br \/>\n<a href='https:\/\/www.anti-spiegel.ru\/2023\/kein-fleisch-kein-auto-keine-reisen-die-sdg-und-die-c40-staedte\/'>https:\/\/www.anti-spiegel.ru\/2023\/kein-fleisch-kein-auto-keine-reisen-die-sdg-und-die-c40-staedte\/<\/a><\/p>\n<p><a href='https:\/\/www.anti-spiegel.ru\/2023\/wikipedias-kampf-gegen-russland\/'>https:\/\/www.anti-spiegel.ru\/2023\/wikipedias-kampf-gegen-russland\/<\/a><\/p>\n","protected":false},"excerpt":{"rendered":"<p>Ha! F\u00fcr meine Fugen f\u00fcr die Fliesenlook-Aktion im Holz ist mir erst eine, dann noch eine andere Idee gekommen.<\/p>\n<p>1) mit einem L\u00f6tkolben bzw. L\u00f6tpistole eine Vertiefung einbrennen. Wieder einmal ein Relikt von meinem Gro\u00dfvater und aufgrund der Gr\u00f6\u00dfe hatte ich das nie verwendet (verwende feinere L\u00f6tkolben), aber f\u00fcr den Zweck wohl geeignet. Mit einem <a href=\"http:\/\/blog.inmontanis.info\/?p=9429\">[&#8230;]<\/a><\/p>\n","protected":false},"author":1,"featured_media":9432,"comment_status":"closed","ping_status":"closed","sticky":false,"template":"","format":"standard","meta":{"footnotes":""},"categories":[8],"tags":[],"class_list":["post-9429","post","type-post","status-publish","format-standard","has-post-thumbnail","hentry","category-private","odd"],"_links":{"self":[{"href":"http:\/\/blog.inmontanis.info\/index.php?rest_route=\/wp\/v2\/posts\/9429","targetHints":{"allow":["GET"]}}],"collection":[{"href":"http:\/\/blog.inmontanis.info\/index.php?rest_route=\/wp\/v2\/posts"}],"about":[{"href":"http:\/\/blog.inmontanis.info\/index.php?rest_route=\/wp\/v2\/types\/post"}],"author":[{"embeddable":true,"href":"http:\/\/blog.inmontanis.info\/index.php?rest_route=\/wp\/v2\/users\/1"}],"replies":[{"embeddable":true,"href":"http:\/\/blog.inmontanis.info\/index.php?rest_route=%2Fwp%2Fv2%2Fcomments&post=9429"}],"version-history":[{"count":3,"href":"http:\/\/blog.inmontanis.info\/index.php?rest_route=\/wp\/v2\/posts\/9429\/revisions"}],"predecessor-version":[{"id":9433,"href":"http:\/\/blog.inmontanis.info\/index.php?rest_route=\/wp\/v2\/posts\/9429\/revisions\/9433"}],"wp:featuredmedia":[{"embeddable":true,"href":"http:\/\/blog.inmontanis.info\/index.php?rest_route=\/wp\/v2\/media\/9432"}],"wp:attachment":[{"href":"http:\/\/blog.inmontanis.info\/index.php?rest_route=%2Fwp%2Fv2%2Fmedia&parent=9429"}],"wp:term":[{"taxonomy":"category","embeddable":true,"href":"http:\/\/blog.inmontanis.info\/index.php?rest_route=%2Fwp%2Fv2%2Fcategories&post=9429"},{"taxonomy":"post_tag","embeddable":true,"href":"http:\/\/blog.inmontanis.info\/index.php?rest_route=%2Fwp%2Fv2%2Ftags&post=9429"}],"curies":[{"name":"wp","href":"https:\/\/api.w.org\/{rel}","templated":true}]}}