{"id":9425,"date":"2023-08-27T18:03:25","date_gmt":"2023-08-27T16:03:25","guid":{"rendered":"http:\/\/blog.inmontanis.info\/?p=9425"},"modified":"2023-08-28T18:28:27","modified_gmt":"2023-08-28T16:28:27","slug":"pc-auto-wespennest-viele-baustellen-19-27-8-2023","status":"publish","type":"post","link":"http:\/\/blog.inmontanis.info\/?p=9425","title":{"rendered":"PC, Auto, Wespennest, viele Baustellen, 19.-27.8.2023"},"content":{"rendered":"<p><strong>Sa, 19.8.2023<\/strong><\/p>\n<p><a href='http:\/\/extra.inmontanis.info\/d\/100042-2\/DSC06900.jpg'><img src=http:\/\/extra.inmontanis.info\/d\/100041-3\/DSC06900.jpg \/><\/a><br \/>\n^ 3 Schr\u00e4nke daheim bekamen nun noch ein dunkelbraunes Finish<\/p>\n<p><a href='http:\/\/extra.inmontanis.info\/d\/100046-2\/DSC06901.jpg'><img src=http:\/\/extra.inmontanis.info\/d\/100045-3\/DSC06901.jpg \/><\/a><br \/>\n^ .. und ein zweites Regal im Action gekauft. H\u00e4tte aber nicht gedacht, dass ich beide 3er komplett \u00fcbereinander stapeln m\u00fcsste (man kann das einzeln pro Stock machen) und der Projektor immer noch nicht gerade steht &#8230;<\/p>\n<p><a href='http:\/\/extra.inmontanis.info\/d\/100050-2\/DSC06902.jpg'><img src=http:\/\/extra.inmontanis.info\/d\/100049-3\/DSC06902.jpg \/><\/a><br \/>\n^ Unsortierter Kleinkram, der nun wenigstens etwas thematisch in die vorher gezeigten Regalboxen einsortiert wird<\/p>\n<p>Heut Nachmittag wieder einen Topf voll Kartoffeln gekocht, Teil eingefroren und ein Teil auf die Pizza, wieder mit Creme Fraiche und Kartoffeln, aber keinen Speck gekauft, daher kam Grillpaprika vom Glas druf und etwas von der Tr\u00fcffel-Salsiccia-Pastaso\u00dfe, die ich gestern auch zu den Nudeln hatte.<\/p>\n<p><a href='http:\/\/extra.inmontanis.info\/d\/100054-2\/DSC06903.jpg'><img src=http:\/\/extra.inmontanis.info\/d\/100053-3\/DSC06903.jpg \/><\/a><br \/>\n^ Pfannen-Pizza wieder mit Creme Fraiche, Kartoffeln, Paprika, zu wenig K\u00e4se und leider diesmal keinen Speck gehabt<\/p>\n<p><a href='http:\/\/extra.inmontanis.info\/d\/100058-2\/IMG_20230819_093751.jpg'><img src=http:\/\/extra.inmontanis.info\/d\/100057-3\/IMG_20230819_093751.jpg \/><\/a><br \/>\n^ Das Autoradio w\u00fcrde sogar in diese Richtung in meinen Schrank passen &#8211; aber kann ich weniger Zeug reinstellen und verlier hinten eigentlich zu viel Platz ..<\/p>\n<p><strong>So, 20.8.2023<\/strong><\/p>\n<p>Wieder 2x zum Auto vormittags &#8211; weils um 9:30 heute k\u00fchler sein wird als morgen um 11:30 &#8230;<br \/>\n.. diesmal z.B. Bett, Schlafsack, Tischplatte mitgenommen, damit ich demn\u00e4chst genug Platz zum Reinigen und Umbauen hab &#8211; das werd ich aber wohl auf k\u00fchleres Wetter verschieben, diese Woche soll es noch sehr warm bleiben. <\/p>\n<p>Einzig vielleicht paar Bretter noch raus, die ich in der Wohnung bearbeiten will. Dort muss ich jetzt auch meine Fenster\u00f6ffnung wieder umstellen &#8211; statt tasg\u00fcber, um die W\u00e4rme reinzulassen, nun wieder nachts, um die K\u00e4lte reinzulassen, damit es tags\u00fcber nicht noch auf mehr als 23\u00b0 steigt&#8230;<\/p>\n<p>Milch gew\u00e4rmt, Kakaopulver rein und: italienische Pistaziencreme darin aufgel\u00f6st (normalerweise zum Draufschmieren aufs Brot) .. dann wieder Spr\u00fchsahne und Zucker dazu und einfrieren (und hin und wieder umr\u00fchren) und fertig ist die Eiscreme.<\/p>\n<p>Hautpessen heute? Das gro\u00dfe Glas Borschtsch mit etwas Creme fraiche (statt Smetana).<\/p>\n<p>Also wenn ich wirklich mehr oder weniger direkt und gleich nach Ruka wollen sollte (und noch dazu in CZ ein paar alte Lifte besuchen), k\u00f6nnte ich doch auch mal \u00fcber Polen-Litauen-Lettland-Estland nach Finnland rauf fahren, da das km-m\u00e4\u00dfig quasi ident ist zu meiner sonst in letzter Zeit \u00fcblichen Rostock\/Trelleborg Schweden-Variante (die ich deshalb bevorzuge, weil man nach Rostock viel bequemer und k\u00fcrzer kommt als wenn man \u00fcber Hamburg nach D\u00e4nemark f\u00e4hrt.<\/p>\n<p>Allerdings muss man via Baltikum halt an\/durch viele Hauptst\u00e4dte fahren, Warschau, Riga, Tallinn und Helsinki (die beiden letzten wg. der verbindenden F\u00e4hre quasi komplett durch) und das ist da halt viel besiedeltes Flachland und Autobahnen und somit wohl viel Verkehr bis man endlich mal in Finnland ist und vielleicht (keine Ahnung, war ja noch nie soweit unten) ruhigere Strecken hat. <\/p>\n<p>Die Variante sonst durch Schweden w\u00e4re aufgrund der direkteren Richtung allerdings auch die Autobahn am Meer entlang rauf (au\u00dfer  unten, da kann man auch direkter und k\u00fcrzer fahren), was ich ja auch immer nicht sooo unbedingt mag und es da ebenfalls viele St\u00e4dte und Verkehr gibt. Aber es war mir Schweden bisher halt schon wesentlich sympathischer als Finnland oder die baltischen Staaten und Polen. Allerdings w\u00e4r in letzteren auch der Sprit etwas g\u00fcnstiger &#8230; daf\u00fcr dann in Finnland teurer als in Schweden ..<\/p>\n<p>Es g\u00e4be sonst auch noch eine lange F\u00e4hre von Polen nach Finnland, aber wohl nur f\u00fcr LKWs und eine noch l\u00e4ngere F\u00e4hre (\u00fcber 30h) von Travem\u00fcnde(DE) nach Helsinki, kostet derzeit f\u00fcr Ende Oktober ab 342,- \u20ac inkl. Innenkabine ohne Essen+WLan, also auch nicht lohnenswert trotz streckenm\u00e4\u00dfiger Einsparung.<\/p>\n<p><strong>Mo, 21.8.2023<\/strong><\/p>\n<p>Da ich die n\u00e4chsten Tage wieder \u00f6fters runter zum Postler muss, bin ich heut Mittag doch zum Auto und hab 2 Sachen ausgebaut: Mein komplettes Schr\u00e4nkchen und das rechte hintere Seitenbrett, wo man beim n\u00e4chsten Service eine Seitenserviceklappe \u00f6ffnen k\u00f6nnen muss zum Austausch der hinteren Sto\u00dfd\u00e4mpfer. Links geht&#8217;s hoffentlich mit eingebautem Schrank. <\/p>\n<p>Jedenfalls hatte ich ja schon bef\u00fcrchtet, dass es hinter dem Brett recht schimmelig sein k\u00f6nnte, weil ich da noch nicht hingekommen bin und auch noch nicht nachgesehen hatte, wohl aber vielleicht mal etwas Antischimmelspray reingespr\u00fcht hatte. Und ja, das Brett war im unteren Bereich dreckig und schimmlig. Da werd ich beim n\u00e4chsten Einbau was dazwischenlegen, wenn passt, vielleicht passt die d\u00fcnne Klebe(filz)stoffmatte dazwischen.<\/p>\n<p><a href='http:\/\/extra.inmontanis.info\/d\/100078-2\/IMG_20230821_121226.jpg'><img src=http:\/\/extra.inmontanis.info\/d\/100077-3\/IMG_20230821_121226.jpg \/><\/a><br \/>\n^ H\u00e4tte ich mir ehrlich gesagt schlimmer vorgestellt das Brett, da ich diese Seite meiner Erinnerung nach noch nie vom Schimmel befreit hatte.<\/p>\n<p>F\u00fcr die Sto\u00dfd\u00e4mpferserviceklappe k\u00f6nnte ich also entweder das Brett auch wieder Ausbauen zum Servicetermin, oder einfach oben ein U-f\u00f6rmiges St\u00fcck wegschneiden, was wohl kein Problem f\u00fcr die Stabilit\u00e4t bedeuten d\u00fcrfte, da die Tischplatte dar\u00fcber ja eh haupts\u00e4chlich auf den Winkeln liegt.<\/p>\n<p>Die Tischplatte hatte ich schon gestern raufgenommen, erstens damit sie unten weniger st\u00f6rt und weil ich sie ja evtl. gr\u00fcn lackieren m\u00f6chte und\/oder zwei Seiten vom Schr\u00e4nkchen im gr\u00fcnen Fliesenlack, dazu ja der Einbau des Autoradios zu dem wohl ein oder zwei zus\u00e4tzliche Brettchen n\u00f6tig sein werden, damit ich das Teil mit der restlichen Beladung nicht komplett \u00fcberdecke, sondern etwas W\u00e4rmeabzug m\u00f6glich ist und auch damit die Kabel ungest\u00f6rter sind.<\/p>\n<p>Sobald die Kabel dann verlegt sind, wird ein Ausbau des Schr\u00e4nkchens n\u00e4chstes Mal noch etwas umst\u00e4ndlicher.<\/p>\n<p><a href='http:\/\/extra.inmontanis.info\/d\/100062-2\/DSC06905.jpg'><img src=http:\/\/extra.inmontanis.info\/d\/100061-3\/DSC06905.jpg \/><\/a><br \/>\n^ Der Spalt der Doppelverglasung in der Balkont\u00fcr ist im unteren Bereich etwas zu breit&#8230;<\/p>\n<p>Nachdem es gestern ruhig war, heut wieder Summsumm aus der T\u00fcr&#8230; was f\u00fcr dumme Viecher. Was bauen die ihr Nest da rein und der Nachwuchs findet dann nicht raus oder wie?!<\/p>\n<p>Bisschen die Balkont\u00fcr angehoben (mit dem \u00d6ffnungshebel) und das Vieh pretschte davon. Hab ja jetzt den Vorhang davor gelegt, so dass es f\u00fcr die wohl logischer ist, in welche Richtung es geht..<\/p>\n<p>Wie lang geht das jetzt so? Lieber w\u00e4r mir ja, das Nest da rauszuholen und zu schauen, ob ich die T\u00fcr wieder geschlossen bekomme, also den Doppelverglasungsteil. K\u00f6nnte sonst im Winter d\u00e4mpfungsm\u00e4\u00dfig unpassend sein bzw. weitere Viecher dann dort reinkriechen.<\/p>\n<p>Allerdings sind diese Viecher zumindest in DE laut Internet sogar unter Naturschutz und darf man gar nicht st\u00f6ren in ihrem Nest. Ich hoffe die sind bis zur Abreise alle geschl\u00fcpft, wenn ich wieder auf den Balkon muss um die Fensterl\u00e4den zu schlie\u00dfen ..<\/p>\n<p>Da die Viecher ja so schnell wegfliegen, ich die Doppelverglasung nicht \u00f6ffnen will, wei\u00df ich nicht, was das ist. Biene, Wespe, Fliegen, keine Ahnung.<\/p>\n<p>Sp\u00e4ter hab ich zuf\u00e4llig gesehen, wie so ein Viech versucht hat, wieder reinzukommen. Keine Ahnung, ob geschafft oder nicht, war jedenfalls ziemlich lang und flog irgendwann wieder weg.<\/p>\n<p>Nach einiger Googlesuche k\u00f6nnte das wohl eine T\u00f6pferwespe \/ (orientalische) Mauerwespe \/ Grabwespe sowas gewesen sein, da schmale Fl\u00fcgel und im mittleren K\u00f6rperbereich &#8220;fleischlos&#8221;. Die sollen sich von Spinnen ern\u00e4hren und im Vergleich zu den gemeinen Wespen f\u00fcr Menschen unproblematisch sein. Die h\u00e4tte ich spinnenm\u00e4\u00dfig in meiner alten Wohnung in Innsbruck brauchen k\u00f6nnen ;) <\/p>\n<p>Allerdings sollten die eher im Fr\u00fchjahr schl\u00fcpfen .. k\u00f6nnte also auch sein, dass die jetzt erst mit dem Nestbau anf\u00e4ngt, immer wieder reinkriecht? In der Tat hab ich, als ich die T\u00fcr letztens ge\u00f6ffnet hatte, im Falz selbst so ein kleines graues Ding gesehen, ob jetzt R\u00f6hre oder Topf, hielt es eher f\u00fcr Schmutz oder was anderes bzw. evtl. zum Eingang f\u00fcr die Ritze zwischen der Doppelverglasung.<\/p>\n<p>Beim Summen sp\u00e4ter mal aufgepasst und gewartet, ja, nach einigem Summen flog das Vieh wieder weg, ich \u00f6ffnete die T\u00fcr und sah so ein schr\u00e4ges lehmartiges Konstrukt zwischen R\u00f6hre und Topf bzw. sgar schon zwei (das ging jetzt schnell). Interessanterweise oder zuf\u00e4lligerweise hat sie das an die T\u00fcr festgemacht, so dass das beim \u00d6ffnen der T\u00fcr an selbiger kleben bleibt und ihre Brutst\u00e4tte nicht z.B. durchs \u00d6ffnen runterf\u00e4llt oder zerst\u00f6rt wird.<\/p>\n<p>Gem\u00e4\u00df Google werden also etliche von diesen T\u00f6pfen gebaut, dann kommt ein Ei hinein, bet\u00e4ubte Insekten (Spinnen o.\u00e4.) und dann der Topf verschlossen. Na hoffentlich bleiben die da drin und werden von den Larven sch\u00f6n brav gefressen, nicht dass ich dann die Spinnen in der Wohnung hab, weil die durch kleine \u00d6ffnungen am T\u00fcrrahmen durchkriechen &#8230;  oder sie die Dinger doch noch so verbaut, dass ich beim \u00d6ffnen der T\u00fcre die Nester zerst\u00f6re und somit deren Inhalt nach Innen gelangt..<\/p>\n<p>Somit muss ich aber wohl nicht bef\u00fcrchten, dass sich da noch was durch den Fensterrahmen frisst und so lang das au\u00dfen bleibt und nicht nach innen kommt, ist mir das egal und ich bin nun etwas beruhigter. Ob die nun heuer oder erst n\u00e4chstes Jahr schl\u00fcpfen, da finden sich unterschiedliche Infos.<\/p>\n<p><a href='http:\/\/extra.inmontanis.info\/d\/100066-2\/DSC06907.jpg'><img src=http:\/\/extra.inmontanis.info\/d\/100065-3\/DSC06907.jpg \/><\/a><br \/>\n^ Derzeit ungenutzte Netzteile. Mittlerweile auch haufenweise USB-Netzteile. Werden leider nach wie vor bei vielen Produkten mitgeschickt.<\/p>\n<p>Tja, doch etwas schwieriger, was die Positionsm\u00f6glichkeiten des Radios im Kasten anbelangt. Hinten hochformatig m\u00fcsste man weit vom Rand nehmen wegen der Dachschr\u00e4ge und dann k\u00e4me ich in den Bereich zwischen Radio und Wand auch gar nicht vern\u00fcnftig hin, um da noch was zu verstauen.<\/p>\n<p>Querformatig ist auch fraglich, ob ich das Radio bis zum Rand montieren kann oder nicht, weil ich im ausgebauten Zustand nicht absch\u00e4tzen kann, ob der hintere Teil irgendwo an einer Dachschr\u00e4ge\/-kr\u00fcmmung ansto\u00dfen w\u00fcrde, d.h. evtl. paar cm Platz lassen. Hochformatig hinter der T\u00fcr, dann ist der Bereich hinterm Radio wegen den Kabeln quasi tot zudem die Hauptkabel dann oben rausgehen w\u00fcrden.<\/p>\n<p>Vor einiger Zeit hatte ich doch etwas bedauert, dass ich diese einen bunten Kerzenhalter von Gro\u00dfelterns Garten nicht aufgehoben, sondern entsorgt hatte &#8211; dingdong, die waren doch in einem der Kartons, die ich in Mutters Keller zwischengelagert hatte und nun mitgenommen hatte!<\/p>\n<p>Und ebenfalls da drin: ein drittes (nicht ben\u00f6tigtes) China-oder Japan-Teeservice. In Zeitung von 2008 eingewickelt. Zwar nicht so sch\u00f6n wie die anderen, aber mit Kopf im Tassenboden.<\/p>\n<p>Das eine, was ich nur noch teilweise hab, weil ich den Rest beim Umzug weggeschmissen hatte, wird im Netz komplett um \u00fcber 100 \u20ac verkauft &#8230;<\/p>\n<p><a href='http:\/\/extra.inmontanis.info\/d\/100070-2\/DSC06909.jpg'><img src=http:\/\/extra.inmontanis.info\/d\/100069-3\/DSC06909.jpg \/><\/a><br \/>\n^ Hatte ich also doch nicht ensorgt, die bunten Teelicht-Kerzenh\u00fcllen<\/p>\n<p><a href='http:\/\/extra.inmontanis.info\/d\/100074-2\/DSC06910.jpg'><img src=http:\/\/extra.inmontanis.info\/d\/100073-3\/DSC06910.jpg \/><\/a><br \/>\n^ .. und noch ein asiatisches Teeservice, zumindest in Teilen<\/p>\n<p><strong>Di, 22.8.2023<\/strong><\/p>\n<p>Die Sonne steht mittlerweile vormittags recht tief und scheint daher in die Wohnung und w\u00e4rmt entsprechend. Was im Herbst und Fr\u00fchjahr also praktisch ist (sofern die Sonne nicht auf Schokolade scheint) (und was von mir bei Abwesenheit durch die Fensterl\u00e4den unterbunden wird), ist momentan bei den warmen Temperaturen drau\u00dfen eher st\u00f6rend.<\/p>\n<p>Mein Fensterau\u00dfenthermometer stieg schon um 9:30 auf 30\u00b0, aber da hatte ich ja schon immer das Gef\u00fchl seit Installation, dass das etwas zu viel anzeigt. Liegt zwar selbst nicht in der Sonne, aber das Fensterglas im unteren Drittel.<\/p>\n<p>Ab Mittag fing die T\u00f6pferin wieder an und das fr\u00fche Nachmittagsthermometer zeigte knapp 31\u00b0 an, diesmal aber im Schatten. War auch sp\u00fcrbar w\u00e4rmer, was da vom Fenster reingekommen w\u00e4re (im Vgl. zu den ca. 23-24\u00b0 innen, also mal sicherlich mehr als z.B. nur 25\u00b0 drau\u00dfen), das ich also nur einen Spalt offen hatte, um das Auto vom Postler zu h\u00f6ren. <\/p>\n<p><a href='http:\/\/extra.inmontanis.info\/d\/100082-2\/DSC06913.jpg'><img src=http:\/\/extra.inmontanis.info\/d\/100081-3\/DSC06913.jpg \/><\/a><br \/>\n^ Definitiv zu hei\u00df momentan selbst hier oben, um das Fenster tags\u00fcber offen zu lassen<\/p>\n<p><a href='http:\/\/extra.inmontanis.info\/d\/100086-2\/DSC06914.jpg'><img src=http:\/\/extra.inmontanis.info\/d\/100085-3\/DSC06914.jpg \/><\/a><br \/>\n^ Die Thermometer links waren im 4er Pack eben g\u00fcnstiger, zeigen aber etwas unterschiedlich an. Mindestens eins will ich ja im Auto verbauen. Eins h\u00e4ngt derweil tags\u00fcber aus dem Fenster.<\/p>\n<p>Mittlerweile hatte ich die 2 neuen Umzugskartons und die 2 alten soweit ausger\u00e4umt bzw. zusammen gepackt, dass ich nun wieder 2, daf\u00fcr recht volle, Umzugskartons hab. Und noch etwas Platz in wenigen Regalen\/Schr\u00e4nken.<\/p>\n<p>Der Rauchgestank in der Wohnung vom Mikrowellenunfall wird auch besser.<\/p>\n<p><a href='http:\/\/extra.inmontanis.info\/d\/100090-2\/DSC06915.jpg'><img src=http:\/\/extra.inmontanis.info\/d\/100089-3\/DSC06915.jpg \/><\/a><br \/>\n^ Das Autoradio ist nun im Schrank eingebaut, rechts daneben eine Aux-Buchse und ein Schalter<\/p>\n<p><a href='http:\/\/extra.inmontanis.info\/d\/100094-2\/DSC06916.jpg'><img src=http:\/\/extra.inmontanis.info\/d\/100093-3\/DSC06916.jpg \/><\/a><br \/>\n^ So schaut&#8217;s von Innen aus, wobei noch nicht alle Kabel am Radio angeschlossen sind und ja auch noch ein Zwischenfach dr\u00fcber soll<\/p>\n<p>Mal wieder die Finanzen gecheckt &#8211; alle Fonds seit meinem letzten Check vor 2 Monaten wieder abgesackt auf ca. die Maiwerte. Baranteil ca. 21%, Goldanteil ca. 8%.  Durchs Urlaubsgeld und keinen besonderen Ausgaben steh ich unterm Strich etwas \u00fcber dem Wert von vor 3 Monaten. Aber die n\u00e4chste Reise wird ja wieder l\u00e4nger und teurer werden ..<\/p>\n<p>Hatte mir mal wieder ein bisschen was \u00fcberlegt, und zwar hinsichtlich &#8220;Internet-Surfen&#8221; im Auto ohne Handy (auch weil mir Android manchmal so extrem auf den Sack geht) aber trotzdem stromsparend .. evtl. ein kleineres alternatives Touch-Display am PC anschlie\u00dfen (7&#8243; oder 10&#8243;), falls das weniger brauchen sollte als mein 13&#8243; Pen-Tablet? Diese Displays werden haupts\u00e4chlich f\u00fcr den Raspberry Pi &#8211; MiniPC angeboten &#8230; sowohl Displays wie auch PC gibts jeweils um unter 80 \u20ac. W\u00e4r von dem her auch ein g\u00fcnstiger, stromsparender Laptop-Ersatz. <\/p>\n<p>Weitergedacht h\u00e4tte ich so einen Raspberry Pi vielleicht auch als Surroundanlage ausbauen k\u00f6nnen und mir den Einbau des gro\u00dfen alten Autoradios sparen k\u00f6nnen.. naja, vielleicht wenn das Radio mal defekt ist.<\/p>\n<p>Aber vielleicht kauf ich mir noch so ein Display und auch den R.Pi mal und probier das einfach mal aus &#8211; ggf. unterwegs, wenn ich daheim nicht mehr dazu komm.<\/p>\n<p>Wichtiger w\u00e4re aber, was ich mir schon seit 1-2 Jahren vorgenommen h\u00e4tte, von dem schei\u00df nervigen Google Keep mal wegzukommen und meine Notizenverwaltung mit eine eigene Sync-L\u00f6sung zu haben.<\/p>\n<p><strong>Mi, 23.8.2023<\/strong><\/p>\n<p>Wird man ja nicht ganz vergleichen k\u00f6nnen, aber daheim und ohne Display verbraucht mein PC (Intel NUC, quasi aus Notebookkomponenten) samt Netzteil zwischen 13 und 30 Watt bei normalem Arbeiten bzw. Nichtstun. Mein Display vom Auto scheint ca. 5-7 Watt zu brauchen (bei niedriger Helligkeit). Aber eben hier ist ein 230V-Netzteil dran, was vermutlich mehr Verluste hat als mein 12V-Netzteil im Auto. So ein 230V-PC-Netzteil soll einen Wirkungsgrad um die 70-90% haben, was also ein gro\u00dfer Unterschied ist, wenn man die Daten vom Netzteil nicht n\u00e4her kennt.<\/p>\n<p>Im Schnitt waren das die 4h vormittags ca. 220 Wh, also ca. 55 Wh pro Stunde, was z.B. bei einem Wirkungsgradunterschied von 80% im Vgl. zum 12V-Netzteil dann dort 44 Wh w\u00e4ren; wof\u00fcr ein Pi 4 mit 7&#8243; Display also vielleicht mit 10Wh \/h auskommen k\u00f6nnte. <\/p>\n<p>Allerdings .. 44Wh:13,5V = ca. 3,3 Ah aus der Autobatterie pro Stunde ist eher zu viel, weil das ja dann 10 Ah f\u00fcr einen vormitt\u00e4glichen Arbeitstag w\u00e4ren und das deckt sich nicht mit meinen Messungen zumindest mit dem BMS der Batterie, denn da hatte ich im Jun\/Jul in HiTux pro Tag nur um die 7-9 Ah gebraucht und da war ja auch noch das Handyladen mit 2-3 Ah dabei (und das PC-Display!)&#8230; andererseits, meine ersten Tests ganz am Anfang zeigten durchaus 3,2-3,5 Ah \/ h bei durchschnittlem Gebrauch.<\/p>\n<p>Ein R. Pi 4 soll um die 5-8 Watt brauchen (keine Ahnung ob mit oder ohne Netzteil), wobei durch den schwachen Prozessor das Teil vmtl. \u00f6fters im oberen Bereich und seltener im unteren Bereich w\u00e4re. Jedenfalls k\u00f6nnte man damit wohl schon mehr einsparen, als nur ein  7&#8243;-Display statt 13&#8243; an den PC zu h\u00e4ngen&#8230;<\/p>\n<p>Was so ein 7&#8243; oder 10&#8243;  Touchdisplay angeht, gibts die ja in zwei Geschmacksrichtung: Kapazitiv oder Resistiv. Ersteres haben die Handybildschirme. Vorteil: Keine Kratzer, man muss nicht fest aufdr\u00fccken und kann somit leichter scrollen und hat auch die M\u00f6glichkeit auf mehr als nur 1 Finger zu reagieren. Am Desktop waren mir bisher resistive aber lieber, denn man kann mit Hilfe eines Stifts mit einer schmalen Spitze viel exakter den Mausklick durchf\u00fchren. Leider sind die resitiven mittlerweile sehr selten, weil man nat\u00fcrlich mit 5-Finger-Touch viel mehr Werbung machen kann :(<\/p>\n<p>Alternativ g\u00e4b&#8217;s als 10&#8243; auch einen Stift-Monitor von XP-Pen, kostet dann allerdings ca. doppelt so viel und soll ein Full-HD-Display haben, w\u00e4hrend die g\u00fcnstigen 7\/10&#8243; Touchscreens anscheinend allesamt eine Aufl\u00f6sung von 1024&#215;600 haben. Full-HD ist auf meinem 13&#8243; XP-Pen-Display schon arg winzig, dass man es gerade noch mit 100% verwenden kann, aber auf 10&#8243; m\u00fcsste man also eine DPI-Vergr\u00f6\u00dferung in Betracht ziehen, was bei Windows und Linux bei manchen Programmen unsch\u00f6ne Darstellungen hat oder nicht korrekt genug durchgef\u00fchrt wird.<\/p>\n<p>Mehr Pixel, wenn man sie dann eh nicht vern\u00fcnftig verwenden kann, bedeuten vermutlich auch mehr Rechenleistung und einen etwas h\u00f6heren Stromverbrauch, was aber im Vergleich zum Hauptstromverbrauch bei so einem Display, das die Hintergrundbeleuchtung sein d\u00fcrfte, eher irrelevant sein d\u00fcrfte. Ob aber der Stromverbrauch zwischen meinem 13,3&#8243; und einem 10&#8243; Display sonderlich sp\u00fcrbar ist, darf auch etwas bezweifelt werden&#8230;<\/p>\n<p>Ich hab ja hier noch ein altes &#8220;Netbook&#8221; mit einer viel schw\u00e4cheren Atom-CPU (und nur 2 GB RAM), das ich fr\u00fcher (vor dem Sony Notebook) auf Reisen mit dabei hatte. Das hat ja auch einen (reisistven) Touchscreen, aber sogar 8,8&#8243; bei 1024&#215;600. Um den Stromverbrauch zu testen, m\u00fcsste ich es entweder ohne Batterie testen oder diese vollladen und dann testen. Wobei ich dann logischerweise wieder das 230V-Netzteil-Wirkungsgrad-Problem hab. Das Netzteil gibt 12V direkt aus.<\/p>\n<p>Statt Windows XP m\u00fcsste ich halt ggf. ein etwas aktuelleres Linux draufladen, um einen aktuelleren Browser verwenden zu k\u00f6nnen, falls ich das Teil verwenden m\u00f6chte. Wobei mir per se ja XP durchaus sympatischer als Android ist. Eine SSD hatte ich mal eingebaut. Mehr Strom als ein Pi4 wird das Teil sicher brauchen und trotz vmtl. weniger Performance und ja nur 1 GB statt 4 GB RAM, was bei intensivem Internetbrowsen schon sehr wenig ist heutzutage. Die SSD dagegen k\u00f6nnte sogar besser sein, da ein Pi 4 ja standardm\u00e4\u00dfig nur mit SD-karten arbeitet.<\/p>\n<p>Stromverbrauch mit Netzteil waren dann gemessene 15W beim Nichtstun und bis zu knapp 20W beim Browsen unter XP bzw. h\u00f6herer CPU-Auslastung. Liegt also vmtl. mittig zwischen meinem PC und einem Pi 4 und ist dazu relativ dick, schwer und wird warm.<\/p>\n<p><a href='http:\/\/extra.inmontanis.info\/d\/100098-2\/DSC06918.jpg'><img src=http:\/\/extra.inmontanis.info\/d\/100097-3\/DSC06918.jpg \/><\/a><br \/>\n^ Mein altes Netbook, zuletzt nochmals auf der Kirgisistan-Reise im Einsatz gewesen<\/p>\n<p><a href='http:\/\/extra.inmontanis.info\/d\/100102-2\/DSC06922.jpg'><img src=http:\/\/extra.inmontanis.info\/d\/100101-3\/DSC06922.jpg \/><\/a><br \/>\n^ .. das w\u00fcrde gr\u00f6\u00dfentechnisch auch gut ins Schr\u00e4nkchen passen. Wenn es nur etwas performanter w\u00e4re..<\/p>\n<p>Jedenfalls .. 7&#8243; k\u00f6nnte mir bei 1024&#215;600 doch zu klein sein, wie ich dadurch bemerkt hatte.<br \/>\n7&#8243; bei 1024&#215;600 gibt 169,55 DPI.<br \/>\n13,3&#8243; bei 1920&#215;1080 (mein Hauptdisplay) ergeben 165,63 DPI, d.h. beim 7&#8243; w\u00e4r die Darstellung tats\u00e4chlich noch einen Ticken kleiner.<br \/>\n9&#8243; bei 1024&#215;600 ergeben 131,87 DPI.<br \/>\n8&#8243;-Screens gibts mit 1280&#215;720 und 1280&#215;800, da w\u00e4rs wieder sp\u00fcrbar kleiner mit 183,58\/188,68 DPI.<br \/>\n10&#8243; bei 1024&#215;600 w\u00e4ren 118,68 DPI.<br \/>\n21,5&#8243; bei 1920&#215;1080 (was mein Monitor daheim sein sollte) ergeben 102,46 DPI. Da k\u00f6nnte man dann auch kapazitiv halbwegs genau auf Links oder OS-Buttons klicken, zumindest mit einem kleinen kapazitiven Stift, die ja keine Spitze, sondern eine Abrundung mit mehreren mm Durchmesser haben.<\/p>\n<p>Je l\u00e4nger ich such, desto weniger (also, keine) resistive passende Touchscreen find ich auf Amazon im Bereich 7-10&#8243;. Die sind dann teilweise nur f\u00fcr den Raspberry mit Hinweis &#8220;Windows no touch&#8221;, teils nicht mal mit HDMI-Anschluss, das kommt mir dann etwas unpassend vor, zudem brauchen sie wohl 3 Kabel (HDMI+USB_f\u00fcr_Touch+USB_f\u00fcr_Strom).<\/p>\n<p>Alternativ w\u00e4r vielleicht noch ein DisplayLink-Touchscreen, der k\u00f6nnte dann Strom und Touch und Bild via USB2 \u00fcbertragen, braucht daf\u00fcr aber spezielle Treiber und umgeht dann den HDMI-Ausgang, was zu mehr Daten \u00fcber USB f\u00fchrt, ggf. einer Nicht-Nutzung der internen Grafikkartenfunktion, einem langsameren Bildaufbau und erh\u00f6htem CPU-Aufwand. <\/p>\n<p>Mal eins der neuen kleinen Thermometerchen rausgelegt, also den Temp.f\u00fchler ins Fliegennetz vorm Fenster gelegt, keine direkte Sonne mehr: 28,6\u00b0 um 11 Uhr. Puh. Dann funktioniert das analoge Fensterthermometer aus Schweden ja doch nicht so verkehrt. Das zeigt allerdings 30-31\u00b0 an. 12 Uhr \u00fcber 29\u00b0 und um 12:30 nur noch 27\u00b0. Eineinhalb Stunden sp\u00e4ter dann Regen, da kam wohl die Abk\u00fchlung her. Das w\u00e4r nat\u00fcrlich auch bl\u00f6d, wenn diese Wespenlehmnesterchen nass werden (bei Regen mit starkem Sturm), sollen sie sich n\u00e4mlich aufl\u00f6sen &#8211; und dann hab ich ggf. die ganzen Spinnen &#038; Co da rumliegen.<\/p>\n<p>D.h. also folgende M\u00f6glichkeiten, weil es das wie \u00fcblich mal wieder nicht so gibt, wie ich es gerne h\u00e4tte<br \/>\n.. 7-10&#8243; kapazititiven Touchscreen mit den Nachteilen eines kapazitiven Touchscreens<br \/>\n.. 7 oder 10&#8243; resistiver Toucschreen via USB-DisplayLink mit desssen Nachteilen (ein 10,1&#8243; Modell wurde eingestellt und die Restbest\u00e4nde werden g\u00fcnstig verkauft derzeit = last chance)<br \/>\n.. 10&#8243; Pen-Display mit dem Nachteil der FullHD-Aufl\u00f6sung und h\u00f6heren Kosten<br \/>\n.. oder ohne Zusatzkosten daf\u00fcr erh\u00f6htem Batterie- und Platzverbauch es mal mit dem vorhandenen alten Notook versuchen..<\/p>\n<p>Das 10&#8243; USB-Display soll 4,5 Watt brauchen. Steht aber nix dabei, bei welcher Helligkeit, k\u00f6nnte Minimum, Maximum oder Durchschnitt sein. Helligkeit Min-Max kann locker 3-5 Watt Unterschied machen. 4,5W w\u00e4r jetzt nicht so sp\u00fcrbar weniger wie mein 13,3&#8243;, was ich evtl. auch an einen R.Pi anschlie\u00dfen k\u00f6nnte. Br\u00e4uchte dann halt ein zweites Verbindungskabel. Und ich steck das ja eh schon bei jeder Benutzung an&#038;ab (am Display, nicht am PC), also meist 2x am Tag, ewig wird der USB-C-Port am Display wohl auch nicht halten &#8230;<\/p>\n<p>Verglichen mit den Linux-Live-USB-Sticks, die ich mir jetzt mal testweise downgeloadet und am Netbook hochgefahren hatte, l\u00e4uft das installierte XP aber x-mal schneller. Und der gr\u00f6\u00dfte Nachteil an dem alten Netbook ist, dass die Tastatur nicht beleuchtet ist und selbst hier in der Wohnung die meiste Zeit des Tages kaum zu entziffern ist.<\/p>\n<p><a href='http:\/\/extra.inmontanis.info\/d\/100106-2\/DSC06923.jpg'><img src=http:\/\/extra.inmontanis.info\/d\/100105-3\/DSC06923.jpg \/><\/a><br \/>\n^ Kartoffeltopf<\/p>\n<p><strong>Do, 24.8.2023<\/strong><\/p>\n<p><a href='http:\/\/extra.inmontanis.info\/d\/100110-2\/DSC06924.jpg'><img src=http:\/\/extra.inmontanis.info\/d\/100109-3\/DSC06924.jpg \/><\/a><br \/>\n^ Wespennest einer orientalischen Mauerwespe oder so. Der obere Lehmtopf ist von heute und noch nass und daher dunkel. Wieviel die wohl noch macht? Einerseits faszinierend (auch wie die fast 2cm gro\u00dfe Wespe da in den Spalt reinkommt um das zu machen!), andererseits auch eklig, wenn man sich \u00fcberlegt, dass die T\u00f6pfchen mit bet\u00e4ubten Spinnen und anderen Insekten vollgestopft sein sollen, von denen sich die schl\u00fcpfende Wespenlarve ern\u00e4hrt, bevor sie sich dann zur Wespe verpuppt und dann im n\u00e4chsten Fr\u00fchjahr schl\u00fcpfen soll&#8230;<\/p>\n<p>Mir sind gestern noch zwei Sachen eingefallen, die ich nun noch testen m\u00f6chte:<br \/>\na) meinen (aktuellen) Intel NUC (10i7FNH2 von 2020) via Bios zum Stromsparen einstellen, was er dann brauchen w\u00fcrde und wie bedienbar es noch ist<br \/>\nb) da ich ja eh den alten NUC (8i7BEH2 von 2019) als Ersatz mitnehmen m\u00f6chte, mal schaun, was der verbraucht und wie der im Bios eingestellt werden k\u00f6nnte.<\/p>\n<p>Heut Vormittag also mal &#8220;a&#8221; getestet, Hyperthreading aus bringt wohl ca. 2-5W bei im Benchmarkprogramm sp\u00fcrbaren Einbu\u00dfen, das Ausschalten von den echten Kernen\/Cores, z.B. statt 6 nur noch 4, bringt bis zu ca. 5W bei Last und ca. 1W bei Idle.<\/p>\n<p>&#8220;Turbo Boost&#8221; ausschalten limitiert die CPU st\u00e4rker, bei nur 2 Cores ist Win10 nicht mehr verwendbar (Netzteilverbrauch: 20W), bei allen 6 Cores halbwegs brauchbar (Netzteilverbrauch: 24W)<\/p>\n<p>&#8220;Package Power Limit&#8221; (1 und 2) scheint vielversprechend zu sein, da kann man anscheinend die Wattzahl eingeben (obwohl was von Sekunden im Bios steht), bis zu der die CPU normalerweise bzw. unter gewissen Umst\u00e4nden laufen k\u00f6nnen darf. z.B. auf 20\/20 eingstellt limitiert die CPU auf maximal ca. 20W, am Netzteil gehen dann bis zu 45W durch (die andern Sachen brauchen ja auch Strom). <\/p>\n<p>PC ist dabei durchaus vern\u00fcnftig zu bedienen, au\u00dfer man verwendet grad Programme, die viel CPU-Power ben\u00f6tigen. Gearbeitet hatte ich die 3h vormittags zudem nur mit 2 Kernen, so dass ich heute nur ca. 23 Wh pro Stunde verbrauchte.<\/p>\n<p>Danach folgten noch andere Tests (tw. auch die oben genannten), auch z.B: mit 10\/80 oder 60\/80. Grundlegend scheint also das Abschalten von Hyperthreading oder CPU-Cores relativ wenig Strom einzusparen bei einer andererseits sp\u00fcrbaren Performanceverschlechterung, wenn man die Kraft gerade braucht. Daf\u00fcr hat man einen etwas h\u00f6heren Verbrauch im Idle-Betrieb. Mehr wie 30W gibt die CPU aber selten ab, weil sie dann gleich mal \u00fcberhitzt und gebremst wird. Mehr wie 60-70W hatte ich am Netzteil also nie.<\/p>\n<p>Es gibt eine Software, mit der man diese Einstellungen auch direkt im Windows machen kann, ohne jedesmal Bios+Neustart, d.h. wenn man viel &#8220;idelt&#8221;, z.B. weil man grad viel PDFs oder Webseiten liest, dann k\u00f6nnte man also nach dem Booten (wo man doch mehr Power braucht) den Turbo-Boost ausschalten. Schlussendlich hab ich jetzt die Package-Power-Werte mal auf 15\/40\/5 gestellt und werde das mal beobachten hinsichtlich Performance und Stromverbrauch.<\/p>\n<p>Unter Linux gebootet hab ich auch mal aufgepasst und insofern interessantes festgestellt, dass mit KDE Plasma der Idle-Verbrauch 28-35W ist, w\u00e4hrend bei den leichtgewichtigeren xfce oder lxqt nur 20,6W gezogen werden. Dass es da einen Unterschied gibt, hab ich eh schon immer bemerkt, da der L\u00fcfter bei KDE wesentlich lauter l\u00e4uft.<\/p>\n<p>Das mit dem L\u00fcfter w\u00e4r dann z.B. ein genereller Grund, dass man den Turbo Boost ausschaltet, dann ist der PC viel leiser.<\/p>\n<p>b) auch das hab ich getestet und festgestellt, dass der alte NUC viiiel weniger Strom zieht. Allerdings hat der aktuell nur eine 1TB NVMe-SSD drin, w\u00e4hrend der neue zus\u00e4tzlich eine 2 TB SATA-SSD und noch eine 512 GB M2-SSD via USB angeschlossen hat. Plus einen USB-Hub und eine alte USB-Soundblaster-Soundkarte (mit optischen Ausg\u00e4ngen). <\/p>\n<p>Da ich am alten derzeit nur (mein \u00e4lteres) Linux installiert hab, hab ich eben damit getestet. Bei ausgeschaltetem Turbo Boost zog das System vom Netzteil lediglich 8-10W (xfce idlend), Firefox war durchaus schnell bedienbar bei dann 9-15W. Der Turbo-Boost-Schalter scheint hier weniger Wirkung zu haben als am neuen, das System ist mit ausgeschaltetem Modus (au\u00dfer Linux schaltet das selbst ein) problemlos bedienbar. <\/p>\n<p>Hab auch noch die o.g. Package-Limits adaptiert (mal auf 15\/20\/10), den USB-Hub vom neuen (den ich zu gleichen Testzwecken am alten angeschlossen hatte) wieder abgezogen, stattdessen die Auto-Peripherie angeh\u00e4ngt (die andere Tastatur und den 13&#8243; USB-Pen-Screen mit 5% Helligkeit) und komm dann trotzdem nur auf ca. 10,8W (inkl. Netzteil) im Idle-Betrieb mit xfce (satte 23W bei KDE) und bei Firefox-Benutzung auf 14-18W. Tastaturbeleuchtung scheint so 0,2-0,4W zu ziehen.<\/p>\n<p>Jedenfalls braucht also der alte NUC genauso viel oder wenig Strom wie das alte Netbook, das ich gestern erw\u00e4hnte, das aber im Vgl. viel viel viel viel langsamer ist, auch oder gerade mit einem Linux installiert im Vgl. zum alten WinXP; selbiges d\u00fcrfte wohl auch f\u00fcr den Raspberry PI4  gelten, dass er vmtl. viel langsamer ist und gar nicht so viel weniger Strom im Vergleich verbrauchen wird -> wenn ich also eh schon den alten NUC mitnehmen will, dann kann ich den zum stromsparenden Webbrowsen verwenden, falls gew\u00fcnscht.<\/p>\n<p>Die Tastatur w\u00fcrd ich nat\u00fcrlich ungern jedesmal hier abstecken und dort anstecken m\u00fcssen, ginge aber noch, weil ich einen kleien USB-Hub rausliegend hab; beim Monitorkabel w\u00fcrd das schon gleich gar nicht gehen (HDMI+USB unterm Bett angeschlossen), d.h. falls ich also mein \u00fcbliches Display wahlfrei am neuen+alten NUC anschlie\u00dfen m\u00f6chte, m\u00fcsste ich entsprechend ein zweites Kabel kaufen (oder eben doch noch ein kleineres Touchdisplay, was aber vielleicht gar keine Stromersparnis bringt, aber vielleicht leichter \/ angenehmer zu bedienen ist im Camper-Couch-Modus auf dem Scho\u00df), evtl. noch eine kleinere Tastatur (evtl. sogar Bluetooth, aber jedenfalls mit Beleuchtung). <\/p>\n<p>Alternativ k\u00f6nnt ich auch die neue 15,6&#8243;er Version von meinem Pendisplay kaufen und quasi die 15,6&#8243; f\u00fcr den neuen Nuc unter normalen Bedingungen verwenden und das alte 13,3er Display f\u00fcrs &#8220;Couchsurfen&#8221; am alten Nuc.. w\u00fcrde meinen schlechter werdenden Augen sicher passen :) Aber halt gr\u00f6\u00dfer, unhandlicher, mehr Platz, ggf. mehr Strom (evtl. aber auch nicht, da neuer).<\/p>\n<p>Preislich schaut die Sache momentan so aus bei den 3+1 interessantesten Varianten, inkl. Versand:<\/p>\n<p>10,1&#8243; Mimo DisplayLink resistive touch 1024&#215;600 im Abverkauf 112,80<br \/>\n10,1&#8243; xp-pen 1920&#215;1080 im Angebot 156,55<br \/>\n15,6&#8243; xp-pen 1920&#215;1080 im Angebot 283,22<br \/>\nzweites Kabel f\u00fcr mein 13,3&#8243; xp-pen: 20,16<\/p>\n<p>Und nat\u00fcrlich brauch ich nochmals einen Stromanschluss f\u00fcr den alten PC, ggf. mit Schalter und Netzteil. Oder ich l\u00f6t einfach beide Kabel ans selbe Netzteil an und brauch dann noch einen 2-Wege-Schalter wohin der Strom dann geht. Beide NUCs haben wohl ein 19V-Netzteil auf 230V-Ebene und entsprechenden Aufdruck am Geh\u00e4use. Obwohl die Intel Nuc Boards eigentlich auch ab 12V laufen sollten. Nach einiger Sucherei nun eine Website von Intel gefunden, die das erkl\u00e4rt: nur die Boards f\u00fcr kommerzielle User sind f\u00fcr 12-24V ausgelegt, aber die Consumer-Kits nur fix f\u00fcr 19V. Dann wiederum in den Tech Specs von meinem alten Nuc8 steht drin, dass man doch 12-19V verwenden kann. Vielleicht sollte ich&#8217;s einfach mal probieren zumindest beim alten.<\/p>\n<p>Als ich mir das ganze Zeug damals 2020 gekauft hatte, hatte ich zus\u00e4tzlich zu der seitdem verwendeten beleuchteten mechanischen &#8220;mx blue&#8221; Kabel-Tastatur auch eine Bluetooth-Tastatur gekauft, die folgende interessante Features hat: mittels Schalter f\u00fcr 2 Ger\u00e4te zu verwenden und eine Halteleiste, womit man ein Handy oder einen kleinen Monitor reinstecken kann. Daf\u00fcr etwas schwer und leider nicht beleuchtet, aber die wei\u00dfen Tastenbezeichnungen heben sich gut von den schwarzen (runden) Tasten ab und sie hat auch einen guten Druckpunkt. <\/p>\n<p>Mein 13,3er display war zu breit und ist auch zu schwer daf\u00fcr, da hebts die Tastatur nach oben und das Display kippt nach hinten. Was bei einem kleineren Bildschirm zwecks Stiftbedienung wohl ebenfalls leicht passieren kann. Von den o.g. Displays w\u00fcrde einzig der Touchscreen l\u00e4ngenm\u00e4\u00dfig reinpassen, aber evtl. nicht dickenm\u00e4\u00dfig (zudem hat der bl\u00f6derweise den USB-Anschluss unten, nicht seitlich). Evtl. k\u00f6nnte man den Schlitz in der Tastatur seitlich aufschneiden. <\/p>\n<p>Wenn ich mir die Abmessungen mit dem Meterstab mal so visualisier im Vgl. zu meinem 13,3er Display, dann ist das 15,6er nicht soooo auffallend gr\u00f6\u00dfer, sollte also platzm\u00e4\u00dfig nicht so schlimm werden, aber eben wird somit auch 15,6 vs 13,3  gr\u00f6\u00dfenm\u00e4\u00dfig beim Arbeiten nicht so auff\u00e4llig sein wie z.B. 13,3 zu den 21,5&#8243; daheim; wohingegen so ein 10&#8243; Bildschirm schon sp\u00fcrbar kleiner (und damit handlicher) w\u00e4re.<\/p>\n<p><strong>Fr, 25.8.2023<\/strong><\/p>\n<p>Der Vollst\u00e4ndigkeit halber wollte ich nun doch noch den Stromverbrauch meines Sony Vaio Convertible\/Ultrabook (mit 11&#8243; 1920&#215;1080 und Win8) messen. Das hat sein einigen Jahren ja ein Problem mit der Hintergrundbeleuchtung. Suchen im Netz ergaben nun, dass das kein klassischer Feuchtigkeitsschaden ist, sondern sich ein Kleber aufl\u00f6st.<\/p>\n<p>Das Display hat hier ja mehr Schichten als \u00fcblich, denn es ist sowohl ein kapazitiver Touchscreen, wie auch ein Digitizer eingebaut (wof\u00fcr der kleine Stift ist, der mit einer kleinen AAAA-Batterie gespeist wird) &#8211; jedenfalls soll angeblich der Kleber vom Touchscreenteil die Schuld sein.<\/p>\n<p><a href='http:\/\/extra.inmontanis.info\/d\/100114-2\/DSC06926.jpg'><img src=http:\/\/extra.inmontanis.info\/d\/100113-3\/DSC06926.jpg \/><\/a><br \/>\n^ Sony Vaio-Duo-Ultrabook-Convertible mit dem Problem-Bildschirm. Das ist \u00fcbrigens ein einfarbig fl\u00e4chig wei\u00dfes Bild, das ich hier geladen hab. Das Muster kommt angeblich von einem sich aufl\u00f6senden Kleber der Touchscreenschicht :( Auf den kapazitiven Touchscreen h\u00e4tte ich eh verzichten k\u00f6nnen, Digitizer reicht ja..<\/p>\n<p>Man k\u00f6nnte also versuchen, das Display zu zerlegen und die einzelnen Schichten zu reinigen.<\/p>\n<p>Alternativ k\u00f6nnte man wohl auch das Display abbauen und mit einem anderen ersetzen, z.B. einem 10-11&#8243; Touchscreen und diesen dann via HDMI+USB (oder nur USB) anzustecken.<\/p>\n<p>Da die Batterie hier nicht so einfach zu entnehmen ist, hab ich das Teil vor dem Messvorgang \u00fcber Nacht mal aufgeladen.<\/p>\n<p>10W am Loginscreen<br \/>\n9-13W (je nach Helligkeiteinstellung des Displays) nach gebootetem Windows idelnd<br \/>\n12-20W beim Internetsurfen, also recht \u00e4hnlich zum alten NUC, wobei sich der alte NUC dabei aber viel schneller anf\u00fchlt.<\/p>\n<p>(Damit sollten nun auch hoffentlich Zweifel getilgt sein, falls sich jemand wundert, warum ich kein Notebook im Auto verwende, sondern einen PC &#8211; der aber eben auch auf Notebookkomponenten aufgebaut ist.)<\/p>\n<p>Jedenfalls h\u00e4tte das alte Notebook durchaus auch seinen Charme, selbst mit einem anderen Display, denn die hell beleuchtete Tastatur ist ganz gut und man h\u00e4tte gleich einen St\u00e4nder f\u00fcr&#8217;s Display integriert. Mein \u00fcblicher St\u00e4nder im Auto ist ja so ein dreieckiges Kissen, das f\u00fcr Handy\/Tablet-Bildscirme konzipiert ist, mit mehreren Rillen f\u00fcr unterschiedliche Winkel. Darunter wird&#8217;s einem auf Dauer zwar auch warm, wenn man das auf dem Scho\u00df hat, aber f\u00fcr das Notebook wird das durch die eigene W\u00e4rmeentwicklung wohl genauso gelten. Zudem kann man an diesem Notebook den Display-Winkel nicht einstellen, wenn man die Tastatur offen hat.<\/p>\n<p>Das kaputte Display gef\u00e4llt mir aus k\u00fcnstlerischer Sicht ja durchaus, aber die Helligkeitsunterschiede sind nicht so angenehm, da die dunklen Bereiche bei voller Helligkeit dunkler sind als die hellsten Bereiche bei niedrigster Helligkeit. Da mir der kapazitive Touchscreen weniger wichtig w\u00e4re als der Digitizer, k\u00f6nnte ich mal schaun, ob ich die Schichten identifizieren kann, ob ich es reinigen k\u00f6nnte oder wenn alles nichts ist, ob man den jetzigen Bildschirmhalter f\u00fcr z.B. den schon genannten 10&#8243; Touchscreen verwenden k\u00f6nnte oder einen XP-Pen-Screen  dort bei Bedarf hinlegen k\u00f6nnte.<\/p>\n<p>Leider im Netz keine Ausbauanleitung f\u00fcr den Bildschirm gefunden. Die zwei offensichtlichsten Schrauben direkt am Display, wo es befistigt ist, macht leider nichts. Nach gef\u00fchlt 20 weiteren Schrauben dann doch geschafft und Zeug endeckt, was mir nicht gefiel hinter dem Display. Da wird doch nicht die WLAN-Antenne sein oder so? Also mal externes Display angeschlossen, hochgefahren und &#8211; kein Bild. Nach l\u00e4ngerem Suchen (ins Bios kam ich, da aber keine Einstellung) ha ich dann eine L\u00f6sung gefunden:<\/p>\n<p>FN+F7 oder Win+P nach dem Hochfahren hatte nicht funktioniert, aber FN+F7 haltend beim Hochfahren (!) hatte dann funktioniert und WLAN zeigte vollen Empfang. Wie zum Henker ist das eigentlich verbunden?? Ahja, da gibts ein zweites K\u00e4belchen. D.h. die Platte sollte ich also wohl belassen. H\u00e4tte ja gedacht, ich k\u00f6nnte das Display direkter an die vorhandenen Klappmechanismus tun, also m\u00fcsste es eher auf das hier geh\u00e4ngt\/geschraubt werden oder davor gestellt werden. <\/p>\n<p><a href='http:\/\/extra.inmontanis.info\/d\/100118-2\/DSC06927.jpg'><img src=http:\/\/extra.inmontanis.info\/d\/100117-3\/DSC06927.jpg \/><\/a><br \/>\n^ .. Display zerlegt, aber an der Platte hinten sind noch andere Sachen (links im Bild). Man k\u00f6nnte ein anderes Display draufmontieren, kann auch dicker sein, da es beim Zuklappen oben ist (die R\u00fcckseite kommt auf die Tasten, das Display bleibt im geschlossenen Zustand oben)<\/p>\n<p>Leider muss dieser FN-F7-Halte-Tastentrick wohl bei jedem Hochfahren, zumindest ins Windows und zumindest bei Verwendung eines VGA oder HDMI Screens, gemacht werden..?! Naja, egal, jedenfalls w\u00e4r somit das Sony Notebook also auch weiterhin im Rennen f\u00fcr eine Verwendung im Auto als Zweit-PC&#8230; es macht die Entscheidung nicht leichter ;)<\/p>\n<p>Nach l\u00e4ngerer \u00dcberlegung abends hab ich mich doch gegen den 10&#8243; USB-DisplayLink-Touchscreen (und dessen Montage am alten Vaio) entscheiden &#8211; ich f\u00fcrchte einfach, dass dieser DisplayLink-Anschluss zu viel CPU-Leistung braucht und damit meinem Stromspar-Gedanken entgegen l\u00e4uft (oder z.B. das Websurfen am Vaio dadurch zu stark verlangsamt). Wenn das via Amazon verkauft werden w\u00fcrde, wo man es einfacher zur\u00fcckgeben k\u00f6nnte, w\u00e4rs was anderes..<\/p>\n<p>Da es wohl sonst keinen alternativen (g\u00fcnstigen) 10&#8243; resistiven Touchscreen gibt und ich mir kapazitativ auf einem Desktop-OS in der Gr\u00f6\u00dfe nicht antun will .. werd ich wohl dieses Notebook doch daheim lassen.<\/p>\n<p>Tastatur werd ich wohl auch bei einer meiner Funktastaturen bleiben oder die normale unstecken? H\u00e4tte ja so ne kleine handteller kleine mit Beleuchtung, hatte ich die letzten 2 Jahre auch als Ersatz dabei, aber das Tippen dort ist eher die qual&#8230; weil etwas anders belegt, aber weil die Tasten so hart gedr\u00fcckt werden m\u00fcssen und einige Tastenkombinationen nicht funktionieren (shift+cursor zum Markieren geht nicht nach oben oder rechts?!!) und kein page up\/down, wobei man das mittels 2-Finger-Geste am Touchpad machen k\u00f6nnte (viel zu schnell) .. naja, besser als eine Handy-Bildschirmtastatur aber alle mal ;)<\/p>\n<p><a href='http:\/\/extra.inmontanis.info\/d\/100130-3\/DSC06932.jpg'><img src=http:\/\/extra.inmontanis.info\/d\/100129-3\/DSC06932.jpg \/><\/a><br \/>\n^ Oben meine \u00fcbliche, beleuchtete Tastatur vom Auto (die rechte Cursortaste muss ich noch suchen), mittig die Bluetooth-Tastatur mit Einschubschlitz (leider unbeleuchtet) und unten die japanische Falt-Tastatur vom alten Sony Vaio U50 Palmtop-PC<\/p>\n<p><a href='http:\/\/extra.inmontanis.info\/d\/100134-3\/DSC06933.jpg'><img src=http:\/\/extra.inmontanis.info\/d\/100133-3\/DSC06933.jpg \/><\/a><br \/>\n^ unten die Funktastatur hatte ich als Ersatz mit auf Reisen, ist zum Tippen aber sehr schwerg\u00e4ngig (kein Vergleich zu den Tasten von einem alten Sharp-Pocketcomputer, sofern nicht das Modell mit den Folientasten). Einige Tastenkombis machen auch Probleme..<\/p>\n<p>Mit dem Zusammenbruch der Hitzewelle soll es am WE auch wieder Neuschnee auf den Gletschern geben, Bergfex rechnet derzeit mit 30+cm in Hintertux. Der wird, sollte nichts mehr kommen, bis Mitte September aber wohl wieder weg sein. Auch daheim sollte es wieder unter 20\u00b0 tags\u00fcber bleiben.<\/p>\n<p>Jedenfalls hab ich ja noch viel laufende Projekte:<br \/>\n.. Schr\u00e4nkchen mit Autoradio im Auto testen, Verkabelungsf\u00fchrung \u00fcberlegen f\u00fcr Strom und Lautsprecher, danach ggf. noch paar L\u00f6cher bohren, Kabelhalter montieren, neues Zwischenbrett (Fachboden) einbauen<br \/>\n.. nach dem Einbau des Schr\u00e4nkchens die neue Lichterkette im Auto verlegen<br \/>\n.. davor aber noch ein bisschen lackieren (innen aus Schutzgr\u00fcnden mit irgendeiner Farbe, au\u00dfen ja teilweise im gr\u00fcnen Fliesenlook<br \/>\n.. die Heizmatte f\u00fcr die Batterie einbauen<br \/>\n.. die Heizmatten f\u00fcrs Bett anders einbauen, damit ich das im Halbschlaf steuern kann<br \/>\n.. .. .. .. <\/p>\n<p>.. und was ich auch noch machen m\u00f6chte: meine Videoprojektor-Leinwand verbessern. Da hatte ich mir ja 2021 in Schweden ein Bild (Canvas\/Leinwand) gekauft, das dann sehr umst\u00e4ndlich vom Rahmen abmontiert, und mit der wei\u00dfen Seite umgedreht wieder montiert. Das ist einerseits nicht stark gespannt, andererseits auch schon etwas unsch\u00f6n geworden, weil man da nichts verdrecken oder saubermachen darf. <\/p>\n<p>Da bin ich also letztens auch noch diverse M\u00f6glichkeiten durchgegangen, so darf es nicht schwerer sein (weil die Haken im Dachhimmel nicht viel Last vertragen), d.h. eine vollfl\u00e4chige d\u00fcnne Sperrholzpappplatte f\u00e4llt aus; es muss eine passende Gr\u00f6\u00dfe haben (falls man den Rahmen bzw. das Objekt nicht zurechtschneiden kann) und zu viel Geld ausgeben will ich daf\u00fcr eigentlich auch nicht, wenn es sich vermeiden lie\u00dfe. Malerpappe, Schaumstoffplatte, Polysterol, was auch immer &#8211; M\u00f6glichkeiten gibts viele, passendes g\u00fcnstig wo zu bekommen ist dann schon schwieriger. <\/p>\n<p>Daher hab ich mal matt-wei\u00dfe Klebefolie bestellt (auf Amazon, gestern via DPD aus Polen geliefert worden), die war g\u00fcnstig und da wollte ich nun probieren, das auf zwei H\u00e4lften Schaumstoff zu kleben (der wiederum ist von der Verpackung des Magic-Touch-Touchscreens, der muss dann halt ohne Polster in seinem Karton bleiben oder mal wieder auf den iMac geh\u00e4ngt werden), der ist leicht und schien mir recht formstabil zu sein.<\/p>\n<p>Alternativ k\u00f6nnte ich die Klebefolie auf die entfernte Leinwand von o.g. Bild kleben und einen leichteren und etwas gr\u00f6\u00dferen Rahmen machen bzw. m\u00fcsste in dem Fall ja nur oben was sein, um es in die Haken einzuh\u00e4ngen und unten eine leichte Beschwerung, damit die Leinwand gerade runterh\u00e4ngt. Das h\u00e4tte vielleicht sogar den Vorteil, dass ich die Leinwand einrollen k\u00f6nnte bei Nichtgebrauch (nur wenn es dann ohne Falten entrollt werden kann) oder anderswohin, z.B. ans Fenster, h\u00e4ngen k\u00f6nnte. Der Schaumstoff wiederum k\u00f6nnte an der \u00fcblichen Verstauungsseite (hinterm Bett, rechte hintere T\u00fcr) auch etwas k\u00e4lted\u00e4mmend wirken.<\/p>\n<p>Mal testweise die beiden St\u00fccke andere Klebefolie (mit denen diese Folie an zwei Stellen zusammengeklebt war) auf den Schaumstoff geklebt und bissl gedr\u00fcckt .. nicht \u00fcberzeugend, weil die Oberfl\u00e4che doch sehr unruhig wird.<\/p>\n<p><a href='http:\/\/extra.inmontanis.info\/d\/100122-2\/DSC06928.jpg'><img src=http:\/\/extra.inmontanis.info\/d\/100121-3\/DSC06928.jpg \/><\/a><br \/>\n^ Magic Touch, das man auf einen anderen Bildschirm draufh\u00e4ngen kann<\/p>\n<p><a href='http:\/\/extra.inmontanis.info\/d\/100126-2\/DSC06930.jpg'><img src=http:\/\/extra.inmontanis.info\/d\/100125-3\/DSC06930.jpg \/><\/a><br \/>\n^ .. allerdings wohl nicht m\u00f6glich, eine wei\u00dfe Folie auf den Schaumstoff flach aufzukleben<\/p>\n<p>.. und was die alte Leinwand angeht, da darf auch bezweifelt werden, ob die viel gl\u00e4tter ist, insb durch die umgelegten Kanten bisher .. da k\u00f6nnte man zwar mal probieren, sie zu b\u00fcgeln, aber ob man diese harten Kanten rausbekommt.. au\u00dferdem k\u00f6nnte sie ja ruhig ein paar cm gr\u00f6\u00dfer sein (16:9 Format bei den 66,2cm Breite w\u00e4re 37,2cm H\u00f6he. Klebefolie w\u00e4re ja 45cm hoch, d.h. 75-80cm Breite w\u00e4re mir lieber).<\/p>\n<p>Eine alte d\u00fcnne (aber ja wie gesagt zu schwere) Sperrholz\/Papp-Platte w\u00e4re 75&#215;42, da k\u00f6nnte ich ggf. hunderte L\u00f6cher bohren, damit sie leichter wird?!<\/p>\n<p>Oder ich verwend endlich mal meinen 3D-Drucker daf\u00fcr .. und druck mehrere Pl\u00e4ttchen, die man zusammenstecken kann. Ob das dann allerdings eine stabile nicht-knickbare Platte geben wird&#8230;<\/p>\n<p>In beiden F\u00e4llen vmtl: Je gr\u00f6\u00dfer die Luftl\u00f6cher dazwischen sind, desto schwieriger und ungerader wird vmtl. das Aufkleben der Folie.<\/p>\n<p><strong>Sa, 26.8.2023<\/strong><\/p>\n<p>Hatte mir heuer ein kleines Ozonger\u00e4t gekauft, das man gegen Geruch und zum z.B. Auto-(Klima)Desinfizieren nehmen k\u00f6nnen soll. Allerdings sollte man angeblich vermeiden, es bei mehr als 50% Luftfeuchte einzusetzen, weil dann chemikalisch betrachtet stinkendes Zeug entstehen kann, was man noch schlechter wieder rausbekommt.<\/p>\n<p>Trotz der trockenen, warmen Zeit und dem etwas offenen Fenster im Auto, hatte ich aber zumindest heute fr\u00fch nach wie vor 70% mit einem Minimumwert in den letzten Stunden irgendwann um 55%, was aber, wie bekannt, je nach Lage unterschiedlich sein k\u00f6nnte und allein an den Temperaturunterschieden liegen k\u00f6nnte, also die kalten Bereiche im Bodenbereich sind relativ betrachtet vmtl. feuchter als die warmen Bereiche oben? Somit w\u00e4re das mittig angebrachte Messger\u00e4t auch eher ein Mittelwert an sonnigen Tagen und es k\u00f6nnte unten viel feuchter sein und somit unklug, das Ozonger\u00e4t einzusetzen &#8230; jedenfalls unterwegs auf Reise das hin und wieder mal ein bisschen zu verwenden, k\u00f6nnte fraglich sein, ob da alle Bereiche trocken genug sind .. <\/p>\n<p>Also heut ist mir offiziell zu warm in der Wohnung bei 24-25 Grad. Ab morgen solls ja dann drau\u00dfen eh etwas k\u00fchler werden und nach dem Regen am Mo\/Di die Woche auch k\u00fchler bleiben. Dann kann ich mein Schr\u00e4nkchen lackieren (und Fenster tags\u00fcber offen lassen).<\/p>\n<p>Heute also mit dem Schr\u00e4nkchen am Auto gewesen und geschaut, wie ich vielleicht die Kabel verlegen m\u00f6chte und ein Kabel entsprechend mal  abgeschnitten. Dazu geschaut wegen dem Zwischenboden \u00fcber dem Radio, damit ich da nix direkt drauf legen kann wg. der Abw\u00e4rme. Schwierig, weil hinten die Kunststoffabdeckung vom Auto schwer einsch\u00e4tzbar ist, wie ich da ein Brettchen zurechtschneiden m\u00fcsste. Dazu fraglich, wie weit es nach vorne gehen sollte (wieviel und welche gr\u00f6\u00dferen Sachen stehen vorne). Und ich hatte auch gar kein passendes d\u00fcnnes Brett mehr da.<\/p>\n<p>Daher diesmal kein fix montiertes Brett eingebaut, sondern eine Leiste pro Seite, auf der ich mehrere Bretter legen kann, somit bin ich unterwegs flexibler, wie weit der Zwischenboden nach hinten bzw. vorne geht.<\/p>\n<p>Die Schr\u00e4ubchen, die auf den R\u00fcckseiten der Bretter mehr oder weniger rausgeschaut hatten und wor\u00fcber ich ein St\u00fcck Gewebeband geklebt hatte, da ich den Schrank ja direkt im Auto gebaut hatte und dort nicht schleifen wollte, hab ich nun ebenfalls endlich abgeschliffen.<\/p>\n<p><a href='http:\/\/extra.inmontanis.info\/d\/100142-3\/IMG_20230826_091852.jpg'><img src=http:\/\/extra.inmontanis.info\/d\/100141-3\/IMG_20230826_091852.jpg \/><\/a><br \/>\n^ Test des Schranks mit Autoradio im Auto. Das Zwischenbrett wird schwer, weil hinten schlecht absch\u00e4tzbar wie es geformt sein muss&#8230;<\/p>\n<p><a href='http:\/\/extra.inmontanis.info\/d\/100146-3\/DSC06936.jpg'><img src=http:\/\/extra.inmontanis.info\/d\/100145-3\/DSC06936.jpg \/><\/a><br \/>\n^ .. daher Schienen montiert und Bretter zugeschnitten und die kann ich nun je nach gew\u00fcnschter L\u00e4nge nach vorne oder hinten verwenden; falls n\u00f6tig, passe ich das hinterste abgeschr\u00e4gte Brett noch etwas an.<\/p>\n<p>Somit kann ich nun den Schrank komplett lackieren, in den bisher unlackierten Bereichen mit irgendeiner Farbe von der ich genug da hab und dann kommt der gr\u00fcne Fliesenlook auf Vorderseite und T\u00fcrseite dran (wie ich es hier aber mit der wei\u00dfen Fuge mache, erst Wei\u00df und dann abkleben und Gr\u00fcn dr\u00fcber oder umgekehrt oder Wei\u00df freihand nach dem Gr\u00fcn?<\/p>\n<p>Da ich ja noch Spr\u00fchsahne vom Eismachen letzte Woche \u00fcbrig hatte, machte ich heute eben nochmals ein Portion, diesmal aber nicht mit der Pistaziencreme, sondern mit dem Lebkuchenkakao(pulver), das ich letztes Jahr in Llandudno gekauft hatte und ja auch weg muss (das bisschen morgens macht nicht viel weg). Veilchensirup lie\u00df ich mal weg, daf\u00fcr hackte ich noch ein paar Mandeln und erg\u00e4nzte sie. <\/p>\n<p><a href='http:\/\/extra.inmontanis.info\/d\/100138-3\/DSC06937.jpg'><img src=http:\/\/extra.inmontanis.info\/d\/100137-3\/DSC06937.jpg \/><\/a><br \/>\n^ Milch-Lebkuchenkakao-Mischung unten und Sahne verr\u00fchren und dann wird das Eiscreme.<\/p>\n<p>Den Rest des Tages .. mich mit meinem Linux besch\u00e4ftigt, bzw. mit den Window Managern. LXQT und XFCE mal so eingestellt, dass es mir besser gef\u00e4llt, usw. usw. und dabei auch mal wieder auf &#8220;amiwm&#8221; gesto\u00dfen. Dass es den Amiga-Windowmanager unter Linux gibt, wei\u00df ich nat\u00fcrlich schon ewig, aber mir war er immer zu eingeschr\u00e4nkt und zu &#8220;pur&#8221; auf das alte Layout getrimmt. <\/p>\n<p>.. aber doch mal wieder installiert und mittels Configdatei kann man ihn etwas aufbohren und im Netz g\u00e4be es noch eine aktuellere Version mit mehr Features zum Selbstkompilieren. Verglichen mit anderen wm&#8217;s fehlt nat\u00fcrlich heutzutage schon viel (kein Alt-Tab, keine offene Fenster\u00fcbersicht), aber er hat auch einige nette Sachen, z.B. das Runterziehen der Screens, wie man es am Amiga fr\u00fcher gewohnt war, oder dass man in hinter liegenden Fenster klicken und arbeiten kann, ohne sie in den Vordergrund holen zu m\u00fcssen. (ok, das k\u00f6nnte evtl. auch bei anderen wm&#8217;s einstellbar sein.) <\/p>\n<p>Ich denke, ich k\u00f6nnte mir alle 3 so herrichten, dass ich mit denen arbeiten k\u00f6nnte und m\u00f6chte, anstelle des stromfressenden KDE Plasma. Der Vorteil an Linux ist nat\u00fcrlich, dass man sich nicht endg\u00fcltig entscheiden muss, sondern einfach bei jedem Login w\u00e4hlen k\u00f6nnte, worauf man gerade Lust hat. Die Programme selbst laufen ja hier wie da. Aber <\/p>\n<p><strong>So, 27.8.2023<\/strong><\/p>\n<p>Hui, Bergfex meldet jetzt noch mehr Neuschnee f\u00fcr Hintertux in den n\u00e4chsten Tagen, 72cm morgen. Das k\u00f6nnte dann doch bis Mitte\/Ende September reichen. Schneefallgrenze in Tirol bis auf 2000m sinkend (nach Abnahme der St\u00e4rke). M\u00f6ge es so kommen.<\/p>\n<p>Zum Einsatz im Auto kam heut &#8211; vielleicht erstmals &#8211; ein alter Siemens Auto-Rapid VK 10 Staubsauger vmtl. aus den 1960ern. Schon vor vielen Jahren von meinem Gro\u00dfvater bekommen, aber eigentlich ja nie verwendet. Stecker hatte ich irgendendwann mal gewechselt, evtl. weil nur der kleine montiert war.<\/p>\n<p><a href='http:\/\/extra.inmontanis.info\/d\/100150-3\/DSC06939.jpg'><img src=http:\/\/extra.inmontanis.info\/d\/100149-3\/DSC06939.jpg \/><\/a><br \/>\n^ Alter Siemens 6V\/12V Auto-Rapid VK 10 Staubsauger (Seriennummer 4908) aus vmtl. den 1960ern, Stecker hab ich ersetzt.<\/p>\n<p>Die mittlerweile handlicheren Akku-Staubsauger taugen mit ihren Filtern, die man alle paar Minuten auswaschen muss, und ihrer Saugleistung auch nicht mehr. F\u00fcr Steinchen usw. vom Fahrerboden sind die ja auch nicht geeignet. Alternativ kann ich ja meinen 230V-Staubsauger via Wechselrichter im Auto anschlie\u00dfen, hatte aber vor ein paar Wochen auch nicht das Gef\u00fchl, dass der sonderlich viel besser w\u00e4re als der 12V im heutigen Einsatz. Wenn man laut Anleitung den Staubbeh\u00e4lter hinten abbaut und die kleine D\u00fcse anbaut, kann man sogar Luftbetten u.\u00e4. aufblasen ;) <\/p>\n<p>Wo die modernen nat\u00fcrlich besser sind, dass der feine Staub besser gefangen wird, der hier wirbelt doch auch ziemlich Staub auf, also T\u00fcr sollte man offen lassen ;)<\/p>\n<p>Im Internet findet sich kaum was dar\u00fcber, schon gar nicht \u00fcber dieses anscheinend erstere oder kleinere Modell. D\u00fcrfte also sehr selten sein mittlerweile und sehr museumsreif sein &#8211; wie vmtl. alle Ger\u00e4te mit dem alten Siemens-Electroger\u00e4te-Logo.<\/p>\n<p>Danach lie\u00df ich also mal das Ozonger\u00e4t f\u00fcr 1h im Auto laufen mit gleichzeitiger Umluft-L\u00fcftung (via Webasto-Standheizungs-Steuerung, also von den Innenbatterie betrieben). 2h sp\u00e4ter ging ich dann wieder runter und war vom Ergebnis nicht so \u00fcberzeugt. Da das Ger\u00e4t mittlerweile einen niedrigen Batteriestand anzeigte, schaltete ich es nochmals an einem anderen Standort ohne Umluftl\u00fcftung ein.<\/p>\n<p>Dazu heute hoffentlich der lezte Tag mit 28\u00b0 um 11 Uhr am Balkon ..<\/p>\n<p>Einen Nachteil scheinen die neuen XP-Pen-Displays ja schon zu haben, wenn ich das am Bild richtig interpretiere, sind die neuen Kabel extrem kurz im Vgl. zu meinem &#8211; und das war nicht nur lang genug, sondern d\u00fcrfte kaum k\u00fcrzer sein, wenn ich den Bildschirm am Fahrersitz verwende. Ansonsten br\u00e4uchte man irgendeine Art der Verl\u00e4ngerung.<\/p>\n<p>Heute laufen die Aktionen auf Amazon aus, also was jetzt machen .. den 10&#8243; DisplayLink-Touchscreen hab ich mal aussortiert, f\u00fcrchte, der wird durch DisplayLink zuviel CPU (und damit Strom) kosten.<\/p>\n<p>a) 20 \u20ac: 2. xp-pen-kabel f\u00fcr mein Display und das an beiden NUCs verwenden<br \/>\nb) 157 \u20ac: neuer kleiner 10,1&#8243; am alten NUC (und Ersatz, falls anderes hin wird) und 13,3er am neuen NUC (und wenn das mal kaputt ist, es mit 15,6er ersetzen, sobald das dann wieder im Angebot ist)<br \/>\nc) 283 \u20ac: 15,6&#8243; kaufen f\u00fcr neuen NUC + altes 13,3&#8243;er am alten NUC<\/p>\n<p>Nachteil bei a: Wenn das jetzige Display mal kaputt gehen sollte, kann ich nicht mehr arbeiten und br\u00e4uchte also schnell irgendeinen Ersatz, entweder ein neues Pen-Display (ggf. dann teurer, falls gerade kein Angebot, plus ggf. Nachbestellen von Verl\u00e4ngerungen, falls das alte, lange Kabel nicht an den neuen funktionieren sollte) oder irgendeinen anderen g\u00fcnstigen Monitor als Zwischenl\u00f6sung<\/p>\n<p>Vorteil von b gegen\u00fcber c: 10&#8243; sollte in Couchposition handlicher und leichter sein und durch die geringere Gr\u00f6\u00dfe auch leichter verstaubar und wohl auch noch etwas energiesparender als mein 13,3er<\/p>\n<p>Nachteil von b gegen\u00fcber c: auf l\u00e4ngere Sicht w\u00fcrd ich mir ja dann zwei neue Displays kaufen, die Gesamtkosten w\u00e4ren also h\u00f6her. Kann aber ja auch sein, dass mein 13er noch weitere 10 Jahre l\u00e4uft&#8230;<\/p>\n<p>Vortei von c gegen\u00fcber b: ab sofort etwas gr\u00f6\u00dferer Bildschirm (aber mit vmtl. etwas mehr Stromverbrauch) beim Arbeiten, wobei der Unterschied von ca. 5,8cm in der Diagonale gar nicht so sp\u00fcrbar sein d\u00fcrfte.<\/p>\n<p>Die Abmessungen im Vgl. zu meinem (B\/H\/T in mm):<br \/>\n10,1er: -135 \/ -77 \/ 0 (und ca. 400g leichter)<br \/>\n15,6er: +53 \/ +6 \/ -4<\/p>\n<p>Nachteil, wenn ich das 10er + das 15er jetzt kaufen w\u00fcrde: ich h\u00e4tte gar keine Verwendung mehr f\u00fcr mein 13,3er, das ja nach wie vor noch gut funktioniert, zudem h\u00f6here Sofort-Kosten<\/p>\n<p>Vorteil, wenn ich  das 10er + das 15er jetzt kaufen w\u00fcrde: preislich g\u00fcnstiger als das 15er zum Normalpreis (da 220 \u20ac derzeit rabattiert)<\/p>\n<p>.. vielleicht bestell ich also doch beide und schick ggf. eins davon zur\u00fcck (z.B. falls mir das 10,1er doch zu klein ist) oder behalt alle 3 und heb mir das 13,3er daheim auf, falls mal eins der neuen in 2-3 Jahren kaputt geht und wer wei\u00df, was dann noch am Markt sein wird oder ob die dann nicht teurer geworden sind &#8230;<\/p>\n<p>Daheim am Schreibtisch stehen ja 2 von den 21,5ern (gleicher Hersteller), da hatte ich mir einen f\u00fcrs B\u00fcro und einen f\u00fcr daheim gekauft; zuvor hatte ich im B\u00fcro einen iiyama 19&#8243; 4:3 resistiven Touchscreen und daheim einen HP 16:9 IR-Touchscreen. IR ist so ein bisschen Mittelding zwischen kapazitiv und resistiv, hat daf\u00fcr einen dickeren Rahmen, den man ggf. putzen muss, damit die IR-Sender\/Empf\u00e4nger funktionieren. Man ist nicht auf kapazitive Stife angewiesen, aber die kleinen resistiven sind trotzdem zu klein.<\/p>\n<p>Unterm Strich ist f\u00fcr mich also bei den Touchscreens die resistive Variante die beste (Fingernagel, kleiner Aufsteck-Stift am Finger, Stift mit d\u00fcnner Spitze = genaues Arbeiten m\u00f6glich, leider mittlerweile aus der Mode und kaum noch erh\u00e4ltlich im Consumerbereich) oder eben die Digitizer-Variante (Pen-Display) mit einem Stift, womit man den Mauszeiger auch ohne Ber\u00fchrung\/Klick verschieben kann, aber womit man eben immer nur mit dem Stift arbeiten kann und nicht mal eben mit dem Fingernagel auf die OK-Taste dr\u00fccken kann.<\/p>\n<p>Besser als Maus ist alles ;) Bei einem Pen-Display braucht man gar keine Maus mehr (hab ich die letzten 2 Jahre im Auto nie vermisst), bei einem resistiven Touchscreen hin und wieder, bei einem kapazitiven vielleicht noch etwas mehr.<\/p>\n<p>Es gibt mittlerweile \u00fcberraschend viele Tablets mit kapazitivem Touchscreen und gleichzeitig Digitizer. Also so wie mein Sony Vaio. Da bleibt zu hoffen, dass der Kleber dort l\u00e4nger h\u00e4lt ;) Falls der Digitizer systemweit wie eine Maus verwendet werden kann und nicht nur f\u00fcr Spezialprograme oder zum Rummalden geeignet sein sollte.  Aber eben laufen die Tablets zumeist mit Arm-Prozessoren und Android. Ob man da zumindest ein gerootetes Android draufbekommt oder wie gut dann ein Linux innerhalb Android l\u00e4uft (hatte ich am Handy, aber ob das dann mit dem Digitizerstift + rechte Maustaste geht?!) oder man das dual booten kann, ob die Stifte \u00fcberhaupt eine Rechtsklicktaste haben usw .. sind wieder andere Baustellen, aber nat\u00fcrlich auch mit anderen Vorteilen (Tablet mit gr\u00f6\u00dferem Bildschirm mit auf die F\u00e4hre zum Filmschauen nehmen z.B.) .. <\/p>\n<p>.. wie \u00fcblich hat halt immer alles seine Vor- und Nachteile &#8211; und wenn das mit Linux innerhalb Android vern\u00fcnftig funktioniert h\u00e4tte, h\u00e4tte ich es wohl auch dauerhafter verwendet ..<\/p>\n<p>.. aber man k\u00f6nnte das ja auch nochmals probieren bevor man heut was kauf&#8230; scheint aber doch um einige Ecken nerviger und komplizierter zu sein und mein Datenvolumen neigt sich dem Ende zu und der Monat hat noch 4 Tage, daher Test irgendwann entnervt abgebrochen.<\/p>\n<p>Viele offene Baustellen also am Ende dieses Berichts, die hoffentlich in den n\u00e4chsten 3 Wochen alle gemeistert werden k\u00f6nnen. H\u00e4tte das nicht eigentlich ein ruhiger Sommer daheim werden sollen, wo ich einige lang liegengeblieben Sachen mal h\u00e4tte aufarbeiten wollen?? Na ok, einiges hab ich ja geschafft.<\/p>\n","protected":false},"excerpt":{"rendered":"<p>Sa, 19.8.2023<\/p>\n<p> ^ 3 Schr\u00e4nke daheim bekamen nun noch ein dunkelbraunes Finish<\/p>\n<p> ^ .. und ein zweites Regal im Action gekauft. H\u00e4tte aber nicht gedacht, dass ich beide 3er komplett \u00fcbereinander stapeln m\u00fcsste (man kann das einzeln pro Stock machen) und der Projektor immer noch nicht gerade steht &#8230;<\/p>\n<p> ^ Unsortierter Kleinkram, <a href=\"http:\/\/blog.inmontanis.info\/?p=9425\">[&#8230;]<\/a><\/p>\n","protected":false},"author":1,"featured_media":9427,"comment_status":"closed","ping_status":"closed","sticky":false,"template":"","format":"standard","meta":{"footnotes":""},"categories":[8],"tags":[],"class_list":["post-9425","post","type-post","status-publish","format-standard","has-post-thumbnail","hentry","category-private","odd"],"_links":{"self":[{"href":"http:\/\/blog.inmontanis.info\/index.php?rest_route=\/wp\/v2\/posts\/9425","targetHints":{"allow":["GET"]}}],"collection":[{"href":"http:\/\/blog.inmontanis.info\/index.php?rest_route=\/wp\/v2\/posts"}],"about":[{"href":"http:\/\/blog.inmontanis.info\/index.php?rest_route=\/wp\/v2\/types\/post"}],"author":[{"embeddable":true,"href":"http:\/\/blog.inmontanis.info\/index.php?rest_route=\/wp\/v2\/users\/1"}],"replies":[{"embeddable":true,"href":"http:\/\/blog.inmontanis.info\/index.php?rest_route=%2Fwp%2Fv2%2Fcomments&post=9425"}],"version-history":[{"count":2,"href":"http:\/\/blog.inmontanis.info\/index.php?rest_route=\/wp\/v2\/posts\/9425\/revisions"}],"predecessor-version":[{"id":9428,"href":"http:\/\/blog.inmontanis.info\/index.php?rest_route=\/wp\/v2\/posts\/9425\/revisions\/9428"}],"wp:featuredmedia":[{"embeddable":true,"href":"http:\/\/blog.inmontanis.info\/index.php?rest_route=\/wp\/v2\/media\/9427"}],"wp:attachment":[{"href":"http:\/\/blog.inmontanis.info\/index.php?rest_route=%2Fwp%2Fv2%2Fmedia&parent=9425"}],"wp:term":[{"taxonomy":"category","embeddable":true,"href":"http:\/\/blog.inmontanis.info\/index.php?rest_route=%2Fwp%2Fv2%2Fcategories&post=9425"},{"taxonomy":"post_tag","embeddable":true,"href":"http:\/\/blog.inmontanis.info\/index.php?rest_route=%2Fwp%2Fv2%2Ftags&post=9425"}],"curies":[{"name":"wp","href":"https:\/\/api.w.org\/{rel}","templated":true}]}}