{"id":942,"date":"2009-09-18T23:00:25","date_gmt":"2009-09-18T21:00:25","guid":{"rendered":"http:\/\/blog.inmontanis.info\/?p=942"},"modified":"2023-08-05T21:46:28","modified_gmt":"2023-08-05T19:46:28","slug":"abendfahrt-innsbrucknordkette-18-9-2009","status":"publish","type":"post","link":"http:\/\/blog.inmontanis.info\/?p=942","title":{"rendered":"Abendfahrt Innsbruck\/Nordkette, 18.9.2009"},"content":{"rendered":"<p>Unglaublich. Da hat man seit Oktober 2008 das Freizeitticket, k\u00f6nnte also t\u00e4glich auf die Seegrube fahren. Da nimmt man sich fest vor, dass man ab &#038; zu Freitag Abends rauff\u00e4hrt, schon allein, um den Sonnenuntergang zu unterschiedlichen Jahreszeiten festzuhalten.<!--more--><\/p>\n<p>Und dann? Dann vergeht Woche f\u00fcr Woche. Meistens denkt man nicht dran. Ab &#038; zu denkt man dran, hat aber keine Lust. Ab &#038; zu denkt man dran, dann ist das Wetter schlecht.<\/p>\n<p>Am 18.9., zur vorletzten Gelegenheit, hatte ich dann doch noch Gl\u00fcck mit dem Wetter und bin endlich hinauf gefahren.<\/p>\n<p><em>[_de]Bilder anklicken zum Vergr\u00f6\u00dfern[\/_de]\u2028[_en]Click photos to enlarge[\/_en]<\/em><\/p>\n<p><a href='http:\/\/ski.inmontanis.info\/d\/104553-3\/P1430511.JPG'><img src=http:\/\/ski.inmontanis.info\/d\/104551-4\/P1430511.JPG \/><\/a><br \/>\n^ Bergstation Seegrube<\/p>\n<p><img src=http:\/\/ski.inmontanis.info\/d\/104557-3\/P1430516.JPG \/><br \/>\n^ DSB und Innsbruck Ost<\/p>\n<p><a href='http:\/\/ski.inmontanis.info\/d\/104561-3\/P1430525.JPG'><img src=http:\/\/ski.inmontanis.info\/d\/104559-4\/P1430525.JPG \/><\/a><br \/>\n^ Zoom Habicht<\/p>\n<p><a href='http:\/\/ski.inmontanis.info\/d\/104541-3\/P1430545.JPG'><img src=http:\/\/ski.inmontanis.info\/d\/104539-4\/P1430545.JPG \/><\/a><br \/>\n^ Abendlicher Zoom Kellerjoch von der Nordkette aus<\/p>\n<p><a href='http:\/\/ski.inmontanis.info\/d\/104545-2\/P1430546.JPG'><img src=http:\/\/ski.inmontanis.info\/d\/104544-3\/P1430546.JPG \/><\/a><br \/>\n^ Zoom H\u00fcttegglift Weerberg von der Nordkette aus<\/p>\n<p><img src=http:\/\/ski.inmontanis.info\/d\/104565-3\/P1430528.JPG \/><br \/>\n^ Zoom zur Autobahn-Baustelle (Einhausung A12)<\/p>\n<p><img src=http:\/\/ski.inmontanis.info\/d\/104569-3\/P1430530.JPG \/><br \/>\n^ Zoom zu u.a. Ikea, DEZ, Mediamarkt, Hervis, Greif, Obi, \u00d6AMTC, Autopark (meine Arbeitsstelle), &#8230;<\/p>\n<p><img src=http:\/\/ski.inmontanis.info\/d\/104573-3\/P1430533.JPG \/><br \/>\n^ Stadteile Arzl und Olympisches Dorf (das ist dort wo die Hochh\u00e4user sind)<\/p>\n<p><a href='http:\/\/ski.inmontanis.info\/d\/104577-3\/P1430559.JPG'><img src=http:\/\/ski.inmontanis.info\/d\/104575-4\/P1430559.JPG \/><\/a><br \/>\n^ Seegrube &#8211; Hafelekar<\/p>\n<p><img src=http:\/\/ski.inmontanis.info\/d\/104581-3\/P1430563.JPG \/><br \/>\n^ Weitwinkel-Pano Innsbruck (fast) gesamt<\/p>\n<p><a href='http:\/\/ski.inmontanis.info\/d\/104585-3\/P1430571.JPG'><img src=http:\/\/ski.inmontanis.info\/d\/104583-4\/P1430571.JPG \/><\/a><br \/>\n^ Zoom Flughafen<\/p>\n<p><a href='http:\/\/ski.inmontanis.info\/d\/104589-3\/P1430585.JPG'><img src=http:\/\/ski.inmontanis.info\/d\/104587-4\/P1430585.JPG \/><\/a><br \/>\n^ Die letzten Sonnenstrahlen an den Gipfeln<\/p>\n<p><img src=http:\/\/ski.inmontanis.info\/d\/104593-3\/P1430590.JPG \/><br \/>\n^ Ost-Pano mit Lawinenschutz<\/p>\n<p><a href='http:\/\/ski.inmontanis.info\/d\/104597-3\/P1430600.JPG'><img src=http:\/\/ski.inmontanis.info\/d\/104595-4\/P1430600.JPG \/><\/a><br \/>\n^ Cool: Bergformation in Gesichts-Form<\/p>\n<p><a href='http:\/\/ski.inmontanis.info\/d\/104601-3\/P1430601.JPG'><img src=http:\/\/ski.inmontanis.info\/d\/104599-4\/P1430601.JPG \/><\/a><br \/>\n^ .. und hier un-gedreht, direkt links von der Frau Hitt befindet sich das Gesicht.<\/p>\n<p><img src=http:\/\/ski.inmontanis.info\/d\/104605-3\/P1430609.JPG \/><br \/>\n^ Bomben-Explosionen? :-)<\/p>\n<p><a href='http:\/\/ski.inmontanis.info\/d\/104609-3\/P1430614.JPG'><img src=http:\/\/ski.inmontanis.info\/d\/104607-4\/P1430614.JPG \/><\/a><br \/>\n^ AUA &#8211; Flugzeug im Zoom<\/p>\n<p><a href='http:\/\/ski.inmontanis.info\/d\/104613-3\/P1430621.JPG'><img src=http:\/\/ski.inmontanis.info\/d\/104611-4\/P1430621.JPG \/><\/a><br \/>\n^ Paragleiter \u00fcber Innsbruck (Stadtteil Saggen, ganz unten m\u00fcsste der Claudiaplatz sein)<\/p>\n<p><img src=http:\/\/ski.inmontanis.info\/d\/104617-3\/P1430625.JPG \/><br \/>\n^ Paragleiter \u00fcber Innsbruck: In der Mitte die Maria-Theresien-Stra\u00dfe, auch Triumphpforte, Landhaus(platz) und Hotel Hilton sind gut zu sehen<\/p>\n<p><a href='http:\/\/ski.inmontanis.info\/d\/104621-3\/P1430626.JPG'><img src=http:\/\/ski.inmontanis.info\/d\/104619-4\/P1430626.JPG \/><\/a><br \/>\n^ Paragleiter \u00fcber Innsbruck: Bereich Hauptpost &#8211; Klinik. Ja, Innsbruck ist schon eine bunte Stadt :-)<\/p>\n<p><img src=http:\/\/ski.inmontanis.info\/d\/104626-3\/P1430630.JPG \/><br \/>\n^ Paragleiter \u00fcber Innsbruck: Bereich Uni und Klinik<\/p>\n<p><img src=http:\/\/ski.inmontanis.info\/d\/104630-3\/P1430637.JPG \/><br \/>\n^ Zoom Wipptal mit Europabr\u00fccke und interessant leuchtenden Wolken (zu sehende Skigebiete: Bergeralm und Serles)<\/p>\n<p><img src=http:\/\/ski.inmontanis.info\/d\/104634-3\/P1430649.JPG \/><br \/>\n^ Seegrube und Ost-Pano in der Abendd\u00e4mmerung<\/p>\n<p><img src=http:\/\/ski.inmontanis.info\/d\/104643-3\/P1430672.JPG \/><br \/>\n^ Innsbruck Mitte bei Nacht<\/p>\n<p><img src=http:\/\/ski.inmontanis.info\/d\/104639-3\/P1430674.JPG \/><br \/>\n^ Innsbruck Ost bei Nacht<\/p>\n<p><img src=http:\/\/ski.inmontanis.info\/d\/104647-3\/P1430675.JPG \/><br \/>\n^ Innsbruck-West und Wipptal bei Nacht<\/p>\n<p><img src=http:\/\/ski.inmontanis.info\/d\/104652-3\/P1430678.JPG \/><br \/>\n^ Zoom beleuchteter Sportplatz \/ Autobahnausfahrt Innsbruck-Mitte, rechts der Hauptbahnhof, &#8230;<\/p>\n<p><a href='http:\/\/ski.inmontanis.info\/d\/104656-3\/P1430685.JPG'><img src=http:\/\/ski.inmontanis.info\/d\/104654-4\/P1430685.JPG \/><\/a><br \/>\n^ West-Pano bei Nacht von der Hungerburg aus<\/p>\n<p><img src=http:\/\/ski.inmontanis.info\/d\/104660-3\/P1430686.JPG \/><br \/>\n^ Hungerburg-SSB-Bergstation. Erinnert mich irgendwie an ein Raumschiff :-)<\/p>\n<p><img src=http:\/\/ski.inmontanis.info\/d\/104664-3\/P1430690.JPG \/><br \/>\n^ Innsbruck-Mitte bei Nacht von der Hungerburg aus<\/p>\n","protected":false},"excerpt":{"rendered":"<p>Unglaublich. Da hat man seit Oktober 2008 das Freizeitticket, k\u00f6nnte also t\u00e4glich auf die Seegrube fahren. Da nimmt man sich fest vor, dass man ab &#038; zu Freitag Abends rauff\u00e4hrt, schon allein, um den Sonnenuntergang zu unterschiedlichen Jahreszeiten festzuhalten.<\/p>\n<p> <a href=\"http:\/\/blog.inmontanis.info\/?p=942\">[&#8230;]<\/a><\/p>\n","protected":false},"author":1,"featured_media":0,"comment_status":"open","ping_status":"closed","sticky":false,"template":"","format":"standard","meta":{"footnotes":""},"categories":[24,853,13,30],"tags":[51,38],"class_list":["post-942","post","type-post","status-publish","format-standard","hentry","category-tagestour","category-innsbruck","category-austria","category-wandern","tag-architektur","tag-dsb","odd"],"_links":{"self":[{"href":"http:\/\/blog.inmontanis.info\/index.php?rest_route=\/wp\/v2\/posts\/942","targetHints":{"allow":["GET"]}}],"collection":[{"href":"http:\/\/blog.inmontanis.info\/index.php?rest_route=\/wp\/v2\/posts"}],"about":[{"href":"http:\/\/blog.inmontanis.info\/index.php?rest_route=\/wp\/v2\/types\/post"}],"author":[{"embeddable":true,"href":"http:\/\/blog.inmontanis.info\/index.php?rest_route=\/wp\/v2\/users\/1"}],"replies":[{"embeddable":true,"href":"http:\/\/blog.inmontanis.info\/index.php?rest_route=%2Fwp%2Fv2%2Fcomments&post=942"}],"version-history":[{"count":4,"href":"http:\/\/blog.inmontanis.info\/index.php?rest_route=\/wp\/v2\/posts\/942\/revisions"}],"predecessor-version":[{"id":964,"href":"http:\/\/blog.inmontanis.info\/index.php?rest_route=\/wp\/v2\/posts\/942\/revisions\/964"}],"wp:attachment":[{"href":"http:\/\/blog.inmontanis.info\/index.php?rest_route=%2Fwp%2Fv2%2Fmedia&parent=942"}],"wp:term":[{"taxonomy":"category","embeddable":true,"href":"http:\/\/blog.inmontanis.info\/index.php?rest_route=%2Fwp%2Fv2%2Fcategories&post=942"},{"taxonomy":"post_tag","embeddable":true,"href":"http:\/\/blog.inmontanis.info\/index.php?rest_route=%2Fwp%2Fv2%2Ftags&post=942"}],"curies":[{"name":"wp","href":"https:\/\/api.w.org\/{rel}","templated":true}]}}