{"id":9418,"date":"2023-08-18T10:11:39","date_gmt":"2023-08-18T08:11:39","guid":{"rendered":"http:\/\/blog.inmontanis.info\/?p=9418"},"modified":"2023-08-20T12:08:53","modified_gmt":"2023-08-20T10:08:53","slug":"hintertuxer-gletscher-reiseplanungen-13-18-8-2023-nur-noch-dsb","status":"publish","type":"post","link":"http:\/\/blog.inmontanis.info\/?p=9418","title":{"rendered":"Hintertuxer Gletscher (+ Herbstplanungen &#8230;), 13.-18.8.2023 \/ Nur noch DSB"},"content":{"rendered":"<p><strong>So, 13.8.2023<\/strong><\/p>\n<p>Nach dem vielen n\u00e4chtlichen Regen war meine Erwartung heute gering. War dann fr\u00fch doch nicht so matschig, aber nach 11 Uhr doch sehr, dass ich schon nach 12 Uhr aufh\u00f6ren wollte. Doch nochmals den GW-SL gefahren und dabei ein St\u00fcck Armierungseisen(??) im Eis rausstehen sehen, daher nochmals gefahren und fotografiert. Liftler meinte, sie w\u00fcssten schon Bescheid. Danach runter zum TFH und endlich schien mal wieder die Sonne, also doch nochmals rauf mit 10EUB+DSB. Oben blieb es aber stark bew\u00f6lkt.<\/p>\n<p>Morgens fuhr die DSB erst versp\u00e4tet und ich startete mit 10EUB-TFH-GB3 und O-SL. Da wie gestern der rechte fuhr, der etwas weiter hinauf geht, ging ich noch das von hier kurze St\u00fcck rauf zum \u00dcbergang f\u00fcr R\u00fcckseitenfotos, wobei ich heute nur die IR-Cam, daf\u00fcr mit zus\u00e4tzlichem Zoomobjektiv, dabei hatte.<\/p>\n<p><a href='http:\/\/ski.inmontanis.info\/d\/321244-2\/DSC05329.jpg'><img src=http:\/\/ski.inmontanis.info\/d\/321243-3\/DSC05329.jpg \/><\/a><br \/>\n^ IR-Pano TFH-Abfahrt<\/p>\n<p><a href='http:\/\/ski.inmontanis.info\/d\/321248-2\/DSC05330.jpg'><img src=http:\/\/ski.inmontanis.info\/d\/321247-3\/DSC05330.jpg \/><\/a><br \/>\n^ IR-Pano TFH-Abfahrt<\/p>\n<p><a href='http:\/\/ski.inmontanis.info\/d\/321252-2\/DSC05333.jpg'><img src=http:\/\/ski.inmontanis.info\/d\/321251-3\/DSC05333.jpg \/><\/a><br \/>\n^ Zoom Arbeiten Bergstation rechter Kaserer-SL<\/p>\n<p><a href='http:\/\/ski.inmontanis.info\/d\/321256-2\/DSC05337.jpg'><img src=http:\/\/ski.inmontanis.info\/d\/321255-3\/DSC05337.jpg \/><\/a><br \/>\n^ IR-Zoom-Pano von GB3-Bergstation<\/p>\n<p><a href='http:\/\/ski.inmontanis.info\/d\/321260-2\/DSC05338.jpg'><img src=http:\/\/ski.inmontanis.info\/d\/321259-3\/DSC05338.jpg \/><\/a><br \/>\n^ IR-Zoom-Pano von GB3-Bergstation<\/p>\n<p><a href='http:\/\/ski.inmontanis.info\/d\/321264-2\/DSC05340.jpg'><img src=http:\/\/ski.inmontanis.info\/d\/321263-3\/DSC05340.jpg \/><\/a><br \/>\n^ IR-Zoom-Pano von GB3-Bergstation<\/p>\n<p><a href='http:\/\/ski.inmontanis.info\/d\/321268-2\/DSC05346.jpg'><img src=http:\/\/ski.inmontanis.info\/d\/321267-3\/DSC05346.jpg \/><\/a><br \/>\n^ IR-Zoom-Pano von GB3-Bergstation<\/p>\n<p><a href='http:\/\/ski.inmontanis.info\/d\/321272-2\/DSC05349_001.jpg'><img src=http:\/\/ski.inmontanis.info\/d\/321271-3\/DSC05349_001.jpg \/><\/a><br \/>\n^ IR-Zoom-Pano von GB3-Bergstation<\/p>\n<p><a href='http:\/\/ski.inmontanis.info\/d\/321276-2\/DSC05354.jpg'><img src=http:\/\/ski.inmontanis.info\/d\/321275-3\/DSC05354.jpg \/><\/a><br \/>\n^ IR-Zoom-Pano von GB3-Bergstation<\/p>\n<p><a href='http:\/\/ski.inmontanis.info\/d\/321280-2\/DSC05356_001.jpg'><img src=http:\/\/ski.inmontanis.info\/d\/321279-3\/DSC05356_001.jpg \/><\/a><br \/>\n^ IR-Zoom-Pano von GB3-Bergstation<\/p>\n<p><a href='http:\/\/ski.inmontanis.info\/d\/321284-2\/DSC05359_001.jpg'><img src=http:\/\/ski.inmontanis.info\/d\/321283-3\/DSC05359_001.jpg \/><\/a><br \/>\n^ IR-Zoom-Pano von GB3-Bergstation<\/p>\n<p><a href='http:\/\/ski.inmontanis.info\/d\/321288-2\/DSC05362_001.jpg'><img src=http:\/\/ski.inmontanis.info\/d\/321287-3\/DSC05362_001.jpg \/><\/a><br \/>\n^ IR-Zoom Kaserer\/6KSB<\/p>\n<p><a href='http:\/\/ski.inmontanis.info\/d\/321292-2\/DSC05365.jpg'><img src=http:\/\/ski.inmontanis.info\/d\/321291-3\/DSC05365.jpg \/><\/a><br \/>\n^ IR-Zoom-Pano von GB3-Bergstation<\/p>\n<p><a href='http:\/\/ski.inmontanis.info\/d\/321296-2\/DSC05376.jpg'><img src=http:\/\/ski.inmontanis.info\/d\/321295-3\/DSC05376.jpg \/><\/a><br \/>\n^ IR-Pano S\u00fcd<\/p>\n<p><a href='http:\/\/ski.inmontanis.info\/d\/321300-2\/DSC05379.jpg'><img src=http:\/\/ski.inmontanis.info\/d\/321299-3\/DSC05379.jpg \/><\/a><br \/>\n^ IR-Pano mit GW-SL und DSB<\/p>\n<p><a href='http:\/\/ski.inmontanis.info\/d\/321304-2\/DSC05381_001.jpg'><img src=http:\/\/ski.inmontanis.info\/d\/321303-3\/DSC05381_001.jpg \/><\/a><br \/>\n^ IR-Pano mit GB3<\/p>\n<p><a href='http:\/\/ski.inmontanis.info\/d\/321308-2\/DSC05387_001.jpg'><img src=http:\/\/ski.inmontanis.info\/d\/321307-3\/DSC05387_001.jpg \/><\/a><br \/>\n^ IR-Pano von GB3-Bergstation<\/p>\n<p><a href='http:\/\/ski.inmontanis.info\/d\/321312-2\/DSC05388_001.jpg'><img src=http:\/\/ski.inmontanis.info\/d\/321311-3\/DSC05388_001.jpg \/><\/a><br \/>\n^ IR-Pano von GB3-Bergstation<\/p>\n<p><a href='http:\/\/ski.inmontanis.info\/d\/321316-2\/DSC05389_001.jpg'><img src=http:\/\/ski.inmontanis.info\/d\/321315-3\/DSC05389_001.jpg \/><\/a><br \/>\n^ IR-Pano von GB3-Bergstation<\/p>\n<p><a href='http:\/\/ski.inmontanis.info\/d\/321320-2\/DSC05392.jpg'><img src=http:\/\/ski.inmontanis.info\/d\/321319-3\/DSC05392.jpg \/><\/a><br \/>\n^ GW von Olperer (IR)<\/p>\n<p><a href='http:\/\/ski.inmontanis.info\/d\/321324-2\/DSC05395_001.jpg'><img src=http:\/\/ski.inmontanis.info\/d\/321323-3\/DSC05395_001.jpg \/><\/a><br \/>\n^ IR-Pano mit O-SL<\/p>\n<p><a href='http:\/\/ski.inmontanis.info\/d\/321328-2\/DSC05399.jpg'><img src=http:\/\/ski.inmontanis.info\/d\/321327-3\/DSC05399.jpg \/><\/a><br \/>\n^ IR-R\u00fcckseitenpano von Bergstation SL Olperer<\/p>\n<p><a href='http:\/\/ski.inmontanis.info\/d\/321332-2\/DSC05401.jpg'><img src=http:\/\/ski.inmontanis.info\/d\/321331-3\/DSC05401.jpg \/><\/a><br \/>\n^ IR-R\u00fcckseitenpano von Bergstation SL Olperer<\/p>\n<p><a href='http:\/\/ski.inmontanis.info\/d\/321240-2\/DSC05416.jpg'><img src=http:\/\/ski.inmontanis.info\/d\/321239-3\/DSC05416.jpg \/><\/a><br \/>\n^ IR-Zoom zum Stubaier Gletscher (Eisgrat\/Rotadl\/Daunferner) vom Hintertuxer \/ Bergstation Olperer-SL.<\/p>\n<p><a href='http:\/\/ski.inmontanis.info\/d\/321336-2\/DSC05406.jpg'><img src=http:\/\/ski.inmontanis.info\/d\/321335-3\/DSC05406.jpg \/><\/a><br \/>\n^ IR-Zoom-R\u00fcckseitenpano von SL-O-Bergstation<\/p>\n<p><a href='http:\/\/ski.inmontanis.info\/d\/321340-2\/DSC05410.jpg'><img src=http:\/\/ski.inmontanis.info\/d\/321339-3\/DSC05410.jpg \/><\/a><br \/>\n^ IR-Zoom-R\u00fcckseitenpano von SL-O-Bergstation<\/p>\n<p><a href='http:\/\/ski.inmontanis.info\/d\/321344-2\/DSC05414.jpg'><img src=http:\/\/ski.inmontanis.info\/d\/321343-3\/DSC05414.jpg \/><\/a><br \/>\n^ IR-Zoom-R\u00fcckseitenpano von SL-O-Bergstation<\/p>\n<p><a href='http:\/\/ski.inmontanis.info\/d\/321348-2\/DSC05419.jpg'><img src=http:\/\/ski.inmontanis.info\/d\/321347-3\/DSC05419.jpg \/><\/a><br \/>\n^ Mitten im Trainingsbereich links vom GW-SL schaut mittlerweile dieses St\u00fcck Armierungseisen aus dem Eis!?!<\/p>\n<p>Der Liftmitarbeiter, der sonst an der DSB-Bergstation war und den ich ja letztes Jahr bei uns im Autohaus zuf\u00e4llig getroffen hatte, als ich da mal einen Tag dort war, ist erst seit ein paar Tagen wieder im Skigebiet (ist ja letztes Jahr bei der Liftrevision verungl\u00fcckt), momentan allerdings an den Gondelbahnen im Bereich Sommerbergalm.<\/p>\n<p>Nachmittags nur 23,3\u00b0 im Auto und das war sogar das Maximum bisher heute. Dank Sonnenstand und Baumschatten ist das Auto nun wohl nicht mehr lang in der Sonne.<\/p>\n<p>ruka.fi schreibt:<br \/>\n&#8220;All lift tickets are loaded on a remote-readable KeyCard which costs 7 euros. KeyCard can be recharged and accepted at all ski resorts using SkiData, so it&#8217;s a good idea to save the card and use it multiple times.&#8221;<br \/>\nund laplandhotels.com schreibt:<br \/>\n&#8220;KeyCards can be used at all ski centres using the SkiData system.&#8221;<\/p>\n<p>Die kennen wohl die Skigebiete in den Alpen nicht, da ist das ja zumindest in \u00d6sterreich eher die Ausnahme.<\/p>\n<p>Ruka und Levi starten ja mit Schneedepots Anfang Oktober in die Saison. Liftkartenpreise:<br \/>\n&#8211; Levi, Einheitspreise die ganze Saison: 3h 43,- \/ tk 51,50 \/ 2tk 96,50 \/ 3tk 136,50 \/ 4tk 171,50 \/ 5tk 202,- \/ 6tk 228 \/ 7tk 248 = 35,43; Saison 530,-<br \/>\n&#8211; Ruka, low season 7.10. &#8211; 1.12. und 2.-7.5. (schwach, dass die nicht mehr l\u00e4nger offen haben! Hatten ja mal bis Juni offen. Generell wohl inkl. Pyh\u00e4, die machen evtl. ab Mitte Nov. auf):  3h 37,50 \/ tk 44,50 \/ 2tk 80,50 \/ 3tk 117,- \/ 4tk 147,50 \/ 5tk 173,50 \/ 6tk 194,50 \/ 7tk 214 =30,57; Saisonkarte Vorverkauf bis 15.10. nur Ruka 489,- bzw. mit Pyh\u00e4 525,-<\/p>\n<p>Leider liegt ja Ruka nicht unbedingt so, dass ich da h\u00e4ufiger vorbei kommen w\u00fcrde, da es relativ s\u00fcdlich (von den n\u00f6rdlichen Gebieten) und in Richtung Russland liegt (aber etliches n\u00f6rdlicher als der eVisa-Grenz\u00fcbergang). D.h. falls ich im M\u00e4rz\/April mal nach RU fahre, k\u00f6nnte ich nochmals dran vorbei. Aber ansonsten muss ich da in der Hochsaison vmtl. nicht allzuviel Skitage dort verschwenden, da die Abfahrten, wie auch in Pyh\u00e4, sehr modelliert aussehen und beide zudem einen hohen Sesselliftanteil haben, mindestens einer von der &#8220;Nervsorte&#8221;. Und ob ich es da Ende Oktober \/ Anfang November viel l\u00e4nger als eine Woche aushalt, dass sich in Summe die Saisonkarte lohnen w\u00fcrde?<\/p>\n<p>Schade, dass Yll\u00e4s nicht auch so fr\u00fch offnet, das gefiel mir damals ja schon sehr. Yll\u00e4s und Levi l\u00e4gen zudem n\u00e4her an Schweden, so dass man leichter mal vorbeikommen k\u00f6nnte. Yll\u00e4s aber voraussichtlich erst ab Mitte Nov. offen, deren  Saisonkarte kostet im Vorverkauf bis Anfang Dezember lediglich 411,- \u20ac und gilt auch jeweils 1 Tag in Olos und Pallas. Das k\u00f6nnte interessanter sein und kurzfristig mitte Nov. kaufbar.<\/p>\n<p>Im Herbst 2021 hatte ich zu den finnischen Saisonstarts geschrieben:<br \/>\n9.10.2021:<br \/>\n&#8220;Wenn ich das richtig sehe, hat Ruka (Finnland) wie geplant seit gestern zum Skifahren offen, 1 4KSB und 1 3SB und dazwischen 2 Abfahrten, dazu 2 Funparks. Weitere Abfahrten sollen mit Ende Oktober folgen.<br \/>\n&#8220;Auch Levi (Finnland) hat seit gestern vmtl. dank Depotschnee offen, mit 1,5 Abfahrten (8KSB und paralleler SL).&#8221;<\/p>\n<p>11.11.2021:<br \/>\n&#8220;In Finnland hat Ruka mittlerweile 10 Abfahrten offen, Levi 4 und es scheinen noch einige Skigebiete mehr mittlerweile offen zu haben.&#8221;<\/p>\n<p>Es g\u00e4be noch eine Saisonkartengemeinschaft dort oben von 4 kleinen Gebieten: Ounasvaara-Luosto-Olos-Pallas. Davon kenn ich nur Pallas (das gefiel mir damals recht gut). Der w\u00fcrde im Vorverkauf bis 6.12. g\u00fcnstige 269,- \u20ac kosten (Normalpreis 538,-). Allerdings machen die Skigebiete dort vielleicht noch nicht im Nov. auf (Pallas erst im Feb.) und w\u00e4ren somit eher unpassend f\u00fcr die Vorsaison. Daf\u00fcr teils bis Anfang Mai offen, so dass ich ggf. noch Anfang Dezember (falls was offen ist), im M\u00e4rz und Anfang Mai vorbeifahren k\u00f6nnte und diesen Saisonkartenvorverkaufspreis hat man ja mit 2 Tage pro Skigebiet schon eingefahren. Dann macht die Yll\u00e4s-Saisonkarte allerdings etwas weniger Sinn, da ich den dortigen 1-Gratis-Tag Olos und Pallas nicht dazu rechnen kann.<\/p>\n<p>Aber da der Vorverkaufspreis bis 6.12. gilt, k\u00f6nnte ich das dort ebenfalls kurzfristig entscheiden, z.B. falls schon was Mitte\/Ende Nov. aufsperrt.<\/p>\n<p>Ein bisschen Qual-der-Wahl, was sich da vielleicht noch lohnen k\u00f6nnte an Saisonkarten, zumal die schwedische Scandinavian-Saisonkarte ja auch viele Skigebiete in SE und bissl NO inkludieren w\u00fcrde, meine Hauptsaisonkarte werden soll und ein paar andere Gebiete k\u00f6nnte man ja auch mal wieder besuchen oder erstmals schaffen zu besuchen; bei 2 Saisonkarten (oder gar 3) hat man selbst bei 150 Skitagen in der Saison kaum Zeit zum Fremdgehen ;) (Sollte ich quasi durchgehend von Anfang November bis Ende Mai fahren k\u00f6nnen, k\u00f6nnten es diesmal auch mehr als &#8220;nur&#8221; 150 im Winterhalbjahr werden.)<\/p>\n<p>Jedenfalls scheinen mir die 411 (Yll\u00e4s) bzw. 269 (die 4 kleinen) leichter reinzufahren zu sein als die 525 f\u00fcr Ruka+Pyh\u00e4 &#8230;<\/p>\n<p>Musste heut Abend leider mal wieder zu fr\u00fch die Fenster schlie\u00dfen, nicht wie gestern wegen Regentropfen, sondern wegen so einer dummen Kuh, die mit ihrem Auto wenige Meter neben mir stand und in ihrem Auto mit offenem Fenster eine Zigarette nach der anderen rauchte und das zog nat\u00fcrlich auch durch mein Auto durch. Als sie sich innerhalb 15 Minuten die dritte angez\u00fcndet hatte, wurd&#8217;s mir dann entschieden zu bl\u00f6d und ich hab das Fenster geschlossen. Nach der 4. ist sie dann wieder gefahren, ohne ausgestiegen zu sein.<\/p>\n<p>Um 22:45 kam noch ein Auto in meiner N\u00e4he an und l\u00e4rmte einige Zeit mit (leiser) Musik und Gequatsche.<\/p>\n<p><strong>Mo, 14.8.2023<\/strong><\/p>\n<p>Die Sonne kommt mittlerweile schon wesentlich sp\u00e4ter morgens \u00fcber&#8217;n Berg. Ist mir nat\u00fcrlich auch die letzten beiden Tage schon aufgefallen, aber heut beim Arbeiten vormittags nat\u00fcrlich entsprechend mehr und sie scheint wohl nur kurz in dem Bereich an den B\u00e4umen. D.h. im September k\u00f6nnte es schlecht aussehen mit Sonne vormittags egal wo man parkt.<\/p>\n<p>Als ich um 11:25 an der Sommerbergalm war, sah ich am Plan, dass die beiden SL heute au\u00dfer Betrieb sein sollen. Es f\u00fchlte sich auch sehr windig an, aber die DSB war &#8220;gr\u00fcn&#8221; ..  und was noch schlimmer war im Onlineplan: nur noch die Abfahrt an der DSB soll nun offen sein, alles andere gesperrt inkl. TFH-Abfahrt :( Also da waren doch gestern noch etliche Abfahrten total unproblematisch &#8211; wenn man Hintertux im Sommer gewohnt ist &#8230;<\/p>\n<p>Der Liftler an der DSB meinte, das bleibt so auf absehbare Zeit bis ca. Oktober (der rechnet wohl nicht mit Schneefall im Sep.!?); Abfahrt TFH darf man auch nicht eigenverantwortlich machen, obwohl kein Sperrschild da, sondern nur &#8220;sie verlassen das gesicherte Skigebiet&#8221; &#8230; da kann ich mir den Rest der Woche sparen, nur die eine DSB-Abfahrt ist mir dann doch zu wenig, insb. bei dem vielen Wassermatsch.<\/p>\n<p>Bisschen konnte man am GW-Trainingshang noch auf Altschnee fahren, was angenehmer war als der Matsch auf der DSB-Abfahrt.<\/p>\n<p><a href='http:\/\/ski.inmontanis.info\/d\/321352-2\/DSC05423_001.jpg'><img src=http:\/\/ski.inmontanis.info\/d\/321351-3\/DSC05423_001.jpg \/><\/a><br \/>\n^ Seit heute leider geschlossen: GW- und O-SL (von der DSB in IR)<\/p>\n<p><a href='http:\/\/ski.inmontanis.info\/d\/321356-2\/DSC05424_001.jpg'><img src=http:\/\/ski.inmontanis.info\/d\/321355-3\/DSC05424_001.jpg \/><\/a><br \/>\n^ Olperer-Kaserer (IR). In dem Mattenfeld in der Bildmitte mitten im Gletscherbecken soll ja seit letztem Jahr ein Fels ausapern, man mag es nicht glauben.<\/p>\n<p><a href='http:\/\/ski.inmontanis.info\/d\/321360-2\/DSC05428.jpg'><img src=http:\/\/ski.inmontanis.info\/d\/321359-3\/DSC05428.jpg \/><\/a><br \/>\n^ IR-Pano S\u00fcd mit GW-SL<\/p>\n<p><a href='http:\/\/ski.inmontanis.info\/d\/321364-2\/DSC05430.jpg'><img src=http:\/\/ski.inmontanis.info\/d\/321363-3\/DSC05430.jpg \/><\/a><br \/>\n^ Das (hoffentlich) Schuttfeld an der GW in IR<\/p>\n<p><a href='http:\/\/ski.inmontanis.info\/d\/321368-2\/DSC05432.jpg'><img src=http:\/\/ski.inmontanis.info\/d\/321367-3\/DSC05432.jpg \/><\/a><br \/>\n^ Einzig ge\u00f6ffnet, nur noch die DSB-Abfahrt (IR), die mittlerweile recht tief liegt hier oben und nahe an den Steinen<\/p>\n<p><a href='http:\/\/ski.inmontanis.info\/d\/321372-2\/DSC05436.jpg'><img src=http:\/\/ski.inmontanis.info\/d\/321371-3\/DSC05436.jpg \/><\/a><br \/>\n^ Einzig ge\u00f6ffnet, nur noch die DSB-Abfahrt (IR), hier von der 10EUB-Bergstation<\/p>\n<p><a href='http:\/\/ski.inmontanis.info\/d\/321376-2\/DSC05437.jpg'><img src=http:\/\/ski.inmontanis.info\/d\/321375-3\/DSC05437.jpg \/><\/a><br \/>\n^ IR-Zoom Kaserer von Sommerbergalm<\/p>\n<p><a href='http:\/\/ski.inmontanis.info\/d\/321380-2\/DSC05438.jpg'><img src=http:\/\/ski.inmontanis.info\/d\/321379-3\/DSC05438.jpg \/><\/a><br \/>\n^ IR-Zoom Kaserer rechts von Sommerbergalm<\/p>\n<p>Vergleichsbild 31.8.2019:<br \/>\n<a href='http:\/\/ski.inmontanis.info\/d\/266335-3\/DSC00404.jpg'><img src=http:\/\/ski.inmontanis.info\/d\/266334-4\/DSC00404.jpg \/><\/a><\/p>\n<p>&#8211;<\/p>\n<p><a href='http:\/\/ski.inmontanis.info\/d\/321384-2\/DSC05441.jpg'><img src=http:\/\/ski.inmontanis.info\/d\/321383-3\/DSC05441.jpg \/><\/a><br \/>\n^ IR-Zoom Kaserer links von Sommerbergalm<\/p>\n<p>Vergleichsbild 31.8.2019:<br \/>\n<a href='http:\/\/ski.inmontanis.info\/d\/266339-3\/DSC00405.jpg'><img src=http:\/\/ski.inmontanis.info\/d\/266338-4\/DSC00405.jpg \/><\/a><\/p>\n<p>&#8211;<\/p>\n<p><a href='http:\/\/ski.inmontanis.info\/d\/321388-2\/DSC05444_001.jpg'><img src=http:\/\/ski.inmontanis.info\/d\/321387-3\/DSC05444_001.jpg \/><\/a><br \/>\n^ IR-Zoom 6KSB L\u00e4rmstange 1+2 von Sommerbergalm<\/p>\n<p>Vergleichsbild 31.8.2019:<br \/>\n<a href='http:\/\/ski.inmontanis.info\/d\/266343-3\/DSC00406.jpg'><img src=http:\/\/ski.inmontanis.info\/d\/266342-4\/DSC00406.jpg \/><\/a><\/p>\n<p>&#8211;<\/p>\n<p><a href='http:\/\/ski.inmontanis.info\/d\/321392-2\/DSC05447.jpg'><img src=http:\/\/ski.inmontanis.info\/d\/321391-3\/DSC05447.jpg \/><\/a><br \/>\n^ IR-Zoom TFH von Sommerbergalm<\/p>\n<p><a href='http:\/\/ski.inmontanis.info\/d\/321396-2\/DSC05448_001.jpg'><img src=http:\/\/ski.inmontanis.info\/d\/321395-3\/DSC05448_001.jpg \/><\/a><br \/>\n^ IR-Zoom ZwiDeGo von Sommerbergalm<\/p>\n<p>Vergleichsbild 30.9.2018:<br \/>\n<a href='http:\/\/ski.inmontanis.info\/d\/250170-3\/DSC05939.jpg'><img src=http:\/\/ski.inmontanis.info\/d\/250169-4\/DSC05939.jpg \/><\/a><\/p>\n<p>&#8211;<\/p>\n<p>Was nun? Heut noch zu meiner Mutter und am morgigen Feiertag angenehmer heimfahren? Oder morgen fr\u00fch nochmals 2 Stunden fahren, dann zu Mutter und erst am Mittwoch nach der Arbeit heim?<\/p>\n<p>Vorteil heute fahren: ich k\u00f6nnte in innsbruck noch in der Gebrauchtwaren\/Flohmarkthalle vorbeischauen, h\u00e4tte morgen heim weniger Verkehr.<\/p>\n<p>Nachteil falls heute fahren: morgen vielleicht noch 2 sch\u00f6ne Stunden Ski fahren verpassen.<\/p>\n<p>Naja, egtl kann ich morgen fr\u00fch auch noch da bleiben.<\/p>\n<p>Um 16:45 stellte sich ganz nah neben mir ein britischer Campervan hin &#8211; na hoffentlich fahren die wieder. Jedenfalls nahm mir das Auto gleich mal den durchziehenden, k\u00fchlenden Wind :(<\/p>\n<p>Um 16:55 meinte eine Deutsche, sie m\u00fcsste sich zwischen mir und dem Van hinhocken und pinkeln. Ich machte sie darauf aufmerksam, dass ich im Auto sei, was sie peinlich fand, aber zog ihr Vorhaben dennoch durch. Schade, dass die Britin mit ihrem Kind vom Van nicht gerade rauswollte und ihre Schiebet\u00fcr ge\u00f6ffnet hat :) Jedenfalls: So hei\u00dfts dann wieder, die Camper waren&#8217;s &#8230;<\/p>\n<p>Naja, irgendwann kam sie dann doch mal wieder raus, waren einige Zeit unterwegs und viel sp\u00e4ter fuhren sie doch noch in den flachen Bereich und mir bleibt ggf. das n\u00e4chtliche T\u00fcr-Auf-T\u00fcr-Zu-Spiel erspart.<\/p>\n<p>Nicht erspart blieb mir heute, mein WC zu ben\u00fctzen, morgens nach dem Aufstehen und abends gleich mehrmals. Ich brauchs zwar oft wochenlang gar nicht, aber wenn ich&#8217;s dann brauch, bin ich schon sehr froh, es zu haben.<\/p>\n<p><strong>Di, 15.8.2023<\/strong><\/p>\n<p>Da wenig los (kaum Gruppen), fuhr ich am heutigen Feiertag mal etwas fr\u00fcher rauf (stellte mich zuvor in die Tiefgarage). Es blieb leider wie gestern, also nur die DSB-Abfahrt offen, ohne TFH-Abfahrt, obwohl im oberen Steilhang so sch\u00f6n pr\u00e4pariert und die Matten oben entfernt wurden :(<\/p>\n<p>Leider heut fr\u00fch nicht ganz so sonnig und auch schon recht weich, auch durch die vielen Skifahrer. Der Matsch war gestern Mittag sch\u00f6ner zu fahren, weil weicher. Eine Runde dauert ca. 9min und ich fuhr fast immer den oberen Bereich &#8220;offpiste&#8221; an den SL.<\/p>\n<p>Daher bin ich heute endlich mal wieder nach vielen, vielen Jahren den Steilhang von der DSB-Bergstation gefahren, paar mal, aber neben der SL-Trasse war&#8217;s sch\u00f6ner.<\/p>\n<p><a href='http:\/\/ski.inmontanis.info\/d\/321400-2\/DSC06830.jpg'><img src=http:\/\/ski.inmontanis.info\/d\/321399-3\/DSC06830.jpg \/><\/a><br \/>\n^ Machte den Anschein, als w\u00fcrde hier demn\u00e4chst eine Bauseilbahn aufgebaut werden (oder Ersatz Seil GB1?)<\/p>\n<p><a href='http:\/\/ski.inmontanis.info\/d\/321404-2\/DSC06831.jpg'><img src=http:\/\/ski.inmontanis.info\/d\/321403-3\/DSC06831.jpg \/><\/a><br \/>\n^ Nur noch DSB und DSB-Abfahrt zum Skifahren offen :-(<\/p>\n<p><a href='http:\/\/ski.inmontanis.info\/d\/321408-2\/DSC06832.jpg'><img src=http:\/\/ski.inmontanis.info\/d\/321407-3\/DSC06832.jpg \/><\/a><br \/>\n^ TFH-Hang, leider geschlossen<\/p>\n<p><a href='http:\/\/ski.inmontanis.info\/d\/321412-2\/DSC06833.jpg'><img src=http:\/\/ski.inmontanis.info\/d\/321411-3\/DSC06833.jpg \/><\/a><br \/>\n^ TFH-Hang, leider geschlossen<\/p>\n<p><a href='http:\/\/ski.inmontanis.info\/d\/321416-2\/DSC06834.jpg'><img src=http:\/\/ski.inmontanis.info\/d\/321415-3\/DSC06834.jpg \/><\/a><br \/>\n^ Daf\u00fcr Zufahrt zur DSB wieder breit mit Schnee versorgt<\/p>\n<p><a href='http:\/\/ski.inmontanis.info\/d\/321420-2\/DSC06837.jpg'><img src=http:\/\/ski.inmontanis.info\/d\/321419-3\/DSC06837.jpg \/><\/a><br \/>\n^ 10EUB\/Kaserer von DSB<\/p>\n<p><a href='http:\/\/ski.inmontanis.info\/d\/321424-2\/DSC06841.jpg'><img src=http:\/\/ski.inmontanis.info\/d\/321423-3\/DSC06841.jpg \/><\/a><br \/>\n^ Da lag gestern Mittag noch durchgehend Schnee, jetzt muss man schon ein St\u00fcck \u00fcber Matten schieben<\/p>\n<p><a href='http:\/\/ski.inmontanis.info\/d\/321428-2\/DSC06843.jpg'><img src=http:\/\/ski.inmontanis.info\/d\/321427-3\/DSC06843.jpg \/><\/a><br \/>\n^ Blick zur Olperer-Seite von GW, beide SL-Seiten ja mittlerweile zu<\/p>\n<p><a href='http:\/\/ski.inmontanis.info\/d\/321432-2\/DSC06844.jpg'><img src=http:\/\/ski.inmontanis.info\/d\/321431-3\/DSC06844.jpg \/><\/a><br \/>\n^ Offiziell gibts \u00fcrigens kein Sperrschild, nur ein Offpiste-Schild an den Abfahrten zur TFH runter<\/p>\n<p><a href='http:\/\/ski.inmontanis.info\/d\/321436-2\/DSC06845.jpg'><img src=http:\/\/ski.inmontanis.info\/d\/321435-3\/DSC06845.jpg \/><\/a><br \/>\n^ Vermattung GW-SL, schaut ja nicht nach viel Gewinn aus<\/p>\n<p><a href='http:\/\/ski.inmontanis.info\/d\/321440-2\/DSC06846.jpg'><img src=http:\/\/ski.inmontanis.info\/d\/321439-3\/DSC06846.jpg \/><\/a><br \/>\n^ DSB-Abfahrt im oberen Bereich wie \u00fcblich sehr matschig, ich fuhr daher meist links am SL ein St\u00fcck runter und querte dann r\u00fcber<\/p>\n<p><a href='http:\/\/ski.inmontanis.info\/d\/321444-2\/DSC06847.jpg'><img src=http:\/\/ski.inmontanis.info\/d\/321443-3\/DSC06847.jpg \/><\/a><br \/>\n^ Der nun schon fast ehemalige Gletscherhang Kaserer\/L\u00e4rmstange-KSB<\/p>\n<p><a href='http:\/\/ski.inmontanis.info\/d\/321448-2\/DSC06848.jpg'><img src=http:\/\/ski.inmontanis.info\/d\/321447-3\/DSC06848.jpg \/><\/a><br \/>\n^ Offpiste am SL wie gestern bester Schnee im Gebiet<\/p>\n<p><a href='http:\/\/ski.inmontanis.info\/d\/321452-2\/DSC06849.jpg'><img src=http:\/\/ski.inmontanis.info\/d\/321451-3\/DSC06849.jpg \/><\/a><br \/>\n^ DSB-Abfahrt<\/p>\n<p><a href='http:\/\/ski.inmontanis.info\/d\/321456-2\/DSC06850.jpg'><img src=http:\/\/ski.inmontanis.info\/d\/321455-3\/DSC06850.jpg \/><\/a><br \/>\n^ Zoom Olperer-SL<\/p>\n<p><a href='http:\/\/ski.inmontanis.info\/d\/321460-2\/DSC06853.jpg'><img src=http:\/\/ski.inmontanis.info\/d\/321459-3\/DSC06853.jpg \/><\/a><br \/>\n^ Keine Absperrung, keine Matten, also wohl eine Einladung zum Befahren des Steilhangs an der DSB-Bergstation ;)<\/p>\n<p><a href='http:\/\/ski.inmontanis.info\/d\/321464-2\/DSC06855.jpg'><img src=http:\/\/ski.inmontanis.info\/d\/321463-3\/DSC06855.jpg \/><\/a><br \/>\n^ Felsen neben dem GW-SL<\/p>\n<p><a href='http:\/\/ski.inmontanis.info\/d\/321468-2\/DSC06858_001.jpg'><img src=http:\/\/ski.inmontanis.info\/d\/321467-3\/DSC06858_001.jpg \/><\/a><br \/>\n^ Felsen neben dem GW-SL<\/p>\n<p><a href='http:\/\/ski.inmontanis.info\/d\/321472-2\/DSC06863.jpg'><img src=http:\/\/ski.inmontanis.info\/d\/321471-3\/DSC06863.jpg \/><\/a><br \/>\n^ Offpiste unter der DSB-Bergstation<\/p>\n<p><a href='http:\/\/ski.inmontanis.info\/d\/321476-2\/DSC06864_001.jpg'><img src=http:\/\/ski.inmontanis.info\/d\/321475-3\/DSC06864_001.jpg \/><\/a><br \/>\n^ DSB und mittlerweile ist die Beschneiung rechts auch schon sehr weit von der Piste weg.<\/p>\n<p>Mein Bild von 1995 zeigt m.E. die Abfahrt sp\u00fcrbar h\u00f6her=n\u00e4her an der DSB?<br \/>\n<img src=http:\/\/ski.inmontanis.info\/alte\/200201_old1995b_hitux\/old1995_HintertuxGL4.JPG \/><\/p>\n<p><a href='http:\/\/ski.inmontanis.info\/d\/321480-2\/DSC06866_001.jpg'><img src=http:\/\/ski.inmontanis.info\/d\/321479-3\/DSC06866_001.jpg \/><\/a><br \/>\n^ Lag gestern noch Schnee bis zum Holzzugang, muss man heute etwas \u00fcber Matten, aber man kommt problemlos mit Schwung dr\u00fcber, wenn nicht Leute im Weg stehen, die ihre Skier abschnallen<\/p>\n<p><a href='http:\/\/ski.inmontanis.info\/d\/321484-2\/DSC06867.jpg'><img src=http:\/\/ski.inmontanis.info\/d\/321483-3\/DSC06867.jpg \/><\/a><br \/>\n^ Hier sieht man gut meine beiden Querungs-Varianten (links und rechts) vom Offpistehang entlang der SL zur\u00fcck zur DSB-Abfahrt<\/p>\n<p><a href='http:\/\/ski.inmontanis.info\/d\/321488-2\/DSC06870.jpg'><img src=http:\/\/ski.inmontanis.info\/d\/321487-3\/DSC06870.jpg \/><\/a><br \/>\n^ Meine Offpistespuren im Steilhang unter der DSB<\/p>\n<p><a href='http:\/\/ski.inmontanis.info\/d\/321492-2\/DSC06872_001.jpg'><img src=http:\/\/ski.inmontanis.info\/d\/321491-3\/DSC06872_001.jpg \/><\/a><br \/>\n^ Das Armierungseisen im GW-Trainingsbereich schaut mittlerweile noch mehr raus, aber die Abfahrt ist ja jetzt auch nicht mehr offen<\/p>\n<p><a href='http:\/\/ski.inmontanis.info\/d\/321500-2\/DSC06877.jpg'><img src=http:\/\/ski.inmontanis.info\/d\/321499-3\/DSC06877.jpg \/><\/a><br \/>\n^ Die Bord\u00fcrenfliesen am WC erinnern etwas an den Pistenzustand im Sommer, blauer Gletscher und graubrauner Schnee ;)<\/p>\n<p><a href='http:\/\/ski.inmontanis.info\/d\/321496-2\/ge20230812-15a.jpg'><img src=http:\/\/ski.inmontanis.info\/d\/321495-3\/ge20230812-15a.jpg \/><\/a><br \/>\n^ GPS-Track 12.-15.8.2023<\/p>\n<p>Nach ziemlich genau 2 Stunden an der DSB hab ich aber doch aufgeh\u00f6rt.<\/p>\n<p>Da ich ja morgen einige meiner alten Sachen aus Mutters Keller mit heim nehmen m\u00f6chte, komm ich auf der Heimfahrt also wieder nicht mehr in den K\u00fchlschrank und m\u00fcsste, sofern heut am Feiertag wie sonntags was offen w\u00e4re, die gek\u00fchlten Sachen schon heute einkaufen. Wobei ich in den ca. (mind.) 4 Wochen daheim dann doch wenisgtens einmal zum Einkaufen runter m\u00f6chte, evtl. auch mal ein Nostalgie-Strassenbahn-\/Verkehrsmuseums-Tag in K\u00e4rnten oder Graz einlegen m\u00f6chte.<\/p>\n<p>Vielleicht hab ich dann im September Gl\u00fcck, es schneit in der vorletzten Woche einen halben Meter und der Kasererberich wird zumindest mit der 6KSB am 29. oder 30.9. ge\u00f6ffnet. War zuletzt aber evtl. 2016 der Fall, dass ich mit der kurzen Sommmersaisonkarte noch dort fahren konnte. Ansonsten, reingefahren ist die Karte und wenn ich eh schon Ende Oktober\/Anfang November in Finnland sein will, ist es mir auch egal, ob ich nun noch 5, 10 oder 14 Tage in Hintertux heuer fahre.<\/p>\n<p>Je nach Wetter, Neuschnee und \u00d6ffnungszeiten (Stichwort 13:30 auch an Gondeln+Sesseln zu und nat\u00fcrlich m\u00fcssen auch die SL wieder offen sein), werde ich dann entweder fr\u00fcher oder sp\u00e4ter kommen und wohl nochmals 5-10 Tage bleiben. Urspr\u00fcnglich hatte ich ja ca. 30 Tage auf die Sommmersaisonkarte angedacht, heute war Tag 23, also k\u00f6nnte schaffbar sein, wenn nicht, egal. Bei 30 k\u00e4m ich dann diese Saison auf 180 Skitagen und wenn ich in Finnland im November anfange, k\u00f6nnten es im Kalenderjahr oder in der n\u00e4chsten Saisonperiode vielleicht sogar 200 werden. Wobei Sommerski dann nach Norwegen wegfallen w\u00fcrde, falls ich noch UK fahr (und keine Mattenski dabei hab und die inkludierten Leihski meist M\u00fcll sind).<\/p>\n<p><strong>Mi, 16.8.2023<\/strong><\/p>\n<p>Heute mal via Brenner (und in K\u00e4rnten: via Bad Kleinkirchheim, um die gro\u00dfen St\u00e4dte zu umfahren) heim gefahren, fuhr aber kurz den Umweg zu der einen Gebrauchtwaren\/Flohmarkthalle in Innsbruck vorbei, fand aber nichts, was ich unbedingt h\u00e4tte haben wollen.<\/p>\n<p>Ein paar Supermarktbesuche in Italien, Action in K\u00e4rnten und erst kurz vor daheim in Wolfsberg an einem Imbissstand noch was gekauft. Das soll ein Franke vor einigen Monaten \u00fcbernommen haben und laut Berichten im Internet auch Schaschlick haben (wenn auch leider mit Leber), aber vor Ort war dann kein Schaschlick mehr auf der Tafel ausgezeichnet. Daher die Currywurst mit Pommes um 8,50 oder so genommen und einen kleinen Teil aufgehoben und eingefroren.<\/p>\n<p><a href='http:\/\/extra.inmontanis.info\/d\/100002-2\/DSC06883.jpg'><img src=http:\/\/extra.inmontanis.info\/d\/100001-3\/DSC06883.jpg \/><\/a><br \/>\n^ Blick ins Skigebiet Koralpe<\/p>\n<p><a href='http:\/\/extra.inmontanis.info\/d\/100006-2\/DSC06884.jpg'><img src=http:\/\/extra.inmontanis.info\/d\/100005-3\/DSC06884.jpg \/><\/a><br \/>\n^ Currywurst mit Pommes<\/p>\n<p>Wieder zur Abendd\u00e4mmerung, aber vor 20:30, heimgekommen. Zur Abwechslung mal kein Gestank nach altem Zigarettenrauch, sondern nach dem verbrannten Mikrowellentoast :(<\/p>\n<p>.. und wie \u00fcblich ja wieder mit komplett vollem Auto angekommen, das die n\u00e4chsten Tage noch leer ger\u00e4umt werden muss (wg. geplanter Reinigungs- und Umbauaktionen).<\/p>\n<p><strong>Do, 17.8.2023<\/strong><\/p>\n<p>Zus\u00e4tzlich zu Auto-Ausr\u00e4umen wollte ich heute den Mikrowellenofen gr\u00fcndlich reinigen, in der Hoffung, den Rauchgestank zu tilgen.<\/p>\n<p>Interessanter wird diese Woche die Frage sein, ob mein altes Autoradio noch geht, wieviel Strom es mit den alternativen Boxen verbraucht, ob ich anschlussm\u00e4\u00dfig noch was basteln muss und wohin ich das schlussendlich einbauen werde(n kann).<\/p>\n<p>Und was ich nun auch noch vorhab: etwas von meinen blau lackierten Holzteilen im Auto in gr\u00fcnen Fliesenlook verwandeln ;)<\/p>\n<p><a href='http:\/\/extra.inmontanis.info\/d\/100010-2\/DSC06886.jpg'><img src=http:\/\/extra.inmontanis.info\/d\/100009-3\/DSC06886.jpg \/><\/a><br \/>\n^ Die Wurst ist noch im Auto-K\u00fchlschrank, daher so eine Frischk\u00e4se-Ecke gegessen, bin ja kein Fan davon, mal mit divesen P\u00fclverchen verfeinert, jeweils ein Viertel mit Rosmarin, K\u00fcmmel, norwegisches Pizzapulver und eher italienisches Pizzapulver.<\/p>\n<p>Ich hab nur die Hauptabdeckung von der Mikro entfernt und dort soweit m\u00f6glich geputzt, nicht dagegen zB das Gebl\u00e4se im Hinteren. R\u00fcckwand und Decke sind auch schwer zu reinigen.<\/p>\n<p>Funktionstest: im Mikrowellenbetrieb wird das Testwasser warm und es erfolgt nach 20s auch keine (starke) Rauchentwicklung.<br \/>\nFunktionstest Grill\/Heissluft: schon innerhalb 5 sec starke Rauchentwicklung. Evtl. ist da der Rauch oder das K\u00e4seschinkenfett so extrem eingebrannt, dass man beim reinigen gar nix sauber bekommt?!<\/p>\n<p>Stromkabel von Heizstab abgeklemmt = keine Rauchentwicklung. Dann mal ausgebaut und gereinigt. Ging aber nicht viel weg.<\/p>\n<p><a href='http:\/\/extra.inmontanis.info\/d\/100014-2\/DSC06887.jpg'><img src=http:\/\/extra.inmontanis.info\/d\/100013-3\/DSC06887.jpg \/><\/a><br \/>\n^ Mikrowellenofen, das Teil ist leider sehr schwer<\/p>\n<p>Neue Vermutung: es ist die Decke, die eingebrannt ist und die durch die Heizspirale schnell aufheizt und qualmt.<\/p>\n<p>Decke und R\u00fcckwand ist n\u00e4mlich irgendwie anders, nicht gl\u00e4nzend glatt wie unten und seitlich, sondern dunkel und angeraut,  kann aber sein, dass das schon immer so war und Absicht ist (spezialbeschichteter Kunststoff, keine Ahnung).<\/p>\n<p>Somit auch die Decke besser reinigen k\u00f6nnen, danach 1,5min Testlauf, Heizstab gl\u00fchte wieder und es gab nur noch geringe Rauchentwicklung. Stinken tuts trotzdem noch.<\/p>\n<p>Also f\u00fcr Mikrowellenbetrieb denk ich ist das kein problem, die 20-40sec Milch in der Tasse oder 2-3min abgedecktes Fertiggericht, aber 20min Heissluft f\u00fcr Schnizel\/Pommes\/Pizza w\u00fcrd ich momentan nicht machen, vielleicht bis n\u00e4chstes Jahr wieder besser.<\/p>\n<p>Nach dem Zusammenbau hab ich mir nochmals die untere Platte\/Backblech angesehen und mal testweie mit dem Teppichmesser\/Cutter probiert, ja, den Rand kann bzw. muss man abkratzen! H\u00e4tte ich dann beim Heizstab wohl auch mit dem Messer abkratzen sollen.<\/p>\n<p><a href='http:\/\/extra.inmontanis.info\/d\/100022-2\/DSC06891.jpg'><img src=http:\/\/extra.inmontanis.info\/d\/100021-3\/DSC06891.jpg \/><\/a><br \/>\n^ Backblech vom Mikrowellenofen, das ich nun von der Ru\u00dfschicht abkratze. Gut, dass das kratzfest ist<\/p>\n<p>Sogar auf der Unterseite vom Blech war im \u00e4u\u00dferen Bereich so eine Ru\u00dfschicht, die man abkratzen konnte. Daher noch im Inneren der Mikro R\u00fcckseite und Decke mit Schleifpapier bearbeitet, zumindest ging da auch noch etwas Ru\u00df weg.<\/p>\n<p><a href='http:\/\/extra.inmontanis.info\/d\/100018-2\/DSC06890.jpg'><img src=http:\/\/extra.inmontanis.info\/d\/100017-3\/DSC06890.jpg \/><\/a><br \/>\n^ Ein alter Kinder-Koffer von mir, als \u00d6tztal noch 365 Ski-Tage hatte, die Stubaier ihre alte 6ZUB (und keine Gamsgartenbahn), die Rei\u00dfeckbahn noch fuhr usw&#8230;<\/p>\n<p><a href='http:\/\/extra.inmontanis.info\/d\/100026-2\/DSC06892.jpg'><img src=http:\/\/extra.inmontanis.info\/d\/100025-3\/DSC06892.jpg \/><\/a><br \/>\n^ Das alte Autoradio, das ich nun wieder einbauen m\u00f6chte &#8211; als Surroundanlage im Camperbetrieb<\/p>\n<p>Ladeger\u00e4t als Stromversorgung konfiguriert, dann gibt es nur 12.8V aus. Autoradio zog dann lt. Ladeger\u00e4t 0,9A ohne dass es was abspielte und Lautsprecher angeschlossen w\u00e4ren.<\/p>\n<p>Das Radio hat ja f\u00fcr die Lautsprecher anscheinend  auch Cinchausg\u00e4nge zus\u00e4tzlich zu den Kabeln f\u00fcr Isostecker\/interne Lautsprecher. Also hab ich die LS von meiner anderen Surroundanlage eben dort angeschlossen, weil die einen Cinchanschluss hatten. Der Ton ist allerdings so leise, dass er selbst bei voll aufgedrehter Lautsst\u00e4rke kaum zu h\u00f6ren ist. Alle m\u00f6glichen Einstellungen durchgeschaut und im Handbuch geschaut, aber nix gefunden.<\/p>\n<p>Testweise freifliegend einen der LS mal an einen der &#8220;internen&#8221; Anschl\u00fcsse angeschlossen = so ist der LS lauter. Also wieso funktionieren dannn die Cinchkabel f\u00fcr die Ausg\u00e4nge nicht, wenn sie schon als solche angeschrieben sind (&#8220;Ausgang f\u00fcr vorne links, vorne rechts, hinten links,, hinten rechts&#8221; laut Handbuch, nix weiter steht dabei)?! Soll ich jetzt also die Cinch-Stecker abschneiden von den LS? W\u00e4r doch schade drum, wenn man sie mal wieder br\u00e4uchte!!<\/p>\n<p><strong>Fr, 18.8.2023<\/strong><\/p>\n<p>Heute eigenartige wespenartige Summger\u00e4usche zwischen drau\u00dfen und drinnen. Es gibt ja am Balkon einen Stromanschluss und hinter dem Heizkonvektor gibt es ein Loch mit einem Kabel in der Wand. Ob das von da kommt?<\/p>\n<p>Ich bewaffnete mich also mit dem Insektenspray und spr\u00fchte hin und wieder was hinter die Heizung. Abnehmen um da nachzusehen, wollte ich nat\u00fcrlich auch nicht, bevor mich da irgendein Tier attakiert. Noch unsch\u00f6ner w\u00e4r nat\u00fcrlich, wenn da irgendein Viech Eier ablegen w\u00fcrde (oder hat und jetzt was schl\u00fcpft).<\/p>\n<p>Sp\u00e4ter doch noch die Heizung abgeh\u00e4ngt .. ne, da kommt keine summende M\u00fccke oder Wespe durch das Loch, da klein und schon zugestopft. Derweil keine Ger\u00e4usche.<\/p>\n<p>Nochmals Mikrowellenofen heute reinigen &#8211; das &#8220;Backblech&#8221; nochmals abgekratzt, es ging immer noch einiges an brauner Ru\u00dfschicht weg. Auch die obere+hintere Wand innen nochmals mit gr\u00f6berem Schleifpapier bearbeitet. Nachdem selbst beim Trockenreiben danach mein alter Fetzen dunkelbraun wurde (und das Wasser vom Schwamm-Auswischen zuvor schwarz), geh ich mal davon aus, dass das nach wie vor nicht sauber ist.<\/p>\n<p><a href='http:\/\/extra.inmontanis.info\/d\/100030-2\/DSC06894.jpg'><img src=http:\/\/extra.inmontanis.info\/d\/100029-3\/DSC06894.jpg \/><\/a><br \/>\n^ Dachte ich h\u00e4tte gestern alles abgekratzt, aber nein, da ging heut noch viel weg.<\/p>\n<p>Eine eher braune statt schwarzer So\u00dfe: Porta-Potti-Entleerung und Reinigung, diesmal auch Sp\u00fclwassertank, da beim Sp\u00fclen in letzter Zeit schon Ablagerungen mit durch kamen. Und da kam beim Entleeren so einiges feststoffliches Zeug mit raus, da wuchs wohl auch das eine oder andere Pilzchen oder Pfl\u00e4nzchen &#8230; nach mehrmaligen Ausschwanken vollgef\u00fcllt und Chlorreiniger mit rein. Bzw. hatte ich ja noch das chlorhaltige Entschimmlungsmittel da (das verwend ich nicht im Auto).<\/p>\n<p>Danach meldete sich das Summsummviech wieder. Mit abgebauter Heizung konnte ich das nun anderswo lokalisieren, es scheint irgendwo im Bereich Mauer\/T\u00fcrrahmen zu kommen &#8211; keine Ahnug wo und wie da was rein ist und hoffentlich kommt das auch nicht weiter in die Wohnung und bohrt\/frisst sich durch den Holzrahmen durch &#8230;<\/p>\n<p><a href='http:\/\/extra.inmontanis.info\/d\/100034-2\/DSC06897.jpg'><img src=http:\/\/extra.inmontanis.info\/d\/100033-3\/DSC06897.jpg \/><\/a><br \/>\n^ Hatte 8 St\u00fcck Cinch-Verteiler von 1 auf 2 (warum auch immer), daher 2 zerschnitten, um die 4 Lautsprecher an den Stecker vom Autoradio anzuschlie\u00dfen, aber ist schon viel Zeug, was nun hinten am Radio dranh\u00e4ngt. Zur Not muss ich halt doch die Kabel der Lautsprecher zerschnippeln und direkt dran.<\/p>\n<p>Lautsprecher nun also anders ans Autoradio angeschlossen und Stromverbrauch laut Ladeger\u00e4t\/Netzger\u00e4t angeschaut:<br \/>\n1,1Ah CD abspielend bei &#8220;leiser Zimmerlautsst\u00e4rke&#8221;<br \/>\nca. 1,4Ah etwas lauter (ca. halbe Lautst\u00e4rke laut Volume-Anzeige im Display)<br \/>\nIm Aux-Modus weniger, interssanterweise bis zu einer gewissen Lautst\u00e4rke immer 0,9A.<\/p>\n<p>K\u00f6nnte mir noch eine MP3-CD brennen mit meinen Lieblingsliedern, dann spar ich mir zeitweise den Anschluss des Aux-Kabels ;) W\u00e4r somit auch bei Strom ein\/aus eine Variante, aber bei dem erh\u00f6hten Stromverbrauch des CD-Laufwerks auch nur unter Umst\u00e4nden sinnvoll, z.B. seltene Benutzung bei Stromsparung. CD-LW geht auch hochformatig.<\/p>\n<p><a href='http:\/\/extra.inmontanis.info\/d\/100038-2\/DSC06898.jpg'><img src=http:\/\/extra.inmontanis.info\/d\/100037-3\/DSC06898.jpg \/><\/a><br \/>\n^ Das alte Autoradio k\u00f6nnte man auch hochformatig einbauen, falls mir das platzm\u00e4\u00dfig besser taugen sollte&#8230;<\/p>\n<p>Bl\u00f6d ist allerdings, dass die Einstellungen ohne Strom gar nicht gespeichert werden und man alles neu einstellen m\u00fcsste.<br \/>\n.. Displayeinstellungen, naja egal<br \/>\n.. Audioeinstellungen, wie SRS-Wow, schon nerviger<br \/>\n.. Audioeinstellungen, wie Links\/Rechts\/Vorne\/Hinten-Position, sehr nervig<br \/>\n.. Aux-Eingang aktiveren via Hauptmen\u00fc (standardm\u00e4\u00dfig deaktiviert) auch sehr nervig<\/p>\n<p>Halt die Frage, wieviel Strom das Ger\u00e4t im ausgeschalteten Standby zieht. Das kann ich momentan ja noch nicht messen.<\/p>\n<p>Ich h\u00e4tte also folgende M\u00f6glichkeiten:<\/p>\n<p>a) ich bau einen Schalter ein, der den Strom f\u00fcr Dauerplus und Z\u00fcndung schaltet -> kein Stromverbrauch im ausgeschalteten Modus, aber Einstellungen werden vergessen bzw. ich m\u00fcsste das Radio am Ger\u00e4t aus\/einschalten (langer Klick auf eine Taste zum Ausschalten = bissl umst\u00e4ndlicher), wenn ich will, dass sich die Einstellungen gemerkt werden; wenn ich den Schalter mal versehentlich verwende = Einstellungen weg.<\/p>\n<p>b) ich bau einen Schalter ein, der den Strom f\u00fcr Z\u00fcndung schaltert und leg Dauerplus ohne Schalter auf die Batterie -> durchgehend Stromverbrauch im ausgeschalteten Modus (bis Batterie leer), ein\/ausschaltbar schnell&#038;einfach via Schalter anstatt am Ger\u00e4t.<\/p>\n<p>c) ich bau 2 Schalter (oder einen kombinierten Schalter) ein, einen f\u00fcr Dauerplus und einen f\u00fcr Z\u00fcndung -> dann kann ich zwar gezielter via Schalter aus\/einschalten, aber nur, wenn ich die beiden (Stellungen) nicht hin und wieder verwechsel und mich dann \u00e4rger ;)<\/p>\n<p>Den &#8220;braunen&#8221; Tag abgeschlossen hat ein faschiertes Laibchen mit Sauerbratenso\u00dfe .. schmeckt aber nicht sonderlich brauchbar.<\/p>\n<p>(19.8.)<\/p>\n<p>Nach langer Ruhe fing nach 9 Uhr wieder das Gesumme an. Diesmal hab ich die Balkont\u00fcr aufgemacht und es summte weiter. Nicht wirklich feststellen k\u00f6nnen, ob es nun vom Rahmen links oder von der T\u00fcr rechts kam bis dann irgendwann so ein Vieh von unter der T\u00fcr rausgeflogen kommt- und zum Gl\u00fcck nach drau\u00dfen entfloh. Und zwar flog das etwas zerzaust aussehende Tier so schnell und so geradlinig weg, wie ich es von so einem wespen-oder-was-auch-immer-artigen Getier noch nicht gesehen hab.<\/p>\n<p>Um 16 Uhr fing das Summen wieder an. Hei\u00dft das, dass da ein Nest o.\u00e4. unten an der T\u00fcr \/ im T\u00fcrrahmen bzw. zwischen den H\u00e4lften (aber unterhalb) der Doppelverglasung ist?? Hab allerdings heut fr\u00fch mit dem Spiegel versucht mir das von unten anzusehen und nicht wirklich was gefunden, das wie ein Loch o.\u00e4. aussehen w\u00fcrde. Der Spalt zwischen der Doppelverglasung dagegen ist im unteren Bereich schon recht breit, dort hinauf ist aber noch nichts geflogen. Die Verglasung selbst hab ich jetzt mal nicht ge\u00f6ffnet, bevor mich da ein Schwarm anf\u00e4llt oder ich dann das Nest in der Wohnung hab. Andererseits wird&#8217;s noch unlustiger, falls die sich durch das Holz in die falsche Richtung fressen sollten. Vorsichtshalber mal einen alten Vorhang auf den Boden vor die T\u00fcr gelegt, eine hoffentlich weitere Barriere f\u00fcr den Fall&#8230;<\/p>\n<p>&#8212;<br \/>\nThema Politik ..<\/p>\n<p>\u00dcber das deutsche Grundgesetz:<br \/>\n<a href='https:\/\/www.anti-spiegel.ru\/2023\/vielsagende-passagen-in-der-erklaerung-von-bundespraesident-steinmeier\/'>https:\/\/www.anti-spiegel.ru\/2023\/vielsagende-passagen-in-der-erklaerung-von-bundespraesident-steinmeier\/<\/a><\/p>\n<p>&#8220;Die NATO arbeitet an der Errichtung einer Meinungs- und Gedankendiktatur, die Aldous Huxleys \u201esch\u00f6ner neuer Welt\u201c in nichts nachstehen soll. Freie Meinungsbildung und ein freier Wille haben darin endg\u00fcltig ausgedient,&#8221;<br \/>\n<a href='https:\/\/www.nachdenkseiten.de\/?p=102338'>https:\/\/www.nachdenkseiten.de\/?p=102338<\/a><\/p>\n<p>Und:<br \/>\n<a href='https:\/\/tkp.at\/2023\/08\/11\/top-klimaforscherin-krise-einer-globalen-erwaermung-ist-eine-erfindung\/'>https:\/\/tkp.at\/2023\/08\/11\/top-klimaforscherin-krise-einer-globalen-erwaermung-ist-eine-erfindung\/<\/a><\/p>\n","protected":false},"excerpt":{"rendered":"<p>So, 13.8.2023<\/p>\n<p>Nach dem vielen n\u00e4chtlichen Regen war meine Erwartung heute gering. War dann fr\u00fch doch nicht so matschig, aber nach 11 Uhr doch sehr, dass ich schon nach 12 Uhr aufh\u00f6ren wollte. Doch nochmals den GW-SL gefahren und dabei ein St\u00fcck Armierungseisen(??) im Eis rausstehen sehen, daher nochmals gefahren und fotografiert. Liftler meinte, sie <a href=\"http:\/\/blog.inmontanis.info\/?p=9418\">[&#8230;]<\/a><\/p>\n","protected":false},"author":1,"featured_media":9422,"comment_status":"closed","ping_status":"closed","sticky":false,"template":"","format":"standard","meta":{"footnotes":""},"categories":[246,13,28],"tags":[38,54,90,47],"class_list":["post-9418","post","type-post","status-publish","format-standard","has-post-thumbnail","hentry","category-hintertux","category-austria","category-skifahren-sommer","tag-dsb","tag-gletschervergleich","tag-infrarot","tag-sl","odd"],"_links":{"self":[{"href":"http:\/\/blog.inmontanis.info\/index.php?rest_route=\/wp\/v2\/posts\/9418","targetHints":{"allow":["GET"]}}],"collection":[{"href":"http:\/\/blog.inmontanis.info\/index.php?rest_route=\/wp\/v2\/posts"}],"about":[{"href":"http:\/\/blog.inmontanis.info\/index.php?rest_route=\/wp\/v2\/types\/post"}],"author":[{"embeddable":true,"href":"http:\/\/blog.inmontanis.info\/index.php?rest_route=\/wp\/v2\/users\/1"}],"replies":[{"embeddable":true,"href":"http:\/\/blog.inmontanis.info\/index.php?rest_route=%2Fwp%2Fv2%2Fcomments&post=9418"}],"version-history":[{"count":5,"href":"http:\/\/blog.inmontanis.info\/index.php?rest_route=\/wp\/v2\/posts\/9418\/revisions"}],"predecessor-version":[{"id":9424,"href":"http:\/\/blog.inmontanis.info\/index.php?rest_route=\/wp\/v2\/posts\/9418\/revisions\/9424"}],"wp:featuredmedia":[{"embeddable":true,"href":"http:\/\/blog.inmontanis.info\/index.php?rest_route=\/wp\/v2\/media\/9422"}],"wp:attachment":[{"href":"http:\/\/blog.inmontanis.info\/index.php?rest_route=%2Fwp%2Fv2%2Fmedia&parent=9418"}],"wp:term":[{"taxonomy":"category","embeddable":true,"href":"http:\/\/blog.inmontanis.info\/index.php?rest_route=%2Fwp%2Fv2%2Fcategories&post=9418"},{"taxonomy":"post_tag","embeddable":true,"href":"http:\/\/blog.inmontanis.info\/index.php?rest_route=%2Fwp%2Fv2%2Ftags&post=9418"}],"curies":[{"name":"wp","href":"https:\/\/api.w.org\/{rel}","templated":true}]}}