{"id":9407,"date":"2023-08-09T22:19:59","date_gmt":"2023-08-09T20:19:59","guid":{"rendered":"http:\/\/blog.inmontanis.info\/?p=9407"},"modified":"2023-08-09T22:19:59","modified_gmt":"2023-08-09T20:19:59","slug":"anderungen-im-blog-kochen-lichterketten-reisevorbereitungen-auto-30-7-9-8-2023","status":"publish","type":"post","link":"http:\/\/blog.inmontanis.info\/?p=9407","title":{"rendered":"\u00c4nderungen im Blog; Kochen, Lichterketten, Reisevorbereitungen\/Auto, &#8230; 30.7.-9.8.2023"},"content":{"rendered":"<p><strong>So, 30.7.2023<\/strong><\/p>\n<p>Irgendwie dr\u00e4ngt mich das Fernweh ja auch schon wieder, bin aber ja nun seit 2 Wochen Stubenhocker und gehe nur vielleicht 1x am Tag zum Postler oder Auto runter. Falls das mit den Skitagen Mitte August in Hintertux nix werden sollte, werd ich ja eh mal zum Einkaufen runter fahren m\u00fcssen. Oder ich schau mal, was es in Slowenien zu kaufen gibt.. Je nach W\u00e4rme dann. Das wird zwar beides nicht mein Fernweh stillen, da ich auch keine Nacht im Auto geplant h\u00e4tte, aber zumindest mal etwas Abwechslung sein.<\/p>\n<p>Hatte mich gestern noch entschlossen, dass ich die Schr\u00e4nke in der Wohnung auch noch Gr\u00fcn+Braun streichen m\u00f6chte, wobei das Braun auf einen anderen Besuchtszeitraum verschoben wird. Fing heute mit Gr\u00fcn an und hab testweise mal etwas von dem Glitterstaub hinzugef\u00fcgt. Schien sich allerdings kaum vermischt zu haben, sondern blieb eher am Boden der Farbschale.<\/p>\n<p>Wieder eigenartig, wie hell die Farbe dort zu sein scheint im Vergleich zur Wand, selbst wenn man die Farbe direkt draufgibt bzw. beim 2. Anstrich, bleibt es ein hellerer, anderer Gr\u00fcnton.<\/p>\n<p><a href='http:\/\/extra.inmontanis.info\/d\/99906-2\/DSC06653.jpg'><img src=http:\/\/extra.inmontanis.info\/d\/99905-3\/DSC06653.jpg \/><\/a><br \/>\n^ Wand und Schrank soll beides Moosgr\u00fcn auf Basis RAL 6005 sein. Sehr unterschiedlich!<\/p>\n<p><strong>Mo, 31.7.2023<\/strong><\/p>\n<p>Heut endlich mal getestet, meine 3 Gr\u00fcnfarben, die sich alle &#8220;RAL 6005 Moosgr\u00fcn&#8221; bezeichnen. Das ist ja schon eine Unversch\u00e4mtheit bei den Unterschieden. Jedenfalls hatte ich gestern f\u00fcr die Schr\u00e4nke ja wieder  gemischt und zwar den &#8220;Hybridlack Matt&#8221; + &#8220;Fliesenlack Hochglanz&#8221;, weil ich von dem ja noch so viel \u00fcbrig hab und ich die Schr\u00e4nkchen gerne gl\u00e4nzender haben wollte.<\/p>\n<p>Heute hab ich nun an dem einen Schrank hinterm Spiegel die 3 Farben mal einzeln getestet mit einem Pinsel, also recht dicker Farbauftrag. <\/p>\n<p>&#8211; die Wandfarbe ist am farblosesten und dunkelsten (oben)<br \/>\n&#8211; der Fliesenlack ist am hellsten und gr\u00fcnsten (rechts unten)<br \/>\n&#8211; der Hybridlack ist dazwischen (links unten)<\/p>\n<p><a href='http:\/\/extra.inmontanis.info\/d\/99910-2\/DSC06658.jpg'><img src=http:\/\/extra.inmontanis.info\/d\/99909-3\/DSC06658.jpg \/><\/a><br \/>\n^<br \/>\nWobei es hier weit weniger Unterschiede gibt als zwischen Schrank und Wand, aber das liegt evtl. an der Mischung der beiden Lacke gestern und vielleicht auch am Hintergrund, weil die Schrankr\u00fcckseite sehr rau ist, die Seiten aber sehr glatt sind. Oder ist doch der Glanzgrad der Grund f\u00fcr den Farbunterschied? H\u00e4tte ich vielleicht etwas von dem Hochglanzfliesenlack in die Wandfarbe sch\u00fctten sollen?<\/p>\n<p><a href='http:\/\/extra.inmontanis.info\/d\/99914-2\/DSC06657.jpg'><img src=http:\/\/extra.inmontanis.info\/d\/99913-3\/DSC06657.jpg \/><\/a><br \/>\n^ krasserer Unterschied auf glatten Oberfl\u00e4chen zwischen Matt-  und Glanzfarbe, der schmale Strich unter dem unlackierten braunen Bereich ist die Wandfarbe, darunter eine Mischung der beiden Matt\/Glanz-Lacke<\/p>\n<p>Farben sind umger\u00fchrt, vielleicht nicht immer 100%, keine Ahnung. Nicht richtig durchger\u00fchrt hatte ich wohl die erste H\u00e4lfte des Blaulacks, mit dem ich die T\u00fcren hier vor einiger Zeit lackiert hatte &#8211; denn der alte Anstrich ist wesentlich dunkler als das, was jetzt aus der Farbdose kommt.  Wobei die jetzige Farbe eher dem Soll &#8220;Enzianblau&#8221; enspricht als das vorherige, vielleicht aber nun etwas zu hell.<\/p>\n<p>Die abgepackte Spar-Schokowaffel 30 Sekunden in die Mikrowelle (dann wird sie weicher+saftiger, zuvor n\u00e4mlich recht trocken) und Sahne dazu = sehr lecker:<\/p>\n<p><a href='http:\/\/extra.inmontanis.info\/d\/99918-2\/DSC06661.jpg'><img src=http:\/\/extra.inmontanis.info\/d\/99917-3\/DSC06661.jpg \/><\/a><\/p>\n<p>Was die &#8220;Doppelbrille&#8221; angeht, heute den 3. Tag tragend .. ich wei\u00df nicht, es \u00fcberzeugt nicht. So h\u00e4ufig schaut man dann in die falsche Richtung, bevor man die Lesebrille rauf- oder runterklappt, somit das Bild unscharf wird, somit man ein bl\u00f6des Gef\u00fchl im Kopf kriegt. Beide in Verwendung hei\u00dft auch Blick durch doppelt so verschmutzte Gl\u00e4ser. Und hunderte Male rauf\/runterklappen am Tag. Ja, es ist sch\u00f6ner, wenn man den PC- und Handy-Bildschirm wieder sch\u00e4rfer sieht. <\/p>\n<p><a href='http:\/\/extra.inmontanis.info\/d\/99922-2\/DSC06662.jpg'><img src=http:\/\/extra.inmontanis.info\/d\/99921-3\/DSC06662.jpg \/><\/a><br \/>\n^ auf normaler Brille aufsteckbare rauf\/runterklappbare Lesebrille. Leider hab ich die Lesebrille sehr schief auf den Klappmechanismus geklebt (also muss ich sie schief aufstecken, damit sie, wie hier im Bild, gerade ist), aber man hat halt nur 2 H\u00e4nde und eine h\u00e4lt die Hei\u00dfklebepistole&#8230; vorher mit normalen Allzweckkleber war ich gerade, aber der hielt gar nicht.<\/p>\n<p>Man k\u00f6nnte nat\u00fcrlich die Lesegl\u00e4ser direkt ankleben; die Sonnengl\u00e4ser fr\u00fcher waren ja auch ohne Rahmen an dem Halter, allerdings genietet oder so. Allerdings wollte ich mir die M\u00f6glichkeit ja nicht verbauen, die Klebestelle wieder zu entfernen und die B\u00fcgel wieder anzuschrauben.<\/p>\n<p>Aber in Summe find ich es ganz ohne Brille wohl doch angenehmer, so lang ich den Bildschirm noch entziffern kann, bzw. dann die meiste Zeit ohne Brille und nur beim Blick aus dem Fenster oder Rumgehen in der Wohnung die Fernbrille anziehen, die sonst oben am Kopf ist. \u00dcbrigens, w\u00e4hrend mein rechtes Auge bei der Fernsicht besser sieht, ist es bei der Nahsicht umgekehrt. Die Fernbrille ist derzeit links -0,75, rechts -0,25, daher bei Sonnenschein nicht n\u00f6tig. Die Lesebrille ist +1\/+1. <\/p>\n<p>Die USB-Lichterkette ist gekommen, die ich f\u00fcr&#8217;s Auto angedacht hatte.<\/p>\n<p>Sie kann zwar viel mehr als die, die ich daheim installiert hab, aber nicht das, was ich anhand der Symbole+Aufschriften auf der Fernbedienung erwartet h\u00e4tte. So kann man z.B. zig verschiedene Effekte ausw\u00e4hlen, insbesondere mit der App und Bluetooth, man kann sogar jede einzelne LED einzeln steuern in Helligkeit und Farbe (oder ganz aus), man kann das in der App auch sch\u00f6n abspeichern, aber man kann anscheinend nicht die Modi \u00e4ndern, die man via Fernbedienung erreicht. D.h. von der App zum LED-Controller geschickt, dann auf der Fernbedienung einen anderen Modus aktiviert und man kommt via Fernbedienung nicht wieder zum eigenen Modus aus der App zur\u00fcck &#8211; nur wieder via App.<\/p>\n<p>Wie gesagt sind auch die Tasten auf der Fernbedienung nicht so wie erwartet, so g\u00e4be es eine Mode1, eine Mode2 Taste sowie 2 Tasten, die wie eine manuelle RGB-Steuerung ausschauen. Aber die sind alle mit vorbelegten Lichteffekten belegt.<\/p>\n<p>Wie schon erw\u00e4hnt, m\u00f6chte ich f\u00fcr nachts\/morgens nur ein minimales Rot, abends ggf. einen netten bunten Effekt, aber auch mal ein helles Wei\u00df und dazu nicht ewig lang oder 10x auf die Helligkeitstasten dr\u00fccken m\u00fcssen.<\/p>\n<p>Noch nerviger: Wenn man den USB-Strom kappt und wieder aktiviert, dann leuchtet die Lichterkette gleich mit einem Standardeffektzyklus in bestimmter Helligkeit, anstatt mit der zuvor verwendeten Einstellung. Aufgrund Standby-Verbrauch hatte ich die LED-Lichter auf einen eigenen Schalter gelegt, um das 12V-auf-USB-Netzteil und die LED-USB-Adapter tags\u00fcber komplett vom Netz zu trennen. <\/p>\n<p>Da der Fernbedienungsempf\u00e4nger auf dem USB-Stick ist, wird die Fernbedienung vmtl. im Auto auch schlecht funktionieren, wenn ich das Teil unterm Bett einbaue, anstatt bei den aktuellen LED-Strips, deren Fernbedienungsempf\u00e4nger immer ein kurzes Kabel haben, das vom Netzteil abgeht und man somit etwas nach au\u00dfen einklemmen kann, was aber auch nicht immer so geil funktioniert..<\/p>\n<p>Was also tun, behalten oder r\u00fccksenden? H\u00e4tte ich mir die andere kaufen sollen, die ich alternativ rausgesucht hatte? Soll ich noch eine andere kaufen und dann sp\u00e4ter entscheiden?<\/p>\n<p>(Das Problem mit den LED-Strips, wie ich sie jetzt im Auto hab, dass sie schwer um Ecken und Kurven zu legen sind, die Eck-Kreuz- und Dreiwege-Verteiler immer wieder Fehlfunktionen haben etc. Der kurze am Dachhimmel zur Beleuchtung insb. beim Kochen passt in der Hinsicht, hat aber eben nur eine kleine Fernbedienung ohne die Do-It-Yourself-Modi und daher auch nicht als Bedarfs-Nachtlicht verwendbar.)<\/p>\n<p>Hab gestern angefangen, auf meinem Blog f\u00fcr alle Skigebiete eine eigene Kategorie (oder teilweise mehr Skigebiete in eine Region) unter dem jeweiligen Land anzulegen, um ein vern\u00fcnftiges Inhaltsverzeichnis zu bekommen (schon allein das eine mehrst\u00fcndige mal mehrt\u00e4gige Arbeit, Kategorie anlegen und bei vielleicht 1.500 Berichten setzen) + das dann in der Statistik vergleichen, um die fehlenden Berichte online stellen zu k\u00f6nnen&#8230;. so ist das, wenn man es nicht gleich von Anfang an richtig macht &#8230;<\/p>\n<p><strong>Di, 1.8.2023<\/strong><\/p>\n<p>Heut stand mal eine Reinigung der K\u00fcche am Plan, samt Umstellen Toaster und Sodastreamger\u00e4t. Ebenfalls gewechselt: den in K\u00e4rnten vorgeschriebenen Feuermelder. Mit 10-Jahres-Batterie stand &#8220;ca. Dez. 2023&#8221; drauf, wobei die Batterien bei kalten Temperaturen weniger lang haltbar sein sollen und man will ja nicht, dass das Ger\u00e4t mit dem Low-Battery-Warnton losgeht, wenn man nicht da ist.<\/p>\n<p>Auf der Suche in meinen Unterlagen, ob ich den Tausch der Hausverwaltung mitteilen muss (anscheinend nicht, Eigent\u00fcmer ist selbst verantwortlich laut einem Blatt) hab ich mir auch mal den Energieausweis vom Haus n\u00e4her angesehen. Demnach wurde die Lage hier mit 365 Heiztagen pro Jahr kalkuliert (um auf 20\u00b0 Innentemperatur zu kommen). Das mag vielleicht 2011, als das erstellt wurde, im Blick auf die Vergangenheit, etwas gerechtfertigt sein, f\u00fcr den Hausflur d\u00fcrfte das wohl auch noch zutreffen. In den Wohnungen, sofern man sich dauerhaft aufhalten w\u00fcrde, ist das im Sommer doch eher quatsch, auch zumal die meisten Wohnungen nur s\u00fcdseitig liegen und von der Nordseite mit dem Treppenhaus\/flur abgeschirmt sind. <\/p>\n<p>Auch angefangen hab ich mit den Vorplanungen f\u00fcr die Winterreise. Wo liegen die Saisonkartengebiete (bisher anscheinend 2 dazu gekommen n\u00e4chsten Winter), zu welcher Zeit sollte man m\u00f6glichst dort sein, wie schauts mit den Campingpl\u00e4tzen aus, fahr ich lieber einmal ganz rauf, dann wieder runter, dann wieder rauf oder nur langsam rauf &#8211; beides hat Vor- und Nachteile und es wird ganz schwierig werden, dass ich mich da entscheiden kann; fahr ich Russland oder nicht (in dem Fall m\u00fcsste ich ggf. ja Visum vorher beantragen, ggf. Versicherungen besorgen und somit entsprechend einen gewissen Zeitraum festlegen, wann ich in RU sein m\u00f6chte), &#8230;<\/p>\n<p>\u00dcberhaupt w\u00e4rs km-m\u00e4\u00dfig ja sinnvoller, nach dem Service in Tirol gleich nach Norden zu fahren, dann k\u00f6nnte ich in Skandinavien ca. 600km mehr verfahren bis zum n\u00e4chsten Service. Angedacht hatte ich ja Service jetzt im Oktober nach Hintertux, dann nochmals ca. 1 Monat heim, dann los. km-m\u00e4\u00dfig reicht auch noch, wenn ich kein Service im Oktober mach und stattdessen im November \u00fcber Tirol fahr? Bl\u00f6d w\u00e4rs dann halt, wenn was zu ersetzen w\u00e4re, was mehrere Wochen Lieferzeit h\u00e4tte; F\u00e4hre k\u00f6nnt ich dann nicht so spontan buchen. Au\u00dferdem m\u00fcsst ich dann heuer noch 3x nach Tirol (und 2x zur\u00fcck) fahren, auch keine Lust drauf.<\/p>\n<p>Au\u00dfer ich w\u00fcrd wie im Juli 1x nur bis Hintertux und retour fahren, statt zus\u00e4tzlich noch bis Innsbruck\/Telfs, w\u00e4r etwas angenehmer. Sicherlich, 600km mehr oder weniger sind nicht viel, wenn&#8217;s um eine halbj\u00e4hrige Skandinavienreise geht .. aber k\u00f6nnen zum Saisonende hin entscheidend sein, was man noch mitnehmen kann und was nicht, z.B. falls ich zuvor doch bestimmte Skigebiete Lofoten, Nordkapp und noch Russland anfahren m\u00f6chte.<\/p>\n<p>Alternative w\u00e4r nat\u00fcrlich auch, gleich Mitte Oktober loszufahren. Aber was mach ich so fr\u00fch schon auf der Reise, geht skim\u00e4\u00dfig ja auch noch nix au\u00dfer mit gro\u00dfen Umwegen, NO-Gletscher oder finnisch-Lappland wie Ruka und Levi, die ja schon im Oktober oder so starten &#8211; so fr\u00fch so weit im eiskalten Norden bringt mir ja gar nix, weil die Skigebiete, die ich ansonsten dort oben noch besuchen m\u00f6chte, ja teils auch erst im Jan\/Feb aufsperren.<br \/>\n.. und selbst wenn ich nicht so weit rauf fahre, werd ich wohl auch schnell die 600km wieder irgendwo anders verfahren haben .. aber eben, wohin, es ist im November ja schon recht kalt, man br\u00e4uchte ggf. schon Campingpl\u00e4tze f\u00fcr Strom oder muss l\u00e4nger Autofahren &#8230;<\/p>\n<p><strong>Mi, 2.8.2023<\/strong><\/p>\n<p>In Russland wurde gestern e-Visa eingef\u00fchrt, damit kommt man schneller und leichter zum Visum, um in Russland einzureisen. Leider gilt das nur f\u00fcr bestimmte Grenz\u00fcbertritte, wovon im Murmansker Gebiet (das f\u00fcr mich im Winter relevant w\u00e4re) leider keiner zu sein scheint:<br \/>\nhttps:\/\/electronic-visa.kdmid.ru\/checkpoint_en.html<br \/>\n.. die n\u00f6rdlichste Grenzstation d\u00fcrfte Vartius-Lyuttya sein, ca. in H\u00f6he Oulu, was ggf. in einer Richtung ja hilfreich w\u00e4re, lt. Richtlinien darf man aber auch beim Verlassen der RF nur diese Grenz\u00fcberg\u00e4nge verwenden. Kann nat\u00fcrlich sein, dass es bis M\u00e4rz\/April noch weitere Grenzstationen gibt &#8230; und naja, eine M\u00f6glichkeit w\u00e4rs ja vielleicht trotzdem, dann kann man jedenfalls spontan entscheiden und ich muss nicht jetzt schon im September \u00fcberlegen f\u00fcr wann ich das Visum datieren m\u00f6chte. Wobei GMaps ausgerechnet diesen Grenz\u00fcbergang nicht f\u00fcr eine Route nehmen m\u00f6chte und lieber auf einen anderen weiter n\u00f6rdlich \u00e4ndert &#8230; nicht dass der nur f\u00fcr Finnen ist?!<\/p>\n<p>Konnte gestern stundenlang nicht einschlafen, nicht nur wg. kalter F\u00fc\u00dfe, sondern auch wg. \u00dcberlegungen \/ Reiseplanungen.<\/p>\n<p>z.B. hatte ich ja bisher meine Induktionskochplatte dabei samt Topf und Pfanne &#8211; damit konnte ich quasi alles machen, Pizza \/ Nuggets\/Schnitzel\/Pommes auf der Pfanne oder Pasta\/Kartoffegerichte\/Fertiggerichte im Topf.<\/p>\n<p>Nachteilig an dem Induktionskochfeld ist aber ja, dass es selbst bei meiner \u00fcblichen Einstellung 200\/400 (max. mal 600) Watt immer mit 1000W pulsiert, d.h. sekundenweise an\/aus\/an\/aus und das ist vmtl. f\u00fcr die Batterie (trotz LiFePo4) anstrengender als 400W Dauerleistung, insb. vmtl. wenn die leerer oder k\u00e4lter ist. <\/p>\n<p>Zuletzt hatte ich ja den fast etwas zu kleinen (nur 1,2l vs. ca. 1,6l bei meinem o.g. Topf!) chinesischen Elektrokochtopf dabei, der direkt angeschlossen 500W zieht, was auch fast etwas viel ist, zudem ist er nicht so sch\u00f6n antihaftbeschichtet, aber grundlegend hatte ich das Gef\u00fchl, dass ich damit weniger Strom brauch, um z.B. Nudeln zu kochen oder ein kleines Fertiggericht zu erw\u00e4rmen. Bei gr\u00f6\u00dferen Fertiggerichten brennt das Zeug bzw. die Sauce unten zu schnell an als dass der obere Berich warm wird.<\/p>\n<p>Ich meine, ich hatte damals extra den mit 2-Stufen-Schalter bestellt, dann aber doch nur den bekommen mit ein\/aus, aber dann doch behalten. Bei den letzten Verwendungen hab ich also den Schalter hin und wieder ausgeschaltet und dann quasi erst mal mit der Restw\u00e4rme ein St\u00fcck weit erhitzt und auch damit So\u00dfe\/Zeug nicht zu sehr anbrennt.<\/p>\n<p>Wenn ich am Campingplatz steh, ist das mit dem Stromverbrauch eh egal und wenn ich frei stehe, kann ich nat\u00fcrlich auch kalt essen bzw. zieht ja Standheizung und PC &#038; Co eh mehr Strom als das bisschen Essenw\u00e4rmen.<\/p>\n<p>Weniger Platz w\u00fcrde nat\u00fcrlich der E-Kochtopf brauchen, so dass man ggf. noch ein zweites Ger\u00e4t mitnehmen k\u00f6nnte. Oder eine etwas gr\u00f6\u00dfere Variante kaufen k\u00f6nnte.<\/p>\n<p>Vorhanden w\u00e4re bei mir so ein alter Klapp-Grilltoaster (Auf der Anleitung steht 1967, schon mal erw\u00e4hnt), mit dem man ja auch nicht nur Toasts machen kann, aber f\u00fcr Pommes, Schnitzel oder selbst so eine schwedische Pfannenpizza wirds wohl schwierig sein; zudem hatte ich fr\u00fcher (Kindheit\/Jugend) nicht das Gef\u00fchl, dass die Antihaftbeschichtung sonderlich gut w\u00e4re. Ob es ein neueres, kleineres, besseres Ger\u00e4t g\u00e4be und was das aktuelle an Strom verbrauchen w\u00fcrde, m\u00fcsste man sich anschauen .. aktuell: 540W lt. Messger\u00e4t, 460W laut Boden.<\/p>\n<p>Alternativ h\u00e4tte ich auch diesen kleinen Raclette-Grill, der leider auch immer recht m\u00fcllig war, auch weil zu schlechte Antihaftbeschichtung, aber insbesondere, weil mir die Heizspirale zu stark vorkam, das Zeug verbrannte schnell und war nicht warm\/durch, weil, wie die anderen 2 genannten Ger\u00e4te, nur ein\/aus, keine Leistungseinstellung m\u00f6glich ist. Vorteilhaft w\u00e4re nat\u00fcrlich, dass man oben und unten was aufw\u00e4rmen kann, d.h. man verwendet beide Seiten der Heizspirale und k\u00f6nnte so stromsparender sein. F\u00fcr Schnitzel\/Pommes\/Pizza wird die Fl\u00e4che trotzdem arg klein sein &#8230; Mit 330W aber trotzdem das schw\u00e4chste Ger\u00e4t meiner Liste = Vorteil.<\/p>\n<p><a href='http:\/\/extra.inmontanis.info\/d\/99926-2\/DSC06681.jpg'><img src=http:\/\/extra.inmontanis.info\/d\/99925-3\/DSC06681.jpg \/><\/a><br \/>\n^ M\u00f6gliche Kochutensilien f\u00fcr unterwegs, links das bei den letzten Reisen verwendete Induktionskochfeld plus Topf plus Pfanne; mittig hinten der kleine elektrische Chinakochtopf, davor das Mini-Raclett, rechts der Grilltoaster<\/p>\n<p><a href='http:\/\/extra.inmontanis.info\/d\/99930-2\/DSC06682.jpg'><img src=http:\/\/extra.inmontanis.info\/d\/99929-3\/DSC06682.jpg \/><\/a><br \/>\n^ Inter-Presto Grill-Toaster<\/p>\n<p><a href='http:\/\/extra.inmontanis.info\/d\/99934-2\/DSC06683.jpg'><img src=http:\/\/extra.inmontanis.info\/d\/99933-3\/DSC06683.jpg \/><\/a><br \/>\n^ Inter-Presto Grill-Toaster<\/p>\n<p><a href='http:\/\/extra.inmontanis.info\/d\/99938-2\/DSC06685.jpg'><img src=http:\/\/extra.inmontanis.info\/d\/99937-3\/DSC06685.jpg \/><\/a><br \/>\n^ Inter-Presto Grill-Toaster<\/p>\n<p>.. ob das alte Teil allerdings holprige Autofahrten \u00fcbersteht oder irgendwann dann gef\u00e4hrliche 230V am Metallgeh\u00e4use liegen &#8230;<\/p>\n<p>Welches von den beiden Toaster\/Raclette w\u00e4re also universeller zu verwenden? Austesten w\u00fcrd ich ja beides gern, was ich alles damit machen kann und wie es mir dann taugt..<\/p>\n<p>Ich schaute also mal auf Amazon, was es heutzutage sonst noch g\u00e4be. Elektrische Pfanne? Pizzaofen? Kleiner Grill? <\/p>\n<p>Pizzaofen w\u00e4r nat\u00fcrlich praktisch, auch so klappbar wie der Grilltoaster, aber eben gro\u00df genug f\u00fcr eine Pizza &#8212; eben viel  zu gro\u00df und mit 1200-1800W auch viel zu stark.<\/p>\n<p>Elektropfannen gibt&#8217;s auch, in verschiedenen Gr\u00f6\u00dfen, d.h. aber gro\u00df, extragro\u00df, riesengro\u00df. Ok, f\u00fcr Pizza m\u00fcsste das ja dann gro\u00df sein, weil die nicht so flach sind wie meine, aber so viel Platz hab ich daf\u00fcr nicht. Und auch 1500-1800W stark, allerdings regelbar und hoffentlich nicht pulsierend. Als flache Crepe-Versionen schw\u00e4cher, daf\u00fcr oft nur ein\/aus.<\/p>\n<p>Find nix, was mich \u00fcberzeugen w\u00fcrde. Also mit den 4 Ger\u00e4ten, die ich hab, auskommen &#8211; und mich f\u00fcr eines bzw. zwei entscheiden &#8230; daher also mal daheim noch etwas testen die alten Sachen. Nur womit. N\u00fcrnberger Bratw\u00fcrstchen passen auch in den Topf, Berner W\u00fcrstl sind f\u00fcr alles zu gro\u00df und die klassisch-schwedische rechteckige kleine Pfannenpizza gibts ja eh nicht bei uns.<\/p>\n<p>Da denk ich noch &#8220;naja, Toast, Schinken-K\u00e4se-Toast oder K\u00f6ttbullar-Toast, wie auch immer .. wenn ich untertags eh irgendwas weizenm\u00e4\u00dfiges (Hotdogbrot etc.) mit Wurst\/Schinken\/K\u00e4se esse, hab ich abends ja wenig Lust auf einen warmen Schinken-K\u00e4se-Toast. Andererseits, was ist eine Pizza viel anders? Schmei\u00dft man etwas Pizzagew\u00fcrz auf den Schinken-K\u00e4se-Toast, dann wird der Unterschied noch kleiner. Allerdings h\u00e4lt offenes Toastbrot m.E. nicht so lang wie Semmeln \/ Hotdogbr\u00f6tchen, denn bisher ist mir im Auto glaub ich nur mal eine Packung Toastbrot schimmelig geworden nach wenigen Tagen .. Ok, wenn man dann abends auch 2&#215;2 Scheiben isst, braucht man&#8217;s schneller auf.<\/p>\n<p>Die letzten Tage machte ich mir oft genau das, anstatt einer Semmel mit Wurst nahm ich eine Scheibe getoasten Toast, bestrich sie mit Cashew-Mus (quasi wie Erdnussbutter, nur eben aus Cashews und schon seit \u00fcber 1 Jahr vorhanden und das muss auch mal weg) plus Ketchup plus Scheibchen Schinken plus Scheibchen K\u00e4se und das ganze 7min noch in den Backofen. Schon lecker eigentlich. <\/p>\n<p>Heut also mal die N\u00fcrnberger im Raclettgrill probiert. Hmja.. da hab ich mir notiert:<br \/>\nNach 0,06 kWh Bratw\u00fcrste wohl schon recht weit, Kartoffeln noch nicht braun, nicht viel anders bei 0,09 kWh aber nun mal gegessen. Kartoffeln tw. noch nicht ganz passend. Reinigung: eher umst\u00e4ndlich, Rost verklebt und schwierig. Viele Einzelteile zum Verstauen..<\/p>\n<p><a href='http:\/\/extra.inmontanis.info\/d\/99942-2\/DSC06687.jpg'><img src=http:\/\/extra.inmontanis.info\/d\/99941-3\/DSC06687.jpg \/><\/a><br \/>\n^ N\u00fcrnberger Bratw\u00fcrste mit geschnittenen Kartoffeln oben und unten im Mini-Raclette-Ofen<\/p>\n<p><a href='http:\/\/extra.inmontanis.info\/d\/99946-2\/DSC06688.jpg'><img src=http:\/\/extra.inmontanis.info\/d\/99945-3\/DSC06688.jpg \/><\/a><br \/>\n^ .. da reicht der kleine Teller f\u00fcr<\/p>\n<p>Die kleine W\u00e4rmedecke f\u00fcr die F\u00fc\u00dfe im Bett funktionierte auch nicht mehr, wollt ich jetzt mal wieder verwenden. Die hatte ich ja in Verwendung bevor ich mir letzten Herbst die lange gekauft hatte. Die hat also \u00fcberhaupt nicht lang gehalten. Mal aufgeschraubt, aber nix offensichtliches gefunden.<\/p>\n<p><strong>Do, 3.8.2023<\/strong><\/p>\n<p>Heut Mittag mal wieder den klassischen Schinken-K\u00e4se-Toast im Grilltoater probiert. Mein American-Sandwich-Toastbrot ist viel zu gro\u00df f\u00fcr die Einlage :) Die gabs damals vermutlich noch nicht oder waren zu un\u00fcblich f\u00fcr deutsche Haushalte &#8230;<\/p>\n<p>Nach ca. 0.04 kWh hab ichs mal ausgeschaltet und die Restw\u00e4rme (Geh\u00e4use lang hei\u00df) noch ausgenutzt; braun wurde der Toast in der Zeit zwar noch nicht, aber innen war&#8217;s hei\u00df genug.  Reinigung: easy, da nur Br\u00f6sel. Zum Satt-Werden als abendliche Hauptmahlzeit br\u00e4ucht ich nat\u00fcrlich 2 von den kleinen (die reinpassen).<\/p>\n<p><a href='http:\/\/extra.inmontanis.info\/d\/99950-2\/DSC06690.jpg'><img src=http:\/\/extra.inmontanis.info\/d\/99949-3\/DSC06690.jpg \/><\/a><br \/>\n^ Schinken-K\u00e4se-Toast im Grilltoaster, der wurde nicht f\u00fcr so gro\u00dfe Toastscheiben damals hergestellt.<\/p>\n<p>Nachmittags\/abends gab&#8217;s \u00c4lplermaccaroni, restlicher Teil, gro\u00dfer Topf und statt auf 2x auf 3x geteilt und 2x  eingefroren. Jetzt wirds dann langsam problematisch, alles noch aufzuessen, falls ich morgen in einer Woche nach Hintertux fahren will ;)<\/p>\n<p>Mein 230V-12V-Ladeger\u00e4t im Auto f\u00fcr&#8217;s Aufladen der Batterie am Campingplatz l\u00e4dt ja nur mit 5A, d.h. ich kann an einer Nacht am Campingplatz mit anschlie\u00dfendem Arbeitstag, also angenommen von 17-11 Uhr 18*5 = 90 Ah laden. Wenn ich nicht jeden Tag am Campingplatz Landstrom hab, will ich aber nicht mein PC-Netzteil jeden Tag von 12V auf 230V umst\u00f6pseln, sondern lass es auf 12V; ziehen wir noch dies und jenes etwas ab, sagen wir also 80 Ah, das w\u00e4r also die halbe Batterie. (An Wochenendtagen ggf. nur bis 8 Uhr also 65 Ah.)<\/p>\n<p>An kalten Tagen brauchte ich frei stehend schon eher um die 40 Ah mit \u00f6fter Standheizung und Kochen, d.h. ich k\u00f6nnte 2 Tage frei stehen und m\u00fcsste dann 1 Tag Campingplatz. Plus Nachladen w\u00e4hrend der Fahrt, je nach  Strecke, 10-20 Ah pro Stunde derzeit. Mit einem st\u00e4rkeren Netzteil k\u00f6nnte ich also leichter 3 Tage frei \/ 1 Tag Campingplatz machen, allerdings kosten die \u00fcber 100 \u20ac (wenns ein namhafter Hersteller sein soll). Andererseits w\u00e4re das in 3-5 Tagen eingespart, wenn man sich dann die Campingplatzkosten \u00f6fters sparen w\u00fcrde. Oder man spart sich einen Umweg, falls kein Campingplatz in der N\u00e4he ist.<\/p>\n<p>Bei meiner letzten Skandinavientour hatte ich, soweit ich mich erinnere, den 230V-Lader noch nicht aktiv, daf\u00fcr ja auch die st\u00e4rkere 12V-12V-Ladem\u00f6glichkeit vom Motor her. Den ausgetauschten Ladebooster h\u00e4tte ich zwar nun wieder da und k\u00f6nnte ihn einbauen, aber die Ersatzlichtmaschine schien mir ja auch bei meinem neuen Ladeger\u00e4t nicht genug Strom dauerhaft zu liefern, sofern es nicht ein anderes Problem ist. Da hab ich mich noch nicht entschieden.<\/p>\n<p>Meinen aktuellen 230V-Victron-Lader, aber eben in der Version 10A bzw. 15A g\u00e4b&#8217;s momentan auf Amazon runtergesetzt um 127 bzw. 137 \u20ac &#8211; da w\u00e4r dann nur die Frage, welchen von beiden, reichen die 10A und w\u00e4ren vielleicht sinnvoller bei schwachen Campingplatzanschl\u00fcssen, wenn ich parallel noch 1-2  Heizl\u00fcfter laufen lassen will? 15A bei 14V w\u00e4ren 210W, verglichen mit den 500-1200W-Heizern also eh nicht so wild. 210W : 230V plus Verlustleistung also ca. 1A Verbrauch auf 230V-Seite. Ok, sollte kein Problem sein. Dann k\u00f6nnte ich innerhalb einer Campingplatz\u00fcbernachtung sogar eine komplett leere Batterie laden. <\/p>\n<p>Also das 15A-Teil bestellt. Was man auf den Bildern leider nicht sieht, dass die unterschiedlich gro\u00df sind. Als ich das Teil ein paar Tage sp\u00e4ter erhalten hab: der ist ja fast doppelt so gro\u00df wie mein 5A-Lader. Puh, ob ich den Platz hab?<\/p>\n<p>Klar, bei -20\u00b0 nachts will ich dann trotzdem nicht unbedingt frei stehen&#8230; also mal die geplanten Saisonskigebiete durchgegangen, gibt nur wenig mit Campingplatz-Ski-in\/out und die Preise der CP, soweit man sie denn sieht aktuell, sind um die 30-40 \u20ac pro Nacht, wenn \u00fcberhaupt einer sinnvoll in der N\u00e4he ist. Na lohnt sich also wohl auch mal etwas zu frieren und frei zu stehen :) Selbst wenn&#8217;s nur eine Nacht ist und ich z.B. nachts meine Bettheizung anlass. Wobei ich die ja eh nur an den F\u00fc\u00dfen ertragen kann, weiter oben wurde mir das zu warm. Andererseits ist mein Hintern das zweite Teil au\u00dfer den F\u00fc\u00dfen, das mich bei N\u00e4chten um die -15\u00b0 drau\u00dfen nachts aufwachen l\u00e4sst, vielleicht sollt ich die zweite Heizmatte mal dort hin legen &#8230;<\/p>\n<p>Somit also mal Ladeger\u00e4t bestellt. Ob ich dann das 5V-Ger\u00e4t trotzdem noch mitnehmen sollte? Wird langsam zu viel mit den ganzen Ersatzger\u00e4ten dabei:<br \/>\n&#8211; jedenfalls ja beide 12V-Ladebooster, egal ob ich nun das alte Modell wieder einbau oder nicht, werd ich den anderen mitnehmen<br \/>\n&#8211; beide kleine Auto-Heizl\u00fcfter kommen mit (falls wieder einer spinnt), aber nur der teure norwegische Schuhheizer (auch zur Raumheizung), da werd ich mir den g\u00fcnstiger gekauften Ersatz sparen, braucht wirklich zu viel Platz und hat nicht sooo viel gebracht<br \/>\n&#8211; ausgetauschte (alte) Lichtmaschine bleibteben falls im Auto, falls die jetzige streiken sollte.<br \/>\n&#8211; nix damit zu tun, aber platzm\u00e4\u00dfig: Will ja auch noch Katzenstreu als Entfeuchter mal mitnehmen und verteilen.<br \/>\n&#8211; und die 4 Laufsprecher plus Autoradio f\u00fcr den Surroundsound. Daf\u00fcr k\u00f6nnen die 2 Bluetooth-Lautsprecher daheim bleiben.<br \/>\n&#8211; eigentlich wollte ich diesmal auch meinen alten PC als Ersatz mitnehmen, falls der andere, nun 3 Jahre werdend, mal ein Hardware-Problem hat..<\/p>\n<p><strong>Fr, 4.8.2023<\/strong><\/p>\n<p>Viel Regen in der Nacht und ein wieder mal d\u00fcsterer Tag heute. Sommer am Berg auf 1500m f\u00fchlt sich eher wie Herbst auf 500m an. Bergfex meldet die Tage 50cm Neuschnee am Hintertuxer. Und es ist nicht der erste Schneefall, seitdem ich Anfang\/Mitte Juli weggefahren bin. Momentan stehen die Zeichen also doch gut, dass der Skibetrieb heuer den Sommer \u00fcber durchgehalten werden kann und ich n\u00e4chsten Freitag losfahren kann.<\/p>\n<p>Hab mich heut mal an die Eisproduktion gemacht. Milch, Spr\u00fchsahne, bissl Kakaopulver und evtl. etwas zu viel von dem Veilchensirup, weil die Sahne schneller leer war als gedacht. Das wird dann vermischt, in den Tiefk\u00fchler gestellt und man soll es alle halbe Stunde umr\u00fchren. Da es mir nach dem zweiten Umr\u00fchren doch etwas zu bitter vorkam, r\u00fchrte ich noch etwas Zucker rein. Besser. Relativ dominant ist auch der Geschmack der Spr\u00fchsahne. Da gibts unterschiedliche Rezepte, z.B. mal 2:1, mal 1:2, was das Verh\u00e4ltnis Sahne-Milch angeht, wobei ich beides nicht gemessen hab. Und egtl. sollte man keine Spr\u00fchsahne daf\u00fcr verwenden, sondern selbst schlagen.<\/p>\n<p>Das Volumen nahm durch das Gefrieren jedenfalls ab.<\/p>\n<p><a href='http:\/\/extra.inmontanis.info\/d\/99954-2\/DSC06696.jpg'><img src=http:\/\/extra.inmontanis.info\/d\/99953-3\/DSC06696.jpg \/><\/a><br \/>\n^ Selbstgemachtes Schoko-Veilchen-Eis, schon halb gefroren gewesen<\/p>\n<p>Bin heut bei meiner Skigebietsindizierung mit Italien fertig geworden. Also wenn ich so die Skigebiete durchgehe und die Tage, dann hatte ich wohl meine beste Zeit in Italien so ca. 2006-2014. Da gab es noch etliche komplette Skigebiete bzw. alte Lifte, die es danach nicht mehr gab. Oder ich kam schneem\u00e4\u00dfig nicht mehr vorbei oder das Skigebiet war aus anderweitigen Gr\u00fcnden zwischendrin mal geschlossen, etc &#8230;<\/p>\n<p><strong>Sa, 5.8.2023<\/strong><\/p>\n<p>Ja, also falls ich Freitag fahren will, dann hab ich zu viel eingekauft letztes Mal. Oder ich war zu sparsam, was z.B. den geriebenen K\u00e4se bisher angeht. Wetterm\u00e4\u00dfig heut ziemlich Dauerregen wie gestern. Soll ja derzeit etliche \u00dcberschwemmungen im Tal und auch Murenabg\u00e4nge geben.<\/p>\n<p><strong>So, 6.8.2023<\/strong><\/p>\n<p>Heute hat&#8217;s mal eine Zeit lang mit dem Regnen aufgeh\u00f6rt und ich konnte mal wieder zum Auto runter. Eine weitere Sache, die ich n\u00e4mlich machen wollte, betraf meine Werkzeug\/Ersatzzeug\/Kleinkrams-Aufbewahrung. Also neben diversem Werkzeug Ersatzschrauben, N\u00e4gel, Muttern, \u00d6sen, Kn\u00f6pfe, N\u00e4hzeug, Batterien, Kabel, L\u00f6tkolben, Kleber und und und. Selten was gebraucht, aber doch \u00f6fters irgendwas davon als Ersatzkleidung, somit es mich immer gest\u00f6rt hatte, das ganze Zeug von hinten unten rauszur\u00e4umen, also Kleidung dar\u00fcber erst weg dann zu den Sachen.<\/p>\n<p>Zuerst hatte ich daf\u00fcr ein paar T\u00fcten. Dann bin ich auf Kartons umgestiegen, da hatte ich einen von Amazon, zwei kleine von den Bluetooth-Lautsprechern und noch 1-2 andere kleine und diese dann im Schrank verstaut anstatt der Bekleidung. <\/p>\n<p>Der erstere Karton hatte den Nachteil, dass er nicht mit der \u00d6ffnung oben in den Schrank passte, also immer wieder mit Klebeband verschlossen werden musste, was nicht auf Dauer hielt. Die kleinen hatten den Nachteil, dass sie, wenn sie nicht mit Druck im Schrank hielten, bei Kurven wegrutschten und ggf. die T\u00fcr \u00f6ffneten, deren Schlie\u00dfmechanismus wiederum durch das Ger\u00fcttel des Fahrens auch immer mal lockerer wurde und festgezogen werden musste.<\/p>\n<p>Es l\u00e4ge also nahe, die Belegung anders zu machen, entweder andere Kartons oder das Zeug wieder wo anders hin und daf\u00fcr was anderes in den Schrank, z.B. die Naschsachen, die ich sonst  in der einen Tasche mit Objektiven und Computerkabelzeug hab, die ich jeden Tag von hinterm Sitz auf den Sitz und wieder umgekehrt verr\u00e4ume (und sich mittlerweile etwas aufl\u00f6st) und deren Inhalt &#8211; au\u00dfer Naschzeug &#8211; ich so selten brauch, dass ich es auch anderweitig verstauen k\u00f6nnte. Falls ich wo Platz h\u00e4tte. <\/p>\n<p>Also hab ich mal diverse Kartons und andere Aufbewahrungsboxen mit runter genommen und geschaut, was, wie und wie gut die Sachen reinpassen w\u00fcrden.<\/p>\n<p>Zus\u00e4tzlich im Schrank hatte ich bisher die Pfanne f\u00fcr&#8217;s Induktionskochfeld, aber wenn ich das heuer nicht mitnehmen will, f\u00e4llt die Pfanne ja auch weg &#8211; somit auch etwas mehr Platz im Schrank.<\/p>\n<p>Wegfallen wird daf\u00fcr etwas vom Platz im oberen Schrankbereich, da ich dort wohl das Autosurroundradio montieren\/reinlegen m\u00fcsste. Dort lag bzw. stand in letzter Zeit haupts\u00e4chlich: wasserloses Waschgel (f\u00fcr Achseln+F\u00fc\u00dfe; f\u00fcr den Rest nehm ich etwas Duschgel auf einem feuchten Tuch), die Spezialfl\u00fcssigkeit f\u00fcrs Klo plus Klopapier, Taschent\u00fccher, Skibrillen, Skistr\u00fcmpfe, heizbare Socken, Ladeger\u00e4t Skischuhakkus, Cam-Blasebalg, Fremdw\u00e4hrungen, Cremse .. und ggf. 1-2 Skibrillen und 1-2 Paar Skihandschuhe. Das leichtere Zeug m\u00fcsste dann also anderswo hin z.B. in die o.g. Tasche oder dahinter zu den Bekleidungssachen.<\/p>\n<p><a href='http:\/\/extra.inmontanis.info\/d\/99958-2\/DSC06697.jpg'><img src=http:\/\/extra.inmontanis.info\/d\/99957-3\/DSC06697.jpg \/><\/a><br \/>\n^ Kleine Werkzeuge und Reparatur\/Ersatzteile, Objektive usw, was ich alles auf mehrmonatigen Reisen mitschleppe<\/p>\n<p>(Die Bodywarmer (am Bild vorne) hatte ich f\u00fcr die Kirgisienreise gekauft und nie eines verwendet, haltbar bis 2018, ob die noch gehen&#8230; auch den Taschenofen hatte ich nie verwendet. Obwohl ich ja beides bei kalten Skitagen in Skandinavien schon h\u00e4tte brauchen k\u00f6nnen &#8211; aber da will man dann nix aufbrauchen, weil es ja eh immer noch so halbwegs geht .. 2-3h sp\u00e4ter ist man halb erfroren &#8230;.)<\/p>\n<p>Wenn man jetzt also das ganze Werkzeug&#038;Ersatzzeug anders verstauen m\u00f6chte, k\u00f6nnte man es ja auch etwas besser sortieren &#8211; nur ist das f\u00fcr mich oft sehr schwierig, Kleinkrams sinnvoll einzusortieren und es dann auch wieder zu finden ohne alles durchzusuchen. Und irgendwas passt dann dort wieder nicht mehr rein und kommt dann in eine andere Box. Etc.<\/p>\n<p>Davon abgesehen, noch eine Idee: Es w\u00e4re vermutlich sinnvoll, weder Plastik noch Metall in den &#8220;Kellerbereichen&#8221; offen liegen zu lassen, weil da ja gern das Wasser kondensiert und wenn das dann noch dazu am Holz anliegt, kann sich leichter Schimmel bilden. Also besser mal Stofftaschen verwenden oder Luftpolsterfolien rumwickeln. K\u00f6nnte auch schon helfen. Oder alternativ die Holzseiten mit Stoff bekleb.<\/p>\n<p>Als ich am Nachmittag das Zeug zusammensuchte, fiel  mir leider ein, was ich beim Kartontesten vergessen hatte: Den Platz f\u00fcr den Videoprojektor, der ebenfalls im Schrank seinen Platz hat, sowie auch die blaue Computer\/Handy-Kabeltasche, die ich ja evtl. drin verstauen wollte :( Also quasi alles umsonst gemacht ?<\/p>\n<p>Trotzdem hab ich das jetzt mit den getesteten Kartons gemacht.<\/p>\n<p><a href='http:\/\/extra.inmontanis.info\/d\/99962-2\/DSC06700.jpg'><img src=http:\/\/extra.inmontanis.info\/d\/99961-3\/DSC06700.jpg \/><\/a><br \/>\n^ .. halbwegs sch\u00f6n geordnet und in Kartons\/Boxen verstaut. Bis auf die blaue Kabeltasche.<\/p>\n<p>Gibt nat\u00fcrlich noch bissl anderes Werkzeug im Auto. Au\u00dferdem hab ich heut den Innenraumfilter mal gereinigt. War ganz sch\u00f6n verdreckt. Wird ja vmtl. beim n\u00e4chsten Service eh ersetzt, aber irgendwas muss mich ja immer krank gemacht haben in letzter  Zeit. K\u00f6nnte aber auch daran liegen, dass ich in den Wochen daheim keinerlei fremden Bakterien und Viren usw. ausgesetzt bin?<\/p>\n<p>Bzgl. Katzenstreu hab ich mich auch noch etwas eingelesen, meist ist das  entweder das aus Bentonit (&#8220;klumpstreu&#8221;) oder aus Slica\/Kieselgel (&#8220;nicht klumpend&#8221;). Letzteres wird ja auch in den Luftentfeuchterbeuteln verwendet und k\u00f6nnte bei W\u00e4rme regeneriert werden. Zumindest auf Amazon ist dabei  Slica\/Kieselgel in Katzenstreu wesentlich g\u00fcnstiger als Slica\/Kieselgel in den anderen Abteilungen. Bei Silica-Streu steht teilweise dabei, dass das Wasser auch so verdampft?! Bei Luftentfeuchtern wird ja meist geschrieben, dass man es in die Mikrowelle oder auf die Heizung legen soll. Gewichtsm\u00e4\u00dfig w\u00e4r Silica wesentlich leichter bei identer Wasseraufnahme.<\/p>\n<p>Aber ob jetzt f\u00fcr meine Zwecke (insb. ja bei kalten Temperaturen) also die eine oder andere Variante besser w\u00e4re &#8211; keine Ahnung. Einen Beutel mit Silicagel hatte ich ja im Auto unterm Bett, das dauerte Monate bis sich die Indikatorfarbe von Blau auf vielleicht-leicht-Rosa ge\u00e4ndert hat. Aber vielleicht muss ich einfach mehr Beutelchen in verschiedenen und tieferen Regionen stationieren. <\/p>\n<p>Ich h\u00e4tte auch noch zwei gr\u00f6\u00dfere Trockenbeutel mit vmtl. ebenfalls Slica, die aber ohne Indikator sind und keine Ahnung ob die noch funktionieren. Mal als Skischuhtrockner gekauft. K\u00f6nnt ich ja n\u00e4chstes Mal Hintertux mitnehmen und testen.<\/p>\n<p>Beim Skigebietsindex-Erstellen f\u00fcr meinen Blog bin ich auf ein paar wenige Ungereimtheiten gesto\u00dfen (z.B. einmal, als Fotos und Bericht vom Stubaier eine Woche fr\u00fcher zeigten als die Datenbank, an dem Tag war ich laut Datenbank aber am Pitztaler) &#8211; und zumindest einen Eintrag hab ich in der Datenbank vergessen und zwar 2011 am Kaunertaler fehlte einer. Somit ein Besuch mehr. Teilweise ist das Datum auch mal um einen Tag verschoben &#8211; das hab ich erst gar nicht korrigiert, ist ja auch egal.<\/p>\n<p>Noch unsch\u00f6ner ist, dass ich dadurch bei einigen der \u00e4lteren Beitr\u00e4ge gemerkt hab, dass selbst die, die hier im Blog vorhanden sind, teilweise weniger Texte sind als in den Foren waren. Das werd ich vermutlich nicht korrigieren, weil das zuviel Zeitaufwand w\u00e4re, das alles zu vergleichen. Wird schon lang genug dauern, wenn ich irgendwann die Beitr\u00e4ge von vor ca. 2007\/08 erg\u00e4nze oder fehlende Beitr\u00e4ge sp\u00e4ter erg\u00e4nze &#8230;<\/p>\n<p>Auch ein paar andere Kategorien hab ich mal korrigiert, umbenannt, hinzugef\u00fcgt oder gel\u00f6scht. Bei der Gelegenheit nochmals aufgefallen, dass ich ja den letzten Winter und den aktuellen Sommer &#8220;logischerweise&#8221; nicht als eigenst\u00e4ndige &#8220;Tour&#8221; eingetragen hab &#8211; weil ich ja so oft daheim war. Ja klar, ich h\u00e4tte das eine Monat in Italien\/Frankreich als Tour eintragen k\u00f6nnen, aber .. verglichen mit sonst hat sich das eben nicht wirklich als Tour angef\u00fchlt.<\/p>\n<p>.. insofern bin ich nat\u00fcrlich schon etwas hei\u00dfer auf die n\u00e4chste mehrmonatige &#8220;Car-Life-&#8221; Tour und fiebere quasi der Abfahrt entgegen. Vielleicht fahr ich doch schon im Oktober? Was soll ich auch noch gro\u00dfartig daheim zwischen Mitte Oktober und Mitte November? Klar, der vorgehabte Besuch am M\u00f6lltaler Mitte\/Ende Oktober w\u00fcrde dann ebenso ausfallen wie eventuell erste Saisonstartskitage in den Alpen im November.  <\/p>\n<p>Streng genommen w\u00e4r die Abfahrt in dem Fall dann schon Mitte September mit ca. 10-14 Tagen Hintertux, d.h. ich k\u00e4me, wenn nix dazwischen kommt, wieder auf 9 Reisemonate. Allerdings h\u00e4tte ich dann bei Abreise aus Ibk\/Telfs eine recht leere Batterie, was suboptimal ist, wenn man ja &#8220;langsam nach Norden&#8221; fahren wollte, weil man genug Zeit h\u00e4tte. (Boah, 9 Monate auf meine sch\u00f6ne gr\u00fcne Wohnung zu verzichten .. da werd ich mich dann auf die Ankunft im Juli freuen &#8230; und n\u00e4chsten Sommer\/Herbst wohl nicht mehr nach UK fahren &#8230; das w\u00e4r dann also 2025 wieder dran. Falls ich es mir dann noch leisten will und kann.)<\/p>\n<p>Meine abendliche Bettlekt\u00fcre ist momentan eins der gr\u00f6\u00dferen+dickeren B\u00fccher, die ich letzten Herbst gekauft hatte, genauer gesagt das Buch von der Isle of Man, wo es um die Railways in&#038;um Laxey geht. Ein Kapitel besch\u00e4ftigt sich auch mit den zahlreichen Unternehmen, die vor der aktuellen Tram eine Dampf-Eisenbahn zwischen Douglas und Laxey bzw. Ramsey bauen wollten. <\/p>\n<p>Krass! Unglaublich, wie viele Unternehmen sich da geformt hatten und entweder selbst zur\u00fcckgetreten oder von der Regierung ein Nein kassiert hatten. D.h. es ist nicht nur gro\u00dfes Gl\u00fcck, dass die Tram mit ihrem originalem Wagenpark \u00fcberlebt hat, sondern dass sie \u00fcberhaupt gebaut wurde &#8211; und nicht irgendeine Dampfzugstrecke!<\/p>\n<p><strong>Mo, 7.8.2023<\/strong><\/p>\n<p>Hatte doch noch eine andere Lichterkette f\u00fcrs Auto bestellt, ob mir die von der Bedienung her sympathischer w\u00e4re .. die kam heute. Die hat keinen USB-Stick sondern ein eigenes Netzteil mit einem kurzen USB-kabel und einem Kabel mit Fernbedienungsempf\u00e4nger, den ich also besser rauslegen k\u00f6nnte.<\/p>\n<p>Im Gegensatz zu  den andern sind hier die 3 Adern zwischen den L\u00e4mpchen nicht miteinander verklebt, sondern einzeln, was die Sache also filigraner und vielleicht weniger robust machen k\u00f6nnte.<\/p>\n<p>Vorteilhaft w\u00e4re hier vielleicht, dass sie 3 Tasten mit fast-dunkelster, hellster und mittlerer Helligkeit hat. Allerdings auch 2 +\/- Tasten, die ebenfalls die Helligkeit noch feiner regeln und noch eine Stufe dunkler gehen als mit der direkten Taste. <\/p>\n<p>Wie auch die andere merkt sich auch die hier anscheinend nicht den letzten Modus bei einem Strom-Aus\/An, es ist aber auch nicht immer der selbe beim Einschalten. Ein Druck auf die Wei\u00df-Taste bringt erst orangenes Licht, ein zweiter Druck darauf macht richtiges Wei\u00df. Was also umst\u00e4ndlicher ist. <\/p>\n<p>Die 5 Mode-Tasten haben vielleicht 2-3 sch\u00f6nere Modi als die andere Lichterkette.<\/p>\n<p>Die App am Handy ist 250 MB zum downloaden riesig und bietet weniger M\u00f6glichkeiten als die andere, z.B. kann man keine Favoriten machen oder seine eigene An\/Aus\/Farb-Belegung pro einzelner LED erstellen, man kann nur die vorhandenen Modi verwenden und diese auch nicht \u00e4ndern. Auch hier wieder leider keine M\u00f6glichkeit, eigene Modi zu definieren oder das gar auf eine Taste zu legen. <\/p>\n<p>Was leider beide Lichterketten gemeinsam haben: \u00dcber die App lassen sie sich noch dunkler stellen als via Helligkeitstasten auf der Fernbedienung :(  Das ist in beiden F\u00e4llen Bullshit, dass man via Fernbedienung nicht auf die jeweils kleinste Helligkeitsstufe zugreifen kann.<\/p>\n<p>Bei dieser hier wird die Anzeige in der App direkt \u00fcbernommen, Minimum via Fernbedienung sind 10%. Mit der App kann man bis auf 1% runter&#8230; Taste Helligkeit 1 an der FB sind 25% (2: 50%, 3: 100%? oder doch weniger). Geschwindigkeit beim Farbwechsel kann man bei der neuen nicht regeln.<\/p>\n<p>Die neue hat einen gr\u00f6\u00dferen LED-Abstand (bei gleichen 10m L\u00e4nge, also weniger LEDs, ca. 3 auf der neuen haben die gleiche Entfernung wie 4 auf der alten), ist aber in der hellsten Stufen in Wei\u00df trotzdem heller. Zumindest mit Fernbedienung gesteuert. im Benutzerdefinierten Modus, wo man jede LED einzeln steuern kann, k\u00f6nnte man n\u00e4mlich die alte auch heller machen, d.h. wenn man so eine Defintion in der App ausw\u00e4hlt, dann auf der FB dunkler und wieder hell regelt, ist die hellste Stufe via FB wesentlich dunkler, als wenn man wieder den Button in der App dr\u00fcckt! Und zwar nicht nur etwas, sondern im \u00fcber 50% Bereich! Via FB erreicht die Lichterkette vielleicht nur 50% der Helligkeit als mit der App!<\/p>\n<p><a href='http:\/\/extra.inmontanis.info\/d\/99966-2\/DSC06705.jpg'><img src=http:\/\/extra.inmontanis.info\/d\/99965-3\/DSC06705.jpg \/><\/a><br \/>\n^ Die beiden neuen LED-Lichterketten USB 10m, eine f\u00fcrs Auto. Jeweils die hellste Helligkeit von Wei\u00df via Fernbedienungstasten (Druck auf &#8220;W&#8221; und +++++ Helligkeit soviel geht; sp\u00e4ter entdeckte ich f\u00fcr die linke noch eine Alternative). Via App kann man die Helligkeitsbereiche gr\u00f6\u00dfer steuern!?!<\/p>\n<p>Ein Vorteil der alten ist, dass man nicht nur jede LED einzeln steuern kann in Farbe, Helligkeit und Blinkverhalten (statischer Modus), sondern man auch Szenen erstellen kann, die aus mehreren Einzeldefinition bestehen, die wiederum ein so ein selbst definierter statischer Modus oder vordefinierter Farbwechselmodus sein kann &#8211; und eben verschiedene hintereinander in einem Zeitraum, den man selbst definieren kann. <\/p>\n<p>Aber halt leider nur via App ausw\u00e4hlbar dann. Bei beiden gibt einen Musikmodus mit eingebautem Mikrofon. Aber ob ich das brauch&#8230;<\/p>\n<p>Da ich ja einen kleinen USB-Zwischenstecker hab, der den Stromverbrauch messen kann &#8230; krasser Unterschied je Helligkeit:<\/p>\n<p>Neu wei\u00df FB-hell: 0,55A 4,8V<br \/>\nNeu rot FB-dunkel: 0,06A 4,9V<br \/>\nNeu rot App-dunkel: 0,01A 4,99V<\/p>\n<p>Alt wei\u00df FB-hell: 0,19A 4,9V<br \/>\nAlt wei\u00df App-hell: 0,91A 4,8V (nein, kein Zahlendreher, das ist wesentlich heller!!)<br \/>\nAlt rot FB-dunkel: 0,01A 5,0V<br \/>\nAlt rot App-dunkel: 0,005A 5,0V<\/p>\n<p>Auch interessant, wenn man auf Maximum-Helligkeit via App bei einem Modus geht: Komplettes Aus\/Einschalten mit App = Helligkeit bleibt; Einschalten mit FB: Helligkeit wird auf ca. 20-30% begrenzt. Schlimm ist, dass ich der Meinung bin, als ich das Teil nach dem Auspacken eingeschaltet hab, w\u00e4ren die Farben heller gewesen .. wobei die Farbwechselmodi auch etwas heller sind!<\/p>\n<p>Auch interessant: Wenn man so einen speziellen vorgefertigten Mehrfarbmodus in der App \u00e4ndert, wird das wohl doch am Ger\u00e4t ge\u00e4ndert und ist dann auch via Fernbedienung aufrufbar! Das gilt aber nur f\u00fcr die vordefinierten Modi, nicht f\u00fcr eigens erstellten. Aber man kann also z.B. von einem 2- oder 8-farbigen Modus, der die Farben in der oder der Richtung \u00fcber die Kette auf Reisen schickt oder die Farbe wechselt, eben diese Farben \u00e4ndern in Farbton und Helligkeit. Diese \u00c4nderung gilt dann auch, wenn man diese Modi via FB aufruft! Also k\u00f6nnte ich mir einen Modus auf ein dunkles Rot und einen Modus auf ein helles Wei\u00df legen.<\/p>\n<p>Allerdings: wenn man diesen Modus via FB aufruft, wird die Helligkeit wieder limitiert!<\/p>\n<p>Viele Tests und ausprobieren sp\u00e4ter hab ich die Grenze gefunden: Wenn die Helligkeit bei so einem vordefinierten und abge\u00e4nderten Modus auf > 59% in der App eingestellt ist, dann regelt die Lichterkette das runter, wenn man den Modus via FB aufruft, und zwar nicht auf 59%, sondern auf 30% oder 20%!<\/p>\n<p>Bei Helligkeit 59% in der App, was also das Maximum ist, was man via FB-Tastenbelegung verwenden kann, zieht die Kette dann 0,59A in meinem quasi definierten &#8220;Hellwei\u00dfmodus&#8221;, wo ich eins der vorhandenen Lichtlaufmodi eben mit wei\u00df+hellgelb definiert hab. <\/p>\n<p>.. somit erg\u00e4nzt sich diese Liste:<\/p>\n<p>Alt wei\u00df FB-hell: 0,19A 4,9V<br \/>\nAlt wei\u00df Spezialmodus-hell: 0,59A 4,8V<br \/>\nAlt wei\u00df App-hell: 0,91A 4,8V<\/p>\n<p>.. das wiederum ist dann also gleich hell wie die neue Lichterkette.<\/p>\n<p>Allerdings sollte man die Helligkeitstasten an der Fernbedienung auf Maximum haben (gilt f\u00fcr den o.g. Test), denn man kann dann mittels FB auch noch dunkler stellen, d.h. mein zweiter abge\u00e4nderter Spezialmodus mit sehr dunklem Licht f\u00fcr Nacht\/Morgen kann dann mit 1, 2 FB-Tastendr\u00fccke auf dunkler auf ganz dunkel (LED aus) gestellt werden. Bzw. umgekehrt funktioniert der Modus dann also nur, wenn die FB-Helligkeit auf Maximum ist. Also m\u00f6glichst gar keine Helligkeit via FB regeln.<\/p>\n<p>Boah, was f\u00fcr ein M\u00fcll. Konnte mir einer folgen? Es ist echt ziemlich bescheuert und schwer verst\u00e4ndlich. Vielleicht kann mal ein App-Update die Firmware im Ger\u00e4t aktualisieren. Vielleicht war die alte Lichterkette vor der Verwendung der App auch tats\u00e4chlich heller.<\/p>\n<p>Welche der beiden Lichterketten soll ich nun einbauen? Die neue h\u00e4tte ja so einen sch\u00f6nen Buntmodus via FB, wo jede LED in einer anderen Farbe leuchtet und die Farbe wechselt &#8211; das fehlt in der alten .. und naja, wie gesagt, bei der neuen kann ich den FB-Sensor via Kabel rauslegen. Daf\u00fcr bei der alten zumindest via App so&#8217;was erstellen und verwenden (d\u00fcrfte via FB wieder nicht gehen):<\/p>\n<p><a href='http:\/\/extra.inmontanis.info\/d\/99970-2\/DSC06706.jpg'><img src=http:\/\/extra.inmontanis.info\/d\/99969-3\/DSC06706.jpg \/><\/a><br \/>\n^ Bei der linken kann man jede LED einzeln programmieren, also Farbe und Helligkeit und Blinkverhalten. Cool. Aber leider dann nur via App ausw\u00e4hlen, nicht \u00fcber die Fernbedienung.<\/p>\n<p>Ich werd mal zum Hintertuxbesuch beide mitnehmen und mal ausprobieren, wie die Helligkeiten im Dunkeln im Auto sind und wie das mit dem FB-Sensor funktioniert bei der \u00e4lteren &#8220;USB-Stick&#8221;-Lichterkette unterm Bett bzw. wo ich das verlegen k\u00f6nnte.<\/p>\n<p>Wie schon gesagt, die Campingplatzsituation schaut in den geplanten Saisonkartenskigebieten n\u00e4chstes Jahr nicht sehr rosig aus. Die Frage w\u00e4r also, k\u00f6nnte ich was machen, um mit wenig(er) Strombedarf bei tieferen Temperaturen freistehen k\u00f6nnte?<\/p>\n<p>Aktuell verwend ich ja einen Schlafsack, der lt. Schild glaub bis 0\u00b0 in der Komfortzone ist, allerdings schlie\u00df ich den Rei\u00dfverschluss normal nur bis Fu\u00df\/Knie-Ebene und lass den oberen Teil offen um mich lockerer einwickeln zu k\u00f6nnen. <\/p>\n<p>Da sich der Innenstoff aber immer so kalt anf\u00fchlt, hab ich eigentlich immer Decken im Schlafsack, grundlegend hat sich da so eine gr\u00fcne, d\u00fcnne Steppdecke ergeben, da die die einzige war, die ich schm\u00e4ler gekauft hatte (nicht in ca. 2m f\u00fcr daheim, sondern eben nur 1,30 oder so), ohne Schlafsack verwend ich die dann an hei\u00dferen Tagen, wenn ausreichend, oder auch wenn ich am Campingplatz mit Landstrom schlaf und den Heizl\u00fcfter laufen hab und der gen\u00fcgend einheizt. <\/p>\n<p>Freistehend bei um oder unter 0\u00b0 kommt noch eine zweite Decke in den Schlafsack, und zwar eine d\u00fcnne Fleecedecke, die ich mir bei der vorletzten Schwedenreise gekauft hab, die ist allerdings auch d\u00fcnn und leider auch nicht sehr lang (vielleicht ca. 1,5m, fast quadratisch), die wickel ich zus\u00e4tzlich um die F\u00fc\u00dfe; bei um die -5 oder -10\u00b0 nachts drau\u00dfen zieh ich die bis zum Hintern rauf, weil das die n\u00e4chste Stelle ist, die dann kalt wird. <\/p>\n<p>Abends ist diese Fleecedecke auch in Verwendung, z.B. an den Beinen unterm Tisch oder in Couchposition auch um den Oberk\u00f6rper, w\u00e4hrend der untere K\u00f6rperteil in einer dickeren Decke versteckt ist, damit ich dazwischen die Arme raustun kann f\u00fcr Handy etc.<\/p>\n<p>Ja, meine Nase ist dann nachts auch kalt, aber wenn man das merkt und so leicht von aufwacht, kommt eben ein St\u00fcck der Schlafsackkapuze wieder dort hin.<\/p>\n<p>Bei unter -10\u00b0, besonders dann bei -15\u00b0, wach ich nach ca. 5-6h auf, weil zu kalt und m\u00fcsste mal die Standheizung eine Runde laufen lassen. Die halt vom Bett aus am anderen Ende des Autos nicht erreichbar ist.<\/p>\n<p>Fraglich w\u00e4r also .. w\u00e4ren die -15\u00b0 ertr\u00e4glicher, wenn ich z.B. anstatt der d\u00fcnnen Fleecedecke oder der Steppdecke eine dickere h\u00e4tte? Oder ist das dann irgendwann egal, wieviel Decken man \u00fcbereinander stapelt?<\/p>\n<p>Ich hab in der Matratze ja auch noch die zwei Sitzheizmatten. Manchmal hatte ich die eine unter den F\u00fc\u00dfen an, kann aber dann auch zu warm werden, trotz Stufe 1; daher zuletzt hochkant hinterm Beifahrersitz reingesteckt, was bei -15\u00b0 aber eher zu kalt wird auf Stufe 1. Stufe 1 zieht ca. 0,7A oder etwas mehr, also bei 7-8 Stunden Schlaf ca. 5-7Ah. (Diesmal auf 13V betrachtet im Gegensatz zur Lichterkette oben mit 5V).<\/p>\n<p>Im Oberk\u00f6rperbereich war mir die Heizmatte bei den wenigen Tests auf verschiedenen Positionen immer viel zu warm, weil man ja auch drauf liegt, sich die Hitze staut und man ja leider keine Temperatursteuerung hat. Ob ich das mal nur im Bereich des Hintern probiert hatte, wei\u00df ich nicht. Da ich seitlich schlaf, auch fraglich, ob das viel bringt.<\/p>\n<p>Folgendes w\u00e4re also dabei verbesserungsf\u00e4hig:<br \/>\n.. die eine Matte f\u00fcr den oberen Bereich in ein Kissen stecken, das im Bereich des Hintern hinlegen und wenns zu kalt wird, dort mit dem Hintern hinr\u00fccken<br \/>\n.. in den Schlafsack reintun &#8211; naja, ohne Fixierung landet das dann mit der Zeit irgendwo und kabelm\u00e4\u00dfig auch schwierig bis zweifelhaft<br \/>\n.. eine Temperatursteuerung irgendwie anschaffen oder selbstbauen<br \/>\n.. schauen, ob es noch schw\u00e4chere Heizmatten als die bei Stufe 1 gibt<br \/>\n.. die Heizmatte unter die Matratze legen und diese aufw\u00e4rmen. Stromm\u00e4\u00dfig halt auch nicht sinnvoll.<\/p>\n<p>.. oder eine 12V-Heizdecke suchen, die sollte aber auch nicht so stark heizen wg. Stromverbrauch und Schwitzen oder mittels sehr nahem Schalter dann einschaltbar sein. Die meisten haben zwar den Nachteil, dass sie sich nach ein paar wenigen Stunden wieder ausschalten, aber beim Einschlafen brauch ich die ja eigentlich auch nicht, weil da noch w\u00e4rmer im Auto ist. Also auch hier etweder Temperatursteuerung zum Einschalten oder ein naher Einschalter, den man im Halbschlaf bedient.<\/p>\n<p>Wie bei der Heizmatte-im-Schlafsack-Variante aber auch hier wieder das Kabelproblem, wie bekommt man das Kabel in den Schlafsack und ohne dass man es (und sich selbst) zu sehr verwickelt?<\/p>\n<p>.. oder ein heizbarer Schlafsack, der sich ab bestimmten Temperaturen selbst einschaltet.<\/p>\n<p>\u00dcberraschenderweise gibts sogar beheizbare Schlafs\u00e4cke auf Amazon so um die 50 \u20ac. Die schauen aber so d\u00fcnn aus, dass ich die wenn, dann in meinen jetzigen Schlafsack mit rein tun m\u00fcsste. Dazu haben die ihre Heizpads an festen Stellen, zumeist ein Miniteil im Fu\u00dfbereich (wo ich mehr brauch), ein Teil im Fu\u00df\/Hinternbereich, ein Teil im R\u00fcckenbereich und ein Teil im Schulterbereich.<\/p>\n<p>Ne, das hat keinen Sinn, denk ich. Wenn die H\u00e4lfte der Heizeinlagen da ist, wo ich sie normalerweise nicht brauch&#8230; entweder tickt mein K\u00f6rper da ganz anders oder die Hersteller haben das nie selbst probiert ;) Naja, wenn ich so nachdenk, k\u00f6nnte es schon sein, dass es mich vielleicht auch mal im Oberk\u00f6rperbereich etwas gefr\u00f6stelt hatte und ich dann die Arme davor verschr\u00e4nkt hab &#8211; aber nach F\u00fc\u00dfe und Hintern dann erst weit abgeschlagen am 3. Platz bei noch geringeren Temperaturen.<\/p>\n<p>Ich k\u00f6nnte vielleicht auch noch probieren, zwei meiner Heizmatten hintereinander anzuschlie\u00dfen. Falls der Regler z.B. fix auf 0,7A  bei Stufe 1 regelt, dann w\u00fcrde das auf beide Heizmatten aufgeteilt werden. Oder er braucht dann eben doppelt soviel Strom, 1,4A&#8230;<\/p>\n<p>Ein weiteres Problem meiner Heizmatten ist, dass der Drehschalter mit den (sinnlosen) 7 Stufen oder so manchmal bei &#8220;ausgeschaltet&#8221; eher auf Maximum l\u00e4uft. Daher ja noch einen zus\u00e4tzlichen Ein\/Ausschalter eingebaut. Der wiederum aber nicht das komplette Regelteil stromlos macht, weil dahinter, statt davor geschaltet. Ich hatte da ja 2 solche Sets gekauft, die jeweils 1 Regler mit 2 Anschl\u00fcsse f\u00fcr 2 Heizmatten haben = f\u00fcr Sitzfl\u00e4che und R\u00fcckenlehne f\u00fcr einen Autositz gedacht.<\/p>\n<p>Die ganze Schalterbox hab ich ja im Elektrobereich, der bei aufgebautem Tisch darunter ist &#8211; also im Schlafmodus eher im Kniebereich und somit im Halbschlaf nicht ein\/ausschaltbar ist. D.h. den Dreh- und\/oder Ein\/Ausschalter k\u00f6nnte ich auch vielleicht anderswohin montieren, wo ich im Halbschlaf hinkomm.<\/p>\n<p>Nicht zu vergessen bei der ganzen Thematik ist aber auch die LiFePo4-Batterie selbst unterm Bett, die ja auch nicht zu kalt werden darf, denn Aufladen geht ja nur \u00fcber 0\u00b0 und auch bei st\u00e4rkerem Entladen kann sie bei K\u00e4lte hin und wieder streiken und bei -20\u00b0 drau\u00dfen nachts, vielleicht -15\u00b0 tags und dann vielleicht noch 3 Tage ohne Autofahrt, wird die beim n\u00e4chsten Campingplatz auch noch einige Zeit unter 0\u00b0 sein, da ja da wenig W\u00e4rme hinkommt von den Heizl\u00fcftern derzeit.<\/p>\n<p>Vielleicht sollte ich also eine meiner Heizmatten unter die Batterie legen. Dann sollte ich aber auch einen Temperaturf\u00fchler dort irgendwie erg\u00e4nzen. Erstens um zu sehen, wann ein Einschalten n\u00f6tig ist, zweitens um es wieder abzuschalten, wenn sich zuviel Hitze staut.<\/p>\n<p><strong>Di, 8.8.2023<\/strong><\/p>\n<p>Puh, zusammen mit den anderen offenen Punkten beim Auto (putzen werd ich jetzt nicht mehr schaffen, hoffentlich noch durchsaugen), Batterieprobleme (Laden, K\u00e4lte), K\u00e4lteprobleme .. da werd ich nach dem Hintertuxbesuch nochmals ordentlich besch\u00e4ftigt sein, falls ich dann wirklich schon Mitte September abreisen will&#8230;<\/p>\n<p><strong>Mi, 9.8.2023<\/strong><\/p>\n<p>Heut noch den Bratwursttest mit dem Grilltoaster gemacht, hatte aber nur noch 4 N\u00fcrnberger und keine Bratkartoffel mehr (au\u00dfer gr\u00f6\u00dfere Packung verpackt mit Speck); trotzdem anfangs offen gemacht zum Vergleich. Bei 0,055 kWh noch nix braun; evtl. besser die W\u00fcrstl an den Rand legen und die Kartoffeln in die Mulde, wenn man beides hat.<\/p>\n<p><a href='http:\/\/extra.inmontanis.info\/d\/99974-2\/DSC06709.jpg'><img src=http:\/\/extra.inmontanis.info\/d\/99973-3\/DSC06709.jpg \/><\/a><br \/>\n^ Wenn man N\u00fcrnberger mit Bratkartoffeln am Grilltoaster machen m\u00f6chte, sollte man wohl die W\u00fcrstl au\u00dfen rum legen und die Kartoffeln dann teills in die Mulde (und auch daneben).<\/p>\n<p>Daher mal abgschaltet, Restw\u00e4rme genutzt, wieder angeschlossen und Deckel doch noch geschlossen. Nach einiger Zeit wieder Strom an und bei 0,082 kWh wieder ausgeschaltet und Restw\u00e4rme genutzt. Es wird bei dem Teil halt schon viel unn\u00fctzes Zeug mit aufgeheizt &#8211; das ganze Geh\u00e4use innen wie au\u00dfen (nur f\u00fcr den kleinen Toastbereich in der Mitte) &#8230; nach ca. 5-10min Geh\u00e4use au\u00dfen noch 75\u00b0, innen 95\u00b0.<\/p>\n<p>Wenn ich das richtig verstehe und umrechne m\u00fcssten die 82 Wh \/ 13 V im Autobetrieb also 6,3 Ah sein + ca. 10% Verlust vom Wechselrichter. Vermutlich werden Bratw\u00fcrste mit Bratkartoffel im Chinakochtopf weniger Strom brauchen, da weniger Abw\u00e4rme anderswohin geht. Oder 6 W\u00fcrstl f\u00fcr 2 Bratwurstsemmeln, wo man den Grilltoaster dann schlie\u00dft und die Semmeln kalt l\u00e4sst. <\/p>\n<p>Hab die W\u00fcrstl dann gegessen, halt weniger anger\u00f6stet als letztes Mal, aber schon eine leichte hellbraune Schicht und innen hei\u00df.<\/p>\n<p><a href='http:\/\/extra.inmontanis.info\/d\/99978-2\/DSC06710.jpg'><img src=http:\/\/extra.inmontanis.info\/d\/99977-3\/DSC06710.jpg \/><\/a><br \/>\n^ .. weil die Mulde recht tief, bekommen die W\u00fcrstl so drinliegend kaum Br\u00e4une ab<\/p>\n<p>Auch nicht so leicht mit feuchten Papiert\u00fcchern zu reinigen, da etwas eingebrannt, was von den W\u00fcrsteln eben runtergetropft in die Mulde ist, daher etwas mehr Papier gebraucht. Aber nicht so extrem festgebrannt wie beim Raclettofen letztens direkt auf den Heizspiralen oder am Rost. Wobei man da ja nicht unbedingt den Rost nehmen m\u00fcsste, es gibt ja auch das Blech. Aber auch da brennt das Zeug an. Daher hatte ich das Teil ja so gut wie nie verwendet.<\/p>\n<p>Also, falls man sich was neukauft, w\u00fcrd ich eher zu so einem Grilltoaster\/Paninimaker tendieren, w\u00fcrde aber aufpassen, dass die Antihaftbeschichtung besser ist und keine solche tiefe Toastbrotmulde drin ist &#8211; gedacht ist das wohl daf\u00fcr, dass der Toast fertig abgeschlossen wird und nix rauslaufen kann. Eine flache Stelle dagegen w\u00fcrde das Ger\u00e4t universeller machen f\u00fcr gr\u00f6\u00dfere Toastscheiben oder l\u00e4ngere W\u00fcrste oder Pizzst\u00fccke usw.<\/p>\n<p>So&#8217;was in der Gr\u00f6\u00dfe scheint es aber nicht zu geben &#8211; entweder sie sind eckig und gr\u00f6\u00dfer und mit mehr Watt oder klein mit weniger Watt aber dann als &#8220;Waffeleisen&#8221; angepriesen (und mit vielen eckigen Vertiefungen) oder auch h\u00e4ufig: f\u00fcr 2 Toastbrote ebenfalls mit Mulden und auch noch diagonal geteilt. Komplett bl\u00f6dsinnig alles. Und solche Panini-Kontaktgriller, wie man sie auch auf italienischen Rastst\u00e4tten sieht .. die sind eher  gr\u00f6\u00dfer &#8230; also evtl. g\u00e4bs da eines, das gr\u00f6\u00dfenm\u00e4\u00dfig noch gehen w\u00fcrde, hat aber auch schon wieder 700W und die g\u00fcnstigen\/kleinen Teile haben da keine Regelung. <\/p>\n<p>Da kann ich auch mein altes Teil nehmen, so lang es geht. Tendenziell w\u00fcrd ich trotzdem lieber diesen Grilltoaster als meinen Miniraclettgrill mitnehmen, zus\u00e4tzlich zum Chinakochttopf, und werde \u00fcbern\u00e4chste Woche mal probieren, ob+wie sich die beiden Teile verstauen lassen.<\/p>\n<p>Leider heute+morgen nachmittags etwas Regen gemeldet hier oben, womit ich ungern mit dem Staubsauger zum Auto will &#8230; ab sp\u00e4testens Freitag wieder Hitzewelle angesagt, eh klar, ausgerechnet dann, wenn ich wieder wohin fahren will. Naja, daf\u00fcr wird auch in Hintertux mal recht sonnig gemeldet&#8230; wenn auch sehr warm ..<\/p>\n<p>&#8211;<\/p>\n<p>Fertig wurde ich heute endlich mit den \u00c4nderungen im Blog, jedenfalls so, dass ich das nun online stellen konnte.<\/p>\n<p>Es sollten nun also alle Skiberichte mit einem Gebiets- oder Regionsnamen unterhalb der L\u00e4nderebene kategorisiert sein. Auch einige andere Kategorien hab ich etwas angepasst.<\/p>\n<p>Die L\u00e4nder\/Gebiets-Kategorien sind jetzt neu am rechten Rand zu sehen und mit +\/- aufklappbar. <\/p>\n<p>Zus\u00e4tzlich gibts noch zwei Indexseiten mit einer etwas unterschiedlichen Darstellung der Kategorieren (aufklappbar bzw. alle sichtbar):<\/p>\n<p><a href='http:\/\/blog.inmontanis.info\/?page_id=9356'>http:\/\/blog.inmontanis.info\/?page_id=9356<\/a><\/p>\n<p><a href='http:\/\/blog.inmontanis.info\/?page_id=9332'>http:\/\/blog.inmontanis.info\/?page_id=9332<\/a><\/p>\n<p>(Wobei die Liste der Gebiete im Blog l\u00e4nger ist als bei der Skigebietsstatistik, da ich ja einige nur im Sommer besucht hatte, also nicht skigefahren bin oder wg. Stilllegung nicht konnte. Wobei ich trotzdem nicht alle Gebiete eingetragen hab, insb. die, die ich nur einmal kurz besuchte und\/oder wenig Fotos machte oder aus dem Fenster bei Vorbeifahrt fotografierte, daf\u00fcr spendierte ich keine Regions-\/Gebietskategorie.)<\/p>\n<p>Das Hinzuf\u00fcgen der alten Berichte wird also der n\u00e4chste Meilenstein werden, den ich vielleicht heuer noch anfange, ggf. n\u00e4chsten Sommer daf\u00fcr mehr Zeit haben werde.<\/p>\n<p><em>N\u00e4chster Bericht folgt hoffentlich vom Hintertuxer in ca. 4-14 Tagen.<\/em><\/p>\n","protected":false},"excerpt":{"rendered":"<p>So, 30.7.2023<\/p>\n<p>Irgendwie dr\u00e4ngt mich das Fernweh ja auch schon wieder, bin aber ja nun seit 2 Wochen Stubenhocker und gehe nur vielleicht 1x am Tag zum Postler oder Auto runter. Falls das mit den Skitagen Mitte August in Hintertux nix werden sollte, werd ich ja eh mal zum Einkaufen runter fahren m\u00fcssen. Oder ich <a href=\"http:\/\/blog.inmontanis.info\/?p=9407\">[&#8230;]<\/a><\/p>\n","protected":false},"author":1,"featured_media":9412,"comment_status":"closed","ping_status":"closed","sticky":false,"template":"","format":"standard","meta":{"footnotes":""},"categories":[8],"tags":[],"class_list":["post-9407","post","type-post","status-publish","format-standard","has-post-thumbnail","hentry","category-private","odd"],"_links":{"self":[{"href":"http:\/\/blog.inmontanis.info\/index.php?rest_route=\/wp\/v2\/posts\/9407","targetHints":{"allow":["GET"]}}],"collection":[{"href":"http:\/\/blog.inmontanis.info\/index.php?rest_route=\/wp\/v2\/posts"}],"about":[{"href":"http:\/\/blog.inmontanis.info\/index.php?rest_route=\/wp\/v2\/types\/post"}],"author":[{"embeddable":true,"href":"http:\/\/blog.inmontanis.info\/index.php?rest_route=\/wp\/v2\/users\/1"}],"replies":[{"embeddable":true,"href":"http:\/\/blog.inmontanis.info\/index.php?rest_route=%2Fwp%2Fv2%2Fcomments&post=9407"}],"version-history":[{"count":2,"href":"http:\/\/blog.inmontanis.info\/index.php?rest_route=\/wp\/v2\/posts\/9407\/revisions"}],"predecessor-version":[{"id":9411,"href":"http:\/\/blog.inmontanis.info\/index.php?rest_route=\/wp\/v2\/posts\/9407\/revisions\/9411"}],"wp:featuredmedia":[{"embeddable":true,"href":"http:\/\/blog.inmontanis.info\/index.php?rest_route=\/wp\/v2\/media\/9412"}],"wp:attachment":[{"href":"http:\/\/blog.inmontanis.info\/index.php?rest_route=%2Fwp%2Fv2%2Fmedia&parent=9407"}],"wp:term":[{"taxonomy":"category","embeddable":true,"href":"http:\/\/blog.inmontanis.info\/index.php?rest_route=%2Fwp%2Fv2%2Fcategories&post=9407"},{"taxonomy":"post_tag","embeddable":true,"href":"http:\/\/blog.inmontanis.info\/index.php?rest_route=%2Fwp%2Fv2%2Ftags&post=9407"}],"curies":[{"name":"wp","href":"https:\/\/api.w.org\/{rel}","templated":true}]}}