{"id":930,"date":"2009-10-17T19:16:18","date_gmt":"2009-10-17T17:16:18","guid":{"rendered":"http:\/\/blog.inmontanis.info\/?p=930"},"modified":"2023-07-01T20:57:37","modified_gmt":"2023-07-01T18:57:37","slug":"hintertuxer-gletscher","status":"publish","type":"post","link":"http:\/\/blog.inmontanis.info\/?p=930","title":{"rendered":"Hintertuxer Gletscher, 17.10.2009"},"content":{"rendered":"<p>ca. 1 Meter Neuschnee, Kaserer 1+2 waren offen, 3SB Schlegeis vmtl. wegen Wind zu, Kaserer 1 ab Zwischeneinstieg, unterer Kaserer-Weg aber noch zu, man muss also leider oben \u00fcber Olperer r\u00fcber. SL Ramsmoos an der Sommerbergalm ge\u00f6ffnet, 6SB Sommerberg ab Mittag in Betrieb.<!--more--><\/p>\n<p>Ich glaub die 6SB Sommerberg ist eher eine Good-Will-Aktion und nur halb-offiziell &#8211; evtl. auch weil die 3SB Schlegeis zu war und zuf\u00e4llig 2 Bedienstete da waren? :-)<\/p>\n<p>Abfahrt zur Sommerbergalm war unpr\u00e4pariert, aufgrund schlechter Sicht und Beschneiungshaufen teilweise anstrengend zu fahren gewesen, allerdings war&#8217;s oben aufgrund der schlechten Sicht auch nicht besser.<\/p>\n<p>Am TFH haben&#8217;s in der links-Kurve nun 2 Abfahrten, eine geht links der DSB, da wo fr\u00fcher nur die Pistenraupen gefahren sind&#8230;<\/p>\n<p>Leider war&#8217;s nachmittags von der Sicht her noch schlechter, so dass ich weder nochmal die Mittelstationsabfahrt noch die Talabfahrt gefahren bin. Letztere war ja auch noch nicht ausgesteckt und im waldfreien Teil oben ist sie nicht so leicht zu finden :-(<\/p>\n<p><a href='http:\/\/ski.inmontanis.info\/d\/104668-2\/P1440284.JPG'><img src=http:\/\/ski.inmontanis.info\/d\/104666-3\/P1440284.JPG \/><\/a><br \/>\n^ Ankunft im f\u00fcr Mitte Oktober tief verschneiten Tux .-)<\/p>\n<p><a href='http:\/\/ski.inmontanis.info\/d\/104672-2\/P1440286.JPG'><img src=http:\/\/ski.inmontanis.info\/d\/104670-3\/P1440286.JPG \/><\/a><br \/>\n^ Die Wald-Talabfahrt sind auch schon einige gefahren..<\/p>\n<p><a href='http:\/\/ski.inmontanis.info\/d\/104676-2\/P1440288.JPG'><img src=http:\/\/ski.inmontanis.info\/d\/104674-3\/P1440288.JPG \/><\/a><br \/>\n^ Am SL Ramsmoos war einiges los, gab kleinere Wartezeiten.<\/p>\n<p><a href='http:\/\/ski.inmontanis.info\/d\/104680-2\/P1440292.JPG'><img src=http:\/\/ski.inmontanis.info\/d\/104678-3\/P1440292.JPG \/><\/a><br \/>\n^ Sommerbergalm-Abfahrt war unpr\u00e4pariert ge\u00f6ffnet, die 6SB in Betrieb!<\/p>\n<p>Wie gesagt, danach wurde es sichtm\u00e4\u00dfig tw. wesentlich schlechter.<\/p>\n","protected":false},"excerpt":{"rendered":"<p>ca. 1 Meter Neuschnee, Kaserer 1+2 waren offen, 3SB Schlegeis vmtl. wegen Wind zu, Kaserer 1 ab Zwischeneinstieg, unterer Kaserer-Weg aber noch zu, man muss also leider oben \u00fcber Olperer r\u00fcber. SL Ramsmoos an der Sommerbergalm ge\u00f6ffnet, 6SB Sommerberg ab Mittag in Betrieb.<\/p>\n<p> <a href=\"http:\/\/blog.inmontanis.info\/?p=930\">[&#8230;]<\/a><\/p>\n","protected":false},"author":1,"featured_media":0,"comment_status":"open","ping_status":"closed","sticky":false,"template":"","format":"standard","meta":{"footnotes":""},"categories":[246,25,13,27],"tags":[],"class_list":["post-930","post","type-post","status-publish","format-standard","hentry","category-hintertux","category-noreport","category-austria","category-skifahren-winterskiing-winter","odd"],"_links":{"self":[{"href":"http:\/\/blog.inmontanis.info\/index.php?rest_route=\/wp\/v2\/posts\/930","targetHints":{"allow":["GET"]}}],"collection":[{"href":"http:\/\/blog.inmontanis.info\/index.php?rest_route=\/wp\/v2\/posts"}],"about":[{"href":"http:\/\/blog.inmontanis.info\/index.php?rest_route=\/wp\/v2\/types\/post"}],"author":[{"embeddable":true,"href":"http:\/\/blog.inmontanis.info\/index.php?rest_route=\/wp\/v2\/users\/1"}],"replies":[{"embeddable":true,"href":"http:\/\/blog.inmontanis.info\/index.php?rest_route=%2Fwp%2Fv2%2Fcomments&post=930"}],"version-history":[{"count":6,"href":"http:\/\/blog.inmontanis.info\/index.php?rest_route=\/wp\/v2\/posts\/930\/revisions"}],"predecessor-version":[{"id":936,"href":"http:\/\/blog.inmontanis.info\/index.php?rest_route=\/wp\/v2\/posts\/930\/revisions\/936"}],"wp:attachment":[{"href":"http:\/\/blog.inmontanis.info\/index.php?rest_route=%2Fwp%2Fv2%2Fmedia&parent=930"}],"wp:term":[{"taxonomy":"category","embeddable":true,"href":"http:\/\/blog.inmontanis.info\/index.php?rest_route=%2Fwp%2Fv2%2Fcategories&post=930"},{"taxonomy":"post_tag","embeddable":true,"href":"http:\/\/blog.inmontanis.info\/index.php?rest_route=%2Fwp%2Fv2%2Ftags&post=930"}],"curies":[{"name":"wp","href":"https:\/\/api.w.org\/{rel}","templated":true}]}}