{"id":915,"date":"2008-01-27T23:59:01","date_gmt":"2008-01-27T21:59:01","guid":{"rendered":"http:\/\/blog.inmontanis.info\/?p=915"},"modified":"2023-08-04T18:24:02","modified_gmt":"2023-08-04T16:24:02","slug":"polsa-brentonico-und-monte-baldo-27-1-2008-3s3l-tag-9","status":"publish","type":"post","link":"http:\/\/blog.inmontanis.info\/?p=915","title":{"rendered":"Polsa-Brentonico und Monte Baldo, 27.1.2008 (3S3L Tag 9)"},"content":{"rendered":"<p>79\tPolsa-Valentino-Brentonico und Monte Baldo-Malcesine 27.1.2008\t<a href=\"javascript:history.back()\">Zur\u00fcck<\/a> <\/p>\n<p><strong>Tour de 3 laghi, 9. Tag: Sonntag, 27.1.2008: Polsa-Brentonico und Pra Alpesina-Monte Baldo<\/strong> <\/p>\n<p><em>Dreiviertel 1 war ich daheim, noch kurz im Internet nachgeschaut was der Schnee und das Wetter macht &#8211; Wecker auf 7 Uhr gestellt und mich f\u00fcr morgen Brentonico ausgesucht &#8211; da gibts ja noch einen ESL .. und die Tageskarte gilt auch am Monte Baldo, na bitte.. dann machen wir aus der heurigen Wallis-Tour eben eine &#8220;Tour de 3 laghi&#8221; &#8211; nach Maggiore, Leman nun noch etwas Garda&#8230; (Der Weg  nach Gaver &#038; Maniva w\u00e4r mir zu lang gewesen (bzw. h\u00e4tt ich dann schon um 5 aufstehen m\u00fcssen))<br \/>\n<\/em> <\/p>\n<p>Tja &#8211; Brentonico hat mich schlussendlich gar nicht \u00fcberzeugt. Die 4SB &#8220;Pokemon&#8221; h\u00e4tte die meisten und interessantesten Abfahrten, aber halt langsam und 10min Wartezeit. An der 4KSB ebenfalls: 10min Wartezeit. <\/p>\n<p>An den beiden Grafferliften (ESL Rosa del Sole und SL Momo) ging&#8217;s von den Wartezeiten her (ca. 1min). <\/p>\n<p><a href='http:\/\/ski.inmontanis.info\/d\/51504-1\/gps_polsa.jpg'><img src=http:\/\/ski.inmontanis.info\/d\/51506-3\/gps_polsa.jpg \/><\/a><br \/>\n^ GPS-Track &#8211; nicht alle Abfahrten gefahren  &#8230; <\/p>\n<p><a href='http:\/\/ski.inmontanis.info\/d\/51509-1\/P1220728.JPG'><img src=http:\/\/ski.inmontanis.info\/d\/51511-3\/P1220728.JPG \/><\/a><br \/>\n^ Skigebiet von Brentonico aus  <\/p>\n<p><a href='http:\/\/ski.inmontanis.info\/d\/51513-1\/P1220729.JPG'><img src=http:\/\/ski.inmontanis.info\/d\/51515-3\/P1220729.JPG \/><\/a><br \/>\n^ Linke H\u00e4lfte des Skigebiets: SL Momo (links), 4KSB Motagnola (mitte-rechts) <\/p>\n<p><a href='http:\/\/ski.inmontanis.info\/d\/51517-1\/P1220730.JPG'><img src=http:\/\/ski.inmontanis.info\/d\/51519-3\/P1220730.JPG \/><\/a><br \/>\n^ ESL Rosa del Sole (Mitte) und 4SB Postemon (rechts) <\/p>\n<p><a href='http:\/\/ski.inmontanis.info\/d\/51521-1\/P1220732.JPG'><img src=http:\/\/ski.inmontanis.info\/d\/51523-3\/P1220732.JPG \/><\/a><br \/>\n^ Abfahrten an der 4SB Postemon <\/p>\n<p><a href='http:\/\/ski.inmontanis.info\/d\/51525-1\/P1220733.JPG'><img src=http:\/\/ski.inmontanis.info\/d\/51527-3\/P1220733.JPG \/><\/a><br \/>\n^ Abfahrten an der 4SB Postemon. Viel mehr h\u00e4tte mans nicht mehr remodellieren k\u00f6nnen ;-) <\/p>\n<p><a href='http:\/\/ski.inmontanis.info\/d\/51529-1\/P1220739.JPG'><img src=http:\/\/ski.inmontanis.info\/d\/51531-3\/P1220739.JPG \/><\/a><br \/>\n^ Zoom nach &#8230; Ist das das ehemalige Cornetto-Skigebiet in Folgaria?? <\/p>\n<p><a href='http:\/\/ski.inmontanis.info\/d\/51533-1\/P1220740.JPG'><img src=http:\/\/ski.inmontanis.info\/d\/51535-3\/P1220740.JPG \/><\/a><br \/>\n^ Rechte Seite des Skigebiets mit Anf\u00e4nger-Bereichh\u00e4nge und Abfahrten <\/p>\n<p><a href='http:\/\/ski.inmontanis.info\/d\/51537-1\/P1220741.JPG'><img src=http:\/\/ski.inmontanis.info\/d\/51539-3\/P1220741.JPG \/><\/a><br \/>\n^ Blick zur 4KSB Montagnola <\/p>\n<p><a href='http:\/\/ski.inmontanis.info\/d\/51541-1\/P1220742.JPG'><img src=http:\/\/ski.inmontanis.info\/d\/51543-3\/P1220742.JPG \/><\/a><br \/>\n^ ESL und Polsa <\/p>\n<p><a href='http:\/\/ski.inmontanis.info\/d\/51545-1\/P1220771.JPG'><img src=http:\/\/ski.inmontanis.info\/d\/51547-3\/P1220771.JPG \/><\/a><br \/>\n^ Talstation ESL Rosa del Sole <\/p>\n<p><a href='http:\/\/ski.inmontanis.info\/d\/51549-1\/P1220744.JPG'><img src=http:\/\/ski.inmontanis.info\/d\/51551-3\/P1220744.JPG \/><\/a><br \/>\n^ Talsation und Strecke ESL Rosa d. Sole <\/p>\n<p><a href='http:\/\/ski.inmontanis.info\/d\/51553-1\/P1220752.JPG'><img src=http:\/\/ski.inmontanis.info\/d\/51555-3\/P1220752.JPG \/><\/a><br \/>\n^ Bergstation ESL Rosa d. Sole <\/p>\n<p><a href='http:\/\/ski.inmontanis.info\/d\/51557-1\/P1220754.JPG'><img src=http:\/\/ski.inmontanis.info\/d\/51559-3\/P1220754.JPG \/><\/a><br \/>\n^ Talstation 4KSB Montagnola. Wartezeiten an 4SB und 4KSB jeweils ca. 10 Minuten &#8230;. <\/p>\n<p><a href='http:\/\/ski.inmontanis.info\/d\/51561-1\/P1220755.JPG'><img src=http:\/\/ski.inmontanis.info\/d\/51563-3\/P1220755.JPG \/><\/a><br \/>\n^ SL Momo <\/p>\n<p>Negative Erfahrung am SL Momo: Ich bin da bei meiner letzten Fahrt den Hang und die SL Spur r\u00fcbergequert. Hat mich doch der Lift&#8217;ler dann an der Talstation gesagt, dass es verboten ist, den SL zu queren. Obwohl da nirgends ein Schild oder ein  Zaun stand. Heidernei, also manxmal sind die Italiener schon extrem zweiseitig&#8230;. Am \u00dcbungs-SL San Valentino, der einzige B\u00fcgel-SL hier und ganz rechts am Plan, ist eine SL-\u00dcberfahrt erst gar nicht m\u00f6glich: Auf ganzer Linie wurde rechts des SL ein Zaun aufgestellt&#8230;&#8230;. <\/p>\n<p><a href='http:\/\/ski.inmontanis.info\/d\/51565-1\/P1220756.JPG'><img src=http:\/\/ski.inmontanis.info\/d\/51567-3\/P1220756.JPG \/><\/a><br \/>\n^ SL Momo. Ja, das gef\u00e4llt mir schon eher :) <\/p>\n<p><a href='http:\/\/ski.inmontanis.info\/d\/51569-1\/P1220758.JPG'><img src=http:\/\/ski.inmontanis.info\/d\/51571-3\/P1220758.JPG \/><\/a><br \/>\n^ Bergstation SL Momo und S\u00fcdpano <\/p>\n<p><a href='http:\/\/ski.inmontanis.info\/d\/51573-1\/P1220759.JPG'><img src=http:\/\/ski.inmontanis.info\/d\/51575-3\/P1220759.JPG \/><\/a><br \/>\n^ S\u00fcdpano mit Po-Ebene und am Horizont der Appennin <\/p>\n<p><a href='http:\/\/ski.inmontanis.info\/d\/51577-1\/P1220762.JPG'><img src=http:\/\/ski.inmontanis.info\/d\/51579-3\/P1220762.JPG \/><\/a><br \/>\n^ Nord-Pano mit Abfahrt am SL Momo <\/p>\n<p><a href='http:\/\/ski.inmontanis.info\/d\/51581-1\/P1220764.JPG'><img src=http:\/\/ski.inmontanis.info\/d\/51583-3\/P1220764.JPG \/><\/a><br \/>\n^ Talstation SL Momo, Dieselantrieb, Anb\u00fcgelhilfe <\/p>\n<p><a href='http:\/\/ski.inmontanis.info\/d\/51585-1\/P1220767.JPG'><img src=http:\/\/ski.inmontanis.info\/d\/51587-3\/P1220767.JPG \/><\/a><br \/>\n^ Ehemaliges Lifth\u00e4uschen? Weit oberhalb 4KSB Montagnola <\/p>\n<p><a href='http:\/\/ski.inmontanis.info\/d\/51589-1\/P1220770.JPG'><img src=http:\/\/ski.inmontanis.info\/d\/51591-3\/P1220770.JPG \/><\/a><br \/>\n^ An der 4KSB Montagnola steht vor jeder (!) St\u00fctze ein WC &#8211; ob die tats\u00e4chlich auch offen waren, hab ich aber nicht probiert :) <\/p>\n<p><a href='http:\/\/ski.inmontanis.info\/d\/51593-1\/P1220773.JPG'><img src=http:\/\/ski.inmontanis.info\/d\/51595-3\/P1220773.JPG \/><\/a><br \/>\n^ SL San Valentino. Ist lahm und auf der ganzen L\u00e4nge keine \u00dcberquerung m\u00f6glich. Kompletter Anf\u00e4ngerhang ..g\u00e4hn <\/p>\n<p><a href='http:\/\/ski.inmontanis.info\/d\/51597-1\/P1220779.JPG'><img src=http:\/\/ski.inmontanis.info\/d\/51599-3\/P1220779.JPG \/><\/a><br \/>\n^ Skigebiet Polsa-Valentino vom Monte Baldo Skigebiet aus <\/p>\n<p>Alles in Allem fand ich das Skigebiet recht langweilig und aufgrund der Wartezeiten an den 4er Sesselbahnen bin ich auch nicht alle Abfahrten durchgefahren, bevor ich mich nach 13 Uhr zum ESL Pra Alpesina aufmachte. Die Fahrt ist gar nicht so kurz, aber sehr interessant :) <\/p>\n<p>Dort im Monte Baldo-Gebiet eine kleine \u00dcberraschung, dass am SL Falco keine B\u00fcgel hingen &#8211; wurde der inzwischen eingetellt? Wenigstens lief der ESL noch, obwohl er auch seit 2 Jahren h\u00e4tte ersetzt werden sollen&#8230; <\/p>\n<p>Leider ist der Gardasee-Seitige Lift noch nicht wieder in Betrieb genommen  &#8211; der w\u00e4r schon verdammt interessant, v.a. weils der einzige Lift w\u00e4r, an dessen Abfahrt man einen Blick zum See h\u00e4tte&#8230; <\/p>\n<p>Schnee war genug und Wartezeiten gabs keine und meinen Skipass hat auch keiner kontrolliert (keine Drehkreuze) &#8211; h\u00e4tt ich genauso gut schwarz fahren k\u00f6nnen :) <\/p>\n<p>Negativ aufgefallen ist mir, dass ja auch hier wieder etliche gro\u00dfe Fangnetze stehen und die SL-Trassen soweit wie es nur m\u00f6glich ist, eingez\u00e4unt werden, damit ja niemand quert o.\u00e4. &#8211; ganz ehrlich: Da ist mir das &#8220;Laisse-Fair&#8221; in Frankreich in Thollon wesentlich lieber, zudem ist Thollon gr\u00f6\u00dfer und abwechslungsreicher und man f\u00e4hrt fast laufend auf den See zu &#8230;. es ist halt extremst nervig, dass das Skigebiet am Monte Baldo so gesund geschrumpft wurde &#8211; unten in meinen GPS-Track hab ich mal die ganzen mir bekannten geschlossenen Lifte eingezeichnet, wobei ich v.a. bei den orangenen Trassen total unsicher bin, wie die genau waren.. <\/p>\n<p>Nichts desto trotz hat das Skigebiet am Monte Baldo nat\u00fcrlich seinen Reiz, aber ein halber Tag reicht! <\/p>\n<p><a href='http:\/\/ski.inmontanis.info\/d\/51601-1\/P1220734.JPG'><img src=http:\/\/ski.inmontanis.info\/d\/51603-3\/P1220734.JPG \/><\/a><br \/>\n^ Zoom r\u00fcber zum Skigebiet Monte Baldo &#8211; Pra Alpesina von San Valentino aus <\/p>\n<p><a href='http:\/\/ski.inmontanis.info\/d\/51605-1\/P1220735.JPG'><img src=http:\/\/ski.inmontanis.info\/d\/51607-3\/P1220735.JPG \/><\/a><br \/>\n^ SL Colma und PB-Bergstation von San Valentino aus gezoomt <\/p>\n<p><a href='http:\/\/ski.inmontanis.info\/d\/51609-1\/P1220737.JPG'><img src=http:\/\/ski.inmontanis.info\/d\/51611-3\/P1220737.JPG \/><\/a><br \/>\n^ ESL Pra Alpesina mit Abfahrten von San Valentino gezoomt <\/p>\n<p><a href='http:\/\/ski.inmontanis.info\/d\/51613-1\/P1220775.JPG'><img src=http:\/\/ski.inmontanis.info\/d\/51615-3\/P1220775.JPG \/><\/a><br \/>\n^ Rechts: ESL Pra Alpesina, mitte SL Falco (neuerdings stillgelegt?), links weiterer, stillgelegter SL <\/p>\n<p><a href='http:\/\/ski.inmontanis.info\/d\/51617-1\/P1220776.JPG'><img src=http:\/\/ski.inmontanis.info\/d\/51619-3\/P1220776.JPG \/><\/a><br \/>\n^ Dieser SL ist schon seit etlichen Jahren geschlossen&#8230; <\/p>\n<p><a href='http:\/\/ski.inmontanis.info\/d\/51621-1\/P1220797.JPG'><img src=http:\/\/ski.inmontanis.info\/d\/51623-3\/P1220797.JPG \/><\/a><br \/>\n^ Strecke des stillgelegten SL neben dem SL Falco. Wie lang der wohl war? <\/p>\n<p><a href='http:\/\/ski.inmontanis.info\/d\/51625-1\/P1220798.JPG'><img src=http:\/\/ski.inmontanis.info\/d\/51627-3\/P1220798.JPG \/><\/a><br \/>\n^ Die beiden stillgelegten SL und der ESL <\/p>\n<p><a href='http:\/\/ski.inmontanis.info\/d\/51629-1\/P1220777.JPG'><img src=http:\/\/ski.inmontanis.info\/d\/51631-3\/P1220777.JPG \/><\/a><br \/>\n^ Im ESL, Blick zur Bergstation SL Pozza della Stella <\/p>\n<p><a href='http:\/\/ski.inmontanis.info\/d\/51633-1\/P1220780.JPG'><img src=http:\/\/ski.inmontanis.info\/d\/51635-3\/P1220780.JPG \/><\/a><br \/>\n^ ESL Pra Alpesina <\/p>\n<p><a href='http:\/\/ski.inmontanis.info\/d\/51637-1\/P1220783.JPG'><img src=http:\/\/ski.inmontanis.info\/d\/51639-3\/P1220783.JPG \/><\/a><br \/>\n^ Zoom nach &#8230; ?? Sollte irgendwas in der Gegend Folgaria sein &#8230; <\/p>\n<p><a href='http:\/\/ski.inmontanis.info\/d\/51641-1\/P1220786.JPG'><img src=http:\/\/ski.inmontanis.info\/d\/51643-3\/P1220786.JPG \/><\/a><br \/>\n^ Links SL Pozza della Stella, dahinter SL Colma <\/p>\n<p><a href='http:\/\/ski.inmontanis.info\/d\/51645-1\/P1220787.JPG'><img src=http:\/\/ski.inmontanis.info\/d\/51647-3\/P1220787.JPG \/><\/a><br \/>\n^ SL Colma &#8211; gut eingez\u00e4unt &#8230; <\/p>\n<p><a href='http:\/\/ski.inmontanis.info\/d\/51649-1\/P1220790.JPG'><img src=http:\/\/ski.inmontanis.info\/d\/51651-3\/P1220790.JPG \/><\/a><br \/>\n^ PB-Bergstation und SL Pozza della Stella <\/p>\n<p><img src=http:\/\/ski.inmontanis.info\/d\/51653-1\/P1220793.JPG \/><br \/>\n^ PB und Gardasee <\/p>\n<p><a href='http:\/\/ski.inmontanis.info\/d\/51657-1\/P1220789.JPG'><img src=http:\/\/ski.inmontanis.info\/d\/51659-3\/P1220789.JPG \/><\/a><br \/>\n^ Zoom Ende Garda-See, Po-Ebene und Appennin <\/p>\n<p><a href='http:\/\/ski.inmontanis.info\/d\/51661-1\/gps_baldo.jpg'><img src=http:\/\/ski.inmontanis.info\/d\/51663-3\/gps_baldo.jpg \/><\/a><br \/>\n^ GPS-Track. Gelb, Schwarz, Orange, Lila: Ungef\u00e4hrer Verlauf der stillgelegten SL; Rot: PB<br \/>\n(Anklicken zum Vergr\u00f6\u00dfern) <\/p>\n","protected":false},"excerpt":{"rendered":"<p>Dreiviertel 1 war ich daheim, noch kurz im Internet nachgeschaut was der Schnee und das Wetter macht \u2013 Wecker auf 7 Uhr gestellt und mich f\u00fcr morgen Brentonico ausgesucht \u2013 da gibts ja noch einen ESL &#8230; <a href=\"http:\/\/blog.inmontanis.info\/?p=915\">[&#8230;]<\/a><\/p>\n","protected":false},"author":1,"featured_media":0,"comment_status":"open","ping_status":"closed","sticky":false,"template":"","format":"standard","meta":{"footnotes":""},"categories":[70,520,15,463,27,32],"tags":[49,35,52,45,47],"class_list":["post-915","post","type-post","status-publish","format-standard","hentry","category-70","category-brentonico","category-italienitaly","category-monte-baldo","category-skifahren-winterskiing-winter","category-lostplaces","tag-4sb","tag-esl","tag-pb","tag-see","tag-sl","odd"],"_links":{"self":[{"href":"http:\/\/blog.inmontanis.info\/index.php?rest_route=\/wp\/v2\/posts\/915","targetHints":{"allow":["GET"]}}],"collection":[{"href":"http:\/\/blog.inmontanis.info\/index.php?rest_route=\/wp\/v2\/posts"}],"about":[{"href":"http:\/\/blog.inmontanis.info\/index.php?rest_route=\/wp\/v2\/types\/post"}],"author":[{"embeddable":true,"href":"http:\/\/blog.inmontanis.info\/index.php?rest_route=\/wp\/v2\/users\/1"}],"replies":[{"embeddable":true,"href":"http:\/\/blog.inmontanis.info\/index.php?rest_route=%2Fwp%2Fv2%2Fcomments&post=915"}],"version-history":[{"count":3,"href":"http:\/\/blog.inmontanis.info\/index.php?rest_route=\/wp\/v2\/posts\/915\/revisions"}],"predecessor-version":[{"id":918,"href":"http:\/\/blog.inmontanis.info\/index.php?rest_route=\/wp\/v2\/posts\/915\/revisions\/918"}],"wp:attachment":[{"href":"http:\/\/blog.inmontanis.info\/index.php?rest_route=%2Fwp%2Fv2%2Fmedia&parent=915"}],"wp:term":[{"taxonomy":"category","embeddable":true,"href":"http:\/\/blog.inmontanis.info\/index.php?rest_route=%2Fwp%2Fv2%2Fcategories&post=915"},{"taxonomy":"post_tag","embeddable":true,"href":"http:\/\/blog.inmontanis.info\/index.php?rest_route=%2Fwp%2Fv2%2Ftags&post=915"}],"curies":[{"name":"wp","href":"https:\/\/api.w.org\/{rel}","templated":true}]}}