{"id":8870,"date":"2023-07-29T11:52:04","date_gmt":"2023-07-29T09:52:04","guid":{"rendered":"http:\/\/blog.inmontanis.info\/?p=8870"},"modified":"2023-07-30T12:29:47","modified_gmt":"2023-07-30T10:29:47","slug":"lichterkette-kochen-regale-munzen-sommerskigebiete-tische-auto-17-7-29-7-2023","status":"publish","type":"post","link":"http:\/\/blog.inmontanis.info\/?p=8870","title":{"rendered":"Lichterkette, Kochen, Regale, M\u00fcnzen, Sommerskigebiete, Tische, Auto, &#8230; 17.7.-29.7.2023"},"content":{"rendered":"<p><strong>Mo, 17.7.2023<\/strong><\/p>\n<p>So, womit anfangen heute, kochtechnisch? Erst \u00c4lpler oder erst Pizza? Bei dem Pizzateig wird&#8217;s ja so sein, dass der ganze Teig zu gro\u00df sein wird f\u00fcr meinen Mikrowellen+Hei\u00dfluft-Ofen. Was zudem dort drin nie richtig funktioniert hat, eine teigfrische TK-Pizza, die nicht vorgegart ist, zu erhitzen &#8211; der Teig wurde da nie richtig durch, d.h. ich sollte den Pizzateig nicht, wie beschrieben, erst belegen und gleich backen, sondern lieber zumindest die halbe Zeit ohne Vorbacken?<\/p>\n<p>Sollten dann hoffentlich 2-4 Portionen werden und ich geh mal davon aus, dass man den Teig nach dem \u00d6ffnen weder gro\u00dfartig aufheben noch einfrieren sollte, also werd ich gleich den ganzen Teig vorbacken und einen Teil belegen und einen Teil unbelegt einfrieren. <\/p>\n<p>Mit Creme Fraiche, Bergk\u00e4se oder Appenzeller, Kartoffeln, Speck, Zwiebeln .. da l\u00e4sst sich auch eine franz\u00f6sische Montagnard- oder Savoyarde-Pizza machen &#8230; <\/p>\n<p>.. wobei ich ja kein Fan von rohen Zwiebeln bin &#8211; lieber ger\u00f6stet, karamellisiert, ged\u00fcnstet etc. Es l\u00e4ge also nah, erstmal alle Zwiebeln zu karamellisieren (auch f\u00fcr die \u00c4lpler) und dann einzufrieren,  gleich mal einen Topf Kartoffeln zu kochen und den Rest (f\u00fcr \u00c4lpler oder Kartoffelpfannen) einzufrieren.<\/p>\n<p><a href='http:\/\/extra.inmontanis.info\/d\/99758-2\/DSC06533.jpg'><img src=http:\/\/extra.inmontanis.info\/d\/99757-3\/DSC06533.jpg \/><\/a><br \/>\n^ Schaut nach sehr viel Zwiebeln aus &#8230;<\/p>\n<p>Laut Rezepten sollten die Zwiebel nach 20min irgendwie glasig werden, taten sie aber nicht. Hab dann trotzdem den Zucker dazu &#8211; evtl. zu fr\u00fch und vmtl. auch zu viel Zucker erwischt.<\/p>\n<p><a href='http:\/\/extra.inmontanis.info\/d\/99762-2\/DSC06535.jpg'><img src=http:\/\/extra.inmontanis.info\/d\/99761-3\/DSC06535.jpg \/><\/a><br \/>\n^ &#8230; aber nach R\u00f6sten und Karamellisieren sinds nicht mehr so viel.<\/p>\n<p>Als n\u00e4chstes kamen noch etwas Speckw\u00fcrfel in die Pfanne, danach sah ich mir endlich mal die Gr\u00f6\u00dfe des Pizzateigs an. Doch gar nicht mal soooo viel. Konnte ich aufteilen auf 1x Backofen und 1x Pfanne, nach 10min drehte ich den Teig im Backofen mal f\u00fcr ein paar Minuten um, weil er von oben schon braun wurde (und unten noch recht roh schien), bevor es ans Belegen ging..<\/p>\n<p><a href='http:\/\/extra.inmontanis.info\/d\/99766-2\/DSC06536.jpg'><img src=http:\/\/extra.inmontanis.info\/d\/99765-3\/DSC06536.jpg \/><\/a><br \/>\n^ Gek\u00fchlter Pizzateig, zu gro\u00df f\u00fcr mein rundes Mikrowelle-Backofen-Blech ..<\/p>\n<p><a href='http:\/\/extra.inmontanis.info\/d\/99770-2\/DSC06537.jpg'><img src=http:\/\/extra.inmontanis.info\/d\/99769-3\/DSC06537.jpg \/><\/a><br \/>\n^ &#8230; daher kommt ein Teil des Pizzateigs in die Pfanne<\/p>\n<p>Creme Fraiche (keine Ahnung, ob das richtig ist und wieviel man davon drauf tun soll), Kartoffeln, Speck, Zwiebel .. und das Pizza-Gew\u00fcrz fast vergessen &#8211; wieviel davon -, bisschen Appenzeller noch gew\u00fcrfelt und dann den geriebenen Bergk\u00e4se drauf, der sich gefroren \u00fcbrigens super leicht portionsweise entnehmen l\u00e4sst!<\/p>\n<p><a href='http:\/\/extra.inmontanis.info\/d\/99774-2\/DSC06539.jpg'><img src=http:\/\/extra.inmontanis.info\/d\/99773-3\/DSC06539.jpg \/><\/a><br \/>\n^ Pizza mit Creme Fraiche, Kartoffel, (angebratenem) Speck, Zwiebel (und nat\u00fcrlich noch K\u00e4se) belegt, fast wie in Frankreich<\/p>\n<p>.. und noch ein paar Minuten in den Ofen und eigentlich wollt ich da ja nur die H\u00e4lfte von essen und die andere einfrieren.<\/p>\n<p><a href='http:\/\/extra.inmontanis.info\/d\/99778-2\/DSC06540.jpg'><img src=http:\/\/extra.inmontanis.info\/d\/99777-3\/DSC06540.jpg \/><\/a><br \/>\n^ .. und fertig ist die Pizza<\/p>\n<p>Ja, also die H\u00e4lfte reichte (dicker Teig!) und bei den Zwiebeln hatte ich zu viel Zucker erwischt, da h\u00e4tte ich wie, wie teilweise beschrieben, mit Essig l\u00f6schen sollen. (Hab ja immer noch etwas britischen Malt Vinegar, seit Jahren angebrochenes Fl\u00e4schchen.)<\/p>\n<p>Dass ich mit der Kocherei ca. 3 Stunden besch\u00e4ftigt sein w\u00fcrde, h\u00e4tte ich nicht erwartet. <\/p>\n<p>Hab ich zuviel Sachen eingekauft? 4 faschierte Laibchen + 4 TK-Schnitzel + 4 Portionen \u00c4lpler Maccaroni + 3 Portionen Pizza + 2&#215;2 Bernerw\u00fcrstl + 2-3 Portionen Bratw\u00fcrste .. sind ja schon 3 Wochen .. und was ist mit den Eiern, den Paprika+Champignonglas (ok, das w\u00e4r haltbar) f\u00fcr Nudel\/kartoffelt\u00f6pfe + die Speckw\u00fcrfel + &#8230;? <\/p>\n<p>Ansonsten nat\u00fcrlich Beleuchtungsthema .. hab mich ja quasi f\u00fcr eine Lichterkette entschieden, aber da gibts ja auch hunderte Varianten, mit oder ohne Kugeln, Sterne oder anderes Zeug, die LEDs in der Schnur oder raush\u00e4ngend, nur bunt, nur warmwei\u00df, bunt und\/oder warmwei\u00df, bunt und\/oder kaltwei\u00df, nehm ich 10m oder 20m oder irgendwas dazwischen oder die billigen 30m &#8230; jedenfalls kein Solar und kein Batteriebetrieb und nat\u00fcrlich nur mit Fernbedienung, aber ob das Warmwei\u00df bei manchen vielleicht zu gelblich ist oder das Kaltwei\u00df bei manchen vielleicht zu bl\u00e4ulich ist, kann man anhand der Bilder nat\u00fcrlich nicht erkennen. Und auch f\u00fcr Befestigung an Wand oder Decke g\u00e4be es mehrere M\u00f6glichkeiten mit N\u00e4gel, Kabelschellen oder Clips oder Halter zum Rumwickeln..<\/p>\n<p><strong>Di, 18.7.2023<\/strong><\/p>\n<p>Mich gestern noch gewundert, warum ich 2 M\u00fccken in der Wohnung hatte, klebt das Fliegennetz nicht richtig am Klettband? Ha! Heute den Grund gesehen: Darunter sind noch Luft\u00f6ffnungen in der Metallschiene, die vom Fliegennetz bisher nicht bedeckt waren, also neues Band kleben m\u00fcssen.<\/p>\n<p>Erwartungsgem\u00e4\u00df liegt noch ein starker Zwiebelduft in der Wohnung, aber besser das als der Altrauchduft. <\/p>\n<p>Bin mal meine alte M\u00fcnzsammlung durchgegangen. Wusste gar nicht mehr, dass ich doch etliche deutsche und \u00f6sterreichische M\u00fcnzen von ca. 1890-1950 habe, auch z.B. die 5 Silber-Kronen von 1900, wo ich mir ja letztens die nachgepr\u00e4gten 100 Goldkronenm\u00fcnze gekauft hatte (diese aber wegen Goldwert). Die Silberm\u00fcnzen d\u00fcrften so ziemlich die wertvollsten in meiner Sammlung sein. Nur ganz wenige meiner M\u00fcnzen d\u00fcrften noch im Umlauf sein (z.B. UK, CH) und die meisten sind wohl nur 0,50-3 \u20ac Wert und das wohl auch nur, wenn man sie etwas sch\u00f6ner herrichten w\u00fcrde, manche k\u00f6nnten mehr, manche weniger wert sein.<\/p>\n<p>Die meisten L\u00e4nder meiner M\u00fcnzen gibt es entweder gar nicht mehr (in dieser Staatsform, z.B. im Osten) oder haben jetzt Euro. In der UdSSR gab es sogar eine 15-Kopeken-M\u00fcnze. Toppt ja fast noch die 3er M\u00fcnzen hier und da oder die 200,- Mark M\u00fcnze von der Inflation vor 100 Jahren. Was ich im Netz gar nicht find, ist die CSU-Gedenkm\u00fcnze\/Medaille inkl. FJS zum 70. von 1985 aus Silber. Also da find ich etliche, aber die schauen anders aus, als die, die (warum auch immer) ich habe und k\u00f6nnte somit einer der wertvollereren sein. Trotzdem mal pauschal von einem Durchschnittswert von 1,- \u20ac pro M\u00fcnze ausgehend, w\u00e4ren es dann ca. 300,- \u20ac. (Ohne die letzten Gold+Silberk\u00e4ufe.)<\/p>\n<p>Heut Abend zwar nicht so starkes Gewitter, wie heuer schon einmal erlebt, aber diesmal 2x Stromausfall. (Meine USV ist ja leider seit einiger zeit batteriem\u00e4\u00dfig kaputt, muss ich auch noch eine Ersatzbatterie bestellen.)<\/p>\n<p><strong>Mi, 19.7.2023<\/strong><\/p>\n<p>2 N\u00e4gel, 2 halbe Lanyard und ein St\u00fcck alte Schlafcouchholzlatte und fertig ist ein kleines Vorratsregal. Warum hab ich da letztes Jahr umst\u00e4ndlich D\u00fcbel und Schrauben verwendet, f\u00fcr die leichten Trams damals h\u00e4tten N\u00e4gel ja noch problemloser gepasst.<\/p>\n<p>In den n\u00e4chsten Tagen hatte ich noch die zwei anderen &#8220;Reg\u00e4lchen&#8221; in der K\u00fcche montiert: <\/p>\n<p><a href='http:\/\/extra.inmontanis.info\/d\/99806-2\/DSC06567.jpg'><img src=http:\/\/extra.inmontanis.info\/d\/99805-3\/DSC06567.jpg \/><\/a><br \/>\n^ Die 3 Lanyard-Regale (aus Ex-Schlafcouchteilen, zuvor f\u00fcr die Trams usw. verwendet) sind nun in der K\u00fcche, aber angenagelt statt geschraubt.<\/p>\n<p><a href='http:\/\/extra.inmontanis.info\/d\/99782-2\/DSC06542.jpg'><img src=http:\/\/extra.inmontanis.info\/d\/99781-3\/DSC06542.jpg \/><\/a><br \/>\n^ Die durch die Umstellung des gro\u00dfen Schrankes stark verdunkelte K\u00fcche &#8230;<\/p>\n<p><a href='http:\/\/extra.inmontanis.info\/d\/99786-2\/DSC06546.jpg'><img src=http:\/\/extra.inmontanis.info\/d\/99785-3\/DSC06546.jpg \/><\/a><br \/>\n^ .. wird jetzt mit einem Spiegel aufgehellt.<\/p>\n<p><a href='http:\/\/extra.inmontanis.info\/d\/99790-2\/DSC06550.jpg'><img src=http:\/\/extra.inmontanis.info\/d\/99789-3\/DSC06550.jpg \/><\/a><br \/>\n^ Nun schr\u00e4g gestellter Spiegelschrank f\u00fcr die K\u00fcchenaufhellung<\/p>\n<p>.. wenn der jetzt aber so schr\u00e4g steht, um mit dem Spiegel die K\u00fcche zu erhellen, hab ich ein Problem mit dem beidseitig offenem 3D-Druck-Regal-Gebilde, wo ich die Trams unterbringen wollte &#8230;<\/p>\n<p>Bin heut mal die Webcams der Alpengletscher durchgegangen. Vor einigen Jahren war&#8217;s ja noch so, dass etliche Skigebiete im Juli und auch noch August h\u00e4tten \u00f6ffnen k\u00f6nnen, aber nicht mehr wollten. Mittlerweile k\u00f6nnten sie wohl auch gar nicht mehr. Da sollte ich wohl doch etwas froher sein, dass es Hintertux noch gibt .. Stelvio schaut am Geister-SL auch schon recht d\u00fcster aus, als w\u00fcrde nur noch die Abfahrt links vom SL pr\u00e4pariert werden.<\/p>\n<p>&#8220;F\u00fcr&#8217;s Protokoll&#8221;: Folgefonna hatte am 16.7. den letzten Skitag f\u00fcr &#8220;Touristen&#8221; &#8220;aus Sicherheitsgr\u00fcnden&#8221;, derzeit also nur noch f\u00fcr Trainingsmannschaften offen. Obwohl noch genug Schnee liegt laut Fotos, wie halt jedes Jahr. Eigentlich sollte ich die f\u00fcr so ein Verhalten n\u00e4chstes Jahr ja nicht besuchen, sondern boykottieren. Nicht, dass das Verhalten dort neu w\u00e4re, aber es macht Norwegen halt einfach auch immer unsympathischer, insb. im Vgl. zu Schweden. Dort galt wohl sogar Mitte Juni noch der Winter-Saisonskipass in Riksgr\u00e4nsen f\u00fcr deren Midsommer-\u00d6ffnung. Ob das n\u00e4chstes Jahr m\u00f6glich ist, falls ich dort bin und die Saisonkarte haben sollte?<\/p>\n<p>Tignes verlangt \u00fcbrigens auch bei den Mehrtageskarten von 2-10 Tagen so viel wie bei der Tageskarte: 47,- \u20ac &#8212; auch eine Unversch\u00e4mtheit, f\u00fcr die man sie boykottieren sollte. Ab dem 11. Tag darf man die ganze Sommersaion fahren (517,- \u20ac) &#8211; also 5 Wochen, wenn der Schnee h\u00e4lt. Saisonende am 23.7.<br \/>\nW\u00fcrd mich nicht wundern, wenn in Tignes wegen der heuer so teuren Skip\u00e4sse so wenig los war lt. Webcam.<\/p>\n<p>Cervinia verlangt f\u00fcr den 6-Tagespass zum Sommerskifahren in Zermatt 283,- .. damit kommt man (fast ebenfalls) auf  47,17 \u20ac pro Tag (TK kostet 59,-); aber halt schon zweifelhaft, dass Zermatt mal 6 Tage in Folge offen hat, oder? ;) Das ist ja in Cervinia sehr h\u00e4ufig nervig, du wartest stundenlang an der Talstation, ob die Schweizer das OK geben, dass das Sommerskigebiet \u00f6ffnet. Sommersaisonkarte 700,-. <\/p>\n<p>Stelvio TK 54,- und 6TK 240,- = 40,- (bei 7TK 36,-) und Saisonkarte 782,-, wobei die ja l\u00e4nger gilt als in Cervinia. 10 Tage in der Saison 470,- &#8211; da w\u00e4ren wir wieder bei den 47,- pro Tag.<\/p>\n<p>Hintertux verlangt TK wie Cervinia 59,-, bei 6TK 281,50 (= 46,92\/Tag), bei 10 Tagen ist man noch auf 42,-\/Tag. Sommersaisonkarte vergleichsweise g\u00fcnstige 632,- f\u00fcr die kurze oder eher recht teuere 1.090,- f\u00fcr die lange. Skiclubs zahlen wohl 398,- f\u00fcr die kurze, zumindest steht bei mir &#8220;SC&#8221; drauf. Und so lang ich die um den Preis bekomm &#8230;. werden die anderen Sommerskigebiete leider immer uninteressanter :(<\/p>\n<p>Folgefonna 1TK ca. 40,-, bei 7 Tagen ca. 33,40, plus Maut ca. 9,-\/Tag;<br \/>\nGaldh\u00f8piggen 1TK ca. 40,-, bei 5 Tagen ca. 33,40 plus Maut ca. 13,50\/Tag, damit sind wir wieder einmal bei den heute schon oft genannten 47,-)<\/p>\n<p>Wenn ich dann das alles so \u00fcberleg, sollte ich vielleicht doch nicht ganz ausschlie\u00dfen, mir in den n\u00e4chsten Jahren nochmals die Sommersaisonkarte f\u00fcr Hintertux zu kaufen&#8230;. es wird zwar auch immer schei\u00dfiger, aber im Vergleich zu den meisten anderen .. wobei ich ja schon sagen muss, dass mit der UK\/IoM-Sommer\/Herbst letztes Jahr besser gefiel als der heurige im Wechsel daheim+Hintertux. (Mit Ausnahme von dem recht sinnlosen Rumgefahre in Irland und Schottland, also eher auf Isle of Man und die alten Trams\/Museen in England bezogen.)<\/p>\n<p><strong>Do, 20.7.2023<\/strong><\/p>\n<p>Die Lichterkette wurde heute geliefert. Hatte mich ja f\u00fcr die g\u00fcnstigste entschieden, 20m um 12,10 \u20ac. Die hat sowohl Multifarb- wie Warmwei\u00df-Modus (und diverse andere Spielereien), samt (leider kaum zu unterscheidende) 4 Helligkeitstufen und passenderweise gr\u00fcne Kabel. Das Warmwei\u00df ist nicht zu gelb, bei den Multifarbmodi scheint mir das Gr\u00fcn der Wand aber sch\u00f6ner rauszukommen.<\/p>\n<p><a href='http:\/\/extra.inmontanis.info\/d\/99794-2\/DSC06553.jpg'><img src=http:\/\/extra.inmontanis.info\/d\/99793-3\/DSC06553.jpg \/><\/a><br \/>\n^ Die Lichterkette kann sowohl bunt ..<\/p>\n<p><a href='http:\/\/extra.inmontanis.info\/d\/99798-2\/DSC06554.jpg'><img src=http:\/\/extra.inmontanis.info\/d\/99797-3\/DSC06554.jpg \/><\/a><br \/>\n^ .. wie auch in Warmwei\u00df leuchten<\/p>\n<p>Somit stellen sich wieder einige Fragen: wie weit entfernt von der Wand h\u00e4ng ich die an die Decke, welche Bereiche leg ich mit den 20m aus (auch den Bettbereich, wo ich eh schwer an die Decke die N\u00e4gel werd h\u00e4mmern k\u00f6nnen und auch die Gefahr ist, dass es sich im Monitor spiegelt) und wie locker lass ich sie zwischen die einzelnen Befestigungen durchh\u00e4ngen? Je weniger Durchhang und je weiter oben an der Decke somit, sollte wohl f\u00fcr weniger Blendung sorgen. Je n\u00e4her an der Wand und auch je weiter weg von der Wand, desto weniger wird die Wand angestrahlt (und ich will sie ja m\u00f6glichst angestrahlt haben &#8230;)<\/p>\n<p>Die Befestigung soll mit schwarzen Kabelschellen erfolgen, die ich etwas abzwicken werde, damit ich das Lichterband rein- und raush\u00e4ngen kann, ohne die genagelten Kabelschellen wieder rausziehen zu m\u00fcssen.<\/p>\n<p>Nach 2 Seiten mal ein weiterer Test, Helligkeit an sich eigentlich ausreichend, so dass ich hinterm Schrank auch beleuchten k\u00f6nnte, aber was das Verbessern des Anblicks der gr\u00fcnen Wand angeht &#8230; ist das nicht sehr stark.  Oder ich bin zu nah an der Wand. Leider ist der Unterschied der 4 Helligkeitsstufen recht gering, die hellste k\u00f6nnte gern heller, die dunkelste gern dunkler sein.<\/p>\n<p><a href='http:\/\/extra.inmontanis.info\/d\/99802-2\/DSC06564.jpg'><img src=http:\/\/extra.inmontanis.info\/d\/99801-3\/DSC06564.jpg \/><\/a><br \/>\n^ Bei Tag wird die Wand leider nicht sp\u00fcrbar erhellt<\/p>\n<p>Allerdings kommt so eine bunte Lichterkette an einer dunklen Decke schon geiler als an einer hellen, da der Kontrast h\u00f6her ist und es so bunter wirkt.<\/p>\n<p>Alles mal aufgespannt, wobei ab der K\u00fcche noch keine Deckenn\u00e4gel, sondern nur an den Lampen etwas freifliegend rumgehangen: hinten im Bettbereich oder Flur ist es gleich mal recht spiegelnd im Monitor, das ist also leider nix.<\/p>\n<p><a href='http:\/\/extra.inmontanis.info\/d\/99814-2\/DSC06572.jpg'><img src=http:\/\/extra.inmontanis.info\/d\/99813-3\/DSC06572.jpg \/><\/a><br \/>\n^ Lichterkette, in der Richtung bin ich mir noch unklar, muss mal noch abwarten, bis ich die Tische verstellt hab und meine neuen Computersitzposition eingenommen hab &#8230;<\/p>\n<p>Und was auch interessant ist, dass es nun (inkl. Flur+Bettbereich) in der ganzen Wohnung, in jedem Bereich, jeder Ecke (au\u00dfer Bad), gleich hell ist, wenn Fenster verdunkelt und die Lichterkette an. Das macht so eine indirekte Beleuchtung eigentlich sehr sympathisch und wirkt, als w\u00e4re man in der Abendd\u00e4mmerung unter freiem Himmel.<\/p>\n<p>Also ich kann eigentlich nur jedem raten, seine Wohnung mit so einer Lichterkette\/Lichtleiste zu erhellen, ggf. eine die nat\u00fcrlich auch heller ist oder mit mehreren Bahnen aber jedenfalls das ist so eine krass ungewohnte nat\u00fcrlich wirkende Wohnungsbeleuchtung, wenn man nicht einen oder mehrere Lichtspots hat sondern quasi die komplette Decke leuchtet und den Raum gleichm\u00e4\u00dfig erhellt..<\/p>\n<p>Wie momentan fast jeden Tag gab es auch heute Nachmittag\/Abend wieder ein Gewitter.. Daf\u00fcr, dass ich um Corona 2-3 Jahre kein einziges oder fast kein einziges Gewitter erlebt hatte, schon interessant heuer. Falsche Gegend? ;)<\/p>\n<p><strong>Fr, 21.7.2023<\/strong><\/p>\n<p>Immer wieder eigenartig, wie man manchmal Begriffe liest, die man noch nie zuvor gelesen hat und mit denen man nichts anfangen kann, pl\u00f6tzlich aber in kurzer Zeit von \u00fcberall verwendet werden.<\/p>\n<p>Heutiges Beispiel: &#8220;Pop-up-store&#8221;. Sollen laut Definition wohl Gesch\u00e4ftsl\u00e4den sein, die bewusst nur f\u00fcr eine bestimmte Zeit existieren. Also, falls das neue Kleidungsgesch\u00e4ft um die Ecke demn\u00e4chst wieder weg ist, k\u00f6nnte es sich nicht um einen schnellen Konkurs gehandelt haben, sondern um einen absichtlich befristeten Pop-up-Store. <\/p>\n<p>.. bescheuert ..<\/p>\n<p>Im Auto hab ich ja 2 Akku-LED-Lichter, via USB aufladbar, so weit so gut, aber sie haben einen extrem gro\u00dfen und nervigen Nachteil: Touchsensor zum Ein-\/Ausschalten. Es gibt nix nervigeres als Touchsensoren, weil man immer versehentlich hinkommt, wenn man die Lampe in die Hand nimmt, was anderes aus der N\u00e4he nehmen will &#8211; und wenn man den Touchsensor im Dunklen mal sucht, findet man ihn auch wesentlich schlechter.<\/p>\n<p>Daher mal die Lampe aufgemacht (keine Schraube n\u00f6tig) und mir das Gelumpe mal angesehen &#8211; aber wie bef\u00fcrchtet, ist der Sensor fest mit der Platine verbunden und man kann das wohl nicht einfach z.B. mit einem Schiebeschalter ersetzen. Zudem mit dem Touchsensor ja auch noch die Helligkeit geregelt werden kann. Was an sich schon auch sehr praktisch ist.<\/p>\n<p>M\u00f6glich w\u00e4re vielleicht an den Kabeln vom Akku einen zus\u00e4tzlichen Ein-\/Ausschalter einzubauen. Das w\u00e4r aber auch nur dann zielf\u00fchrend, wenn sich die Lampe bei Strom-An dann wieder einschaltet, falls sie zuvor eingeschaltet war und sich auch die Helligkeit gemerkt hat. Zu viele &#8220;wenn&#8217;s&#8221;, also lass ich das mal so und \u00e4rger mich halt weiter.<\/p>\n<p>Es w\u00e4r ja vielleicht schon besser, wenn der Sensor nicht gar so extrem empfindlich w\u00e4r. Schaltet aber sogar, wenn man die dem Sensor n\u00e4here Schraube der Platine ganz leicht ber\u00fchrt. Auch mit 2 Lagen Gewebeklebeband \u00fcber dem Sensor ist er nach wie vor sehr empfindlich. Falls das \u00fcberhaupt eine Wirkung zeigen sollte.<\/p>\n<p>Da meine gekochten (tiefgek\u00fchlten) Kartoffeln aufgebraucht sind, musste ich wieder welche kochen. Diesmal sch\u00e4lte ich sie mal vor dem Kochen. Keine Ahnung, was da leichter gehen soll, vor oder nach, scheint f\u00fcr mich beides Vor- und Nachteile zu haben.<\/p>\n<p>Ansonsten wollte ich heute ein Schnitzel mit einer einfachen Champignon-Sahne-(evtl.K\u00e4se-) Sauce machen (ohne weitere Zutaten), allerdings hab ich gestern+vorgestern von den \u00c4lplermaccaroni wohl nicht sooo viel Sahne \u00fcbrig gelassen f\u00fcr die Souce, daher eben Bratkartoffel dazu statt Nudeln oder Kartoffelp\u00fcree, die m.E. mehr Sauce br\u00e4uchten.<\/p>\n<p>Auf den Rezeptseiten soll man f\u00fcr eine Champignon-Sahneso\u00dfe noch Gem\u00fcsebr\u00fche hinzuf\u00fcgen, aber bei Nudelt\u00f6pfen auf meinen Reisen fand ich die Sahne-Champignon-K\u00e4se-Sauce eigentlich perfekt.<\/p>\n<p><a href='http:\/\/extra.inmontanis.info\/d\/99810-2\/DSC06568.jpg'><img src=http:\/\/extra.inmontanis.info\/d\/99809-3\/DSC06568.jpg \/><\/a><br \/>\n^ Die letzten beiden Tage hatte ich \u00c4lplermaccaroni, den Rest Sahne verwendete ich f\u00fcr ein Schnitzel mit Champignon-K\u00e4se-Sahne-Creme, f\u00fcr mehr So\u00dfe hat&#8217;s nicht mehr gereicht; dazu K\u00fcmmel-Bratkartoffel<\/p>\n<p>Ich hatte ja erw\u00e4hnt, dass ich mir von Amazon einen Veilchensirup hab schicken lassen. Der ist mal extrem zuckerig, taugt mir also im Sodawasser nicht, maximal ein kleiner Spritzer zus\u00e4tzlich zu einem Schuss zuckerfreien Sodastream-Sirup, bringt aber kaum Veilchengeschmack, sondern man merkt fast nur den Zucker, also bl\u00f6d.<\/p>\n<p>Wo ein Schuss von dem Veilchensirup aber sehr lecker ist, ist Milch, entweder zu ein bisschen Kakao  oder dann f\u00fcr die M\u00fcslimilch. Testen wollte ich auch, ob man aus der Kombination Spr\u00fchsahne+Milch+Veilchensirup Eiscreme machen kann. Aber meine Tiefk\u00fchltruhe ist momentan komplett voll.<\/p>\n<p><strong>Sa, 22.7.2023<\/strong><\/p>\n<p>Seit gestern Nachmittag sind wieder mehr Bewohner im Haus, entsprechend kann ich das Fenster wieder nur eingeschr\u00e4nkt \u00f6ffnen, will ich nicht durch Zigarattenqualm bel\u00e4stigt werden.<\/p>\n<p>Wohnungstemperaturen sind aber relativ konstant geblieben in dieser Woche um ca. 21,5-22,5\u00b0 den ganzen Tag \u00fcber, teils hab ich aber die ganze Nacht das Fenster offen gelassen plus den ganzen Vormittag. (In der folgenden Woche hab ich nur noch selten nachts ge\u00f6ffnet, weil zu kalt, brauchte stattdessen an manchen Tagen eine zweite Decke \u00fcber den F\u00fc\u00dfen nachts im Bett.)<\/p>\n<p><a href='http:\/\/extra.inmontanis.info\/d\/99818-2\/DSC06580.jpg'><img src=http:\/\/extra.inmontanis.info\/d\/99817-3\/DSC06580.jpg \/><\/a><br \/>\n^ Das d\u00fcnne Regalbrett hinterm Schrank hab ich mit paar \u00fcbrigen Holzleisten etwas verst\u00e4rkt<\/p>\n<p><a href='http:\/\/extra.inmontanis.info\/d\/99822-2\/DSC06581.jpg'><img src=http:\/\/extra.inmontanis.info\/d\/99821-3\/DSC06581.jpg \/><\/a><br \/>\n^ Den linken F\u00e4cher-Kasten hab ich vielleicht schon seit den 90ern, den rechten vor einigen Jahren von meinem Gro\u00dfvater quasi geerbt, stand schon in Innsbruck nur auf dem Boden, jetzt erstmals endlich nicht mehr<\/p>\n<p>Gut, dass ich die Kabelschellen zu Haken abgeschnitten hab, denn mir kam gestern noch eine Idee f\u00fcr eine alternative Ecke, die ich testweise mal legen wollte, wof\u00fcr ich einen weiteren Befestigungspunkt in die Decke schlagen musste. Als generellen Abstand der Halter w\u00e4hlte ich \u00fcbrigens ca. 67cm, sowie ca. 20cm von der Wand, aber nicht alles so exakt.<\/p>\n<p><a href='http:\/\/extra.inmontanis.info\/d\/99826-2\/DSC06582.jpg'><img src=http:\/\/extra.inmontanis.info\/d\/99825-3\/DSC06582.jpg \/><\/a><br \/>\n^ In dieser Ecke hab ich die Lichterkette nun etwas anders verlegt; dadurch fehlte sp\u00e4ter auf der anderen Seite bisschen was, aber das gef\u00e4llt mir, das bleibt so.<\/p>\n<p><a href='http:\/\/extra.inmontanis.info\/d\/99830-2\/DSC06579.jpg'><img src=http:\/\/extra.inmontanis.info\/d\/99829-3\/DSC06579.jpg \/><\/a><br \/>\n^ Da die Lichterkette dunkelgr\u00fcne Kabel hat, ist sie ausgeschaltet kaum zu sehen<\/p>\n<p>Schon cool, was man mit so einer Lichterkette alles anstellen kann, wieso hab ich mir zwar schon vor \u00fcber 10 Jahren solche LED-Strips, aber noch nie so eine LED-Lichterkette gekauft  ;)<\/p>\n<p>Man k\u00f6nnte sich so sogar einen Stern bzw. eine Schneeflocke auf der Decke verlegen. In meinem Fall aber nicht passend, da ich ja den Monitor zum Arbeiten\/Tippen im Stehen zeitweise auf ca. 70-80\u00b0 nach oben stelle und sich dadurch die Deckenlichter \u00fcber mir im Monitor spiegeln w\u00fcrden.<\/p>\n<p>Etwas ungew\u00f6hnliche (saucenlose) Kartoffeltopfabwandlung heute, gew\u00fcrfelte Kartoffeln, K\u00fcmmel, faschierte Laibchen, Champignons, K\u00e4se und 2 Eier. Die s\u00e4uerlich eingelegten Champignons haben eher nicht dazu gepasst.<\/p>\n<p><strong>So, 23.7.2023<\/strong><\/p>\n<p>Heute stand das gro\u00dfe Tischer\u00fccken am Plan &#8230;<\/p>\n<p>Erst die bekannten, sinnvollsten M\u00f6glichkeiten nochmals durchprobiert, dann noch eine Variante eingefallen und die Entscheidung fiel schwer, insbesondere zu der neuen, die weitere Vor- und Nachteile hatte&#8230;<\/p>\n<p>Da ich nun mal wieder meinen 3D-Drucker (bisher ja nie vern\u00fcnftig verwendet) ausgepackt hatte; hab ja erw\u00e4hnt, dass ich mir 3D-Rahmen f\u00fcr meine Modelltrams drucken wollte &#8230; das wird leider auch nix bzw. nur f\u00fcr einen Teil der Trams, da die maximale Druckgr\u00f6\u00dfe 14x14x14cm ist und einige Trams sind l\u00e4nger. <\/p>\n<p>Die alternative Idee war ja, diese Rahmen nicht an die Wand zu h\u00e4ngen, sondern eine beidseitig offene  Trennwand daraus zu machen, ggf. diese an einer Seite mit farbigen Plexiglasscheiben verzieren, als Verl\u00e4ngerung der innenliegenden Trennwand. Da m\u00fcsste ich dann also, damit die gro\u00dfen Trams reinpassen, teilweise doppelt breite Boxen machen. Wobei ich ja momentan eh nicht mehr den urspr\u00fcnglichen Platz zur Verf\u00fcgung hab, weil der eine Schrank ja wegen des r\u00fcckseitig montierten Spiegels zum Aufhellen der K\u00fcche nun schr\u00e4g steht. Aber das 3D-Drucken wollt ich ja eh auf n\u00e4chstes Jahr verschieben. Falls ich  n\u00e4chstes Jahr im Sommer daheim bin. K\u00f6nnte ja sein, dass ich im Herbst wieder nach UK fahren will.<\/p>\n<p>Nach dem Stellen der Tische kam die Frage des Stellen der PCs, Monitor und sonstigem Zeux&#8230;.<\/p>\n<p><a href='http:\/\/extra.inmontanis.info\/d\/99834-2\/DSC06600.jpg'><img src=http:\/\/extra.inmontanis.info\/d\/99833-3\/DSC06600.jpg \/><\/a><br \/>\n^ Die 2 Conrad-Powermanager hatte ich schon in den 90ern, der Sharp Videorekorder kam paar Jahre sp\u00e4ter<\/p>\n<p>Leider funktioniert der neuere, schwarze nicht mehr, bzw. funktionierte er nur, wenn er auf dem Kopf lag (dabei brummte er aber auch stark).<\/p>\n<p><a href='http:\/\/extra.inmontanis.info\/d\/99838-2\/DSC06611.jpg'><img src=http:\/\/extra.inmontanis.info\/d\/99837-3\/DSC06611.jpg \/><\/a><br \/>\n^ Der Transformator ist locker und hat den Umzug nicht \u00fcberlebt, evtl. weil die Platine auf dem Deckel kopf\u00fcber montiert ist, vielleicht ganz unten im Umzugskarton war und der auch mal auf den Boden geschmissen wurde &#8230; <\/p>\n<p>Die beiden Ger\u00e4te hab ich ja schon seit den 90ern, bei der Gelegenheit mal ein paar Bilder meiner vorherigen Zimmer\/Wohnungen:<\/p>\n<p><a href='http:\/\/extra.inmontanis.info\/d\/99842-2\/IMG0064-1995.jpg'><img src=http:\/\/extra.inmontanis.info\/d\/99841-3\/IMG0064-1995.jpg \/><\/a><br \/>\n^ Ein altes Foto von meinem letzten Zimmer in N\u00fcrnberg, 1995 oder 1996, auf dem sind beide Powermanager zu sehen. Was die anderen Sachen angeht&#8230;<br \/>\nS\u00e4mtliche M\u00f6bel (Regale, Schreibtische, Hifi-Rack) mit Ausnahme ggf. der Regalhalterkonsolenwinkel sind nicht mehr vorhanden<br \/>\nHifi-Rack: (Rack selbst mit Umzug innerhalb Innsbruck 2006 entsorgt)<br \/>\n&#8211; Kassetten, Disketten: evtl. noch was vorhanden<br \/>\n&#8211; schwarzer Powermanager: vorhanden, seit ca. letztem Umzug defekt<br \/>\n&#8211; VHS-Tapes: vorhanden<br \/>\n&#8211; Beide Videorekorder: wurden ersetzt, vom Ersatz evtl. nur noch 1 vorhanden<br \/>\n&#8211; Geodreieck: vorhanden<br \/>\n&#8211; C=1084-Monitor: leider von einem Innsbrucker Nachbar zerst\u00f6rt<br \/>\n&#8211; PiP &#8211; Ger\u00e4t daneben: in Innsbruck aussortiert, weil nicht mehr verwendet<br \/>\nRegale von oben:<br \/>\n&#8211; Disketten-, Audio- und Videokassettenboxen: alle beim letzten Umzug entsorgt, Inahlt teilweise\/gr\u00f6\u00dftenteils noch vorhanden<br \/>\n&#8211; Star Thermotransferdrucker: schon lang entsorgt<br \/>\n&#8211; leere CD-H\u00fcllen: beim letzten Umzug entsorgt<br \/>\nSchreibtisch links:<br \/>\n&#8211; Telefon links am Schreibtisch h\u00e4ngend: unbekannt, evtl. beim letzten Umzug aussortiert.<br \/>\n&#8211; Tastatur: entsorgt<br \/>\n&#8211; Sharp PC-1403H auf Tastatur: vorhanden, lang nicht mehr verwendet<br \/>\n&#8211; CRT-Monitor: entsorgt<br \/>\n&#8211; Umschalter \u00fcbern Monitor: K\u00f6nnte noch vorhanden sein oder beim letzten Umzug aussortiert<br \/>\n&#8211; HiFi-Anlage: wurde ersetzt, Ersatz noch vorhanden (nicht mehr verwendet)<br \/>\n&#8211; Umschalter dar\u00fcber: noch vorhanden, lang nicht mehr verwendet<br \/>\n&#8211; wei\u00dfer Powermanager: vorhanden und immer in Verwendung gewesen<br \/>\n&#8211; Amiga 4000 darauf stehend: vorhanden, lang nicht mehr verwendet<br \/>\n&#8211; Diskettenlaufwerk: vmtl. vorhanden<br \/>\n&#8211; Psion Series 3a: schon lang verkauft<br \/>\nSchreibtisch rechts:<br \/>\n&#8211; Tombox (CD-Aufbewahrung): noch vorhanden, nur noch selten verwendet<br \/>\n&#8211; i386-Win3.1-Pen-Notebook: schon lang verkauft<br \/>\n&#8211; darunter ZIP-Laufwerk: schon lang verkauft<br \/>\n&#8211; MiniDiscs: vmtl. beim letzten Umzug einige aussortiert, einige vorhanden<br \/>\n.. grau-lilaner &#8220;Jogginganzug&#8221; an der T\u00fcr: k\u00f6nnte auch noch vorhanden sein<\/p>\n<p><a href='http:\/\/extra.inmontanis.info\/d\/99846-2\/20060925-02.jpg'><img src=http:\/\/extra.inmontanis.info\/d\/99845-3\/20060925-02.jpg \/><\/a><br \/>\n^ Vor-vorherige (Miet-) Wohnung in Innsbruck kurz vorm Umzug 2006 in die Eigentumswohnung<\/p>\n<p>&#8211; Links der von der Decke h\u00e4ngende W\u00e4schetrockner: mit letztem Umzug entsorgt, seit 2006 nicht mehr verwendet<br \/>\n&#8211; dahinter kaum zu sehen: die beiden Videorekorder, zumindest einer noch vorhanden und halbwegs funktionst\u00fcchtig,<br \/>\n&#8211; dar\u00fcber stehen noch 2 andere Ger\u00e4te, 1 DVD-RAM-Rekorder und noch irgendwas: beides entsorgt<br \/>\n&#8211; dar\u00fcber die HiFi-Anlage: noch vorhanden, aber unbenutzt in Kartons<br \/>\n&#8211; die beiden Monitore: entsorgt; hinterm linken ein Drucker: entsorgt<br \/>\n&#8211; die Touchscreen-Oberfl\u00e4che am linken Monitor: vorhanden, nicht mehr verwendet (zuletzt am iMac)<br \/>\n&#8211; Mac-Tastatur: evtl. entsorgt<br \/>\n&#8211; blaue Maus: vorhanden + in Verwendung (selten, da ja danach auch immer wieder Touchscreens bzw. jetzt Pen-Screens)<\/p>\n<p>Rechter Schreibtisch:<br \/>\n&#8211; die beiden Powermanager, vorhanden; siehe 1995<br \/>\n&#8211; USB-CD\/DVD-Laufwerk: vorhanden + in Verwendung (aber jetzt mit Bluray)<br \/>\n&#8211; USB-Harddisk: vorhanden, nicht mehr verwendet<br \/>\n&#8211; Nokia-Handy: entsorgt bei ca. letztem Umzug<br \/>\n&#8211; IBM PC110: vorhanden, lang nicht mehr verwendet<br \/>\n&#8211; Conard Akkulader gro\u00df: glaub entsorgt<br \/>\nRegal dar\u00fcber:<br \/>\n&#8211; Mac Mini: ich hatte im Laufe der Zeit zwei, einer davon k\u00f6nnte noch vorhanden sein, der Tastatur nach war das hier aber der \u00e4ltere. (Der Amiga 4000 steht am Boden.)<br \/>\n&#8211; Sony Vaio PocketPC Win95: vorhanden, nicht mehr verwendet<br \/>\n&#8211; Scanner: vorhanden + seltenst in Verwendung<br \/>\n&#8211; Tombox: siehe 1995<\/p>\n<p>Beide Schreibtische: schon beim Umzug 2006 entsorgt; der rechte war mein Kinderzimmerschreibtisch aus den 80ern (neu lackiert)<br \/>\nSchr\u00e4nke: Standen nach 2006 im Keller der Eigentumswohnung, dort blieben sie beim letzten Umzug<\/p>\n<p><a href='http:\/\/extra.inmontanis.info\/d\/99850-2\/DSC00915_001.jpg'><img src=http:\/\/extra.inmontanis.info\/d\/99849-3\/DSC00915_001.jpg \/><\/a><br \/>\n^ Wohnung 2019<\/p>\n<p>.. von den elektronischen Ger\u00e4ten fast alles noch vorhanden, au\u00dfer der rechte Monitor, der gro\u00dfe Desktop-PC (liegend, rechts) und evtl. der unterste Videorekorder (unter den Powermanagern ganz unten rechts).<\/p>\n<p>Verglichen mit den meisten alten Bildern ists momentan bei mir so gut aufger\u00e4umt wie selten ;)<\/p>\n<p>Jedenfalls somit wieder einen Umzugeskarton leer gmacht. Dort die Anleitung der Casio Funkdatenbankuhr gefunden, die ja auch letzten Sommer ein Thema auf meinem Blog war. Kaufdatum dort notiert: 21.11.1995<\/p>\n<p>Sogar meine (S-)VHS-Videorkorder wieder aufgestellt. Ob die noch funktionieren? Und wann auch immer mal Zeit sein sollte, da noch ein paar alte Tapes anzusehen oder zu digitalisieren. Da m\u00fcsste man mal einen ganzen Sommer daheim bleiben ;)<\/p>\n<p>.. wobei ich doch nur einen Videorekorder fand. Entweder war der andere defekt beim letzten Testeinschalten und hatte ihn daher entsorgt. Oder er ist noch in einem Karton im Keller meiner Mutter, aber eher unwahrscheinlich. Dort ist allerdings noch die alte Universum-Surround-Stereoanlage. <\/p>\n<p>Und auch mein altes Kenwood-1-DIN-Surround-Autoradio sollte noch im Keller meiner Mutter sein. Das w\u00e4r so ein bisschen &#8220;letzte Alternative&#8221; f\u00fcr mein &#8220;Surroundproblem&#8221; im Campingbetrieb. Das k\u00f6nnte ich dann vermutlich relativ problemlos an die 12V-Bordbatterie klemmen, br\u00e4uchte halt 4 passende kleine Lautsprecher, die ich dann irgendwie verlegen m\u00fcsste und nat\u00fcrlich irgendeinen Platz f\u00fcr das DIN-Radio selbst. Aux-Eingang hat das Teil. Das Display braucht halt unn\u00f6tig Strom und auch sonst w\u00e4re die Frage, was das an Strom braucht. H\u00e4tt ich vielleicht letztes Mal doch mitnehmen sollen, dann k\u00f6nnte ich das jetzt in der warmen Saison einbauen und nicht erst ggf. Ende Oktober.<\/p>\n<p>Prinzipiell lieber w\u00e4r mir da ja eine L\u00f6sung mit USB-Versorgung und Mini-Lautsprechern wie bei Notebooks oder Handys. Aber sowas gibts anscheinend nicht. Noch bescheuerter wirds dann, wenn man nach Surround sucht und dann immer billige China-Systeme mit nur 2 Lautsprechern findet oder gar nur eine Einheit. Ja ne is klar. Ich will ja auch nicht einfach nur vorne und hinten das gleiche h\u00f6ren. Klar, besser als nix. Das Kenwood-Autoradio hatte da schon ein paar intelligentere Surroundsound-Modi zu bieten. Ob es Surroundsound via Aux dekodieren kann, wei\u00df ich nat\u00fcrlich nicht mehr. Klar, bei Filmen w\u00e4r ein DTS oder THX oder was auch immer &#8211; Decoder noch sch\u00f6ner. Laut Anleitung hatte das Ger\u00e4t immerhin Dolby Pro Logic II. Sogar ne Fernbedienung hatte das Teil.<\/p>\n<p>Stromverbrauch ist mit &#8220;10A&#8221; angegeben, was ja eine sehr eigenartige Angabe ist, weil es wohl auf die Lautst\u00e4rke (der Verst\u00e4rkung) ankommt?! Beim Verst\u00e4rker ist max. 4&#215;50 Watt angegeben, was also 200W w\u00e4ren; 10A bei 13V w\u00e4ren 130 Watt, was m.E. aber viel zu gro\u00df sein d\u00fcrfte f\u00fcr den Stromverbrauch im Leerlauf (bei abgeschaltetem Ton), dann w\u00e4r ja eine normale z.B. 55 Ah-Autostarterbatterie in 3 Stunden so leer, dass man sein Auto nicht mehr starten k\u00f6nnte. Aber die 10A sind doch auch zu wenig f\u00fcr 200W Verst\u00e4rkung, das bei z.B. 13V 15A w\u00e4ren&#8230;<\/p>\n<p>Laut Suche im Netz wird man wohl ca. 1-1,5 A brauchen f\u00fcr Zimerlautst\u00e4rke mit Autoradio, das w\u00e4r dann vertretbar. Impedanz der Lautsprecher soll normalerweise 4 Ohm sein. Allerding sollen 8 Ohm LS weniger Strom brauchen f\u00fcr die gleiche Lautst\u00e4rke. Alternativ h\u00e4tte ich ja noch die Surroundlautsprecher einer kleineren Surroundanlage, die ich mir mal f\u00fcr mein B\u00fcro in der Arbeit gekauft hatte, dann schlie\u00df ich die an, wenn ich nix besseres, kleineres und g\u00fcnstiges finde.<\/p>\n<p>(Sony kommt wohl demn\u00e4chst mit einem portablen Spatial-Surround-System mit 3 Lautsprecherboxen (1 vorne Hauptger\u00e4t, 2 hinten) raus, HT-AX7. Aber eben reiner Batteriebetrieb (also laufend auf&#038;abbauen zum Laden) und nur Bluetooth(R) und Appsteuerung, aber w\u00e4r nat\u00fcrlich besser als nix, falls das mit dem alten Autoradio nicht klappen sollee oder es in den Jahren der Nichtnutzung defekt geworden sein. M\u00fcsste wohl von meinem Ford Fusion gewesen sein, da ich im Qubo und Ignis ja bereits eingebaute Radios hatte.)<\/p>\n<p><a href='http:\/\/extra.inmontanis.info\/d\/99854-2\/DSC06614.jpg'><img src=http:\/\/extra.inmontanis.info\/d\/99853-3\/DSC06614.jpg \/><\/a><br \/>\n^ Statt 2 Schreibtische hab ich nun eben 2 Tische, weil ohne Zusatzkosten. Links den Auszug nehm ich jetzt zum Essen und dreh den Monitor um 90\u00b0 (Zeug sp\u00e4ter noch wegger\u00e4umt), die kleine Stuhlbank links bekam noch Rollen montiert, die von der ausziehbaren Schlafcouch \u00fcbrig waren.<\/p>\n<p><a href='http:\/\/extra.inmontanis.info\/d\/99858-2\/DSC06615.jpg'><img src=http:\/\/extra.inmontanis.info\/d\/99857-3\/DSC06615.jpg \/><\/a><br \/>\n^ Pizza mit Speckw\u00fcrfel, Champignons und Grillpaprika, Tomatensauce, Pizzagew\u00fcrz und sp\u00e4ter noch Ei und K\u00e4se ..<\/p>\n<p>Das mit dem Ei auf die Pizza war leider so etwas bescheuert, da es gleich mal von der Pizza runtergelaufen ist und der Versuch, das zu verhindern, machte die Sache nicht unbedingt sinnvoller. Fest wurde das Eiweiss auch nach 20min noch nicht. Das sollte man ggf. also doch erst in der Pfanne anbraten, zumindest, wenn man keine Pizza mit Rand hat. Wobei mir ja hartgekochte Eier auf Pizza eh lieber sind, aber ich hatte keine Lust mehr auf den zus\u00e4tzlichen Zeitaufwand.<\/p>\n<p><a href='http:\/\/extra.inmontanis.info\/d\/99862-2\/DSC06616.jpg'><img src=http:\/\/extra.inmontanis.info\/d\/99861-3\/DSC06616.jpg \/><\/a><br \/>\n^ .. das Ei lief allerdings vor und w\u00e4hrend des Backens runter und war auch nach ca. 20min nicht ganz fest.<\/p>\n<p>Andere Baustelle Klapplesebrille: Hab ja meine alte Klappsonnenbrille durchaus gefunden und die Sonnengl\u00e4ser entfernt, die Halterung plan gemacht. Allerdings sind die B\u00fcgel etwas zu breit um meine flache Lesebrille dort irgendwie festzumachen, daher liegt das Teil seit 2 Tagen im Schraubstock in der Hoffnung, dass die Befestiungstr\u00e4ger enger werden. Mit welchem Kleber ich das dann verbinde und wie haltbar das sein wird, ist auch noch eine Frage&#8230; Es soll zwar haltbar sein, aber nat\u00fcrlich auch austauschbar, falls ich eine st\u00e4rkere Lesebrille hinkleben m\u00f6chte &#8211; falls mir das System denn \u00fcberhaupt taugt. <\/p>\n<p>1 Woche sp\u00e4ter war es dann soweit, die Doppelbrille ist schon sp\u00fcrbar schwerer, trotz dass beide sehr leicht sind, aber ob mir das mit dem Klappen und ganzt\u00e4gigem Tragen der Doppelbrille (anstatt die meiste Zeit gar keine zuletzt) jetzt so taugt oder nicht, wei\u00df ich noch nicht.<\/p>\n<p><strong>Mo, 24.7.2023<\/strong><\/p>\n<p>Da ich die letzten beiden Tage nicht dazu kam oder es vergessen hatte, musste ich heute endlich die 2. H\u00e4lfte des Gew\u00fcrzkuchens backen. Diesmal, wie zuletzt gesagt, mit den gehackten Mandeln gleich in den Teig. Gleich mal das Fenster schlie\u00dfen, damit sich der leckere Duft sch\u00f6n in die Wohnung reinzieht ;)<\/p>\n<p>Leider den verbrannten Geruch etwas zu sp\u00e4t gemerkt, aber hatte auch nicht mehr erwartet, dass der Kuchen in der H\u00e4lfte der Zeit fertig sein w\u00fcrde. Klar, ist ja auch nur sehr d\u00fcnn.<\/p>\n<p>Mandeln oben drauf statt innen drin fand ich aber doch besser, weil knackiger.<\/p>\n<p>Obwohl ich mir ja noch so viel vorgenommen hab, was ich alles daheim oder am PC erledigen m\u00f6chte und nat\u00fcrlich froh bin \u00fcber die k\u00fchlen Temperaturen daheim und mir meine gr\u00fcne Wand gef\u00e4llt und die neue LED-Lichterkette und der Platz mit den zwei Tischen jetzt ..  ich w\u00fcrde sogar soweit gehen, dass sich die Wohnung erst jetzt nach &#8220;meiner&#8221; Wohnung anf\u00fchlt, sich gewisse Dinge jetzt erst fertig und &#8220;an seinem Platz&#8221; anf\u00fchlen (z.B. Bedienpanel Surroundanlage), auch wenn ich mit vielen Dingen ja noch nicht fertig bin. <\/p>\n<p>(Weniger passend ist mein neuer Computerplatz f\u00fcr den Sound der Surroundanlage, da ich nun weiter weg vom abendlichen Homecinema-Sitzplatz bin und somit nur schwer eine beidseitig passende Lautsprecheraufstellung hinbekomme&#8230;)<\/p>\n<p>Troztzdem fehlt mir ja schon ein wenig das Reisen durch UK in diesem Jahr und auch generell die heuer nur kurzen Auslandsabschnitte. Mal gespannt, wie das n\u00e4chsten Sommer sein wird, wenn ich, falls alles klappt, nach wieder 7-9 Monate Skandinavien daheim sein werde&#8230; <\/p>\n<p><a href='http:\/\/extra.inmontanis.info\/d\/99866-3\/DSC06624.jpg'><img src=http:\/\/extra.inmontanis.info\/d\/99865-4\/DSC06624.jpg \/><\/a><br \/>\n^ Hab mich nun f\u00fcr eine Verkabelung der Lichterkette im hinteren Bereich entschieden, so dass auch die hinteren Bereiche m\u00f6glichst gleich ausgeleuchtet werden. Spiegelung im Monitor h\u00e4lt sich in Grenzen bzw. muss ich ihn halt in einen passenden Winkel stellen.<\/p>\n<p><a href='http:\/\/extra.inmontanis.info\/d\/99870-3\/DSC06630.jpg'><img src=http:\/\/extra.inmontanis.info\/d\/99869-4\/DSC06630.jpg \/><\/a><br \/>\n^ Die Decken-Lichterkette in Gegenrichtung fotografiert. H\u00e4tte doch 30 statt 20m sein k\u00f6nnen. K\u00f6nnte man aber auch verl\u00e4ngern.<\/p>\n<p><strong>Di, 25.7.2023<\/strong><\/p>\n<p>Zur Abwechslung gab es mal nicht nur nachts etwas Gewitter, sondern auch vormittags. \u00c4hnliches Wetter die Tage aber auch am Hintertuxer, wobei es auch immer wieder etwas Neuschnee gab. <\/p>\n<p>Bei tags\u00fcber so einem regnerischen oder vernebelten Wetter l\u00e4uft jetzt nat\u00fcrlich meine neue Lichterkette.<\/p>\n<p><a href='http:\/\/extra.inmontanis.info\/d\/99874-3\/DSC06633.jpg'><img src=http:\/\/extra.inmontanis.info\/d\/99873-4\/DSC06633.jpg \/><\/a><br \/>\n^ Das kleine Eckregal war an anderer Stelle schon vor mir in der Wohnung, nach \u00fcber 2 Jahren nun wieder montiert, haupts\u00e4chlich wegen des hinteren Lautsprechers, aber es passten auch die zwei l\u00e4ngsten\/gr\u00f6\u00dften Trammodelle drauf<\/p>\n<p><strong>Mi, 26.7.2023<\/strong><\/p>\n<p>Die Tage im \u00d6AMTC-Heft den Beitrag gelesen, warum es keine g\u00fcnstigen Kleinwagen mehr gibt. Aktuell findet man im Bereich bis 20.000,- ungef\u00e4hr so viel (wenig) wie vor wenigen Jahren im Bereich bis 10 oder 12.000,-. H\u00f6here Transportkosten und h\u00f6here Kosten f\u00fcr die ganzen Assistenzsysteme, die von der EU nun teilweise recht sinnloserweise gefordert werden. Und ab 2025 soll Euro7 f\u00fcr die dann zuk\u00fcnftigen Fahrzeuge kommen, damit d\u00fcrfte dann alles aus sein. <\/p>\n<p>Jaja, leider noch ein Grund, die EU zu verlassen&#8230;<\/p>\n<p>Fiat Panda 4&#215;4 ist nun auch eingestellt &#8211; somit bleibt nur noch Suzuki Swift+Ignis, wer ein kleines Auto mit Allrad will. Wobei so ein Panda vmtl. gel\u00e4ndetauglicher war, zumindest fr\u00fcher. Evtl. noch ein Lada, falls man den jetzt noch bekommt in der EU.<\/p>\n<p>Auch abgesehen von 4WD ist die Suppe d\u00fcnn, erst recht f\u00fcr meine Bed\u00fcrfnisse (bis 4m L\u00e4nge + Camperausbau m\u00f6glich) &#8211; au\u00dfer dem Ignis vielleicht noch am ehesten der Panda oder die LKW-Version von meinem damaligen Qubo, da Fiat den Fiorino nach wie vor anbietet &#8211; und immer noch so altbacken innen ausschaut wie mein Qubo damals ;)<\/p>\n<p>.. und in Japan g\u00e4be es so viele geile Modelle &#8230; :(<\/p>\n<p>In Slowenien, Ungarn und Rum\u00e4nien kostet der Suzuki Ignis weniger als bei uns in AT und die h\u00e4tten momentan sogar noch Rabattaktionen. So w\u00fcrde das Top-Modell mit Allrad in Rum\u00e4nien nur 19.180,- und mit Rabatt 15.980,- \u20ac kosten inkl. MWSt, wobei man als Ausl\u00e4nder (f\u00fcr einen Export\/Import) evtl. nicht rabattberechtigt ist. In AT sind es UVP 22.990,-. Zur Einf\u00fchrung 2016\/17 kostete er wohl 18.490,- &#8230;<\/p>\n<p>Grundlegend h\u00e4tte die Nicht-Top-Ausstattung ja einige Vorteile f\u00fcr mich im Camperleben (nur manuelle statt automatische Klimaanlage k\u00f6nnte f\u00fcr die Standheizung passender sein, sowie manuelle Fensterheber hinten, das alte Modell, wie ich es hab, hatte auch keine LED-Scheinwerfer, was mir bei den Kosten f\u00fcr einen Ersatz bei Defekt mittlerweile auch lieber w\u00e4re. Den relativ sinnlosen (aber ebenfalls teuer bei defekt zu bezahlenden) Mildhybridschei\u00df habens leider alle &#8211; aber es fehlt leider der Tempomat, der ist nur in meiner Top-Ausstattung vorhande! Der ist f\u00fcr mich das wichtigste Ausstatungsmerkmal neben Klimaanlage (und Servolenkung) \u00fcberhaupt. Auf alles andere k\u00f6nnte ich verzichten, auf Automatik hab ich ja schon seit ein paar Jahren verzichtet, auf Allrad k\u00f6nnte ich wohl auch wieder verzichten, dann w\u00e4r der Ignis 2.000,- g\u00fcnstiger. Aber Tempomat, den hatte ich immer seit dem Sirion, teilweise nachr\u00fcsten lassen.<\/p>\n<p>Oder ich fahr einfach meinen noch bis zum Totalschaden. Nach 2 Dieseln, die ich mit ca. 250.000 km abgegeben hab, k\u00f6nnt ich den Benziner jetzt mal bis 350.000 fahren ;) Ersatzmotoren w\u00e4ren auch gar nicht so teuer, unter 2.000 \u20ac bzw. schon um 1.000 \u20ac, gibt wohl mittlerweile etliche Unfallfahrzeuge, insb. nat\u00fcrlich in Italien :) Vmtl. sollte man ihn dann dort auch einbauen lassen, weil entsprechend g\u00fcnstiger, keine Ahnung wie lang sowas dauert, aber bei unter 50 \u20ac Stundensatz w\u00e4ren auch 20 Stunden bezahlbar. Die Frage w\u00e4r nur, wie man z.B. bei einem irreparablen Motorschaden in Skandinavien dann nach Italien k\u00e4me &#8211; und zu was f\u00fcr Kosten&#8230;<\/p>\n<p><a href='http:\/\/extra.inmontanis.info\/d\/99878-3\/DSC06635.jpg'><img src=http:\/\/extra.inmontanis.info\/d\/99877-4\/DSC06635.jpg \/><\/a><br \/>\n^ Im Abstellbereich hinterm Schrank hab ich nun noch das andere Regal montiert, das ich zuvor in der jetzt gr\u00fcnen Ecke hatte<\/p>\n<p><a href='http:\/\/extra.inmontanis.info\/d\/99882-3\/DSC06637.jpg'><img src=http:\/\/extra.inmontanis.info\/d\/99881-4\/DSC06637.jpg \/><\/a><br \/>\n^ Auch der LED-Strip im Schlafbereich (zur Beleuchtung beim Zubettgehen, Lesen im Bett und n\u00e4chtlichem Klogehen in ganz schwachem Rot) ist jetzt endlich montiert, jeweils nur mit Nagel\/Bilderhaken<\/p>\n<p><strong>Do, 27.7.2023<\/strong><\/p>\n<p>5,4\u00b0 nachts im Auto, 7\u00b0 au\u00dfen morgens am Auto. Wohnungsfensterthermometer zeigte 10\u00b0 an, aber hatte eh schon die Vermutung, dass es dort etwas w\u00e4rmer immer ist. Was labern die Medien eigentlich laufend von wegen Hitzewelle ;) Jaja, bin verw\u00f6hnt hier oben. Wobei es auch sp\u00e4ter am Vormittag auch in den T\u00e4lern \/ St\u00e4dten teils nur um die 15\u00b0 war.<\/p>\n<p>Da ich mit meinen LED-Strips im Auto ja nur bedingt zufrieden bin und die Lichterkette daheim ja so geil find, hab ich mir noch eine bunte USB-Lichterkette f\u00fcrs Auto bestellt, um zumindest einen von den beiden LED-Strips zu ersetzen &#8230; Allerdings wei\u00df ich nat\u00fcrlich von diversen Tests im Auto, dass das Verlegen an der Decke sehr schnell zu unsch\u00f6nen Spiegelungen im Monitor bzw. zu Blenden in den Augen f\u00fchrt&#8230;<\/p>\n<p><a href='http:\/\/extra.inmontanis.info\/d\/99886-3\/DSC06640.jpg'><img src=http:\/\/extra.inmontanis.info\/d\/99885-4\/DSC06640.jpg \/><\/a><br \/>\n^ .. und das britische Tramchart-Poster und das Blackpoolbild h\u00e4ngen auch. Da h\u00e4tte ich noch entweder Platz f\u00fcr die Trammodelle oder paar Bilder. Lichterkette: Alternative Beleuchtungsfarbe<\/p>\n<p><a href='http:\/\/extra.inmontanis.info\/d\/99890-3\/DSC06643.jpg'><img src=http:\/\/extra.inmontanis.info\/d\/99889-4\/DSC06643.jpg \/><\/a><br \/>\n^ Perilex-380V-Stecker vom Herd, auch noch nie gesehen.<\/p>\n<p>Heut Abend gab&#8217;s Schwedisch. Also, faschierte Laibchen gew\u00fcrfelt geschnitten statt runde K\u00f6ttbullar, und Nudeln statt Kartoffelmus, aber ich hatte noch schwedische braune Sahnesauce. Dummerweise hatte ich vor einiger Zeit die Kartonpackung weggeschmissen, wo drauf stand, mit wieviel ml Wasser und\/oder Milch man die Sauce machen soll&#8230;<\/p>\n<p>In Ermangelung von Preisselbeermarmelade hab ich etwas braunen Zucker mit rein, damit die Sauce s\u00fc\u00dfer wird. War schon etwas viel, die ganze Packung, aber endlich ist das Pulver mal weg. Hat ja eh nix getaugt, genauso wenig wie das Gravy-Granulat aus UK.<\/p>\n<p>Beim letzten Besuch bei meinem Vater nahm ich meine alten MD-Player (MiniDisc) wieder mit, ein Sony-Ger\u00e4t und ein Sharp-Ger\u00e4t, wobei das Sharp-Ger\u00e4t auch die 2x und 4x-Longplay-Discs unterst\u00fctzte und auch aufnehmen konnte. Leider macht ausgerechnet das neuere Sharp-Teil keinen Mucks mehr. Ich bild mir n\u00e4mlich ein, dass ich noch ein paar MDs nie \u00fcberspielt hatte, zumindest fehlen mir ein paar Lieder in meiner Sammlung.  Der Sony-Walkman funktioniert. Vielleicht hab ich ja Gl\u00fcck und die noch nicht \u00fcberspielten sind noch im alten SP-Modus, muss ich erst noch suchen, ob die \u00fcberhaupt noch da sind oder ich entsorgt hatte.<\/p>\n<p>Im Auto (angenehm sonnenbeheizte 39\u00b0, zumindest f\u00fcr ein paar Minuten nach den kalten Tagen in der Wohnung echt mal angenehm!!) wieder was interssantes bemerkt: Das WC ist nass. Also au\u00dfen, um das oben und unten bef\u00fcllte WC hat sich Kondenswasser gebildet.<\/p>\n<p>Ich hab au\u00dferdem diese Tage meine Ski-Statistik aktualisiert und erg\u00e4nzt, es gibt nun zu Beginn eine L\u00e4nder\u00fcbersicht mit den wichtigsten Daten, sowie am Ende einige &#8220;Top-X&#8221;-Auswertungen, l\u00e4ngste Skitage, teuerste&#038;g\u00fcnstigste Skigebiete usw.; bei der Gelegenheit hab ich den Fedaia-Korblift als eigenes Skigebiet definiert, der war bisher teilweise bei Sella, teilweise bei Marmolada drin, war aber ja ein eigenst\u00e4ndiger Lift und wurde von mir im Mai oder Juni besucht, daher macht das so mehr Sinn. \u00c4hnliches gilt f\u00fcr Les Diablerets + Glacier 3000. Isenau k\u00f6nnte man wohl auch extra machen, zumal ja nicht fix ist, ob dort die Gondelbahn wieder gebaut wird und dann auch Skibetrieb sein wird, momentan also in die LSAP-Kategorie passen w\u00fcrde. Vielleicht mach ich das, wenn ich die Einteilung mal fertig hab.<\/p>\n<p>Dadurch stieg die Anzahl der Skigebiete logischerweise von 711 auf 713.  Achja, und: Der Hintertuxer Gletscher steht jetzt auf Platz 1 der meistbesuchten Skigebiete und hat endlich den Stubaier Gletscher \u00fcberholt. Das war nat\u00fcrlich auch ein Grund f\u00fcr eine entsprechende Top-X-Auswertung. Und eine weitere Schwelle wurde bei meinem letzten Hintertuxaufenthalt \u00fcberschritten: jetzt mehr als 3.000 Skitage.<\/p>\n<p><a href='http:\/\/blog.inmontanis.info\/?p=8342'>http:\/\/blog.inmontanis.info\/?p=8342<\/a><\/p>\n<p><strong>Fr, 28.7.2023<\/strong><\/p>\n<p><a href='http:\/\/extra.inmontanis.info\/d\/99894-3\/DSC06645.jpg'><img src=http:\/\/extra.inmontanis.info\/d\/99893-4\/DSC06645.jpg \/><\/a><br \/>\n^ Wenn man schon grad so viel Kabelschellen hat, kann man auch diese Kabel (vorne Strom+HDMI Projektor, hinten Lautsprecher) bissl fest machen<\/p>\n<p><a href='http:\/\/extra.inmontanis.info\/d\/99898-3\/DSC06646.jpg'><img src=http:\/\/extra.inmontanis.info\/d\/99897-4\/DSC06646.jpg \/><\/a><br \/>\n^ Kartoffelpfanne \/ Gr\u00f6stl mit Speck, Ei, Zwiebel, Grillpaprika, Zwiebel, K\u00fcmmel. Das kann ich, wie Schnitzel und Pommes, auch  immer essen.<\/p>\n<p><strong>Sa, 29.7.2023<\/strong><\/p>\n<p><a href='http:\/\/extra.inmontanis.info\/d\/99902-3\/DSC06648.jpg'><img src=http:\/\/extra.inmontanis.info\/d\/99901-4\/DSC06648.jpg \/><\/a><br \/>\n^ Eine Graffer-ESL-Poster-T\u00fcr gibts zwar nicht mehr, aber das Schild h\u00e4ngt nun endlich auch wieder statt irgendwo rumzuliegen. Und allererstmals hab ich auch das Nascivera-Schild an die Wand genagelt.<\/p>\n<p>&#8212;<\/p>\n<p>Auch ein Grund f\u00fcr die hohen Autopreise:<br \/>\n&#8220;Der Plan von Ford ist, den \u00dcbergang zu Elektroautos mit dem Verkauf von Fahrzeugen mit Vebrennungsmotor zu finanzieren. Diese Sparte wirft aktuell hohe Gewinne ab.&#8221;<br \/>\n<a href='https:\/\/orf.at\/#\/stories\/3325468\/'>https:\/\/orf.at\/#\/stories\/3325468\/<\/a><\/p>\n<p><strong>Das vielleicht h\u00f6renswerteste politische Interview 2023 (Video):<\/strong><br \/>\n&#8220;\u00abBrandt h\u00e4tte Baerbock entlassen\u00bb: Ex-Kanzler-Berater Albrecht M\u00fcller \u00fcber die desastr\u00f6se Ostpolitik&#8221;<br \/>\n<a href='https:\/\/www.youtube.com\/watch?v=sUCRff1qikg'>https:\/\/www.youtube.com\/watch?v=sUCRff1qikg<\/a><\/p>\n<p>Ex-Bild-Politikjournalist: &#8220;Die woke Blase und was dahinter steckt&#8221;<br \/>\n<a href='https:\/\/www.youtube.com\/watch?v=fZxEIb1dEvQ'>https:\/\/www.youtube.com\/watch?v=fZxEIb1dEvQ<\/a><\/p>\n<p>&#8220;Genderfaschismus&#8221; in schweizer Schulen:<br \/>\n<a href='https:\/\/insideparadeplatz.ch\/2023\/07\/21\/gymnasium-chur-nutze-gender-sprache-sonst-fliegst-du\/'>https:\/\/insideparadeplatz.ch\/2023\/07\/21\/gymnasium-chur-nutze-gender-sprache-sonst-fliegst-du\/<\/a><\/p>\n<p>&#8220;So kann ich mir vorstellen, funktioniert es dann mit der (eigenen) Wahrheit. Und da\u00df das so ist, habe ich in den letzten Jahren immer st\u00e4rker bei den Politikern empfunden: Sie leben in einer eigenen, anderen Wirklichkeit. Ihrer eigentlichen Verantwortung gegen\u00fcber dem Volk scheinen sie sich nicht bewu\u00dft.&#8221;<br \/>\n<a href='https:\/\/www.nachdenkseiten.de\/?p=101343'>https:\/\/www.nachdenkseiten.de\/?p=101343<\/a><\/p>\n<p>Und zum Klima:<br \/>\n<a href='https:\/\/tkp.at\/2023\/07\/12\/physik-nobelpreistraeger-john-clauser-keine-klima-krise\/'>https:\/\/tkp.at\/2023\/07\/12\/physik-nobelpreistraeger-john-clauser-keine-klima-krise\/<\/a><br \/>\n<a href='https:\/\/tkp.at\/2023\/07\/28\/laut-un-kocht-die-erde-trotz-kaelterekorden-im-winter-der-suedhalbkugel-und-in-sibirien\/'>https:\/\/tkp.at\/2023\/07\/28\/laut-un-kocht-die-erde-trotz-kaelterekorden-im-winter-der-suedhalbkugel-und-in-sibirien\/<\/a><\/p>\n<p>Wolken, W\u00e4rme, Wetter, Wasserdampf und W\u00fcste:<br \/>\n<a href='https:\/\/tkp.at\/2023\/07\/29\/wasserdampf-das-wichtigste-treibhausgas-zur-klimaregelung\/'>https:\/\/tkp.at\/2023\/07\/29\/wasserdampf-das-wichtigste-treibhausgas-zur-klimaregelung\/<\/a><\/p>\n<p>CO2 ist unschuldig an der Erw\u00e4rmung:<br \/>\n<a href='https:\/\/tkp.at\/2023\/07\/19\/co2-spielt-keine-rolle-bei-eiszeiten-und-warmen-perioden-wie-diese-kurve-zeigt\/'>https:\/\/tkp.at\/2023\/07\/19\/co2-spielt-keine-rolle-bei-eiszeiten-und-warmen-perioden-wie-diese-kurve-zeigt\/<\/a><\/p>\n<p>Neuer Masken-Wahn in Chile:<br \/>\n<a href='https:\/\/tkp.at\/2023\/07\/18\/chile-ordnet-in-schulen-strikte-maskenpflicht-an\/'>https:\/\/tkp.at\/2023\/07\/18\/chile-ordnet-in-schulen-strikte-maskenpflicht-an\/<\/a><\/p>\n<p>Die L\u00fcgen des Spiegels (und anderer westlicher Propagandamedien) einmal mehr aufgedeckt:<br \/>\n<a href='https:\/\/www.anti-spiegel.ru\/2023\/der-spiegel-und-seine-geschickte-desinformation-ueber-das-getreideabkommen\/'>https:\/\/www.anti-spiegel.ru\/2023\/der-spiegel-und-seine-geschickte-desinformation-ueber-das-getreideabkommen\/<\/a><\/p>\n<p>Die dreisten L\u00fcgen des Westens hinsichtlich Odessa:<br \/>\n<a href='https:\/\/www.anti-spiegel.ru\/2023\/wem-ist-nichts-mehr-heilig\/'>https:\/\/www.anti-spiegel.ru\/2023\/wem-ist-nichts-mehr-heilig\/<\/a><\/p>\n","protected":false},"excerpt":{"rendered":"<p>Mo, 17.7.2023<\/p>\n<p>So, womit anfangen heute, kochtechnisch? Erst \u00c4lpler oder erst Pizza? Bei dem Pizzateig wird&#8217;s ja so sein, dass der ganze Teig zu gro\u00df sein wird f\u00fcr meinen Mikrowellen+Hei\u00dfluft-Ofen. Was zudem dort drin nie richtig funktioniert hat, eine teigfrische TK-Pizza, die nicht vorgegart ist, zu erhitzen &#8211; der Teig wurde da nie richtig durch, <a href=\"http:\/\/blog.inmontanis.info\/?p=8870\">[&#8230;]<\/a><\/p>\n","protected":false},"author":1,"featured_media":8874,"comment_status":"closed","ping_status":"closed","sticky":false,"template":"","format":"standard","meta":{"footnotes":""},"categories":[8],"tags":[],"class_list":["post-8870","post","type-post","status-publish","format-standard","has-post-thumbnail","hentry","category-private","odd"],"_links":{"self":[{"href":"http:\/\/blog.inmontanis.info\/index.php?rest_route=\/wp\/v2\/posts\/8870","targetHints":{"allow":["GET"]}}],"collection":[{"href":"http:\/\/blog.inmontanis.info\/index.php?rest_route=\/wp\/v2\/posts"}],"about":[{"href":"http:\/\/blog.inmontanis.info\/index.php?rest_route=\/wp\/v2\/types\/post"}],"author":[{"embeddable":true,"href":"http:\/\/blog.inmontanis.info\/index.php?rest_route=\/wp\/v2\/users\/1"}],"replies":[{"embeddable":true,"href":"http:\/\/blog.inmontanis.info\/index.php?rest_route=%2Fwp%2Fv2%2Fcomments&post=8870"}],"version-history":[{"count":3,"href":"http:\/\/blog.inmontanis.info\/index.php?rest_route=\/wp\/v2\/posts\/8870\/revisions"}],"predecessor-version":[{"id":8873,"href":"http:\/\/blog.inmontanis.info\/index.php?rest_route=\/wp\/v2\/posts\/8870\/revisions\/8873"}],"wp:featuredmedia":[{"embeddable":true,"href":"http:\/\/blog.inmontanis.info\/index.php?rest_route=\/wp\/v2\/media\/8874"}],"wp:attachment":[{"href":"http:\/\/blog.inmontanis.info\/index.php?rest_route=%2Fwp%2Fv2%2Fmedia&parent=8870"}],"wp:term":[{"taxonomy":"category","embeddable":true,"href":"http:\/\/blog.inmontanis.info\/index.php?rest_route=%2Fwp%2Fv2%2Fcategories&post=8870"},{"taxonomy":"post_tag","embeddable":true,"href":"http:\/\/blog.inmontanis.info\/index.php?rest_route=%2Fwp%2Fv2%2Ftags&post=8870"}],"curies":[{"name":"wp","href":"https:\/\/api.w.org\/{rel}","templated":true}]}}