{"id":8862,"date":"2023-07-16T21:58:35","date_gmt":"2023-07-16T19:58:35","guid":{"rendered":"http:\/\/blog.inmontanis.info\/?p=8862"},"modified":"2023-07-20T22:41:38","modified_gmt":"2023-07-20T20:41:38","slug":"hintertuxer-gletscher-9-16-7-2023-inkl-schlegeisbildergv","status":"publish","type":"post","link":"http:\/\/blog.inmontanis.info\/?p=8862","title":{"rendered":"Hintertuxer Gletscher, 9.-16.7.2023 &#8212; inkl. Schlegeisbilder+GV"},"content":{"rendered":"<p>(8.7.)<\/p>\n<p>Kaum hatte ich den Bericht online gestellt, ging um 19:30 der L\u00e4rm von der Tenne wieder weiter &#8211; bzw. von davor, da wurde wohl drau\u00dfen weitergefeiert ..<\/p>\n<p><strong>So, 9.7.2023<\/strong><\/p>\n<p>Morgens schon weicher an der GW als gestern mittags, Pisten daher schnell tief aufgefahren, auch die Trainingsh\u00e4nge waren heute Mittag untauglich. Offpiste daf\u00fcr gut, erst am Olperer und dann an der GW, daher fast nur noch offpiste gewesen und zur Gletscherh\u00fctte raufgegangen f\u00fcr ein paar Fotos runter zur Schlegeispiste.<\/p>\n<p>Leider heut meine Handys im Auto vergessen, daher fehlen die sch\u00f6nen Offpisteausfl\u00fcge im GPS-Track.<\/p>\n<p><a href='http:\/\/ski.inmontanis.info\/d\/320672-2\/DSC06271.jpg'><img src=http:\/\/ski.inmontanis.info\/d\/320671-3\/DSC06271.jpg \/><\/a><br \/>\n^ Laut Anschlag geht 3x am Tag ein Pistenraupentaxi zum Babylift, 2 k\u00f6nnen innen sitzen, der Rest steht dann vorne in der Box, wo auch Skier und Stecken reinkommen<\/p>\n<p><a href='http:\/\/ski.inmontanis.info\/d\/320676-2\/DSC06273.jpg'><img src=http:\/\/ski.inmontanis.info\/d\/320675-3\/DSC06273.jpg \/><\/a><br \/>\n^ Mittlerweile leider ziemlicher Eierkartonschnee im Gel\u00e4nde. Geht nur dann gut zu fahren, wenn es weich ist.<\/p>\n<p><a href='http:\/\/ski.inmontanis.info\/d\/320680-2\/DSC06275.jpg'><img src=http:\/\/ski.inmontanis.info\/d\/320679-3\/DSC06275.jpg \/><\/a><br \/>\n^ Ich muss mich leider auch auf die Sitze stellen, wenn ich in den GB-Kabinen die Fenster \u00f6ffnen will.. allerdings nur mit 1 Fu\u00df in der Mitte zwischen den Fenstern. Nicht so wie die da.<\/p>\n<p><a href='http:\/\/ski.inmontanis.info\/d\/320684-2\/DSC06276.jpg'><img src=http:\/\/ski.inmontanis.info\/d\/320683-3\/DSC06276.jpg \/><\/a><br \/>\n^ Olperer-SL mit Mond<\/p>\n<p><a href='http:\/\/ski.inmontanis.info\/d\/320688-2\/DSC06277.jpg'><img src=http:\/\/ski.inmontanis.info\/d\/320687-3\/DSC06277.jpg \/><\/a><br \/>\n^ Schneeverschiebung<\/p>\n<p><a href='http:\/\/ski.inmontanis.info\/d\/320692-2\/DSC06279.jpg'><img src=http:\/\/ski.inmontanis.info\/d\/320691-3\/DSC06279.jpg \/><\/a><br \/>\n^ Trainigsbereich am Olperer schon um 10 Uhr fahrbar, weil kaum verwendet<\/p>\n<p><a href='http:\/\/ski.inmontanis.info\/d\/320696-2\/DSC06280.jpg'><img src=http:\/\/ski.inmontanis.info\/d\/320695-3\/DSC06280.jpg \/><\/a><br \/>\n^ Rechte mittlerweile geschlossene Abfahrt am SL Olperer, ging heut toll zu fahren<\/p>\n<p><a href='http:\/\/ski.inmontanis.info\/d\/320700-2\/DSC06282.jpg'><img src=http:\/\/ski.inmontanis.info\/d\/320699-3\/DSC06282.jpg \/><\/a><br \/>\n^ GW-Offpiste-Rinne<\/p>\n<p><a href='http:\/\/ski.inmontanis.info\/d\/320704-2\/DSC06283.jpg'><img src=http:\/\/ski.inmontanis.info\/d\/320703-3\/DSC06283.jpg \/><\/a><br \/>\n^ GW-Offpiste-Rinne<\/p>\n<p><a href='http:\/\/ski.inmontanis.info\/d\/320708-2\/DSC06284.jpg'><img src=http:\/\/ski.inmontanis.info\/d\/320707-3\/DSC06284.jpg \/><\/a><br \/>\n^ GW-Offpiste Alternative &#8211; da hatte ich Gl\u00fcck, dass ich neben der Vermattung noch rauskam &#8230;<\/p>\n<p><a href='http:\/\/ski.inmontanis.info\/d\/320712-2\/DSC06285.jpg'><img src=http:\/\/ski.inmontanis.info\/d\/320711-3\/DSC06285.jpg \/><\/a><br \/>\n^ Der kleine GW-Funpark, heute nicht nur die Buckelpisten in Verwendung, sondern auch die Spr\u00fcnge<\/p>\n<p><a href='http:\/\/ski.inmontanis.info\/d\/320716-2\/DSC06289.jpg'><img src=http:\/\/ski.inmontanis.info\/d\/320715-3\/DSC06289.jpg \/><\/a><br \/>\n^ DSB-Zufahrt mit etwas unn\u00fctzer Vermattung links<\/p>\n<p><a href='http:\/\/ski.inmontanis.info\/d\/320720-2\/DSC06292.jpg'><img src=http:\/\/ski.inmontanis.info\/d\/320719-3\/DSC06292.jpg \/><\/a><br \/>\n^ Bald kaum noch Schnee and der Ausfahrt DSB<\/p>\n<p><a href='http:\/\/ski.inmontanis.info\/d\/320724-2\/DSC06297.jpg'><img src=http:\/\/ski.inmontanis.info\/d\/320723-3\/DSC06297.jpg \/><\/a><br \/>\n^ 3SB Schlegeis und Abfahrt<\/p>\n<p>Vergleich 15.9.2019:<br \/>\n<a href='http:\/\/ski.inmontanis.info\/d\/266646-3\/DSC00661.jpg'><img src=http:\/\/ski.inmontanis.info\/d\/266645-4\/DSC00661.jpg \/><\/a><br \/>\n^ 15.9.2019<\/p>\n<p><a href='http:\/\/ski.inmontanis.info\/d\/320728-2\/DSC06300_001.jpg'><img src=http:\/\/ski.inmontanis.info\/d\/320727-3\/DSC06300_001.jpg \/><\/a><br \/>\n^ 3SB Schlegeis und Abfahrt<\/p>\n<p>Vergleich 25.9.2016:<br \/>\n<a href='http:\/\/ski.inmontanis.info\/d\/218260-3\/DSC09055.jpg'><img src=http:\/\/ski.inmontanis.info\/d\/218259-4\/DSC09055.jpg \/><\/a><br \/>\n^ 25.9.2016<\/p>\n<p>Vergleich 20.8.2011:<br \/>\n<a href='http:\/\/ski.inmontanis.info\/d\/134909-3\/DSC08619.jpg'><img src=http:\/\/ski.inmontanis.info\/d\/134909-3\/DSC08619.jpg \/><\/a><br \/>\n^ 20.8.2011<\/p>\n<p><a href='http:\/\/ski.inmontanis.info\/d\/320732-2\/DSC06302.jpg'><img src=http:\/\/ski.inmontanis.info\/d\/320731-3\/DSC06302.jpg \/><\/a><br \/>\n^ Gletscherh\u00fctte und Olperer<\/p>\n<p><a href='http:\/\/ski.inmontanis.info\/d\/320736-2\/DSC06305.jpg'><img src=http:\/\/ski.inmontanis.info\/d\/320735-3\/DSC06305.jpg \/><\/a><br \/>\n^ Gletscherh\u00fctte, altes Schild, als sie im Sommer noch offen war und hier eine Wanderung m\u00f6glich war<\/p>\n<p><a href='http:\/\/ski.inmontanis.info\/d\/320740-2\/DSC06308_001.jpg'><img src=http:\/\/ski.inmontanis.info\/d\/320739-3\/DSC06308_001.jpg \/><\/a><br \/>\n^ Die Gletscherh\u00fctte hat eine gro\u00dfe Garage mit beidseitigen Toren &#8230;<\/p>\n<p><a href='http:\/\/ski.inmontanis.info\/d\/320744-2\/DSC06316_001.jpg'><img src=http:\/\/ski.inmontanis.info\/d\/320743-3\/DSC06316_001.jpg \/><\/a><br \/>\n^ .. aber auf dieser Seite kommt man wohl nicht mehr weit.<\/p>\n<p><a href='http:\/\/ski.inmontanis.info\/d\/320752-2\/DSC06320.jpg'><img src=http:\/\/ski.inmontanis.info\/d\/320751-3\/DSC06320.jpg \/><\/a><br \/>\n^ Abfahrt 3SB Schlegeis<\/p>\n<p>Vergleich von anderer Position vom 1.8.2020:<br \/>\n<a href='http:\/\/ski.inmontanis.info\/d\/281274-3\/DSC01092.jpg'><img src=http:\/\/ski.inmontanis.info\/d\/281273-4\/DSC01092.jpg \/><\/a><br \/>\n^ 1.8.2020<\/p>\n<p><a href='http:\/\/ski.inmontanis.info\/d\/320756-2\/DSC06335.jpg'><img src=http:\/\/ski.inmontanis.info\/d\/320755-3\/DSC06335.jpg \/><\/a><br \/>\n^ Zoom ehemalige und aktuelle 3SB-Schlegeis-Talstation<\/p>\n<p><a href='http:\/\/ski.inmontanis.info\/d\/320748-2\/DSC06313.jpg'><img src=http:\/\/ski.inmontanis.info\/d\/320747-3\/DSC06313.jpg \/><\/a><br \/>\n^ Zoom Ex-3SB-Schlegeis-Talstation und Abfahrt und Stausee<\/p>\n<p><a href='http:\/\/ski.inmontanis.info\/d\/320760-2\/DSC06339.jpg'><img src=http:\/\/ski.inmontanis.info\/d\/320759-3\/DSC06339.jpg \/><\/a><br \/>\n^ SL Olperer und Babylift (und 6KSB L\u00e4rmstange 2) von Gletscherh\u00fctte<\/p>\n<p><a href='http:\/\/ski.inmontanis.info\/d\/320764-2\/DSC06344.jpg'><img src=http:\/\/ski.inmontanis.info\/d\/320763-3\/DSC06344.jpg \/><\/a><br \/>\n^ Olpererh\u00e4nge von Gletscherh\u00fctte<\/p>\n<p><a href='http:\/\/ski.inmontanis.info\/d\/320768-2\/DSC06347.jpg'><img src=http:\/\/ski.inmontanis.info\/d\/320767-3\/DSC06347.jpg \/><\/a><br \/>\n^ 3SB Schlegeis und GW<\/p>\n<p><a href='http:\/\/ski.inmontanis.info\/d\/320772-2\/DSC06349.jpg'><img src=http:\/\/ski.inmontanis.info\/d\/320771-3\/DSC06349.jpg \/><\/a><br \/>\n^ Zoom Ex-3SB-Schlegeis-St\u00fctzenfundamente<\/p>\n<p><a href='http:\/\/ski.inmontanis.info\/d\/320776-2\/DSC06359.jpg'><img src=http:\/\/ski.inmontanis.info\/d\/320775-3\/DSC06359.jpg \/><\/a><br \/>\n^ Gletscherh\u00fctte, die stand in den 90ern nur knapp auf dem Fels \u00fcber dem Gletscher, mittlerweile thront sie schon fast \u00fcber dem Gletscher.<\/p>\n<p><a href='http:\/\/ski.inmontanis.info\/d\/320780-2\/DSC06363.jpg'><img src=http:\/\/ski.inmontanis.info\/d\/320779-3\/DSC06363.jpg \/><\/a><br \/>\n^ GW von Bergstation 3SB Schlegeis<\/p>\n<p><a href='http:\/\/ski.inmontanis.info\/d\/320784-2\/DSC06365.jpg'><img src=http:\/\/ski.inmontanis.info\/d\/320783-3\/DSC06365.jpg \/><\/a><br \/>\n^ DSB-Abfahrt, der obere Bereich ist ja fast immer tief aufgefahren; wenn die Trainingshangeinfahrten mal vorbei sind, geht sie manchmal besser, manchmal nicht<\/p>\n<p><a href='http:\/\/ski.inmontanis.info\/d\/320788-2\/DSC06366.jpg'><img src=http:\/\/ski.inmontanis.info\/d\/320787-3\/DSC06366.jpg \/><\/a><br \/>\n^ Blick in die Schlucht an der kurzen 6SB unterhalb Sommerbergalm, vom GB2 aus<\/p>\n<p>Im Auto um 14h 29\u00b0 mit max. 30,1\u00b0. Am Kaufh\u00e4usl und unterhalb vom Restaurant-Caf\u00e9 ist ein kleiner Imbissverkauf, der heut offen war. Ich checkte auch die Karte vom Restaurant dar\u00fcber .. na vmtl. werd ich mir das eher sparen. Im Imbissbereich g\u00e4be es Leberk\u00e4ssemmel um 3,-, Frankfurter mit Brot um 5,-, Schinkenk\u00e4setoast um 5,- und Pizza-Ecken\/Baguettes um 5-6 \u20ac. Da ist es in der teuren Pizzeria gegen\u00fcber in der Tenne noch etwas g\u00fcnstiger. Dort bek\u00e4me man auch Pommes um 5,40 und soll auch alles zum mitnehmen sein. <\/p>\n<p>Heut Abend eins der K\u00f6rnersemmel von Donnerstag mit Fischdose geplant und noch ein Magnum-Eis dazu gekauft. <\/p>\n<p><a href='http:\/\/extra.inmontanis.info\/d\/99734-3\/DSC06368.jpg'><img src=http:\/\/extra.inmontanis.info\/d\/99733-4\/DSC06368.jpg \/><\/a><br \/>\n^ Fischdosen, welche ess ich denn heute..<\/p>\n<p>Entschied mich f\u00fcr den &#8220;Piratenschmaus&#8221;, boah war die eklig, viel zu viel \u00d6l+Eigensaft&#8230; war dann auch extrem voll. Da kauf ich mir lieber eine Portion Pommes um 5,50 n\u00e4chstes mal ;) Evtl. sollte ich die restlichen Fischdosen lieber zu Bratkartoffeln oder R\u00f6sti essen. Da schmecken mir die meistens besser. Der Fisch selbst heut, die ger\u00e4ucherte Makrele, w\u00e4re ja schon lecker, abr das viele \u00d6l, das ich ja auch mit essen musste, machte das Zeug eklig. Am nervigsten ist an den Fischdosen aber die Magens\u00e4ure, ohne Rennie geht da nix.<\/p>\n<p>Die Hitze blieb trotz komplett offener R\u00fcckfenster noch recht lang im Auto, kaum Wind, aber um 19:00 schon auf 24\u00b0 abgek\u00fchlt.<\/p>\n<p>Spa\u00dfeshalber mal geschaut, wie man mit \u00d6PNV auf die Isle of Man k\u00e4me. Via Flieger mit mind. 2 Umsteigen und um die 600-2000 \u20ac. Wobei da einige Verbindungen auch \u00fcber 24h dauern.<br \/>\nVia Bahn (bis Liverpool) hab ich keine Ticketpreise gefunden, aber unter 6x Umsteigen scheint da nix zu gehen. Maximalpreis d\u00fcrfte wohl ein Interrail-Ticket sein, was z.B. f\u00fcr 5 Reisetage innerhalb 1 Monat 296,- \u20ac (europaweit) w\u00e4re. Zus\u00e4tzich Reservierungen und Aufschl\u00e4ge und F\u00e4hren.<br \/>\nAlternativ mit dem Fernbus, z.B. Flixbus, dauert l\u00e4nger, hat evtl. weniger Umsteigen als mit der Bahn und preislich, naja, z.B. Salzburg bis London mit 1x Umsteigen ab 125 \u20ac. Einfach. Retour dann doppelt so viel. Und dann muss man ja noch die \u00fcbrigen Strecken dazu z\u00e4hlen. <\/p>\n<p>Und dann kommen nat\u00fcrlich noch die \u00dcbernachtungskosten dazu. Da ist man mit dem Camperauto schon viiiiel flexibler (reinsetzen, losfahren) und sp\u00e4testens ab einer gewissen Zeitdauer auch g\u00fcnstiger unterwegs (wenn man sich ja dann die \u00dcbernachtungen spart und &#8220;frei&#8221; steht.)<\/p>\n<p><strong>Mo, 10.7.2023<\/strong><\/p>\n<p>Bergfex hatte ja mal von Freitag bis Dienstag jeden Tag sehr sonnig gemeldet, heute sonniger als gestern gemeldet, aber es war bedeckt, auch vormittags nicht ungest\u00f6rt Sonne am Parkplatz. Wo es ja auch nicht n\u00f6tig ist jetzt in der warmen Saison.<\/p>\n<p>Wenn ich nicht zu sehr rumtr\u00f6del, bin ich um 11:35 am TFH, sp\u00e4testens dort muss ich aber meinen morgendlichen Klogang vollziehen -> 10EUB  11:45 -> GW-SL.<\/p>\n<p>Nass\/weich\/aufgefahren wie gestern, aber pappiger. 2x GW-SL (1x offpiste), 2x O-SL, GB2 (h\u00e4rtester und bester Offpistebereich: TFH-Hang unterster Teil). Meine letzte Fahrt um 13:25 an der DSB, war heut eh nirgends mehr lohnenswert. Ob man heuer durchgehend offen bleiben kann, na, ich wag es doch etwas zu bezweifeln. Oder vieleicht maximal an der DSB mit Fu\u00dfwegen.<\/p>\n<p>Die 13:30-Schlie\u00dfung scheint sogar noch schlimmer zu sein als gedacht, denn als ich um ca. 13:32 an der DSB oben ankam, stand bereits ein Sperrschild an der Skiabfahrt und 2 Pistenraupen standen quer. Bevor da jemand was sieht oder sagt und ich noch mit dem GB3 runter fahren muss, bin ich nat\u00fcrlich noch zackig durch, von der DSB kommend sah man das Sperrschild auch nicht uuunbedingt, aber d.h. dass man um 13:30 nicht mal mehr DSB oder GB3 rauffahren darf oder wie ?!  :( <\/p>\n<p><a href='http:\/\/ski.inmontanis.info\/d\/320792-2\/DSC06379.jpg'><img src=http:\/\/ski.inmontanis.info\/d\/320791-3\/DSC06379.jpg \/><\/a><br \/>\n^ An solchen Tagen sind die Trainingsh\u00e4nge an der GW zu Mittag nicht sch\u00f6n zu fahren, au\u00dfer man findet eine Spur, wo weniger tiefe Furchen sind<\/p>\n<p><a href='http:\/\/ski.inmontanis.info\/d\/320796-2\/DSC06381.jpg'><img src=http:\/\/ski.inmontanis.info\/d\/320795-3\/DSC06381.jpg \/><\/a><br \/>\n^ Vermattungen 6KSB<\/p>\n<p>Ich trocknete mich oben am TFH noch etwas im Schatten aus, h\u00e4tte ja eh noch eine K\u00f6rnersemmel f\u00fcr heut Abend, wenn ich keine frischen bekomme. Die muss ja eh heut oder morgen weg. Naja, 14:10 dann doch runter, vielleicht trocknet die Hose unten schneller und ich kann jedenfalls die Skischuhe ausziehen. <\/p>\n<p>Zwischenstopp am WC Sommerbergalm zum Haar-\/Kopfwaschen, da gibt&#8217;s 2 Behinderten-WCs, wo man also sch\u00f6n alleine tun und lassen kann, was man will ;) (Gibts am TFH auch, aber da ist ja viel mehr los.)<\/p>\n<p>An den Bauarbeiten an der Piste\/Beschneiung sah ich zwei LKWs r\u00fcckw\u00e4rts rauffahren, teilweise, anscheinend k\u00e4men die sonst nicht um manche Kehren und fuhren so ein St\u00fcck r\u00fcckw\u00e4rts und zwischen den   n\u00e4chsten beiden Kehren dann wieder vorw\u00e4rts.<\/p>\n<p>Gut, dass ich kein Solarpanel hab &#8211; so kann ich problemlos im Schatten stehen ;)<\/p>\n<p><a href='http:\/\/ski.inmontanis.info\/d\/320800-2\/IMG_20230710_145709.jpg'><img src=http:\/\/ski.inmontanis.info\/d\/320799-3\/IMG_20230710_145709.jpg \/><\/a><br \/>\n^ Der Bauer muss hier anscheinend mitten durch den Fluss fahren, wenn er das hintere Feld m\u00e4hen will<\/p>\n<p>Essen heut? 1,5 Semmeln mit gekauftem 150g Bergk\u00e4se. Eigentlich auch zu viel. Pizzeria hatte wohl auch offen heut, jedenfalls war die T\u00fcr offen. Laut Website haben sie nur MI-SO offen. Eine Margherita um 11,90 ist schon &#8220;sehr sportlich&#8221;. Salami 13,90, andere entsprechend teurer, bis zu 16,90 und 18,90 in dem Bereich, was mich dann interessieren w\u00fcrde. Schni-Po w\u00fcrde 16,90 kosten, Burger 12,50-16,90 ohne Beilage.<\/p>\n<p>Hab nachmittags mal noch das Fliegennetz getauscht &#8211; bevor es wieder regnet jeden Nachmittag. Da waren gleich mal 2 Fliegen im Netz &#8211; gebraucht oder was?! Der Unterschied ist aber schon krass. Wie Full-HD vs. PAL :) Entsprechend sieht man auch besser raus. Ob damit mehr oder weniger Luft reinkommt, konnte ich nicht absch\u00e4tzen.<\/p>\n<p><a href='http:\/\/extra.inmontanis.info\/d\/99738-3\/DSC06382.jpg'><img src=http:\/\/extra.inmontanis.info\/d\/99737-4\/DSC06382.jpg \/><\/a><br \/>\n^ Das ist schon ein sp\u00fcrbarer Unterschied der beiden Fliegennetze, was die Engmaschigkeit angeht &#8230; links ca. 1mm, rechts ca. 0,5mm<\/p>\n<p>Sp\u00e4tnachmittags fand noch Inlineskate-Slalomtraining am Parkplatz statt&#8230;..<\/p>\n<p><a href='http:\/\/ski.inmontanis.info\/d\/320804-2\/DSC06384.jpg'><img src=http:\/\/ski.inmontanis.info\/d\/320803-3\/DSC06384.jpg \/><\/a><br \/>\n^ Abendtraining auf Inlineskates am Parkplatz<\/p>\n<p>Kurz vor 20 Uhr, unglaublich mal wieder, quasi der ganze Parkpltz frei, muss sich jemand, der hier in seinem Hochdachkombi schlafen will, direkt neben mich hinstellen! Und, nat\u00fcrlich, nat\u00fcrlich, laufend L\u00e4rm machen. <\/p>\n<p>Man sollte mal eine Strichliste machen, das glaubt einem ja keiner, wie oft manche Deppen ihre T\u00fcren auf und zu machen m\u00fcssen.<\/p>\n<p>Wie schon gestern Abend kam auch heute wieder die K\u00e4lte von \u00f6stlicher Seite ins Auto, was insofern bl\u00f6d ist, da ich da ja direkt neben dem Fenster auf dem Bett sitze und es dann an den Armen etwas kalt und in den Augen zugig ist. <\/p>\n<p><strong>Di, 11.7.2023<\/strong><\/p>\n<p>Leider war f\u00fcr mich ab ca. 5:30 Uhr die Nacht vorbei, weil der nervige Nachbar mit seinem T\u00fcr-auf-T\u00fcr-zu-L\u00e4rm st\u00f6rte. H\u00e4tte ich die Strichliste gestern angefangen, w\u00e4r sie innerhalb ca. 5-10min um weitere ca. 10x gestiegen. Danach folgte eine etwas ruhigere, wenn auch nicht st\u00f6rungsfreie Zeit inkl. Metallgeschirrgeklapper. Um 6:30 dann wieder ca. 10x T\u00fcr-auf-T\u00fcr-zu innerhalb 5-10min. <\/p>\n<p>Was fur ein assozialer Arsch. Wenn der heut Abend nicht weg ist, werd ich also weg m\u00fcssen und trotz der n\u00e4sseren Nachmittage mich auf den ruhigeren und weiter entfernten Schotterplatz stellen.<\/p>\n<p>Ab 8:50 Uhr gabs dann noch mehr L\u00e4rm, als bei einem der Fahrzeuge in meiner N\u00e4he die Alarmanlage losgegangen ist  .. nach 2x zum Gl\u00fcck dann ruhig, w\u00e4r zum Arbeiten auch nervig gewesen.<\/p>\n<p>Vormittags brannte selbst am Parkplatz die Sonne fast ungest\u00f6rt auf&#8217;s Auto, dazu heute vermutlich der w\u00e4rmste Tag. Morgen soll es ab Mittag und den ganzen Nachmittag \u00fcber teils sehr stark regnen.<\/p>\n<p>Anscheinend wollten sich heute viele Fu\u00dfg\u00e4nger mittags abk\u00fchlen, da es nach 11h sehr voll war im Talstationsbereich. Am TFH angenehme Temperaturen. 10EUB-TFH ging ganz gut, aber am GB3 um 12:00 auch mehr los.<\/p>\n<p>Wie gestern schien auch heute 10EUB+DSB nach 13:30 eingestellt zu sein oder max. bei Fussg\u00e4ngerbedarf zu fahren. Pistenraupen und Sperrschild war heute um 13:30 an der GB3-Bergstation noch nicht aktiviert. <\/p>\n<p><a href='http:\/\/ski.inmontanis.info\/d\/320808-2\/DSC06385.jpg'><img src=http:\/\/ski.inmontanis.info\/d\/320807-3\/DSC06385.jpg \/><\/a><br \/>\n^ Wenn der Liftler um 12 Uhr schon die Seile am Einstieg wegtut und danach noch Gruppen z.B. vom Olperer kommen und raufwollen (rechts) und auch noch gleichzeitig welche vom GW-Training (links) dann ist der Einstieg schon etwas chaotisch.<\/p>\n<p><a href='http:\/\/ski.inmontanis.info\/d\/320812-2\/DSC06386.jpg'><img src=http:\/\/ski.inmontanis.info\/d\/320811-3\/DSC06386.jpg \/><\/a><br \/>\n^ Nat\u00fcrlich gibts auch wieder einige L\u00f6cher in den Pisten, das war nicht das einzige und auch nicht das gr\u00f6\u00dfte &#8230;<\/p>\n<p>Obwohl ich ja nicht am perfektesten Baumschattenplatz steh, hatte es im Auto doch nur max. 30,7\u00b0 und 1\u00b0 weniger als ich kurz vor 15h unten war.  <\/p>\n<p>Nahm heut 1 Semmel und 200g abgepackten Fleischsalat (&#8220;Italienischersalat&#8221; &#8211; &#8220;Wurstmayonnaisesalat&#8221;) vom Kaufh\u00e4usl mit, der kostete dann 4,19 .. Mit zus\u00e4tzlich der halben Semmel von gestern war ich weniger satt als gestern mit den 1,5 Semmeln und 150g Bergk\u00e4se. Allerdings heute auch weniger &#8220;eklig  voll&#8221; als die letzen beiden Tage.<\/p>\n<p><a href='http:\/\/extra.inmontanis.info\/d\/99742-3\/DSC06390.jpg'><img src=http:\/\/extra.inmontanis.info\/d\/99741-4\/DSC06390.jpg \/><\/a><br \/>\n^ Heutiges Abendessen (nachmittags)<\/p>\n<p>Im Auto mussste ich nat\u00fcrlich noch warten, wann der bl\u00f6de Nachbar kommt und ob der heute wieder wegf\u00e4hrt oder nicht. \u00dcberhgupt war&#8217;s um 16h noch recht voll an den Parkpl\u00e4tzen, auch an meinem Alternativplatz sah es noch recht komplett belegt aus.<\/p>\n<p>Um 17h war der neben mir zwar da, schien aber (noch?) keine Anstalten zu machen, abhauen zu wollen, ich wollte mich aber endlich in Couchposition begegeben. Am Baumschattenschotterparkplatz gegen\u00fcber nach wie vor noch viele Autos aber zumindest ein Platz sollte frei sein, also fuhr ich r\u00fcber.<\/p>\n<p>Hitze und kaum Wind und keine Abk\u00fchlung im Auto, heute h\u00e4tte ich mich in die Tiefgarage stellen sollen.<\/p>\n<p>Lang, lang sp\u00e4ter w\u00e4re der nervige gestrige Nachbar wohl doch noch weg oder anderswohin gefahren. Naja, jetzt stehe ich halt am ruhigeren, morgens sonnigeren, nachmittags schattigeren, weiter weg liegenderen Parkplatz f\u00fcr die n\u00e4chsten Tage.<\/p>\n<p>Nach 23:00 zog Gewitter her mit Sturm, sp\u00e4ter nachts nochmals etwas Regen und dann nochmals sehr st\u00fcrmisch.<\/p>\n<p><strong>Mi, 12.7.2023<\/strong><\/p>\n<p>Auch vormittags blieb es schon bedeckt mit einigen Regentropfen.<\/p>\n<p>&#8220;Der Vormittag bringt mit f\u00f6hnigem Einfluss vor allem in Nordtirol noch etwas Sonnenschein, in Osttirol \u00fcberwiegt der bew\u00f6lkte Eindruck. Die Luft ist dr\u00fcckend schw\u00fcl und sp\u00e4testens ab Mittag ist mit starken Gewittern zu rechnen, die Unwetterpotenzial haben! Bis zum Abend und in die Nacht hinein ist in Nordtirol und Osttirol mit Blitzschlag, Sturmb\u00f6en und Starkregen zu rechnen.&#8221; stand es auf Bergfex. <\/p>\n<p>Da h\u00e4tte man ja evtl. noch eine trockene Skistunde zur Mittagszeit erwarten k\u00f6nnen. Nach 2 Stunden hatte sich das vormittags eher zu einem Dauerregen ausgebaut. Wobei Bergfex f\u00fcr um die Mittagszeit etwas trockener melden w\u00fcrde. Kurz vor 11 Uhr war&#8217;s dann am Parkplatz tats\u00e4chlich trocken &#8230; daf\u00fcr auf der Gipfelwebcam nun Nebel. Tja was nun, rauf oder nicht? Parkpl\u00e4tze waren auch voller als erwartet.<\/p>\n<p>Sicher, man k\u00f6nnte sagen, rauffahren kost ja nix. Kann ja dann wieder runter. Aber: Das Umziehen ist ja auch ein gewisser Akt und das evtl. Nasswerden beim Retourkommen ein Problem &#8230; Wenn&#8217;s heute bis 14h trocken bliebe und morgen zur Mittagszeit regnet, w\u00fcrds mich morgen nat\u00fcrlich schon etwas \u00e4rgern, heute nicht gefahren zu sein, aber dann morgen.<\/p>\n<p>Drau\u00dfen vor der T\u00fcr h\u00e4tte es durchaus brauchbar ausgesehen, aber bis ich in 45min oben bin, kann das ja wieder ganz anders sein. Zudem f\u00fchl ich mich ja schon wieder etwas krank. Also nur unten im Talstationsbereich etwas rumgelaufen.<\/p>\n<p>Es sogar etwas die Sonne raus. Ich ging mal zum Wasserfall, wo ein rutschiger, nasser, steiler Weg weiter hinauf ging, zumindest mit meinen aktuellen Schuhen wollt ich da lieber nicht weiter hinauf, da zu rutschig.<\/p>\n<p><a href='http:\/\/ski.inmontanis.info\/d\/320816-2\/DSC06394_001.jpg'><img src=http:\/\/ski.inmontanis.info\/d\/320815-3\/DSC06394_001.jpg \/><\/a><br \/>\n^ In letzter Zeit meinte ich ja, dass das von der Tiefgarage sei, ist aber nicht so &#8230;<\/p>\n<p><a href='http:\/\/ski.inmontanis.info\/d\/320820-2\/DSC06393.jpg'><img src=http:\/\/ski.inmontanis.info\/d\/320819-3\/DSC06393.jpg \/><\/a><br \/>\n^ &#8230; wird momentan wohl zeitweise als Stall verwendet, war vielleicht fr\u00fcher was von der 4EUB-Talstation?!<\/p>\n<p><a href='http:\/\/ski.inmontanis.info\/d\/320824-2\/DSC06395_001.jpg'><img src=http:\/\/ski.inmontanis.info\/d\/320823-3\/DSC06395_001.jpg \/><\/a><br \/>\n^ Wasserfall nahe der Talstation<\/p>\n<p><a href='http:\/\/ski.inmontanis.info\/d\/320828-2\/DSC06397.jpg'><img src=http:\/\/ski.inmontanis.info\/d\/320827-3\/DSC06397.jpg \/><\/a><br \/>\n^ Wasserfall nahe der Talstation<\/p>\n<p><a href='http:\/\/ski.inmontanis.info\/d\/320832-2\/DSC06399_001.jpg'><img src=http:\/\/ski.inmontanis.info\/d\/320831-3\/DSC06399_001.jpg \/><\/a><br \/>\n^ Hintertux; zu der Alm links oben soll mal ein Lift (wohl erst ESL dann SL) raufgegangen sein.<\/p>\n<p>Von dem bissschen Rumgelaufe (ca. 45min) kam ich jedenfalls gleich ins Schwitzen, schlechte Idee also, da noch mehr zu machen. Also noch zur Pizzeria und kleinen Salat+Pommes mitgenommen und den Rest des Tages im Auto verbringen. Waren dann 10,80 (je 5,40) und mittlerweile noch sonniger um 12:45 .. doch mit den Skiern rauf gesollt .. <\/p>\n<p><a href='http:\/\/extra.inmontanis.info\/d\/99746-3\/DSC06402.jpg'><img src=http:\/\/extra.inmontanis.info\/d\/99745-4\/DSC06402.jpg \/><\/a><br \/>\n^ Pommes und Salat, der leider zu viel Tomaten hatte<\/p>\n<p>Pommes waren OK, aber zu wenig zum satt werden, mit Salat wurd ich zwar halbwegs satt, aber nicht f\u00fcr den Rest des Tages und der Salat hat mich nicht \u00fcberzeugt, den brauch ich kein zweites Mal.<\/p>\n<p><a href='http:\/\/ski.inmontanis.info\/d\/320836-2\/DSC06403.jpg'><img src=http:\/\/ski.inmontanis.info\/d\/320835-3\/DSC06403.jpg \/><\/a><br \/>\n^ Neue Kabinen, evtl. f\u00fcr die 8EUB Sektion 1<\/p>\n<p><a href='http:\/\/ski.inmontanis.info\/d\/320840-2\/DSC06406.jpg'><img src=http:\/\/ski.inmontanis.info\/d\/320839-3\/DSC06406.jpg \/><\/a><br \/>\n^ Blick vom Tal zu den Sektionen 1-2-3<\/p>\n<p><a href='http:\/\/ski.inmontanis.info\/d\/320844-2\/DSC06407_001.jpg'><img src=http:\/\/ski.inmontanis.info\/d\/320843-3\/DSC06407_001.jpg \/><\/a><br \/>\n^ Das neue Parkhaus hat einen extra Hochwasserfluchtweg<\/p>\n<p><a href='http:\/\/ski.inmontanis.info\/d\/320848-2\/DSC06408_001.jpg'><img src=http:\/\/ski.inmontanis.info\/d\/320847-3\/DSC06408_001.jpg \/><\/a><br \/>\n^ Das neue Parkhaus<\/p>\n<p>Tja, das Wetter h\u00e4tte also doch gehalten, entgegen der Regenvorhersage von Bergfex und Inca ab 12, um 13:30 sogar etwas, um 14:30 noch viel mehr blauer Himmel, schade, mal wieder vom Wetterbericht verraschen lassen. Dann also morgen Mittag regen, wenn ich statt heute rauf fahr?! <\/p>\n<p>Es dauerte bis 16:50 bis es wieder Regentropfen gab und erst nach 20:45 fing es richtig zu regnen an, danach nochmals kurz Pause und um 22:20 fing das Unwetter an.<\/p>\n<p><strong>Do, 13.7.2023<\/strong><\/p>\n<p>Bis 10:00 blieb es trocken und es sah eigentlich ganz gut aus, danach fing der Regen wieder an und sollte lt. Bergfex \u00fcber Mittag so weitergehen. Schnupfen ist wieder etwas intensivier, daheim also unbedingt Auto reinigen, entschimemln und desinfizieren (wobei bei weitem nicht so schlimm wie letztes Jahr), insb. L\u00fcftung\/Klima, vmtl. wird eins davon schuld sein. <\/p>\n<p>Da es um 11 trocken war, zog ich mich um und fuhr rauf. Dicke Wolken im Skigebiet, mal nebliger, mal blauerer Himmel, bissl Nieselregen, also ja, schlechter als gestern Mittag.<\/p>\n<p>Die DSB war wie gestern nicht in Betieb, TFH-Hang sah noch gut aus, daher gleich gefahren. Sp\u00fcrbar etliches an Schnee weggesp\u00fclt der warme Regen der letzten beiden N\u00e4chte.<\/p>\n<p>Am GW- und O-SL in jeweils der oberen H\u00e4lfte nerviger Stop-and-Go-Papp und auch im Flachteil O-SL pappig. Dann lieber noch ein paar mal TFH-Hang. Unterster Offpistebereich wieder am sch\u00f6nsten. <\/p>\n<p><a href='http:\/\/ski.inmontanis.info\/d\/320852-2\/DSC06409_001.jpg'><img src=http:\/\/ski.inmontanis.info\/d\/320851-3\/DSC06409_001.jpg \/><\/a><br \/>\n^ Der Schnee von der GB3-Zufahrt wurde nun wieder etwas nach rechts verschoben, weil sonst ein St\u00fcck in der Mitte aper gewesen w\u00e4re&#8230;<\/p>\n<p><a href='http:\/\/ski.inmontanis.info\/d\/320856-2\/DSC06412_001.jpg'><img src=http:\/\/ski.inmontanis.info\/d\/320855-3\/DSC06412_001.jpg \/><\/a><br \/>\n^ Seit vorgestern hat es viel Schnee weggeregnet und viel Eis liegt nun blank<\/p>\n<p><a href='http:\/\/ski.inmontanis.info\/d\/320860-2\/DSC06413.jpg'><img src=http:\/\/ski.inmontanis.info\/d\/320859-3\/DSC06413.jpg \/><\/a><br \/>\n^ .. und etliche Pf\u00fctzen heute<\/p>\n<p><a href='http:\/\/ski.inmontanis.info\/d\/320864-2\/DSC06414.jpg'><img src=http:\/\/ski.inmontanis.info\/d\/320863-3\/DSC06414.jpg \/><\/a><br \/>\n^ Auch manche Vermattungen waren f\u00fcr den Regen nicht gut ger\u00fcstet, es bilden sich dann U-Profile der einzelnen Bahnen und starker Schneeverlust durch das warme Wasser, das oben in der U-Furche bleibt<\/p>\n<p><a href='http:\/\/ski.inmontanis.info\/d\/320868-2\/DSC06415.jpg'><img src=http:\/\/ski.inmontanis.info\/d\/320867-3\/DSC06415.jpg \/><\/a><br \/>\n^ .. gilt auch f\u00fcr hier oben. Generell waren heute einige Mitarbeiter damit besch\u00e4ftigt, die Stecken wieder zu befestigen<\/p>\n<p>Machte meine letzte Bergfahrt schon um 1305, blieb aber (bei bereits Nieselregen) noch bis 14:20 am TFH, aber als ich dann ging, regnete es st\u00e4rker. Obwohl nachmittags Bergfex ja wieder trocken gemeldet h\u00e4tte&#8230; <\/p>\n<p>Um 14:24 schlug dann irgendwo ganz nah ein Blitz ein und der GB2 stand sofort still, ich kurz unterm Spannagelhaus. Na das hat sich ja super gelohnt jetzt runterzufahren &#8230;.<\/p>\n<p>5min sp\u00e4ter ging&#8217;s wieder weiter, 3min sp\u00e4ter ein kurzer Nothalt und um 14:38 gab&#8217;s an der Sommbergalm nicht mal mehr einen einzigen Regentropfen. 14:47 Talstation dagegen wieder nieselregen, nach Klogang st\u00e4rker werdend, also hab ich noch etwas gewartet bzw. hab beim R\u00fcckweg noch Semmeln und Wurst gekauft und drau\u00dfen nochmals auf trockeneres Wetter gewartet, bis ich zum Auto ging. Nerv nerv nerv, w\u00e4r ich doch gestern statt heut Ski gefahren. Scheiss verfickte falsche Wetterberichte jedesmal.<\/p>\n<p>Im Auto hatte es k\u00fchle 18.7\u00b0, blieb aber bei geschlossenem Fenster doch warm genug, dass ich nicht die Standheizung brauchte.<\/p>\n<p><strong>Fr, 14.7.2023<\/strong><\/p>\n<p>Heut etwas k\u00e4lter, daher die Pisten egtl. h\u00e4rter, auch offpiste an der GW war der &#8220;Eierkartonschnee&#8221; um 12:30 noch zu unsch\u00f6n hart, aber auf den Abfahrten eher pappig, insb. die Flachst\u00fccke an den SL-Talstationen, daher O-SL nur 1x gefahren.<\/p>\n<p>Die DSB-Abfahrt w\u00e4r aber heut auch noch nach 13:30 sch\u00f6n gewesen :(<\/p>\n<p>Die Maskenaufkleber in den GB2-Gondeln wurden wohl jetzt auch endlich entfernt!!! <\/p>\n<p><a href='http:\/\/ski.inmontanis.info\/d\/320872-2\/DSC06421.jpg'><img src=http:\/\/ski.inmontanis.info\/d\/320871-3\/DSC06421.jpg \/><\/a><br \/>\n^ Wenn neben dem GW-SL nicht so viel Matten l\u00e4gen, w\u00fcrde das viel felsiger aussehen<\/p>\n<p><a href='http:\/\/ski.inmontanis.info\/d\/320876-2\/DSC06424_001.jpg'><img src=http:\/\/ski.inmontanis.info\/d\/320875-3\/DSC06424_001.jpg \/><\/a><br \/>\n^ Die Erd-Wiesen-Decke z.B. auf der Abfahrt ist sehr schmal, kurz darunter ist schon Fels<\/p>\n<p>Im Auto um 14:30 k\u00fchle 22,6\u00b0 (bei max. 24,9 trotz Sonnenschein) &#8211; da sollte ich dann im September wohl nicht hinter B\u00e4umen stehen, sondern lieber freier, dass die Sonne das Auto maximal aufheizen kann tags\u00fcber&#8230;<\/p>\n<p><a href='http:\/\/ski.inmontanis.info\/d\/320880-2\/DSC06425.jpg'><img src=http:\/\/ski.inmontanis.info\/d\/320879-3\/DSC06425.jpg \/><\/a><br \/>\n^ Pano vom Parkplatz, auch hier sieht man eine Seilbahn &#8230;<\/p>\n<p><a href='http:\/\/ski.inmontanis.info\/d\/320884-2\/DSC06426.jpg'><img src=http:\/\/ski.inmontanis.info\/d\/320883-3\/DSC06426.jpg \/><\/a><br \/>\n^ .. entweder Sprengseilbahn oder Bauseilbahn z.B. f\u00fcr die Lawinenverbauungen<\/p>\n<p>F\u00fcr die Heimfahrt m\u00f6cht ich diesmal einkaufsbedingt eine Zwischen\u00fcbernachtung einlegen (auf einem noch h\u00f6heren Pass als die Talstation hier), wobei die beiden dann folgenden Antik-\/Gebrauchtwarenhallen in der Steiermark, die ich besuchen m\u00f6chte, dienstags geschlossen haben, dh. ich bleib entweder bis SO oder bis DI hier und fahr jeweils nach dem Skifahren weg. Im Falle von DI k\u00f6nnt ich noch auf dem Weg einen t\u00fcrkischen Supermarkt besuchen &#8211; haupts\u00e4chlich f\u00fcr Naschzeug und (frisches) Baklava.<\/p>\n<p>Falls ich dann Mitte August nochmals Hintertux fahren sollte (wenn, dann wohl in der Feiertagswoche und  nur, wenn noch genug offen ist und auch das Wetter passt), dann bliebe ich bis dahin ca. 3-3,5 Wochen daheim. Falls ich zwischenzeitlich nicht runter muss, sollte ich diesmal also zur Abwechslung gleich so viel einkaufen, dass es mir die 3,5 Wochen reichen wird &#8211; also eine entsprechend brauchbar gro\u00dfe Einkaufsliste machen. \u00c4lplermaccaroni w\u00e4ren mal wieder dran. Auch die 2. H\u00e4lfte der Gew\u00fcrzkuchenmischung muss gemacht werden.<\/p>\n<p>Je mehr ich \u00fcber die Einkaufsliste nachdachte &#8211; warum nicht mal fertigen Pizzateig probieren und selbst belegen statt keine Tiefk\u00fchlpizza zu finden, die mir geschmacklich und preislich taugt? &#8211; desto mehr Lust hatte ich, fr\u00fcher heimzufahren.<\/p>\n<p><strong>Sa, 15.7.2023<\/strong><\/p>\n<p>Wetter ist f\u00fcr&#8217;s WE wieder sehr sonnig und warm gemeldet. Da hatte ich auch schon schlechtere Sommersaisonen &#8230;<\/p>\n<p>Ab ca. Spannagelhaus starker Wind, 10EUB fuhr noch, DSB auch, GB3 war recht schaukelig.<\/p>\n<p>Schneem\u00e4\u00dfig .. tja ..  grundlegend morgens nat\u00fcrlich h\u00e4rter als die letzten Tage zu Mittag. Aber der sandige Schnee war trotzdem schon weich genug, dass er pappte. Und das liegt halt auch am vielen Sand. Olperer kam man schon vor 10 Uhr nicht ohne zu schieben zur Talstation und der Wind kam auch aus der falschen Richtung&#8230;<\/p>\n<p>&#8230; da werd ich wohl doch morgen Abend heimfahren. Schokosachen im t\u00fcrkischen Supermarkt zu kaufen ist vmtl eh zu warm momentan. Fraglich bleibt dann eher, ob ich dann noch eine Zwischennacht einlege und am Montag die Antikhallten besuche oder gleich heimfahre. Morgen Sonntag Nachmittags heim hei\u00dft wieder sehr eingeschr\u00e4nkte Einkaufsm\u00f6glichkeiten. G\u00e4be zwar etliche auf dem Weg, aber die meisten haben sonntags nur von 9-13h offen, auch im Zillertal, teilweise ab 8 und\/oder bis 14h. \u00dcber 30\u00b0 soll&#8217;s eh an jedem der n\u00e4chsten Tage werden (und nachmittags gewittrig) .. <\/p>\n<p>Au\u00dfer ich hab morgen schon um 12e die Schnauze voll und schaff zumindest noch einen Supermarkt im Zillertal zumindest f\u00fcr die wichtigsten Sachen und fahr dann gleich heim. Der Sonntag offene Hofer ist aber am Taleingang bei F\u00fcgen und somit auch der letzte Supermarkt, der talausw\u00e4rts offen hat, dh wenn ich da nicht alles bekomm, w\u00fcrd ich wohl keine Zeit haben, noch einen Spar anzufahren &#8211; dann also besser an einem Spar halten.<\/p>\n<p>Sollte ich morgen Nachmittag abfahren wollen, k\u00f6nnte es jedenfalls sinnvoll sein, morgen fr\u00fch in die Tiefgarage zu fahren &#8211; dass ich wenigstens mit einem k\u00fchleren Auto losfahre.<\/p>\n<p>Der Wind heute war auch in der DSB sehr st\u00fcrmisch und verunsch\u00f6nte eine Fahrt damit, obwohl die Abfahrt gut ging. Also ging ich heute nochmals zur Gletscherh\u00fctte rauf. Der Wind wurde st\u00e4rker und die DSB wurde irgendwann gegen Mittag eingestellt. Auch die 10EUB fuhr irgendwann vor 13h nicht mehr.<\/p>\n<p><a href='http:\/\/ski.inmontanis.info\/d\/320888-2\/DSC06427.jpg'><img src=http:\/\/ski.inmontanis.info\/d\/320887-3\/DSC06427.jpg \/><\/a><br \/>\n^ Gletscherblick von Sektion 1, bald sieht man hier gar keinen Gletscher mehr<\/p>\n<p><a href='http:\/\/ski.inmontanis.info\/d\/320892-2\/DSC06429.jpg'><img src=http:\/\/ski.inmontanis.info\/d\/320891-3\/DSC06429.jpg \/><\/a><br \/>\n^ Zoom Kaserer-Bereich von Sektion 1<\/p>\n<p><a href='http:\/\/ski.inmontanis.info\/d\/320896-2\/DSC06430.jpg'><img src=http:\/\/ski.inmontanis.info\/d\/320895-3\/DSC06430.jpg \/><\/a><br \/>\n^ Zoom TFH-Hang\/ZwiDeGo von Sektion 1<\/p>\n<p><a href='http:\/\/ski.inmontanis.info\/d\/320900-2\/DSC06434.jpg'><img src=http:\/\/ski.inmontanis.info\/d\/320899-3\/DSC06434.jpg \/><\/a><br \/>\n^ TFH-10EUB<\/p>\n<p><a href='http:\/\/ski.inmontanis.info\/d\/320904-2\/DSC06436.jpg'><img src=http:\/\/ski.inmontanis.info\/d\/320903-3\/DSC06436.jpg \/><\/a><br \/>\n^ GW-SL und DSB und heut endlich mal sch\u00f6ner Fernblick nach Norden<\/p>\n<p><a href='http:\/\/ski.inmontanis.info\/d\/320908-2\/DSC06440_001.jpg'><img src=http:\/\/ski.inmontanis.info\/d\/320907-3\/DSC06440_001.jpg \/><\/a><br \/>\n^ .. und auch nach S\u00fcden gab&#8217;s sch\u00f6ne Fernsicht<\/p>\n<p><a href='http:\/\/ski.inmontanis.info\/d\/320912-2\/DSC06448.jpg'><img src=http:\/\/ski.inmontanis.info\/d\/320911-3\/DSC06448.jpg \/><\/a><br \/>\n^ Zoom GW von Olperer-SL<\/p>\n<p><a href='http:\/\/ski.inmontanis.info\/d\/320916-2\/DSC06449_001.jpg'><img src=http:\/\/ski.inmontanis.info\/d\/320915-3\/DSC06449_001.jpg \/><\/a><br \/>\n^ GW und Babylift<\/p>\n<p><a href='http:\/\/ski.inmontanis.info\/d\/320920-2\/DSC06450.jpg'><img src=http:\/\/ski.inmontanis.info\/d\/320919-3\/DSC06450.jpg \/><\/a><br \/>\n^ Blick zur GW von Olperer-SL<\/p>\n<p><a href='http:\/\/ski.inmontanis.info\/d\/320924-2\/DSC06454.jpg'><img src=http:\/\/ski.inmontanis.info\/d\/320923-3\/DSC06454.jpg \/><\/a><br \/>\n^ GB3 Bergstation<\/p>\n<p><a href='http:\/\/ski.inmontanis.info\/d\/320928-2\/DSC06460_001.jpg'><img src=http:\/\/ski.inmontanis.info\/d\/320927-3\/DSC06460_001.jpg \/><\/a><br \/>\n^ GW- und O-SL von DSB<\/p>\n<p><a href='http:\/\/ski.inmontanis.info\/d\/320932-2\/DSC06461_001.jpg'><img src=http:\/\/ski.inmontanis.info\/d\/320931-3\/DSC06461_001.jpg \/><\/a><br \/>\n^ DSB und GW-SL<\/p>\n<p><a href='http:\/\/ski.inmontanis.info\/d\/320936-2\/DSC06462.jpg'><img src=http:\/\/ski.inmontanis.info\/d\/320935-3\/DSC06462.jpg \/><\/a><br \/>\n^ GW-SL und S\u00fcdpano von DSB<\/p>\n<p><a href='http:\/\/ski.inmontanis.info\/d\/320940-2\/DSC06467.jpg'><img src=http:\/\/ski.inmontanis.info\/d\/320939-3\/DSC06467.jpg \/><\/a><br \/>\n^ GW-SL und S\u00fcdpano von DSB<\/p>\n<p><a href='http:\/\/ski.inmontanis.info\/d\/320944-2\/DSC06468.jpg'><img src=http:\/\/ski.inmontanis.info\/d\/320943-3\/DSC06468.jpg \/><\/a><br \/>\n^ Dachte, die Marmolada w\u00e4r wo anders und besser zu sehen gewesen ..<\/p>\n<p><a href='http:\/\/ski.inmontanis.info\/d\/320948-2\/DSC06469.jpg'><img src=http:\/\/ski.inmontanis.info\/d\/320947-3\/DSC06469.jpg \/><\/a><br \/>\n^ Bergstationsbereich DSB-SL-GB3<\/p>\n<p><a href='http:\/\/ski.inmontanis.info\/d\/320952-2\/DSC06470.jpg'><img src=http:\/\/ski.inmontanis.info\/d\/320951-3\/DSC06470.jpg \/><\/a><br \/>\n^ Olperer von GW<\/p>\n<p><a href='http:\/\/ski.inmontanis.info\/d\/320956-2\/DSC06471_001.jpg'><img src=http:\/\/ski.inmontanis.info\/d\/320955-3\/DSC06471_001.jpg \/><\/a><br \/>\n^ GB3 von DSB<\/p>\n<p><a href='http:\/\/ski.inmontanis.info\/d\/320960-2\/DSC06472.jpg'><img src=http:\/\/ski.inmontanis.info\/d\/320959-3\/DSC06472.jpg \/><\/a><br \/>\n^ GW von nahe 3SB Schlegeis Bergstation<\/p>\n<p>Vergleichsbild 15.9.2019:<br \/>\n<a href='http:\/\/ski.inmontanis.info\/d\/266654-3\/DSC00666.jpg'><img src=http:\/\/ski.inmontanis.info\/d\/266653-4\/DSC00666.jpg \/><\/a><br \/>\n^ 15.9.2019<\/p>\n<p><a href='http:\/\/ski.inmontanis.info\/d\/320964-2\/DSC06474.jpg'><img src=http:\/\/ski.inmontanis.info\/d\/320963-3\/DSC06474.jpg \/><\/a><br \/>\n^ GW von nahe 3SB Schlegeis Bergstation samt Ex-Bergstation und Ex-schwarzer-Abfahrt (Gletscher ging ja fr\u00fcher \u00fcber diese Felskante nach rechts)<\/p>\n<p>Vergleichsbild 15.9.2019:<br \/>\n<a href='http:\/\/ski.inmontanis.info\/d\/266658-3\/DSC00668.jpg'><img src=http:\/\/ski.inmontanis.info\/d\/266657-4\/DSC00668.jpg \/><\/a><br \/>\n^ 15.9.2019<\/p>\n<p><a href='http:\/\/ski.inmontanis.info\/d\/320968-2\/DSC06476.jpg'><img src=http:\/\/ski.inmontanis.info\/d\/320967-3\/DSC06476.jpg \/><\/a><br \/>\n^ O-SL von nahe 3SB-Schlegeis-Bergstation<\/p>\n<p><a href='http:\/\/ski.inmontanis.info\/d\/320972-2\/DSC06477_001.jpg'><img src=http:\/\/ski.inmontanis.info\/d\/320971-3\/DSC06477_001.jpg \/><\/a><br \/>\n^ Gletscherbecken von nahe 3SB-Schlegeis-Bergstation<\/p>\n<p>Vergleichsbild 15.9.2019:<br \/>\n<a href='http:\/\/ski.inmontanis.info\/d\/266662-3\/DSC00671.jpg'><img src=http:\/\/ski.inmontanis.info\/d\/266661-4\/DSC00671.jpg \/><\/a><br \/>\n^ 15.9.2019<\/p>\n<p><a href='http:\/\/ski.inmontanis.info\/d\/320976-2\/DSC06479_001.jpg'><img src=http:\/\/ski.inmontanis.info\/d\/320975-3\/DSC06479_001.jpg \/><\/a><br \/>\n^ Gletscherbecken\/GW von nahe 3SB-Schlegeis-Bergstation<\/p>\n<p><a href='http:\/\/ski.inmontanis.info\/d\/320980-2\/DSC06480.jpg'><img src=http:\/\/ski.inmontanis.info\/d\/320979-3\/DSC06480.jpg \/><\/a><br \/>\n^ GW von nahe 3SB Schlegeis Bergstation<\/p>\n<p>Vergleichsbild 20.8.2011:<br \/>\n<a href='http:\/\/ski.inmontanis.info\/d\/135004-3\/DSC08621.jpg'><img src=http:\/\/ski.inmontanis.info\/d\/135004-3\/DSC08621.jpg \/><\/a><br \/>\n^ 20.8.2011<\/p>\n<p><a href='http:\/\/ski.inmontanis.info\/d\/320984-2\/DSC06484.jpg'><img src=http:\/\/ski.inmontanis.info\/d\/320983-3\/DSC06484.jpg \/><\/a><br \/>\n^ GW von Gletscherh\u00fctte mit 3SB samt Ex-Bergstation und Ex-schwarzer-Abfahrt (Gletscher ging ja fr\u00fcher \u00fcber diese Felskante nach rechts)<\/p>\n<p><a href='http:\/\/ski.inmontanis.info\/d\/320988-2\/DSC06488.jpg'><img src=http:\/\/ski.inmontanis.info\/d\/320987-3\/DSC06488.jpg \/><\/a><br \/>\n^ 3SB-Abfahrt von Gletscherh\u00fctte<\/p>\n<p><a href='http:\/\/ski.inmontanis.info\/d\/320992-2\/DSC06489.jpg'><img src=http:\/\/ski.inmontanis.info\/d\/320991-3\/DSC06489.jpg \/><\/a><br \/>\n^ 3SB Schlegeis von Gletscherh\u00fctte<\/p>\n<p><a href='http:\/\/ski.inmontanis.info\/d\/320996-2\/DSC06490.jpg'><img src=http:\/\/ski.inmontanis.info\/d\/320995-3\/DSC06490.jpg \/><\/a><br \/>\n^ 3SB Schlegeis von Gletscherh\u00fctte<\/p>\n<p><a href='http:\/\/ski.inmontanis.info\/d\/321000-2\/DSC06492.jpg'><img src=http:\/\/ski.inmontanis.info\/d\/320999-3\/DSC06492.jpg \/><\/a><br \/>\n^ 3SB-Abfahrt von Gletscherh\u00fctte<\/p>\n<p>Vergleichsbild 30.9.2018, anderer Standort:<br \/>\n<a href='http:\/\/ski.inmontanis.info\/d\/250198-3\/DSC05968.jpg'><img src=http:\/\/ski.inmontanis.info\/d\/250197-4\/DSC05968.jpg \/><\/a><br \/>\n^ 30.9.2018<\/p>\n<p><a href='http:\/\/ski.inmontanis.info\/d\/321004-2\/DSC06493.jpg'><img src=http:\/\/ski.inmontanis.info\/d\/321003-3\/DSC06493.jpg \/><\/a><br \/>\n^ 3SB-Abfahrt von Gletscherh\u00fctte, der Felsriegel, der letztes Jahr breit ausgeapert ist<\/p>\n<p><a href='http:\/\/ski.inmontanis.info\/d\/321008-2\/DSC06494.jpg'><img src=http:\/\/ski.inmontanis.info\/d\/321007-3\/DSC06494.jpg \/><\/a><br \/>\n^ 3SB Schlegeis von Gletscherh\u00fctte<\/p>\n<p><a href='http:\/\/ski.inmontanis.info\/d\/321012-2\/DSC06496_001.jpg'><img src=http:\/\/ski.inmontanis.info\/d\/321011-3\/DSC06496_001.jpg \/><\/a><br \/>\n^ Olperer von Gletscherh\u00fctte<\/p>\n<p><a href='http:\/\/ski.inmontanis.info\/d\/321016-2\/DSC06501.jpg'><img src=http:\/\/ski.inmontanis.info\/d\/321015-3\/DSC06501.jpg \/><\/a><br \/>\n^ GW und 3SB Schlegeis von Gletscherh\u00fctte<\/p>\n<p><a href='http:\/\/ski.inmontanis.info\/d\/321020-2\/DSC06504.jpg'><img src=http:\/\/ski.inmontanis.info\/d\/321019-3\/DSC06504.jpg \/><\/a><br \/>\n^ 3SB Schlegeis mit Abfahrt, von Gletscherh\u00fctte<\/p>\n<p>Vergleichsbild 15.9.2019, anderer Standort:<br \/>\n<a href='http:\/\/ski.inmontanis.info\/d\/266638-3\/DSC00657.jpg'><img src=http:\/\/ski.inmontanis.info\/d\/266637-4\/DSC00657.jpg \/><\/a><br \/>\n^ 15.9.2019<\/p>\n<p>Vergleichsbild 28.7.2007, anderer Standort:<br \/>\n<a href='http:\/\/ski.inmontanis.info\/d\/5998-2\/P1170672.jpg'><img src=http:\/\/ski.inmontanis.info\/d\/5998-2\/P1170672.jpg \/><\/a><br \/>\n^ 28.7.2007<\/p>\n<p><a href='http:\/\/ski.inmontanis.info\/d\/321024-2\/DSC06506.jpg'><img src=http:\/\/ski.inmontanis.info\/d\/321023-3\/DSC06506.jpg \/><\/a><br \/>\n^ Olperer \/ 3SB-Abfahrt von Gletscherh\u00fctte<\/p>\n<p><a href='http:\/\/ski.inmontanis.info\/d\/321028-2\/DSC06508.jpg'><img src=http:\/\/ski.inmontanis.info\/d\/321027-3\/DSC06508.jpg \/><\/a><br \/>\n^ DSB-Abfahrt war heute auch nach Mittag so gut<\/p>\n<p><a href='http:\/\/ski.inmontanis.info\/d\/321032-2\/DSC06509_001.jpg'><img src=http:\/\/ski.inmontanis.info\/d\/321031-3\/DSC06509_001.jpg \/><\/a><br \/>\n^ Zufahrt GB3 wird ab morgen nicht mehr lohnenswert sein, der Weg zur 10EUB k\u00fcrzer sein<\/p>\n<p><a href='http:\/\/ski.inmontanis.info\/d\/321036-2\/DSC06510.jpg'><img src=http:\/\/ski.inmontanis.info\/d\/321035-3\/DSC06510.jpg \/><\/a><br \/>\n^ TFH-Abfahrt (ganz rechts auf Eis bzw. nebendran hat&#8217;s noch etwas Schnee)<\/p>\n<p>Abends leider noch viel L\u00e4rm, auch in meinem Parkplatzbereich, Gekreische von anderen Parkpl\u00e4tzen, Labers\u00e4cke, die auch noch nach Mitternacht hier vorbei gingen &#8230; Wochenenden sind immer nerviger. Zudem war und blieb es sehr warm heute Nacht im Auto, also mal wieder wenig geschlafen.<\/p>\n<p><strong>So, 16.7.2023<\/strong> &#8211; Skitag Nr. 169<\/p>\n<p>Heute also vorgenommen: wenn es mittags noch toll zu fahren gehen sollte, dass ich bis 13:30 bleiben m\u00f6chte, werd ich nicht mehr einkaufen k\u00f6nnen und eine Zwischen\u00fcbernachtung einlegen m\u00fcssen &#8211; ansonsten, sollte ich fr\u00fcher abfahren wollen und noch Zeit zum Einkaufen haben, werd ich mir die lange Reise heim nachmittags antun, um mir die Hitze morgen unterwegs und beim Einkaufen zu sparen.<\/p>\n<p>Also morgens in die Tiefgarage. Anstatt sonnig, wie gemeldet, sah es eher bedeckt aus, die Wolken hingen bis ca. 2200\/2300m runter, erst oberhalb TFH dann sonniger, wenn nicht grad die Wolken h\u00f6her zogen.<\/p>\n<p>Zufahrt GB3 wie gestern schon erwartet heute nicht mehr sehr weit m\u00f6glich, daher w\u00fcrd ich nun nur noch 10EUB fahren plus im Anschluss SL oder DSB. Letztere nur dann, wenn ich welche mit angeschnallten Skiern in der DSB gesehen hab. War der Fall, also rauf und Olperer r\u00fcber..<\/p>\n<p>.. dort wieder so bremsend, dass man zu weit zur Talstation schieben muste, also nur 2x gefahen und TFH, wo mittlerweile im Flachteil schon recht lang Blankeis ist.<br \/>\n.. es war auch wieder fast so st\u00fcrmisch wie gestern.<br \/>\n.. somit keine Probleme, heut fr\u00fcher aufzuh\u00f6ren &#8230;<\/p>\n<p>Die DSB-Abfahrt war schon um 11h wesentlich schlechter als zuletzt nach 13h, daher schon um 11:15 runtergefahren. Unspa\u00dfig heut.<\/p>\n<p><a href='http:\/\/ski.inmontanis.info\/d\/321040-2\/DSC06511_001.jpg'><img src=http:\/\/ski.inmontanis.info\/d\/321039-3\/DSC06511_001.jpg \/><\/a><br \/>\n^ GB3-Zufahrt, da ging sogar noch mehr Schnee weg als gestern erwartet<\/p>\n<p><a href='http:\/\/ski.inmontanis.info\/d\/321044-2\/DSC06512.jpg'><img src=http:\/\/ski.inmontanis.info\/d\/321043-3\/DSC06512.jpg \/><\/a><br \/>\n^ TFH-Abfahrt, schon viel Gletschereis im Mittelteil<\/p>\n<p><a href='http:\/\/ski.inmontanis.info\/d\/321048-2\/DSC06513.jpg'><img src=http:\/\/ski.inmontanis.info\/d\/321047-3\/DSC06513.jpg \/><\/a><br \/>\n^ GB3 von DSB und Wolkenmeer, das man leider wohl nur zeitweise sinnvoll sehen konnte<\/p>\n<p><a href='http:\/\/ski.inmontanis.info\/d\/321052-2\/DSC06515_001.jpg'><img src=http:\/\/ski.inmontanis.info\/d\/321051-3\/DSC06515_001.jpg \/><\/a><br \/>\n^ GW-Trainingshang S\u00fcd; so schauen dann Abfahrten aus, wenn sie am Vortag zu fr\u00fch pr\u00e4pariert werden? Oder gestern gar nicht mehr? Da waren aber gestern tiefere Spuren von den Trainings drin?!<\/p>\n<p><a href='http:\/\/ski.inmontanis.info\/d\/321056-2\/DSC06518.jpg'><img src=http:\/\/ski.inmontanis.info\/d\/321055-3\/DSC06518.jpg \/><\/a><br \/>\n^ TFH-Abfahrt und DSB<\/p>\n<p><a href='http:\/\/ski.inmontanis.info\/d\/321060-2\/ge20230707-16b.jpg'><img src=http:\/\/ski.inmontanis.info\/d\/321059-3\/ge20230707-16b.jpg \/><\/a><br \/>\n^ GPS-Track 7.7.-16.7.2023, wobei 9.7. mit mehr Offpiste leider fehlt<\/p>\n<p>Also, den Sommer hindurch Ski zu fahren, macht mehr Spa\u00df, wenn man jedes WE nach einer hei\u00dfen Arbeitswoche einen Tag am Gletscher einlegt, anstatt so wie ich heuer 1 Woche pro Monat am St\u00fcck f\u00e4hrt bzw. anders gesagt, wie egtl. auch schon festgestellt, nach 150 Skitagen im Winter sind einzelne Skitage im Sommer zwar nett, insb. im Juni oder Anfang Juli, aber generell brauch ich das ich das nicht mehr so dauerhaft, dass sich da eine Sommersaionkarte in Zukunft lohnen w\u00fcrde, sofern ich sie nicht nur f\u00fcr zB Mai\/Juni kaufen w\u00fcrde. September ist ja auch so ne Sache, kann schneearm eisig kackig sein oder dank Neuschnee schon recht sch\u00f6n, aber evtl. auch schon recht voll? Man wird sehen&#8230;<\/p>\n<p>Ja so eine verfickte Scheisse schon wieder, am Spar in Mayrhofen waren alle Parkpl\u00e4tze besetzt und ich konnte nicht einkaufen. Aber ich hatte ja zum Gl\u00fcck genug Zeit, daher erst zum Hofer, dort nicht alles bekommen und nochmals die 2km zum Spar in F\u00fcgen zur\u00fcck. Die K\u00fchlbox war danach quasi voll und einen Sack Kartoffeln (2kg) hab ich mir auch mitgenommen, da ich mir ja keine TK-Pommes mitnehmen konnte.<\/p>\n<p>65 \u20ac im Hofer und kein Glas Champignons oder T\u00fcte Penne bekommen. Und auch nur Fr\u00fchjahrskatoffel, auch abgewartet, was der Spar hat. Aber Appenzeller f\u00fcr die \u00c4lplermaccaroni gabs!<br \/>\n23 \u20ac n ochmals im Spar und .. was f\u00fcr ne Scheisshitze drau\u00dfen mit 30\u00b0 &#8230;<\/p>\n<p>KFC in W\u00f6rgl war dann auch wieder nix, um 14:23 fast alle Parkpl\u00e4tze belegt und innen die Leute an den Bestellterminals und an der T\u00fcr stehen sehen, dass ichs erst gar nicht probiert hab :((<\/p>\n<p>Nervt mich. Warum bei der Hitze heut am SO so viel um die Uhrzeit im KFC???<\/p>\n<p>Dann in St. Johann eine D\u00f6nerbox mit Pommes gekauft, aber um sehr teure 7,20 \u20ac, das ist mir normalerweise auch zu viel f\u00fcr eine D\u00f6nerbox.<\/p>\n<p>Auf der Heimfahrt gab es mal einen Abschnitt mit seeehr starkem Regen. Kurz vor daheim doch noch wenigstes eine Packung TK-Schnitzel in einer Tankstelle mitgenommen, die sind dort, wo es Spar\/Billa ist, nicht teurer als Dorfsuperm\u00e4rkte. Um 20:20 in Wolfsberg noch schw\u00fclwarme 29-30\u00b0, oben dann drau\u00dfen ca. 22\u00b0 und in der Wohnung ca. 20,8\u00b0.<\/p>\n<p><a href='http:\/\/extra.inmontanis.info\/d\/99750-3\/DSC06529.jpg'><img src=http:\/\/extra.inmontanis.info\/d\/99749-4\/DSC06529.jpg \/><\/a><br \/>\n^ Auffahrt Koralpe<\/p>\n<p><a href='http:\/\/extra.inmontanis.info\/d\/99754-3\/DSC06532.jpg'><img src=http:\/\/extra.inmontanis.info\/d\/99753-4\/DSC06532.jpg \/><\/a><br \/>\n^ Auffahrt Koralpe<\/p>\n<p>Da ja mein K\u00fchlschrank klein ist, ging ein gro\u00dfer Teil der Eink\u00e4ufe gleich mal in die Tiefk\u00fchltruhe<\/p>\n<p>Heute eingekauft:<\/p>\n<p>2 Pkg. Chips<br \/>\n1x Toast -> TK<br \/>\n9 frische Semmel -> TK<br \/>\n2 Salzstangen, 2 Laugenstangen, 2 Brezen ->TK<br \/>\n(noch im Auto: ca. 6 einzeln abgepackte Korn-Toast-Semmelscheibendinger bis 11.8. haltbar)<br \/>\nKlopapier, Zahnpasta, Zahnb\u00fcrste<br \/>\n10 Eier<br \/>\n1x Extra Pikant, 1x Mortadella, 1x roher Schinken<br \/>\n1x K\u00e4se geschnitten<br \/>\n4x 1l H-Milch<br \/>\n2x H-Sahne<br \/>\n1x Kartoffelp\u00fcreepulver<br \/>\n1x Crunch-M\u00fcsli<br \/>\n1x Spr\u00fchsahne<br \/>\n1x geriebener Bergk\u00e4se<br \/>\n1x geriebener Mozzarella<br \/>\n1x Appenzeller<br \/>\n1x Pizzateig, mit Tomatensauce inkludiert, aber mal schaun ob ich das ganz nehm oder nur tw, denn:<br \/>\n1x Creme Fraiche (zumindst tw. f\u00fcr Pizza)<br \/>\n1x Pizzagew\u00fcrz<br \/>\n1 Sack roher Kartoffeln (2kg)<br \/>\n1 kleines S\u00e4ckchen Zwiebel (m\u00f6cht ich karamellisieren, f\u00fcr \u00c4lplermaccaroni und ggf. Pizza etc.)<br \/>\n1 Pkg. brauner Zucker (eben daf\u00fcr)<br \/>\n1x Apfelmus (f\u00fcr die \u00c4lpler)<br \/>\nDoppelpack Speckw\u00fcrfel (zum anbraten)<br \/>\n1x BBQ-Ketchup<br \/>\n1x Penne 1kg<br \/>\n1 Glas Grillpaprikascheiben<br \/>\n1 Glas Champignons (leider im ganzen, sonst nix gesehen, geschnitten w\u00e4r mir ja lieber)<br \/>\n1 Pkg mit 4 Stk TK-Schnizel<br \/>\n1 Pkg mit 4 Stk faschierte Laibchen<br \/>\n2&#215;2 Bernerw\u00fcrstl<br \/>\n1 Pkg N\u00fcrnberger Bratw\u00fcrste<br \/>\nKaugummi, K\u00fcmmel (f\u00fcr Kartoffelpfannen mal alternativ zum Rosmarin)<br \/>\n.. plus nat\u00fcrlich das Zeug, was ich ja noch daheim hab .. mehr als genug f\u00fcr die n\u00e4chsten 3 Wochen :)<br \/>\n.. aber ein paar Sachen nicht bekommen, die ich also via Amazon bestellen muss.<\/p>\n<p>Creme Fraiche, Bergk\u00e4se, Appenzeller, Kartoffeln, Speck, Zwiebeln .. da l\u00e4sst sich auch eine franz\u00f6sische Montagnarde- oder Savoyarde-Pizza machen, cool..<\/p>\n<p>Bei der W\u00e4rme im Auto und dem eingeschalteten K\u00fchlschrank (und Klimaanlage) hat mein neues (leider passiv gek\u00fchltes) Ladeger\u00e4t und\/oder die Lichtmaschine meinen LiFePo4-Akku nicht viel laden k\u00f6nnen trotz der vielen Stunden unterwegs. Da muss ich hoffen, dass ich bei der n\u00e4chsten Hinfahrt nach Hintertux die Batterie voll bekomme, obwohl sie ja nicht mal halb leer war!! <\/p>\n<p>Das defekte Ladeger\u00e4t wird mir immerhin noch in Garantie\/Gew\u00e4hrleistung ausgetauscht &#8211; 3 Jahre ist da drauf. Bleibt dann also die Frage, ob ich das dann wieder einbaue, um mehr Strom nachladen zu k\u00f6nnen, sofern die Lichtmaschine noch so viel liefert..<\/p>\n<p>(N\u00e4chster Bericht vmtl. in 1-2 Wochen.)<\/p>\n<p>&#8212;<\/p>\n<p>Die S\u00fcdeuropa-Hitze-&#8220;L\u00fcge&#8221; \/ -Panikmache der Mainstreammedien:<br \/>\n<a href='https:\/\/norberthaering.de\/propaganda-zensur\/bodentermperatur\/'>https:\/\/norberthaering.de\/propaganda-zensur\/bodentermperatur\/<\/a><br \/>\n<a href='https:\/\/norberthaering.de\/propaganda-zensur\/tagesschau-klimaschocker\/'>https:\/\/norberthaering.de\/propaganda-zensur\/tagesschau-klimaschocker\/<\/a><\/p>\n<blockquote><p>&#8220;Wenn man die ausgefallene Individualit\u00e4t einer Website aus den fr\u00fchen 1990er Jahren mit der unpers\u00f6nlichen, unmenschlichen, \u00f6den Landschaft von \u201eFacebook\u201c oder \u201ereddit\u201c vergleicht, kann man sich des Eindrucks nicht erwehren, dass wir langsam selbst zu Maschinen werden, die keine Pers\u00f6nlichkeit oder individuelle Kreativit\u00e4t mehr haben.&#8221;<\/p><\/blockquote>\n<p><a href='https:\/\/uncutnews.ch\/the-corbett-report-das-internet-ist-tot-lang-lebe-das-internet-the-corbett-report\/'>https:\/\/uncutnews.ch\/the-corbett-report-das-internet-ist-tot-lang-lebe-das-internet-the-corbett-report\/<\/a><\/p>\n<blockquote><p>\u201eDas ist die regelbasierte Weltordnung, die von den Westlern erfunden wurde. Wer schlauer ist, nimmt nicht daran teil, denn es gibt keine Regeln, sie werden spontan erfunden und ge\u00e4ndert, wenn das Spiel nicht das gew\u00fcnschte Ergebnis bringt\u201c sagte die  Sprecherin des russischen Au\u00dfenministeriums Maria Sacharowa.<br \/>\nAls Alternative zur \u201eregelbasierten Weltordnung\u201c bezeichnete Sacharowa das \u201eV\u00f6lkerrecht, das von der Mehrheit der vern\u00fcnftigen Menschen unterst\u00fctzt wird.\u201c<\/p><\/blockquote>\n<p><a href='https:\/\/www.anti-spiegel.ru\/2023\/rueckt-das-finale-fuer-selensky-naeher\/'>https:\/\/www.anti-spiegel.ru\/2023\/rueckt-das-finale-fuer-selensky-naeher\/<\/a><\/p>\n<p>Analyseversuch zu Erdogans eigenartigem Verhalten beim Nato-Gipfel letztens:<br \/>\n<a href='https:\/\/www.anti-spiegel.ru\/2023\/erdogans-sieg-und-selenskys-scheitern\/'>https:\/\/www.anti-spiegel.ru\/2023\/erdogans-sieg-und-selenskys-scheitern\/<\/a><\/p>\n","protected":false},"excerpt":{"rendered":"<p>(8.7.)<\/p>\n<p>Kaum hatte ich den Bericht online gestellt, ging um 19:30 der L\u00e4rm von der Tenne wieder weiter &#8211; bzw. von davor, da wurde wohl drau\u00dfen weitergefeiert ..<\/p>\n<p>So, 9.7.2023<\/p>\n<p>Morgens schon weicher an der GW als gestern mittags, Pisten daher schnell tief aufgefahren, auch die Trainingsh\u00e4nge waren heute Mittag untauglich. Offpiste daf\u00fcr gut, erst <a href=\"http:\/\/blog.inmontanis.info\/?p=8862\">[&#8230;]<\/a><\/p>\n","protected":false},"author":1,"featured_media":8865,"comment_status":"closed","ping_status":"closed","sticky":false,"template":"","format":"standard","meta":{"footnotes":""},"categories":[246,13,28],"tags":[72,55,53,54,45,47,86],"class_list":["post-8862","post","type-post","status-publish","format-standard","has-post-thumbnail","hentry","category-hintertux","category-austria","category-skifahren-sommer","tag-10eub","tag-3sb","tag-8eub","tag-gletschervergleich","tag-see","tag-sl","tag-wasserfall","odd"],"_links":{"self":[{"href":"http:\/\/blog.inmontanis.info\/index.php?rest_route=\/wp\/v2\/posts\/8862","targetHints":{"allow":["GET"]}}],"collection":[{"href":"http:\/\/blog.inmontanis.info\/index.php?rest_route=\/wp\/v2\/posts"}],"about":[{"href":"http:\/\/blog.inmontanis.info\/index.php?rest_route=\/wp\/v2\/types\/post"}],"author":[{"embeddable":true,"href":"http:\/\/blog.inmontanis.info\/index.php?rest_route=\/wp\/v2\/users\/1"}],"replies":[{"embeddable":true,"href":"http:\/\/blog.inmontanis.info\/index.php?rest_route=%2Fwp%2Fv2%2Fcomments&post=8862"}],"version-history":[{"count":4,"href":"http:\/\/blog.inmontanis.info\/index.php?rest_route=\/wp\/v2\/posts\/8862\/revisions"}],"predecessor-version":[{"id":8867,"href":"http:\/\/blog.inmontanis.info\/index.php?rest_route=\/wp\/v2\/posts\/8862\/revisions\/8867"}],"wp:featuredmedia":[{"embeddable":true,"href":"http:\/\/blog.inmontanis.info\/index.php?rest_route=\/wp\/v2\/media\/8865"}],"wp:attachment":[{"href":"http:\/\/blog.inmontanis.info\/index.php?rest_route=%2Fwp%2Fv2%2Fmedia&parent=8862"}],"wp:term":[{"taxonomy":"category","embeddable":true,"href":"http:\/\/blog.inmontanis.info\/index.php?rest_route=%2Fwp%2Fv2%2Fcategories&post=8862"},{"taxonomy":"post_tag","embeddable":true,"href":"http:\/\/blog.inmontanis.info\/index.php?rest_route=%2Fwp%2Fv2%2Ftags&post=8862"}],"curies":[{"name":"wp","href":"https:\/\/api.w.org\/{rel}","templated":true}]}}