{"id":8856,"date":"2023-07-08T19:19:33","date_gmt":"2023-07-08T17:19:33","guid":{"rendered":"http:\/\/blog.inmontanis.info\/?p=8856"},"modified":"2023-07-08T19:19:33","modified_gmt":"2023-07-08T17:19:33","slug":"hintertuxer-gletscher-7-8-7-2023-neu-nur-noch-1330-gv","status":"publish","type":"post","link":"http:\/\/blog.inmontanis.info\/?p=8856","title":{"rendered":"Hintertuxer Gletscher, 7.-8.7.2023 &#8212; neu: nur noch -13:30 \/+GV"},"content":{"rendered":"<p><strong>Mi, 5.7.2023<\/strong><\/p>\n<p>Ich belud heut soweit das Auto. Jetzt hab ich ja \u00fcber 2 Wochen nicht im Auto geschlafen, es war viele Tage sehr hei\u00df im Auto, es waren die Fenster hinter dem Wind\/Regenschutz etwas offen &#8230; und trotzdem waren insbesondere die Metalldosen unterm Bett nass.<\/p>\n<p>.. da muss man sich dann nicht wundern, wenn man drin schl\u00e4ft und es dort unten auch abseits von Metall feucht ist&#8230; (klar, wie auch am Fenster: lieber die Feuchtigkeit am Metall als dort, wo es schimmeln kann)<\/p>\n<p>Vielleicht w\u00e4re eine Schicht mit Katzenstreu am Boden doch sinnvoll n\u00e4chsten Winter?! Wenn es irgendwann feucht ist, muss man es halt irgendwie entsorgen &#8211; was wohl auch nicht so einfach sein wird .. Au\u00dfer es w\u00fcrde reichen, das in wenigen, kleinen Beh\u00e4ltern irgendwo zu positionieren. Da dann die Frage: welches Material? Papier k\u00f6nnte selbst feucht werden und anderswo ankleben\/verschimmeln. Plastik k\u00f6nnte eine zu starke Abschottung geben und auf der anderen Seite zu feucht werden &#8230;<\/p>\n<p>Im Internet findet sich ein Tipp dazu: Katzenstreu in &#8220;Socken&#8221; und selbige verknoten.<\/p>\n<p>Immerhin schauen die Wettervorhersagen f\u00fcr &#8220;ab Freitag&#8221; gut aus mit weniger Regen als diese Woche. Aber kann sich ja bekanntlich laufend \u00e4ndern.<\/p>\n<p>Bzgl. meines Brillenproblems bin ich vielleicht auf eine Idee gesto\u00dfen &#8211; ich hatte fr\u00fcher mal so Sonnenbrillen zum aufklippsen und hochklappen, die konnte man dann je nach Bedarf runterklappen. So&#8217;was gibts tats\u00e4chlich auch als Lesebrille, so dass man das auf die normale Brille aufstecken kann und hoch- und runterklappen kann bei Bedarf. <\/p>\n<p>Kosten auf Amzn aber knapp 20 \u20ac. Vielleicht kann ich so&#8217;was sogar selbst basteln aus einer meiner beiden Lesebrillen und so einem Sonnenbrillenklipp, den ich vielleicht noch irgendwo rumfliegen haben m\u00fcsste &#8211; oder es gibt den Klappmechanismus als 3D-Druck-Datei&#8230; Neues Projekt f\u00fcr die n\u00e4chste Zeit daheim ..<\/p>\n<p>Ich frag mich auch, ob man sich daran gew\u00f6hnen k\u00f6nnte, eine gemischte Brille zu tragen &#8211; links Nahbereich, rechts Fernbereich oder umgekehrt. Das Gehirn m\u00fcsste dann je nachdem welcher Bereich scharf sein soll, entweder das linke oder das rechte Auge als das dominantere verwenden.<\/p>\n<p>K\u00f6nnte schon funktionieren. Vor Jahren hab ich mal geh\u00f6rt\/gelesen, dass, wenn man eine spezielle Brille tr\u00e4gt, die oben und unten vertauscht, sich das Gehirn auch nach ein paar Tagen daran gew\u00f6hnt und man quasi das Bild &#8220;richtig&#8221; rum sieht ..<\/p>\n<p>Nachts wie schon mehrmals die letzten Tage\/N\u00e4chte: Gewitter.<\/p>\n<p><strong>Do, 6.7.2023<\/strong><\/p>\n<p>Wie \u00fcblich in Mehrparteienh\u00e4usern kann ich auch bei mir manchmal insb. morgens mein Fenster nicht \u00f6ffnen, weil irgendein Nachbar die Luft verpestet und raucht. <\/p>\n<p>Nach der Arbeit ging&#8217;s also mal wieder los, geplanter Zwischenstopp im BK und KFC, sowie 1-2 Superm\u00e4rkten, zumindest f\u00fcr Getr\u00e4nke. Die gro\u00dfe Frage: wie fahren? Insb. da ich ja noch die Mautvignette hab k\u00f6nnte man ja auch mal \u00fcber&#8217;s &#8220;kleine deutsche Eck&#8221; fahren, falls nicht grad Stau auf den Autobahnen ist&#8230;<\/p>\n<p>Im BK nur den kleinen BBQ-Baconburger um 1,90 gekauft, naja, ob mir das nun \u00f6fters 1,90 \u20ac  wert ist, ich wei\u00df ja nicht. Immerhin angenehm k\u00fchl heute im Tal, mittags unter 20\u00b0.<\/p>\n<p>\u00dcber Hohentauern und Schladming zur A10 und weil auf GMaps kein Stau zu sehen war, \u00fcber Salzburg und Lofer gefahren. Die Deutschen haben nach wie vor Grenzkontrollen, bin ja mal wieder \u00fcber den Autobahngrenz\u00fcbergang Walserberg gefahren.<\/p>\n<p>In Bad Reichenhall zur Norma, damit es die Konkurrenz noch l\u00e4nger gibt. Benzin in DE wieder 25-30 Cent teurer als in AT und in AT soll es wg. E10 eh teurer geworden sein. Wo doch in anderen L\u00e4ndern ja E10 g\u00fcnstiger als E5 ist, wenn es Super95 in beiden Varianten gibt  &#8230;<\/p>\n<p>Vor W\u00f6rgl hab ich mich doch gegen den KFC entschieden, sondern stattdessen die Autobahn gefahren, wenn ich schon gerade noch die Vignette hab &#8211; und die n\u00e4chsten Male wieder nicht mehr.<\/p>\n<p>Den D\u00f6ner-Imbiss am Eingang zum Zillertal knapp nicht mehr geschafft (macht 19h zu), der Spar in F\u00fcgen (-19:30) hatte auch keine warmen Snacks mehr.<\/p>\n<p>Als ich um 20:15 in Hintertux ankam, fing es kurz vorher leicht zu regnen an und es waren laut Auto 11\u00b0 drau\u00dfen. Ich probierte es wieder dort, wo ich letztes Mal die erste Nacht verbrachte, da es mir camperm\u00e4\u00dfig heute ruhiger aussah &#8211; und ich bei nachmitt\u00e4glichen Regen ja schneller am Auto w\u00e4r.<\/p>\n<p>Kaum am Parkplatz angekommen, fiel mir auch schon ein, was ich vergessen hab mitzunehmen: lang\u00e4rmlige Kleidung. Zwar die ganze Zeit daheim angehabt und auch wegger\u00e4umt, was ich letztes Mal an hatte, aber eben nicht notiert und nicht drangedacht, was mitzunehmen. So was bl\u00f6des. Meine Sommerjacken sind vielleicht warm genug f\u00fcr Skifahren ab 12 Uhr unter der Woche, aber vormittags am WE ist das eher zu kalt. <\/p>\n<p>Alternative: entweder zwei der d\u00fcnnen Sommerjacken \u00fcbereinander anziehen, oder ich muss mir irgendein g\u00fcnstiges d\u00fcnnes Sweatshirt oder lang\u00e4rmliges T-Shirt hier kaufen. Von der Sorte hab ich eh nicht so viel (noch brauchbare) daheim. <\/p>\n<p>Jedenfalls nat\u00fcrlich nicht so tragisch, da g\u00e4be es schlimmere Sachen, die man vergessen k\u00f6nnte. Die n\u00e4chsten Tage soll es eh sehr warm werden mit \u00fcber 30\u00b0 im Inntal und bis zu 35\u00b0 am Mo\/Di und \u00fcber 10\u00b0 auf \u00fcber 3000m.<\/p>\n<p>Bis dann alle Eink\u00e4ufe verr\u00e4umt waren, PC angeschlossen, war es 21:00.<\/p>\n<p><strong>Fr, 7.7.2023<\/strong><\/p>\n<p>Diese Woche soll wieder GB2 in Revision sein, also 4EUB offen, sch\u00f6n, wenigstens den heutigen Tag noch. Die DSB ist immer noch au\u00dfer Betrieb. An der Sektion 1+2 war es mal sehr windig, hatte aber Gl\u00fcck, 4EUB war noch in Betrieb.<\/p>\n<p>Der ZwiDeGo-Offpistebereich sah von unten kommend schon sehr mager aus, da hat es in den knapp 3 Wochen doch mehr weggetaut als erwartet. Weiter oben dann sah ich leider keine wirklich brauchbare M\u00f6glichkeit, den ZwiDeGo oder auch die sch\u00f6ne Steilrinne heuer noch zu fahren :-(<\/p>\n<p>Bei meiner ersten TFH-Abfahrt um 12:30 bin ich am TFH-Hang auf beiden Teilen gleich mal offpiste gefahren, nahezu perfekt, auch eine Stunde sp\u00e4ter noch. Kaum Eierkartonauspr\u00e4gung und dazu noch Meeresrauschenfirn!! Genauso super w\u00fcrde es vmtl auch ZwiDeGo gehen, wenn noch ein bisschen mehr Schnee (oder Gletscher) da w\u00e4re :(  <\/p>\n<p>Oben an den SL dagegen wegen des n\u00e4chtlichen Neuschnees Stop-and-Go-Verh\u00e4ltnisse on-piste. Offpiste somit komplett untauglich. Immerhin ab Mittag am O-SL im Flachbereich nicht mehr pappig, so dass man ohne viel Schieben bei genug Schwung bis fast zum Lift kam.  <\/p>\n<p>Weil also besser und offpiste so gut, fuhr ich heute 5x zum TFH. Sp\u00e4ter den Liftler wg DSB gefragt: ab morgen soll sie offen sein. Meine Freude dar\u00fcber w\u00e4hrte aber nur kurz.<\/p>\n<p><a href='http:\/\/ski.inmontanis.info\/d\/320524-2\/DSC06209.jpg'><img src=http:\/\/ski.inmontanis.info\/d\/320523-3\/DSC06209.jpg \/><\/a><br \/>\n^ Gletscherblick von Sektion 1<\/p>\n<p><a href='http:\/\/ski.inmontanis.info\/d\/320528-2\/DSC05322.jpg'><img src=http:\/\/ski.inmontanis.info\/d\/320527-3\/DSC05322.jpg \/><\/a><br \/>\n^ IR-Zoom Kaserer von Sektion 1<\/p>\n<p><a href='http:\/\/ski.inmontanis.info\/d\/320532-2\/DSC06211.jpg'><img src=http:\/\/ski.inmontanis.info\/d\/320531-3\/DSC06211.jpg \/><\/a><br \/>\n^ Bauarbeiten Kaserer (Beschneiung?)<\/p>\n<p><a href='http:\/\/ski.inmontanis.info\/d\/320536-2\/DSC06212.jpg'><img src=http:\/\/ski.inmontanis.info\/d\/320535-3\/DSC06212.jpg \/><\/a><br \/>\n^ Zufahrt GB3<\/p>\n<p><a href='http:\/\/ski.inmontanis.info\/d\/320540-2\/DSC06213.jpg'><img src=http:\/\/ski.inmontanis.info\/d\/320539-3\/DSC06213.jpg \/><\/a><br \/>\n^ TFH-Hang<\/p>\n<p><a href='http:\/\/ski.inmontanis.info\/d\/320544-2\/DSC06216.jpg'><img src=http:\/\/ski.inmontanis.info\/d\/320543-3\/DSC06216.jpg \/><\/a><br \/>\n^ TFH-Hang<\/p>\n<p><a href='http:\/\/ski.inmontanis.info\/d\/320548-2\/DSC06217.jpg'><img src=http:\/\/ski.inmontanis.info\/d\/320547-3\/DSC06217.jpg \/><\/a><br \/>\n^ ZwiDeGo<\/p>\n<p><a href='http:\/\/ski.inmontanis.info\/d\/320552-2\/DSC06221.jpg'><img src=http:\/\/ski.inmontanis.info\/d\/320551-3\/DSC06221.jpg \/><\/a><br \/>\n^ Das w\u00e4r noch die einzig m\u00f6gliche Querung, aber auch da liegt nicht mehr viel &#8211; und nahe der Felsen ist der Schnee oft schneller (und) weicher<\/p>\n<p><a href='http:\/\/ski.inmontanis.info\/d\/320556-2\/DSC06222.jpg'><img src=http:\/\/ski.inmontanis.info\/d\/320555-3\/DSC06222.jpg \/><\/a><br \/>\n^ Direkter geht auch nix<\/p>\n<p><a href='http:\/\/ski.inmontanis.info\/d\/320560-2\/DSC06223.jpg'><img src=http:\/\/ski.inmontanis.info\/d\/320559-3\/DSC06223.jpg \/><\/a><br \/>\n^ .. und die Zufahrt zu meiner Lieblingssteilrine ist auch schon so schmal<\/p>\n<p><a href='http:\/\/ski.inmontanis.info\/d\/320564-2\/DSC06225.jpg'><img src=http:\/\/ski.inmontanis.info\/d\/320563-3\/DSC06225.jpg \/><\/a><br \/>\n^ Selbst an der DSB ginge kaum noch was offpiste<\/p>\n<p><a href='http:\/\/ski.inmontanis.info\/d\/320568-2\/DSC06227.jpg'><img src=http:\/\/ski.inmontanis.info\/d\/320567-3\/DSC06227.jpg \/><\/a><br \/>\n^ GW-SL<\/p>\n<p><a href='http:\/\/ski.inmontanis.info\/d\/320572-2\/DSC06229.jpg'><img src=http:\/\/ski.inmontanis.info\/d\/320571-3\/DSC06229.jpg \/><\/a><br \/>\n^ Vermattung rechts GW-SL<\/p>\n<p><a href='http:\/\/ski.inmontanis.info\/d\/320576-2\/DSC06231.jpg'><img src=http:\/\/ski.inmontanis.info\/d\/320575-3\/DSC06231.jpg \/><\/a><br \/>\n^ Olperer von GW<\/p>\n<p><a href='http:\/\/ski.inmontanis.info\/d\/320580-2\/DSC06232.jpg'><img src=http:\/\/ski.inmontanis.info\/d\/320579-3\/DSC06232.jpg \/><\/a><br \/>\n^ Felsen rechts vom O-SL, wurden ja anfangs noch kurz vermattet, aber schnell nicht mehr<\/p>\n<p><a href='http:\/\/ski.inmontanis.info\/d\/320588-2\/DSC06233.jpg'><img src=http:\/\/ski.inmontanis.info\/d\/320587-3\/DSC06233.jpg \/><\/a><br \/>\n^ GW von Olperer<\/p>\n<p><a href='http:\/\/ski.inmontanis.info\/d\/320592-2\/IMG0024.jpg'><img src=http:\/\/ski.inmontanis.info\/d\/320591-3\/IMG0024.jpg \/><\/a><br \/>\n^ Hab mein GW-Foto vom 2.7.1995 nochmal in Maximalaufl\u00f6sung von der Photo-CD runtergeladen und etwas kontrastverst\u00e4rkt<\/p>\n<p><a href='http:\/\/ski.inmontanis.info\/d\/320584-2\/DSC06234.jpg'><img src=http:\/\/ski.inmontanis.info\/d\/320583-3\/DSC06234.jpg \/><\/a><br \/>\n^ GW-Gletscherh\u00fctte Vergleichsfoto<\/p>\n<p>.. 20.7.2002, damals ging auch der Gletscher oberhalb der Gletscherh\u00fctte noch runter richtung 3SB:<br \/>\n<img src=http:\/\/ski.inmontanis.info\/alte\/200207_HintertuxGl\/HintertuxGL_20020720_GefroreneWand.jpg \/><\/p>\n<p><a href='http:\/\/ski.inmontanis.info\/d\/320596-2\/IMG0024-2.jpg'><img src=http:\/\/ski.inmontanis.info\/d\/320595-3\/IMG0024-2.jpg \/><\/a><br \/>\n^ GW-Hang und Gletscherh\u00fctte 2.7.1995<\/p>\n<p><a href='http:\/\/ski.inmontanis.info\/d\/320600-2\/DSC06235.jpg'><img src=http:\/\/ski.inmontanis.info\/d\/320599-3\/DSC06235.jpg \/><\/a><br \/>\n^ GW-Hang und Gletscherh\u00fctte 7.7.2023<\/p>\n<p><a href='http:\/\/ski.inmontanis.info\/d\/320612-2\/DSC06236.jpg'><img src=http:\/\/ski.inmontanis.info\/d\/320611-3\/DSC06236.jpg \/><\/a><br \/>\n^ Die rechte Halbpiste am SL Olperer ist mittlerweile wieder geschlossen<\/p>\n<p><a href='http:\/\/ski.inmontanis.info\/d\/320604-2\/IMG0024-3.jpg'><img src=http:\/\/ski.inmontanis.info\/d\/320603-3\/IMG0024-3.jpg \/><\/a><br \/>\n^ GW-Hang links 2.7.1995<\/p>\n<p><a href='http:\/\/ski.inmontanis.info\/d\/320608-2\/DSC06237.jpg'><img src=http:\/\/ski.inmontanis.info\/d\/320607-3\/DSC06237.jpg \/><\/a><br \/>\n^ GW-Hang links 7.7.2023<\/p>\n<p><a href='http:\/\/ski.inmontanis.info\/d\/320616-2\/DSC06238.jpg'><img src=http:\/\/ski.inmontanis.info\/d\/320615-3\/DSC06238.jpg \/><\/a><br \/>\n^ Vermattung Talstation Olperer-SL<\/p>\n<p><a href='http:\/\/ski.inmontanis.info\/d\/320620-2\/DSC06241.jpg'><img src=http:\/\/ski.inmontanis.info\/d\/320619-3\/DSC06241.jpg \/><\/a><br \/>\n^ Vermattung DSB-10EUB<\/p>\n<p><a href='http:\/\/ski.inmontanis.info\/d\/320624-2\/DSC06242.jpg'><img src=http:\/\/ski.inmontanis.info\/d\/320623-3\/DSC06242.jpg \/><\/a><br \/>\n^ TFH-Hang<\/p>\n<p><a href='http:\/\/ski.inmontanis.info\/d\/320628-2\/DSC06243.jpg'><img src=http:\/\/ski.inmontanis.info\/d\/320627-3\/DSC06243.jpg \/><\/a><br \/>\n^ ZwiDeGo vom GB3, auch die linke Rinne geht nicht mehr<\/p>\n<p><a href='http:\/\/ski.inmontanis.info\/d\/320632-2\/DSC06245.jpg'><img src=http:\/\/ski.inmontanis.info\/d\/320631-3\/DSC06245.jpg \/><\/a><br \/>\n^ Wie gesagt, die eine mittlere Variante ginge vielleicht noch, aber am Ende raus schmal und auch schon steinig und vmtl. sinkt man dort auch noch ein<\/p>\n<p><a href='http:\/\/ski.inmontanis.info\/d\/320636-2\/DSC06250.jpg'><img src=http:\/\/ski.inmontanis.info\/d\/320635-3\/DSC06250.jpg \/><\/a><br \/>\n^ Bauarbeiten Bergstation K2-SL und direkt dahinter das Subtaier Gletscherskigebiet<\/p>\n<p><a href='http:\/\/ski.inmontanis.info\/d\/320640-2\/DSC06254.jpg'><img src=http:\/\/ski.inmontanis.info\/d\/320639-3\/DSC06254.jpg \/><\/a><br \/>\n^ TFH-Hang-Variante<\/p>\n<p><a href='http:\/\/ski.inmontanis.info\/d\/320644-2\/DSC06255.jpg'><img src=http:\/\/ski.inmontanis.info\/d\/320643-3\/DSC06255.jpg \/><\/a><br \/>\n^ GW- und O-SL nachmittags<\/p>\n<p><a href='http:\/\/ski.inmontanis.info\/d\/320648-2\/DSC06257.jpg'><img src=http:\/\/ski.inmontanis.info\/d\/320647-3\/DSC06257.jpg \/><\/a><br \/>\n^ GW- und O-SL unten im Becken<\/p>\n<p>Nachmittags sah ich im TFH am Aufzug ein Schild, verdreht gestellt, das man es nicht lesen konnte, also auf der R\u00fcckseite stand: Skibetrieb endet um 13:30. Das w\u00e4r ja mal was ganz was neues :( Das w\u00e4r ja ultraschade, wenn man mit 10EUB+DSB+GB3 nicht mehr nachmittags fahren k\u00f6nnte. Was soll ich dann mit der offenen DSB anfangen?! K\u00f6nnten sie sich dann auch sparen, die fahr ich selbst wenn ich ganztags hier bin vor 13:15 seltenst bis gar nicht.  Wobei es zeitlich evtl sinnvoll w\u00e4re, um 13:30 entweder GB3 oder DSB wenigstens noch zu fahren, hat man noch paar Minuten mehr als mit dem GW-SL &#8230; <\/p>\n<p>Wetterm\u00e4\u00dfig h\u00e4tte es ja nichts gebracht, fr\u00fcher hergefahren zu sein, also dahingehend gibts mal nix zu beduaern, aber im Juni h\u00e4tt ich noch ein paar Tage l\u00e4nger bleiben sollen, auch wegen ZwiDeGo.<\/p>\n<p>Nachmittags fuhr dann leider GB2 statt 4EUB. Da waren wohl zwei junge Russen in meiner Kabine,  zumindest sprachlich. Anscheinend gibts doch noch ein paar Wege, um die Sanktionen zu umgehen? Touristenvisa werden aber ja von der EU glaub ich keine mehr ausgestellt.<\/p>\n<p>Um 16h am Auto 24\u00b0 innen (max 26\u00b0) und Skihose kaum nass geworden heut. Bin noch ins Kaufh\u00e4usl um gek\u00fchlte Wurst zu kaufen und 1 Semmel, aber es gab heute keine Semmeln mehr. Aber hatte ja gestern paar wenige mitgenommen. <\/p>\n<p>Ein Vater (wohl von einem Wohnmobil) spielte mit seinem Sohn mal wieder Fussball am Parkplat zwischen den Autos und nach 18h betonte eine Gruppe (besoffener?) Jugendlicher am Parkplatz mit lauter Musik und Gegrohle ihre Anwesenheit. Die waren dann sp\u00e4testes um 19:30 weg, das T\u00fcr-Auf-T\u00fcr-Zu-Spiel ging noch bis nach 23 Uhr.<\/p>\n<p>Ein Blick auf die Website und die Lifte und Betriebszeiten brachte leider die Gewissheit: auch an den Gondeln und der DSB ab morgen nur noch bis 13:30 skifahren m\u00f6glich. So ein Scheiss. Das ist dann noch ein Grund mehr, dass das heuer die letzte Sommersaisonkarte f\u00fcr mich in Hintertux sein wird. Geld bekommen die heuer auch nix mehr von mir, d.h. ich werd die Restaurants im Skigebiet nicht mehr besuchen, schade, aber muss dann so sein. Als ob die 5-10 Skifahrer nachmittags irgendwen gest\u00f6rt h\u00e4tten. Als ob die Pistenraupenfahrer pl\u00f6tzlich so fr\u00fch \u00fcberall pr\u00e4parieren w\u00fcrden. D.h. ich kann unter der Woche nur noch 1,5h skifahren &#8211; oder m\u00fcsste mir freinehmen :( <\/p>\n<p>.. das werden dann lange, langweilige Nachmittage &#8230;. Glaub nicht, dass ich somit \u00fcbern\u00e4chste Woche  noch bis Do\/Fr bleiben werde. Dann muss ich auch nicht ganz so stromsparend sein, wenn ich keine 2 Wochen da bleiben will &#8230;<\/p>\n<p>Alles, was sch\u00f6n ist, Spa\u00df macht usw. wird momentan zerst\u00f6rt, also nat\u00fcrlich schon die letzten 20 Jahre, was die Skigebiete angeht. Schmale kupierte Pisten werden begradigt und verbreitert, sch\u00f6ne alte leere Lifte mit 6er und 8er Sesseln ersetzt, die sch\u00f6nste Skizeit April\/Mai\/Juni immer mehr verk\u00fcrzt, das schon mehrmals erw\u00e4hnte Theater mit den Keycards, dazu die Politiker, die einen seit 3,5 Jahren alles wegnehmen und vordiktieren wollen &#8230; der Computerbereich wird ja auch immer nerviger (wie schon mehrmals gesagt), es macht einfach keinen Spa\u00df  mehr, in der jetzigen Zeit zu leben. <\/p>\n<p>Kann gut sein, dass ich in K\u00fcrze den Entschluss fassen werde, meine Ersparnisse schneller aufzubrauchen und dann aus dieser bescheuerten Welt zu verschwinden. Ich wei\u00df nicht, ob ich es noch 10 Jahre aushalten werde, wenn ich die Verschlimmerungen der letzten 3,5 Jahre betrachte. Sollten wieder neue Plandemiema\u00dfnahmen wie Maskenpflicht oder Reiseverbote eingef\u00fchrt werden und es keine Fluchtm\u00f6glichkeit wie zuletzt nach Schweden geben, wird mein Ausscheidungstermin sowieso schon fr\u00fcher sein.<\/p>\n<p>Es ist dies ein weiterer Tropfen in dem Fass, dass seit 3,5 Jahren \u00fcber zu laufen droht. Das einzige, was sie einem nicht und nie nehmen k\u00f6nnen, ist alles, was man lokal gespeichert hat. Filme, Serien, Fotos und ganz besonders: Musikdateien. Die halten mich manchmal noch in Laune.<\/p>\n<p><strong>Sa, 8.7.2023<\/strong><\/p>\n<p>W\u00e4hrend die Leute gestern erst nach 7:30 kamen, kamen sie heute schon davor, obwohl ich heute ja etwas l\u00e4nger schlafen k\u00f6nnte und wollte, kann man das eben dann deshalb nicht. Die Nacht war wesentlich w\u00e4rmer (16\u00b0 statt 12\u00b0 im Auto) und es schien morgens etwas st\u00fcrmisch am Parkplatz. <\/p>\n<p>Offpiste TFH heut schon vormittags weicher als gestern zum Schluss. Das mit den 2 d\u00fcnnen Sommerskijacken \u00fcber dem kurzen T-Shirt hat auch funktioniert und war ausreichend morgens.<\/p>\n<p>Am WE reicht mir nat\u00fcrlich 13:30 hier momentan. 10EUB+DSB fahren aber trotzdem bis 15:45 oder 16h &#8211; da fahren dann eben noch weniger als wenn noch die Skifahrer rauf d\u00fcrften.<\/p>\n<p>Rennclubs sind momentan auch mal wieder ultranervig. Die Dr\u00e4nglereien kennt man ja eh, aber so h\u00e4ufig stehen sie mittlerweile direkt am SL Eingang teils direkt in B\u00fcgelnehmn\u00e4he, nehmen den B\u00fcgel aber nicht, weil sie noch auf jemand warten, der noch weit weg ist und zur Talstation schiebt. Boah. Man m\u00f6cht ihnen Hirn einpr\u00fcgeln.<\/p>\n<p><a href='http:\/\/ski.inmontanis.info\/d\/320652-2\/DSC06258.jpg'><img src=http:\/\/ski.inmontanis.info\/d\/320651-3\/DSC06258.jpg \/><\/a><br \/>\n^ Bauarbeiten oberhalb des neuen Beschneiungsteich, neue Beschneiung, Kaserer?<\/p>\n<p><a href='http:\/\/ski.inmontanis.info\/d\/320656-2\/DSC06259.jpg'><img src=http:\/\/ski.inmontanis.info\/d\/320655-3\/DSC06259.jpg \/><\/a><br \/>\n^ Leider stehen nun \u00fcberall solche Schilder im Skigebiet :( Normalerweise durfte man an den Gondel- und Sesselliften ja bis 16 Uhr fahren, heuer nicht mehr.<\/p>\n<p><a href='http:\/\/ski.inmontanis.info\/d\/320660-2\/DSC06260.jpg'><img src=http:\/\/ski.inmontanis.info\/d\/320659-3\/DSC06260.jpg \/><\/a><br \/>\n^ TFH-Abfahrt, erste Blankeisstellen<\/p>\n<p><a href='http:\/\/ski.inmontanis.info\/d\/320664-2\/DSC06261.jpg'><img src=http:\/\/ski.inmontanis.info\/d\/320663-3\/DSC06261.jpg \/><\/a><br \/>\n^ Heute mal etwas besserer Blick nach S\u00fcden<\/p>\n<p><a href='http:\/\/ski.inmontanis.info\/d\/320668-2\/DSC06263.jpg'><img src=http:\/\/ski.inmontanis.info\/d\/320667-3\/DSC06263.jpg \/><\/a><br \/>\n^ Keine Vermattung an der 3SB-Schlegeis-Abfahrt, obwohl ja, man sieht den Bereich, letztes Jahr eine gro\u00dfe Felsfl\u00e4che in der Abfahrt ausgeapert ist. Hier vorne ging fr\u00fcher die schwarze Gletscherabfahrt zur 3SB. Da ist schon einige Jahre nix mehr<\/p>\n<p>Kaum am Parkplatz, nieselte es leicht. Sp\u00e4ter regnete es auch mal mehr, leider.<\/p>\n<p>Nachmittags\/Abends dann ziemlicher Apresski-Krankess\u00e4uferpackgegrohle von der Tenne am Parkplatz, aber wohl noch vor 19 Uhr Ruhe. Mag es so bleiben.<\/p>\n<p><em>N\u00e4chster Bericht von den restlichen Tagen in Hintertux in ca. 2 Wochen.<\/em><\/p>\n<p>&#8212;<\/p>\n<p>An langen Nachmittagen hat man auch mehr Zeit, sich \u00fcber die Politik(er) aufzuregen&#8230;<\/p>\n<p>Die (sp\u00e4testens?) vor 3,5 Jahren eingeleitete Demontage Deutschlands kommt gut voran:<br \/>\n<a href='https:\/\/www.welt.de\/wirtschaft\/article246262714\/Konjunktur-Ifo-Chef-Fuest-erwartet-schwere-Jahre-fuer-Deutschland.html'>https:\/\/www.welt.de\/wirtschaft\/article246262714\/Konjunktur-Ifo-Chef-Fuest-erwartet-schwere-Jahre-fuer-Deutschland.html<\/a><\/p>\n<p>EU-(Politiker)Schweine, wenn das generell so gemacht wird:<br \/>\n<a href='https:\/\/www.spiegel.de\/panorama\/sanktionen-gegen-russland-deutscher-zoll-konfisziert-russische-autos-a-a6a68630-e212-420e-baac-0e96d8b5e911'>https:\/\/www.spiegel.de\/panorama\/sanktionen-gegen-russland-deutscher-zoll-konfisziert-russische-autos-a-a6a68630-e212-420e-baac-0e96d8b5e911<\/a><br \/>\n<a href='https:\/\/www.anti-spiegel.ru\/2023\/deutscher-zoll-beschlagnahmt-autos-russischer-touristen\/'>https:\/\/www.anti-spiegel.ru\/2023\/deutscher-zoll-beschlagnahmt-autos-russischer-touristen\/<\/a><\/p>\n<p>&#8220;Dabei deuten geleakte Dokumente darauf hin, dass vor allem Deutschland im Fokus der Propaganda stand: Man wollte verhindern, dass die deutsche Bev\u00f6lkerung Verst\u00e4ndnis f\u00fcr Russlands Sorgen hinsichtlich der NATO-Osterweiterung habe[58], und verfolgte das Ziel, Deutschland und Russland im Informationskrieg noch weiter zu spalten.[59] &#8221;  (das ist jedenfalls gelungen.)<br \/>\n<a href='https:\/\/www.nachdenkseiten.de\/?p=100526'>https:\/\/www.nachdenkseiten.de\/?p=100526<\/a><\/p>\n<p>&#8220;Die gezielte Verbl\u00f6dung von Medien und Publikum schreitet voran&#8221; (Muss man sich da echt noch wundern?)<br \/>\n<a href='https:\/\/www.nachdenkseiten.de\/?p=100346'>https:\/\/www.nachdenkseiten.de\/?p=100346<\/a><\/p>\n<p>&#8220;Aus diesem Grund ist es von grundlegender Bedeutung, dass die EU so schnell wie m\u00f6glich zusammenbricht, um die Freiheit in Europa wiederherzustellen.&#8221;<br \/>\n&#8220;Freiheit und Souver\u00e4nit\u00e4t sind mit diesen Organisationen unvereinbar: EU, NATO, IWF, Weltbank, WTO, WHO. Deshalb m\u00fcssen sie aufgel\u00f6st werden, und es muss sichergestellt werden, dass \u00e4hnliche Organisationen mit anderen Namen in Zukunft nicht wieder auferstehen.&#8221;<br \/>\n<a href='https:\/\/tkp.at\/2023\/07\/07\/eu-who-uno-von-demokratie-und-grundrechten-keine-rede-mehr\/'>https:\/\/tkp.at\/2023\/07\/07\/eu-who-uno-von-demokratie-und-grundrechten-keine-rede-mehr\/<\/a><\/p>\n<p>Immer weniger Neutralit\u00e4t in \u00d6sterreich&#8230;<br \/>\n<a href='https:\/\/tkp.at\/2023\/07\/06\/uerberfall-auf-oesterreichs-neutralitaet\/'>https:\/\/tkp.at\/2023\/07\/06\/uerberfall-auf-oesterreichs-neutralitaet\/<\/a><br \/>\n.. die Nato-Karte sagt ja mal wieder alles:<br \/>\n<a href='https:\/\/orf.at\/stories\/3323069\/'>https:\/\/orf.at\/stories\/3323069\/<\/a><br \/>\n.. und auf einem kleinen Handy-Bildschirm schauen diese Nato-Sterne schon etwas nach Hakenkreuz aus &#8230;<\/p>\n","protected":false},"excerpt":{"rendered":"<p>Mi, 5.7.2023<\/p>\n<p>Ich belud heut soweit das Auto. Jetzt hab ich ja \u00fcber 2 Wochen nicht im Auto geschlafen, es war viele Tage sehr hei\u00df im Auto, es waren die Fenster hinter dem Wind\/Regenschutz etwas offen &#8230; und trotzdem waren insbesondere die Metalldosen unterm Bett nass.<\/p>\n<p>.. da muss man sich dann nicht wundern, wenn <a href=\"http:\/\/blog.inmontanis.info\/?p=8856\">[&#8230;]<\/a><\/p>\n","protected":false},"author":1,"featured_media":8859,"comment_status":"closed","ping_status":"closed","sticky":false,"template":"","format":"standard","meta":{"footnotes":""},"categories":[246,13,28],"tags":[38,54,47],"class_list":["post-8856","post","type-post","status-publish","format-standard","has-post-thumbnail","hentry","category-hintertux","category-austria","category-skifahren-sommer","tag-dsb","tag-gletschervergleich","tag-sl","odd"],"_links":{"self":[{"href":"http:\/\/blog.inmontanis.info\/index.php?rest_route=\/wp\/v2\/posts\/8856","targetHints":{"allow":["GET"]}}],"collection":[{"href":"http:\/\/blog.inmontanis.info\/index.php?rest_route=\/wp\/v2\/posts"}],"about":[{"href":"http:\/\/blog.inmontanis.info\/index.php?rest_route=\/wp\/v2\/types\/post"}],"author":[{"embeddable":true,"href":"http:\/\/blog.inmontanis.info\/index.php?rest_route=\/wp\/v2\/users\/1"}],"replies":[{"embeddable":true,"href":"http:\/\/blog.inmontanis.info\/index.php?rest_route=%2Fwp%2Fv2%2Fcomments&post=8856"}],"version-history":[{"count":4,"href":"http:\/\/blog.inmontanis.info\/index.php?rest_route=\/wp\/v2\/posts\/8856\/revisions"}],"predecessor-version":[{"id":8861,"href":"http:\/\/blog.inmontanis.info\/index.php?rest_route=\/wp\/v2\/posts\/8856\/revisions\/8861"}],"wp:featuredmedia":[{"embeddable":true,"href":"http:\/\/blog.inmontanis.info\/index.php?rest_route=\/wp\/v2\/media\/8859"}],"wp:attachment":[{"href":"http:\/\/blog.inmontanis.info\/index.php?rest_route=%2Fwp%2Fv2%2Fmedia&parent=8856"}],"wp:term":[{"taxonomy":"category","embeddable":true,"href":"http:\/\/blog.inmontanis.info\/index.php?rest_route=%2Fwp%2Fv2%2Fcategories&post=8856"},{"taxonomy":"post_tag","embeddable":true,"href":"http:\/\/blog.inmontanis.info\/index.php?rest_route=%2Fwp%2Fv2%2Ftags&post=8856"}],"curies":[{"name":"wp","href":"https:\/\/api.w.org\/{rel}","templated":true}]}}