{"id":8852,"date":"2023-07-03T16:23:40","date_gmt":"2023-07-03T14:23:40","guid":{"rendered":"http:\/\/blog.inmontanis.info\/?p=8852"},"modified":"2023-07-04T17:17:54","modified_gmt":"2023-07-04T15:17:54","slug":"renovierung-wanddecke-in-dunkelgrun-teil-1-19-6-3-7-2023","status":"publish","type":"post","link":"http:\/\/blog.inmontanis.info\/?p=8852","title":{"rendered":"Renovierung: Wand&#038;Decke in Dunkelgr\u00fcn (Teil 1), 19.6.-3.7.2023"},"content":{"rendered":"<p>Vorweg: Hatte ganz vergessen, Fahrstrecke &#038; POIs der Frankreich-Italien-Reise Ende April (und \u00fcberhaupt seit Anfang M\u00e4rz) zu machen &#8211; dann also jetzt:<\/p>\n<p><a href='http:\/\/extra.inmontanis.info\/d\/99554-2\/ge202303-06b.jpg'><img src=http:\/\/extra.inmontanis.info\/d\/99553-3\/ge202303-06b.jpg \/><\/a><br \/>\n^ Blau: 7.3.-20.4., ca.2.500km<br \/>\nMagenta: 22.4.-3.5., ca. 2.300km<br \/>\nGr\u00fcn: 8.5.-7.6., ca. 1.000km<\/p>\n<p>Blau: 7.3.-20.4.2023<br \/>\nA) Koralpe<br \/>\nB) Weinebene<br \/>\nC) Klippitzt\u00f6rl<br \/>\nD) Petzen<br \/>\nE) Bodental<br \/>\nF) Flattnitz<br \/>\nG) Hochrindl<br \/>\nH) Turracher H\u00f6he<br \/>\nI) Falkert Heidi-Alm<br \/>\nJ) Bad Kleinkirchheim<br \/>\nK) Katschberg<br \/>\nL) Ankogel<br \/>\nM) Goldeck<br \/>\nN) Gerlitzen<br \/>\nO) Nassfeld<br \/>\nP) Obertilliach<br \/>\nQ) St. Jakob Defereggen<br \/>\nR) Kals-Matrei<br \/>\nS) Heiligenblut<br \/>\nT) M\u00f6lltaler Gletscher<\/p>\n<p>Magenta: 22.4.-3.5.2023<br \/>\n1) Macugnaga<br \/>\n2) Simplonpass<br \/>\n3) La Clusaz<br \/>\n4) Bonneval-sur-Arc<br \/>\n5) Orelle<br \/>\n6) Tignes \/ Val d&#8217;Isere<br \/>\n7) Livigno<br \/>\nT) M\u00f6lltaler Gletscher<\/p>\n<p>Gr\u00fcn: 8.5.-7.6.2023<br \/>\nA) Koralpe<br \/>\nT) M\u00f6lltaler Gletscher<br \/>\nU) Hintertuxer Gletscher<\/p>\n<p><a href='http:\/\/extra.inmontanis.info\/d\/99558-2\/ge202303-06e.jpg'><img src=http:\/\/extra.inmontanis.info\/d\/99557-3\/ge202303-06e.jpg \/><\/a><br \/>\n^ 2 mautfreie Varianten durch&#8217;s Wallis im Bereich Sierre-Sion<br \/>\n.. leider muss man wohl immer etwas durch Sierre durch. Und die untere Variante hat am Anfang Ortsdurchfahrten mit 30 oder 40 km\/h &#8230; kann bei Stau sonst aber hilfreich sein ..<\/p>\n<p><a href='http:\/\/extra.inmontanis.info\/d\/99562-2\/ge-winter-2022-2023a.jpg'><img src=http:\/\/extra.inmontanis.info\/d\/99561-3\/ge-winter-2022-2023a.jpg \/><\/a><br \/>\n^ Fahrstrecke Winter 2022\/23 in Hellblau unten im Vergleich zum Winter 2021\/22 in Magenta oben<\/p>\n<p><a href='http:\/\/extra.inmontanis.info\/d\/99566-2\/ge-2021-2023d.jpg'><img src=http:\/\/extra.inmontanis.info\/d\/99565-3\/ge-2021-2023d.jpg \/><\/a><br \/>\n^ Fahrstrecke Winter 2022\/23 in Hellblau, Winter 2021\/22 in Magenta mit Verl\u00e4ngerung Herbst 2021 und R\u00fcckfahrt in Wei\u00df; Winter 2020\/21 in T\u00fcrkis (mit Hinfahrt und Verl\u00e4ngerung in Schwarz), UK\/IOM\/IRL Sommer 2022 in Orange<\/p>\n<p>Jaja, etwas eint\u00f6nig im Vergleich zu den fr\u00fcheren Jahren. Daf\u00fcr sind die Reisen jetzt halt intensiver, l\u00e4nger andauernd. N\u00e4chsten Winter dann trotzdem hoffentlich wieder Skandinavien, aber mit etwas Finnland dazu. \u00dcbern\u00e4chsten Winter vielleicht \u00d6sterreich und S\u00fcdosteuropa? Spanien m\u00fcsste ich sonst auch mal wieder&#8230;<\/p>\n<p>&#8212;-<\/p>\n<p><strong>Mo, 19.6.2023<\/strong><\/p>\n<p>Nach der Arbeit fuhr ich in Telfs los, kaufte mir nochmals etwas Gold und besuchte noch unsere Filiale in W\u00f6rgl &#8211; weil eh neben dem KFC, den ich besuchen wollte. Der war mir mittags etwas zu voll. Und generell war&#8217;s mir heut viel zu warm, \u00fcber 30\u00b0. <\/p>\n<p>Etwas arg lang mit ein paar Mitarbeitern gequatscht und dann war&#8217;s im KFC auch leer, allerdings hatte ich so nun voraussichtlich keine M\u00f6glichkeit mehr, kurz vor daheim einzukaufen, d.h. keine K\u00fchlsachen und keine Tiefk\u00fchlsachen, weil der Auto-K\u00fchlschrank nicht erreichbar ist, weil mein Auto ja vollbepackt ist, die Sachen von der Wohnungsaufl\u00f6sung meiner Tante im Zuge ihres Umzugs Anfang des Jahres und im Keller meiner Mutter stehen noch weitere Sachen von mir &#8211; n\u00e4chstes Mal.<\/p>\n<p><a href='http:\/\/extra.inmontanis.info\/d\/99570-2\/DSC06019.jpg'><img src=http:\/\/extra.inmontanis.info\/d\/99569-3\/DSC06019.jpg \/><\/a><br \/>\n^ KFC in W\u00f6rgl, Snackbox mit 1 H\u00e4hnchenteil und Chicken-Popcorn<\/p>\n<p>Weiter ging es \u00fcber Fieberbrunn und Zell am See, weil ich die beiden P\u00e4sse am Hochk\u00f6nig nicht fahren wollte. War leider doch ein Fehler, denn vor St. Johann im Pongau staute es dann. Also fuhr ich durch den Ort und statt obenrum \u00fcber Bischofshofen direkter \u00fcber Wagrain nach Flachau. Und weil ich ja ausnahmsweise die Vignette hab, wollte ich die 3-5km von Flachau raufw\u00e4rts nach Altenmarkt\/Radstadt nehmen, gerade mal eine Ausfahrt, 3min schneller und 2km l\u00e4nger, also mach ich ja normalerweise eh nicht. <\/p>\n<p>&#8230; und direkt auf der Autobahn, Stau. Stehend. Genau deshalb hasse ich Autobahnen und meide sie normalerweise, weil man da gefangen ist. 8min Zeitverlust. Und an der Umfahrung Altenmarkt auch nochmals eine Baustellenampel. Also ob ich mir da heuer nochmals eine 2-Monats-Vignette kauf, darf doch sehr bezweifelt werden!!<\/p>\n<p>Von hier aus gibts ja immer mehrere Varianten, wie man fahren kann, ich fuhr diesmal \u00fcber Obertauern und dann durch&#8217;s Murtal. Via Liezen-Hohentauern muss man weniger weiter \u00fcbern Berg fahren, daf\u00fcr soll die Variante hier k\u00fcrzer und schneller sein. Naja, in Obertauern auch nochmals 3min an einer Baustellenampel warten m\u00fcssen.<\/p>\n<p>Ich kam dann gerade noch bis Murau, wo ich um 19:15 kurz vor Schlie\u00dfung am Lidl war.<\/p>\n<p>Eingekauft, alles ungek\u00fchlt:<br \/>\n10 Eier (hab ich noch nie gekauft, sonst in Innsbruck immer nur 6er Packung, passen dann zu R\u00f6sti oder Bratkartoffeln oder (angebratenen) Nudeln)<br \/>\nPesto Genovese (aber das von Barilla)<br \/>\nNudeln<br \/>\nGnocchi<br \/>\nSpeckw\u00fcrfel<br \/>\nGlas G\u00fcrkchen<br \/>\nca. 5 Semmlen<br \/>\nca. 2 Brezen, 2 Salzstangen<br \/>\n6 Aufbackbr\u00f6tchen<br \/>\n1l H-Milch<br \/>\n1x Fr\u00fchst\u00fccksfleisch<\/p>\n<p>H\u00e4tte ja vorgehabt, innerhalb der n\u00e4chsten 2-3 Wochen nochmals runter fahren zum Einkaufen. Fertiggerichte usw. hab ich ja eh auch noch. Aber tiefgek\u00fchlte Pommes und Schnitzel\/Cordonbleu w\u00e4ren schon sch\u00f6n, wenn man mal daheim ist.<\/p>\n<p>Ich hielt noch an einer Socar-Tankstelle (jo, gibt&#8217;s nicht nur in der Schweiz, sondern teilweise auch in AT) in Judenburg, wo es um g\u00fcnstige 1,514 Benzin gab. Wei\u00df nicht mehr, ob hier oder am vorherigen Tankvorgang: Es gibt jetzt auch in \u00d6sterreich E10.<\/p>\n<p>In Wolfsberg hielt ich noch am Burgerking, Gutschein einl\u00f6sen und kleine Korrektur zu zuletzt: die 2 g\u00fcnstigen kleinen Hamurger BBQ-Bacon und Texas BBQ oder irgendwie so \u00e4hnlich, gibt&#8217;s doch nach wie vor auch am Bestellterminal, aber unter den Aktionen, wo man auch zu den Gutscheinen kommt. Und kosten jezt 1,90 \u20ac pro stk. Glaub das war vor C in Innsbruck 1,50 oder so?<\/p>\n<p>Bis ich dann daheim war, war&#8217;s leider dunkel und kurz vor 22 Uhr. Und wesentlich w\u00e4rmer als erwartet, ich h\u00e4tte mit unter 15\u00b0 in der Wohnung gerechnet, derweil es 16.3-16.9\u00b0 waren.<\/p>\n<p>Da es die n\u00e4chsten Tage von selbst warm werden w\u00fcrde und es mir noch warm genug war, verzichtete ich auf die Bettheizung heute ..<\/p>\n<p>Ich sah mir meine Vorr\u00e4te an und entschied schon halbwegs, die geplanten knapp 3 Wochen durch zu kommen (oder mir was von Amazon schicken zu lassen) und mir den Weg runter zum Supermarkt sparen werde.<\/p>\n<p><strong>Di, 20.6.2023<\/strong><\/p>\n<p>Wollte mein Auto gar nicht so schnell ausr\u00e4umen, aber da ich an die Lebensmittel unterm Bett kommen muss (z.B. die Salami-W\u00fcrstel, wenn ich schon keine gek\u00fchlte Wurst gekauft hab), musste der Tisch halt heute doch schon rauf.<\/p>\n<p>Mittags das schwerste Zeug mit dem elektrischen Treppensteiger geholt &#8211; was in der Sonne selbst auf ca. 1500hm momentan kein Vergn\u00fcgen ist, da heisssss. Und au\u00dferdem so eklig viele Insekten. Den Rest werd ich dann nach und nach jeden Tag etwas, ohne Treppensteiger, holen. Donnerstag soll&#8217;s hier oben 25\u00b0 werden (sonst in K\u00e4rnten 35\u00b0) &#8230;<\/p>\n<p><a href='http:\/\/extra.inmontanis.info\/d\/99574-2\/DSC06024.jpg'><img src=http:\/\/extra.inmontanis.info\/d\/99573-3\/DSC06024.jpg \/><\/a><br \/>\n^ Gut, dass ich den elektrischen Treppensteiger hab.<\/p>\n<p>F\u00fcr die im Winter gekaufte Backmischung &#8220;Gew\u00fcrzkuchen&#8221;, die bis Mitte Juli haltbar ist und somit ich also ggf. die H\u00e4lfte machen sollte diese Woche, braucht man (ganze Packung) zus\u00e4tzlich 200ml Milch, 85g &#8220;pflanzliches&#8221; \u00d6l und 2 Eier und ggf. Schokolade zum dr\u00fcberstreichen.<\/p>\n<p>Milch und Eier hab ich ja gestern mitgenomen, aber sowas wie \u00d6l hab ich nicht im Haus &#8211; wohl aber noch etwas hartes Kokos\u00f6l\/-fett (schon Jahre abgelaufen, noch ein kleiner Rest, war zuletzt noch ok), das man zumindest zum Einfetten der Form nutzen k\u00f6nnte. Ob diese Glassch\u00fcssel von der Gr\u00f6\u00dfe her f\u00fcr eine ganze Packung oder nur eine halbe geeigneter ist, wei\u00df ich nat\u00fcrlich \u00fcberhaupt nicht.<\/p>\n<p><a href='http:\/\/ski.inmontanis.info\/d\/320516-2\/DSC06031.jpg'><img src=http:\/\/ski.inmontanis.info\/d\/320515-3\/DSC06031.jpg \/><\/a><br \/>\n^ Restschneeflecken im Skigebiet Koralpe<\/p>\n<p>Abends, als ich ins Bett ging, h\u00e4tte ich mir doch gew\u00fcnscht, die Heizmatte angeschlossen und eingeschaltet zu haben .. dann morgen!!<\/p>\n<p><strong>Mi, 21.6.2023<\/strong><\/p>\n<p>Vor ca. 10 Jahren gab es wohl mal Brillen, wo man mittels Schieber den Focus selbst einstellen konnte. Leider scheint es die nicht mehr zu geben, h\u00e4tte ich mir sonst gerne gekauft, aktuell br\u00e4ucht ich wohl je nach N\u00e4he oder Ferne einen Bereich von ca. -0.5 bis +1; dh egtl. kann ich ja untertags auf die Fernbrille verzichten, aber ich hab gemerkt, dass, wenn ich sie aufsetze, ich ohne Brille dann im Nahbereich besser sehe (zumindest eine Zeit lang), und wenn ich sie z.B. den ganzen Tag nicht aufhab (Skifahren oder Computer), dann auch n\u00e4her (Handybildschirm etc.) schwieriger fokusieren kann&#8230;<\/p>\n<p>Genauso merk ich aber umgedreht, wenn ich die Lesebrille mit +1 l\u00e4nger aufhab, dass ich ohne Brille schlechter nah seh, also trag ich die auch nur wenn unbedingt n\u00f6tig. Was es momentan zu geben scheint, sind verstellbare Brillen im Bereich +0,5 bis +4 bzw. Sonnenbrille von 0 bis +2,5 oder so. Das ist leider beides f\u00fcr mich eher nutzlos. (Es g\u00e4be auch ganz billige Varianten, die aber lt. Berichten nix taugen.)<\/p>\n<p>Vormittags hab ich mein Fenster einige Zeit lang offen gelassen, um etwas W\u00e4rme reinzulassen. Mein analoges Au\u00dfen-Fensterthermometer (aus Schweden) zeigt heute Nachmittag 27-28\u00b0 an &#8230;. aber wenn man die Hitze einmal in der Wohnung hat, bekommt man sie ja nur schlecht wieder raus, also fror ich lieber etwas bei den 18-19\u00b0. Obwohl es ja schon auch etwas bescheuert ist, kalte H\u00e4nde zu haben oder f\u00fcr Strom zu zahlen um mal ein paar Minuten z.B. die &#8220;Fu\u00dfbodenheizung&#8221; unterm Schreibtisch einzuschalten um die F\u00fc\u00dfe aufzutauen &#8230; ok, man k\u00f6nnte auch einfach mal eben ins hei\u00dfe Auto runter, paar Sachen raufholen und wieder froh sein \u00fcber die kalte Wohnung ;)<\/p>\n<p>Von &#8220;froh sein&#8221; konnte bei der R\u00fcckkehr in der Wohnung aber nicht die Rede sein, denn das allerallerwichtigste, was ich heute raufholen wollte, extra notiert, am Auto extra rausgeholt, hab ich dann doch wieder im Auto vergessen. Also wieder einige Kopfn\u00fcsse an die Wand n\u00f6tig gewesen. Und mich dann nochmals selbst mit den Schuhen verpr\u00fcgelt. Wehe ich vergess das morgen wieder. Dann wird entweder die Wand oder der Kopf kaputt gehen m\u00fcssen.<\/p>\n<p>Als ob es nicht reichen w\u00fcrde, dass es so warm ist, muss lt. Wetterbericht auch noch Saharasandstaub mit in der Luft sein. Verschlechtert das Sommerskifahren also nochmals.<\/p>\n<p><strong>Do, 22.6.2023<\/strong><\/p>\n<p>Hab zwar die letzten Tage schon einiges bei Amazon bestellt, aber heute Gro\u00dfeinkaufstag (ganzen Tag gebraucht), 27 Artikel,  270 \u20ac, ca 2\/3 Lebensmittel (Anzahl, nicht Preis), wollt ich ja gar nicht so viel kaufen .. (aber die meisten Sachen davon w\u00fcrd ich auch nicht unten in den Superm\u00e4rkten bekommen. Klar, ein paar schon, wie Nudeln, die ich bei der Gelegenheit gleich mitbestellt hab. Oder das \u00d6l, das heute geliefert wurd, damit ich am WE mal den Kuchen backen kann.)<\/p>\n<p><strong>Fr, 23.6.2023<\/strong><\/p>\n<p>So zwar nicht vorgehabt, aber der neue Tisch schien nun doch recht praktisch f\u00fcr die Malutensilien. Als Vorbereitung vor dem Streichen die Regale abgebaut (f\u00fcr die Trams m\u00f6cht ich ja vielleicht lieber 3D-Rahmen drucken und diese ggf. Gold anmalen) und die Ecke der Eckbank abgebaut, um die zwei Bank-Teile besser verteilen zu k\u00f6nnen.<\/p>\n<p>Also ging&#8217;s heut an den Tischaufbau und \u00dcberlegen, wie ich das alles am sinnvollsten stellen m\u00f6chte&#8230; Der &#8220;neue&#8221; Tisch von meiner Tante (Ex-K\u00fcchentisch, hier hatte ich schon als Kind in den 1980ern einige Male gegessen, wenn ich bei meiner Cousine war) ist 10cm weniger tief, ausgezogen daf\u00fcr 30cm l\u00e4nger und etwas h\u00f6her als der alte Tisch. M\u00f6glichkeiten w\u00e4ren also: || oder = oder &#8212;  oder _| (in mehreren Varianten inkl -| usw.). <\/p>\n<p>Viele M\u00f6glichkeiten, die ich am 3D-Planer durchspielte. Was da nicht so r\u00fcberkommt: Tischf\u00fc\u00dfe. Die  beim Ausziehtisch ja ganz wo anders dann sind. Da ich beim Computerarbeiten aus dem Fenster sehen und das Skigebiet sehen will, muss dieser Platz ziemlich zentral sein.<\/p>\n<p>Nach einigem Durchspielen am PC musste ich einige der Varianten doch noch &#8220;live&#8221; austesten. Naja .. alle haben ihre Vor- und Nachteile. Hab nat\u00fcrlich nichts tats\u00e4chlich umger\u00e4umt, das mach ich erst wenn ich mit Wand+Decke fertig bin.<\/p>\n<p><a href='http:\/\/extra.inmontanis.info\/d\/99582-2\/DSC06047.jpg'><img src=http:\/\/extra.inmontanis.info\/d\/99581-3\/DSC06047.jpg \/><\/a><br \/>\n^ Ich probierte mehrere Stellungen der beiden Tische, ohne mich aber genau festlegen zu wollen. Schlussendlich nahm ich den neueren Tisch die n\u00e4chste Woche als Arbeitstisch f\u00fcr das Malerzeug.<\/p>\n<p>Hab mir im Internet nochmals Bilder mit dunklen W\u00e4nden angesehen &#8211; egal ob gr\u00fcn oder blau, egal ob gro\u00df oder klein, es schaut m.E. besser aus, wenn auch die Decke in der selben Farbe (oder ggf. einer anderen passenden dunklen Farbe) ist und nicht in hellem Wei\u00df bleibt.<\/p>\n<p>Worauf ich ja komplett gespannt bin: wie viel dunkler der Raum bei Beleuchtung wird, wenn keine wei\u00dfen W\u00e4nde mehr die Beleuchtung reflektieren. Was gut zu einer dunkelgr\u00fcnen Wand passen w\u00fcrde, w\u00e4ren Wandlampen (z.B Vintage-Kerzenformm\u00e4\u00dfig).<\/p>\n<p><a href='http:\/\/extra.inmontanis.info\/d\/99578-2\/DSC06033.jpg'><img src=http:\/\/extra.inmontanis.info\/d\/99577-3\/DSC06033.jpg \/><\/a><br \/>\n^ Hatte ich mir vor \u00fcber 15 Jahren gekauft, das el. Farb-Spritzsystem links hatte ich glaub ich nie verwendet, das el. Farbrollsystem rechts evtl. beim Auszug meiner Vor-Vor-Wohnung. Will ich diesmal nochmals probieren. (Das Spritzsystem ist laut Anleitung f\u00fcr Wandfarbe ungeeignet, weil man die Farbe da stark verd\u00fcnnen muss.)<\/p>\n<p>Bissl gehagelt hatte es heute auch.<\/p>\n<p><strong>Sa, 24.6.2023<\/strong><\/p>\n<p>Heutiger Plan: W\u00e4schewaschen, erstes Mal Kuchenbacken, Ecken &#038; kleine Bereiche Wand+Decke mit der kleine Rolle streichen, W\u00e4nde vorbereiten (Sachen abmontieren) + morgen dann mit der gro\u00dfen Rolle die Hauptw\u00e4nde und Decke. Es g\u00e4be zwar Bereiche, die ich wei\u00df lassen k\u00f6nnte (K\u00fcchenbereich, Abstellbereich hinterm Schrank, ggf. auch Flur), aber es gibt keine sinnvolle geraden Linien \/ W\u00e4nde \/ Ecken \/ .. wie eine Unterbrechung mitten auf der Decke gut aussehen w\u00fcrde, da die Raumteile alle  ineinander \u00fcbergehen&#8230;<\/p>\n<p>Nachdem alles vermischt war, schien der Teig doch sehr wenig H\u00f6he in meiner Glasform zu ergeben &#8211; ich hab ja nur die halbe Backmischung und die halben Zusatzzutaten genommen.<\/p>\n<p>Ich entschied mich f\u00fcr den Backvorgang mit reiner Umlufthitze in meinem Mikrowellenbackofen (laut Mikrowellenkochbuch k\u00f6nnte man sonst auch den Kombibetrieb &#8220;geringe Mikrowelle + 180\u00b0 Umluft&#8221; verwenden.).<\/p>\n<p>Derweil ich f\u00fcr die Kuvert\u00fcre etwas Mandeln hackte (mit dem bisher vielleicht noch nie verwendeten Fleischklopfer einmal kr\u00e4ftig drauf (mehrmals macht nur Dreck) und sp\u00e4ter noch Zartbitterschokolade in der Mikrowelle schmolz und nach einem Teil der \u00dcbergie\u00dfung noch mit Rosenwasser erg\u00e4nzte, das ich ja aus Schweden hab und sonst hin und wieder etwas zum Eingie\u00dfen ins Sodawasser verwende). Vielleicht tu ich n\u00e4chstes Mal die Mandeln gleich mit in den Teig. Und Veilchensirup statt Rosenwasser? Den hab ich mir testweise mal via Amazon bestellt.<\/p>\n<p><a href='http:\/\/extra.inmontanis.info\/d\/99586-2\/DSC06062.jpg'><img src=http:\/\/extra.inmontanis.info\/d\/99585-3\/DSC06062.jpg \/><\/a><br \/>\n^ Schaut komisch aus, der Kuchen da in der Form, soll aber jetzt fertig sein, laut Anleitung der Backmischung ..<\/p>\n<p>H\u00e4ngen blieb aber nix beim Einstechtest und dann soll der Kuchen ja angeblich fertig sein &#8230;<br \/>\nTrotz Einfetten wollte der Kuchen aber nicht von selbst aus der Form. Vielleicht f\u00e4llt er von selbst runter, wenn er noch etwas abk\u00fchlt? Der Rand war mal am Glas verkrustet, aber auch den etwas freizumachen brachte nicht viel.. Nach etwas sch\u00fctteln bewegte er sich dann. Hinterlie\u00df auch eine Spur am Glasboden.<\/p>\n<p><a href='http:\/\/extra.inmontanis.info\/d\/99590-2\/DSC06065.jpg'><img src=http:\/\/extra.inmontanis.info\/d\/99589-3\/DSC06065.jpg \/><\/a><br \/>\n^ Mein neuer Geschirrschrank (ebenfalls von der alten K\u00fcche meiner Tante), steht nun neben dem ger\u00e4uschlosen K\u00fchlschrank, damit ich ich u.a. meine letztes Jahr gekauften sch\u00f6nen Teller\/Gedecke sch\u00f6ner aufstellen kann. <\/p>\n<p><a href='http:\/\/extra.inmontanis.info\/d\/99594-2\/DSC06067.jpg'><img src=http:\/\/extra.inmontanis.info\/d\/99593-3\/DSC06067.jpg \/><\/a><br \/>\n^ Kuchen umgedreht auf dem Teller, wird jetzt noch mit Mandeln und Zartbitterschokolade bestrichen<\/p>\n<p>Bei der geringen H\u00f6he ist das wohl eher ein Lebkuchen denn ein Gew\u00fcrzkuchen ;) Naja, so kann man ihn mehr mit Schokolade und Mandeln bestreichen.  Es roch jedenfalls lecker nach Zimt, Kardamom usw. in der Wohnung. Die Au\u00dfentemperaturen von 15\u00b0 w\u00e4ren f\u00fcr einige ja auch weihnachtlich :)<\/p>\n<p>Da der Boden etwas weich war und aufgrund der  W\u00f6lbung der Oberseite so besser am Teller passte, bestrich ich halt den Boden mit Schokolade+Mandeln, damit auch diese Seite etwas fester w\u00fcrde. Wobei ich mich zusammenrei\u00dfen  musste, den Kuchen nicht schon vor dem Finish aufzuessen so lecker wie er war.<\/p>\n<p><a href='http:\/\/extra.inmontanis.info\/d\/99598-2\/DSC06070.jpg'><img src=http:\/\/extra.inmontanis.info\/d\/99597-3\/DSC06070.jpg \/><\/a><br \/>\n^ Fertig ist der Kuchen. Wenn auch nicht hoch, aber lecker. N\u00e4chstes Mal werd ich die Mandeln gleich mit in den Teig tun. Und die niedrige H\u00f6he k\u00f6nnte in meinem Ofen sogar vorteilhaft sein, weil dann der obere Teil nicht so verbrennt, bis der untere Teil durch ist.<\/p>\n<p>Was das Wandstreichen angeht, man wei\u00df da gar nicht wo man anfangen soll. Bei den Ecken und Kanten oder die zum Schluss, was mach ich mit dem kleinen Roller, was mit dem gro\u00dfen etc. etc.<\/p>\n<p>Mir fiel gestern ja noch was ein, das ich saubermachen wollte: Die alte Heizung. Inklusive Abh\u00e4ngen (um dahinter zu streichen) und Zerlegen. Warmes Wasser + Allzweckreiniger machte gar nix, aber mit (dem viele Jahre alten) Viss gingen die Zigaraettenablagerungen recht leicht weg. Zwar nicht alle Verf\u00e4rbungen (da h\u00e4tte ich mich noch mehr antrengen m\u00fcssen), aber es wird wohl sicherlich besser sein als zuvor. Da fragt man sich schon manchmal, ob die W\u00e4nde+Decken hier schon immer cremegelb waren oder ob die auch mal wei\u00df waren .. ;)<\/p>\n<p><a href='http:\/\/extra.inmontanis.info\/d\/99602-2\/DSC06071.jpg'><img src=http:\/\/extra.inmontanis.info\/d\/99601-3\/DSC06071.jpg \/><\/a><br \/>\n^ Gestern im Bett ist mir eingefallen, dass ich den Heizk\u00f6rper mal reinigen sollte, k\u00f6nnte ja auch noch voller altem Zigarettengestank sein<\/p>\n<p><a href='http:\/\/extra.inmontanis.info\/d\/99606-2\/DSC06076.jpg'><img src=http:\/\/extra.inmontanis.info\/d\/99605-3\/DSC06076.jpg \/><\/a><br \/>\n^ Vorher-Nachher-Vergleich, mit Viss geht der gr\u00f6bste Belag leicht weg<\/p>\n<p>Da ich das Bett nicht verschieben kann (steht ohne F\u00fc\u00dfe auf dem Boden) und es zu niedrig (und ich zu klein) bin, komm ich auf dem Bett stehend nicht zur Decke und kann kein Kreppband verkleben, also muss ich im oberen Bereich der Bett-Wandseite (wo unten meine Projektionsfl\u00e4che ist) doch auch einen Streifen in Gr\u00fcn machen.<\/p>\n<p>Hatte weit weniger geschafft als vorgehabt und irgendwie gar keine Lust mehr mit dem Streichen anzufangen, hat sich zeitlich auch nicht mehr gelohnt. Idee w\u00e4re halt gewesen, morgen die Maschine in Betrieb zu nehmen, weil Samstag\/Sonntag = mehr Zeit. K\u00f6nnte ich nat\u00fcrlich trotzdem, wichtig ist mir die ja insb. f\u00fcr die Decke. Die W\u00e4nde hab ich ja auch aktuell mit dem kleinen Roller gemacht, aber einige Teile sollten sich dann wohl schon auch ausgehen. Ecken und Kanten und restliche W\u00e4nde usw.  kann ich ja dann im Laufe der Woche hier und da noch machen. So lang der Farbeimer reicht.<\/p>\n<p>Wobei der Hauptschlauch der Farbroll-Maschine recht klebrig geworden ist, zumindest von au\u00dfen. F\u00fcr die Decke w\u00e4r mir das System aufgrund des gr\u00f6\u00dferen Rollers schon lieber, das war n\u00e4mlich sehr anstrengend mit dem kleinen Roller \u00fcber Kopf und ich hab ja kaum was gemacht&#8230;<\/p>\n<p>Hab heut mal meinen kompletten Bart abrasiert, hab mal bissl eine andere Rasur ausprobieren wollen, aber nicht \u00fcberzeugt, also komplett ab. Mal schaun, wie schnell das jetzt w\u00e4chst und was ich da bis zur Abreise mach. Urspr\u00fcnglich Grund f\u00fcr den Bart war, weniger weiblich auszusehen, insb. als ich dann lange Haare hatte. Die hab ich ja jetzt nicht mehr. Unterwegs auf Reisen muss das insbesondere pflegeleicht sein, blind zu rasieren (was ich im restlichen Gesicht ungef\u00e4hr alle 3-5 Tage n\u00f6tig ist).<\/p>\n<p><strong>So, 25.6.2023<\/strong><\/p>\n<p><a href='http:\/\/extra.inmontanis.info\/d\/99610-2\/DSC06081.jpg'><img src=http:\/\/extra.inmontanis.info\/d\/99609-3\/DSC06081.jpg \/><\/a><br \/>\n^ Elektrisches Farbrollsystem, leider f\u00fcr mich sehr schwer und anstrengend. 10l Moosgr\u00fcn-RAL6005-Eimer.<\/p>\n<p>Was f\u00fcr ein Scheiss. Man kommt sehr schnell ins Schwitzen, man kann eigentlich nur direkt \u00fcber Kopf den n\u00f6tigen Druck aufbauen, um die Farbe von der Rolle auf die Decke zu bekommen; wenn man auf der Leiter steht, fast keine M\u00f6glichkeit mit dem Verl\u00e4ngerungsstecken was weiter entferntes zu machen (au\u00dfer vielleicht, wenn man mehr Farbe reinpumpt, f\u00fchlt sich aber nach 2-3 Anstriche in einem Arbeitsgang an und so verschwenderisch wollte ich jetzt nicht umgehen) und es ist halt auch sehr schwer der Roller samt der Verl\u00e4ngerung samt dem angschlossenen Schlauch  &#8230;<\/p>\n<p>Ich strich nur den Deckenbereich \u00fcberm Bett und 2 kurze Tests anderswo, demontierte den Verl\u00e4ngerungsstecken aber auch ohne auf der Leiter stehend, blieb es anstrengend. Deshalb hab ich das bisher auch nur 1x verwendet.  <\/p>\n<p>Noch kurz an der Wand probiert und aufgegeben. Da nehm ich lieber meine kleine 10cm-Rolle,die ist leichter zu tragen. Schade um die viele gr\u00fcne Farbe, die durch das Reinigen verschwendet wird. Der Reinigungsvorgang war \u00fcberhaupt ebenfalls ein kompletter Scheiss, umst\u00e4ndlich, dreckmachend, langwierig, anstrengend. Letztes Mal, dass ich das verwendet hab!!<\/p>\n<p><a href='http:\/\/extra.inmontanis.info\/d\/99614-2\/DSC06082.jpg'><img src=http:\/\/extra.inmontanis.info\/d\/99613-3\/DSC06082.jpg \/><\/a><br \/>\n^ .. das hab ich mit dem Farbrollsystem geschafft, danach war ich kaputt.<\/p>\n<p><a href='http:\/\/extra.inmontanis.info\/d\/99618-2\/DSC06084.jpg'><img src=http:\/\/extra.inmontanis.info\/d\/99617-3\/DSC06084.jpg \/><\/a><br \/>\n^ .. und bin auf meine \u00fcbliche kleine Handrolle umgestiegen<\/p>\n<p>Gef\u00fchlt ging das mit der kleinen Rolle dann viel schneller und auch bei weniger Farbverbrauch. Auch schwitzig und anstrengend, weil man die Rolle ja kr\u00e4ftig an die Wand dr\u00fccken muss. Wird es mit der gro\u00dfen Rolle und dem Farbsystem gleichm\u00e4\u00dfiger? Schien mir definitiv so. St\u00f6rt mich das? N\u00f6, denn Smaragde schimmern ja auch in verschiedenen Gr\u00fcnt\u00f6nen. Und das Licht f\u00e4llt ja auch immer verschieden rein. Also am Schrank hat mich das nicht gest\u00f6rt und wie gesagt, f\u00e4llt das auch auf den Fotos viel mehr auf als in Natur.<\/p>\n<p><a href='http:\/\/extra.inmontanis.info\/d\/99622-2\/DSC06085.jpg'><img src=http:\/\/extra.inmontanis.info\/d\/99621-3\/DSC06085.jpg \/><\/a><br \/>\n^ .. ich find das wesentlich bequemer, auch wenn es optisch mit einem gr\u00f6\u00dferen Roller wohl besser werden w\u00fcrde (aber dann m\u00fcsste ich ja wieder ein Teil mehr irgendwo aufheben)<\/p>\n<p><a href='http:\/\/extra.inmontanis.info\/d\/99626-2\/DSC06093.jpg'><img src=http:\/\/extra.inmontanis.info\/d\/99625-3\/DSC06093.jpg \/><\/a><br \/>\n^ Genug f\u00fcr den ersten Tag<\/p>\n<p>Um 16 Uhr musste ich aufh\u00f6ren, weil Schulter schmerzte. Zus\u00e4tzlich zum bereits sp\u00fcrbaren Muskelkater. Abends sch\u00f6n dick alles eingecremt.<\/p>\n<p>Die gestrichene Fl\u00e4che wirkte fast so dunkel wie Schwarz, was ich aber weiterhin auf das noch viele, restliche Wei\u00df an Decken und W\u00e4nden schob. <\/p>\n<p>Was man auch nicht vergessen darf, dass ja noch Zeug auf die Wand kommt, Bilder, IR-Heizpanel etc. etc., aber an ein paar Stellen werd ich wohl nochmals dr\u00fcber m\u00fcssen, je nachdem, wieviel Farbe ich am Ende noch hab.<\/p>\n<p>Aber auch als Wand und Ecke komplett Gr\u00fcn war, bleibt es schwarz, naja, weil das Fenster daneben eben so hell ist. Aber schien auch dunkler als der Schrank und vielleicht auch dunkler als die Fliesen (wobei die auch mehr gl\u00e4nzen und auch das Material vom Schrank gl\u00e4nzt mehr als die Wand). Schon eigenartig, dass der selbe Farbton so einen Unterschied macht, ob er auf Holz oder auf Wand ist?!<\/p>\n<p>Ich k\u00f6nnte nat\u00fcrlich auch noch so eine Glitter-Effekt-Lasur dr\u00fcberstreichen. z.B. in Silber oder Gold oder Kupfer. W\u00fcrd mich ja schon sehr interessieren, wie das jeweils auf dem Dunkelgr\u00fcn ausschaut, aber so ein Liter kostet 20-30 \u20ac und das ist dann doch etwas zu viel zum Probieren (erst recht, wenn man sich nicht zwischen den 3 genannten entscheiden k\u00f6nnte..).<\/p>\n<p><strong>Mo, 26.6.2023<\/strong><\/p>\n<p>Amazon hat anscheinend 10 einzelne Pakete aus meiner Bestellung generiert, 2 Pakete f\u00fcr je 1 St\u00fcck &#8230; da verdient Amazon doch auch nix mehr &#8230; Heut kamen 3 P\u00e4ckchen via Post und 1 via DPD (der f\u00e4hrt ja zum Gl\u00fcck rauf und aufgrund des Trackings auf der Website kann man das sch\u00f6n nachverfolgen, wann er kommt, wobei das anscheinend etwas hinterhergeht.)<\/p>\n<p>In etwa zur gleichen Zeit, 11:00-13:30, hab ich auch wieder etwas weiter gestrichen, mein Pensum war wieder 3 F\u00fcllungen von der blauen Farbschale. Ich komm nat\u00fcrlich gerade so zur Decke mit dem Farbroller, wenn ich auf dem Bett steh, war aber dann doch froh, das mit dem gro\u00dfen Farbrollsystem gemacht zu haben &#8211; aber n\u00e4chstes Mal werd ich da wohl einen etwas gr\u00f6\u00dferen Roller mit Verl\u00e4ngerung kaufen oder meinen kleinen auf einen Stecken montieren&#8230;<\/p>\n<p>Ich denke, ich hab heut nun mindestens die H\u00e4lfte geschafft bzw. je nachdem, ob ich Flur und K\u00fcche machen m\u00f6chte oder nicht. Im Flur h\u00e4ngt ja die sch\u00f6ne orientalische Buntglaslampe, die entsprechend bunte Felder an die wei\u00dfe Wand schmei\u00dft &#8211; nicht viel und ich seh das auch viel zu selten, aber das w\u00e4r bei der dunkelgr\u00fcnen Wand dann halt pass\u00e9. Das Problem ist halt: Was mit der Decke oder wo den Bruch?<\/p>\n<p>Die &#8220;lange Wand&#8221; ist jetzt komplett in Gr\u00fcn, die Gegendwand und die gro\u00dfe Deckenfl\u00e4che fehlt noch einiges, das wird dann insb. in der Mitte hart werden, da ich auf der Leiter zum Deckenstreichen mich m\u00f6glichst mit einer Hand wo anhalten m\u00f6chte.<\/p>\n<p>Jetzt die ganze Wand in Gr\u00fcn ist schon mal geiler. Leider seh ich die zu selten, weil ich ja am Tisch mit Blick aus dem Fenster sitze (ist dann doch sch\u00f6ner als die Wand) und die Wand neben dem Fenster wirkt aufgrund des hellen Fensters wie Schwarz.<\/p>\n<p><a href='http:\/\/extra.inmontanis.info\/d\/99630-2\/DSC06095.jpg'><img src=http:\/\/extra.inmontanis.info\/d\/99629-3\/DSC06095.jpg \/><\/a><br \/>\n^ Am Tag 2 war auch schon die lange Wand fertig<\/p>\n<p>An einer klitzekleinen sonst noch wei\u00dfen Teststelle hab ich mal ein bisschen von dem Multifarbglitter in einen kleinen Farbrest und das mal probiert &#8211; das glitzert je nach Lichteinfall dann tats\u00e4chlich in verschiedene Farben, wie bei Glitzerschnee. Hier halt im Gr\u00fcn. Man muss nat\u00fcrlich schon hinschauen und eine entsprechende Beleuchtung haben. An der Decke wird man das wohl nicht merken. Verwenden m\u00f6cht ichs ja im wei\u00dfen Fliesenlack, sofern die Glitter auch daf\u00fcr geeignet sind.<\/p>\n<p><a href='http:\/\/extra.inmontanis.info\/d\/99634-2\/DSC06098.jpg'><img src=http:\/\/extra.inmontanis.info\/d\/99633-3\/DSC06098.jpg \/><\/a><br \/>\n^ .. aber was mach ich nun mit der K\u00fcche?<\/p>\n<p>Wegen K\u00fcche\/Flur hab ich noch etwas mit dem Bildprogramm rumsimuliert. Die hintere Wand, die hinterm Schrank ist und die ein St\u00fcck in der K\u00fcche ist, w\u00fcrd ich doch gern wei\u00df lassen, weil da hinterm Schrank bin ich zu selten und da ist es auch recht dunkel, die Dunkelheit gilt auch f\u00fcr die K\u00fcche.<\/p>\n<p>Da w\u00fcrde sich somit auch zumindest die eine Flurseite in Wei\u00df anbieten. Andererseits h\u00e4ngen da ein paar Bilder\/Teller und ein Spiegel und die Badt\u00fcr,  wodurch diese Wand in Gr\u00fcn vmtl. auch sch\u00f6n w\u00e4re. Was f\u00fcr Wei\u00df spr\u00e4che, dass ich beim Reingehen schon auch oft mal an der Wand streife, weil eng, weil Gegenseite voller Zeug bzw. Werkzeugregal zu weit zur T\u00fcr gebaut, ggf. muss ich das versetzen.<\/p>\n<p><a href='http:\/\/extra.inmontanis.info\/d\/99638-2\/DSC06098a.jpg'><img src=http:\/\/extra.inmontanis.info\/d\/99637-3\/DSC06098a.jpg \/><\/a><br \/>\n^ testweise Visualisierung mal alles in Gr\u00fcn .. vielleicht doch etwas zu heftig + dann zu dunkel in der eh schon abgeschatteten K\u00fcche.<\/p>\n<p><a href='http:\/\/extra.inmontanis.info\/d\/99642-2\/DSC06098h3.jpg'><img src=http:\/\/extra.inmontanis.info\/d\/99641-3\/DSC06098h3.jpg \/><\/a><br \/>\n^ &#8230; aber wie soll man das mit der Decke sonst l\u00f6sen? Die muss wenigstens komplett Gr\u00fcn. Aber diese W\u00e4nde im Flur und K\u00fcche lass ich mal wei\u00df.<\/p>\n<p>Was ich auch schon lang gesucht hab, ist ja ein engmaschiges Fliegennetz, haupts\u00e4chlich f\u00fcr&#8217;s Auto. Findet man ganz, ganz schwer, das h\u00f6chste der Gef\u00fchle sind dann Angaben von 1x1mm bei den als engmaschig gekennzeichneten. Das ist zu viel f\u00fcr Minim\u00fccken und Midges u.\u00e4., da sollte es maximal 0,6mm sein. Hab ja selbst im UK dann nichts gefunden, wenn auch nur selten in L\u00e4den geschaut. Alternativ gibts in Riesengro\u00df und entsprechend viel teurer mehrere Quadratmeter Fliegennetze f\u00fcr den Gartenbereich, also hab ich mir halt da so eine Packung bei Amazon bestellt (die geben 0,4-0,6mm an). <\/p>\n<p>Falls man die wie gewohnt mit den klettm\u00e4\u00dfigen Klebeb\u00e4ndern festmachen kann, h\u00e4tte ich dann jedenfalls genug Netz f\u00fcr die n\u00e4chsten Jahrzehnte &#8230; inkl. daheim &#8230; 3m x 10m ! Allerdings in Wei\u00df. Schwarz ist an Fenstern ja immer besser. F\u00fcr daheim hatte ich mir letztes Jahr noch ein ca. 1mm-Netz gekauft, weil das Billignetz aus Schweden ja viel zu gro\u00dfe L\u00f6cher hatte. Hab ich vor ein paar Tagen auch endlich mal ausgewechselt. Das sollte daheim reichen.<\/p>\n<p>Was ich mir ja f\u00fcr meine Wohnung in Innsbruck damals noch gekauft hatte: ein Faltt\u00fcrsystem f\u00fcr 4 T\u00fcrpanele (ich hab da ja so eine Schw\u00e4che f\u00fcr Faltt\u00fcren). Also nur der Schiebemechanismus oben und unten, entsprechende T\u00fcren h\u00e4tte ich mir machen oder kaufen m\u00fcssen, da  wollte ich mal Tischler oder Glaser anschreiben, aber wenig sp\u00e4ter kamen dann auch schon die Coronalockdowns, bevor ich mir ein Design hab einfallen lassen.<\/p>\n<p>Aber wo k\u00f6nnte ich das System in meiner neuen Wohnung einbauen? Man k\u00f6nnte evtl. den Flur etwas verk\u00fcrzen, so dass man diese T\u00fcr nur in der Heizsaison bei Anwesenheit schlie\u00dft, falls das irgendwas bringen sollte. Denn die T\u00fcr zum Badezimmer w\u00e4re dann dahinter. Sp\u00e4ter am Abend ist mir noch eine andere Idee f\u00fcr die Platzierung der Faltt\u00fcr gekommen, auch f\u00fcr ein zus\u00e4tzliches Regal mitten im Raum, wo ich dann vielleicht auch endlich transparentes Buntglas verwenden kann&#8230;. aber das beides setz ich auf die Liste f\u00fcr n\u00e4chsten Sommer.<\/p>\n<p>Abends dann mit der Beleuchtung wieder auf die Idee zur\u00fcck gekommen, dass Wand statt Deckenbeleuchtung mit diesem Retro-Gr\u00fcn sch\u00f6ner ist und die W\u00e4nde dadurch sch\u00f6ner angestrahlt w\u00fcrden.. Evtl. alternativ mit zentral montiertem Spotlight-Deckenstrahler (um verschiedene Bereiche anzustrahlen, halt meist recht modern wirkend) oder Seilsystem, wo Lichter an 2 Seilen \u00e0 la Funifor dranh\u00e4ngen, h\u00e4tte auch was. Oder Retro-Wandstrahler mit Retro-Aufputzverkabelung. Oder doch einfach LED-Streifen in die Ecke. Oder (bunte?) Leuchtgirlanden\/Lichterkette? Wei\u00df? Farbig? Da g\u00e4b&#8217;s ja wieder M\u00f6glichkeiten ohne Ende, schwierige Entscheidung .. g\u00fcnstigste und (Montage) einfachste L\u00f6sung vmtl. eine Lichterkette&#8230; <\/p>\n<p>Mir ist vielleicht noch eine interessante Idee f\u00fcr den Flur gekommen: Pseudo-Fliesen-Look. Also den unteren Teil (bis inkl. K\u00fcchenfliesen um die Ecke) mit dem etwas gl\u00e4nzenderen gr\u00fcnen Fliesenlack streichen und zuvor die wei\u00dfen &#8220;Fugen&#8221; mit d\u00fcnnem Band kleben, damit da die Wand wei\u00df bleibt), ggf. noch mit blau-wei\u00dfer Bord\u00fcre dr\u00fcber, wie damals im Bad in Innsbruck. Oberer Teil der Wand in Wei\u00df. Decke in Gr\u00fcn.<\/p>\n<p><strong>Di, 27.6.2023<\/strong><\/p>\n<p>Durch die dunklen W\u00e4nde oberhalb der Vorh\u00e4nge ist es morgens (bevor der Wecker klingelt) jedenfalls dunkler in der Wohnung, was also ein Vorteil ist.<\/p>\n<p>Bei Tageslicht k\u00f6nnte vielleicht auch so eine Discokugel\/Spiegelkugel interessant sein, die sollte doch dann das mit ihren Spiegelfl\u00e4che das Licht vom Fenster reflektieren, aber ob das die W\u00e4nde neben dem Fenster sp\u00fcrbar aufhellt? Mit Alufolie getestet: Da sieht man nix. Mit Spiegel getestet: selbst da sieht man kaum was, wenn der nicht wirklich gro\u00df ist. Werd wohl doch Elektrizit\u00e4t brauchen, um mich \u00f6fters an meiner sch\u00f6nen dunkelgr\u00fcnen Wand erfreuen zu k\u00f6nnen. (Das ist der Grund, nicht, weil es mir zu dunkel w\u00e4re.)<\/p>\n<p>Vielleicht sitz ich einfach zu nah am Fenster ;) Aber beim Testen der Stellvarianten f\u00fcr die beiden Tische h\u00e4tte ich mich eigentlich dazu entschlossen, noch etwas n\u00e4her ans Fenster zu gehen (gr\u00f6\u00dferes Pano). Daf\u00fcr m\u00f6cht ich dann im 90\u00b0 Winkel Essen. Da seh ich dann zur Wand. (Bzw nat\u00fcrlich zum gedrehten Monitor). Nachteilig am N\u00e4her-am-Fenster-sitzen w\u00e4re allerdings, dass auch mehr heller (wolkiger) Himmel oberhalb vom Monitor zu sehen ist und mich blendet&#8230;. und bei tief stehender Sonne &#8220;im Winterhalbjahr&#8221; auch selbige, was zu fr\u00fcherem Vorhangzuziehen f\u00fchrt&#8230;<\/p>\n<p>Dadurch heute nur 2 F\u00fcllungen Farbe verstrichen. Aber die Decke in Raummitte, war dann doch nicht so tragisch. Ich denke, dass ich jetzt mindestens schon 2\/3 fertig hab (W\u00e4nde+Decken zusammen).<\/p>\n<p>Wer Dunkelgr\u00fcn oder Dunkelblau sagt, kann auch Gold sagen. Musste abends noch kurz den Goldlack ausprobieren &#8211; sehr intelligent, das an der Vorhangstange zu machen, wenn man dann den Vorhang zuziehen m\u00f6chte :) Gut, dass ich nur die vordere Stange lackiert hab, so konnte ich die zwei Vorh\u00e4nge auf der hinteren Stange zuziehen. <\/p>\n<p>Wenn die Farbe durchs t\u00e4gliche Vorhangauf- und -zuziehen wieder weggehen wird -> kauf ich mir dann halt ggf. mal eine aus Messing o.\u00e4. Gedacht hatte ich den Goldlack ja f\u00fcr die 3D-gedruckten Wandboxen mit den Trams drin. Nur mit der neuen Regalidee samt Buntglas als Verl\u00e4ngerung der Flurwand bin ich mir gar nicht mehr so sicher, ob ich die tats\u00e4chlich dann auch so lackieren und an die Wand h\u00e4ngen m\u00f6chte &#8211; oder die Trams ins zuk\u00fcnftige Mittelregal stelle &#8230;<\/p>\n<p>\u00dcberhaupt werd ich mit dem Wandbehang auf meinen n\u00e4chsten Besuch daheim warten &#8211; wird keine Zeit mehr sein und da muss erst noch die Frage der Tischstellung gekl\u00e4rt werden.<\/p>\n<p><strong>Mi, 28.6.2023<\/strong><\/p>\n<p>Wie schon gestern, auch heute nur 2 F\u00fcllungen verstrichen, als n\u00e4chstes muss ich abkleben und andere stellen freir\u00e4umen.<\/p>\n<p>Da mir nun eindeutig gr\u00fcne Farbe \u00fcbrig bleiben wird, werd ich auch die \u00e4rgsten fleckigeren Stellen nochmals \u00fcberstreichen. Sieht man nur immer von weiter weg besser als wenn man direkt davor steht ..<\/p>\n<p><a href='http:\/\/extra.inmontanis.info\/d\/99646-2\/DSC06109.jpg'><img src=http:\/\/extra.inmontanis.info\/d\/99645-3\/DSC06109.jpg \/><\/a><br \/>\n^ Die Decke wird aber auf Leiter und mit dem kleinen Roller doch etwas fleckiger. Dazu: Gold lackierte Vorhangstange<\/p>\n<p><strong>Do, 29.6.2023<\/strong><\/p>\n<p>Nach 3 &#8220;F\u00fcllungen&#8221; heute war bis auf den Abstellbereich (Decke) und den Fliesenlook-Bereich nun alles gr\u00fcn. Quasi ein kleines Etappenziel. Und ja, allein die dunkle Decke macht den dunklen K\u00fcchenbereich noch dunkler. Aber ging nicht anders. Die W\u00e4nde sollen ja (vorerst) wei\u00df bleiben.<\/p>\n<p>Wohnraumtemperatur \u00fcbrigens relativ konstant um die 20-21\u00b0, trotz und weil das Fenster tags\u00fcber meist offen ist, d.h. morgens kommt k\u00e4ltere, nachmittags w\u00e4rmere Luft rein. Wobei es derzeit selten \u00fcber 20\u00b0 drau\u00dfen hat.<\/p>\n<p>Noch bissl was braun lackiert, aber beim Fenster ist das tags\u00fcber sinnlos, weil man gar nix erkennen kann und sehen tut mans ja auch nicht und wenns drau\u00dfen dunkel ist und das Licht an ist, ist eh der Vorhang davor, also komplett egal, was da f\u00fcr eine Farbe drauf ist &#8211; au\u00dfer gl\u00e4nzende Goldfarbe, die w\u00fcrde man sehen &#8230;<\/p>\n<p><a href='http:\/\/extra.inmontanis.info\/d\/99650-2\/DSC06117.jpg'><img src=http:\/\/extra.inmontanis.info\/d\/99649-3\/DSC06117.jpg \/><\/a><br \/>\n^ yo, auch die alte Lampe hab ich etwas dreckig in Gold lackiert.<\/p>\n<p><a href='http:\/\/extra.inmontanis.info\/d\/99654-2\/DSC06126.jpg'><img src=http:\/\/extra.inmontanis.info\/d\/99653-3\/DSC06126.jpg \/><\/a><br \/>\n^ Wobei die gr\u00fcne Seite mit dem braunen Holz im Flur jetzt schon geil ausschaut<\/p>\n<p><a href='http:\/\/ski.inmontanis.info\/d\/320520-2\/DSC06129.jpg'><img src=http:\/\/ski.inmontanis.info\/d\/320519-3\/DSC06129.jpg \/><\/a><br \/>\n^ Nur ein winziger Schneerest ist noch vorhanden, der taute dann morgen weg.<\/p>\n<p>Mir ist am Hintertuxer bei einigen Skifahrern (Gruppen) ein starker Seifengeruch aufgefallen &#8211; ich denke, ich hab jetzt zuf\u00e4llig das selbe Spray mir von Amazon schicken lassen: Sagrotan Textilerfrischer. Zuletzt hatte ich ja, was ebenfalls einen recht starken Geruch hatte, Airwick Woolite, beim Action gekauft.<\/p>\n<p>Das Problem im Auto bei den starken Sprays ist, dass es mir ggf. abends vorm Schlafengehen in dem kleinen Raum zu stark ist, damit Kleidungsst\u00fccke einzuspr\u00fchen, mangels Alternativen hab ich dann aber doch das Airwick in letzter Zeit h\u00e4ufig, wenn auch nicht ausschlie\u00dflich, verwendet. Ob mir das Sagrotan da nun lieber ist, wird sich zeigen &#8230; Jedenfalls h\u00e4lt der Duft nochmals l\u00e4nger.<\/p>\n<p><strong>Fr, 30.6.2023<\/strong><\/p>\n<p>Flecken beim Streichen oder Lackieren k\u00f6nnen ja aus mehreren Gr\u00fcnden entstehen: Zu wenig Farbe auf der Rolle oder die Farbe haftet nicht am  Untergrund, egal wie oft man dr\u00fcberrollt. Da hat man dann auch oft beim zweiten Durchgang Pech. Zudem scheint meine Rolle schon ziemlich ausgenudelt zu sein, was ich gestern merkte, als ich f\u00fcr ein paar schmale St\u00fccke eine neue schmale Rolle verwendete.<\/p>\n<p>Die letzten L\u00fccken waren schnell gschlossen, aber das Nachbehandeln der Problemstellen .. schwierig .. sobald man auf der Leiter bzw. direkt davor steht &#8211; sieht man die Fleckenstellen nicht mehr. Teilweise hab ich dann mit verd\u00fcnnter Farbe einfach gr\u00f6\u00dfere Fl\u00e4chen gestrichen &#8211; geht auf der Wand aber einfacher als auf der Decke. Und es spritzt dann nat\u00fcrlich mehr. Ob das so was bringt? An der Wand scheint es schon zu sein, aber bei der Decke (auf der Leiter stehend) ist es problematischer.<\/p>\n<p>Mit der Post sollten heut die 3mm-B\u00e4nder kommen, dann kann ich morgen noch den Flur fertig machen. Postler kam aber nicht und Sendung war irgendwann auf &#8220;zugestellt&#8221; &#8211; keine Ahnung. Vielleicht im Briefkasten eingeschmissen? Da m\u00fcsst ich extra vorgehen oder vorfahren. Keine Lust.<\/p>\n<p>Bin doch noch vorgegangen. Bevor es morgen regnet.<\/p>\n<p>K\u00fcche mit Spiegel erhellen w\u00e4r sinnvoll, wie ich merkte, als ich den gro\u00dfen Spiegel von der Wand abnahm. Dann muss ich einen kleinen Schrank eben schr\u00e4ng stellen und auf dessen R\u00fcckseite den oder andere Spiegel montieren.<\/p>\n<p>Wo ich \u00fcberrascht und entt\u00e4uscht bin (weil es die zweitteuerste Farbe war): die gr\u00fcnen W\u00e4nde sind sehr empfindlich. Einmal mit den Fingern mit gering-mittlerem Druck dr\u00fcber erzeugt schon einen grauen Schleier. Das macht bei der urspr\u00fcnglichen wei\u00dfen Farbe (wird im Baumarkt ja gef\u00e4rbt) nat\u00fcrlich mehr Sinn und liegt vmtl. an den Kalkpartikeln in der Farbe? Somit jedenfalls sinnvoll, sie nicht auf der Hauptwand im Flur zu verwenden, wo ich regelm\u00e4\u00dfiger dran streife, wenn ich bepackt durch die T\u00fcr geh &#8230;<\/p>\n<p>\u00dcberhaupt ist die Wand sehr rau(h) im Vergleich zu meiner vorherigen wei\u00dfen Wand&#8230;<\/p>\n<p>Die Idee, die wei\u00dfen Pseudo-Fugen des Fliesenlooks abzukleben, hat auch einen Nachteil: Da unter der abgeklebten Stelle ja die wei\u00dfe Wand genauso wei\u00df bleiben soll, kann man nicht einfach dort, wo man die Fugen machen will, eine Bleistiftlinie ziehen. Vielleicht kann man mit einem wei\u00dfen Buntstift die Linien ziehen? Da sollte aus meiner Schulzeit noch irgendwo einer sein.<\/p>\n<p>Den hab ich zuf\u00e4lligerweise tats\u00e4chlich sofort im ersten Schub gefunden, aber selbst mit Stirnlampe sieht man den Strich kaum an der Wand. Alternativ Messer, aber auch das war kaum zu sehen. <\/p>\n<p>Puh, das Klebeband .. h\u00e4lt ja mal fast gar nicht. Ein paar Stellen l\u00f6sten sich schon innerhalb 2 Stunden, \u00fcber Nacht gab es noch die ein oder andere Lockerung aber der Rest hielt doch.<\/p>\n<p><a href='http:\/\/extra.inmontanis.info\/d\/99658-2\/DSC06133.jpg'><img src=http:\/\/extra.inmontanis.info\/d\/99657-3\/DSC06133.jpg \/><\/a><br \/>\n^ Waagrechte Klebestreifen f\u00fcr den Fliesenlook im Flur<\/p>\n<p><strong>Sa, 1.7.2023<\/strong><\/p>\n<p>&#8230; und zuf\u00e4lligerweise regnete es tats\u00e4chlich morgens\/vormittags stundenlang (hab da gestern ja gar nicht nachgeschaut).<\/p>\n<p>Die umgekehrte Alternative, erst alles in Gr\u00fcn und dann das wei\u00dfe Muster reinmalen, ist jedenfalls genauso schei\u00dfe, wei\u00df ich ja von den Badfliesen in Innsbruck damals, als ich die Fugen nachmalen musste, das war fast unm\u00f6glich, aber da gab es ja wenigstens die Vertiefungen.<\/p>\n<p>Klar, ich k\u00f6nnte mir auch einfach passende Fliesen f\u00fcr den Flur kaufen. Kostet aber halt auch ne Stange Geld und ist ja auch nicht so einfach zu verlegen dann.<\/p>\n<p><a href='http:\/\/extra.inmontanis.info\/d\/99662-2\/DSC06135.jpg'><img src=http:\/\/extra.inmontanis.info\/d\/99661-3\/DSC06135.jpg \/><\/a><br \/>\n^ &#8230; und auch senkrechte Klebestreifen (Vorteil: Schwerkraft) f\u00fcr den Fliesenlook im Flur. Quasi die Verl\u00e4ngerung der K\u00fcchenfliesen.<\/p>\n<p>Fraglich nun, welchen Lack ich nehm. Den universalen Hybrid-Acryl-Lack (der mal sicherlich widerstandsf\u00e4higer ist als die Dispersionsfarbe, seidenmatt) oder den Hochglanz-Fliesenlack und wenn Fliesenlack, dann mit oder ohne dem H\u00e4rter. Der ist ja vmtl nur deshalb n\u00f6tig auf Fliesen, damit der Lack besser h\u00e4lt und widerstandsf\u00e4higer ist. Kann aber auch sein, dass der ohne H\u00e4rter gar nicht vern\u00fcnftig h\u00e4lt?!<\/p>\n<p>Glanz f\u00e4nd ich bei dem Fliesenlook schon sch\u00f6ner&#8230;<\/p>\n<p>Hui, wird noch bl\u00f6der. Der H\u00e4rter von der Fliesenfarbe ist anscheinend in seiner Verpackung ausgeh\u00e4rtet :(<\/p>\n<p>Entweder ich tu dann etwas von dem H\u00e4rter vom Hornbach-2K-Fliesenlack rein, vielleicht ist der chemikalisch zuf\u00e4llig gleich, oder ich schau mal, was passiert, wenn ich den Lack so verstreich (wird vmtl. viel zu fl\u00fcssig sein) oder ich misch ihn mit dem gr\u00fcnen Hybridlack und schau was dann passiert ;)<\/p>\n<p>Lackierte Fliesen d\u00fcrfen bei mir ja gerne einen fleckigen Anschein haben, schaut ja dann nat\u00fcrlicher aus. Somit st\u00f6rt mich das auch beim gemalten Fliesen-Look nicht. Entschieden hab ich mich schlussendlich f\u00fcr die Mischvariante, ohne Anspruch auf genaues Mischverh\u00e4ltnis. Vom ungeh\u00e4rteten Glanzlack nahm ich etwas mehr.<\/p>\n<p><a href='http:\/\/extra.inmontanis.info\/d\/99666-2\/DSC06136.jpg'><img src=http:\/\/extra.inmontanis.info\/d\/99665-3\/DSC06136.jpg \/><\/a><br \/>\n^ &#8230; gr\u00fcn gestrichen &#8230;<\/p>\n<p>Beim Entfernen der Klebeb\u00e4nder riss ich an einigen Stellen den Lack mit ab. Entweder war die Farbe also noch zu nass oder schon zu trocken. Die Stellen f\u00fchlten sich auch an, als w\u00fcrde da ein Aufkleber (oder eine Milchhaut) auf der Wand sein. Man sollte sich ja immer nicht zu lang Zeit lassen beim Entfernen von solchen Krepp\/Klebeb\u00e4ndern, hei\u00dft es, aber zu fr\u00fch scheint es auch problematisch. Nach etwas Trocknen gings besser.<\/p>\n<p>Die kaputten Stellen muss ich dann halt mit dem Pinsel etwas nachlackieren.<\/p>\n<p>Davon abegsehn fand ich den Look aber schon geil und es passt hervorragend zu den schon vor einiger Zeit lackierten K\u00fcchenfliesen &#8211; damals m\u00fcsste ja der H\u00e4rter vom Fliesenlack noch fl\u00fcssig gewesen sein&#8230; Warum ist mir das nicht schon fr\u00fcher eingefallen, die Wand so zu machen? Klar, weil ich mich nicht entscheiden konnte, wieviel Gr\u00fcn ich auf den Badfliesen verwenden will..<\/p>\n<p><a href='http:\/\/extra.inmontanis.info\/d\/99670-2\/DSC06138.jpg'><img src=http:\/\/extra.inmontanis.info\/d\/99669-3\/DSC06138.jpg \/><\/a><br \/>\n^ ..und die Klebestreifen entfernt, fertig ist der gemalte Fliesenlook, die Seite links der T\u00fcr folgt morgen.<\/p>\n<p>.. aber eine gr\u00f6\u00dfere Wand so zu machen, puh.. das Kleben des Rasters ist schon schwierig und man darf da auch keine 100% geraden Linien erwarten &#8230;<\/p>\n<p>Was vielleicht funktionieren k\u00f6nnte, sich ein Brett zu basteln, einen wei\u00dfen Lackstift zu befestigen und eine Wasserwaage auf das Brett legen und so zu versuchen, eine gerade wei\u00dfe &#8220;Fugen-Linie&#8221; \u00fcber die zuvor gestrichene Wand zu malen?<\/p>\n<p>Der T\u00fcrstock (bzw. beide) soll ja voraussichtlich wei\u00df werden, daf\u00fcr werd ich den kleinen restlichen wei\u00dfen Fliesenlack unverd\u00fcnnt nehmen, weil sonst nix da. Den wei\u00dfen 2K-Fliesenlack hab ich ja schon lang da, eine aufgebrochene Dose noch von Innsbruck und eine unge\u00f6ffnete, die ich mir vor oder beim Umzug noch in Innsbruck gekauft hab (ident, beide Hornbach), die Badfliesen werd ich aber wohl auf n\u00e4chstes Jahr verschieben.<\/p>\n<p>Das innenliegende Mauerwerk am Fenster (und somit auch ober der T\u00fcr) lass ich vorerst wei\u00df und da mir der Unterschied zwischen Braun und Gr\u00fcn an den Fenstern echt nicht auff\u00e4llt (beides gleich dunkel bei Tag), lass ich das nun so gemischt braun-gr\u00fcn&#8230;<\/p>\n<p>Schalter \/ Steckdosen wollte ich auch schon ewig mal austauschen, konnte mich aber auch noch nicht f\u00fcr ein Produkt\/Design entscheiden und\/oder wollte kein Geld daf\u00fcr ausgeben.<\/p>\n<p>Danach ging ich noch ein paar fleckige Stellen an Wand und Decke durch bzw. strich gr\u00f6\u00dfere Teile der Decke nochmals mit etwas Wasser verd\u00fcnnt, um besser sehen zu k\u00f6nnen, wo ich gerade war und wo nicht. Was jetzt noch fleckig ist, bleibt eben fleckig &#8211; \u00e4h &#8211; im Smaragdlook ;) &#8211; nach einer Woche reicht&#8217;s jetzt auch mal.<\/p>\n<p>Den gro\u00dfen 10l-Eimer sch\u00fcttete ich auch um in einen kleineren, anderen (ehemals wei\u00df, zuvor also noch etwas ges\u00e4ubert) und \u00fcberraschenderweise wurde der 5l-Eimer fast voll. Ich war also mal wieder viel zu sparsam und h\u00e4tte mit dem elektrischen Farbrollsystem doch verschwenderischer (und einfacher) vorgehen k\u00f6nnen.<\/p>\n<p><a href='http:\/\/extra.inmontanis.info\/d\/99678-2\/DSC06139.jpg'><img src=http:\/\/extra.inmontanis.info\/d\/99677-3\/DSC06139.jpg \/><\/a><br \/>\n^ Die Wand ist mit dem 2. (schnellen, fl\u00fcssigeren) Streichen nun weniger fleckig (au\u00dfer unterhalb der Infrarotheizung, aber da kommt ja eh einer der Tische hin.)<\/p>\n<p><a href='http:\/\/extra.inmontanis.info\/d\/99682-2\/DSC06141.jpg'><img src=http:\/\/extra.inmontanis.info\/d\/99681-3\/DSC06141.jpg \/><\/a><br \/>\n^ Die Decke ist etwas streifiger, aber wann schaut man da schon rauf &#8211; und bei Tageslicht ist eh alles so dunkel, dass die Decke ein schwarzes nach oben hin offenes Loch ist ;)<\/p>\n<p><a href='http:\/\/extra.inmontanis.info\/d\/99686-2\/DSC06142.jpg'><img src=http:\/\/extra.inmontanis.info\/d\/99685-3\/DSC06142.jpg \/><\/a><br \/>\n^ .. die W\u00e4nde bleiben also auch vorerst Wei\u00df.<\/p>\n<p>Kurioserweise gibts ja in fast jeder Serie, die ich momentan schau, Zimmer mit dunkelgr\u00fcnen W\u00e4nden. Wobei einige tats\u00e4chlich gar nicht so dunkel sind, wenn das Licht mal hinleuchtet, d.h. wirken nur durch geringeres Licht dunkelgr\u00fcn.<\/p>\n<p>Was meine zuk\u00fcnftige Beleuchtung angeht &#8211; es muss jedenfalls ein Ambientelicht sein, darf nicht zu nah an den W\u00e4nden sein aber auch nicht zu weit weg und Wandlampen sind ja vmtl. auch eher blendend dann; d.h. vielleicht antike goldfarbene Kerzenhalter, wenn sie mir irgendwo mal \u00fcber den Weg laufen, als Dekoration und wohl doch so eine dimmbare Kugel-Lichterkette an die Decke genagelt und vielleicht 10cm von der Wand weg. Warmwei\u00df oder bunt wei\u00df ich noch nicht.<\/p>\n<p>Nachteilig an nur einer langen Lichterkette ist, dass eben immer die ganze an oder aus ist. Wenn dann ein St\u00fcck im Monitor spiegelt, werd ich sie komplett ausschalten. Das w\u00e4r wiederum der Vorteil an einzelnen Wandlampen, die man einzeln ein\/ausschalten k\u00f6nnte. Und so wie die Lampe \u00fcbern Bett spiegelt, muss ich davon ausgehen, dass sich dort jedwege Lampe im Monitor spiegeln w\u00fcrde, selbst an der Decke, sp\u00e4testens dann weiter weg ..<\/p>\n<p>Normalerweise hab ich, wenn ich am PC sitz, in der Dunkelheit kein Hauptlicht an, Monitor ist ja hell genug, maximal wenig helle Lampen oder LED-Lichterketten\/leisten weiter weg, die dann nicht im Monitor spiegeln.<\/p>\n<p>Zur Feier des Tages gab es dann als zweiten Mittags-Snack den halben Long-Texas-BBQ-Bacon-Burger (oder so), den ich bei der Herfahrt im BK mitgenommen und zwischenzeitlich eingefroren hatte.<\/p>\n<p><a href='http:\/\/extra.inmontanis.info\/d\/99690-2\/DSC06143.jpg'><img src=http:\/\/extra.inmontanis.info\/d\/99689-3\/DSC06143.jpg \/><\/a><br \/>\n^ Diese bl\u00f6de d\u00fcnne einseitig wei\u00dfe Sperrholzpapierkartonwand  &#8230; die war ja zusammen mit einem schm\u00e4leren Teil hinter den Schrank genagelt als Sichtschutz zum Schlafbereich. Den kleinen Teil hatte ich ja f\u00fcr das eine schwabbelige Regal genommen.<\/p>\n<p>Was ich mit dem gro\u00dfen Teil mach, ist die gro\u00dfe Frage. Brauch ich das mal als Raumtrenner oder als Grundlage f\u00fcr Faltt\u00fcren oder oder oder oder und eben daher will ich es nicht einfach irgendwie irgendwo zers\u00e4gen, um es besser verstauen zu k\u00f6nnen. Jetzt mit den gr\u00fcnen W\u00e4nden will ich das Teil aber auch nirgends an eine Wand mehr anlehnen. Hinter den Schrank bekomm ich es nicht. Bleibt also nur, es derweil irgendwo auf den Boden zu legen &#8230; <\/p>\n<p><a href='http:\/\/extra.inmontanis.info\/d\/99694-3\/DSC06140.jpg'><img src=http:\/\/extra.inmontanis.info\/d\/99693-4\/DSC06140.jpg \/><\/a><br \/>\n^ Diese Wand bleibt ja wei\u00df, weil da die Videoprojektion hinkommt.<\/p>\n<p>Nachdem ich im Grafikprogramm die Bord\u00fcren und Eckenvarianten etwas durchgespielt hatte .. das mit der blauen is eher nix. Liegt vielleicht auch daran, dass ich den wei\u00dfen Teil zwischen Gr\u00fcn und Blau ja nicht im Fliesenlook machen kann (wei\u00dfe Fliesen, wei\u00dfe Fugen, bei echten Fliesen sieht man dann die Fugen, aber nicht an der Wand). Andererseits hab ich ja noch die zweite T\u00fcr und \u00fcber der ist ja schon gr\u00fcn &#8230;<\/p>\n<p><a href='http:\/\/extra.inmontanis.info\/d\/99674-2\/DSC06145b1.jpg'><img src=http:\/\/extra.inmontanis.info\/d\/99673-3\/DSC06145b1.jpg \/><\/a><br \/>\n^ Testweise Visualisierung, irgendwie gef\u00e4llt mir das mit der blauen Bord\u00fcre doch nicht, obwohl im Bad in Innsbruck fand ich das schon sehr geil.<\/p>\n<p>Alternative w\u00e4r dann, gr\u00fcne Pseudo-Fliesen \u00fcber die T\u00fcrrahmen zu ziehen. Oder einfach den oberen Teil komplett wei\u00df lassen .. (und die blaue Bord\u00fcre dann im Badezimmer)<\/p>\n<p>.. allerdings ist der blaue Fliesenlack ja fast leer, da kann ich nicht mehr viel Blau machen. Da werd ich vielleicht nicht mal eine halbe Fliesenh\u00f6he durch das ganzen Badezimmer schaffen..<\/p>\n<p>Sp\u00e4testens in 1 Woche will ich ja wieder nach Hintertux fahren &#8211; da l\u00e4uft meine 2-Monats-Vignette ab und das w\u00fcrd ich noch gern etwas ausn\u00fctzen. Wobei ich bis Hintertux ja kaum Autobahn fahre, das l\u00e4ngste St\u00fcck ist dann von W\u00f6rgl bis Zillertal, das w\u00e4re sonst ja auch nicht weit. Wetterm\u00e4\u00dfig wird n\u00e4chste Woche mal jeden Nachmittag Regen gemeldet.<\/p>\n<p><a href='http:\/\/extra.inmontanis.info\/d\/99698-3\/DSC06149.jpg'><img src=http:\/\/extra.inmontanis.info\/d\/99697-4\/DSC06149.jpg \/><\/a><br \/>\n^ Die dunklen Seitenw\u00e4nde vermindern Streulicht\/Spiegelungen und sind beim Videoschauen also sehr positiv. (Bild-\/Raumbreite ca. 210-220cm)<\/p>\n<p><strong>So, 2.7.2023<\/strong><\/p>\n<p><a href='http:\/\/extra.inmontanis.info\/d\/99702-3\/DSC06162.jpg'><img src=http:\/\/extra.inmontanis.info\/d\/99701-4\/DSC06162.jpg \/><\/a><br \/>\n^ Flur, also wenn ich die Seite so anschau, h\u00e4tte ich vielleicht die Gegenseite doch auch komplett Gr\u00fcn machen sollen, schaut schon geil aus. (Die &#8220;Flecken&#8221; an der Wand kommen von der bunten Lampe.)<\/p>\n<p><a href='http:\/\/extra.inmontanis.info\/d\/99706-3\/DSC06165.jpg'><img src=http:\/\/extra.inmontanis.info\/d\/99705-4\/DSC06165.jpg \/><\/a><br \/>\n^ .. aber jetzt mach ich den Fliesenlook weiter.<\/p>\n<p>Die vertikalen langen Streifen sind wegen Schwerkraft (und weil k\u00fcrzer) einfacher, aber trotzdem ca. 3h gebraucht f\u00fcr die heutige Beklebung.<\/p>\n<p>Beim finalen Abnippeln der Klebeb\u00e4nder hab ich gemerkt, dass dort, wo ich heute angefangen hab (am T\u00fcrbogen), die B\u00e4nder viel sch\u00f6ner runtergingen als gestern. Also lie\u00df ich das gro\u00dfe Feld noch etwas l\u00e4nger trocknen.<\/p>\n<p>Das funktionierte, aber leider war ich an der anderen T\u00fcr doch zu fr\u00fch, riss wieder ein St\u00fcck &#8220;Fliese&#8221; ab, das ich morgen nochmals ausbessern muss und wartete beim restlichen Entfernen auch noch ab.<\/p>\n<p><a href='http:\/\/extra.inmontanis.info\/d\/99710-3\/DSC06170.jpg'><img src=http:\/\/extra.inmontanis.info\/d\/99709-4\/DSC06170.jpg \/><\/a><br \/>\n^ Die Pseudofliesen gl\u00e4nzen auch fast wie echte Fliesen<\/p>\n<p><a href='http:\/\/extra.inmontanis.info\/d\/99714-3\/DSC06175.jpg'><img src=http:\/\/extra.inmontanis.info\/d\/99713-4\/DSC06175.jpg \/><\/a><br \/>\n^ .. und fertig. Schon auch geil, der Fliesenlook jetzt.<\/p>\n<p><a href='http:\/\/extra.inmontanis.info\/d\/99718-3\/DSC06182.jpg'><img src=http:\/\/extra.inmontanis.info\/d\/99717-4\/DSC06182.jpg \/><\/a><br \/>\n^ .. bis auf den Teil, den hab ich, weil zu schmal, mit Pinsel statt Roller gef\u00e4rbt und weil gegen\u00fcber Fenster, h\u00e4tte da die matte Wandfarbe besser gepasst.<\/p>\n<p><a href='http:\/\/extra.inmontanis.info\/d\/99722-3\/DSC06185.jpg'><img src=http:\/\/extra.inmontanis.info\/d\/99721-4\/DSC06185.jpg \/><\/a><br \/>\n^ Hier st\u00f6rt der fleckige Anstrich \u00fcberhaupt nicht, eher im Gegenteil, find ich fleckige Fliesen sch\u00f6ner, zumindest beim Nostalgisch-Gr\u00fcn. Au\u00dferdem f\u00e4llt das in Natur gar nicht so stark auf.<\/p>\n<p><a href='http:\/\/extra.inmontanis.info\/d\/99726-3\/DSC06186.jpg'><img src=http:\/\/extra.inmontanis.info\/d\/99725-4\/DSC06186.jpg \/><\/a><br \/>\n^ Auch an der Wand und Decke fallen die Flecken kaum auf. Und die Wand wird ja auch noch dekoriert.<\/p>\n<p>Eigentlich bin ich bei den n\u00e4chsten Aufenthalten von Mal zu Mal ein paar Tage l\u00e4nger hier, da brauch ich ja auch eine Besch\u00e4ftigung&#8230; werde also eine Baustelle hinterlassen  &#8230;<\/p>\n<p><strong>Mo, 3.7.2023<\/strong><\/p>\n<p>\u00dcber die Position der Haust\u00fcr-Gegensprechanlage muss ich mich ja leider \u00f6fters aufregen, weil die direkt im T\u00fcrbereich ist und zwar im Zweifelsfall an der engsten Stelle (weil ich auf der Gegenseitenwand ja Werkzeug und Kabel lagere) und ich, wenn ich vollbepackt bin, oftmals gegen den H\u00f6hrer sto\u00dfe und er runterf\u00e4llt.<\/p>\n<p>Da w\u00fcrd ich also gern probieren, ob es was bringt, wenn ich das Teil etws versetzter montieren w\u00fcrde, ohne gleich alle 6 Kabel verl\u00e4ngern zu m\u00fcssen..<\/p>\n<p>.. die 5cm Versatz schienen mir aber nicht so bedeutsam bzw. h\u00e4tte ich auch nicht entscheiden k\u00f6nnen, in welcher Richtung das besser ist. Grundlegend hab ich das Regal hinter der T\u00fcr ja schon etwas adaptiert nach dem Streichen, so dass die T\u00fcr nun wieder etwas weiter aufgeht. Ansonsten k\u00f6nnt ich ja den H\u00f6rer auch noch irgendwie fester machen (Schnalle o.\u00e4.) damit er nicht bei jedem Anstuppsen runterf\u00e4llt. Also wieder die selben L\u00f6cher verwendet und anmontiert.<\/p>\n<p><a href='http:\/\/extra.inmontanis.info\/d\/99730-3\/DSC06191.jpg'><img src=http:\/\/extra.inmontanis.info\/d\/99729-4\/DSC06191.jpg \/><\/a><br \/>\n^ Noch ein paar kleine Verbesserungen (unten rechts der Eckbereich, die Lichtschalter, die Gegensprechanlage..)<\/p>\n<p>Drau\u00dfen heut wieder ein eher regnerischer Tag bei ca. 15\u00b0 lt. Fensterau\u00dfenthermometer. (Ja, die Skier sind im Haus und nicht die ganze Zeit am Dach.)<\/p>\n<p>Hab mir mal die Webcams aus Les 2 Alpes angesehen, da gibts ja tats\u00e4chlich einige \u00c4nderungen beim Sommerskifahren &#8211; nicht nur, weil sie ja jetzt im Mai\/Juni offen hatten, aber schwerpunktm\u00e4\u00dfig f\u00fcr Renngruppen, und auch die 4KSB nicht mehr l\u00e4uft &#8211; so ist z.B. der ja gar nicht so alte Verbindungslift in beiden Richtungen zum obersten D\u00f4me-Lift nicht mehr vorhanden und selbiger zumindest heute auch gar nicht offen gewesen (gestern wohl schon); der sonst komplette riesige Funparkbereich ist nicht mehr oder nicht mehr zu sehen auf den Webcams. Bis 9.7. wollen die nur noch offen haben?? Daf\u00fcr anscheinend sehr wenig los dieses WE trotz Sonne. Auch in Tignes nix los, die wollen noch bis 23.7. offen bleiben. Dagegen am Stelvio viel voller.<\/p>\n<p>Anscheinend hat die eigene Anti-Werbung der franz\u00f6sischen Sommerskigebiete gegen Sommerski Erfolg gezeigt und die Franzosen haben heuer keine Lust mehr auf Sommerski?! Naja, vielleicht fangen die Ferien erst diese Woche so richtig an..<\/p>\n<p>.. irgendwann werd ich da in den n\u00e4chsten Sommern doch nochmals vorbei fahren m\u00fcssen um die aktuellen Ver\u00e4nderungen zu dokumentieren, f\u00fcrchte ich &#8230; aber aktuell h\u00e4tte ich absolut keine Lust auf den nervigen Weg dort hin, egal wie.<\/p>\n<p>Ein Skigebiet diesen Winter, das ja so gar nicht auf dem Plan stand, war La Sambuy. Das mit den krass steilen schwarzen Abfahrten. Wie sich heute zuf\u00e4llig herausgestellt hat, war das eine gute Entscheidung, dass ich dort heuer war: Denn genau das Skigebiet soll nun aufgelassen werden:<br \/>\n<a href='https:\/\/alpinemag.fr\/la-sambuy-mort-dune-station-de-ski\/'>https:\/\/alpinemag.fr\/la-sambuy-mort-dune-station-de-ski\/<\/a><\/p>\n<p>Krass: Man wei\u00df ja, dass sie teuer sind, aber Tageskarten in den USA kosten mittlerweile teilweise \u00fcber 200,- \u20ac &#8230;<\/p>\n<p>Die Skisaison in Stryn Sommerski (Norwegen) war auch wieder sehr kurz heuer: 27.5.-19.6. Den Rest des Jahres steht die DSB dort oben still. Daf\u00fcr letztes Jahr wohl mindestens bis Mitte Juli offen gewesen. Vielleicht schau ich ja n\u00e4chsten Sommer mal wieder vorbei, wenn ich im Winter in Skandinavien bin..<\/p>\n<p><em>Voraussichtlich werde ich ab Freitag wieder in Hintertux sein und ca. 10-14 Tage bleiben. Ob ich in der Zeit einen Bericht schreibe, wei\u00df ich nicht, kommt auf die Dringlichkeit der Bilder an, vmtl. werd ich aus Stromspargr\u00fcnden darauf verzichten und also erst in ca. 2-3 Wochen von daheim berichten.<\/em><\/p>\n","protected":false},"excerpt":{"rendered":"<p>Vorweg: Hatte ganz vergessen, Fahrstrecke &#038; POIs der Frankreich-Italien-Reise Ende April (und \u00fcberhaupt seit Anfang M\u00e4rz) zu machen &#8211; dann also jetzt:<\/p>\n<p> ^ Blau: 7.3.-20.4., ca.2.500km Magenta: 22.4.-3.5., ca. 2.300km Gr\u00fcn: 8.5.-7.6., ca. 1.000km<\/p>\n<p>Blau: 7.3.-20.4.2023 A) Koralpe B) Weinebene C) Klippitzt\u00f6rl D) Petzen E) Bodental F) Flattnitz G) Hochrindl H) Turracher H\u00f6he I) <a href=\"http:\/\/blog.inmontanis.info\/?p=8852\">[&#8230;]<\/a><\/p>\n","protected":false},"author":1,"featured_media":8854,"comment_status":"closed","ping_status":"closed","sticky":false,"template":"","format":"standard","meta":{"footnotes":""},"categories":[8],"tags":[],"class_list":["post-8852","post","type-post","status-publish","format-standard","has-post-thumbnail","hentry","category-private","odd"],"_links":{"self":[{"href":"http:\/\/blog.inmontanis.info\/index.php?rest_route=\/wp\/v2\/posts\/8852","targetHints":{"allow":["GET"]}}],"collection":[{"href":"http:\/\/blog.inmontanis.info\/index.php?rest_route=\/wp\/v2\/posts"}],"about":[{"href":"http:\/\/blog.inmontanis.info\/index.php?rest_route=\/wp\/v2\/types\/post"}],"author":[{"embeddable":true,"href":"http:\/\/blog.inmontanis.info\/index.php?rest_route=\/wp\/v2\/users\/1"}],"replies":[{"embeddable":true,"href":"http:\/\/blog.inmontanis.info\/index.php?rest_route=%2Fwp%2Fv2%2Fcomments&post=8852"}],"version-history":[{"count":2,"href":"http:\/\/blog.inmontanis.info\/index.php?rest_route=\/wp\/v2\/posts\/8852\/revisions"}],"predecessor-version":[{"id":8855,"href":"http:\/\/blog.inmontanis.info\/index.php?rest_route=\/wp\/v2\/posts\/8852\/revisions\/8855"}],"wp:featuredmedia":[{"embeddable":true,"href":"http:\/\/blog.inmontanis.info\/index.php?rest_route=\/wp\/v2\/media\/8854"}],"wp:attachment":[{"href":"http:\/\/blog.inmontanis.info\/index.php?rest_route=%2Fwp%2Fv2%2Fmedia&parent=8852"}],"wp:term":[{"taxonomy":"category","embeddable":true,"href":"http:\/\/blog.inmontanis.info\/index.php?rest_route=%2Fwp%2Fv2%2Fcategories&post=8852"},{"taxonomy":"post_tag","embeddable":true,"href":"http:\/\/blog.inmontanis.info\/index.php?rest_route=%2Fwp%2Fv2%2Ftags&post=8852"}],"curies":[{"name":"wp","href":"https:\/\/api.w.org\/{rel}","templated":true}]}}