{"id":8840,"date":"2023-06-18T14:46:13","date_gmt":"2023-06-18T12:46:13","guid":{"rendered":"http:\/\/blog.inmontanis.info\/?p=8840"},"modified":"2023-07-01T20:57:36","modified_gmt":"2023-07-01T18:57:36","slug":"hintertuxer-gletscher-11-18-6-2023-paar-andere-perspektiven","status":"publish","type":"post","link":"http:\/\/blog.inmontanis.info\/?p=8840","title":{"rendered":"Hintertuxer Gletscher, 11.-18.6.2023 &#8212; paar andere Perspektiven"},"content":{"rendered":"<p><strong>So, 11.6.2023<\/strong><\/p>\n<p>Gestern Abend Regen, heute Morgen bedeckt und tiefe Wolken bis fast Sommerbergalm runter &#8211; so viel mal wieder zu den auf Bergfex gemeldeten wolkenlosen Sonnentagen, jedenfalls muss man da heute nicht viel erwarten.<\/p>\n<p>Die n\u00e4chsten Tage ist wieder etwas mehr Sonne gemeldet, aber am Ende der Woche wieder mehrere Tage regnerisch mit Schnee oben. Ob ich da dann noch hier bleiben will oder schon am Freitag statt wie geplant Sonntag abreise?<\/p>\n<p>Leider wachte ich wieder vor 7 Uhr auf, vmtl. weil ich aufs Klo gehen musste und konnte wohl nicht mehr richtig einschlafen bis der Wecker um 8 Uhr schellte. Danach ging es zum Klo, wo die Horde um 8:15 noch im kompletten Viehgatterbereich anstand, aber als ich wieder vom Klo kam, waren au\u00dfen alle weg (innen nat\u00fcrlich noch nicht). Ich schaute kurz ins &#8220;Kaufh\u00e4usl&#8221;, die auch ein paar Lebensmittel haben, aber wirklich nur recht wenig, wobei sogar ein K\u00fchlregal (Milch&#038;Co, Getr\u00e4nke, Fleischsalat und auch Wurst und K\u00e4sepackungen, die man sich also mal f\u00fcr ein Abendessen kaufen k\u00f6nnte). Laut Schild gibts Wurst-K\u00e4se-Semmel, Preis stand keiner dabei. Die Ketchupflasche und der Grilltoaster deutete auf vielleicht Fleischk\u00e4ssemel oder warme Toasts\/Panini hin, ich sah aber nichts dergleichen. S\u00fc\u00dfes Geb\u00e4ck gabs auch nicht oder zumindest nicht heute fruh, da h\u00e4tte ich sonst was mitgenommen. Semmeln hab ich ja noch.<\/p>\n<p>Die DSB war heute wieder au\u00dfer Betrieb. H\u00e4tte sich wohl auch nicht gelohnt. Naja, das tut sie im Sommer wohl eh nicht. Der Schnee war aber doch besser als erwartet, aber nach 2x TFH und 2x Olperer legte ich eine Pause am TFH ein um mich aufzuw\u00e4rmen &#8211; der Wind war kalt.<\/p>\n<p>Zu Mittag mal etwas Sonne, dann wieder Nebel. Hab wieder kurz nach 13 Uhr aufgeh\u00f6rt.<\/p>\n<p>Nachmittags war ich dann nochmals im &#8220;Kaufh\u00e4usl&#8221; und hab eine kleine Preisliste gesehen, demnach Semmel 0,45 \u20ac, was ja Supermarkt-Normalpreis w\u00e4r, aber dann kann man wohl auch mal Wurstsemmeln mitnehmen oder Brezen oder Laugenstangen hier kaufen und muss nicht das alte (g\u00fcnstigere) Zeug tagelang vom Disconter essen. Die Fleece-Pantoffeln gibts auch noch, die ich mir vor Jahren mal kaufte und mittlerweile etwas zerfallen sind und weil sich auch mein anderes paar Hausschuhe aufl\u00f6st, sollte ich ggf. welche mitnehmen, da sie nur 12,- \u20ac kosten. G\u00fcnstige Hintertux-T-Shirts um etwas \u00fcber 10 \u20ac brauch ich aber nicht, solcherlei Bekleidungssachen hab ich ja mehr als genug.  <\/p>\n<p>Im Camperbereich am anderen Parkplatz ist es, wie erwartet, auch leerer geworden. Vor 16h kamen wieder ein paar Regentropfen, schnell die Hose vom Au\u00dfentrocknen wieder rein. Wegen der restlichen Trockenthematik ist es jedenfalls tats\u00e4chlich sinnvoll, zwei paar Skischuhe, Skisocken und Handschuhe jetzt im Sommer zu haben, damit ein Paar jeweils einen ganzen Tag trocknen kann. Bei den Skischuhen mach ich&#8217;s so, dass ich nachmittags in die aktuell getragenen Skischuhe Papier reinsteck (die St\u00fccke Endlos-Handtrockenpapier, die ich mir letztes Fr\u00fchjahr in einem Skigebiet vom WC mitgenommen hab), am n\u00e4chsten Morgen kommt das raus und beides, Skischuhe und Papier, hinter die Windschutzscheibe zum trocknen, w\u00e4hrend ich dann die anderen Skischuhe anziehe.<\/p>\n<p><strong>Mo, 12.6.2023<\/strong><\/p>\n<p>Hatte heute Gl\u00fcck: GB2 au\u00dfer Betrieb und 4EUB in Betrieb, yeah ;) Im Tuxertal gibt&#8217;s ja noch satte 3 4er Gondeln, denn auch die beiden Eggalm und Rastkogel sind ja nach wie vor in Betrieb. Aber bei meiner K\u00e4rnten\/Osttirol-Saisonkarte konnte ich mich ja heuer auch nicht \u00fcber zu wenig 4er Gondeln beschweren.<\/p>\n<p>Besseres Wetter, besserer Schnee, weniger los als gestern. Heut waren nach 12 Uhr die Trainingsbereiche noch besser zu fahren. Und ich bin ja dann um oder kurz vor 12 Uhr oben am Gipfel. Da kann man 1-1,5h noch oft genug die SL fahren, danach TFH-Abfahrt, Klo, nochmals rauf und noch ein paar mal GW (aktuell SL oder sonst eben DSB) und noch eine zweite TFH-Abfahrt und dann vor oder nach 15 Uhr wieder runter. Absolut ausreichend f\u00fcr einen Skitag nach der Arbeit. <\/p>\n<p><a href='http:\/\/ski.inmontanis.info\/d\/320260-2\/DSC05932_001.jpg'><img src=http:\/\/ski.inmontanis.info\/d\/320259-3\/DSC05932_001.jpg \/><\/a><br \/>\n^ Sch\u00f6n: zuf\u00e4llig diese Woche Revision am GB2 und somit die 4EUB in Betrieb<\/p>\n<p><a href='http:\/\/ski.inmontanis.info\/d\/320264-2\/DSC05933_001.jpg'><img src=http:\/\/ski.inmontanis.info\/d\/320263-3\/DSC05933_001.jpg \/><\/a><br \/>\n^ 4EUB\/GB2<\/p>\n<p><a href='http:\/\/ski.inmontanis.info\/d\/320268-2\/DSC05936.jpg'><img src=http:\/\/ski.inmontanis.info\/d\/320267-3\/DSC05936.jpg \/><\/a><br \/>\n^ Bauarbeiten am rechten Kaserer-SL, evtl. wird die bergseitige Umlenkstation versetzt?<\/p>\n<p>Nachmittags hatte es den Anschein, als w\u00e4ren wieder ein paar mehr Camper angekommen, t\u00e4uschte aber doch, wie ich sp\u00e4ter bemerkte. Ich wollte mich also wieder auf den Hauptparkplatz stellen (weil n\u00e4her zur Gondel, insb. dann bei Regen wichtig) und fuhr noch kurz vor in den Hauptort, wo es auch einen Minimarkt gibt, um zu sehen, was die so haben und verlangen. Entgegen den \u00d6ffnungszeiten auf Gmaps hatte der aber geschlossen. Dann bleib ich also in Hintertux am Parkplatz stehen und kauf im Kaufh\u00e4usl ein.<\/p>\n<p>Die gek\u00fchlte Wurst ist leider nur die teure H\u00f6rtnaglwurst (120g Extra 2,39, ich nahm die Pikant\/Paprikawurst um 2,70), 1,5l Mineralwasserflasche die g\u00fcnstigste 1,20 plus 2 Semmeln machte also 4,80 \u20ac. Bek\u00e4me man sicher im Spar in Lanersbach g\u00fcnstiger, aber muss man halt extra runterfahren. Also gibt&#8217;s heut Abend mal zwei Wurstsemmeln. Macht dann 3,60 f\u00fcr&#8217;s Abendessen, geht ja auch noch ;) Machte auch satter als die Lachs-Fisch-Dose mit 1 Semmel gestern. Morgen muss ich dann aber die letzten von meinen &#8220;alten&#8221; Sachen essen.<\/p>\n<p>Oweh: es kratzt mal wieder im Hals. Noch das Ende der letzten Erk\u00e4ltung? Wobei ich einige Tage beschwerdefrei war. Und jetzt kommt schon wieder die n\u00e4chste??? <\/p>\n<p><strong>Di, 13.6.2023<\/strong><\/p>\n<p>Mir ist heute ein sch\u00f6nes Wort zum aktuellen Zustand bei uns in den &#8220;EUSA&#8221; (European Union States of America) eingefallen: Es herrscht eine <strong>zukunftsfeindliche<\/strong> Politik. Nat\u00fcrlich sp\u00e4testens seit den Corona-Ma\u00dfnahmen, aber auch diese ganzen Klimathemen hinsichtlich Autos, etc. &#8211; kannst ja heutzutage nix mehr planen. Doppelter Benzin-\/Dieselpreis ab n\u00e4chstes Jahr oder gleich ganzes Verbot, dopplter Strompreis n\u00e4chstes Jahr, W\u00e4rmepumpenheizung heut super morgen vielleicht auch wieder verboten, weil ja Strom eingespart werden soll, wiedermal irgendeine P(l)andemie oder neue Sanktionen gegen diverse L\u00e4nder, wei\u00dft ja nicht, was den Politikern da momentan noch alles f\u00fcr einen Bl\u00f6dsinn einfallen wird. Wie schon bei Corona festgestellt: Es wird immer noch bescheuerter und schlechter als man es vor 2 Wochen noch gedacht hat.<\/p>\n<p>Auch heute wieder die 4EUB in Betrieb, sch\u00f6n, dass ich mir da zuf\u00e4lligerweise die richtige Woche ausgew\u00e4hlt hab. <\/p>\n<p>Hab mal nachgefragt beim Liftler, an den beiden neuen Mattenfeldern nahe der GW-SL sollen laut ihm tatsachlich Felsen rauskommen :(<\/p>\n<p>Bin heute nur 2x Olperer gefahren, weil es offpiste an der GW schnee- und wetterm\u00e4\u00dfig endlich gute Verh\u00e4ltnisse gab, kompakt und leicht aufgesulzt, sonnig und Allmountains heute dabei. Daher etliche Male dort gefahren.<\/p>\n<p>DSB lief heut auch wieder, kurioserweise aber nachmittags auch der GW-SL, also beides, was im Sommer ja eigentlich sonst nicht vorkommt. Daher nicht die \u00fcbliche TFH-Abfahrt um 1315\/1330 genommen, sondern abwechselnd SL und DSB und weihte meine altbekannte &#8220;PiSte&#8221; (Pinkelstelle) ein ;)<\/p>\n<p>Somit etwas l\u00e4nger geblieben als die letzten Tage und erst um ca. 15h die erste und einzige TFH-Abfahrt heute gemacht.<\/p>\n<p><a href='http:\/\/ski.inmontanis.info\/d\/320272-2\/DSC05941.jpg'><img src=http:\/\/ski.inmontanis.info\/d\/320271-3\/DSC05941.jpg \/><\/a><br \/>\n^ Depotarbeiten und vmtl. baldige Vermattung an den Kaserer-SL<\/p>\n<p><a href='http:\/\/ski.inmontanis.info\/d\/320276-2\/DSC05943_001.jpg'><img src=http:\/\/ski.inmontanis.info\/d\/320275-3\/DSC05943_001.jpg \/><\/a><br \/>\n^ TFH-Hang, links der Abfahrt derzeit kaum gute Verh\u00e4ltnisse, der Raupenweg selten gegl\u00e4ttet, offpiste noch zu weich<\/p>\n<p><a href='http:\/\/ski.inmontanis.info\/d\/320280-2\/DSC05946_001.jpg'><img src=http:\/\/ski.inmontanis.info\/d\/320279-3\/DSC05946_001.jpg \/><\/a><br \/>\n^ Olperer links<\/p>\n<p><a href='http:\/\/ski.inmontanis.info\/d\/320284-2\/DSC05948.jpg'><img src=http:\/\/ski.inmontanis.info\/d\/320283-3\/DSC05948.jpg \/><\/a><br \/>\n^ SL Olperer + GW<\/p>\n<p><a href='http:\/\/ski.inmontanis.info\/d\/320288-2\/DSC05951.jpg'><img src=http:\/\/ski.inmontanis.info\/d\/320287-3\/DSC05951.jpg \/><\/a><br \/>\n^ SL GW vom Offpistebereich<\/p>\n<p><a href='http:\/\/ski.inmontanis.info\/d\/320292-2\/DSC05952.jpg'><img src=http:\/\/ski.inmontanis.info\/d\/320291-3\/DSC05952.jpg \/><\/a><br \/>\n^ SL GW vom Offpistebereich<\/p>\n<p><a href='http:\/\/ski.inmontanis.info\/d\/320296-2\/DSC05954.jpg'><img src=http:\/\/ski.inmontanis.info\/d\/320295-3\/DSC05954.jpg \/><\/a><br \/>\n^ SL Olperer vom Offpistebereich<\/p>\n<p><a href='http:\/\/ski.inmontanis.info\/d\/320300-2\/DSC05955.jpg'><img src=http:\/\/ski.inmontanis.info\/d\/320299-3\/DSC05955.jpg \/><\/a><br \/>\n^ Vermattung 3SB Schlegeis  \/ Gletscherh\u00fctte<\/p>\n<p><a href='http:\/\/ski.inmontanis.info\/d\/320304-2\/DSC05956_001.jpg'><img src=http:\/\/ski.inmontanis.info\/d\/320303-3\/DSC05956_001.jpg \/><\/a><br \/>\n^ Gute Verh\u00e4ltnisse im Offpiste-Bereich an der GW<\/p>\n<p><a href='http:\/\/ski.inmontanis.info\/d\/320308-2\/DSC05957_001.jpg'><img src=http:\/\/ski.inmontanis.info\/d\/320307-3\/DSC05957_001.jpg \/><\/a><br \/>\n^ DSB-Zufahrt<\/p>\n<p><a href='http:\/\/ski.inmontanis.info\/d\/320312-2\/DSC05960.jpg'><img src=http:\/\/ski.inmontanis.info\/d\/320311-3\/DSC05960.jpg \/><\/a><br \/>\n^ 10EUB Bergstation<\/p>\n<p><a href='http:\/\/ski.inmontanis.info\/d\/320316-2\/DSC05963.jpg'><img src=http:\/\/ski.inmontanis.info\/d\/320315-3\/DSC05963.jpg \/><\/a><br \/>\n^ Ex-3SB Schlegeis-Bergstation (Betonfundament rechts vom Schneefeld oben)<\/p>\n<p>Nachmittags\/abends war es dann sehr ruhig auch hier am Hauptparkplatz.<\/p>\n<p><strong>Mi, 14.6.2023<\/strong><\/p>\n<p>Was man ja sonst gar nicht mitbekommt, au\u00dfer wenn man wie ich jetzt vormittags im Auto sitzt (um zu arbeiten), wie unklug es ist, sich in die erste Reihe zu stellen, wenn einem sein Auto lieb und teuer ist. Wieviel von den kleinen Deppen mit ihren gro\u00dfen Rucks\u00e4cken, Skiern und Schuhen in der Hand dein Auto besch\u00e4digen, weil sich die gro\u00dfen Deppen mit ihren Autos viel zu nah neben dich hinstellen, die kleinen Deppen von den hinteren Parkpl\u00e4tzen aber trotzdem stets sich zwischen dich und den Nebenautos quetschen und dann mit ihrem Zeug am Lack entlang streifen &#8230;<\/p>\n<p>Ich h\u00e4tte heute mal wieder oben Essen gehen wollen, aber weil die Wettervorhersage f\u00fcr morgen+\u00fcbermorgen regnerischer lautet, verschieb ich das eben. <\/p>\n<p>Die DSB heute wieder nicht in Betrieb. Bleibt auch abzuwarten, ob die St\u00fctze 10 den Sommer \u00fcberleben wird ;) Die wackelt so stark wie sonst nur DSB-Niederhalter von Leitner&#8230;<\/p>\n<p>Olperer bin ich heute \u00f6fters gefahren (die ganz rechte ging gut, weil kaum befahren), Schnee im GW-Trainingsbereich wieder sehr gut nachmittags, insb. im rechten, s\u00fcdlichen Bereich. Heute auch wesentlich leerer ab Mittag, nach 14h vielleicht 5 oder max. 10 Leute. Blieb wieder bis gegen 15 Uhr.<\/p>\n<p><a href='http:\/\/ski.inmontanis.info\/d\/320320-2\/DSC05966.jpg'><img src=http:\/\/ski.inmontanis.info\/d\/320319-3\/DSC05966.jpg \/><\/a><br \/>\n^ Das \u00fcbliche r\u00fccksichtslose Verhalten von Skiclubs, hier im TFH (Haupteingang von den Seilbahnen)<\/p>\n<p><a href='http:\/\/ski.inmontanis.info\/d\/320324-2\/DSC05967.jpg'><img src=http:\/\/ski.inmontanis.info\/d\/320323-3\/DSC05967.jpg \/><\/a><br \/>\n^ Sch\u00f6n, dass die rechte Abfahrt am SL Olperer noch offen ist und pr\u00e4pariert wird.<\/p>\n<p><a href='http:\/\/ski.inmontanis.info\/d\/320328-2\/DSC05970.jpg'><img src=http:\/\/ski.inmontanis.info\/d\/320327-3\/DSC05970.jpg \/><\/a><br \/>\n^ 3SB Schlegeis, auf deren Abfahrt sp\u00e4testens seit letztem Sommer ein gro\u00dfer Felsriegel ausgeapert ist<\/p>\n<p>Weil ich im letzten Bericht das Sat-Bild vom Schlegeis-Bereich vergessen hab, gibts hier nun ein paar Vergleichsbilder von Google Earth:<\/p>\n<p><a href='http:\/\/ski.inmontanis.info\/d\/320484-3\/gv-schlegeis-2019.jpg'><img src=http:\/\/ski.inmontanis.info\/d\/320483-4\/gv-schlegeis-2019.jpg \/><\/a><br \/>\n^ Gletschervergleich 3SB Schlegeis, Foto soll von 2019 sein<\/p>\n<p><a href='http:\/\/ski.inmontanis.info\/d\/320488-3\/gv-schlegeis-2022.jpg'><img src=http:\/\/ski.inmontanis.info\/d\/320487-4\/gv-schlegeis-2022.jpg \/><\/a><br \/>\n^ Gletschervergleich 3SB Schlegeis, Foto von August 2022, gro\u00dfer Felsriegel in der Abfahrt (und generell starker R\u00fcckgang)<\/p>\n<p>&#8211;<\/p>\n<p><a href='http:\/\/ski.inmontanis.info\/d\/320492-3\/gv-gw-2015.jpg'><img src=http:\/\/ski.inmontanis.info\/d\/320491-4\/gv-gw-2015.jpg \/><\/a><br \/>\n^ Gletschervergleich GW, Foto soll von 2015 sein<\/p>\n<p><a href='http:\/\/ski.inmontanis.info\/d\/320496-3\/gv-gw-2022.jpg'><img src=http:\/\/ski.inmontanis.info\/d\/320495-4\/gv-gw-2022.jpg \/><\/a><br \/>\n^ Gletschervergleich GW, Foto von August 2022<\/p>\n<p>F\u00fcr die n\u00e4chsten Tage ist nicht nur etwas Regen, sondern auch k\u00fchler gemeldet, ab Sonntag soll&#8217;s dann wesentlich w\u00e4rmer werden. Eigentlich h\u00e4tte ich ja gedacht, ca. Sonntag abzureisen, aber wenn&#8217;s mir ja unter der Woche besser als am WE gef\u00e4llt (was ggf. bei w\u00e4rmeren Temperaturen auch anders sein kann), k\u00f6nnte ich ja doch noch Montag bleiben&#8230;<\/p>\n<p>Ach, die sch\u00f6ne gestrige Ruhe am Parkplatz&#8230; Heut steht fast neben mir ein r\u00fccksichtsloser Hochdachkombi-Camper (\u00e4lter wie ich), der sich mal wieder ausgebreitet hat mit Tisch und 2 St\u00fchlen (Liege- und Holzklapp-) und Kohlegrill und Musik h\u00f6rt er auch die ganze Zeit laut genug. Also das regt mich ja an Parkpl\u00e4tzen sowieso immer auf, auch bei Nichtcampern, wenn Leute ihren Musikgeschmack ungefragt mit allen in der N\u00e4he teilen m\u00fcssen. Wenn der morgen noch hier ist, fahr ich wohl wieder zum anderen Parkplatz r\u00fcber. <\/p>\n<p><a href='http:\/\/ski.inmontanis.info\/d\/320332-2\/DSC05971.jpg'><img src=http:\/\/ski.inmontanis.info\/d\/320331-3\/DSC05971.jpg \/><\/a><\/p>\n<p>Bin also (weil nicht oben Essen gewesen) nochmals ins Kaufh\u00e4\u00fcsl, 2 Semmeln, 1 Brezn (ca. 1,20?!) und 1 Packung K\u00e4sewurst diemsal. Da fehlte der Preis, die war dann aber noch teurer, wohl ca. 3,19 f\u00fcr die 120g. Dann tuts n\u00e4chstes Mal auch die Extrawurst. Oder mal einen Fleisch-Salat? Oder einen halben liter Milch und dann die Schoko-M\u00fcslicornflakezerialiendinger dazu, die ich noch hab.<\/p>\n<p><strong>Do, 15.6.2023<\/strong><\/p>\n<p>Um 4:45 gab&#8217;s mal etwas L\u00e4rm, T\u00fcren, Motor starten, war&#8217;s dem Nachbar zu kalt? Als ich um 7h aufstand, war er weg. Daf\u00fcr schon um 7 Uhr die ersten italienischen Rennkids, um 7:20 eilten die ersten zur Gondel, die ja erst ab ca. 8:10 Uhr f\u00e4hrt, aber Hauptsache man ist als erster in der Schlange oder wie?!<\/p>\n<p>Nachts nach wie vor 12\u00b0 im Auto. H\u00f6henmeter sollen hier ja recht \u00e4hnlich zu daheim sein, ca. 1500m, nur dass man hier im Tal ist und ich daheim fast am Gipfel bin.<\/p>\n<p>Wetterm\u00e4\u00dfig soll es nun heute doch noch trocken bleiben &#8211; dann h\u00e4tte ich also doch gestern essen gehen k\u00f6nnen. Und ab Sonntag soll es die ersten 30\u00b0 heuer in AT geben. Ausgerechnet, wenn ich dann n\u00e4chste Woche heimfahren will und folglich im Inntal unten sein muss .. naja, dann ist die Wohnung daheim umso angenehm k\u00fchler.<\/p>\n<p>Es ist nach wie vor die 4EUB in Betrieb, DSB nicht, aber seit heute: 10EUB. Auch sch\u00f6n, spart man sich morgens den Weg zum GB3.<\/p>\n<p>Bin gleich mal die TFH-Abfahrt gefahren, die noch recht hart war um die sp\u00e4te Uhrzeit. Aber jedesmal, wenn ich in den Offpistebereich reinfahre, ist es nur dort gut, wo irgendwann mal die Pistenraupe den Schnee verfestigt hatte. Anderswo ist&#8217;s irgendwie br\u00fcchig (bzw. vor ein paar Tagen auch nicht sch\u00f6n sulzig). Also keine Ahnung, ob ich da diese Woche noch die ZwiDeGo-Varianten fahren will &#8211; oder darauf hoffe, dass im Juli noch genug Schnee liegt &#8230;<\/p>\n<p>Es war heute schattig und windig und mir zu kalt, daher schon um 13:00 zum Essen gegangen. Obwohl es zuvor an der Bergstation GB2 und auch auf der Piste vorm TFH stark nah Berner W\u00fcrstl roch, gab es keine. Daf\u00fcr Spare Ribs mit Pommes um 12,20, also die genommen. Die 2 gr\u00f6\u00dften Rippchen hab ich dann f\u00fcr abends mitgenommen &#8211; werd ich mir halt noch eine Semmel unten dazu kaufen. <\/p>\n<p><a href='http:\/\/ski.inmontanis.info\/d\/320336-2\/DSC05972.jpg'><img src=http:\/\/ski.inmontanis.info\/d\/320335-3\/DSC05972.jpg \/><\/a><br \/>\n^ Gletscherflohpark an der Bergstation GB3 wird aufgebaut<\/p>\n<p><a href='http:\/\/ski.inmontanis.info\/d\/320340-2\/DSC05974.jpg'><img src=http:\/\/ski.inmontanis.info\/d\/320339-3\/DSC05974.jpg \/><\/a><br \/>\n^ Spareribs<\/p>\n<p>Nach dem Essen fuhr ich nochmals rauf, blieb aber nicht lang, statt Halskratzen nun wieder etwas mehr Schnupfen. Hatte sich das gestern und heute tags\u00fcber noch nach einer &#8220;Baby-Erk\u00e4ltung&#8221; angef\u00fchlt, war die Nase heut Abend umso verstopfter und lauffreudiger. Gut, dass das Wetter morgen eh schlecht werden soll, dann kann ich gleich eine Pause einlegen. Abends gabs schon etwas Regen.<\/p>\n<p><strong>Fr, 16.6.2023<\/strong><\/p>\n<p>Wegen der stark verstopften Nase hab ich heute keinen Geschmack .. da w\u00e4r es ja zu schade, Essen zu gehen ;) Andererseits verbessert sich das ja meist bei Bewegung etwas. Am Parkplatz gab&#8217;s hin und wieder etwas Sonne, aber auch ein paar Regentropfen, ab 13\/14 Uhr meldet Bergfex eher Regen und recht kalte Temperaturen. Webcams zeigten um 11e einen bedeckten Himmel.<\/p>\n<p>Was also tun? Mit Skiern rauffahren und 1-2 Abfahrten machen? Oder aufgrund Krankheit+Wetter ganz verzichten? Oder zur Sommerbergalm oder zum TFH rauffahren und dort essen? F\u00fcr eine Wanderung ist mir das Wetter nat\u00fcrlich auch zu labil gemeldet, obwohl ich ja gern mal den hinteren Weg durch die Schlucht gehen w\u00fcrde zwischen Talstation und Sommerbergalm, wo in alten Pl\u00e4nen eine Skiroute\/Skiabfahrt eingezeichnet ist.<\/p>\n<p>Sollte es mir morgen nicht besser gehen, werd ich wohl heimfahren, macht ja dann auch keinen Sinn nur wg. ggf. SO+MO noch zu bleiben. Andererseits m\u00fcsst ich schon erst nach Telfs um meine Farbe und die anderen Sachen mitzunehmen. Sind aber halt nochmals 3 Stunden Umweg dann. Und Samstag = mehr Stau? Und Sonntag keine Einkaufsm\u00f6glichkeit, au\u00dfer ich fahr via S\u00fcdtirol und\/oder S\u00fcdk\u00e4rnten, wo es offene Superm\u00e4rkte gibt.<\/p>\n<p>Ich fuhr also ohne Skier zur Sommerbergalm rauf. Die haben wohl etwas weniger Auswahl, ich nahm nochmals die Currywurst mangels besserer Alternativen und weil ich da vielleicht was schmeck ;) Leider war die Wurst etwas d\u00fcnner und knackiger und auch noch sch\u00e4rfer (zu viel Currypulver vmtl.).<\/p>\n<p><a href='http:\/\/ski.inmontanis.info\/d\/320344-2\/DSC05979_001.jpg'><img src=http:\/\/ski.inmontanis.info\/d\/320343-3\/DSC05979_001.jpg \/><\/a><br \/>\n^ Sektion 1 und Tuxertal<\/p>\n<p><a href='http:\/\/ski.inmontanis.info\/d\/320352-2\/DSC05980.jpg'><img src=http:\/\/ski.inmontanis.info\/d\/320351-3\/DSC05980.jpg \/><\/a><br \/>\n^ Schneereste im Skigebiet Rastkogel<\/p>\n<p><a href='http:\/\/ski.inmontanis.info\/d\/320348-2\/DSC05982.jpg'><img src=http:\/\/ski.inmontanis.info\/d\/320347-3\/DSC05982.jpg \/><\/a><br \/>\n^ Infotafel Tuxertal zur Eiszeit<\/p>\n<p><a href='http:\/\/ski.inmontanis.info\/d\/320356-2\/DSC05985.jpg'><img src=http:\/\/ski.inmontanis.info\/d\/320355-3\/DSC05985.jpg \/><\/a><br \/>\n^ Sommerbergalm<\/p>\n<p><a href='http:\/\/ski.inmontanis.info\/d\/320364-2\/DSC05988_001.jpg'><img src=http:\/\/ski.inmontanis.info\/d\/320363-3\/DSC05988_001.jpg \/><\/a><br \/>\n^ 4KSB Tuxerjoch<\/p>\n<p><a href='http:\/\/ski.inmontanis.info\/d\/320360-2\/DSC05989.jpg'><img src=http:\/\/ski.inmontanis.info\/d\/320359-3\/DSC05989.jpg \/><\/a><br \/>\n^ Infotafel Gletscherstand 1900\/1920\/1950\/2000<\/p>\n<p>Sp\u00e4ter am Abend gab es noch Gewitter und mehr Regen als tags\u00fcber, zumindest am Parkplatz. <\/p>\n<p><strong>Sa, 17.6.2023<\/strong><\/p>\n<p>Wenn man nicht vor 9 Uhr rauf m\u00f6chte wegen des Andrangs, k\u00f6nnte man ja erst um 8 uhr aufstehen, aber dann sollte man sich nat\u00fcrlich einen ruhigeren Parkplatz suchen. <\/p>\n<p>Laut interaktivem Pistenplan wie erwartet nun wieder GB2 statt 4EUB offen und lt. Blick aus dem Fenster \u00fcberraschend auch GB1 statt der 8EUB.<\/p>\n<p>Schnupfentechnisch schien es sich etwas verbesert zu haben und in richtung Hals zu wandern, ich rieche und schmecke wieder. Ich ging also morgens erst mal aufs Klo und wollte mir am R\u00fcckweg im Kaufh\u00e4usl mal so eine Wurst-K\u00e4se-Semmel kaufen (die kostet \u00fcbrigens 2,30, m\u00fcsste eine Wiener gewesen sein, was in Kombination mit dem K\u00e4se also wieder fast eine K\u00e4sewurst war). <\/p>\n<p>Neuschnee gab es bis TFH runter und die Pisten waren schon vormittags unsch\u00f6ner zu fahren als unter der Woche gegen Mittag. Es war \u00fcberwiegend bedeckt, wobei ein eisiger Wind hin und wieder f\u00fcr kurzen Sonnenschein sorgte. Kein sonderlich sommerlicher Skitag heute, da w\u00e4r ich besser erst mittags rauf. Also recht schnell mal wieder zum Aufw\u00e4rmen ins TFH gegangen .. und leider nicht die Wurst-K\u00e4se-Semmel essen k\u00f6nnen, denn die hab ich bl\u00f6derweise im Auto vergessen. Also quasi umsonst gekauft :(<\/p>\n<p><a href='http:\/\/ski.inmontanis.info\/d\/320368-2\/DSC05991.jpg'><img src=http:\/\/ski.inmontanis.info\/d\/320367-3\/DSC05991.jpg \/><\/a><br \/>\n^ Der Schneeh\u00fcgel von vor ein paar Tagen links wurde mittlerweile verteilt<\/p>\n<p><a href='http:\/\/ski.inmontanis.info\/d\/320372-2\/DSC05992.jpg'><img src=http:\/\/ski.inmontanis.info\/d\/320371-3\/DSC05992.jpg \/><\/a><br \/>\n^ 10EUB<\/p>\n<p><a href='http:\/\/ski.inmontanis.info\/d\/320376-2\/DSC05993.jpg'><img src=http:\/\/ski.inmontanis.info\/d\/320375-3\/DSC05993.jpg \/><\/a><br \/>\n^ Bissl Offpiste an der TFH-Abfahrt, hier ging der Neuschnee ja gut zu fahren<\/p>\n<p>Es blieb zu windig, zu kalt, zu wenig Sonne, zu knollig oben an der GW, zu tief aufgesulzt am TFH &#8211; das war heut gar nicht lohnenswert, daher schon um 11:50 wieder runtergefahren &#8211; da sind nat\u00fcrich auch leider die Rennclubs talw\u00e4rts unterwegs. Immerhin kam ich so dann wieder zu meiner Wurst-K\u00e4se-Semmel. Wenn ich das jetzt nochmals schreiben muss, k\u00fcrze ich das mit WKS ab.<\/p>\n<p>Der Batteriestand im Auto ist jetzt bei 50% lt. App, dh. vmtl. etwas weniger, aber dh. auch, dass ich etwas kochen oder Standheizung verwenden k\u00f6nnte und trotzdem 10 Tage stehen k\u00f6nnte. Oder (sonst) auch 14 Tage. <\/p>\n<p>Heut Nachmittag mal wieder die r\u00fccksichtslose Rennclub-Bagage beim &#8220;Fu\u00dfballspielen&#8221; am Parkplatz und zwar den Ball hoch und mit viel Kraft und wie haben sie dabei gelacht, wenn sie (hoffentlich ihre) Autos getroffen haben&#8230; Sp\u00e4ter spielte auch noch ein Vater mit seiner kleinen Tochter Fussball zwischen den Autos. Ich seh schon, ich werd n\u00e4chstes Mal wieder am anderen Parkplatz stehen wollen.<\/p>\n<p><a href='http:\/\/ski.inmontanis.info\/d\/320380-2\/DSC05994.jpg'><img src=http:\/\/ski.inmontanis.info\/d\/320379-3\/DSC05994.jpg \/><\/a><\/p>\n<p>Gut, dass ich aber am Nachmittag nochmals im Kaufh\u00e4usl war (und es nicht auf morgen verschoben hab wegen Mineralwasser vieleicht ja oder nein, weil vielleicht genug Getr\u00e4nke noch da oder eben nicht oder schon fr\u00fcher wegfahren) &#8211; fragte mich die Verk\u00e4uferin, ob ich wieder Semmeln br\u00e4uchte, worauf ich meinte, &#8220;morgen wieder&#8221;, worauf sie meinte, dass sie morgen ausnahmsweise zu haben werden &#8211; also muste ich die Semmeln f\u00fcr morgen halt doch noch schon heute mitnehmen. (Plus eben den geplanten halben Liter Milch f\u00fcr heute Abend).  <\/p>\n<p>Wobei es gegen 16 Uhr immer noch genug Semmeln gab, also machte eher den Anschein, dass da jeden Abend welche \u00fcbrig bleiben werden. 2 Laugenstangen lagen auch dort, wie heute Morgen &#8211; hoffentlich nicht die selben? W\u00e4r ja schade, wenn die so wenig verkaufen hier, dann gibt&#8217;s vielleicht bald gar nix mehr&#8230; <\/p>\n<p>Die gekaufte (und hier im Vgl zu den anderen g\u00fcnstigste) Halblitermilchpackung vom K\u00fchlregal entpuppte sich als H-Milch, dann heb ich also die auf und ess doch eine oder beiden Semmeln heut Abend &#8230; nur womit? Dose Fisch? Wurst? Entschied mich f\u00fcr den Thunfisch-Couscous-Salat von Spar (Dose, lecker, hatte ich schon mal) plus dreiviertel Semmel plus halbe Semmel s\u00fc\u00df bestrichen, morgen tags\u00fcber dann dreiviertel Semmel mit einer der in Italien gekauften ungek\u00fchlten K\u00e4se-Ecken.<\/p>\n<p>Wie soll&#8217;s anders sein, ist der Goldkurs seit meinem Kauf letztens wieder etwas gefallen. Grund, n\u00e4chste Woche nochmals was zu kaufen? Oder auf ein weiteres Fallen zu spekulieren? (Bissl was geht schon noch, bin ja noch weit unter 10%, was man ja eigentlich immer so vorgeschlagen bekommt. Und 1\/5-1\/4 gammelt weiterhin auf Giro- und Sparkonten und wird durch die Inflation vernichtet.)<\/p>\n<p>Daf\u00fcr w\u00e4ren einige Fonds wieder etwas im Plus (so man sich also \u00fcberlegen k\u00f6nnte, ob man sie absto\u00dft und ggf. wo andershin investiert, z.B. Festgeldsparbuch bei den momentanen Konditionen? Andererseits, was willst schon mit 3% Sparzinsen bei 2-3x so hoher Inflation &#8211; das ist ja dann immer noch Geldvernichtung &#8230;)<\/p>\n<p>Reiner Verm\u00f6gens-Eurowert w\u00e4re jetzt ident zu Mai 2022, was aber bei ca. 10% Inflation nat\u00fcrlich trotzdem eine zu gro\u00dfe Verringerung des Verm\u00f6gens entspr\u00e4che. Nicht inkludieren tu ich nat\u00fcrlich meine Eigentumswohnung, da man ja nicht so leicht feststellen kann, was die gerade wert w\u00e4re. Da ich ja aber extra eine g\u00fcnstige um nur 36.000 damals gekauft hab, kann die ja gar nicht so stark fallen, dass das extrem ins Gewicht fallen w\u00fcrde. Also selbst wenn die Preise um 50% fallen w\u00fcrden, w\u00e4re das bei 36.000 sehr verschmerzbarer als bei meiner alten Wohnung um 200.000 z.B. ;)  Momentan scheinen aber die Wohnungen in AT weiterhin noch auf einem h\u00f6heren Level als 2020 zu sein. <\/p>\n<p><strong>So, 18.6.2023<\/strong> &#8211; Skitag Nr. 160<\/p>\n<p>Da der Tag wolkenlos begann, konnte ich nat\u00fcrlich nicht bis 10 Uhr zum Rauffahren warten, sondern fuhr doch wieder gegen 9e rauf.<\/p>\n<p>In Betrieb heut wieder die 8EUB vom Tal aus. Trotz des sonnigen Wetters aber keine DSB oben. <\/p>\n<p>Bei meiner ersten Abfahrt (von der 10EUB) fuhr ich etwas oberhalb der TFH-Abfahrt und querte dann in den unteren ZwiDeGo-End-Bereich ein. Aktuell war der Schnee hart und tragend, die Harschschicht konnte aber mit dem Stecken ohne zu viel Gewald durchsto\u00dfen werden, darunter befand sich eine weiche Schicht mind. 30cm. D.h. ZwiDeGo geht nur jetzt vielleicht 1-2 mal bevor es unsch\u00f6n werden k\u00f6nnte. <\/p>\n<p>Also gleich und endlich mal gefahren. Bis zum Steilhang gings toll, Schnee so hart, das ich nicht durchbrechen konnte, aber ab dem Steilhang kam ich mit dem Stecken wieder durch, also fuhr ich vorsichtshalber kein zweites Mal, an der GW ist&#8217;s offpiste ja auch sch\u00f6n&#8230;<\/p>\n<p>Bin vermutlich noch nie links+unter der DSB-Talstation offpiste gefahren .. aber wenn nicht heut und jetzt, wann dann? Der Westhang hier ist problemlos tragend vormittags. Zuletzt war ich links von der DSB in dem unteren Bereich, als der kurze SL Sektion IV hier noch stand. Ging dann auch gut genug f\u00fcr 2 Wiederholungen ;) So langsam n\u00e4herte man sich dann der Mittagszeit und die TFH-Abfahrt wird buckeliger.<\/p>\n<p>Soll ich morgen nochmals fahren (warm, wolkig, nachmittags gewittrig) oder doch schon heut nach Telfs und w\u00e4re die heutige oder morgige Nacht dort hei\u00dfer? Verkehrstechnisch w\u00e4re es nat\u00fcrlich heute am Sonntag angenehmer an Innsbruck vorbei zu fahren. <\/p>\n<p>Heute schon abzufahren, hei\u00dft nat\u00fcrlich auch, oben nix mehr zu essen und auch die teure Milch gestern umsonst gekauft zu haben &#8211; wobei die nat\u00fcrlich auch noch bis um n\u00e4chsten Besuch h\u00e4lt. Weil dann fahr ich heut mit den Gutscheinen am BK in Innsbruck vorbei, sofern die hier auch gelten.<\/p>\n<p>Nach Mittag war der Neuschnee von vorgestern Offpiste an der GW allerdings sehr pappig\/bremsend. Daher um 13:30 aufgeh\u00f6rt, bevor ich dem Tag noch die 5 Sterne (zweites Mal in diesen 10 Tagen) streitig machen muss ;)<\/p>\n<p><a href='http:\/\/ski.inmontanis.info\/d\/320384-2\/DSC05285.jpg'><img src=http:\/\/ski.inmontanis.info\/d\/320383-3\/DSC05285.jpg \/><\/a><br \/>\n^ IR-Foto Sektion 1 zur Sektion 3<\/p>\n<p><a href='http:\/\/ski.inmontanis.info\/d\/320388-2\/DSC05289.jpg'><img src=http:\/\/ski.inmontanis.info\/d\/320387-3\/DSC05289.jpg \/><\/a><br \/>\n^ IR-Foto Sektion 1 zu Sektion 2+3<\/p>\n<p><a href='http:\/\/ski.inmontanis.info\/d\/320392-2\/DSC05291.jpg'><img src=http:\/\/ski.inmontanis.info\/d\/320391-3\/DSC05291.jpg \/><\/a><br \/>\n^ IR Kasererlifte (und L\u00e4rmstange-KSB1+2)<\/p>\n<p><a href='http:\/\/ski.inmontanis.info\/d\/320396-2\/DSC05995.jpg'><img src=http:\/\/ski.inmontanis.info\/d\/320395-3\/DSC05995.jpg \/><\/a><br \/>\n^ DSB-Abfahrt GW<\/p>\n<p><a href='http:\/\/ski.inmontanis.info\/d\/320400-2\/DSC05997.jpg'><img src=http:\/\/ski.inmontanis.info\/d\/320399-3\/DSC05997.jpg \/><\/a><br \/>\n^ Offpiste TFH-Abfahrt und endlich mal etwas bessere Fernsicht<\/p>\n<p><a href='http:\/\/ski.inmontanis.info\/d\/320404-2\/DSC06000.jpg'><img src=http:\/\/ski.inmontanis.info\/d\/320403-3\/DSC06000.jpg \/><\/a><br \/>\n^ Offpiste im ZwiDeGo-Bereich<\/p>\n<p><a href='http:\/\/ski.inmontanis.info\/d\/320408-2\/DSC06002_001.jpg'><img src=http:\/\/ski.inmontanis.info\/d\/320407-3\/DSC06002_001.jpg \/><\/a><br \/>\n^ Offpiste im ZwiDeGo-Bereich<\/p>\n<p><a href='http:\/\/ski.inmontanis.info\/d\/320412-2\/DSC06003.jpg'><img src=http:\/\/ski.inmontanis.info\/d\/320411-3\/DSC06003.jpg \/><\/a><br \/>\n^ Offpiste im ZwiDeGo-Bereich<\/p>\n<p><a href='http:\/\/ski.inmontanis.info\/d\/320416-2\/DSC06004.jpg'><img src=http:\/\/ski.inmontanis.info\/d\/320415-3\/DSC06004.jpg \/><\/a><br \/>\n^ Offpiste im ZwiDeGo-Bereich<\/p>\n<p><a href='http:\/\/ski.inmontanis.info\/d\/320420-2\/DSC06006.jpg'><img src=http:\/\/ski.inmontanis.info\/d\/320419-3\/DSC06006.jpg \/><\/a><br \/>\n^ GW-SL vom GW-Offpistebereich<\/p>\n<p><a href='http:\/\/ski.inmontanis.info\/d\/320424-2\/DSC06007.jpg'><img src=http:\/\/ski.inmontanis.info\/d\/320423-3\/DSC06007.jpg \/><\/a><br \/>\n^ GW-SL vom GW-Offpistebereich<\/p>\n<p><a href='http:\/\/ski.inmontanis.info\/d\/320428-2\/DSC06008.jpg'><img src=http:\/\/ski.inmontanis.info\/d\/320427-3\/DSC06008.jpg \/><\/a><br \/>\n^ Blick zur Talstation DSB. Links davon bin ich glaub ich noch nie runter gefahren. Wenn nicht heut, wann dann?<\/p>\n<p><a href='http:\/\/ski.inmontanis.info\/d\/320432-2\/DSC06011.jpg'><img src=http:\/\/ski.inmontanis.info\/d\/320431-3\/DSC06011.jpg \/><\/a><br \/>\n^ Offpiste im Bereich Ex-SL Sektion 4. So muss das gehen :)<\/p>\n<p><a href='http:\/\/ski.inmontanis.info\/d\/320436-2\/DSC06013.jpg'><img src=http:\/\/ski.inmontanis.info\/d\/320435-3\/DSC06013.jpg \/><\/a><br \/>\n^ Offpiste TFH-Abfahrt<\/p>\n<p><a href='http:\/\/ski.inmontanis.info\/d\/320440-2\/DSC05295.jpg'><img src=http:\/\/ski.inmontanis.info\/d\/320439-3\/DSC05295.jpg \/><\/a><br \/>\n^ IR-Zoom Bauarbeiten rechter SL Kaserer<\/p>\n<p><a href='http:\/\/ski.inmontanis.info\/d\/320444-2\/DSC05301.jpg'><img src=http:\/\/ski.inmontanis.info\/d\/320443-3\/DSC05301.jpg \/><\/a><br \/>\n^ IR-Pano GW-SL bis Zugspitze<\/p>\n<p><a href='http:\/\/ski.inmontanis.info\/d\/320448-2\/DSC05302.jpg'><img src=http:\/\/ski.inmontanis.info\/d\/320447-3\/DSC05302.jpg \/><\/a><br \/>\n^ Zugspitze IR<\/p>\n<p><a href='http:\/\/ski.inmontanis.info\/d\/320452-2\/DSC06014.jpg'><img src=http:\/\/ski.inmontanis.info\/d\/320451-3\/DSC06014.jpg \/><\/a><br \/>\n^ Offpiste links\/unterhalb DSB, meine 3 Spuren heute.<\/p>\n<p><a href='http:\/\/ski.inmontanis.info\/d\/320456-2\/DSC06015.jpg'><img src=http:\/\/ski.inmontanis.info\/d\/320455-3\/DSC06015.jpg \/><\/a><br \/>\n^ Rechts vom SL Olperer vorm Kaserer, der kleine \u00dcbergang mit Blick ins Wipptal &#038; Co<\/p>\n<p><a href='http:\/\/ski.inmontanis.info\/d\/320460-2\/DSC05304.jpg'><img src=http:\/\/ski.inmontanis.info\/d\/320459-3\/DSC05304.jpg \/><\/a><br \/>\n^ .. und in IR, wieder mit Zugspitze in Bildmitte. Bin noch bis zum Rand gefahren &#8230;<\/p>\n<p><a href='http:\/\/ski.inmontanis.info\/d\/320464-2\/DSC06016.jpg'><img src=http:\/\/ski.inmontanis.info\/d\/320463-3\/DSC06016.jpg \/><\/a><br \/>\n^ .. womit man dann dieses R\u00fcckseiten-Panorama hat<\/p>\n<p><a href='http:\/\/ski.inmontanis.info\/d\/320468-2\/DSC05309.jpg'><img src=http:\/\/ski.inmontanis.info\/d\/320467-3\/DSC05309.jpg \/><\/a><br \/>\n^ R\u00fcckseitenpano in IR<\/p>\n<p><a href='http:\/\/ski.inmontanis.info\/d\/320472-2\/DSC06017.jpg'><img src=http:\/\/ski.inmontanis.info\/d\/320471-3\/DSC06017.jpg \/><\/a><br \/>\n^ Blick zur\u00fcck zum Olperer<\/p>\n<p><a href='http:\/\/ski.inmontanis.info\/d\/320476-3\/DSC06018.jpg'><img src=http:\/\/ski.inmontanis.info\/d\/320475-4\/DSC06018.jpg \/><\/a><br \/>\n^ SL Olperer; die Sicht nach S\u00fcden war jeden Tag meist noch schlechter, d.h. Dolomiten und Marmolada waren (von der GW, nicht von hier) kaum bis nicht zu sehen.<\/p>\n<p><a href='http:\/\/ski.inmontanis.info\/d\/320480-3\/ge20230609-18e.jpg'><img src=http:\/\/ski.inmontanis.info\/d\/320479-4\/ge20230609-18e.jpg \/><\/a><br \/>\n^ GPS-Track 8.-18.6.2023 (10 Tage, 1 ausgesetzt<\/p>\n<p>&#8211;<\/p>\n<p><a href='http:\/\/ski.inmontanis.info\/d\/320500-3\/gv-gw2-2007.jpg'><img src=http:\/\/ski.inmontanis.info\/d\/320499-4\/gv-gw2-2007.jpg \/><\/a><br \/>\n^ Gletschervergleich GW Bereich Sektion 3-4 mit Ex-SL Sektion 4 in Rot; Foto soll von 2007 sein<\/p>\n<p><a href='http:\/\/ski.inmontanis.info\/d\/320504-3\/gv-gw2-2015.jpg'><img src=http:\/\/ski.inmontanis.info\/d\/320503-4\/gv-gw2-2015.jpg \/><\/a><br \/>\n^ Gletschervergleich GW Bereich Sektion 3-4 mit Ex-SL Sektion 4 in Rot; Foto soll von 2015 sein; oberhalb der Vermattung wurde ja die Schneileitung gebaut<\/p>\n<p><a href='http:\/\/ski.inmontanis.info\/d\/320508-3\/gv-gw2-2019.jpg'><img src=http:\/\/ski.inmontanis.info\/d\/320507-4\/gv-gw2-2019.jpg \/><\/a><br \/>\n^ Gletschervergleich GW Bereich Sektion 3-4 mit Ex-SL Sektion 4 in Rot; Foto soll von 2019 sein; Gletscher ging noch fast bis zur Schneileitung<\/p>\n<p><a href='http:\/\/ski.inmontanis.info\/d\/320512-3\/gv-gw2-2022.jpg'><img src=http:\/\/ski.inmontanis.info\/d\/320511-4\/gv-gw2-2022.jpg \/><\/a><br \/>\n^ Gletschervergleich GW Bereich Sektion 3-4 mit Ex-SL Sektion 4 in Rot; Foto August 2022; Gletscher nun weit unterhalb Schneileitung<\/p>\n<p>&#8212;<\/p>\n<p>Besser kann&#8217;s morgen nicht werden, also h\u00f6r ich heut auf. Die vorgehabten 10 Tage bin ich jetzt eh gefahren. Anfang\/Mitte Juli dann nochmals 7-14 Tage, je nach Verh\u00e4ltnisse. <\/p>\n<p>Tja, Burger King .. Gutschein wurde am Bestellterminal nicht akzeptiert und Kassiererin war keine da zum fragen (hat nur den Drive-In gemacht, also dann ohne was zu Essen wieder gegangen. War eh eine grauenhafte Hitze hier unten im Inntal, 31\u00b0. <\/p>\n<p><em>N\u00e4chster Bericht von daheim in vielleicht ca. 2 Wochen, wenn sich genug Frust zum Schreiben angestaut hat ;) &#8211; da wird dann auch die Verlinkung &#8220;Hintertux&#8221; an den Berichten erg\u00e4nzt, Statistik wird upgedated usw. <\/em><\/p>\n<p><em>N\u00e4chster Bericht vom Hintertuxer evtl. erst wieder Mitte\/Ende Juli, wenn ich dann wieder daheim bin. Oder auch schon nach den ersten 2-3 Tagen, je nach Dringlichkeit.<\/em><\/p>\n<p>&#8212;-<\/p>\n<p>Die Schweizer wollen sich anscheinend auch freiwillig von ihrem Wohlstand trennen und ziehen zu 59,1% den gemeinsamen Untergang mit der EU vor:<br \/>\n<a href='https:\/\/orf.at\/#\/stories\/3320697\/'>https:\/\/orf.at\/#\/stories\/3320697\/<\/a><\/p>\n<p>Hat was: ;)<br \/>\n&#8220;Die Kollegen von Politico Europe sagen voraus, dass das \u00f6sterreichisch-ungarische Reich auf den Tr\u00fcmmern der EU wiedergeboren werden k\u00f6nnte.&#8221;<br \/>\n<a href='https:\/\/meinungsfreiheit.rtde.life\/europa\/172549-neue-westliche-aengste-russland\/'>https:\/\/meinungsfreiheit.rtde.life\/europa\/172549-neue-westliche-aengste-russland\/<\/a><\/p>\n<p>Man kann gar nicht so viel essen, wie man kotzen m\u00f6chte, wenn man den deutschen Regierungspolitikern zuh\u00f6rt:<br \/>\n<a href='https:\/\/orf.at\/stories\/3320194\/'>https:\/\/orf.at\/stories\/3320194\/<\/a><br \/>\n<a href='https:\/\/meinungsfreiheit.rtde.life\/international\/172617-neue-nationale-sicherheitsstrategie-nennt-russland\/'>https:\/\/meinungsfreiheit.rtde.life\/international\/172617-neue-nationale-sicherheitsstrategie-nennt-russland\/<\/a><br \/>\n&#8220;Scholz: \u201eOhne Sicherheit gibt es keine Freiheit\u201c&#8221;<br \/>\nBl\u00f6dsinn. Je mehr Sicherheit, desto weniger Freiheit. Wo ist es wohl am sichersten? Im Gef\u00e4ngnis. Im Atombunker. Dort  nix Freiheit! Aber kennt man ja seit Corona zur Gen\u00fcge, den orwellschen Neusprech der EU-Politiker. Sicherheit ist Freiheit, Krieg ist Frieden, Zensur ist Demokratie und den ganzen anderen M\u00fcll, den ich mir gar nicht merken will. Und die EU als Garten zu bezeichnen und das Drumherum als Dschungel, ist auch ganz sicher nicht rassistisch, gelle!?! Zumindest nicht, wenns von den h\u00f6chsten EU-Politikern kommt.<\/p>\n<p>Analyse U-R-Exit-Strategie der n\u00e4chste Teil:<br \/>\n<a href='https:\/\/www.anti-spiegel.ru\/2023\/die-suche-der-usa-nach-einem-ausweg-aus-dem-ukraine-abenteuer\/'>https:\/\/www.anti-spiegel.ru\/2023\/die-suche-der-usa-nach-einem-ausweg-aus-dem-ukraine-abenteuer\/<\/a><br \/>\n&#8220;F\u00fcr Russland geht es schon lange nicht mehr \u201enur\u201c um die Ukraine, es geht generell um die Frage der Weltordnung. Solange ein Waffenstillstand in der Ukraine dazu f\u00fchrt, dass die von den USA dominierte Weltordnung gest\u00e4rkt wird, d\u00fcrfte Russland dazu nicht bereit sein.&#8221;<\/p>\n","protected":false},"excerpt":{"rendered":"<p>So, 11.6.2023<\/p>\n<p>Gestern Abend Regen, heute Morgen bedeckt und tiefe Wolken bis fast Sommerbergalm runter &#8211; so viel mal wieder zu den auf Bergfex gemeldeten wolkenlosen Sonnentagen, jedenfalls muss man da heute nicht viel erwarten.<\/p>\n<p>Die n\u00e4chsten Tage ist wieder etwas mehr Sonne gemeldet, aber am Ende der Woche wieder mehrere Tage regnerisch mit Schnee <a href=\"http:\/\/blog.inmontanis.info\/?p=8840\">[&#8230;]<\/a><\/p>\n","protected":false},"author":1,"featured_media":8844,"comment_status":"closed","ping_status":"closed","sticky":false,"template":"","format":"standard","meta":{"footnotes":""},"categories":[246,13,28],"tags":[72,42,38,54,90,47],"class_list":["post-8840","post","type-post","status-publish","format-standard","has-post-thumbnail","hentry","category-hintertux","category-austria","category-skifahren-sommer","tag-10eub","tag-4eub","tag-dsb","tag-gletschervergleich","tag-infrarot","tag-sl","odd"],"_links":{"self":[{"href":"http:\/\/blog.inmontanis.info\/index.php?rest_route=\/wp\/v2\/posts\/8840","targetHints":{"allow":["GET"]}}],"collection":[{"href":"http:\/\/blog.inmontanis.info\/index.php?rest_route=\/wp\/v2\/posts"}],"about":[{"href":"http:\/\/blog.inmontanis.info\/index.php?rest_route=\/wp\/v2\/types\/post"}],"author":[{"embeddable":true,"href":"http:\/\/blog.inmontanis.info\/index.php?rest_route=\/wp\/v2\/users\/1"}],"replies":[{"embeddable":true,"href":"http:\/\/blog.inmontanis.info\/index.php?rest_route=%2Fwp%2Fv2%2Fcomments&post=8840"}],"version-history":[{"count":4,"href":"http:\/\/blog.inmontanis.info\/index.php?rest_route=\/wp\/v2\/posts\/8840\/revisions"}],"predecessor-version":[{"id":8845,"href":"http:\/\/blog.inmontanis.info\/index.php?rest_route=\/wp\/v2\/posts\/8840\/revisions\/8845"}],"wp:featuredmedia":[{"embeddable":true,"href":"http:\/\/blog.inmontanis.info\/index.php?rest_route=\/wp\/v2\/media\/8844"}],"wp:attachment":[{"href":"http:\/\/blog.inmontanis.info\/index.php?rest_route=%2Fwp%2Fv2%2Fmedia&parent=8840"}],"wp:term":[{"taxonomy":"category","embeddable":true,"href":"http:\/\/blog.inmontanis.info\/index.php?rest_route=%2Fwp%2Fv2%2Fcategories&post=8840"},{"taxonomy":"post_tag","embeddable":true,"href":"http:\/\/blog.inmontanis.info\/index.php?rest_route=%2Fwp%2Fv2%2Ftags&post=8840"}],"curies":[{"name":"wp","href":"https:\/\/api.w.org\/{rel}","templated":true}]}}