{"id":8833,"date":"2023-06-10T19:09:40","date_gmt":"2023-06-10T17:09:40","guid":{"rendered":"http:\/\/blog.inmontanis.info\/?p=8833"},"modified":"2023-07-01T20:58:47","modified_gmt":"2023-07-01T18:58:47","slug":"hintertuxer-gletscher-8-10-6-2023","status":"publish","type":"post","link":"http:\/\/blog.inmontanis.info\/?p=8833","title":{"rendered":"Hintertuxer Gletscher, 8.-10.6.2023 &#8212; neue Vermattungen, schm\u00e4lere Abfahrten"},"content":{"rendered":"<p><strong>Sa, 3.6.2023<\/strong><\/p>\n<p>Heute kurzer Besuch in Deutschland bei meinem Vater und wohl mein erster McD-Besuch dieses Jahr? Nat\u00fcrlich wegen McRib, aber bei 4,99 \u20ac k\u00f6nnte das jetzt auch mein letztes gewesen sein. Unsch\u00f6n (aber nicht n\u00f6tig gewesen): Benzin kostet in DE weiterhin 0,20 &#8211; 0,30 \u20ac mehr pro Liter als in AT. <\/p>\n<p><a href='http:\/\/extra.inmontanis.info\/d\/99538-3\/DSC05792.jpg'><img src=http:\/\/extra.inmontanis.info\/d\/99537-4\/DSC05792.jpg \/><\/a><br \/>\n^ McRib, das beste, was McD zu bieten hat, leider nur in DE und mittlerweile um 4,99 :(<\/p>\n<p><strong>Mi, 7.6.2023<\/strong><\/p>\n<p>Nunja, 150 Skitage hatte ich diesen Winter ja schon geschafft, also unbedingt m\u00fcsste ich jetzt im Sommer nicht noch skifahren oder gar eine Saisonkarte kaufen, aber es b\u00f6te sich halt gewisserma\u00dfen an, das nochmals und vielleicht ein letztes Mal am Hintertuxer zu machen, zumal mir die Tageskartenpreise eh mittlerweile zu teuer sind. (1,5 Tage h\u00e4tte sich noch eher gelohnt.)<\/p>\n<p>Jedenfalls wollte ich ja, wie gesagt, erst einmal eine Nacht probeweise am Parkplatz verbringen und schauen, wieviel L\u00e4rm hier nachts ist. Also ging&#8217;s heute Nachmittag los, wobei ich ja wegen des morgigen Feiertags eh heute einkaufen musste. <\/p>\n<p>Somit es dann 3 M\u00f6glichkeiten gibt: morgen Saisonkarte kaufen, morgen gar nicht fahren und \u00fcbermorgen ab Mittag 1,5 Tage kaufen (bzw. generell nochmals eine Nacht probieren) oder gleich wieder wegfahren. Wobei sich dann die weite Hinfahrt aus Telfs nicht gelohnt h\u00e4tten, weil ich ja nochmals zur\u00fcck nach Telfs muss, bevor ich heimfahr, um alles einzuladen &#8211; und wegen der gr\u00fcnen Farbe w\u00fcrd ich ja eigentlich auch ganz gern heimfahren ;)<\/p>\n<p>Bei 27\u00b0 im Inntal und 40\u00b0 im Auto fuhr ich los, aber nachts am Parkplatz sollen es ja noch um oder unter 10\u00b0 werden momentan und die n\u00e4chsten Tage, d.h. ganz, ganz andere Vorzeichen als vorletztes Jahr in Schweden im Juni (mit 18-22\u00b0 nachts)&#8230;<\/p>\n<p>Im Lidl leider kein g\u00fcnstiges Cola Ligt\/Zero bekommen, also musste ich, zus\u00e4tzlich zu Billa oder Spar, auch noch an einem Hofer halten, \u00e4tzend. Gegen 15 Uhr kam ich in Innsbruck vorbei, wo es ziemlich Stau auf der Autobahn gab, sp\u00e4ter dann auch taleinw\u00e4rts im Zillertal etwas.<\/p>\n<p>Ebenfalls auf dem Weg wollte ich mir endlich etwas Gold kaufen, nat\u00fcrlich ist der Kurs mal wieder h\u00f6her als vor 1-2 Wochen, wo ich aber nicht an einem offenen H\u00e4ndler vorbei kam.<\/p>\n<p>Anstatt mir nur irgendwelche Barren zu kaufen, bin ich auch bei 2 Goldm\u00fcnzen und 1 Silberm\u00fcnze h\u00e4ngengebleiben, die Goldm\u00fcnzen sind ja nicht so weit vom Goldkurs entfernt bzw. haben dann entsprechende Ankaufspreise, bei Silber ist die Sache schon anders, auch weil dort Mwst. anf\u00e4llt im Gegensatz zu Gold. Bei der Silberm\u00fcnze wurde es der Pfau (so sch\u00f6n bunt), bei den Goldm\u00fcnzen 100 \u00f6sterreichische Kronen (wohl nicht original, sondern neugepr\u00e4gt) und einen britischen Sovereign zur Zeit Queen Victorias von 1891 &#8211; erstens, weil ich ja bekannter Viktorianer-Fan bin und zweitens weil die M\u00fcnze mit ihrem Alter auch eine gewisse Geschichte hat und man sich \u00fcberlegen kann, wer wohl vor \u00fcber 100 Jahren die M\u00fcnze alles in der Hand hatte und sich darum gekauft haben mag? Nennwert damals 1 Pfund, heutiger Goldwert ca. 450 \u20ac &#8230; was man sich damals wohl um so eine Pfundm\u00fcnze aus Gold kaufen konnte? <\/p>\n<p>Lt. Internet inflationsbereinigt hatte 1 Pfund damals wohl eine Kaufkraft von aktuell ca. 200 \u20ac. Also wenn man sich \u00fcberlegt, dass es heutzutage eine M\u00fcnze mit einem Nennwert von 100 oder 200 \u20ac geben sollte und man die im t\u00e4glichen Gesch\u00e4ftsbusiness verwendet anstatt mit Scheinen zu zahlt, ist schon ein komischer Gedanke f\u00fcr unsereins. <\/p>\n<p><a href='http:\/\/extra.inmontanis.info\/d\/99542-3\/DSC05799.jpg'><img src=http:\/\/extra.inmontanis.info\/d\/99541-4\/DSC05799.jpg \/><\/a><br \/>\n^ Der Preis dieser bunten Silberm\u00fcnze ist nat\u00fcrlich um einiges h\u00f6her als der reine Silberwert einer Unze, aber nat\u00fcrlich auch sch\u00f6ner anzusehen als ein Silberbarren ;) (Jaja, USA und Dollar, ich wei\u00df eh)<\/p>\n<p><a href='http:\/\/extra.inmontanis.info\/d\/99546-3\/DSC05802.jpg'><img src=http:\/\/extra.inmontanis.info\/d\/99545-4\/DSC05802.jpg \/><\/a><br \/>\n^ Die 100 Coronae (Kronen) aus \u00d6sterreich oben sind dagegen recht nah am Wert ihrer Feinunze Gold (aber vermutlich neu, nicht von 1915). Anders mit dem viktorianischen Sovereign unten ..<\/p>\n<p><a href='http:\/\/extra.inmontanis.info\/d\/99550-3\/DSC05803.jpg'><img src=http:\/\/extra.inmontanis.info\/d\/99549-4\/DSC05803.jpg \/><\/a><br \/>\n^ .. der ist wohl wirklich von 1891 und vielleicht sogar (eine Zeit lang) im Gesch\u00e4ftsleben im Umlauf gewesen. Lt. Wikipedia-Artikel wurden die nach einer gewissen Zeit aber aussortiert, weil sie durch Abrieb Gewicht verloren haben und dann das Goldgewicht nicht mehr gepasst hatte. Keine Ahnung, was meiner wiegt. <\/p>\n<p>Die Lagerung von Gold ist ja gleichzeitig ein Vor- und Nachteil: man muss es irgendwo lagern, aber es ist verglichen mit den Wert sehr klein zu lagern und leicht zu verstecken. 50g Gold sind mehr wert als mein Auto &#8230;<\/p>\n<p>Igendwie ja auch eine interessante Idee, einfach so eine oder mehrere Goldm\u00fcnzen wie den Sovereign als &#8220;Notgroschen&#8221; dabei zu haben, insb. auf Reisen &#8211; sollten dann die Bank- und Kreditkarten gesperrt werden, aus welchem Grund auch immer, oder keine Abhebung mehr in einem Land m\u00f6glich sein (oder in gewissen L\u00e4ndern generell nicht akzeptiert werden), k\u00f6nnte man seine Goldm\u00fcnzen oder einen kleinen Goldbarren in jedem Land zu Geld machen und m\u00fcsste keine Angst haben, geldlos zu stranden. Ok, man kann \u00fcberfallen werden, aber dann muss man sich halt ein paar Verstecke \u00fcberlegen und hier ein bisschen, dort ein bisschen verstauen&#8230;<\/p>\n<p>Am Hintertuxer angekommen, wow, was da schon wieder abging, man muss es nicht verstehen, dass das so geduldet wird. Keine Ahnung, ob diese Gruppe alle zusammengeh\u00f6rten, vmtl. eher nicht (viele verschiedene Kennzeichen), vielleicht aber doch, querparkend, ein ganzer Parkplatzbereich regelrecht &#8220;abgesperrt&#8221;, St\u00fchle und Tische drau\u00dfen, Dachzelte, Vorzelte .. ich stellte mich 1-2 Reihen richtung Gondelbahn vor, wo ich glaub ich sowieso wegen der vermehrten B\u00e4ume mich h\u00e4tte hinstellen wollen. <\/p>\n<p><a href='http:\/\/ski.inmontanis.info\/d\/320080-2\/DSC05796.jpg'><img src=http:\/\/ski.inmontanis.info\/d\/320079-3\/DSC05796.jpg \/><\/a><br \/>\n^ Viele &#8220;ordentliche&#8221; Camper sch\u00e4men sich f\u00fcr so ein Verhalten, insb. wenn das \u00dcbernachten hier ja nur &#8220;geduldet&#8221; ist und jederzeit untersagt werden kann&#8230;<\/p>\n<p>Regen und Fluss d\u00e4mpften etwas die anderen Ger\u00e4uasche. Ich k\u00f6nnte sonst auch noch 1-2 Reihen vor, allerdings dann weniger schattig und ggf. morgens fr\u00fcher belegt. Die 2cm links und rechts offenes Fenster reichten locker aus, die Temperatur vorm Schlafengehen zu senken. Vielleicht sollte ich in Erw\u00e4gung ziehen, mich doch auf einen sonnigeren Platz zu stellen, damit es nachts nicht zu kalt wird?<\/p>\n<p>Ab 22 Uhr, also in der Dunkelheit dann, wurde es (leider nicht ungew\u00f6hnlich) lauter, indem immer wieder Leute geh\u00e4mmert oder geklatscht und gejohlt hatten, einer fing wohl Gitarre zu spielen an, die gegen\u00fcber mit ihrem Vorzelt oder Zelt zwischen den Fahrzeugen hatten sogar ein Lagerfeuer gemacht .. wie gesagt, man muss sich echt wundern, dass das N\u00e4chtigen hier noch so geduldet wird &#8211; und wie lang das dann noch sein wird :( <\/p>\n<p>Ob ich da morgen aufs Skifahren verzichte und es noch mal n\u00e4chste Nacht eine Reihe weiter weg probiere? Oder doch heim, weil es im Sommer eher noch schlimmer wird?<\/p>\n<p>Nach 22:30 kamen noch zwei Vans hinter mir an mit entsprechendem T\u00fcrl\u00e4rm, ebenso 23:00 (oder es fuhren wieder welche weg), vielleicht gegen 23:30 h\u00f6rte die Musik auf, aber Unterhaltungen samt Gelache h\u00f6rte ich wohl noch bis 0:45\/1 Uhr. <\/p>\n<p><strong>Do, 8.6.2023<\/strong><\/p>\n<p>Die anderen Camper fingen dann leider auch schon um 6:30 mit dem aufweckenden T\u00fcr-Auf-T\u00fcr-Zu-Spiel an :( Gegen 7 Uhr fielen mir die Kuhglocken auf. <\/p>\n<p>Positiv immerhin am Hintertuxer, dass man sich als vielleicht einziges Sommerskigebiet nicht dem Diktat der Renngruppen unterwirft und nicht schon um 6 oder 7 Uhr \u00f6ffnet, sondern erst gegen 8 Uhr. Somit kamen die Skiclubs auch erst nach 7:30 Uhr. Ein Arschlochskifahrer neben mir musste mir aber morgens auch gleich mal seine T\u00fcr auf mein Auto rammen. Daf\u00fcr r\u00e4chte ich mich sp\u00e4ter entsprechend.<\/p>\n<p>Vom Sonnenstand her positiver (morgens fr\u00fcher w\u00e4rmende Sonne, abends fr\u00fcher Schatten) w\u00e4re ja der &#8220;rechte&#8221; Parkplatz (am neuen Parkhaus), der hat daf\u00fcr andere Nachteile (schr\u00e4g, Schotter und ein l\u00e4ngerer Fu\u00dfweg zur Talstation).<\/p>\n<p>Ich war mir also morgens weiterhin unklar, ob ich mir die Saisonkarte kaufen will oder abfahren soll.<\/p>\n<p>Wettervorhersagen w\u00e4ren ja ganz sch\u00f6n die n\u00e4chsten Tage, nur heute soll es ab Mittag etwas fr\u00fcher\/mehr regnen oder gewittern.<\/p>\n<p>Hintertux war ja einer meiner Entscheidungsfindungen hinsichtlich &#8220;Vanlife&#8221; \u00fcberhaupt bzw. dann im Ignis, da ich damals im Herbst mit der langen Sommrsasionkarte (die sich ja wegen des dann folgenden Lockdowns gar nicht gelohnt hatte) vormittags mal bei kaltem Wetter mind. 1 Stunde am ehemaligen PB-Parkplatz in Vorderlanersbach stand und dabei auch getestet hab, wie warm es im Auto bei Sonneneinstrahlung wird\/bleibt oder wie kalt es bei solchen Temperaturen trotzdem wird .. und es blieb warm genug.<\/p>\n<p>Damals, 2020, schrieb ich, dss das vielleicht mein allerletzter Besuch am Hintertuxer \u00fcberhaupt sein w\u00fcrde, nun, das hatte ja folgende Gr\u00fcnde:<br \/>\n1. weil ich annahm, dass ich im Sommer in Zukunft in Skandinavien (wie ich jetzt wei\u00df: viel zu warm) oder England (auf Dauer dann auch zu teuer seit den aktuellen Teuerungen) verbringen w\u00fcrde.<br \/>\n2. weil ich annahm, keine Tirolerpreise mehr zu bekommen, was ja mittels Arbeitsbest\u00e4tigung trotzdem noch geht, wobei mir die Tageskarten mittlerweile selbst da zu teuer w\u00e4ren.<br \/>\n3. nat\u00fcrlich auch wegen der fehlenden \u00dcbernachtungsm\u00f6glichkeit in der N\u00e4he. Aber wenn man am Parkplatz stehen darf..<\/p>\n<p>Ich lie\u00df mir also etwas Zeit, war um kurz vor 9 Uhr an der Kasse und kaufte mir halt doch die kurze Sommersaisonkarte. Mit 8 Tageskarten w\u00e4re sie eingfahren bzw. mit 10 auch f\u00fcr mich preislich akzeptabel. 2 Giveaways (darunter ein Multifunktionstuch) gab&#8217;s auch dazu.<\/p>\n<p>Die erste Kabine im GB2 stank dann gleich mal nach Zigarettenrauch, stimmt, man darf hier keinesfalls mit der Gruppe Mitarbeiter in einer Kabine fahren. Und vmtl. auch nicht mit den gestern nachts l\u00e4rmenden campern&#8230;.<\/p>\n<p>10EUB und DSB sind oben in Revision, trotzdem waren am GB3 nicht alle Kabinen am Seil.<\/p>\n<p>Erste Abfahrt von GW zum Olperer gleich mal sehr hart, bissl Eisregen schon nach 10h. Schmal sind sie geworden, etliche  Abfahrten am Gletscher &#8230;<\/p>\n<p>Ok, zum Saisonanfang zur Erinnerung die von mir verwendeten speziellen HiTux-Abk\u00fcrzungen:<br \/>\nTFH = Tuxerfernerhaus (2. Mittelstation)<br \/>\nGW = Gefrorene Wand<br \/>\nO (selten) = Olperer<br \/>\nGB = Gletscherbus (GB1 = Sektion 1, GB2 = Sektion 2, GB3 = Sektion 3)<br \/>\nZwiDeGo = Zwischen den Gondeln, Offpistebereich zwischen GB3 und 10EUB<\/p>\n<p>Gegen Mittag am Olperer auf der Lifttrasse wie auf der Abfahrt &#8211; ein \u00e4hnliches Insektenschauspiel wie zuletzt mal am M\u00f6lltaler, diesmal aber nicht zigtausende kleiner M\u00fccken, sondern zumindest hunderte oder mehr (junge\/kleine) Wespen o.\u00e4., die auf dem Schnee lagen und krabbelten und nicht mehr wegkamen. Vom Winde verweht .. ?<\/p>\n<p>Leider hab ich nicht um 12:00 aufgeh\u00f6rt, als es so dunkel aussah, daher um 12:40 etwas nass am TFH angekommen, an den SL oben starker Graupel\/Schneefall, zum TFH dann eher Regen. 30min sp\u00e4ter st\u00e4rkerer Regen, also runter.<\/p>\n<p><a href='http:\/\/ski.inmontanis.info\/d\/320084-2\/DSC05804_001.jpg'><img src=http:\/\/ski.inmontanis.info\/d\/320083-3\/DSC05804_001.jpg \/><\/a><br \/>\n^ Talstationen und Parkpl\u00e4tze<\/p>\n<p><a href='http:\/\/ski.inmontanis.info\/d\/320088-2\/DSC05810.jpg'><img src=http:\/\/ski.inmontanis.info\/d\/320087-3\/DSC05810.jpg \/><\/a><br \/>\n^ Zoom zu Kaserer und den beiden L\u00e4rmstange-KSB<\/p>\n<p><a href='http:\/\/ski.inmontanis.info\/d\/320092-2\/DSC05811_001.jpg'><img src=http:\/\/ski.inmontanis.info\/d\/320091-3\/DSC05811_001.jpg \/><\/a><br \/>\n^ Standardbild von Sektion 1<\/p>\n<p><a href='http:\/\/ski.inmontanis.info\/d\/320096-2\/DSC05814.jpg'><img src=http:\/\/ski.inmontanis.info\/d\/320095-3\/DSC05814.jpg \/><\/a><br \/>\n^ TFH-Hang rechts<\/p>\n<p><a href='http:\/\/ski.inmontanis.info\/d\/320100-2\/DSC05827_001.jpg'><img src=http:\/\/ski.inmontanis.info\/d\/320099-3\/DSC05827_001.jpg \/><\/a><br \/>\n^ TFH-Selbstversorgerraum, wurde mal umgebaut und hat jetzt einzelne Abteile, die anscheinend von den Gruppen bestellt werden k\u00f6nnen? Einen Mikrowellenofen scheints aber jetzt nicht mehr zu geben<\/p>\n<p><a href='http:\/\/ski.inmontanis.info\/d\/320104-2\/DSC05832_001.jpg'><img src=http:\/\/ski.inmontanis.info\/d\/320103-3\/DSC05832_001.jpg \/><\/a><br \/>\n^ Abfahrt 9a am Olperer, kommt mir schm\u00e4ler vor als fr\u00fcher<\/p>\n<p>Unten noch etwas an der Talstation abgewartet, bis es wieder trocken wurde, bevor ich zum Auto ging. Im schattigen Auto bscheidene 15\u00b0. Wollte ja l\u00e4rmtechnisch eh bisschen anderswo hin, Reihe 1, weniger Fu\u00dfweg, dort auch weniger hohe B\u00e4ume, vielleicht ein Vorteil momentan.<\/p>\n<p>Prinzipiell angedacht h\u00e4tte ich also jeweils einen Wechsel aus 10-14 Tagen Hintertux und 2-3 Wochen daheim, womit es 3-4 Besuchszeitr\u00e4ume hier geben w\u00fcrde, je nachdem, ob ich August auch fahr oder auslasse (auch je nachdem, ob\/was\/wie offen ist; evtl. aber k\u00fcrzer und ohne Telfs).<\/p>\n<p>Von einer kleinen 100-120g Fischdose mit 1,5 Semmeln werd ich nat\u00fcrlich nicht satt, daher zumindest nur 1 Semmel zum Fisch und noch 0,5 mit Lotus-Spekulatius-Creme bestrichen. Wie Nutella muss das nicht gek\u00fchlt werden.<\/p>\n<p>Gegen 16 Uhr stand dann mein Auto hier vorne sehr gef\u00e4hrdet, die \u00f6sterreichische Rennjugend spielte (vom Trainer inittiert, denn ich h\u00f6rte ihn das im GB2 am Telefon sagen) Tennis am Parkplatz, Italiener und\/oder Spanier Fussball und mein Auto dazwischen. Unn\u00f6tig zu sagen, dass es viele gro\u00dfe freie Parkfl\u00e4chen hier g\u00e4be, wo man beides mit weniger Autos drumherum machen k\u00f6nnte. Die Fussballerinnen h\u00f6rten bald mal auf, die Tennisspieler machten weiter und trafen &#8220;nat\u00fcrlich&#8221; auch irgendwann mein Auto. R\u00fccksichtslos ignorant vom Kind bis zum Trainer, diese Skiclubs. Muss wohl so sein, weil man sonst nicht zum Sieger wird?!<\/p>\n<p>Sp\u00e4ter wurde, in einer anderen Reihe des Parkplatzes (n\u00e4her wo ich gestern stand), noch Volleyball o.\u00e4. gespielt. Zu meiner Kinderzeit wurde man noch erzogen, nicht auf der Stra\u00dfe zu spielen, um keine Autos oder Hausfenster zu besch\u00e4digen&#8230;.<\/p>\n<p>Von der Gitarrenmusik usw. bekam ich heut weniger mit. <\/p>\n<p><strong>Fr, 9.6.2023<\/strong><\/p>\n<p>Erstmals aufgewacht bin ich heute sehr fr\u00fch aufgrund eines &#8220;Alarmvogels&#8221; mit pip-pip-pip &#8230;. pip-pip-pip &#8230;.. pip-pip &#8230;. pip+pip-pip-pip &#8230;. etc, sp\u00e4ter gabs mal eine kurze Hupe, irgendwann vereinzeltes T\u00fcrgeschlage, um 6:50 dann mehr\/n\u00e4her\/lauter.<\/p>\n<p>Nachttemperaturen innen 10\u00b0, morgens 12\u00b0, kam mir aber nicht so kalt vor, vom warmen Bett geht das problemlos. Aber wie wird das dann erst Ende September sein, wo die Sonne zudem noch tiefer steht? Da werd ich wohl Standheizung brauchen .. oder einen m\u00f6glichst sonnigen Parkplatz .. Die kam heute ab ca. 8:10 zu meinem Auto.<\/p>\n<p>Sah um die Uhrzeit ziemlich voll aus an der EUB, gut, dass ich erst nach 11 Uhr rauffahren muss ;) Morgen+\u00dcbermorgen k\u00f6nnte es wg. Wetter und weil ja noch verl\u00e4ngertes WE und so vielleicht noch etwas voller werden.. <\/p>\n<p>Erst nach 11 Uhr raufzufahren im Sommer ist f\u00fcr mich auch ungew\u00f6hnlich, trotz der schon gehabten Sommersaisonkarten. Andererseits gibts auch wenig Gletscherskigebiete, wo das \u00fcberhaupt noch sinnvoll m\u00f6glich ist, da die meisten Sommerskigebiete ja gegen Mittag aufh\u00f6ren. Hier sind dagegen ja die SL zumindst bis 13:30 offen und danach gibts noch Gondeln und DSB, bzw. wenn die DSB nicht l\u00e4uft, hat ja der GW-SL l\u00e4nger offen, wie derzeit.<\/p>\n<p>Ging auch heute ganz gut zu fahren, nachmittags im Traningsbereich an der GW toll zu fahren, Olperer auch nicht zu schiebelastig zu Mittag. TFH-Hang war mittags dann aber tiefer aufgefahren als gestern, aber bei meiner letzten Fahrt bin ich eine der alternativen Varianten nebendran gefahren, wie \u00fcblich besser. In den Gondelkabinen kleben \u00fcbrigens immer noch die Maskenaufkleber, k\u00f6nnt man ja endlich mal runtertun.<\/p>\n<p><a href='http:\/\/ski.inmontanis.info\/d\/320108-2\/DSC05836_002.jpg'><img src=http:\/\/ski.inmontanis.info\/d\/320107-3\/DSC05836_002.jpg \/><\/a><br \/>\n^ Zoom TFH\/ZwiDeGo von Sektion 1<\/p>\n<p><a href='http:\/\/ski.inmontanis.info\/d\/320112-2\/DSC05837_002.jpg'><img src=http:\/\/ski.inmontanis.info\/d\/320111-3\/DSC05837_002.jpg \/><\/a><br \/>\n^ Talstation KSB L\u00e4rmstange und Schneiteich<\/p>\n<p><a href='http:\/\/ski.inmontanis.info\/d\/320116-2\/DSC05841.jpg'><img src=http:\/\/ski.inmontanis.info\/d\/320115-3\/DSC05841.jpg \/><\/a><br \/>\n^ L\u00e4rmstange KSB 1\/2, Kaserer 1\/2<\/p>\n<p><a href='http:\/\/ski.inmontanis.info\/d\/320120-2\/DSC05844_001.jpg'><img src=http:\/\/ski.inmontanis.info\/d\/320119-3\/DSC05844_001.jpg \/><\/a><br \/>\n^ Gletscherflohpark? Heuer noch nix<\/p>\n<p><a href='http:\/\/ski.inmontanis.info\/d\/320124-2\/DSC05845_001.jpg'><img src=http:\/\/ski.inmontanis.info\/d\/320123-3\/DSC05845_001.jpg \/><\/a><br \/>\n^ Blick zum Olperer von GW<\/p>\n<p><a href='http:\/\/ski.inmontanis.info\/d\/320128-2\/DSC05848.jpg'><img src=http:\/\/ski.inmontanis.info\/d\/320127-3\/DSC05848.jpg \/><\/a><br \/>\n^ GW-SL und -DSB<\/p>\n<p><a href='http:\/\/ski.inmontanis.info\/d\/320132-2\/DSC05853.jpg'><img src=http:\/\/ski.inmontanis.info\/d\/320131-3\/DSC05853.jpg \/><\/a><br \/>\n^ Zoom von Olperer zu 10EUB\/DSB samit diverser Mattenfelder (das eine in der Mitte neben der Piste ist neu) + Bearbeitung des Schnees im pistenfreien Bereich (oder standen da Schneefangz\u00e4une?)<\/p>\n<p>(Verglichen mit sonst sind zu der Zeit sind kaum noch Matten im Depot vorhanden, d.h. man hat heuer fr\u00fcher oder schneller die Matten verlegt.)<\/p>\n<p><a href='http:\/\/ski.inmontanis.info\/d\/320136-2\/DSC05854.jpg'><img src=http:\/\/ski.inmontanis.info\/d\/320135-3\/DSC05854.jpg \/><\/a><br \/>\n^ Abfahrten rechts an der GW, wg. Vermattung linksseitig (und Felsausaperungen) auch immer schm\u00e4ler<\/p>\n<p><a href='http:\/\/ski.inmontanis.info\/d\/320140-2\/DSC05855.jpg'><img src=http:\/\/ski.inmontanis.info\/d\/320139-3\/DSC05855.jpg \/><\/a><br \/>\n^ Blick zur GW vom Olperer<\/p>\n<p><a href='http:\/\/ski.inmontanis.info\/d\/320144-2\/DSC05857.jpg'><img src=http:\/\/ski.inmontanis.info\/d\/320143-3\/DSC05857.jpg \/><\/a><br \/>\n^ Eigenartiger neuer Abschnitt an der GW, anscheinend kleine Sprungschanzen (dekativiert) und Buckelpiste (von Skiclubs auch verwnedet)<\/p>\n<p><a href='http:\/\/ski.inmontanis.info\/d\/320148-2\/DSC05860.jpg'><img src=http:\/\/ski.inmontanis.info\/d\/320147-3\/DSC05860.jpg \/><\/a><br \/>\n^ Vermattungen im Bereich TFH-Abfahrt \/ 10 EUB. Beide Mattenfelder kommen mir relativ breit vor<\/p>\n<p><a href='http:\/\/ski.inmontanis.info\/d\/320152-2\/DSC05861.jpg'><img src=http:\/\/ski.inmontanis.info\/d\/320151-3\/DSC05861.jpg \/><\/a><br \/>\n^ Depot am oberen Kaserer-Weg, ggf. f\u00fcr die Herbst\u00f6ffnung<\/p>\n<p><a href='http:\/\/ski.inmontanis.info\/d\/320156-2\/DSC05866.jpg'><img src=http:\/\/ski.inmontanis.info\/d\/320155-3\/DSC05866.jpg \/><\/a><br \/>\n^ Ging ja fix, gestern war noch nichts vermattet, heute ist man schon fast fertig. Sch\u00f6n, dass rechts wieder ein Bereich frei bleibt, somit kann man den tief sulzbuckeligen TFH-Hang links im Bild nachmittags umfahren. Warum die Abfahrt nicht generell anders gef\u00fchrt wird, schade eigentlich<\/p>\n<p><a href='http:\/\/ski.inmontanis.info\/d\/320160-2\/DSC05869_001.jpg'><img src=http:\/\/ski.inmontanis.info\/d\/320159-3\/DSC05869_001.jpg \/><\/a><br \/>\n^ TFH-Hang Vermattungen<\/p>\n<p><a href='http:\/\/ski.inmontanis.info\/d\/320164-2\/DSC05871_001.jpg'><img src=http:\/\/ski.inmontanis.info\/d\/320163-3\/DSC05871_001.jpg \/><\/a><br \/>\n^ Neue und zwar sehr gro\u00dfe Vermattung neben dem GW-SL, wodurch der Traingshang hier entschieden verkleinert wird. Quasi in Reihe dann unten im Flachst\u00fcck nochmal ein Mattenfeld (nur als Depot oder apert hier auch schon was aus???)<\/p>\n<p><a href='http:\/\/ski.inmontanis.info\/d\/320168-2\/DSC05873.jpg'><img src=http:\/\/ski.inmontanis.info\/d\/320167-3\/DSC05873.jpg \/><\/a><br \/>\n^ Ungewohnt auch der direkte \u00dcbergang zwischen DSB-Abfahrt und Trainingshang. Sonst gabs da einen Absatz und hier war die gesammelte Einfahrt in den Trainingshang. Wie das wohl im Sommer dann um 14 Uhr abgesperrt wird? Und hatte es nicht irgendwo im mittleren Bereich nochmals einen Haken f\u00fcr die Windenpr\u00e4parierung?<\/p>\n<p><a href='http:\/\/ski.inmontanis.info\/d\/320172-2\/DSC05882_001.jpg'><img src=http:\/\/ski.inmontanis.info\/d\/320171-3\/DSC05882_001.jpg \/><\/a><br \/>\n^ Trainingspiste GW-Hang rechts, ging heut Nachmittag super zu fahren<\/p>\n<p><a href='http:\/\/ski.inmontanis.info\/d\/320176-2\/DSC05886.jpg'><img src=http:\/\/ski.inmontanis.info\/d\/320175-3\/DSC05886.jpg \/><\/a><br \/>\n^ Nochmals der nun weggefallene Abschnitt des Trainingshangs an den GW-SL aufgrund der gro\u00dfen Vermattung. Anscheinend kam da letztes Jahr Fels raus?<\/p>\n<p><a href='http:\/\/ski.inmontanis.info\/d\/320180-2\/DSC05889.jpg'><img src=http:\/\/ski.inmontanis.info\/d\/320179-3\/DSC05889.jpg \/><\/a><br \/>\n^ .. und das neue Mattenfeld im Becken, das hoffentlich nur aus Depotzwecken f\u00fcr den Herbst existiert und es noch keine Felsausaperung hier droht<\/p>\n<p><a href='http:\/\/ski.inmontanis.info\/d\/320184-2\/DSC05895.jpg'><img src=http:\/\/ski.inmontanis.info\/d\/320183-3\/DSC05895.jpg \/><\/a><br \/>\n^ GW-Hang, dass das auf Fotos immer so flach aussehen muss hier &#8230;<\/p>\n<p><a href='http:\/\/ski.inmontanis.info\/d\/320188-2\/DSC05897.jpg'><img src=http:\/\/ski.inmontanis.info\/d\/320187-3\/DSC05897.jpg \/><\/a><br \/>\n^ Und nochmals das neue, gro\u00dfe Mattenfeld links vom GW-SL<\/p>\n<p><a href='http:\/\/ski.inmontanis.info\/d\/320192-2\/DSC05901.jpg'><img src=http:\/\/ski.inmontanis.info\/d\/320191-3\/DSC05901.jpg \/><\/a><br \/>\n^ An der TFH-Abfahrt im Flachst\u00fcck findet man diese Windfahne?!<\/p>\n<p><a href='http:\/\/ski.inmontanis.info\/d\/320196-2\/DSC05902.jpg'><img src=http:\/\/ski.inmontanis.info\/d\/320195-3\/DSC05902.jpg \/><\/a><br \/>\n^ TFH-Abfahrt, Vermattung relativ breit und weit nach rechts gezogen, Abfahrt schmal<\/p>\n<p><a href='http:\/\/ski.inmontanis.info\/d\/320200-2\/DSC05904_001.jpg'><img src=http:\/\/ski.inmontanis.info\/d\/320199-3\/DSC05904_001.jpg \/><\/a><br \/>\n^ TFH-Abfahrt, mittlerweile sehr weit von der Beschneiung entfernt, wobei ich ja noch nicht mal auf der Abfahrt bin (links im Bild) sondern offpiste am Pistenraupenweg!<\/p>\n<p><a href='http:\/\/ski.inmontanis.info\/d\/320204-2\/ge20230609a.jpg'><img src=http:\/\/ski.inmontanis.info\/d\/320203-3\/ge20230609a.jpg \/><\/a><br \/>\n^ Ein Blick auf den GPS-Track offenbart, dass im Flachst\u00fcck die Abfahrt tats\u00e4chlich anders trassiert wurde (Magenta = aktuell, Gelb = paar vorherige Besuche der letzten Jahre); der oberste Magenta-Strich ist aktuell nur noch der Pistenraupenweg<\/p>\n<p><a href='http:\/\/ski.inmontanis.info\/d\/320208-2\/ge20230609c.jpg'><img src=http:\/\/ski.inmontanis.info\/d\/320207-3\/ge20230609c.jpg \/><\/a><br \/>\n^ Die neue Vermattung am GW-SL, was heuer so gro\u00df ist links vom SL begann letztes Jahr mit einem kleinen Feld, wo man im oberen rechten Bereich ja schon meint, dass da ein Fels unter den Matten sein k\u00f6nnte. Die rechten Mattenbahnen waren sonst ebenfalls nicht.<\/p>\n<p><a href='http:\/\/ski.inmontanis.info\/d\/320212-2\/ge20230609e.jpg'><img src=http:\/\/ski.inmontanis.info\/d\/320211-3\/ge20230609e.jpg \/><\/a><br \/>\n^ Viel d\u00fcsterer schaut die Sache am Kaserer aus, Sat-Bild vom letzten Sommer mit sehr viel Vermattung<\/p>\n<p><a href='http:\/\/ski.inmontanis.info\/d\/320216-2\/ge20230609f.jpg'><img src=http:\/\/ski.inmontanis.info\/d\/320215-3\/ge20230609f.jpg \/><\/a><br \/>\n^ Sat-Bild Bereich Olperer-Kaserer vom letzten Sommer<\/p>\n<p><a href='http:\/\/ski.inmontanis.info\/d\/320220-2\/ge20230609g.jpg'><img src=http:\/\/ski.inmontanis.info\/d\/320219-3\/ge20230609g.jpg \/><\/a><br \/>\n^ Sat-Bild Bereich ZwiDeGo  vom letzten Sommer, nur noch ein k\u00fcmmerliches Restgletscherfeld<\/p>\n<p>Nach ca. 11 Uhr d\u00fcrfte mein Auto zumindest teilweise im Schatten gestanden sein, um 16:20 nach etwas offener T\u00fcr (und tags\u00fcber etwas ge\u00f6ffneter Fenster) waren es 24,9\u00b0 mit Maximum heute bei 28,2\u00b0 &#8211; das ist absolut akzeptabel.<\/p>\n<p>Auch heute Nachmittag spielten wieder 2 von den gestrigen 4 Tennis am Parkplatz, diesmal mit zwei anderen Autos noch n\u00e4her als meines, zwei weitere wagten sich noch n\u00e4her hinzustellen. Nicht weiter verwunderlich, dass ich mal h\u00f6rte, wie ihr Ball mal wieder ein Auto traf. Wahrscheinlich m\u00fcssen sie erst eine Scheibe kaputt einschlagen, so ein bisschen zerkratzter Lack oder eine Delle bei Ballber\u00fchrung ist ihnen egal und wird ignoriert.<\/p>\n<p>Und weil es noch nicht genug Gefahren gab, kamen sp\u00e4ter noch zwei und flogen mit einer Drohnen herum &#8211; nicht sonderlich gut, wie es scheint, denn sie haben sie in den Baum neben meinem Auto gesteuert. Zum Runterholen wurde dann eine Flasche Wasser geworfen, zum Gl\u00fcck fiel weder die Flasche noch die Drohne auf mein Auto. <\/p>\n<p>Das kannste dir nicht einfallen, was hier abgeht&#8230;.<\/p>\n<p>Oh Mann, nicht im ernst, oder? Abends kamen ein paar alte VW K\u00e4fer, der Parkplatz (auf dem auch ich stand) wurde abgesperrt und ich mitten im abgesperrten Bereich (man h\u00e4tte ja auch was sagen k\u00f6nnen, dass ich wegfahren soll?!), irgendeine B\u00fchne oder Bierverkauf oder so wurde aufgebaut &#8230; oh nein oh nein oh nein oh nein :(<\/p>\n<p>Wenn ich hier stehen bleibe und keiner was sagt, dass ich gehen soll, k\u00f6nnte es sein, dass ich morgen Nachmittag hier gefangen bin und den L\u00e4rm bis sp\u00e4t in die Nacht ertragen muss, je nachdem wie lang das geht?<\/p>\n<p>Naja, lt. Veranstaltungskalender ist es nur ein &#8220;Oldtimer-Tagestreffen&#8221; von 10-16h. Aber warum k\u00f6nnen die das nicht auf den anderen Parkpl\u00e4tzen machen, die weiter weg von der Gondelbahn sind??? Warum muss es von den mind. 4 Parkpl\u00e4tzen hier ausgerechnet der direkt an der Seilbahn sein und man damit die Skifahrer und Seilbahnben\u00fctzer benachteiligen??<\/p>\n<p>H\u00e4tt ich mir damals einen VW T1 Bully gekauft und als Camper ausgebaut, h\u00e4tt ich wohl problemlos passend hier stehen bleiben k\u00f6nnen ;) Aber f\u00fcrs Wintercamping in SKandinavien ist das wohl nix. Bin also doch noch rausgefahren aus dem abgesperrten Bereich (als vorletztes Auto) und bin vorsorglich weiter weg, also auf den Schotterplatz vor der neuen Tiefgarage der wohl aufgrund seiner Schr\u00e4ge bei den Campern unbeliebt ist &#8211; umso ruhiger f\u00fcr mich und von der Sonne morgens ja auch positiver, aber halt weiterer Weg zur Talstation, insb. falls man morgens w\u00e4hrend der Arbeit mal aufs Klo muss. <\/p>\n<p>3. Nacht 3. Platz oder wie, also sowas bescheuertes.<\/p>\n<p><strong>Sa, 10.6.2023<\/strong><\/p>\n<p>Boah, das kannste dir echt nicht ausdenken. Wieder einmal wurde ich schon vor 6:45 von einem Motorenger\u00e4usch geweckt, das mich nicht mehr einschlafen lie\u00df. Ich tippte erst auf Motors\u00e4ge o.\u00e4 im Zuge des Umbaus des Hotels hier neben dem Parkplatz, nein, es war noch eine viel sinnlosere fr\u00fche L\u00e4rmbel\u00e4sitgung: Das bisschen Gras hier am Parkplatz zB unter den B\u00e4umen WURDE NAT\u00fcRLICH AUSGERECHNET HEUTE MORGEN mit einem Handm\u00e4her gem\u00e4ht, boah!!! Da wird man wohl auch einige Hotelg\u00e4ste mit ge\u00e4gert haben. Keinerlei R\u00fccksicht mehr heutzutage. Aber samstags fahren die Hotelg\u00e4ste ja eh ab oder wie. Hat mich in Innsbruck auch schon immer genervt, wenn schon vor 7 Uhr solche Heckenschneider oder Laubbl\u00e4ser in der Gegend unterwegs waren und mich geweckt hatten.<\/p>\n<p><a href='http:\/\/ski.inmontanis.info\/d\/320224-2\/DSC05909.jpg'><img src=http:\/\/ski.inmontanis.info\/d\/320223-3\/DSC05909.jpg \/><\/a><br \/>\n^ M\u00e4harbeiten sind manchmal n\u00f6tig, aber schon ab vor 6:45?? Und ausgerechnet heute??<\/p>\n<p><a href='http:\/\/ski.inmontanis.info\/d\/320228-2\/DSC05911.jpg'><img src=http:\/\/ski.inmontanis.info\/d\/320227-3\/DSC05911.jpg \/><\/a><br \/>\n^ Das neue Parkhaus, im Sommer nicht offen<\/p>\n<p>Jedenfalls kam hier die Sonne schon weit vor 8 Uhr ans Auto. Da ich aber ja nicht vor ca. 8:45 an der Gondel sein will (eh zu voll sonst), h\u00e4tte ich heut ja eigentlich etwas l\u00e4nger schlafen wollen..<\/p>\n<p>Keine Wartezeiten um 8:40 an der 8EUB, aber am GB2 noch 2 Kabinen, weil ja wegen der Stehpl\u00e4tze dort nicht so viel einsteigen. <\/p>\n<p>Trotz gem\u00fchtlichem WC-Gang dann am TFH war es am GB3 um 9:15 noch voller, weil<br \/>\n&#8211; 10EUB noch in Revision<br \/>\n&#8211; nicht alle Kabinen am Seil sind<br \/>\n&#8211; sie nicht ganz voll gef\u00fcllt wurden.<\/p>\n<p>Da am Olperer nur 1 Lift offen war (vorgestern beide bis nach 12 Uhr), fuhr ich gleich mal die TFH-Abfahrt, die ja eh um die Uhrzeit am sch\u00f6nsten ist.<\/p>\n<p>Obwohl auf der Tafel noch auf &#8220;Rot&#8221;, war auch die DSB heute offen &#8212; schade, denn dann f\u00e4hrt ja der GW-SL auch nur noch bis 13:30 und man kann die Trainingsabfahrten nachmittags nicht mehr so sch\u00f6n fahren.<\/p>\n<p>Bei meiner n\u00e4chsten Fahrt lief der rechte Olperer-SL, blieb dann unterwegs l\u00e4nger stehen, konnte dann aber noch rauf fahren und wurde danach komplett eingestellt. <\/p>\n<p>Daf\u00fcr waren dann mal beide GW-SL in Betrieb, die w\u00e4hrend meiner ersten DSB-Abfahrt aber auch eine l\u00e4ngere Pause hatten. Und der zweite O-SL fuhr dann doch wieder :) Somit heute alle 4 SL plus DSB plus Seillift in Betrieb. Ja, entsprechend voll war&#8217;s.<\/p>\n<p>Wetterm\u00e4\u00dfig aber schlechter als gestern, immer wieder Wolken, die f\u00fcr Nebel sorgten; Schnee war auch etwas pappiger (und der Sand kam auch wieder durch). Trainingsbereich heut Nachmittag sehr zerfahren und nur wenig lohnenswerte Stellen dabei, daher nach 13h aufgeh\u00f6rt, eh oft genug heute alles gefahren. 2-4 Stunden pro Tag reichen mir hier locker, wenn ich mehrere Tage hintereinander da bin. <\/p>\n<p><a href='http:\/\/ski.inmontanis.info\/d\/320232-2\/DSC05913.jpg'><img src=http:\/\/ski.inmontanis.info\/d\/320231-3\/DSC05913.jpg \/><\/a><br \/>\n^ TFH-Hang, dass von links der Schnee rausgeschoben wird, kommt mir jetzt auch nicht so bekannt vor. Ob der hier als Depot bleibt oder verteilt wird?<\/p>\n<p><a href='http:\/\/ski.inmontanis.info\/d\/320236-2\/DSC05916_001.jpg'><img src=http:\/\/ski.inmontanis.info\/d\/320235-3\/DSC05916_001.jpg \/><\/a><br \/>\n^ DSB in Betrieb, hat seine Vor- und Nachteile, aber m\u00f6ge sie uns noch lang erhalten bleiben oder maximal wieder mit einer DSB ersetzt werden. (An einigen St\u00fctzen ist der Lack etwas ab und drunter dunkel\/stark verrostet. Aber mit BJ 1976 nur ein Jahr j\u00fcnger als ich.)<\/p>\n<p><a href='http:\/\/ski.inmontanis.info\/d\/320240-2\/DSC05919.jpg'><img src=http:\/\/ski.inmontanis.info\/d\/320239-3\/DSC05919.jpg \/><\/a><br \/>\n^ GW-Hang von DSB<\/p>\n<p><a href='http:\/\/ski.inmontanis.info\/d\/320244-3\/DSC05923.jpg'><img src=http:\/\/ski.inmontanis.info\/d\/320243-4\/DSC05923.jpg \/><\/a><br \/>\n^ DSB-Ausfahrt hat oben noch sehr sch\u00f6n viel Schnee<\/p>\n<p><a href='http:\/\/ski.inmontanis.info\/d\/320248-3\/DSC05928_001.jpg'><img src=http:\/\/ski.inmontanis.info\/d\/320247-4\/DSC05928_001.jpg \/><\/a><br \/>\n^ TFH-Abfahrt, der Zwischenweg am TFH-Hang kommt mir auch etwas schm\u00e4ler vor, die Vermattung geht vielleicht etwas weiter hinauf (hatte sonst ja oft das Problem, dass es irgendwann zwischen Piste und Vermattung einen schneefreien Bereich gab)<\/p>\n<p><a href='http:\/\/ski.inmontanis.info\/d\/320252-3\/DSC05929.jpg'><img src=http:\/\/ski.inmontanis.info\/d\/320251-4\/DSC05929.jpg \/><\/a><br \/>\n^ Wenn der Schnee an der Ausfahrt  DSB so hoch ist, kann man sch\u00f6n \u00fcber die Kante zum GB3 schauen<\/p>\n<p>Da ich so fr\u00fch aufgeh\u00f6rt hab, sah ich mir mal die Preise im Restaurant TFH an, hab mir nicht alles notiert, aber etliches:<\/p>\n<p>1\/2 hendl pommes 12,50<br \/>\nSchnitzel Pommes 14,90<br \/>\nschweinebraten kn\u00f6del kraut 13,80<br \/>\nkassler p\u00fcree gem\u00fcse 13,80<br \/>\nstroganoff sp\u00e4tzle 13,80<br \/>\nzigeunerkotelett reis gem\u00fcse 13,80<br \/>\nspaghetti 11,60<br \/>\npommes gro\u00df 8,10 (klein bei den kindern 5,irgendwas)<br \/>\nschinken-k\u00e4se-toast 11,90 ohne Pommes wie was warum so teuer??!!<br \/>\nw\u00fcrstel pommes 10,50<br \/>\ncurrywurst pommes 12,70<br \/>\nbratwurst pommes 11,60<br \/>\ngrillteler pommes gem\u00fcse 17,60<br \/>\npullled pork burger pommes 13,80<br \/>\nsalatbuffert teller war glaub ich 5,40-6,20 je nach gr\u00f6\u00dfe<br \/>\n1 semmel 1,40 (!)<\/p>\n<p>Generell etwas g\u00fcnstigere Preise also als am M\u00f6lltaler. Wei\u00df aber nicht, ob es hier auch offiziell Trinkwasser zum gratis zapfen gibt. Aber ich trink mittlerweile eh aus meiner Flasche, wenn ich da mittags in ein SB-Restaurant essen geh bei den Preisen &#8230;<\/p>\n<p>Wollte ja heute gar nichts kaufen, aber nahm dann doch die Currywurst mit Pommes. Die war so weit gut, sch\u00f6n viel Ketchup, dicke Wurst (dankenswerterweise keine dicke\/harte Haut und auch keine Bratwurst, sondern eine normal-rote Wurst), viel Pommes, da wird man gut satt. K\u00f6nnte mir auch noch das eine oder andere vorstellen, zB das 1\/2 Hendl oder was von den so\u00dfigeren Speisen oder nat\u00fcrlich Salatbuffet.<\/p>\n<p><a href='http:\/\/ski.inmontanis.info\/d\/320256-3\/DSC05930.jpg'><img src=http:\/\/ski.inmontanis.info\/d\/320255-4\/DSC05930.jpg \/><\/a><br \/>\n^ Currywurst mit Pommes<\/p>\n<p>Der Parkplatz hier ist ja fast zu schattig: 14:45 am Auto nur 21,4\u00b0 im Auto und max. Temp. 24,1\u00b0. ok, es war auch nicht gar so sonnig heute. Direkt nach dem Skifahren h\u00e4tt ich ja an der Fahrert\u00fcr gern etwas Sonne, dann w\u00fcrde die Hose schneller\/besser trocknen. Um 19:30, als ich den Bericht hier soweit fertig hatte, fing es zu regnen an.<\/p>\n<p>Dass es heut so voll hier war, k\u00f6nnte nat\u00fcrlich auch dran liegen, dass es jetzt in AT kein weiteres offenes Skigebiet mehr gibt und es sonst &#8220;in der N\u00e4he&#8221; auch nur das Stilfserjoch noch gibt. Sonst hatten ja wenigstens noch Kitzsteinhorn und Stubai bis Mitte\/Ende Juni oder Juli offen.<\/p>\n<p>Seit heute sollte auch der Pisaillas &#8211; Gletscher in Val d&#8217;Isere wieder zum Skifahren offen sein, geplant w\u00e4re eine \u00d6ffnung laut Website bis 7.7. (7-12h)<\/p>\n<p>Ob L2A jetzt aktuell f\u00fcr alle offen hat oder nur f\u00fcr Skiclubs, wie es ja da Anfang Mai mal hie\u00df, ist nicht mehr so genau zu erkennen, vermutlich wohl doch f\u00fcr alle, aber laut Beschreibung nur noch auf einer einzigen Piste. Die &#8220;Tageskarte&#8221; (8:30-12:30) kostet jeweils 45,- \u20ac. Damit ist sie zwar immer noch g\u00fcnstiger als in Hintertux, aber nicht mehr so g\u00fcnstig im Vergleich wie sie mal war, insb. als sie damals ja auch wirklich den ganzen Tag galt, nachmittags an den anderen Liften Fu\u00dfg\u00e4nger\/Mountainbike, das scheint nun nicht mehr der Fall zu sein.<\/p>\n<p><em>N\u00e4chster Bericht in ca. 1-2 Wochen, wenn ich wieder daheim bin.<\/em><\/p>\n<p>&#8212;<\/p>\n<p>&#8220;Leider&#8221; hab ich in den letzen eineinhalb Wochen auch wieder etliche politische Artikel gelesen, die ich hier verlinken &#8220;muss&#8221;&#8230;<\/p>\n<p>Netter Satz, insb. die alternative Bezeichnung &#8220;Phontosynthese-Leugner&#8221; f\u00fcr die Klimawandel-Hysteriker ;)<br \/>\n&#8220;Heute glauben sogar \u201estudierende Saras\u201c und \u201eGr\u00fcne Politiker\u201c, die als Photosynthese-Leugner zu kennzeichnen sind, an diese Fiktion und kleben sich teilweise auf die Stra\u00dfe, um ihre CO\u2082-Klimawandel-Psychose auszuleben.&#8221;<br \/>\n<a href='https:\/\/reitschuster.de\/post\/von-der-corona-angst-zur-klima-panik\/'>https:\/\/reitschuster.de\/post\/von-der-corona-angst-zur-klima-panik\/<\/a><\/p>\n<p><a href='https:\/\/www.anti-spiegel.ru\/2023\/laut-us-uni-haben-die-kriege-der-usa-in-20-jahren-45-millionen-menschen-getoetet\/'>https:\/\/www.anti-spiegel.ru\/2023\/laut-us-uni-haben-die-kriege-der-usa-in-20-jahren-45-millionen-menschen-getoetet\/<\/a><br \/>\n&#8220;Eine renommierte US-Universit\u00e4t hat untersucht, wie viele Opfer die US-Kriege seit 9\/11 gekostet haben. Sie kam auf 4,5 bis 4,6 Millionen Todesopfer&#8221; \/ &#8220;, wobei etwa eine Million direkt bei Kampfhandlungen get\u00f6tet wurde, w\u00e4hrend der Rest Opfer der Kriegsfolgen wurde.&#8221; \/ &#8220;. Man fragt sich, wo die Sanktionen der EU f\u00fcr diese brutalen Angriffskriege der USA sind.&#8221;<br \/>\n&#8220;Kein anderes Land der Welt hat nach dem Zweiten Weltkrieg so viel Ungl\u00fcck \u00fcber Dutzende Millionen von Menschen gebracht, wie die USA in den letzten 20 Jahren. Das einzige Regime, das in den letzten 120 Jahren mehr Leid erzeugt hat, waren die deutschen Nazis.&#8221;<br \/>\n&#8220;Alle Kriege, die die USA in den letzten 22 Jahren seit 9\/11 gef\u00fchrt haben, waren laut V\u00f6lkerrecht illegale Angriffskriege, die unter erfundenen Vorw\u00e4nden vom Zaun gebrochen wurden, was beim Irakkrieg nicht einmal die USA selbst bestreiten.&#8221;<\/p>\n<p><a href='https:\/\/www.anti-spiegel.ru\/2023\/kiew-will-moskau-zu-angriffen-auf-ukrainische-wohngebiete-provozieren\/'>https:\/\/www.anti-spiegel.ru\/2023\/kiew-will-moskau-zu-angriffen-auf-ukrainische-wohngebiete-provozieren\/<\/a><br \/>\n&#8220;Kiew will Moskau zu Angriffen auf ukrainische Wohngebiete provozieren&#8221; &#8211; &#8220;Es ist klar, dass Russland nicht genauso reagieren wird.&#8221;<\/p>\n<p>Tja, zum Staudamm.. egal ob der nun von einer der beiden Seiten gesprengt wurde oder z.B. aufgrund des ukrainischen Beschusses von vor einigen Monaten nun gebrochen ist &#8211; f\u00fcr viele der westlichen gro\u00dfen Medien und Politiker ist es &#8220;nat\u00fcrlich&#8221;, noch nicht mal mit einem &#8220;wohl&#8221; oder &#8220;wahrscheinlich&#8221;, glas klar: &#8220;die Russen waren&#8217;s&#8221; (auch wenn die Ukraine etwas mehr Vorteile davon hat) &#8211; die \u00fcbliche pauschale Vorverurteilung ohne europ\u00e4ischen Rechtsgedanken, dass die Schuld erst einmal beweisen werden m\u00fcsste&#8230; (das sind also die europ\u00e4ischen Werte, die verteidigt werden sollen?!)<\/p>\n<p><a href='https:\/\/meinungsfreiheit.rtde.life\/meinung\/171977-causa-kachowka-damm-plan-und\/'>https:\/\/meinungsfreiheit.rtde.life\/meinung\/171977-causa-kachowka-damm-plan-und\/<\/a><br \/>\n<a href='https:\/\/www.anti-spiegel.ru\/2023\/was-ueber-den-bruch-des-kachowka-staudamms-bekannt-ist\/'>https:\/\/www.anti-spiegel.ru\/2023\/was-ueber-den-bruch-des-kachowka-staudamms-bekannt-ist\/<\/a><br \/>\n<a href='https:\/\/www.anti-spiegel.ru\/2023\/warum-luegt-der-spiegel-ueber-hilfe-fuer-flutopfer-nach-staudammsprengung\/'>https:\/\/www.anti-spiegel.ru\/2023\/warum-luegt-der-spiegel-ueber-hilfe-fuer-flutopfer-nach-staudammsprengung\/<\/a><\/p>\n<p>Gut, dass Erdogan in der T\u00fcrkei die Wahl letztens gewonnen hat und auch dass es Orban in Ungarn gibt, auch wenn man nicht mit allem einverstanden sein muss, was die machen, die lassen sich wenigstens beide nicht so von den Amis bzw. ihren Nato-Kollegen verarschen und ziehen ihr eigenes Ding durch:<br \/>\n<a href='https:\/\/orf.at\/#\/stories\/3319494\/'>https:\/\/orf.at\/#\/stories\/3319494\/<\/a><br \/>\n(Vielleicht bekommt Erdogan von den Auslandst\u00fcrken deshalb so viel Unterst\u00fctzung, weil die hier besser erkennen k\u00f6nnen, dass er sein eigens Ding durchzieht und nicht in jeden EU- und Nato-Politiker-Arsch kriecht?)<\/p>\n<p>Exit-Szenario Teil 2 &#8211; Deutung eines Artikels aus der Washington Post:<br \/>\n<a href='https:\/\/www.anti-spiegel.ru\/2023\/rand-papier-wird-umgesetzt-kiew-soll-nord-stream-gesprengt-haben\/'>https:\/\/www.anti-spiegel.ru\/2023\/rand-papier-wird-umgesetzt-kiew-soll-nord-stream-gesprengt-haben\/<\/a><br \/>\n(sch\u00f6n w\u00e4rs, allein mir fehlt der Glaube..)<\/p>\n<p><a href='https:\/\/www.anti-spiegel.ru\/2023\/wie-schlimm-die-finanzielle-und-wirtschaftliche-lage-wirklich-ist\/'>https:\/\/www.anti-spiegel.ru\/2023\/wie-schlimm-die-finanzielle-und-wirtschaftliche-lage-wirklich-ist\/<\/a><br \/>\n&#8220;Das Handelsblatt hat gemeldet, dass der EU das Geld ausgeht. &#8221;<br \/>\n&#8220;Egal, wie es ausgeht, man sollte nie vergessen, dass diese Probleme alle keine unvermeidbaren Naturkatastrophen sind, sondern dass sie ausnahmslos bewusst von den Politikern in Br\u00fcssel und den EU-Mitgliedsstaaten herbeigef\u00fchrt wurden. Dabei ist es unwichtig, ob sie das aus Dummheit getan haben, oder um Pl\u00e4ne wie den Great Reset umzusetzen, der ja auf so einem Szenario des wirtschaftlichen Zusammenbruchs basiert. &#8221;<\/p>\n<p>Und dann war da noch &#8230;<br \/>\nhttps:\/\/meinungsfreiheit.rtde.life\/meinung\/172200-fall-kolbasnikowa-vom-zensur-paragrafen\/<\/p>\n<p>B\u00f6se Worte aus und \u00fcber USA, mir ehrlich gesagt etwas zu heftig und amerika-typsisch artet der Kommentarberich mal wieder in eine Bibelschlacht aus:<br \/>\n<a href='https:\/\/uncutnews.ch\/der-niedergang-des-amerikanischen-imperiums-und-der-abstieg-in-ein-neues-dunkles-zeitalter\/'>https:\/\/uncutnews.ch\/der-niedergang-des-amerikanischen-imperiums-und-der-abstieg-in-ein-neues-dunkles-zeitalter\/<\/a><br \/>\n&#8220;Biden verh\u00e4lt sich wie ein r\u00f6mischer Kaiser und Diktator (mit Demenz) in der Endphase des Zusammenbruchs Roms, w\u00e4hrend die unf\u00e4higen Politiker im Repr\u00e4sentantenhaus und im Senat tatenlos zusehen und unseren Abstieg in den Staatsbankrott bejubeln.&#8221;<\/p>\n","protected":false},"excerpt":{"rendered":"<p>Sa, 3.6.2023<\/p>\n<p>Heute kurzer Besuch in Deutschland bei meinem Vater und wohl mein erster McD-Besuch dieses Jahr? Nat\u00fcrlich wegen McRib, aber bei 4,99 \u20ac k\u00f6nnte das jetzt auch mein letztes gewesen sein. Unsch\u00f6n (aber nicht n\u00f6tig gewesen): Benzin kostet in DE weiterhin 0,20 &#8211; 0,30 \u20ac mehr pro Liter als in AT. <\/p>\n<p> ^ <a href=\"http:\/\/blog.inmontanis.info\/?p=8833\">[&#8230;]<\/a><\/p>\n","protected":false},"author":1,"featured_media":8837,"comment_status":"closed","ping_status":"closed","sticky":false,"template":"","format":"standard","meta":{"footnotes":""},"categories":[246,13,28],"tags":[38,47],"class_list":["post-8833","post","type-post","status-publish","format-standard","has-post-thumbnail","hentry","category-hintertux","category-austria","category-skifahren-sommer","tag-dsb","tag-sl","odd"],"_links":{"self":[{"href":"http:\/\/blog.inmontanis.info\/index.php?rest_route=\/wp\/v2\/posts\/8833","targetHints":{"allow":["GET"]}}],"collection":[{"href":"http:\/\/blog.inmontanis.info\/index.php?rest_route=\/wp\/v2\/posts"}],"about":[{"href":"http:\/\/blog.inmontanis.info\/index.php?rest_route=\/wp\/v2\/types\/post"}],"author":[{"embeddable":true,"href":"http:\/\/blog.inmontanis.info\/index.php?rest_route=\/wp\/v2\/users\/1"}],"replies":[{"embeddable":true,"href":"http:\/\/blog.inmontanis.info\/index.php?rest_route=%2Fwp%2Fv2%2Fcomments&post=8833"}],"version-history":[{"count":5,"href":"http:\/\/blog.inmontanis.info\/index.php?rest_route=\/wp\/v2\/posts\/8833\/revisions"}],"predecessor-version":[{"id":8839,"href":"http:\/\/blog.inmontanis.info\/index.php?rest_route=\/wp\/v2\/posts\/8833\/revisions\/8839"}],"wp:featuredmedia":[{"embeddable":true,"href":"http:\/\/blog.inmontanis.info\/index.php?rest_route=\/wp\/v2\/media\/8837"}],"wp:attachment":[{"href":"http:\/\/blog.inmontanis.info\/index.php?rest_route=%2Fwp%2Fv2%2Fmedia&parent=8833"}],"wp:term":[{"taxonomy":"category","embeddable":true,"href":"http:\/\/blog.inmontanis.info\/index.php?rest_route=%2Fwp%2Fv2%2Fcategories&post=8833"},{"taxonomy":"post_tag","embeddable":true,"href":"http:\/\/blog.inmontanis.info\/index.php?rest_route=%2Fwp%2Fv2%2Ftags&post=8833"}],"curies":[{"name":"wp","href":"https:\/\/api.w.org\/{rel}","templated":true}]}}