{"id":8822,"date":"2023-05-26T19:18:31","date_gmt":"2023-05-26T17:18:31","guid":{"rendered":"http:\/\/blog.inmontanis.info\/?p=8822"},"modified":"2023-06-01T15:23:46","modified_gmt":"2023-06-01T13:23:46","slug":"molltaler-gletscher-wanderung-zum-stausee-25-26-5-2023","status":"publish","type":"post","link":"http:\/\/blog.inmontanis.info\/?p=8822","title":{"rendered":"M\u00f6lltaler Gletscher: Wanderung zum Stausee, 25.(+26.) 5.2023"},"content":{"rendered":"<p><strong>Do, 25.5.2023<\/strong><\/p>\n<p>Da es mir gestern Abend kalt war (und ich ggf. wegen der Erk\u00e4ltung fr\u00f6stelte), ging ich recht fr\u00fch ins Bett, konnte aber einige Stunden nicht einschlafen, bis die F\u00fc\u00dfe endlich warm wurden. Geweckt wurde ich morgens zur Abwechslung mal von einem LKW, der wohl ca. zeitgleich mit den ersten Skiclubs kam. Hin und wieder regnete es leicht.<\/p>\n<p>Zur mittlerweile verstopften Nase gesellte sich leichter Husten dazu. Um 7:45 war bis auf 1 Auto gar keine Skiclubs am Parkplatz &#8211; also heute wegen Schlechtwetter kein Skibetrieb, obwohl heute trocken und etwas sonnig gemeldet wird (Bergfex: 6h Sonne heute) und jedenfalls nicht so viel schneien soll wie gestern?!<\/p>\n<p>Sp\u00e4testens um 11 Uhr sah man auf der Webcam oben auch St\u00fccke blauen Himmels.<\/p>\n<p>Minimumtemp. heute Nacht lt. Thermometer innen heute 12,7\u00b0, aber die 13-14\u00b0 gegen 8 Uhr kommen mir immer gar nicht so kalt vor, entweder weil es in der Luft dann doch w\u00e4rmer ist als an der Konsole oder weil ich vom warmen Bett genug W\u00e4rme mitbringe.<\/p>\n<p>Gegen 10 Uhr sah ich einen Camper mit kleinem Elektroroller, auf dem er sein Portapotti?-WC transportierte. Abgesehen davon, dass das bedeuten w\u00fcrde, dass die Talstation samt WC offen hat, obwohl ja wegen Schlechtwetter heut eigentlich zu, m\u00fcsste er das ja quasi am \u00f6ffentlichen WC in der Talstation leeren, weil es ja meines Wissens keine spezielle Entsorgungsm\u00f6glichkeit hier gibt &#8230; naja, besser als wenn er&#8217;s hinterm Busch entsorgen w\u00fcrde, ich w\u00fcrd mich das aber eher nicht trauen.<\/p>\n<p>Um nicht wieder den ganzen Tag im Auto zu hocken, wollte ich mal etwas rumgehen, erst hatte ich geplant, zum Stausee unter dem Parkplatz zu gehen &#8230;<\/p>\n<p>.. dann entschied ich mich aber doch f\u00fcr die Wanderung zumindest den ersten Teil bis zum Tunnel &#8230;<br \/>\n.. und qu\u00e4lte mich schlussendlich noch bis zum Stausee, was einfach dann \u00fcber 5km bzw. 500hm sind. Ja, soviel zum Thema krank ..<\/p>\n<p>Ab Kehre 2 bin ich also den zuletzt gesehenen Wanderweg gegangen, wei-o-wei. Ich war heilfroh, als ich wieder an der Stra\u00dfe war, denn der Weg war steil und nass und rutschig, man brauchte hin und wieder die H\u00e4nde und musste, weil viele Ameisenkolonien, selbige auch mal vom Schuh jagen. Den Weg m\u00f6cht ich runter auf keinen Fall gehen.<\/p>\n<p>Sp\u00e4testens ab Kehre 10 machte ich so ungef\u00e4hr nach jeder Kehre eine Pause, sofern eine schattige Leitplanke die M\u00f6glichkeit zum Hinseiten bot. Bank gab es keine, aber es war weit mehr Autoverkehr los als erwartet, nicht nur die Klagenfurter Kelag-Autos, auch 3 weitere, von denen zumindest einer ein schweizerisches Nummernschild hatte, waren unterwegs. Ich w\u00fcrd auch gern die Stra\u00dfe mal bis zur Mittelstation fahren &#8230;<\/p>\n<p>Als der Wanderweg wieder abzweigte und danach nochmals die Stra\u00dfe ber\u00fchrte, war ich mir in beiden F\u00e4llen nicht sicher, was ich machen sollte &#8211; der Wanderweg w\u00e4r sicherlich sch\u00f6ner und k\u00fchler und schattiger, aber falls der wieder so steil und rutschig sein sollte und ich den nicht runtergehen m\u00f6chte, m\u00fcsste ich jedenfalls bis zum Stausee und w\u00fcrd ich so lang noch durchhalten?<\/p>\n<p>Zudem der Verlauf auf 2 verschiedenen Karten unterschiedlich eingezeichnet war, insofern dass er einmal dem Hang entlang liefe und einmal, dass er etliche H\u00f6henmeter runter ins Tal verl\u00e4uft, dort zweimal den Fluss quert und dann wieder steil hinauf geht. Vielleicht unwahrscheinlich, aber wenn, ein sch\u00f6nes Panorama bietend, aber sehr anstrengend &#8212; also blieb ich auf der Stra\u00dfe. <\/p>\n<p>Die allerdings vor dem Stausee auch nochmals runtergehen sollte :( und die im weiteren Verlauf auch weniger Schatten und weniger schattige Sitzgelegenheiten bot.<\/p>\n<p>Skifahren ist weit weniger anstrengend f\u00fcr mich, w\u00e4re heute wegen nicht offenen Skigebiets ja nicht m\u00f6glich gewesen, aber im Falle einer Erk\u00e4ltung also wohl doch sinnvoller?! Sp\u00e4testens beim Runtergehen stellte ich fest, dass das vermutlich meine erste, aber auch letzte Wanderung in diesem Jahr sein werden wird &#8211; wann und wo sollte sich schon noch was ergeben?!<\/p>\n<p>Leider muss man, wenn man einmal raufgegangen ist, ja auch wieder runtergehen, wenn einem eh schon die Beine weh tun. Auch hier nahm ich also h\u00e4ufig eine Leitplanke zum Ausrasten und schaffte es immerhin, dass mir meine Knie diesmal nicht wehtaten. Nach 6,5 Stunden, ca. 11-15km und ca. 500hm rauf und wieder runter, war ich dann endlich wieder am Auto.<\/p>\n<p>&#8230; da werd ich morgen einen erholsamen Tag im Auto brauchen .. ;)<\/p>\n<p><a href='http:\/\/ski.inmontanis.info\/d\/319692-2\/DSC05588.jpg'><img src=http:\/\/ski.inmontanis.info\/d\/319691-3\/DSC05588.jpg \/><\/a><br \/>\n^ Steiler Wanderweg von Kehre 2 bis zum Tunnel<\/p>\n<p><a href='http:\/\/ski.inmontanis.info\/d\/319696-2\/DSC05590.jpg'><img src=http:\/\/ski.inmontanis.info\/d\/319695-3\/DSC05590.jpg \/><\/a><br \/>\n^ Steiler Wanderweg von Kehre 2 bis zum Tunnel<\/p>\n<p><a href='http:\/\/ski.inmontanis.info\/d\/319700-2\/DSC05593.jpg'><img src=http:\/\/ski.inmontanis.info\/d\/319699-3\/DSC05593.jpg \/><\/a><br \/>\n^ Steiler Wanderweg von Kehre 2 bis zum Tunnel<\/p>\n<p><a href='http:\/\/ski.inmontanis.info\/d\/319704-2\/DSC05595.jpg'><img src=http:\/\/ski.inmontanis.info\/d\/319703-3\/DSC05595.jpg \/><\/a><br \/>\n^ Der untere Tunnel<\/p>\n<p><a href='http:\/\/ski.inmontanis.info\/d\/319708-2\/DSC05594.jpg'><img src=http:\/\/ski.inmontanis.info\/d\/319707-3\/DSC05594.jpg \/><\/a><br \/>\n^ Talblick<\/p>\n<p><a href='http:\/\/ski.inmontanis.info\/d\/319712-2\/DSC05601.jpg'><img src=http:\/\/ski.inmontanis.info\/d\/319711-3\/DSC05601.jpg \/><\/a><br \/>\n^ Wasserfall<\/p>\n<p><a href='http:\/\/ski.inmontanis.info\/d\/319716-2\/DSC05604.jpg'><img src=http:\/\/ski.inmontanis.info\/d\/319715-3\/DSC05604.jpg \/><\/a><br \/>\n^ Viele Leitplanken sind besch\u00e4digt<\/p>\n<p><a href='http:\/\/ski.inmontanis.info\/d\/319720-2\/DSC05607.jpg'><img src=http:\/\/ski.inmontanis.info\/d\/319719-3\/DSC05607.jpg \/><\/a><br \/>\n^ Kehre 10<\/p>\n<p><a href='http:\/\/ski.inmontanis.info\/d\/319724-2\/DSC05609.jpg'><img src=http:\/\/ski.inmontanis.info\/d\/319723-3\/DSC05609.jpg \/><\/a><br \/>\n^ An der Kehre 12 gibts zus\u00e4tzlich zum neuen Metallschild noch dieses alte Schild an einem Baumrest<\/p>\n<p><a href='http:\/\/ski.inmontanis.info\/d\/319728-2\/DSC05612.jpg'><img src=http:\/\/ski.inmontanis.info\/d\/319727-3\/DSC05612.jpg \/><\/a><br \/>\n^ Hier w\u00fcrde der Wanderweg wieder von der Stra\u00dfe abzweigen<\/p>\n<p><a href='http:\/\/ski.inmontanis.info\/d\/319732-2\/DSC05614.jpg'><img src=http:\/\/ski.inmontanis.info\/d\/319731-3\/DSC05614.jpg \/><\/a><br \/>\n^ im oberen Bereich \u00fcberquert die Stra\u00dfe das Wasserrohr<\/p>\n<p><a href='http:\/\/ski.inmontanis.info\/d\/319736-2\/DSC05616.jpg'><img src=http:\/\/ski.inmontanis.info\/d\/319735-3\/DSC05616.jpg \/><\/a><br \/>\n^ Rohrleitung<\/p>\n<p><a href='http:\/\/ski.inmontanis.info\/d\/319740-2\/DSC05617.jpg'><img src=http:\/\/ski.inmontanis.info\/d\/319739-3\/DSC05617.jpg \/><\/a><br \/>\n^ Seltene Pflanze mit Bl\u00e4ttern im Salamander-Look ;)<\/p>\n<p><a href='http:\/\/ski.inmontanis.info\/d\/319744-2\/DSC05618.jpg'><img src=http:\/\/ski.inmontanis.info\/d\/319743-3\/DSC05618.jpg \/><\/a><br \/>\n^ Stra\u00dfe, Rohr und Wasserfall<\/p>\n<p><a href='http:\/\/ski.inmontanis.info\/d\/319748-2\/DSC05619.jpg'><img src=http:\/\/ski.inmontanis.info\/d\/319747-3\/DSC05619.jpg \/><\/a><br \/>\n^ <\/p>\n<p><a href='http:\/\/ski.inmontanis.info\/d\/319752-2\/DSC05622.jpg'><img src=http:\/\/ski.inmontanis.info\/d\/319751-3\/DSC05622.jpg \/><\/a><br \/>\n^ An Kehre 16 kommt der Wanderweg wieder vorbei<\/p>\n<p><a href='http:\/\/ski.inmontanis.info\/d\/319756-2\/DSC05623.jpg'><img src=http:\/\/ski.inmontanis.info\/d\/319755-3\/DSC05623.jpg \/><\/a><br \/>\n^ Blick zum Wasserfall bei Kehre 16, wenn man ein St\u00fcck den Wanderweg runtergeht. Gut m\u00f6glich, dass man vom Wanderweg aus sch\u00f6ner in das Tal blicken k\u00f6nnte<\/p>\n<p><a href='http:\/\/ski.inmontanis.info\/d\/319760-2\/DSC05628.jpg'><img src=http:\/\/ski.inmontanis.info\/d\/319759-3\/DSC05628.jpg \/><\/a><br \/>\n^ Talblick<\/p>\n<p><a href='http:\/\/ski.inmontanis.info\/d\/319764-2\/DSC05630.jpg'><img src=http:\/\/ski.inmontanis.info\/d\/319763-3\/DSC05630.jpg \/><\/a><br \/>\n^ An 2 Kehren zweigen Forsttra\u00dfen ab<\/p>\n<p><a href='http:\/\/ski.inmontanis.info\/d\/319768-2\/DSC05633.jpg'><img src=http:\/\/ski.inmontanis.info\/d\/319767-3\/DSC05633.jpg \/><\/a><br \/>\n^ Hier verl\u00e4uft dann die Rohrleitung unterirdisch, w\u00e4hrend die Stra\u00dfe noch etwas rauf- und dann wieder runtergeht<\/p>\n<p><a href='http:\/\/ski.inmontanis.info\/d\/319772-2\/DSC05634.jpg'><img src=http:\/\/ski.inmontanis.info\/d\/319771-3\/DSC05634.jpg \/><\/a><br \/>\n^ Blick zur Stra\u00dfe, hinter mir ..<br \/>\n<a href='http:\/\/ski.inmontanis.info\/d\/319776-2\/DSC05635.jpg'><img src=http:\/\/ski.inmontanis.info\/d\/319775-3\/DSC05635.jpg \/><\/a><br \/>\n^ .. ist dieses Geb\u00e4ude ..<\/p>\n<p><a href='http:\/\/ski.inmontanis.info\/d\/319780-2\/DSC05636.jpg'><img src=http:\/\/ski.inmontanis.info\/d\/319779-3\/DSC05636.jpg \/><\/a><br \/>\n^ .. was als Rohrbruchklappe bezeichnet ist<\/p>\n<p><a href='http:\/\/ski.inmontanis.info\/d\/319784-2\/DSC05637.jpg'><img src=http:\/\/ski.inmontanis.info\/d\/319783-3\/DSC05637.jpg \/><\/a><br \/>\n^ Die Stra\u00dfe geht noch ein St\u00fcck weiter hinauf<\/p>\n<p><a href='http:\/\/ski.inmontanis.info\/d\/319788-2\/DSC05640.jpg'><img src=http:\/\/ski.inmontanis.info\/d\/319787-3\/DSC05640.jpg \/><\/a><br \/>\n^ .. und verl\u00e4uft durch diesen kurzen Tunnel, den man als Fu\u00dfg\u00e4nger nur mit Lampe betreten darf<\/p>\n<p><a href='http:\/\/ski.inmontanis.info\/d\/319792-2\/DSC05642.jpg'><img src=http:\/\/ski.inmontanis.info\/d\/319791-3\/DSC05642.jpg \/><\/a><br \/>\n^ Blick nach dem Tunnel zur gegen\u00fcberliegenden Hangseite<\/p>\n<p><a href='http:\/\/ski.inmontanis.info\/d\/319796-2\/DSC05644.jpg'><img src=http:\/\/ski.inmontanis.info\/d\/319795-3\/DSC05644.jpg \/><\/a><br \/>\n^ Stra\u00dfe und Staumauer; in Bildmitte ..<\/p>\n<p><a href='http:\/\/ski.inmontanis.info\/d\/319800-2\/DSC05645.jpg'><img src=http:\/\/ski.inmontanis.info\/d\/319799-3\/DSC05645.jpg \/><\/a><br \/>\n^ .. sieht man die Stra\u00dfe zur Mittelstation (also Talstation EUB, wo fr\u00fcher der Parkplatz war, als es die Standseilbahn noch nicht gab)<\/p>\n<p><a href='http:\/\/ski.inmontanis.info\/d\/319804-2\/DSC05654.jpg'><img src=http:\/\/ski.inmontanis.info\/d\/319803-3\/DSC05654.jpg \/><\/a><br \/>\n^ Hier oben auf knapp 1700m gibts auch noch ein kleines Restschneefeld<\/p>\n<p><a href='http:\/\/ski.inmontanis.info\/d\/319808-2\/DSC05656.jpg'><img src=http:\/\/ski.inmontanis.info\/d\/319807-3\/DSC05656.jpg \/><\/a><br \/>\n^ Staumauer oder eher Staudamm<\/p>\n<p><a href='http:\/\/ski.inmontanis.info\/d\/319812-2\/DSC05657.jpg'><img src=http:\/\/ski.inmontanis.info\/d\/319811-3\/DSC05657.jpg \/><\/a><br \/>\n^ Zoom zur 4SB und 6EUB, jaja, wegen Schlechtwetter heut geschlossen :))<\/p>\n<p>Erg\u00e4nzend ein Bild in umgekehrter Richtung:<br \/>\n<a href='http:\/\/ski.inmontanis.info\/d\/318444-3\/DSC04815.jpg'><img src=http:\/\/ski.inmontanis.info\/d\/318443-4\/DSC04815.jpg \/><\/a><br \/>\n^ 22.4.2023<\/p>\n<p><a href='http:\/\/ski.inmontanis.info\/d\/319816-2\/DSC05658.jpg'><img src=http:\/\/ski.inmontanis.info\/d\/319815-3\/DSC05658.jpg \/><\/a><br \/>\n^ Hinten verl\u00e4uft die Stra\u00dfe weiter hinauf zur Mittelstation<\/p>\n<p><a href='http:\/\/ski.inmontanis.info\/d\/319820-2\/DSC05661.jpg'><img src=http:\/\/ski.inmontanis.info\/d\/319819-3\/DSC05661.jpg \/><\/a><br \/>\n^ Staudamm, leider keine Begehung erlaubt, daher musste ich erst wieder runter und wieder rauf, um zur anderen Seite zu gelangen .(<\/p>\n<p><a href='http:\/\/ski.inmontanis.info\/d\/319824-2\/DSC05662.jpg'><img src=http:\/\/ski.inmontanis.info\/d\/319823-3\/DSC05662.jpg \/><\/a><br \/>\n^ Stausee<\/p>\n<p><a href='http:\/\/ski.inmontanis.info\/d\/319828-2\/DSC05665.jpg'><img src=http:\/\/ski.inmontanis.info\/d\/319827-3\/DSC05665.jpg \/><\/a><br \/>\n^ Talblick<\/p>\n<p><a href='http:\/\/ski.inmontanis.info\/d\/319832-2\/DSC05666.jpg'><img src=http:\/\/ski.inmontanis.info\/d\/319831-3\/DSC05666.jpg \/><\/a><br \/>\n^ Kraftwerk; die Autos, die ich in dem Bereich sah, fuhren oder kamen alle von dort<\/p>\n<p><a href='http:\/\/ski.inmontanis.info\/d\/319836-2\/DSC05667.jpg'><img src=http:\/\/ski.inmontanis.info\/d\/319835-3\/DSC05667.jpg \/><\/a><br \/>\n^ Tal unter dem Staudamm<\/p>\n<p><a href='http:\/\/ski.inmontanis.info\/d\/319840-2\/DSC05668.jpg'><img src=http:\/\/ski.inmontanis.info\/d\/319839-3\/DSC05668.jpg \/><\/a><br \/>\n^ Geradeaus geht&#8217;s zur Mittelstation (bzw. noch einem weiteren Stausee); ich ging links zu diesem Stausee<\/p>\n<p><a href='http:\/\/ski.inmontanis.info\/d\/319844-2\/DSC05672.jpg'><img src=http:\/\/ski.inmontanis.info\/d\/319843-3\/DSC05672.jpg \/><\/a><br \/>\n^ Stausee, auf dieser Seite geht noch ein Weg entlang<\/p>\n<p><a href='http:\/\/ski.inmontanis.info\/d\/319848-2\/DSC05673.jpg'><img src=http:\/\/ski.inmontanis.info\/d\/319847-3\/DSC05673.jpg \/><\/a><br \/>\n^ Stausee und Blick ins Skigebiet (4SB\/6EUB)<\/p>\n<p><a href='http:\/\/ski.inmontanis.info\/d\/319852-2\/DSC05674.jpg'><img src=http:\/\/ski.inmontanis.info\/d\/319851-3\/DSC05674.jpg \/><\/a><br \/>\n^ Schade, dass ich die 4SB an der Mittelstation heuer nicht fahren konnte &#8211; mag zwar abfahrtsm\u00e4\u00dfig langweilig sein (nur eine, modellierte Abfahrt), aber Trasse und Panorama d\u00fcrften cool sein<\/p>\n<p><a href='http:\/\/ski.inmontanis.info\/d\/319856-2\/DSC05675.jpg'><img src=http:\/\/ski.inmontanis.info\/d\/319855-3\/DSC05675.jpg \/><\/a><br \/>\n^ 4SB und 6EUB<\/p>\n<p><a href='http:\/\/ski.inmontanis.info\/d\/319860-2\/DSC05677.jpg'><img src=http:\/\/ski.inmontanis.info\/d\/319859-3\/DSC05677.jpg \/><\/a><br \/>\n^ Stausee<\/p>\n<p><a href='http:\/\/ski.inmontanis.info\/d\/319864-2\/DSC05680.jpg'><img src=http:\/\/ski.inmontanis.info\/d\/319863-3\/DSC05680.jpg \/><\/a><br \/>\n^ Talblick<\/p>\n<p><a href='http:\/\/ski.inmontanis.info\/d\/319868-2\/DSC05684.jpg'><img src=http:\/\/ski.inmontanis.info\/d\/319867-3\/DSC05684.jpg \/><\/a><br \/>\n^ Stra\u00dfe<\/p>\n<p><a href='http:\/\/ski.inmontanis.info\/d\/319872-2\/DSC05685.jpg'><img src=http:\/\/ski.inmontanis.info\/d\/319871-3\/DSC05685.jpg \/><\/a><br \/>\n^ Stra\u00dfe vor und nach dem unteren Tunnel<\/p>\n<p><a href='http:\/\/ski.inmontanis.info\/d\/319876-2\/DSC05689.jpg'><img src=http:\/\/ski.inmontanis.info\/d\/319875-3\/DSC05689.jpg \/><\/a><br \/>\n^ Unterer Tunnel, der hat ..<\/p>\n<p><a href='http:\/\/ski.inmontanis.info\/d\/319880-2\/DSC05691.jpg'><img src=http:\/\/ski.inmontanis.info\/d\/319879-3\/DSC05691.jpg \/><\/a><br \/>\n^ Unterer Tunnel mit Kurve<\/p>\n<p><a href='http:\/\/ski.inmontanis.info\/d\/319884-2\/DSC05692.jpg'><img src=http:\/\/ski.inmontanis.info\/d\/319883-3\/DSC05692.jpg \/><\/a><br \/>\n^ Unterer Tunnel<\/p>\n<p><a href='http:\/\/ski.inmontanis.info\/d\/319888-2\/DSC05693.jpg'><img src=http:\/\/ski.inmontanis.info\/d\/319887-3\/DSC05693.jpg \/><\/a><br \/>\n^ St\u00fcck Stra\u00dfe mit den Kehren kurz hintereinander unterhalb des Tunnels<\/p>\n<p><a href='http:\/\/ski.inmontanis.info\/d\/319892-2\/DSC05694.jpg'><img src=http:\/\/ski.inmontanis.info\/d\/319891-3\/DSC05694.jpg \/><\/a><br \/>\n^ Dort wo das Wasserrohr verl\u00e4uft, geht ja auch ca. der Wanderweg, den ich hinauf gegangen bin &#8211; den h\u00e4tte ich runter nicht gehen wollen (steil, rutschig)<\/p>\n<p><a href='http:\/\/ski.inmontanis.info\/d\/319896-2\/DSC05695.jpg'><img src=http:\/\/ski.inmontanis.info\/d\/319895-3\/DSC05695.jpg \/><\/a><br \/>\n^ .. was das wohl mal war?!<\/p>\n<p><a href='http:\/\/ski.inmontanis.info\/d\/319900-2\/ge20230525b.jpg'><img src=http:\/\/ski.inmontanis.info\/d\/319899-3\/ge20230525b.jpg \/><\/a><br \/>\n^ GPS-Track der heutigen Wanderung in T\u00fcrkis (oft schlechter Empfang, da steile Berge und Handy in der Hosentasche); Magenta ist die 4SB<\/p>\n<p>Obwohl ich versucht hatte, immer nur wenige Minuten in der Sonne zu gehen und dann wieder einige Minuten im Schatten zu pausieren, hab ich leider an mehreren Stellen einen Sonnenbrand, wo ich mich nicht eingecremt hatte.<\/p>\n<p><strong>Fr, 26.5.2023<\/strong><\/p>\n<p>Heute kamen um 6 Uhr gar keine Skiclubs, auch nicht um 7, erst nach 7:30 f\u00fcllte sich der Parkplatz. Obwohl die Nacht gleich kalt wie gestern war, heute morgen 78% Luftfeuchte, gestern 80%, aber im Gegensatz zu gestern, wo die Scheiben fast alle fast trocken waren, waren sie heute pitschnass. Naja, lieber da als unterm Bett.<\/p>\n<p>Die Wettervorhersagen auf Bergfex haben sich mal wieder gedreht &#8211; statt heute bedeckt und morgen sonnig, soll es nun heute (wenn auch angeblich nur vormittags) sonnig und morgen bedeckt werden. Auch im Skigebiet morgens strahlend blauer Himmel (bevor dann im Laufe des Vormittags wieder die Quellwolken kamen).<\/p>\n<p>Tja, da ist ja mal wieder guter Rat teuer. Doch heute nach 11 Uhr rauffahren? Oder lieber erst morgen ggf. auch bei schlechterem Wetter, daf\u00fcr weil Samstag ist, schon vor 9 Uhr und ggf. in etwas ges\u00fcnderem Zustand?<\/p>\n<p>Wetterm\u00e4\u00dfig w\u00e4r es auch um 11 Uhr noch gut genug gewesen, raufzufahren, bei Saisonkarte auch gar keine Diskussion, mit der nach wie vor verstopften Nase, dem zu erwartenden Pappschnee und den 30 \u20ac Tagesskipasskosten allerdings, entschied ich mich dagegen.<\/p>\n<p>So im Nachhinein betrachtet &#8211; hatte sich das nun gelohnt, am Montag skigefahren zu sein oder w\u00e4r ich besser bis heute daheim geblieben? Schwer zu sagen. Falls ich mich dann heute\/morgen oder n\u00e4chste Woche irgendwo infiziert h\u00e4tte, war es am Sonntag oder Montag nat\u00fcrlich praktischer und ich hab wieder meine Ruh die n\u00e4chsten 3 Monate &#8211; hoffentlich.<\/p>\n<p>Was mir nach ein bisschen virtuellem Rumgeschaue in Hintertux (teure Pizzen auch als Takeaway an der Talstation im Tenne-Haus) wieder eingefallen ist, dass es ja am TFH einen gro\u00dfen Selbstversorgerraum gibt, der meiner Erinnung nach auch mindestens einen Mikrowellenofen hatte &#8211; da k\u00f6nnte man sich ja glatt mal Fertiggerichte mitnehmen ;) Schade nur, dass man sich die nicht einfach (g\u00fcnstig) vor Ort kaufen kann &#8211; wie es hier und da in Schweden \u00fcblich ist.<\/p>\n<p>H\u00e4tte mir ja heute Abend eigentlich das Fertiggericht machen wollen, aber aufgrund der intensiven Sonneneinstrahlung auch den ganzen Nachmittag \u00fcber, wollte ich nicht noch f\u00fcr mehr Hitze im Auto sorgen. Vielleicht morgen mehr Wolken.<\/p>\n<p>F\u00fcr die gestrige Wanderung w\u00e4re es mir heute nat\u00fcrlich viel zu warm und zu sonnig gewesen. Im Auto, trotz der offenen hinteren Fenster, aber weil es nur wenig Wind gab, auch wieder viel w\u00e4rmer mit fast 30\u00b0. Was momentan allerdings noch geht, weil mann wei\u00df, dass es abends noch genug abk\u00fchlt &#8211; im Gegensaz zum Juni vor 2 Jahren in Schweden, wo dann die Sonne ja fast den ganzen Tag schien, es nachts kaum k\u00fchler war als tags\u00fcber, jedenfalls kaum unter 20\u00b0 und auch kaum Wind gab &#8230; das sollte in den Alpen in einer gewissen H\u00f6he (erst recht am Hintertuxerparkplatz) schon etwas angenehmer sein. Und weniger (Min-) M\u00fccken gibts hier auch. Um 19 Uhr dann nur noch 24\u00b0 im Auto.<\/p>\n<p>Zus\u00e4tzlich zum Sonnnenbrand und einer M\u00fcckenstichstelle an der Hand merkte ich erst beim heutigen Klogang: Muskelkater in den Waden bzw. im gesamten unteren Fu\u00dfbereich. Na gut, dass ich doch nicht Ski fahren wollte.<\/p>\n<p><a href='http:\/\/extra.inmontanis.info\/d\/99514-3\/DSC05696.jpg'><img src=http:\/\/extra.inmontanis.info\/d\/99513-4\/DSC05696.jpg \/><\/a><br \/>\n^ Schwedisches Brot und Makrelen aus Frankreich, fertiger Kartoffelsalat und Salamisticks aus \u00d6sterreich<\/p>\n<p>(Kartoffelsalat gab&#8217;s gestern, Makrelen plus Semmel heute, das schwedische Brot samt Salamisticks die n\u00e4chsten Tage als Mittagessen.)<br \/>\n&#8212;<\/p>\n<p>&#8220;Eine Currywurst pro Monat \u2013 mehr Fleisch soll es f\u00fcr die Deutschen offenbar nicht mehr geben. Das ist der Plan des gr\u00fcnen Ern\u00e4hrungsministeriums&#8221;?<br \/>\n<a href='https:\/\/tkp.at\/2023\/05\/24\/ende-der-currywurst-ampel-arbeitet-an-transformation-des-gesamten-ernaehrungssystem\/'>https:\/\/tkp.at\/2023\/05\/24\/ende-der-currywurst-ampel-arbeitet-an-transformation-des-gesamten-ernaehrungssystem\/<\/a><\/p>\n<p>Zu Afrika:<br \/>\n<a href='https:\/\/www.anti-spiegel.ru\/2023\/ist-der-westen-schuld-daran-dass-afrika-der-aermste-kontinent-der-welt-ist\/'>https:\/\/www.anti-spiegel.ru\/2023\/ist-der-westen-schuld-daran-dass-afrika-der-aermste-kontinent-der-welt-ist\/<\/a><\/p>\n","protected":false},"excerpt":{"rendered":"<p>Do, 25.5.2023<\/p>\n<p>Da es mir gestern Abend kalt war (und ich ggf. wegen der Erk\u00e4ltung fr\u00f6stelte), ging ich recht fr\u00fch ins Bett, konnte aber einige Stunden nicht einschlafen, bis die F\u00fc\u00dfe endlich warm wurden. Geweckt wurde ich morgens zur Abwechslung mal von einem LKW, der wohl ca. zeitgleich mit den ersten Skiclubs kam. Hin und <a href=\"http:\/\/blog.inmontanis.info\/?p=8822\">[&#8230;]<\/a><\/p>\n","protected":false},"author":1,"featured_media":8824,"comment_status":"closed","ping_status":"closed","sticky":false,"template":"","format":"standard","meta":{"footnotes":""},"categories":[199,13,30],"tags":[49,45,86],"class_list":["post-8822","post","type-post","status-publish","format-standard","has-post-thumbnail","hentry","category-molltaler-gletscher","category-austria","category-wandern","tag-4sb","tag-see","tag-wasserfall","odd"],"_links":{"self":[{"href":"http:\/\/blog.inmontanis.info\/index.php?rest_route=\/wp\/v2\/posts\/8822","targetHints":{"allow":["GET"]}}],"collection":[{"href":"http:\/\/blog.inmontanis.info\/index.php?rest_route=\/wp\/v2\/posts"}],"about":[{"href":"http:\/\/blog.inmontanis.info\/index.php?rest_route=\/wp\/v2\/types\/post"}],"author":[{"embeddable":true,"href":"http:\/\/blog.inmontanis.info\/index.php?rest_route=\/wp\/v2\/users\/1"}],"replies":[{"embeddable":true,"href":"http:\/\/blog.inmontanis.info\/index.php?rest_route=%2Fwp%2Fv2%2Fcomments&post=8822"}],"version-history":[{"count":4,"href":"http:\/\/blog.inmontanis.info\/index.php?rest_route=\/wp\/v2\/posts\/8822\/revisions"}],"predecessor-version":[{"id":8827,"href":"http:\/\/blog.inmontanis.info\/index.php?rest_route=\/wp\/v2\/posts\/8822\/revisions\/8827"}],"wp:featuredmedia":[{"embeddable":true,"href":"http:\/\/blog.inmontanis.info\/index.php?rest_route=\/wp\/v2\/media\/8824"}],"wp:attachment":[{"href":"http:\/\/blog.inmontanis.info\/index.php?rest_route=%2Fwp%2Fv2%2Fmedia&parent=8822"}],"wp:term":[{"taxonomy":"category","embeddable":true,"href":"http:\/\/blog.inmontanis.info\/index.php?rest_route=%2Fwp%2Fv2%2Fcategories&post=8822"},{"taxonomy":"post_tag","embeddable":true,"href":"http:\/\/blog.inmontanis.info\/index.php?rest_route=%2Fwp%2Fv2%2Ftags&post=8822"}],"curies":[{"name":"wp","href":"https:\/\/api.w.org\/{rel}","templated":true}]}}