{"id":8816,"date":"2023-05-24T17:31:04","date_gmt":"2023-05-24T15:31:04","guid":{"rendered":"http:\/\/blog.inmontanis.info\/?p=8816"},"modified":"2023-05-24T17:35:28","modified_gmt":"2023-05-24T15:35:28","slug":"molltaler-gletscher-22-23-5-2023-21-24-5","status":"publish","type":"post","link":"http:\/\/blog.inmontanis.info\/?p=8816","title":{"rendered":"M\u00f6lltaler Gletscher, 22.+23.5.2023 &#8212; (21.-24.5.)"},"content":{"rendered":"<p>(Sa, 20.5., Fortsetzung)<\/p>\n<p>Die Wettervorhersagen nachmittags gaben mir dann den Rest, also dann halt auch morgen kein Skifahren am M\u00f6lltaler. Hoffentlich bleibt die sonnigere Vorhersage f\u00fcr Montag wenigstens und ich fahr dann morgen im Laufe des Tages los &#8211; Superm\u00e4rkte sind ja trotz Sonntag etliche offen auf dem Weg, wie im vorherigen Bericht geschrieben.<\/p>\n<p>Womit ich mich aber jetzt stark zur\u00fcckhalten muss, ist der Internetverbrauch, denn der war durch die Zeit daheim und der Zeit f\u00fcr diverses Rumgesurfe und Filmdowngeloade entsprechend hoch und somit schon mehr als 2\/3 verwendet.<\/p>\n<p>Mal spasseshalber geschaut: Es gibt anscheinend gar keinen Bus auf die Koralpe, jedenfalls keine Fahrplanauskunft gefunden. Erschwert bzw. verteuert also eine eventuelle Rucksackreise. Wobei es ein Anrufsammeltaxi geben soll, aber wohl  teurer als Linienbusse.<\/p>\n<p><strong>So, 21.5.2023<\/strong><\/p>\n<p>Das Wetter am Kanin war zwar etwas besser als die letzten Tage, aber nicht so sonnig wie mal gemeldet &#8211; und die l\u00e4ngere R\u00fcckseite der 4SB auch heute wieder wegen Lawinengefahr gesperrt. Trotzdem waren mal ein paar mehr Leute da. Ich w\u00e4r bei dem Abschlussevent heute eh ungern oben gewesen.<\/p>\n<p>M\u00f6lltaler hat, wie gestern, auch heute wegen Schlechtwetter geschlossen &#8211; die Webcams zeigten am fr\u00fchen Vormittags zwar Nebel (um Mittag sah es nicht sooo schlimm aus), allerdings meldete Bergfex auch st\u00e4rkeren Sturm. Und auch f\u00fcr morgen wieder weniger Sonne. Zudem soll am MI+DO die n\u00e4chste St\u00f6rung kommen &#8230;<\/p>\n<p>Spasseshalber mal ein paar Skipasspreise in Chile und Argentinien angesehen &#8211; die sind ja so teuer wie in \u00d6sterreich, also teils \u00fcber 60, teils \u00fcber 70 \u20ac. Muss ich dann wohl eher doch nicht besuchen. Schon gar nicht einen ganzen Winter lang (und dann auch noch teure Mietwagen usw). Bzw. abwarten, bis ich Seniorenpreise bekomme. Aber die Seniorenpreise in 20 Jahren werden dann wohl mindestens den Normalpreisen von heute entsprechen&#8230;<\/p>\n<p>Um 12 Uhr, als ich beinahe abfahrbereit war, hat sich dann auch die Bergfex-Wettervorhersage f\u00fcr M\u00f6lltal wieder rigoros verschlechtert, nun auch morgen und \u00fcbermorgen zumindest nachmittags regnerisch und MI+DO ja sowieso und erst am Samstag besser&#8230; ich sag ja, wie im Herbst\/Fr\u00fchwinter mit den Schneevorhersagen, nur umgekehrt, es wird laufend nach hinten verschoben.<\/p>\n<p><a href='http:\/\/extra.inmontanis.info\/d\/99486-3\/DSC05506.jpg'><img src=http:\/\/extra.inmontanis.info\/d\/99485-4\/DSC05506.jpg \/><\/a><br \/>\n^ Boah nee, ne?<\/p>\n<p><a href='http:\/\/extra.inmontanis.info\/d\/99490-3\/DSC05507.jpg'><img src=http:\/\/extra.inmontanis.info\/d\/99489-4\/DSC05507.jpg \/><\/a><br \/>\n^ Webcam-R\u00fcckblick von Bergfex vom M\u00f6lltaler ..<\/p>\n<p><a href='http:\/\/extra.inmontanis.info\/d\/99494-3\/DSC05509.jpg'><img src=http:\/\/extra.inmontanis.info\/d\/99493-4\/DSC05509.jpg \/><\/a><br \/>\n^ .. und vom Hintertuxer, wo die letzten 2 Monate sonniger waren. Das will was hei\u00dfen.<\/p>\n<p>Wie schon gesagt, ich hatte wenige Mai-Monate, die auf den \u00f6sterreichischen Gletschern brauchbar waren &#8211; auch am Hintertuxer hatte ich auf der Sommersaisonkarte schon ganze Sommer, wo ich die guten Tage an einer Hand abz\u00e4hlen konnte. Und mit g\u00fcltiger Saisonkarte w\u00e4r ich die letzten 2 Wochen nat\u00fcrlich auch \u00f6fters am M\u00f6lltaler gewesen. Aber ich werd heut trotzdem losfahren. Sonst m\u00fcsst ich ja nochmals 4 Tage hier bleiben.<\/p>\n<p>Im Auto hatte es 35\u00b0 (Sonneneinstrahlung) und unten im Tal auch warm bei 23-25\u00b0, so dass ich auf kurz\u00e4rmliges T-Shirt wechseln musste &#8211; und die Thermohose sollte ich nun auch endlich mal mit der Jeans austauschen. Ob ich nicht vielleicht doch lieber den ganzen Sommer daheim bleiben sollte um der Hitze zu entgehen?<\/p>\n<p>Beim Burger King mal die Preise am Terminal abgecheckt, das kannste\/willste ja nicht mehr zahlen. Kleinste Pommes (regular, leider gibts ja keine kleinere Portion mehr) \u00fcber 3 \u20ac, Crispy Chicken\/Long Chicken 5,50 bzw. 5,70 (und man wird ja nicht satt im Vergleich zu einem D\u00f6ner irgendwo anders um 6 \u20ac), der gro\u00dfe Momentan-Burger Eggy Fred knapp unter 10 \u20ac (Hamburger \u00fcbrigens 1,70), die Onion-Rings waren ja sowieso schon immer unversch\u00e4mt teuer, aber 6 St\u00fcck nun \u00fcber 3 \u20ac???<\/p>\n<p>Ich nahm gutscheinm\u00e4\u00dfig den Long Texas BBQ Bacon (der war einzeln nicht mal am Bestellterminal, genausowenig die sonst g\u00fcnstigen, kleinen alternativen Hamburger) mit Pommes um 5,60, da wurde ich schon locker satt, zumal die Pommes auch viel waren.<\/p>\n<p><a href='http:\/\/extra.inmontanis.info\/d\/99498-3\/DSC05512.jpg'><img src=http:\/\/extra.inmontanis.info\/d\/99497-4\/DSC05512.jpg \/><\/a><br \/>\n^ Burger King, Long Texas BBQ Bacon und regular Pommes, was momentan wohl leider die kleinste Portion Pommes (um \u00fcber 3 \u20ac)  ist &#8211; wenn ich die einzeln kaufen m\u00fcsste, w\u00e4re mir eine halbe Packung zum halben Preis lieber..<\/p>\n<p><a href='http:\/\/extra.inmontanis.info\/d\/99502-3\/DSC05513.jpg'><img src=http:\/\/extra.inmontanis.info\/d\/99501-4\/DSC05513.jpg \/><\/a><br \/>\n^ Derzeitige Gutscheine bis Ende Juni (auch auf der Homepage ausdruckbar), wo man sich teilweise fragt, was das Zeug eigentlich dann normal kostet &#8230;<\/p>\n<p>Obgleich es wohl sinnlos schien, die Batterie voll geladen zu bekommen, fuhr ich nur ca. 80 auf der Autobahn (Tempomat), um wenigstens fast voll zu werden. Auch immer interessant, wie lang manche hinter einem herfahren, bevor sie dann endlich \u00fcberholen ;) Einige fuhren aber auch so nah auf, dass ich nicht mal mehr deren Scheinwerfer im R\u00fcckspiegel sah.<\/p>\n<p>Vermutlich sollte ich die n\u00e4chsten Tage auf einen Campingplatz, um die Batterie mal voll zu bekommen; sp\u00e4ter auf dem Weg nach Tirol und weiter nach Hintertux, werd ich wohl auch nur ca. 100-120 Ah reinladen k\u00f6nnen.<\/p>\n<p><a href='http:\/\/extra.inmontanis.info\/d\/99506-3\/DSC05517.jpg'><img src=http:\/\/extra.inmontanis.info\/d\/99505-4\/DSC05517.jpg \/><\/a><br \/>\n^ Taleinw\u00e4rts zum M\u00f6lltaler Gletscher, hier nicht zu sehen<\/p>\n<p>Am M\u00f6lltaler entschied ich mich doch wieder f\u00fcr den Asphaltplatz &#8211; soviel Sonne wird nachmittags die Tage ja eigentlich eh nicht gemeldet und man spart sich den Sand an den Schuhen.<\/p>\n<p><strong>Mo, 22.5.2023<\/strong><\/p>\n<p>Kurz nach 7 Uhr kamen die Renngruppen und bis 8 Uhr durchaus mehr, als ich erwartet h\u00e4tte.<\/p>\n<p>Die Wettervorhersagen f\u00fcr die n\u00e4chsten Tage haben sich auch wieder etwas verbessert. Aber da ich ja nicht jeden Tag 30 \u20ac f\u00fcr eine Tageskarte ausgeben muss, werde ich MI\/DO voraussichtlich trotzdem aussetzen.<\/p>\n<p>Im Gegensatz zu einem nordseitig ausgerichteten Tal hat das s\u00fcdseitige Tal hier an der Talstation vielleicht sogar den Vorteil, dass es weniger Sonne abbgekommt. Klingt komisch, aber ein nordseitiges Tal bekommt im Sommer (je nach Talbreite und genauer Ausrichtung usw.) morgens und\/oder abends ggf. die tiefstehende Sonne -> die wird hier geblockt, weil die Berge nach Norden zu hoch sind. Und die meiste Zeit des Tages steht die Sonne jetzt ja eh so hoch, dass sie in beiden F\u00e4llen ins Tal kommt.<\/p>\n<p>Ich nahm mir um 9:30 frei &#8211; hatte heut eh nicht viel zu tun. In Betrieb noch EUB\/6KSB und untere DSB samt den \u00fcblichen Abfahrten, SL zu, Tageskartenpreis ja wie gesagt 30,- \u20ac f\u00fcr Topski-Saisonkarteninhaber.<\/p>\n<p>Seit heute in AT ja nur noch Hintertux, Kitzsteinhorn und M\u00f6lltaler offen. Armutszeugnis f\u00fcr die restlichen Tiroler Gletscher, nicht mal mehr das Pfingst-WE mitzunehmen.<\/p>\n<p>Die Rennfahrer werden auch immer nerviger (echt, das geht noch?!): meine erste Fahrt heute mit der 6KSB, komplett voller Sitz, hindert die dumme Kuh aber nicht daran, ihre St\u00f6cke auf den Sitz zu legen, so dass ich mich auf die kleinen, harten Teller h\u00e4tte setzen m\u00fcssen. Mit hohem Kraftaufwand (da neben mir schon einer sa\u00df) dann wieder hochgeschoben, aber mein Geschimpfe haben die zwei Ausl\u00e4nder vermutlich eh nicht verstanden.<\/p>\n<p>Erste Abfahrt schneem\u00e4\u00dfig recht nett, fr\u00fchlngshaft hart mit leicht aufgefirnter Schicht dr\u00fcber, die schwarze Mittelstationsabfahrt (und der untere rote Hang) waren aber doch schon wieder stellenweise pappig=stockend, neben der Piste in dem Bereich zwar tragend kompakt, aber nass und durchn\u00e4sst, der Stecken l\u00e4sst sich recht leicht tief reinstecken; ohne Regen\/Neuschnee am MI\/DO k\u00f6nnte es bis n\u00e4chstem WE vielleicht firnig werden, aber das ist immer schwierig, wenn der so tief durchn\u00e4sst ist, dass der im sp\u00e4ten Fr\u00fchjahr noch kompakter wird, weil im gleichen Schritt ja auch viel abtaut. Unser geliebter Firnschnee entwickelt sich ja durch mehrmaliges Tauen und Gefrieren und somit Abrundung der Schneekristalle (deshalb hei\u00dft das im Englischen &#8220;corn snow&#8221;).<\/p>\n<p>Um 11h fuhr eine Horde Nicht-Skifahrer rauf, da hatte ich Gl\u00fcck,  dass die an der Mittelstation noch eine Pause einlegten, sonst h\u00e4tte ich an der EUB warten m\u00fcssen.<\/p>\n<p>Um 12h an der 6KSB pappiger als and der DSB, was aber nicht hei\u00dft, dass man die blaue Piste ohne zu schieben im Flachteil schaffte, aber eben die Steilh\u00e4nge waren noch gut.<\/p>\n<p>Was ich so extrem vielleicht auch noch nie gesehen hab: tausende, vielleicht zigtausende kleine M\u00fccken auf dem Schnee an einigen Stellen, zB. an besagtem Flachst\u00fcck oder auch im Bereich der 6EUB-Bergstation. Weil man ja eh schieben muste, hielt ich mal an und fotografierte, da schwirrten gleich einige um mich herum &#8230;<\/p>\n<p>Die Abfahrten an der Alteck-4SB sind mal noch ausgesteckt &#8211; vieleicht macht die zu Pfingsten ja nochmals auf?<\/p>\n<p>Bei der n\u00e4chsten EUB-Auffahrt hab ich meine Skier gewachst, naja, hielt nicht lang, obwohl man hier ja wenigstens keine SL-Trassen fahren muss, das DSB-Flachst\u00fcck ging trotzdem nicht ohne Schieben. Und nein, es liegt nicht (nur) an meinen Ski &#8211; alle anderen haben hier auch geschoben.<\/p>\n<p>Falls ich mir morgen nicht nochmals um 9:30 frei nehmen m\u00f6chte, werden es mir die 30 \u20ac f\u00fcr den Pappschnee wohl nicht wert sein&#8230;<\/p>\n<p>Ein \u00f6sterreichischer Senior meinte um 14:30 in der 6KSB, dass er es nicht so pappig findet, sodern es super ginge &#8211; tja, so kann man unterschiedlicher Meinung sein, wie \u00fcblich.<\/p>\n<p>Da ich heuer bisher nur sehr selten mit der Sonnennbrille (Gletscherbrille) unterwegs war, war ich mir ja unschl\u00fcssig, ob der Schnee heute im Laufe des Tages sandiger geworden ist, weil die Brille braune Gl\u00e4ser hat, aber teilweise hatte es schon sehr den Anschein. Auf den Fotos k\u00f6nnte es auch grau statt braun sein, also k\u00f6nnte es auch Vulkanasche sein, glaub der \u00c4tna soll vor ein paar Tagen ja wieder st\u00e4rker ausgebrochen sein.<\/p>\n<p>Auf der roten Mittelstationsabfahrt musste man zum Schluss im langen Flachst\u00fcck (nach der DSB) schon im Schlittschuhschritt abfahren, wollte man nicht stehenbleiben.<\/p>\n<p>Bin dann um 16h runter, am Parkplatz ein Mix aus Sonnenschein und paar Regentropfen (daher schwer, Hose drau\u00dfen noch zu  trocknen), trotzdem meine anderen Ski etwas entrostet und beide nachgewachst.<\/p>\n<p><a href='http:\/\/ski.inmontanis.info\/d\/319564-2\/DSC05518.jpg'><img src=http:\/\/ski.inmontanis.info\/d\/319563-3\/DSC05518.jpg \/><\/a><br \/>\n^ Beladenes Transport-Abteil der U-SSB; Mehrere Dosen Chilli con Carne von Inzersdorfer fix fertig (steht glaub ich gar nicht auf dem Restaurantmen\u00fc; evtl. also f\u00fcr Mitarbeiter oder Rennclubs?<\/p>\n<p><a href='http:\/\/ski.inmontanis.info\/d\/319568-2\/DSC05519.jpg'><img src=http:\/\/ski.inmontanis.info\/d\/319567-3\/DSC05519.jpg \/><\/a><br \/>\n^ Trotz mittlerweile etlichen Besuchen hier muss ich bei manchen Bildern noch einige Zeit r\u00e4tseln, was ich fotografiert hab &#8211; hier die beiden Mittelstationsabfahrten mit der Alteck-4SB hinten<\/p>\n<p><a href='http:\/\/ski.inmontanis.info\/d\/319572-2\/DSC05522.jpg'><img src=http:\/\/ski.inmontanis.info\/d\/319571-3\/DSC05522.jpg \/><\/a><br \/>\n^ 6KSB<\/p>\n<p><a href='http:\/\/ski.inmontanis.info\/d\/319576-2\/DSC05524.jpg'><img src=http:\/\/ski.inmontanis.info\/d\/319575-3\/DSC05524.jpg \/><\/a><br \/>\n^ Gletscherh\u00e4nge<\/p>\n<p><a href='http:\/\/ski.inmontanis.info\/d\/319580-2\/DSC05525.jpg'><img src=http:\/\/ski.inmontanis.info\/d\/319579-3\/DSC05525.jpg \/><\/a><br \/>\n^ Ausgesteckt: links rot, mitte blau, rechts blau &#8211; die leichteste Einfahrt scheint  momentan fast die rote zu sein  ;)<\/p>\n<p><a href='http:\/\/ski.inmontanis.info\/d\/319584-2\/DSC05527.jpg'><img src=http:\/\/ski.inmontanis.info\/d\/319583-3\/DSC05527.jpg \/><\/a><br \/>\n^ Reste wohl von dem oder den EX-SL- Umlenkstation(en) oder Abspannung(en), da w\u00e4r ein Gletschervergleichsbild sch\u00f6n<\/p>\n<p><a href='http:\/\/ski.inmontanis.info\/d\/319588-2\/DSC05529.jpg'><img src=http:\/\/ski.inmontanis.info\/d\/319587-3\/DSC05529.jpg \/><\/a><br \/>\n^ Alpenhauptkamm von DSB\/6KSB bis Gro\u00dfglockner<\/p>\n<p><a href='http:\/\/ski.inmontanis.info\/d\/319592-2\/DSC05530.jpg'><img src=http:\/\/ski.inmontanis.info\/d\/319591-3\/DSC05530.jpg \/><\/a><br \/>\n^ Start rechteste Abfahrt<\/p>\n<p><a href='http:\/\/ski.inmontanis.info\/d\/319596-2\/DSC05531.jpg'><img src=http:\/\/ski.inmontanis.info\/d\/319595-3\/DSC05531.jpg \/><\/a><br \/>\n^ Zufahrt (Schuss) zur schwarzen Mittelstationsabfahrt (bzw. EUB\/Restaurant)<\/p>\n<p><a href='http:\/\/ski.inmontanis.info\/d\/319600-2\/DSC05532.jpg'><img src=http:\/\/ski.inmontanis.info\/d\/319599-3\/DSC05532.jpg \/><\/a><br \/>\n^ Die Stra\u00dfe zur Mittelstation ist mittlerweile ger\u00e4umt, hier oben stehen weitere Kabinen, sofern die nicht im Laufe des Tages runtertransportiert wurden<\/p>\n<p><a href='http:\/\/ski.inmontanis.info\/d\/319604-2\/DSC05535.jpg'><img src=http:\/\/ski.inmontanis.info\/d\/319603-3\/DSC05535.jpg \/><\/a><br \/>\n^ Schneestatus Mittelstation<\/p>\n<p><a href='http:\/\/ski.inmontanis.info\/d\/319608-2\/DSC05537.jpg'><img src=http:\/\/ski.inmontanis.info\/d\/319607-3\/DSC05537.jpg \/><\/a><br \/>\n^ Gletscherst\u00fctze DSB &#8211; die war vermutlich diese Saison kein einziges Mal in Betrieb?<\/p>\n<p><a href='http:\/\/ski.inmontanis.info\/d\/319612-2\/DSC05538.jpg'><img src=http:\/\/ski.inmontanis.info\/d\/319611-3\/DSC05538.jpg \/><\/a><br \/>\n^ Gletscherst\u00fctze DSB<\/p>\n<p><a href='http:\/\/ski.inmontanis.info\/d\/319616-2\/DSC05541.jpg'><img src=http:\/\/ski.inmontanis.info\/d\/319615-3\/DSC05541.jpg \/><\/a><br \/>\n^ Tausende kleine M\u00fccken heute auf diversen Schneefl\u00e4chen<\/p>\n<p><a href='http:\/\/ski.inmontanis.info\/d\/319620-2\/DSC05548.jpg'><img src=http:\/\/ski.inmontanis.info\/d\/319619-3\/DSC05548.jpg \/><\/a><br \/>\n^ Wohl mal wieder W\u00fcstensand (oder Vulkanasche) auf dem Schnee,  wird wieder f\u00fcr zus\u00e4tzlichen Papp diesen Sommer sorgen :(<\/p>\n<p><a href='http:\/\/ski.inmontanis.info\/d\/319624-2\/DSC05549.jpg'><img src=http:\/\/ski.inmontanis.info\/d\/319623-3\/DSC05549.jpg \/><\/a><br \/>\n^ Dort dr\u00fcben gingen heute den ganzen Tag \u00fcber immer wieder kleinere und gr\u00f6\u00dfere Schneerutsche runter<\/p>\n<p><a href='http:\/\/ski.inmontanis.info\/d\/319628-2\/DSC05551.jpg'><img src=http:\/\/ski.inmontanis.info\/d\/319627-3\/DSC05551.jpg \/><\/a><br \/>\n^ Kabinen an der Talstation, zur Verschrottung oder Wiederaufarbeitung<\/p>\n<p>Durch den kurzen Arbeitstag, gestern Abend kein PC, kaum Strom verbraucht &#8211; dann br\u00e4ucht ich wohl gar nicht zu einem Campingplatz die n\u00e4chsten Tage um die Batterie zu laden &#8211; dann reicht mir der Weg nach Tirol und sp\u00e4ter Hintertux. Aber was soll ich die n\u00e4chsten Tage hier machen, wenn ich Wetter und schneem\u00e4\u00dfig vielleicht erst am Freitag oder Samstag fahren wollen sollte? Wenn ich mir heuer die K\u00e4rnten-Card nicht kauf, muss ich auch nirgends hin, wo es dort gratis Eintritt gibt (z.B. die zwei Schluchten in der Gegend).<\/p>\n<p>Was mir vor heuer wohl auch noch gar nicht so bewusst wurde, am Rei\u00dfeck wurde nicht nur das Skigebiet stillgelegt, sondern mittlerweile (2014-2016) auch die Standseilbahn (und der kleine Tug dar\u00fcber) :( Schade, denn bei meinem Sommerbesuch vor etlichen Jahren w\u00e4ren vielleicht noch beide gegangen, ich hatte aber nur Zeit f\u00fcr die Kreuzeckbahn, die gegenuber verl\u00e4uft (und nach wie vor l\u00e4uft) und die ich dann gefahren bin.<\/p>\n<p>Antwort vom Hintertuxer kam auch, auch wenn auf der Homepage nun nicht mehr von Sommerski die Rede ist, plant man noch keine generelle Schlie\u00dfung. Aber was diesen Sommer dazu kommt, dass es ja letzten Sommer im Bereich Olperer\/GW-SL gar keinen Schnee vom Vorjahr und den Vorjahren mehr hatte, also Blankeis, dass es zuvor in dem Bereich in dem Ausma\u00df vermutlich noch nicht gegeben hatte, d.h. man hat nur den Schnee aus dieser Saison.<\/p>\n<p><strong>Di, 23.5.2023<\/strong><\/p>\n<p>Die nervigen Renngruppen kamen heute leider eine Stunde fr\u00fcher als gestern, also um und sogar vor 6 Uhr :( da werd ich also doch wieder auf den Sandplatz wechseln &#8211; oder mal das Ende vom Parkdeck probieren?<\/p>\n<p>Am Morgen haben sich die Wettervorhersagen insofern enorm verbessert, dass es nur noch morgen schlecht sein soll.<\/p>\n<p>Zudem wollte ich, wenn, heute die alten Allmountains anziehen &#8211; die werden vmtl noch mehr pappen und ggf. der Rost an den Kanten noch nicht gut genug weg sein.<\/p>\n<p>Aber weil es morgen oder \u00fcbermorgen Nacht nun auch bis Mittelstation schneien soll, sollte ich wohl trotzdem eher Donnerstag auslassen als heute, also wollte ich nach 11 Uhr noch rauf. Die Kurzfrist-Wettervorhersage um 10 Uhr sah auch noch gut aus, dazu blauer Himmel auf den Webcams. Aber um 11 Uhr wendete sich das Blatt, nicht nur dass die Sicht auf den Webcams nun wegen tiefer Wolken vernebelt aussah, die Kurzfristwettervorhersage meldete die n\u00e4chsten 3 Stunden nun 4l Regen\/Schneeregen. W\u00e4hrend am Parkplatz den ganzen Vormittag (also ab 9:30, vorher kommt die Sonne nicht \u00fcber die hohen Berge) die Sonne aufs Auto brannte.<\/p>\n<p>Macht mich fertig. Dann halt doch nicht heute. 30 \u20ac bei Papp plus nasse Klamotten wegen Regen -> brauch ich nicht. (Mit Saisonkarte w\u00fcrd ich&#8217;s nat\u00fcrlich probieren.)<\/p>\n<p>Es ist nat\u00fcrlich schwachsinnig, wenn Bergfex meldet &#8220;Wetter aktuell: heiter\/sonnig&#8221; und auf den Webcams oder pers\u00f6nlich vor Ort sieht man bedeckten Himmel oder Nebel, aber noch eigenartiger ist, wenn steht &#8220;starkes Gewitter mit Schneeregen&#8221; und auf den Webcams sieht man davon nix. Auch um 12h sah es auf den webcams noch nicht nach Regen aus. Auch um 13h Sonne+Wolken statt Regen und Gewitter.<\/p>\n<p>Alternativ wollte ich mal schauen, ob man die Stra\u00dfe hochgehen d\u00fcrfte &#8211; ja, darf man, sogar als Mountainbikestrecke ausgeschildert und es gibt ab Kehre 2 sogar einen Wanderweg, der vielleicht nach dem Tunnel wieder die Stra\u00dfe quert? Bin nicht weiter als bis Kehre 3 gegangen, weil ich nicht in Wandermontur unterwegs war und mir die Wettervorhersagen ja nicht stabil genug schienen.  Die Stra\u00dfe schien mir hier weder sonderlich steil noch schmal, schade dass sich mein Vater damals nicht \u00fcberreden lie\u00df.<\/p>\n<p>(Es gab aber bis 19 Uhr fast keine Regentropfen, also h\u00e4tte ich die Wanderung doch machen k\u00f6nnen.)<\/p>\n<p><a href='http:\/\/ski.inmontanis.info\/d\/319632-2\/DSC05552.jpg'><img src=http:\/\/ski.inmontanis.info\/d\/319631-3\/DSC05552.jpg \/><\/a><br \/>\n^ Stra\u00dfe zu den Stauseen und zur Mittelstation, musste man fahren, als es die Standseilbahn noch nicht gab. Das Blau-Gelbe Schild deutet auf Mountainbikenutzung hin<\/p>\n<p><a href='http:\/\/ski.inmontanis.info\/d\/319636-2\/DSC05555.jpg'><img src=http:\/\/ski.inmontanis.info\/d\/319635-3\/DSC05555.jpg \/><\/a><br \/>\n^ Kehre 1<\/p>\n<p><a href='http:\/\/ski.inmontanis.info\/d\/319640-2\/DSC05556.jpg'><img src=http:\/\/ski.inmontanis.info\/d\/319639-3\/DSC05556.jpg \/><\/a><br \/>\n^ Tunnel und weiterer Stra\u00dfenverlauf<\/p>\n<p><a href='http:\/\/ski.inmontanis.info\/d\/319644-2\/DSC05561.jpg'><img src=http:\/\/ski.inmontanis.info\/d\/319643-3\/DSC05561.jpg \/><\/a><br \/>\n^ Wanderweg ab Kehre 2<\/p>\n<p><a href='http:\/\/ski.inmontanis.info\/d\/319648-2\/DSC05563.jpg'><img src=http:\/\/ski.inmontanis.info\/d\/319647-3\/DSC05563.jpg \/><\/a><br \/>\n^ Ab Kehre 3 gibt es einige Kehren dicht hintereinander (bevor es dann in den vorher fotografierten Tunnel gehen wird)<\/p>\n<p><a href='http:\/\/ski.inmontanis.info\/d\/319652-3\/DSC05566.jpg'><img src=http:\/\/ski.inmontanis.info\/d\/319651-4\/DSC05566.jpg \/><\/a><br \/>\n^ Talblick<\/p>\n<p><a href='http:\/\/ski.inmontanis.info\/d\/319656-3\/DSC05567.jpg'><img src=http:\/\/ski.inmontanis.info\/d\/319655-4\/DSC05567.jpg \/><\/a><br \/>\n^ Kehre 3<\/p>\n<p><a href='http:\/\/ski.inmontanis.info\/d\/319660-3\/DSC05568.jpg'><img src=http:\/\/ski.inmontanis.info\/d\/319659-4\/DSC05568.jpg \/><\/a><br \/>\n^ Kehre 2<\/p>\n<p><a href='http:\/\/ski.inmontanis.info\/d\/319664-3\/DSC05569.jpg'><img src=http:\/\/ski.inmontanis.info\/d\/319663-4\/DSC05569.jpg \/><\/a><br \/>\n^ Talstation und obere Parkpl\u00e4tze<\/p>\n<p><a href='http:\/\/ski.inmontanis.info\/d\/319668-3\/DSC05571.jpg'><img src=http:\/\/ski.inmontanis.info\/d\/319667-4\/DSC05571.jpg \/><\/a><br \/>\n^ Rollstuhl- und Warenzugang zum obersten Abteil der SSB<\/p>\n<p>Am Parkplatz hab mir noch die ausgemusterten Kabinen n\u00e4her angesehen, die unterschiedlichen Baujahre sind nicht nur am Dach&#8221;fenster&#8221; erkennbar, auch die Scheiben sind anders get\u00f6nt und anders beklebt.<\/p>\n<p><a href='http:\/\/ski.inmontanis.info\/d\/319672-3\/DSC05572.jpg'><img src=http:\/\/ski.inmontanis.info\/d\/319671-4\/DSC05572.jpg \/><\/a><br \/>\n^ Ein Teil der Kabinen wurde bereits abtransportiert, hier sieht man nochmals gut die unterschiedlichen Baujahre der Kabinen, graue Scheiben ohne Dachfenster vs. braune Fenster mit Dachfenster<\/p>\n<p><a href='http:\/\/ski.inmontanis.info\/d\/319676-3\/DSC05575.jpg'><img src=http:\/\/ski.inmontanis.info\/d\/319675-4\/DSC05575.jpg \/><\/a><br \/>\n^ Die Kabinen sind innen entkernt ..<\/p>\n<p><a href='http:\/\/ski.inmontanis.info\/d\/319680-3\/DSC05576.jpg'><img src=http:\/\/ski.inmontanis.info\/d\/319679-4\/DSC05576.jpg \/><\/a><br \/>\n^ .. und bieten so einen seltenen Blick zum T\u00fcr\u00f6ffnungsmechanismus<\/p>\n<p><a href='http:\/\/ski.inmontanis.info\/d\/319684-3\/DSC05578.jpg'><img src=http:\/\/ski.inmontanis.info\/d\/319683-4\/DSC05578.jpg \/><\/a><br \/>\n^ eigenartige Besch\u00e4digung am Zaun vor dem Wasserfall<\/p>\n<p><a href='http:\/\/ski.inmontanis.info\/d\/319688-3\/DSC05579.jpg'><img src=http:\/\/ski.inmontanis.info\/d\/319687-4\/DSC05579.jpg \/><\/a><br \/>\n^ Wasserfall neben der Talstation<\/p>\n<p>Bei 3h Arbeit samt Handyladen morgens+abends brauch ich ca. 8Ah aus der Batterie. mit Einbeziehung der Wochenenden also bei ca. zus\u00e4tzlicher (sparsamer) 1h PC-N\u00fctzung jeden Abend sollte ich mit ca. 60 Ah pro Woche hinkommen, dh. ich m\u00fcsste eigentlich problemlos 2 Wochen freistehen k\u00f6nnen (wenn ich zwischendrin was einkaufen kann + irgendwo meine Pinkelflaschen leeren kann, das k\u00f6nnte sonst 2 Wochen zu viel werden).<\/p>\n<p>D.h. auch die 7 Tage hier am M\u00f6lltaler gehen doch locker ohne Zwischenstation am Campingplatz, aber leider hab ich nicht so viel Geb\u00e4ck eingekauft. Leider beim Salat letztens nicht aufgepasst, was Semmeln oben im Restaurant kosten w\u00fcrden, aber wenn der Normalpreis in Superm\u00e4rkten schon knapp 0,50 \u20ac ist, sollte man wohl eher mit 1-1,50 \u20ac rechnen?!<\/p>\n<p>Interessantes Foto auf Google: vor 3 Jahren hatten die K\u00e4sesp\u00e4tzle oben noch 8,80 \u20ac gekostet, im November letzten Jahres lt. downloadbarer Online-Speisekarte 11,90 und laut vor 1-2 Monaten downgeloadeter Speisekarte 12,90.<\/p>\n<p>Getr\u00e4nke hatte ich am Sonntag im Lidl ja genug eingekauft. Naja, und 2-4 Abende kann ich ja auch mit Kartoffelsalat, Kartoffelsnackglas bzw Kakao+Flakes\/M\u00fcsli-Zeug  umbringen &#8211;  und der Strom sollte wohl auch f\u00fcr einmal Kochen reichen, wenns sein muss. Knapp 50% Preissteigerung in 3 Jahren ist schon eine Hausnummer. Und andere Preise \u00e4hnlich. Da mag man verstehen, dass die \u00e4lteren Rezensionen auf Google noch von g\u00fcnstigen Preisen hier oben sprachen, die neueren dagegen nicht mehr ;)<\/p>\n<p>Ha, ganz vergessen: Ich hab ja noch eine Packung schwedisches Brot aus Frankreich mit MHD 5.6.2023, das sollte ja also eh aufgebraucht werden, ungek\u00fchlte Salami-Sticks, Fischdosen usw. hab ich ja genug da. Und wer wei\u00df, ob ich am Pfingstmontag \u00fcberhaupt noch Ski fahre oder doch schon durch Ost- und S\u00fcd- nach Nordtirol fahre. Dh. die n\u00e4chsten Tage stromsparend weitermachen und keine langen PC-Abende.<\/p>\n<p>Oh weia, noch was \u00fcbersehen: ein ungewk\u00fchltes Inzersdorfer-Fertiggericht mit MHD 8.5.2023 &#8211; das muss ich wohl zwangsweise die n\u00e4chsten Tage auch mal aufw\u00e4rmen und hoffe, dass es noch genie\u00dfbar ist.<\/p>\n<p>Durch die hinteren Scheiben (offen dank Fliegnnetz) ging heut zumeist ein sch\u00f6ner k\u00fchler Wind durchs Auto, was die Aufheizung durch die Sonne ausgleichte.<\/p>\n<p>Und es w\u00e4r auch unten lang genug trocken geblieben f\u00fcr die Wanderung. Auch oben schien es um 14h und auch um 16 Uhr noch trocken zu sein. Wie \u00fcbliche Falschmeldung auf Bergefx. Manchmal frag ich mich, ob eine rein zuf\u00e4lligge Wettervorhersage wohl \u00f6fters stimmen w\u00fcrde &#8230;..<\/p>\n<p><a href='http:\/\/extra.inmontanis.info\/d\/99510-3\/DSC05580.jpg'><img src=http:\/\/extra.inmontanis.info\/d\/99509-4\/DSC05580.jpg \/><\/a><br \/>\n^ Bei den Temperaturen (Minimum 15\u2032 nachts) brauch ich nat\u00fcrlich keine Standheizung mehr<\/p>\n<p>Ein italienischer Camper holte sich f\u00fcr sein Wohnmobil Wasser in Kanistern von irgendwo der Talstation (WC?) &#8211; ich bekomm   ja schon ein schlechtes Gewissen, wenn ich 2x auf&#8217;s Klo geh ohne heut einen Skipass gekauft zu haben ;)<\/p>\n<p>Na ok, nach ca. 5-7 Tagen f\u00fcll ich dann auch meine 0,5l-Wasserflasche auf, wobei das ab ca. 4 Tagen anf\u00e4ngt, verdorben zu riechen &#8211; aber ich trink das ja nicht, nur sparsamer Verbrauch zum Reinigen von Besteck und Zahnb\u00fcrste, wird wohl nicht so tragisch sein.<\/p>\n<p>Es stand noch das Umparken auf dem Plan, bevor ich morgen &#8211; trotz Schlechtwetter &#8211; wieder um 6 Uhr geweckt werde. Falls ich dort dann ggf. bis zum WE stehen m\u00f6chte, w\u00fcrd ich auf den Sandplatz ja lieber verzichten. Bliebe am Parkdeck die hintere Seite nahe des Rollstuhl-\/Lieferanteneingangs zur und direkt \u00fcber der SSB, wo evtl. gegen\u00fcber Bedienstete stehen k\u00f6nnten (zudem es dort bei Sonnenschein nachmittags vermutlich fr\u00fcher schattig wird) oder die hintere Seite im vorderen Bereich, wo man das Grundrauschen des Wasserfalls besser h\u00f6rt und ich an der Mauer stehen kann, so dass sich zumindest neben meiner Schlafseite keiner hinstellen kann. Allerdings steht man halt direkt \u00fcber dem Parkplatz, wo dann morgens die Renngruppen kommen, somit fraglich, ob das l\u00e4rmtechnisch weit genug sein wird &#8211; ich probierte es mal.<\/p>\n<p>Nachmittags k\u00fcndete sich dann mal wieder ein alter Bekannter an, das f\u00fchlt sich nach Schnupfen an f\u00fcr morgen, obwohl ich ja erst Ende Februar eine Erk\u00e4ltung hatte :( Das h\u00e4tte ich nicht die letzten 2 Wchen haben k\u00f6nnen?? Zumal ich davor 2x in einer Gondel mit erk\u00e4lteten Personen gefahren bin &#8211; gestern w\u00e4r mir in der N\u00e4he zur mir so nichts aufgefallen.<\/p>\n<p><strong>Mi, 24.5.2023<\/strong><\/p>\n<p>Wie bef\u00fcrchtet, war der Parkplatz morgens um 6 Uhr nicht weit genug vom L\u00e4rm entfernt. Nach 6:30 Regen und bald auch am Parkdeck die ersten Autos. (Heute keine Schlechtwetterschlie\u00dfung wie am Wochenende?!)Wobei es vormittags am Parkplatz nicht dauerhaft geregnet hatte.)<\/p>\n<p>Hauptst\u00f6rquelle eines erholsamen Schlafs heute Nacht war allerdings mein K\u00f6rper, starke Hals- bzw. eher Rachenschmerzen und laufende Nase. Damit werd ich wohl die n\u00e4chten 2 Tage auch nicht skifahren wollen &#8211; sollte ich also gleich wieder heim?! Nach nur einen Skitag? Ist ja auch bl\u00f6d, zumal ich n\u00e4chste Woche ja in Nordtirol sein muss. Au\u00dfer der Schnupfen vergeht schnell wieder, so heftig wie das heut Nacht gekommen ist.<\/p>\n<p>Bis auf 3 G\u00e4nge zum WC, einer davon mit einem kurzen Umweg, schlug ich die Zeit im Auto tot, auch nicht so einfach, zudem mittlerweile recht feucht, zus\u00e4tzlich keine Sonne und feuchte Luft drau\u00dfen und immer mal wieder etwas Regen.<\/p>\n<p>Zum Schluss stellte ich mich noch auf den &#8220;Sandplatz&#8221;. Da hier allerdings schon ein anderer Camper weiter von der Stra\u00dfe weg stand, steh ich vielleicht wieder zu nah an der morgendlichen L\u00e4rmquelle. Zugegeben, falls ich die n\u00e4chsten 2 Tage gesundheitlich und\/oder wetterm\u00e4\u00dfig aufs Skifahren verzichten will, h\u00e4tte ich mich auch noch eine Parkebene weiter runter stellen k\u00f6nnen.<\/p>\n<p>&#8212;<\/p>\n<p>Zur aktuellen Politik:<\/p>\n<p>Unglaublich, was da bei dem Prozess zum Autobahnbr\u00fcckeneinsturz in Genua vor ein paar Jahren alles (angeblich) f\u00fcr Missst\u00e4nde rauusgekommen sein sollen:<br \/>\n<a href='https:\/\/orf.at\/#\/stories\/3317636\/'>https:\/\/orf.at\/#\/stories\/3317636\/<\/a><\/p>\n<p>&#8220;Die derzeitige Politik f\u00fchrt zu einer Klimaerw\u00e4rmung um 2,7 Grad Celsius bis zum Jahr 2100. Ein Drittel der Erdbev\u00f6lkerung m\u00fcsste dann bei Temperaturen leben, die f\u00fcr menschliche Existenz un\u00fcblich sind&#8221;<br \/>\n<a href='https:\/\/orf.at\/#\/stories\/3317635\/'>https:\/\/orf.at\/#\/stories\/3317635\/<\/a><br \/>\n(mal abgesehen von dem \u00fcblichen Framing und ohne sich auf das Wort &#8220;un\u00fcblich&#8221; zu st\u00fcrzen) &#8230; und was w\u00e4r der sinnvollere Weg? Meiner Meinung nach nicht der M\u00e4r vom menschengemachten Klimawandel hinterherjagen, auch nicht Milliarden in die zu hei\u00dfen Gegenden investieren, sondern mehr Menschen das Einwandern in die k\u00fchleren Regionen erlauben! In Skandinavien und Kanada ist doch eh so viel Platz. Und um mich noch unbeliebter zu machen: Wenn sich die Bev\u00f6lkerung z.B. in Deutschland mit Afrikaner und Inder verdreifacht, was erg\u00e4be das bitte f\u00fcr einen Boom der deutschen Wirtschaft!! (Das hei\u00dft nicht Zwangsumsiedlung und nicht von-heute-auf-morgen, aber jeder der wollte, sollte d\u00fcrfen, ggf innerhalb eines gewissen j\u00e4hrlichen Mengenrahmens oder eines z.B. 50-j\u00e4hrigen Projektes.)<\/p>\n<p>&#8220;In der letzten Woche gab es einige aufsehenerregende Erkl\u00e4rungen in Kiew, \u00fcber die westliche Medien schweigen. F\u00fchrende Vertreter des Kiewer Regimes haben mehrmals offen zum Mord an Russen, auch einfachen Zivilisten, aufgerufen&#8221;<br \/>\n<a href='https:\/\/www.anti-spiegel.ru\/2023\/kiew-gibt-terroranschlaege-zu-der-westen-schweigt\/'>https:\/\/www.anti-spiegel.ru\/2023\/kiew-gibt-terroranschlaege-zu-der-westen-schweigt\/<\/a><\/p>\n<p>Na, wenn&#8217;s die Russen sagen, wird&#8217;s wohl stimmen? ;) Na mir egal, wer das sagt und es sagen ja auch nicht nur die Russen:<br \/>\n&#8220;Neue Entdeckungen russischer Wissenschaftler belegen, dass der Mensch keine Schuld an globaler Erw\u00e4rmung und dem Klimawandel tr\u00e4gt.&#8221;<br \/>\n<a href='https:\/\/meinungsfreiheit.rtde.life\/gesellschaft\/170761-russische-akademie-wissenschaften-globale-erwaermung\/'>https:\/\/meinungsfreiheit.rtde.life\/gesellschaft\/170761-russische-akademie-wissenschaften-globale-erwaermung\/<\/a><br \/>\n^<br \/>\nWie schon vor einiger Zeit gesagt &#8211; die Wahrheit k\u00f6nnen wir sowieso nicht rausfinden, ob nun die &#8220;transatlantische&#8221; oder die &#8220;russische&#8221; Propaganda mehr oder weniger l\u00fcgt. Nach dem Cui-Bono-Prinzip h\u00e4tten auch beide Seiten ihre guten Gr\u00fcnde f\u00fcr die jeweiligen Ansichten. Der &#8220;einfache Mann&#8221; kann also entweder das glauben, was ihm logischer erscheint, oder das, was ihm besser gef\u00e4llt. Oder sich ganz raushalten. <\/p>\n<p>Andererseits: die EU f\u00fchrt aktuell nicht nur einen Krieg gegen Russland, sondern auch gegen CO2 und hat schon allein deshalb mehr Gr\u00fcnde f\u00fcr einen entsprechenden Propagandafeldzug. Ob die russischen Wissenschaftler das nun aus reiner \u00dcberzeugung sagen oder mit etwas Druck von der Politik (wie man es den westlichen Wissenschaftlern ja genauso unterstellen kann!), ist mir ehrlich gesagt egal, das Ergebnis kommt aufs Selbe raus: Russland wird sich der CO2-Diktatur in Zukunft vermutlich nicht (mehr) unterwerfen. Und das ist gut f\u00fcr Russland und die russische Wirtschaft (wobei die RF ja trotzdem viele Milliarden wg. des Klimawandels ausgeben muss, aber sich dann wenigstens die zus\u00e4tzliche CO2-Rallye spart). Leider auch gut f\u00fcr die &#8220;transatlantische&#8221; Politik, die dann Russland noch mehr hassen kann.<\/p>\n","protected":false},"excerpt":{"rendered":"<p>(Sa, 20.5., Fortsetzung)<\/p>\n<p>Die Wettervorhersagen nachmittags gaben mir dann den Rest, also dann halt auch morgen kein Skifahren am M\u00f6lltaler. Hoffentlich bleibt die sonnigere Vorhersage f\u00fcr Montag wenigstens und ich fahr dann morgen im Laufe des Tages los &#8211; Superm\u00e4rkte sind ja trotz Sonntag etliche offen auf dem Weg, wie im vorherigen Bericht geschrieben.<\/p>\n<p>Womit <a href=\"http:\/\/blog.inmontanis.info\/?p=8816\">[&#8230;]<\/a><\/p>\n","protected":false},"author":1,"featured_media":8818,"comment_status":"closed","ping_status":"closed","sticky":false,"template":"","format":"standard","meta":{"footnotes":""},"categories":[199,13,27],"tags":[56,38],"class_list":["post-8816","post","type-post","status-publish","format-standard","has-post-thumbnail","hentry","category-molltaler-gletscher","category-austria","category-skifahren-winterskiing-winter","tag-6sb","tag-dsb","odd"],"_links":{"self":[{"href":"http:\/\/blog.inmontanis.info\/index.php?rest_route=\/wp\/v2\/posts\/8816","targetHints":{"allow":["GET"]}}],"collection":[{"href":"http:\/\/blog.inmontanis.info\/index.php?rest_route=\/wp\/v2\/posts"}],"about":[{"href":"http:\/\/blog.inmontanis.info\/index.php?rest_route=\/wp\/v2\/types\/post"}],"author":[{"embeddable":true,"href":"http:\/\/blog.inmontanis.info\/index.php?rest_route=\/wp\/v2\/users\/1"}],"replies":[{"embeddable":true,"href":"http:\/\/blog.inmontanis.info\/index.php?rest_route=%2Fwp%2Fv2%2Fcomments&post=8816"}],"version-history":[{"count":4,"href":"http:\/\/blog.inmontanis.info\/index.php?rest_route=\/wp\/v2\/posts\/8816\/revisions"}],"predecessor-version":[{"id":8821,"href":"http:\/\/blog.inmontanis.info\/index.php?rest_route=\/wp\/v2\/posts\/8816\/revisions\/8821"}],"wp:featuredmedia":[{"embeddable":true,"href":"http:\/\/blog.inmontanis.info\/index.php?rest_route=\/wp\/v2\/media\/8818"}],"wp:attachment":[{"href":"http:\/\/blog.inmontanis.info\/index.php?rest_route=%2Fwp%2Fv2%2Fmedia&parent=8816"}],"wp:term":[{"taxonomy":"category","embeddable":true,"href":"http:\/\/blog.inmontanis.info\/index.php?rest_route=%2Fwp%2Fv2%2Fcategories&post=8816"},{"taxonomy":"post_tag","embeddable":true,"href":"http:\/\/blog.inmontanis.info\/index.php?rest_route=%2Fwp%2Fv2%2Ftags&post=8816"}],"curies":[{"name":"wp","href":"https:\/\/api.w.org\/{rel}","templated":true}]}}