{"id":8806,"date":"2023-05-20T14:29:14","date_gmt":"2023-05-20T12:29:14","guid":{"rendered":"http:\/\/blog.inmontanis.info\/?p=8806"},"modified":"2023-05-24T17:12:19","modified_gmt":"2023-05-24T15:12:19","slug":"warten-auf-wetterbesserung-9-5-20-5-2023-schrank-grun-weltreise","status":"publish","type":"post","link":"http:\/\/blog.inmontanis.info\/?p=8806","title":{"rendered":"Warten auf Wetterbesserung, 9.5.-20.5.2023 &#8212; (Schrank, Gr\u00fcn, Weltreise?, &#8230;)"},"content":{"rendered":"<p><strong>Di, 9.5.2023<\/strong><\/p>\n<p>Auf der Koralpe k\u00f6nnte sogar noch der eine oder andere Lift laufen, es l\u00e4ge n\u00e4mlich noch Schnee. Obwohl ja schon seit \u00fcber 1 Monat Betrieb eingestellt. Bei sch\u00f6nem Wetter und wenn ich meine Felle gefunden h\u00e4tte, h\u00e4tte man da ja vielleicht mal rauf gehen k\u00f6nnen. Wobei ich ja ein Paar Felle gefunden hatte &#8211; ich nahm nur an, dass das die alten sein. 100%-ig sicher bin ich mir da nun nicht mehr, evtl. sind das doch die neuen und ich hatte die alten weggeschmissen, weil nicht mehr passend? Naja, egal, h\u00e4tte heuer eh keine Skitour machen wollen. Oder maximal an dem einen Tag im Appennin&#8230;<\/p>\n<p><a href='http:\/\/ski.inmontanis.info\/d\/319556-3\/DSC05446.jpg'><img src=http:\/\/ski.inmontanis.info\/d\/319555-4\/DSC05446.jpg \/><\/a><br \/>\n^ Skigebiet Koralpe im Zoom<\/p>\n<p><a href='http:\/\/extra.inmontanis.info\/d\/99342-2\/DSC05447.jpg'><img src=http:\/\/extra.inmontanis.info\/d\/99341-3\/DSC05447.jpg \/><\/a><br \/>\n^ Recht m\u00fcllige Wetteraussichten f\u00fcr n\u00e4chste Woche, ob ich da am Samstag wo Skifahren m\u00f6chte?<\/p>\n<p><strong>Mi, 10.5.2023<\/strong><\/p>\n<p>Bevor ich n\u00e4chstes Mal wieder mit einem Auto voller Zeug heimkomme (M\u00f6bel, die ich von meiner Tante alter Wohnung im Januar mitgenommen hatte + ggf. weiteres Zeug, das alles noch im Keller meiner Mutter zwischengelagert ist), schien es mir vern\u00fcnftig, nochmals das Umstellen des gro\u00dfen Kleider- &#038; Co-Schranks zu versuchen &#8211; bevor ich keine Platz mehr hab (um alles auszur\u00e4umen und irgendwo anders hin tu tun) &#8230;<\/p>\n<p>.. also alles ausger\u00e4umt inkl. Zwischenb\u00f6den, T\u00fcren mal noch nicht abmontiert und die vor einiger Zeit im Internet gelesenen Tipps beherzigt..<\/p>\n<p>.. was f\u00fcr einen Haufen unn\u00fctzer Kleidungsst\u00fccke ich mittlerweile hab, weil ich ja so selten meine W\u00e4sche wechsle, nur 3-5 Sachen ein Halbjahr unterwegs verwende .. das reicht mir wohl noch etliche Jahrzehnte, bis das alles abgetragen w\u00e4re ;)<\/p>\n<p>Der Schrank blieb zu schwer, also erst zwei T\u00fcren ausgebaut und dann doch alle 4 ausgebaut, auch wenn das Montieren sicherlich nervig werden w\u00fcrde. Danach ging&#8217;s aber, wenn auch trotzdem schwer und nat\u00fcrlich nur dank der zus\u00e4tzlich unterschobenen Kartons und\/oder Holzleisten.<\/p>\n<p><a href='http:\/\/extra.inmontanis.info\/d\/99346-2\/DSC05452.jpg'><img src=http:\/\/extra.inmontanis.info\/d\/99345-3\/DSC05452.jpg \/><\/a><br \/>\n^ Selbst mit unterlegtem Karton und Holzleisten und 2 abgebauten T\u00fcren ging er immer noch nicht zum vorw\u00e4rtsschieben (wohl seitlich vorne), daher noch die restlichen T\u00fcren abgebaut..<\/p>\n<p><a href='http:\/\/extra.inmontanis.info\/d\/99350-2\/DSC05455.jpg'><img src=http:\/\/extra.inmontanis.info\/d\/99349-3\/DSC05455.jpg \/><\/a><br \/>\n^ Knapp ging es an der Lampe vorbei &#8211; die ja ggf. irgendwann mal ausgetauscht wird.<\/p>\n<p>Die \u00dcberraschung des Tages: unter dem Schrank ist der Teppich, der sonst \u00fcberall eher hellorange ist (au\u00dfer in einigen Ecken, was ich entweder als Dreck oder Schimmel gedeutet hab) &#8230; viel dunkler, regelrecht braun!!!?!!<\/p>\n<p><a href='http:\/\/extra.inmontanis.info\/d\/99354-2\/DSC05456.jpg'><img src=http:\/\/extra.inmontanis.info\/d\/99353-3\/DSC05456.jpg \/><\/a><br \/>\n^ Krasser Farbunterschied am Teppichboden wo der Schrank stand (links)<\/p>\n<p><a href='http:\/\/extra.inmontanis.info\/d\/99358-2\/DSC05460.jpg'><img src=http:\/\/extra.inmontanis.info\/d\/99357-3\/DSC05460.jpg \/><\/a><br \/>\n^ Krasser Farbunterschied am Teppichboden wo der Schrank stand<\/p>\n<p><a href='http:\/\/extra.inmontanis.info\/d\/99362-2\/DSC05458.jpg'><img src=http:\/\/extra.inmontanis.info\/d\/99361-3\/DSC05458.jpg \/><\/a><br \/>\n^ Krasser Farbunterschied am Teppichboden wo der Schrank stand<\/p>\n<p>Also, es kann mal nicht an der Sonneneinstrahlung liegen, wohl auch nicht an der Reinigung, schon gleich gar nicht an der Ben\u00fctzung, am ehesten noch an der Luft.<\/p>\n<p>Hinterm Schrank war eine zus\u00e4tzliche ca. 5mm Platte genagelt, die in einer Richtung ca. 10cm l\u00e4nger war &#8211; die musste ich auch noch abmontieren. Und gerade die (eh sehr langen und dicken) N\u00e4gel in der Schrankmitte waren dann auch noch verklebt, so dass ich teilweise die Platte aufbrechen musste. Boah..<\/p>\n<p>Um 17:30 h\u00f6rte ich auf, der Schrank stand an seinem neuen Platz, die Zwischenb\u00f6den und T\u00fcren wieder montiert, F\u00fc\u00dfe und R\u00fccken schmerzten, sonst aber noch nichts einger\u00e4umt, das reicht ja auch morgen.<\/p>\n<p><a href='http:\/\/extra.inmontanis.info\/d\/99366-2\/DSC05461.jpg'><img src=http:\/\/extra.inmontanis.info\/d\/99365-3\/DSC05461.jpg \/><\/a><br \/>\n^ Der Schrank steht nun an seinem neuen Platz, puh, so dass gerade noch das Fenster weit genug aufgeht und hinterm Schrank halbwegs Platz ist.<\/p>\n<p>Der Schrank steht jetzt um 90\u00b0 gedreht an einer anderen Stelle der Wohnung, so dass er anstatt den Schlafbereich abzuschirmen (was dunkelm\u00e4\u00dfig durchaus sch\u00f6n war) nun einen kleinen Abstellbereich abschirmt, wo ich dann wohl noch Regale installieren werde, wenn ich die restlichen Sachen aus den Umzugskartons irgendwann mal noch anderweitig verr\u00e4umen m\u00f6chte.<\/p>\n<p>Verbesserungen, die ich mir durch die Umstellung erhoffe: Der Schlafbereich ist jetzt nicht mehr so abgetrennt und wird hoffentlich besser geheizt. Die Filmprojektion erfolgt nun auf die Wand \u00fcber dem Bett, so dass ich nicht mehr wie bisher nahe der kalten Au\u00dfenwand im Sessel sitze, sondern mittig und zus\u00e4tzlich noch meine F\u00fc\u00dfe auf&#8217;s (beheizte) Bett legen kann.<\/p>\n<p>Zudem brauchte ich ja etwas Platz im Bereich meines bisherigen Tisches f\u00fcr den zweiten Tisch dann und das w\u00e4r sich mit der Position des Sessels zuvor auch nicht ausgegangen.<\/p>\n<p>Da ich somit zum Filmschauen nicht mehr um 90\u00b0 zum Schreibtisch versetzt sitze (wie auch damals in Innsbruck), sondern um 180\u00b0, kann ich zudem die Surroundanlage sinnvoller installieren. Wobei nachteilig ist, dass hinten\/vorne mehr als doppelt so weit weg ist wie links\/rechts, d.h. links\/rechts ist eher wenig und nur die halbe Wohnung.<\/p>\n<p>Die Projektionsfl\u00e4che d\u00fcrfte ziemlich ident geblieben sein, war alt ca. 2,2m und ist neu ca. 2,2m breit (d.h. ca. 250cm Diagonale). Glaub da hatte ich in Innsbruck mehr? Naja, reicht schon.<\/p>\n<p><strong>Do, 11.5.2023<\/strong><\/p>\n<p>Leider gestern wohl irgendwas zu schweres zu falsch gehoben, sitzen, stehen, liegen, es tut der R\u00fccken weh. Mal ein paar G\u00fcrtel eng rumgeschnallt (mangels Korsett), machte die Sache etwas angenehmer.<\/p>\n<p>Wollte noch in meinen alten Tageb\u00fcchern nachsehen, wie das genau mit dem Sommerurlaub in K\u00e4rnten und dem M\u00f6lltaler Gletscher damals war&#8230; aaalso:<\/p>\n<blockquote><p>\nDi, 21.8.1990<br \/>\nFahrt zum M\u00f6lltaler Gletscher, doch da Vater keine Lust hatte, steile Bergstra\u00dfe zu fahren, Mutter und ich in die Raggaschlucht&#8221;\n<\/p><\/blockquote>\n<p>(Die Standseilbahn als Zubringer gab&#8217;s damals ja noch nicht. Am SA darauf war ich dann mit Mutter am Kitzsteinhorn skifahren, das war der Tag, wo ich dann talw\u00e4rts in der vollen Standseilbahn ohnm\u00e4chtig wurde. In Betrieb waren &#8220;2 Skilifte und 2 Teilskilifte (kurz+leicht)&#8221;, bei 10cm Neuschnee, um 13h fuhren wir rauf, um 15:30 runter, d.h. damals noch nachmittags Skibetrieb bzw. am KSH \u00fcberhaupt noch Sommerskibetrieb im August und es war recht voll damals um 15:30 runterw\u00e4rts in der Standseilbahn.<\/p>\n<p>Hier und heute wohl durchgehender Regen auf der Koralpe, zumindest immer wenn ich aus dem Fenster sah.<\/p>\n<p><strong>Fr, 12.5.2023<\/strong><\/p>\n<p>Die Wettervorhersagen f\u00fcr morgen schauen leider nicht mehr sonderlich brauchbar aus, weder Kanin noch M\u00f6lltal; SO+MO evtl. besser, dann nochmals schlechter. Also warten, wie&#8217;s morgen ausschaut bzw. mal morgen Bovec\/Kanin jedenfalls canceln  ..<\/p>\n<p>Was ich beim letzten Bericht von daheim vergessen bzw. mich vertan hatte, dass ich ja nicht nur Fliesenlack in Moosgr\u00fcn hab, sondern auch universalen Lack (f\u00fcr Holz &#038; Co) &#8211; daher hatte ich letzteren f\u00fcr z.B. den Schrank verwendet, nicht den Fliesenlack. F\u00fcr die Tests auf der Wand hatte ich aber ja den Fliesenlack verwendet, daher heute nochmals den anderen auf der Wand ausprobiert, ist aber genauso dunkel wie der Fliesenlack und wirkt ebenso dunkler als der Schrank gegen\u00fcber, was aber vmtl. mit an der wei\u00dfen Fl\u00e4che drumherum liegt, daher diesmal ein schwarzes Teil dar\u00fcber gehalten:<\/p>\n<p><a href='http:\/\/extra.inmontanis.info\/d\/99370-2\/DSC05502.jpg'><img src=http:\/\/extra.inmontanis.info\/d\/99369-3\/DSC05502.jpg \/><\/a><br \/>\n^ Die 3 Farbmuster von zuletzt noch erg\u00e4nzt, die gro\u00dfen Felder vlnr: Jungle, Simply21, Moosgr\u00fcn Fliesenlack, ganz rechts daneben Moosgr\u00fcn Universal; die kleinen Felder l\/r von Simply: Simply mit Jungle gemischt &#8211; nicht das, was ich erhofft hatte.<\/p>\n<p>Ob jetzt Jungle oder Moosgr\u00fcn dunkler ist, ist wohl schwer zu unterscheiden, aber Moosgr\u00fcn ist jedenfalls kr\u00e4ftiger in der Farbe. Und nat\u00fcrlich kommt es immer auf&#8217;s Licht an und die Kamera macht es nochmals anders und der Monitor (auch von euch Lesern) \u00e4ndern Farbton und Helligkeit ebenfalls.<\/p>\n<p><a href='http:\/\/extra.inmontanis.info\/d\/99374-2\/DSC05466.jpg'><img src=http:\/\/extra.inmontanis.info\/d\/99373-3\/DSC05466.jpg \/><\/a><br \/>\n^ Ungewohnt lange Seitenwand nun in der Wohnung (ca. 7m) + Projektor (kommt noch h\u00f6her, wenn ich ein zweites solches Schubladensystem kaufe) samt neue Projektionswand. Ja, mit der Decke bin ich noch nicht fertig (wie sich in ein paar Tage sp\u00e4ter rausstellte: gut so!).<br \/>\nMan beachte die Farbe des Bettes, die war wohl mal ident zum Fu\u00dfboden, wie man anhand des dunklen St\u00fccks an der Leiter sehen kann, wo der gro\u00dfe Schrank zuvor stand ;)<\/p>\n<p>Wetter, Wetter, Wetter.. Uneinheitliche Vorhersagen f\u00fcr Kanin morgen; f\u00fcr M\u00f6lltaler tendenziell vielleicht besser, auch MO noch besser, bevor es DI+MI wieder schlecht werden soll (DI wieder sehr nass) .. soll ich nun wegen SO+MO fahren, dann DI+MI verzichten und DO vielleicht wieder? Oder gleich noch bis MI daheim bleiben? Wetterm\u00e4\u00dfig sinnvoll f\u00fcr eine Skitour scheint es daheim auch nicht zu werden, zudem ja Parkgeb\u00fchren eingef\u00fchrt wurden und mein saisonkartenm\u00e4\u00dfiger Parkschein laut Aufdruck nur bis Ende April galt.<\/p>\n<p><strong>Sa, 13.5.2023<\/strong><\/p>\n<p>Wie \u00fcblich hat sich die Wettervorhersage auf Bergfex wieder gedreht, was Kanin heute+morgen angeht, nun soll es also doch wieder heute besser und morgen schlechter werden. Und wie \u00fcblich bei solchen Vorhersagen zeigen die Webcams morgens nicht das gerade sonnig gemeldete Wetter, sondern Nebel. F\u00fcr&#8217;n M\u00f6lltaler wird derweil DI+MI schlecht gemeldet und bei den nur halbwegs brauchbar gemeldeten SO+MO werd ich also wohl noch bis MI hier bleiben. Am DO ist ja Feiertag, da werd ich dann wohl wieder auf Skiern stehen. Sofern das Wetter passt.<\/p>\n<p>Meine Eink\u00e4ufe sind jedenfalls aufgebraucht, da ich ja nicht mehr h\u00e4tte kaufen k\u00f6nnen, wenn ich heute wieder weggefahren w\u00e4re. Also, bedeutet, Semmeln sind aufgebraucht (bis auf die ja noch vorhandenen, verpackten Hamburgersemmeln), ebenso gek\u00fchlte Wurst (au\u00dfer eben die ungek\u00fchlten Salami-Sticks) und Milch\/Kakao (noch bis \u00fcbermorgen fr\u00fch), sowie die tiefgek\u00fchlten Pommes+Schnitzel, die ich die letzten 5 Tage abends a\u00df. Also jetzt nicht so tragisch, dass ich jetzt heute einkaufen m\u00fcsste, denn ich hab ja noch genug haltbare Fertiggerichte (inkl. Dosen und R\u00f6sti und Nudeln) und nat\u00fcrlich S\u00fc\u00dfigkeiten inkl. verpackten italienischen Croissants und franz\u00f6sischen Cr\u00eapes.<\/p>\n<p>An den Liften oben g\u00e4b&#8217;s ja eine B\u00e4ckerei, aber ob die jetzt in der Zwischensaison offen hat (und wenn ja, an welchen Tagen und zu welchen Zeiten), sieht man nirgends im Internet und bevor ich da sinnlos rauffuhr, probierte ich das erst gar nicht.<\/p>\n<p>Heute stand kurz auf dem Plan, was ich auch schon l\u00e4nger machen wollte, aber nun im Sommer notwendiger scheint, wenn ich den PC \u00f6fters rein- und raustun m\u00f6chte: Das Versetzen (der Wand-Halteplatte) im Auto, um das PC-Rein-\/Raustun (insb. den Anschluss der Kabel) zu erleichtern, also um ca. 2cm. Das Ergebnis wird sich dann erst zeigen, wenn ich wieder losfahr und den PC einbaue.<\/p>\n<p>Leichter Spr\u00fch-Nieselregen schon vormittags. Was auch immer wieder faszinierend ist, wie einem manche Ger\u00fcche nicht auffallen, wenn man jeden Tag im Auto ist bzw. Sachen jeden Tag verwendet, aber nach l\u00e4ngerem Nicht-Tragen o.\u00e4. dann doch auff\u00e4llt.<\/p>\n<p>Bei der Gelegenheit gleich ein paar Sachen wieder ins Auto gelegt, aber auch ein paar raufgenommen, falls ich doch noch bis MI hierbleiben werde. Dann sind es ja nur noch 1,5 Wochen bis Pfingsten, so dass ich die Zeit wohl doch am M\u00f6lltaler bleiben w\u00fcrde, denn bevor ich nach Hintertux fahren k\u00f6nnte, m\u00fcsste ich erst in der Arbeit vorbei (aktuelle Arbeitsbest\u00e4tigung f\u00fcr die Tiroler-Erm\u00e4\u00dfigung) und da ich zudem am 31.5. einen Werkstatttermin hab, werde ich vor Juni wohl nicht mehr am Hintertuxer Ski fahren.<\/p>\n<p>Man sollte es wohl ausn\u00fctzen, wenn die Wohnungen um einen herum derzeit leer sind und mal wieder laut Musik h\u00f6ren ;)<\/p>\n<p>Das Wetter momentan ist wie im Herbst: k\u00fchl, feucht, neblig &#8230;<\/p>\n<p>.. und die Wettervorhersagen f\u00fcr M\u00f6lltal \u00e4nderten sich im Laufe des Tages, so dass auch morgen+\u00fcbermorgen nicht mehr sch\u00f6n werden sollen, also es nun bis inkl DO (!) so bew\u00f6lkt-nass weitergeht&#8230;<\/p>\n<p>Eigentlich h\u00e4tte ja dieses WE das letzte Skibetriebswochenende am Kanin sein sollen, aber weil das WE jetzt so schlecht war (und es ja nochmals Neuschnee gegeben hat), hat man das Saisonende nun auf n\u00e4chste Woche verschoben und sperrt nochmals von FR-SO auf, sofern das Wetter dann besser ist.<\/p>\n<p>Bis inkl. DO hierzubleiben, dann h\u00e4tt ich ja schon ganz gern noch irgendeine Form von Brot\/Br\u00f6tchen gehabt&#8230;also abgesehen\/zus\u00e4tzlich zu den 4 Hamburgerbr\u00f6tchen &#8230; und der Packung Grissini &#8230; dann werden nun eben die 4 St\u00fcck als Mittagsmahlzeit verwendet.<\/p>\n<p><strong>So, 14.5.2023<\/strong><\/p>\n<p>Auch heute daheim den ganzen Tag Regen, mal dicker, mal d\u00fcnner. Nachdem ich ja gerade Zeit hatte und weil es mich seit ein paar Tagen nervt (und ich das somit nur daheim machen will), wohlwissentlich, dass das wieder eine stundenlage Arbeit werden wird, hab ich nicht nur mein Linux gebackupped heute, sondern auch aktualisiert von (k)ubuntu 20.04 auf 22.04 (\u00fcber 3GB Download heute) &#8211; wie nicht anders zu erwarten, wurden mal wieder einige Programme einfach so mirnixdirnix ohne Hinweis gel\u00f6scht und mussten neu installiert werden, so manche Updates mussten entsprechend angepasst werden, dass sie wieder &#8220;gut&#8221; aussahen und wie gew\u00fcnscht funktionieren etc. etc. &#8211; so vergeht dann ein regnerischer Tag.<\/p>\n<p>Zuvor noch ein Bios-Update auf dem Intel Nuc installiert, weil beim Einschalten manchmal kein Bild da ist (zumindest nicht am Grub-Bootloader)  bzw. manchmal beim Hochfahren einfach nix mehr weitergeht &#8211; hoffentlich wird das behoben sein im neuen Bios.<\/p>\n<p>Obwohl mein Standardbrowser ja Palemoon ist, hab ich f\u00fcr zickige Websites Firefox, der allerdings unter Ubuntu 22 anders installiert wird, was dann wieder nervt, wenn man gewisse Sachen \u00e4ndern m\u00f6chte, die zudem dann aufgrund der neuen Firefox-Version 113 anscheinend nicht mehr so funktionieren wie gew\u00fcnscht (aka: die via Userscripts ge\u00e4nderten Scrollbars) -> daher nach einiger Probiererei auf noch alternativem Weg die 112 installiert. Wie mich das alles nervt, schei\u00df verfickte Programmierer heutzutage \u00fcberall.<\/p>\n<p>Na nicht ganz \u00fcberall, mir ist da am Android-Handy auf der Suche nach einem brauchbaren (und kostenlosen und werbefreien) Musikplayer &#8220;Aimp&#8221; (aus Russland) in die H\u00e4nde gefallen, den es auch in einer Windows- und Linux- (via Wine) Version gibt, den hab ich mir mal noch installiert, wobei ich ja eigentlich am PC nach wie vor die alte iTunes 10 oder 11 &#8211; Version verwende, wof\u00fcr ich wiederum aber den virtuellen PC hochfahren muss, also ist ggf. f\u00fcr ein, zwei Lieder ein direkter installierter Player angenehmer.<\/p>\n<p>Jedenfalls gibt&#8217;s bei dem AIMP viele, viele Skins und einige schauen aus wie alte Kassettendecks oder Magnetbandger\u00e4te etc. &#8211; ziemlich cool irgendwie. Und hat am PC wie unter Android auch viele Einstellungsm\u00f6glichkeiten. Zwar hier und da nicht ganz perfekt, aber verglichen mit dem vielen anderen Schei\u00df heutzutage &#8230;<\/p>\n<p>Schon fast \u00fcberraschenderweise hat der Stift-Monitor von Haus aus im upgedateten Linux funktioniert, aber da muss ich nat\u00fcrlich auch noch den Monitor im Auto testen &#8211; und hier kommen wir zum ersten Satz des heutigen Tages: Aufgrund des Regens wollte ich den heute nicht aus dem Auto holen.<\/p>\n<p>Weniger wollen tat allerdings der vmware-Player f\u00fcr die virtuellen Windows7\/XP-PCs. Und die Updateinstallation wollte auch nicht, die hat dann gleich mal die vorherige Version deinstalliert, ohne den neuen zu installieren. Also nochmals knapp 500 MB downloaden m\u00fcssen&#8230; irgendwann schmei\u00df ich das ganze Computergraffel aus dem Fenster.<\/p>\n<p><a href='http:\/\/extra.inmontanis.info\/d\/99378-2\/DSC05478.jpg'><img src=http:\/\/extra.inmontanis.info\/d\/99377-3\/DSC05478.jpg \/><\/a><br \/>\n^ Weiterhin m\u00fcllige Wetteraussichten, da bleib ich mal noch daheim, evt. am Donnerstag-Feiertag?<\/p>\n<p><strong>Mo, 15.5.2023<\/strong><\/p>\n<p>Heut bin ich sozusagen &#8220;knapp dem Tode&#8221; entkommen, denn bei soviel Dummheit hat man sich m.E. das Weiterleben verwirkt und geh\u00f6rt entsorgt. Anstatt sich die Pulsadern aufzuschneiden, hab ich mir halt ein paar Mal den Kopf an die Wand geschlagen, irgendeine Selbstbestrafung muss es daf\u00fcr geben.<\/p>\n<p>Wetter heut abschnittsweise trocken, daher mal nicht nur zum Auto den Tablet-Monitor holen, sondern unten am Auto \u00fcberlegt, auch das R\u00fccklicht auszubauen. Kofferaumabdeckung (gesteckt) abgemacht und wie jetzt weiter?<\/p>\n<p>Also wieder raufgegangen, Anleitung gesucht und bei der Gelegenheit bemerkt, Tablet-Monitor sch\u00f6n und gut, ohne Kabel zum PC n\u00fctzt mir das Teil aber gar nix.<\/p>\n<p>Also wieder zum Auto runter, Kabel eingepackt, dank Anleitung weiter zerlegt und bemerkt, dass ich zu dem Schimmelfleck am Glas gar nicht so wirklich hinkomm, also nur teilweise gereinigt, danach wieder zusammengebaut.<\/p>\n<p>Also wieder rauf gegangen und bei der Gelegenheit bemerkt, Kabel sch\u00f6n und gut, aber ohne Stift kann ich die Funktionalit\u00e4t im neuen Linux ja auch nicht testen und um die geht&#8217;s mir ja. Danach folgte die schon erw\u00e4hnte Kopfandiewandschlagnummer.<\/p>\n<p>Also ein drittes Mal zum Auto runter, Stift eingepackt und bei der Gelegenheit bemerkt, dass die Kofferraumdeckelabdeckung noch auf dem Bett liegt. Also die wieder montieren wollen und bemerkt, dass ich das R\u00fccklicht noch gar nicht wieder angeschlossen hab. ALTER vielleicht sollte ich doch noch aus dem Leben scheiden heute. Licht wieder angesteckt und Abdeckung hoffentlich soweit vollst\u00e4ndig wieder eingeklemmt. Da es nur 3 Schrauben gab, konnte auch keine \u00fcbrigbleiben.<\/p>\n<p>\u00dcbrigens ist es da hinter der Abdeckung gar nicht so schimmlig gewesen wie bef\u00fcrchtet, nur 2 kleine Stellen mit etwas Dreck am Blech, wo vielleicht auch Schimmel sein k\u00f6nnte. K\u00f6nnte mir aber vorstellen, dass es seitlich oder an den T\u00fcren etwas schlimmer aussehen k\u00f6nnte.<\/p>\n<p>Also wieder raufgegangen, nix mehr weiter bemerkt, Tabletmonitor angeschlossen, hat gleich funktioniert. Immerhin.<\/p>\n<p>PC hatte ich zuvor auch noch aufgeschraubt, dann aber doch nicht mehr weitergekommen, wollte schauen, wie stark der L\u00fcfter verstaubt ist &#8211; da bin ich dann aber nicht hingekommen. Also paar mal durchgepustet und mit dem Camsensorreiniger-Blasebalg durchgeblasen. Ging jetzt nicht so viel Dreck raus. Beim Zusammenbauen das einzige Kabel, das ich entfernen musste (f\u00fcr die HD) dann 2x falsch eingesteckt (1x verkehrtrum oder falsches St\u00fcck, 1x wohl nicht ganz rein) und beim 3.-Mal zusammenbauen ging dann wieder alles.<\/p>\n<p>Heut nicht mein Tag.<\/p>\n<p><a href='http:\/\/extra.inmontanis.info\/d\/99382-2\/DSC05479.jpg'><img src=http:\/\/extra.inmontanis.info\/d\/99381-3\/DSC05479.jpg \/><\/a><br \/>\n^ 4x Mittagssnack: Hamburgerbr\u00f6tchen (leider nicht vorgeschnitten, daher zum Gl\u00fcck nicht im Auto gehabt, da br\u00f6seliger als normale Semmeln), ungek\u00fchlte Salami (1 St\u00e4ngchen pro Tag, etwas scharf, wenn pur) und Tr\u00fcffel-Creme noch aus Schweden (Packung Penne hab ich \u00fcbrigens auch noch aus Schweden, die werd ich die n\u00e4chsten Tage mal teils essen und den Rest Tr\u00fcffel-Creme dazu, war dann aber nicht so toll wie in der Kombi auf dem Bild, bei den Nudeln fehlte vielleicht der K\u00e4se.)<\/p>\n<p><strong>Di, 16.5.2023<\/strong><\/p>\n<p>Wieder st\u00fcrmischer und mehr Regen. Die ab Freitag sonnigere Wettermeldung wurde auch wieder weiter nach hinten verschoben :(<\/p>\n<p>Bei all dem Regen nehm ich mal noch Schmirgelpapier f\u00fcr die Ski-Kanten mit, zudem ich die Allmountains ausgewechselt hab mit den noch-\u00e4lteren und die hatten eh schon eine rostige Kante, als ich sie vor ein paar Tagen aufs Dach hatte &#8211; und jetzt noch der ganze Regen &#8230;<\/p>\n<p>Heute derweil in der Wohnung erledigt: Regale hinterm Schrank aus Altbestand (einem der beiden genagelten Bretter hinterm Schrank) zusammengeschnitten+montiert. Die Regalhalter\/winkel sind teilweise aus meiner Vor-Vor-Wohnung oder vielleicht sogar noch aus N\u00fcrnberg (d.h. aus den Mitt-90ern), keine Ahnung. Aber das d\u00fcnne Brettchen h\u00e4ngt schon sehr schnell und stark durch, trotz der 3 Halter, da kommt also doch nicht so viel schweres Zeug drauf wie gew\u00fcnscht bzw. darf man es nicht einseitig belasten.<\/p>\n<p><a href='http:\/\/extra.inmontanis.info\/d\/99386-2\/DSC05484.jpg'><img src=http:\/\/extra.inmontanis.info\/d\/99385-3\/DSC05484.jpg \/><\/a><br \/>\n^ Selten, dass ich was so perfekt waagrecht montiert bekomm ;) (Das ca. 2m-Brettchen wird von 3 Regal-Winkel-Haltern gehalten<\/p>\n<p>Ich h\u00e4tte noch 2&#215;2 Halter\/Winkel und noch 1 gro\u00dfes, schweres Brett von der Ex-Schlafcouch (70x124x1,5cm) &#8211; wie vorgehabt noch 2 Regale drunter? Oder ist mir das Brett zu wertvoll weil wegen Gr\u00f6\u00dfe evtl mal anderer Zweck und lieber 2 g\u00fcnstige Regalbretter vom Zuschnitts-Rest in &#8216;nem Baumarkt mitnehmen?<\/p>\n<p>Schlussendlich bekam ich 2 Umzugskartons auf das neue Regal, darunter wurde es trotzdem noch voll und einiges steht ja auch noch im Keller meiner Mutter, also da wird mindestens noch mal so ein gro\u00dfes Regal n\u00f6tig sein, wenn ich das alles ausr\u00e4umen wollen sollte. Daf\u00fcr ist nun ein anderer Bereich frei f\u00fcr den zuk\u00fcnftigen 2. Tisch.<\/p>\n<p><a href='http:\/\/extra.inmontanis.info\/d\/99390-2\/DSC05470.jpg'><img src=http:\/\/extra.inmontanis.info\/d\/99389-3\/DSC05470.jpg \/><\/a><br \/>\n^ Der Durchgang ist zugegeben schmal (und das Gr\u00fcn am Schrank ist in Natur bei weitem nicht so fleckig, aber dunkler)<\/p>\n<p><a href='http:\/\/extra.inmontanis.info\/d\/99394-2\/DSC05488.jpg'><img src=http:\/\/extra.inmontanis.info\/d\/99393-3\/DSC05488.jpg \/><\/a><br \/>\n^ Wichtig war der Stauraum f\u00fcr den Staubsauger und dem Werkzeugkoffer auf dem Stuhl, den ich \u00fcber die Mikrowelle von der anderen Seite r\u00fcberheben musste<\/p>\n<p><a href='http:\/\/extra.inmontanis.info\/d\/99398-2\/DSC05485.jpg'><img src=http:\/\/extra.inmontanis.info\/d\/99397-3\/DSC05485.jpg \/><\/a><br \/>\n^ Mini-PCs, hab ich schon mal irgendwann fotografiert, mein ich, die beiden Sharp Pocket PCs, und die beiden Japan-Importe (IBM PC110 mit Win3.1 links und Sony-Vaio-Touch mit WinXP rechts)<\/p>\n<p><a href='http:\/\/extra.inmontanis.info\/d\/99402-2\/DSC05492.jpg'><img src=http:\/\/extra.inmontanis.info\/d\/99401-3\/DSC05492.jpg \/><\/a><br \/>\n^ Der nun neu definierte Abstellraum hinterm Schrank mit dem neuen Regal rechts und weiterhin viel vollen Umzugskartons und sonstigem Zeug am Boden.<\/p>\n<p>Womit ich mich die Tage auch besch\u00e4ftigt hab, weil ich bei meiner n\u00e4chsten Skandinavienreise nat\u00fcrlich das nachholen wollte, was mir 2020 verwehrt wurde &#8211; und auch die letzten beiden Winter wg. geschlossener C-Grenzen nicht m\u00f6glich war, n\u00e4mlich ein Abstecher von Finnland f\u00fcr ca. 1 Woche nach Russland.<\/p>\n<p>Grenzen sollen RU-seitig wohl generell auch wieder f\u00fcr Autofahrer offen sein (auch wenn einige offizielle Seiten der EU das Gegenteil behaupten), Probleme gibts mit den schei\u00df EU-Sanktionen, d.h. man muss Bargeld mitnehmen, man kann nicht mehr via booking.com seine Hotels buchen und zudem muss man auch noch auf die EU-Sanktionen raus- wie reinw\u00e4rts achten, was ggf. (neben den sowieso immer und \u00fcberall problematischen Lebensmittelthema) auch meinen &#8220;Hausstand&#8221; im Auto betreffen k\u00f6nnte. Da muss ich mich jedenfalls noch genauer erkundigen.<\/p>\n<p>Ich &#8220;freu&#8221; mich dann auch schon auf die Grenzkontrollen, wenn ich 5 Stunden lang mein komplettes Auto aus- und wieder einr\u00e4umen darf, ggf. auch noch auf jeder Seite der Grenze. Dann w\u00e4r ich aber fit f\u00fcr Iran \u00fcbern\u00e4chsten Winter ;-) Den sollte ich ja eigentlich noch mit nem alten Auto (wie meins jetzt) befahren, weil dann das Carnet de Passage g\u00fcnstiger w\u00e4re.<\/p>\n<p>Ob sich die ganzen Ausgaben f\u00fcr Visum + Versicherungen etc. lohnen f\u00fcr die paar Tage und die wenigen Skigebiete, darf ja schon bezweifelt werden. Da w\u00e4r es lohnenswerter, mal ein paar Wochen in RU unterwegs zu sein, bis Sibirien mit Abstecher nach Kasachstan zu fahren. Andererseits, wenn ich vielleicht in den n\u00e4chsten Jahren eh nach Russland auswandern muss, h\u00e4tte ich danach genug Zeit, das Land zu erkunden .. IT-Personal soll dort gesucht sein, aber in meinem Alter und meiner Arbeitszeitvorstellung wohl auch nicht so leicht (und ich hab auf den meisten IT-Schei\u00df ja eh keine Lust mehr). Wobei Chile vermutlich auch reizvoll zum Auswandern w\u00e4re aufgrund der langen Nord-S\u00fcd-Ausdehnung, der Skigebiete in den Anden und der Landschaft generell.<\/p>\n<p>Ganz vergessen im letzten Bericht zu erw\u00e4hnen, dass die Tage vorher am M\u00f6lltaler eine Familie aus Russland (St. Petersburg) war, das Auto stand in der N\u00e4he. D\u00fcrfte momentan ja recht schwierig werden f\u00fcr Russen hinsichtlich Visa und Grenzen (z.B. baltische Staaten und Finnland lassen keine Russen mehr mit EU-Touristen-Vista zumindest \u00fcber die Landgrenze).<\/p>\n<p>Am Nachmittag und Abend \u00e4nderte sich der Regen daheim in (ganz) leichten Schneefall.<\/p>\n<p>Hab heut etwas mit der Visualisierung der Wandfarben gespielt. Leider schaut das doppelt so geil aus, wenn auch die Decke gr\u00fcn ist :( Liegt vielleicht daran, dass ja die Stirnwand \u00fcberm Bett wegen Projektion wei\u00df bleiben muss und das mein erstes Bild zum Visualisieren war. &#8220;Leider&#8221;, weil: noch mehr Arbeit, aber immerhin hatte ich die Decke ja noch nicht fertig in Wei\u00df gestrichen bisher. <\/p>\n<p>Decke in Braun gefiel mir dagegen weniger als gedacht, dann lieber gleiches Gr\u00fcn, ob mit wei\u00dfem Strich abgesetzt oder nicht, k\u00f6nnt ich mich momentan noch nicht entscheiden. Der orangefarbene, alte, teils l\u00f6chrige Teppich passt farblich nat\u00fcrlich gut zum Gr\u00fcn. Und komplett egal, wenn da Farbspritzer draufkommen ;)<\/p>\n<p>Jedenfalls, die Visualisierung mit dem Jungle war mir, wie erwartet, zu dunkel und farblos, das grellere Simply21 sah bei der ersten Visualisierung schon sehr geil aus, aber vermutlich werd ich doch beim dunkleren, gediegerenen Moosgr\u00fcn RAL 6005 bleiben &#8211; das find ich auf den Fliesen geil, das gef\u00e4llt mir auf Holz, also wird&#8217;s auch f\u00fcr die Wand und Decke passen.<\/p>\n<p>Jaja, ich wei\u00df eh, warum ich mir das in der Wohnung \u00fcberhaupt alles antu, wenn ich die meiste Zeit des Jahres gar nicht daheim bin und mich noch dazu mit Auswandern in andere L\u00e4nder besch\u00e4ftige, aber .. irgendeine Besch\u00e4ftigung braucht man halt ;) Und vielleicht lenkt sich diese depperte, zukunftszerst\u00f6rende EU-Politik ja wieder ein. Allerdings scheint es mir noch wahrscheinlicher, dass die russophobe Haltung aufh\u00f6rt, als dass man von der &#8220;Klimawandeldiktatur&#8221; abr\u00fccken w\u00fcrde. Und die wird uns ja noch viel schlimmer verarmen lassen.<\/p>\n<p><a href='http:\/\/extra.inmontanis.info\/d\/99414-2\/DSC05466a3.jpg'><img src=http:\/\/extra.inmontanis.info\/d\/99413-3\/DSC05466a3.jpg \/><\/a><br \/>\n^ Visualisierung Simply21+dunkelblaue Decke (stand nicht wirklich zur Debatte, aber mal getestet)<\/p>\n<p><a href='http:\/\/extra.inmontanis.info\/d\/99418-2\/DSC05466b1.jpg'><img src=http:\/\/extra.inmontanis.info\/d\/99417-3\/DSC05466b1.jpg \/><\/a><br \/>\n^ Visualisierung Jungle<\/p>\n<p><a href='http:\/\/extra.inmontanis.info\/d\/99422-2\/DSC05466c4.jpg'><img src=http:\/\/extra.inmontanis.info\/d\/99421-3\/DSC05466c4.jpg \/><\/a><br \/>\n^ Visualisierung Moosgr\u00fcn+himmelblaue Decke (die Idee hatte ich mal, weil ich immer noch die Abt\u00f6nfarbe von vor vielen Jahren hab)<\/p>\n<p><a href='http:\/\/extra.inmontanis.info\/d\/99426-2\/DSC05466c11b.jpg'><img src=http:\/\/extra.inmontanis.info\/d\/99425-3\/DSC05466c11b.jpg \/><\/a><br \/>\n^ Visualisierung Moosgr\u00fcn mit abgesetzter brauner Decke und wieder brauner T\u00fcr<\/p>\n<p><a href='http:\/\/extra.inmontanis.info\/d\/99430-2\/DSC05466c12c.jpg'><img src=http:\/\/extra.inmontanis.info\/d\/99429-3\/DSC05466c12c.jpg \/><\/a><br \/>\n^ Visualisierung Moosgr\u00fcn mit abgesetzter gr\u00fcner Decke und wei\u00dfer Wand an T\u00fcr<\/p>\n<p><a href='http:\/\/extra.inmontanis.info\/d\/99434-2\/DSC05466e.jpg'><img src=http:\/\/extra.inmontanis.info\/d\/99433-3\/DSC05466e.jpg \/><\/a><br \/>\n^ Mal testweise mit blauer Wand &#8230;<\/p>\n<p><a href='http:\/\/extra.inmontanis.info\/d\/99438-2\/DSC05466f.jpg'><img src=http:\/\/extra.inmontanis.info\/d\/99437-3\/DSC05466f.jpg \/><\/a><br \/>\n^ Mal testweise mit roter Wand &#8230;<\/p>\n<p><a href='http:\/\/extra.inmontanis.info\/d\/99442-2\/DSC05466k.jpg'><img src=http:\/\/extra.inmontanis.info\/d\/99441-3\/DSC05466k.jpg \/><\/a><br \/>\n^ Mal testweise mit violetter Wand &#8230;<\/p>\n<p><a href='http:\/\/extra.inmontanis.info\/d\/99446-3\/DSC05466g.jpg'><img src=http:\/\/extra.inmontanis.info\/d\/99445-4\/DSC05466g.jpg \/><\/a><br \/>\n^ Mal testweise mit dunkelt\u00fcrkiser Wand &#8211; das w\u00e4r schon auch nett &#8230;<\/p>\n<p><a href='http:\/\/extra.inmontanis.info\/d\/99450-3\/DSC05466c5c.jpg'><img src=http:\/\/extra.inmontanis.info\/d\/99449-4\/DSC05466c5c.jpg \/><\/a><br \/>\n^ Visualisierung Moosgr\u00fcn auf Wand+Decke + braune T\u00fcr. Ich k\u00f6nnte an der wei\u00dfen Projektionswand (\u00fcbern Bett) nat\u00fcrlich ca. das obere Drittel auch noch Gr\u00fcn machen, weil die Projektion ja nicht so hoch geht.<\/p>\n<p><a href='http:\/\/extra.inmontanis.info\/d\/99454-3\/DSC05466c5d.jpg'><img src=http:\/\/extra.inmontanis.info\/d\/99453-4\/DSC05466c5d.jpg \/><\/a><br \/>\n^ Visualisierung Moosgr\u00fcn mit gr\u00fcner Decke und wei\u00dfer Wand an T\u00fcr<\/p>\n<p><a href='http:\/\/extra.inmontanis.info\/d\/99458-3\/DSC05497a7.jpg'><img src=http:\/\/extra.inmontanis.info\/d\/99457-4\/DSC05497a7.jpg \/><\/a><br \/>\n^ Visualisierung Moosgr\u00fcn mit gr\u00fcner Decke und wei\u00dfer Fensterwand und (aktuell) gr\u00fcnem Fensterrahmen &#8211; w\u00e4r schon auch OK<\/p>\n<p><a href='http:\/\/extra.inmontanis.info\/d\/99462-3\/DSC05497a10.jpg'><img src=http:\/\/extra.inmontanis.info\/d\/99461-4\/DSC05497a10.jpg \/><\/a><br \/>\n^ Visualisierung Moosgr\u00fcn mit  gr\u00fcner abgesetzter Decke und wei\u00dfem Fensterrahmen (der gef\u00e4llt mir nicht so, schaut dann nach Kunststofffenster aus)<\/p>\n<p><a href='http:\/\/extra.inmontanis.info\/d\/99466-3\/DSC05497a1.jpg'><img src=http:\/\/extra.inmontanis.info\/d\/99465-4\/DSC05497a1.jpg \/><\/a><br \/>\n^ Visualisierung Moosgr\u00fcn mit  gr\u00fcner abgesetzter Decke und gr\u00fcner Fensterrahmen &#8211; diese Kombination gef\u00e4llt mir auch nicht so, bei gr\u00fcner Wand muss ich den Fensterrahmen wohl wieder braun machen:<\/p>\n<p><a href='http:\/\/extra.inmontanis.info\/d\/99470-3\/DSC05497a9c.jpg'><img src=http:\/\/extra.inmontanis.info\/d\/99469-4\/DSC05497a9c.jpg \/><\/a><br \/>\n^ Visualisierung Moosgr\u00fcn mit  gr\u00fcner Decke und braunem Fensterrahmen und wei\u00dfen d\u00fcnnen Eckenkantenlinien &#8211; schon besser<\/p>\n<p><a href='http:\/\/extra.inmontanis.info\/d\/99474-3\/DSC05497a9d.jpg'><img src=http:\/\/extra.inmontanis.info\/d\/99473-4\/DSC05497a9d.jpg \/><\/a><br \/>\n^ Visualisierung Moosgr\u00fcn mit  gr\u00fcner Decke und braunem Fensterrahmen und gr\u00fcnen Ecken &#8211; ja, das ist es. Gef\u00e4llt mir wohl doch am besten so. Evtl. dann noch die eine wei\u00df-kupferne Ikea-Lampe dazu oder irgendeine andere Retrolampe in Gold bzw. Messing &#8230; (Nein, Leuchter ist eher nicht so meins.)<\/p>\n<p><a href='http:\/\/extra.inmontanis.info\/d\/99478-3\/DSC05497b2.jpg'><img src=http:\/\/extra.inmontanis.info\/d\/99477-4\/DSC05497b2.jpg \/><\/a><br \/>\n^ Visualisierung Moosgr\u00fcn mit  gr\u00fcner Decke und braunem Fensterrahmen und braunen Eckenkantenlinien &#8211; auch geil und schaut m.E. hier mit allen 3 gr\u00fcnen Seiten besser aus als auf der Gegenseite mit wei\u00dfer Wand:<\/p>\n<p><a href='http:\/\/extra.inmontanis.info\/d\/99482-3\/DSC05466l2.jpg'><img src=http:\/\/extra.inmontanis.info\/d\/99481-4\/DSC05466l2.jpg \/><\/a><br \/>\n^ Visualisierung Moosgr\u00fcn mit  gr\u00fcner Decke und wei\u00dfer Wand an T\u00fcr plus d\u00fcnne dunkelbraune Streifen in den Ecken\/Kanten, die hier vermutlich wegen der wei\u00dfen Wand m.E. nicht so gut kommen.<\/p>\n<p><strong>Mi, 17.5.2023<\/strong><\/p>\n<p>Irgendwie h\u00e4tt ich zwar auch Lust, mal wieder weiter weg zu reisen, wenn man es ja mal wieder darf, oder auch mal neue Ziele zu erkunden oder endlich mal irgendwo hin zu fliegen, auch ohne Ski &#8230;<\/p>\n<p>.. aber .. ich f\u00fcrchte, um den Preis von so einer dann 2-3-w\u00f6chigen Urlaubsreise (falls Hotels und\/oder Flug n\u00f6tig) kann ich stattdessen auch 2-3 Monate im Auto schlafend unterwegs sein. Kommt nat\u00fcrlich auf das Preisniveau der L\u00e4nder an, klar.<\/p>\n<p>Und l\u00e4ngere Autoreisen (z.B. nach Asien) sind halt auch immer schwieriger aufgrund diverser politischer Entscheidungen und Unruhen hier wie da. Mal davon abgesehen, dass es als Alleinreisender in manchen L\u00e4ndern wohl auch nicht so sicher sein k\u00f6nnte bzw. man es einfach schwerer (oder teils auch teurer) hat.<\/p>\n<p>H\u00e4tte nat\u00fcrlich schon was, einfach mal gen Osten zu fahren und schaun, wie weit man kommt innerhalb z.B. eines Jahres.<\/p>\n<p>Aber das ist ja \u00e4hnlich nervig wie das Corona-Thema, man muss laufend up-to-date sein, was Einreisemodalit\u00e4ten anbelangt, man muss Visa besorgen, ggf. f\u00fcr&#8217;s Auto so ein Carnet de Passage, KFZ-Versicherungen an den Grenzen kaufen, die teils stundenlangen Grenzkontrollen, sich mit den korrupten Stra\u00dfenpolizisten auseinandersetzen und-so-weiter. Abenteuer und Entdeckergeist hin oder her &#8211; auf den ganzen Schei\u00df hab ich eigentlich keine Lust &#8211; also vielleicht sollte ich so etwas eher mal per Flugzeug, Zug und Mietwagen angehen, da hat man vmtl. ein paar Sorgen und Kosten weniger.<\/p>\n<p>An wenig W\u00e4sche bin ich ja gewohnt die letzten Jahre, so dass so ein Backpacker-Reiserucksack relativ klein sein wird &#8211; kommt dann eher drauf an, wieviel verschiedene Temperaturbereiche ich abdecken muss und ob ich z.B. 2 oder 3 Jacken mitnehmen m\u00fcsste f\u00fcr zB eine ca. 3-monatige Weltreise. Mehr macht eher keinen Sinn, da ich ja die Skisaison nicht verpassen m\u00f6chte und Skifahren in so einem Fall nicht in Frage k\u00e4me, da ich weder Ski noch Skischuhe noch Skikleidung mitnehmen k\u00f6nnte (bzw. platzm\u00e4\u00dfig nicht wollte). Das w\u00e4r dann wohl auch eher was f\u00fcr den Herbst, weil es mir im Sommer ja viel zu warm w\u00e4re, daher ca. 3 Monate.<\/p>\n<p>Wobei es vmtl. auch cool w\u00e4re, anstatt mit dem Auto (wie schon lange geplant) durch Russland bis an die Ostk\u00fcste zu fahren, stattdessen den Zug zu nehmen, denn dann k\u00f6nnte man anschlie\u00dfend bzw. auf dem Weg leichter nach China und auch leichter mit einer F\u00e4hre (oder eben Flieger) nach Japan weiter. Aber wenn man mal in Japan ist, sollte man auch mal 1-3 Monate dort bleiben und die Skigebiete erkunden &#8211; also ggf. gebrauchte\/g\u00fcnstige Skiausr\u00fcstung vor Ort kaufen (die man dann auch wieder vor Weiterreise verkauft.. oder vielleicht noch eine Etappe weiter nach S\u00fcdamerika dann mitnimmt und danach dort Station macht, denn wenn der Winter in Japan endet, f\u00e4ngt er ja in S\u00fcdamerika an, naja, nicht ganz, da muss man wohl 1-2 Monate noch anderweitig verbringen. Dann k\u00f6nnte man aber auch gleich die West-Ost-Durchfahrt durch Russland mit einem Mietwagen im Winter machen und schon dort Skizeug dabei haben und verwenden&#8230;<\/p>\n<p>Vielleicht sollte ich diesen oder n\u00e4chsten Herbst mal eine kleine Reise probieren, ob mir das Rucksackreisen taugt, bevor ich dann 1-2 Jahre drauf noch die Ski-Komponente mit Einbau um endlich mal in die Anden zu kommen?<\/p>\n<p>Oha, k\u00f6nnte praktisch sein: Klappbare\/faltbare Ski von Elan, aber seeeeehr teuer, 1400 \u20ac UVP:<br \/>\n<a href='https:\/\/elanskis.com\/de_de\/voyager'>https:\/\/elanskis.com\/de_de\/voyager<\/a><\/p>\n<p>.. in der kurzen Version 160cm wohl 87cm zusammengefaltet (3,4kg). Da kann man auch mal probieren, wie man mit normalen <1m kurzen Skiern zurechtkommt ;)\n\nDie gibt's auch als Tourenski in Noch-Teurer, aber leichter:\n<a href='https:\/\/elanskis.com\/at_de\/ibex-tactix-carbon-ion-12'>https:\/\/elanskis.com\/at_de\/ibex-tactix-carbon-ion-12<\/a><\/p>\n<p>(Um den Preis w\u00fcrd ich mir wohl lieber welche vor Ort leihen oder bei l\u00e4ngerem Aufenthalt Billigheimer vor Ort kaufen &#8230; Leihen ist aber ja vielleicht auch nicht \u00fcberall m\u00f6glich ..)<\/p>\n<p>Zwangsl\u00e4ufig sind bei diesen Klapp-Skiern die Bindung vorherbestimmt und nicht z.B. gegen eine leichtere austauschbar. Gr\u00f6\u00dfter (und wohl einziger) Vorteil ist nat\u00fcrlich, dass man sie bei Bus\/Zug\/Flug\/Rucksackreisen einfacher transportieren kann. Wobei man nat\u00fcrlich immer noch auch die unhandlichen und gro\u00dfen Skischuhe hat&#8230; naja, vielleicht gibts ja bis dahin z.B. Wander- oder Winterstiefel, die man mit einer zus\u00e4tzlichen Schale als Skischuhe verwenden kann &#8211; um sich also so schon mal ein zus\u00e4tzliches paar Schuhe zu sparen.<\/p>\n<p>Aber vermutlich werd ich auf viele exotischen L\u00e4nder eh verzichten m\u00fcssen, da ich mir nicht haufenweise Nadeln mit Impfungen stechen lassen will. Wobei, n\u00f6, eigentlich ja eh egal, so lang man es nicht bei der Einreise braucht, dann sterb ich halt etwas fr\u00fcher, all zu lang will ich doch in dieser bescheuerten Welt eh nicht mehr leben. Also z.B. hab ich  mir ja seit der Installierung des Coronafaschismus vor 3 Jahren vorgenommen, dass, wenn mal wieder einer frech \u00fcberholt und also auf meiner Fahrspur entgegenkommt, ich nicht bremsen oder ausweichen, sondern eher gasgeben und draufhalten werde. Soll der Trottel f\u00fcr seine Hetzerei doch draufgehen &#8211; und ich dann am besten gleich mit.<\/p>\n<p>Und eigentlich bin ich ja eh immer noch sauer auf die ganzen L\u00e4nder, die 3 Jahre lang diesen Corona-Unsinn mitgemacht haben, Reisen verboten oder erschwert hatten (und teils evtl. immer noch machen).<\/p>\n<p>Hab mal in den Medien gelesen, dass man heuer mit einem Reiseboom rechnet, weil so viele die letzten 3 Jahre nachholen wollen und irgendwo wurde das sogar als Rache-Urlaub oder Rache-Reise oder so bezeichnet. Also ich w\u00fcrd &#8220;Rache&#8221; eher umgekehrt sehen &#8220;wenn ihr mich die letzten 3 Jahre nicht wolltet, dann will ich euch jetzt auch mal 3 Jahre lang nicht, obwohl ich wieder d\u00fcrfte&#8221;.<\/p>\n<p>Und ja, nat\u00fcrlich betrifft das auch Russland. Oder Finnland. Quasi halt alle anderen Staaten au\u00dfer Schweden.<\/p>\n<p><a href='http:\/\/extra.inmontanis.info\/d\/99406-2\/DSC05474.jpg'><img src=http:\/\/extra.inmontanis.info\/d\/99405-3\/DSC05474.jpg \/><\/a><br \/>\n^ Kein einziges Mal hatte ich von der im Januar oder so gekauften Cam das Objektiv abgeschraubt, das ist der Dreck, der einzig durch das laufende ein\/ausfahren eingesogen wurde :(<\/p>\n<p><a href='http:\/\/extra.inmontanis.info\/d\/99410-2\/DSC05495.jpg'><img src=http:\/\/extra.inmontanis.info\/d\/99409-3\/DSC05495.jpg \/><\/a><br \/>\n^ Objektiv runtergetan und mal mit dem Blasebalg ausgeblasen, schon besser. Da stell man sich eine Cam vor, deren Objektiv man nicht runtertun kann&#8230;<\/p>\n<p>Wohl einer der besten K\u00e4ufe des letzten Jahres war aber die heizbare Unterbettdecke &#8211; wenn man die Wohnung aus Einspargr\u00fcnden nur auf ca. 19,5-20,5\u00b0 heizt, ist es Gold wert, wenn man sich abends in ein warmes Bett legen kann ;) Vorausgesetzt, man vergisst nicht, das Teil 1-3h vorher einzuschalten.<\/p>\n<p><strong>Do, 18.5.2023<\/strong> (Feiertag)<\/p>\n<p>Tja&#8230; So langsam soll das Wetter ja mal besser werden, aber es wird immer um einen Tag verschoben, so ungef\u00e4hr. Wie dann im Herbst\/Fr\u00fchwinter mit dem Schneefall, also genau umgekehrt.<\/p>\n<p>Kanin hat von morgen (Freitag) bis Sonntag offen, lt. aktueller Vorhersage wird der Sonntag sonniger. Morgen f\u00e4llt arbeitsbedingt ja eh aus, aber wenn, dann w\u00e4re ich lieber am Samstag anstatt am Sonntag hin, zumal am Sonntag wohl irgendein Abschlussevent geplant zu sein scheint. Also mal noch die Vorhersage morgen abwarten&#8230; wobei ich im Falle Kanins wohl lieber am Nachmittag vorher fahren w\u00fcrde (weil Skigebiet ja nur vormittags offen), w\u00e4hrend es beim M\u00f6lltaler weniger tragisch w\u00e4re, z.B. erst um 10 Uhr anzukommen.<\/p>\n<p>Zumal ich ja eh  nicht wei\u00df, ob mir das mit dem ganzen Neuschnee gefallen w\u00fcrde. Nicht nur wegen der Pappschneegefahr aufgrund des vielen Neuschnees, sondern auch aufgrund des fehlenden Firn- und Sulzschnees, der fehlenden Firn-Offpistevarianten, &#8230; da k\u00f6nnte dann wenigstens ein sonniges Wetter mit Blick zur Adria aufmuntern .. aber auch z.B. f\u00fcr Triest wird eher trist gemeldet.<\/p>\n<p>Viel Neuschnee gab&#8217;s die letzten Tage nat\u00fcrlich auch am M\u00f6lltaler &#8211; es werden 50cm gemeldet. Wie schon bef\u00fcrchtet, werd ich also bis Saisonschluss keine firnigen Offpistevarianten fahren k\u00f6nnen. Und Alteck wird da wohl auch nicht mehr \u00f6ffnen, ist zu bef\u00fcrchten.<\/p>\n<p>Wobei ja auch f\u00fcrn M\u00f6lltaler nun erst ab Sonntag Sonne gemeldet wird, also werd ich wohl eher fix erst am Samstag losfahren, dann enteder Kanin am SO oder M\u00f6lltal am SO..? Abfahrt am SO f\u00e4llt jedenfalls aus, da ich ja einkaufen muss, bevor ich wieder ein paar Tage am M\u00f6lltaler bleibe.<\/p>\n<p>Andererseits, wenn Bergfex SA wolkig und SO sonnig meldet, ist (zumindest in gef\u00fchlt) mindestens 2 von 3 F\u00e4llen das Wetter am SA doch besser als am SO  und f\u00fcr die sonnig gemeldeten Folgetagen wird dann pl\u00f6tzlich wieder nicht mehr sonnig gemeldet&#8230;<\/p>\n<p>.. also mal abwarten, wann und wohin ich schlussendlich fahren werde ..<\/p>\n<p><strong>Fr, 19.5.2023<\/strong><\/p>\n<p>Wettervorhersagen bleiben f\u00fcr morgen f\u00fcr Kanin so mau wie heute und auf der Webcam sah das nicht lohnenswert aus, war auch so gut wie nix los, die Offpisteh\u00e4nge an der 4SB sind zudem mit Band und Lawinengefahrschild lt. Webcam abgesperrt. Allerdings s\u00e4hen die Wettervorhersagen f\u00fcr Sonntag recht gut aus (zumindest die Norweger melden mal sonnig in Bovec und Triest und die verwenden ja sonst eh immer die schlechteren Vorhersagel\u00e4ufe). Und es werden morgen keine 10cm Neuschnee gemeldet wie am M\u00f6lltaler (die am SO wieder f\u00fcr Papp sorgen k\u00f6nnten).<\/p>\n<p>Sp\u00e4ter auf Facebook gelesen, dass da nicht nur der Offpisteteil gesperrt war, sondern auch die Abfahrt wegen Lawinengefahr, also die lange R\u00fcckseite der Tal-Berg-Tal-4SB komplett geschlossen war, somit nur die kurze Seite vorne (und der noch k\u00fcrzere SL) offen war. Das ist dann nat\u00fcrlich ziemlich witzlos, wenn man um wohl ca. die gleichen Kosten  auch am M\u00f6lltaler fahren kann. Anfang Juni w\u00e4r&#8217;s nat\u00fcrlich &#8216;was anderes.<\/p>\n<p><a href='http:\/\/ski.inmontanis.info\/d\/319560-3\/DSC05504.jpg'><img src=http:\/\/ski.inmontanis.info\/d\/319559-4\/DSC05504.jpg \/><\/a><br \/>\n^ Skigebiet Koralpe im Zoom, die 10 Tage Schneeschmelze sind gut erkennbar<\/p>\n<p>Bin nat\u00fcrlich auch mal wieder meine Finanzen durchgegangen .. Leider vieles wieder runtergerutscht seit Anfang M\u00e4rz, aber unterm Strich hab ich gleich viel wie im November 2022, also Lohn\/Ausgaben\/Anlagen in Summe dann recht stabil, mein bisschen Gold ist seitdem gestiegen. Im Gesamten zu Mai 2022 ein monatlicher Abgang von ca. -217 \u20ac.<\/p>\n<p>Verglichen mit 2021 schaut die Sache nat\u00fcrlich ungl\u00fccklicher aus, da st\u00fcnde ich bei ca. -661 \u20ac\/Monat. Und wenn ich noch die Inflation einbeziehe, h\u00e4tte ich ca. -1.380,- \u20ac pro Monat entnommen. Der Wert ist dann ziemlich ident, egal ob ich nur 2022-23 oder 2021-23 betrachte. Das ist also sehr unsch\u00f6n.<\/p>\n<p><strong>Sa, 20.5.2023<\/strong><\/p>\n<p>Wie soll&#8217;s auch anders sein, sind die Wettervorhersagen f\u00fcr morgen schon wieder nicht mehr so sonnig, f\u00fcr M\u00f6lltal gar keine Sonne mehr. Plus am Kanin weiterhin morgens lt. Webcam die 4SB-R\u00fcckseite abgesperrt und auch auf der Homepage (im Gegensatz zum Facebook-Eintrag) wird nun die R\u00fcckseite nicht mehr als ge\u00f6ffnet genannt.<\/p>\n<p>Schade, da macht ein Skigebiet mal noch Mitte Mai auf und hat dann laufend so ein Pech mit Wetter und Neuschnee, dass auch kaum einer kommt.<\/p>\n<p>Allerdings wer heute Skifahren wollte, konnte es am Kanin machen &#8211; im Gegensatz dazu hat der M\u00f6lltaler heute wegen Schlechtwetter ganz zu. Obwohl er bei \u00e4hnlichen Vorhersagen in letzter Zeit trotzdem oftmals offen hatte &#8211; insbesondere an einem Wochenendtag.<\/p>\n<p>Ich k\u00f6nnte noch irgendwo auf dem Weg schlafen und morgen fr\u00fch abwarten, was Wetter+\u00d6ffnung am Kanin machen. Auf dem Weg k\u00f6nnte man ja entweder Ikea oder McDonalds oder Burger King vorbei .. BK h\u00e4tte aktuell Gutscheine &#8211; aber die Preise erinnern mich eher an ehemalige Normalpreise &#8230;  (McD hatte ich heuer glaub noch gar nicht besucht, BK wohl einmal in Italien, KFC 2x in Italien)<\/p>\n<p>Laut Gmaps g\u00e4be es durchaus einige Superm\u00e4rkte in K\u00e4rnten auf dem Weg (nicht bei mir, eher bei den Seen), die sonntags offen h\u00e4tten, z.B. 8-13, 15-18 Uhr (daf\u00fcr samstags nur bis 17:50), haupts\u00e4chlich Billa, aber auch Spar, sogar der eine oder andere Hofer und Lidl, d.h. falls ich morgen doch auch wetterbedingt nicht M\u00f6lltal (und \u00f6ffnungsbedingt nicht Kanin) fahren m\u00f6chte, k\u00f6nnte ich auch noch morgen losfahren.<\/p>\n<p>Dass sich das sehr sonnige und oft warme Wetter auf der Italien-\/Frankreichreise von Mitte Januar bis Mitte Februar zum Fr\u00fchling hin r\u00e4chen w\u00fcrde, war mir ja damals schon klar, aber dass das von Ende Februar bis mal mindestens Mitte Mai sein w\u00fcrde, h\u00e4tte ich auch nicht erwartet. Schon gleich gar nicht, wenn man den Luxus hat, jeden Tag skifahren zu k\u00f6nnen.<\/p>\n<p>&#8212;<\/p>\n<p>Logischerweise hatte ich die Tage auch viel Zeit zu lesen und so m\u00f6chte ich noch ein paar Links hier erg\u00e4nzen:<\/p>\n<p>C-Thema: Die WHO (be)l\u00fcgt (sich) munter weiter:<br \/>\n<a href='https:\/\/norberthaering.de\/propaganda-zensur\/video-tedros\/'>https:\/\/norberthaering.de\/propaganda-zensur\/video-tedros\/<\/a><\/p>\n<p>&#8220;Fakten stehen bei einem Faktencheck viel zu leicht der gew\u00fcnschten Haltung im Weg und sind daher nicht sehr gesch\u00e4tzt bei Faktencheckern.&#8221;<br \/>\n<a href='https:\/\/norberthaering.de\/propaganda-zensur\/davos-verschwoerungstheorien\/'>https:\/\/norberthaering.de\/propaganda-zensur\/davos-verschwoerungstheorien\/<\/a><\/p>\n<p>Manipulationen der FAZ:<br \/>\n<a href='https:\/\/www.nachdenkseiten.de\/?p=97387'>https:\/\/www.nachdenkseiten.de\/?p=97387<\/a><\/p>\n<p>&#8220;Das Faktencheckerprogramm der EU hei\u00dft Soma, wie die Volksbefriedungsdroge in \u201eSch\u00f6ne neue Welt\u201c&#8221;:<br \/>\n<a href='https:\/\/norberthaering.de\/propaganda-zensur\/soma\/'>https:\/\/norberthaering.de\/propaganda-zensur\/soma\/<\/a><\/p>\n<p>&#8220;Hunderte Ukrainer und Russen sterben t\u00e4glich, weil die EU, die BRD und die USA mit allen Mitteln diesen Krieg provozieren, anheizen, finanzieren und munitionieren. Aber Hauptsache Kriegstreiber wie Gauck, von der Leyen, Habeck, Hofreiter k\u00f6nnen vom Leid anderer profitieren, und sei es nur durch das Einfangen von W\u00e4hlerstimmen und Buchvertr\u00e4gen.&#8221;<br \/>\n<a href='https:\/\/www.nachdenkseiten.de\/?p=97216'>https:\/\/www.nachdenkseiten.de\/?p=97216<\/a><\/p>\n<p>Auch ein sch\u00f6nes Thema ;)<br \/>\n<a href='https:\/\/topos.orf.at\/klos-kulturgeschichte100'>https:\/\/topos.orf.at\/klos-kulturgeschichte100<\/a><\/p>\n<p>Wer zahlt, schafft an:<br \/>\n<a href='https:\/\/www.anti-spiegel.ru\/2023\/reporter-ohne-grenzen-beurteilen-die-pressefreiheit-mit-finanzierung-der-nato-staaten\/'>https:\/\/www.anti-spiegel.ru\/2023\/reporter-ohne-grenzen-beurteilen-die-pressefreiheit-mit-finanzierung-der-nato-staaten\/<\/a><\/p>\n<p>Video: Mal ein paar Fakten zu Russland zur Auffrischung (inkl. Thema Auswanderung):<br \/>\n<a href='https:\/\/www.youtube.com\/watch?v=vIZqo7qKPjA&#038;list=PLZXQnmIo1JEfNc0vItAafnykBwCoe4R3u&#038;index=39'>https:\/\/www.youtube.com\/watch?v=vIZqo7qKPjA&#038;list=PLZXQnmIo1JEfNc0vItAafnykBwCoe4R3u&#038;index=39<\/a><\/p>\n<p>Was hinter dem Karlspreis steht:<br \/>\n<a href='https:\/\/www.nachdenkseiten.de\/?p=97458'>https:\/\/www.nachdenkseiten.de\/?p=97458<\/a><\/p>\n<p>Und zum Thema KI:<br \/>\n<a href='https:\/\/www.nachdenkseiten.de\/?p=97587'>https:\/\/www.nachdenkseiten.de\/?p=97587<\/a><\/p>\n<p>K-Thema:<br \/>\n<a href='https:\/\/reitschuster.de\/post\/messungen-begannen-am-kaeltesten-punkt-der-letzten-10-000-jahre\/'>https:\/\/reitschuster.de\/post\/messungen-begannen-am-kaeltesten-punkt-der-letzten-10-000-jahre\/<\/a><\/p>\n<p>Deutliche Worte RU->UK, nachdem der Westen immer weiter und weiter provoziert (um nach einem Erstschlag von RU auf ein Nato-Land dann endlich RU direkt angreifen zu k\u00f6nnen?!):<br \/>\n<a href='https:\/\/www.anti-spiegel.ru\/2023\/wer-im-glashaus-sitzt-sollte-nicht-mit-steinen-werfen\/'>https:\/\/www.anti-spiegel.ru\/2023\/wer-im-glashaus-sitzt-sollte-nicht-mit-steinen-werfen\/<\/a><br \/>\nAuch netter User-Kommentar weiter unten: &#8220;Wenn Pr\u00e4sident Putin so reagieren w\u00fcrde, wie es der Westen gern h\u00e4tte, w\u00fcrden diese Psychopathen wild masturbierend durch die Ministerien h\u00fcpfen und nuklear antworten.&#8221; ;)<\/p>\n<p><a href='https:\/\/norberthaering.de\/propaganda-zensur\/buch-der-demokratie\/'>https:\/\/norberthaering.de\/propaganda-zensur\/buch-der-demokratie\/<\/a><br \/>\n&#8220;..dass es dabei darum geht, dass die Sch\u00fcler die offizielle Version des Weltgeschehens als Wahrheit wahrnehmen und alles davon Abweichende als Fake News oder Verschw\u00f6rungstheorie identifizieren.&#8221;<br \/>\n(Vmtl. will man sich ein Beispiel an Nordkorea nehmen, wo bereits die Kinder streng erzogen werden, hinter der Staatsf\u00fchrung zu stehen.)<\/p>\n<p><a href='https:\/\/transition-news.org\/neues-von-der-sprachpolizei-das-system-der-manipulation'>https:\/\/transition-news.org\/neues-von-der-sprachpolizei-das-system-der-manipulation<\/a><\/p>\n","protected":false},"excerpt":{"rendered":"<p>Di, 9.5.2023<\/p>\n<p>Auf der Koralpe k\u00f6nnte sogar noch der eine oder andere Lift laufen, es l\u00e4ge n\u00e4mlich noch Schnee. Obwohl ja schon seit \u00fcber 1 Monat Betrieb eingestellt. Bei sch\u00f6nem Wetter und wenn ich meine Felle gefunden h\u00e4tte, h\u00e4tte man da ja vielleicht mal rauf gehen k\u00f6nnen. Wobei ich ja ein Paar Felle gefunden hatte <a href=\"http:\/\/blog.inmontanis.info\/?p=8806\">[&#8230;]<\/a><\/p>\n","protected":false},"author":1,"featured_media":8813,"comment_status":"closed","ping_status":"closed","sticky":false,"template":"","format":"standard","meta":{"footnotes":""},"categories":[200,13],"tags":[],"class_list":["post-8806","post","type-post","status-publish","format-standard","has-post-thumbnail","hentry","category-koralpe","category-austria","odd"],"_links":{"self":[{"href":"http:\/\/blog.inmontanis.info\/index.php?rest_route=\/wp\/v2\/posts\/8806","targetHints":{"allow":["GET"]}}],"collection":[{"href":"http:\/\/blog.inmontanis.info\/index.php?rest_route=\/wp\/v2\/posts"}],"about":[{"href":"http:\/\/blog.inmontanis.info\/index.php?rest_route=\/wp\/v2\/types\/post"}],"author":[{"embeddable":true,"href":"http:\/\/blog.inmontanis.info\/index.php?rest_route=\/wp\/v2\/users\/1"}],"replies":[{"embeddable":true,"href":"http:\/\/blog.inmontanis.info\/index.php?rest_route=%2Fwp%2Fv2%2Fcomments&post=8806"}],"version-history":[{"count":7,"href":"http:\/\/blog.inmontanis.info\/index.php?rest_route=\/wp\/v2\/posts\/8806\/revisions"}],"predecessor-version":[{"id":8814,"href":"http:\/\/blog.inmontanis.info\/index.php?rest_route=\/wp\/v2\/posts\/8806\/revisions\/8814"}],"wp:featuredmedia":[{"embeddable":true,"href":"http:\/\/blog.inmontanis.info\/index.php?rest_route=\/wp\/v2\/media\/8813"}],"wp:attachment":[{"href":"http:\/\/blog.inmontanis.info\/index.php?rest_route=%2Fwp%2Fv2%2Fmedia&parent=8806"}],"wp:term":[{"taxonomy":"category","embeddable":true,"href":"http:\/\/blog.inmontanis.info\/index.php?rest_route=%2Fwp%2Fv2%2Fcategories&post=8806"},{"taxonomy":"post_tag","embeddable":true,"href":"http:\/\/blog.inmontanis.info\/index.php?rest_route=%2Fwp%2Fv2%2Ftags&post=8806"}],"curies":[{"name":"wp","href":"https:\/\/api.w.org\/{rel}","templated":true}]}}