{"id":8799,"date":"2023-05-08T19:24:18","date_gmt":"2023-05-08T17:24:18","guid":{"rendered":"http:\/\/blog.inmontanis.info\/?p=8799"},"modified":"2023-05-24T17:12:27","modified_gmt":"2023-05-24T15:12:27","slug":"molltaler-gletscher-3-5-8-5-2023-endlich-wieder-alteck-offen","status":"publish","type":"post","link":"http:\/\/blog.inmontanis.info\/?p=8799","title":{"rendered":"M\u00f6lltaler Gletscher, 3.5.-8.5.2023 &#8212; endlich wieder Alteck offen"},"content":{"rendered":"<p><strong>Mi, 3.5.2023<\/strong><\/p>\n<p>Unvorteilhaftes Wetter heute am Gletscher, die Webcams zeigten Nebel und Schneefall, laut Plan nur EUB+SL in Betrieb, da st\u00f6rte es nicht, dass ich noch in Lienz einkaufte und erst sp\u00e4ter kam. Hab mir im Interspar mal eine K\u00e4sefleischk\u00e4ssemmel mitgenommen, wenn man &#8220;nicht-so-dick&#8221; verlangt, bekommt man ca 70g, weniger sollte es dann aber nicht sein, damit man noch was schmeckt (Wurst-K\u00e4se tu ich sonst ja viel weniger drauf, wenn ich mir Semmeln mach); kostete dann um die 1,70 \u20ac, wobei die Semmel in der Bedienung ja keine von den g\u00fcnstigen Budget-Semmeln um 0,23 sondern die teureren &#8220;Biosemmeln&#8221; sind &#8211; d.h. wenn man sich den Fleischk\u00e4se extra mitnimmt und dann eine 0,23 Semmel dazu, kommt man noch g\u00fcnstiger weg.<\/p>\n<p>Sch\u00f6n auch wieder, um 1,56 Benzin tanken zu k\u00f6nnen, statt (mind.) 30 Cent teurer in IT\/FR\/CH .. leider hab ich die Batterie nicht mehr vollbekommen heute, die knapp 2h Fahrt waren doch zu wenig. Aktuell m\u00f6chte ich bis Sonntag hier bleiben, So-Mo dann Campingplatz und schauen, m\u00f6glichst viel aufzuladen, d.h. es sind jetzt eh nur 4 N\u00e4chte und ab heute Abend kann ich auch den K\u00fchlschrank wieder ausschalten, das sollte also dann kein Problem sein, da sollte ich sogar auch heute das Cordonbleu warm machen k\u00f6nnen.<\/p>\n<p><a href='http:\/\/extra.inmontanis.info\/d\/99334-2\/DSC05370.jpg'><img src=http:\/\/extra.inmontanis.info\/d\/99333-3\/DSC05370.jpg \/><\/a><br \/>\n^ Den SL in Winklern kann man leicht \u00fcbersehen beim Vorbeifahren und heute endlich endlich hab ich mal zeitig genug drangedacht, ihn zu fotografieren beim Vorbeifahren<\/p>\n<p><a href='http:\/\/extra.inmontanis.info\/d\/99338-2\/DSC05372.jpg'><img src=http:\/\/extra.inmontanis.info\/d\/99337-3\/DSC05372.jpg \/><\/a><br \/>\n^ SL in Winklern<\/p>\n<p>Rauf ging&#8217;s mit der SSB um 13:00, da war ich bergw\u00e4rts der einzige, aber Parkpl\u00e4tze waren nicht so leer wie vor 2 Wochen oder wann das war. Oben brauchbare Sicht, leichter Schneefall, der untere SL wurde mittlerweile f\u00fcr diese Saison stillgelegt, also Geh\u00e4nge abmontiert, somit falsche Info im Pistenplan. Die Pisten zwischen eisig-abgewehter Pistenraupenspur und im n\u00e4chsten Moment m\u00f6glicherweise tiefer schwerer Nassschnee, wo ich mich zweimal bei der ersten schwarzen Abfahrt fast hingelegt h\u00e4tte, weil so \u00fcberraschend bzw geh\u00e4uft, dass man quasi dr\u00fcberstolpert. Rote Abfahrt ging dann einfacher.<\/p>\n<p>Ob sich die Reise nach Frankreich nun gelohnt hat oder nicht, naja, wetterm\u00e4\u00dfig vielleicht weniger, schneem\u00e4\u00dfig teilweise, abwechslungsm\u00e4\u00dfig sicherlich. Turracher H\u00f6he hatte \u00fcbrigens wohl auch bis 1.5. offen.<\/p>\n<p>Bin ja mal gespannt, wie lang die Mittelstationsabfahrten hier offiziell offen bleiben. Durch das Zwangsumsteigen muss man nat\u00fcrlich nicht bef\u00fcrchten, vor verschlossenen T\u00fcren zu stehen und dass ich da bis Ende Mai runterkommen sollte, steht wohl au\u00dfer Frage (eher: wie lang werde ich dann unten gehen m\u00fcssen).<\/p>\n<p>Auf Bergfex steht, also war meine Alteck-Vermutung letztens sogar richtig:<\/p>\n<blockquote><p>Wegen Schneemangel \u00fcber einen l\u00e4ngeren Zeitraum in dieser Saison ist es f\u00fcr uns derzeit leider nicht m\u00f6glich, den Schwarzkopflift zu betreiben.<br \/>\nBeim Altecklift tritt leider immer wieder die Lawinenproblematik beim R\u00fcck-Bringer Skiweg auf. Wir arbeiten an einer L\u00f6sung mittels Verbauung und Planung einer neuen Liftanlage. Wir bitten um Ihr Verst\u00e4ndnis.\n<\/p><\/blockquote>\n<p>Bl\u00f6d w\u00e4r allerdings, wenn die neue Anlage ein Ersatz der DSB mit einer M\u00fcll-Zwangsverieglungs-KSB ab Talstation Alteck-4SB bedeuten w\u00fcrde &#8230; dann w\u00e4ren gleich beide Anlagen f\u00fcr mich gestorben.<\/p>\n<p>Also, wenn&#8217;s nur darum geht, ein kleines, gek\u00fchltes Cordon Bleu oder faschiertes Laibchen etwas aufzuw\u00e4rmen, geht das mit diesem kleinen chinesischen Kochtopf schon sehr stromsparend. Reinlegen, Deckel drauf, kurz einschalten, dann Strom weg und dann erst mal von der Restw\u00e4rme aufw\u00e4rmen lassen und dann ggf. nochmal kurz einschalten\/anbraten und noch eine Zeit w\u00e4rmen lassen. 1-2 Ah aus der Batterie und es ist warm genug.<\/p>\n<p>K\u00fchlschrank ist jetzt  ausgeschaltet, die n\u00e4chsten Abende gibt&#8217;s kaltes essen, Dosenfutter wie eingelegter Fisch, Thunfischsalat, Wurst, Kartoffelsalat pur oder vielleicht auch mal so einen kleinen 200ml-Trinkkakao mit Cornflakes\/M\u00fcsli-Zeug. Anstelle der Wurstsemmel tags\u00fcber hab ich einige Brezen u.dgl. gekauft.<\/p>\n<p><strong>Do, 4.5.2023<\/strong><\/p>\n<p>Das sonnige Wetter hat heute wohl viele angelockt, denn die Parkpl\u00e4tze waren so voll wie zuletzt nur am WE. Allerdings gab es auch einige Sommerausfl\u00fcgler, die ohne SKi rauffuhren.<\/p>\n<p>Ich zog heute nach Monaten mal wieder die alten Strolz Skischuhe an, da ich ausprobieren m\u00f6hte, ob ich mit denen bei schwerem Schnee erm\u00fcdungsfreier in den Beinen Ski fahren k\u00f6nnte. Ein weiterer Grund, dass ich annahm, mit den schwarzen im Fr\u00fchjahr\/Sommer zu sehr zu schwitzen bei Sonne. Und ein dritter, dass man im 1-2-t\u00e4gigen Wechsel die Schuhe besser trocknen k\u00f6nnte.<\/p>\n<p>Der erste Eindruck: der Schuh ist sehr klein und dr\u00fcckt rechts gewaltig. Gab sich beim Skifahren wieder, f\u00fchlte sich aber ganz anders an. Aber keine Ahnung, ob besser oder schlechter.<\/p>\n<p>Heute wegen des warmen Wetters aufgefallen: einige 6er Kabinen haben ein Dachfenster, andere nicht. Die, die innen ein Baujahrschild 2001 haben, haben kein Fenster.<\/p>\n<p>Die offenen Pisten im oberen Bereich heute lange hart, neben der Piste fand ichs aber nicht lohnenswert, andere schon, nach 15 Uhr aber sehr pappig an den Mittelstationsabfahrten, daher aufgeh\u00f6rt.<\/p>\n<p>Vorteil bei den (\u00e4lteren?) franz\u00f6sischen Sessel-Zutrittsschranken, die ich letzte Woche oft genug fahren konnte: die gehen sehr fr\u00fch auf und bleiben lange offen, bis der Sessel dann kommt, au\u00dfer es f\u00e4hrt ein Skifahrer rein, dann schlie\u00dft sich diese eine Spur gleich. Im Vgl dazu sind ja Leitner\/DM-Schranken nur extrem kurz offen, manche \u00c4ltere oder Kinder oder Anf\u00e4nger kommen da gar nicht durch, da schlie\u00dft sich das Teil schon wieder&#8230;<\/p>\n<p><a href='http:\/\/ski.inmontanis.info\/d\/319380-2\/DSC05374.jpg'><img src=http:\/\/ski.inmontanis.info\/d\/319379-3\/DSC05374.jpg \/><\/a><br \/>\n^ 6KSB H\u00e4nge<\/p>\n<p><a href='http:\/\/ski.inmontanis.info\/d\/319384-2\/DSC05376.jpg'><img src=http:\/\/ski.inmontanis.info\/d\/319383-3\/DSC05376.jpg \/><\/a><br \/>\n^ Die Abfahrt 6 wird endlich mal hergerichtet, nat\u00fcrlich nur f\u00fcr irgendwelches Renntraining<\/p>\n<p><a href='http:\/\/ski.inmontanis.info\/d\/319388-2\/DSC05377.jpg'><img src=http:\/\/ski.inmontanis.info\/d\/319387-3\/DSC05377.jpg \/><\/a><br \/>\n^ Endlich mal ein Tag mit blauem Himmel und Pano<\/p>\n<p><a href='http:\/\/ski.inmontanis.info\/d\/319392-2\/DSC05378.jpg'><img src=http:\/\/ski.inmontanis.info\/d\/319391-3\/DSC05378.jpg \/><\/a><br \/>\n^ DSB-Gletscherst\u00fctze<\/p>\n<p><a href='http:\/\/ski.inmontanis.info\/d\/319396-2\/DSC05380.jpg'><img src=http:\/\/ski.inmontanis.info\/d\/319395-3\/DSC05380.jpg \/><\/a><br \/>\n^ 4SB Schwarzkopf, kurz vor der Mittelstation<\/p>\n<p><a href='http:\/\/ski.inmontanis.info\/d\/319400-2\/DSC05381.jpg'><img src=http:\/\/ski.inmontanis.info\/d\/319399-3\/DSC05381.jpg \/><\/a><br \/>\n^ Mittelstation SSB\/6EUB und die beiden SL<\/p>\n<p><a href='http:\/\/ski.inmontanis.info\/d\/319404-2\/DSC05382.jpg'><img src=http:\/\/ski.inmontanis.info\/d\/319403-3\/DSC05382.jpg \/><\/a><br \/>\n^ Kuriose Staumauer, kann da das Wasser auf beiden Seiten gestaut werden?<\/p>\n<p>Herbst-Bild:<br \/>\n<a href='http:\/\/ski.inmontanis.info\/d\/306514-3\/DSC04408.jpg'><img src=http:\/\/ski.inmontanis.info\/d\/306513-4\/DSC04408.jpg \/><\/a><br \/>\n^ 27.11.2022<\/p>\n<p>&#8211;<\/p>\n<p><a href='http:\/\/ski.inmontanis.info\/d\/319408-2\/DSC05385.jpg'><img src=http:\/\/ski.inmontanis.info\/d\/319407-3\/DSC05385.jpg \/><\/a><br \/>\n^ Ich hatte ja gehofft, dass ich diese Varianten irgendwann mal bei Firn fahren k\u00f6nnte, aber so wie&#8217;s ausschaut, werd ich die wohl heuer nicht mehr fahren k\u00f6nnen<\/p>\n<p><a href='http:\/\/ski.inmontanis.info\/d\/319412-2\/DSC05387.jpg'><img src=http:\/\/ski.inmontanis.info\/d\/319411-3\/DSC05387.jpg \/><\/a><br \/>\n^ Der Flieger flog im Vergleich zu den anderen Fliegern (ziemlich viel los hier) recht wenig hoch, daher mal aus der DSB fotografieren m\u00fcssen<\/p>\n<p><a href='http:\/\/ski.inmontanis.info\/d\/319416-2\/DSC05389.jpg'><img src=http:\/\/ski.inmontanis.info\/d\/319415-3\/DSC05389.jpg \/><\/a><br \/>\n^ Gro\u00dfglockner<\/p>\n<p><a href='http:\/\/ski.inmontanis.info\/d\/319420-2\/DSC05390.jpg'><img src=http:\/\/ski.inmontanis.info\/d\/319419-3\/DSC05390.jpg \/><\/a><br \/>\n^ Pano<\/p>\n<p><a href='http:\/\/ski.inmontanis.info\/d\/319424-2\/DSC05395.jpg'><img src=http:\/\/ski.inmontanis.info\/d\/319423-3\/DSC05395.jpg \/><\/a><br \/>\n^ Gipfel-Zoom-Pano, man sieht hier (links vom mittigen Berg, in Vergr\u00f6\u00dferung und ganz hinten) sogar etwas den Marmolada-Gletscher<\/p>\n<p><a href='http:\/\/ski.inmontanis.info\/d\/319428-2\/DSC05396.jpg'><img src=http:\/\/ski.inmontanis.info\/d\/319427-3\/DSC05396.jpg \/><\/a><br \/>\n^ Gipfel-Zoom-Pano; die zwei Spitzen rechts sind die 3 Zinnen<\/p>\n<p><a href='http:\/\/ski.inmontanis.info\/d\/319432-2\/DSC05397.jpg'><img src=http:\/\/ski.inmontanis.info\/d\/319431-3\/DSC05397.jpg \/><\/a><br \/>\n^ Gipfel-Zoom-Pano<\/p>\n<p><a href='http:\/\/ski.inmontanis.info\/d\/319436-2\/DSC05398.jpg'><img src=http:\/\/ski.inmontanis.info\/d\/319435-3\/DSC05398.jpg \/><\/a><br \/>\n^ Eins der R\u00fcckseitenpanos<\/p>\n<p><a href='http:\/\/ski.inmontanis.info\/d\/319440-2\/DSC05403.jpg'><img src=http:\/\/ski.inmontanis.info\/d\/319439-3\/DSC05403.jpg \/><\/a><br \/>\n^ Im Zoom erkennt man hier etliche Tourengeherspuren<\/p>\n<p><a href='http:\/\/ski.inmontanis.info\/d\/319444-2\/DSC05404.jpg'><img src=http:\/\/ski.inmontanis.info\/d\/319443-3\/DSC05404.jpg \/><\/a><br \/>\n^ Die Skipiste geh\u00f6rt wohl zum Goldeck<\/p>\n<p><a href='http:\/\/ski.inmontanis.info\/d\/319448-2\/DSC05400.jpg'><img src=http:\/\/ski.inmontanis.info\/d\/319447-3\/DSC05400.jpg \/><\/a><br \/>\n^ R\u00fcckseitenpano; das Tal unten in Verl\u00e4ngerung geradeaus bis zur Bergspitze ganz dar\u00fcber soll der Ankogel sein<\/p>\n<p><a href='http:\/\/ski.inmontanis.info\/d\/319452-2\/DSC05406.jpg'><img src=http:\/\/ski.inmontanis.info\/d\/319451-3\/DSC05406.jpg \/><\/a><br \/>\n^ Mein Standort f\u00fcr die vorherigen und n\u00e4chsten Fotos war hier, den Punkt erreicht man ohne Aufstieg neben der Abfahrt<\/p>\n<p><a href='http:\/\/ski.inmontanis.info\/d\/319456-2\/DSC05407.jpg'><img src=http:\/\/ski.inmontanis.info\/d\/319455-3\/DSC05407.jpg \/><\/a><br \/>\n^ Blick von ebendort zur 6KSB und Abfahrt (und Gro\u00dfglockner). Links vom Gro\u00dfglockner das n\u00e4chste Zoombild<\/p>\n<p><a href='http:\/\/ski.inmontanis.info\/d\/319460-2\/DSC05408.jpg'><img src=http:\/\/ski.inmontanis.info\/d\/319459-3\/DSC05408.jpg \/><\/a><br \/>\n^ Gipfel-Zoom-Pano<\/p>\n<p>Berg-landschaftlich-panoramam\u00e4\u00dfig find ich M\u00f6lltaler doch sch\u00f6ner als zB Orelle oder Bonnenval.<\/p>\n<p>Vorteil an der Zubringerbahn als Untergrund-SSB: sch\u00f6n k\u00fchl, keine Hitze wie bei den EUB-Kabinen der 2. Sektion nachmittags.<\/p>\n<p>Gar nicht k\u00fchl, sondern 30\u00b0 waren und blieben es dann im Auto. Wenigstens wei\u00df ich jetzt, wo ich mich hinstellen sollte und wo nicht. Nicht: Aufs Parkdach, da scheint nachmittags am l\u00e4ngsten die Sonne.<\/p>\n<p>Hab heut endlich mal wieder drangedacht, diese bl\u00f6de epass24-Hotline anzurufen &#8211; mittlerweile wurden mir ja irgendwelche 70 NOK via Kreditkarte abgebucht, eine Antwort hab ich nach wie vor nicht bekommen. Leider niemand rangegangen.<\/p>\n<p>Also mal noch eine EMail geschrieben, diesmal an den englsichen Support und nochmals alles auf Englisch erkl\u00e4rt, seufz.<\/p>\n<p>Bei der Gelegenheit musste ich ja eh ins Onlinebanking einsteigen und mal wieder das Depot angesehen &#8211; leider seit M\u00e4rz wieder abgerutscht. Ein kleiner Posten war im Plus, den Fonds hab ich nun zum Verkauf freigegeben. Da werd ich mir wohl mal etwas Gold darum kaufen.<\/p>\n<p>Mannomann, was war das nur wieder f\u00fcr eine dumme Idee heute, hier aufs Parkdeck zu fahren. Nicht nur am l\u00e4ngsten Sonne, auch am meisten Labers\u00e4cke, auch als es dunkel war und um 2130\/22h kamen noch 2 Wohnmobile und die mussten sich nat\u00fcrlich nicht nur neben mich hinstellen, sondern auch vor ihrer T\u00fcr die ganze Zeit labern. Boah.<\/p>\n<p>Um 23h waren sie zwar ruhig, aber um 1:30 machten sie nochmals L\u00e4rm au\u00dferhalb ihrer Wohnmobile und schon um 6 Uhr (WTF!?!) kamenn die ersten Autos hier oben an mit dem obligatorischen T\u00fcrenl\u00e4rm. Da fahr ich nach dem Skitag wieder auf den unteren Parkplatz.<\/p>\n<p><strong>Fr, 5.5.2023<\/strong><\/p>\n<p>Heut zwar mehr Wolken als gestern, aber als ich um kurz vor 12 die erste Abfahrten fuhr, war es zur DSB runter schon weicher und pappiger als gestern. Wie erwartet, wurde die neu hergerichtete Abfahrt (6 im Plan) nicht f\u00fcr Normalos gemacht, sondern f\u00fcr Renntraining. H\u00e4tte man also wohl schon l\u00e4ngst \u00f6ffnen und pr\u00e4parieren k\u00f6nnen, wenn man gewollt h\u00e4tte? Alteck-4SB hat man ja auch nach wie vor nur 1 direkte Abfahrt pr\u00e4pariert gehabt, obwohl es ja im Plan 2 + 1 Skiroute gibt, die ebenfalls nicht ausgesteckt wurde. \u00dcbrigens war heut eine Pistenraupe im Alteckbereich unterwegs, vielleicht wird sie ja doch endlich mal wieder eingeschaltet dieses WE?<\/p>\n<p>Um 13 Uhr war es dann auch an der 6KSB pappig, war daher eine Zeit lang im ersten Stock vom Restaurant, das wohl so ein bisschen gemischt Restaurant \/ Selbstversorgerraum ist und bin die Skigebiete im s\u00fcdlichen und mittleren Finnland mal kurz durchgegangen. Also ganz unlohnenswert w\u00e4r das nicht, zwar nur wenige Skigebiete mit Liften um oder \u00fcber 1km vermutlich (wohl eher 400-700m), aber einige Graffer-SL, evtl auch blau lackierte St\u00fctzen, scheint es zu geben und einige Skigebiete haben immerhin 2 oder 3 Seiten oder erschlie\u00dfen 2 H\u00fcgel.<\/p>\n<p><a href='http:\/\/ski.inmontanis.info\/d\/319464-2\/DSC05409.jpg'><img src=http:\/\/ski.inmontanis.info\/d\/319463-3\/DSC05409.jpg \/><\/a><br \/>\n^ An der 6KSB gibts jetzt eine dritte Abfahrt, f\u00fcr Normalos aber gesperrt geblieben<\/p>\n<p><a href='http:\/\/ski.inmontanis.info\/d\/319468-2\/DSC05410.jpg'><img src=http:\/\/ski.inmontanis.info\/d\/319467-3\/DSC05410.jpg \/><\/a><br \/>\n^ Es wird Schnee entweder zu einem Depot oder auf den Gletscher geschoben<\/p>\n<p><a href='http:\/\/ski.inmontanis.info\/d\/319472-2\/DSC05411.jpg'><img src=http:\/\/ski.inmontanis.info\/d\/319471-3\/DSC05411.jpg \/><\/a><br \/>\n^ Abfahrten 6 und 5 von der 6KSB zur DSB<\/p>\n<p>Was auch praktisch ist, dass auf ski.fi das Skipass-System steht, wobei man bei &#8220;custom&#8221; halt nicht wei\u00df, ob Papp\/Plastikkarte oder eigene kostenpflichte Keycard. Jedenfals gibt es da ein System, das ich noch nicht kannte: &#8220;SnowCard&#8221;, scheint wohl eine finnische Firma f\u00fcr Keycards in Skigebieten zu sein und wird wohl um 6-7 \u20ac verkauft, die m\u00fcsste ich dann wohl einmal kaufen in Finnland :( Au\u00dfer ich meide diese Skigebiete.<\/p>\n<p>Problematisch, wenn ich \u00fcber GoPass-SK\/CZ\/PL und dann noch FI nach Skandinavien rauffahr, dass ich relativ sp\u00e4t erst in Schweden sein w\u00fcrde, so dass sich vielleicht die dortige Saisonkarte kaum noch lohnen wird, naja, obwohl, wenn Riksgr\u00e4nsen bis Ende Mai geht, dann wohl schon..<\/p>\n<p>F\u00fcr den Preis des GoPasses oder vielleicht noch weniger w\u00fcrde ich wohl auch die kurze Sommersaisonkarte am Hintertuxer (Mitte Mai bis Ende September) bekommen. Laut park4night-Erfahrungen wird das \u00dcbernachten dort am Parkplatz wohl auch nach wie vor geduldet. Allerdings h\u00e4tte man dann halt jeden Abend ein sehr warmes Auto und muss das St\u00fcck zur Bahn rauf, wenn man nicht immer das kurze St\u00fcck tags\u00fcber in die Tiefgarage rein und wieder rausf\u00e4hrt. Wobei es auf der H\u00f6he dort nachts ja vmtl. meist kalt genug werden sollte, durch das enge Tal wird die Sonne wohl auch nicht so lang scheinen wie anderswo und der Gletscher zieht ja auch immer gern Wolken an. Aber irgendwie w\u00fcrde ich auch gerne mal wieder ein paar Wochen daheim bleiben. Die Entscheidung w\u00e4re auch leichter, wenn nicht auch der M\u00f6lltaler heuer bis Ende Mai offen  h\u00e4tte. Vielleicht ein anderes Mal. Wenn dann noch im Sommer Skibetrieb ist.. und es noch bezahlbare Preise gibt&#8230; also vielleicht doch?<\/p>\n<p>Zudem m\u00fcsste man ja nicht den ganzen Sommer in Hintertux sein, damit sich der Skipass lohnen w\u00fcrde &#8230;  allerdings halt dann auch immer weit zu fahren, falls ich da mehrmals im Sommer zwischen Wohnung und Hintertux hin und her fahren w\u00fcrde.  Das vielleicht gr\u00f6\u00dfte Problem w\u00e4r wohl, ob es mir da nicht zu warm werden w\u00fcrde am Parkplatz &#8211; und ruhig wird&#8217;s wohl auch nicht sein, zu viel andere Camper dort, zudem die fr\u00fch ankommenden Renngruppen&#8230;<\/p>\n<p>Vorteil Hintertux: besserer Schnee und mehr Spass im Sommer als dann am M\u00f6lltaler im Herbst<br \/>\nVorteil Gopass: Skitage im Herbst und Fr\u00fchwinter, wenn&#8217;s sonst noch kaum geht und ich wo anders nicht teure Tageskarten f\u00fcr ein geringes Angebot kaufen will + ggf. CZ\/SK\/PL dann auf der Fahrt nach Skandinavien<br \/>\nVorteil M\u00f6lltaler jetzt mal bis Ende Mai zum Hintertuxer: Sch\u00f6nere Mittelstationsabfahrten, weniger Lauferei, weniger Leute<\/p>\n<p>Saisonkarte am Stilfserjoch \u00fcbrigens 782,- aber halt eher inkompatible Betriebszeiten mit meinem Arbeitszeitmodell, da ja ab 12:30 dann Mittagspause oder ganz zu, dazu viel mehr Renngruppen+Wartezeiten und: auf 2700m \u00dcbernachten wird im Sommer wohl h\u00e4ufig Standheizung brauchen, au\u00dfer die Sonne w\u00e4rmt das Auto schon recht fr\u00fch.<\/p>\n<p>Auch nach meiner l\u00e4ngeren Pause blieb es leider pappig statt sulzig an der DSB, aber zur EUB runter war&#8217;s nun etwas weniger pappig.<\/p>\n<p>Ich hatte ja auch in Riksgr\u00e4nsen schon \u00f6fters Pappschnee und w\u00e4hrend man dort den Vorteil der interessanteren SL hat, hat man hier die Vorteile des praktischeren Parkplatzes ohne weiten Fu\u00dfweg und den sch\u00f6neren Nachtplatz (das ist um Riksgr\u00e4nsen ja leider nicht so toll). Aber unterm Strich hatte ich die letzten Jahre im Mai in Schweden glaub ich weniger Pappschnee als \u00fcblicherweise in den Alpen.<\/p>\n<p><a href='http:\/\/ski.inmontanis.info\/d\/319476-2\/DSC05413.jpg'><img src=http:\/\/ski.inmontanis.info\/d\/319475-3\/DSC05413.jpg \/><\/a><br \/>\n^ An der Alteck-4SB wird die Piste pr\u00e4pariert, wird morgen hoffentlich endlich mal wieder aufsperren<\/p>\n<p><a href='http:\/\/ski.inmontanis.info\/d\/319480-2\/DSC05414.jpg'><img src=http:\/\/ski.inmontanis.info\/d\/319479-3\/DSC05414.jpg \/><\/a><br \/>\n^ Ein Teil der Parkpl\u00e4tze (Hinter mir das Parkdeck, links neben den Womos auch noch paar Pl\u00e4tze)<\/p>\n<p>Die momentanen Wetterprognosen f\u00fcr n\u00e4chste Woche sind ja wieder einmal sehr bescheiden. Ohne Saisonkarte lohnt sich da wohl kaum ein Skitag.<\/p>\n<p>Sonnenm\u00e4\u00dfig heute zwar nicht n\u00f6tig, bin ich abends wieder einen Parkplatz runter gefahren &#8211; hat sich l\u00e4rmtechnisch aber auch nicht so wirklich gelohnt.<\/p>\n<p>Stromverbrauchsm\u00e4\u00dfig heut ein ziemlicher Minimumtag, nur 10 Ah &#8211; morgens ca. 10-15min Standheizung, PC 3h morgens und ca. 1h abends, sowie Handy laden. Da kann ich morgen Abend die Dose Fr\u00fchst\u00fccksfleisch (150g+1,5 Semmel dazu) mal etwas anbraten statt kalt essen ;) Zumal morgen Samstag ja kein Arbeitstag ist.<\/p>\n<p><strong>Sa, 6.5.2023<\/strong><\/p>\n<p>Auch hier kamen wieder viel zu viel Autos schon ab 6 Uhr &#8211; da werd ich mich wohl weiter runter stellen m\u00fcssen auf die unasphaltierten Pl\u00e4tze und entsprechend morgens weiter rauf gehen m\u00fcssen..<\/p>\n<p>Bergfex meldet von Montag bis Freitag Schneefall (oder Regen an der Mittelstation)- wenn ich die Saisonkarte nicht hab, w\u00fcrd ich da wohl kaum eine Tageskarte kaufen wollen &#8211; und wo soll ich dann die ganzen Tage verbringen??<\/p>\n<p>Der n\u00e4chtliche Regen vom Parkplatz fiel weiter oben als Schnee, zu oberst wohl ca. 5-10cm und entsprechend schweierig die teils aufgfahrene Piste mit dem harten Pr\u00e4parierungsspuren. Danach gleich mal zur 4SB Alteck gefahren, die heute tats\u00e4chlich endlich einmal wieder in Betrieb war!<\/p>\n<p>Bovec\/Kanin h\u00e4tte das WE auch wieder offen, aber wohl nur bis 13h Skibetrieb oberhalb der 4EUB, also die zweiseitige 4SB (plus der kurze SL).<\/p>\n<p>Mittelstationsabfahrt um 10h ganz gut und auch am SL sch\u00f6n firnig-sulzig. Gleich darauf die schwarze gefahren &#8211; und schon war&#8217;s pappig und auch am SL nicht mehr so sch\u00f6n.<\/p>\n<p>Nach 11e dann ziemlich alles unfahrbar pappig dank des bl\u00f6den Neuschnees. 11:30 wurden die Sessel der Alteck-4SB hochgeklappt und die letzte Bergfahrt verk\u00fcndet. Hatte sich bei dem Papp aber eh nicht mehr gelohnt, naja wenigstens doch nochmals im Fr\u00fchjahr fahren k\u00f6nnen, erstes Mal jetzt bei meinen heurigen Fr\u00fchjahrsbesuchen.<\/p>\n<p>An der 6KSB ging&#8217;s noch, pappte nur in den unteren Bereichen dann. Rote Mittelstationsabfahrt oben fast scheiben m\u00fcssen, also um 13h aufgeh\u00f6rt und runter. Um 15 Uhr mal st\u00e4rkerer und l\u00e4ngerer Regen. Danch wieder Sonne und Hitze.<\/p>\n<p><a href='http:\/\/ski.inmontanis.info\/d\/319484-2\/DSC05417.jpg'><img src=http:\/\/ski.inmontanis.info\/d\/319483-3\/DSC05417.jpg \/><\/a><br \/>\n^ Pano von der Alteck-4SB zu DSB+6KSB<\/p>\n<p><a href='http:\/\/ski.inmontanis.info\/d\/319488-2\/DSC05421.jpg'><img src=http:\/\/ski.inmontanis.info\/d\/319487-3\/DSC05421.jpg \/><\/a><br \/>\n^ Blick von der Alteck-4SB zu den Mittelstationsabfahrten<\/p>\n<p><a href='http:\/\/ski.inmontanis.info\/d\/319492-2\/DSC05422.jpg'><img src=http:\/\/ski.inmontanis.info\/d\/319491-3\/DSC05422.jpg \/><\/a><br \/>\n^ Von der Alteck-4SB kann man sogar nach Norden, also beidseits des Tauernhauptkamms, sehen, links soll der Hochk\u00f6nig sein, rechts die Berge um Werfen(weng).<\/p>\n<p><a href='http:\/\/ski.inmontanis.info\/d\/319496-2\/DSC05424.jpg'><img src=http:\/\/ski.inmontanis.info\/d\/319495-3\/DSC05424.jpg \/><\/a><br \/>\n^ Da der Skiweg von der Alteck-4SB im Fr\u00fchjahr wg. Lawinengefahr so oft gesperrt ist, m\u00fcsste man entweder einen schnuckeligen SL von der 4SB-Talstation rechts unten zur DSB rauf bauen &#8211; oder (nicht sch\u00f6n), die DSB mit einer KSB vom Talboden aus ersetzen<\/p>\n<p><a href='http:\/\/ski.inmontanis.info\/d\/319500-2\/DSC05425.jpg'><img src=http:\/\/ski.inmontanis.info\/d\/319499-3\/DSC05425.jpg \/><\/a><br \/>\n^ 4SB Alteck und der leere Stausee<\/p>\n<p><a href='http:\/\/ski.inmontanis.info\/d\/319504-2\/DSC05426.jpg'><img src=http:\/\/ski.inmontanis.info\/d\/319503-3\/DSC05426.jpg \/><\/a><br \/>\n^ Schneerutschgef\u00e4hrdeter Retourweg von der Alteck-4SB zur DSB<\/p>\n<p><a href='http:\/\/ski.inmontanis.info\/d\/319508-2\/DSC05427.jpg'><img src=http:\/\/ski.inmontanis.info\/d\/319507-3\/DSC05427.jpg \/><\/a><br \/>\n^ Gletscherpisten<\/p>\n<p><a href='http:\/\/ski.inmontanis.info\/d\/319512-2\/DSC05428.jpg'><img src=http:\/\/ski.inmontanis.info\/d\/319511-3\/DSC05428.jpg \/><\/a><br \/>\n^ Hier wird derzeit ganztags Schnee verschoben oder irgendwie auch nicht<\/p>\n<p><a href='http:\/\/ski.inmontanis.info\/d\/319516-2\/DSC05431.jpg'><img src=http:\/\/ski.inmontanis.info\/d\/319515-3\/DSC05431.jpg \/><\/a><br \/>\n^ Talstation \/ Parkpl\u00e4tze. Links 3150m, also an der 6KSB an den offiziellen Daten steht 3089m &#8230;<\/p>\n<p>In Livigno soll lt. Liftstatus heute \u00fcbrigens nicht die Carosello-Seite, aber anscheinend die Tagliede-Seite offen gewesen sein.<\/p>\n<p>Der unasphaltierte Sand-Parkplatz hat seine eigenen Nachteile: Sand (dreckige Schuhe), abfallend (am oberen Rand, mich ja weniger st\u00f6rend) und als L\u00e4rmquelle wohl das Kraftwerk mit Dauerbrummen, das an den oberen Pl\u00e4tzen vom Wasserfall \u00fcbert\u00f6nt wird. Daf\u00fcr w\u00fcrde man an sonnigen Tagen morgens als erstes die Sonne abbekommen und nachmittags fr\u00fcher Schatten haben. Wird beides heute+morgen allerdings irrelevant sein.<\/p>\n<p>Erstaunlicherweise fuhren auch etliche Wohnmobile wieder ab, teils welche, die erst gestern Abend gekommen sind.<\/p>\n<p><strong>So, 7.5.2023<\/strong><\/p>\n<p>Heute kamen die Autos weniger \/ sp\u00e4ter, um 7:30 war&#8217;s noch nicht so voll wie gestern. H\u00e4tte ja lieber die leerere 8:00 &#8211; Bahn genommen, aber im Gegensatz zu gestern fuhr heute um 7:45 keine Bahn dazwischen, also um 7:50 reingequetscht &#8211; und dann fuhr sie doch noch. SL fuhr oben zu der Zeit noch nicht, also recht weit hinten an die EUB anstellen m\u00fcssen.<\/p>\n<p>Weil sich die Rennkids ja noch umzogen, konnte ich an der leeren 6KSB 2 Fahrten machen, danach die schwarze zur Mittelstation, da die beiden blauen von der 6KSB zur DSB gesperrt waren wg. Training. Sch\u00f6ner Schnee heute um die Zeit, schon leicht auffirnend. Danach zur Alteck-4SB, ab sp\u00e4testens 11 Uhr wieder pappig, wurde auch heute wieder vor Mittag eingestellt.<\/p>\n<p><a href='http:\/\/ski.inmontanis.info\/d\/319520-2\/DSC05432.jpg'><img src=http:\/\/ski.inmontanis.info\/d\/319519-3\/DSC05432.jpg \/><\/a><br \/>\n^ Von der Bergstation 4SB Alteck hat man gestern wie heute dieses Abfahrtsst\u00fcck pr\u00e4pariert &#8230;<\/p>\n<p><a href='http:\/\/ski.inmontanis.info\/d\/319524-2\/DSC05434.jpg'><img src=http:\/\/ski.inmontanis.info\/d\/319523-3\/DSC05434.jpg \/><\/a><br \/>\n^ &#8230; war aber leider an beiden Tagen gesperrt :(<\/p>\n<p>Entgegen der Vorhersage heute schon vor Mittag Schnee+Regen, daher doch endlich mal ins Restaurant gegangen und am Salatbuffet was mitgenommen. Dachte, ich h\u00e4tte wenig, aber es waren doch 405g. Hatte Gl\u00fcck, dass es nicht 2,50 \/100g gekostet hat, wie ich es in der Online-Speisekarte gelesen hatte, sondern nur 1,90 &#8230; waren somit 7,70, naja, mehr als genug. Ein verg\u00fcnstigtes Tagesgericht w\u00e4r mir mal nicht aufgefallen, sonstige Preise laut Online-Karte (ca. alles 1 \u20ac teurer als im Herbst, nicht vor Ort genug aufgepasst ob aktuell):<br \/>\nSpaghetti Bolo oder K\u00e4sesp\u00e4tzle (ohne Salat) je 12,90<br \/>\nBerner W\u00fcrstel Pommes Gem\u00fcse 14,50<br \/>\nHalbes Hendl mit Pommes Gem\u00fcse oder Schnitzel mit (b\u00e4h) Petersilkartoffel oder Schweinsbraten Kraut Semmelkn\u00f6del je 16,50<br \/>\nBurger mit Bacon Zwiebel K\u00e4se Pommes 16,90<br \/>\n&#8230;<\/p>\n<p><a href='http:\/\/ski.inmontanis.info\/d\/319528-2\/DSC05437.jpg'><img src=http:\/\/ski.inmontanis.info\/d\/319527-3\/DSC05437.jpg \/><\/a><br \/>\n^ 405g Salat um 7,70; doch mehr als gedacht gewesen und weniger Dressing h\u00e4tte auch gereicht<\/p>\n<p><a href='http:\/\/ski.inmontanis.info\/d\/319532-2\/DSC05438.jpg'><img src=http:\/\/ski.inmontanis.info\/d\/319531-3\/DSC05438.jpg \/><\/a><br \/>\n^ Erster Stock im Restaurant<\/p>\n<p>Um 13h wieder rausgegangen, hat nach wie vor (nass) geschneit (in Restauranth\u00f6he) und auch die 6KSB-Sessel waren wieder nass, obwohl zumindest aktuell die Hauben geschlossen wurden.<\/p>\n<p>Wurde aber bald wieder trocken und die roten Abfahrten (Trainingsbereich) an der 6KSB waren sch\u00f6n zu fahren, nur unten im Flachteil wars etwas bremsend. F\u00fcr solche Abfahrten 2h\/Tag bei trockenem Wolkenwetter w\u00e4r ich ja schon bereit f\u00fcr eine Saisonkarte zu zahlen und t\u00e4glich raufzufahren. Jedenfals hab ich noch lang nicht genug vom M\u00f6lltaler und verglichen mit Hintertux gef\u00e4llts mir hier momentan wohl auch besser, da weniger Laufereien, weniger Schiebereien, weniger Leute, &#8230;<\/p>\n<p>Morgen+\u00fcbermorgen sind noch trockene Abschnitte gemeldet, aber Mi+Do soll&#8217;s mal wieder jeweils um die 20cm Neuschnee geben, Italientief mal wieder.<\/p>\n<p>Der SL an der Mittelstation wurde nachmittags auch fr\u00fcher eingestellt, somit nachmittags nicht mehr so leicht aufs Klo gehen k\u00f6nnen (das an der Mittelstation liegt ja auf dem Weg zur SL-Talstation, ohne den SL muss man die Treppen raufgehen).<\/p>\n<p>Wie h\u00e4ufig fuhr ich um 15:30 runter, war heute der letzte Tag auf der Top-Ski-Saisonkarte.<\/p>\n<p>Die Antwort aus Hintertux kam auch bereits, die Tageskarte (Tiroler) ist wohl extrem viel teurer geworden als letztes Jahr, +17,6% (zu 2022). Bezahlbarer sind aber noch die Sommersaisokarten, +13,7% im Vergleich zu 2020 f\u00fcr die kurze, aber  +25,9% im Vergleich zu 2020 f\u00fcr die lange. Jedenfalls hat die Tageskarte jetzt auch eine 5 an erster Stelle &#8211; das w\u00fcrd ich nat\u00fcrlich nicht mehr zahlen. Dann eher eine 1,5er Normal-Tageskarte, das sind offiziell 87 \u20ac bzw. dann 43,50 pro Tag. Normalpreis ab 8 Uhr sind 59,- \u20ac bzw. ab 11 Uhr 53 \u20ac, interessanterweise wirds ab 11:45 gleich viel g\u00fcnstiger: 40,50 \u20ac.<br \/>\nBei der 1,5 Tageskarte darf man am ersten Tag ab 11:45 fahren, d.h. wenn man die 40,50 da abziehen w\u00fcrde, w\u00fcrde man f\u00fcr den zweiten, ganzen Tag 46,50 zahlen, das ist dann OK.<\/p>\n<p>Tja, dann sollte ich wohl die Hintertuxer Karte heuer kaufen. Gopass dazu oder nicht?<\/p>\n<p>Mal die Campingplatzsituation im Zillertal angesehen. Im Tuxertal gibts anscheinend gar nix, im Zillertal ca. in jedem Ort einer, der g\u00fcnstigste d\u00fcrfte wohl in Mayrhofen sein (vmtl. dann recht voll in der Hochsaison), an anderen muss man auch 40 \u20ac abdr\u00fccken (z.B. weil es nur Pauschaltarife f\u00fcr 2 Personen gibt).<\/p>\n<p>Das ist dann alles ziemlich unlustig, selbst in Mayrhofen ist&#8217;s mir im Sommer wohl viel zu warm im Auto zu \u00fcbernachten, nur um dann den Strom nachzuladen. D.h. wenn Hintertux, geht das nur so, dass ich 1-2 Wochen sehr stromsparend oben bleiben w\u00fcrde und dann wieder f\u00fcr 2-4 Wochen heimfahre und dann nochmals her wieder f\u00fcr 1-2 Wochen, dann wieder heim und dann zum Saisonabschluss im September nochmals.<\/p>\n<p>Hab auch nochmals meine Herbstbilder vom letzten November angesehen .. da hatte ich ja mit als gr\u00f6\u00dften Vorteil am M\u00f6lltaler gesagt, dass der Gletscherhang so sch\u00f6n sonnig ist bis zum Schluss. Das Pano mit dem Stausee, so lang er nicht gefroren war, war ebenfalls sehr cool. Schneeverh\u00e4ltnisse im November letztes Jahr waren mir aber zumeist zu hart.<\/p>\n<p>Das &#8220;Problem&#8221; ist ja nicht, ob ich die 529 \u20ac f\u00fcr&#8217;n Gopass reinfahren k\u00f6nnte, selbst bei nur 15 Tagen jetzt im Mai und 15 Tagen im Herbst w\u00e4ren es nur noch 17,60 \u20ac pro Tag, Hintertuxer w\u00fcrd ich im Sommer noch schneller reinfahren, die Fragen w\u00e4ren ja eher..<br \/>\n.. will ich das? Vom Skifahren her je nach Schnee- und Wetterverh\u00e4ltnissen ja, im Fr\u00fchjahr und Sommer mehr wie im Herbst; von der zu erwartenden Hitze im Sommer im Auto weniger<br \/>\n.. brauch ich das, lohnt es sich? Na unbedingt nicht, hab ja heuer schon 145 Skitage, aber man wei\u00df ja nie, wie lang man noch lebt, ob man sich das in Zukunft noch leisten will, wenn alles noch teurer geworden ist oder wenn man dann nicht mehr an den Parkpl\u00e4tzen \u00fcbernachten darf &#8230;<br \/>\n.. kann ich mir das leisten? Kurzfristig schon, langfristig keine Ahnung, aber falls meine Ersparnisse und meine Fonds demn\u00e4chst eh nix mehr Wert sein sollten, sollte man vielleicht jetzt noch mehr ausgeben &#8211; das wiederum w\u00fcrde wohl auch daf\u00fcr sprechen, sich bald ein neues Auto zu kaufen<\/p>\n<p>Wohin also heute Nachmittag?<br \/>\n.. zum Campingplatz in Flattach, um Batterie aufzuladen, morgen dann einkaufen und wieder her fahren um ggf. DI wieder Ski zu fahren (mit Tageskarte oder Gopass-Saisonkarte)<br \/>\n.. heute heimfahren, weil die Wettervorhersagen die Woche eh untauglich sind und dann einige Tage oder eine Woche daheim blieben<br \/>\n.. noch eine Nacht hier bleiben, ggf. morgen Ski fahren (Tageskarte, Gopass Saisonkarte oder gar nicht), einkaufen und erst morgen Abend zum Campingplatz oder morgen heimfahren<br \/>\n.. plus eben die Noch-Nicht-Entscheidung, Gopass Saisonkarte oder Hintertuxer Saisonkarte oder keine oder beiden zu kaufen oder die K\u00e4rntner Sommerkarte kaufen und was die jeweilige Entscheidung auch f\u00fcr Auswirkungen auf den Sommer 2024 h\u00e4tte (z.B. erst n\u00e4chstes Jahr Hintertuxer, oder n\u00e4chsten Sommer UK\/IoM oder erst \u00fcbern\u00e4chsten Sommer wieder UK\/IoM?)<br \/>\n..  eine morgen gekaufte Tageskarte oder ein Heimfahren w\u00fcrde klarerweise ein &#8220;Nein&#8221; der Gopass-Saisonkarte bedeuten, will also alles gut \u00fcberlegt sein.<\/p>\n<p>Ich blieb erst mal die Nacht hier stehen und vertagte die Entscheidung.<\/p>\n<p>Zum April-Wetter:<\/p>\n<blockquote><p>\nVorl\u00e4ufige Monatsbilanz der GeoSphere Austria: Temperatur im Tiefland \u00d6sterreichs 1,7 Grad und auf den Bergen um 2, 2 Grad unter dem Mittel der letzten Jahrzehnte. \u00d6sterreichweite Niederschlagsmenge 76 Prozent \u00fcber dem Mittel und Sonnenscheindauer 37 Prozent unter dem Durchschnitt.  Einer der zehn nassesten und tr\u00fcbsten April-Monate der Messgeschichte 1858.\n<\/p><\/blockquote>\n<p>Wobei f\u00fcr K\u00e4rnten die Abweichungen nur gering sein sollen.<br \/>\n<a href='https:\/\/www.zamg.ac.at\/cms\/de\/klima\/news\/april-nass-trueb-und-relativ-kuehl'>https:\/\/www.zamg.ac.at\/cms\/de\/klima\/news\/april-nass-trueb-und-relativ-kuehl<\/a><\/p>\n<p><strong>Mo, 8.5.2023<\/strong><\/p>\n<p>Heute kamen die Autos (abgesehen von den Bediensteten) erst nach 7:30, zuvor waren nur die 3 Wohnmobile hier.<\/p>\n<p>Die Wettervorhersagen w\u00e4ren jetzt so: heute und morgen tags\u00fcber halbwegs trocken, MI+DO ganztags recht viel Regen\/Schnee,<br \/>\nFR nachmittags besser, SA trocken, SO-MO-DI wieder nass :(<\/p>\n<p>Pfff..<\/p>\n<p>Also heimfahren und wieder herfahren w\u00fcrde Benzinkostenm\u00e4\u00dfig ca. 2 Tage am Campingplatz entsprechen, dh nur wg. MI+DO m\u00fcsste ich dann nicht heim.<\/p>\n<p>Strom- und essensm\u00e4\u00dfig kann ich heut Nacht auch noch hier bleiben, Geb\u00e4ck wird mir heute ausgehen, nur noch 1 Laugenbreze f\u00fcr tags\u00fcber, wobei die g\u00fcnstigen vom Spar nicht so gut schmecken wie die g\u00fcnstigen anderer Superm\u00e4rkte; wobei ich noch verpackte Hamburgerbr\u00f6tchen als Notration h\u00e4tte; heute Abend k\u00f6nnte ich auch die Packung Kartoffelsalat essen, gestern hab ich eine Packung Kakao mit Cornflakes\/M\u00fcsli-Zeug gehabt.<\/p>\n<p>Interessant: Solheisen, das kleine Skigebiet im Tal n\u00f6rdlich von Skistar Hemsedal in Norwegen, wo ich letztes Jahr ja bis zum Saisonschluss war, h\u00e4tte heuer an den WE bis 21.5. offen. Hab ich da letztes Jahr nicht nachgesehen oder hatten die das letztes Jahr nicht? Sonst w\u00e4r ich nach der Schlie\u00dfung in Hemsedal da nat\u00fcrlich noch vorbei (statt oder vor den  Skirouten) ..<\/p>\n<p>Oh Mann, was f\u00fcr eine schwere Entscheidung heute. Tageskarte kaufen und gegen die GoPass-Saisonkarte votieren, oder Go-Pass-Saisonkarte kaufen und erst sp\u00e4ter (Ende Dezember statt Ende November) nach Skandinavien fahren? Anfang Dezember hat man in Skandinavien ja auch nicht viel M\u00f6glichkeiten, wie ich letzte Saison feststellen musste &#8211; und muss f\u00fcr wenig offene Lifte viel zahlen. Die Skigebiete in der f\u00fcr n\u00e4chsten Winter geplanten Saisonkarte machen jedenfalls wohl erst zu oder 1 Woche vor Weihnachten auf (oder gleich erst viel sp\u00e4ter) .. zudem wei\u00df ich ja noch gar nicht, ob&#8217;s die wieder geben wird oder wie sich das Angebot \u00e4ndert, wobei es ansonsten ja auch noch andere g\u00e4be, zur Not ggf. die Skistar-Karte wieder.<\/p>\n<p>Falls ich nicht via Finnland fahren m\u00f6chte, w\u00e4re eine etwas sp\u00e4tere Fahrt (also um oder nach Weihnachten) nach Schweden evtl. auch f\u00fcr den Besuch der kleinen Skih\u00fcgel im S\u00fcden interessant oder um ein paar im S\u00fcden Norwegens zu besuchen &#8211; aber zu der Jahreszeit dann halt auch wieder ziemlich sicher ohne Vollbetrieb und mit viel geschlossenen Liften\/Abfahrten usw &#8211; aber zu anderen Zeiten komm ich da ja sonst auch nicht hin.<\/p>\n<p>Nunja, ich wollte mir also so mit halber \u00dcberzeugung die Gopass-Saisonkarte kaufen. Mein Login funktionierte noch, aber beim Hinzf\u00fcgen der Saisonkarte auf meine vorhandene Gopass-Keycard kam ein Hinweis, dass ich ein Foto von mir hochladen m\u00fcsste. Bamm. Wo hab ich jetzt ein halbwegs aktuelles Foto von mir auf der Platte?<\/p>\n<p>Ich entschied, stattdessen an der Kasse zu fragen, ob man den Saisonpass hier auch direkt kaufen k\u00f6nnte -> was verneint wurde, das geht nur online.<\/p>\n<p>Gewisse Zeichen muss man deuten und ich deutete das, dass ich mir eben nicht die Gopass-Saisonkarte heuer kaufen sollte, also nahm ich die 30 \u20ac Tageskarte im Zuge der Topski-Saisonkarte. Ob ich morgen nochmals die 30 \u20ac ausgeben werde, ist zweifelhaft, denn \u00fcber Nacht ist Schnee und Regen gemeldet, was also sicherlich zu Pappschnee morgen f\u00fchren wird, insbesondere wenn man erst nach 11 Uhr raufkommen kann.<\/p>\n<p>Jedenfalls wurden damit nun auch einige andere Weichen gestellt: Ja, ich werd mir die kurze Hintertuxer-Sommersaisonkarte kaufen, nein, ich werd dann im Oktober\/November keine Saisonkarte haben, somit vielleicht nur 2-3 Tage mal M\u00f6lltal fahren, nein, ich werd nicht \u00fcbers Baltikum und Finnland nach Skandinavien rauffahren. Wann ich dann im Herbst\/Winter losfahren m\u00f6chte, weiss ich noch nicht, tendenziell schon eher im November mit Zwischenhalt in N\u00fcrnberg und wo sonsst noch.<\/p>\n<p>Die Halbtageskarte hier ab 11h kostet \u00fcbrigens fix 42 \u20ac, da gibts keine dynamischen Preise. Bis auf Alteck wieder die \u00fcblichen Lifte offen, auch der SL an der Mittelstation lief wieder, obwohl ja quasi nix los war. Leider war der bei  meiner ersten Mittelstationsabfahrt um kurz nach 12h schon wieder geschlossen, man sah keine einzige Spur. <\/p>\n<p>Leider schon mittags pappiger als gestern, \u00e4hnlich wie am Samstag, obwohl heut kein Neuschnee \u00fcber Nacht war und teilweise auch an anderen stellen bremsend, einige St\u00fccke waren aber auch nachmittags noch sch\u00f6n zu fahren.<\/p>\n<p>Ohne Saisonkarte hier k\u00f6nnte man, falls Wetter passt, ja am SA oder SO Kanin fahren. Da das von hier ca. gleich weit weg ist wie von mir daheim, w\u00fcrde in so einem Fall eine Heimfahrt nur die halben Kosten verursachen (M\u00f6lltal-daheim-M\u00f6lltal ca. 400km, M\u00f6lltal-Kanin-M\u00f6lltal ca. 300km, HR M\u00f6lltal-daheim-Kanin-M\u00f6lltal ca. 520km. <\/p>\n<p>Ob sich die eine Tal-Berg-Tal-4SB allerdings lohnt, wen ich um vielleicht ca. selben Preis hier am M\u00f6lltler fahren k\u00f6nnte, bleibt nat\u00fcrlch dahingestellt. Am 9.6.2019 war das damals ja was anderes, im Juni ist es offpiste viel sch\u00f6ner als es am Samstag werden wird, noch dazu mit dem ganzen Neuschnee, der f\u00fcr MI+DO gemeldet wird.<\/p>\n<p>Die DSB fuhr heute teilweise extra langsam, wenn keiner gefahren ist &#8211; Pech nur, wenn man gerade auf halber Strecke ist und dann wieder langsamer gestellt wird, weil die Liftler verschlafen haben. Immerhin bleibt sie nicht stehen wie damals an dem kurzen Seegruben-ESL auf der Nordkette, wo ich 2-3h warten musste, bis wieder ein Gast kam, der den Lift fahren wollte und ich dann endlich mal oben ankam&#8230;<\/p>\n<p><a href='http:\/\/ski.inmontanis.info\/d\/319536-2\/DSC05442.jpg'><img src=http:\/\/ski.inmontanis.info\/d\/319535-3\/DSC05442.jpg \/><\/a><br \/>\n^ Fast alle Hauben sind mehr oder weniger so zerkratzt. Sollen diese Deppen doch ihre Skibrillen so zerkratzen, wenn sie nicht rausschauen wollen.<\/p>\n<p><a href='http:\/\/ski.inmontanis.info\/d\/319540-2\/DSC05444.jpg'><img src=http:\/\/ski.inmontanis.info\/d\/319539-3\/DSC05444.jpg \/><\/a><br \/>\n^ Anders als an manch anderen Kriegsschaupl\u00e4tzen, werden hier derzeit die Kanonen abgebaut ;)<\/p>\n<p><a href='http:\/\/ski.inmontanis.info\/d\/319544-2\/ge2023-0508b.jpg'><img src=http:\/\/ski.inmontanis.info\/d\/319543-3\/ge2023-0508b.jpg \/><\/a><br \/>\n^ GPS-Track 2.-8.5.2023 Magenta, April in Blau (mit einer Verirrung an der 6EUB) und vorherige Besuche in Gelb<\/p>\n<p><a href='http:\/\/ski.inmontanis.info\/d\/319548-2\/ge202208b.jpg'><img src=http:\/\/ski.inmontanis.info\/d\/319547-3\/ge202208b.jpg \/><\/a><br \/>\n^ Gletscher-Sat-Bild von August 2022<\/p>\n<p><a href='http:\/\/ski.inmontanis.info\/d\/319552-2\/ge201508a.jpg'><img src=http:\/\/ski.inmontanis.info\/d\/319551-3\/ge201508a.jpg \/><\/a><br \/>\n^ Gletscher-Sat-Bild von August 2015<\/p>\n<p>Eine Antwort der epass24-Hotline kam auch endlich, auf englisch, aber von dem Sachbearbeiter, der zuletzt auf deutsch geantwortet hat, jedenfalls hat man mir nun mitgeteilt, dass die restliche Forderung storniert wurde&#8230; wenigstens ist das hoffentlich damit beendet. Man ist dieser Video\u00fcberwachungsmaut halt \u00fcberpr\u00fcfungslos ausgeliefert und w\u00fcnscht sich nur, dass man irgendwann im Winter mit genug Schnee oder Dreck auf beiden Kennzeichen mal nicht erkannt wird ;)<\/p>\n<p>Um 15:00 war ich anscheinend alleine im Skigebiet, ich probierte nochmals die schwarze Mittelstationsabfahrt, aber wieder st\u00e4rkerer Pappschnee, also fast wie \u00fcblich mit der SSB um 1530 runter.<\/p>\n<p>Ich kaufte mir mal wieder eine 2-Monatsvignette (29 \u20ac) und fuhr mal via Autobahn heim, das macht schneem\u00e4\u00dfig und wettervorhersagenm\u00e4\u00dfig die n\u00e4chsten Tage einfach keinen Sinn. Vielleicht am Samstag wieder, hier oder Kanin, aber nat\u00fcrlich nicht, wenn die Tage darauf wieder nur schlecht gemeldet wird. Trotzdem mal nur Sachen bis Freitag\/Samstag eingekauft.<\/p>\n<p>Daheim in der Wohnung k\u00fchle 14\u00b0 und weil ich mal wieder ein Kabel im Auto vergessen hatte, sah ich mir eine H\u00e4lfte von einer der DVDs an, die ich letzten Sommer im UK gekauft hab. Miese VHS-Qualit\u00e4t, aber schon etwas gesehen, was ich noch nie gesehen hatte: Eine Stra\u00dfenbahn, die nicht elektrisch (oder mit Dampf) fuhr, sondern mit Benzinmotor (bzw. sp\u00e4ter Dieselmotor) &#8211; schaut sehr ungew\u00f6hnlich aus, so eine Tram mit Abgasen vom Auspuff und Gangschaltung samt Kupplung. War in Karachi \/ Pakistan.<\/p>\n<p><a href='https:\/\/wiki.fibis.org\/w\/Karachi_Tramway'>https:\/\/wiki.fibis.org\/w\/Karachi_Tramway<\/a><\/p>\n<p><a href='https:\/\/www.youtube.com\/watch?v=QVnkS6Y8VVI'>https:\/\/www.youtube.com\/watch?v=QVnkS6Y8VVI<\/a><\/p>\n<p>Zum Ende der Wintersaisonkarte hab ich nicht nur meine Lebens-Ski-Statistik mal wieder aktualisiert, es kamen seit M\u00e4rz nochmals 4 neue Skigebiete hinzu, somit steh ich jetzt bei 711:<br \/>\n<a href='http:\/\/blog.inmontanis.info\/?p=8342'>http:\/\/blog.inmontanis.info\/?p=8342<\/a><\/p>\n<p>.. sondern hier auch ein paar erste Statistiken zu dieser Saison, die ja noch bis Ende September geht:<\/p>\n<p>&#8211; 104 Skitage in 29 Skigebieten auf der Topski &#8211; Saisonkarte (somit 3 Skitage mehr als letztes Jahr bei der Skistar-Karte)<br \/>\n&#8211; w\u00fcrde ich jetzt mit der Saison aufh\u00f6ren, h\u00e4tte ich heuer nur 1710,30 \u20ac f\u00fcr Skip\u00e4sse ausgegeben (11,71 pro Tag)<br \/>\n&#8211; bisher heuer 146 Skitage  (23 in IT, 17 in FR, 1 in CH), somit schon gleich viel wie letzte Saison (inkl. des schwachen Sommers)<br \/>\n&#8211; bisher heuer 66 Skigebiete (18 in IT, 16 in FR, 3 in CH)<\/p>\n<p>.. und ein paar Skitage sollen ja noch dazukommen ;) &#8211; in ca. 16 Skitagen soll mein 3.000 Skitag sein.<\/p>\n<p>In AT offen haben jetzt anscheinend noch: Stubaier Gletscher bis 21.5., Kaunertaler Gletscher bis 21.5., M\u00f6lltaler Gletscher bis 29.5., Kitzsteinhorn bis 29.5. und nat\u00fcrlich Hintertuxer Gletscher hoffentlich wieder den ganzen Sommer \u00fcber.<\/p>\n","protected":false},"excerpt":{"rendered":"<p>Mi, 3.5.2023<\/p>\n<p>Unvorteilhaftes Wetter heute am Gletscher, die Webcams zeigten Nebel und Schneefall, laut Plan nur EUB+SL in Betrieb, da st\u00f6rte es nicht, dass ich noch in Lienz einkaufte und erst sp\u00e4ter kam. Hab mir im Interspar mal eine K\u00e4sefleischk\u00e4ssemmel mitgenommen, wenn man &#8220;nicht-so-dick&#8221; verlangt, bekommt man ca 70g, weniger sollte es dann aber nicht <a href=\"http:\/\/blog.inmontanis.info\/?p=8799\">[&#8230;]<\/a><\/p>\n","protected":false},"author":1,"featured_media":8803,"comment_status":"closed","ping_status":"closed","sticky":false,"template":"","format":"standard","meta":{"footnotes":""},"categories":[199,13,27],"tags":[49,56,38],"class_list":["post-8799","post","type-post","status-publish","format-standard","has-post-thumbnail","hentry","category-molltaler-gletscher","category-austria","category-skifahren-winterskiing-winter","tag-4sb","tag-6sb","tag-dsb","odd"],"_links":{"self":[{"href":"http:\/\/blog.inmontanis.info\/index.php?rest_route=\/wp\/v2\/posts\/8799","targetHints":{"allow":["GET"]}}],"collection":[{"href":"http:\/\/blog.inmontanis.info\/index.php?rest_route=\/wp\/v2\/posts"}],"about":[{"href":"http:\/\/blog.inmontanis.info\/index.php?rest_route=\/wp\/v2\/types\/post"}],"author":[{"embeddable":true,"href":"http:\/\/blog.inmontanis.info\/index.php?rest_route=\/wp\/v2\/users\/1"}],"replies":[{"embeddable":true,"href":"http:\/\/blog.inmontanis.info\/index.php?rest_route=%2Fwp%2Fv2%2Fcomments&post=8799"}],"version-history":[{"count":6,"href":"http:\/\/blog.inmontanis.info\/index.php?rest_route=\/wp\/v2\/posts\/8799\/revisions"}],"predecessor-version":[{"id":8815,"href":"http:\/\/blog.inmontanis.info\/index.php?rest_route=\/wp\/v2\/posts\/8799\/revisions\/8815"}],"wp:featuredmedia":[{"embeddable":true,"href":"http:\/\/blog.inmontanis.info\/index.php?rest_route=\/wp\/v2\/media\/8803"}],"wp:attachment":[{"href":"http:\/\/blog.inmontanis.info\/index.php?rest_route=%2Fwp%2Fv2%2Fmedia&parent=8799"}],"wp:term":[{"taxonomy":"category","embeddable":true,"href":"http:\/\/blog.inmontanis.info\/index.php?rest_route=%2Fwp%2Fv2%2Fcategories&post=8799"},{"taxonomy":"post_tag","embeddable":true,"href":"http:\/\/blog.inmontanis.info\/index.php?rest_route=%2Fwp%2Fv2%2Ftags&post=8799"}],"curies":[{"name":"wp","href":"https:\/\/api.w.org\/{rel}","templated":true}]}}