{"id":8773,"date":"2023-04-25T21:26:33","date_gmt":"2023-04-25T19:26:33","guid":{"rendered":"http:\/\/blog.inmontanis.info\/?p=8773"},"modified":"2023-08-02T22:09:49","modified_gmt":"2023-08-02T20:09:49","slug":"la-clusaz-24-25-4-2023-nicht-macugnaga-23-4-2023","status":"publish","type":"post","link":"http:\/\/blog.inmontanis.info\/?p=8773","title":{"rendered":"La Clusaz, 24.+25.4.2023 &#8212; nicht: Macugnaga, 23.4.2023"},"content":{"rendered":"<p><strong>So, 23.4.2023<\/strong><\/p>\n<p>Die Nacht verlief nicht ungest\u00f6rt, zu warm (Minimum 20\u00b0 im Auto) und zu kurz bzw. noch k\u00fcrzer, weil ich aufs Klo musste. Und der sonnige Wetterbericht f\u00fcr Macu f\u00fcr heute ist mittlerweile auch verschwunden &#8211; die Webcam zeigte um 6:45 Nebel :(<\/p>\n<p>Was mir in Macu ja eigentlich prinzipbedingt gegen den Strich geht, dass es dort Parkgeb\u00fchren gibt, die vermutlich seit meinem letzten Besuch nochmals teurer geworden sind. Allerdings sind die Skip\u00e4sse etwas g\u00fcnstiger &#8211; Tageskarte 30 \u20ac an WE+Hochsaison,  HTK 25,-. Ob es momentan Erm\u00e4\u00dfigungen gibt (evtl. zumindest die g\u00fcnstigeren Unterderwochetarife), war nicht zu finden. Parken war glaub ich um die 4-5 \u20ac.<\/p>\n<p><a href='http:\/\/extra.inmontanis.info\/d\/99202-2\/DSC04838.jpg'><img src=http:\/\/extra.inmontanis.info\/d\/99201-3\/DSC04838.jpg \/><\/a><\/p>\n<p>In Macu dann zu fr\u00fch um 7:50 angekommen, regnete es etwas :( Soll ich mir hier heute nun enen Halbtagesskipass kaufen oder gleich wieder fahren?<\/p>\n<p>Die Wetterberichte waren wie \u00fcblich unterschiedlich zwischen Trocken, zwischendrin Auflockerung und ganztags Schneefall. Vielleicht h\u00e4tt ich mir den Abstecher nach Macu sparen sollen und gleich \u00fcber&#8217;n Simplon fahren sollen. Jetzt w\u00fcrde ich kein vern\u00fcnftiges, alternatives Ziel mehr zu einer vern\u00fcnftigen Zeit erreichen k\u00f6nnen. Wozu dann die kurze Nacht heute? Wozu gestern am fr\u00fchen Nachmittag weg und die weite Strecke bis hierher gefahren?<\/p>\n<p>Erst als ich mich zur Abfahrt entschloss, fuhr ich beim Rausfahren noch am Parkautomaten vorbei und sah mir das Schild an: Die sind nicht nur teurer geworden, die sind DOPPELT so teuer geworden. Anstatt 1\u20ac\/h und 4\u20ac\/Tag verlangen&#8217;s jetzt 2\u20ac\/h und 8\u20ac\/Tag!! Tja, Macu, dann war der Besuch heute hier doch sinnvoll, denn dann werden wir uns wohl nie wieder sehen. Damit ist auch eine eventuelle VCO-Saisonkarte ziemlich gestorben, weil neben Vigezzo w\u00e4re Macu ja mit ein Hauptgrund f\u00fcr diese Karte gewesen. <\/p>\n<p>Wie heisst&#8217;s so sch\u00f6n, mit jedem Tag steigt die Anzahl der Leute (oder auch: Skigebiete), die mich am Arsch lecken k\u00f6nnen. Andere V\u00e4ter haben auch sch\u00f6ne T\u00f6chter.<\/p>\n<p><a href='http:\/\/ski.inmontanis.info\/d\/318660-2\/DSC04840.jpg'><img src=http:\/\/ski.inmontanis.info\/d\/318659-3\/DSC04840.jpg \/><\/a><br \/>\n^ Der Parkplatz an der PB ist mittlerweile asphaltiert ..<\/p>\n<p><a href='http:\/\/ski.inmontanis.info\/d\/318664-2\/DSC04843.jpg'><img src=http:\/\/ski.inmontanis.info\/d\/318663-3\/DSC04843.jpg \/><\/a><br \/>\n^ .. kostet jetzt aber doppelt so viel wie fr\u00fcher, 8,- \u20ac am Tag statt 4,-. Bei einer Rauf\/Runterfahrt bekommt man anscheinend 2,- ersetzt laut Kleingedrucktem<\/p>\n<p>Ich checkte noch die \u00dcbernachtungsm\u00f6glichkeiten f\u00fcr heute Abend und die offenen P\u00e4sse, denn in der Schweiz hab ich ja dann wieder kein Internet. <\/p>\n<p>Am Simplon mal wieder mehrere Baustellen mit Ampeln, 3 raufw\u00e4rts, 1 runter (und sp\u00e4ter 2 richtung Chamonix). Bei 3\u00b0 oben, schneefreie Stra\u00dfe und leichter Regen und Nebel machte ich eine Pause und holte den Rest Pizza von gestern aus dem K\u00fchlschrank.<\/p>\n<p><a href='http:\/\/extra.inmontanis.info\/d\/99206-2\/DSC04849.jpg'><img src=http:\/\/extra.inmontanis.info\/d\/99205-3\/DSC04849.jpg \/><\/a><br \/>\n^ Schlucht zum Simplonpass<\/p>\n<p><a href='http:\/\/extra.inmontanis.info\/d\/99210-2\/DSC04855.jpg'><img src=http:\/\/extra.inmontanis.info\/d\/99209-3\/DSC04855.jpg \/><\/a><br \/>\n^ Simplon<\/p>\n<p><a href='http:\/\/extra.inmontanis.info\/d\/99214-2\/DSC04857.jpg'><img src=http:\/\/extra.inmontanis.info\/d\/99213-3\/DSC04857.jpg \/><\/a><br \/>\n^ Simplon, Skibar, dann stand hier wohl der SL fr\u00fcher<\/p>\n<p>Ein dickes Fragezeichen ist ja dann auch wieder die Heimfahrt bzw. zum M\u00f6lltaler. Wieder den Umweg \u00fcber Simplon und die m\u00fchsame Fahrt durchs Wallis, wenn man sich die CH-Vignette sparen will (lohnt sich aber ja nicht f\u00fcr ein ganzes Jahr f\u00fcr die 1-2 Fahrten jetzt*), wenn kein Zwischenstopp? Dann gleich wie im Winter via Centovalli-Lugano-Comersee? Wenn ich noch einen Tag nach Livigno kommen k\u00f6nnte, dann w\u00e4r das praktisch, ansonsten wohl eher nicht. Geplant w\u00e4ren ja jetzt einige Tage Clusaz, dann einige Tage Bonneval, evtl. Samstag eine der g\u00fcnstigen Samstag-Tageskarten zB. in La Plagne oder Les Arcs, aber ob ich dann noch in Tignes \/ Val d&#8217;Isere fahre bei dem Preis, bin ich mir noch nicht sicher&#8230;<\/p>\n<p>*) was mir gestern schon klar wurde: ich werd im Sommer garantiert nicht nach Tignes fahren. Erstens wegen der Fahrerei durch Italien und zweitens wegen der Hitze. die 20-22\u00b0 drau\u00dfen bei Sonne gestern, die eine fast dauerhafte Klimaanlagenaktivierung n\u00f6tig machte, sowie die warme Nacht, hatten mir schon wieder gereicht an Sommer ;)<\/p>\n<p><a href='http:\/\/extra.inmontanis.info\/d\/99218-2\/DSC04858.jpg'><img src=http:\/\/extra.inmontanis.info\/d\/99217-3\/DSC04858.jpg \/><\/a><br \/>\n^ (Ex-) Motel Transalpin, war mal mein Lieblingshotel in der Schweiz, da Autoparken direkt neben der Zimmert\u00fcr plus f\u00fcr CH g\u00fcnstige Halbpension. Mittlerweile schon viele Jahre geschlossen. <\/p>\n<p><a href='http:\/\/extra.inmontanis.info\/d\/99222-2\/DSC04861.jpg'><img src=http:\/\/extra.inmontanis.info\/d\/99221-3\/DSC04861.jpg \/><\/a><br \/>\n^ Mittlerweile sieht man in Frankreich mehr 25er Schilder als 45er Schilder ;-)<\/p>\n<p>In Frankreich noch einen Supermarkt besucht, etwas bescheuerter Weise 2 gek\u00fchlte Fertiggericht mitgenommen, obwohl ich die n\u00e4chsten Tage ja eigentlich wohl nicht sehr viel fahren werde.<\/p>\n<p><a href='http:\/\/extra.inmontanis.info\/d\/99226-2\/DSC04867.jpg'><img src=http:\/\/extra.inmontanis.info\/d\/99225-3\/DSC04867.jpg \/><\/a><br \/>\n^ Col des Aravis<\/p>\n<p>Kurz vor 17 Uhr kam ich am Aravis-Pass an, wo ich \u00fcbernachten wollte. Liegt auf ca. 1500m, yr.no meldete f\u00fcr nach Mitternacht Schneeregen. Ein \u00f6ffentliches Gratis-WC gibt&#8217;s hier oben am Pass auch.<\/p>\n<p>Hab mal testweise meinen &#8220;chinesischen Elektrokochtopf&#8221; dabei, anstelle meiner normalen Kochutensilien.  TK-Pizza geht damit nat\u00fcrlich  nicht, aber wohl auch sonst sollte man wohl besser nur w\u00e4ssrige Speisen reintun, denn andere scheinen schnell anzubrennen, bevor die Automatik das Ger\u00e4t abschaltet. Hatte glaub ich um die 500 oder 600W, was f\u00fcr so einen kleinen Kochtopf schon etwas viel ist. Im Vergleich zur Induktionskochplatte wird dadurch aber die Batterie weniger gestresst, denn das pulsiert ja immer mit 1000W. <\/p>\n<p>Wobei ich heute doch nur 2-3 Ah gebraucht hab f\u00fcr die Nems, die dann recht sch\u00f6n braun angebraten waren. <\/p>\n<p><a href='http:\/\/extra.inmontanis.info\/d\/99230-2\/DSC04868.jpg'><img src=http:\/\/extra.inmontanis.info\/d\/99229-3\/DSC04868.jpg \/><\/a><br \/>\n^ Keine Ahnung, ob die Portionen geschrumpft sind, aber mit 280g reicht die Portion links nicht mehr f\u00fcr eine Mahlzeit<\/p>\n<p><a href='http:\/\/extra.inmontanis.info\/d\/99234-2\/DSC04982.jpg'><img src=http:\/\/extra.inmontanis.info\/d\/99233-3\/DSC04982.jpg \/><\/a><br \/>\n^ Noch nie einen Kochtopf so sch\u00f6n Dampf blasen sehen (Bild vom n\u00e4chsten Tag, wo ich das Fertiggericht mit der So\u00dfe gemacht hab).<\/p>\n<p>Kurz vor und nach meiner Ankunft am Pass kr\u00e4ftiger Regen, Sturm inklusive. Na hoffentlich wird da a) der Schneeregen die Nacht \/ morgen fr\u00fch nicht zu viel Schnee geben und b) durch den Regen und Sturm die Stra\u00dfe nicht irgendwo unpassierbar oder gesperrt &#8211; sonst k\u00e4m ich morgen auch nicht zum Ski fahren ..<\/p>\n<p>Falls ich zum Skifahren kommen sollte, wird das sicherlich wieder ein sehr nerviger Schnee werden &#8211; und garantiert nicht das, was ich mir nun gewunschen h\u00e4tte f\u00fcr die paar Tage hier, Sonne, Firn, Fr\u00fchling. Ich h\u00e4tt&#8217;s nicht machen sollen. Ich werd so&#8217;was in Zukunft auch nicht mehr machen. Jedenfalls nicht nach Italien und Frankreich, wo mir die Skigebiete mehr und mehr auf den Zeiger gehen und man diese m\u00fchsamen und\/oder mautm\u00e4\u00dfig teuren Verbindungen hat. <\/p>\n<p><strong>Mo, 24.4.2023<\/strong><\/p>\n<p>Obwohl ich vor einigen Tagen auf der Website von La Clusaz gelesen hab, dass sie kompatible Skidata-Keycards aufladen, hab ich genau so eine Keycard von La Clusaz, laut meinen Berichten musste ich die am 22.12.2013 kaufen, weil keine meiner Keycards akzeptiert wurde. Ich hab keine Ahnung ob ich die seitdem verwendet hab (aufgedruckt wurde nie was), ob die noch geht oder ob diese unverwendeten Keycards nach einer gewissen Zeit (vom globalen Skidata-System her) gesperrt werden ..<\/p>\n<p>Morgens lag dann zum Gl\u00fcck doch kein Schnee hier oben. Ich fuhr also zur Balme-EUB, Parkpl\u00e4tze noch gratis, aber man darf nur max. 24h stehen. Um 7:40 Regen, aber die EUB fuhr bereits, wobei sie ja erst ab 9 Uhr offen sein soll. Je nach Wettervorhersage soll es auch halbwes sonnig heut noch werden. Oder weiterregnen. Morgen gleich. Ich glaub, ich fahr wieder heim :(<\/p>\n<p>Lawinensprengungen gab&#8217;s morgens auch. Punkt 9 dann trocken und man sah auch mal Lifte weiter oben. Hab mir dann um 9:30 freigenommen, nicht weil es hier so viele Pisten g\u00e4be oder das Wetter so toll w\u00e4re oder ich annehmen w\u00fcrde, dass der Schnee so geil w\u00e4re, aber damit sich der Skitag nach der langen Fahrt lohnt..<\/p>\n<p>Ich kaufte also noch den Skipass im Internet, da ich ja nicht wusste, ob der 26\u20ac-Preis auch an den Kassen gilt. Ging ausnahmsweise mal ohne diese zu\u00e4stzliche Mobile-Tan und Verified-by-Visa oder wie anderswo h\u00e4ufig vorherige Best\u00e4tigung der EMail-Adresse und ggf. das noch per SIM-Code oder so, sondern alles altmodisch-easy.<\/p>\n<p>Mehr Autos als erwartet hier und auch mit dem Skibus kamen die Leute. Bei dem Wetter!? <\/p>\n<p>Keycard funktionierte, aber kaum in der Steh-Gondel gewesen, wieder starker Regen. Nat\u00fcrlich kam heut auf den Sesselliften wieder mein russissches Sitzpolster zum Einsatz. So eine verfickte Schei\u00dfe. Jedesmal diese Wetterverarsche. An der Bergstation der EUB (Mittelstation lt Angabe ca. 1900m) schneite es stark und nass, die Sessel ja frankreichtypisch weder runtergeklappt noch vom Liftpersonal gereinigt, trotz meines Sitzpolsters also nicht ganz trocken sitzen k\u00f6nnen, zum SL rechts stand ein Sperrschild mitten in der Zufahrt (wie sich sp\u00e4ter rausstellte, galt da aber f\u00fcr die Talabfahrt vom SL aus, nicht f\u00fcr den SL selbst, was stelt man das dann mitten in den Weg?!), daher doch ins Tal gefahren und mittlerweile pistschnass gewesen, so nass war ich diese Saison noch nie :(<\/p>\n<p>Da ich keinen Selbversorgeraum gefunden hab, wartete ich halt auf dem WC etwas ab, etwas trockner zu werden und dass es wieder aufh\u00f6rt. Jaja, das h\u00e4tte ich mir mal wieder sparen k\u00f6nnen, um 9:30 frei zu nehmen &#8211; und nat\u00fcrlich ebenso den kompletten Ausflug hier her. Never again. Sag ich jedesmal, dass ich nie wieder wegen irgendwelcher besserer Wettervorhersagen wo anders hinfahren werde und machs trotzdem jedesmal wieder :(<\/p>\n<p>W\u00e4hrend die nassen Sesselliftsitze also vom Liftpersonal ignoriert werden, beobachtete ich einen, der an der Talstation am Zugang mit so einem Gummilippenabstreifer den leicht schneematschigen Betonboden trocken wischte. Der Boden ist also wichtiger als die Kunden. Die Kunden gehen wieder, der Boden bleibt, oder wie?!<\/p>\n<p><a href='http:\/\/ski.inmontanis.info\/d\/318468-2\/DSC04873.jpg'><img src=http:\/\/ski.inmontanis.info\/d\/318467-3\/DSC04873.jpg \/><\/a><br \/>\n^ Recht voller Parkplatz f\u00fcr das Sauwetter heute. Und mit Skibus kamen auch einige<\/p>\n<p><a href='http:\/\/ski.inmontanis.info\/d\/318472-2\/DSC04874.jpg'><img src=http:\/\/ski.inmontanis.info\/d\/318471-3\/DSC04874.jpg \/><\/a><br \/>\n^ Die Faulheit franz\u00f6sischer Liftler im Hinblick auf Sesselreinigung oder Hochklappen bei oder nach Regen und Schnee ist nervig<\/p>\n<p><a href='http:\/\/ski.inmontanis.info\/d\/318476-2\/DSC04877.jpg'><img src=http:\/\/ski.inmontanis.info\/d\/318475-3\/DSC04877.jpg \/><\/a><br \/>\n^ Wer\/Was mit welchem Lift fahren darf<\/p>\n<p><a href='http:\/\/ski.inmontanis.info\/d\/318480-2\/DSC04878.jpg'><img src=http:\/\/ski.inmontanis.info\/d\/318479-3\/DSC04878.jpg \/><\/a><br \/>\n^ Bergstation der 12EUB<\/p>\n<p><a href='http:\/\/ski.inmontanis.info\/d\/318484-2\/DSC04879.jpg'><img src=http:\/\/ski.inmontanis.info\/d\/318483-3\/DSC04879.jpg \/><\/a><br \/>\n^ .. und die Daten der EUB<\/p>\n<p><a href='http:\/\/ski.inmontanis.info\/d\/318488-2\/DSC04892.jpg'><img src=http:\/\/ski.inmontanis.info\/d\/318487-3\/DSC04892.jpg \/><\/a><br \/>\n^ Talabfahrt, da ist nur eine offen, die anderen haben zu wenig Schnee, waren vielleicht nie alle offen heuer.<\/p>\n<p><a href='http:\/\/ski.inmontanis.info\/d\/318492-2\/DSC04894.jpg'><img src=http:\/\/ski.inmontanis.info\/d\/318491-3\/DSC04894.jpg \/><\/a><br \/>\n^ Talabfahrt<\/p>\n<p><a href='http:\/\/ski.inmontanis.info\/d\/318496-2\/DSC04896.jpg'><img src=http:\/\/ski.inmontanis.info\/d\/318495-3\/DSC04896.jpg \/><\/a><br \/>\n^ Ugew\u00f6hnliches Teil, was da an die Seilbahn geh\u00e4ngt werden kann<\/p>\n<p><a href='http:\/\/ski.inmontanis.info\/d\/318500-2\/DSC04897.jpg'><img src=http:\/\/ski.inmontanis.info\/d\/318499-3\/DSC04897.jpg \/><\/a><br \/>\n^ 12EUB Balme<\/p>\n<p><a href='http:\/\/ski.inmontanis.info\/d\/318504-2\/DSC04898.jpg'><img src=http:\/\/ski.inmontanis.info\/d\/318503-3\/DSC04898.jpg \/><\/a><br \/>\n^ Wer da beim Schlie\u00dfen des B\u00fcgels nicht h\u00f6llisch aufpasst, kann sich ein neues Knie kaufen<\/p>\n<p><a href='http:\/\/ski.inmontanis.info\/d\/318508-2\/DSC04909.jpg'><img src=http:\/\/ski.inmontanis.info\/d\/318507-3\/DSC04909.jpg \/><\/a><br \/>\n^ SL Torchere und steiler Blick ins Tal, vielleicht ist das sogar sch\u00f6ner mit dem Nebel bzw. den Wolken, weil das den Fokus auf das gr\u00fcne Tal lenkt und man die umliegenden Berge gar nicht sieht?<\/p>\n<p><a href='http:\/\/ski.inmontanis.info\/d\/318512-2\/DSC04911.jpg'><img src=http:\/\/ski.inmontanis.info\/d\/318511-3\/DSC04911.jpg \/><\/a><br \/>\n^ SL Torchere<\/p>\n<p><a href='http:\/\/ski.inmontanis.info\/d\/318516-2\/DSC04915.jpg'><img src=http:\/\/ski.inmontanis.info\/d\/318515-3\/DSC04915.jpg \/><\/a><br \/>\n^ Blick in eine Scharte links vom SL Trochere, der in Bildmitte zu sehen ist. Es gibt Skigebiete, da w\u00e4re in die Scharte rauf auch ein Lift gebaut worden ;)<\/p>\n<p><a href='http:\/\/ski.inmontanis.info\/d\/318520-2\/DSC04920.jpg'><img src=http:\/\/ski.inmontanis.info\/d\/318519-3\/DSC04920.jpg \/><\/a><br \/>\n^ SL Torchere<\/p>\n<p><a href='http:\/\/ski.inmontanis.info\/d\/318524-2\/DSC04921.jpg'><img src=http:\/\/ski.inmontanis.info\/d\/318523-3\/DSC04921.jpg \/><\/a><br \/>\n^ 4SB Col de Balme<\/p>\n<p><a href='http:\/\/ski.inmontanis.info\/d\/318528-2\/DSC04923.jpg'><img src=http:\/\/ski.inmontanis.info\/d\/318527-3\/DSC04923.jpg \/><\/a><br \/>\n^ 3SB Bergerie, 4SB Col de Balme und 12EUB und wieder dieser geniale steile Tiefblick ins gr\u00fcne Tal<\/p>\n<p><a href='http:\/\/ski.inmontanis.info\/d\/318532-2\/DSC04926.jpg'><img src=http:\/\/ski.inmontanis.info\/d\/318531-3\/DSC04926.jpg \/><\/a><br \/>\n^ Auch ungew\u00f6hnlich, dass die Kabinen nicht direkt garagiert werden, sondern in so einen Halter geh\u00e4ngt werden<\/p>\n<p><a href='http:\/\/ski.inmontanis.info\/d\/318536-2\/DSC05238.jpg'><img src=http:\/\/ski.inmontanis.info\/d\/318535-3\/DSC05238.jpg \/><\/a><br \/>\n^ SL Torchere von der rechten Abfahrt an ihrem sch\u00f6nsten St\u00fcck (IR)<\/p>\n<p><a href='http:\/\/ski.inmontanis.info\/d\/318540-2\/DSC04929.jpg'><img src=http:\/\/ski.inmontanis.info\/d\/318539-3\/DSC04929.jpg \/><\/a><br \/>\n^ SL Torchere und Talblick<\/p>\n<p><a href='http:\/\/ski.inmontanis.info\/d\/318548-2\/DSC05250.jpg'><img src=http:\/\/ski.inmontanis.info\/d\/318547-3\/DSC05250.jpg \/><\/a><br \/>\n^ SL Torchere und Talblick in IR<\/p>\n<p><a href='http:\/\/ski.inmontanis.info\/d\/318544-2\/DSC04932.jpg'><img src=http:\/\/ski.inmontanis.info\/d\/318543-3\/DSC04932.jpg \/><\/a><br \/>\n^ SL Torchere und Talblick<\/p>\n<p><a href='http:\/\/ski.inmontanis.info\/d\/318552-2\/DSC04933.jpg'><img src=http:\/\/ski.inmontanis.info\/d\/318551-3\/DSC04933.jpg \/><\/a><br \/>\n^ SL Torchere; die rechte Abfahrt wurde morgens nur im oberen Bereich pr\u00e4pariert, unten war sie dann quasi Tiefschnee &#8211; und ging fast besser zu fahren als dann am n\u00e4chsten Tag pr\u00e4pariert, auch wenn der Schnee heute weich und schwer war<\/p>\n<p><a href='http:\/\/ski.inmontanis.info\/d\/318556-2\/DSC04939.jpg'><img src=http:\/\/ski.inmontanis.info\/d\/318555-3\/DSC04939.jpg \/><\/a><br \/>\n^ 12EUB Balme<\/p>\n<p><a href='http:\/\/ski.inmontanis.info\/d\/318560-2\/DSC04941.jpg'><img src=http:\/\/ski.inmontanis.info\/d\/318559-3\/DSC04941.jpg \/><\/a><br \/>\n^ Blick ins Tal mit Talabfahrt<\/p>\n<p><a href='http:\/\/ski.inmontanis.info\/d\/318564-2\/DSC04943.jpg'><img src=http:\/\/ski.inmontanis.info\/d\/318563-3\/DSC04943.jpg \/><\/a><br \/>\n^ Abfahrt an der 4SB Col de Balme<\/p>\n<p><a href='http:\/\/ski.inmontanis.info\/d\/318568-2\/DSC05257.jpg'><img src=http:\/\/ski.inmontanis.info\/d\/318567-3\/DSC05257.jpg \/><\/a><br \/>\n^ IR-Pano ins Tal mit 4SB rechts und 3SB mittig-links unten<\/p>\n<p><a href='http:\/\/ski.inmontanis.info\/d\/318572-2\/DSC05258.jpg'><img src=http:\/\/ski.inmontanis.info\/d\/318571-3\/DSC05258.jpg \/><\/a><br \/>\n^ IR-Pano ins Tal mit 4SB<\/p>\n<p><a href='http:\/\/ski.inmontanis.info\/d\/318576-2\/DSC04944.jpg'><img src=http:\/\/ski.inmontanis.info\/d\/318575-3\/DSC04944.jpg \/><\/a><br \/>\n^ 3SB Bergerie<\/p>\n<p><a href='http:\/\/ski.inmontanis.info\/d\/318580-2\/DSC04946.jpg'><img src=http:\/\/ski.inmontanis.info\/d\/318579-3\/DSC04946.jpg \/><\/a><br \/>\n^ SL Torchere<\/p>\n<p><a href='http:\/\/ski.inmontanis.info\/d\/318584-2\/DSC04947.jpg'><img src=http:\/\/ski.inmontanis.info\/d\/318583-3\/DSC04947.jpg \/><\/a><br \/>\n^ SL Torchere<\/p>\n<p><a href='http:\/\/ski.inmontanis.info\/d\/318588-2\/DSC04948.jpg'><img src=http:\/\/ski.inmontanis.info\/d\/318587-3\/DSC04948.jpg \/><\/a><br \/>\n^ Wer hat denn da ein Ei gelegt ;)<\/p>\n<p>Der Schnee auf den heute fr\u00fch pr\u00e4parierten Pisten oben an den Sesselliften ging aber gutzu fahren (wobei eine pr\u00e4parierte leider gesperrt war), die unpr\u00e4parierten waren schneell aufgefahren und pappiger, nach ca. 14\/14:30 im unteren Bereich der Sessellifte auch pappig.<\/p>\n<p>Aber, aber, aber &#8230; landschaftlich, wenn man mal was sieht, schon sehr geil eigentlich. Nach der anf\u00e4nglichen Genervtheit gefiel es mir doch noch ganz gut &#8211; den sch\u00f6nen Tiefblicken ins gr\u00fcne Tal und der steilen Felsen neben den Pisten (und dem interessanten SL) sei dank. Kann man morgen nochmals fahren.<\/p>\n<p>MI\/DO wollt ich dann eh Bonneval fahren wg Wettervorhersagen. Wobei man sich auch mal Meribel in den 3V anschauen k\u00f6nnte, da die Tageskarte mit 42,70 \u20ac in der letzten Woche noch gerade so akzeptabel w\u00e4re. Wetterm\u00e4\u00dfig aber morgen nicht sinnvoll. Wird noch weniger sonnig gemeldet als hier. Vielleicht \u00e4ndert sich das Wetter f\u00fcr Freitag noch. Hier in Clusaz w\u00e4r ja im Gegensatz zu Bonneval\/Meribel\/Plagne\/Arcs auch noch am 30.4. und 1.5. offen, wo ich nochmals her k\u00f6nnte statt morgen.<\/p>\n<p><strong>Di, 25.4.2023<\/strong><\/p>\n<p>Im Laufe der Nacht fing es wieder zu regnen an, morgens auch etwas Graupel bzw. Schneeregen auf 1300m. Hin und wieder auch tr\u00fcgerisch trocken, bevor es dann wieder anfing, so nat\u00fcrlich auch um 9:40, als ich gerade den Skipass gekauft bzw. wieder aufgeladen hatte. Dann wieder Regenpause bis zu dem Zeitpunkt, wo ich angezogen h\u00e4tte aussteigen wollen. <\/p>\n<p>Laut Schneebericht hier soll heute auch die linke Abfahrt an der 4SB offen sein. War sp\u00e4ter oben aber doch abgesperrt, obwohl es auf dem Plan gr\u00fcn blieb. Irgendwann bin ich sie gefahren und genau danach war auch die Absperrung weg.<\/p>\n<p>Wenn ich mir die Wettervorhersagen f\u00fcr M\u00f6lltal auf Bergfex bis inkl. 3.5. heut fr\u00fch anschau, dann ist da mal wieder jeden Tag bew\u00f6lkt oder Schneefall angesagt. Da k\u00f6nnt ich vielleicht doch noch etwas mehr Gl\u00fcck haben die n\u00e4chsten beiden Tage hier.<\/p>\n<p>Vormittags oben dichter Nebel und daher unspa\u00dfig, obwohl Schnee gut, Talabfahrt unspa\u00dfig, weil Schnee anstrengend und teils pappig, aber wenigstens mehr Sicht und kein Regen.<\/p>\n<p><a href='http:\/\/ski.inmontanis.info\/d\/318592-2\/DSC04992.jpg'><img src=http:\/\/ski.inmontanis.info\/d\/318591-3\/DSC04992.jpg \/><\/a><br \/>\n^ Tal-KSSL Etrivaz erschlie\u00dft den untersten Teil der Talabfahrt &#8211; und ist auch nicht in ganzer L\u00e4nge offen.  Bin ich an beiden Tagen nicht gefahren<\/p>\n<p><a href='http:\/\/ski.inmontanis.info\/d\/318596-2\/DSC04994.jpg'><img src=http:\/\/ski.inmontanis.info\/d\/318595-3\/DSC04994.jpg \/><\/a><br \/>\n^ Verkrustungen heute an den 4SB-Sitzen<\/p>\n<p><a href='http:\/\/ski.inmontanis.info\/d\/318600-2\/DSC04996.jpg'><img src=http:\/\/ski.inmontanis.info\/d\/318599-3\/DSC04996.jpg \/><\/a><br \/>\n^ Alte Fundamente unter der 12EUB<\/p>\n<p><a href='http:\/\/ski.inmontanis.info\/d\/318604-2\/DSC05001.jpg'><img src=http:\/\/ski.inmontanis.info\/d\/318603-3\/DSC05001.jpg \/><\/a><br \/>\n^ Ulkig, die unterschiedliche Meinung in den unterschiedlichen Sprachen ;)<\/p>\n<p>Auf Franz\u00f6sisch wird vor felsigen Riegeln, also vor Felsriegeln gewarnt<\/p>\n<p>Englisch wird schon zweideutiger, vielleicht k\u00f6nnten da auch die Felsriegel gemeint sein, vielleicht Bars, in denen Rockmusik gespielt wird, vielleicht irgendwelche S\u00fc\u00dfigkeitenriegel ..<\/p>\n<p>Deutsch ist mal eindeutig (abgesehen vom falschen H), dass hier vor einer Rock-Bar gewarnt wird. Ja, da muss man aufpassen, gewaltt\u00e4tige, betrunkene Rocker, Bierdosen im Schnee, laute Musik usw. ;)<\/p>\n<p>Italienisch wirds noch alberner, denn entweder ist die Rock-Bar geschlossen oder der Weg dort hin wegen der Rock-Bar ;-)<\/p>\n<p><a href='http:\/\/ski.inmontanis.info\/d\/318608-2\/DSC05005.jpg'><img src=http:\/\/ski.inmontanis.info\/d\/318607-3\/DSC05005.jpg \/><\/a><br \/>\n^ SL Torchere rechte Abfahrt<\/p>\n<p><a href='http:\/\/ski.inmontanis.info\/d\/318612-2\/DSC05006.jpg'><img src=http:\/\/ski.inmontanis.info\/d\/318611-3\/DSC05006.jpg \/><\/a><br \/>\n^ SL Torchere von der rechten Abfahrt an ihrem sch\u00f6nsten St\u00fcck<\/p>\n<p><a href='http:\/\/ski.inmontanis.info\/d\/318616-2\/DSC05012.jpg'><img src=http:\/\/ski.inmontanis.info\/d\/318615-3\/DSC05012.jpg \/><\/a><br \/>\n^ 4SB Col de Balme<\/p>\n<p><a href='http:\/\/ski.inmontanis.info\/d\/318620-2\/DSC05013.jpg'><img src=http:\/\/ski.inmontanis.info\/d\/318619-3\/DSC05013.jpg \/><\/a><br \/>\n^ 3SB Bergerie, dahinter liegt der SL Torchere<\/p>\n<p><a href='http:\/\/ski.inmontanis.info\/d\/318624-2\/DSC05015.jpg'><img src=http:\/\/ski.inmontanis.info\/d\/318623-3\/DSC05015.jpg \/><\/a><br \/>\n^ Endlich mal sieht man bisschen was von der Aussichtsplattform an der Bergstation der 4SB Col de Balme<\/p>\n<p><a href='http:\/\/ski.inmontanis.info\/d\/318628-2\/DSC05018.jpg'><img src=http:\/\/ski.inmontanis.info\/d\/318627-3\/DSC05018.jpg \/><\/a><br \/>\n^ .. wenn auch nicht r\u00fcber zum Mont Blanc, aber immerhin ein steiler Blick ins r\u00fcckseitige Tal<\/p>\n<p><a href='http:\/\/ski.inmontanis.info\/d\/318632-2\/DSC05020.jpg'><img src=http:\/\/ski.inmontanis.info\/d\/318631-3\/DSC05020.jpg \/><\/a><br \/>\n^ Aussichtsplattform<\/p>\n<p><a href='http:\/\/ski.inmontanis.info\/d\/318636-2\/DSC05021.jpg'><img src=http:\/\/ski.inmontanis.info\/d\/318635-3\/DSC05021.jpg \/><\/a><br \/>\n^ So k\u00f6nnte das Panorama sein, wenn das Wetter wollte<\/p>\n<p><a href='http:\/\/ski.inmontanis.info\/d\/318640-2\/DSC05023.jpg'><img src=http:\/\/ski.inmontanis.info\/d\/318639-3\/DSC05023.jpg \/><\/a><br \/>\n^ Linke Abfahrt 4SB Col de Balme, liegt auch nett<\/p>\n<p><a href='http:\/\/ski.inmontanis.info\/d\/318644-2\/DSC05024.jpg'><img src=http:\/\/ski.inmontanis.info\/d\/318643-3\/DSC05024.jpg \/><\/a><br \/>\n^ Mittlere Abfahrt 4SB Col de Balme<\/p>\n<p><a href='http:\/\/ski.inmontanis.info\/d\/318648-2\/DSC05029.jpg'><img src=http:\/\/ski.inmontanis.info\/d\/318647-3\/DSC05029.jpg \/><\/a><br \/>\n^ An der 5m-Schneeh\u00f6henmessstange nahe Bergstation SL Torchere liegen nun 310cm<\/p>\n<p><a href='http:\/\/ski.inmontanis.info\/d\/318652-2\/DSC05030.jpg'><img src=http:\/\/ski.inmontanis.info\/d\/318651-3\/DSC05030.jpg \/><\/a><br \/>\n^ Linke Abfahrt 4SB Col de Balme<\/p>\n<p><a href='http:\/\/ski.inmontanis.info\/d\/318656-2\/ge2023042425c.jpg'><img src=http:\/\/ski.inmontanis.info\/d\/318655-3\/ge2023042425c.jpg \/><\/a><br \/>\n^ GPS-Track 24. und 25.4.2023 in Gelb+Orange links (Balme-Sektor); vorherige Besuche in T\u00fcrkis<\/p>\n<p>Bin bis 15:30 geblieben und nat\u00fcrlich wurde ich vom Wetter nochmals verarscht, weil es, nachdem es ca. 1h wieder neblig war und leicht geschneit hatte, nun doch nochmals sonnig geworden w\u00e4re. Naja, hielt auch wieder nur kurz an.<\/p>\n<p>Jedenfalls w\u00fcrd ich gern nochmals bei besserem Wetter bis 1.5. hier vorbei schauen. <\/p>\n<p>An Albertville bin ich wieder nur vorbei gefahren &#8211; keine Lust auf gro\u00dfe Einkaufszentren gehabt, auch keine Lust auf Buffalo Grill, der aber Uhrzeitm\u00e4\u00dfig eh noch geschlossen gewesen w\u00e4re. Bin ja fr\u00fcher recht gern in die Restaurantketten Buffalo Grill und La Pataterie gegangen.  Letztere hat wohl die letzten 3 Corona-Jahre einige Standorte eingeb\u00fc\u00dft, das in Alberville ist nicht mehr und lt. GMaps sind auch einige im Umkreis dauerhaft geschlossen. Schade, weil jetzt in der heurigen Sommerkarte h\u00e4ttens wieder was, was mich interessieren t\u00e4te. <\/p>\n<p><a href='http:\/\/extra.inmontanis.info\/d\/99238-2\/DSC05035.jpg'><img src=http:\/\/extra.inmontanis.info\/d\/99237-3\/DSC05035.jpg \/><\/a><br \/>\n^ Fels, erinnert an die, die ich in Norwegen letztens als &#8220;Kackhaufen aussehend&#8221; beschrieben hatte <\/p>\n<p>Hab noch einen Supermarkt besucht und um 20 Uhr meinen Nachtplatz erreicht, ca. 1h vor Bonneval. In franz\u00f6sischen Superm\u00e4rkten gibt&#8217;s ja sowieso viel mehr Fertiggerichte als bei uns, auch tiefgek\u00fchlte Kartoffelpfannen und gew\u00fcrfelte Kartoffeln (gibts bei uns leider auch nicht), ein paar derartige Kartoffel- und Fischprodukte gibts von Findus, der ja in Schweden einer der beiden Haupt-Tiefk\u00fchl-Fertiggericht-Produzenten ist und dort viele leckere Speisen hat. Hier gibt&#8217;s aber noch keine solche 1-Portions-Fertiggerichte.<\/p>\n<p>Ich nahm also mal so tiefgek\u00fchlte Kartoffelw\u00fcrfel mit und kochte ca. die halbe Packung, erg\u00e4nzt mit Rohschinken und K\u00e4se(scheiben), die ich mir auch zum Brotbelegen mitgenommen hatte. Das dauert nat\u00fcrlich etwas l\u00e4nger und braucht somit mehr Strom, warum hab ich das nicht im Winter gemacht? Irgendwie nicht gesehen ..<\/p>\n","protected":false},"excerpt":{"rendered":"<p>So, 23.4.2023<\/p>\n<p>Die Nacht verlief nicht ungest\u00f6rt, zu warm (Minimum 20\u00b0 im Auto) und zu kurz bzw. noch k\u00fcrzer, weil ich aufs Klo musste. Und der sonnige Wetterbericht f\u00fcr Macu f\u00fcr heute ist mittlerweile auch verschwunden &#8211; die Webcam zeigte um 6:45 Nebel :(<\/p>\n<p>Was mir in Macu ja eigentlich prinzipbedingt gegen den Strich geht, <a href=\"http:\/\/blog.inmontanis.info\/?p=8773\">[&#8230;]<\/a><\/p>\n","protected":false},"author":1,"featured_media":8776,"comment_status":"closed","ping_status":"closed","sticky":false,"template":"","format":"standard","meta":{"footnotes":""},"categories":[243,16,15,465,27],"tags":[55,49,90,45,47],"class_list":["post-8773","post","type-post","status-publish","format-standard","has-post-thumbnail","hentry","category-clusaz","category-france","category-italienitaly","category-macugnaga","category-skifahren-winterskiing-winter","tag-3sb","tag-4sb","tag-infrarot","tag-see","tag-sl","odd"],"_links":{"self":[{"href":"http:\/\/blog.inmontanis.info\/index.php?rest_route=\/wp\/v2\/posts\/8773","targetHints":{"allow":["GET"]}}],"collection":[{"href":"http:\/\/blog.inmontanis.info\/index.php?rest_route=\/wp\/v2\/posts"}],"about":[{"href":"http:\/\/blog.inmontanis.info\/index.php?rest_route=\/wp\/v2\/types\/post"}],"author":[{"embeddable":true,"href":"http:\/\/blog.inmontanis.info\/index.php?rest_route=\/wp\/v2\/users\/1"}],"replies":[{"embeddable":true,"href":"http:\/\/blog.inmontanis.info\/index.php?rest_route=%2Fwp%2Fv2%2Fcomments&post=8773"}],"version-history":[{"count":3,"href":"http:\/\/blog.inmontanis.info\/index.php?rest_route=\/wp\/v2\/posts\/8773\/revisions"}],"predecessor-version":[{"id":8778,"href":"http:\/\/blog.inmontanis.info\/index.php?rest_route=\/wp\/v2\/posts\/8773\/revisions\/8778"}],"wp:featuredmedia":[{"embeddable":true,"href":"http:\/\/blog.inmontanis.info\/index.php?rest_route=\/wp\/v2\/media\/8776"}],"wp:attachment":[{"href":"http:\/\/blog.inmontanis.info\/index.php?rest_route=%2Fwp%2Fv2%2Fmedia&parent=8773"}],"wp:term":[{"taxonomy":"category","embeddable":true,"href":"http:\/\/blog.inmontanis.info\/index.php?rest_route=%2Fwp%2Fv2%2Fcategories&post=8773"},{"taxonomy":"post_tag","embeddable":true,"href":"http:\/\/blog.inmontanis.info\/index.php?rest_route=%2Fwp%2Fv2%2Ftags&post=8773"}],"curies":[{"name":"wp","href":"https:\/\/api.w.org\/{rel}","templated":true}]}}