{"id":8764,"date":"2023-04-17T20:35:42","date_gmt":"2023-04-17T18:35:42","guid":{"rendered":"http:\/\/blog.inmontanis.info\/?p=8764"},"modified":"2023-04-18T20:53:23","modified_gmt":"2023-04-18T18:53:23","slug":"turracher-hohe-16-17-4-2023-unfruhlingshaft-deppenmagnet-und-wohin-danach","status":"publish","type":"post","link":"http:\/\/blog.inmontanis.info\/?p=8764","title":{"rendered":"Turracher H\u00f6he, 16.+17.4.2023 &#8212; Unfr\u00fchlingshaft, Deppenmagnet &#8211; und wohin danach?"},"content":{"rendered":"<p><strong>So, 16.4.2023<\/strong><\/p>\n<p>W\u00e4hrend unten im Tal die Sonne schien, fing es auf der Passstra\u00dfe zur Turracherh\u00f6he zum Schneien an, oben dann ebenfalls leichter Schneefall. Ich blieb diesmal an der Kombibahn stehen.<\/p>\n<p>Aufl\u00f6sung zum gestrigen Campingplatz-Thema: die Mobilheime haben eine Schlafkammer und K\u00fcche\/Wohnbereich, aber keine WCs. <\/p>\n<p>Billa \u00fcbrigens nun nicht mehr sonntags offen. In Klagenfurt hab ich die letzten Tage in einem Supermarkt tats\u00e4chlich mal wieder so eine dumme junge deutsche Studentin mit FFP2-Maske gesehen. \u00dcberhaupt h\u00f6rt man in Klagenfurt fast nur hochdeutsch. Das zur Erg\u00e4nzung vom letzten Bericht.<\/p>\n<p>Da die Kornock-6KSB ja morgen auch noch l\u00e4uft, sollte ich die heute also auslassen. Leider hielten die Betreiber es f\u00fcr n\u00f6tig, die Leute zu verarschen, denn laut interaktivem Plan und Anzeige vor Ort sollte bis auf den SL Hirschkogel alles offen sein, aber SL Engl\u00e4nder+\u00dcbungswiese liefen leider nicht, daher doch \u00fcber Kornockbahn die Verbindung von\/zur Kombibahn nehmen m\u00fcssen. Hingen morgens am SL Engl\u00e4nder die Geh\u00e4nge noch am Seil, waren sie es im Laufe des Tages nicht mehr. Schade, ist ja mein Lieblingslift. Der wenn die Woche offen gewesen w\u00e4re, w\u00e4r ich l\u00e4nger geblieben.<\/p>\n<p>Immerhin stimmte die Anzeige f\u00fcr den Weitental-SL, der in letzter Zeit auch meist geschlossen am Plan war &#8211; der war heut tats\u00e4chlich nochmals offen, weshalb ich die meiste Zeit dort und an der Sonnen-DSB blieb, die auch mit die besten Abfahrten heute hatten.<\/p>\n<p>Es gab ein paar mm Neuschnee auf pulvrig-griffig-pr\u00e4parierter Piste, was solang gut zu fahren ging, bis die egoistischen Carver und Snowborder ihre tiefen Furchen reinrammten. Bzw. dann sp\u00e4ter und weiter unten entsprechend tiefer aufgefahren war, weils ja doch nicht ganz so leer war, wie in den zuletzt besuchten Skigebieten. Selbst am SL Weitental war recht viel los.<\/p>\n<p>Aber das Skigebiet hier scheint wohl echt ein Deppen-Magnet zu sein. Ich erinnere an die lauten Holl\u00e4nder im Sessellift mit dem Braunh\u00e4utigen, der seinen Arsch auf der Piste blank zog. Oder die beiden alten Herren, die mehrmals ewig am Einstieg der 6KSBen gewartet hatten, weil sie nicht gecheckt haben, dass sie weiter vor zur Lichtschranke m\u00fcssen.<\/p>\n<p>Heute? Einer an der 6KSB, der ganz links hinfuhr, mit den anderen nicht einstieg, dann mit mir einstieg, wobei ich ganz rechts war, aber bevor der Sessel dann kam, rutschte er zu mir r\u00fcber und setzte sich schlussendlich rechts der Mitte, also auf meiner H\u00e4lfte des Sessels, hin, so dass ich, der bei geringer Belegung ja dann zwischen Sitz 1 und 2 dann sitzt, kaum noch Platz f\u00fcr den Rucksack links von mir hatte, weil besagter Mann ja auf Platz 3 sa\u00df. Wenigstens hing der Sessel nicht ganz so schief dadurch. <\/p>\n<p>Noch einer gef\u00e4llig? Am Weitental-SL fuhren zwei Jugendliche, da stieg einer auf der Strecke aus, ob freiwillig oder absichtlich, hab ich nicht bemerkt, jedenfalls stand der dann am Rand der Liftspur mit ausgezogenem Helm und seine Skibrille rutschte die SL-Trasse runter ;) Nope, hab nicht versucht, sie aufzuhalten. B\u00f6se.<\/p>\n<p>Noch eine Gruppe am gleichen SL, die offpiste fahren wollte und sich das flache obere St\u00fcck sparen wollte, aber die sind dann so fr\u00fch ausgestiegen, dass zumindst eine(r) die heute recht hohe Kante am Rand der Liftspur erst nach einigen vorbeifahrenden B\u00fcgeln erklommen hat.<\/p>\n<p>Und zum Schluss gab&#8217;s noch zwei eilige Schlauk\u00f6pfe, die nur einen Ski ausgezogen haben und so vom Wildkopf-SL zum Kornock-Parkplatz wollten und also ein-skiig mit dem Seillift gefahren sind, wo sie aber jeweils einige Male fast hingefallen w\u00e4ren &#8230;.<\/p>\n<p>(Ahja, und morgens \u00fcberholte mich ein Autofahrer im Tal im 70er Bereich und hatte prompt das Gl\u00fcck, dass da eine Radarkontrolle war, \u00e4tschib\u00e4tsch.)<\/p>\n<p>Bissl sonnig war&#8217;s heut auch hin und wieder, kalten Wind gab&#8217;s nat\u00fcrlich auch.  Der Skitag endete f\u00fcr mich um 15:50  wie er begann: mit leichtem Schneefall.<\/p>\n<p><a href='http:\/\/ski.inmontanis.info\/d\/318228-2\/DSC04648.jpg'><img src=http:\/\/ski.inmontanis.info\/d\/318227-3\/DSC04648.jpg \/><\/a><br \/>\n^ Vmtl. der letzte Betriebstag des SL Wildkopf, soll ja im Sommer mit einer Sesselbahn ersetzt werden &#8211; wird doch sicher wieder ein M\u00fcll\u00b3 werden.<\/p>\n<p><a href='http:\/\/ski.inmontanis.info\/d\/318232-2\/DSC04649.jpg'><img src=http:\/\/ski.inmontanis.info\/d\/318231-3\/DSC04649.jpg \/><\/a><br \/>\n^ Man wird mal wieder verarscht &#8211; mehrere SL, z.B. der Engl\u00e4nder-SL, sind nicht offen<\/p>\n<p><a href='http:\/\/ski.inmontanis.info\/d\/318236-2\/DSC04653.jpg'><img src=http:\/\/ski.inmontanis.info\/d\/318235-3\/DSC04653.jpg \/><\/a><br \/>\n^ Immerhin war aber der SL Weitental offen, der in letzter Zeit h\u00e4ufig als geschlossen markiert war<\/p>\n<p><a href='http:\/\/ski.inmontanis.info\/d\/318240-2\/DSC04656.jpg'><img src=http:\/\/ski.inmontanis.info\/d\/318239-3\/DSC04656.jpg \/><\/a><br \/>\n^ Die meisten H\u00fctten\/Restaurants haben schon geschlossen<\/p>\n<p><a href='http:\/\/ski.inmontanis.info\/d\/318244-2\/DSC04657.jpg'><img src=http:\/\/ski.inmontanis.info\/d\/318243-3\/DSC04657.jpg \/><\/a><br \/>\n^ Pass und See, schaut nach Winter aus, nicht nach Fr\u00fchjahr<\/p>\n<p><a href='http:\/\/ski.inmontanis.info\/d\/318248-2\/DSC04659.jpg'><img src=http:\/\/ski.inmontanis.info\/d\/318247-3\/DSC04659.jpg \/><\/a><br \/>\n^ Dieser SL hei\u00dft &#8230;<\/p>\n<p><a href='http:\/\/ski.inmontanis.info\/d\/318252-2\/DSC04660.jpg'><img src=http:\/\/ski.inmontanis.info\/d\/318251-3\/DSC04660.jpg \/><\/a><br \/>\n^ .. Seitensprunglift<\/p>\n<p><a href='http:\/\/ski.inmontanis.info\/d\/318256-2\/DSC04661.jpg'><img src=http:\/\/ski.inmontanis.info\/d\/318255-3\/DSC04661.jpg \/><\/a><br \/>\n^ An der Bergstation der DSB Sonne gibts einen kleinen Aufw\u00e4rm-\/Selbstversorgerraum<\/p>\n<p><a href='http:\/\/ski.inmontanis.info\/d\/318260-2\/DSC04663.jpg'><img src=http:\/\/ski.inmontanis.info\/d\/318259-3\/DSC04663.jpg \/><\/a><br \/>\n^ Pano an der Gratabfahrt 6KSB Kornock<\/p>\n<p><a href='http:\/\/ski.inmontanis.info\/d\/318264-2\/DSC04665.jpg'><img src=http:\/\/ski.inmontanis.info\/d\/318263-3\/DSC04665.jpg \/><\/a><br \/>\n^ Die meisten SL-Einstiege hier auf der Turrach nerven mit ihren freigemachten (bremsenden) Filzmatten und dahinter dann ein steilerer H\u00fcgel, um auf Schneeniveau zu kommen. Bekanntlich steig ich in die SL schr\u00e4g ein, was bei so einem unrutschigen Boden nat\u00fcrlich sehr erschwert wird, die Skier dann wieder auf Linie zu bekommen. <\/p>\n<p>Das ist vielleicht nicht ganz so nervig wie die Angewohnheit in manchen Skigebieten in Frankreich, SL- und SB-Einstiege komplett schneefrei zu halten und stattdessen Hartplastikb\u00f6den zu verwenden, aber doch nochmals nerviger als die Angewohnheit in Schweden, bei SL-Einsteigen die Seilspur mittels Plastikstecken oder Holzlatten zu markieren&#8230;<\/p>\n<p><a href='http:\/\/ski.inmontanis.info\/d\/318268-2\/DSC04668.jpg'><img src=http:\/\/ski.inmontanis.info\/d\/318267-3\/DSC04668.jpg \/><\/a><br \/>\n^ Kombibahn<\/p>\n<p>So, nun ein paar ausf\u00fchrliche Worte zur Nachtparkplatzthematik hier. Unterhalb der Kombibahn gibt es einen gro\u00dfen Parkplatz, der auf P4N (Park4Night) eingtragen ist, nach etlichen positiven Berichten endete dieser vor einigen Jahren mit einem Beitrag, wonach dieser Strafe zahlen musste, weil das ein privater Parkpllatz der Bergbahnen w\u00e4re.<\/p>\n<p>Ein St\u00fcck vorher, direkt vor der Bahn (und quasi unterhalb des ja leider schon geschlossenen Campingplatzes), gibt es ein paar ger\u00e4umte Pl\u00e4tze direkt auf der Stra\u00dfe, die dann also \u00f6ffentlich sein sollten, man somit n\u00e4chtigen k\u00f6nnen d\u00fcrfen sollte. Zumindest ist die Sackgasse zus\u00e4tzlich als &#8220;Parkstra\u00dfe&#8221; ausgeschildert und es sind keinerlei Verbotsschilder sonst zu sehen.<\/p>\n<p>Auf der Hauptstra\u00dfe gibt es ab Landesgrenze Steiermark  ein ausgeschildertes Nachtparkverbot, zumindest im Winter, das ich wegen Schneer\u00e4umung vermute. In umgekehrter Richtung, also in K\u00e4rnten, hab ich sp\u00e4ter ein Campen-Verbotenschild gesehen, das mir in umgekehrter Richtung mal nicht aufgefallen w\u00e4re. Sollte dann aber ja nur f\u00fcr diese Stra\u00dfe gelten.<\/p>\n<p>An der Kornock-6KSB gibt&#8217;s Parkpl\u00e4tze, die auf P4N eingezeichnet sind, aber nur einen Erfahrungsbericht haben von letzten Sommer, demnach wegen Stra\u00dfenbauarbeiten der Parkplatz nicht zug\u00e4nglich war. Inwieweit dieser Parkplatz \u00f6ffentlich (und somit dann ggf. erlaubt) oder privat (Bergbahn und somit ggf. nicht erlaubt) ist, ist mir nicht klar.<\/p>\n<p>An der Talstation Wildkopf-SL sind die Stra\u00dfen ja ungeteert und matschig, hier gibts ein paar matschige Parkpl\u00e4tze, was ebenfalls auf P4N mit einigen wenigen positiven Eintr\u00e4gen gelistet ist, allerdings mit letztem Eintrag Jan&#8217;2022 oder so, also nicht aktuell. Zus\u00e4tzlich sieht man vom Skifahren her am Ende des Platzes ein Halteverbots-Schild mit Abschlepp-Erg\u00e4nzung. Ob das nur f\u00fcr den Bereich dahinter oder den gesamten Bereich gilt, wei\u00df ich nicht, da ich das vom Skifahren her nicht erkennen konnte. Bei einer Befahrung sp\u00e4ter dort hin ist nun an der Abzweigung von der Hauptstra\u00dfe am See entlang ein &#8220;Campen Verboten&#8221;-Schild und am Start der Erd-Stra\u00dfe zum Wildkopflift ist selbige als &#8220;Privatstra\u00dfe&#8221; ausgeschildert, also f\u00e4llt das besser auch flach und ich hab mir die Zusatzschilder gar nicht weiter angesehen.<\/p>\n<p>Ein letzter Parkplatz, der hier im Bereich auf P4N gelistet ist, ist der an der untersten 6KSB Turrach, zu der eine Sackgasse f\u00fchrt. Wobei hier lt. Luftbild zwei Pl\u00e4tze sind, eine diret vor der 6KSB und einer kurz vorher, vor der Br\u00fccke. Hierzu gibt es die meisten (und ausschlie\u00dflich) positive Bewertungen auf P4N, wobei es auch fraglich ist, ob \u00f6ffentlich oder privat. Zudem hat so eine Sackgasse zu einem Lift seine eigenen Probleme, d.h. jetzt nach Saisonschluss ggf. kein Winterdienst mehr, falls es schneit oder die Zufahrt vom Winterdienst der Hauptstra\u00dfe versperrt wird oder vielleicht Schranke geschlossen (falls vorhanden) oder aus sonst welchen Gr\u00fcnden mal eben ohne Vorwarnung gesperrt. <\/p>\n<p>Das wollte ich eventuell morgen n\u00e4her anschauen und hab mich heute f\u00fcr die vermeintlich unproblematischste M\u00f6glichkeit entschieden.<\/p>\n<p>Ich sch\u00e4tze ja, die meisten Camper und mich eingeschlossen haben meist einfach nur Gl\u00fcck gehabt, zB. weil die Polizei oder der Landeigent\u00fcmer was besseres zu tun hat, als jeden Tag jeden m\u00f6glichen Parkplatz anzufahren und Camper zu verscheuchen oder anzuzeigen und fr\u00fcher oder sp\u00e4ter werd auch ich mal Post (ggf. viele Monate zu sp\u00e4t merkend) im Briefkasten finden &#8230; in dem Fall w\u00fcrde ich je nach Strafh\u00f6he den entsprechenden Ort oder das entsprechende Land \/ den entsprechenden Staat boykottieren und dort nicht mehr skifahren \/ hinfahren.<\/p>\n<p>Leider gingen hier immer wieder labernde Leute vorbei (daf\u00fcr, dass morgen kaum noch was offen hat), eigentlich ausschlie\u00dflich Ausl\u00e4nder, dh. Osteurop\u00e4er und Niederl\u00e4der und um 22 Uhr noch &#8220;in die falsche Richtung&#8221;, was eher auf Party\/Saufen hindeutete, somit also zu bef\u00fcrchten w\u00e4re, dass die mitten in der Nacht mit Radau wieder an mir vorbei kommen w\u00fcrden. (Vorbeigehende Leute haben mich nachts noch 2x geweckt, h\u00f6rte sich aber nicht besoffen an.)<\/p>\n<p>Ooch Menno. Die Wettervorhersage \u00e4ndert sich auch laufend. War die ganze Zeit bis ca. Mittwoch bedeckt und dann sonnig gemeldet, wird jetzt am Donnerstag 10-20cm Schneefall gemeldet :(<\/p>\n<p>Deswegen und wegen der Parkplatzsituation werd ich wohl eher nicht die ganze Woche hier bleiben. Da es aber nat\u00fcrlich dann auch am M\u00f6lltaler schneien wird und der ggf. nicht offen hat, w\u00fcrde Donnrestag wohl wieder ein skifreier Tag werden.<\/p>\n<p><strong>Mo, 17.4.2023<\/strong><\/p>\n<p>Ab heute auf meiner Saisonkarte nur noch offen: Turracher H\u00f6he und M\u00f6lltaler Gletscher. Und auch sonst in AT kaum noch was au\u00dfer den Gletschern offen. Mit Wehmut denk ich da an die vielen Skigebiete, die jetzt in Skandinavien noch zumindest 1-2 Wochen offen w\u00e4ren (bevor es auch dort weniger werden, wobei, ok, viele haben auch nur noch an den Wochenenden jetzt offen, daf\u00fcr gibts aber auch fast \u00fcberall g\u00fcnstigere Tageskartenpreise als in den Alpen) :(<\/p>\n<p>Schnalstaler Gletscher hat heuer auch nur noch bis 16.4. offen gehabt, laut Homepage wird die Seilbahn umgebaut, daher ist sie bis Anfang Dezember geschlossen, d.h. die haben heuer nicht mal Herbst-Ski&#8230;<\/p>\n<p>D.h. die Sunny-Card (Heiligenblut &#038; Co) sollte ich, wenn \u00fcberhaupt, dann wohl besser dann kaufen, wenn Ostern sp\u00e4ter ist. W\u00fcrde 2024\/25 sogar passen, da ist Ostersonntag am 20.4. N\u00e4chstes Jahr ist Ostersonntag schon am 31.3.  &#8211; na da kann man ja den April in AT wohl sowieso vergessen, also auch dazu passt Skandinavien n\u00e4chstes Jahr.<\/p>\n<p>Mit die g\u00fcnstigsten Skip\u00e4sse in den Alpen d\u00fcrfte man momentan noch in Livigno haben, 31,-\u20ac TK. Aber ohne die Agudio-EUB ist das halt auch nicht mehr so interessant f\u00fcr mich. Plus weit weg, plus das Spikereifenthema. Andererseits hatte ich da Ende April bis Mitte Mai schon \u00f6fters einige sehr nette Firnskitage gehabt.<\/p>\n<p>Vermutlich fast alle \u00fcbrigen noch offenen Skigebiete h\u00e4tten mir ja eh zu teure Preise, unter 50 \u20ac Tageskarte kriegst selten was.<\/p>\n<p>Am Morgen schneite es wieder ganz leicht, vormittags wurden die Flocken auch mal dicker und zahlreicher. Laut interaktivem Pistenplan sind nun ja nur noch die beiden 6KSBen auf der Kornockseite offen, soweit bekannt, aber die beiden sch\u00f6nen Abfahrten 3+4 an der Kornock-6KSB sind nun als geschlossen markiert. Waren zum Gl\u00fcck doch noch offen und pr\u00e4pariert und toll zu fahren, aber das obere St\u00fcck ist bei allen Abfahrten halt leider immer das selbe St\u00fcck.<\/p>\n<p>Die vermeintliche Zwangsverriegelungs-6KSB bin ich nat\u00fcrlich auch heute nicht gefahren, nervt mich ja eh schon wieder fast alles hier. Zu Mittag war&#8217;s an der Kornock-6KSB noch so voll, dass fast alle Sessel besetzte waren &#8211; alleinfahren somit schwierig\/selten. Nat\u00fcrlich machen nicht alle die Haube runter, also musste ich ich mich mal auf einen nassen Sitz setzen, als ich wo zustieg, weil hinter mir auch wieder welche waren.<\/p>\n<p><a href='http:\/\/ski.inmontanis.info\/d\/318272-2\/DSC04670.jpg'><img src=http:\/\/ski.inmontanis.info\/d\/318271-3\/DSC04670.jpg \/><\/a><br \/>\n^ Kackverfickteswolkenwetter die ganze Zeit. Und schaut das hier bitte nach Fr\u00fchling aus? Und ich fotografier nach Norden, also sind das S\u00fcdh\u00e4nge.<\/p>\n<p>Da ist man nach 2 Wintern mal wieder in den Alpen und hat kaum Restschnee\/Firnschneeabfahrten im Fr\u00fchjahr und Mitte April ist fast nix mehr offen, das ist doch Schei\u00dfe. Und kein SL mehr au\u00dfer die kurzen an der Mittelstation M\u00f6lltaler Gletscher und nur noch 2 Gebiete bis Sommerpause und jetzt gerade mal Mitte April, deprimierend nervig&#8230; <\/p>\n<p>Will ich echt so den Saisonschluss verbringen? Bei Sonne+Warm+Firn w\u00e4r mir das wohl alles egal, aber bei den auch weiterhin gemeldeten Wettervorhersagen ist die Saison um, bis es wieder sonnig und warm wird :(<\/p>\n<p>Was nun? Morgen M\u00f6lltal und schaun, ob ich die schwarze Abfahrt an der 6EUB und die kurzen SL an der Mittelstation geil genug find, dass ichs da noch 2-4 Wochen aushalt? Oder fahr ich gleich heim und montier mir die Sommerr\u00e4der und fahr erst dann M\u00f6lltal und ggf. dann westw\u00e4rts, wenn&#8217;s mir nicht taugt?<\/p>\n<p>Nur wohin? Sind ja nur noch Skigebiete in den Alpen offen, die mich eigentlich entweder nicht interessiern oder mir zu teuer sind oder das \u00dcbernachtungsthema problematisch ist (Nordtirol) ..<\/p>\n<p>Aber hier schaut&#8217;s ja auch \u00fcberhaupt nicht nach Fr\u00fchling aus. Das st\u00f6rte mich ja auch Ende Mai in Riksgr\u00e4nsen etwas, aber weil Ende Mai, ist das auch ein bisschen cool, aber hier und jetzt ist das eben anders. Zudem, wenn ich im April\/Mai Winter will, kann ich auch nach Lappland fahren, dann brauch ich nicht in den Alpen sein  &#8230;  Und das wird nat\u00fcrlich am M\u00f6lltaler Gletscher genauso winterlich ausschauen die n\u00e4chsten Wochen.<\/p>\n<p>Ok, also die Haupterkenntnis ist nun, zumindest bei dem Wetter hab ich keine Lust, hier noch l\u00e4nger auf der Turracherh\u00f6he zu bleiben. Kanin h\u00e4tte von Fr-So offen (aber Wettervorhersagen auch nicht sch\u00f6n). Vogel hat auch noch viel Schnee laut Cam und ja auch schon Ende April offen gehabt, aber lt. Website haben die die Skisaison beendet.<\/p>\n<p>Ein Ausflug nach NO\/SE(\/FI) wird kaum unter 5.000 km drin sein, au\u00dferdem hat nach dem 1.5. ja auch kaum noch was offen, au\u00dfer weiter im Norden, was wieder mehr km sind. Bei 252.059 km ist das n\u00e4chste Service f\u00e4llig, das ich wegen Skandinavien next Winter aber erst kurz davor machen m\u00f6chte. Aktuell 243.358 km, d.h. ich bin seit dem letzten Service 4.11.2022 &#8220;nur&#8221; 11.299 km gefahren und kann noch 8.701km fahren, von dem her k\u00f6nnte ich ja schon 2-4 Wochen nach Skandinavien ;) Naja, ne sinnvolle Route ist aber wohl schon 7.500 km (mit Riksgr\u00e4nsen, 6.300 ohne, 8.400 mit Finnland, wo ein paar Gebiete noch die Woche nach dem 1.5. offen h\u00e4tten) &#8230;<\/p>\n<p>.. aber das bringt&#8217;s halt eigentlich jetzt auch nicht mehr f\u00fcr die nicht mehr ganz 2 Wochen bis 1.5. (ab dann ja auch die meisten zu haben) und 2-3 Tage dauert&#8217;s ja auch, bis ich dort oben w\u00e4re &#8230;.<\/p>\n<p>In S\u00e4len und \u00c5re momentan sch\u00f6n warme 6-10\u00b0 &#8230;. \u00c5re aber leider auch heuer nur bis 1.5. offen. Und ohne die DSB, die mit einer 6KSB mit Minifu\u00dfraster (keine Ahnung, ob Zwangsverriegelung) ersetzt wurde, wird mir da eh was fehlen. Aber insbesondere Klimpfj\u00e4ll und Kittelfj\u00e4ll w\u00e4ren halt schon sehr nett im Fr\u00fchjahr. Laut Webcam auch noch genug Schnee in Kittelfj\u00e4ll. <\/p>\n<p><a href='http:\/\/ski.inmontanis.info\/d\/318276-2\/DSC04672.jpg'><img src=http:\/\/ski.inmontanis.info\/d\/318275-3\/DSC04672.jpg \/><\/a><br \/>\n^ Evtl. ehemalige Skiroute oder Abfahrt und\/oder Lifttrasse<\/p>\n<p><a href='http:\/\/ski.inmontanis.info\/d\/318280-2\/ge2023041617b.jpg'><img src=http:\/\/ski.inmontanis.info\/d\/318279-3\/ge2023041617b.jpg \/><\/a><br \/>\n^ GPS-Track 16.+17.4.2023 in Magenta+Blau; vorherige Besuche in Gelb<\/p>\n<p>Um 15:35 h\u00f6rte ich auf (nach 2-3 l\u00e4ngeren Pausen), der Schneefall f\u00fcr DO wurde nun halbiert, aber f\u00fcrn Gletscher wird trotzdem t\u00e4glich bis inkl Freitag Schneefall + keine Sonne gemeldet. Soll ich doch gleich heim fahren?<\/p>\n<p>Ich entschied mich trotzdem f\u00fcr M\u00f6lltaler morgen, austesten wie es mir dort gef\u00e4llt und wie lang ichs hier vielleicht aushalten k\u00f6nnte..<\/p>\n<p>Klar, wenn man w\u00fcsste, dass ich n\u00e4chsten Winter aus irgendwelchen Gr\u00fcnden nicht nach Skandinavien komme, w\u00fcrd ich nat\u00fcrlich jetzt noch paar Wochen fahren. Ansonsten w\u00e4r Frankreich g\u00fcnstiger, weil n\u00e4her; daf\u00fcr aber teurere Skip\u00e4sse. Und eigentlich, will ich wirklich heuer nochmals nach Frankreich, nachdem mich einige Skigebiete im Winter so ge\u00e4rgert haben? Wer wei\u00df, wie es hinsichtlich Keycards in den noch offenen Skigebieten aussieht &#8211; bzw. mit den Liftlern und ihrer Skistockdiktatur.<\/p>\n<p>.. und \u00fcberhaupt muss man da ja auch erst mal hinkommen. Von K\u00e4rnten aus bis in die franz\u00f6sischen Alpen, durch Italien, die teuren &#8220;Mautobahnen&#8221; oder die stressigen Alternativen, da fahr ich ja noch lieber durch Deutschland bis nach Rostock zur Schwedenf\u00e4hre.<\/p>\n<p>Am Millst\u00e4ttersee waren es abends lt. Auto 14\u00b0 drau\u00dfen und die D\u00f6nerbox mit Pommes kostete 6,50 \u20ac, aber als die Pommes aufgebraucht waren und noch so viel Fleisch da war, entschied ich, das restliche Fleisch f\u00fcr morgen Abend aufzuheben und morgen mit einer Semmel zu essen. <\/p>\n<p>Immer teurer, immer k\u00fcrzer &#8230; scheint das Motto vieler Skigebiete zu sein&#8230; Viele Skigebiete in Italien, die sonst bis 25. oder 26.4. oder 1.5. offen hatten, haben schon jetzt zu. Ja, teilweise liegt wenig Schnee, aber teilweise liegt auch noch genug. Prali hat aber nicht mehr viel, nur noch die DSB oben zum Skifahren (am WE) offen, lohnt sich also auch nicht mehr.<\/p>\n<p>Bin abends noch die Skigebiete in IT+FR durchgegangen, ohne Anspruch auf Korrektheit und Vollst\u00e4ndigkeit samt Tageskartenpreise und Saisonende, bei den meisten Preisen vergeht&#8217;s mir:<\/p>\n<p>1.5. sulden 50,-<br \/>\n1.5. cortina tk 62,-?<br \/>\n23.4. kronplatz >50<br \/>\n7.5. cervinia (ohne valt.), tk 51 \/ 2tk 97,50; mit zermatt 68\/130,50<br \/>\n30.4. oder 1.5. oder 3.5. livigno tk 31,- 2tk 62 3tk 93<br \/>\n22.4. montgenevre tk 35 \/ 32,50<br \/>\n23.4. isola<br \/>\n21.4. valcenis -30% von tk 43<br \/>\n21.4. teil 3v<br \/>\n22.4. teil plagne<br \/>\n23.4. la rosiere tk 46 online<br \/>\n23.4. avoriaz tk 50 online 47 (nur avoriaz, nicht pds, das teurer)<br \/>\n23.4. teil 3v<br \/>\n28.4. bonneval tk 32,  2tk 60,50<br \/>\n28.4. meribel\/menuires<br \/>\n29.4. les arcs tk 59 \/ 6tk 295=49,16<br \/>\n29.4. la plagne \/ ab 22.4. tk 52<br \/>\n23.4. statt 30.4. l2a  weil &#8220;closing pass&#8221; 22\/23.4. um 60 beide tage online<br \/>\n1.5. clusaz online wohl 26,- dzt, nur noch balme<br \/>\n1.5. chamonix<br \/>\n8.5. valthorens<br \/>\n6.5. val d&#8217;isere<br \/>\n6.5. tignes<br \/>\ntign-vdi -28.4. tk 63, 6=7tk 378 = 54<br \/>\ntign-vdi -6.5. tk 55, 6=7tk 330 = 47,14<br \/>\ntign &#8211; 28.4. tk 58<br \/>\ntign &#8211; 6.5. tk 53<br \/>\nvdi tk 58<br \/>\nab 29.4.: Ouverture partielle | Les remont\u00e9es ouvertes pour la derni\u00e8re semaine : t\u00e9l\u00e9si\u00e8ge Tichot, t\u00e9l\u00e9si\u00e8ge Grattalu, t\u00e9l\u00e9si\u00e8ge Merles, t\u00e9l\u00e9corde Replat, t\u00e9l\u00e9si\u00e8ge Palafour, t\u00e9l\u00e9cabine Tovi\u00e8re, t\u00e9l\u00e9si\u00e8ge Tufs, t\u00e9l\u00e9si\u00e8ge Bollin, tapis Centre, tapis Claret, t\u00e9l\u00e9si\u00e8ge Rosset, t\u00e9l\u00e9ski Lavachet, t\u00e9l\u00e9si\u00e8ge Tommeuses, Funiculaire Perce Neige, T\u00e9l\u00e9ph\u00e9rique Grande Motte<\/p>\n","protected":false},"excerpt":{"rendered":"<p>So, 16.4.2023<\/p>\n<p>W\u00e4hrend unten im Tal die Sonne schien, fing es auf der Passstra\u00dfe zur Turracherh\u00f6he zum Schneien an, oben dann ebenfalls leichter Schneefall. Ich blieb diesmal an der Kombibahn stehen.<\/p>\n<p>Aufl\u00f6sung zum gestrigen Campingplatz-Thema: die Mobilheime haben eine Schlafkammer und K\u00fcche\/Wohnbereich, aber keine WCs. <\/p>\n<p>Billa \u00fcbrigens nun nicht mehr sonntags offen. In Klagenfurt <a href=\"http:\/\/blog.inmontanis.info\/?p=8764\">[&#8230;]<\/a><\/p>\n","protected":false},"author":1,"featured_media":8767,"comment_status":"closed","ping_status":"closed","sticky":false,"template":"","format":"standard","meta":{"footnotes":""},"categories":[13,27,202],"tags":[56,53,47],"class_list":["post-8764","post","type-post","status-publish","format-standard","has-post-thumbnail","hentry","category-austria","category-skifahren-winterskiing-winter","category-turrach","tag-6sb","tag-8eub","tag-sl","odd"],"_links":{"self":[{"href":"http:\/\/blog.inmontanis.info\/index.php?rest_route=\/wp\/v2\/posts\/8764","targetHints":{"allow":["GET"]}}],"collection":[{"href":"http:\/\/blog.inmontanis.info\/index.php?rest_route=\/wp\/v2\/posts"}],"about":[{"href":"http:\/\/blog.inmontanis.info\/index.php?rest_route=\/wp\/v2\/types\/post"}],"author":[{"embeddable":true,"href":"http:\/\/blog.inmontanis.info\/index.php?rest_route=\/wp\/v2\/users\/1"}],"replies":[{"embeddable":true,"href":"http:\/\/blog.inmontanis.info\/index.php?rest_route=%2Fwp%2Fv2%2Fcomments&post=8764"}],"version-history":[{"count":3,"href":"http:\/\/blog.inmontanis.info\/index.php?rest_route=\/wp\/v2\/posts\/8764\/revisions"}],"predecessor-version":[{"id":8768,"href":"http:\/\/blog.inmontanis.info\/index.php?rest_route=\/wp\/v2\/posts\/8764\/revisions\/8768"}],"wp:featuredmedia":[{"embeddable":true,"href":"http:\/\/blog.inmontanis.info\/index.php?rest_route=\/wp\/v2\/media\/8767"}],"wp:attachment":[{"href":"http:\/\/blog.inmontanis.info\/index.php?rest_route=%2Fwp%2Fv2%2Fmedia&parent=8764"}],"wp:term":[{"taxonomy":"category","embeddable":true,"href":"http:\/\/blog.inmontanis.info\/index.php?rest_route=%2Fwp%2Fv2%2Fcategories&post=8764"},{"taxonomy":"post_tag","embeddable":true,"href":"http:\/\/blog.inmontanis.info\/index.php?rest_route=%2Fwp%2Fv2%2Ftags&post=8764"}],"curies":[{"name":"wp","href":"https:\/\/api.w.org\/{rel}","templated":true}]}}