{"id":876,"date":"2008-01-20T23:59:08","date_gmt":"2008-01-20T21:59:08","guid":{"rendered":"http:\/\/blog.inmontanis.info\/?p=876"},"modified":"2023-08-03T21:24:06","modified_gmt":"2023-08-03T19:24:06","slug":"locana-alpe-cialma-20-1-2008-3s3l-tag-2-teil-2","status":"publish","type":"post","link":"http:\/\/blog.inmontanis.info\/?p=876","title":{"rendered":"Locana &#8211; Alpe Cialma, 20.1.2008 (3S3L Tag 2 Teil 2)"},"content":{"rendered":"<p><em>[_de]Bilder anklicken zum Vergr\u00f6\u00dfern[\/_de]\u2028[_en]Click photos to enlarge[\/_en]<\/em><\/p>\n<p><strong>Tour de 3 laghi, 2. Tag Teil#2: Sonntag, 20.1.2008: Alpe Cialma, Locana<\/strong> <\/p>\n<p><em>Weiter nach Locana auf die Alpe Cialma.<\/em> <\/p>\n<p>Dort ein \u00e4hnliches Parkplatzdesaster: 4 (!) Kehren vor dem winzigen Haupt-Parkplatz standen die Autos schon am Stra\u00dfenrand und machten aus der zweispurigen eine einspurige Stra\u00dfe. Um 14 Uhr waren zum Gl\u00fcck oben schon einige weg, so dass ich (fast) ganz oben einen Platz bekam. Dann folgte noch ein kurzer Anstieg zum SL, die Wartezeiten hier hielten sich zum Gl\u00fcck in Grenzen (Skipass 10,-), am oberen Lift gabs gar keine Wartezeiten. <\/p>\n<p>Der untere Lift ist ein \u00e4lterer Leitner, eher kurz aber steil mit 2,5 Abfahrten. <\/p>\n<p>Der obere Lift ist ja ziemlich neu &#8211; heuer oder letztes Jahr die erste Saison. Von MEB und mit schicken blau-gl\u00e4nzenden Alu-Stangen! ca. 700m lang, mit einer teils recht schmalen Waldabfahrt, die ziemlich \u00fcberf\u00fcllt war. Die Au\u00dfenrum-Abfahrt ist wohl eher als Skiroute gedacht, da das untere Waldst\u00fcck noch schm\u00e4ler war. War also somit unpr\u00e4pariert. <\/p>\n<p>Nach 1h wars mir doch zu viel auf der Piste und ich wollte den Gipfel erklimmen &#8211; da sind schon elends viel rauf gegangen heut, haupts\u00e4chlich Schneeschuhgeher. <\/p>\n<p>Boah, ich kann mich einfach nicht anfreunden damit. Glaub ich bin der langsamste Skitourengeher den es gibt. Zum Gl\u00fcck musste das keiner mehr mit ansehen :-) Irgendwann kam ich auf die Idee, die Schritte zwischen den Pausen zu z\u00e4hlen und jeweils um 1 Schritt zu steigern. Hab mit 20 angefangen und mich dann bis 43 vorgek\u00e4mpft, weil oben dann ein Flachteil kam :) Im folgenden Steilteil bin ich auf 30,20 und 10 geschrumpft bis ich nach knapp 2h und 400hm und somit ca. 100-200hm unter dem Gipfel aufgab, mich hinsetzte, ein Snickers a\u00df und den roten Abendhimmel \u00fcber der Po-Ebene begutachtete. Ohne iPod war es total ruhig hier oben &#8211; nur kommt einem dann der Tinitus viel lauter vor &#8211; also lieber wieder iPod eingest\u00f6pselt ;-) Nachdem ja derzeit Vollmond ist, muss ich das die n\u00e4chsten Tage auch noch mal machen&#8230;. <\/p>\n<p>Gegen 17.30 bin ich schlie\u00dflich abgefahren &#8211; Sicht hat grad noch gereicht.  <\/p>\n<p>Fotos, anklicken zum Vergr\u00f6\u00dfern: <\/p>\n<p><a href='http:\/\/ski.inmontanis.info\/d\/50035-1\/gps_locana.jpg'><img src=http:\/\/ski.inmontanis.info\/d\/50037-3\/gps_locana.jpg \/><\/a><br \/>\n^ GPS-Track, lila die ungef\u00e4hre Strecke der beiden Sektionen Korblift (oder war die zweite oben ein ESL?) <\/p>\n<p><a href='http:\/\/ski.inmontanis.info\/d\/50039-1\/P1220047.JPG'><img src=http:\/\/ski.inmontanis.info\/d\/50041-3\/P1220047.JPG \/><\/a><br \/>\n^ Pistenplan. Die rechte Abfahrt ist derzeit nur eine Skiroute &#8211; da aber der SL sehr neu ist, k\u00f6nnte es schon sein, dass da noch was korrigiert wird&#8230; <\/p>\n<p><a href='http:\/\/ski.inmontanis.info\/d\/50043-1\/P1220022.JPG'><img src=http:\/\/ski.inmontanis.info\/d\/50045-3\/P1220022.JPG \/><\/a><br \/>\n^ Skigebiet vom Tal aus (links mittig im letzten Wald-St\u00fcck, siehe Zoom im n\u00e4chsten Foto) <\/p>\n<p><a href='http:\/\/ski.inmontanis.info\/d\/50047-1\/P1220023.JPG'><img src=http:\/\/ski.inmontanis.info\/d\/50049-3\/P1220023.JPG \/><\/a><br \/>\n^ Skigebiet vom Tal aus im Zoom <\/p>\n<p><a href='http:\/\/ski.inmontanis.info\/d\/50051-1\/P1220026.JPG'><img src=http:\/\/ski.inmontanis.info\/d\/50053-3\/P1220026.JPG \/><\/a><br \/>\n^ Scheint ein klassischer Tourenskiberg zu sein, so viel wie hier schon runtergefahren sind &#8230; <\/p>\n<p><a href='http:\/\/ski.inmontanis.info\/d\/50055-1\/P1220031.JPG'><img src=http:\/\/ski.inmontanis.info\/d\/50057-3\/P1220031.JPG \/><\/a><br \/>\n^ Parkplatzprobleme: Ab hier noch ca. 3-4 Kehren weiter runter&#8230;.. oben die ehemalige Korblift-Mittelstation (siehe meine Sommer-Fotos) <\/p>\n<p><a href='http:\/\/ski.inmontanis.info\/d\/50059-1\/P1220032.JPG'><img src=http:\/\/ski.inmontanis.info\/d\/50061-3\/P1220032.JPG \/><\/a><br \/>\n^ Der untere, k\u00fcrzere Leitner-SL <\/p>\n<p><a href='http:\/\/ski.inmontanis.info\/d\/50063-1\/P1220033.JPG'><img src=http:\/\/ski.inmontanis.info\/d\/50065-3\/P1220033.JPG \/><\/a><br \/>\n^ Abfahrt am unteren SL + ehemalige Mittelstation <\/p>\n<p><a href='http:\/\/ski.inmontanis.info\/d\/50067-1\/P1220035.JPG'><img src=http:\/\/ski.inmontanis.info\/d\/50069-3\/P1220035.JPG \/><\/a><br \/>\n^ Talblick und Talstation des neuen MEB-SL <\/p>\n<p><a href='http:\/\/ski.inmontanis.info\/d\/50071-1\/P1220037.JPG'><img src=http:\/\/ski.inmontanis.info\/d\/50073-3\/P1220037.JPG \/><\/a><br \/>\n^ Stylish: Die neuen MEB-Tellerstangen sind aus gl\u00e4nzendem, blauen Alu! Nicht so ein orangenes Plastik-Gefreck wie bei den gro\u00dfen Herstellern! <\/p>\n<p><a href='http:\/\/ski.inmontanis.info\/d\/50075-1\/P1220038.JPG'><img src=http:\/\/ski.inmontanis.info\/d\/50077-3\/P1220038.JPG \/><\/a><br \/>\n^ Im oberen SL, St\u00fctze 2+3 <\/p>\n<p><a href='http:\/\/ski.inmontanis.info\/d\/50079-1\/P1220039.JPG'><img src=http:\/\/ski.inmontanis.info\/d\/50081-3\/P1220039.JPG \/><\/a><br \/>\n^ Oberer SL, ab St\u00fctze 5 aufw\u00e4rts <\/p>\n<p><a href='http:\/\/ski.inmontanis.info\/d\/50083-1\/P1220040.JPG'><img src=http:\/\/ski.inmontanis.info\/d\/50085-3\/P1220040.JPG \/><\/a><br \/>\n^ Haufenweise Tourenski- und Schneeschuhgeher zum Gipfel <\/p>\n<p><a href='http:\/\/ski.inmontanis.info\/d\/50087-1\/P1220042.JPG'><img src=http:\/\/ski.inmontanis.info\/d\/50089-3\/P1220042.JPG \/><\/a><br \/>\n^ Talblick mit SL <\/p>\n<p><a href='http:\/\/ski.inmontanis.info\/d\/50091-1\/P1220043.JPG'><img src=http:\/\/ski.inmontanis.info\/d\/50093-3\/P1220043.JPG \/><\/a><br \/>\n^ Abfahrt am oberen SL! Sch\u00f6n schmal &#8211; aber f\u00fcr viele zu schmal und zu schwierig&#8230; <\/p>\n<p><a href='http:\/\/ski.inmontanis.info\/d\/50095-1\/P1220045.JPG'><img src=http:\/\/ski.inmontanis.info\/d\/50097-3\/P1220045.JPG \/><\/a><br \/>\n^ .. hier etwas breiter und steiler .. <\/p>\n<p><a href='http:\/\/ski.inmontanis.info\/d\/50099-1\/P1220049.JPG'><img src=http:\/\/ski.inmontanis.info\/d\/50101-3\/P1220049.JPG \/><\/a><br \/>\n^ Die Skiroute rechts vom SL <\/p>\n<p><a href='http:\/\/ski.inmontanis.info\/d\/50103-1\/P1220051.JPG'><img src=http:\/\/ski.inmontanis.info\/d\/50105-3\/P1220051.JPG \/><\/a><br \/>\n^ Skiroute rechts vom SL, oberes Waldst\u00fcck <\/p>\n<p><a href='http:\/\/ski.inmontanis.info\/d\/50107-1\/P1220052.JPG'><img src=http:\/\/ski.inmontanis.info\/d\/50109-3\/P1220052.JPG \/><\/a><br \/>\n^ Skiroute rechts des SL, unteres Waldst\u00fcck <\/p>\n<p><a href='http:\/\/ski.inmontanis.info\/d\/50111-1\/P1220054.JPG'><img src=http:\/\/ski.inmontanis.info\/d\/50113-3\/P1220054.JPG \/><\/a><br \/>\n^ Wer sagt, dass man mit einem Tellerlift nicht auch zu zweit fahren kann? :-) Dann k\u00f6nnte man aus einem 900 p\/h Tellerlift ja 1800 p\/h rausholen ;-) <\/p>\n<p><a href='http:\/\/ski.inmontanis.info\/d\/50115-1\/P1220055.JPG'><img src=http:\/\/ski.inmontanis.info\/d\/50117-3\/P1220055.JPG \/><\/a><br \/>\n^ \u00dcberreste der ehemaligen Bergstation der 2. Sektion <\/p>\n<p><a href='http:\/\/ski.inmontanis.info\/d\/50119-1\/P1220056.JPG'><img src=http:\/\/ski.inmontanis.info\/d\/50121-3\/P1220056.JPG \/><\/a><br \/>\n^ \u00dcberreste der ehemaligen Bergstation der 2. Sektion bzw. des Restaurants daneben. Scho witzig, dass einzig der Herd noch geblieben ist :-) Hinten das Betonteil war wohl die ehemalige Umlenkstation <\/p>\n<p><a href='http:\/\/ski.inmontanis.info\/d\/50123-1\/P1220061.JPG'><img src=http:\/\/ski.inmontanis.info\/d\/50125-3\/P1220061.JPG \/><\/a><br \/>\n^ \u00dcberreste der ehemaligen Bergstation der 2. Sektion mit Pano ins Flachland <\/p>\n<p><a href='http:\/\/ski.inmontanis.info\/d\/50127-1\/P1220062.JPG'><img src=http:\/\/ski.inmontanis.info\/d\/50129-3\/P1220062.JPG \/><\/a><br \/>\n^ Aufstieg richtung Gipfel. Durch den Schatten wenigstens nicht so schwitzen m\u00fcssen ;-) <\/p>\n<p><a href='http:\/\/ski.inmontanis.info\/d\/50131-1\/P1220065.JPG'><img src=http:\/\/ski.inmontanis.info\/d\/50133-3\/P1220065.JPG \/><\/a><br \/>\n^ Pano. Richtig festgetretene Spur hier &#8211; praktisch .. <\/p>\n<p><a href='http:\/\/ski.inmontanis.info\/d\/50135-1\/P1220068.JPG'><img src=http:\/\/ski.inmontanis.info\/d\/50137-3\/P1220068.JPG \/><\/a><br \/>\n^ Die letzten Sonnenstrahlen &#8211; ich bin ja leider schon auf der Schattenseite &#8230; <\/p>\n<p><a href='http:\/\/ski.inmontanis.info\/d\/50139-1\/P1220070.JPG'><img src=http:\/\/ski.inmontanis.info\/d\/50141-3\/P1220070.JPG \/><\/a><br \/>\n^ Sonnenuntergang mit Tal, Flachland und der Mond ist auch schon da&#8230; <\/p>\n<p><a href='http:\/\/ski.inmontanis.info\/d\/50143-1\/P1220072.JPG'><img src=http:\/\/ski.inmontanis.info\/d\/50145-3\/P1220072.JPG \/><\/a><br \/>\n^ Dito, aber etwas dunkler .. <\/p>\n<p><a href='http:\/\/ski.inmontanis.info\/d\/50147-1\/P1220073.JPG'><img src=http:\/\/ski.inmontanis.info\/d\/50149-3\/P1220073.JPG \/><\/a><br \/>\n^ Whow. Mein bester Mond-Zoom ever! <\/p>\n<p><a href='http:\/\/ski.inmontanis.info\/d\/50151-1\/P1220079.JPG'><img src=http:\/\/ski.inmontanis.info\/d\/50153-3\/P1220079.JPG \/><\/a><br \/>\n^ Aus is, ich kann nicht mehr &#8230; das Aufsteigen ist einfach nichts f\u00fcr mich .. <\/p>\n<p><a href='http:\/\/ski.inmontanis.info\/d\/50155-1\/P1220081.JPG'><img src=http:\/\/ski.inmontanis.info\/d\/50157-3\/P1220081.JPG \/><\/a><br \/>\n^ Abendstimmung <\/p>\n<p><a href='http:\/\/ski.inmontanis.info\/d\/50159-1\/P1220083.JPG'><img src=http:\/\/ski.inmontanis.info\/d\/50161-3\/P1220083.JPG \/><\/a><br \/>\n^ Bergstation des oberen SL <\/p>\n<p>Nach Cirie war aber die Sicht vorbei: Starker Bodennebel, teils unter 30m Sicht &#8211; und mit 50km\/h hinter anderen her. Also bissl mehr w\u00e4r schon drin gewesen. Aber bl\u00f6d sinds ja schon, die Leut&#8217;: Da f\u00e4hrt man mit 50 km\/h in der Kolonne &#8211; bitte, wozu braucht man dann die Nebelschlu\u00dfleuchte einschalten? (Au\u00dfer man ist der letzte) Danke f\u00fcr&#8217;s blenden&#8230; <\/p>\n<p>In die Gegenrichtung, Autobahn vom Aosta raus, war teilweise etlicher Stau &#8211; klar, die ganzen Flachl\u00e4nder waren heut in die Berge bei dem Wetter.. <\/p>\n<p>Gegen 19.45 erreichte ich zum Gl\u00fcck ohne Suche mein Hotel &#8211; das Hotel &#8220;Le Soleil&#8221; in Challand-St-Anselme. Die beiden Namen waren aber auch das einzige franz\u00f6sische hier. Im Vgl. zu S\u00fcdtirol, wo ja deutsch dominiert, scheint franz\u00f6sisch hier im AostaTal nur eine sehr geringe Verbreitung zu haben&#8230;<\/p>\n","protected":false},"excerpt":{"rendered":"<p>Der obere Lift ist ja ziemlich neu &#8211; heuer oder letztes Jahr die erste Saison. Von MEB und mit schicken blau-gl\u00e4nzenden Alu-Stangen! ca. 700m lang, mit einer teils recht schmalen Waldabfahrt, die ziemlich \u00fcberf\u00fcllt war. Die Au\u00dfenrum-Abfahrt ist wohl eher als Skiroute gedacht, da das untere Waldst\u00fcck noch schm\u00e4ler war. War also somit unpr\u00e4pariert&#8230;.  <a href=\"http:\/\/blog.inmontanis.info\/?p=876\">[&#8230;]<\/a><\/p>\n","protected":false},"author":1,"featured_media":0,"comment_status":"open","ping_status":"closed","sticky":false,"template":"","format":"standard","meta":{"footnotes":""},"categories":[70,15,468,27,29,32],"tags":[47],"class_list":["post-876","post","type-post","status-publish","format-standard","hentry","category-70","category-italienitaly","category-locana","category-skifahren-winterskiing-winter","category-skitourenwalk-ski","category-lostplaces","tag-sl","odd"],"_links":{"self":[{"href":"http:\/\/blog.inmontanis.info\/index.php?rest_route=\/wp\/v2\/posts\/876","targetHints":{"allow":["GET"]}}],"collection":[{"href":"http:\/\/blog.inmontanis.info\/index.php?rest_route=\/wp\/v2\/posts"}],"about":[{"href":"http:\/\/blog.inmontanis.info\/index.php?rest_route=\/wp\/v2\/types\/post"}],"author":[{"embeddable":true,"href":"http:\/\/blog.inmontanis.info\/index.php?rest_route=\/wp\/v2\/users\/1"}],"replies":[{"embeddable":true,"href":"http:\/\/blog.inmontanis.info\/index.php?rest_route=%2Fwp%2Fv2%2Fcomments&post=876"}],"version-history":[{"count":4,"href":"http:\/\/blog.inmontanis.info\/index.php?rest_route=\/wp\/v2\/posts\/876\/revisions"}],"predecessor-version":[{"id":9012,"href":"http:\/\/blog.inmontanis.info\/index.php?rest_route=\/wp\/v2\/posts\/876\/revisions\/9012"}],"wp:attachment":[{"href":"http:\/\/blog.inmontanis.info\/index.php?rest_route=%2Fwp%2Fv2%2Fmedia&parent=876"}],"wp:term":[{"taxonomy":"category","embeddable":true,"href":"http:\/\/blog.inmontanis.info\/index.php?rest_route=%2Fwp%2Fv2%2Fcategories&post=876"},{"taxonomy":"post_tag","embeddable":true,"href":"http:\/\/blog.inmontanis.info\/index.php?rest_route=%2Fwp%2Fv2%2Ftags&post=876"}],"curies":[{"name":"wp","href":"https:\/\/api.w.org\/{rel}","templated":true}]}}