{"id":8758,"date":"2023-04-15T20:12:57","date_gmt":"2023-04-15T18:12:57","guid":{"rendered":"http:\/\/blog.inmontanis.info\/?p=8758"},"modified":"2023-04-15T20:16:37","modified_gmt":"2023-04-15T18:16:37","slug":"falkert-klagenfurt-11-4-15-4-2023","status":"publish","type":"post","link":"http:\/\/blog.inmontanis.info\/?p=8758","title":{"rendered":"Falkert + Klagenfurt, 11.4.-15.4.2023"},"content":{"rendered":"<p><strong>Di, 11.4.2023<\/strong><\/p>\n<p>Ostern ist vorbei und folgende Skigebiete meiner Saisonkarte sind noch offen: Turracher H\u00f6he, Falkert, M\u00f6lltaler Gletscher, Kals-Matrei, St. Jakob. Das wird am Falkert wohl heute ein noch k\u00fcrzerer Skitag, wenn ich bis 11h am Campingplatz bin und dann erst noch rauffahren muss:<\/p>\n<p>&#8220;In der letzten Betriebswoche haben wir abweichende Betriebszeiten: Di. bis Fr. 09:00 bis 13:00 Uhr Samstag gro\u00dfes Saisonfinale mit dem Adrian Pertl Fan Club Abschluss und Water-Slide Contast, Liftbetrieb 09:00-16:00 Sonntag Liftbetrieb 09:00-13:00&#8221;<\/p>\n<p>Ich griff zu den Racecarvern, da f\u00fcr Offpiste heute eh kaum Zeit w\u00e4re. Pisten waren um 12 Uhr fast alle noch sehr hart. Um 13h fuhr ich meine \u00fcbliche Offpistepinkelvariante, auf der es nun sch\u00f6nen Firnschnee gab. Da der SL noch nicht eingestellt wurde, fuhr ich sie nochmals, aber mit der nun rauskommenden Sonne, war es nun pappig.<\/p>\n<p>Dass der lange SL nicht um 13h eingestellt wurde, war mir ja noch mit dem Kinder-Skiclub aus Zagreb erkl\u00e4rbar, aber auch der Tellerlift fuhr und wie sich im Laufe des Nachmittags herausstellen sollte, liefen die Lifte heute doch bis 16h. Ich h\u00f6rte dann um 15:30 auf, 4 Stunden Schlepperfahren reichten meinen Knochen, aber wer wei\u00df, wie lang&#8217;s morgen geht und wie der Schnee wird, also nutzte ich die Gelegenheit heute eben auch aus.<\/p>\n<p><a href='http:\/\/ski.inmontanis.info\/d\/318180-2\/DSC04595.jpg'><img src=http:\/\/ski.inmontanis.info\/d\/318179-3\/DSC04595.jpg \/><\/a><br \/>\n^ SL Falkert<\/p>\n<p><a href='http:\/\/ski.inmontanis.info\/d\/318184-2\/DSC04596.jpg'><img src=http:\/\/ski.inmontanis.info\/d\/318183-3\/DSC04596.jpg \/><\/a><br \/>\n^ SL Falkert \/ Spitz<\/p>\n<p><a href='http:\/\/ski.inmontanis.info\/d\/318188-2\/DSC04598.jpg'><img src=http:\/\/ski.inmontanis.info\/d\/318187-3\/DSC04598.jpg \/><\/a><br \/>\n^ Offpiste, das tolle Firnfenster war aber sehr kurz<\/p>\n<p><a href='http:\/\/ski.inmontanis.info\/d\/318192-2\/DSC04599.jpg'><img src=http:\/\/ski.inmontanis.info\/d\/318191-3\/DSC04599.jpg \/><\/a><br \/>\n^ SL Falkert<\/p>\n<p><a href='http:\/\/ski.inmontanis.info\/d\/318196-2\/DSC04601.jpg'><img src=http:\/\/ski.inmontanis.info\/d\/318195-3\/DSC04601.jpg \/><\/a><br \/>\n^ Blick r\u00fcber zu meinen vorherigen beiden Offpistespuren rechts der Abfahrt<\/p>\n<p>Die Wettervorhersagen bleiben problematisch ab Donnerstag. Turrach und Falkert will ich bei dem gemeldeten vielen Schneefall nicht anfahren (steile hohe Bergstra\u00dfen, au\u00dfer ich fahr schon zuvor rauf und lass mich einschneien), M\u00f6lltaler hat bei Schlechtwetter ggf. eh nicht offen, Kals-Matrei will ich nun mal gar nicht fahren (w\u00e4re mit 920m an der Talstation Matrei aber am bequemsten anzufahren vermutlich), 3 Tage heimfahren und sich daheim einschneien zu lassen ist auch bl\u00f6d, da ich erst wieder heimfahren wollte, wenn ich die Sommerr\u00e4der montier und die passen noch nicht.<\/p>\n<p>Da ich auf jeden Fall nochmals ein paar Tage Turrach will, macht Osttirol eh keinen Sinn, zu viel Umweg. M\u00f6lltal eigentlich auch, dann kann ich auch 3 Tage heim. Oder mich hier am Falkert einschneien lassen.<\/p>\n<p>Soll auch ziemlich im gesamten Alpenraum schneien, inkl. Nordappennin und Slowenien. Evtl. in den franz\u00f6sischen\/italienischen Meeralpen kaum, aber das w\u00e4r mir eh zu weit weg und ich m\u00fcsste ja erst Reifen wechseln.<\/p>\n<p>Nachmittags war der Stand, dass es morgen hier noch trocken bleiben soll und am Donnerstag dann 27cm unten und 35cm oben. Variiert immer etwas. Freitag und Samstag ebenfalls leichter Schnefall.<\/p>\n<p>Der Trainer oder Fahrer oder wasauchimmer des Zagreber Skiclubs kam noch 2x abends zum Parkplatz raufgefahren, um 20 Uhr holte er seine (Lang-) Hantel und Gewichte aus dem Auto und baute das neben mir auf und machte seine \u00dcbungen :)) <\/p>\n<p><a href='http:\/\/ski.inmontanis.info\/d\/318200-2\/DSC04602.jpg'><img src=http:\/\/ski.inmontanis.info\/d\/318199-3\/DSC04602.jpg \/><\/a><br \/>\n^ Hat sich vermutlich unbeobachtet gef\u00fchlt.<\/p>\n<p><strong>Mi, 12.4.2023<\/strong><\/p>\n<p>Heute w\u00e4r ja eigentich noch trocken gemeldet gewesen, aber es schneite schon morgens etwas, so dass der Parkplatz wei\u00df wurde. Die Schneemengenvorhersage \u00fcberall stieg auch, mit \u00fcber einen halben Meter auch in den osttiroler Skigebieten morgen, am M\u00f6lltaler sogar 29\/83cm und 34\/47cm hier am Falkert (Tal\/Berg). Es ist und bleibt Schei\u00dfe, hier irgendwo oben zu \u00fcbernachten, morgen irgendwo skizufahren und evtl auch am Freitag irgendwo rauf zu kommen ohne Ketten anlegen zu m\u00fcssen&#8230;<\/p>\n<p>Stromverbrauch von gestern 11 Uhr bis heute 11 Uhr aus der 12V-LiFePo4-Batterie (ca. 2h PC abends, 3h morgens, Handyladen, 2x Standheizung gestern Abend, 3x Standheizung heute Morgen (danach Sonne), K\u00fchlschrank, bissl Handyladen): ca. 25-26 Ah<\/p>\n<p>Die Pisten am Tellerlift waren dann schon sch\u00f6n weich, die am langen SL noch hart, weil oben auch keine Sonne hinkam. Zudem waren die beiden \u00e4u\u00dferen Abfahrten (links+rechts) nicht frisch pr\u00e4pariert und unsch\u00f6n zu fahren, wobei die linke immerhin vor 12 Uhr mit einer Spur pr\u00e4pariert wurde.<\/p>\n<p>Auch heute blieben die Lifte wieder l\u00e4nger als bis 13 Uhr offen, ich bin aber um 13:20 zum Auto, weil kalter Gegenwind und Abfahrt(en) am langen SL weiterhin hart.<\/p>\n<p>Um 14:00 bin ich nochmals zu den SL raufgegangen und bis 15:45 Ski gefahren. Insbesondere offpiste ging es am langen SL jetzt auch besser.<\/p>\n<p><a href='http:\/\/ski.inmontanis.info\/d\/318204-2\/DSC04605.jpg'><img src=http:\/\/ski.inmontanis.info\/d\/318203-3\/DSC04605.jpg \/><\/a><br \/>\n^ Doppelter Mut &#8211; mit der Neon-Jacke und den freigelegten Waden (die Hose nicht \u00fcber die Schuhe)<\/p>\n<p><a href='http:\/\/ski.inmontanis.info\/d\/318208-2\/DSC04608.jpg'><img src=http:\/\/ski.inmontanis.info\/d\/318207-3\/DSC04608.jpg \/><\/a><br \/>\n^ Rechte Abfahrt am SL und Offpiste daneben<\/p>\n<p>Nachmittags blieb die Frage, wohin heute Nacht und wohin die n\u00e4chsten Tage&#8230;<br \/>\n.. ich hab n\u00e4mlich eigentlich auf gar keine der Varianten Lust bzw. ist alles irgendwie schei\u00dfe.<\/p>\n<p>Ich erspar die Auflistung der M\u00f6glichkeiten mit ihren Pro\/Contra, sind im Nachhinein ja eh egal. Ich entschied mich, richtung Klagenfurt zu fahren und in einer Wohnstra\u00dfe zu n\u00e4chtigen, wo ich heuer schon einmal stand und wo gleich mal 2 Eulen zu h\u00f6ren waren. Aber es soll in der Nacht ja eh zu regnen beginnen.<\/p>\n<p>Der Vorverkauf f\u00fcr die Gopass-Saisonkarte hat nun begonnen. Leider satte 40\u20ac\/10% teurer geworden, der Vorverkauf: 529,- statt 489,- \u20ac. Daf\u00fcr ist der Preis noch bis Ende Mai g\u00fcltig (letztes Jahr gab es im April glaub ich noch den g\u00fcnstigeren Preis). Schwachsinnigerweise hei\u00dft der Saisonpass ja &#8220;Smart Season Pass Premium&#8221;, aber es gibt weder ohne Smart noch ohne Premium so einen Pass, also was soll der Krampf?!<\/p>\n<p>Gilt in folgenden 10 Skigebieten: SK: Jasn\u00e1, Tatransk\u00e1 Lomnica, \u0160trbsk\u00e9 Pleso, Star\u00fd Smokovec, CZ: \u0160pindler\u016fv Ml\u00fdn, Je\u0161t\u011bd, PL: Szczyrk Mountain Resort (SMR), Centralny O\u015brodek Sportu (COS), Beskid Sport Arena (BSA), AT: M\u00f6lltaler Gletscher, Ankogel Mallnitz, Muttereralm.<\/p>\n<p>Muttereralm mag ich seit den Neubauten ja gar nicht mehr und ob die anderen was taugen, wei\u00df ich noch nicht. Im Osten wurde in den letzten Jahrzehnten ja leider auch sehr viel modernisiert. M\u00fcsste man halt wissen, wie der Herbst wird und wann der M\u00f6lltaler im Herbst \u00f6ffnen kann&#8230;<\/p>\n<p><strong>Do, 13.4.2023<\/strong><\/p>\n<p>&#8220;Wie versprochen&#8221; fing es irgendwann nachts zu regnen an (f\u00fcr Schneefall war ich zu tief) und das ging pausenlos so weiter. Ob die Lifte am Falkert liefen, war auf den Webcams nicht erkennbar. M\u00f6lltaler hatte vormittags lt. Plan nur die beide kurzen SL an der Mittelstation offen.<\/p>\n<p>Nach 47 Skitagen hintereinander nun also mal eine Schlechtwetterpause.<\/p>\n<p>Mangels besserer Alternativen fuhr ich also nach Klagenfurt zu Ikea, dann gibts halt mal wieder K\u00f6ttbullar statt Hotdogs, sonst lohnt sich der Umweg ja gar nicht. Ok, den russischen Supermarkt\/Mix-Markt wollt ich mir in Klagenfurt ja auch noch ansehen, wie der im Vergleich zu den deutschen ist. Ggf. zumindest mal ohne Flaschenpfand.<\/p>\n<p>In &#8220;alter&#8221; UK-manier k\u00f6nnte man auch mal schaun, ob es so eine Gebrauchtwaren\/Antik\/Flohmarkt-Halle in K gibt. Schaut schlecht aus, scheint in der Steiermark \u00fcblicher zu sein bzw. hier in der Gegend erst Samstag wieder offen.<\/p>\n<p>In der Ikea nat\u00fcrlich nochmals den kleinen gr\u00fcnen Raum angesehen, da stand sogar der Farbton dabei, zudem gab es anderswo noch eine Wand, die aber mehr dunkelt\u00fcrkis war, jedenfalls gemerkt, dass mir das Gr\u00fcn in der Wandfarbe von dem zuletzt fotografierten Raum eigentlich etwas zu wenig Blau drin hat.<\/p>\n<p>W\u00e4hrend es bei mir daheim nur Obi gibt, gibt&#8217;s in Klagenfurt auch Hornbach und Bauhaus, also checkte ich die Websites mal nach gr\u00fcnen Wandfarben. Da schien mir Bauhaus die gr\u00f6\u00dfere Auswahl zu haben, also fuhr ich dort hin.<\/p>\n<p>Farben online zu bestellen ist ja auch immer nicht so einfach. Wobei ich mit der moosgr\u00fcnen Fliesenfarbe ja einen gewissen Referenzwert hab &#8211; diesen Farbton find ich schon sehr gut so, wirkt aber z.B. am Fensterrahmen durch das helle Licht von drau\u00dfen sehr dunkel und kaum noch gr\u00fcnlich.<\/p>\n<p>Und ja, Bauhaus hatte da viel zu bieten, Moosgr\u00fcn allerdings nur als Abt\u00f6nfarbe, also zum Selbstmischen mit wei\u00dfer Wandfarbe, wobei man nat\u00fcrlich kaum mischen darf, wenn man einen kr\u00e4ftigen Farbton haben m\u00f6chte.<\/p>\n<p>Glitzer\/Glimmer und Rost-Effekt-Lasuren f\u00fcr die W\u00e4nde g\u00e4b&#8217;s auch noch, wie geil ist das denn?<\/p>\n<p>Ich nahm mir mal 2 kleine Mustergebinde mit, kosteten um die 2,50 \u20ac oder so. J\u00e4gergr\u00fcn laut der einen Farbkarte im Vergleich k\u00f6nnte fast der selbe Farbton zu Jungle sein, aber ein klein wenig kr\u00e4ftiger. Zur Not kann man sich den gew\u00fcnschten Farbton anhand kleiner Farbkarten auch mischen lassen, aber da hat man dann nat\u00fcrlich sehr viel Auswahl und muss sich anhand eines kleinen Feldes f\u00fcr irgendeine Farbe entscheiden.<\/p>\n<p>Schade nur, dass die Bauhaus-M\u00e4rkte anscheinend keine Toiletten haben, hab auch hier keine gefunden, also fuhr ich noch zum Interspar.<\/p>\n<p><a href='http:\/\/extra.inmontanis.info\/d\/99126-2\/IMG_20230413_145302.jpg'><img src=http:\/\/extra.inmontanis.info\/d\/99125-3\/IMG_20230413_145302.jpg \/><\/a><br \/>\n^ J\u00e4gergr\u00fcn, schaut auf dem Bild besser=kr\u00e4ftiger aus als auf dem Farbk\u00e4rtchen<\/p>\n<p><a href='http:\/\/extra.inmontanis.info\/d\/99130-2\/IMG_20230413_150111.jpg'><img src=http:\/\/extra.inmontanis.info\/d\/99129-3\/IMG_20230413_150111.jpg \/><\/a><br \/>\n^ Alpina hat dieses dunkle Gr\u00fcn zu bieten ..<\/p>\n<p><a href='http:\/\/extra.inmontanis.info\/d\/99134-2\/IMG_20230413_150131.jpg'><img src=http:\/\/extra.inmontanis.info\/d\/99133-3\/IMG_20230413_150131.jpg \/><\/a><br \/>\n^ .. das aber auf der Farbkarte eher nach einem blassen oder hellen Moosgr\u00fcn anstatt eines dunklen Moosgr\u00fcns ausschaut. Moosgr\u00fcn ist ja eh schon ein sehr dunkles Gr\u00fcn..<\/p>\n<p><a href='http:\/\/extra.inmontanis.info\/d\/99138-2\/IMG_20230413_150213.jpg'><img src=http:\/\/extra.inmontanis.info\/d\/99137-3\/IMG_20230413_150213.jpg \/><\/a><br \/>\n^ Simply hat nicht viel Auswahl, nur dieses eine Gr\u00fcn, das schon sehr intensiv ist<\/p>\n<p><a href='http:\/\/extra.inmontanis.info\/d\/99142-2\/IMG_20230413_150749.jpg'><img src=http:\/\/extra.inmontanis.info\/d\/99141-3\/IMG_20230413_150749.jpg \/><\/a><br \/>\n^ Jungle schaut auf der Farbkarte auch nett aus, sch\u00f6n dunkel, aber daf\u00fcr nicht sehr kr\u00e4ftig. Das braucht man wohl entsprechende Farbakzente und Licht, damit man merkt, dass diese dunkle Farbe Gr\u00fcn ist..<\/p>\n<p><a href='http:\/\/extra.inmontanis.info\/d\/99146-2\/IMG_20230413_150830.jpg'><img src=http:\/\/extra.inmontanis.info\/d\/99145-3\/IMG_20230413_150830.jpg \/><\/a><br \/>\n^ Wie geil ist das denn, Effektlasuren Glimmer, Schimmer, Rost. Die Kupferspritzer rechts oben auf dem dunkeln w\u00fcrden mir am besten gefallen<\/p>\n<p><a href='http:\/\/extra.inmontanis.info\/d\/99150-2\/IMG_20230413_150944.jpg'><img src=http:\/\/extra.inmontanis.info\/d\/99149-3\/IMG_20230413_150944.jpg \/><\/a><br \/>\n^ &#8230;, Metall &#8230; Wie man heutzutage seine W\u00e4nde streichen (malen) kann, coool.<\/p>\n<p><a href='http:\/\/extra.inmontanis.info\/d\/99154-2\/DSC04609.jpg'><img src=http:\/\/extra.inmontanis.info\/d\/99153-3\/DSC04609.jpg \/><\/a><br \/>\n^ Von Jungle und Simply 21 gab&#8217;s so kleine Musterd\u00f6schen f\u00fcr wenig Geld, die nahm ich mir mal mit. J\u00e4gergr\u00fcn hab ich nicht gesehen, wirkte im Vergleich zu Jungle minimal heller und kr\u00e4ftiger, aber nicht so kr\u00e4ftig wie Moosgr\u00fcn, das wiederum im Vergleich zu 21 dunkler und bl\u00e4ulicher ist<\/p>\n<p>Was w\u00e4ren nun die M\u00f6glichkeiten f\u00fcr die n\u00e4chsten Tage?<br \/>\n.. morgen Abend am Campingplatz bleiben + Batterie voll laden um ab Samstag einige Tage Turrach zu fahren<br \/>\n.. morgen nochmals Falkert, um dort am FR+SA zu fahren, sofern FR bei dem gemeldeten Sturm \u00fcberhaupt offen ist, dann erst am SA zum Campingplatz aufladen und ab SO einige Tage Turrach<\/p>\n<p>Wobei es ja zumindest bis morgen Vormittag so weiter schneien soll und auch f\u00fcr SA+SO kaum\/keine Sonne gemeldet ist. Und ob Falkert bei dem gemeldeten Sturm morgen offen hat, darf auch bezweifelt werden.<\/p>\n<p>Je nachdem m\u00fcsste ich ggf. also n\u00e4her dran \u00fcbernachten. Oder ich suche mir in Klagenfurt einen ruhigen Parkplatz, schau mir morgen noch den W\u00f6rthersee an und geh erst danach noch in den Mix-Markt&#8230;<\/p>\n<p>Es gibt n\u00e4mlich noch eine interessante Ecke in Klagenfurt. Da die Stadt n\u00e4mlich nicht ganz am See liegt, wurde mal ein Kanal von der Stadt zum See gebaut (G\u00fctertransport), zudem gibt&#8217;s hier noch ein kurzes St\u00fcck Nostalgie-Stra\u00dfenbahn samt Remise und Museum, aber das hat leider nur im Juli+August an den Wochenenden offen. Ein Buffet gibts, das schon offen hat und vielleicht sieht man ja trotzdem bisschen was. Nahe dort gibts eine Sackgasse, die als guter Nachtplatz auf p4n eingetragen ist.<\/p>\n<p><a href='https:\/\/www.nostalgiebahn.at\/lendcanaltramway.html'>https:\/\/www.nostalgiebahn.at\/lendcanaltramway.html<\/a><\/p>\n<p>Minimundus w\u00e4r auch nicht weit von dort. Hatten wir bei unserem K\u00e4rnten-Sommerurlaub Ende 80er oder Anfang 90er besucht. Lese gerade bei den Google-Rezensionen, dass das abends noch sch\u00f6ner sein soll, weil die Geb\u00e4ude sch\u00f6n bunt beleuchtet sind.<\/p>\n<p>Mit 19,50 Eintrittspreis aber nicht gerade g\u00fcnstig und keine Erm\u00e4\u00dfigung mit der K\u00e4rnten-Card<\/p>\n<p>Ansonsten w\u00e4r die K\u00e4rntencard aber durchaus eine \u00dcberlegung wert. Gibts wochenweise oder als Saisonkarte (selbst dann um nur 85 \u20ac, vom 1.4.-5.11. g\u00fcltig, aber nat\u00fcrlich hat nicht alles die ganze Zeit offen) und man darf sogar etliche Bergbahnen jeden Tag 1x gratis fahren. Die Tramway ist auch inkludiert und nat\u00fcrlich auch andere Museen, Burgen, Bergwerke, B\u00e4der (brauch ich nicht), Mautstra\u00dfen, Schluchten, &#8230;.  sehr viel, was man da meist ohne Zusatzkosten besuchen kann. Da h\u00e4tte ich was zu tun im Sommer&#8230; wesentlich mehr als ich wollte&#8230; Ok, man m\u00fcsste ja nicht alles in einem Sommer anschauen &#8230;<\/p>\n<p>Ich musste die beiden Farben nat\u00fcrlich noch im Auto auf Holz testen. Wird auf der Wand zwar vermutlich anders aussehen, aber hier \u00fcberzeugt mich das Ergebnis mal in beiden F\u00e4llen nicht, das Gr\u00fcn zwar sch\u00f6n kr\u00e4ftig, aber eigentlich zu hell und das Jungle zu dunkel-blass, bei schw\u00e4cherem Licht wird das also eher grau als gr\u00fcn wirken.<\/p>\n<p>Damit w\u00e4re dann eigentlich auch das &#8220;J\u00e4gergr\u00fcn&#8221; aus dem Rennen, das ja nicht so viel anders war. Dann lieber das kr\u00e4ftigere Gr\u00fcn. Ja, es ist ein schwieriger und kleiner Grat und eine ganze Wand w\u00fcrde wohl auch nochmals ganz anders wirken, dann werde ich das mal noch daheim ausprobieren, insb. auch dann im Vgl. zu meiner Moosgr\u00fcn-Fliesenfarbe, mit der ich ja auch schon meinen Schrank und die Fensterrahmen lackiert hab. <\/p>\n<p><a href='http:\/\/extra.inmontanis.info\/d\/99158-2\/DSC04610.jpg'><img src=http:\/\/extra.inmontanis.info\/d\/99157-3\/DSC04610.jpg \/><\/a><br \/>\n^ Zugegeben, auf Holz wird das jetzt ganz anders wirken als daheim auf einer Wand und dann auch noch in Gro\u00df, aber erster Eindruck: Beides nicht das, was ich will. Wobei das obere Gr\u00fcn bei etwas weniger direktem Licht schon dunkler ausschaut, das untere aber daf\u00fcr kaum noch nach Gr\u00fcn ausschaut &#8211; dann lieber das obere, aber wohl besser auch nicht.<\/p>\n<p>Hier noch zum unpassenden Vergleich 2 alte Bilder von meinem Moosgr\u00fcn-Fliesenlack:<\/p>\n<p><a href='http:\/\/extra.inmontanis.info\/d\/57211-3\/DSC01825.jpg'><img src=http:\/\/extra.inmontanis.info\/d\/57210-4\/DSC01825.jpg \/><\/a><br \/>\n^ Bad in meiner vorherigen Wohnung in Innsbruck<\/p>\n<p><a href='http:\/\/extra.inmontanis.info\/d\/97834-3\/DSC04305.jpg'><img src=http:\/\/extra.inmontanis.info\/d\/97833-4\/DSC04305.jpg \/><\/a><br \/>\n^ Rechts der einfach \u00fcbermalte Schrank<\/p>\n<p>&#8212;<\/p>\n<p><a href='http:\/\/extra.inmontanis.info\/d\/99162-2\/DSC04611.jpg'><img src=http:\/\/extra.inmontanis.info\/d\/99161-3\/DSC04611.jpg \/><\/a><br \/>\n^ Drei Abende hintereinander ein kaltes faschiertes Laibchen mit K\u00e4se und Ketchup mit Toastbrot<\/p>\n<p>Ab 19 Uhr hatte der Regen in Klagenfurt auch eine Schnee-Komponente. Soweit ich das mitbekommen hab, gab es heute wohl keine einzige Niederschlagspause &#8211; au\u00dfer vielleicht als ich in der Ikea war, da hab ich ja nicht laufend aus dem Fenster geschaut.<\/p>\n<p>Im Laufe des Tages gab es nicht nur wie morgens Kettenpflicht auf den Katschberg (dort abends nicht mehr), sondern auch auf andere Stra\u00dfen, wobei eben fraglich ist, ob auf der \u00d6AMTC-Verkehrsservice-Website alle kleinen Stra\u00dfen (wie zB. Falkert) genannt werden w\u00fcrden. Eigenartig jedenfalls die Angabe der Schneekettenpflicht auf die Turracherh\u00f6he: &#8220;bis 14.04.2023 18:48 Uhr&#8221;. Was genau da morgen um 18:49 anders sein wird als um 18:48? ;)<\/p>\n<p><strong>Fr, 14.4.2023<\/strong><\/p>\n<p>Es regnete, zumindest leicht, die ganze Nacht hindurch. Auch um 11 Uhr regnete es noch. Soll ich noch etwas warten, dass es endlich mal aufh\u00f6rt, um mir noch kurz die Gegend hier am Kanal anzusehen? Evtl. soll&#8217;s zwischen 12-13 Uhr aufh\u00f6ren, sagen die Regenprognosen..<\/p>\n<p>Schneekettenpflichten gab es in K\u00e4rnten lt. \u00d6AMTC keine mehr, Skifahrer waren am Falkert auf der Webcam keine zu sehen und stand dann auch im Schneebericht: &#8220;50cm Neuschnee! Wie cool ist das! Wir freuen uns nochmal \u00fcber den vielen Schnee zum Saisonfinale! Leider ist heute aber vorl\u00e4ufig kein Liftbetrieb m\u00f6glich! Wir halten euch am laufenden! Danke und SkiHeil!&#8221;<\/p>\n<p>Mir unerkl\u00e4rlich. Was n\u00fctzt denen denn der Neuschnee jetzt noch, habens ja auch nur mehr Arbeit. Und ich mag Neuschnee im Fr\u00fchjahr schon gleich gar nicht. <\/p>\n<p>Der Samstag-Event wurde mittlerweile um eine Woche verschoben, geht ja wohl auch ohne Liftbetrieb &#8211; oder der wird dann halt nochmals paar Stunden eingeschaltet. <\/p>\n<p>Naja, ich habs ja auf meiner Winterreise schon gesagt, als ich da 5 Wochen oder so fast jeden Tag Kaiserwetter-Sonnenschein hatte, dass dann wohl das Fr\u00fchjahr beschissen werden wird. Ja, ich hatte hier und da einige nette Firnpisten und auch ein paar Sonnenstunden, aber unterm Strich war das leider wieder ein sehr unfr\u00fchlingshaftes Saisonende.<\/p>\n<p>M\u00f6lltaler heute, wenig \u00fcberraschend, auch komplett geschlossen.<\/p>\n<p>Kurz vor 13h nieselte es nur noch leicht und ich ging doch noch raus vor die T\u00fcr. Das Tramway-Buffet hatte wetterbedingt geschlossen, aber dass sonst nix los war, war nat\u00fcrlich praktisch zum fotografieren. Im Sommer w\u00e4r&#8217;s mir hier viel zu voll ;)<\/p>\n<p>Viel sehen tut man vom W\u00f6rthersee hier aber nicht, nur ein kleines Eck.<\/p>\n<p><a href='http:\/\/extra.inmontanis.info\/d\/99054-2\/DSC04612.jpg'><img src=http:\/\/extra.inmontanis.info\/d\/99052-3\/DSC04612.jpg \/><\/a><br \/>\n^ Lendkanal zwischen W\u00f6rthersee und Klagenfurt<\/p>\n<p><a href='http:\/\/extra.inmontanis.info\/d\/99058-2\/DSC04614.jpg'><img src=http:\/\/extra.inmontanis.info\/d\/99057-3\/DSC04614.jpg \/><\/a><br \/>\n^ Tramway-Buffet \/ Ex-Stra\u00dfenbahn<\/p>\n<p><a href='http:\/\/extra.inmontanis.info\/d\/99062-2\/DSC04616.jpg'><img src=http:\/\/extra.inmontanis.info\/d\/99061-3\/DSC04616.jpg \/><\/a><br \/>\n^ Stadtverkehrsmuseum, leider nur im Juli\/August und auch da nur Sa+So offen<\/p>\n<p><a href='http:\/\/extra.inmontanis.info\/d\/99066-2\/DSC04618.jpg'><img src=http:\/\/extra.inmontanis.info\/d\/99065-3\/DSC04618.jpg \/><\/a><br \/>\n^ Ebenfalls hier ist das Kinomuseum<\/p>\n<p><a href='http:\/\/extra.inmontanis.info\/d\/99070-2\/DSC04619.jpg'><img src=http:\/\/extra.inmontanis.info\/d\/99069-3\/DSC04619.jpg \/><\/a><br \/>\n^ Tramway-Buffet<\/p>\n<p><a href='http:\/\/extra.inmontanis.info\/d\/99074-2\/DSC04620.jpg'><img src=http:\/\/extra.inmontanis.info\/d\/99073-3\/DSC04620.jpg \/><\/a><br \/>\n^ Preise<\/p>\n<p><a href='http:\/\/extra.inmontanis.info\/d\/99078-2\/DSC04622.jpg'><img src=http:\/\/extra.inmontanis.info\/d\/99077-3\/DSC04622.jpg \/><\/a><br \/>\n^ In diesem Wagen sind die Toiletten untergebracht<\/p>\n<p><a href='http:\/\/extra.inmontanis.info\/d\/99082-2\/DSC04623.jpg'><img src=http:\/\/extra.inmontanis.info\/d\/99081-3\/DSC04623.jpg \/><\/a><br \/>\n^ Lendkanal<\/p>\n<p><a href='http:\/\/extra.inmontanis.info\/d\/99086-2\/DSC04624.jpg'><img src=http:\/\/extra.inmontanis.info\/d\/99085-3\/DSC04624.jpg \/><\/a><br \/>\n^ Lendkanal<\/p>\n<p><a href='http:\/\/extra.inmontanis.info\/d\/99090-2\/DSC04625.jpg'><img src=http:\/\/extra.inmontanis.info\/d\/99089-3\/DSC04625.jpg \/><\/a><br \/>\n^ Strandbad<\/p>\n<p><a href='http:\/\/extra.inmontanis.info\/d\/99094-2\/DSC04626.jpg'><img src=http:\/\/extra.inmontanis.info\/d\/99093-3\/DSC04626.jpg \/><\/a><br \/>\n^ W\u00f6rthersee<\/p>\n<p><a href='http:\/\/extra.inmontanis.info\/d\/99098-2\/DSC04629.jpg'><img src=http:\/\/extra.inmontanis.info\/d\/99097-3\/DSC04629.jpg \/><\/a><br \/>\n^ Erstes Luftkissenboot<\/p>\n<p><a href='http:\/\/extra.inmontanis.info\/d\/99102-2\/DSC04632.jpg'><img src=http:\/\/extra.inmontanis.info\/d\/99101-3\/DSC04632.jpg \/><\/a><br \/>\n^ Lendkanal und W\u00f6rthersee<\/p>\n<p><a href='http:\/\/extra.inmontanis.info\/d\/99106-2\/DSC04633.jpg'><img src=http:\/\/extra.inmontanis.info\/d\/99105-3\/DSC04633.jpg \/><\/a><br \/>\n^ Lendkanal<\/p>\n<p><a href='http:\/\/extra.inmontanis.info\/d\/99110-2\/DSC04635.jpg'><img src=http:\/\/extra.inmontanis.info\/d\/99109-3\/DSC04635.jpg \/><\/a><br \/>\n^ Tramway-Buffet<\/p>\n<p><a href='http:\/\/extra.inmontanis.info\/d\/99114-2\/DSC04636.jpg'><img src=http:\/\/extra.inmontanis.info\/d\/99113-3\/DSC04636.jpg \/><\/a><br \/>\n^ Leider scheint die Museumsbahn ohne Oberleitung zu fahren<\/p>\n<p><a href='http:\/\/extra.inmontanis.info\/d\/99118-2\/DSC04637.jpg'><img src=http:\/\/extra.inmontanis.info\/d\/99117-3\/DSC04637.jpg \/><\/a><br \/>\n^ Leider scheint die Museumsbahn ohne Oberleitung zu fahren<\/p>\n<p><a href='http:\/\/extra.inmontanis.info\/d\/99122-2\/DSC04638.jpg'><img src=http:\/\/extra.inmontanis.info\/d\/99121-3\/DSC04638.jpg \/><\/a><br \/>\n^ UFO-Haus ;-)<\/p>\n<p>Im Mix-Markt sp\u00e4ter dann nur S\u00fc\u00dfes gekauft. Wenn ich mal heimfahr von hier aus k\u00f6nnte ich mir dann auch tiefgek\u00fchlte Speisen mitnehmen.<\/p>\n<p>Danach nochmals zum Interspar, WC und bissl einkaufen. Mittlerweile hab ich mir \u00fcberlegt, um n\u00e4chste Woche evtl bissl l\u00e4nger auf der Turrach zu bleiben, falls m\u00f6glich, schon den K\u00fchlschrank abzustellen, d.h. keine neuen gek\u00fchlten Sachen mehr kaufen und stattdessen ungek\u00fchlte Produkte. Hab jetzt ca. 9x 1,5l Flaschen Cola\/Himbeerlimo (Zuckerfrei) dabei, insb. im Bereich Fahrersitz, heftig ;) Und noch zus\u00e4tzliche 3 mit &#8220;Natursekt&#8221; ;-) Die will ich dann am Campingplatz entsorgen, denn bei Nachtpl\u00e4tzen in der Stadt sch\u00fctte ich meinen Pissekanister nicht auf der Stra\u00dfe aus.<\/p>\n<p>Und weil der Nachtplatz so sch\u00f6n ruhig war, blieb ich halt nochmals hier.<\/p>\n<p><a href='http:\/\/extra.inmontanis.info\/d\/99166-2\/DSC04639.jpg'><img src=http:\/\/extra.inmontanis.info\/d\/99165-3\/DSC04639.jpg \/><\/a><br \/>\n^ Paar osteurop\u00e4ische Eink\u00e4ufe<\/p>\n<p>Was mir ja schon immer noch etwas abgeht, w\u00e4re eine kleine, stromsparende und g\u00fcnstige Surroundsound-L\u00f6sung, zB aus Handy-oder Notebook-Lautsprechern, also was Gr\u00f6\u00dfe und Stromverbrauch angeht. W\u00e4r mir lautst\u00e4rkenm\u00e4\u00dfig absolut ausreichend. 1 so ein kleiner Lautsprecher in jede Ecke und ein entsprechend kleiner Verst\u00e4rker auf USB- oder 12V-Basis mit DSP, 3D\/Surround-Effekt und evtl. Dolby Surround, Aux-In und Bluetooth. Subwoofer brauch ich keinen, bin sowieso eher Fan von hohen und klaren T\u00f6nen.<\/p>\n<p>Allerdings liefen bisher gemachte Internetsuchen ins Nirvana. <\/p>\n<p><strong>Sa, 15.4.2023<\/strong><\/p>\n<p>Ich fuhr also wieder Falkert hinauf, wo es ja angeblich 50cm Neuschnee haben sollte und bereits wieder leicht schneite. Oder wo zumindest 30cm im Talbereich gemeldet wurden? Naja. Da hat der Sturm wohhl viel verweht, auf den D\u00e4chern und schneefreien Landsdchaftsbereichen war kaum was zu sehen.<\/p>\n<p>War wenig los, die Pisten je nach Pr\u00e4parierungszeitraum brauchbar, mit ein paar kleine Windverwehungen (oder auch gr\u00f6\u00dferen, dem Pistenrand sollte man nicht zu nahe kommen), oder an der einen linken Abfhart vom SL, die nicht pr\u00e4pariert war, windgepresst bis bruchharschig. Daher Offpiste gar nicht weiter probiert heute. <\/p>\n<p>Dazu kalter Wind, so dass ich um 11:30 Uhr wieder ans Auto bin, um mich aufzuw\u00e4rmen. Von 12:00-13:20 Uhr fuhr ich aber doch nochmals, da die Sicht etwas bessser war, mittlerweile wieder weniger los und kaum noch jemand da, am Teller-SL ging&#8217;s noch ganz gut zu fahren. Die Rennkids aus Zagreb sind um 12 Uhr abgefahren.<\/p>\n<p><a href='http:\/\/ski.inmontanis.info\/d\/318212-2\/DSC04640.jpg'><img src=http:\/\/ski.inmontanis.info\/d\/318211-3\/DSC04640.jpg \/><\/a><br \/>\n^ Wenig los um 9:40 Uhr, ein paar kamen aber noch<\/p>\n<p><a href='http:\/\/ski.inmontanis.info\/d\/318216-2\/DSC04643.jpg'><img src=http:\/\/ski.inmontanis.info\/d\/318215-3\/DSC04643.jpg \/><\/a><br \/>\n^ Der Neuschnee kam wieder mit viel Wind<\/p>\n<p><a href='http:\/\/ski.inmontanis.info\/d\/318220-2\/DSC04644.jpg'><img src=http:\/\/ski.inmontanis.info\/d\/318219-3\/DSC04644.jpg \/><\/a><br \/>\n^ Mittags waren die Pistenbegrenzungen an der rechten SL-Abfahrt weg, wobei die Piste eh nur zur H\u00e4lfte pr\u00e4pariert war, und zwar nicht an der Zaunseite<\/p>\n<p><a href='http:\/\/ski.inmontanis.info\/d\/318224-2\/ge2023041115e.jpg'><img src=http:\/\/ski.inmontanis.info\/d\/318223-3\/ge2023041115e.jpg \/><\/a><br \/>\n^ GPS-Track 11.\/12.\/15.4.2023 in Blau, Magenta und T\u00fcrkis; vorherige Besuche in Gelb<\/p>\n<p>Da ich morgen Turrach m\u00f6chte (wer wei\u00df, ob ab MO noch so viel offen sein wird), ging&#8217;s heut Abend zum Campingplatz, um die Batterie voll zu laden. Diesmal 18 \u20ac zahlen m\u00fcssen. Auf dem Weg dorthin wieder bei der\/dem \u00fcblichen Billa gehalten und insb. Geb\u00e4ck f\u00fcr n\u00e4chste Woche eingekauft, diesmal aber nicht nur Semmeln (kann ich schon bald nicht mehr sehen), sondern auch andere Sachen.<\/p>\n<p>Am Campingplatz waren \u00fcberraschenderweise die \u00fcblichen Parkpl\u00e4tze mit Baumaterial belegt, weil wohl noch mehr Mobilheime aufgestellt werden sollen. Ob die auch zum Schlafen gedacht sind oder nur als Erg\u00e4nzung f\u00fcr Wohnmobile\/Wohnw\u00e4gen, ist mir bisher nicht klar, aber da ich mich vor einem hinstellen sollte und ich dann morgen  den Strom von drin ausst\u00f6pseln muss, werd ich mir so ein Ding morgen mal von Innen sehen k\u00f6nnen.<\/p>\n<p>Auch wenn ich noch Toastbrot da hatte, wollte ich heute das vierte und letzte faschierte Laibchen nicht nur warm, sondern auch mit einer anderen Beilage essen. Hatte noch eine kleine Packung R\u00f6sti aus der Schweiz.<\/p>\n<p>H\u00e4tte nat\u00fcrlich auch schon fr\u00fcher mal auf die Facebookseite von der Turracherh\u00f6he schauen k\u00f6nnen, da wurde vor einigen Tagen geschrieben, was n\u00e4chste Woche offen haben wird:<\/p>\n<p>&#8220;Noch bis zum kommenden Sonntag (16.04.) k\u00f6nnt ihr auf all unseren Pisten sonniges Skivergn\u00fcgen genie\u00dfen.  Anschlie\u00dfend sind noch die Schafalmbahn bis 23.04. und die Kornockbahn solange es die Witterungsverh\u00e4ltnisse zulassen ge\u00f6ffnet.&#8221;<\/p>\n<p>Schafalm h\u00e4tte ich ja vom Aussehen her als Zwangsverriegelung identifiziert und ist somit auf der Boykottliste; Kornock-6KSB k\u00f6nnte also sogar noch l\u00e4nger offen haben als nur bis 23.4. &#8211; aber ich denke, da werd ich dann am M\u00f6lltaler besser aufgehoben sein. Au\u00dfer die h\u00e4tten am WE 29.4.-1.5. hier noch offen, dann k\u00f6nnt ich ja vielleicht nochmals vorbei schauen.<\/p>\n<p><em>N\u00e4chster Bericht: vielleicht im Laufe der Woche oder sp\u00e4testens n\u00e4chstes WE, je nachdem wie lang ich auf der Turracherh\u00f6he bleiben kann, darf und will.<\/em><\/p>\n","protected":false},"excerpt":{"rendered":"<p>Di, 11.4.2023<\/p>\n<p>Ostern ist vorbei und folgende Skigebiete meiner Saisonkarte sind noch offen: Turracher H\u00f6he, Falkert, M\u00f6lltaler Gletscher, Kals-Matrei, St. Jakob. Das wird am Falkert wohl heute ein noch k\u00fcrzerer Skitag, wenn ich bis 11h am Campingplatz bin und dann erst noch rauffahren muss:<\/p>\n<p>&#8220;In der letzten Betriebswoche haben wir abweichende Betriebszeiten: Di. bis Fr. <a href=\"http:\/\/blog.inmontanis.info\/?p=8758\">[&#8230;]<\/a><\/p>\n","protected":false},"author":1,"featured_media":8763,"comment_status":"closed","ping_status":"closed","sticky":false,"template":"","format":"standard","meta":{"footnotes":""},"categories":[209,13,27,30],"tags":[51,133,45,47],"class_list":["post-8758","post","type-post","status-publish","format-standard","has-post-thumbnail","hentry","category-falkert","category-austria","category-skifahren-winterskiing-winter","category-wandern","tag-architektur","tag-kanalcanal","tag-see","tag-sl","odd"],"_links":{"self":[{"href":"http:\/\/blog.inmontanis.info\/index.php?rest_route=\/wp\/v2\/posts\/8758","targetHints":{"allow":["GET"]}}],"collection":[{"href":"http:\/\/blog.inmontanis.info\/index.php?rest_route=\/wp\/v2\/posts"}],"about":[{"href":"http:\/\/blog.inmontanis.info\/index.php?rest_route=\/wp\/v2\/types\/post"}],"author":[{"embeddable":true,"href":"http:\/\/blog.inmontanis.info\/index.php?rest_route=\/wp\/v2\/users\/1"}],"replies":[{"embeddable":true,"href":"http:\/\/blog.inmontanis.info\/index.php?rest_route=%2Fwp%2Fv2%2Fcomments&post=8758"}],"version-history":[{"count":4,"href":"http:\/\/blog.inmontanis.info\/index.php?rest_route=\/wp\/v2\/posts\/8758\/revisions"}],"predecessor-version":[{"id":8762,"href":"http:\/\/blog.inmontanis.info\/index.php?rest_route=\/wp\/v2\/posts\/8758\/revisions\/8762"}],"wp:featuredmedia":[{"embeddable":true,"href":"http:\/\/blog.inmontanis.info\/index.php?rest_route=\/wp\/v2\/media\/8763"}],"wp:attachment":[{"href":"http:\/\/blog.inmontanis.info\/index.php?rest_route=%2Fwp%2Fv2%2Fmedia&parent=8758"}],"wp:term":[{"taxonomy":"category","embeddable":true,"href":"http:\/\/blog.inmontanis.info\/index.php?rest_route=%2Fwp%2Fv2%2Fcategories&post=8758"},{"taxonomy":"post_tag","embeddable":true,"href":"http:\/\/blog.inmontanis.info\/index.php?rest_route=%2Fwp%2Fv2%2Ftags&post=8758"}],"curies":[{"name":"wp","href":"https:\/\/api.w.org\/{rel}","templated":true}]}}