{"id":8754,"date":"2023-04-10T19:43:48","date_gmt":"2023-04-10T17:43:48","guid":{"rendered":"http:\/\/blog.inmontanis.info\/?p=8754"},"modified":"2023-04-11T19:44:27","modified_gmt":"2023-04-11T17:44:27","slug":"bad-kleinkirchheim-9-10-4-2023-leere-ostern","status":"publish","type":"post","link":"http:\/\/blog.inmontanis.info\/?p=8754","title":{"rendered":"Bad Kleinkirchheim 9.+10.4.2023 &#8212; Leere Ostern"},"content":{"rendered":"<p><strong>So, 9.4.2023<\/strong> (Ostersonntag)<\/p>\n<p>Tja, also in Bad Kleinkirchheim w\u00e4ren heut fr\u00fch trotz Feiertag Spar+Billa offen gewesen.<\/p>\n<p>Um kurz vor 9 Uhr an der 6EUB angekommen, war der Parkplatz seeehr lehr. Was ist nur los dieses Ostern, \u00fcberall so leer? Normalerweise wird es doch erst ab Ostermontag oder dann Dienstag leerer, aber leerer k\u00f6nnte es ja gar nicht mehr werden, ok, die haben hier ja eh nicht mehr offen ab Dienstag, aber trotzdem. <\/p>\n<p>Oder sind Skigebiete, die nur bis Ostermontag statt bis dem WE nach Ostern (oder noch l\u00e4nger) offen sind, generell leerer zu Ostern? Weil die anderen nur deshalb so voll sind, weil die Vor-Oster-Wochen-Urlauber bis Montag bleiben und die Nach-Oster-Wochen-Urlauber schon am Freitag\/Samstag da sind? Klar, wenn Ostern noch 2 Wochen sp\u00e4ter ist, ist&#8217;s immer leerer als wenn es noch 2 Wochen fr\u00fcher w\u00e4re, aber wir sind ja heuer relativ mittig mit dem Ostertermin&#8230;<\/p>\n<p>Schneequalit\u00e4tsm\u00e4\u00dfig ist das nat\u00fcrlich vorteilhaft, wenn so wenig los ist.<\/p>\n<p>Wie ja schon vor einigen Wochen festgestellt, ist nur noch die 6EUB-4KSB-Seite in BKK offen, was f\u00fcr einen Tag nat\u00fcrlich v\u00f6llig ausreichend ist, aber ob ich nun morgen nochmals herkommen m\u00f6chte oder doch schon Falkert fahren m\u00f6chte (weil es ab Dienstag wieder unsonnig werden soll), wollte ich erst nachmittags entscheiden, je nachdem, wie gut es mir heute hier gefallen w\u00fcrde. Klarerweise find ich die Abfahrten hier unsch\u00f6ner als in Heiligenblut, aufgrund der niedrigeren H\u00f6he (1000m) aber auch neuschnee\u00e4rmer und somit vielleicht sch\u00f6ner und firniger, zudem gibt&#8217;s ja auch zwei nette SL hier.<\/p>\n<p>Bei meiner ersten Abfahrt ins Tal war&#8217;s um 10 Uhr noch recht hart \u00fcberall (au\u00dfer oben am Mulden-SL, da wars eher pulvrig) und auch die Luft sehr kalt. Sp\u00e4ter stellenweise sch\u00f6n firnig, aber heute auch erstmals nach etlichen Tagen wieder pappig.<\/p>\n<p>Offpiste am Mulden-SL ging auch ganz gut, sofern man m\u00f6glichst wenig (tiefe) Altspuren hatte, wobei es in den unteren Bereichen (wo man den Altspuren kaum noch entkommen konnte) nachmittags auch besser war. Somit nachmittags einiges gefahren am SL, war einige Zeit lang alleine am SL, obwohl die Abfahrt, insb. am \u00e4u\u00dferen Rand, optimal zu fahren ging, noch Pistenraupenspuren und fast pulvrige Verh\u00e4ltnisse. <\/p>\n<p>Wie schon einmal hier, gab es das beste Wetter p\u00fcnktlich zum Betriebsschluss, so sonnig und viel blauen Himmel gab es den ganzen Tag nicht. Ab dem fr\u00fchen Nachmmittag war mir auch klar, dass ich hier morgen nochmals herfahren m\u00f6chte, Falkert also erst ab Dienstag. <\/p>\n<p><a href='http:\/\/ski.inmontanis.info\/d\/318016-2\/DSC04527.jpg'><img src=http:\/\/ski.inmontanis.info\/d\/318015-3\/DSC04527.jpg \/><\/a><br \/>\n^ Schaut nach wenig offenen Liften+Pisten aus, aber genauer betrachtet ist der linke Teil fast komplett offen. Im rechten Teil gibt es auch viele k\u00fcrzere Abfahrten.<\/p>\n<p><a href='http:\/\/ski.inmontanis.info\/d\/318020-2\/DSC04528.jpg'><img src=http:\/\/ski.inmontanis.info\/d\/318019-3\/DSC04528.jpg \/><\/a><br \/>\n^ Unterer gesperrter Hang der schwrazen 8. Fuhr ich dann am n\u00e4chsten Tag zum Abschluss<\/p>\n<p><a href='http:\/\/ski.inmontanis.info\/d\/318024-2\/DSC04530.jpg'><img src=http:\/\/ski.inmontanis.info\/d\/318023-3\/DSC04530.jpg \/><\/a><br \/>\n^ Halbleerer Parkplatz an der 6EUB am Ostersonntag und der Parkplatz ist ja eh so klein<\/p>\n<p><a href='http:\/\/ski.inmontanis.info\/d\/318028-2\/DSC04532.jpg'><img src=http:\/\/ski.inmontanis.info\/d\/318027-3\/DSC04532.jpg \/><\/a><br \/>\n^ Offpiste am Mulden-SL teils recht gut, abseits tieferer Altspuren; bzw. hier ja auf der Abfahrt, die als Buckelpiste ausgezeichnet ist &#8211; die haben sich heuer aber nicht gebildet<\/p>\n<p><a href='http:\/\/ski.inmontanis.info\/d\/318032-2\/DSC04533.jpg'><img src=http:\/\/ski.inmontanis.info\/d\/318031-3\/DSC04533.jpg \/><\/a><br \/>\n^ Abfahrt 8 im oberen Teil ist offen, weil die Verbindung zur 4KSB offen ist<\/p>\n<p><a href='http:\/\/ski.inmontanis.info\/d\/318036-2\/DSC04537.jpg'><img src=http:\/\/ski.inmontanis.info\/d\/318035-3\/DSC04537.jpg \/><\/a><br \/>\n^ SL Sonnenhang. St\u00fctze 1, 2 3, schon vorbei? Dann muss man den Lift halt 3x fahren<\/p>\n<p><a href='http:\/\/ski.inmontanis.info\/d\/318040-2\/DSC04538.jpg'><img src=http:\/\/ski.inmontanis.info\/d\/318039-3\/DSC04538.jpg \/><\/a><br \/>\n^ Den hab ich heut \u00f6fters so verkrampft hier fahren sehen, anscheinend mit beiden H\u00e4nden den B\u00fcgel (und manchmal noch schr\u00e4ger) haltend<\/p>\n<p><a href='http:\/\/ski.inmontanis.info\/d\/318044-2\/DSC04539.jpg'><img src=http:\/\/ski.inmontanis.info\/d\/318043-3\/DSC04539.jpg \/><\/a><br \/>\n^ Von Gegen\u00fcber sieht man ja eine alte SL-Trasse, die wollt ich heut mal aufsuchen, was gar nicht so einfach ist, da man sie \u00fcbersieht, anscheinend wohl hinter der Webcam<\/p>\n<p><a href='http:\/\/ski.inmontanis.info\/d\/318048-2\/DSC04540.jpg'><img src=http:\/\/ski.inmontanis.info\/d\/318047-3\/DSC04540.jpg \/><\/a><br \/>\n^ .. und in Gegenrichtung fotografiert.<\/p>\n<p><a href='http:\/\/ski.inmontanis.info\/d\/318052-2\/DSC04541.jpg'><img src=http:\/\/ski.inmontanis.info\/d\/318051-3\/DSC04541.jpg \/><\/a><br \/>\n^ Ex-SL-Trasse?<\/p>\n<p><a href='http:\/\/ski.inmontanis.info\/d\/318056-2\/DSC04545.jpg'><img src=http:\/\/ski.inmontanis.info\/d\/318055-3\/DSC04545.jpg \/><\/a><br \/>\n^ Auch weiter unten muss man schon sehr aufpassen, dass man diese Trasse findet&#8230;<\/p>\n<p><a href='http:\/\/ski.inmontanis.info\/d\/318060-2\/DSC04542.jpg'><img src=http:\/\/ski.inmontanis.info\/d\/318059-3\/DSC04542.jpg \/><\/a><br \/>\n^ .. Blick talw\u00e4rts ..<\/p>\n<p><a href='http:\/\/ski.inmontanis.info\/d\/318064-2\/DSC04544.jpg'><img src=http:\/\/ski.inmontanis.info\/d\/318063-3\/DSC04544.jpg \/><\/a><br \/>\n^ .. anscheinend steht da noch die ehemalige Talstation dieses SL? Allerdings ein St\u00fcck versetzt?!<\/p>\n<p><a href='http:\/\/ski.inmontanis.info\/d\/318068-2\/DSC04549.jpg'><img src=http:\/\/ski.inmontanis.info\/d\/318067-3\/DSC04549.jpg \/><\/a><br \/>\n^ Auch links vom SL Hirschsprung fuhr ich wieder, wobei man ja oben \u00fcber den Weg etwas hier hin schieben muss<\/p>\n<p><a href='http:\/\/ski.inmontanis.info\/d\/318072-2\/DSC04550.jpg'><img src=http:\/\/ski.inmontanis.info\/d\/318071-3\/DSC04550.jpg \/><\/a><br \/>\n^ Ein St\u00fcck weiter unten sah ich diese Pistennummerierung, die wohl zu einer alten Nummerierung geh\u00f6rt, denn aktuell haben hier die Pisten die Nummern 4+5<\/p>\n<p><a href='http:\/\/ski.inmontanis.info\/d\/318076-2\/DSC04553.jpg'><img src=http:\/\/ski.inmontanis.info\/d\/318075-3\/DSC04553.jpg \/><\/a><br \/>\n^ Talabfahrt an der 6EUB, links schon gesperrt, aber nachmittags nat\u00fcrlich besser zu fahren als die Piste<\/p>\n<p>Ich schrieb am fr\u00fchen Nachmittag eine E-Mail an den Campingplatz auf der Turracher H\u00f6he, weil die Aussage bei meinem letzten Besuch nicht eindeutig war, wie lang sie offen bleiben w\u00fcrden (erst hie\u00df es solang die Lifte laufen w\u00fcrden, dann bis Ostern) und hoffte auf eine Antwort bis ich beim heutigen Campingplatz w\u00e4re, denn je nachdem w\u00fcrd ich morgen nochmals am heutigen Campingplatz bleiben oder nicht. Ich kann zwar zwischen Falkert und Turrach nochmals den kurzen Umweg zu diesem Campingplatz machen, aber ob ich in einer Nacht die Batterie voll laden k\u00f6nnen w\u00fcrde, wenn ich 5 N\u00e4chte frei st\u00fcnde (falls ich bis Samstag Falkert bliebe), darf etwas bezweifelt werden.<\/p>\n<p>Die Antwort kam noch rechtzeitig: Nein, ab Dienstag schon geschlossen. Dann bleib ich also 2 N\u00e4chste bei den Niederl\u00e4ndern.<\/p>\n<p>Wollte zwar nicht nochmals von der 6EUB zu den Superm\u00e4rkten in BKK zur\u00fcckfahren, aber falls der\/die Billa in Patergassen auf dem Weg zum Campingplatz heut Nachmittag offen haben sollte, wollte ich nochmals halten und evtl eine Pizza f\u00fcr heute Abend oder sonst&#8217;was f\u00fcr heute+morgen Abend mitnehmen. Ja, war offen, trotz Feiertags-Sonntag. Aber gestern h\u00e4tten sie auch nur bis 14h offen gehabt. Anscheinend ist in K\u00e4rnten der Ostersamstagabend heiliger als der Ostersonntag oder Ostermontag.<\/p>\n<p>Krass, was die um 17h, 1h vor Betriebsschluss, noch alles hatten, da haben sie sich wohl etwas versch\u00e4tzt mit dem Andrang heute, sooo viel Geb\u00e4ck, insbesondere so viele Salz- und Laugenstangen hab ich anderswo noch nicht mal vormittags gesehen. Und als ob nicht eh schon genug Laugenstangen zum einzeln entnehmen im Regal w\u00e4ren, haben sie zus\u00e4tzlich auch noch etliche 3 St\u00fcck abgepackt, die \u00fcbrigens nicht g\u00fcnstiger sind, als einzelne.<\/p>\n<p>Gek\u00fchlte Fertiggerichte h\u00e4tte es um 25% und 50% verg\u00fcnstigt wegen Haltbarkeit bis heute\/morgen gegeben, h\u00e4tte mir ja fast mal diesen gef\u00fcllten Paprika mitgenommen, das ich noch nie probiert hatte, aber wenn da so gro\u00df ein Petersilienblatt abgebildet ist und es auch noch in der F\u00fcllung und an den Kartoffeln nach Petersilie ausschaut, verzichte ich, denn die mag ich \u00fcberhaupt nicht. Faschierte Laibchen (25%) passt heute auch nicht, wenn ich eine 4-St\u00fcck-Packung zum Kaltessen n\u00e4chste Woche abends im K\u00fchlschrank hab. Dann griff ich halt lieber mal wieder zu den nicht runtergesetzten Lamm-K\u00f6fte mit Tomatenreis und einer Packung Pizzabaguette &#8211; und mehr aus Mitleid nahm ich halt eine Laugenstange mit.<\/p>\n<p>Ja, K\u00f6fte sind ja irgendwie auch faschierte Laibchen, aber mal ein anderes Tier. Die gab&#8217;s dann heute, weil die Pizzabaguettes sind nat\u00fcrlich noch zu gefroren und zu dick, um sie heut in der Pfanne zu machen. Brauchen eh viel l\u00e4nger als normale Pizza, aber die g\u00fcnstige Salami-Pizza hatten sie nicht da.<\/p>\n<p>Und ja, wenn ich gestern gewusst h\u00e4tte, dass ich jetzt 2 Tage am Campingplatz bin, h\u00e4tt ich mir gestern nat\u00fcrlich Pommes mitgenommen. <\/p>\n<p>Dort dann abends der n\u00e4chste Schlag ins Gesicht: Bergfex meldet f\u00fcr Falkert am Donnerstag 30cm Schnee. Da w\u00fcrde ich also ggf. ordentlich eingeschneit werden und ob dann Skibetrieb ist, wird auch fraglich sein :( Ma abwarten, ob sich das noch verbessert&#8230;<\/p>\n<p>Am Plan stand heute noch etwas Schimmelentfernung &#8220;im Keller&#8221;, da hatte ich vor einiger Zeit n\u00e4mlich eine Stelle gesehen, nun, mittlerweile waren es zwei. Und naja, hinterm Schrank ist am Boden wohl auch wieder was, aber gerade keine Lust, da hinten alles auszur\u00e4umen ..  und klar, will nicht wissen, wo sonst noch \u00fcberall etwas ist. <\/p>\n<p>Was ich mir nebenbei mittlerweile angewohnt hab: mein Bett geht ja hinten nicht \u00fcber die ganze Breite (die Matratze kommt ja noch von meinem Qubo-Ausbau), was insofern auch praktisch war, da man da sch\u00f6n Luft zum Einatmen reinbekommt, aber wo Luft reinkommt, geht auch Luft hin, also meine feuchte Ausatemluft. In einer der kalten N\u00e4chte hatte ich den Schlafsack so nah am Mund, dass der ziemlich feucht geworden ist. Klar, keine \u00dcberraschung, aber das k\u00f6nnte man ja vielleicht auch n\u00fctzen, also lege ich nun neben dem Bett au\u00dfenseitig jeden Abend mein Handtuch hin, auf dass es zumindest einen Teil meiner n\u00e4chtlichen Ausatemluftfeuchte aufnehmen m\u00f6chte, tags\u00fcber liegt es dann so, dass es wieder trocknen kann, falls es feucht geworden sein sollte. <\/p>\n<p>Andererseits liegt auf der anderen Seite (hinterm Schrank) ja sowieso meine restliche Kleidung und anderes Zeug und anderes Handtuch und alles recht eng und auch wenn ich dort heuer keinen &#8220;Kondenswassersee&#8221; am Boden hatte, so scheint es am Boden zumindest in den Ecken doch wieder Schimmel-Ans\u00e4tze zu geben. <\/p>\n<p>Was ich ja vor einigen Monaten eingebaut hatte, L\u00fcfter unterm Bett, um die Luftzirkulation anzukurblen &#8211; naja, da sind mir ja wie gesagt ein paar Gedanken gekommen, das doch nicht einzuschalten, erstens, weil man dadurch ggf. mehr warme Luft in die Zonen reinwirbelt, die ja wiederum feuchter ist, und zweitens, wenn es da unten mal wieder irgendwo mit Schimmel losgeht, m\u00f6chte man den ja auch nicht noch extra mittels Bel\u00fcftung herumwirbeln.<\/p>\n<p>Grundlegend sind Schimmelsporen ja sowieso immer und \u00fcberall in der Luft, sonst w\u00fcrden einem ja auch daheim keine Lebensmittel schimmlig werden und wie so h\u00e4ufig wird wohl auch bei diesem Thema gerne etwas \u00fcbertrieben, was die Gef\u00e4hrlichkeit angeht &#8230; bekanntlich ist ja sowieso alles lebensgef\u00e4hrlich, aber am allert\u00f6dlichsten ist das Leben selbst.<\/p>\n<p><a href='https:\/\/www.sueddeutsche.de\/gesundheit\/wie-krank-macht-schimmel-mit-den-pilzen-wuchtert-die-angst-1.1968870'>https:\/\/www.sueddeutsche.de\/gesundheit\/wie-krank-macht-schimmel-mit-den-pilzen-wuchtert-die-angst-1.1968870<\/a><\/p>\n<p><strong>Mo, 10.4.2023<\/strong> (Ostermontag)<\/p>\n<p>Bergfex meldet mittlerweile f\u00fcr Donnertag f\u00fcr Falkert und Turrach 46cm Neuschnee und 37cm im Tal, Schneefallgrenze 1000m. Da will ich dann nicht mehr oben \u00fcbernachten. Freitag k\u00f6nnte es wohl sonnig werden, aber ob man dann ohne Ketten rauf und runter darf, auch fraglich. M\u00f6lltaler 53cm oben und 14cm unten &#8211; das w\u00fcrde zwar unten noch gehen, aber bei so einem Wetter oben haben die eher nicht offen. In Osttirol (St. Jakob) wird der Schneefall schon etwas vor Mitternacht reingerechnet, 10cm am MI und 26cm am DO.<\/p>\n<p>Statt 4 N\u00e4chte w\u00fcrde ich dann wohl nur 1 Nacht am Falkert-Parkplatz schlafen, dann h\u00e4tt ich heut Abend auch schon rauf gek\u00f6nnt anstatt noch eine zweite Nacht am Campingplatz zu bleben&#8230; Aber dieser gro\u00dfe Schneefall wird ja erst seit kurzer Zeit f\u00fcr Donnerstag vorhergesagt. Und die ganze Einkauferei h\u00e4tte ich mir dann auch sparen k\u00f6nnen&#8230;<\/p>\n<p>Heute fr\u00fch etwas mehr Leute am Parkplatz der 6EUB, war ja auch sonniger und Ostermontag statt Ostersonntag. Letzter Betriebstag also heute in BKK und am letzten Betriebstag muss man in Skigebieten damit rechnen, dass evtl. der eine oder andere Lift schon fr\u00fcher geschlossen wird, Pisten nicht mehr pr\u00e4pariert werden, man bei Nebel keine Pistenbegrenzungen mehr hat usw. &#8211; naja, hier wohl alles kein Problem heute.<\/p>\n<p>Dankenswerterweise auch keine Events gestern und heute. \u00dcbrigens hatten auch schon einige H\u00fctten\/Restaurants geschlossen. Der Schnee blieb heute leider l\u00e4nger hart als gestern. <\/p>\n<p>Leider tat mir auch mein rechtes Knie vermehrt weh &#8211; vielleicht gestern die Offpistevarianten zu anstrengend gewesen. Kann auch sein, dass ich in den neuen Schuhen angestrengter drinsteh. Blaue Flecken hab ich zwar keine mehr gehabt, aber ich versuch nach wie vor nicht zu viel Druck am Schienbein aufzubauen. Trotzdem hab ich nachmittags mal die Skischuhe enger geschnalllt, da sie mir in letzter Zeit recht locker vorkamen.<\/p>\n<p>Und ok, am 24.2. war mein letzter skifreier Tag, da darf man auch mal etwas ersch\u00f6pfter sein ;) Das hei\u00dft heute also der 45. Skitag in Folge. Hatte ich das schon einmal? Das ist doch schon wieder ein sch\u00f6ner Grund f\u00fcr eine neue Statistik oder zumindest eine neue Abfrage f\u00fcr meine Datenbank.<\/p>\n<p>Abends dann erledigt: Interessanterweise war der 15.1.2023, also vor meiner kurzen Tirol-N\u00fcrnberg-Pause, der 44. Tag hintereinander. In der vorherigen Saison war der l\u00e4ngste Zeitraum am St\u00fcck 32 Tage, somit nein, bisher war ich noch nie 45 Tage hintereinander auf Skiern gestanden. Und zumindest 2 sollten die n\u00e4chsten beiden Tage ja noch folgen. In der &#8220;alten&#8221; Zeit, also vor Corona, war mein Maximum 18 Tage, das war im M\u00e4rz 2012, bzw. 16 Tage 2008 und 1997.<\/p>\n<p>Fr\u00fcher aufh\u00f6ren kam am letzten Betriebstag hier und bei dem halbwegs sonnigen Wetter heute nat\u00fcrlich auch nicht in Frage und an 6EUB Sektion 2 und SL ging&#8217;s auch noch viel zu gut ;)<\/p>\n<p>Zum Abschluss wollte ich aber nochmals die gesperrte schwarze Talabfahrt nehmen, die ist weniger tief aufgefahren und geht sicherlich viel besser, also musste ich noch kurz vor 16 Uhr, 15:55, mit der DSB rauf. Jo, die obere H\u00e4lfte des unteren gesperrten Teils ging sch\u00f6n zu fahren, der ganz unterste Steilhang war allerdings etws h\u00e4rter als erwartet, aber nat\u00fcrlich trotzdem besser als der tiefe Sulz auf der offenen Abfahrt.<\/p>\n<p><a href='http:\/\/ski.inmontanis.info\/d\/318080-2\/DSC04555.jpg'><img src=http:\/\/ski.inmontanis.info\/d\/318079-3\/DSC04555.jpg \/><\/a><br \/>\n^ 6EUB Sektion 1<\/p>\n<p><a href='http:\/\/ski.inmontanis.info\/d\/318084-2\/DSC04557.jpg'><img src=http:\/\/ski.inmontanis.info\/d\/318083-3\/DSC04557.jpg \/><\/a><br \/>\n^ 6EUB Sektion 1<\/p>\n<p><a href='http:\/\/ski.inmontanis.info\/d\/318088-2\/DSC04558.jpg'><img src=http:\/\/ski.inmontanis.info\/d\/318087-3\/DSC04558.jpg \/><\/a><br \/>\n^ Hinter\/Neben der 6EUB Bergstation g\u00e4be es so sch\u00f6ne H\u00e4nge, die leider nicht erschlossen sind &#8230;<\/p>\n<p><a href='http:\/\/ski.inmontanis.info\/d\/318092-2\/DSC04561.jpg'><img src=http:\/\/ski.inmontanis.info\/d\/318091-3\/DSC04561.jpg \/><\/a><br \/>\n^ DSB Strohsack<\/p>\n<p><a href='http:\/\/ski.inmontanis.info\/d\/318096-2\/DSC04563.jpg'><img src=http:\/\/ski.inmontanis.info\/d\/318095-3\/DSC04563.jpg \/><\/a><br \/>\n^ Talpano von nahe der DSB Bergstation<\/p>\n<p><a href='http:\/\/ski.inmontanis.info\/d\/318100-2\/DSC04564.jpg'><img src=http:\/\/ski.inmontanis.info\/d\/318099-3\/DSC04564.jpg \/><\/a><br \/>\n^ Zoom r\u00fcber zum schon geschlossenen 4EUB-8EUB-Teil<\/p>\n<p><a href='http:\/\/ski.inmontanis.info\/d\/318104-2\/DSC04565.jpg'><img src=http:\/\/ski.inmontanis.info\/d\/318103-3\/DSC04565.jpg \/><\/a><br \/>\n^ 4KSB, die Abfahrt war hier im Flachteil sehr bremsend<\/p>\n<p><a href='http:\/\/ski.inmontanis.info\/d\/318108-2\/DSC04569.jpg'><img src=http:\/\/ski.inmontanis.info\/d\/318107-3\/DSC04569.jpg \/><\/a><br \/>\n^ Gratabfahrt 6EUB Sektion 2, rechts davon ..<\/p>\n<p><a href='http:\/\/ski.inmontanis.info\/d\/318112-2\/DSC04568.jpg'><img src=http:\/\/ski.inmontanis.info\/d\/318111-3\/DSC04568.jpg \/><\/a><br \/>\n^ &#8230; diese sch\u00f6nen H\u00e4nge, die leider nicht mit einem Lift erschlossen sind. Von oben gibts ja eh den Weg r\u00fcber zur 6EUB-Bergstation<\/p>\n<p><a href='http:\/\/ski.inmontanis.info\/d\/318116-2\/DSC04570.jpg'><img src=http:\/\/ski.inmontanis.info\/d\/318115-3\/DSC04570.jpg \/><\/a><br \/>\n^ An meinem Fotoplatz gibts zwei Info-Schilder zur Bergstation der 6EUB<\/p>\n<p><a href='http:\/\/ski.inmontanis.info\/d\/318120-2\/DSC04571.jpg'><img src=http:\/\/ski.inmontanis.info\/d\/318119-3\/DSC04571.jpg \/><\/a><br \/>\n^ Infotafel zur 6EUB Bergstation. Warum allerdings der Berg hier Kaiserburg hei\u00dft, wird nicht erw\u00e4hnt<\/p>\n<p><a href='http:\/\/ski.inmontanis.info\/d\/318124-2\/DSC04572.jpg'><img src=http:\/\/ski.inmontanis.info\/d\/318123-3\/DSC04572.jpg \/><\/a><br \/>\n^ .. und Zoom zur Bergstation 6EUB<\/p>\n<p><a href='http:\/\/ski.inmontanis.info\/d\/318128-2\/DSC04573.jpg'><img src=http:\/\/ski.inmontanis.info\/d\/318127-3\/DSC04573.jpg \/><\/a><br \/>\n^ Das breiteste St\u00fcck der Abfahrt an der 6EUB Sektion 2<\/p>\n<p><a href='http:\/\/ski.inmontanis.info\/d\/318132-2\/DSC04574.jpg'><img src=http:\/\/ski.inmontanis.info\/d\/318131-3\/DSC04574.jpg \/><\/a><br \/>\n^ Abfahrt 8, links geht&#8217;s zur 4KSB, rechts geht das gesperrte St\u00fcck zur 6EUB Tal, fuhr ich zum Schluss<\/p>\n<p><a href='http:\/\/ski.inmontanis.info\/d\/318136-2\/DSC04575.jpg'><img src=http:\/\/ski.inmontanis.info\/d\/318135-3\/DSC04575.jpg \/><\/a><br \/>\n^ 6EUB Mittelstation<\/p>\n<p><a href='http:\/\/ski.inmontanis.info\/d\/318140-2\/DSC04577.jpg'><img src=http:\/\/ski.inmontanis.info\/d\/318139-3\/DSC04577.jpg \/><\/a><br \/>\n^ Franz-Klammer-Gold-Gondel<\/p>\n<p><a href='http:\/\/ski.inmontanis.info\/d\/318144-2\/DSC04579.jpg'><img src=http:\/\/ski.inmontanis.info\/d\/318143-3\/DSC04579.jpg \/><\/a><br \/>\n^ Von der Talstation SL Muldenlift geht ein Skiweg zur 6EUB-Abfahrt r\u00fcber, aber da stand, wenn ich da war, immer ein Sperrschild und Lawinengefahr, sind aber trotzdem immer viele gefahren. Um 14:40 Uhr war das Schild heut weg ;)<\/p>\n<p><a href='http:\/\/ski.inmontanis.info\/d\/318148-2\/DSC04580.jpg'><img src=http:\/\/ski.inmontanis.info\/d\/318147-3\/DSC04580.jpg \/><\/a><br \/>\n^ &#8230; schade eigentlich, dass man da keine Skiroute macht, s\u00e4he doch lecker aus. H\u00e4tte ich doch fahren sollen, trotz Lawinenschildern d\u00fcrfte heute die Gefahr wohl recht niedrig gewesen sein<\/p>\n<p><a href='http:\/\/ski.inmontanis.info\/d\/318152-2\/DSC04581.jpg'><img src=http:\/\/ski.inmontanis.info\/d\/318151-3\/DSC04581.jpg \/><\/a><br \/>\n^ Noch ein St\u00fcck weiter unten immer noch auf diesem Skiweg, 6EUB Sektion 2<\/p>\n<p><a href='http:\/\/ski.inmontanis.info\/d\/318156-2\/DSC04582.jpg'><img src=http:\/\/ski.inmontanis.info\/d\/318155-3\/DSC04582.jpg \/><\/a><br \/>\n^ SL Mulde<\/p>\n<p><a href='http:\/\/ski.inmontanis.info\/d\/318160-2\/DSC04583.jpg'><img src=http:\/\/ski.inmontanis.info\/d\/318159-3\/DSC04583.jpg \/><\/a><br \/>\n^ SL Mulde und 6EUB Bergstation<\/p>\n<p><a href='http:\/\/ski.inmontanis.info\/d\/318164-2\/DSC04584.jpg'><img src=http:\/\/ski.inmontanis.info\/d\/318163-3\/DSC04584.jpg \/><\/a><br \/>\n^ SL Mulde und 6EUB Sektion 2<\/p>\n<p><a href='http:\/\/ski.inmontanis.info\/d\/318168-2\/DSC04586.jpg'><img src=http:\/\/ski.inmontanis.info\/d\/318167-3\/DSC04586.jpg \/><\/a><br \/>\n^ Gesperrte 8<\/p>\n<p><a href='http:\/\/ski.inmontanis.info\/d\/318172-2\/DSC04590.jpg'><img src=http:\/\/ski.inmontanis.info\/d\/318171-3\/DSC04590.jpg \/><\/a><br \/>\n^ Gesperrte 8<\/p>\n<p><a href='http:\/\/ski.inmontanis.info\/d\/318176-2\/ge2023040910g.jpg'><img src=http:\/\/ski.inmontanis.info\/d\/318175-3\/ge2023040910g.jpg \/><\/a><br \/>\n^ GPS-Track 9.+10.4.2023 in T\u00fcrkis und Gelb; vorherige Besuche in Rosa<\/p>\n<p>Fazit f\u00fcr mich nach den beiden Tagen in BKK: 2 sch\u00f6ne Tage zum Saisonschluss hier, aber es steht und f\u00e4llt mit dem Mulden-SL. Die 4EUB ist f\u00fcr sich nat\u00fcrlich der beste Lift in BKK aber abfahrtstechnisch nicht sonderlich lohnenswert; abfahrts- und variantenm\u00e4\u00dfig ist der Mulden-SL schon viel besser; das w\u00fcrde aber komplett zerst\u00f6rt werden, wenn da mal eine 6(8)KSB st\u00fcnde &#8211; erst recht falls mit Zwangsverriegelung. Auf den 3. Platz kommt nat\u00fcrlich der steile, kurze Sonnenhang-SL.<\/p>\n<p>Wettervorhersagen? Mittlerweile etwas weniger Neuschnee f\u00fcr Donnerstag gemeldet, aber mittlerweile auch ganztags leichter Schneefall am Mittwoch plus Freitag vorhergesagt, auch starker Sturm .. also selbst wenn ich mich dazu entschlie\u00dfen w\u00fcrde, mich mit 20cm einschneien zu lassen, darf bezweifelt werden, dass die am DO und evtl. auch am FR ihre SL \u00f6ffnen bei dem Wetter :( Bei solchen Wettervorhersagen will man auch sehr ungern auf 1700m &#8220;campen&#8221; &#8230; aber sp\u00e4testens am Mittwoch Abend werde ich mich entscheiden m\u00fcssen, ob und wo ich mich einschneien lassen m\u00f6chte.<\/p>\n<p>(<em>N\u00e4chster Bericht kommt, wenn ich mit Falkert abgeschlossen hab &#8211; das kann am Mittwoch oder Sonntag oder irgendwann dazwischen sein&#8230;<\/em>)<\/p>\n","protected":false},"excerpt":{"rendered":"<p>So, 9.4.2023 (Ostersonntag)<\/p>\n<p>Tja, also in Bad Kleinkirchheim w\u00e4ren heut fr\u00fch trotz Feiertag Spar+Billa offen gewesen.<\/p>\n<p>Um kurz vor 9 Uhr an der 6EUB angekommen, war der Parkplatz seeehr lehr. Was ist nur los dieses Ostern, \u00fcberall so leer? Normalerweise wird es doch erst ab Ostermontag oder dann Dienstag leerer, aber leerer k\u00f6nnte es ja <a href=\"http:\/\/blog.inmontanis.info\/?p=8754\">[&#8230;]<\/a><\/p>\n","protected":false},"author":1,"featured_media":8756,"comment_status":"closed","ping_status":"closed","sticky":false,"template":"","format":"standard","meta":{"footnotes":""},"categories":[204,13,27],"tags":[49,39,51,38,78,47],"class_list":["post-8754","post","type-post","status-publish","format-standard","has-post-thumbnail","hentry","category-bad-kleinkirchheim","category-austria","category-skifahren-winterskiing-winter","tag-4sb","tag-6eub","tag-architektur","tag-dsb","tag-restschnee","tag-sl","odd"],"_links":{"self":[{"href":"http:\/\/blog.inmontanis.info\/index.php?rest_route=\/wp\/v2\/posts\/8754","targetHints":{"allow":["GET"]}}],"collection":[{"href":"http:\/\/blog.inmontanis.info\/index.php?rest_route=\/wp\/v2\/posts"}],"about":[{"href":"http:\/\/blog.inmontanis.info\/index.php?rest_route=\/wp\/v2\/types\/post"}],"author":[{"embeddable":true,"href":"http:\/\/blog.inmontanis.info\/index.php?rest_route=\/wp\/v2\/users\/1"}],"replies":[{"embeddable":true,"href":"http:\/\/blog.inmontanis.info\/index.php?rest_route=%2Fwp%2Fv2%2Fcomments&post=8754"}],"version-history":[{"count":2,"href":"http:\/\/blog.inmontanis.info\/index.php?rest_route=\/wp\/v2\/posts\/8754\/revisions"}],"predecessor-version":[{"id":8757,"href":"http:\/\/blog.inmontanis.info\/index.php?rest_route=\/wp\/v2\/posts\/8754\/revisions\/8757"}],"wp:featuredmedia":[{"embeddable":true,"href":"http:\/\/blog.inmontanis.info\/index.php?rest_route=\/wp\/v2\/media\/8756"}],"wp:attachment":[{"href":"http:\/\/blog.inmontanis.info\/index.php?rest_route=%2Fwp%2Fv2%2Fmedia&parent=8754"}],"wp:term":[{"taxonomy":"category","embeddable":true,"href":"http:\/\/blog.inmontanis.info\/index.php?rest_route=%2Fwp%2Fv2%2Fcategories&post=8754"},{"taxonomy":"post_tag","embeddable":true,"href":"http:\/\/blog.inmontanis.info\/index.php?rest_route=%2Fwp%2Fv2%2Ftags&post=8754"}],"curies":[{"name":"wp","href":"https:\/\/api.w.org\/{rel}","templated":true}]}}