{"id":8740,"date":"2023-04-03T19:35:37","date_gmt":"2023-04-03T17:35:37","guid":{"rendered":"http:\/\/blog.inmontanis.info\/?p=8740"},"modified":"2023-04-05T19:57:39","modified_gmt":"2023-04-05T17:57:39","slug":"obertilliach-3-4-2023","status":"publish","type":"post","link":"http:\/\/blog.inmontanis.info\/?p=8740","title":{"rendered":"Obertilliach, 3.4.2023 &#8212; bester Lift in Osttirol"},"content":{"rendered":"<p><strong>Mo, 3.4.2023<\/strong><\/p>\n<p>Der Tag begann zumindest am Campingplatz doch sonniger als gemeldet, obschon es nachmittags generell wolkiger werden soll und es in den Skigebieten in Obertilliach sonniger aussah als in Heiligenblut. Auf den Webcams um 9:30 war weiterhin dicke Hangbew\u00f6lkung im Skigebiet von Heiligenblut zumindest im Gipfelbereich, also nahm ich mir frei und fuhr nach Obertilliach.<\/p>\n<p>St\u00fcrmisch ist heut eh \u00fcberall gemeldet, die Talabfahrt soll in Obertilliach noch offen sein und nachmittags k\u00f6nnte ich dann in Lienz einkaufen. In Obertilliach war es am EUB-Parkplatz dann wesentlich voller als letzte Woche. Trotzdem hingen wieder etliche Kabinen nicht am Seil. Mehr Gondeln und weniger Geschwindigkeit w\u00e4r mir lieber, man ist hier eh so schnell wieder oben, dass man gar nicht richtig ausruhen, essen, internetsurfen, handyspielen, &#8230; kann ;)<\/p>\n<p>Bin noch einige nicht gefahrene Varianten gefahren, offpiste aber schneem\u00e4\u00dfig nicht wirklich lohnenswert heute. Durch die kalten Temperaturen war die Talabfahrt um 12:30 je nach Hangrichtung noch eklig eisig &#8211; oder fein firnig.<\/p>\n<p>Am Bloas-SL wieder sehr knollig &#8211; au\u00dfer dann unten, wo es stattdessen gleich tief sulzig war. Also der Lift ist auch so ein Problemkind, dass man da mal vern\u00fcnftigen Schnee findet, dazu nur eine schwarze Abfahrt .. da g\u00e4b es oben sch\u00f6nere H\u00e4nge f\u00fcr zus\u00e4tzliche Lifte.<\/p>\n<p>Bin heute \u00f6fters mal die Talabfahrt gefahren, weil es dort mehrere sch\u00f6ne Firnschneestellen gab. Die Runde heute war also meist Bloas, Glamp links, Glamp rechts, Glamp Grat, Talabfahrt, ca. 40-50min.<\/p>\n<p><a href='http:\/\/extra.inmontanis.info\/d\/99028-2\/DSC04340.jpg'><img src=http:\/\/extra.inmontanis.info\/d\/99027-3\/DSC04340.jpg \/><\/a><br \/>\n^ N\u00e4he Lienz. Die Durchfahrt durch Lienz ist meist eher nervend, viele Ampeln, Kreisverkehre, Stau, &#8230;<\/p>\n<p><a href='http:\/\/ski.inmontanis.info\/d\/317712-2\/DSC04342.jpg'><img src=http:\/\/ski.inmontanis.info\/d\/317711-3\/DSC04342.jpg \/><\/a><br \/>\n^ SL Glamp, heut mal etwas voller<\/p>\n<p><a href='http:\/\/ski.inmontanis.info\/d\/317716-2\/DSC05224.jpg'><img src=http:\/\/ski.inmontanis.info\/d\/317715-3\/DSC05224.jpg \/><\/a><br \/>\n^ IR-Pano an der Gratabfahrt am SL Glamp<\/p>\n<p><a href='http:\/\/ski.inmontanis.info\/d\/317720-2\/DSC04344.jpg'><img src=http:\/\/ski.inmontanis.info\/d\/317719-3\/DSC04344.jpg \/><\/a><br \/>\n^ SL Glamp, r\u00fcckseitig. Na das w\u00e4r aber ein sch\u00f6ner Hang f\u00fcr eine Erweiterung!<\/p>\n<p><a href='http:\/\/ski.inmontanis.info\/d\/317724-2\/DSC04346.jpg'><img src=http:\/\/ski.inmontanis.info\/d\/317723-3\/DSC04346.jpg \/><\/a><br \/>\n^ SL Glamp, r\u00fcckseitig.<\/p>\n<p><a href='http:\/\/ski.inmontanis.info\/d\/317728-2\/DSC04350.jpg'><img src=http:\/\/ski.inmontanis.info\/d\/317727-3\/DSC04350.jpg \/><\/a><br \/>\n^ R\u00fcckseitenpano<\/p>\n<p><a href='http:\/\/ski.inmontanis.info\/d\/317732-2\/DSC04352.jpg'><img src=http:\/\/ski.inmontanis.info\/d\/317731-3\/DSC04352.jpg \/><\/a><br \/>\n^ R\u00fcckseitenpano. Man kann leider weder die Skigebiete Sillian noch Zettersfeld sehen<\/p>\n<p><a href='http:\/\/ski.inmontanis.info\/d\/317736-2\/DSC04353.jpg'><img src=http:\/\/ski.inmontanis.info\/d\/317735-3\/DSC04353.jpg \/><\/a><br \/>\n^ Seitenpano<\/p>\n<p><a href='http:\/\/ski.inmontanis.info\/d\/317740-2\/DSC04355.jpg'><img src=http:\/\/ski.inmontanis.info\/d\/317739-3\/DSC04355.jpg \/><\/a><br \/>\n^ Die Bilder waren von diesem gerade gefahrenen Weg weit rechts vom SL Glamp<\/p>\n<p><a href='http:\/\/ski.inmontanis.info\/d\/317744-2\/DSC04358.jpg'><img src=http:\/\/ski.inmontanis.info\/d\/317743-3\/DSC04358.jpg \/><\/a><br \/>\n^ Pano links vom SL Glamp, da k\u00f6nnte man auch ein paar leichte Lifte reinpflanzen, um sich dann zu dem Gipfel mit dem Kreuz rechts zu hangeln<\/p>\n<p><a href='http:\/\/ski.inmontanis.info\/d\/317748-2\/DSC04361.jpg'><img src=http:\/\/ski.inmontanis.info\/d\/317747-3\/DSC04361.jpg \/><\/a><br \/>\n^ SL Glamp, der beste Lift Osttirols. Altmodisch, ohne Aufbauten und Wartungspodeste, bisschen blaue Farbe sichtbar, paar sch\u00f6ne leichte Abfahrtsvarianten samt Gratabfahrt, sonniger S\u00fcdhang .. tausend mal sch\u00f6ner und stressfreier als die 6KSB&#8217;en in Matrei oder St. Jakob.<\/p>\n<p><a href='http:\/\/ski.inmontanis.info\/d\/317752-2\/DSC04365.jpg'><img src=http:\/\/ski.inmontanis.info\/d\/317751-3\/DSC04365.jpg \/><\/a><br \/>\n^ Der beste Firnschnee des heurigen Jahres bisher gab&#8217;s in diesem Teil der Talabfahrt. SL f\u00e4hrt ja leider nicht mehr<\/p>\n<p><a href='http:\/\/ski.inmontanis.info\/d\/317756-2\/DSC04367.jpg'><img src=http:\/\/ski.inmontanis.info\/d\/317755-3\/DSC04367.jpg \/><\/a><br \/>\n^ Talabfahrt, die schneelose Stra\u00dfenquerung von der Kirche war schon etwas breit, um nicht abzuschnallen &#8211; aber ich geh das ja immer im 90\u00b0-Winkel, also seitlich<\/p>\n<p><a href='http:\/\/ski.inmontanis.info\/d\/317760-2\/DSC04369.jpg'><img src=http:\/\/ski.inmontanis.info\/d\/317759-3\/DSC04369.jpg \/><\/a><br \/>\n^ Der beste Firnschnee des heurigen Jahres bisher gab&#8217;s hier links vom leider schon geschlossenen SL. Mit dem kleinen portablen Zoa-Elektro-Skilift h\u00e4tte man diesen sch\u00f6nen Teil ein paar mal \u00f6fter fahren k\u00f6nnen. Vielleicht sollte ich mir doch einen kaufen..<\/p>\n<p><a href='http:\/\/ski.inmontanis.info\/d\/317764-2\/ge20230403b.jpg'><img src=http:\/\/ski.inmontanis.info\/d\/317763-3\/ge20230403b.jpg \/><\/a><br \/>\n^ GPS-Track 3.4.2023 in Gelb, vorherige Besuche in Blau<\/p>\n<p>Boah ich hasse diese scheiss Bergfex-Wettervorhersagen, wenn sie sich laufend \u00e4ndern. H\u00e4tte es morgen noch sonnig am M\u00f6lltaler werden sollen, wird heute Nachmittag f\u00fcr morgen nun Sturm und Wolken gemeldet. Das ist dann eher gef\u00e4hrlich, dort heut noch hin zu fahren und dort zu \u00fcbernachten. Heut sind auch (evtl. wegen Sturm) nur EUB und die kurzen Mittelstations-SL offen. Aber da es morgen ja noch etwas k\u00e4lter werden soll, wird man hier in Obertilliach noch weniger Firn und stattdessen h\u00e4rteren Schnee haben, brauch ich dann auch nicht.<\/p>\n<p>Noch dazu heute Nacht -6\u00b0 an der Talstation M\u00f6lltal gemeldet, morgen fr\u00fch -8\u00b0, da muss ich auch nicht soo unbedingt frei stehen. Diese Minustemperaturen im Tal nachts bleiben mal bis Freitag oder Samstag vorhergesagt.<\/p>\n<p>Also dann eben wieder zum Campingplatz vor Heiligenblut gefahren. Talabfahrt Sillian, nachmittags zumindest den mittleren\/oberen Teil gesehen, hatte auch schon gr\u00f6\u00dfere apere Stellen. Am Penny bei Lienz leider nicht alles, was gew\u00fcnscht, bekommen und an der Kasse viele Leute mit vollen Einkaufswagen und weit und breit keine Kassiererin. Ist das hier wie damals im Schlecker, wo es nur ein einziges Personal gibt, das keine Vertretung hat, wenn es mal aufs Klo muss oder eine Warenlieferung kommt?<\/p>\n<p>Auch sp\u00e4ter im Spar bekam ich nicht alles, aber immerhin ein Glas geschnittene Champignons. Hatte ja noch eine Packung Speckw\u00fcrfel, die bis Ende April aufzubrauchen waren. Mir gedacht: So in Richtung Hirtenmaccaroni. Also abends die Speckw\u00fcrfel erst angebraten, dann nochmals raus, dann 3-4 Hand voll Nudeln (Penne Rigate) samt paar R\u00f6stzwiebeln rein und (mit ca. 130-150ml Wasser) weichgekocht und mit den Speckw\u00fcrfeln, Champignons, Tomatenmark, Sahne und geriebenen Sp\u00e4tzlek\u00e4se vermischt (kein Salz und kein Pfeffer n\u00f6tig). Erbsen gibts ja nur tiefgek\u00fchlt oder in der Dose, also blieben die eben weg. Und weil alles f\u00fcr 3-4 Portionen ist, wirds das eben noch 2-3 Tage geben. War aber lecker. Viel besser als diese fertigen Pastasaucen. Da hab ich au\u00dfer dem Barilla Pesto Genovese ja noch nichts gefunden, was mir wirklich geschmeckt h\u00e4tte. Wobei ich auch nicht so viel probiert hab.<\/p>\n","protected":false},"excerpt":{"rendered":"<p>Mo, 3.4.2023<\/p>\n<p>Der Tag begann zumindest am Campingplatz doch sonniger als gemeldet, obschon es nachmittags generell wolkiger werden soll und es in den Skigebieten in Obertilliach sonniger aussah als in Heiligenblut. Auf den Webcams um 9:30 war weiterhin dicke Hangbew\u00f6lkung im Skigebiet von Heiligenblut zumindest im Gipfelbereich, also nahm ich mir frei und fuhr nach <a href=\"http:\/\/blog.inmontanis.info\/?p=8740\">[&#8230;]<\/a><\/p>\n","protected":false},"author":1,"featured_media":8743,"comment_status":"closed","ping_status":"closed","sticky":false,"template":"","format":"standard","meta":{"footnotes":""},"categories":[207,13,27],"tags":[90,78,47],"class_list":["post-8740","post","type-post","status-publish","format-standard","has-post-thumbnail","hentry","category-obertilliach","category-austria","category-skifahren-winterskiing-winter","tag-infrarot","tag-restschnee","tag-sl","odd"],"_links":{"self":[{"href":"http:\/\/blog.inmontanis.info\/index.php?rest_route=\/wp\/v2\/posts\/8740","targetHints":{"allow":["GET"]}}],"collection":[{"href":"http:\/\/blog.inmontanis.info\/index.php?rest_route=\/wp\/v2\/posts"}],"about":[{"href":"http:\/\/blog.inmontanis.info\/index.php?rest_route=\/wp\/v2\/types\/post"}],"author":[{"embeddable":true,"href":"http:\/\/blog.inmontanis.info\/index.php?rest_route=\/wp\/v2\/users\/1"}],"replies":[{"embeddable":true,"href":"http:\/\/blog.inmontanis.info\/index.php?rest_route=%2Fwp%2Fv2%2Fcomments&post=8740"}],"version-history":[{"count":7,"href":"http:\/\/blog.inmontanis.info\/index.php?rest_route=\/wp\/v2\/posts\/8740\/revisions"}],"predecessor-version":[{"id":8748,"href":"http:\/\/blog.inmontanis.info\/index.php?rest_route=\/wp\/v2\/posts\/8740\/revisions\/8748"}],"wp:featuredmedia":[{"embeddable":true,"href":"http:\/\/blog.inmontanis.info\/index.php?rest_route=\/wp\/v2\/media\/8743"}],"wp:attachment":[{"href":"http:\/\/blog.inmontanis.info\/index.php?rest_route=%2Fwp%2Fv2%2Fmedia&parent=8740"}],"wp:term":[{"taxonomy":"category","embeddable":true,"href":"http:\/\/blog.inmontanis.info\/index.php?rest_route=%2Fwp%2Fv2%2Fcategories&post=8740"},{"taxonomy":"post_tag","embeddable":true,"href":"http:\/\/blog.inmontanis.info\/index.php?rest_route=%2Fwp%2Fv2%2Ftags&post=8740"}],"curies":[{"name":"wp","href":"https:\/\/api.w.org\/{rel}","templated":true}]}}