{"id":8723,"date":"2023-03-29T19:34:16","date_gmt":"2023-03-29T17:34:16","guid":{"rendered":"http:\/\/blog.inmontanis.info\/?p=8723"},"modified":"2023-08-06T08:48:53","modified_gmt":"2023-08-06T06:48:53","slug":"kals-matrei-29-3-2023-schrecklich","status":"publish","type":"post","link":"http:\/\/blog.inmontanis.info\/?p=8723","title":{"rendered":"Kals-Matrei, 29.3.2023 &#8211; schrecklich"},"content":{"rendered":"<p><strong>Mi, 29.3.2023<\/strong><\/p>\n<p>Ich frag mich, ob die Verantwortlichen vom Skigebiet Kals-Matrei endlich mal einen auf die Finger bekommen haben wegen ihrer jahrelangen H\u00f6henmeterl\u00fcgerei, die zumindest heuer (oder schon l\u00e4nger?) mal entsch\u00e4rft wurde. So steht auf Bergfex nur noch &#8220;-2403m&#8221; und auch &#8220;Adlerlounge .. auf 2.403m&#8221; &#8211; w\u00e4hrend man ja bis vor kurzem noch mit &#8220;-2.621m&#8221; geworben hat. Auch im Skigebiet wurde nun fast \u00fcberall zumindest aus der 6 eine 4 gemacht, also 2421m geschrieben. SIEG!!! Mein GPS hatte damals, 2010, \u00fcbrigens 2.402m gemessen.<\/p>\n<p>Urspr\u00fcnglich wollte ich Kals-Matrei, wie St. Jakob, erst nach Ostern fahren, da das zwei der wenigen Skgiebiete meiner Saisonkarte sind, die auch nach Ostermontag noch offen w\u00e4ren. Aber weil es ja immer irgendwie anders kommt als gew\u00fcnscht, bin ich nun doch schon hier gelandet. Wo auch immer ich dann die Vor- und Nachosterwoche verbringen werde&#8230;<\/p>\n<p>Leider ist die rechte 4SB von Kals aus derzeit nicht in Betrieb, stattdessen die neue 6KSB, die ausschaut wie die gestern in St. Jakob, Leitner, Bubble, Minifu\u00dfraster, Ledersitze. Wird also dann wohl auch wie die gestrige Zwangsverriegelung haben. Der Schlie\u00dfb\u00fcgel schaut auf Bildern im Netz jedenfalls gleich aus wie der gestern in St. Jakob und auch weitere Informationen im Netz deuten auf Zwangsverreigelung hin :-( Damit f\u00e4llt der rechte Skigebietsteil f\u00fcr mich boykottbedingt aus. <\/p>\n<p>Will ich dann \u00fcberhaupt 2 Tage hier fahren? Dieser schei\u00df M\u00fcll hier regt mich schon wieder auf. Morgen soll allerdings etwas mehr Sonne scheinen. Die k\u00f6nnte man allerdings auch in Heiligenblut ausn\u00fctzen. Also, anstelle bis Sonntag oder so hier in Osttirol rumzukrebsen, hernach es in Heiligenblut wieder sonniger werden sollte, eben morgen schon hin und dann keine Ahnung wie weiter, wenn es ab Freitag dort wieder schlechter werden soll.<\/p>\n<p>So schneite es hier morgens und es kamen 1-2cm zusammen, auch am Campingplatz. Um 9 Uhr schimmerte schon die Sonne durch den wolkenverhangenen Himmel und es war ja eigenltich trocken gemeldet. Da am Campingplatz ja stand, dass man bis 11 Uhr gehen soll, hatte ich mir ab 9:30 Uhr frei genommen. Bei 30 Urlaubstagen im Jahr k\u00f6nnte ich ja an 60 Tagen um 9:30 Uhr aufh\u00f6ren ;)<\/p>\n<p>Unter den bald weggeschabten, wenigen cm Neuschnee war die Pr\u00e4parierung allerdings sehr hart. Warum manche Abfahrten geschlossen (oder wohl heuer gar nie offen) waren, war nicht zu erkennen, kann aber durch den Neuschnee der letzten Tage \u00fcberdeckt sein.<\/p>\n<p>Leider viele und gr\u00f6\u00dfere Anf\u00e4nger-Gruppen (Kids) unterwegs, von einer Seite zur anderen, dass man nicht wei\u00df, wo man vorbeifahren soll&#8230;<\/p>\n<p>Die geschlossene 5 war mal recht grausig zu fahren, die geschlossene 13 war oben cool trassiert, steile schmale Gratabfahrt. Schneem\u00e4\u00dfig weniger geil, weil eben nicht mehr pr\u00e4pariert und im folgenden St\u00fcck eher pappig-tief und ich war froh, als ich unten angekommen bin. W\u00e4re die offen und pr\u00e4pariert gewesen, h\u00e4tte es mir hier heute vielleicht ein bisschen besser gefallen.<\/p>\n<p>Aber verglichen mit Kals-Matrei und St. Jakob gestern gef\u00e4llt es mir ja selbst am Nassfeld wesentlich besser. Eigentich gefiel mir sogar St. Jakob gestern besser als das heute hier. Es gefiel mir hier vor \u00fcber 10 Jahren nicht und es ist nach wie vor oder noch mehr ein schreckliches Skigebiet, schrecklich uninteressant, schrecklich langweilig, keine sinnvolle Abwechslung, zwei gleiche Pisten hier, zwei gleiche Pisten da, etc. etc. <\/p>\n<p>Letztes Jahr hatte ich gemeint, ich w\u00e4re von Qualit\u00e4t, die ich die Jahre vor Corona angestrebt hatte, wieder zu Quantit\u00e4t umgesiedelt und es h\u00e4tte mir trotzdem gefallen, trotz mehrere Wochen lang in modernen, modellierten Skistar-Skigebieten. Das k\u00f6nnte ich mir hier nicht vorstellen, warum auch immer das letztes Jahr geklappt hat, ob es an den vielen SL lag oder ich die Skigebiete doch irgendwie sch\u00f6ner fand. Vielleicht lag es auch daran, dass es so kalt war und ich deshalb oft nach 2-3h k\u00e4ltebedingt aufgeh\u00f6rt hab, nicht, weil ich keine Lust auf das Skigebiet an sich mehr hatte, in Summe also wohl weniger Stunden Ski gefahren bin als heuer. <\/p>\n<p>An der Bergstation der 8EUB (Adler Lounge) ist &#8220;Erlebnis-WC&#8221; angeschrieben. Durch die T\u00fcr gegangen, nach links geschaut, dort keinen weiteren Raum gesehen, sah auch nichts angeschrieben, also nach rechts gegangen. Aha. Soll das Erlebnis sein, dass es un- oder gemischt-geschlechtlich ist? Zugegeben in \u00d6sterreich eher seltener als in vielen anderen L\u00e4ndern. Beim Rausgesehen hab ich dann doch noch einen zweiten Raum gesehen, der dann wohl das M\u00e4nner-WC h\u00e4tte sein sollen. Gut, das war also das Erlebnis am &#8220;Erlebnis-WC&#8221;, dass ich versehentlich am Frauen-WC war?!<\/p>\n<p>Die Sch\u00f6nwetterbilder waren von der Anfahrt gestern:<\/p>\n<p><a href='http:\/\/ski.inmontanis.info\/d\/317252-2\/DSC03966.jpg'><img src=http:\/\/ski.inmontanis.info\/d\/317251-3\/DSC03966.jpg \/><\/a><br \/>\n^ Kals<\/p>\n<p><a href='http:\/\/ski.inmontanis.info\/d\/317256-2\/DSC03967.jpg'><img src=http:\/\/ski.inmontanis.info\/d\/317255-3\/DSC03967.jpg \/><\/a><br \/>\n^ Kals, links die 8EUB, mittig die neue 6KSB, rechts die 4SB<\/p>\n<p><a href='http:\/\/ski.inmontanis.info\/d\/317260-2\/DSC03968.jpg'><img src=http:\/\/ski.inmontanis.info\/d\/317259-3\/DSC03968.jpg \/><\/a><br \/>\n^ <\/p>\n<p><a href='http:\/\/ski.inmontanis.info\/d\/317264-2\/DSC03969.jpg'><img src=http:\/\/ski.inmontanis.info\/d\/317263-3\/DSC03969.jpg \/><\/a><br \/>\n^ <\/p>\n<p><a href='http:\/\/ski.inmontanis.info\/d\/317268-2\/DSC03972.jpg'><img src=http:\/\/ski.inmontanis.info\/d\/317267-3\/DSC03972.jpg \/><\/a><br \/>\n^ Campingplatz und Ex-Lifttrasse<\/p>\n<p><a href='http:\/\/ski.inmontanis.info\/d\/317272-2\/DSC03981.jpg'><img src=http:\/\/ski.inmontanis.info\/d\/317271-3\/DSC03981.jpg \/><\/a><br \/>\n^ Pistenplan, die untere 4SB Figol ist derzeit leider nicht in Betrieb, stattdessen die rot eingezeichnete neue 6KSB<\/p>\n<p><a href='http:\/\/ski.inmontanis.info\/d\/317276-2\/DSC03984.jpg'><img src=http:\/\/ski.inmontanis.info\/d\/317275-3\/DSC03984.jpg \/><\/a><br \/>\n^ 8EUB Kals mit Mittelstation<\/p>\n<p><a href='http:\/\/ski.inmontanis.info\/d\/317280-2\/DSC03985.jpg'><img src=http:\/\/ski.inmontanis.info\/d\/317279-3\/DSC03985.jpg \/><\/a><br \/>\n^ 6KSB Cimaross<\/p>\n<p><a href='http:\/\/ski.inmontanis.info\/d\/317284-2\/DSC03986.jpg'><img src=http:\/\/ski.inmontanis.info\/d\/317283-3\/DSC03986.jpg \/><\/a><br \/>\n^ Abfahrt zur 6KSB Cimaross<\/p>\n<p><a href='http:\/\/ski.inmontanis.info\/d\/317288-2\/DSC03987.jpg'><img src=http:\/\/ski.inmontanis.info\/d\/317287-3\/DSC03987.jpg \/><\/a><br \/>\n^ 6KSB Cimaross, nur 2 Abfahrten offen, was aber ja eh egal ist, da man den unteren Steilhang immer bei allen Abfahrtsvarianten fahren muss, so&#8217;was find ich extrem nervt\u00f6tend.<\/p>\n<p><a href='http:\/\/ski.inmontanis.info\/d\/317292-2\/DSC03990.jpg'><img src=http:\/\/ski.inmontanis.info\/d\/317291-3\/DSC03990.jpg \/><\/a><br \/>\n^ 6KSB Cimaross, die schwarze Abfahrt links im Bild war zu.<\/p>\n<p><a href='http:\/\/ski.inmontanis.info\/d\/317296-2\/DSC03993.jpg'><img src=http:\/\/ski.inmontanis.info\/d\/317295-3\/DSC03993.jpg \/><\/a><br \/>\n^ Kurven-SL Landen<\/p>\n<p><a href='http:\/\/ski.inmontanis.info\/d\/317300-2\/DSC03996.jpg'><img src=http:\/\/ski.inmontanis.info\/d\/317299-3\/DSC03996.jpg \/><\/a><br \/>\n^ 6KSB Goldried II<\/p>\n<p><a href='http:\/\/ski.inmontanis.info\/d\/317304-2\/DSC03997.jpg'><img src=http:\/\/ski.inmontanis.info\/d\/317303-3\/DSC03997.jpg \/><\/a><br \/>\n^ 6KSB Goldried II, links geschlossene 4SB Happeck<\/p>\n<p><a href='http:\/\/ski.inmontanis.info\/d\/317308-2\/DSC04001.jpg'><img src=http:\/\/ski.inmontanis.info\/d\/317307-3\/DSC04001.jpg \/><\/a><br \/>\n^ 6KSB Goldried II und SL Glocknerblick<\/p>\n<p><a href='http:\/\/ski.inmontanis.info\/d\/317312-2\/DSC04004.jpg'><img src=http:\/\/ski.inmontanis.info\/d\/317311-3\/DSC04004.jpg \/><\/a><br \/>\n^ Alle alten Aufschriften mit 2621m sind noch nicht entfernt worden, hier an der Bergstation der 8EUB steht&#8217;s noch drauf, an den Kabinen entfernt ..<\/p>\n<p><a href='http:\/\/ski.inmontanis.info\/d\/317316-2\/DSC04005.jpg'><img src=http:\/\/ski.inmontanis.info\/d\/317315-3\/DSC04005.jpg \/><\/a><br \/>\n^ Hier wurde die 2621m mittlerweile mit 2421m ersetzt. Zwar nicht ganz korrekt, aber wenigstens nicht mehr so unversch\u00e4mt gelogen<\/p>\n<p>13.03.2010:<\/p>\n<p><a href='http:\/\/ski.inmontanis.info\/d\/115237-3\/P1510055.JPG'><img src=http:\/\/ski.inmontanis.info\/d\/115237-3\/P1510055.JPG \/><\/a><\/p>\n<p><a href='http:\/\/ski.inmontanis.info\/d\/115241-3\/P1510093.JPG'><img src=http:\/\/ski.inmontanis.info\/d\/115240-4\/P1510093.JPG \/><\/a><\/p>\n<p>&#8212;<\/p>\n<p><a href='http:\/\/ski.inmontanis.info\/d\/317320-2\/DSC04006.jpg'><img src=http:\/\/ski.inmontanis.info\/d\/317319-3\/DSC04006.jpg \/><\/a><br \/>\n^ Mittelstationabfahrt 8EUB Kals<\/p>\n<p><a href='http:\/\/ski.inmontanis.info\/d\/317324-2\/DSC04009.jpg'><img src=http:\/\/ski.inmontanis.info\/d\/317323-3\/DSC04009.jpg \/><\/a><br \/>\n^ Talabfahrt 8EUB Kals, quasi nur langer Skiweg.<\/p>\n<p><a href='http:\/\/ski.inmontanis.info\/d\/317328-2\/DSC04010.jpg'><img src=http:\/\/ski.inmontanis.info\/d\/317327-3\/DSC04010.jpg \/><\/a><br \/>\n^ Geschlossener SL Tembler<\/p>\n<p><a href='http:\/\/ski.inmontanis.info\/d\/317332-2\/DSC04011.jpg'><img src=http:\/\/ski.inmontanis.info\/d\/317331-3\/DSC04011.jpg \/><\/a><br \/>\n^ Kals mit Blick zur neuen 6KSB und der 4SB<\/p>\n<p><a href='http:\/\/ski.inmontanis.info\/d\/317336-2\/DSC04013.jpg'><img src=http:\/\/ski.inmontanis.info\/d\/317335-3\/DSC04013.jpg \/><\/a><br \/>\n^ Auch an der Talstation der 8EUB wurde die 6 mit einer 4 ersetzt<\/p>\n<p><a href='http:\/\/ski.inmontanis.info\/d\/317340-3\/DSC04014.jpg'><img src=http:\/\/ski.inmontanis.info\/d\/317339-4\/DSC04014.jpg \/><\/a><br \/>\n^ Talstation 8EUB Kals<\/p>\n<p><a href='http:\/\/ski.inmontanis.info\/d\/317344-3\/DSC04015.jpg'><img src=http:\/\/ski.inmontanis.info\/d\/317343-4\/DSC04015.jpg \/><\/a><br \/>\n^ 8EUB Kals und SL Dorf (sehr flach)<\/p>\n<p><a href='http:\/\/ski.inmontanis.info\/d\/317348-3\/DSC04017.jpg'><img src=http:\/\/ski.inmontanis.info\/d\/317347-4\/DSC04017.jpg \/><\/a><br \/>\n^ Geschlossene Abfahrt 13 an der 8EUB Kals Sektion II<\/p>\n<p><a href='http:\/\/ski.inmontanis.info\/d\/317352-3\/DSC04018.jpg'><img src=http:\/\/ski.inmontanis.info\/d\/317351-4\/DSC04018.jpg \/><\/a><br \/>\n^ Geschlossene Abfahrt 13, coole, steile Gratabfahrt<\/p>\n<p><a href='http:\/\/ski.inmontanis.info\/d\/317356-3\/DSC04019.jpg'><img src=http:\/\/ski.inmontanis.info\/d\/317355-4\/DSC04019.jpg \/><\/a><br \/>\n^ Pano richtung Matrei<\/p>\n<p><a href='http:\/\/ski.inmontanis.info\/d\/317360-3\/DSC04020.jpg'><img src=http:\/\/ski.inmontanis.info\/d\/317359-4\/DSC04020.jpg \/><\/a><br \/>\n^ Pano richtung Kals<\/p>\n<p><a href='http:\/\/ski.inmontanis.info\/d\/317364-3\/DSC04021.jpg'><img src=http:\/\/ski.inmontanis.info\/d\/317363-4\/DSC04021.jpg \/><\/a><br \/>\n^ Geschlossene Abfahrt 13, coole, steile Gratabfahrt, rechts dann geht die schwarze 13 weiter, geradeaus ginge eine Skiroute<\/p>\n<p><a href='http:\/\/ski.inmontanis.info\/d\/317368-3\/DSC04024.jpg'><img src=http:\/\/ski.inmontanis.info\/d\/317367-4\/DSC04024.jpg \/><\/a><br \/>\n^ Geschlossene Abfahrt 13<\/p>\n<p><a href='http:\/\/ski.inmontanis.info\/d\/317372-3\/DSC04026.jpg'><img src=http:\/\/ski.inmontanis.info\/d\/317371-4\/DSC04026.jpg \/><\/a><br \/>\n^ Abfahrt 13, Schnee war fahrbar, aber eher tief und nass<\/p>\n<p><a href='http:\/\/ski.inmontanis.info\/d\/317376-3\/ge20230329c.jpg'><img src=http:\/\/ski.inmontanis.info\/d\/317375-4\/ge20230329c.jpg \/><\/a><br \/>\n^ GPS-Track 29.3.2023 in Gelb, vorheriger Besuch 13.3.2010 in Orange<\/p>\n<p>Um 14:00 Uhr bin ich mit der 8EUB von der Mittelstation aus ins Tal gefahren, spart man sich diese bl\u00f6de langweilige Skiwegabfahrt mit dem Schiebe-St\u00fcck und dem mittlerweile sicherlich pappigeren Schnee. Wenn&#8217;s nicht gar zu nieseln anf\u00e4ngt und man nass wird. Ich mag ja eigentlich Skiwege, wenn sie sch\u00f6n trassiert sind, man ein Pano hat, oder oder oder, aber die lahme Abfahrt, die zwar noch sch\u00f6n schmal war, war eben trotzdem nix.<\/p>\n<p>Ja, um 14 Uhr hatte ich die Schnauze voll hier. Ich hoffe, ich komm nie wieder auf die Idee, hier Skifahren zu wollen, nur weil es im Saisonpass inkludiert ist. Das ist auch ein Grund, warum ich jetzt in meiner Datenbank anfange, die Skigebiete zu klassifizieren, zu benoten. Das hier bekommt eine 5, St. Jakob gestern eine 4 (4-5), wobei 5 momentan die schlechteste Note ist, 4 steht f\u00fcr &#8220;nur in Ausnahmef\u00e4llen&#8221; und 5 f\u00fcr &#8220;keinesfalls nochmals her&#8221; &#8230; Alternativ zur Note 1-5 gibt&#8217;s allerdings noch ein &#8220;X&#8221; f\u00fcr &#8220;Boykott&#8221; bzw. &#8220;Gesperrt&#8221; und &#8220;L&#8221; f\u00fcr &#8220;LSAP&#8221;.<\/p>\n<p>Diese Benotung m\u00f6chte ich im Sommer m\u00f6glichst f\u00fcr alle Skigebiete durchgehen und in meiner Statistik entsprechend erg\u00e4nzen. Au\u00dferdem m\u00f6cht ich noch Links zu den Berichten in der Statistik hinterlegen und meine alten Berichte online stellen, die auf meinem Blog derzeit fehlen. Genug zu tun &#8230;<\/p>\n<p>Wenn Lienz-Zettersefeld (mit 4 benotet) interessanter w\u00e4r, h\u00e4tte ich da heut Nachmittag noch gehalten, liegt ja fast auf dem Weg nach Heiligenblut. Laut Pistenplan viel zu, aber der SL links oben, der bei meinem heurigen Besuch nicht in Betrieb war, soll heute offen sein? Allerdings nicht die Abfahrten links daneben, sondern nur die etwas hintenraumverlaufende Gratabfahrt, vielleicht eh die netteste am Zettersfeld. Soll ich noch kurz halten und das Risiko eingehen? Ach n\u00f6, wird zeitlich eh zu knapp.<\/p>\n<p>Am \u00fcblichen Campingplatz vor Heiligenblut angekommen, war nur ein Junge da, der aber dann mal kurz via Telefonat alles klar gemacht hatte. Erstaunlicherweise schaut das ohne Schnee hier auch ganz anders aus, insofern dass die Zufahrten zu den Stellplatzen, die im Winter ja teilweise ger\u00e4umt waren, jetzt nicht erkennbar sind, alles eine Wiese, wie die restliche Fl\u00e4che, keine Wege erkennbar. <\/p>\n<p>Warum kann man heutzutage eigntlich nicht gro\u00df drauf schreiben, wenn was scharf ist?? Wer rechnet damit, dass Kartoffel-Spalten, Wedges genannt, mit einer scharfen Panade versehen sind? Ich jedenfalls nicht :( Hab ja keine &#8220;spicy wedges&#8221; oder so gekauft. Ich sollte also in Zukunft von Spar-Wedges die Finger lassen. Und von den Spar Salsiccia auch. Zu wenig Balsamico o.\u00e4. drin, um  italienisch-typisch zu schmecken.<\/p>\n<p>Am n\u00e4chsten Tag musste ich mal beides getrennt probieren, ja es waren die Wedges, nicht die Salsicce, die so scharf waren :( Warum? Was soll der Schei\u00df? Warum kann man da nicht &#8220;spicy&#8221; oder &#8220;scharf&#8221; drauf schreiben?  Soll ich jetzt jede einzelne Kartoffelspalte von der scharfen Panade &#8220;absch\u00e4len&#8221;? Ja, die d\u00fcnnsten hab ich dann entsorgt, die dickeren hab ich an zumindest 2 von den 3 Seiten &#8220;gesch\u00e4lt&#8221;. War trotzdem noch scharf genug.<\/p>\n<p>Ebenfalls am n\u00e4chsten Tag erfahren, dass die Betreiberin vom Campingplatz mit ihrer Schwester morgen bis ca. Ostern nach D\u00e4nemark f\u00e4hrt. Ich k\u00f6nnte aber trotzdem ggf. n\u00e4chste Woche wieder kommen und solle dann am Schluss bei den Kindern zahlen.<\/p>\n<p>Als kleiner Spoiler vorab: Dass ich nach Heiligenblut gefahren bin, war Goldried \u00e4h goldrichtig. Das Skigebiet bekommt nun endg\u00fcltig die Note &#8220;1&#8221;, wohl momentan das sch\u00f6nste Skigebiet in \u00d6sterreich f\u00fcr mich, hier halte ich es wirklich problemlos mehrere Tage aus, vielleicht w\u00fcrd ich&#8217;s sogar wochenlang hier aushalten. <\/p>\n<p>Um auf das vorher angesprochene &#8220;Quantit\u00e4t vs. Qualit\u00e4t&#8221; zur\u00fcckzukommen: Quantit\u00e4t ohne Qualit\u00e4t (&#8220;Hauptsache jeden Tag 2-3h Skifahren, egal wo&#8221;) macht mich also nicht gl\u00fccklich, eine gewisse Qualit\u00e4t braucht&#8217;s eben doch. Und zumindest momentan bedeutet f\u00fcr mich &#8220;Qualit\u00e4t&#8221; eben &#8220;auch mindestens einen coolen Schlepplift&#8221; zu haben, nicht zu viel KSBen, wenn, dann maximal 4er KSBen, lieber DSBen, Gondelbahnen sind auch ok. 2 Stunden an einem 1km langen Einzelschlepper, wenn die Trasse oder Abfahrten passen, k\u00f6nnen sch\u00f6ner sein als 6h in einem Skigebiet wie Kals-Matrei.<\/p>\n<p>Was mir mittlerweile tats\u00e4chlich weniger wichtig geworden ist, ist das Panorama. War ich vor ein paar Jahren der Meinung, dass ein Blick \u00fcber die Po-Ebene oder auf das Meer jegliches M\u00fcllskigebiet vergoldet, ist das Panorama nur noch f\u00fcr ein paar Fahrten, f\u00fcr 1-2 Stunden, &#8220;geiiiil&#8221; und stumpft dann schnell ab. Liegt vermutlich daran, dass ich in den letzten 2 Jahren so viel unterwegs war.<\/p>\n","protected":false},"excerpt":{"rendered":"<p>Mi, 29.3.2023<\/p>\n<p>Ich frag mich, ob die Verantwortlichen vom Skigebiet Kals-Matrei endlich mal einen auf die Finger bekommen haben wegen ihrer jahrelangen H\u00f6henmeterl\u00fcgerei, die zumindest heuer (oder schon l\u00e4nger?) mal entsch\u00e4rft wurde. So steht auf Bergfex nur noch &#8220;-2403m&#8221; und auch &#8220;Adlerlounge .. auf 2.403m&#8221; &#8211; w\u00e4hrend man ja bis vor kurzem noch mit &#8220;-2.621m&#8221; <a href=\"http:\/\/blog.inmontanis.info\/?p=8723\">[&#8230;]<\/a><\/p>\n","protected":false},"author":1,"featured_media":8727,"comment_status":"closed","ping_status":"closed","sticky":false,"template":"","format":"standard","meta":{"footnotes":""},"categories":[867,13,27],"tags":[56,53,47],"class_list":["post-8723","post","type-post","status-publish","format-standard","has-post-thumbnail","hentry","category-kals-matrei","category-austria","category-skifahren-winterskiing-winter","tag-6sb","tag-8eub","tag-sl","odd"],"_links":{"self":[{"href":"http:\/\/blog.inmontanis.info\/index.php?rest_route=\/wp\/v2\/posts\/8723","targetHints":{"allow":["GET"]}}],"collection":[{"href":"http:\/\/blog.inmontanis.info\/index.php?rest_route=\/wp\/v2\/posts"}],"about":[{"href":"http:\/\/blog.inmontanis.info\/index.php?rest_route=\/wp\/v2\/types\/post"}],"author":[{"embeddable":true,"href":"http:\/\/blog.inmontanis.info\/index.php?rest_route=\/wp\/v2\/users\/1"}],"replies":[{"embeddable":true,"href":"http:\/\/blog.inmontanis.info\/index.php?rest_route=%2Fwp%2Fv2%2Fcomments&post=8723"}],"version-history":[{"count":10,"href":"http:\/\/blog.inmontanis.info\/index.php?rest_route=\/wp\/v2\/posts\/8723\/revisions"}],"predecessor-version":[{"id":8731,"href":"http:\/\/blog.inmontanis.info\/index.php?rest_route=\/wp\/v2\/posts\/8723\/revisions\/8731"}],"wp:featuredmedia":[{"embeddable":true,"href":"http:\/\/blog.inmontanis.info\/index.php?rest_route=\/wp\/v2\/media\/8727"}],"wp:attachment":[{"href":"http:\/\/blog.inmontanis.info\/index.php?rest_route=%2Fwp%2Fv2%2Fmedia&parent=8723"}],"wp:term":[{"taxonomy":"category","embeddable":true,"href":"http:\/\/blog.inmontanis.info\/index.php?rest_route=%2Fwp%2Fv2%2Fcategories&post=8723"},{"taxonomy":"post_tag","embeddable":true,"href":"http:\/\/blog.inmontanis.info\/index.php?rest_route=%2Fwp%2Fv2%2Ftags&post=8723"}],"curies":[{"name":"wp","href":"https:\/\/api.w.org\/{rel}","templated":true}]}}